{"id":45670,"date":"2026-09-04T11:48:03","date_gmt":"2026-09-04T09:48:03","guid":{"rendered":"https:\/\/www.idiv.de\/two-new-junior-research-groups\/"},"modified":"2026-09-04T11:58:05","modified_gmt":"2026-09-04T09:58:05","slug":"zwei-neue-juniorforschungsgruppen","status":"publish","type":"post","link":"https:\/\/www.idiv.de\/de\/zwei-neue-juniorforschungsgruppen\/","title":{"rendered":"Zwei neue Juniorforschungsgruppen erforschen die Zukunft der Biodiversit\u00e4t"},"content":{"rendered":"<div class=\"herosection pb-0 pt-0 no-bg modulclass  advgb-dyn-d41d8cd9\" id=\"\">\n                    <div class=\"swiper1noslider  nooverflow heronews swiper thinslider\" id=\"slide_6a9ad967245b6\">\n        \n                <div class=\"swiper-wrapper\">\n                                            <div class=\"swiper-slide  style_\" aria-hidden=\"true\" >\n                            <div class=\"backstretchwrap\">\n                        \n                            <div datasrc=\"https:\/\/www.idiv.de\/wp-content\/uploads\/2026\/09\/Slider-BirdFutures-BeCon-20260903.jpg\" class=\"backstretchimg responsiv desktop\"><\/div>\n\n                            <a href=\"#\" class=\"cr\"><svg  xmlns=\"http:\/\/www.w3.org\/2000\/svg\" width=\"22\" height=\"22\" viewBox=\"0 0 22 22\">\n                                    <rect id=\"BG\" width=\"22\" height=\"22\" rx=\"11\" fill=\"#fff\"\/>\n                                    <g id=\"Wrapper\" transform=\"translate(-1 -1)\">\n                                        <g id=\"Icon_material-copyright\" data-name=\"Icon material-copyright\">\n                                            <circle id=\"Ellipse_30\" data-name=\"Ellipse 30\" cx=\"8\" cy=\"8\" r=\"8\" transform=\"translate(4 4)\" fill=\"#fff\"\/>\n                                            <path id=\"Icon_material-copyright-2\" data-name=\"Icon material-copyright\" d=\"M9.464,10.088a2.045,2.045,0,0,1,.24-.7,1.4,1.4,0,0,1,.472-.5,1.42,1.42,0,0,1,.728-.184,1.45,1.45,0,0,1,.5.1,1.29,1.29,0,0,1,.416.288,1.54,1.54,0,0,1,.272.424,1.4,1.4,0,0,1,.112.512H13.64a2.864,2.864,0,0,0-.224-1.032,2.4,2.4,0,0,0-.56-.808,2.613,2.613,0,0,0-.864-.528,3.09,3.09,0,0,0-1.112-.184,3.127,3.127,0,0,0-1.36.272,2.751,2.751,0,0,0-.96.736,3.007,3.007,0,0,0-.568,1.088A4.685,4.685,0,0,0,7.8,10.9v.216a4.684,4.684,0,0,0,.184,1.312,2.908,2.908,0,0,0,.568,1.08,2.731,2.731,0,0,0,.96.728,3.246,3.246,0,0,0,1.36.272,3.051,3.051,0,0,0,1.056-.184,2.729,2.729,0,0,0,.864-.5,2.442,2.442,0,0,0,.592-.752,2.153,2.153,0,0,0,.24-.92H12.192a1.139,1.139,0,0,1-.12.464,1.177,1.177,0,0,1-.288.368,1.26,1.26,0,0,1-.416.24,1.589,1.589,0,0,1-.48.08,1.359,1.359,0,0,1-.712-.184,1.4,1.4,0,0,1-.472-.5,2.09,2.09,0,0,1-.24-.7,5.392,5.392,0,0,1-.064-.8V10.9a5.33,5.33,0,0,1,.064-.808ZM11,3a8,8,0,1,0,8,8A8,8,0,0,0,11,3Zm0,14.4A6.4,6.4,0,1,1,17.4,11,6.408,6.408,0,0,1,11,17.4Z\" transform=\"translate(1 1)\" fill=\"#4d4d4d\"\/>\n                                        <\/g>\n                                    <\/g>\n                                <\/svg>\n                                <span>left: Mathias Putze \/ Adobe Stock; right: Dr Erin Wessling<\/span><\/a>                        \n                                                    <\/div>\n                                        <div class=\"sliderinhalt \" role=\"region\" aria-label=\"carousel\">\n\n                                                \n\n                                                <p class=\"big align-center\" >04.09.2026 | iDiv, Medienmitteilung<\/p>                                            <h1 class=\"h1 tcenter\" >Zwei neue Juniorforschungsgruppen erforschen die Zukunft der Biodiversit\u00e4t<\/h1>\n                                                                                                            <\/div>\n                                            <\/div>\n\n                        \n                 <\/div>\n\n                              <\/div>\n<\/div>\n\n<div class=\"textbildrepeater pb-0 pt-0 no-bg modulclass \" id=\"\">\n    <div class=\"container\">\n        <div class=\"row\">\n                                                                <div class=\"pb-0   mod_text  col-md-8 offset-md-2 pos_top\">\n                            <div class=\"textrepeater \" id=\"\">\n    <p><em>Wie werden sich Vogelpopulationen unter ver\u00e4nderten Klima- und Landnutzungsbedingungen entwickeln? Und welche Rolle spielen Verhalten und Kultur von Menschenaffen f\u00fcr den Schutz der biologischen Vielfalt? Mit \u201eBirdFutures\u201c und \u201eTierverhalten und Naturschutz\u201c starten gleich zwei neue Juniorforschungsgruppen am Deutschen Zentrum f\u00fcr integrative Biodiversit\u00e4tsforschung (iDiv). Sie erforschen unterschiedliche Dimensionen des Biodiversit\u00e4tswandels und des Naturschutzes.<\/em><\/p>\n<p>Der Verlust der biologischen Vielfalt stellt Wissenschaft, Politik und Naturschutz vor komplexe Herausforderungen. Um Optionen f\u00fcr wirksame Schutzma\u00dfnahmen zu entwickeln, m\u00fcssen Forschende nicht nur Ver\u00e4nderungen von Arten und Populationen erfassen, sondern auch besser verstehen, welche Folgen menschliche Eingriffe und Umweltver\u00e4nderungen haben k\u00f6nnen. Zwei neue Juniorforschungsgruppen bei iDiv widmen sich diesen Herausforderungen aus unterschiedlichen Perspektiven.<\/p>\n<\/div>\n                            <\/div>\n                                                                    <div class=\"pb-0   mod_bild  col-md-2 offset-md-2 pos_top\">\n                            <div class=\"bildrepeater \" id=\"\">\n    <div class=\"relativ\"><img decoding=\"async\" class=\"responsiv desktop\" src=\"https:\/\/www.idiv.de\/wp-content\/uploads\/2026\/07\/Tatiane-Micheletti-1x1-1-e1783003523150.jpg\" height=\"\" width=\"\" alt=\"idiv-Tatiana Micheletti\"\/><img decoding=\"async\" class=\"responsiv mobile\" src=\"https:\/\/www.idiv.de\/wp-content\/uploads\/2026\/07\/Tatiane-Micheletti-1x1-1-e1783003523150.jpg\" height=\"\" width=\"\" alt=\"idiv-Tatiana Micheletti\"\/><a href=\"#\" class=\"cr\" role=\"button\">\n<svg  xmlns=\"http:\/\/www.w3.org\/2000\/svg\" width=\"22\" height=\"22\" viewBox=\"0 0 22 22\">\n    <rect id=\"BG\" width=\"22\" height=\"22\" rx=\"11\" fill=\"#fff\"\/>\n    <g id=\"Wrapper\" transform=\"translate(-1 -1)\">\n        <g id=\"Icon_material-copyright\" data-name=\"Icon material-copyright\">\n            <circle id=\"Ellipse_30\" data-name=\"Ellipse 30\" cx=\"8\" cy=\"8\" r=\"8\" transform=\"translate(4 4)\" fill=\"#fff\"\/>\n            <path id=\"Icon_material-copyright-2\" data-name=\"Icon material-copyright\" d=\"M9.464,10.088a2.045,2.045,0,0,1,.24-.7,1.4,1.4,0,0,1,.472-.5,1.42,1.42,0,0,1,.728-.184,1.45,1.45,0,0,1,.5.1,1.29,1.29,0,0,1,.416.288,1.54,1.54,0,0,1,.272.424,1.4,1.4,0,0,1,.112.512H13.64a2.864,2.864,0,0,0-.224-1.032,2.4,2.4,0,0,0-.56-.808,2.613,2.613,0,0,0-.864-.528,3.09,3.09,0,0,0-1.112-.184,3.127,3.127,0,0,0-1.36.272,2.751,2.751,0,0,0-.96.736,3.007,3.007,0,0,0-.568,1.088A4.685,4.685,0,0,0,7.8,10.9v.216a4.684,4.684,0,0,0,.184,1.312,2.908,2.908,0,0,0,.568,1.08,2.731,2.731,0,0,0,.96.728,3.246,3.246,0,0,0,1.36.272,3.051,3.051,0,0,0,1.056-.184,2.729,2.729,0,0,0,.864-.5,2.442,2.442,0,0,0,.592-.752,2.153,2.153,0,0,0,.24-.92H12.192a1.139,1.139,0,0,1-.12.464,1.177,1.177,0,0,1-.288.368,1.26,1.26,0,0,1-.416.24,1.589,1.589,0,0,1-.48.08,1.359,1.359,0,0,1-.712-.184,1.4,1.4,0,0,1-.472-.5,2.09,2.09,0,0,1-.24-.7,5.392,5.392,0,0,1-.064-.8V10.9a5.33,5.33,0,0,1,.064-.808ZM11,3a8,8,0,1,0,8,8A8,8,0,0,0,11,3Zm0,14.4A6.4,6.4,0,1,1,17.4,11,6.408,6.408,0,0,1,11,17.4Z\" transform=\"translate(1 1)\" fill=\"#4d4d4d\"\/>\n        <\/g>\n    <\/g>\n<\/svg>\n<span>private<\/span><\/a><\/div><\/div>\n                            <\/div>\n                                                                    <div class=\"pb-0   mod_text  col-md-6 offset-md-0 pos_top\">\n                            <div class=\"textrepeater \" id=\"\">\n    <p>Die Juniorforschungsgruppe \u201eBirdFutures\u201c unter der Leitung von Dr. Tatiane Micheletti, die sowohl am Helmholtz-Zentrum f\u00fcr Umweltforschung (UFZ) als auch bei iDiv forscht, untersucht, wie sich Vogelbest\u00e4nde unter verschiedenen Klima- und Landnutzungsszenarien entwickeln k\u00f6nnten. Die Gruppe ist Teil des Forschungsprojekts <a href=\"https:\/\/www.ufz.de\/index.php?de=36336&amp;webc_pm=35\/2026\" target=\"_blank\" aria-label=\"open in new tab\" rel=\"noopener\">TripleBird<\/a>, das gemeinsam vom Helmholtz-Zentrum f\u00fcr Umweltforschung (UFZ), dem Dachverband Deutscher Avifaunisten (DDA) sowie weiteren Partnern, darunter iDiv und die Universit\u00e4t Potsdam, umgesetzt wird.<\/p>\n<\/div>\n                            <\/div>\n                                                                    <div class=\"pb-0   mod_textheadlinebtn  col-md-8 offset-md-2 pos_top\">\n                            <div class=\"textrepeater \" id=\"\">\n\n\n    <h3 class=\"h3 tleft\" >Mit Szenarien in die Zukunft der Vogelwelt blicken<\/h3>\n    <div class=\"contentrepeater\">\n        <p>V\u00f6gel geh\u00f6ren zu den am besten dokumentierten Tiergruppen. F\u00fcr viele Arten liegen langfristige Daten zu ihren Best\u00e4nden, Verbreitungsgebieten und \u00f6kologischen Merkmalen vor. TripleBird f\u00fchrt diese Daten mit Klima-, Umwelt- und Landnutzungsdaten zusammen, um Ver\u00e4nderungen der Biodiversit\u00e4t r\u00e4umlich und zeitlich besser zu erfassen und zu bewerten und Anwendungen f\u00fcr verschiedene gesellschaftliche Bereiche zu entwickeln.<\/p>\n<p>BirdFutures soll daf\u00fcr Szenarien entwickeln, mit denen sich untersuchen l\u00e4sst, wie sich verschiedene Ma\u00dfnahmen auf Vogelbest\u00e4nde auswirken, und so zu informierten politischen Entscheidungen in diesem Bereich beitragen. So k\u00f6nnen beispielsweise Ver\u00e4nderungen der Landnutzung und des Klimas durchgespielt werden. Welche Folgen h\u00e4tte eine Extensivierung von Agrarfl\u00e4chen? Wie w\u00fcrden sich mehr Brachen oder Heckenstrukturen auf Vogelarten auswirken?<\/p>\n<p>Die Modelle sollen dabei helfen, die m\u00f6glichen Auswirkungen verschiedener Ma\u00dfnahmen und Managementstrategien auf die Biodiversit\u00e4t zu vergleichen und zu bewerten. Damit k\u00f6nnten sie k\u00fcnftig eine Grundlage f\u00fcr Entscheidungen im Naturschutz, in Beh\u00f6rden und der Politik bilden.<\/p>\n<p>\u201eF\u00fcr mich ist Naturschutzforschung dann am st\u00e4rksten, wenn sie nicht nur die Vergangenheit beschreibt, sondern auch bei der Gestaltung der Zukunft hilft. Wir haben Zugriff auf unglaubliche Langzeit-Monitoringdaten zu V\u00f6geln, aber diese Daten sind oft nicht mit den Entscheidungen verkn\u00fcpft, die tagt\u00e4glich von Politik und Beh\u00f6rden getroffen werden\u201c, sagt Tatiane Micheletti. \u201eMir liegt es sehr am Herzen, genau diese L\u00fccke zu schlie\u00dfen. Mit BirdFutures nutzen wir \u00f6kologische Modelle, um komplexe Daten in klare, evidenzbasierte Szenarien zu \u00fcbersetzen. Diese zeigen, welche Folgen Ma\u00dfnahmen haben k\u00f6nnten, bevor sie in umgesetzt werden. Statt zur\u00fcckzuschauen wollen wir vorausschauen.\u201c<\/p>\n    <\/div>\n\n\n    <\/div>\n                            <\/div>\n                                                                    <div class=\"pb-0   mod_textheadlinebtn  col-md-8 offset-md-2 pos_top\">\n                            <div class=\"textrepeater \" id=\"\">\n\n\n    <h3 class=\"h3 tleft\" >Tierverhalten als Dimension der Biodiversit\u00e4t<\/h3>\n    <div class=\"contentrepeater\">\n            <\/div>\n\n\n    <\/div>\n                            <\/div>\n                                                                    <div class=\"pb-0   mod_bild  col-md-2 offset-md-2 pos_top\">\n                            <div class=\"bildrepeater \" id=\"\">\n    <div class=\"relativ\"><img decoding=\"async\" class=\"responsiv desktop\" src=\"https:\/\/www.idiv.de\/wp-content\/uploads\/2026\/09\/Wessling_Karen-Tilch-DPZ-scaled.jpg\" height=\"\" width=\"\" alt=\"idiv-Erin Wessling\"\/><img decoding=\"async\" class=\"responsiv mobile\" src=\"https:\/\/www.idiv.de\/wp-content\/uploads\/2026\/09\/Wessling_Karen-Tilch-DPZ-scaled.jpg\" height=\"\" width=\"\" alt=\"idiv-Erin Wessling\"\/><a href=\"#\" class=\"cr\" role=\"button\">\n<svg  xmlns=\"http:\/\/www.w3.org\/2000\/svg\" width=\"22\" height=\"22\" viewBox=\"0 0 22 22\">\n    <rect id=\"BG\" width=\"22\" height=\"22\" rx=\"11\" fill=\"#fff\"\/>\n    <g id=\"Wrapper\" transform=\"translate(-1 -1)\">\n        <g id=\"Icon_material-copyright\" data-name=\"Icon material-copyright\">\n            <circle id=\"Ellipse_30\" data-name=\"Ellipse 30\" cx=\"8\" cy=\"8\" r=\"8\" transform=\"translate(4 4)\" fill=\"#fff\"\/>\n            <path id=\"Icon_material-copyright-2\" data-name=\"Icon material-copyright\" d=\"M9.464,10.088a2.045,2.045,0,0,1,.24-.7,1.4,1.4,0,0,1,.472-.5,1.42,1.42,0,0,1,.728-.184,1.45,1.45,0,0,1,.5.1,1.29,1.29,0,0,1,.416.288,1.54,1.54,0,0,1,.272.424,1.4,1.4,0,0,1,.112.512H13.64a2.864,2.864,0,0,0-.224-1.032,2.4,2.4,0,0,0-.56-.808,2.613,2.613,0,0,0-.864-.528,3.09,3.09,0,0,0-1.112-.184,3.127,3.127,0,0,0-1.36.272,2.751,2.751,0,0,0-.96.736,3.007,3.007,0,0,0-.568,1.088A4.685,4.685,0,0,0,7.8,10.9v.216a4.684,4.684,0,0,0,.184,1.312,2.908,2.908,0,0,0,.568,1.08,2.731,2.731,0,0,0,.96.728,3.246,3.246,0,0,0,1.36.272,3.051,3.051,0,0,0,1.056-.184,2.729,2.729,0,0,0,.864-.5,2.442,2.442,0,0,0,.592-.752,2.153,2.153,0,0,0,.24-.92H12.192a1.139,1.139,0,0,1-.12.464,1.177,1.177,0,0,1-.288.368,1.26,1.26,0,0,1-.416.24,1.589,1.589,0,0,1-.48.08,1.359,1.359,0,0,1-.712-.184,1.4,1.4,0,0,1-.472-.5,2.09,2.09,0,0,1-.24-.7,5.392,5.392,0,0,1-.064-.8V10.9a5.33,5.33,0,0,1,.064-.808ZM11,3a8,8,0,1,0,8,8A8,8,0,0,0,11,3Zm0,14.4A6.4,6.4,0,1,1,17.4,11,6.408,6.408,0,0,1,11,17.4Z\" transform=\"translate(1 1)\" fill=\"#4d4d4d\"\/>\n        <\/g>\n    <\/g>\n<\/svg>\n<span>Karen Tilch \/ DPZ<\/span><\/a><\/div><\/div>\n                            <\/div>\n                                                                    <div class=\"pb-0   mod_text  col-md-6 offset-md-0 pos_top\">\n                            <div class=\"textrepeater \" id=\"\">\n    <p>Einen anderen, bislang im Naturschutz weniger stark ber\u00fccksichtigten Aspekt der biologischen Vielfalt untersucht die neue Juniorforschungsgruppe \u201eTierverhalten und Naturschutz\u201c unter der Leitung von Dr. Erin Wessling, die am Max-Planck-Institut f\u00fcr evolution\u00e4re Anthropologie und bei iDiv forscht. Im Mittelpunkt steht die Frage, wie Verhalten und Kultur von Tieren zur Biodiversit\u00e4t und der Lebensdauer von Arten beitragen und wie diese Aspekte st\u00e4rker in Naturschutzplanung und -praxis einbezogen werden k\u00f6nnen.<\/p>\n<\/div>\n                            <\/div>\n                                                                    <div class=\"pb-0   mod_text  col-md-8 offset-md-2 pos_top\">\n                            <div class=\"textrepeater \" id=\"\">\n    <p>Die Gruppe betrachtet Verhalten und Verhaltensflexibilit\u00e4t als Anpassungen und damit als Dimensionen der Biodiversit\u00e4t. Ein besonderes Augenmerk liegt auf dem Verhalten und der Kultur von Menschenaffen, vor allem Schimpansen und Bonobos.<\/p>\n<p>Ziel ist es, Verhalten und Kultur von Tieren dort, wo es f\u00fcr den Schutz relevant ist, systematischer zu erfassen und in praktische Entscheidungen einzubeziehen. Dazu arbeitet die Forschungsgruppe eng mit Akteurinnen und Akteuren aus dem Naturschutz zusammen. Untersucht wird unter anderem, wie Verhaltensdaten in die r\u00e4umliche Planung integriert, Tierkulturen in das Biodiversit\u00e4tsmonitoring einbezogen und verschiedene Managementoptionen bewertet werden k\u00f6nnen.<\/p>\n<p>Ein konkretes Beispiel: In einem Schutzgebiet stellen Verantwortliche m\u00f6glicherweise fest, dass die dort lebenden Schimpansen ein seltenes Verhalten zeigen, das bislang nirgendwo sonst beobachtet wurde. Dieses Verhalten k\u00f6nnte als sch\u00fctzenswert angesehen werden \u2013 doch wie l\u00e4sst es sich konkret bewahren? Reicht es aus, die Schimpansen und ihren Lebensraum zu sch\u00fctzen, oder sind weitere Ma\u00dfnahmen erforderlich, um das Verhalten selbst zu erhalten? Und wie l\u00e4sst sich beobachten, wo es im Schutzgebiet auftritt und wie es sich im Laufe der Zeit ver\u00e4ndert? Mit solchen Fragen besch\u00e4ftigt sich die Forschungsgruppe.<\/p>\n<p>Langfristige Forschungsplattformen, darunter Projekte zur Verhaltens\u00f6kologie von Bonobos im Kongobecken (<a href=\"https:\/\/bondiv.org\/\" target=\"_blank\" aria-label=\"open in new tab\" rel=\"noopener\">BonDiv<\/a>) und westlichen Schimpansen in einer Savannen-Mosaiklandschaft (<a href=\"http:\/\/mbchimp.com\/\" target=\"_blank\" aria-label=\"open in new tab\" rel=\"noopener\">Moyen-Bafing Chimpanzee Project<\/a>), bieten der Gruppe unterschiedliche Systeme, um diese Fragen zu untersuchen und praxisorientierte Ans\u00e4tze zu erproben.<\/p>\n<p>\u201eWir setzen uns seit einigen Jahren daf\u00fcr ein, dass Verhaltensweisen als Bestandteil der biologischen Vielfalt sowie f\u00fcr die Widerstandsf\u00e4higkeit und Anpassungsf\u00e4higkeit von Arten ber\u00fccksichtigt werden. Und allm\u00e4hlich finden Verhalten und verschiedene Ma\u00dfst\u00e4be zunehmend Anerkennung \u2013 auch auf globaler Ebene im Naturschutz, beispielsweise innerhalb der IUCN. Es gibt zahlreiche praktische und empirische Beispiele daf\u00fcr, dass dies f\u00fcr einen erfolgreichen Naturschutz zentral ist, doch bislang wurden Verhaltensweisen \u2013 insbesondere kulturelle Aspekte \u2013 im angewandten Naturschutz relativ wenig beachtet,\u201d sagt Erin Wessling. \u201eNun beginnt also die eigentliche Arbeit, herauszufinden, wie sich dieses Anliegen konkret im Naturschutz umsetzen l\u00e4sst.\u201d<\/p>\n<\/div>\n                            <\/div>\n                                                                    <div class=\"pb-0   mod_textheadlinebtn  col-md-8 offset-md-2 pos_top\">\n                            <div class=\"textrepeater \" id=\"\">\n\n\n    <h3 class=\"h3 tleft\" >Neue Perspektiven auf Biodiversit\u00e4t und Naturschutz<\/h3>\n    <div class=\"contentrepeater\">\n        <p>Die beiden neuen Juniorforschungsgruppen erweitern die Forschung bei iDiv um unterschiedliche Perspektiven auf die Zukunft der Biodiversit\u00e4t. Gemeinsam ist beiden Forschungsgruppen das Ziel, neue wissenschaftliche Erkenntnisse f\u00fcr praktische Entscheidungen und einen wirksamen Schutz der biologischen Vielfalt nutzbar zu machen.<\/p>\n<p>\u201eMit\u00a0Tatiane Micheletti\u00a0und\u00a0Erin Wessling\u00a0haben wir\u00a0f\u00fcr iDiv\u00a0zwei exzellente Forscherinnen gewinnen k\u00f6nnen, die die Zukunft der integrativen Biodiversit\u00e4tsforschung mitpr\u00e4gen werden. Ihre Juniorforschungsgruppen erg\u00e4nzen iDivs Profil der integrativen Biodiversit\u00e4tsforschung und dienen unserer Mission, die wissenschaftlichen Grundlagen f\u00fcr den Schutz und die nachhaltige Nutzung unserer Biodiversit\u00e4t zu legen\u201c, sagt Prof. Dr. Martin Quaas, Wissenschaftlicher Gesch\u00e4ftsf\u00fchrer von iDiv.<\/p>\n    <\/div>\n\n\n    <\/div>\n                            <\/div>\n                                                                    <div class=\"pb-0   mod_textheadlinebtn  col-md-8 offset-md-2 pos_top\">\n                            <div class=\"textrepeater \" id=\"\">\n\n\n    <h2 class=\"h2 tleft\" >Ansprechpersonen<\/h2>\n    <div class=\"contentrepeater\">\n        <p><strong>Dr. Tatiane Micheletti<\/strong><br \/>\nJuniorforschungsgruppe <a href=\"https:\/\/www.idiv.de\/de\/forschung\/juniorforschungsgruppen\/birdfutures\/\">BirdFutures<\/a><br \/>\nHelmholtz-Zentrum f\u00fcr Umweltforschung \u2013 UFZ<br \/>\nDeutsches Zentrum f\u00fcr integrative Biodiversit\u00e4tsforschung Halle-Jena-Leipzig \u2013 iDiv<br \/>\nTelefon: <a class=\"text-decoration-none\" href=\"tel:+49 341 9733238\">+49 341 9733238<\/a><br \/>\nE-Mail: <a class=\"text-decoration-none\" href=\"m&#97;&#105;&#x6c;&#x74;o&#58;&#116;&#x61;&#x74;&#x69;a&#110;&#101;&#x2e;&#x6d;ic&#104;&#x65;&#x6c;&#x65;t&#116;&#105;&#x40;&#x69;di&#118;&#x2e;&#x64;&#x65;\">&#x74;&#x61;&#x74;&#x69;&#x61;&#x6e;&#x65;&#46;&#109;&#105;&#99;&#104;elet&#x74;&#x69;&#x40;&#x69;&#x64;&#x69;&#x76;&#x2e;&#100;&#101;<\/a><\/p>\n<p><strong>Dr. Erin Wessling<\/strong><br \/>\nJuniorforschungsgruppe <a href=\"https:\/\/www.idiv.de\/de\/forschung\/juniorforschungsgruppen\/tierverhalten-und-naturschutz\/\">Tierverhalten und Naturschutz<\/a><br \/>\nMax-Planck-Institut f\u00fcr evolution\u00e4re Anthropologie<br \/>\nDeutsches Zentrum f\u00fcr integrative Biodiversit\u00e4tsforschung Halle-Jena-Leipzig \u2013 iDiv<br \/>\nE-Mail: <a class=\"text-decoration-none\" href=\"&#109;&#x61;&#105;&#x6c;&#116;&#x6f;:&#x65;r&#105;&#x6e;&#46;&#x77;&#101;&#x73;s&#x6c;i&#110;&#x67;&#64;&#x69;&#100;&#x69;&#118;&#x2e;d&#x65;\">e&#114;&#x69;&#x6e;&#x2e;w&#101;&#115;&#x73;&#x6c;i&#110;&#103;&#x40;&#x69;di&#118;&#x2e;&#x64;&#x65;<\/a><\/p>\n<p><strong>Kati Kietzmann<br \/>\n<\/strong>Public Relations<br \/>\nDeutsches Zentrum f\u00fcr integrative Biodiversit\u00e4tsforschung Halle-Jena-Leipzig \u2013 iDiv<br \/>\nTelefon: +49 341 97 39222<br \/>\nE-Mail: <a href=\"&#109;a&#105;l&#116;o&#x3a;k&#x61;t&#x69;&#46;&#x6b;i&#x65;t&#x7a;m&#x61;n&#x6e;&#64;&#x69;d&#x69;&#118;&#x2e;&#100;&#x65;\">&#x6b;&#x61;&#116;&#105;&#46;k&#x69;&#x65;&#x74;&#122;ma&#x6e;&#x6e;&#x40;&#105;&#100;i&#x76;&#x2e;&#x64;&#101;<\/a><\/p>\n    <\/div>\n\n\n    <\/div>\n                            <\/div>\n                                                                    <div class=\"pb-0   mod_textheadlinebtn  col-md-8 offset-md-2 pos_top\">\n                            <div class=\"textrepeater \" id=\"\">\n\n\n    <h2 class=\"h2 tleft\" >Weiterf\u00fchrende Links<\/h2>\n    <div class=\"contentrepeater\">\n        <p><a href=\"https:\/\/www.idiv.de\/de\/forschung\/juniorforschungsgruppen\/\">iDiv-Junior-Forschungsgruppen<\/a><\/p>\n<p>Press Release: <a href=\"https:\/\/www.ufz.de\/index.php?de=36336&amp;webc_pm=35\/2026\" target=\"_blank\" aria-label=\"open in new tab\" rel=\"noopener\">Biodiversit\u00e4t messbar machen \u2013 UFZ startet Forschungsprojekt &#8222;TripleBird&#8220;<\/a><\/p>\n<p><a href=\"https:\/\/iucn.org\/our-union\/commissions\/group\/iucn-ceesp-ssc-conservation-animal-cultures-inter-commission\" target=\"_blank\" aria-label=\"open in new tab\" rel=\"noopener\">IUCN Task Force CEESP SSC<\/a><\/p>\n    <\/div>\n\n\n    <\/div>\n                            <\/div>\n                        <\/div>\n    <\/div>\n<\/div>","protected":false},"excerpt":{"rendered":"","protected":false},"author":5,"featured_media":0,"comment_status":"closed","ping_status":"closed","sticky":false,"template":"","format":"standard","meta":{"_acf_changed":false,"advgb_blocks_editor_width":"","advgb_blocks_columns_visual_guide":"","footnotes":"","_links_to":"","_links_to_target":""},"categories":[28,29],"tags":[],"class_list":["post-45670","post","type-post","status-publish","format-standard","hentry","category-idiv-de","category-medienmitteilung"],"acf":{"thumb":45640,"thumbmobile":"","copyright":"","breadcrumb":true},"yoast_head":"<!-- This site is optimized with the Yoast SEO plugin v28.3 - https:\/\/yoast.com\/product\/yoast-seo-wordpress\/ -->\n<title>Zwei neue Juniorforschungsgruppen erforschen die Zukunft der Biodiversit\u00e4t | iDiv<\/title>\n<meta name=\"robots\" content=\"index, follow, max-snippet:-1, max-image-preview:large, max-video-preview:-1\" \/>\n<link rel=\"canonical\" href=\"https:\/\/www.idiv.de\/de\/zwei-neue-juniorforschungsgruppen\/\" \/>\n<meta property=\"og:locale\" content=\"de_DE\" \/>\n<meta property=\"og:type\" content=\"article\" \/>\n<meta property=\"og:title\" content=\"Two new junior research groups explore the future of biodiversity\" \/>\n<meta property=\"og:url\" content=\"https:\/\/www.idiv.de\/de\/zwei-neue-juniorforschungsgruppen\/\" \/>\n<meta property=\"og:site_name\" content=\"iDiv\" \/>\n<meta property=\"article:published_time\" content=\"2026-09-04T09:48:03+00:00\" \/>\n<meta property=\"article:modified_time\" content=\"2026-09-04T09:58:05+00:00\" \/>\n<meta property=\"og:image\" content=\"https:\/\/www.idiv.de\/wp-content\/uploads\/2026\/09\/Slider-BirdFutures-BeCon-20260903.jpg\" \/>\n\t<meta property=\"og:image:width\" content=\"1500\" \/>\n\t<meta property=\"og:image:height\" content=\"600\" \/>\n\t<meta property=\"og:image:type\" content=\"image\/jpeg\" \/>\n<meta name=\"author\" content=\"Kati Kietzmann\" \/>\n<meta name=\"twitter:card\" content=\"summary_large_image\" \/>\n<meta name=\"twitter:title\" content=\"Two new junior research groups explore the future of biodiversity\" \/>\n<meta name=\"twitter:image\" content=\"https:\/\/www.idiv.de\/wp-content\/uploads\/2026\/09\/Slider-BirdFutures-BeCon-20260903.jpg\" \/>\n<meta name=\"twitter:creator\" content=\"@idiv\" \/>\n<meta name=\"twitter:site\" content=\"@idiv\" \/>\n<script type=\"application\/ld+json\" class=\"yoast-schema-graph\">{\"@context\":\"https:\\\/\\\/schema.org\",\"@graph\":[{\"@type\":\"Article\",\"@id\":\"https:\\\/\\\/www.idiv.de\\\/de\\\/zwei-neue-juniorforschungsgruppen\\\/#article\",\"isPartOf\":{\"@id\":\"https:\\\/\\\/www.idiv.de\\\/de\\\/zwei-neue-juniorforschungsgruppen\\\/\"},\"author\":{\"name\":\"Kati Kietzmann\",\"@id\":\"https:\\\/\\\/www.idiv.de\\\/de\\\/#\\\/schema\\\/person\\\/a266ba5c7f3c85fc90a3c1aa77a9c1e6\"},\"headline\":\"Zwei neue Juniorforschungsgruppen erforschen die Zukunft der Biodiversit\u00e4t\",\"datePublished\":\"2026-09-04T09:48:03+00:00\",\"dateModified\":\"2026-09-04T09:58:05+00:00\",\"mainEntityOfPage\":{\"@id\":\"https:\\\/\\\/www.idiv.de\\\/de\\\/zwei-neue-juniorforschungsgruppen\\\/\"},\"wordCount\":9,\"publisher\":{\"@id\":\"https:\\\/\\\/www.idiv.de\\\/de\\\/#organization\"},\"articleSection\":[\"iDiv\",\"Medienmitteilung\"],\"inLanguage\":\"de\"},{\"@type\":\"WebPage\",\"@id\":\"https:\\\/\\\/www.idiv.de\\\/de\\\/zwei-neue-juniorforschungsgruppen\\\/\",\"url\":\"https:\\\/\\\/www.idiv.de\\\/de\\\/zwei-neue-juniorforschungsgruppen\\\/\",\"name\":\"Zwei neue Juniorforschungsgruppen erforschen die Zukunft der Biodiversit\u00e4t | iDiv\",\"isPartOf\":{\"@id\":\"https:\\\/\\\/www.idiv.de\\\/de\\\/#website\"},\"datePublished\":\"2026-09-04T09:48:03+00:00\",\"dateModified\":\"2026-09-04T09:58:05+00:00\",\"breadcrumb\":{\"@id\":\"https:\\\/\\\/www.idiv.de\\\/de\\\/zwei-neue-juniorforschungsgruppen\\\/#breadcrumb\"},\"inLanguage\":\"de\",\"potentialAction\":[{\"@type\":\"ReadAction\",\"target\":[\"https:\\\/\\\/www.idiv.de\\\/de\\\/zwei-neue-juniorforschungsgruppen\\\/\"]}]},{\"@type\":\"BreadcrumbList\",\"@id\":\"https:\\\/\\\/www.idiv.de\\\/de\\\/zwei-neue-juniorforschungsgruppen\\\/#breadcrumb\",\"itemListElement\":[{\"@type\":\"ListItem\",\"position\":1,\"name\":\"Startseite\",\"item\":\"https:\\\/\\\/www.idiv.de\\\/de\\\/\"},{\"@type\":\"ListItem\",\"position\":2,\"name\":\"Zwei neue Juniorforschungsgruppen erforschen die Zukunft der Biodiversit\u00e4t\"}]},{\"@type\":\"WebSite\",\"@id\":\"https:\\\/\\\/www.idiv.de\\\/de\\\/#website\",\"url\":\"https:\\\/\\\/www.idiv.de\\\/de\\\/\",\"name\":\"iDiv\",\"description\":\"Hotspot in Biodiversity Research\",\"publisher\":{\"@id\":\"https:\\\/\\\/www.idiv.de\\\/de\\\/#organization\"},\"potentialAction\":[{\"@type\":\"SearchAction\",\"target\":{\"@type\":\"EntryPoint\",\"urlTemplate\":\"https:\\\/\\\/www.idiv.de\\\/de\\\/?s={search_term_string}\"},\"query-input\":{\"@type\":\"PropertyValueSpecification\",\"valueRequired\":true,\"valueName\":\"search_term_string\"}}],\"inLanguage\":\"de\"},{\"@type\":\"Organization\",\"@id\":\"https:\\\/\\\/www.idiv.de\\\/de\\\/#organization\",\"name\":\"idiv\",\"url\":\"https:\\\/\\\/www.idiv.de\\\/de\\\/\",\"logo\":{\"@type\":\"ImageObject\",\"inLanguage\":\"de\",\"@id\":\"https:\\\/\\\/www.idiv.de\\\/de\\\/#\\\/schema\\\/logo\\\/image\\\/\",\"url\":\"https:\\\/\\\/www.idiv.de\\\/wp-content\\\/uploads\\\/2024\\\/08\\\/iDiv_Logo_long_v1_EN_black_4c.jpg\",\"contentUrl\":\"https:\\\/\\\/www.idiv.de\\\/wp-content\\\/uploads\\\/2024\\\/08\\\/iDiv_Logo_long_v1_EN_black_4c.jpg\",\"width\":2448,\"height\":674,\"caption\":\"idiv\"},\"image\":{\"@id\":\"https:\\\/\\\/www.idiv.de\\\/de\\\/#\\\/schema\\\/logo\\\/image\\\/\"},\"sameAs\":[\"https:\\\/\\\/x.com\\\/idiv\",\"https:\\\/\\\/www.linkedin.com\\\/company\\\/idiv-biodiversity\\\/\",\"https:\\\/\\\/www.youtube.com\\\/idiv-research\"]},{\"@type\":\"Person\",\"@id\":\"https:\\\/\\\/www.idiv.de\\\/de\\\/#\\\/schema\\\/person\\\/a266ba5c7f3c85fc90a3c1aa77a9c1e6\",\"name\":\"Kati Kietzmann\",\"url\":\"https:\\\/\\\/www.idiv.de\\\/de\\\/author\\\/kati-kietzmann\\\/\"}]}<\/script>\n<!-- \/ Yoast SEO plugin. -->","yoast_head_json":{"title":"Zwei neue Juniorforschungsgruppen erforschen die Zukunft der Biodiversit\u00e4t | iDiv","robots":{"index":"index","follow":"follow","max-snippet":"max-snippet:-1","max-image-preview":"max-image-preview:large","max-video-preview":"max-video-preview:-1"},"canonical":"https:\/\/www.idiv.de\/de\/zwei-neue-juniorforschungsgruppen\/","og_locale":"de_DE","og_type":"article","og_title":"Two new junior research groups explore the future of biodiversity","og_url":"https:\/\/www.idiv.de\/de\/zwei-neue-juniorforschungsgruppen\/","og_site_name":"iDiv","article_published_time":"2026-09-04T09:48:03+00:00","article_modified_time":"2026-09-04T09:58:05+00:00","og_image":[{"width":1500,"height":600,"url":"https:\/\/www.idiv.de\/wp-content\/uploads\/2026\/09\/Slider-BirdFutures-BeCon-20260903.jpg","type":"image\/jpeg"}],"author":"Kati Kietzmann","twitter_card":"summary_large_image","twitter_title":"Two new junior research groups explore the future of biodiversity","twitter_image":"https:\/\/www.idiv.de\/wp-content\/uploads\/2026\/09\/Slider-BirdFutures-BeCon-20260903.jpg","twitter_creator":"@idiv","twitter_site":"@idiv","schema":{"@context":"https:\/\/schema.org","@graph":[{"@type":"Article","@id":"https:\/\/www.idiv.de\/de\/zwei-neue-juniorforschungsgruppen\/#article","isPartOf":{"@id":"https:\/\/www.idiv.de\/de\/zwei-neue-juniorforschungsgruppen\/"},"author":{"name":"Kati Kietzmann","@id":"https:\/\/www.idiv.de\/de\/#\/schema\/person\/a266ba5c7f3c85fc90a3c1aa77a9c1e6"},"headline":"Zwei neue Juniorforschungsgruppen erforschen die Zukunft der Biodiversit\u00e4t","datePublished":"2026-09-04T09:48:03+00:00","dateModified":"2026-09-04T09:58:05+00:00","mainEntityOfPage":{"@id":"https:\/\/www.idiv.de\/de\/zwei-neue-juniorforschungsgruppen\/"},"wordCount":9,"publisher":{"@id":"https:\/\/www.idiv.de\/de\/#organization"},"articleSection":["iDiv","Medienmitteilung"],"inLanguage":"de"},{"@type":"WebPage","@id":"https:\/\/www.idiv.de\/de\/zwei-neue-juniorforschungsgruppen\/","url":"https:\/\/www.idiv.de\/de\/zwei-neue-juniorforschungsgruppen\/","name":"Zwei neue Juniorforschungsgruppen erforschen die Zukunft der Biodiversit\u00e4t | iDiv","isPartOf":{"@id":"https:\/\/www.idiv.de\/de\/#website"},"datePublished":"2026-09-04T09:48:03+00:00","dateModified":"2026-09-04T09:58:05+00:00","breadcrumb":{"@id":"https:\/\/www.idiv.de\/de\/zwei-neue-juniorforschungsgruppen\/#breadcrumb"},"inLanguage":"de","potentialAction":[{"@type":"ReadAction","target":["https:\/\/www.idiv.de\/de\/zwei-neue-juniorforschungsgruppen\/"]}]},{"@type":"BreadcrumbList","@id":"https:\/\/www.idiv.de\/de\/zwei-neue-juniorforschungsgruppen\/#breadcrumb","itemListElement":[{"@type":"ListItem","position":1,"name":"Startseite","item":"https:\/\/www.idiv.de\/de\/"},{"@type":"ListItem","position":2,"name":"Zwei neue Juniorforschungsgruppen erforschen die Zukunft der Biodiversit\u00e4t"}]},{"@type":"WebSite","@id":"https:\/\/www.idiv.de\/de\/#website","url":"https:\/\/www.idiv.de\/de\/","name":"iDiv","description":"Hotspot in Biodiversity Research","publisher":{"@id":"https:\/\/www.idiv.de\/de\/#organization"},"potentialAction":[{"@type":"SearchAction","target":{"@type":"EntryPoint","urlTemplate":"https:\/\/www.idiv.de\/de\/?s={search_term_string}"},"query-input":{"@type":"PropertyValueSpecification","valueRequired":true,"valueName":"search_term_string"}}],"inLanguage":"de"},{"@type":"Organization","@id":"https:\/\/www.idiv.de\/de\/#organization","name":"idiv","url":"https:\/\/www.idiv.de\/de\/","logo":{"@type":"ImageObject","inLanguage":"de","@id":"https:\/\/www.idiv.de\/de\/#\/schema\/logo\/image\/","url":"https:\/\/www.idiv.de\/wp-content\/uploads\/2024\/08\/iDiv_Logo_long_v1_EN_black_4c.jpg","contentUrl":"https:\/\/www.idiv.de\/wp-content\/uploads\/2024\/08\/iDiv_Logo_long_v1_EN_black_4c.jpg","width":2448,"height":674,"caption":"idiv"},"image":{"@id":"https:\/\/www.idiv.de\/de\/#\/schema\/logo\/image\/"},"sameAs":["https:\/\/x.com\/idiv","https:\/\/www.linkedin.com\/company\/idiv-biodiversity\/","https:\/\/www.youtube.com\/idiv-research"]},{"@type":"Person","@id":"https:\/\/www.idiv.de\/de\/#\/schema\/person\/a266ba5c7f3c85fc90a3c1aa77a9c1e6","name":"Kati Kietzmann","url":"https:\/\/www.idiv.de\/de\/author\/kati-kietzmann\/"}]}},"author_meta":{"display_name":"Kati Kietzmann","author_link":"https:\/\/www.idiv.de\/de\/author\/kati-kietzmann\/"},"featured_img":null,"coauthors":[],"tax_additional":{"categories":{"linked":["<a href=\"https:\/\/www.idiv.de\/de\/kategorie\/idiv-de\/\" class=\"advgb-post-tax-term\">iDiv<\/a>","<a href=\"https:\/\/www.idiv.de\/de\/kategorie\/medienmitteilung\/\" class=\"advgb-post-tax-term\">Medienmitteilung<\/a>"],"unlinked":["<span class=\"advgb-post-tax-term\">iDiv<\/span>","<span class=\"advgb-post-tax-term\">Medienmitteilung<\/span>"]}},"comment_count":0,"relative_dates":{"created":"Ver\u00f6ffentlicht 3\u00a0Stunden vor","modified":"Aktualisiert 3\u00a0Stunden vor"},"absolute_dates":{"created":"Ver\u00f6ffentlicht am 4. September 2026","modified":"Aktualisiert am 4. September 2026"},"absolute_dates_time":{"created":"Ver\u00f6ffentlicht am 4. September 2026 11:48","modified":"Aktualisiert am 4. September 2026 11:58"},"featured_img_caption":"","series_order":"","_links":{"self":[{"href":"https:\/\/www.idiv.de\/de\/wp-json\/wp\/v2\/posts\/45670","targetHints":{"allow":["GET"]}}],"collection":[{"href":"https:\/\/www.idiv.de\/de\/wp-json\/wp\/v2\/posts"}],"about":[{"href":"https:\/\/www.idiv.de\/de\/wp-json\/wp\/v2\/types\/post"}],"author":[{"embeddable":true,"href":"https:\/\/www.idiv.de\/de\/wp-json\/wp\/v2\/users\/5"}],"replies":[{"embeddable":true,"href":"https:\/\/www.idiv.de\/de\/wp-json\/wp\/v2\/comments?post=45670"}],"version-history":[{"count":3,"href":"https:\/\/www.idiv.de\/de\/wp-json\/wp\/v2\/posts\/45670\/revisions"}],"predecessor-version":[{"id":45674,"href":"https:\/\/www.idiv.de\/de\/wp-json\/wp\/v2\/posts\/45670\/revisions\/45674"}],"wp:attachment":[{"href":"https:\/\/www.idiv.de\/de\/wp-json\/wp\/v2\/media?parent=45670"}],"wp:term":[{"taxonomy":"category","embeddable":true,"href":"https:\/\/www.idiv.de\/de\/wp-json\/wp\/v2\/categories?post=45670"},{"taxonomy":"post_tag","embeddable":true,"href":"https:\/\/www.idiv.de\/de\/wp-json\/wp\/v2\/tags?post=45670"}],"curies":[{"name":"wp","href":"https:\/\/api.w.org\/{rel}","templated":true}]}}