{"id":40828,"date":"2026-03-17T13:49:55","date_gmt":"2026-03-17T12:49:55","guid":{"rendered":"https:\/\/www.idiv.de\/?p=40828"},"modified":"2026-03-18T07:54:50","modified_gmt":"2026-03-18T06:54:50","slug":"waldtyp-praegt-vogelgemeinschaften-das-ganze-jahr-ueber","status":"publish","type":"post","link":"https:\/\/www.idiv.de\/de\/waldtyp-praegt-vogelgemeinschaften-das-ganze-jahr-ueber\/","title":{"rendered":"Waldtyp pr\u00e4gt Vogelgemeinschaften das ganze Jahr \u00fcber"},"content":{"rendered":"<div class=\"herosection pb-24 pt-0 no-bg modulclass \" id=\"\">\n                    <div class=\"swiper1noslider  nooverflow heronews swiper thinslider\" id=\"slide_69f5e96279826\">\n        \n                <div class=\"swiper-wrapper\">\n                                            <div class=\"swiper-slide  style_\" aria-hidden=\"true\" >\n                            <div class=\"backstretchwrap\">\n                        \n                            <div datasrc=\"https:\/\/www.idiv.de\/wp-content\/uploads\/2026\/03\/2015_Blaumeise_7702_iDiv_SBernhardt_12_5.jpg\" class=\"backstretchimg responsiv desktop\"><\/div>\n\n                            <a href=\"#\" class=\"cr\"><svg  xmlns=\"http:\/\/www.w3.org\/2000\/svg\" width=\"22\" height=\"22\" viewBox=\"0 0 22 22\">\n                                    <rect id=\"BG\" width=\"22\" height=\"22\" rx=\"11\" fill=\"#fff\"\/>\n                                    <g id=\"Wrapper\" transform=\"translate(-1 -1)\">\n                                        <g id=\"Icon_material-copyright\" data-name=\"Icon material-copyright\">\n                                            <circle id=\"Ellipse_30\" data-name=\"Ellipse 30\" cx=\"8\" cy=\"8\" r=\"8\" transform=\"translate(4 4)\" fill=\"#fff\"\/>\n                                            <path id=\"Icon_material-copyright-2\" data-name=\"Icon material-copyright\" d=\"M9.464,10.088a2.045,2.045,0,0,1,.24-.7,1.4,1.4,0,0,1,.472-.5,1.42,1.42,0,0,1,.728-.184,1.45,1.45,0,0,1,.5.1,1.29,1.29,0,0,1,.416.288,1.54,1.54,0,0,1,.272.424,1.4,1.4,0,0,1,.112.512H13.64a2.864,2.864,0,0,0-.224-1.032,2.4,2.4,0,0,0-.56-.808,2.613,2.613,0,0,0-.864-.528,3.09,3.09,0,0,0-1.112-.184,3.127,3.127,0,0,0-1.36.272,2.751,2.751,0,0,0-.96.736,3.007,3.007,0,0,0-.568,1.088A4.685,4.685,0,0,0,7.8,10.9v.216a4.684,4.684,0,0,0,.184,1.312,2.908,2.908,0,0,0,.568,1.08,2.731,2.731,0,0,0,.96.728,3.246,3.246,0,0,0,1.36.272,3.051,3.051,0,0,0,1.056-.184,2.729,2.729,0,0,0,.864-.5,2.442,2.442,0,0,0,.592-.752,2.153,2.153,0,0,0,.24-.92H12.192a1.139,1.139,0,0,1-.12.464,1.177,1.177,0,0,1-.288.368,1.26,1.26,0,0,1-.416.24,1.589,1.589,0,0,1-.48.08,1.359,1.359,0,0,1-.712-.184,1.4,1.4,0,0,1-.472-.5,2.09,2.09,0,0,1-.24-.7,5.392,5.392,0,0,1-.064-.8V10.9a5.33,5.33,0,0,1,.064-.808ZM11,3a8,8,0,1,0,8,8A8,8,0,0,0,11,3Zm0,14.4A6.4,6.4,0,1,1,17.4,11,6.408,6.408,0,0,1,11,17.4Z\" transform=\"translate(1 1)\" fill=\"#4d4d4d\"\/>\n                                        <\/g>\n                                    <\/g>\n                                <\/svg>\n                                <span>Stefan Bernhardt<\/span><\/a>                        \n                                                    <div datasrc=\"https:\/\/www.idiv.de\/wp-content\/uploads\/2026\/03\/2015_Blaumeise_7702_iDiv_SBernhardt_12_5.jpg\" class=\"backstretchimgmobile responsiv mobile\"><\/div>\n                                                    <\/div>\n                                        <div class=\"sliderinhalt \" role=\"region\" aria-label=\"carousel\">\n\n                                                \n\n                                                <p class=\"big align-center\" >17.03.2026 | iDiv-Mitglieder, Medienmitteilung<\/p>                                            <h1 class=\"h1 tcenter\" >Waldtyp pr\u00e4gt Vogelgemeinschaften das ganze Jahr \u00fcber<\/h1>                                                    <p style=\"text-align: center;\">Studie der Universit\u00e4t Jena, des Deutschen Zentrums f\u00fcr integrative Biodiversit\u00e4tsforschung (iDiv) und der Nordwestdeutschen Forstlichen Versuchsanstalt zeigt Potenzial von KI-gest\u00fctztem Vogelmonitoring<\/p>\n<p style=\"text-align: center;\">\n                                                \n                                                                                                            <\/div>\n                                            <\/div>\n\n                        \n                 <\/div>\n\n                              <\/div>\n<\/div>\n\n<div class=\"textbildrepeater pb-24 pt-0 no-bg modulclass \" id=\"\">\n    <div class=\"container\">\n        <div class=\"row\">\n                                                                <div class=\"pb-24   mod_text  col-md-8 offset-md-2 pos_top\">\n                            <div class=\"textrepeater \" id=\"\">\n    <p><strong><em>Basiert auf einer Pressemitteilung der Friedrich-Schiller-Universit\u00e4t Jena<\/em><\/strong><\/p>\n<p>Vogelgemeinschaften in W\u00e4ldern ver\u00e4ndern sich im Laufe des Jahres stark. Dennoch bleiben die Unterschiede zwischen verschiedenen Waldtypen \u00fcber die Jahreszeiten hinweg deutlich erkennbar. Das zeigt eine neue Studie von Forschenden der Friedrich-Schiller-Universit\u00e4t Jena, des Deutschen Zentrums f\u00fcr integrative Biodiversit\u00e4tsforschung (iDiv) und der Nordwestdeutschen Forstlichen Versuchsanstalt. F\u00fcr die Untersuchung nutzte das Forschungsteam akustische Aufnahmen und wertete diese mit Hilfe K\u00fcnstlicher Intelligenz aus. Die Ergebnisse wurden in der Fachzeitschrift <em>Forest Ecology and Management<\/em> ver\u00f6ffentlicht.<\/p>\n<h2><strong>Vogelmonitoring \u00fcber das Fr\u00fchjahr hinaus erweitert<\/strong><\/h2>\n<p>F\u00fcr das klassische Vogelmonitoring begehen Ornithologinnen und Ornithologen Untersuchungsfl\u00e4chen und erfassen die Arten, die sie sehen oder h\u00f6ren. Solche Kartierungen finden in der Regel im Fr\u00fchjahr und meist rund um den Sonnenaufgang statt, wenn viele Arten besonders aktiv singen. \u201eDieses Verfahren liefert jedoch vor allem Einblicke in Vogelgemeinschaften w\u00e4hrend der Brutzeit\u201c, sagt Erstautorin Esther Felgentreff, Wissenschaftlerin an der Universit\u00e4t Jena und bei iDiv. \u201eWaldvogelgemeinschaften in anderen Zeiten des Jahres werden dabei nicht ber\u00fccksichtigt.\u201c<\/p>\n<p>Im Rahmen ihrer Doktorarbeit haben Esther Felgentreff und das Forschungsteam diese Perspektive nun deutlich erweitert. In W\u00e4ldern rund um Jena setzten die Forschenden auf das sogenannte passive akustische Monitoring. Daf\u00fcr brachten sie auf den Untersuchungsfl\u00e4chen kleine Aufnahmeger\u00e4te des Typs \u201eAudioMoth\u201c an, die \u00fcber das Jahr verteilt regelm\u00e4\u00dfig kurze Tonsequenzen aufzeichneten \u2013 rund um die Uhr, viermal j\u00e4hrlich und jeweils \u00fcber einen Zeitraum von 30 Tagen.<\/p>\n<h2><strong>KI wertet gro\u00dfe Mengen an Vogelstimmen aus<\/strong><\/h2>\n<p>Die Auswertung der Tonaufnahmen erfolgte mit BirdNET, einer frei verf\u00fcgbaren, KI-gest\u00fctzten Methode zur Bestimmung von Vogelstimmen. W\u00e4hrend die Anwendung vielen vor allem als App bekannt ist, l\u00e4sst sie sich auch zur automatisierten Analyse gro\u00dfer Datens\u00e4tze nutzen. In der Jenaer Studie wurden die automatisierten Ergebnisse zus\u00e4tzlich stichprobenartig manuell \u00fcberpr\u00fcft: F\u00fcr jede erfasste Art validierte das Forschungsteam bis zu 45 Detektionen. Insgesamt konnten auf diese Weise 58 Vogelarten nachgewiesen werden.<\/p>\n<p>\u201eGerade diese Kombination aus automatisierter Auswertung und fachlicher Kontrolle macht die Methode f\u00fcr die Forschung besonders interessant\u201c, unterstreicht iDiv-Mitglied Prof. Dr. Markus Bernhardt-R\u00f6mermann, der die Doktorarbeit von Esther Felgentreff betreut. \u201eSo lassen sich Vogelgemeinschaften mit vergleichsweise geringem Aufwand \u00fcber l\u00e4ngere Zeitr\u00e4ume und in gr\u00f6\u00dferem Ma\u00dfstab erfassen.\u201c<\/p>\n<h2><strong>Jahreszeiten wirken stark \u2013 Waldtypen bleiben dennoch unterscheidbar<\/strong><\/h2>\n<p>Wie erwartet erwiesen sich die Jahreszeiten als wichtigster Einflussfaktor auf die Zusammensetzung der Vogelgemeinschaften. Das h\u00e4ngt vor allem mit dem Zugverhalten vieler Arten zusammen: Zahlreiche Brutv\u00f6gel verlassen die Region im Herbst und \u00fcberwintern in s\u00fcdlicheren Gebieten, w\u00e4hrend nur ein Teil der Arten ganzj\u00e4hrig vor Ort bleibt.<\/p>\n<p>Innerhalb der einzelnen Jahreszeiten unterschieden sich die Artenzahlen zwischen Laub-, Laubmisch- und Nadelw\u00e4ldern nur gering. Deutlich waren jedoch die Unterschiede in der Artenzusammensetzung. So sind etwa Haubenmeise und Tannenmeise typisch f\u00fcr Nadelw\u00e4lder, w\u00e4hrend H\u00f6hlenbr\u00fcter wie Spechte, Bauml\u00e4ufer oder Kleiber st\u00e4rker auf Laub- und Laubmischw\u00e4lder mit Totholz angewiesen sind.<\/p>\n<p>Die Ergebnisse unterstreichen damit auch die Relevanz von Entscheidungen im Waldmanagement f\u00fcr Vogeldiversit\u00e4t, insbesondere bei der Wahl der Baumarten \u2013 gerade vor dem Hintergrund des aktuellen Waldumbaus. Ein Mosaik unterschiedlicher Waldstrukturen k\u00f6nnte dazu beitragen, eine hohe Vogeldiversit\u00e4t \u00fcber das gesamte Jahr hinweg zu f\u00f6rdern.<\/p>\n<h2><strong>Vielversprechend f\u00fcr Forschung und Naturschutz<\/strong><\/h2>\n<p>Nach Einsch\u00e4tzung der Forschenden zeigt die Studie, dass passives akustisches Monitoring gro\u00dfes Potenzial f\u00fcr die Biodiversit\u00e4tsforschung hat. Besonders vorteilhaft ist das Verh\u00e4ltnis von Aufwand und Nutzen: Artenvorkommen lassen sich standardisiert, wiederholt und \u00fcber gro\u00dfe Zeitr\u00e4ume hinweg erfassen.<\/p>\n<p>Gerade in Zeiten des Wandels der Artenvielfalt und schwindender Artenkenntnis k\u00f6nnten solche Verfahren dazu beitragen, Monitoringprogramme auszuweiten. Zugleich bleibt Fachwissen unverzichtbar \u2013 etwa f\u00fcr die Validierung der Daten und ihre \u00f6kologische Einordnung. Perspektivisch l\u00e4sst sich der Ansatz auch auf andere lautgebende Tiergruppen wie Flederm\u00e4use oder Heuschrecken \u00fcbertragen.<\/p>\n<p>Die Studie war Teil des Langzeit-Monitoringprojekts \u201eWZE@Jena\u201c, in dem auf 22 Waldfl\u00e4chen rund um Jena eine Waldzustandserhebung sowie verschiedene Biodiversit\u00e4tsmonitorings durchgef\u00fchrt werden. Gef\u00f6rdert wurde die Studie durch das Bundesministerium f\u00fcr Forschung, Technologie und Raumfahrt.<\/p>\n<p>&nbsp;<\/p>\n<p><strong>Original-Publikation<br \/>\n<\/strong>(iDiv-Forschende und -Alumni fett)<\/p>\n<p><strong>Felgentreff, E. S.<\/strong>, Singer, D. &amp; <strong>Bernhardt-R\u00f6mermann, M.<\/strong> (2026): Forest type consistently shapes bird communities across seasons: Insights from passive acoustic monitoring. <em>Forest Ecology and Management<\/em> 609, 123617. DOI: 10.1016\/j.foreco.2026.123617, <a href=\"https:\/\/www.sciencedirect.com\/science\/article\/pii\/S0378112726001155\">https:\/\/www.sciencedirect.com\/science\/article\/pii\/S0378112726001155<\/a><\/p>\n<p>&nbsp;<\/p>\n<p><strong>Ansprechpartner<\/strong><\/p>\n<p><strong>Esther Felgentreff<\/strong><br \/>\nInstitut f\u00fcr Biodiversit\u00e4t, \u00d6kologie und Evolution der Friedrich-Schiller-Universit\u00e4t Jena<br \/>\nSenckenberg Institut f\u00fcr Pflanzenvielfalt Jena (SIP)<br \/>\nDeutsches Zentrum f\u00fcr integrative Biodiversit\u00e4tsforschung (iDiv) Halle-Jena-Leipzig &#8211; iDiv<br \/>\nE-Mail: <a href=\"m&#97;&#x69;&#x6c;t&#111;&#x3a;&#x65;s&#116;&#104;&#x65;&#x72;&#46;&#102;&#x65;&#x6c;g&#101;&#x6e;&#x74;r&#101;&#102;&#x66;&#x40;u&#110;&#x69;&#x2d;j&#101;&#x6e;&#x61;&#46;&#100;&#101;\">&#x65;&#x73;&#x74;&#x68;&#x65;&#x72;&#x2e;&#x66;&#x65;&#x6c;&#x67;&#101;&#110;&#116;&#114;&#101;&#102;&#102;&#64;uni-j&#x65;&#x6e;&#x61;&#x2e;&#x64;&#x65;<\/a><\/p>\n<p><strong>Prof. Dr. Markus Bernhardt-R\u00f6mermann<br \/>\n<\/strong>Institut f\u00fcr Biodiversit\u00e4t, \u00d6kologie und Evolution der Friedrich-Schiller-Universit\u00e4t Jena<br \/>\nSenckenberg Institut f\u00fcr Pflanzenvielfalt Jena (SIP)<br \/>\nDeutsches Zentrum f\u00fcr integrative Biodiversit\u00e4tsforschung Halle-Jena-Leipzig &#8211; iDiv<br \/>\nE-Mail: <a href=\"&#x6d;&#x61;&#105;&#108;&#116;o&#x3a;&#x6d;&#x61;&#114;&#107;us&#x2e;&#x62;&#x65;&#114;&#110;h&#x61;&#x72;&#x64;&#116;&#64;&#117;n&#x69;&#x2d;&#x6a;&#101;&#110;a&#46;&#x64;&#x65;\">m&#97;&#x72;&#x6b;&#x75;s&#46;&#98;&#x65;&#x72;n&#104;&#97;&#x72;&#x64;t&#64;&#117;&#x6e;&#x69;&#x2d;j&#101;&#x6e;&#x61;&#x2e;d&#101;<\/a><\/p>\n<p><strong>Dr. Volker Hahn<\/strong><br \/>\nLeiter der Abteilung Impact und Pressesprecher<br \/>\nDeutsches Zentrum f\u00fcr integrative Biodiversit\u00e4tsforschung Halle-Jena-Leipzig \u2013 iDiv<br \/>\nTelefon: +49 341 97 33197<br \/>\nE-Mail: <a href=\"m&#97;&#105;&#x6c;&#x74;o&#58;&#118;&#x6f;&#x6c;&#x6b;e&#114;&#46;&#x68;&#x61;hn&#64;&#x69;&#x64;&#x69;v&#46;&#100;&#x65;\">&#x76;o&#x6c;&#107;&#x65;&#114;&#46;&#x68;a&#x68;&#110;&#x40;&#105;d&#x69;&#118;&#x2e;&#100;e<\/a><\/p>\n<p>&nbsp;<\/p>\n<\/div>\n                            <\/div>\n                                                                    <div class=\"pb-24   mod_bild  col-md-6 offset-md-2 pos_top\">\n                            <div class=\"bildrepeater \" id=\"\">\n    <div class=\"relativ\"><img decoding=\"async\" class=\"responsiv desktop\" src=\"https:\/\/www.idiv.de\/wp-content\/uploads\/2026\/03\/2015_Blaumeise_7702_iDiv_SBernhardt_16_9.jpg\" height=\"\" width=\"\" alt=\"idiv-\"\/><img decoding=\"async\" class=\"responsiv mobile\" src=\"https:\/\/www.idiv.de\/wp-content\/uploads\/2026\/03\/2015_Blaumeise_7702_iDiv_SBernhardt_16_9.jpg\" height=\"\" width=\"\" alt=\"idiv-\"\/><a href=\"#\" class=\"cr\" role=\"button\">\n<svg  xmlns=\"http:\/\/www.w3.org\/2000\/svg\" width=\"22\" height=\"22\" viewBox=\"0 0 22 22\">\n    <rect id=\"BG\" width=\"22\" height=\"22\" rx=\"11\" fill=\"#fff\"\/>\n    <g id=\"Wrapper\" transform=\"translate(-1 -1)\">\n        <g id=\"Icon_material-copyright\" data-name=\"Icon material-copyright\">\n            <circle id=\"Ellipse_30\" data-name=\"Ellipse 30\" cx=\"8\" cy=\"8\" r=\"8\" transform=\"translate(4 4)\" fill=\"#fff\"\/>\n            <path id=\"Icon_material-copyright-2\" data-name=\"Icon material-copyright\" d=\"M9.464,10.088a2.045,2.045,0,0,1,.24-.7,1.4,1.4,0,0,1,.472-.5,1.42,1.42,0,0,1,.728-.184,1.45,1.45,0,0,1,.5.1,1.29,1.29,0,0,1,.416.288,1.54,1.54,0,0,1,.272.424,1.4,1.4,0,0,1,.112.512H13.64a2.864,2.864,0,0,0-.224-1.032,2.4,2.4,0,0,0-.56-.808,2.613,2.613,0,0,0-.864-.528,3.09,3.09,0,0,0-1.112-.184,3.127,3.127,0,0,0-1.36.272,2.751,2.751,0,0,0-.96.736,3.007,3.007,0,0,0-.568,1.088A4.685,4.685,0,0,0,7.8,10.9v.216a4.684,4.684,0,0,0,.184,1.312,2.908,2.908,0,0,0,.568,1.08,2.731,2.731,0,0,0,.96.728,3.246,3.246,0,0,0,1.36.272,3.051,3.051,0,0,0,1.056-.184,2.729,2.729,0,0,0,.864-.5,2.442,2.442,0,0,0,.592-.752,2.153,2.153,0,0,0,.24-.92H12.192a1.139,1.139,0,0,1-.12.464,1.177,1.177,0,0,1-.288.368,1.26,1.26,0,0,1-.416.24,1.589,1.589,0,0,1-.48.08,1.359,1.359,0,0,1-.712-.184,1.4,1.4,0,0,1-.472-.5,2.09,2.09,0,0,1-.24-.7,5.392,5.392,0,0,1-.064-.8V10.9a5.33,5.33,0,0,1,.064-.808ZM11,3a8,8,0,1,0,8,8A8,8,0,0,0,11,3Zm0,14.4A6.4,6.4,0,1,1,17.4,11,6.408,6.408,0,0,1,11,17.4Z\" transform=\"translate(1 1)\" fill=\"#4d4d4d\"\/>\n        <\/g>\n    <\/g>\n<\/svg>\n<span>Stefan Bernhardt<\/span><\/a><\/div><p class=\"bu\">Die Forscherinnen und Forscher erfassten die Vogelarten mithilfe automatisierter Tonaufnahmen und KI.<\/p><\/div>\n                            <\/div>\n                                                                    <div class=\"pb-0   mod_link  col-md-2 offset-md-0 pos_tleft\">\n                            <div class=\"btncf-block  tleft\" id=\"\">\n            <a href=\"https:\/\/www.idiv.de\/wp-content\/uploads\/2026\/03\/2015_Blaumeise_7702_iDiv_SBernhardt_16_9.jpg\"\n           class=\"mr-24 btncf normal\"\n           target=\"_blank\">Foto herunterladen                            <svg xmlns=\"http:\/\/www.w3.org\/2000\/svg\" width=\"7.621\" height=\"12.243\" aria-hidden=\"true\"\n                     viewBox=\"0 0 7.621 12.243\">\n                    <path id=\"Icon_feather-chevron-right\" data-name=\"Icon feather-chevron-right\"\n                          d=\"M17.5,17l-4-4,4-4\" transform=\"translate(19.621 19.121) rotate(180)\" fill=\"none\"\n                          stroke=\"#447226\" stroke-linecap=\"round\" stroke-linejoin=\"round\" stroke-width=\"3\"\/>\n                <\/svg>\n                    <\/a>\n    <\/div>                            <\/div>\n                                                                    <div class=\"pb-24   mod_text  col-md-8 offset-md-2 pos_top\">\n                            <div class=\"textrepeater \" id=\"\">\n    <p><i>Hinweis f\u00fcr die Medien: Die von iDiv bereitgestellten Bilder d\u00fcrfen ausschlie\u00dflich f\u00fcr die Berichterstattung im Zusammenhang mit dieser Medienmitteilung und unter Angabe des\/der Urhebers\/in verwendet werden.<\/i><\/p>\n<\/div>\n                            <\/div>\n                        <\/div>\n    <\/div>\n<\/div>","protected":false},"excerpt":{"rendered":"","protected":false},"author":12,"featured_media":0,"comment_status":"closed","ping_status":"closed","sticky":false,"template":"","format":"standard","meta":{"_acf_changed":false,"advgb_blocks_editor_width":"","advgb_blocks_columns_visual_guide":"","footnotes":"","_links_to":"","_links_to_target":""},"categories":[39,29],"tags":[],"class_list":["post-40828","post","type-post","status-publish","format-standard","hentry","category-idiv-mitglieder","category-medienmitteilung"],"acf":{"thumb":40861,"thumbmobile":40861,"copyright":"","breadcrumb":true},"yoast_head":"<!-- This site is optimized with the Yoast SEO plugin v27.5 - https:\/\/yoast.com\/product\/yoast-seo-wordpress\/ -->\n<title>Waldtyp pr\u00e4gt Vogelgemeinschaften das ganze Jahr \u00fcber | iDiv<\/title>\n<meta name=\"robots\" content=\"index, follow, max-snippet:-1, max-image-preview:large, max-video-preview:-1\" \/>\n<link rel=\"canonical\" href=\"https:\/\/www.idiv.de\/de\/waldtyp-praegt-vogelgemeinschaften-das-ganze-jahr-ueber\/\" \/>\n<meta property=\"og:locale\" content=\"de_DE\" \/>\n<meta property=\"og:type\" content=\"article\" \/>\n<meta property=\"og:title\" content=\"Waldtyp pr\u00e4gt Vogelgemeinschaften das ganze Jahr \u00fcber | iDiv\" \/>\n<meta property=\"og:url\" content=\"https:\/\/www.idiv.de\/de\/waldtyp-praegt-vogelgemeinschaften-das-ganze-jahr-ueber\/\" \/>\n<meta property=\"og:site_name\" content=\"iDiv\" \/>\n<meta property=\"article:published_time\" content=\"2026-03-17T12:49:55+00:00\" \/>\n<meta property=\"article:modified_time\" content=\"2026-03-18T06:54:50+00:00\" \/>\n<meta property=\"og:image\" content=\"https:\/\/www.idiv.de\/wp-content\/uploads\/2024\/11\/iDivSocialMediaShare.jpg\" \/>\n\t<meta property=\"og:image:width\" content=\"1200\" \/>\n\t<meta property=\"og:image:height\" content=\"675\" \/>\n\t<meta property=\"og:image:type\" content=\"image\/jpeg\" \/>\n<meta name=\"author\" content=\"Beate Horn\" \/>\n<meta name=\"twitter:card\" content=\"summary_large_image\" \/>\n<meta name=\"twitter:creator\" content=\"@idiv\" \/>\n<meta name=\"twitter:site\" content=\"@idiv\" \/>\n<script type=\"application\/ld+json\" class=\"yoast-schema-graph\">{\"@context\":\"https:\\\/\\\/schema.org\",\"@graph\":[{\"@type\":\"Article\",\"@id\":\"https:\\\/\\\/www.idiv.de\\\/de\\\/waldtyp-praegt-vogelgemeinschaften-das-ganze-jahr-ueber\\\/#article\",\"isPartOf\":{\"@id\":\"https:\\\/\\\/www.idiv.de\\\/de\\\/waldtyp-praegt-vogelgemeinschaften-das-ganze-jahr-ueber\\\/\"},\"author\":{\"name\":\"Beate Horn\",\"@id\":\"https:\\\/\\\/www.idiv.de\\\/de\\\/#\\\/schema\\\/person\\\/40f28ea3f850d3758ec47d71e0dd7b66\"},\"headline\":\"Waldtyp pr\u00e4gt Vogelgemeinschaften das ganze Jahr \u00fcber\",\"datePublished\":\"2026-03-17T12:49:55+00:00\",\"dateModified\":\"2026-03-18T06:54:50+00:00\",\"mainEntityOfPage\":{\"@id\":\"https:\\\/\\\/www.idiv.de\\\/de\\\/waldtyp-praegt-vogelgemeinschaften-das-ganze-jahr-ueber\\\/\"},\"wordCount\":8,\"publisher\":{\"@id\":\"https:\\\/\\\/www.idiv.de\\\/de\\\/#organization\"},\"articleSection\":[\"iDiv-Mitglieder\",\"Medienmitteilung\"],\"inLanguage\":\"de\"},{\"@type\":\"WebPage\",\"@id\":\"https:\\\/\\\/www.idiv.de\\\/de\\\/waldtyp-praegt-vogelgemeinschaften-das-ganze-jahr-ueber\\\/\",\"url\":\"https:\\\/\\\/www.idiv.de\\\/de\\\/waldtyp-praegt-vogelgemeinschaften-das-ganze-jahr-ueber\\\/\",\"name\":\"Waldtyp pr\u00e4gt Vogelgemeinschaften das ganze Jahr \u00fcber | iDiv\",\"isPartOf\":{\"@id\":\"https:\\\/\\\/www.idiv.de\\\/de\\\/#website\"},\"datePublished\":\"2026-03-17T12:49:55+00:00\",\"dateModified\":\"2026-03-18T06:54:50+00:00\",\"breadcrumb\":{\"@id\":\"https:\\\/\\\/www.idiv.de\\\/de\\\/waldtyp-praegt-vogelgemeinschaften-das-ganze-jahr-ueber\\\/#breadcrumb\"},\"inLanguage\":\"de\",\"potentialAction\":[{\"@type\":\"ReadAction\",\"target\":[\"https:\\\/\\\/www.idiv.de\\\/de\\\/waldtyp-praegt-vogelgemeinschaften-das-ganze-jahr-ueber\\\/\"]}]},{\"@type\":\"BreadcrumbList\",\"@id\":\"https:\\\/\\\/www.idiv.de\\\/de\\\/waldtyp-praegt-vogelgemeinschaften-das-ganze-jahr-ueber\\\/#breadcrumb\",\"itemListElement\":[{\"@type\":\"ListItem\",\"position\":1,\"name\":\"Startseite\",\"item\":\"https:\\\/\\\/www.idiv.de\\\/de\\\/\"},{\"@type\":\"ListItem\",\"position\":2,\"name\":\"Waldtyp pr\u00e4gt Vogelgemeinschaften das ganze Jahr \u00fcber\"}]},{\"@type\":\"WebSite\",\"@id\":\"https:\\\/\\\/www.idiv.de\\\/de\\\/#website\",\"url\":\"https:\\\/\\\/www.idiv.de\\\/de\\\/\",\"name\":\"iDiv\",\"description\":\"Hotspot in Biodiversity Research\",\"publisher\":{\"@id\":\"https:\\\/\\\/www.idiv.de\\\/de\\\/#organization\"},\"potentialAction\":[{\"@type\":\"SearchAction\",\"target\":{\"@type\":\"EntryPoint\",\"urlTemplate\":\"https:\\\/\\\/www.idiv.de\\\/de\\\/?s={search_term_string}\"},\"query-input\":{\"@type\":\"PropertyValueSpecification\",\"valueRequired\":true,\"valueName\":\"search_term_string\"}}],\"inLanguage\":\"de\"},{\"@type\":\"Organization\",\"@id\":\"https:\\\/\\\/www.idiv.de\\\/de\\\/#organization\",\"name\":\"idiv\",\"url\":\"https:\\\/\\\/www.idiv.de\\\/de\\\/\",\"logo\":{\"@type\":\"ImageObject\",\"inLanguage\":\"de\",\"@id\":\"https:\\\/\\\/www.idiv.de\\\/de\\\/#\\\/schema\\\/logo\\\/image\\\/\",\"url\":\"https:\\\/\\\/www.idiv.de\\\/wp-content\\\/uploads\\\/2024\\\/08\\\/iDiv_Logo_long_v1_EN_black_4c.jpg\",\"contentUrl\":\"https:\\\/\\\/www.idiv.de\\\/wp-content\\\/uploads\\\/2024\\\/08\\\/iDiv_Logo_long_v1_EN_black_4c.jpg\",\"width\":2448,\"height\":674,\"caption\":\"idiv\"},\"image\":{\"@id\":\"https:\\\/\\\/www.idiv.de\\\/de\\\/#\\\/schema\\\/logo\\\/image\\\/\"},\"sameAs\":[\"https:\\\/\\\/x.com\\\/idiv\",\"https:\\\/\\\/www.linkedin.com\\\/company\\\/idiv-biodiversity\\\/\",\"https:\\\/\\\/www.youtube.com\\\/idiv-research\"]},{\"@type\":\"Person\",\"@id\":\"https:\\\/\\\/www.idiv.de\\\/de\\\/#\\\/schema\\\/person\\\/40f28ea3f850d3758ec47d71e0dd7b66\",\"name\":\"Beate Horn\",\"url\":\"https:\\\/\\\/www.idiv.de\\\/de\\\/author\\\/beate-horn\\\/\"}]}<\/script>\n<!-- \/ Yoast SEO plugin. -->","yoast_head_json":{"title":"Waldtyp pr\u00e4gt Vogelgemeinschaften das ganze Jahr \u00fcber | iDiv","robots":{"index":"index","follow":"follow","max-snippet":"max-snippet:-1","max-image-preview":"max-image-preview:large","max-video-preview":"max-video-preview:-1"},"canonical":"https:\/\/www.idiv.de\/de\/waldtyp-praegt-vogelgemeinschaften-das-ganze-jahr-ueber\/","og_locale":"de_DE","og_type":"article","og_title":"Waldtyp pr\u00e4gt Vogelgemeinschaften das ganze Jahr \u00fcber | iDiv","og_url":"https:\/\/www.idiv.de\/de\/waldtyp-praegt-vogelgemeinschaften-das-ganze-jahr-ueber\/","og_site_name":"iDiv","article_published_time":"2026-03-17T12:49:55+00:00","article_modified_time":"2026-03-18T06:54:50+00:00","og_image":[{"width":1200,"height":675,"url":"https:\/\/www.idiv.de\/wp-content\/uploads\/2024\/11\/iDivSocialMediaShare.jpg","type":"image\/jpeg"}],"author":"Beate Horn","twitter_card":"summary_large_image","twitter_creator":"@idiv","twitter_site":"@idiv","schema":{"@context":"https:\/\/schema.org","@graph":[{"@type":"Article","@id":"https:\/\/www.idiv.de\/de\/waldtyp-praegt-vogelgemeinschaften-das-ganze-jahr-ueber\/#article","isPartOf":{"@id":"https:\/\/www.idiv.de\/de\/waldtyp-praegt-vogelgemeinschaften-das-ganze-jahr-ueber\/"},"author":{"name":"Beate Horn","@id":"https:\/\/www.idiv.de\/de\/#\/schema\/person\/40f28ea3f850d3758ec47d71e0dd7b66"},"headline":"Waldtyp pr\u00e4gt Vogelgemeinschaften das ganze Jahr \u00fcber","datePublished":"2026-03-17T12:49:55+00:00","dateModified":"2026-03-18T06:54:50+00:00","mainEntityOfPage":{"@id":"https:\/\/www.idiv.de\/de\/waldtyp-praegt-vogelgemeinschaften-das-ganze-jahr-ueber\/"},"wordCount":8,"publisher":{"@id":"https:\/\/www.idiv.de\/de\/#organization"},"articleSection":["iDiv-Mitglieder","Medienmitteilung"],"inLanguage":"de"},{"@type":"WebPage","@id":"https:\/\/www.idiv.de\/de\/waldtyp-praegt-vogelgemeinschaften-das-ganze-jahr-ueber\/","url":"https:\/\/www.idiv.de\/de\/waldtyp-praegt-vogelgemeinschaften-das-ganze-jahr-ueber\/","name":"Waldtyp pr\u00e4gt Vogelgemeinschaften das ganze Jahr \u00fcber | iDiv","isPartOf":{"@id":"https:\/\/www.idiv.de\/de\/#website"},"datePublished":"2026-03-17T12:49:55+00:00","dateModified":"2026-03-18T06:54:50+00:00","breadcrumb":{"@id":"https:\/\/www.idiv.de\/de\/waldtyp-praegt-vogelgemeinschaften-das-ganze-jahr-ueber\/#breadcrumb"},"inLanguage":"de","potentialAction":[{"@type":"ReadAction","target":["https:\/\/www.idiv.de\/de\/waldtyp-praegt-vogelgemeinschaften-das-ganze-jahr-ueber\/"]}]},{"@type":"BreadcrumbList","@id":"https:\/\/www.idiv.de\/de\/waldtyp-praegt-vogelgemeinschaften-das-ganze-jahr-ueber\/#breadcrumb","itemListElement":[{"@type":"ListItem","position":1,"name":"Startseite","item":"https:\/\/www.idiv.de\/de\/"},{"@type":"ListItem","position":2,"name":"Waldtyp pr\u00e4gt Vogelgemeinschaften das ganze Jahr \u00fcber"}]},{"@type":"WebSite","@id":"https:\/\/www.idiv.de\/de\/#website","url":"https:\/\/www.idiv.de\/de\/","name":"iDiv","description":"Hotspot in Biodiversity Research","publisher":{"@id":"https:\/\/www.idiv.de\/de\/#organization"},"potentialAction":[{"@type":"SearchAction","target":{"@type":"EntryPoint","urlTemplate":"https:\/\/www.idiv.de\/de\/?s={search_term_string}"},"query-input":{"@type":"PropertyValueSpecification","valueRequired":true,"valueName":"search_term_string"}}],"inLanguage":"de"},{"@type":"Organization","@id":"https:\/\/www.idiv.de\/de\/#organization","name":"idiv","url":"https:\/\/www.idiv.de\/de\/","logo":{"@type":"ImageObject","inLanguage":"de","@id":"https:\/\/www.idiv.de\/de\/#\/schema\/logo\/image\/","url":"https:\/\/www.idiv.de\/wp-content\/uploads\/2024\/08\/iDiv_Logo_long_v1_EN_black_4c.jpg","contentUrl":"https:\/\/www.idiv.de\/wp-content\/uploads\/2024\/08\/iDiv_Logo_long_v1_EN_black_4c.jpg","width":2448,"height":674,"caption":"idiv"},"image":{"@id":"https:\/\/www.idiv.de\/de\/#\/schema\/logo\/image\/"},"sameAs":["https:\/\/x.com\/idiv","https:\/\/www.linkedin.com\/company\/idiv-biodiversity\/","https:\/\/www.youtube.com\/idiv-research"]},{"@type":"Person","@id":"https:\/\/www.idiv.de\/de\/#\/schema\/person\/40f28ea3f850d3758ec47d71e0dd7b66","name":"Beate Horn","url":"https:\/\/www.idiv.de\/de\/author\/beate-horn\/"}]}},"author_meta":{"display_name":"Beate Horn","author_link":"https:\/\/www.idiv.de\/de\/author\/beate-horn\/"},"featured_img":null,"coauthors":[],"tax_additional":{"categories":{"linked":["<a href=\"https:\/\/www.idiv.de\/de\/kategorie\/idiv-mitglieder\/\" class=\"advgb-post-tax-term\">iDiv-Mitglieder<\/a>","<a href=\"https:\/\/www.idiv.de\/de\/kategorie\/medienmitteilung\/\" class=\"advgb-post-tax-term\">Medienmitteilung<\/a>"],"unlinked":["<span class=\"advgb-post-tax-term\">iDiv-Mitglieder<\/span>","<span class=\"advgb-post-tax-term\">Medienmitteilung<\/span>"]}},"comment_count":0,"relative_dates":{"created":"Ver\u00f6ffentlicht 2\u00a0Monaten vor","modified":"Aktualisiert 2\u00a0Monaten vor"},"absolute_dates":{"created":"Ver\u00f6ffentlicht am 17. M\u00e4rz 2026","modified":"Aktualisiert am 18. M\u00e4rz 2026"},"absolute_dates_time":{"created":"Ver\u00f6ffentlicht am 17. M\u00e4rz 2026 13:49","modified":"Aktualisiert am 18. M\u00e4rz 2026 7:54"},"featured_img_caption":"","series_order":"","_links":{"self":[{"href":"https:\/\/www.idiv.de\/de\/wp-json\/wp\/v2\/posts\/40828","targetHints":{"allow":["GET"]}}],"collection":[{"href":"https:\/\/www.idiv.de\/de\/wp-json\/wp\/v2\/posts"}],"about":[{"href":"https:\/\/www.idiv.de\/de\/wp-json\/wp\/v2\/types\/post"}],"author":[{"embeddable":true,"href":"https:\/\/www.idiv.de\/de\/wp-json\/wp\/v2\/users\/12"}],"replies":[{"embeddable":true,"href":"https:\/\/www.idiv.de\/de\/wp-json\/wp\/v2\/comments?post=40828"}],"version-history":[{"count":34,"href":"https:\/\/www.idiv.de\/de\/wp-json\/wp\/v2\/posts\/40828\/revisions"}],"predecessor-version":[{"id":41016,"href":"https:\/\/www.idiv.de\/de\/wp-json\/wp\/v2\/posts\/40828\/revisions\/41016"}],"wp:attachment":[{"href":"https:\/\/www.idiv.de\/de\/wp-json\/wp\/v2\/media?parent=40828"}],"wp:term":[{"taxonomy":"category","embeddable":true,"href":"https:\/\/www.idiv.de\/de\/wp-json\/wp\/v2\/categories?post=40828"},{"taxonomy":"post_tag","embeddable":true,"href":"https:\/\/www.idiv.de\/de\/wp-json\/wp\/v2\/tags?post=40828"}],"curies":[{"name":"wp","href":"https:\/\/api.w.org\/{rel}","templated":true}]}}