{"id":40027,"date":"2026-02-23T08:38:46","date_gmt":"2026-02-23T07:38:46","guid":{"rendered":"https:\/\/www.idiv.de\/?p=40027"},"modified":"2026-04-29T08:57:14","modified_gmt":"2026-04-29T06:57:14","slug":"fahrplan-fur-ein-europaweites-biodiversitats-monitoring","status":"publish","type":"post","link":"https:\/\/www.idiv.de\/de\/fahrplan-fur-ein-europaweites-biodiversitats-monitoring\/","title":{"rendered":"Fahrplan f\u00fcr ein europaweites Biodiversit\u00e4ts-Monitoring"},"content":{"rendered":"<div class=\"herosection pb-24 pt-0 no-bg modulclass \" id=\"\">\n                    <div class=\"swiper1noslider  nooverflow heronews swiper thinslider\" id=\"slide_69f397fa266fb\">\n        \n                <div class=\"swiper-wrapper\">\n                                            <div class=\"swiper-slide  style_\" aria-hidden=\"true\" >\n                            <div class=\"backstretchwrap\">\n                        \n                            <div datasrc=\"https:\/\/www.idiv.de\/wp-content\/uploads\/2026\/02\/AdobeStock_121810705-scaled.jpeg\" class=\"backstretchimg responsiv desktop\"><\/div>\n\n                            <a href=\"#\" class=\"cr\"><svg  xmlns=\"http:\/\/www.w3.org\/2000\/svg\" width=\"22\" height=\"22\" viewBox=\"0 0 22 22\">\n                                    <rect id=\"BG\" width=\"22\" height=\"22\" rx=\"11\" fill=\"#fff\"\/>\n                                    <g id=\"Wrapper\" transform=\"translate(-1 -1)\">\n                                        <g id=\"Icon_material-copyright\" data-name=\"Icon material-copyright\">\n                                            <circle id=\"Ellipse_30\" data-name=\"Ellipse 30\" cx=\"8\" cy=\"8\" r=\"8\" transform=\"translate(4 4)\" fill=\"#fff\"\/>\n                                            <path id=\"Icon_material-copyright-2\" data-name=\"Icon material-copyright\" d=\"M9.464,10.088a2.045,2.045,0,0,1,.24-.7,1.4,1.4,0,0,1,.472-.5,1.42,1.42,0,0,1,.728-.184,1.45,1.45,0,0,1,.5.1,1.29,1.29,0,0,1,.416.288,1.54,1.54,0,0,1,.272.424,1.4,1.4,0,0,1,.112.512H13.64a2.864,2.864,0,0,0-.224-1.032,2.4,2.4,0,0,0-.56-.808,2.613,2.613,0,0,0-.864-.528,3.09,3.09,0,0,0-1.112-.184,3.127,3.127,0,0,0-1.36.272,2.751,2.751,0,0,0-.96.736,3.007,3.007,0,0,0-.568,1.088A4.685,4.685,0,0,0,7.8,10.9v.216a4.684,4.684,0,0,0,.184,1.312,2.908,2.908,0,0,0,.568,1.08,2.731,2.731,0,0,0,.96.728,3.246,3.246,0,0,0,1.36.272,3.051,3.051,0,0,0,1.056-.184,2.729,2.729,0,0,0,.864-.5,2.442,2.442,0,0,0,.592-.752,2.153,2.153,0,0,0,.24-.92H12.192a1.139,1.139,0,0,1-.12.464,1.177,1.177,0,0,1-.288.368,1.26,1.26,0,0,1-.416.24,1.589,1.589,0,0,1-.48.08,1.359,1.359,0,0,1-.712-.184,1.4,1.4,0,0,1-.472-.5,2.09,2.09,0,0,1-.24-.7,5.392,5.392,0,0,1-.064-.8V10.9a5.33,5.33,0,0,1,.064-.808ZM11,3a8,8,0,1,0,8,8A8,8,0,0,0,11,3Zm0,14.4A6.4,6.4,0,1,1,17.4,11,6.408,6.408,0,0,1,11,17.4Z\" transform=\"translate(1 1)\" fill=\"#4d4d4d\"\/>\n                                        <\/g>\n                                    <\/g>\n                                <\/svg>\n                                <span>Adobe Stock<\/span><\/a>                        \n                                                    <\/div>\n                                        <div class=\"sliderinhalt \" role=\"region\" aria-label=\"carousel\">\n\n                                                \n\n                                                <p class=\"big align-center\" >23.02.2026 | Biodiversit\u00e4t und Mensch, Biodiversit\u00e4t und Naturschutz, iDiv-Mitglieder, Medienmitteilung<\/p>                                            <h1 class=\"h1 tcenter\" >Fahrplan f\u00fcr ein europaweites Biodiversit\u00e4ts-Monitoring<\/h1>                                                    <p style=\"text-align: center;\"><em>Neue Studie zeigt wie digitale und molekulare Technologien sowie koordinierte Lenkung das europaweite Monitoring der biologischen Vielfalt transformieren und globale Naturschutzziele unterst\u00fctzen k\u00f6nnen.<\/em><\/p>\n                                                \n                                                                                                            <\/div>\n                                            <\/div>\n\n                        \n                 <\/div>\n\n                              <\/div>\n<\/div>\n\n<div class=\"textbildrepeater pb-24 pt-0 no-bg modulclass \" id=\"\">\n    <div class=\"container\">\n        <div class=\"row\">\n                                                                <div class=\"pb-24   mod_text  col-md-8 offset-md-2 pos_top\">\n                            <div class=\"textrepeater \" id=\"\">\n    <p>Die Biodiversit\u00e4t ver\u00e4ndert sich, doch den Regierungen fehlen gute Daten, um den Wandel zu verfolgen und wirksame Naturschutzma\u00dfnahmen abzuleiten. Eine neue Studie unter der Leitung der Universit\u00e4t Amsterdam (UvA), des Deutschen Zentrums f\u00fcr integrative Biodiversit\u00e4tsforschung (iDiv) und der Martin-Luther-Universit\u00e4t Halle-Wittenberg (MLU) schl\u00e4gt nun einen umfassenden Fahrplan f\u00fcr den Aufbau eines modernen europ\u00e4ischen Netzwerks f\u00fcr Biodiversit\u00e4tsbeobachtung (BON) vor \u2013 eines Netzwerks, das zu einem globalen Vorbild f\u00fcr das Monitoring biologischer Vielfalt werden k\u00f6nnte. Die Studie wurde in der Fachzeitschrift <em>Nature Reviews Biodiversity<\/em> ver\u00f6ffentlicht.<\/p>\n<p>\u201eUnser Vorschlag enth\u00e4lt einen Plan f\u00fcr Europa, seine chaotischen und unzusammenh\u00e4ngenden Monitoringsysteme zu verbessern\u201c, sagt der Erstautor Dr. Daniel Kissling, au\u00dferordentlicher Professor an der UvA. \u201eWir wollen ein einheitliches europaweites Netzwerk schaffen, das den Wandel bei Arten und \u00d6kosystemen verfolgen kann \u2013 von der DNA von Pflanzen und Tieren bis hin zu ganzen W\u00e4ldern, Fl\u00fcssen und Ozeanen.<\/p>\n<h3><strong>Ein einheitliches Monitoringsystem f\u00fcr Europas biologische Vielfalt<\/strong><\/h3>\n<p>Der Fahrplan benennt 84 \u201eEssenzielle Biodiversit\u00e4tsvariablen\u201c (EBVs), die das R\u00fcckgrat eines harmonisierten Monitoringsystems bilden sollen. Diese EBVs sind zum Beispiel Vogelpopulationen, die Ausdehnung von Seegraswiesen, genetischer Vielfalt oder die Produktivit\u00e4t von \u00d6kosystemen. Sie erm\u00f6glichen eine einheitliche Checkliste, um Zustand und Ver\u00e4nderung von Europas Biodiversit\u00e4t zu messen.<\/p>\n<p>\u201eEuropa verf\u00fcgt \u00fcber Hunderte von Monitoringprogrammen, aber die Daten sind oft isoliert, uneinheitlich oder unvollst\u00e4ndig\u201c, sagt Senior-Autor Prof. Henrique Pereira, Forschungsgruppenleiter bei iDiv und der MLU. \u201eUnser Fahrplan ist das Ger\u00fcst f\u00fcr ein wirklich integriertes, transnationales System, das alle Biodiversit\u00e4ts-Beobachtungen zu einem koh\u00e4renten Ganzen zusammenf\u00fchrt.\u201c<\/p>\n<p>Um den \u00dcbergang zum neuen System vorzubereiten, empfehlen die Autorinnen und Autoren die Einrichtung eines Europ\u00e4ischen Koordinierungszentrums f\u00fcr Biodiversit\u00e4tsbeobachtung (EBOCC). Diese neue Einrichtung auf EU-Ebene soll Arbeitsabl\u00e4ufe koordinieren, Methoden harmonisieren, eine transparente Datenverwaltung gew\u00e4hrleisten, das Monitoring an die politischen Erfordernisse anpassen sowie nationale und europ\u00e4ische Dateninfrastrukturen miteinander verbinden.<\/p>\n<h3><strong>Hightech-Biodiversit\u00e4tsmonitoring gemeinsam mit den Menschen <\/strong><\/h3>\n<p>Eine zentrale Botschaft des Fahrplans lautet, dass Europa sowohl technologische Innovationen als auch menschliches Fachwissens nutzen sollte, zum Beispiel:<\/p>\n<ul>\n<li>Automatisierte digitale Sensoren wie Audio-Rekorder f\u00fcr Vogelstimmen, Wildtier- und Insektenkameras sowie Bio- und Wetterradare<\/li>\n<li>K\u00fcnstliche Intelligenz f\u00fcr Arterkennung und automatisierte Datenverarbeitung<\/li>\n<li>Umwelt-DNA (eDNA) und Metabarcoding zum Erkennen von Arten und Lebensgemeinschaften in Wasser, Boden oder Luft<\/li>\n<li>Modernste Fernerkundung mit Satelliten (inkl. Copernicus), Flugzeugen und Drohnen zum Monitoring von Lebensr\u00e4umen, Vegetationsstrukturen und \u00d6kosystem-Ver\u00e4nderungen<\/li>\n<\/ul>\n<p>Der Fahrplan betont auch, dass Menschen nach wie vor eine zentrale Rolle beim Monitoring der biologischen Vielfalt spielen. B\u00fcrgerwissenschaftler, Taxonomieexpertinnen und professionelle Monitoringnetzwerke liefern wichtige Beobachtungen, Fachwissen und Kontinuit\u00e4t. Neue Technologien erg\u00e4nzen und st\u00e4rken diese Beitr\u00e4ge und machen das Monitoring der biologischen Vielfalt effizienter, skalierbarer und integrativer.<\/p>\n<h3><strong>\u00dcberbr\u00fcckung von Datenl\u00fccken durch einheitliche Arbeitsabl\u00e4ufe<\/strong><\/h3>\n<p>Die derzeitigen Daten zur biologischen Vielfalt in Europa sind umfangreich, aber weit verstreut. Der Fahrplan sieht den Aufbau von Daten-\u201ePipelines\u201c vor, die Informationen aus vielen verschiedenen Quellen \u2013 wie professionelle Feldnotizen, Berichte aus der \u00d6ffentlichkeit, elektronische Sensoren, DNA-Proben und Satellitenbilder \u2013 integrieren und zu skalierbaren EBV-Datens\u00e4tzen zusammenf\u00fchren.<\/p>\n<p>Diese neue Form des Datenflusses soll es erm\u00f6glichen, klare Berichte f\u00fcr Entscheidungstr\u00e4ger zu erstellen, fr\u00fchzeitig Trends zu erkennen und zu kommunizieren.<\/p>\n<h3><strong>Ein Schritt vorw\u00e4rts f\u00fcr die internationale Biodiversit\u00e4tspolitik<\/strong><\/h3>\n<p>Der Fahrplan wurde von EuropaBON entworfen, einem Horizon-2020-Projekt, an dem 15 Forschungsorganisationen aus ganz Europa beteiligt waren. Der Fahrplan hat bereits zu einer starken politischen Reaktion gef\u00fchrt: Das Europ\u00e4ische Parlament hat eine vorbereitende Ma\u00dfnahme f\u00fcr das EBOCC genehmigt, um mit der Umsetzung von Teilen des Fahrplans zu beginnen. Der Fahrplan f\u00fcr das EBOCC steht in direktem Einklang mit der EU-Biodiversit\u00e4tsstrategie f\u00fcr 2030, der Verordnung \u00fcber die Wiederherstellung der Natur (NRR) und anderen wichtigen EU-Umweltvorschriften, darunter die Vogelschutzrichtlinie, die Habitatrichtlinie, die Wasserrahmenrichtlinie und die Meeresstrategie-Rahmenrichtlinie. Durch die Bereitstellung einheitlicher Biodiversit\u00e4tsdaten w\u00fcrde ein EBOCC die Berichterstattung erheblich verbessern und die Umsetzung in den Mitgliedstaaten unterst\u00fctzen.<\/p>\n<p>Das System w\u00fcrde helfen, Fortschritte beim Globalen Rahmenwerk f\u00fcr die biologische Vielfalt (GBF) zu verfolgen, die Berichte des Weltbiodiversit\u00e4tsrates IPBES unterst\u00fctzen und GEO BON (Group on Earth Observations Biodiversity Observation Network) st\u00e4rken.<\/p>\n<p>&nbsp;<\/p>\n<p><strong>Original-Publikation:<br \/>\n<\/strong>(Wissenschaftlerinnen und Wissenschaftler mit iDiv-Affiliation fett)<\/p>\n<p>Kissling, W.D., \u2026, <strong>Bonn, A.<\/strong>, \u2026, <strong>Fern\u00e1ndez, N.<\/strong>, \u2026 , <strong>Junker J.<\/strong>, \u2026, <strong>Bruelheide, H.<\/strong>, \u2026,<strong> Calderon-Sanou, I.<\/strong>, \u2026, <strong>Fernandez, M.<\/strong>, \u2026, <strong>Jandt U.<\/strong>, \u2026, <strong>K\u00fchn I.<\/strong>, \u2026, <strong>Viti, M.M.<\/strong>, \u2026 , <strong>Valdez, J.<\/strong>, \u2026, <strong>Pereira, H.M.<\/strong> (2026). Building the backbone for Europe\u2019s biodiversity monitoring. <em>Nature Reviews Biodiversity<\/em>. DOI: <a href=\"https:\/\/rdcu.be\/e5bRY\">10.1038\/s44358-026-00140-6<\/a><\/p>\n<p><strong>\u00a0<\/strong><\/p>\n<p><strong>Ansprechpartner:<\/strong><\/p>\n<p><strong>Associate Professor Dr. W. Daniel Kissling<\/strong><br \/>\nInstitute for Biodiversity and Ecosystem Dynamics (IBED)<br \/>\nUniversity of Amsterdam<br \/>\nTel.: +31 20 525 8423<br \/>\nE-Mail: <a href=\"&#109;&#97;&#x69;&#x6c;&#116;&#111;&#x3a;&#x77;&#100;&#107;&#x69;&#x73;&#115;&#108;&#x69;&#x6e;&#103;&#64;&#x67;&#x6d;&#97;&#105;&#x6c;&#x2e;&#99;&#111;&#x6d;\">w&#100;&#107;&#x69;&#x73;sl&#105;&#110;&#x67;&#x40;gm&#97;&#105;&#x6c;&#x2e;co&#109;<\/a><br \/>\n<a href=\"https:\/\/www.biomac.org\/8\/contact.html\" target=\"_blank\" aria-label=\"open in new tab\" rel=\"noopener noreferrer\">https:\/\/www.biomac.org\/8\/contact.html<\/a><\/p>\n<p><strong>Prof. Dr. Henrique M. Pereira<br \/>\n<\/strong>Leiter der Forschungsgruppe Biodiversit\u00e4t und Naturschutz<br \/>\nDeutsches Zentrum f\u00fcr integrative Biodiversit\u00e4tsforschung Halle-Jena-Leipzig \u2013 iDiv<br \/>\nMartin-Luther-Universit\u00e4t Halle-Wittenberg<br \/>\nTel.: +49 341 97 33137<br \/>\nE-Mail: <a href=\"&#x6d;&#x61;&#105;&#108;t&#x6f;&#x3a;&#x68;&#101;&#110;r&#x69;&#x71;&#x75;&#101;&#46;p&#x65;&#x72;&#x65;&#105;&#114;a&#x40;&#x69;&#x64;&#105;v&#46;&#x64;&#x65;\">&#x68;&#x65;&#x6e;&#x72;&#x69;&#113;&#117;&#101;&#46;per&#x65;&#x69;&#x72;&#x61;&#x40;&#x69;&#100;&#105;&#118;&#46;de<\/a><br \/>\n<a href=\"https:\/\/www.idiv.de\/de\/staff\/henrique-miguel-pereira\/\">https:\/\/www.idiv.de\/de\/staff\/henrique-miguel-pereira\/<\/a><\/p>\n<p><strong>Dr. Volker Hahn<br \/>\n<\/strong>Leiter der Abteilung Impact &amp; Pressesprecher<br \/>\nDeutsches Zentrum f\u00fcr integrative Biodiversit\u00e4tsforschung Halle-Jena-Leipzig \u2013 iDiv<br \/>\nTel.: +49 341 97 33154<br \/>\nE-Mail: <a href=\"m&#97;&#x69;&#x6c;t&#111;&#58;&#x76;&#x6f;l&#107;&#101;&#x72;&#x2e;h&#97;&#x68;&#x6e;&#x40;i&#100;&#x69;&#x76;&#46;&#100;&#101;\">volk&#101;&#114;&#46;&#104;&#97;&#104;&#110;&#x40;&#x69;&#x64;&#x69;&#x76;&#x2e;&#x64;&#x65;<\/a><br \/>\n<a href=\"https:\/\/www.idiv.de\/medien\">https:\/\/www.idiv.de\/medien<\/a><\/p>\n<\/div>\n                            <\/div>\n                                                                    <div class=\"pb-24   mod_bild  col-md-6 offset-md-2 pos_top\">\n                            <div class=\"bildrepeater \" id=\"\">\n    <div class=\"relativ\"><img decoding=\"async\" class=\"responsiv desktop\" src=\"https:\/\/www.idiv.de\/wp-content\/uploads\/2026\/02\/AdobeStock_121810705-scaled.jpeg\" height=\"\" width=\"\" alt=\"idiv-Wooden path through the peat bog in Poland Bieszczady National Park\"\/><img decoding=\"async\" class=\"responsiv mobile\" src=\"https:\/\/www.idiv.de\/wp-content\/uploads\/2026\/02\/AdobeStock_121810705-scaled.jpeg\" height=\"\" width=\"\" alt=\"idiv-Wooden path through the peat bog in Poland Bieszczady National Park\"\/><a href=\"#\" class=\"cr\" role=\"button\">\n<svg  xmlns=\"http:\/\/www.w3.org\/2000\/svg\" width=\"22\" height=\"22\" viewBox=\"0 0 22 22\">\n    <rect id=\"BG\" width=\"22\" height=\"22\" rx=\"11\" fill=\"#fff\"\/>\n    <g id=\"Wrapper\" transform=\"translate(-1 -1)\">\n        <g id=\"Icon_material-copyright\" data-name=\"Icon material-copyright\">\n            <circle id=\"Ellipse_30\" data-name=\"Ellipse 30\" cx=\"8\" cy=\"8\" r=\"8\" transform=\"translate(4 4)\" fill=\"#fff\"\/>\n            <path id=\"Icon_material-copyright-2\" data-name=\"Icon material-copyright\" d=\"M9.464,10.088a2.045,2.045,0,0,1,.24-.7,1.4,1.4,0,0,1,.472-.5,1.42,1.42,0,0,1,.728-.184,1.45,1.45,0,0,1,.5.1,1.29,1.29,0,0,1,.416.288,1.54,1.54,0,0,1,.272.424,1.4,1.4,0,0,1,.112.512H13.64a2.864,2.864,0,0,0-.224-1.032,2.4,2.4,0,0,0-.56-.808,2.613,2.613,0,0,0-.864-.528,3.09,3.09,0,0,0-1.112-.184,3.127,3.127,0,0,0-1.36.272,2.751,2.751,0,0,0-.96.736,3.007,3.007,0,0,0-.568,1.088A4.685,4.685,0,0,0,7.8,10.9v.216a4.684,4.684,0,0,0,.184,1.312,2.908,2.908,0,0,0,.568,1.08,2.731,2.731,0,0,0,.96.728,3.246,3.246,0,0,0,1.36.272,3.051,3.051,0,0,0,1.056-.184,2.729,2.729,0,0,0,.864-.5,2.442,2.442,0,0,0,.592-.752,2.153,2.153,0,0,0,.24-.92H12.192a1.139,1.139,0,0,1-.12.464,1.177,1.177,0,0,1-.288.368,1.26,1.26,0,0,1-.416.24,1.589,1.589,0,0,1-.48.08,1.359,1.359,0,0,1-.712-.184,1.4,1.4,0,0,1-.472-.5,2.09,2.09,0,0,1-.24-.7,5.392,5.392,0,0,1-.064-.8V10.9a5.33,5.33,0,0,1,.064-.808ZM11,3a8,8,0,1,0,8,8A8,8,0,0,0,11,3Zm0,14.4A6.4,6.4,0,1,1,17.4,11,6.408,6.408,0,0,1,11,17.4Z\" transform=\"translate(1 1)\" fill=\"#4d4d4d\"\/>\n        <\/g>\n    <\/g>\n<\/svg>\n<span>Adobe Stock<\/span><\/a><\/div><p class=\"bu\">Ein europaweites Monitoring soll den Wandel der biologischen Vielfalt verfolgen und den Naturschutz unterst\u00fctzen. Das Foto zeigt ein Torfmoor im polnischen Nationalpark Bieszczady.<\/p><\/div>\n                            <\/div>\n                                                                    <div class=\"pb-0   mod_link  col-md-2 offset-md-0 pos_tleft\">\n                            <div class=\"btncf-block  tleft\" id=\"\">\n            <a href=\"https:\/\/www.idiv.de\/wp-content\/uploads\/2026\/02\/AdobeStock_121810705-scaled.jpeg\"\n           class=\"mr-24 btncf normal\"\n           target=\"_blank\">Download photograph                            <svg xmlns=\"http:\/\/www.w3.org\/2000\/svg\" width=\"7.621\" height=\"12.243\" aria-hidden=\"true\"\n                     viewBox=\"0 0 7.621 12.243\">\n                    <path id=\"Icon_feather-chevron-right\" data-name=\"Icon feather-chevron-right\"\n                          d=\"M17.5,17l-4-4,4-4\" transform=\"translate(19.621 19.121) rotate(180)\" fill=\"none\"\n                          stroke=\"#447226\" stroke-linecap=\"round\" stroke-linejoin=\"round\" stroke-width=\"3\"\/>\n                <\/svg>\n                    <\/a>\n    <\/div>                            <\/div>\n                                                                    <div class=\"pb-24   mod_bild  col-md-6 offset-md-2 pos_top\">\n                            <div class=\"bildrepeater \" id=\"\">\n    <div class=\"relativ\"><img decoding=\"async\" class=\"responsiv desktop\" src=\"https:\/\/www.idiv.de\/wp-content\/uploads\/2026\/02\/2016_Landschaft-Hainich_3111_iDiv_SBernhardt-scaled.jpg\" height=\"\" width=\"\" alt=\"idiv-Above the canopy of the beech forest at Hainich National Park, Thuringia\"\/><img decoding=\"async\" class=\"responsiv mobile\" src=\"https:\/\/www.idiv.de\/wp-content\/uploads\/2026\/02\/2016_Landschaft-Hainich_3111_iDiv_SBernhardt-scaled.jpg\" height=\"\" width=\"\" alt=\"idiv-Above the canopy of the beech forest at Hainich National Park, Thuringia\"\/><a href=\"#\" class=\"cr\" role=\"button\">\n<svg  xmlns=\"http:\/\/www.w3.org\/2000\/svg\" width=\"22\" height=\"22\" viewBox=\"0 0 22 22\">\n    <rect id=\"BG\" width=\"22\" height=\"22\" rx=\"11\" fill=\"#fff\"\/>\n    <g id=\"Wrapper\" transform=\"translate(-1 -1)\">\n        <g id=\"Icon_material-copyright\" data-name=\"Icon material-copyright\">\n            <circle id=\"Ellipse_30\" data-name=\"Ellipse 30\" cx=\"8\" cy=\"8\" r=\"8\" transform=\"translate(4 4)\" fill=\"#fff\"\/>\n            <path id=\"Icon_material-copyright-2\" data-name=\"Icon material-copyright\" d=\"M9.464,10.088a2.045,2.045,0,0,1,.24-.7,1.4,1.4,0,0,1,.472-.5,1.42,1.42,0,0,1,.728-.184,1.45,1.45,0,0,1,.5.1,1.29,1.29,0,0,1,.416.288,1.54,1.54,0,0,1,.272.424,1.4,1.4,0,0,1,.112.512H13.64a2.864,2.864,0,0,0-.224-1.032,2.4,2.4,0,0,0-.56-.808,2.613,2.613,0,0,0-.864-.528,3.09,3.09,0,0,0-1.112-.184,3.127,3.127,0,0,0-1.36.272,2.751,2.751,0,0,0-.96.736,3.007,3.007,0,0,0-.568,1.088A4.685,4.685,0,0,0,7.8,10.9v.216a4.684,4.684,0,0,0,.184,1.312,2.908,2.908,0,0,0,.568,1.08,2.731,2.731,0,0,0,.96.728,3.246,3.246,0,0,0,1.36.272,3.051,3.051,0,0,0,1.056-.184,2.729,2.729,0,0,0,.864-.5,2.442,2.442,0,0,0,.592-.752,2.153,2.153,0,0,0,.24-.92H12.192a1.139,1.139,0,0,1-.12.464,1.177,1.177,0,0,1-.288.368,1.26,1.26,0,0,1-.416.24,1.589,1.589,0,0,1-.48.08,1.359,1.359,0,0,1-.712-.184,1.4,1.4,0,0,1-.472-.5,2.09,2.09,0,0,1-.24-.7,5.392,5.392,0,0,1-.064-.8V10.9a5.33,5.33,0,0,1,.064-.808ZM11,3a8,8,0,1,0,8,8A8,8,0,0,0,11,3Zm0,14.4A6.4,6.4,0,1,1,17.4,11,6.408,6.408,0,0,1,11,17.4Z\" transform=\"translate(1 1)\" fill=\"#4d4d4d\"\/>\n        <\/g>\n    <\/g>\n<\/svg>\n<span>Stefan Bernhardt, iDiv<\/span><\/a><\/div><p class=\"bu\">Das Foto zeigt das Kronendach eines Buchenwalds im Nationalpark Hainich in Th\u00fcringen.<\/p><\/div>\n                            <\/div>\n                                                                    <div class=\"pb-0   mod_link  col-md-2 offset-md-0 pos_tleft\">\n                            <div class=\"btncf-block  tleft\" id=\"\">\n            <a href=\"https:\/\/www.idiv.de\/wp-content\/uploads\/2026\/02\/2016_Landschaft-Hainich_3111_iDiv_SBernhardt-scaled.jpg\"\n           class=\"mr-24 btncf normal\"\n           target=\"_blank\">Download photograph                            <svg xmlns=\"http:\/\/www.w3.org\/2000\/svg\" width=\"7.621\" height=\"12.243\" aria-hidden=\"true\"\n                     viewBox=\"0 0 7.621 12.243\">\n                    <path id=\"Icon_feather-chevron-right\" data-name=\"Icon feather-chevron-right\"\n                          d=\"M17.5,17l-4-4,4-4\" transform=\"translate(19.621 19.121) rotate(180)\" fill=\"none\"\n                          stroke=\"#447226\" stroke-linecap=\"round\" stroke-linejoin=\"round\" stroke-width=\"3\"\/>\n                <\/svg>\n                    <\/a>\n    <\/div>                            <\/div>\n                                                                    <div class=\"pb-24   mod_text  col-md-8 offset-md-2 pos_top\">\n                            <div class=\"textrepeater \" id=\"\">\n    <p><i>Hinweis f\u00fcr die Medien: Die von iDiv bereitgestellten Bilder d\u00fcrfen ausschlie\u00dflich f\u00fcr die Berichterstattung im Zusammenhang mit dieser Medienmitteilung und unter Angabe des\/der Urhebers\/in verwendet werden.<\/i><\/p>\n<\/div>\n                            <\/div>\n                        <\/div>\n    <\/div>\n<\/div>","protected":false},"excerpt":{"rendered":"","protected":false},"author":4,"featured_media":0,"comment_status":"closed","ping_status":"closed","sticky":false,"template":"","format":"standard","meta":{"_acf_changed":false,"advgb_blocks_editor_width":"","advgb_blocks_columns_visual_guide":"","footnotes":"","_links_to":"","_links_to_target":""},"categories":[57,33,39,29],"tags":[],"class_list":["post-40027","post","type-post","status-publish","format-standard","hentry","category-biodiversitaet-und-mensch","category-biodiversitaet-und-naturschutz","category-idiv-mitglieder","category-medienmitteilung"],"acf":{"thumb":40017,"thumbmobile":40017,"copyright":"Adobe Stock","breadcrumb":true},"yoast_head":"<!-- This site is optimized with the Yoast SEO plugin v27.5 - https:\/\/yoast.com\/product\/yoast-seo-wordpress\/ -->\n<title>Fahrplan f\u00fcr ein europaweites Biodiversit\u00e4ts-Monitoring | iDiv<\/title>\n<meta name=\"robots\" content=\"index, follow, max-snippet:-1, max-image-preview:large, max-video-preview:-1\" \/>\n<link rel=\"canonical\" href=\"https:\/\/www.idiv.de\/de\/fahrplan-fur-ein-europaweites-biodiversitats-monitoring\/\" \/>\n<meta property=\"og:locale\" content=\"de_DE\" \/>\n<meta property=\"og:type\" content=\"article\" \/>\n<meta property=\"og:title\" content=\"Fahrplan f\u00fcr ein europaweites Biodiversit\u00e4ts-Monitoring | iDiv\" \/>\n<meta property=\"og:url\" content=\"https:\/\/www.idiv.de\/de\/fahrplan-fur-ein-europaweites-biodiversitats-monitoring\/\" \/>\n<meta property=\"og:site_name\" content=\"iDiv\" \/>\n<meta property=\"article:published_time\" content=\"2026-02-23T07:38:46+00:00\" \/>\n<meta property=\"article:modified_time\" content=\"2026-04-29T06:57:14+00:00\" \/>\n<meta property=\"og:image\" content=\"https:\/\/www.idiv.de\/wp-content\/uploads\/2024\/11\/iDivSocialMediaShare.jpg\" \/>\n\t<meta property=\"og:image:width\" content=\"1200\" \/>\n\t<meta property=\"og:image:height\" content=\"675\" \/>\n\t<meta property=\"og:image:type\" content=\"image\/jpeg\" \/>\n<meta name=\"author\" content=\"Volker Hahn\" \/>\n<meta name=\"twitter:card\" content=\"summary_large_image\" \/>\n<meta name=\"twitter:creator\" content=\"@idiv\" \/>\n<meta name=\"twitter:site\" content=\"@idiv\" \/>\n<script type=\"application\/ld+json\" class=\"yoast-schema-graph\">{\"@context\":\"https:\\\/\\\/schema.org\",\"@graph\":[{\"@type\":\"Article\",\"@id\":\"https:\\\/\\\/www.idiv.de\\\/de\\\/fahrplan-fur-ein-europaweites-biodiversitats-monitoring\\\/#article\",\"isPartOf\":{\"@id\":\"https:\\\/\\\/www.idiv.de\\\/de\\\/fahrplan-fur-ein-europaweites-biodiversitats-monitoring\\\/\"},\"author\":{\"name\":\"Volker Hahn\",\"@id\":\"https:\\\/\\\/www.idiv.de\\\/de\\\/#\\\/schema\\\/person\\\/2f218f0c364a10b45a773c666db94322\"},\"headline\":\"Fahrplan f\u00fcr ein europaweites Biodiversit\u00e4ts-Monitoring\",\"datePublished\":\"2026-02-23T07:38:46+00:00\",\"dateModified\":\"2026-04-29T06:57:14+00:00\",\"mainEntityOfPage\":{\"@id\":\"https:\\\/\\\/www.idiv.de\\\/de\\\/fahrplan-fur-ein-europaweites-biodiversitats-monitoring\\\/\"},\"wordCount\":7,\"publisher\":{\"@id\":\"https:\\\/\\\/www.idiv.de\\\/de\\\/#organization\"},\"articleSection\":[\"Biodiversit\u00e4t und Mensch\",\"Biodiversit\u00e4t und Naturschutz\",\"iDiv-Mitglieder\",\"Medienmitteilung\"],\"inLanguage\":\"de\"},{\"@type\":\"WebPage\",\"@id\":\"https:\\\/\\\/www.idiv.de\\\/de\\\/fahrplan-fur-ein-europaweites-biodiversitats-monitoring\\\/\",\"url\":\"https:\\\/\\\/www.idiv.de\\\/de\\\/fahrplan-fur-ein-europaweites-biodiversitats-monitoring\\\/\",\"name\":\"Fahrplan f\u00fcr ein europaweites Biodiversit\u00e4ts-Monitoring | iDiv\",\"isPartOf\":{\"@id\":\"https:\\\/\\\/www.idiv.de\\\/de\\\/#website\"},\"datePublished\":\"2026-02-23T07:38:46+00:00\",\"dateModified\":\"2026-04-29T06:57:14+00:00\",\"breadcrumb\":{\"@id\":\"https:\\\/\\\/www.idiv.de\\\/de\\\/fahrplan-fur-ein-europaweites-biodiversitats-monitoring\\\/#breadcrumb\"},\"inLanguage\":\"de\",\"potentialAction\":[{\"@type\":\"ReadAction\",\"target\":[\"https:\\\/\\\/www.idiv.de\\\/de\\\/fahrplan-fur-ein-europaweites-biodiversitats-monitoring\\\/\"]}]},{\"@type\":\"BreadcrumbList\",\"@id\":\"https:\\\/\\\/www.idiv.de\\\/de\\\/fahrplan-fur-ein-europaweites-biodiversitats-monitoring\\\/#breadcrumb\",\"itemListElement\":[{\"@type\":\"ListItem\",\"position\":1,\"name\":\"Startseite\",\"item\":\"https:\\\/\\\/www.idiv.de\\\/de\\\/\"},{\"@type\":\"ListItem\",\"position\":2,\"name\":\"Fahrplan f\u00fcr ein europaweites Biodiversit\u00e4ts-Monitoring\"}]},{\"@type\":\"WebSite\",\"@id\":\"https:\\\/\\\/www.idiv.de\\\/de\\\/#website\",\"url\":\"https:\\\/\\\/www.idiv.de\\\/de\\\/\",\"name\":\"iDiv\",\"description\":\"Hotspot in Biodiversity Research\",\"publisher\":{\"@id\":\"https:\\\/\\\/www.idiv.de\\\/de\\\/#organization\"},\"potentialAction\":[{\"@type\":\"SearchAction\",\"target\":{\"@type\":\"EntryPoint\",\"urlTemplate\":\"https:\\\/\\\/www.idiv.de\\\/de\\\/?s={search_term_string}\"},\"query-input\":{\"@type\":\"PropertyValueSpecification\",\"valueRequired\":true,\"valueName\":\"search_term_string\"}}],\"inLanguage\":\"de\"},{\"@type\":\"Organization\",\"@id\":\"https:\\\/\\\/www.idiv.de\\\/de\\\/#organization\",\"name\":\"idiv\",\"url\":\"https:\\\/\\\/www.idiv.de\\\/de\\\/\",\"logo\":{\"@type\":\"ImageObject\",\"inLanguage\":\"de\",\"@id\":\"https:\\\/\\\/www.idiv.de\\\/de\\\/#\\\/schema\\\/logo\\\/image\\\/\",\"url\":\"https:\\\/\\\/www.idiv.de\\\/wp-content\\\/uploads\\\/2024\\\/08\\\/iDiv_Logo_long_v1_EN_black_4c.jpg\",\"contentUrl\":\"https:\\\/\\\/www.idiv.de\\\/wp-content\\\/uploads\\\/2024\\\/08\\\/iDiv_Logo_long_v1_EN_black_4c.jpg\",\"width\":2448,\"height\":674,\"caption\":\"idiv\"},\"image\":{\"@id\":\"https:\\\/\\\/www.idiv.de\\\/de\\\/#\\\/schema\\\/logo\\\/image\\\/\"},\"sameAs\":[\"https:\\\/\\\/x.com\\\/idiv\",\"https:\\\/\\\/www.linkedin.com\\\/company\\\/idiv-biodiversity\\\/\",\"https:\\\/\\\/www.youtube.com\\\/idiv-research\"]},{\"@type\":\"Person\",\"@id\":\"https:\\\/\\\/www.idiv.de\\\/de\\\/#\\\/schema\\\/person\\\/2f218f0c364a10b45a773c666db94322\",\"name\":\"Volker Hahn\",\"url\":\"https:\\\/\\\/www.idiv.de\\\/de\\\/author\\\/volker-hahn\\\/\"}]}<\/script>\n<!-- \/ Yoast SEO plugin. -->","yoast_head_json":{"title":"Fahrplan f\u00fcr ein europaweites Biodiversit\u00e4ts-Monitoring | iDiv","robots":{"index":"index","follow":"follow","max-snippet":"max-snippet:-1","max-image-preview":"max-image-preview:large","max-video-preview":"max-video-preview:-1"},"canonical":"https:\/\/www.idiv.de\/de\/fahrplan-fur-ein-europaweites-biodiversitats-monitoring\/","og_locale":"de_DE","og_type":"article","og_title":"Fahrplan f\u00fcr ein europaweites Biodiversit\u00e4ts-Monitoring | iDiv","og_url":"https:\/\/www.idiv.de\/de\/fahrplan-fur-ein-europaweites-biodiversitats-monitoring\/","og_site_name":"iDiv","article_published_time":"2026-02-23T07:38:46+00:00","article_modified_time":"2026-04-29T06:57:14+00:00","og_image":[{"width":1200,"height":675,"url":"https:\/\/www.idiv.de\/wp-content\/uploads\/2024\/11\/iDivSocialMediaShare.jpg","type":"image\/jpeg"}],"author":"Volker Hahn","twitter_card":"summary_large_image","twitter_creator":"@idiv","twitter_site":"@idiv","schema":{"@context":"https:\/\/schema.org","@graph":[{"@type":"Article","@id":"https:\/\/www.idiv.de\/de\/fahrplan-fur-ein-europaweites-biodiversitats-monitoring\/#article","isPartOf":{"@id":"https:\/\/www.idiv.de\/de\/fahrplan-fur-ein-europaweites-biodiversitats-monitoring\/"},"author":{"name":"Volker Hahn","@id":"https:\/\/www.idiv.de\/de\/#\/schema\/person\/2f218f0c364a10b45a773c666db94322"},"headline":"Fahrplan f\u00fcr ein europaweites Biodiversit\u00e4ts-Monitoring","datePublished":"2026-02-23T07:38:46+00:00","dateModified":"2026-04-29T06:57:14+00:00","mainEntityOfPage":{"@id":"https:\/\/www.idiv.de\/de\/fahrplan-fur-ein-europaweites-biodiversitats-monitoring\/"},"wordCount":7,"publisher":{"@id":"https:\/\/www.idiv.de\/de\/#organization"},"articleSection":["Biodiversit\u00e4t und Mensch","Biodiversit\u00e4t und Naturschutz","iDiv-Mitglieder","Medienmitteilung"],"inLanguage":"de"},{"@type":"WebPage","@id":"https:\/\/www.idiv.de\/de\/fahrplan-fur-ein-europaweites-biodiversitats-monitoring\/","url":"https:\/\/www.idiv.de\/de\/fahrplan-fur-ein-europaweites-biodiversitats-monitoring\/","name":"Fahrplan f\u00fcr ein europaweites Biodiversit\u00e4ts-Monitoring | iDiv","isPartOf":{"@id":"https:\/\/www.idiv.de\/de\/#website"},"datePublished":"2026-02-23T07:38:46+00:00","dateModified":"2026-04-29T06:57:14+00:00","breadcrumb":{"@id":"https:\/\/www.idiv.de\/de\/fahrplan-fur-ein-europaweites-biodiversitats-monitoring\/#breadcrumb"},"inLanguage":"de","potentialAction":[{"@type":"ReadAction","target":["https:\/\/www.idiv.de\/de\/fahrplan-fur-ein-europaweites-biodiversitats-monitoring\/"]}]},{"@type":"BreadcrumbList","@id":"https:\/\/www.idiv.de\/de\/fahrplan-fur-ein-europaweites-biodiversitats-monitoring\/#breadcrumb","itemListElement":[{"@type":"ListItem","position":1,"name":"Startseite","item":"https:\/\/www.idiv.de\/de\/"},{"@type":"ListItem","position":2,"name":"Fahrplan f\u00fcr ein europaweites Biodiversit\u00e4ts-Monitoring"}]},{"@type":"WebSite","@id":"https:\/\/www.idiv.de\/de\/#website","url":"https:\/\/www.idiv.de\/de\/","name":"iDiv","description":"Hotspot in Biodiversity Research","publisher":{"@id":"https:\/\/www.idiv.de\/de\/#organization"},"potentialAction":[{"@type":"SearchAction","target":{"@type":"EntryPoint","urlTemplate":"https:\/\/www.idiv.de\/de\/?s={search_term_string}"},"query-input":{"@type":"PropertyValueSpecification","valueRequired":true,"valueName":"search_term_string"}}],"inLanguage":"de"},{"@type":"Organization","@id":"https:\/\/www.idiv.de\/de\/#organization","name":"idiv","url":"https:\/\/www.idiv.de\/de\/","logo":{"@type":"ImageObject","inLanguage":"de","@id":"https:\/\/www.idiv.de\/de\/#\/schema\/logo\/image\/","url":"https:\/\/www.idiv.de\/wp-content\/uploads\/2024\/08\/iDiv_Logo_long_v1_EN_black_4c.jpg","contentUrl":"https:\/\/www.idiv.de\/wp-content\/uploads\/2024\/08\/iDiv_Logo_long_v1_EN_black_4c.jpg","width":2448,"height":674,"caption":"idiv"},"image":{"@id":"https:\/\/www.idiv.de\/de\/#\/schema\/logo\/image\/"},"sameAs":["https:\/\/x.com\/idiv","https:\/\/www.linkedin.com\/company\/idiv-biodiversity\/","https:\/\/www.youtube.com\/idiv-research"]},{"@type":"Person","@id":"https:\/\/www.idiv.de\/de\/#\/schema\/person\/2f218f0c364a10b45a773c666db94322","name":"Volker Hahn","url":"https:\/\/www.idiv.de\/de\/author\/volker-hahn\/"}]}},"author_meta":{"display_name":"Volker Hahn","author_link":"https:\/\/www.idiv.de\/de\/author\/volker-hahn\/"},"featured_img":null,"coauthors":[],"tax_additional":{"categories":{"linked":["<a href=\"https:\/\/www.idiv.de\/de\/kategorie\/forschung\/biodiversitaet-und-mensch\/\" class=\"advgb-post-tax-term\">Biodiversit\u00e4t und Mensch<\/a>","<a href=\"https:\/\/www.idiv.de\/de\/kategorie\/forschung\/biodiversitaet-und-naturschutz\/\" class=\"advgb-post-tax-term\">Biodiversit\u00e4t und Naturschutz<\/a>","<a href=\"https:\/\/www.idiv.de\/de\/kategorie\/idiv-mitglieder\/\" class=\"advgb-post-tax-term\">iDiv-Mitglieder<\/a>","<a href=\"https:\/\/www.idiv.de\/de\/kategorie\/medienmitteilung\/\" class=\"advgb-post-tax-term\">Medienmitteilung<\/a>"],"unlinked":["<span class=\"advgb-post-tax-term\">Biodiversit\u00e4t und Mensch<\/span>","<span class=\"advgb-post-tax-term\">Biodiversit\u00e4t und Naturschutz<\/span>","<span class=\"advgb-post-tax-term\">iDiv-Mitglieder<\/span>","<span class=\"advgb-post-tax-term\">Medienmitteilung<\/span>"]}},"comment_count":0,"relative_dates":{"created":"Ver\u00f6ffentlicht 2\u00a0Monaten vor","modified":"Aktualisiert 1\u00a0Tag vor"},"absolute_dates":{"created":"Ver\u00f6ffentlicht am 23. Februar 2026","modified":"Aktualisiert am 29. April 2026"},"absolute_dates_time":{"created":"Ver\u00f6ffentlicht am 23. Februar 2026 8:38","modified":"Aktualisiert am 29. April 2026 8:57"},"featured_img_caption":"","series_order":"","_links":{"self":[{"href":"https:\/\/www.idiv.de\/de\/wp-json\/wp\/v2\/posts\/40027","targetHints":{"allow":["GET"]}}],"collection":[{"href":"https:\/\/www.idiv.de\/de\/wp-json\/wp\/v2\/posts"}],"about":[{"href":"https:\/\/www.idiv.de\/de\/wp-json\/wp\/v2\/types\/post"}],"author":[{"embeddable":true,"href":"https:\/\/www.idiv.de\/de\/wp-json\/wp\/v2\/users\/4"}],"replies":[{"embeddable":true,"href":"https:\/\/www.idiv.de\/de\/wp-json\/wp\/v2\/comments?post=40027"}],"version-history":[{"count":11,"href":"https:\/\/www.idiv.de\/de\/wp-json\/wp\/v2\/posts\/40027\/revisions"}],"predecessor-version":[{"id":42035,"href":"https:\/\/www.idiv.de\/de\/wp-json\/wp\/v2\/posts\/40027\/revisions\/42035"}],"wp:attachment":[{"href":"https:\/\/www.idiv.de\/de\/wp-json\/wp\/v2\/media?parent=40027"}],"wp:term":[{"taxonomy":"category","embeddable":true,"href":"https:\/\/www.idiv.de\/de\/wp-json\/wp\/v2\/categories?post=40027"},{"taxonomy":"post_tag","embeddable":true,"href":"https:\/\/www.idiv.de\/de\/wp-json\/wp\/v2\/tags?post=40027"}],"curies":[{"name":"wp","href":"https:\/\/api.w.org\/{rel}","templated":true}]}}