{"id":39836,"date":"2026-02-23T21:00:00","date_gmt":"2026-02-23T20:00:00","guid":{"rendered":"https:\/\/www.idiv.de\/?p=39836"},"modified":"2026-02-23T12:48:16","modified_gmt":"2026-02-23T11:48:16","slug":"global-greening-das-gruen-der-erde-verschiebt-sich","status":"publish","type":"post","link":"https:\/\/www.idiv.de\/de\/global-greening-das-gruen-der-erde-verschiebt-sich\/","title":{"rendered":"Global Greening: Das Gr\u00fcn der Erde verschiebt sich"},"content":{"rendered":"<div class=\"herosection pb-24 pt-0 no-bg modulclass \" id=\"\">\n                    <div class=\"swiper1noslider  nooverflow heronews swiper thinslider\" id=\"slide_69f378517a570\">\n        \n                <div class=\"swiper-wrapper\">\n                                            <div class=\"swiper-slide  style_\" aria-hidden=\"true\" >\n                            <div class=\"backstretchwrap\">\n                        \n                            <div datasrc=\"https:\/\/www.idiv.de\/wp-content\/uploads\/2026\/02\/Hero-Global-greening-2.jpg\" class=\"backstretchimg responsiv desktop\"><\/div>\n\n                            <a href=\"#\" class=\"cr\"><svg  xmlns=\"http:\/\/www.w3.org\/2000\/svg\" width=\"22\" height=\"22\" viewBox=\"0 0 22 22\">\n                                    <rect id=\"BG\" width=\"22\" height=\"22\" rx=\"11\" fill=\"#fff\"\/>\n                                    <g id=\"Wrapper\" transform=\"translate(-1 -1)\">\n                                        <g id=\"Icon_material-copyright\" data-name=\"Icon material-copyright\">\n                                            <circle id=\"Ellipse_30\" data-name=\"Ellipse 30\" cx=\"8\" cy=\"8\" r=\"8\" transform=\"translate(4 4)\" fill=\"#fff\"\/>\n                                            <path id=\"Icon_material-copyright-2\" data-name=\"Icon material-copyright\" d=\"M9.464,10.088a2.045,2.045,0,0,1,.24-.7,1.4,1.4,0,0,1,.472-.5,1.42,1.42,0,0,1,.728-.184,1.45,1.45,0,0,1,.5.1,1.29,1.29,0,0,1,.416.288,1.54,1.54,0,0,1,.272.424,1.4,1.4,0,0,1,.112.512H13.64a2.864,2.864,0,0,0-.224-1.032,2.4,2.4,0,0,0-.56-.808,2.613,2.613,0,0,0-.864-.528,3.09,3.09,0,0,0-1.112-.184,3.127,3.127,0,0,0-1.36.272,2.751,2.751,0,0,0-.96.736,3.007,3.007,0,0,0-.568,1.088A4.685,4.685,0,0,0,7.8,10.9v.216a4.684,4.684,0,0,0,.184,1.312,2.908,2.908,0,0,0,.568,1.08,2.731,2.731,0,0,0,.96.728,3.246,3.246,0,0,0,1.36.272,3.051,3.051,0,0,0,1.056-.184,2.729,2.729,0,0,0,.864-.5,2.442,2.442,0,0,0,.592-.752,2.153,2.153,0,0,0,.24-.92H12.192a1.139,1.139,0,0,1-.12.464,1.177,1.177,0,0,1-.288.368,1.26,1.26,0,0,1-.416.24,1.589,1.589,0,0,1-.48.08,1.359,1.359,0,0,1-.712-.184,1.4,1.4,0,0,1-.472-.5,2.09,2.09,0,0,1-.24-.7,5.392,5.392,0,0,1-.064-.8V10.9a5.33,5.33,0,0,1,.064-.808ZM11,3a8,8,0,1,0,8,8A8,8,0,0,0,11,3Zm0,14.4A6.4,6.4,0,1,1,17.4,11,6.408,6.408,0,0,1,11,17.4Z\" transform=\"translate(1 1)\" fill=\"#4d4d4d\"\/>\n                                        <\/g>\n                                    <\/g>\n                                <\/svg>\n                                <span>Graphic by Ida Flik, edited by Stefan Bernhardt<\/span><\/a>                        \n                                                    <div datasrc=\"https:\/\/www.idiv.de\/wp-content\/uploads\/2026\/02\/Hero-Global-greening-2.jpg\" class=\"backstretchimgmobile responsiv mobile\"><\/div>\n                                                    <\/div>\n                                        <div class=\"sliderinhalt \" role=\"region\" aria-label=\"carousel\">\n\n                                                \n\n                                                <p class=\"big align-center\" >23.02.2026 | iDiv-Mitglieder, Medienmitteilung<\/p>                                            <h1 class=\"h1 tcenter\" >Global Greening: Das Gr\u00fcn der Erde verschiebt sich<\/h1>                                                    <p style=\"text-align: center;\">Forschende erfassen globalen Wandel der Vegetation und finden eine Verschiebung nach Nordosten.<\/p>\n                                                \n                                                                                                            <\/div>\n                                            <\/div>\n\n                        \n                 <\/div>\n\n                              <\/div>\n<\/div>\n\n<div class=\"textbildrepeater pb-24 pt-0 no-bg modulclass \" id=\"\">\n    <div class=\"container\">\n        <div class=\"row\">\n                                                                <div class=\"pb-24   mod_text  col-md-8 offset-md-2 pos_top\">\n                            <div class=\"textrepeater \" id=\"\">\n    <p>Eine Gruppe von Forschenden unter Leitung des Deutschen Zentrums f\u00fcr integrative Biodiversit\u00e4tsforschung (iDiv), des Helmholtz-Zentrums f\u00fcr Umweltforschung (UFZ) und der Universit\u00e4t Leipzig hat eine neue Methode entwickelt, den Schwerpunkt der globalen Vegetation zu berechnen, und damit das Gr\u00fcn der Erde und seinen Wandel zu verfolgen \u2013 ein wichtiger Indikator f\u00fcr Aktivit\u00e4t und Gesundheit der Vegetation.<\/p>\n<p>Erstautor Prof. Miguel Mahecha erkl\u00e4rt: \u201eStellen Sie sich vor, Sie halten einen perfekt runden Globus in Ihren H\u00e4nden. Daran befestigen Sie kleine Gewichte, welche die gr\u00fcnen Pflanzenteile auf dem Festland repr\u00e4sentieren. Wenn Sie den Globus in ruhiges Wasser legen, wird der Schwerpunkt immer nach unten zeigen.\u201c Mahecha forscht an der Universit\u00e4t Leipzig, dem Helmholtz-Zentrum f\u00fcr Umweltforschung (UFZ) und ist iDiv-Mitglied.<\/p>\n<p><strong>Der gr\u00fcne Schwerpunkt der Erde verschiebt sich st\u00e4ndig<\/strong><\/p>\n<p>Mit Hilfe von Satellitenbeobachtungen und Modellrechnungen konnte das Team berechnen, wie sich der \u201egr\u00fcne Schwerpunkt\u201c ver\u00e4ndert: Im Rhythmus der Jahreszeiten bewegt er sich wie eine gr\u00fcne Welle von seinem n\u00f6rdlichsten Punkt Mitte Juli im Nordatlantik nahe Island zu seinem s\u00fcdlichsten Punkt im M\u00e4rz vor der K\u00fcste Liberias (noch Nordhalbkugel) und zur\u00fcck.<\/p>\n<p>Die Studie, die in der Fachzeitschrift <em>PNAS<\/em> ver\u00f6ffentlicht wurde, liefert neue Erkenntnisse zum sogenannten \u201eGlobal Greening\u201c. Dieses Ph\u00e4nomen beschreibt die globale Zunahme der gr\u00fcnen Vegetation und ist eine bisher wenig bekannte Facette des globalen Wandels. \u00c4hnlich wie Klima- und Biodiversit\u00e4tswandel wird Global Greening \u00fcberwiegend vom Menschen verursacht: Zunehmendes CO\u2082 in der Atmosph\u00e4re wirkt wie D\u00fcnger und f\u00f6rdert die Photosynthese, gleichzeitig verl\u00e4ngern h\u00f6here Temperaturen in vielen Regionen die Vegetationsperioden.<\/p>\n<p>Die Wissenschaftler und Wissenschaftlerinnen verma\u00dfen die gr\u00fcne Welle \u00fcber mehrere Jahrzehnte und fanden eine stetige Verlagerung in Richtung Nordhalbkugel \u2013 und zwar zu allen Jahreszeiten. Anders als erwartet beobachteten sie keine gegenl\u00e4ufige Verschiebung w\u00e4hrend des S\u00fcdhalbkugel-Sommers.<\/p>\n<p><strong>Unerwartete Verschiebung nach Norden<\/strong><\/p>\n<p>\u201eDas hat uns sehr \u00fcberrascht\u201c, sagt Mahecha. \u201eL\u00e4ngere Vegetationsperioden und mildere Winter k\u00f6nnten die Gr\u00fcnphase auf der Nordhalbkugel verl\u00e4ngern und die globale Vegetationsverschiebung nach Norden auch im S\u00fcd-Sommer erkl\u00e4ren. Allerdings handelt es sich hierbei um eine Hypothese, die wir noch pr\u00fcfen m\u00fcssen.\u201c<\/p>\n<p>Neben der Verschiebung nach Norden konnte das Team auch eine deutliche Verschiebung nach Osten feststellen. Die Forschenden vermuten, dass hierf\u00fcr \u00f6stliche Greening-Hotspots wie Indien, China und Russland verantwortlich sind.<\/p>\n<p>Mit der langfristigen Vermessung der \u201egr\u00fcnen Welle\u201c lassen sich viele Facetten des globalen Wandels verkn\u00fcpfen wie zum Beispiel Klima-Biosph\u00e4re-Wechselwirkungen, Landnutzungs\u00e4nderungen, Branddynamiken, D\u00fcrren oder die Migration von Tieren. Die neue Methode hilft zu verstehen, wie sich das Leben auf unserem Planeten in einer w\u00e4rmer werdenden Welt neu organisiert.<\/p>\n<p>&nbsp;<\/p>\n<p>Interaktive Visualisierungen zur neuen Studie: <a href=\"https:\/\/greenwave.earth\/\">https:\/\/greenwave.earth\/<\/a><\/p>\n<p>&nbsp;<\/p>\n<p><strong>Originalpublikation<br \/>\n<\/strong>(iDiv-Forschende und -Alumni fett)<\/p>\n<p><strong>Mahecha, M.D.<\/strong>, Kraemer, G., Reinhardt, M., <strong>Montero, D.<\/strong>, Gans, F., <strong>Bastos, A.<\/strong>, Feilhauer, H., Flik, I., Ji, C., <strong>Kattenborn, T.<\/strong>, Migliavacca, M., M\u00f6nks, M., <strong>Quaas, J.<\/strong>, Sippel, S., Walther, S., Wieneke, S., <strong>Wirth, C.<\/strong>, &amp; Camps-Valls, G. (2026). Accelerated north-east shift of the global green wave trajectory. <em>Proceedings of the National Academy of Sciences (PNAS)<\/em>. <a href=\"https:\/\/doi.org\/10.1073\/pnas.2515835123\" target=\"_blank\" aria-label=\"open in new tab\" rel=\"noopener\">https:\/\/doi.org\/10.1073\/pnas.2515835123<\/a><\/p>\n<p>&nbsp;<\/p>\n<p><strong>Ansprechpartner<\/strong><\/p>\n<p><strong>Prof. Dr. Miguel Mahecha<\/strong><br \/>\nInstitut f\u00fcr Erdsystemwissenschaft und Fernerkundung<br \/>\nUniversit\u00e4t Leipzig<br \/>\nDeutsches Zentrum f\u00fcr integrative Biodiversit\u00e4tsforschung Halle-Jena-Leipzig \u2013 iDiv<br \/>\nHelmholtz-Zentrum f\u00fcr Umweltforschung &#8211; UFZ<br \/>\nTelefon: +49 341 97 32801<br \/>\nE-Mail: <a href=\"&#x6d;&#x61;&#105;&#108;t&#x6f;&#x3a;&#x6d;&#105;&#103;u&#x65;&#x6c;&#x2e;&#109;&#97;h&#x65;&#x63;&#x68;&#97;&#64;u&#x6e;&#x69;&#x2d;&#108;ei&#x70;&#x7a;&#x69;&#103;&#46;d&#x65;\">&#109;&#x69;&#x67;u&#101;&#x6c;&#46;&#109;&#x61;h&#101;&#x63;h&#97;&#x40;&#x75;&#110;&#x69;&#x2d;l&#101;&#x69;p&#122;&#x69;g&#46;&#x64;&#x65;<\/a><\/p>\n<p><strong>Dr. Volker Hahn<\/strong><br \/>\nLeiter der Abteilung Impact und Pressesprecher<br \/>\nDeutsches Zentrum f\u00fcr integrative Biodiversit\u00e4tsforschung Halle-Jena-Leipzig \u2013 iDiv<br \/>\nTelefon: +49 341 97 33197<br \/>\nE-Mail: <a href=\"ma&#105;&#108;&#116;&#111;&#x3a;&#x76;&#x6f;&#x6c;&#x6b;er&#46;&#104;&#97;&#104;&#x6e;&#x40;&#x69;&#x64;&#x69;v&#46;&#100;&#101;\">&#x76;o&#x6c;&#107;e&#x72;&#46;&#x68;&#97;h&#x6e;&#64;&#x69;&#100;i&#x76;&#46;&#x64;&#x65;<\/a><\/p>\n<\/div>\n                            <\/div>\n                                                                    <div class=\"pb-24   mod_bild  col-md-6 offset-md-2 pos_top\">\n                            <div class=\"bildrepeater \" id=\"\">\n    <div class=\"relativ\"><img decoding=\"async\" class=\"responsiv desktop\" src=\"https:\/\/www.idiv.de\/wp-content\/uploads\/2026\/02\/Hero-Global-greening-2.jpg\" height=\"\" width=\"\" alt=\"idiv-A graphic showing four earths with varying intensity of greens in certain areas.\"\/><img decoding=\"async\" class=\"responsiv mobile\" src=\"https:\/\/www.idiv.de\/wp-content\/uploads\/2026\/02\/Hero-Global-greening-2.jpg\" height=\"\" width=\"\" alt=\"idiv-A graphic showing four earths with varying intensity of greens in certain areas.\"\/><a href=\"#\" class=\"cr\" role=\"button\">\n<svg  xmlns=\"http:\/\/www.w3.org\/2000\/svg\" width=\"22\" height=\"22\" viewBox=\"0 0 22 22\">\n    <rect id=\"BG\" width=\"22\" height=\"22\" rx=\"11\" fill=\"#fff\"\/>\n    <g id=\"Wrapper\" transform=\"translate(-1 -1)\">\n        <g id=\"Icon_material-copyright\" data-name=\"Icon material-copyright\">\n            <circle id=\"Ellipse_30\" data-name=\"Ellipse 30\" cx=\"8\" cy=\"8\" r=\"8\" transform=\"translate(4 4)\" fill=\"#fff\"\/>\n            <path id=\"Icon_material-copyright-2\" data-name=\"Icon material-copyright\" d=\"M9.464,10.088a2.045,2.045,0,0,1,.24-.7,1.4,1.4,0,0,1,.472-.5,1.42,1.42,0,0,1,.728-.184,1.45,1.45,0,0,1,.5.1,1.29,1.29,0,0,1,.416.288,1.54,1.54,0,0,1,.272.424,1.4,1.4,0,0,1,.112.512H13.64a2.864,2.864,0,0,0-.224-1.032,2.4,2.4,0,0,0-.56-.808,2.613,2.613,0,0,0-.864-.528,3.09,3.09,0,0,0-1.112-.184,3.127,3.127,0,0,0-1.36.272,2.751,2.751,0,0,0-.96.736,3.007,3.007,0,0,0-.568,1.088A4.685,4.685,0,0,0,7.8,10.9v.216a4.684,4.684,0,0,0,.184,1.312,2.908,2.908,0,0,0,.568,1.08,2.731,2.731,0,0,0,.96.728,3.246,3.246,0,0,0,1.36.272,3.051,3.051,0,0,0,1.056-.184,2.729,2.729,0,0,0,.864-.5,2.442,2.442,0,0,0,.592-.752,2.153,2.153,0,0,0,.24-.92H12.192a1.139,1.139,0,0,1-.12.464,1.177,1.177,0,0,1-.288.368,1.26,1.26,0,0,1-.416.24,1.589,1.589,0,0,1-.48.08,1.359,1.359,0,0,1-.712-.184,1.4,1.4,0,0,1-.472-.5,2.09,2.09,0,0,1-.24-.7,5.392,5.392,0,0,1-.064-.8V10.9a5.33,5.33,0,0,1,.064-.808ZM11,3a8,8,0,1,0,8,8A8,8,0,0,0,11,3Zm0,14.4A6.4,6.4,0,1,1,17.4,11,6.408,6.408,0,0,1,11,17.4Z\" transform=\"translate(1 1)\" fill=\"#4d4d4d\"\/>\n        <\/g>\n    <\/g>\n<\/svg>\n<span>Ida Flik, edited by Stefan Bernhardt<\/span><\/a><\/div><p class=\"bu\">Das Gr\u00fcn der Vegetation an Land \u00e4ndert sich im Lauf der Jahreszeiten. Forschende k\u00f6nnen den globalen \u201egr\u00fcnen Schwerpunkt\u201c berechnen und \u00fcber Jahrzehnte hinweg verfolgen. Sie beobachten eine allm\u00e4hliche Verschiebung nach Nordosten.hey have observed a gradual shift towards the north-east.<\/p><\/div>\n                            <\/div>\n                                                                    <div class=\"pb-0   mod_link  col-md-2 offset-md-0 pos_tleft\">\n                            <div class=\"btncf-block  tleft\" id=\"\">\n            <a href=\"https:\/\/www.idiv.de\/wp-content\/uploads\/2026\/02\/Hero-Global-greening-2.jpg\"\n           class=\"mr-24 btncf normal\"\n           target=\"_blank\">Foto herunterladen                            <svg xmlns=\"http:\/\/www.w3.org\/2000\/svg\" width=\"7.621\" height=\"12.243\" aria-hidden=\"true\"\n                     viewBox=\"0 0 7.621 12.243\">\n                    <path id=\"Icon_feather-chevron-right\" data-name=\"Icon feather-chevron-right\"\n                          d=\"M17.5,17l-4-4,4-4\" transform=\"translate(19.621 19.121) rotate(180)\" fill=\"none\"\n                          stroke=\"#447226\" stroke-linecap=\"round\" stroke-linejoin=\"round\" stroke-width=\"3\"\/>\n                <\/svg>\n                    <\/a>\n    <\/div>                            <\/div>\n                                                                    <div class=\"pb-24   mod_bild  col-md-6 offset-md-2 pos_top\">\n                            <div class=\"bildrepeater \" id=\"\">\n    <div class=\"relativ\"><img decoding=\"async\" class=\"responsiv desktop\" src=\"https:\/\/www.idiv.de\/wp-content\/uploads\/2026\/02\/2016_Wald-Hainich_3119a_iDiv_SBernhardt_16_9-scaled.jpg\" height=\"\" width=\"\" alt=\"idiv-\"\/><img decoding=\"async\" class=\"responsiv mobile\" src=\"https:\/\/www.idiv.de\/wp-content\/uploads\/2026\/02\/2016_Wald-Hainich_3119a_iDiv_SBernhardt_16_9-scaled.jpg\" height=\"\" width=\"\" alt=\"idiv-\"\/><a href=\"#\" class=\"cr\" role=\"button\">\n<svg  xmlns=\"http:\/\/www.w3.org\/2000\/svg\" width=\"22\" height=\"22\" viewBox=\"0 0 22 22\">\n    <rect id=\"BG\" width=\"22\" height=\"22\" rx=\"11\" fill=\"#fff\"\/>\n    <g id=\"Wrapper\" transform=\"translate(-1 -1)\">\n        <g id=\"Icon_material-copyright\" data-name=\"Icon material-copyright\">\n            <circle id=\"Ellipse_30\" data-name=\"Ellipse 30\" cx=\"8\" cy=\"8\" r=\"8\" transform=\"translate(4 4)\" fill=\"#fff\"\/>\n            <path id=\"Icon_material-copyright-2\" data-name=\"Icon material-copyright\" d=\"M9.464,10.088a2.045,2.045,0,0,1,.24-.7,1.4,1.4,0,0,1,.472-.5,1.42,1.42,0,0,1,.728-.184,1.45,1.45,0,0,1,.5.1,1.29,1.29,0,0,1,.416.288,1.54,1.54,0,0,1,.272.424,1.4,1.4,0,0,1,.112.512H13.64a2.864,2.864,0,0,0-.224-1.032,2.4,2.4,0,0,0-.56-.808,2.613,2.613,0,0,0-.864-.528,3.09,3.09,0,0,0-1.112-.184,3.127,3.127,0,0,0-1.36.272,2.751,2.751,0,0,0-.96.736,3.007,3.007,0,0,0-.568,1.088A4.685,4.685,0,0,0,7.8,10.9v.216a4.684,4.684,0,0,0,.184,1.312,2.908,2.908,0,0,0,.568,1.08,2.731,2.731,0,0,0,.96.728,3.246,3.246,0,0,0,1.36.272,3.051,3.051,0,0,0,1.056-.184,2.729,2.729,0,0,0,.864-.5,2.442,2.442,0,0,0,.592-.752,2.153,2.153,0,0,0,.24-.92H12.192a1.139,1.139,0,0,1-.12.464,1.177,1.177,0,0,1-.288.368,1.26,1.26,0,0,1-.416.24,1.589,1.589,0,0,1-.48.08,1.359,1.359,0,0,1-.712-.184,1.4,1.4,0,0,1-.472-.5,2.09,2.09,0,0,1-.24-.7,5.392,5.392,0,0,1-.064-.8V10.9a5.33,5.33,0,0,1,.064-.808ZM11,3a8,8,0,1,0,8,8A8,8,0,0,0,11,3Zm0,14.4A6.4,6.4,0,1,1,17.4,11,6.408,6.408,0,0,1,11,17.4Z\" transform=\"translate(1 1)\" fill=\"#4d4d4d\"\/>\n        <\/g>\n    <\/g>\n<\/svg>\n<span>Stefan Bernhardt<\/span><\/a><\/div><p class=\"bu\">Im April beginnen die W\u00e4lder Mitteleuropas zu ergr\u00fcnen. Der gr\u00fcne Schwerpunkt der globalen Vegetation wandert zu dieser Jahreszeit nach Norden. Das Foto zeigt den Nationalpark Hainich in Th\u00fcringen.<\/p><\/div>\n                            <\/div>\n                                                                    <div class=\"pb-0   mod_link  col-md-2 offset-md-0 pos_tleft\">\n                            <div class=\"btncf-block  tleft\" id=\"\">\n            <a href=\"https:\/\/www.idiv.de\/wp-content\/uploads\/2026\/02\/2016_Wald-Hainich_3119a_iDiv_SBernhardt_16_9-scaled.jpg\"\n           class=\"mr-24 btncf normal\"\n           target=\"_blank\">Foto herunterladen                            <svg xmlns=\"http:\/\/www.w3.org\/2000\/svg\" width=\"7.621\" height=\"12.243\" aria-hidden=\"true\"\n                     viewBox=\"0 0 7.621 12.243\">\n                    <path id=\"Icon_feather-chevron-right\" data-name=\"Icon feather-chevron-right\"\n                          d=\"M17.5,17l-4-4,4-4\" transform=\"translate(19.621 19.121) rotate(180)\" fill=\"none\"\n                          stroke=\"#447226\" stroke-linecap=\"round\" stroke-linejoin=\"round\" stroke-width=\"3\"\/>\n                <\/svg>\n                    <\/a>\n    <\/div>                            <\/div>\n                                                                    <div class=\"pb-24   mod_bild  col-md-6 offset-md-2 pos_top\">\n                            <div class=\"bildrepeater \" id=\"\">\n    <div class=\"relativ\"><img decoding=\"async\" class=\"responsiv desktop\" src=\"https:\/\/www.idiv.de\/wp-content\/uploads\/2026\/02\/Sierra_Nevada_Columbia_by_Miguel_Mahecha-1-scaled.jpg\" height=\"\" width=\"\" alt=\"idiv-\"\/><img decoding=\"async\" class=\"responsiv mobile\" src=\"https:\/\/www.idiv.de\/wp-content\/uploads\/2026\/02\/Sierra_Nevada_Columbia_by_Miguel_Mahecha-1-scaled.jpg\" height=\"\" width=\"\" alt=\"idiv-\"\/><a href=\"#\" class=\"cr\" role=\"button\">\n<svg  xmlns=\"http:\/\/www.w3.org\/2000\/svg\" width=\"22\" height=\"22\" viewBox=\"0 0 22 22\">\n    <rect id=\"BG\" width=\"22\" height=\"22\" rx=\"11\" fill=\"#fff\"\/>\n    <g id=\"Wrapper\" transform=\"translate(-1 -1)\">\n        <g id=\"Icon_material-copyright\" data-name=\"Icon material-copyright\">\n            <circle id=\"Ellipse_30\" data-name=\"Ellipse 30\" cx=\"8\" cy=\"8\" r=\"8\" transform=\"translate(4 4)\" fill=\"#fff\"\/>\n            <path id=\"Icon_material-copyright-2\" data-name=\"Icon material-copyright\" d=\"M9.464,10.088a2.045,2.045,0,0,1,.24-.7,1.4,1.4,0,0,1,.472-.5,1.42,1.42,0,0,1,.728-.184,1.45,1.45,0,0,1,.5.1,1.29,1.29,0,0,1,.416.288,1.54,1.54,0,0,1,.272.424,1.4,1.4,0,0,1,.112.512H13.64a2.864,2.864,0,0,0-.224-1.032,2.4,2.4,0,0,0-.56-.808,2.613,2.613,0,0,0-.864-.528,3.09,3.09,0,0,0-1.112-.184,3.127,3.127,0,0,0-1.36.272,2.751,2.751,0,0,0-.96.736,3.007,3.007,0,0,0-.568,1.088A4.685,4.685,0,0,0,7.8,10.9v.216a4.684,4.684,0,0,0,.184,1.312,2.908,2.908,0,0,0,.568,1.08,2.731,2.731,0,0,0,.96.728,3.246,3.246,0,0,0,1.36.272,3.051,3.051,0,0,0,1.056-.184,2.729,2.729,0,0,0,.864-.5,2.442,2.442,0,0,0,.592-.752,2.153,2.153,0,0,0,.24-.92H12.192a1.139,1.139,0,0,1-.12.464,1.177,1.177,0,0,1-.288.368,1.26,1.26,0,0,1-.416.24,1.589,1.589,0,0,1-.48.08,1.359,1.359,0,0,1-.712-.184,1.4,1.4,0,0,1-.472-.5,2.09,2.09,0,0,1-.24-.7,5.392,5.392,0,0,1-.064-.8V10.9a5.33,5.33,0,0,1,.064-.808ZM11,3a8,8,0,1,0,8,8A8,8,0,0,0,11,3Zm0,14.4A6.4,6.4,0,1,1,17.4,11,6.408,6.408,0,0,1,11,17.4Z\" transform=\"translate(1 1)\" fill=\"#4d4d4d\"\/>\n        <\/g>\n    <\/g>\n<\/svg>\n<span>Miguel Mahecha<\/span><\/a><\/div><p class=\"bu\">In den Tropen variiert das Gr\u00fcn der Vegetation nur geringf\u00fcgig. Das Foto zeigt einen immergr\u00fcnen tropischen Regenwald in der Sierra Nevada, Kolumbien.<\/p><\/div>\n                            <\/div>\n                                                                    <div class=\"pb-0   mod_link  col-md-2 offset-md-0 pos_tleft\">\n                            <div class=\"btncf-block  tleft\" id=\"\">\n            <a href=\"https:\/\/www.idiv.de\/wp-content\/uploads\/2026\/02\/Sierra_Nevada_Columbia_by_Miguel_Mahecha-1-scaled.jpg\"\n           class=\"mr-24 btncf normal\"\n           target=\"_blank\">Foto herunterladen                            <svg xmlns=\"http:\/\/www.w3.org\/2000\/svg\" width=\"7.621\" height=\"12.243\" aria-hidden=\"true\"\n                     viewBox=\"0 0 7.621 12.243\">\n                    <path id=\"Icon_feather-chevron-right\" data-name=\"Icon feather-chevron-right\"\n                          d=\"M17.5,17l-4-4,4-4\" transform=\"translate(19.621 19.121) rotate(180)\" fill=\"none\"\n                          stroke=\"#447226\" stroke-linecap=\"round\" stroke-linejoin=\"round\" stroke-width=\"3\"\/>\n                <\/svg>\n                    <\/a>\n    <\/div>                            <\/div>\n                                                                    <div class=\"pb-24   mod_text  col-md-8 offset-md-2 pos_top\">\n                            <div class=\"textrepeater \" id=\"\">\n    <p><i>Hinweis f\u00fcr die Medien: Die von iDiv bereitgestellten Bilder d\u00fcrfen ausschlie\u00dflich f\u00fcr die Berichterstattung im Zusammenhang mit dieser Medienmitteilung und unter Angabe des\/der Urhebers\/in verwendet werden.<\/i><\/p>\n<\/div>\n                            <\/div>\n                        <\/div>\n    <\/div>\n<\/div>","protected":false},"excerpt":{"rendered":"","protected":false},"author":12,"featured_media":0,"comment_status":"closed","ping_status":"closed","sticky":false,"template":"","format":"standard","meta":{"_acf_changed":false,"advgb_blocks_editor_width":"","advgb_blocks_columns_visual_guide":"","footnotes":"","_links_to":"","_links_to_target":""},"categories":[39,29],"tags":[],"class_list":["post-39836","post","type-post","status-publish","format-standard","hentry","category-idiv-mitglieder","category-medienmitteilung"],"acf":{"thumb":39799,"thumbmobile":39799,"copyright":"","breadcrumb":true},"yoast_head":"<!-- This site is optimized with the Yoast SEO plugin v27.5 - https:\/\/yoast.com\/product\/yoast-seo-wordpress\/ -->\n<title>Global Greening: Das Gr\u00fcn der Erde verschiebt sich | iDiv<\/title>\n<meta name=\"robots\" content=\"index, follow, max-snippet:-1, max-image-preview:large, max-video-preview:-1\" \/>\n<link rel=\"canonical\" href=\"https:\/\/www.idiv.de\/de\/global-greening-das-gruen-der-erde-verschiebt-sich\/\" \/>\n<meta property=\"og:locale\" content=\"de_DE\" \/>\n<meta property=\"og:type\" content=\"article\" \/>\n<meta property=\"og:title\" content=\"Global Greening: Das Gr\u00fcn der Erde verschiebt sich | iDiv\" \/>\n<meta property=\"og:url\" content=\"https:\/\/www.idiv.de\/de\/global-greening-das-gruen-der-erde-verschiebt-sich\/\" \/>\n<meta property=\"og:site_name\" content=\"iDiv\" \/>\n<meta property=\"article:published_time\" content=\"2026-02-23T20:00:00+00:00\" \/>\n<meta property=\"og:image\" content=\"https:\/\/www.idiv.de\/wp-content\/uploads\/2024\/11\/iDivSocialMediaShare.jpg\" \/>\n\t<meta property=\"og:image:width\" content=\"1200\" \/>\n\t<meta property=\"og:image:height\" content=\"675\" \/>\n\t<meta property=\"og:image:type\" content=\"image\/jpeg\" \/>\n<meta name=\"author\" content=\"Beate Horn\" \/>\n<meta name=\"twitter:card\" content=\"summary_large_image\" \/>\n<meta name=\"twitter:creator\" content=\"@idiv\" \/>\n<meta name=\"twitter:site\" content=\"@idiv\" \/>\n<script type=\"application\/ld+json\" class=\"yoast-schema-graph\">{\"@context\":\"https:\\\/\\\/schema.org\",\"@graph\":[{\"@type\":\"Article\",\"@id\":\"https:\\\/\\\/www.idiv.de\\\/de\\\/global-greening-das-gruen-der-erde-verschiebt-sich\\\/#article\",\"isPartOf\":{\"@id\":\"https:\\\/\\\/www.idiv.de\\\/de\\\/global-greening-das-gruen-der-erde-verschiebt-sich\\\/\"},\"author\":{\"name\":\"Beate Horn\",\"@id\":\"https:\\\/\\\/www.idiv.de\\\/de\\\/#\\\/schema\\\/person\\\/40f28ea3f850d3758ec47d71e0dd7b66\"},\"headline\":\"Global Greening: Das Gr\u00fcn der Erde verschiebt sich\",\"datePublished\":\"2026-02-23T20:00:00+00:00\",\"mainEntityOfPage\":{\"@id\":\"https:\\\/\\\/www.idiv.de\\\/de\\\/global-greening-das-gruen-der-erde-verschiebt-sich\\\/\"},\"wordCount\":9,\"publisher\":{\"@id\":\"https:\\\/\\\/www.idiv.de\\\/de\\\/#organization\"},\"articleSection\":[\"iDiv-Mitglieder\",\"Medienmitteilung\"],\"inLanguage\":\"de\"},{\"@type\":\"WebPage\",\"@id\":\"https:\\\/\\\/www.idiv.de\\\/de\\\/global-greening-das-gruen-der-erde-verschiebt-sich\\\/\",\"url\":\"https:\\\/\\\/www.idiv.de\\\/de\\\/global-greening-das-gruen-der-erde-verschiebt-sich\\\/\",\"name\":\"Global Greening: Das Gr\u00fcn der Erde verschiebt sich | iDiv\",\"isPartOf\":{\"@id\":\"https:\\\/\\\/www.idiv.de\\\/de\\\/#website\"},\"datePublished\":\"2026-02-23T20:00:00+00:00\",\"breadcrumb\":{\"@id\":\"https:\\\/\\\/www.idiv.de\\\/de\\\/global-greening-das-gruen-der-erde-verschiebt-sich\\\/#breadcrumb\"},\"inLanguage\":\"de\",\"potentialAction\":[{\"@type\":\"ReadAction\",\"target\":[\"https:\\\/\\\/www.idiv.de\\\/de\\\/global-greening-das-gruen-der-erde-verschiebt-sich\\\/\"]}]},{\"@type\":\"BreadcrumbList\",\"@id\":\"https:\\\/\\\/www.idiv.de\\\/de\\\/global-greening-das-gruen-der-erde-verschiebt-sich\\\/#breadcrumb\",\"itemListElement\":[{\"@type\":\"ListItem\",\"position\":1,\"name\":\"Startseite\",\"item\":\"https:\\\/\\\/www.idiv.de\\\/de\\\/\"},{\"@type\":\"ListItem\",\"position\":2,\"name\":\"Global Greening: Das Gr\u00fcn der Erde verschiebt sich\"}]},{\"@type\":\"WebSite\",\"@id\":\"https:\\\/\\\/www.idiv.de\\\/de\\\/#website\",\"url\":\"https:\\\/\\\/www.idiv.de\\\/de\\\/\",\"name\":\"iDiv\",\"description\":\"Hotspot in Biodiversity Research\",\"publisher\":{\"@id\":\"https:\\\/\\\/www.idiv.de\\\/de\\\/#organization\"},\"potentialAction\":[{\"@type\":\"SearchAction\",\"target\":{\"@type\":\"EntryPoint\",\"urlTemplate\":\"https:\\\/\\\/www.idiv.de\\\/de\\\/?s={search_term_string}\"},\"query-input\":{\"@type\":\"PropertyValueSpecification\",\"valueRequired\":true,\"valueName\":\"search_term_string\"}}],\"inLanguage\":\"de\"},{\"@type\":\"Organization\",\"@id\":\"https:\\\/\\\/www.idiv.de\\\/de\\\/#organization\",\"name\":\"idiv\",\"url\":\"https:\\\/\\\/www.idiv.de\\\/de\\\/\",\"logo\":{\"@type\":\"ImageObject\",\"inLanguage\":\"de\",\"@id\":\"https:\\\/\\\/www.idiv.de\\\/de\\\/#\\\/schema\\\/logo\\\/image\\\/\",\"url\":\"https:\\\/\\\/www.idiv.de\\\/wp-content\\\/uploads\\\/2024\\\/08\\\/iDiv_Logo_long_v1_EN_black_4c.jpg\",\"contentUrl\":\"https:\\\/\\\/www.idiv.de\\\/wp-content\\\/uploads\\\/2024\\\/08\\\/iDiv_Logo_long_v1_EN_black_4c.jpg\",\"width\":2448,\"height\":674,\"caption\":\"idiv\"},\"image\":{\"@id\":\"https:\\\/\\\/www.idiv.de\\\/de\\\/#\\\/schema\\\/logo\\\/image\\\/\"},\"sameAs\":[\"https:\\\/\\\/x.com\\\/idiv\",\"https:\\\/\\\/www.linkedin.com\\\/company\\\/idiv-biodiversity\\\/\",\"https:\\\/\\\/www.youtube.com\\\/idiv-research\"]},{\"@type\":\"Person\",\"@id\":\"https:\\\/\\\/www.idiv.de\\\/de\\\/#\\\/schema\\\/person\\\/40f28ea3f850d3758ec47d71e0dd7b66\",\"name\":\"Beate Horn\",\"url\":\"https:\\\/\\\/www.idiv.de\\\/de\\\/author\\\/beate-horn\\\/\"}]}<\/script>\n<!-- \/ Yoast SEO plugin. -->","yoast_head_json":{"title":"Global Greening: Das Gr\u00fcn der Erde verschiebt sich | iDiv","robots":{"index":"index","follow":"follow","max-snippet":"max-snippet:-1","max-image-preview":"max-image-preview:large","max-video-preview":"max-video-preview:-1"},"canonical":"https:\/\/www.idiv.de\/de\/global-greening-das-gruen-der-erde-verschiebt-sich\/","og_locale":"de_DE","og_type":"article","og_title":"Global Greening: Das Gr\u00fcn der Erde verschiebt sich | iDiv","og_url":"https:\/\/www.idiv.de\/de\/global-greening-das-gruen-der-erde-verschiebt-sich\/","og_site_name":"iDiv","article_published_time":"2026-02-23T20:00:00+00:00","og_image":[{"width":1200,"height":675,"url":"https:\/\/www.idiv.de\/wp-content\/uploads\/2024\/11\/iDivSocialMediaShare.jpg","type":"image\/jpeg"}],"author":"Beate Horn","twitter_card":"summary_large_image","twitter_creator":"@idiv","twitter_site":"@idiv","schema":{"@context":"https:\/\/schema.org","@graph":[{"@type":"Article","@id":"https:\/\/www.idiv.de\/de\/global-greening-das-gruen-der-erde-verschiebt-sich\/#article","isPartOf":{"@id":"https:\/\/www.idiv.de\/de\/global-greening-das-gruen-der-erde-verschiebt-sich\/"},"author":{"name":"Beate Horn","@id":"https:\/\/www.idiv.de\/de\/#\/schema\/person\/40f28ea3f850d3758ec47d71e0dd7b66"},"headline":"Global Greening: Das Gr\u00fcn der Erde verschiebt sich","datePublished":"2026-02-23T20:00:00+00:00","mainEntityOfPage":{"@id":"https:\/\/www.idiv.de\/de\/global-greening-das-gruen-der-erde-verschiebt-sich\/"},"wordCount":9,"publisher":{"@id":"https:\/\/www.idiv.de\/de\/#organization"},"articleSection":["iDiv-Mitglieder","Medienmitteilung"],"inLanguage":"de"},{"@type":"WebPage","@id":"https:\/\/www.idiv.de\/de\/global-greening-das-gruen-der-erde-verschiebt-sich\/","url":"https:\/\/www.idiv.de\/de\/global-greening-das-gruen-der-erde-verschiebt-sich\/","name":"Global Greening: Das Gr\u00fcn der Erde verschiebt sich | iDiv","isPartOf":{"@id":"https:\/\/www.idiv.de\/de\/#website"},"datePublished":"2026-02-23T20:00:00+00:00","breadcrumb":{"@id":"https:\/\/www.idiv.de\/de\/global-greening-das-gruen-der-erde-verschiebt-sich\/#breadcrumb"},"inLanguage":"de","potentialAction":[{"@type":"ReadAction","target":["https:\/\/www.idiv.de\/de\/global-greening-das-gruen-der-erde-verschiebt-sich\/"]}]},{"@type":"BreadcrumbList","@id":"https:\/\/www.idiv.de\/de\/global-greening-das-gruen-der-erde-verschiebt-sich\/#breadcrumb","itemListElement":[{"@type":"ListItem","position":1,"name":"Startseite","item":"https:\/\/www.idiv.de\/de\/"},{"@type":"ListItem","position":2,"name":"Global Greening: Das Gr\u00fcn der Erde verschiebt sich"}]},{"@type":"WebSite","@id":"https:\/\/www.idiv.de\/de\/#website","url":"https:\/\/www.idiv.de\/de\/","name":"iDiv","description":"Hotspot in Biodiversity Research","publisher":{"@id":"https:\/\/www.idiv.de\/de\/#organization"},"potentialAction":[{"@type":"SearchAction","target":{"@type":"EntryPoint","urlTemplate":"https:\/\/www.idiv.de\/de\/?s={search_term_string}"},"query-input":{"@type":"PropertyValueSpecification","valueRequired":true,"valueName":"search_term_string"}}],"inLanguage":"de"},{"@type":"Organization","@id":"https:\/\/www.idiv.de\/de\/#organization","name":"idiv","url":"https:\/\/www.idiv.de\/de\/","logo":{"@type":"ImageObject","inLanguage":"de","@id":"https:\/\/www.idiv.de\/de\/#\/schema\/logo\/image\/","url":"https:\/\/www.idiv.de\/wp-content\/uploads\/2024\/08\/iDiv_Logo_long_v1_EN_black_4c.jpg","contentUrl":"https:\/\/www.idiv.de\/wp-content\/uploads\/2024\/08\/iDiv_Logo_long_v1_EN_black_4c.jpg","width":2448,"height":674,"caption":"idiv"},"image":{"@id":"https:\/\/www.idiv.de\/de\/#\/schema\/logo\/image\/"},"sameAs":["https:\/\/x.com\/idiv","https:\/\/www.linkedin.com\/company\/idiv-biodiversity\/","https:\/\/www.youtube.com\/idiv-research"]},{"@type":"Person","@id":"https:\/\/www.idiv.de\/de\/#\/schema\/person\/40f28ea3f850d3758ec47d71e0dd7b66","name":"Beate Horn","url":"https:\/\/www.idiv.de\/de\/author\/beate-horn\/"}]}},"author_meta":{"display_name":"Beate Horn","author_link":"https:\/\/www.idiv.de\/de\/author\/beate-horn\/"},"featured_img":null,"coauthors":[],"tax_additional":{"categories":{"linked":["<a href=\"https:\/\/www.idiv.de\/de\/kategorie\/idiv-mitglieder\/\" class=\"advgb-post-tax-term\">iDiv-Mitglieder<\/a>","<a href=\"https:\/\/www.idiv.de\/de\/kategorie\/medienmitteilung\/\" class=\"advgb-post-tax-term\">Medienmitteilung<\/a>"],"unlinked":["<span class=\"advgb-post-tax-term\">iDiv-Mitglieder<\/span>","<span class=\"advgb-post-tax-term\">Medienmitteilung<\/span>"]}},"comment_count":0,"relative_dates":{"created":"Ver\u00f6ffentlicht 2\u00a0Monaten vor","modified":"Aktualisiert 2\u00a0Monaten vor"},"absolute_dates":{"created":"Ver\u00f6ffentlicht am 23. Februar 2026","modified":"Aktualisiert am 23. Februar 2026"},"absolute_dates_time":{"created":"Ver\u00f6ffentlicht am 23. Februar 2026 21:00","modified":"Aktualisiert am 23. Februar 2026 12:48"},"featured_img_caption":"","series_order":"","_links":{"self":[{"href":"https:\/\/www.idiv.de\/de\/wp-json\/wp\/v2\/posts\/39836","targetHints":{"allow":["GET"]}}],"collection":[{"href":"https:\/\/www.idiv.de\/de\/wp-json\/wp\/v2\/posts"}],"about":[{"href":"https:\/\/www.idiv.de\/de\/wp-json\/wp\/v2\/types\/post"}],"author":[{"embeddable":true,"href":"https:\/\/www.idiv.de\/de\/wp-json\/wp\/v2\/users\/12"}],"replies":[{"embeddable":true,"href":"https:\/\/www.idiv.de\/de\/wp-json\/wp\/v2\/comments?post=39836"}],"version-history":[{"count":26,"href":"https:\/\/www.idiv.de\/de\/wp-json\/wp\/v2\/posts\/39836\/revisions"}],"predecessor-version":[{"id":40819,"href":"https:\/\/www.idiv.de\/de\/wp-json\/wp\/v2\/posts\/39836\/revisions\/40819"}],"wp:attachment":[{"href":"https:\/\/www.idiv.de\/de\/wp-json\/wp\/v2\/media?parent=39836"}],"wp:term":[{"taxonomy":"category","embeddable":true,"href":"https:\/\/www.idiv.de\/de\/wp-json\/wp\/v2\/categories?post=39836"},{"taxonomy":"post_tag","embeddable":true,"href":"https:\/\/www.idiv.de\/de\/wp-json\/wp\/v2\/tags?post=39836"}],"curies":[{"name":"wp","href":"https:\/\/api.w.org\/{rel}","templated":true}]}}