{"id":37620,"date":"2025-12-02T11:02:00","date_gmt":"2025-12-02T10:02:00","guid":{"rendered":"https:\/\/www.idiv.de\/?p=37620"},"modified":"2025-12-02T08:48:40","modified_gmt":"2025-12-02T07:48:40","slug":"rueckgang-von-insekten-biomasse-geht-mit-verlust-von-arten-einher","status":"publish","type":"post","link":"https:\/\/www.idiv.de\/de\/rueckgang-von-insekten-biomasse-geht-mit-verlust-von-arten-einher\/","title":{"rendered":"R\u00fcckgang von Insekten-Biomasse geht mit Verlust von Arten einher\u00a0"},"content":{"rendered":"<div class=\"herosection pb-24 pt-0 no-bg modulclass \" id=\"\">\n                    <div class=\"swiper1noslider  nooverflow heronews swiper thinslider\" id=\"slide_69f17b94b4f13\">\n        \n                <div class=\"swiper-wrapper\">\n                                            <div class=\"swiper-slide  style_\" aria-hidden=\"true\" >\n                            <div class=\"backstretchwrap\">\n                        \n                            <div datasrc=\"https:\/\/www.idiv.de\/wp-content\/uploads\/2025\/12\/Wildermuth_species-loss_Javesella_pellucida_Wikimedia-Nikk-scaled.jpg\" class=\"backstretchimg responsiv desktop\"><\/div>\n\n                            <a href=\"#\" class=\"cr\"><svg  xmlns=\"http:\/\/www.w3.org\/2000\/svg\" width=\"22\" height=\"22\" viewBox=\"0 0 22 22\">\n                                    <rect id=\"BG\" width=\"22\" height=\"22\" rx=\"11\" fill=\"#fff\"\/>\n                                    <g id=\"Wrapper\" transform=\"translate(-1 -1)\">\n                                        <g id=\"Icon_material-copyright\" data-name=\"Icon material-copyright\">\n                                            <circle id=\"Ellipse_30\" data-name=\"Ellipse 30\" cx=\"8\" cy=\"8\" r=\"8\" transform=\"translate(4 4)\" fill=\"#fff\"\/>\n                                            <path id=\"Icon_material-copyright-2\" data-name=\"Icon material-copyright\" d=\"M9.464,10.088a2.045,2.045,0,0,1,.24-.7,1.4,1.4,0,0,1,.472-.5,1.42,1.42,0,0,1,.728-.184,1.45,1.45,0,0,1,.5.1,1.29,1.29,0,0,1,.416.288,1.54,1.54,0,0,1,.272.424,1.4,1.4,0,0,1,.112.512H13.64a2.864,2.864,0,0,0-.224-1.032,2.4,2.4,0,0,0-.56-.808,2.613,2.613,0,0,0-.864-.528,3.09,3.09,0,0,0-1.112-.184,3.127,3.127,0,0,0-1.36.272,2.751,2.751,0,0,0-.96.736,3.007,3.007,0,0,0-.568,1.088A4.685,4.685,0,0,0,7.8,10.9v.216a4.684,4.684,0,0,0,.184,1.312,2.908,2.908,0,0,0,.568,1.08,2.731,2.731,0,0,0,.96.728,3.246,3.246,0,0,0,1.36.272,3.051,3.051,0,0,0,1.056-.184,2.729,2.729,0,0,0,.864-.5,2.442,2.442,0,0,0,.592-.752,2.153,2.153,0,0,0,.24-.92H12.192a1.139,1.139,0,0,1-.12.464,1.177,1.177,0,0,1-.288.368,1.26,1.26,0,0,1-.416.24,1.589,1.589,0,0,1-.48.08,1.359,1.359,0,0,1-.712-.184,1.4,1.4,0,0,1-.472-.5,2.09,2.09,0,0,1-.24-.7,5.392,5.392,0,0,1-.064-.8V10.9a5.33,5.33,0,0,1,.064-.808ZM11,3a8,8,0,1,0,8,8A8,8,0,0,0,11,3Zm0,14.4A6.4,6.4,0,1,1,17.4,11,6.408,6.408,0,0,1,11,17.4Z\" transform=\"translate(1 1)\" fill=\"#4d4d4d\"\/>\n                                        <\/g>\n                                    <\/g>\n                                <\/svg>\n                                <span>Wikimedia \/ Nikk<\/span><\/a>                        \n                                                    <div datasrc=\"https:\/\/www.idiv.de\/wp-content\/uploads\/2025\/12\/Wildermuth_species-loss_Javesella_pellucida_Wikimedia-Nikk-scaled.jpg\" class=\"backstretchimgmobile responsiv mobile\"><\/div>\n                                                    <\/div>\n                                        <div class=\"sliderinhalt \" role=\"region\" aria-label=\"carousel\">\n\n                                                \n\n                                                <p class=\"big align-center\" >02.12.2025 | Forschung, Medienmitteilung<\/p>                                            <h1 class=\"h1 tcenter\" >R\u00fcckgang von Insekten-Biomasse geht mit Verlust von Arten einher <\/h1>                                                    <p style=\"text-align: center;\"><span style=\"font-weight: 400;\">Eine neue Studie zeigt, dass \u00fcber 90 % des R\u00fcckgangs der Insektenbiomasse auf die sinkende Artenzahl zur\u00fcckzuf\u00fchren ist. Dies stellt ein Risiko f\u00fcr \u00d6kosystem-Funktionen dar.<\/span><\/p>\n                                                \n                                                                                                            <\/div>\n                                            <\/div>\n\n                        \n                 <\/div>\n\n                              <\/div>\n<\/div>\n\n<div class=\"textbildrepeater pb-24 pt-0 no-bg modulclass \" id=\"\">\n    <div class=\"container\">\n        <div class=\"row\">\n                                                                <div class=\"pb-24   mod_text  col-md-8 offset-md-2 pos_top\">\n                            <div class=\"textrepeater \" id=\"\">\n    <p><span style=\"font-weight: 400;\">Mehr als 90 Prozent des lokalen Insektenbiomasse\u2011R\u00fcckgangs in deutschen Gr\u00fcnlandfl\u00e4chen (Wiesen und Weiden) lassen sich auf Artenverluste zur\u00fcckf\u00fchren.<\/span><\/p>\n<p><span style=\"font-weight: 400;\">Die in der Fachzeitschrift <\/span><i><span style=\"font-weight: 400;\">Nature Ecology &amp; Evolution<\/span><\/i><span style=\"font-weight: 400;\"> ver\u00f6ffentlichten Ergebnisse beruhen auf Daten von zwei Forschungsprojekten, in denen Forschende \u00fcber einen Zeitraum von elf Jahren Arthropoden \u2013 Insekten und Spinnen \u2013 gez\u00e4hlt, bestimmt und ihre Masse berechnet haben. In der Studie bezieht sich die Gesamtbiomasse auf das Gewicht der Arthropoden in einer Gemeinschaft, also das Gesamtgewicht aller Insekten und Spinnen in den untersuchten \u00d6kosystemen.<\/span><\/p>\n<p><span style=\"font-weight: 400;\">Das internationales Forschungsteam unter der Leitung des Deutschen Zentrums f\u00fcr integrative Biodiversit\u00e4tsforschung (iDiv) und der Friedrich-Schiller-Universit\u00e4t Jena, stellte fest, dass der R\u00fcckgang der Biomasse im Lauf der Zeit haupts\u00e4chlich auf das Verschwinden h\u00e4ufiger Arten zur\u00fcckzuf\u00fchren ist. Das Verschwinden seltener Arten oder R\u00fcckg\u00e4nge der Abundanz \u2013 also der Zahl der Individuen \u2013 innerhalb verbleibender Arten spielten dagegen eine weitaus geringere Rolle.<\/span><\/p>\n<p><span style=\"font-weight: 400;\">\u201eUnsere Ergebnisse sind in zweierlei Hinsicht besorgniserregend: Zum einen nahm die Gesamt-Biomasse der Arthropoden ab, und zum anderen sind auch die Arten weniger und in ihren jeweiligen Beitr\u00e4gen zur Biomasse immer \u00e4hnlicher geworden\u201c, erkl\u00e4rt Dr. Benjamin Wildermuth von iDiv und der Universit\u00e4t Jena, Erstautor der Studie. \u201eAm Ende des Untersuchungszeitraums war der Artenverlust, unabh\u00e4ngig von Seltenheit oder Gr\u00f6\u00dfe, der Hauptgrund f\u00fcr den Biomasse-R\u00fcckgang.\u201c<\/span><\/p>\n<h2>Daten zur Biomasse erhoben unter unterschiedlichen Bewirtschaftungsbedingungen<\/h2>\n<p><span style=\"font-weight: 400;\">Die Daten der Studie stammen von zwei Forschungsprojekten in Deutschland: dem Jena-Experiment, das Gr\u00fcnland mit kontrollierten Pflanzenartenzahlen untersucht, und den Biodiversit\u00e4ts-Exploratorien, Beobachtungsgebiete, in denen Gr\u00fcnland unterschiedlicher Nutzungsintensit\u00e4t erfasst wird.<\/span><\/p>\n<p><span style=\"font-weight: 400;\">Die Forscherinnen und Forscher verwendeten \u00f6kologische Modellierungen, um die Ver\u00e4nderungen der Biomasse von Arthropoden im Laufe der Jahre zu verfolgen. Dabei stellten sie die Frage, ob der R\u00fcckgang der Biomasse von Arthropoden eher davon bestimmt wird,<\/span><i><span style=\"font-weight: 400;\"> wie viele <\/span><\/i><span style=\"font-weight: 400;\">Arten verschwinden, oder davon,<\/span><i><span style=\"font-weight: 400;\"> welche<\/span><\/i><span style=\"font-weight: 400;\"> Arten verloren gehen bzw. ersetzt werden. Sie untersuchten auch die Auswirkungen des R\u00fcckgangs der Abundanz bei den verbleibenden Arten. Diese Unterscheidungen, insbesondere zwischen der Zahl der verlorenen Arten und der Identit\u00e4t dieser Arten, sind ein wichtiges und einzigartiges Merkmal der Studie.<\/span><\/p>\n<p><span style=\"font-weight: 400;\">In den ersten Jahren zeigten die Daten, dass die Identit\u00e4t der Arten eine Rolle spielte: Der Verlust seltener, aber gr\u00f6\u00dferer Arten hatte einen \u00fcberproportionalen Einfluss auf die Ver\u00e4nderung der Biomasse und d\u00e4mpfte den R\u00fcckgang der Gesamtbiomasse. Ein Beispiel hierf\u00fcr ist der Unterschied zwischen dem Verlust einer gro\u00dfen, aber seltenen Heuschrecke und einem kleinen, aber h\u00e4ufig vorkommenden Flohk\u00e4fer, wobei es sich hierbei nur um ein Beispiel handelt, das nicht aus der Studie selbst stammt. Sp\u00e4ter trugen alle Arten gleicherma\u00dfen zum R\u00fcckgang der Biomasse bei. Die Forschenden fanden auch heraus, dass der R\u00fcckgang der H\u00e4ufigkeit innerhalb der verbleibenden Arten im Laufe der Zeit nur f\u00fcnf bis acht Prozent des R\u00fcckgangs ausmacht.<\/span><\/p>\n<p><span style=\"font-weight: 400;\">Eine weitere Erkenntnis war, dass eine hohe Pflanzenartenzahl und eine geringe Nutzungsintensit\u00e4t gr\u00f6\u00dfere Gemeinschaften von Arthropoden f\u00f6rderten \u2013 in Bezug auf Biomasse, Artenvielfalt und Abundanz \u2013 und dazu f\u00fchrten, dass sich die Biomasse auf viele Arten unterschiedlicher Gr\u00f6\u00dfe und Abundanz verteilte.<\/span><\/p>\n<h2><span style=\"font-weight: 400;\">Jede Art ist wichtig<\/span><\/h2>\n<p><span style=\"font-weight: 400;\">Arthropoden sind ein unverzichtbares Glied in den Nahrungsnetzen von Gr\u00fcnland. Wenn die Gesamtbiomasse abnimmt und sich auf wenige Arten konzentriert, verlieren die Lebensgemeinschaften an Vielfalt und werden anf\u00e4lliger f\u00fcr Umweltbelastungen.\u00a0<\/span><\/p>\n<p><span style=\"font-weight: 400;\">Hintergrund der Studie war die Sorge, dass eine abnehmende Arthropodenbiomasse die Nahrungsnetze schw\u00e4chen und die Funktionen der \u00d6kosysteme st\u00f6ren k\u00f6nnte \u2013 vom N\u00e4hrstoff- und Kohlenstoffkreislauf bis hin zum Energiefluss zu Arten, die sich von Arthropoden ern\u00e4hren.<\/span><\/p>\n<p><span style=\"font-weight: 400;\">\u201eUnsere Studie zeigt erneut, dass ein wirksamer Naturschutz einen ganzheitlichen Ansatz erfordert\u201c, sagt iDiv-Mitglied Dr. Anne Ebeling von der Friedrich-Schiller-Universit\u00e4t Jena, Senior-Autorin der Studie. \u201eJede Art spielt eine Rolle f\u00fcr das Funktionieren eines \u00d6kosystems, daher k\u00f6nnen wir es uns nicht leisten, auch nur eine davon zu verlieren.\u201c<\/span><\/p>\n<p><span style=\"font-weight: 400;\">Die Autorinnen und Autoren sehen eine m\u00f6gliche Strategie gegen die Abnahme der Arthropoden-Vielfalt darin, Gr\u00fcnland zu diversifizieren und bestehendes, artenreiches Gr\u00fcnland zu erhalten. Sie weisen jedoch darauf hin, dass die Ergebnisse mit Vorsicht zu interpretieren sind, da nur lokale Arthropodengemeinschaften in Gr\u00fcnland gem\u00e4\u00dfigter Breiten untersucht wurden.<\/span><\/p>\n<p>&nbsp;<\/p>\n<h3>Originalpublikation<\/h3>\n<p><span style=\"font-weight: 400;\">(Wissenschaftlerinnen und Wissenschaftler mit iDiv-Affiliation fett gedruckt)<\/span><\/p>\n<p><b>Wildermuth, B.<\/b><span style=\"font-weight: 400;\">, Br\u00f6cher, M., <\/span><b>Ladouceur, E.,<\/b><span style=\"font-weight: 400;\"> Meyer, S. T., <\/span><b>Schielzeth, H.,<\/b><span style=\"font-weight: 400;\"> Staab, M., Achury, R., Bl\u00fcthgen, N., Hertzog, L., <\/span><b>Hines, J.,<\/b> <b>Roscher, C.,<\/b> <b>Schweiger, O.,<\/b><span style=\"font-weight: 400;\"> Weisser, W. W., <\/span><b>Ebeling, A.<\/b><span style=\"font-weight: 400;\"> (2025). Arthropod species loss underpins biomass declines. <\/span><i><span style=\"font-weight: 400;\">Nature Ecology &amp; Evolution.<\/span><\/i><span style=\"font-weight: 400;\"> DOI: <\/span><a href=\"https:\/\/doi.org\/10.1038\/s41559-025-02909-y\"><span style=\"font-weight: 400;\">https:\/\/doi.org\/10.1038\/s41559-025-02909-y<\/span><\/a><\/p>\n<h3><\/h3>\n<h3>Ansprechpartner<\/h3>\n<p><b>Dr. Benjamin Wildermuth<br \/>\n<\/b>Deutsches Zentrum f\u00fcr integrative Biodiversit\u00e4tsforschung (iDiv) Halle-Jena-Leipzig<br \/>\nFriedrich-Schiller Universit\u00e4t Jena<br \/>\nE-Mail: &#x62;&#101;n&#x6a;&#x61;&#109;i&#x6e;&#x2e;&#119;i&#x6c;&#100;e&#x72;&#x6d;&#117;t&#x68;&#x40;&#105;d&#x69;&#118;&#46;&#x64;&#x65;<\/p>\n<p><b>Christine Coester<br \/>\n<\/b>Medien und Kommunikation<br \/>\nDeutsches Zentrum f\u00fcr integrative Biodiversit\u00e4tsforschung (iDiv) Halle-Jena-Leipzig<br \/>\nTelefon: +49 341 9733197<br \/>\nE-Mail: &#x63;&#x68;&#114;&#105;st&#x69;&#x6e;&#x65;&#46;co&#x65;&#x73;&#x74;&#101;&#114;&#64;&#x69;&#x64;&#x69;&#118;&#46;d&#x65;<\/p>\n<\/div>\n                            <\/div>\n                                                                    <div class=\"pb-24   mod_bild  col-md-4 offset-md-2 pos_top\">\n                            <div class=\"bildrepeater \" id=\"\">\n    <div class=\"relativ\"><img decoding=\"async\" class=\"responsiv desktop\" src=\"https:\/\/www.idiv.de\/wp-content\/uploads\/2025\/12\/Wildermuth_species-loss_Javesella_pellucida_Wikimedia-Nikk-scaled.jpg\" height=\"\" width=\"\" alt=\"idiv-\"\/><img decoding=\"async\" class=\"responsiv mobile\" src=\"https:\/\/www.idiv.de\/wp-content\/uploads\/2025\/12\/Wildermuth_species-loss_Javesella_pellucida_Wikimedia-Nikk-scaled.jpg\" height=\"\" width=\"\" alt=\"idiv-\"\/><a href=\"#\" class=\"cr\" role=\"button\">\n<svg  xmlns=\"http:\/\/www.w3.org\/2000\/svg\" width=\"22\" height=\"22\" viewBox=\"0 0 22 22\">\n    <rect id=\"BG\" width=\"22\" height=\"22\" rx=\"11\" fill=\"#fff\"\/>\n    <g id=\"Wrapper\" transform=\"translate(-1 -1)\">\n        <g id=\"Icon_material-copyright\" data-name=\"Icon material-copyright\">\n            <circle id=\"Ellipse_30\" data-name=\"Ellipse 30\" cx=\"8\" cy=\"8\" r=\"8\" transform=\"translate(4 4)\" fill=\"#fff\"\/>\n            <path id=\"Icon_material-copyright-2\" data-name=\"Icon material-copyright\" d=\"M9.464,10.088a2.045,2.045,0,0,1,.24-.7,1.4,1.4,0,0,1,.472-.5,1.42,1.42,0,0,1,.728-.184,1.45,1.45,0,0,1,.5.1,1.29,1.29,0,0,1,.416.288,1.54,1.54,0,0,1,.272.424,1.4,1.4,0,0,1,.112.512H13.64a2.864,2.864,0,0,0-.224-1.032,2.4,2.4,0,0,0-.56-.808,2.613,2.613,0,0,0-.864-.528,3.09,3.09,0,0,0-1.112-.184,3.127,3.127,0,0,0-1.36.272,2.751,2.751,0,0,0-.96.736,3.007,3.007,0,0,0-.568,1.088A4.685,4.685,0,0,0,7.8,10.9v.216a4.684,4.684,0,0,0,.184,1.312,2.908,2.908,0,0,0,.568,1.08,2.731,2.731,0,0,0,.96.728,3.246,3.246,0,0,0,1.36.272,3.051,3.051,0,0,0,1.056-.184,2.729,2.729,0,0,0,.864-.5,2.442,2.442,0,0,0,.592-.752,2.153,2.153,0,0,0,.24-.92H12.192a1.139,1.139,0,0,1-.12.464,1.177,1.177,0,0,1-.288.368,1.26,1.26,0,0,1-.416.24,1.589,1.589,0,0,1-.48.08,1.359,1.359,0,0,1-.712-.184,1.4,1.4,0,0,1-.472-.5,2.09,2.09,0,0,1-.24-.7,5.392,5.392,0,0,1-.064-.8V10.9a5.33,5.33,0,0,1,.064-.808ZM11,3a8,8,0,1,0,8,8A8,8,0,0,0,11,3Zm0,14.4A6.4,6.4,0,1,1,17.4,11,6.408,6.408,0,0,1,11,17.4Z\" transform=\"translate(1 1)\" fill=\"#4d4d4d\"\/>\n        <\/g>\n    <\/g>\n<\/svg>\n<span>Wikimedia \/ Nikk<\/span><\/a><\/div><p class=\"bu\">Die untersuchten Insekten unterschieden sich hinsichtlich ihrer Biomasse.<\/p><\/div>\n                            <\/div>\n                                                                    <div class=\"pb-0   mod_link  col-md-2 offset-md-0 pos_tleft\">\n                            <div class=\"btncf-block  tleft\" id=\"\">\n            <a href=\"https:\/\/www.idiv.de\/wp-content\/uploads\/2025\/12\/Wildermuth_species-loss_Javesella_pellucida_Wikimedia-Nikk-scaled.jpg\"\n           class=\"mr-24 btncf normal\"\n           target=\"_blank\">Herunterladen                            <svg xmlns=\"http:\/\/www.w3.org\/2000\/svg\" width=\"7.621\" height=\"12.243\" aria-hidden=\"true\"\n                     viewBox=\"0 0 7.621 12.243\">\n                    <path id=\"Icon_feather-chevron-right\" data-name=\"Icon feather-chevron-right\"\n                          d=\"M17.5,17l-4-4,4-4\" transform=\"translate(19.621 19.121) rotate(180)\" fill=\"none\"\n                          stroke=\"#447226\" stroke-linecap=\"round\" stroke-linejoin=\"round\" stroke-width=\"3\"\/>\n                <\/svg>\n                    <\/a>\n    <\/div>                            <\/div>\n                                                                    <div class=\"pb-24   mod_bild  col-md-4 offset-md-2 pos_top\">\n                            <div class=\"bildrepeater \" id=\"\">\n    <div class=\"relativ\"><img decoding=\"async\" class=\"responsiv desktop\" src=\"https:\/\/www.idiv.de\/wp-content\/uploads\/2025\/12\/Jena_Experiment_A.-Ebeling.jpeg\" height=\"\" width=\"\" alt=\"idiv-\"\/><img decoding=\"async\" class=\"responsiv mobile\" src=\"https:\/\/www.idiv.de\/wp-content\/uploads\/2025\/12\/Jena_Experiment_A.-Ebeling.jpeg\" height=\"\" width=\"\" alt=\"idiv-\"\/><a href=\"#\" class=\"cr\" role=\"button\">\n<svg  xmlns=\"http:\/\/www.w3.org\/2000\/svg\" width=\"22\" height=\"22\" viewBox=\"0 0 22 22\">\n    <rect id=\"BG\" width=\"22\" height=\"22\" rx=\"11\" fill=\"#fff\"\/>\n    <g id=\"Wrapper\" transform=\"translate(-1 -1)\">\n        <g id=\"Icon_material-copyright\" data-name=\"Icon material-copyright\">\n            <circle id=\"Ellipse_30\" data-name=\"Ellipse 30\" cx=\"8\" cy=\"8\" r=\"8\" transform=\"translate(4 4)\" fill=\"#fff\"\/>\n            <path id=\"Icon_material-copyright-2\" data-name=\"Icon material-copyright\" d=\"M9.464,10.088a2.045,2.045,0,0,1,.24-.7,1.4,1.4,0,0,1,.472-.5,1.42,1.42,0,0,1,.728-.184,1.45,1.45,0,0,1,.5.1,1.29,1.29,0,0,1,.416.288,1.54,1.54,0,0,1,.272.424,1.4,1.4,0,0,1,.112.512H13.64a2.864,2.864,0,0,0-.224-1.032,2.4,2.4,0,0,0-.56-.808,2.613,2.613,0,0,0-.864-.528,3.09,3.09,0,0,0-1.112-.184,3.127,3.127,0,0,0-1.36.272,2.751,2.751,0,0,0-.96.736,3.007,3.007,0,0,0-.568,1.088A4.685,4.685,0,0,0,7.8,10.9v.216a4.684,4.684,0,0,0,.184,1.312,2.908,2.908,0,0,0,.568,1.08,2.731,2.731,0,0,0,.96.728,3.246,3.246,0,0,0,1.36.272,3.051,3.051,0,0,0,1.056-.184,2.729,2.729,0,0,0,.864-.5,2.442,2.442,0,0,0,.592-.752,2.153,2.153,0,0,0,.24-.92H12.192a1.139,1.139,0,0,1-.12.464,1.177,1.177,0,0,1-.288.368,1.26,1.26,0,0,1-.416.24,1.589,1.589,0,0,1-.48.08,1.359,1.359,0,0,1-.712-.184,1.4,1.4,0,0,1-.472-.5,2.09,2.09,0,0,1-.24-.7,5.392,5.392,0,0,1-.064-.8V10.9a5.33,5.33,0,0,1,.064-.808ZM11,3a8,8,0,1,0,8,8A8,8,0,0,0,11,3Zm0,14.4A6.4,6.4,0,1,1,17.4,11,6.408,6.408,0,0,1,11,17.4Z\" transform=\"translate(1 1)\" fill=\"#4d4d4d\"\/>\n        <\/g>\n    <\/g>\n<\/svg>\n<span>A. Ebeling<\/span><\/a><\/div><p class=\"bu\">Teil der Daten wurden beim Jena-Experiment erhoben, einem der zwei Forschungsprogrammen, die in der Studie vorkommen.<\/p><\/div>\n                            <\/div>\n                                                                    <div class=\"pb-0   mod_link  col-md-2 offset-md-0 pos_tleft\">\n                            <div class=\"btncf-block  tleft\" id=\"\">\n            <a href=\"https:\/\/www.idiv.de\/wp-content\/uploads\/2025\/12\/Jena_Experiment_A.-Ebeling.jpeg\"\n           class=\"mr-24 btncf normal\"\n           target=\"_blank\">Herunterladen                            <svg xmlns=\"http:\/\/www.w3.org\/2000\/svg\" width=\"7.621\" height=\"12.243\" aria-hidden=\"true\"\n                     viewBox=\"0 0 7.621 12.243\">\n                    <path id=\"Icon_feather-chevron-right\" data-name=\"Icon feather-chevron-right\"\n                          d=\"M17.5,17l-4-4,4-4\" transform=\"translate(19.621 19.121) rotate(180)\" fill=\"none\"\n                          stroke=\"#447226\" stroke-linecap=\"round\" stroke-linejoin=\"round\" stroke-width=\"3\"\/>\n                <\/svg>\n                    <\/a>\n    <\/div>                            <\/div>\n                                                                    <div class=\"pb-24   mod_text  col-md-8 offset-md-2 pos_top\">\n                            <div class=\"textrepeater \" id=\"\">\n    <p><i><span style=\"font-weight: 400;\">Hinweis f\u00fcr die Medien: Die von iDiv bereitgestellten Bilder d\u00fcrfen ausschlie\u00dflich f\u00fcr die Berichterstattung im Zusammenhang mit dieser Medienmitteilung und unter Angabe des\/der Urhebers\/in verwendet werden.<\/span><\/i><\/p>\n<\/div>\n                            <\/div>\n                        <\/div>\n    <\/div>\n<\/div>","protected":false},"excerpt":{"rendered":"","protected":false},"author":6,"featured_media":0,"comment_status":"closed","ping_status":"closed","sticky":false,"template":"","format":"standard","meta":{"_acf_changed":false,"advgb_blocks_editor_width":"","advgb_blocks_columns_visual_guide":"","footnotes":"","_links_to":"","_links_to_target":""},"categories":[37,29],"tags":[],"class_list":["post-37620","post","type-post","status-publish","format-standard","hentry","category-forschung","category-medienmitteilung"],"acf":{"thumb":37615,"thumbmobile":37615,"copyright":"Wikimedia \/ Nikk","breadcrumb":true},"yoast_head":"<!-- This site is optimized with the Yoast SEO plugin v27.4 - https:\/\/yoast.com\/product\/yoast-seo-wordpress\/ -->\n<title>R\u00fcckgang von Insekten-Biomasse geht mit Verlust von Arten einher\u00a0 | iDiv<\/title>\n<meta name=\"description\" content=\"Eine neue Studie zeigt, dass \u00fcber 90 % des R\u00fcckgangs der Insektenbiomasse auf die sinkende Artenzahl zur\u00fcckzuf\u00fchren ist.\" \/>\n<meta name=\"robots\" content=\"index, follow, max-snippet:-1, max-image-preview:large, max-video-preview:-1\" \/>\n<link rel=\"canonical\" href=\"https:\/\/www.idiv.de\/de\/rueckgang-von-insekten-biomasse-geht-mit-verlust-von-arten-einher\/\" \/>\n<meta property=\"og:locale\" content=\"de_DE\" \/>\n<meta property=\"og:type\" content=\"article\" \/>\n<meta property=\"og:title\" content=\"R\u00fcckgang von Insekten-Biomasse geht mit Verlust von Arten einher\" \/>\n<meta property=\"og:description\" content=\"Eine neue Studie zeigt, dass \u00fcber 90 % des R\u00fcckgangs der Insektenbiomasse auf die sinkende Artenzahl zur\u00fcckzuf\u00fchren ist. Dies stellt ein Risiko f\u00fcr \u00d6kosystem-Funktionen dar.\" \/>\n<meta property=\"og:url\" content=\"https:\/\/www.idiv.de\/de\/rueckgang-von-insekten-biomasse-geht-mit-verlust-von-arten-einher\/\" \/>\n<meta property=\"og:site_name\" content=\"iDiv\" \/>\n<meta property=\"article:published_time\" content=\"2025-12-02T10:02:00+00:00\" \/>\n<meta property=\"og:image\" content=\"https:\/\/www.idiv.de\/wp-content\/uploads\/2025\/12\/Wildermuth_species-loss_Javesella_pellucida_Wikimedia-Nikk-scaled.jpg\" \/>\n\t<meta property=\"og:image:width\" content=\"2560\" \/>\n\t<meta property=\"og:image:height\" content=\"1436\" \/>\n\t<meta property=\"og:image:type\" content=\"image\/jpeg\" \/>\n<meta name=\"author\" content=\"Christine Coester\" \/>\n<meta name=\"twitter:card\" content=\"summary_large_image\" \/>\n<meta name=\"twitter:creator\" content=\"@idiv\" \/>\n<meta name=\"twitter:site\" content=\"@idiv\" \/>\n<script type=\"application\/ld+json\" class=\"yoast-schema-graph\">{\"@context\":\"https:\\\/\\\/schema.org\",\"@graph\":[{\"@type\":\"Article\",\"@id\":\"https:\\\/\\\/www.idiv.de\\\/de\\\/rueckgang-von-insekten-biomasse-geht-mit-verlust-von-arten-einher\\\/#article\",\"isPartOf\":{\"@id\":\"https:\\\/\\\/www.idiv.de\\\/de\\\/rueckgang-von-insekten-biomasse-geht-mit-verlust-von-arten-einher\\\/\"},\"author\":{\"name\":\"Christine Coester\",\"@id\":\"https:\\\/\\\/www.idiv.de\\\/de\\\/#\\\/schema\\\/person\\\/dedcb54e708b582d1a0878703f7b7fe4\"},\"headline\":\"R\u00fcckgang von Insekten-Biomasse geht mit Verlust von Arten einher\u00a0\",\"datePublished\":\"2025-12-02T10:02:00+00:00\",\"mainEntityOfPage\":{\"@id\":\"https:\\\/\\\/www.idiv.de\\\/de\\\/rueckgang-von-insekten-biomasse-geht-mit-verlust-von-arten-einher\\\/\"},\"wordCount\":10,\"publisher\":{\"@id\":\"https:\\\/\\\/www.idiv.de\\\/de\\\/#organization\"},\"articleSection\":[\"Forschung\",\"Medienmitteilung\"],\"inLanguage\":\"de\"},{\"@type\":\"WebPage\",\"@id\":\"https:\\\/\\\/www.idiv.de\\\/de\\\/rueckgang-von-insekten-biomasse-geht-mit-verlust-von-arten-einher\\\/\",\"url\":\"https:\\\/\\\/www.idiv.de\\\/de\\\/rueckgang-von-insekten-biomasse-geht-mit-verlust-von-arten-einher\\\/\",\"name\":\"R\u00fcckgang von Insekten-Biomasse geht mit Verlust von Arten einher\u00a0 | iDiv\",\"isPartOf\":{\"@id\":\"https:\\\/\\\/www.idiv.de\\\/de\\\/#website\"},\"datePublished\":\"2025-12-02T10:02:00+00:00\",\"description\":\"Eine neue Studie zeigt, dass \u00fcber 90 % des R\u00fcckgangs der Insektenbiomasse auf die sinkende Artenzahl zur\u00fcckzuf\u00fchren ist.\",\"breadcrumb\":{\"@id\":\"https:\\\/\\\/www.idiv.de\\\/de\\\/rueckgang-von-insekten-biomasse-geht-mit-verlust-von-arten-einher\\\/#breadcrumb\"},\"inLanguage\":\"de\",\"potentialAction\":[{\"@type\":\"ReadAction\",\"target\":[\"https:\\\/\\\/www.idiv.de\\\/de\\\/rueckgang-von-insekten-biomasse-geht-mit-verlust-von-arten-einher\\\/\"]}]},{\"@type\":\"BreadcrumbList\",\"@id\":\"https:\\\/\\\/www.idiv.de\\\/de\\\/rueckgang-von-insekten-biomasse-geht-mit-verlust-von-arten-einher\\\/#breadcrumb\",\"itemListElement\":[{\"@type\":\"ListItem\",\"position\":1,\"name\":\"Startseite\",\"item\":\"https:\\\/\\\/www.idiv.de\\\/de\\\/\"},{\"@type\":\"ListItem\",\"position\":2,\"name\":\"R\u00fcckgang von Insekten-Biomasse geht mit Verlust von Arten einher\u00a0\"}]},{\"@type\":\"WebSite\",\"@id\":\"https:\\\/\\\/www.idiv.de\\\/de\\\/#website\",\"url\":\"https:\\\/\\\/www.idiv.de\\\/de\\\/\",\"name\":\"iDiv\",\"description\":\"Hotspot in Biodiversity Research\",\"publisher\":{\"@id\":\"https:\\\/\\\/www.idiv.de\\\/de\\\/#organization\"},\"potentialAction\":[{\"@type\":\"SearchAction\",\"target\":{\"@type\":\"EntryPoint\",\"urlTemplate\":\"https:\\\/\\\/www.idiv.de\\\/de\\\/?s={search_term_string}\"},\"query-input\":{\"@type\":\"PropertyValueSpecification\",\"valueRequired\":true,\"valueName\":\"search_term_string\"}}],\"inLanguage\":\"de\"},{\"@type\":\"Organization\",\"@id\":\"https:\\\/\\\/www.idiv.de\\\/de\\\/#organization\",\"name\":\"idiv\",\"url\":\"https:\\\/\\\/www.idiv.de\\\/de\\\/\",\"logo\":{\"@type\":\"ImageObject\",\"inLanguage\":\"de\",\"@id\":\"https:\\\/\\\/www.idiv.de\\\/de\\\/#\\\/schema\\\/logo\\\/image\\\/\",\"url\":\"https:\\\/\\\/www.idiv.de\\\/wp-content\\\/uploads\\\/2024\\\/08\\\/iDiv_Logo_long_v1_EN_black_4c.jpg\",\"contentUrl\":\"https:\\\/\\\/www.idiv.de\\\/wp-content\\\/uploads\\\/2024\\\/08\\\/iDiv_Logo_long_v1_EN_black_4c.jpg\",\"width\":2448,\"height\":674,\"caption\":\"idiv\"},\"image\":{\"@id\":\"https:\\\/\\\/www.idiv.de\\\/de\\\/#\\\/schema\\\/logo\\\/image\\\/\"},\"sameAs\":[\"https:\\\/\\\/x.com\\\/idiv\",\"https:\\\/\\\/www.linkedin.com\\\/company\\\/idiv-biodiversity\\\/\",\"https:\\\/\\\/www.youtube.com\\\/idiv-research\"]},{\"@type\":\"Person\",\"@id\":\"https:\\\/\\\/www.idiv.de\\\/de\\\/#\\\/schema\\\/person\\\/dedcb54e708b582d1a0878703f7b7fe4\",\"name\":\"Christine Coester\",\"url\":\"https:\\\/\\\/www.idiv.de\\\/de\\\/author\\\/christine-coester\\\/\"}]}<\/script>\n<!-- \/ Yoast SEO plugin. -->","yoast_head_json":{"title":"R\u00fcckgang von Insekten-Biomasse geht mit Verlust von Arten einher\u00a0 | iDiv","description":"Eine neue Studie zeigt, dass \u00fcber 90 % des R\u00fcckgangs der Insektenbiomasse auf die sinkende Artenzahl zur\u00fcckzuf\u00fchren ist.","robots":{"index":"index","follow":"follow","max-snippet":"max-snippet:-1","max-image-preview":"max-image-preview:large","max-video-preview":"max-video-preview:-1"},"canonical":"https:\/\/www.idiv.de\/de\/rueckgang-von-insekten-biomasse-geht-mit-verlust-von-arten-einher\/","og_locale":"de_DE","og_type":"article","og_title":"R\u00fcckgang von Insekten-Biomasse geht mit Verlust von Arten einher","og_description":"Eine neue Studie zeigt, dass \u00fcber 90 % des R\u00fcckgangs der Insektenbiomasse auf die sinkende Artenzahl zur\u00fcckzuf\u00fchren ist. Dies stellt ein Risiko f\u00fcr \u00d6kosystem-Funktionen dar.","og_url":"https:\/\/www.idiv.de\/de\/rueckgang-von-insekten-biomasse-geht-mit-verlust-von-arten-einher\/","og_site_name":"iDiv","article_published_time":"2025-12-02T10:02:00+00:00","og_image":[{"width":2560,"height":1436,"url":"https:\/\/www.idiv.de\/wp-content\/uploads\/2025\/12\/Wildermuth_species-loss_Javesella_pellucida_Wikimedia-Nikk-scaled.jpg","type":"image\/jpeg"}],"author":"Christine Coester","twitter_card":"summary_large_image","twitter_creator":"@idiv","twitter_site":"@idiv","schema":{"@context":"https:\/\/schema.org","@graph":[{"@type":"Article","@id":"https:\/\/www.idiv.de\/de\/rueckgang-von-insekten-biomasse-geht-mit-verlust-von-arten-einher\/#article","isPartOf":{"@id":"https:\/\/www.idiv.de\/de\/rueckgang-von-insekten-biomasse-geht-mit-verlust-von-arten-einher\/"},"author":{"name":"Christine Coester","@id":"https:\/\/www.idiv.de\/de\/#\/schema\/person\/dedcb54e708b582d1a0878703f7b7fe4"},"headline":"R\u00fcckgang von Insekten-Biomasse geht mit Verlust von Arten einher\u00a0","datePublished":"2025-12-02T10:02:00+00:00","mainEntityOfPage":{"@id":"https:\/\/www.idiv.de\/de\/rueckgang-von-insekten-biomasse-geht-mit-verlust-von-arten-einher\/"},"wordCount":10,"publisher":{"@id":"https:\/\/www.idiv.de\/de\/#organization"},"articleSection":["Forschung","Medienmitteilung"],"inLanguage":"de"},{"@type":"WebPage","@id":"https:\/\/www.idiv.de\/de\/rueckgang-von-insekten-biomasse-geht-mit-verlust-von-arten-einher\/","url":"https:\/\/www.idiv.de\/de\/rueckgang-von-insekten-biomasse-geht-mit-verlust-von-arten-einher\/","name":"R\u00fcckgang von Insekten-Biomasse geht mit Verlust von Arten einher\u00a0 | iDiv","isPartOf":{"@id":"https:\/\/www.idiv.de\/de\/#website"},"datePublished":"2025-12-02T10:02:00+00:00","description":"Eine neue Studie zeigt, dass \u00fcber 90 % des R\u00fcckgangs der Insektenbiomasse auf die sinkende Artenzahl zur\u00fcckzuf\u00fchren ist.","breadcrumb":{"@id":"https:\/\/www.idiv.de\/de\/rueckgang-von-insekten-biomasse-geht-mit-verlust-von-arten-einher\/#breadcrumb"},"inLanguage":"de","potentialAction":[{"@type":"ReadAction","target":["https:\/\/www.idiv.de\/de\/rueckgang-von-insekten-biomasse-geht-mit-verlust-von-arten-einher\/"]}]},{"@type":"BreadcrumbList","@id":"https:\/\/www.idiv.de\/de\/rueckgang-von-insekten-biomasse-geht-mit-verlust-von-arten-einher\/#breadcrumb","itemListElement":[{"@type":"ListItem","position":1,"name":"Startseite","item":"https:\/\/www.idiv.de\/de\/"},{"@type":"ListItem","position":2,"name":"R\u00fcckgang von Insekten-Biomasse geht mit Verlust von Arten einher\u00a0"}]},{"@type":"WebSite","@id":"https:\/\/www.idiv.de\/de\/#website","url":"https:\/\/www.idiv.de\/de\/","name":"iDiv","description":"Hotspot in Biodiversity Research","publisher":{"@id":"https:\/\/www.idiv.de\/de\/#organization"},"potentialAction":[{"@type":"SearchAction","target":{"@type":"EntryPoint","urlTemplate":"https:\/\/www.idiv.de\/de\/?s={search_term_string}"},"query-input":{"@type":"PropertyValueSpecification","valueRequired":true,"valueName":"search_term_string"}}],"inLanguage":"de"},{"@type":"Organization","@id":"https:\/\/www.idiv.de\/de\/#organization","name":"idiv","url":"https:\/\/www.idiv.de\/de\/","logo":{"@type":"ImageObject","inLanguage":"de","@id":"https:\/\/www.idiv.de\/de\/#\/schema\/logo\/image\/","url":"https:\/\/www.idiv.de\/wp-content\/uploads\/2024\/08\/iDiv_Logo_long_v1_EN_black_4c.jpg","contentUrl":"https:\/\/www.idiv.de\/wp-content\/uploads\/2024\/08\/iDiv_Logo_long_v1_EN_black_4c.jpg","width":2448,"height":674,"caption":"idiv"},"image":{"@id":"https:\/\/www.idiv.de\/de\/#\/schema\/logo\/image\/"},"sameAs":["https:\/\/x.com\/idiv","https:\/\/www.linkedin.com\/company\/idiv-biodiversity\/","https:\/\/www.youtube.com\/idiv-research"]},{"@type":"Person","@id":"https:\/\/www.idiv.de\/de\/#\/schema\/person\/dedcb54e708b582d1a0878703f7b7fe4","name":"Christine Coester","url":"https:\/\/www.idiv.de\/de\/author\/christine-coester\/"}]}},"author_meta":{"display_name":"Christine Coester","author_link":"https:\/\/www.idiv.de\/de\/author\/christine-coester\/"},"featured_img":null,"coauthors":[],"tax_additional":{"categories":{"linked":["<a href=\"https:\/\/www.idiv.de\/de\/kategorie\/forschung\/\" class=\"advgb-post-tax-term\">Forschung<\/a>","<a href=\"https:\/\/www.idiv.de\/de\/kategorie\/medienmitteilung\/\" class=\"advgb-post-tax-term\">Medienmitteilung<\/a>"],"unlinked":["<span class=\"advgb-post-tax-term\">Forschung<\/span>","<span class=\"advgb-post-tax-term\">Medienmitteilung<\/span>"]}},"comment_count":0,"relative_dates":{"created":"Ver\u00f6ffentlicht 5\u00a0Monaten vor","modified":"Aktualisiert 5\u00a0Monaten vor"},"absolute_dates":{"created":"Ver\u00f6ffentlicht am 2. Dezember 2025","modified":"Aktualisiert am 2. Dezember 2025"},"absolute_dates_time":{"created":"Ver\u00f6ffentlicht am 2. Dezember 2025 11:02","modified":"Aktualisiert am 2. Dezember 2025 8:48"},"featured_img_caption":"","series_order":"","_links":{"self":[{"href":"https:\/\/www.idiv.de\/de\/wp-json\/wp\/v2\/posts\/37620","targetHints":{"allow":["GET"]}}],"collection":[{"href":"https:\/\/www.idiv.de\/de\/wp-json\/wp\/v2\/posts"}],"about":[{"href":"https:\/\/www.idiv.de\/de\/wp-json\/wp\/v2\/types\/post"}],"author":[{"embeddable":true,"href":"https:\/\/www.idiv.de\/de\/wp-json\/wp\/v2\/users\/6"}],"replies":[{"embeddable":true,"href":"https:\/\/www.idiv.de\/de\/wp-json\/wp\/v2\/comments?post=37620"}],"version-history":[{"count":4,"href":"https:\/\/www.idiv.de\/de\/wp-json\/wp\/v2\/posts\/37620\/revisions"}],"predecessor-version":[{"id":37627,"href":"https:\/\/www.idiv.de\/de\/wp-json\/wp\/v2\/posts\/37620\/revisions\/37627"}],"wp:attachment":[{"href":"https:\/\/www.idiv.de\/de\/wp-json\/wp\/v2\/media?parent=37620"}],"wp:term":[{"taxonomy":"category","embeddable":true,"href":"https:\/\/www.idiv.de\/de\/wp-json\/wp\/v2\/categories?post=37620"},{"taxonomy":"post_tag","embeddable":true,"href":"https:\/\/www.idiv.de\/de\/wp-json\/wp\/v2\/tags?post=37620"}],"curies":[{"name":"wp","href":"https:\/\/api.w.org\/{rel}","templated":true}]}}