{"id":37208,"date":"2025-11-13T11:19:20","date_gmt":"2025-11-13T10:19:20","guid":{"rendered":"https:\/\/www.idiv.de\/?p=37208"},"modified":"2025-11-13T11:11:37","modified_gmt":"2025-11-13T10:11:37","slug":"vielfalt-macht-walder-widerstandsfaehiger-gegenueber-klimawandel","status":"publish","type":"post","link":"https:\/\/www.idiv.de\/de\/vielfalt-macht-walder-widerstandsfaehiger-gegenueber-klimawandel\/","title":{"rendered":"Vielfalt macht W\u00e4lder widerstandsf\u00e4higer gegen\u00fcber dem Klimawandel"},"content":{"rendered":"<div class=\"herosection pb-24 pt-0 no-bg modulclass \" id=\"\">\n                    <div class=\"swiper1noslider  nooverflow heronews swiper thinslider\" id=\"slide_69f1f2c46a74f\">\n        \n                <div class=\"swiper-wrapper\">\n                                            <div class=\"swiper-slide  style_\" aria-hidden=\"true\" >\n                            <div class=\"backstretchwrap\">\n                        \n                            <div datasrc=\"https:\/\/www.idiv.de\/wp-content\/uploads\/2025\/11\/MyDiv_plots_during_Drought_2022_Sachsenmaier_2-1.jpg\" class=\"backstretchimg responsiv desktop\"><\/div>\n\n                            <a href=\"#\" class=\"cr\"><svg  xmlns=\"http:\/\/www.w3.org\/2000\/svg\" width=\"22\" height=\"22\" viewBox=\"0 0 22 22\">\n                                    <rect id=\"BG\" width=\"22\" height=\"22\" rx=\"11\" fill=\"#fff\"\/>\n                                    <g id=\"Wrapper\" transform=\"translate(-1 -1)\">\n                                        <g id=\"Icon_material-copyright\" data-name=\"Icon material-copyright\">\n                                            <circle id=\"Ellipse_30\" data-name=\"Ellipse 30\" cx=\"8\" cy=\"8\" r=\"8\" transform=\"translate(4 4)\" fill=\"#fff\"\/>\n                                            <path id=\"Icon_material-copyright-2\" data-name=\"Icon material-copyright\" d=\"M9.464,10.088a2.045,2.045,0,0,1,.24-.7,1.4,1.4,0,0,1,.472-.5,1.42,1.42,0,0,1,.728-.184,1.45,1.45,0,0,1,.5.1,1.29,1.29,0,0,1,.416.288,1.54,1.54,0,0,1,.272.424,1.4,1.4,0,0,1,.112.512H13.64a2.864,2.864,0,0,0-.224-1.032,2.4,2.4,0,0,0-.56-.808,2.613,2.613,0,0,0-.864-.528,3.09,3.09,0,0,0-1.112-.184,3.127,3.127,0,0,0-1.36.272,2.751,2.751,0,0,0-.96.736,3.007,3.007,0,0,0-.568,1.088A4.685,4.685,0,0,0,7.8,10.9v.216a4.684,4.684,0,0,0,.184,1.312,2.908,2.908,0,0,0,.568,1.08,2.731,2.731,0,0,0,.96.728,3.246,3.246,0,0,0,1.36.272,3.051,3.051,0,0,0,1.056-.184,2.729,2.729,0,0,0,.864-.5,2.442,2.442,0,0,0,.592-.752,2.153,2.153,0,0,0,.24-.92H12.192a1.139,1.139,0,0,1-.12.464,1.177,1.177,0,0,1-.288.368,1.26,1.26,0,0,1-.416.24,1.589,1.589,0,0,1-.48.08,1.359,1.359,0,0,1-.712-.184,1.4,1.4,0,0,1-.472-.5,2.09,2.09,0,0,1-.24-.7,5.392,5.392,0,0,1-.064-.8V10.9a5.33,5.33,0,0,1,.064-.808ZM11,3a8,8,0,1,0,8,8A8,8,0,0,0,11,3Zm0,14.4A6.4,6.4,0,1,1,17.4,11,6.408,6.408,0,0,1,11,17.4Z\" transform=\"translate(1 1)\" fill=\"#4d4d4d\"\/>\n                                        <\/g>\n                                    <\/g>\n                                <\/svg>\n                                <span>Lena Sachsenmaier<\/span><\/a>                        \n                                                    <\/div>\n                                        <div class=\"sliderinhalt \" role=\"region\" aria-label=\"carousel\">\n\n                                                \n\n                                                <p class=\"big align-center\" >13.11.2025 | Forschung, iDiv, Medienmitteilung<\/p>                                            <h1 class=\"h1 tcenter\" >Vielfalt macht W\u00e4lder widerstandsf\u00e4higer gegen\u00fcber dem Klimawandel<\/h1>                                                    <p style=\"text-align: center;\">Neue Studie in <em>Global Change Biology<\/em> zeigt, dass funktional gemischte W\u00e4lder besser auf anhaltende Trockenheit reagieren als gleichf\u00f6rmige Best\u00e4nde.<\/p>\n                                                \n                                                                                                            <\/div>\n                                            <\/div>\n\n                        \n                 <\/div>\n\n                              <\/div>\n<\/div>\n\n<div class=\"textbildrepeater pb-24 pt-0 no-bg modulclass \" id=\"\">\n    <div class=\"container\">\n        <div class=\"row\">\n                                                                <div class=\"pb-24   mod_text  col-md-8 offset-md-2 pos_top\">\n                            <div class=\"textrepeater \" id=\"\">\n    <p>D\u00fcrreperioden setzen Europas W\u00e4ldern massiv zu \u2013 und im Zuge des Klimawandels k\u00f6nnte ihre H\u00e4ufigkeit zunehmen. Doch Vielfalt hilft: Eine neue Studie unter Leitung des Deutschen Zentrums f\u00fcr integrative Biodiversit\u00e4tsforschung und der Universit\u00e4t Leipzig zeigt, dass W\u00e4lder widerstandsf\u00e4higer insbesondere gegen\u00fcber Trockenheit sind, wenn die B\u00e4ume unterschiedliche Strategien im Umgang mit Wasser verfolgen. Entscheidend ist dabei nicht allein, wie viele Arten vorkommen, sondern wie unterschiedlich sie Wasser aufnehmen, speichern und nutzen.<\/p>\n<p>Im Rahmen des Baumdiversit\u00e4tsexperiments MyDiv in Bad Lauchst\u00e4dt (Sachsen-Anhalt) untersuchte das Forschungsteam das Wachstum von 2.611 B\u00e4umen aus 10 europ\u00e4ischen Baumarten \u00fcber sechs Jahre (2016\u20132021). In diesen Zeitraum fiel auch die au\u00dfergew\u00f6hnliche D\u00fcrreperiode von 2018 bis 2020, unter der Waldbest\u00e4nde in ganz Europa litten.<\/p>\n<p>Anhand von 14 Eigenschaften, die beschreiben, wie ein Baum Wasser transportiert, speichert und den Wasserverlust reguliert, analysierten die Forschenden, wie sich die individuellen Wachstumsraten der B\u00e4ume ver\u00e4nderten. Denn: B\u00e4ume verfolgen unterschiedliche Strategien beim Umgang mit Wasser. Daher kommen einige Arten wie die Eiche oft relativ gut mit D\u00fcrren zurecht, wohingegen andere \u2013 etwa Birken \u2013 empfindlicher auf anhaltende Trockenheit reagieren.<\/p>\n<p><strong>Vielf\u00e4ltige Wassernutzungsstrategien stabilisieren Waldbest\u00e4nde<\/strong><\/p>\n<p>Das Ergebnis: B\u00e4ume mit hoher hydraulischer Sicherheit \u2013 also solche, deren Leitgewebe auch bei starker Trockenheit funktionst\u00fcchtig bleibt \u2013 und B\u00e4ume, die die winzigen Spalt\u00f6ffnungen ihrer Bl\u00e4tter gezielt schlie\u00dfen k\u00f6nnen, zeigten in D\u00fcrrejahren ein st\u00e4rkeres Wachstum als B\u00e4ume mit gegenteiligen Strategien im Umgang mit Wasser. Unter normalen Bedingungen dagegen hatten sie Nachteile.<\/p>\n<p>Diese Leistungsverschiebung zwischen nassen und trockenen Jahren verdeutlicht einen grundlegenden \u00f6kologischen Trade-off: \u201eEs gibt nicht die eine Strategie, die immer zu mehr Wachstum f\u00fchrt\u201c, erkl\u00e4rt Erstautorin Lena Sachsenmaier, Doktorandin bei iDiv und an der Universit\u00e4t Leipzig. \u201eWas unter normalen Bedingungen nachteilig ist, kann in D\u00fcrrejahren zum entscheidenden Vorteil werden.\u201d<\/p>\n<p><strong>Nachbarschaftshilfe unter B\u00e4umen<\/strong><\/p>\n<p>Eine weitere zentrale Erkenntnis: B\u00e4ume profitieren bei Trockenheit von funktional unterschiedlichen Nachbarn. Wenn die benachbarten B\u00e4ume andere Strategien im Umgang mit Wasser verfolgten, wuchsen sie in trockenen Jahren besser als neben Nachbarn mit \u00e4hnlichen Wassernutzungsstrategien. \u201eIn extremen D\u00fcrrejahren profitiere ich als Baum vor allem dann, wenn meine Nachbarn ganz andere Eigenschaften im Umgang mit Wasser besitzen\u201d, so Sachsenmaier. \u201eEntscheidend ist also nicht, dass m\u00f6glichst viele Arten um mich herumstehen, sondern dass sich die Strategien, mit Trockenheit umzugehen, m\u00f6glichst stark voneinander unterscheiden.\u201d<\/p>\n<p>Unterschiedliche Wassernutzungsstrategien wirken also wie eine nat\u00fcrliche Versicherung gegen D\u00fcrren. \u201eWenn wir beim Waldumbau gezielt auf unterschiedliche Strategien im Umgang mit Wasser achten, k\u00f6nnen wir die Stabilit\u00e4t gegen\u00fcber D\u00fcrren vermutlich erh\u00f6hen\u201c, erg\u00e4nzt Sachsenmaier.<\/p>\n<p><strong>Bedeutung f\u00fcr Forstwirtschaft und Klimaanpassung<\/strong><\/p>\n<p>Die Ergebnisse liefern wertvolle Anhaltspunkte f\u00fcr die Anpassung der europ\u00e4ischen W\u00e4lder an den Klimawandel. F\u00fcr die Praxis bedeutet das: Mischw\u00e4lder mit Arten, die unterschiedliche Wassernutzungsstrategien besitzen, k\u00f6nnten im Mittel stabiler bleiben als gleichartige Best\u00e4nde.<\/p>\n<p>\u201eUnsere MyDiv-Studie zeigt, dass der Schutz der W\u00e4lder im Klimawandel nicht nur eine Frage der Artenvielfalt ist, sondern auch der funktionalen Vielfalt\u201c, sagt Senior-Autor Christian Wirth, iDiv-Gr\u00fcndungsdirektor und Professor an der Universit\u00e4t Leipzig. \u201eWir kennen aber die Wassernutzungsstrategien unserer Baumflora und der B\u00e4ume, die wir im Zuge des Klimawandels bei uns erwarten, nur unzureichend. Deshalb untersuchen wir jetzt fast 100 verschiedene Baumarten in unserem Forschungsarboretum ARBOFun auf ihren Umgang mit Wasser. Wenn wir W\u00e4lder so umbauen, dass verschiedene Strategien zusammenwirken, dann machen wir sie fit f\u00fcr die Zukunft.\u201c<\/p>\n<p><em>\u00a0<\/em><\/p>\n<p><em>Das MyDiv-Experiment in Bad Lauchst\u00e4dt untersucht seit 2015 an ca. 11.200 B\u00e4umen, wie sich die Beziehungen zwischen verschiedenen Baumarten, Mykorrhiza-Typen und \u00d6kosystemfunktionen langfristig entwickeln. Die Studie wurde u. a. von der Deutschen Forschungsgemeinschaft (DFG; FTZ-118) gef\u00f6rdert.<\/em><\/p>\n<p>&nbsp;<\/p>\n<p>&nbsp;<\/p>\n<h3><strong>Originalpublikation<\/strong><\/h3>\n<p>(Forschende mit iDiv-Affiliation und Alumni sind fett hervorgehoben)<br \/>\n<strong>Lena Sachsenmaier<\/strong>, <strong>Florian Schnabel<\/strong>, Fon R. Tezeh, <strong>Pablo Castro S\u00e1nchez-Bermejo<\/strong>, <strong>Nico Eisenhauer<\/strong>, <strong>Olga Ferlian<\/strong>, Sylvia Haider, <strong>Ronny Richter<\/strong>, Sharath S. Paligi, Bernhard Schuldt, <strong>Christian Wirth<\/strong> (2025). Hydro-functional traits and their dissimilarity to the neighbourhood buffer tree growth against the 2018-2020 Central European drought. <em>Global Change Biology<\/em>, DOI: <a href=\"https:\/\/doi.org\/10.1111\/gcb.70588\" target=\"_blank\" aria-label=\"open in new tab\" rel=\"noopener\">10.1111\/gcb.70588<\/a><\/p>\n<h3><strong>Ansprechpersonen<\/strong><\/h3>\n<p><strong>Lena Sachsenmaier<\/strong><br \/>\nDeutsches Zentrum f\u00fcr integrative Biodiversit\u00e4tsforschung (iDiv) Halle-Jena-Leipzig<br \/>\nUniversit\u00e4t Leipzig<br \/>\n<a href=\"&#x6d;&#97;&#105;l&#x74;&#x6f;&#58;l&#x65;&#x6e;&#97;&#46;&#x73;&#x61;&#99;h&#x73;&#x65;&#110;m&#x61;&#x69;&#101;r&#x40;&#x69;&#100;&#105;v&#x2e;&#x64;&#101;\">&#108;&#x65;&#110;&#x61;&#46;&#x73;a&#99;&#x68;&#115;&#x65;&#110;&#x6d;a&#x69;e&#114;&#x40;&#105;&#x64;i&#x76;&#46;&#x64;&#x65;<\/a><\/p>\n<p><strong>Prof Dr Christian Wirth<\/strong><br \/>\nAbteilungsleiter Spezielle Botanik und Funktionelle Biodiversit\u00e4t der Universit\u00e4t Leipzig<br \/>\nDeutsches Zentrum f\u00fcr integrative Biodiversit\u00e4tsforschung (iDiv) Halle-Jena-Leipzig<br \/>\n<a href=\"&#109;&#x61;&#x69;l&#116;&#x6f;:&#99;&#x77;i&#114;&#x74;h&#64;&#x75;&#x6e;&#105;&#x2d;&#x6c;e&#105;&#x70;z&#105;&#x67;&#46;&#100;&#x65;\">cwirth&#64;&#117;&#110;&#105;&#45;&#108;&#101;&#x69;&#x70;&#x7a;&#x69;&#x67;&#x2e;&#x64;&#x65;<\/a><br \/>\n+49-341-97-38590<\/p>\n<p><strong>Kati Kietzmann<\/strong><br \/>\nMedien und Kommunikation<br \/>\nDeutsches Zentrum f\u00fcr integrative Biodiversit\u00e4tsforschung (iDiv) Halle-Jena-Leipzig<br \/>\n<a href=\"&#x6d;&#97;i&#x6c;&#116;o&#x3a;&#107;a&#x74;&#105;&#46;&#x6b;&#105;e&#x74;&#122;m&#x61;&#110;n&#x40;&#105;d&#x69;&#118;&#46;&#x64;&#101;\">&#107;&#x61;t&#105;&#x2e;k&#x69;&#x65;&#116;&#x7a;m&#97;&#x6e;n&#64;&#x69;&#100;&#x69;v&#46;&#x64;e<\/a><br \/>\n+49-341-97-39222<\/p>\n<\/div>\n                            <\/div>\n                                                                    <div class=\"pb-24   mod_bild  col-md-4 offset-md-2 pos_top\">\n                            <div class=\"bildrepeater \" id=\"\">\n    <div class=\"relativ\"><img decoding=\"async\" class=\"responsiv desktop\" src=\"https:\/\/www.idiv.de\/wp-content\/uploads\/2025\/11\/MyDiv_plots_during_Drought_2022_Sachsenmaier-e1762955457268.jpg\" height=\"\" width=\"\" alt=\"idiv-\"\/><img decoding=\"async\" class=\"responsiv mobile\" src=\"https:\/\/www.idiv.de\/wp-content\/uploads\/2025\/11\/MyDiv_plots_during_Drought_2022_Sachsenmaier-e1762955457268.jpg\" height=\"\" width=\"\" alt=\"idiv-\"\/><a href=\"#\" class=\"cr\" role=\"button\">\n<svg  xmlns=\"http:\/\/www.w3.org\/2000\/svg\" width=\"22\" height=\"22\" viewBox=\"0 0 22 22\">\n    <rect id=\"BG\" width=\"22\" height=\"22\" rx=\"11\" fill=\"#fff\"\/>\n    <g id=\"Wrapper\" transform=\"translate(-1 -1)\">\n        <g id=\"Icon_material-copyright\" data-name=\"Icon material-copyright\">\n            <circle id=\"Ellipse_30\" data-name=\"Ellipse 30\" cx=\"8\" cy=\"8\" r=\"8\" transform=\"translate(4 4)\" fill=\"#fff\"\/>\n            <path id=\"Icon_material-copyright-2\" data-name=\"Icon material-copyright\" d=\"M9.464,10.088a2.045,2.045,0,0,1,.24-.7,1.4,1.4,0,0,1,.472-.5,1.42,1.42,0,0,1,.728-.184,1.45,1.45,0,0,1,.5.1,1.29,1.29,0,0,1,.416.288,1.54,1.54,0,0,1,.272.424,1.4,1.4,0,0,1,.112.512H13.64a2.864,2.864,0,0,0-.224-1.032,2.4,2.4,0,0,0-.56-.808,2.613,2.613,0,0,0-.864-.528,3.09,3.09,0,0,0-1.112-.184,3.127,3.127,0,0,0-1.36.272,2.751,2.751,0,0,0-.96.736,3.007,3.007,0,0,0-.568,1.088A4.685,4.685,0,0,0,7.8,10.9v.216a4.684,4.684,0,0,0,.184,1.312,2.908,2.908,0,0,0,.568,1.08,2.731,2.731,0,0,0,.96.728,3.246,3.246,0,0,0,1.36.272,3.051,3.051,0,0,0,1.056-.184,2.729,2.729,0,0,0,.864-.5,2.442,2.442,0,0,0,.592-.752,2.153,2.153,0,0,0,.24-.92H12.192a1.139,1.139,0,0,1-.12.464,1.177,1.177,0,0,1-.288.368,1.26,1.26,0,0,1-.416.24,1.589,1.589,0,0,1-.48.08,1.359,1.359,0,0,1-.712-.184,1.4,1.4,0,0,1-.472-.5,2.09,2.09,0,0,1-.24-.7,5.392,5.392,0,0,1-.064-.8V10.9a5.33,5.33,0,0,1,.064-.808ZM11,3a8,8,0,1,0,8,8A8,8,0,0,0,11,3Zm0,14.4A6.4,6.4,0,1,1,17.4,11,6.408,6.408,0,0,1,11,17.4Z\" transform=\"translate(1 1)\" fill=\"#4d4d4d\"\/>\n        <\/g>\n    <\/g>\n<\/svg>\n<span>Lena Sachsenmaier<\/span><\/a><\/div><p class=\"bu\">Das MyDiv-Baumdiversit\u00e4tsexperiment w\u00e4hrend des D\u00fcrresommers 2022<\/p><\/div>\n                            <\/div>\n                                                                    <div class=\"pb-24   mod_bild  col-md-4 offset-md-0 pos_top\">\n                            <div class=\"bildrepeater \" id=\"\">\n    <div class=\"relativ\"><img decoding=\"async\" class=\"responsiv desktop\" src=\"https:\/\/www.idiv.de\/wp-content\/uploads\/2025\/11\/Leaf_Sampling_MyDiv_Guimaraes-Steinicke_web-e1762955304687.jpg\" height=\"\" width=\"\" alt=\"idiv-\"\/><img decoding=\"async\" class=\"responsiv mobile\" src=\"https:\/\/www.idiv.de\/wp-content\/uploads\/2025\/11\/Leaf_Sampling_MyDiv_Guimaraes-Steinicke_web-e1762955304687.jpg\" height=\"\" width=\"\" alt=\"idiv-\"\/><a href=\"#\" class=\"cr\" role=\"button\">\n<svg  xmlns=\"http:\/\/www.w3.org\/2000\/svg\" width=\"22\" height=\"22\" viewBox=\"0 0 22 22\">\n    <rect id=\"BG\" width=\"22\" height=\"22\" rx=\"11\" fill=\"#fff\"\/>\n    <g id=\"Wrapper\" transform=\"translate(-1 -1)\">\n        <g id=\"Icon_material-copyright\" data-name=\"Icon material-copyright\">\n            <circle id=\"Ellipse_30\" data-name=\"Ellipse 30\" cx=\"8\" cy=\"8\" r=\"8\" transform=\"translate(4 4)\" fill=\"#fff\"\/>\n            <path id=\"Icon_material-copyright-2\" data-name=\"Icon material-copyright\" d=\"M9.464,10.088a2.045,2.045,0,0,1,.24-.7,1.4,1.4,0,0,1,.472-.5,1.42,1.42,0,0,1,.728-.184,1.45,1.45,0,0,1,.5.1,1.29,1.29,0,0,1,.416.288,1.54,1.54,0,0,1,.272.424,1.4,1.4,0,0,1,.112.512H13.64a2.864,2.864,0,0,0-.224-1.032,2.4,2.4,0,0,0-.56-.808,2.613,2.613,0,0,0-.864-.528,3.09,3.09,0,0,0-1.112-.184,3.127,3.127,0,0,0-1.36.272,2.751,2.751,0,0,0-.96.736,3.007,3.007,0,0,0-.568,1.088A4.685,4.685,0,0,0,7.8,10.9v.216a4.684,4.684,0,0,0,.184,1.312,2.908,2.908,0,0,0,.568,1.08,2.731,2.731,0,0,0,.96.728,3.246,3.246,0,0,0,1.36.272,3.051,3.051,0,0,0,1.056-.184,2.729,2.729,0,0,0,.864-.5,2.442,2.442,0,0,0,.592-.752,2.153,2.153,0,0,0,.24-.92H12.192a1.139,1.139,0,0,1-.12.464,1.177,1.177,0,0,1-.288.368,1.26,1.26,0,0,1-.416.24,1.589,1.589,0,0,1-.48.08,1.359,1.359,0,0,1-.712-.184,1.4,1.4,0,0,1-.472-.5,2.09,2.09,0,0,1-.24-.7,5.392,5.392,0,0,1-.064-.8V10.9a5.33,5.33,0,0,1,.064-.808ZM11,3a8,8,0,1,0,8,8A8,8,0,0,0,11,3Zm0,14.4A6.4,6.4,0,1,1,17.4,11,6.408,6.408,0,0,1,11,17.4Z\" transform=\"translate(1 1)\" fill=\"#4d4d4d\"\/>\n        <\/g>\n    <\/g>\n<\/svg>\n<span>Claudia Guimar\u00e3es-Steinicke<\/span><\/a><\/div><p class=\"bu\">Probenahme von Bl\u00e4ttern aus dem oberen Kronenbereich einer MyDiv-Birkenmonokultur zur Untersuchung der Blatteigenschaften<\/p><\/div>\n                            <\/div>\n                                                                    <div class=\"pb-0   mod_link  col-md-4 offset-md-2 pos_tleft\">\n                            <div class=\"btncf-block  tleft\" id=\"\">\n            <a href=\"https:\/\/www.idiv.de\/wp-content\/uploads\/2025\/11\/MyDiv_plots_during_Drought_2022_Sachsenmaier.jpg\"\n           class=\"mr-24 btncf normal\"\n           target=\"_blank\">Foto herunterladen                            <svg xmlns=\"http:\/\/www.w3.org\/2000\/svg\" width=\"7.621\" height=\"12.243\" aria-hidden=\"true\"\n                     viewBox=\"0 0 7.621 12.243\">\n                    <path id=\"Icon_feather-chevron-right\" data-name=\"Icon feather-chevron-right\"\n                          d=\"M17.5,17l-4-4,4-4\" transform=\"translate(19.621 19.121) rotate(180)\" fill=\"none\"\n                          stroke=\"#447226\" stroke-linecap=\"round\" stroke-linejoin=\"round\" stroke-width=\"3\"\/>\n                <\/svg>\n                    <\/a>\n    <\/div>                            <\/div>\n                                                                    <div class=\"pb-0   mod_link  col-md-4 offset-md-0 pos_tleft\">\n                            <div class=\"btncf-block  tleft\" id=\"\">\n            <a href=\"https:\/\/www.idiv.de\/wp-content\/uploads\/2025\/11\/Leaf_Sampling_MyDiv_Guimaraes-Steinicke_web.jpg\"\n           class=\"mr-24 btncf normal\"\n           target=\"_blank\">Foto herunterladen                            <svg xmlns=\"http:\/\/www.w3.org\/2000\/svg\" width=\"7.621\" height=\"12.243\" aria-hidden=\"true\"\n                     viewBox=\"0 0 7.621 12.243\">\n                    <path id=\"Icon_feather-chevron-right\" data-name=\"Icon feather-chevron-right\"\n                          d=\"M17.5,17l-4-4,4-4\" transform=\"translate(19.621 19.121) rotate(180)\" fill=\"none\"\n                          stroke=\"#447226\" stroke-linecap=\"round\" stroke-linejoin=\"round\" stroke-width=\"3\"\/>\n                <\/svg>\n                    <\/a>\n    <\/div>                            <\/div>\n                                                                    <div class=\"pb-24   mod_text  col-md-8 offset-md-2 pos_top\">\n                            <div class=\"textrepeater \" id=\"\">\n    <p><i>Hinweis f\u00fcr die Medien: Die von iDiv bereitgestellten Bilder d\u00fcrfen ausschlie\u00dflich f\u00fcr die Berichterstattung im Zusammenhang mit dieser Medienmitteilung und unter Angabe des\/der Urhebers\/in verwendet werden.<\/i><\/p>\n<\/div>\n                            <\/div>\n                        <\/div>\n    <\/div>\n<\/div>\n\n\n<p><\/p>\n","protected":false},"excerpt":{"rendered":"","protected":false},"author":5,"featured_media":0,"comment_status":"closed","ping_status":"closed","sticky":false,"template":"","format":"standard","meta":{"_acf_changed":false,"advgb_blocks_editor_width":"","advgb_blocks_columns_visual_guide":"","footnotes":"","_links_to":"","_links_to_target":""},"categories":[37,28,29],"tags":[],"class_list":["post-37208","post","type-post","status-publish","format-standard","hentry","category-forschung","category-idiv-de","category-medienmitteilung"],"acf":{"thumb":37197,"thumbmobile":"","copyright":"Lena Sachsenmaier","breadcrumb":true},"yoast_head":"<!-- This site is optimized with the Yoast SEO plugin v27.5 - https:\/\/yoast.com\/product\/yoast-seo-wordpress\/ -->\n<title>Vielfalt macht W\u00e4lder widerstandsf\u00e4higer gegen\u00fcber dem Klimawandel | iDiv<\/title>\n<meta name=\"robots\" content=\"index, follow, max-snippet:-1, max-image-preview:large, max-video-preview:-1\" \/>\n<link rel=\"canonical\" href=\"https:\/\/www.idiv.de\/de\/vielfalt-macht-walder-widerstandsfaehiger-gegenueber-klimawandel\/\" \/>\n<meta property=\"og:locale\" content=\"de_DE\" \/>\n<meta property=\"og:type\" content=\"article\" \/>\n<meta property=\"og:title\" content=\"Vielfalt macht W\u00e4lder widerstandsf\u00e4higer gegen\u00fcber dem Klimawandel\" \/>\n<meta property=\"og:url\" content=\"https:\/\/www.idiv.de\/de\/vielfalt-macht-walder-widerstandsfaehiger-gegenueber-klimawandel\/\" \/>\n<meta property=\"og:site_name\" content=\"iDiv\" \/>\n<meta property=\"article:published_time\" content=\"2025-11-13T10:19:20+00:00\" \/>\n<meta property=\"og:image\" content=\"https:\/\/www.idiv.de\/wp-content\/uploads\/2025\/11\/MyDiv_plots_during_Drought_2022_Sachsenmaier_16-9-scaled.jpg\" \/>\n\t<meta property=\"og:image:width\" content=\"2560\" \/>\n\t<meta property=\"og:image:height\" content=\"1440\" \/>\n\t<meta property=\"og:image:type\" content=\"image\/jpeg\" \/>\n<meta name=\"author\" content=\"Kati Kietzmann\" \/>\n<meta name=\"twitter:card\" content=\"summary_large_image\" \/>\n<meta name=\"twitter:title\" content=\"Vielfalt macht W\u00e4lder widerstandsf\u00e4higer gegen\u00fcber dem Klimawandel\" \/>\n<meta name=\"twitter:image\" content=\"https:\/\/www.idiv.de\/wp-content\/uploads\/2025\/11\/MyDiv_plots_during_Drought_2022_Sachsenmaier_16-9-scaled.jpg\" \/>\n<meta name=\"twitter:creator\" content=\"@idiv\" \/>\n<meta name=\"twitter:site\" content=\"@idiv\" \/>\n<script type=\"application\/ld+json\" class=\"yoast-schema-graph\">{\"@context\":\"https:\\\/\\\/schema.org\",\"@graph\":[{\"@type\":\"Article\",\"@id\":\"https:\\\/\\\/www.idiv.de\\\/de\\\/vielfalt-macht-walder-widerstandsfaehiger-gegenueber-klimawandel\\\/#article\",\"isPartOf\":{\"@id\":\"https:\\\/\\\/www.idiv.de\\\/de\\\/vielfalt-macht-walder-widerstandsfaehiger-gegenueber-klimawandel\\\/\"},\"author\":{\"name\":\"Kati Kietzmann\",\"@id\":\"https:\\\/\\\/www.idiv.de\\\/de\\\/#\\\/schema\\\/person\\\/cef2ada932ae8594d7acf72fb615794e\"},\"headline\":\"Vielfalt macht W\u00e4lder widerstandsf\u00e4higer gegen\u00fcber dem Klimawandel\",\"datePublished\":\"2025-11-13T10:19:20+00:00\",\"mainEntityOfPage\":{\"@id\":\"https:\\\/\\\/www.idiv.de\\\/de\\\/vielfalt-macht-walder-widerstandsfaehiger-gegenueber-klimawandel\\\/\"},\"wordCount\":10,\"publisher\":{\"@id\":\"https:\\\/\\\/www.idiv.de\\\/de\\\/#organization\"},\"articleSection\":[\"Forschung\",\"iDiv\",\"Medienmitteilung\"],\"inLanguage\":\"de\"},{\"@type\":\"WebPage\",\"@id\":\"https:\\\/\\\/www.idiv.de\\\/de\\\/vielfalt-macht-walder-widerstandsfaehiger-gegenueber-klimawandel\\\/\",\"url\":\"https:\\\/\\\/www.idiv.de\\\/de\\\/vielfalt-macht-walder-widerstandsfaehiger-gegenueber-klimawandel\\\/\",\"name\":\"Vielfalt macht W\u00e4lder widerstandsf\u00e4higer gegen\u00fcber dem Klimawandel | iDiv\",\"isPartOf\":{\"@id\":\"https:\\\/\\\/www.idiv.de\\\/de\\\/#website\"},\"datePublished\":\"2025-11-13T10:19:20+00:00\",\"breadcrumb\":{\"@id\":\"https:\\\/\\\/www.idiv.de\\\/de\\\/vielfalt-macht-walder-widerstandsfaehiger-gegenueber-klimawandel\\\/#breadcrumb\"},\"inLanguage\":\"de\",\"potentialAction\":[{\"@type\":\"ReadAction\",\"target\":[\"https:\\\/\\\/www.idiv.de\\\/de\\\/vielfalt-macht-walder-widerstandsfaehiger-gegenueber-klimawandel\\\/\"]}]},{\"@type\":\"BreadcrumbList\",\"@id\":\"https:\\\/\\\/www.idiv.de\\\/de\\\/vielfalt-macht-walder-widerstandsfaehiger-gegenueber-klimawandel\\\/#breadcrumb\",\"itemListElement\":[{\"@type\":\"ListItem\",\"position\":1,\"name\":\"Startseite\",\"item\":\"https:\\\/\\\/www.idiv.de\\\/de\\\/\"},{\"@type\":\"ListItem\",\"position\":2,\"name\":\"Vielfalt macht W\u00e4lder widerstandsf\u00e4higer gegen\u00fcber dem Klimawandel\"}]},{\"@type\":\"WebSite\",\"@id\":\"https:\\\/\\\/www.idiv.de\\\/de\\\/#website\",\"url\":\"https:\\\/\\\/www.idiv.de\\\/de\\\/\",\"name\":\"iDiv\",\"description\":\"Hotspot in Biodiversity Research\",\"publisher\":{\"@id\":\"https:\\\/\\\/www.idiv.de\\\/de\\\/#organization\"},\"potentialAction\":[{\"@type\":\"SearchAction\",\"target\":{\"@type\":\"EntryPoint\",\"urlTemplate\":\"https:\\\/\\\/www.idiv.de\\\/de\\\/?s={search_term_string}\"},\"query-input\":{\"@type\":\"PropertyValueSpecification\",\"valueRequired\":true,\"valueName\":\"search_term_string\"}}],\"inLanguage\":\"de\"},{\"@type\":\"Organization\",\"@id\":\"https:\\\/\\\/www.idiv.de\\\/de\\\/#organization\",\"name\":\"idiv\",\"url\":\"https:\\\/\\\/www.idiv.de\\\/de\\\/\",\"logo\":{\"@type\":\"ImageObject\",\"inLanguage\":\"de\",\"@id\":\"https:\\\/\\\/www.idiv.de\\\/de\\\/#\\\/schema\\\/logo\\\/image\\\/\",\"url\":\"https:\\\/\\\/www.idiv.de\\\/wp-content\\\/uploads\\\/2024\\\/08\\\/iDiv_Logo_long_v1_EN_black_4c.jpg\",\"contentUrl\":\"https:\\\/\\\/www.idiv.de\\\/wp-content\\\/uploads\\\/2024\\\/08\\\/iDiv_Logo_long_v1_EN_black_4c.jpg\",\"width\":2448,\"height\":674,\"caption\":\"idiv\"},\"image\":{\"@id\":\"https:\\\/\\\/www.idiv.de\\\/de\\\/#\\\/schema\\\/logo\\\/image\\\/\"},\"sameAs\":[\"https:\\\/\\\/x.com\\\/idiv\",\"https:\\\/\\\/www.linkedin.com\\\/company\\\/idiv-biodiversity\\\/\",\"https:\\\/\\\/www.youtube.com\\\/idiv-research\"]},{\"@type\":\"Person\",\"@id\":\"https:\\\/\\\/www.idiv.de\\\/de\\\/#\\\/schema\\\/person\\\/cef2ada932ae8594d7acf72fb615794e\",\"name\":\"Kati Kietzmann\",\"url\":\"https:\\\/\\\/www.idiv.de\\\/de\\\/author\\\/kati-kietzmann\\\/\"}]}<\/script>\n<!-- \/ Yoast SEO plugin. -->","yoast_head_json":{"title":"Vielfalt macht W\u00e4lder widerstandsf\u00e4higer gegen\u00fcber dem Klimawandel | iDiv","robots":{"index":"index","follow":"follow","max-snippet":"max-snippet:-1","max-image-preview":"max-image-preview:large","max-video-preview":"max-video-preview:-1"},"canonical":"https:\/\/www.idiv.de\/de\/vielfalt-macht-walder-widerstandsfaehiger-gegenueber-klimawandel\/","og_locale":"de_DE","og_type":"article","og_title":"Vielfalt macht W\u00e4lder widerstandsf\u00e4higer gegen\u00fcber dem Klimawandel","og_url":"https:\/\/www.idiv.de\/de\/vielfalt-macht-walder-widerstandsfaehiger-gegenueber-klimawandel\/","og_site_name":"iDiv","article_published_time":"2025-11-13T10:19:20+00:00","og_image":[{"width":2560,"height":1440,"url":"https:\/\/www.idiv.de\/wp-content\/uploads\/2025\/11\/MyDiv_plots_during_Drought_2022_Sachsenmaier_16-9-scaled.jpg","type":"image\/jpeg"}],"author":"Kati Kietzmann","twitter_card":"summary_large_image","twitter_title":"Vielfalt macht W\u00e4lder widerstandsf\u00e4higer gegen\u00fcber dem Klimawandel","twitter_image":"https:\/\/www.idiv.de\/wp-content\/uploads\/2025\/11\/MyDiv_plots_during_Drought_2022_Sachsenmaier_16-9-scaled.jpg","twitter_creator":"@idiv","twitter_site":"@idiv","schema":{"@context":"https:\/\/schema.org","@graph":[{"@type":"Article","@id":"https:\/\/www.idiv.de\/de\/vielfalt-macht-walder-widerstandsfaehiger-gegenueber-klimawandel\/#article","isPartOf":{"@id":"https:\/\/www.idiv.de\/de\/vielfalt-macht-walder-widerstandsfaehiger-gegenueber-klimawandel\/"},"author":{"name":"Kati Kietzmann","@id":"https:\/\/www.idiv.de\/de\/#\/schema\/person\/cef2ada932ae8594d7acf72fb615794e"},"headline":"Vielfalt macht W\u00e4lder widerstandsf\u00e4higer gegen\u00fcber dem Klimawandel","datePublished":"2025-11-13T10:19:20+00:00","mainEntityOfPage":{"@id":"https:\/\/www.idiv.de\/de\/vielfalt-macht-walder-widerstandsfaehiger-gegenueber-klimawandel\/"},"wordCount":10,"publisher":{"@id":"https:\/\/www.idiv.de\/de\/#organization"},"articleSection":["Forschung","iDiv","Medienmitteilung"],"inLanguage":"de"},{"@type":"WebPage","@id":"https:\/\/www.idiv.de\/de\/vielfalt-macht-walder-widerstandsfaehiger-gegenueber-klimawandel\/","url":"https:\/\/www.idiv.de\/de\/vielfalt-macht-walder-widerstandsfaehiger-gegenueber-klimawandel\/","name":"Vielfalt macht W\u00e4lder widerstandsf\u00e4higer gegen\u00fcber dem Klimawandel | iDiv","isPartOf":{"@id":"https:\/\/www.idiv.de\/de\/#website"},"datePublished":"2025-11-13T10:19:20+00:00","breadcrumb":{"@id":"https:\/\/www.idiv.de\/de\/vielfalt-macht-walder-widerstandsfaehiger-gegenueber-klimawandel\/#breadcrumb"},"inLanguage":"de","potentialAction":[{"@type":"ReadAction","target":["https:\/\/www.idiv.de\/de\/vielfalt-macht-walder-widerstandsfaehiger-gegenueber-klimawandel\/"]}]},{"@type":"BreadcrumbList","@id":"https:\/\/www.idiv.de\/de\/vielfalt-macht-walder-widerstandsfaehiger-gegenueber-klimawandel\/#breadcrumb","itemListElement":[{"@type":"ListItem","position":1,"name":"Startseite","item":"https:\/\/www.idiv.de\/de\/"},{"@type":"ListItem","position":2,"name":"Vielfalt macht W\u00e4lder widerstandsf\u00e4higer gegen\u00fcber dem Klimawandel"}]},{"@type":"WebSite","@id":"https:\/\/www.idiv.de\/de\/#website","url":"https:\/\/www.idiv.de\/de\/","name":"iDiv","description":"Hotspot in Biodiversity Research","publisher":{"@id":"https:\/\/www.idiv.de\/de\/#organization"},"potentialAction":[{"@type":"SearchAction","target":{"@type":"EntryPoint","urlTemplate":"https:\/\/www.idiv.de\/de\/?s={search_term_string}"},"query-input":{"@type":"PropertyValueSpecification","valueRequired":true,"valueName":"search_term_string"}}],"inLanguage":"de"},{"@type":"Organization","@id":"https:\/\/www.idiv.de\/de\/#organization","name":"idiv","url":"https:\/\/www.idiv.de\/de\/","logo":{"@type":"ImageObject","inLanguage":"de","@id":"https:\/\/www.idiv.de\/de\/#\/schema\/logo\/image\/","url":"https:\/\/www.idiv.de\/wp-content\/uploads\/2024\/08\/iDiv_Logo_long_v1_EN_black_4c.jpg","contentUrl":"https:\/\/www.idiv.de\/wp-content\/uploads\/2024\/08\/iDiv_Logo_long_v1_EN_black_4c.jpg","width":2448,"height":674,"caption":"idiv"},"image":{"@id":"https:\/\/www.idiv.de\/de\/#\/schema\/logo\/image\/"},"sameAs":["https:\/\/x.com\/idiv","https:\/\/www.linkedin.com\/company\/idiv-biodiversity\/","https:\/\/www.youtube.com\/idiv-research"]},{"@type":"Person","@id":"https:\/\/www.idiv.de\/de\/#\/schema\/person\/cef2ada932ae8594d7acf72fb615794e","name":"Kati Kietzmann","url":"https:\/\/www.idiv.de\/de\/author\/kati-kietzmann\/"}]}},"author_meta":{"display_name":"Kati Kietzmann","author_link":"https:\/\/www.idiv.de\/de\/author\/kati-kietzmann\/"},"featured_img":null,"coauthors":[],"tax_additional":{"categories":{"linked":["<a href=\"https:\/\/www.idiv.de\/de\/kategorie\/forschung\/\" class=\"advgb-post-tax-term\">Forschung<\/a>","<a href=\"https:\/\/www.idiv.de\/de\/kategorie\/idiv-de\/\" class=\"advgb-post-tax-term\">iDiv<\/a>","<a href=\"https:\/\/www.idiv.de\/de\/kategorie\/medienmitteilung\/\" class=\"advgb-post-tax-term\">Medienmitteilung<\/a>"],"unlinked":["<span class=\"advgb-post-tax-term\">Forschung<\/span>","<span class=\"advgb-post-tax-term\">iDiv<\/span>","<span class=\"advgb-post-tax-term\">Medienmitteilung<\/span>"]}},"comment_count":0,"relative_dates":{"created":"Ver\u00f6ffentlicht 6\u00a0Monaten vor","modified":"Aktualisiert 6\u00a0Monaten vor"},"absolute_dates":{"created":"Ver\u00f6ffentlicht am 13. November 2025","modified":"Aktualisiert am 13. November 2025"},"absolute_dates_time":{"created":"Ver\u00f6ffentlicht am 13. November 2025 11:19","modified":"Aktualisiert am 13. November 2025 11:11"},"featured_img_caption":"","series_order":"","_links":{"self":[{"href":"https:\/\/www.idiv.de\/de\/wp-json\/wp\/v2\/posts\/37208","targetHints":{"allow":["GET"]}}],"collection":[{"href":"https:\/\/www.idiv.de\/de\/wp-json\/wp\/v2\/posts"}],"about":[{"href":"https:\/\/www.idiv.de\/de\/wp-json\/wp\/v2\/types\/post"}],"author":[{"embeddable":true,"href":"https:\/\/www.idiv.de\/de\/wp-json\/wp\/v2\/users\/5"}],"replies":[{"embeddable":true,"href":"https:\/\/www.idiv.de\/de\/wp-json\/wp\/v2\/comments?post=37208"}],"version-history":[{"count":5,"href":"https:\/\/www.idiv.de\/de\/wp-json\/wp\/v2\/posts\/37208\/revisions"}],"predecessor-version":[{"id":37240,"href":"https:\/\/www.idiv.de\/de\/wp-json\/wp\/v2\/posts\/37208\/revisions\/37240"}],"wp:attachment":[{"href":"https:\/\/www.idiv.de\/de\/wp-json\/wp\/v2\/media?parent=37208"}],"wp:term":[{"taxonomy":"category","embeddable":true,"href":"https:\/\/www.idiv.de\/de\/wp-json\/wp\/v2\/categories?post=37208"},{"taxonomy":"post_tag","embeddable":true,"href":"https:\/\/www.idiv.de\/de\/wp-json\/wp\/v2\/tags?post=37208"}],"curies":[{"name":"wp","href":"https:\/\/api.w.org\/{rel}","templated":true}]}}