{"id":37062,"date":"2025-11-11T10:01:27","date_gmt":"2025-11-11T09:01:27","guid":{"rendered":"https:\/\/www.idiv.de\/?p=37062"},"modified":"2025-11-11T15:50:02","modified_gmt":"2025-11-11T14:50:02","slug":"fremde-pflanzenarten-fuegen-sich-schneller-als-gedacht-in-die-natur-ein","status":"publish","type":"post","link":"https:\/\/www.idiv.de\/de\/fremde-pflanzenarten-fuegen-sich-schneller-als-gedacht-in-die-natur-ein\/","title":{"rendered":"Fremde Pflanzenarten f\u00fcgen sich schneller als gedacht in die Natur ein"},"content":{"rendered":"<div class=\"herosection pb-24 pt-0 no-bg modulclass \" id=\"\">\n                    <div class=\"swiper1noslider  nooverflow heronews swiper thinslider\" id=\"slide_69f2be08bbea5\">\n        \n                <div class=\"swiper-wrapper\">\n                                            <div class=\"swiper-slide  style_\" aria-hidden=\"true\" >\n                            <div class=\"backstretchwrap\">\n                        \n                            <div datasrc=\"https:\/\/www.idiv.de\/wp-content\/uploads\/2025\/11\/Robinie_2-1-scaled.jpg\" class=\"backstretchimg responsiv desktop\"><\/div>\n\n                            <a href=\"#\" class=\"cr\"><svg  xmlns=\"http:\/\/www.w3.org\/2000\/svg\" width=\"22\" height=\"22\" viewBox=\"0 0 22 22\">\n                                    <rect id=\"BG\" width=\"22\" height=\"22\" rx=\"11\" fill=\"#fff\"\/>\n                                    <g id=\"Wrapper\" transform=\"translate(-1 -1)\">\n                                        <g id=\"Icon_material-copyright\" data-name=\"Icon material-copyright\">\n                                            <circle id=\"Ellipse_30\" data-name=\"Ellipse 30\" cx=\"8\" cy=\"8\" r=\"8\" transform=\"translate(4 4)\" fill=\"#fff\"\/>\n                                            <path id=\"Icon_material-copyright-2\" data-name=\"Icon material-copyright\" d=\"M9.464,10.088a2.045,2.045,0,0,1,.24-.7,1.4,1.4,0,0,1,.472-.5,1.42,1.42,0,0,1,.728-.184,1.45,1.45,0,0,1,.5.1,1.29,1.29,0,0,1,.416.288,1.54,1.54,0,0,1,.272.424,1.4,1.4,0,0,1,.112.512H13.64a2.864,2.864,0,0,0-.224-1.032,2.4,2.4,0,0,0-.56-.808,2.613,2.613,0,0,0-.864-.528,3.09,3.09,0,0,0-1.112-.184,3.127,3.127,0,0,0-1.36.272,2.751,2.751,0,0,0-.96.736,3.007,3.007,0,0,0-.568,1.088A4.685,4.685,0,0,0,7.8,10.9v.216a4.684,4.684,0,0,0,.184,1.312,2.908,2.908,0,0,0,.568,1.08,2.731,2.731,0,0,0,.96.728,3.246,3.246,0,0,0,1.36.272,3.051,3.051,0,0,0,1.056-.184,2.729,2.729,0,0,0,.864-.5,2.442,2.442,0,0,0,.592-.752,2.153,2.153,0,0,0,.24-.92H12.192a1.139,1.139,0,0,1-.12.464,1.177,1.177,0,0,1-.288.368,1.26,1.26,0,0,1-.416.24,1.589,1.589,0,0,1-.48.08,1.359,1.359,0,0,1-.712-.184,1.4,1.4,0,0,1-.472-.5,2.09,2.09,0,0,1-.24-.7,5.392,5.392,0,0,1-.064-.8V10.9a5.33,5.33,0,0,1,.064-.808ZM11,3a8,8,0,1,0,8,8A8,8,0,0,0,11,3Zm0,14.4A6.4,6.4,0,1,1,17.4,11,6.408,6.408,0,0,1,11,17.4Z\" transform=\"translate(1 1)\" fill=\"#4d4d4d\"\/>\n                                        <\/g>\n                                    <\/g>\n                                <\/svg>\n                                <span>Ingmar Staude<\/span><\/a>                        \n                                                    <\/div>\n                                        <div class=\"sliderinhalt \" role=\"region\" aria-label=\"carousel\">\n\n                                                \n\n                                                <p class=\"big align-center\" >11.11.2025 | iDiv Members, iDiv-Mitglieder, Media Release, Medienmitteilung<\/p>                                            <h1 class=\"h1 tcenter\" >Fremde Pflanzenarten f\u00fcgen sich schneller als gedacht in die Natur ein<\/h1>                                                    <p style=\"text-align: center;\">Studie der Universit\u00e4t Leipzig und von iDiv in <em>Ecology Letters<\/em> ver\u00f6ffentlicht<\/p>\n                                                \n                                                                                                            <\/div>\n                                            <\/div>\n\n                        \n                 <\/div>\n\n                              <\/div>\n<\/div>\n\n<div class=\"textbildrepeater pb-24 pt-0 no-bg modulclass \" id=\"\">\n    <div class=\"container\">\n        <div class=\"row\">\n                                                                <div class=\"pb-24   mod_text  col-md-8 offset-md-2 pos_top\">\n                            <div class=\"textrepeater \" id=\"\">\n    <p><strong><em>Basierend auf einer Medienmitteilung der Universit\u00e4t Leipzig<\/em><\/strong><\/p>\n<p>Fremde Pflanzenarten f\u00fcgen sich mit der Zeit immer besser in heimische Nahrungsnetzwerke ein. Dabei ist es nicht so wichtig, woher die Pflanze urspr\u00fcnglich kommt oder ob sie mit heimischen Pflanzen verwandt ist. Viel bedeutsamer ist es, wie weit sie sich verbreitet hat und wie lange sie schon in Europa w\u00e4chst. Je l\u00e4nger sie angesiedelt und je h\u00f6her ihr Verbreitungsgebiet ist, desto mehr kleinere Pflanzenfresser wie Miniermotten, Gallm\u00fccken oder Blattl\u00e4use nutzen sie \u2013 wobei sich dann \u00e4hnlich vielf\u00e4ltige Interaktionen wie bei heimischen Pflanzen einstellen k\u00f6nnen. Zu dieser Erkenntnis kommen Forschende der Universit\u00e4t Leipzig und des Deutschen Zentrums f\u00fcr integrative Biodiversit\u00e4tsforschung (iDiv) unter der Leitung von Dr. Ingmar Staude. Ihre Studie haben sie gerade in der Fachzeitschrift <em>Ecology Letters<\/em> ver\u00f6ffentlicht.<\/p>\n<p>Lange Zeit dachten Wissenschaftler:innen, dass hierzulande neu angesiedelte Pflanzen weniger als Nahrung oder Wirt f\u00fcr heimische Tiere und Pilze dienen, weil sie keine gemeinsame Entwicklungsgeschichte mit der heimischen Tierwelt teilen und sich deshalb besonders stark ausbreiten k\u00f6nnen. Die Studie habe diesen Anfangszustand best\u00e4tigt, so Staude. Sie zeigte aber auch, dass sich das mit der Zeit \u00e4ndert: Nach einigen Jahrhunderten werden viele dieser Pflanzen zunehmend von Mikro-Pflanzenfessern genutzt. Im Gegensatz zu Best\u00e4ubern haben Mikro-Pflanzenfresser eigentlich einen sehr hohen Spezialisierungsgrad auf heimische Pflanzen, was die Forschungsergebnisse nach Einsch\u00e4tzung Staudes umso \u00fcberraschender macht. \u201eWir beobachten in diesem Zusammenhang jedoch auch, dass die Mikro-Pflanzenfresser, die mit fremden Pflanzenarten interagieren, im Mittel generalistischer sind und ein breiteres Spektrum an Wirtspflanzen nutzen als jene, die mit heimischen Pflanzenarten interagieren\u201c, erkl\u00e4rt Staude. Das bedeute auf der einen Seite, dass sich die Natur besser und\u00a0 schneller an neue Pflanzen anpassen kann als bisher angenommen, aber auf der anderen Seite auch, dass heimische Pflanzenarten essentiell sind, um die hohe Diversit\u00e4t von hochspezialisierten Mikro-Pflanzenfressern aufrechtzuerhalten.<\/p>\n<p>\u201eUnsere Studie beruht auf einer Datensynthese, in der wir verschiedene Informationsquellen zusammengef\u00fchrt haben. Daf\u00fcr hatten wir Zugriff auf eine paneurop\u00e4ische Datenbank, die \u00fcber 127.000 Interaktionen zwischen 12.000 Pflanzen und 26.000 kleinen Pflanzenfressern dokumentiert. Erg\u00e4nzt haben wir diese Daten mit Informationen zu den Pflanzen, darunter ihre Verbreitung in Europa, ihr Einf\u00fchrungszeitpunkt, ihre geografische Herkunft und ihre Verwandtschaft zu heimischen Arten\u201c, sagt Lara Schulte, die die Studie gemeinsam mit Miriam Wahl im Rahmen ihrer Bachelorarbeiten an der Universit\u00e4t Leipzig erarbeitet hat. \u201eMit Hilfe statistischer Modelle konnten wir so untersuchen, welche dieser Faktoren bestimmen, wie stark sich nichtheimische Pflanzen in \u00f6kologische Netzwerke integrieren\u201c, erg\u00e4nzt Wahl.<\/p>\n<p>Die Forschungsergebnisse erleichtern die Einsch\u00e4tzung, wie neue Pflanzenarten in bestehende \u00d6kosysteme eingebunden werden. Sie zeigen, dass sich \u00f6kologische Netzwerke mit der Zeit an ver\u00e4nderte Floren anpassen k\u00f6nnen, was f\u00fcr das Verst\u00e4ndnis von Artenwanderungen, speziell auch im weiteren Verlauf des Klimawandels, wichtig ist. \u201eDieses Wissen kann dazu beitragen, Risiken durch nichtheimische Arten differenzierter zu bewerten. Damit leistet die Studie einen Beitrag dazu, Naturschutz- und Managementstrategien an eine sich wandelnde Artenzusammensetzung anzupassen\u201c, erl\u00e4utert Staude.<\/p>\n<p>Die Forschenden haben in ihrer Studie untersucht, wie viele verschiedene Tiere mit den fremden Pflanzen in Kontakt kommen. Nicht erforscht wurde, um welche Arten von Mikro-Pflanzenfressern es sich genau handelt, wie stark sie die Pflanzen sch\u00e4digen oder was das f\u00fcr heimische Arten bedeutet. Diese Fragen k\u00f6nnten k\u00fcnftig zum besseren Verst\u00e4ndnis beitragen, wie sich fremde Pflanzen in das bestehende \u00d6kosystem einf\u00fcgen.<\/p>\n<p>&nbsp;<\/p>\n<h3>Originalpublikation<\/h3>\n<p>(Forschende mit iDiv-Affiliation fett hervorgehoben)<br \/>\nSchulte, Lara, Wahl, Miriam, <strong>Staude, Ingmar<\/strong> (2025): Non-native plants attain native levels of microherbivory richness with time and range expansion\u201d, <em>Ecology Letters<\/em>, DOI: <a href=\"https:\/\/doi.org\/10.1111\/ele.70247\" target=\"_blank\" aria-label=\"open in new tab\" rel=\"noopener\">10.1111\/ele.70247<\/a><\/p>\n<\/div>\n                            <\/div>\n                                                                    <div class=\"pb-24   mod_bild  col-md-3 offset-md-2 pos_top\">\n                            <div class=\"bildrepeater \" id=\"\">\n    <div class=\"relativ\"><img decoding=\"async\" class=\"responsiv desktop\" src=\"https:\/\/www.idiv.de\/wp-content\/uploads\/2025\/11\/Robinie_small.jpg\" height=\"\" width=\"\" alt=\"idiv-\"\/><img decoding=\"async\" class=\"responsiv mobile\" src=\"https:\/\/www.idiv.de\/wp-content\/uploads\/2025\/11\/Robinie_small.jpg\" height=\"\" width=\"\" alt=\"idiv-\"\/><a href=\"#\" class=\"cr\" role=\"button\">\n<svg  xmlns=\"http:\/\/www.w3.org\/2000\/svg\" width=\"22\" height=\"22\" viewBox=\"0 0 22 22\">\n    <rect id=\"BG\" width=\"22\" height=\"22\" rx=\"11\" fill=\"#fff\"\/>\n    <g id=\"Wrapper\" transform=\"translate(-1 -1)\">\n        <g id=\"Icon_material-copyright\" data-name=\"Icon material-copyright\">\n            <circle id=\"Ellipse_30\" data-name=\"Ellipse 30\" cx=\"8\" cy=\"8\" r=\"8\" transform=\"translate(4 4)\" fill=\"#fff\"\/>\n            <path id=\"Icon_material-copyright-2\" data-name=\"Icon material-copyright\" d=\"M9.464,10.088a2.045,2.045,0,0,1,.24-.7,1.4,1.4,0,0,1,.472-.5,1.42,1.42,0,0,1,.728-.184,1.45,1.45,0,0,1,.5.1,1.29,1.29,0,0,1,.416.288,1.54,1.54,0,0,1,.272.424,1.4,1.4,0,0,1,.112.512H13.64a2.864,2.864,0,0,0-.224-1.032,2.4,2.4,0,0,0-.56-.808,2.613,2.613,0,0,0-.864-.528,3.09,3.09,0,0,0-1.112-.184,3.127,3.127,0,0,0-1.36.272,2.751,2.751,0,0,0-.96.736,3.007,3.007,0,0,0-.568,1.088A4.685,4.685,0,0,0,7.8,10.9v.216a4.684,4.684,0,0,0,.184,1.312,2.908,2.908,0,0,0,.568,1.08,2.731,2.731,0,0,0,.96.728,3.246,3.246,0,0,0,1.36.272,3.051,3.051,0,0,0,1.056-.184,2.729,2.729,0,0,0,.864-.5,2.442,2.442,0,0,0,.592-.752,2.153,2.153,0,0,0,.24-.92H12.192a1.139,1.139,0,0,1-.12.464,1.177,1.177,0,0,1-.288.368,1.26,1.26,0,0,1-.416.24,1.589,1.589,0,0,1-.48.08,1.359,1.359,0,0,1-.712-.184,1.4,1.4,0,0,1-.472-.5,2.09,2.09,0,0,1-.24-.7,5.392,5.392,0,0,1-.064-.8V10.9a5.33,5.33,0,0,1,.064-.808ZM11,3a8,8,0,1,0,8,8A8,8,0,0,0,11,3Zm0,14.4A6.4,6.4,0,1,1,17.4,11,6.408,6.408,0,0,1,11,17.4Z\" transform=\"translate(1 1)\" fill=\"#4d4d4d\"\/>\n        <\/g>\n    <\/g>\n<\/svg>\n<span>Ingmar Staude<\/span><\/a><\/div><p class=\"bu\">Die Robinie wurde in Europa vor \u00fcber 300 Jahren eingef\u00fchrt. So ist sie zum Beispiel schon um 1710 in der heutigen Tschechische Republik nachgewiesen worden. Heute dient die Robinie mehr als 100 Mikro-Pflanzenfressern als Wirt.<\/p><\/div>\n                            <\/div>\n                                                                    <div class=\"pb-24   mod_bild  col-md-3 offset-md-2 pos_top\">\n                            <div class=\"bildrepeater \" id=\"\">\n    <div class=\"relativ\"><img decoding=\"async\" class=\"responsiv desktop\" src=\"https:\/\/www.idiv.de\/wp-content\/uploads\/2025\/11\/Kanadische-Goldrute_Staude-scaled.jpg\" height=\"\" width=\"\" alt=\"idiv-\"\/><img decoding=\"async\" class=\"responsiv mobile\" src=\"https:\/\/www.idiv.de\/wp-content\/uploads\/2025\/11\/Kanadische-Goldrute_Staude-scaled.jpg\" height=\"\" width=\"\" alt=\"idiv-\"\/><a href=\"#\" class=\"cr\" role=\"button\">\n<svg  xmlns=\"http:\/\/www.w3.org\/2000\/svg\" width=\"22\" height=\"22\" viewBox=\"0 0 22 22\">\n    <rect id=\"BG\" width=\"22\" height=\"22\" rx=\"11\" fill=\"#fff\"\/>\n    <g id=\"Wrapper\" transform=\"translate(-1 -1)\">\n        <g id=\"Icon_material-copyright\" data-name=\"Icon material-copyright\">\n            <circle id=\"Ellipse_30\" data-name=\"Ellipse 30\" cx=\"8\" cy=\"8\" r=\"8\" transform=\"translate(4 4)\" fill=\"#fff\"\/>\n            <path id=\"Icon_material-copyright-2\" data-name=\"Icon material-copyright\" d=\"M9.464,10.088a2.045,2.045,0,0,1,.24-.7,1.4,1.4,0,0,1,.472-.5,1.42,1.42,0,0,1,.728-.184,1.45,1.45,0,0,1,.5.1,1.29,1.29,0,0,1,.416.288,1.54,1.54,0,0,1,.272.424,1.4,1.4,0,0,1,.112.512H13.64a2.864,2.864,0,0,0-.224-1.032,2.4,2.4,0,0,0-.56-.808,2.613,2.613,0,0,0-.864-.528,3.09,3.09,0,0,0-1.112-.184,3.127,3.127,0,0,0-1.36.272,2.751,2.751,0,0,0-.96.736,3.007,3.007,0,0,0-.568,1.088A4.685,4.685,0,0,0,7.8,10.9v.216a4.684,4.684,0,0,0,.184,1.312,2.908,2.908,0,0,0,.568,1.08,2.731,2.731,0,0,0,.96.728,3.246,3.246,0,0,0,1.36.272,3.051,3.051,0,0,0,1.056-.184,2.729,2.729,0,0,0,.864-.5,2.442,2.442,0,0,0,.592-.752,2.153,2.153,0,0,0,.24-.92H12.192a1.139,1.139,0,0,1-.12.464,1.177,1.177,0,0,1-.288.368,1.26,1.26,0,0,1-.416.24,1.589,1.589,0,0,1-.48.08,1.359,1.359,0,0,1-.712-.184,1.4,1.4,0,0,1-.472-.5,2.09,2.09,0,0,1-.24-.7,5.392,5.392,0,0,1-.064-.8V10.9a5.33,5.33,0,0,1,.064-.808ZM11,3a8,8,0,1,0,8,8A8,8,0,0,0,11,3Zm0,14.4A6.4,6.4,0,1,1,17.4,11,6.408,6.408,0,0,1,11,17.4Z\" transform=\"translate(1 1)\" fill=\"#4d4d4d\"\/>\n        <\/g>\n    <\/g>\n<\/svg>\n<span>Ingmar Staude<\/span><\/a><\/div><p class=\"bu\">Die in Europa nichtheimische Kanadische Goldrute (Solidago canadensis), befallen von dem hier weitverbreiteten und heimischen phytoparasitischen Kleinpilz Podosphaera erigerontis-canadensis, der zu den Echten Mehltauen geh\u00f6rt und ein breites Wirtsspektrum besitzt.<\/p><\/div>\n                            <\/div>\n                                                                    <div class=\"pb-48   mod_link  col-md-3 offset-md-2 pos_tleft\">\n                            <div class=\"btncf-block  tleft\" id=\"\">\n            <a href=\"https:\/\/www.idiv.de\/wp-content\/uploads\/2025\/11\/Robinie_16-9-scaled.jpg\"\n           class=\"mr-24 btncf normal\"\n           target=\"_blank\">Foto herunterladen                            <svg xmlns=\"http:\/\/www.w3.org\/2000\/svg\" width=\"7.621\" height=\"12.243\" aria-hidden=\"true\"\n                     viewBox=\"0 0 7.621 12.243\">\n                    <path id=\"Icon_feather-chevron-right\" data-name=\"Icon feather-chevron-right\"\n                          d=\"M17.5,17l-4-4,4-4\" transform=\"translate(19.621 19.121) rotate(180)\" fill=\"none\"\n                          stroke=\"#447226\" stroke-linecap=\"round\" stroke-linejoin=\"round\" stroke-width=\"3\"\/>\n                <\/svg>\n                    <\/a>\n    <\/div>                            <\/div>\n                                                                    <div class=\"pb-48   mod_link  col-md-3 offset-md-2 pos_tleft\">\n                            <div class=\"btncf-block  tleft\" id=\"\">\n            <a href=\"https:\/\/www.idiv.de\/wp-content\/uploads\/2025\/11\/Kanadische-Goldrute_Staude-scaled.jpg\"\n           class=\"mr-24 btncf normal\"\n           target=\"_blank\">Foto herunterladen                            <svg xmlns=\"http:\/\/www.w3.org\/2000\/svg\" width=\"7.621\" height=\"12.243\" aria-hidden=\"true\"\n                     viewBox=\"0 0 7.621 12.243\">\n                    <path id=\"Icon_feather-chevron-right\" data-name=\"Icon feather-chevron-right\"\n                          d=\"M17.5,17l-4-4,4-4\" transform=\"translate(19.621 19.121) rotate(180)\" fill=\"none\"\n                          stroke=\"#447226\" stroke-linecap=\"round\" stroke-linejoin=\"round\" stroke-width=\"3\"\/>\n                <\/svg>\n                    <\/a>\n    <\/div>                            <\/div>\n                                                                    <div class=\"pb-24   mod_text  col-md-8 offset-md-2 pos_top\">\n                            <div class=\"textrepeater \" id=\"\">\n    <p><em>Hinweis f\u00fcr die Medien: Die von iDiv bereitgestellten Bilder d\u00fcrfen ausschlie\u00dflich f\u00fcr die Berichterstattung im Zusammenhang mit dieser Medienmitteilung und unter Angabe des\/der Urhebers\/in verwendet werden.<\/em><\/p>\n<\/div>\n                            <\/div>\n                        <\/div>\n    <\/div>\n<\/div>","protected":false},"excerpt":{"rendered":"","protected":false},"author":5,"featured_media":0,"comment_status":"closed","ping_status":"closed","sticky":false,"template":"","format":"standard","meta":{"_acf_changed":false,"advgb_blocks_editor_width":"","advgb_blocks_columns_visual_guide":"","footnotes":"","_links_to":"","_links_to_target":""},"categories":[18,39,15,29],"tags":[],"class_list":["post-37062","post","type-post","status-publish","format-standard","hentry","category-idiv-members","category-idiv-mitglieder","category-media-release","category-medienmitteilung"],"acf":{"thumb":37059,"thumbmobile":"","copyright":"Ingmar Staude","breadcrumb":true},"yoast_head":"<!-- This site is optimized with the Yoast SEO plugin v27.5 - https:\/\/yoast.com\/product\/yoast-seo-wordpress\/ -->\n<title>Fremde Pflanzenarten f\u00fcgen sich schneller als gedacht in die Natur ein | iDiv<\/title>\n<meta name=\"robots\" content=\"index, follow, max-snippet:-1, max-image-preview:large, max-video-preview:-1\" \/>\n<link rel=\"canonical\" href=\"https:\/\/www.idiv.de\/de\/fremde-pflanzenarten-fuegen-sich-schneller-als-gedacht-in-die-natur-ein\/\" \/>\n<meta property=\"og:locale\" content=\"de_DE\" \/>\n<meta property=\"og:type\" content=\"article\" \/>\n<meta property=\"og:title\" content=\"Fremde Pflanzenarten f\u00fcgen sich schneller als gedacht in Natur ein\" \/>\n<meta property=\"og:url\" content=\"https:\/\/www.idiv.de\/de\/fremde-pflanzenarten-fuegen-sich-schneller-als-gedacht-in-die-natur-ein\/\" \/>\n<meta property=\"og:site_name\" content=\"iDiv\" \/>\n<meta property=\"article:published_time\" content=\"2025-11-11T09:01:27+00:00\" \/>\n<meta property=\"article:modified_time\" content=\"2025-11-11T14:50:02+00:00\" \/>\n<meta property=\"og:image\" content=\"https:\/\/www.idiv.de\/wp-content\/uploads\/2025\/11\/Kanadische-Goldrute_Staude-scaled.jpg\" \/>\n\t<meta property=\"og:image:width\" content=\"1920\" \/>\n\t<meta property=\"og:image:height\" content=\"2560\" \/>\n\t<meta property=\"og:image:type\" content=\"image\/jpeg\" \/>\n<meta name=\"author\" content=\"Kati Kietzmann\" \/>\n<meta name=\"twitter:card\" content=\"summary_large_image\" \/>\n<meta name=\"twitter:title\" content=\"Fremde Pflanzenarten f\u00fcgen sich schneller als gedacht in Natur ein\" \/>\n<meta name=\"twitter:image\" content=\"https:\/\/www.idiv.de\/wp-content\/uploads\/2025\/11\/Kanadische-Goldrute_Staude-scaled.jpg\" \/>\n<meta name=\"twitter:creator\" content=\"@idiv\" \/>\n<meta name=\"twitter:site\" content=\"@idiv\" \/>\n<script type=\"application\/ld+json\" class=\"yoast-schema-graph\">{\"@context\":\"https:\\\/\\\/schema.org\",\"@graph\":[{\"@type\":\"Article\",\"@id\":\"https:\\\/\\\/www.idiv.de\\\/de\\\/fremde-pflanzenarten-fuegen-sich-schneller-als-gedacht-in-die-natur-ein\\\/#article\",\"isPartOf\":{\"@id\":\"https:\\\/\\\/www.idiv.de\\\/de\\\/fremde-pflanzenarten-fuegen-sich-schneller-als-gedacht-in-die-natur-ein\\\/\"},\"author\":{\"name\":\"Kati Kietzmann\",\"@id\":\"https:\\\/\\\/www.idiv.de\\\/de\\\/#\\\/schema\\\/person\\\/cef2ada932ae8594d7acf72fb615794e\"},\"headline\":\"Fremde Pflanzenarten f\u00fcgen sich schneller als gedacht in die Natur ein\",\"datePublished\":\"2025-11-11T09:01:27+00:00\",\"dateModified\":\"2025-11-11T14:50:02+00:00\",\"mainEntityOfPage\":{\"@id\":\"https:\\\/\\\/www.idiv.de\\\/de\\\/fremde-pflanzenarten-fuegen-sich-schneller-als-gedacht-in-die-natur-ein\\\/\"},\"wordCount\":12,\"publisher\":{\"@id\":\"https:\\\/\\\/www.idiv.de\\\/de\\\/#organization\"},\"articleSection\":[\"iDiv Members\",\"iDiv-Mitglieder\",\"Media Release\",\"Medienmitteilung\"],\"inLanguage\":\"de\"},{\"@type\":\"WebPage\",\"@id\":\"https:\\\/\\\/www.idiv.de\\\/de\\\/fremde-pflanzenarten-fuegen-sich-schneller-als-gedacht-in-die-natur-ein\\\/\",\"url\":\"https:\\\/\\\/www.idiv.de\\\/de\\\/fremde-pflanzenarten-fuegen-sich-schneller-als-gedacht-in-die-natur-ein\\\/\",\"name\":\"Fremde Pflanzenarten f\u00fcgen sich schneller als gedacht in die Natur ein | iDiv\",\"isPartOf\":{\"@id\":\"https:\\\/\\\/www.idiv.de\\\/de\\\/#website\"},\"datePublished\":\"2025-11-11T09:01:27+00:00\",\"dateModified\":\"2025-11-11T14:50:02+00:00\",\"breadcrumb\":{\"@id\":\"https:\\\/\\\/www.idiv.de\\\/de\\\/fremde-pflanzenarten-fuegen-sich-schneller-als-gedacht-in-die-natur-ein\\\/#breadcrumb\"},\"inLanguage\":\"de\",\"potentialAction\":[{\"@type\":\"ReadAction\",\"target\":[\"https:\\\/\\\/www.idiv.de\\\/de\\\/fremde-pflanzenarten-fuegen-sich-schneller-als-gedacht-in-die-natur-ein\\\/\"]}]},{\"@type\":\"BreadcrumbList\",\"@id\":\"https:\\\/\\\/www.idiv.de\\\/de\\\/fremde-pflanzenarten-fuegen-sich-schneller-als-gedacht-in-die-natur-ein\\\/#breadcrumb\",\"itemListElement\":[{\"@type\":\"ListItem\",\"position\":1,\"name\":\"Startseite\",\"item\":\"https:\\\/\\\/www.idiv.de\\\/de\\\/\"},{\"@type\":\"ListItem\",\"position\":2,\"name\":\"Fremde Pflanzenarten f\u00fcgen sich schneller als gedacht in die Natur ein\"}]},{\"@type\":\"WebSite\",\"@id\":\"https:\\\/\\\/www.idiv.de\\\/de\\\/#website\",\"url\":\"https:\\\/\\\/www.idiv.de\\\/de\\\/\",\"name\":\"iDiv\",\"description\":\"Hotspot in Biodiversity Research\",\"publisher\":{\"@id\":\"https:\\\/\\\/www.idiv.de\\\/de\\\/#organization\"},\"potentialAction\":[{\"@type\":\"SearchAction\",\"target\":{\"@type\":\"EntryPoint\",\"urlTemplate\":\"https:\\\/\\\/www.idiv.de\\\/de\\\/?s={search_term_string}\"},\"query-input\":{\"@type\":\"PropertyValueSpecification\",\"valueRequired\":true,\"valueName\":\"search_term_string\"}}],\"inLanguage\":\"de\"},{\"@type\":\"Organization\",\"@id\":\"https:\\\/\\\/www.idiv.de\\\/de\\\/#organization\",\"name\":\"idiv\",\"url\":\"https:\\\/\\\/www.idiv.de\\\/de\\\/\",\"logo\":{\"@type\":\"ImageObject\",\"inLanguage\":\"de\",\"@id\":\"https:\\\/\\\/www.idiv.de\\\/de\\\/#\\\/schema\\\/logo\\\/image\\\/\",\"url\":\"https:\\\/\\\/www.idiv.de\\\/wp-content\\\/uploads\\\/2024\\\/08\\\/iDiv_Logo_long_v1_EN_black_4c.jpg\",\"contentUrl\":\"https:\\\/\\\/www.idiv.de\\\/wp-content\\\/uploads\\\/2024\\\/08\\\/iDiv_Logo_long_v1_EN_black_4c.jpg\",\"width\":2448,\"height\":674,\"caption\":\"idiv\"},\"image\":{\"@id\":\"https:\\\/\\\/www.idiv.de\\\/de\\\/#\\\/schema\\\/logo\\\/image\\\/\"},\"sameAs\":[\"https:\\\/\\\/x.com\\\/idiv\",\"https:\\\/\\\/www.linkedin.com\\\/company\\\/idiv-biodiversity\\\/\",\"https:\\\/\\\/www.youtube.com\\\/idiv-research\"]},{\"@type\":\"Person\",\"@id\":\"https:\\\/\\\/www.idiv.de\\\/de\\\/#\\\/schema\\\/person\\\/cef2ada932ae8594d7acf72fb615794e\",\"name\":\"Kati Kietzmann\",\"url\":\"https:\\\/\\\/www.idiv.de\\\/de\\\/author\\\/kati-kietzmann\\\/\"}]}<\/script>\n<!-- \/ Yoast SEO plugin. -->","yoast_head_json":{"title":"Fremde Pflanzenarten f\u00fcgen sich schneller als gedacht in die Natur ein | iDiv","robots":{"index":"index","follow":"follow","max-snippet":"max-snippet:-1","max-image-preview":"max-image-preview:large","max-video-preview":"max-video-preview:-1"},"canonical":"https:\/\/www.idiv.de\/de\/fremde-pflanzenarten-fuegen-sich-schneller-als-gedacht-in-die-natur-ein\/","og_locale":"de_DE","og_type":"article","og_title":"Fremde Pflanzenarten f\u00fcgen sich schneller als gedacht in Natur ein","og_url":"https:\/\/www.idiv.de\/de\/fremde-pflanzenarten-fuegen-sich-schneller-als-gedacht-in-die-natur-ein\/","og_site_name":"iDiv","article_published_time":"2025-11-11T09:01:27+00:00","article_modified_time":"2025-11-11T14:50:02+00:00","og_image":[{"width":1920,"height":2560,"url":"https:\/\/www.idiv.de\/wp-content\/uploads\/2025\/11\/Kanadische-Goldrute_Staude-scaled.jpg","type":"image\/jpeg"}],"author":"Kati Kietzmann","twitter_card":"summary_large_image","twitter_title":"Fremde Pflanzenarten f\u00fcgen sich schneller als gedacht in Natur ein","twitter_image":"https:\/\/www.idiv.de\/wp-content\/uploads\/2025\/11\/Kanadische-Goldrute_Staude-scaled.jpg","twitter_creator":"@idiv","twitter_site":"@idiv","schema":{"@context":"https:\/\/schema.org","@graph":[{"@type":"Article","@id":"https:\/\/www.idiv.de\/de\/fremde-pflanzenarten-fuegen-sich-schneller-als-gedacht-in-die-natur-ein\/#article","isPartOf":{"@id":"https:\/\/www.idiv.de\/de\/fremde-pflanzenarten-fuegen-sich-schneller-als-gedacht-in-die-natur-ein\/"},"author":{"name":"Kati Kietzmann","@id":"https:\/\/www.idiv.de\/de\/#\/schema\/person\/cef2ada932ae8594d7acf72fb615794e"},"headline":"Fremde Pflanzenarten f\u00fcgen sich schneller als gedacht in die Natur ein","datePublished":"2025-11-11T09:01:27+00:00","dateModified":"2025-11-11T14:50:02+00:00","mainEntityOfPage":{"@id":"https:\/\/www.idiv.de\/de\/fremde-pflanzenarten-fuegen-sich-schneller-als-gedacht-in-die-natur-ein\/"},"wordCount":12,"publisher":{"@id":"https:\/\/www.idiv.de\/de\/#organization"},"articleSection":["iDiv Members","iDiv-Mitglieder","Media Release","Medienmitteilung"],"inLanguage":"de"},{"@type":"WebPage","@id":"https:\/\/www.idiv.de\/de\/fremde-pflanzenarten-fuegen-sich-schneller-als-gedacht-in-die-natur-ein\/","url":"https:\/\/www.idiv.de\/de\/fremde-pflanzenarten-fuegen-sich-schneller-als-gedacht-in-die-natur-ein\/","name":"Fremde Pflanzenarten f\u00fcgen sich schneller als gedacht in die Natur ein | iDiv","isPartOf":{"@id":"https:\/\/www.idiv.de\/de\/#website"},"datePublished":"2025-11-11T09:01:27+00:00","dateModified":"2025-11-11T14:50:02+00:00","breadcrumb":{"@id":"https:\/\/www.idiv.de\/de\/fremde-pflanzenarten-fuegen-sich-schneller-als-gedacht-in-die-natur-ein\/#breadcrumb"},"inLanguage":"de","potentialAction":[{"@type":"ReadAction","target":["https:\/\/www.idiv.de\/de\/fremde-pflanzenarten-fuegen-sich-schneller-als-gedacht-in-die-natur-ein\/"]}]},{"@type":"BreadcrumbList","@id":"https:\/\/www.idiv.de\/de\/fremde-pflanzenarten-fuegen-sich-schneller-als-gedacht-in-die-natur-ein\/#breadcrumb","itemListElement":[{"@type":"ListItem","position":1,"name":"Startseite","item":"https:\/\/www.idiv.de\/de\/"},{"@type":"ListItem","position":2,"name":"Fremde Pflanzenarten f\u00fcgen sich schneller als gedacht in die Natur ein"}]},{"@type":"WebSite","@id":"https:\/\/www.idiv.de\/de\/#website","url":"https:\/\/www.idiv.de\/de\/","name":"iDiv","description":"Hotspot in Biodiversity Research","publisher":{"@id":"https:\/\/www.idiv.de\/de\/#organization"},"potentialAction":[{"@type":"SearchAction","target":{"@type":"EntryPoint","urlTemplate":"https:\/\/www.idiv.de\/de\/?s={search_term_string}"},"query-input":{"@type":"PropertyValueSpecification","valueRequired":true,"valueName":"search_term_string"}}],"inLanguage":"de"},{"@type":"Organization","@id":"https:\/\/www.idiv.de\/de\/#organization","name":"idiv","url":"https:\/\/www.idiv.de\/de\/","logo":{"@type":"ImageObject","inLanguage":"de","@id":"https:\/\/www.idiv.de\/de\/#\/schema\/logo\/image\/","url":"https:\/\/www.idiv.de\/wp-content\/uploads\/2024\/08\/iDiv_Logo_long_v1_EN_black_4c.jpg","contentUrl":"https:\/\/www.idiv.de\/wp-content\/uploads\/2024\/08\/iDiv_Logo_long_v1_EN_black_4c.jpg","width":2448,"height":674,"caption":"idiv"},"image":{"@id":"https:\/\/www.idiv.de\/de\/#\/schema\/logo\/image\/"},"sameAs":["https:\/\/x.com\/idiv","https:\/\/www.linkedin.com\/company\/idiv-biodiversity\/","https:\/\/www.youtube.com\/idiv-research"]},{"@type":"Person","@id":"https:\/\/www.idiv.de\/de\/#\/schema\/person\/cef2ada932ae8594d7acf72fb615794e","name":"Kati Kietzmann","url":"https:\/\/www.idiv.de\/de\/author\/kati-kietzmann\/"}]}},"author_meta":{"display_name":"Kati Kietzmann","author_link":"https:\/\/www.idiv.de\/de\/author\/kati-kietzmann\/"},"featured_img":null,"coauthors":[],"tax_additional":{"categories":{"linked":["<a href=\"https:\/\/www.idiv.de\/category\/idiv-members\/\" class=\"advgb-post-tax-term\">iDiv Members<\/a>","<a href=\"https:\/\/www.idiv.de\/de\/kategorie\/idiv-mitglieder\/\" class=\"advgb-post-tax-term\">iDiv-Mitglieder<\/a>","<a href=\"https:\/\/www.idiv.de\/category\/media-release\/\" class=\"advgb-post-tax-term\">Media Release<\/a>","<a href=\"https:\/\/www.idiv.de\/de\/kategorie\/medienmitteilung\/\" class=\"advgb-post-tax-term\">Medienmitteilung<\/a>"],"unlinked":["<span class=\"advgb-post-tax-term\">iDiv Members<\/span>","<span class=\"advgb-post-tax-term\">iDiv-Mitglieder<\/span>","<span class=\"advgb-post-tax-term\">Media Release<\/span>","<span class=\"advgb-post-tax-term\">Medienmitteilung<\/span>"]}},"comment_count":0,"relative_dates":{"created":"Ver\u00f6ffentlicht 6\u00a0Monaten vor","modified":"Aktualisiert 6\u00a0Monaten vor"},"absolute_dates":{"created":"Ver\u00f6ffentlicht am 11. November 2025","modified":"Aktualisiert am 11. November 2025"},"absolute_dates_time":{"created":"Ver\u00f6ffentlicht am 11. November 2025 10:01","modified":"Aktualisiert am 11. November 2025 15:50"},"featured_img_caption":"","series_order":"","_links":{"self":[{"href":"https:\/\/www.idiv.de\/de\/wp-json\/wp\/v2\/posts\/37062","targetHints":{"allow":["GET"]}}],"collection":[{"href":"https:\/\/www.idiv.de\/de\/wp-json\/wp\/v2\/posts"}],"about":[{"href":"https:\/\/www.idiv.de\/de\/wp-json\/wp\/v2\/types\/post"}],"author":[{"embeddable":true,"href":"https:\/\/www.idiv.de\/de\/wp-json\/wp\/v2\/users\/5"}],"replies":[{"embeddable":true,"href":"https:\/\/www.idiv.de\/de\/wp-json\/wp\/v2\/comments?post=37062"}],"version-history":[{"count":11,"href":"https:\/\/www.idiv.de\/de\/wp-json\/wp\/v2\/posts\/37062\/revisions"}],"predecessor-version":[{"id":37173,"href":"https:\/\/www.idiv.de\/de\/wp-json\/wp\/v2\/posts\/37062\/revisions\/37173"}],"wp:attachment":[{"href":"https:\/\/www.idiv.de\/de\/wp-json\/wp\/v2\/media?parent=37062"}],"wp:term":[{"taxonomy":"category","embeddable":true,"href":"https:\/\/www.idiv.de\/de\/wp-json\/wp\/v2\/categories?post=37062"},{"taxonomy":"post_tag","embeddable":true,"href":"https:\/\/www.idiv.de\/de\/wp-json\/wp\/v2\/tags?post=37062"}],"curies":[{"name":"wp","href":"https:\/\/api.w.org\/{rel}","templated":true}]}}