{"id":35616,"date":"2025-09-26T16:15:48","date_gmt":"2025-09-26T15:15:48","guid":{"rendered":"https:\/\/www.idiv.de\/?p=35616"},"modified":"2025-09-30T09:12:04","modified_gmt":"2025-09-30T08:12:04","slug":"neues-kapitel-der-biodiversitaetsforschung-in-mitteldeutschland","status":"publish","type":"post","link":"https:\/\/www.idiv.de\/de\/neues-kapitel-der-biodiversitaetsforschung-in-mitteldeutschland\/","title":{"rendered":"Neues Kapitel der Biodiversit\u00e4tsforschung in Mitteldeutschland"},"content":{"rendered":"<div class=\"herosection pb-24 pt-0 no-bg modulclass \" id=\"\">\n                    <div class=\"swiper1noslider  nooverflow heronews swiper thinslider\" id=\"slide_69f06e433d2cd\">\n        \n                <div class=\"swiper-wrapper\">\n                                            <div class=\"swiper-slide  style_\" aria-hidden=\"true\" >\n                            <div class=\"backstretchwrap\">\n                        \n                            <div datasrc=\"https:\/\/www.idiv.de\/wp-content\/uploads\/2025\/09\/DFG-Festakt-Halle-2025-3188-SBernhardt-iDiv-scaled.jpg\" class=\"backstretchimg responsiv desktop\"><\/div>\n\n                            <a href=\"#\" class=\"cr\"><svg  xmlns=\"http:\/\/www.w3.org\/2000\/svg\" width=\"22\" height=\"22\" viewBox=\"0 0 22 22\">\n                                    <rect id=\"BG\" width=\"22\" height=\"22\" rx=\"11\" fill=\"#fff\"\/>\n                                    <g id=\"Wrapper\" transform=\"translate(-1 -1)\">\n                                        <g id=\"Icon_material-copyright\" data-name=\"Icon material-copyright\">\n                                            <circle id=\"Ellipse_30\" data-name=\"Ellipse 30\" cx=\"8\" cy=\"8\" r=\"8\" transform=\"translate(4 4)\" fill=\"#fff\"\/>\n                                            <path id=\"Icon_material-copyright-2\" data-name=\"Icon material-copyright\" d=\"M9.464,10.088a2.045,2.045,0,0,1,.24-.7,1.4,1.4,0,0,1,.472-.5,1.42,1.42,0,0,1,.728-.184,1.45,1.45,0,0,1,.5.1,1.29,1.29,0,0,1,.416.288,1.54,1.54,0,0,1,.272.424,1.4,1.4,0,0,1,.112.512H13.64a2.864,2.864,0,0,0-.224-1.032,2.4,2.4,0,0,0-.56-.808,2.613,2.613,0,0,0-.864-.528,3.09,3.09,0,0,0-1.112-.184,3.127,3.127,0,0,0-1.36.272,2.751,2.751,0,0,0-.96.736,3.007,3.007,0,0,0-.568,1.088A4.685,4.685,0,0,0,7.8,10.9v.216a4.684,4.684,0,0,0,.184,1.312,2.908,2.908,0,0,0,.568,1.08,2.731,2.731,0,0,0,.96.728,3.246,3.246,0,0,0,1.36.272,3.051,3.051,0,0,0,1.056-.184,2.729,2.729,0,0,0,.864-.5,2.442,2.442,0,0,0,.592-.752,2.153,2.153,0,0,0,.24-.92H12.192a1.139,1.139,0,0,1-.12.464,1.177,1.177,0,0,1-.288.368,1.26,1.26,0,0,1-.416.24,1.589,1.589,0,0,1-.48.08,1.359,1.359,0,0,1-.712-.184,1.4,1.4,0,0,1-.472-.5,2.09,2.09,0,0,1-.24-.7,5.392,5.392,0,0,1-.064-.8V10.9a5.33,5.33,0,0,1,.064-.808ZM11,3a8,8,0,1,0,8,8A8,8,0,0,0,11,3Zm0,14.4A6.4,6.4,0,1,1,17.4,11,6.408,6.408,0,0,1,11,17.4Z\" transform=\"translate(1 1)\" fill=\"#4d4d4d\"\/>\n                                        <\/g>\n                                    <\/g>\n                                <\/svg>\n                                <span>Stefan Bernhardt<\/span><\/a>                        \n                                                    <\/div>\n                                        <div class=\"sliderinhalt \" role=\"region\" aria-label=\"carousel\">\n\n                                                \n\n                                                <p class=\"big align-center\" >26.09.2025 | iDiv, Medienmitteilung<\/p>                                            <h1 class=\"h1 tcenter\" >Neues Kapitel der Biodiversit\u00e4tsforschung in Mitteldeutschland<\/h1>                                                    <p style=\"text-align: center;\">Drei L\u00e4nder bekennen sich zur iDiv-F\u00f6rderung nach 2030<\/p>\n                                                \n                                                                                                            <\/div>\n                                            <\/div>\n\n                        \n                 <\/div>\n\n                              <\/div>\n<\/div>\n\n<div class=\"textbildrepeater pb-24 pt-0 no-bg modulclass \" id=\"\">\n    <div class=\"container\">\n        <div class=\"row\">\n                                                                <div class=\"pb-0   mod_text  col-md-8 offset-md-2 pos_top\">\n                            <div class=\"textrepeater \" id=\"\">\n    <p>Mit einem Festakt feierte das Deutsche Zentrum f\u00fcr integrative Biodiversit\u00e4tsforschung (iDiv) heute den \u00dcbergang in ein neues Kapitel seiner Geschichte: 13 Jahre F\u00f6rderung durch die Deutsche Forschungsgemeinschaft enden im Dezember \u2013 Sachsen-Anhalt, Th\u00fcringen und Sachsen \u00fcbernehmen dann den Gro\u00dfteil der Grundfinanzierung. Die Ministerpr\u00e4sidenten der drei mitteldeutschen L\u00e4nder bekennen sich in einer gemeinsamen Erkl\u00e4rung zur F\u00f6rderung von iDiv \u00fcber das Jahr 2030 hinaus. Au\u00dferdem fordern sie eine st\u00e4rkere Beteiligung des Bundes, der bislang ausschlie\u00dflich \u00fcber das Helmholtz-Zentrum f\u00fcr Umweltforschung (UFZ) zur Grundfinanzierung beitr\u00e4gt.<\/p>\n<p>Mehr als 150 G\u00e4ste aus Politik, Wissenschaft und Gesellschaft nahmen an der Festveranstaltung im L\u00f6wengeb\u00e4ude der Martin-Luther-Universit\u00e4t Halle-Wittenberg teil. Sachsen-Anhalts Wissenschafts-Staatssekret\u00e4r Thomas W\u00fcnsch sowie die Ministerpr\u00e4sidenten Th\u00fcringens und Sachsens, Mario Voigt und Michael Kretschmer, rekapitulierten in ihren Reden die Erfolge der 13-j\u00e4hrigen iDiv-Geschichte. Insbesondere w\u00fcrdigten sie iDivs Rolle, die integrative Biodiversit\u00e4tsforschung als zukunftstr\u00e4chtiges Forschungsfeld an den Universit\u00e4ten Halle, Jena und Leipzig sowie dem Helmholtz-Zentrum f\u00fcr Umweltforschung zu etablieren. Bundesumweltminister Carsten Schneider betonte in einer Video-Botschaft die Beitr\u00e4ge des Forschungszentrums f\u00fcr den Schutz der biologischen Vielfalt. Die Deutsche Forschungsgemeinschaft wertet die millionenschwere F\u00f6rderung als Erfolg: Das Forschungszentrum genie\u00dft heute internationale Anerkennung und Sichtbarkeit.<\/p>\n<\/div>\n                            <\/div>\n                                                                    <div class=\"pb-24   mod_bild  col-md-4 offset-md-2 pos_top\">\n                            <div class=\"bildrepeater \" id=\"\">\n    <div class=\"relativ\"><img decoding=\"async\" class=\"responsiv desktop\" src=\"https:\/\/www.idiv.de\/wp-content\/uploads\/2025\/09\/DFG-Festakt-Halle-2025-3339-SBernhardt-iDiv-scaled.jpg\" height=\"\" width=\"\" alt=\"idiv-\"\/><img decoding=\"async\" class=\"responsiv mobile\" src=\"https:\/\/www.idiv.de\/wp-content\/uploads\/2025\/09\/DFG-Festakt-Halle-2025-3339-SBernhardt-iDiv-scaled.jpg\" height=\"\" width=\"\" alt=\"idiv-\"\/><a href=\"#\" class=\"cr\" role=\"button\">\n<svg  xmlns=\"http:\/\/www.w3.org\/2000\/svg\" width=\"22\" height=\"22\" viewBox=\"0 0 22 22\">\n    <rect id=\"BG\" width=\"22\" height=\"22\" rx=\"11\" fill=\"#fff\"\/>\n    <g id=\"Wrapper\" transform=\"translate(-1 -1)\">\n        <g id=\"Icon_material-copyright\" data-name=\"Icon material-copyright\">\n            <circle id=\"Ellipse_30\" data-name=\"Ellipse 30\" cx=\"8\" cy=\"8\" r=\"8\" transform=\"translate(4 4)\" fill=\"#fff\"\/>\n            <path id=\"Icon_material-copyright-2\" data-name=\"Icon material-copyright\" d=\"M9.464,10.088a2.045,2.045,0,0,1,.24-.7,1.4,1.4,0,0,1,.472-.5,1.42,1.42,0,0,1,.728-.184,1.45,1.45,0,0,1,.5.1,1.29,1.29,0,0,1,.416.288,1.54,1.54,0,0,1,.272.424,1.4,1.4,0,0,1,.112.512H13.64a2.864,2.864,0,0,0-.224-1.032,2.4,2.4,0,0,0-.56-.808,2.613,2.613,0,0,0-.864-.528,3.09,3.09,0,0,0-1.112-.184,3.127,3.127,0,0,0-1.36.272,2.751,2.751,0,0,0-.96.736,3.007,3.007,0,0,0-.568,1.088A4.685,4.685,0,0,0,7.8,10.9v.216a4.684,4.684,0,0,0,.184,1.312,2.908,2.908,0,0,0,.568,1.08,2.731,2.731,0,0,0,.96.728,3.246,3.246,0,0,0,1.36.272,3.051,3.051,0,0,0,1.056-.184,2.729,2.729,0,0,0,.864-.5,2.442,2.442,0,0,0,.592-.752,2.153,2.153,0,0,0,.24-.92H12.192a1.139,1.139,0,0,1-.12.464,1.177,1.177,0,0,1-.288.368,1.26,1.26,0,0,1-.416.24,1.589,1.589,0,0,1-.48.08,1.359,1.359,0,0,1-.712-.184,1.4,1.4,0,0,1-.472-.5,2.09,2.09,0,0,1-.24-.7,5.392,5.392,0,0,1-.064-.8V10.9a5.33,5.33,0,0,1,.064-.808ZM11,3a8,8,0,1,0,8,8A8,8,0,0,0,11,3Zm0,14.4A6.4,6.4,0,1,1,17.4,11,6.408,6.408,0,0,1,11,17.4Z\" transform=\"translate(1 1)\" fill=\"#4d4d4d\"\/>\n        <\/g>\n    <\/g>\n<\/svg>\n<span>Stefan Bernhardt<\/span><\/a><\/div><p class=\"bu\">Wissenschafts-Staatssekret\u00e4r M\u00fcnch und die Ministerpr\u00e4sidenten Voigt und Kretschmer unterschreiben Erkl\u00e4rung zur F\u00f6rderung von iDiv nach 2030.<\/p><\/div>\n                            <\/div>\n                                                                    <div class=\"pb-24   mod_bild  col-md-4 offset-md-0 pos_top\">\n                            <div class=\"bildrepeater \" id=\"\">\n    <div class=\"relativ\"><img decoding=\"async\" class=\"responsiv desktop\" src=\"https:\/\/www.idiv.de\/wp-content\/uploads\/2025\/09\/DFG-Festakt-Halle-2025-3188-SBernhardt-iDiv-1-scaled.jpg\" height=\"\" width=\"\" alt=\"idiv-\"\/><img decoding=\"async\" class=\"responsiv mobile\" src=\"https:\/\/www.idiv.de\/wp-content\/uploads\/2025\/09\/DFG-Festakt-Halle-2025-3188-SBernhardt-iDiv-1-scaled.jpg\" height=\"\" width=\"\" alt=\"idiv-\"\/><a href=\"#\" class=\"cr\" role=\"button\">\n<svg  xmlns=\"http:\/\/www.w3.org\/2000\/svg\" width=\"22\" height=\"22\" viewBox=\"0 0 22 22\">\n    <rect id=\"BG\" width=\"22\" height=\"22\" rx=\"11\" fill=\"#fff\"\/>\n    <g id=\"Wrapper\" transform=\"translate(-1 -1)\">\n        <g id=\"Icon_material-copyright\" data-name=\"Icon material-copyright\">\n            <circle id=\"Ellipse_30\" data-name=\"Ellipse 30\" cx=\"8\" cy=\"8\" r=\"8\" transform=\"translate(4 4)\" fill=\"#fff\"\/>\n            <path id=\"Icon_material-copyright-2\" data-name=\"Icon material-copyright\" d=\"M9.464,10.088a2.045,2.045,0,0,1,.24-.7,1.4,1.4,0,0,1,.472-.5,1.42,1.42,0,0,1,.728-.184,1.45,1.45,0,0,1,.5.1,1.29,1.29,0,0,1,.416.288,1.54,1.54,0,0,1,.272.424,1.4,1.4,0,0,1,.112.512H13.64a2.864,2.864,0,0,0-.224-1.032,2.4,2.4,0,0,0-.56-.808,2.613,2.613,0,0,0-.864-.528,3.09,3.09,0,0,0-1.112-.184,3.127,3.127,0,0,0-1.36.272,2.751,2.751,0,0,0-.96.736,3.007,3.007,0,0,0-.568,1.088A4.685,4.685,0,0,0,7.8,10.9v.216a4.684,4.684,0,0,0,.184,1.312,2.908,2.908,0,0,0,.568,1.08,2.731,2.731,0,0,0,.96.728,3.246,3.246,0,0,0,1.36.272,3.051,3.051,0,0,0,1.056-.184,2.729,2.729,0,0,0,.864-.5,2.442,2.442,0,0,0,.592-.752,2.153,2.153,0,0,0,.24-.92H12.192a1.139,1.139,0,0,1-.12.464,1.177,1.177,0,0,1-.288.368,1.26,1.26,0,0,1-.416.24,1.589,1.589,0,0,1-.48.08,1.359,1.359,0,0,1-.712-.184,1.4,1.4,0,0,1-.472-.5,2.09,2.09,0,0,1-.24-.7,5.392,5.392,0,0,1-.064-.8V10.9a5.33,5.33,0,0,1,.064-.808ZM11,3a8,8,0,1,0,8,8A8,8,0,0,0,11,3Zm0,14.4A6.4,6.4,0,1,1,17.4,11,6.408,6.408,0,0,1,11,17.4Z\" transform=\"translate(1 1)\" fill=\"#4d4d4d\"\/>\n        <\/g>\n    <\/g>\n<\/svg>\n<span>Stefan Bernhardt<\/span><\/a><\/div><p class=\"bu\">Bei einer Podiumsdiskussion diskutierte iDiv-Forscherin Aletta Bonn mit Thomas W\u00fcnsch (nicht im Bild), Mario Voigt und Michael Kretschmer.<\/p><\/div>\n                            <\/div>\n                                                                    <div class=\"pb-24   mod_bild  col-md-4 offset-md-2 pos_top\">\n                            <div class=\"bildrepeater \" id=\"\">\n    <div class=\"relativ\"><img decoding=\"async\" class=\"responsiv desktop\" src=\"https:\/\/www.idiv.de\/wp-content\/uploads\/2025\/09\/DFG-Festakt-Halle-2025-3126-SBernhardt-iDiv-1-scaled.jpg\" height=\"\" width=\"\" alt=\"idiv-\"\/><img decoding=\"async\" class=\"responsiv mobile\" src=\"https:\/\/www.idiv.de\/wp-content\/uploads\/2025\/09\/DFG-Festakt-Halle-2025-3126-SBernhardt-iDiv-1-scaled.jpg\" height=\"\" width=\"\" alt=\"idiv-\"\/><a href=\"#\" class=\"cr\" role=\"button\">\n<svg  xmlns=\"http:\/\/www.w3.org\/2000\/svg\" width=\"22\" height=\"22\" viewBox=\"0 0 22 22\">\n    <rect id=\"BG\" width=\"22\" height=\"22\" rx=\"11\" fill=\"#fff\"\/>\n    <g id=\"Wrapper\" transform=\"translate(-1 -1)\">\n        <g id=\"Icon_material-copyright\" data-name=\"Icon material-copyright\">\n            <circle id=\"Ellipse_30\" data-name=\"Ellipse 30\" cx=\"8\" cy=\"8\" r=\"8\" transform=\"translate(4 4)\" fill=\"#fff\"\/>\n            <path id=\"Icon_material-copyright-2\" data-name=\"Icon material-copyright\" d=\"M9.464,10.088a2.045,2.045,0,0,1,.24-.7,1.4,1.4,0,0,1,.472-.5,1.42,1.42,0,0,1,.728-.184,1.45,1.45,0,0,1,.5.1,1.29,1.29,0,0,1,.416.288,1.54,1.54,0,0,1,.272.424,1.4,1.4,0,0,1,.112.512H13.64a2.864,2.864,0,0,0-.224-1.032,2.4,2.4,0,0,0-.56-.808,2.613,2.613,0,0,0-.864-.528,3.09,3.09,0,0,0-1.112-.184,3.127,3.127,0,0,0-1.36.272,2.751,2.751,0,0,0-.96.736,3.007,3.007,0,0,0-.568,1.088A4.685,4.685,0,0,0,7.8,10.9v.216a4.684,4.684,0,0,0,.184,1.312,2.908,2.908,0,0,0,.568,1.08,2.731,2.731,0,0,0,.96.728,3.246,3.246,0,0,0,1.36.272,3.051,3.051,0,0,0,1.056-.184,2.729,2.729,0,0,0,.864-.5,2.442,2.442,0,0,0,.592-.752,2.153,2.153,0,0,0,.24-.92H12.192a1.139,1.139,0,0,1-.12.464,1.177,1.177,0,0,1-.288.368,1.26,1.26,0,0,1-.416.24,1.589,1.589,0,0,1-.48.08,1.359,1.359,0,0,1-.712-.184,1.4,1.4,0,0,1-.472-.5,2.09,2.09,0,0,1-.24-.7,5.392,5.392,0,0,1-.064-.8V10.9a5.33,5.33,0,0,1,.064-.808ZM11,3a8,8,0,1,0,8,8A8,8,0,0,0,11,3Zm0,14.4A6.4,6.4,0,1,1,17.4,11,6.408,6.408,0,0,1,11,17.4Z\" transform=\"translate(1 1)\" fill=\"#4d4d4d\"\/>\n        <\/g>\n    <\/g>\n<\/svg>\n<span>Stefan Bernhardt<\/span><\/a><\/div><p class=\"bu\">Johannes Grave, Vizepr\u00e4sident der Deutschen Forschungsgemeinschaft (DFG), w\u00fcrdigte die Erfolge von 13 Jahren iDiv.<\/p><\/div>\n                            <\/div>\n                                                                    <div class=\"pb-24   mod_bild  col-md-4 offset-md-0 pos_top\">\n                            <div class=\"bildrepeater \" id=\"\">\n    <div class=\"relativ\"><img decoding=\"async\" class=\"responsiv desktop\" src=\"https:\/\/www.idiv.de\/wp-content\/uploads\/2025\/09\/DFG-Festakt-Halle-2025-3309-SBernhardt-iDiv-1-scaled.jpg\" height=\"\" width=\"\" alt=\"idiv-\"\/><img decoding=\"async\" class=\"responsiv mobile\" src=\"https:\/\/www.idiv.de\/wp-content\/uploads\/2025\/09\/DFG-Festakt-Halle-2025-3309-SBernhardt-iDiv-1-scaled.jpg\" height=\"\" width=\"\" alt=\"idiv-\"\/><a href=\"#\" class=\"cr\" role=\"button\">\n<svg  xmlns=\"http:\/\/www.w3.org\/2000\/svg\" width=\"22\" height=\"22\" viewBox=\"0 0 22 22\">\n    <rect id=\"BG\" width=\"22\" height=\"22\" rx=\"11\" fill=\"#fff\"\/>\n    <g id=\"Wrapper\" transform=\"translate(-1 -1)\">\n        <g id=\"Icon_material-copyright\" data-name=\"Icon material-copyright\">\n            <circle id=\"Ellipse_30\" data-name=\"Ellipse 30\" cx=\"8\" cy=\"8\" r=\"8\" transform=\"translate(4 4)\" fill=\"#fff\"\/>\n            <path id=\"Icon_material-copyright-2\" data-name=\"Icon material-copyright\" d=\"M9.464,10.088a2.045,2.045,0,0,1,.24-.7,1.4,1.4,0,0,1,.472-.5,1.42,1.42,0,0,1,.728-.184,1.45,1.45,0,0,1,.5.1,1.29,1.29,0,0,1,.416.288,1.54,1.54,0,0,1,.272.424,1.4,1.4,0,0,1,.112.512H13.64a2.864,2.864,0,0,0-.224-1.032,2.4,2.4,0,0,0-.56-.808,2.613,2.613,0,0,0-.864-.528,3.09,3.09,0,0,0-1.112-.184,3.127,3.127,0,0,0-1.36.272,2.751,2.751,0,0,0-.96.736,3.007,3.007,0,0,0-.568,1.088A4.685,4.685,0,0,0,7.8,10.9v.216a4.684,4.684,0,0,0,.184,1.312,2.908,2.908,0,0,0,.568,1.08,2.731,2.731,0,0,0,.96.728,3.246,3.246,0,0,0,1.36.272,3.051,3.051,0,0,0,1.056-.184,2.729,2.729,0,0,0,.864-.5,2.442,2.442,0,0,0,.592-.752,2.153,2.153,0,0,0,.24-.92H12.192a1.139,1.139,0,0,1-.12.464,1.177,1.177,0,0,1-.288.368,1.26,1.26,0,0,1-.416.24,1.589,1.589,0,0,1-.48.08,1.359,1.359,0,0,1-.712-.184,1.4,1.4,0,0,1-.472-.5,2.09,2.09,0,0,1-.24-.7,5.392,5.392,0,0,1-.064-.8V10.9a5.33,5.33,0,0,1,.064-.808ZM11,3a8,8,0,1,0,8,8A8,8,0,0,0,11,3Zm0,14.4A6.4,6.4,0,1,1,17.4,11,6.408,6.408,0,0,1,11,17.4Z\" transform=\"translate(1 1)\" fill=\"#4d4d4d\"\/>\n        <\/g>\n    <\/g>\n<\/svg>\n<span>Stefan Bernhardt<\/span><\/a><\/div><p class=\"bu\">Alle Teilnehmerinnen und Teilnehmer des iDiv-Empfangs<\/p><\/div>\n                            <\/div>\n                                                                    <div class=\"pb-24   mod_text  col-md-8 offset-md-2 pos_top\">\n                            <div class=\"textrepeater \" id=\"\">\n    <p><strong>Carsten Schneider, Bundesminister f\u00fcr Umwelt, Naturschutz und Reaktorsicherheit:<\/strong><br \/>\n\u201eWir wissen noch l\u00e4ngst nicht alles \u00fcber das komplexe, oft faszinierende Zusammenspiel in der Natur. Deswegen brauchen wir iDiv. Bew\u00e4hrte Kooperationen, zum Beispiel mit dem Bundesamt f\u00fcr Naturschutz und dem Umweltbundesamt, sollten unbedingt fortgesetzt werden. Je besser wir die biologische Vielfalt verstehen, desto wirksamer k\u00f6nnen wir sie sch\u00fctzen, und desto besser k\u00f6nnen wir unsere Grundlage f\u00fcr ein gutes Leben sichern.\u201c<\/p>\n<p><strong>Michael Kretschmer, Ministerpr\u00e4sident des Freistaates Sachsen:\u00a0<\/strong><br \/>\n\u201eDie Forschungen des Biodiversit\u00e4tszentrums sind wichtig und tragen dazu bei, die Artenvielfalt jetzt und in Zukunft sch\u00fctzen zu k\u00f6nnen. Daf\u00fcr leistet Leipzig als einer der drei Hauptstandorte einen entscheidenden Beitrag.\u00a0 Der Freistaat Sachsen unterst\u00fctzt und f\u00f6rdert gemeinsam mit der Universit\u00e4t Leipzig kontinuierlich das Zentrum und die wertvolle wissenschaftliche Arbeit. Zus\u00e4tzlich hat der Freistaat unter anderem in den Bau von Laboren investiert, um die Biodiversit\u00e4tsforschung voranzutreiben.\u201c<\/p>\n<p><strong>Dr. Mario Voigt, Ministerpr\u00e4sident des Freistaates Th\u00fcringen:<\/strong><br \/>\n\u201eArtenvielfalt ist das sichtbarste Zeichen einer gesunden Umwelt \u2013 ein Geschenk f\u00fcr uns alle. Dass Mitteldeutschland heute Standort weltweit anerkannter Biodiversit\u00e4tsforschung ist, war jedoch kein Zufall, sondern das Ergebnis harter Arbeit und verl\u00e4sslicher F\u00f6rderung. Dieses Geld ist gut investiert. Denn nur mit starker Forschung finden wir die richtigen Antworten auf die Herausforderungen unserer Zeit. Und darum tragen wir als drei mitteldeutsche L\u00e4nder gemeinsam Verantwortung f\u00fcr das iDiv.\u201c<\/p>\n<p><strong>Thomas W\u00fcnsch, Staatssekret\u00e4r im Ministerium f\u00fcr Wissenschaft, Energie, Klimaschutz und Umwelt des Landes Sachsen-\u200bAnhalt:<\/strong><br \/>\n\u201eiDiv steht f\u00fcr exzellente Zukunftsforschung in Mitteldeutschland. Umso wichtiger ist es, dass dieser Leuchtturm nach erfolgreichem Aufbau und Anlauf auch k\u00fcnftig weit ausstrahlt. Die langfristig gesicherte Finanzierung durch mitteldeutsche L\u00e4nder, Unis und UFZ schafft daf\u00fcr eine gute Basis sowie Planungssicherheit f\u00fcr kluge K\u00f6pfe und ihre wegweisende Forschung zum Megathema Biodiversit\u00e4t. Damit l\u00e4uten wir die n\u00e4chste \u00c4ra am iDiv ein.\u201c<\/p>\n<p><strong>Prof. Dr. Claudia Becker, Rektorin der Martin-Luther-Universit\u00e4t Halle-Wittenberg:<\/strong><br \/>\n\u201eiDiv leistet nicht nur exzellente Forschung, sondern wirkt als Katalysator f\u00fcr die weitere wissenschaftliche Entwicklung der Martin-Luther-Universit\u00e4t: Seit der Gr\u00fcndung des Zentrums hat sich die Universit\u00e4t Halle als international ausgewiesene Anlaufstelle der Biodiversit\u00e4tsforschung etabliert. Davon zeugen die vielen wissenschaftlichen Ver\u00f6ffentlichungen unserer Forschenden in renommierten Fachjournalen sowie hochrangige F\u00f6rderungen, darunter auch zwei der begehrten Forschungspreise des Europ\u00e4ischen Forschungsrats ERC.\u201c<\/p>\n<p><strong>Prof. Dr. Eva In\u00e9s Obergfell, Vorsitzende des iDiv-Kuratoriums und Rektorin der Universit\u00e4t Leipzig:<\/strong><br \/>\n\u201eIn den vergangenen 13 Jahren hat sich iDiv in eindrucksvoller Weise zu einem international beachteten, anerkannten Zentrum f\u00fcr integrative Biodiversit\u00e4tsforschung entwickelt. Die Universit\u00e4t Leipzig\u00a0sichert gemeinsam mit den Universit\u00e4ten in Halle und Jena, dem Helmholtz-Zentrum f\u00fcr Umweltforschung (UFZ) sowie den Bundesl\u00e4ndern Sachsen, Sachsen-Anhalt und Th\u00fcringen die Zukunftsf\u00e4higkeit von iDiv.\u00a0 Es ist eine gro\u00dfe Aufgabe, den Verlust der biologischen Vielfalt zu stoppen. Die Forschenden von iDiv tragen ma\u00dfgeblich zur Erf\u00fcllung dieser Aufgabe bei und ich bin davon \u00fcberzeugt, dass sie auch in den kommenden Jahrzehnten wichtige Erkenntnisse zum Zukunftsthema Biodiversit\u00e4t erlangen und in hochrangigen Fachjournalen publizieren werden.\u201c<\/p>\n<p><strong>Prof. Dr. Andreas Marx, Pr\u00e4sident der Friedrich-Schiller-Universit\u00e4t Jena:<\/strong><br \/>\n\u201eiDiv ist eine Erfolgsgeschichte \u2013 wissenschaftlich, institutionell und gesellschaftlich. Seit \u00fcber einem Jahrzehnt erforscht das Zentrum unter ma\u00dfgeblicher Beteiligung der Friedrich-Schiller-Universit\u00e4t Jena, wie wir dem weltweiten Verlust an Biodiversit\u00e4t begegnen k\u00f6nnen \u2013 einer der dr\u00e4ngendsten Herausforderungen unserer Zeit. Dabei geht es nicht nur um Arten, sondern um die Grundlagen allen Lebens auf der Erde. Dass es iDiv gelungen ist, international sichtbare Spitzenforschung mit konkretem gesellschaftlichem Mehrwert zu verbinden, ist ein beeindruckender Beleg f\u00fcr die Wirksamkeit interdisziplin\u00e4rer, standort\u00fcbergreifender Forschung in Mitteldeutschland.\u201c<\/p>\n<p><strong>Prof. Dr. Kathrin B\u00f6hning-Gaese, Wissenschaftliche Gesch\u00e4ftsf\u00fchrerin des Helmholtz-Zentrum f\u00fcr Umweltforschung (UFZ):<\/strong><br \/>\n\u201eDas UFZ ist einer der wichtigsten Partner des iDiv. Es hat in allen Phasen \u2013 von der Idee \u00fcber die Gr\u00fcndung bis heute \u2013 inhaltlich, personell und finanziell ganz ma\u00dfgeblich zu dessen Erfolg beigetragen, und wird das auch weiterhin tun. So steuert das UFZ zum Beispiel drei der insgesamt neun Professuren bei und stellt den iDiv-Wissenschaftler:innen wichtige Forschungsinfrastrukturen, wie die UFZ-Versuchsstation in Bad Lauchst\u00e4dt zur Verf\u00fcgung.\u201c<\/p>\n<p><strong>Prof. Dr. Johannes Grave, Vize-Pr\u00e4sident der Deutschen Forschungsgemeinschaft (DFG):<\/strong><br \/>\n\u201eiDiv steht f\u00fcr 13 Jahre Spitzenforschung und zugleich aktiven Einsatz f\u00fcr die Artenvielfalt, deren Erhalt zu den dr\u00e4ngendsten Aufgaben unserer Zeit z\u00e4hlt. Die DFG hat das Zentrum \u00fcber die maximale Laufzeit von drei F\u00f6rderperioden und mit rund 135 Millionen Euro als Pioniereinrichtung gef\u00f6rdert, die Universit\u00e4ts- und L\u00e4ndergrenzen \u00fcberschreitet. Seine herausragende Arbeit zeigt, dass sich solche strategischen Investitionen mehr als auszahlen \u2013 unmittelbar f\u00fcr Forschung und Fortschritt, aber auch f\u00fcr die Politikberatung und den gesellschaftlichen Transfer sowie f\u00fcr die internationale Anziehungskraft und Leistungsf\u00e4higkeit des deutschen Wissenschafts- und Wirtschaftsstandorts. Dass diese Arbeit mit dem heutigen Tag nicht endet, sondern die beteiligten Bundesl\u00e4nder und Standorte sich weiter Hand in Hand f\u00fcr die Fortf\u00fchrung und den Ausbau des iDivs stark machen, ist wichtig und freut uns ungemein.\u201c<\/p>\n<p><strong>Prof. Dr. Martin Quaas, Wissenschaftlicher Gesch\u00e4ftsf\u00fchrer iDiv:<br \/>\n<\/strong>\u201eAls \u00d6konom lerne ich jeden Tag von meinen Kolleginnen und Kollegen Neues \u00fcber die faszinierende Vielfalt der Natur. In der interdisziplin\u00e4ren Zusammenarbeit k\u00f6nnen wir beziffern, wie wertvoll die Natur f\u00fcr Menschen ist, auch wenn diese Werte im Wirtschaftsteil der Zeitung \u2013 noch &#8211; nicht vorkommen. Auf der Basis arbeiten wir Wege aus, wie sich der nachhaltige Umgang mit der Natur mit Eigenverantwortung und wirtschaftlichen Interessen in Einklang bringen l\u00e4sst. Solche integrative Biodiversit\u00e4tsforschung hier in Mitteldeutschland international sichtbar zu etablieren war nur m\u00f6glich, weil uns die F\u00f6rderung durch die Deutsche Forschungsgemeinschaft den Freiraum daf\u00fcr geschaffen hat. Wir danken den drei Landesregierungen, dass sie das gleiche Vertrauen in unsere Forschung setzen. Wir sind \u00fcberzeugt: Spitzenforschung ist die Voraussetzung daf\u00fcr, neue Wege f\u00fcr den Schutz und die nachhaltige Nutzung der Natur zu finden.\u201c<\/p>\n<p><strong>Dr. Anne Wesemann, Administrative Gesch\u00e4ftsf\u00fchrerin iDiv e.V.:<br \/>\n<\/strong>\u201eiDiv ist von einer Idee Weniger zu einer \u00dcberzeugung Vieler gewachsen und wird beeindruckend getragen und gef\u00f6rdert von den Bundesl\u00e4ndern Mitteldeutschlands mit Ihren jeweiligen gr\u00f6\u00dften Universit\u00e4ten sowie dem Bund \u00fcber das Helmholtz-Zentrum f\u00fcr Umweltforschung (UFZ). Integrative Biodiversit\u00e4tsforschung wird im Kooperationsnetzwerk iDiv gelebt und zuk\u00fcnftig noch einmal bekr\u00e4ftigt durch eine Absichtserkl\u00e4rung der drei L\u00e4nder, \u00fcber die n\u00e4chsten Jahrzehnte hinweg die Wissenschaftslandschaft ebenso pr\u00e4gen, wie das gesellschaftliche und politische Verst\u00e4ndnis der Biodiversit\u00e4tsfragen unserer Zeit. iDiv zeigt was die Synergien in einem Kooperationsgeflecht bewirken k\u00f6nnen \u2013 und wir stehen erst am Anfang.\u201c<\/p>\n<p>&nbsp;<\/p>\n<p><u>Hintergrund:<br \/>\n<\/u>Der Wandel der \u00d6kosysteme und Lebensgemeinschaften und der globale Verlust an Arten geh\u00f6ren zu den gro\u00dfen Herausforderungen unserer Zeit. Seit 2012 erforschen iDiv-Wissenschaftlerinnen und -Wissenschaftler diese Ver\u00e4nderungen und erarbeiten Grundlagen f\u00fcr evidenzbasierte Politik und Praxis. Das Forschungszentrum integriert eine gro\u00dfe Breite an Forschungsfeldern: von den Interaktionen zwischen Tier, Pflanze und Mikroben zu den Trends des globalen Biodiversit\u00e4tswandels. So fanden iDiv-Forschende j\u00fcngst heraus, dass die globale biologische Vielfalt im 20. Jahrhundert allein durch ver\u00e4nderte Landnutzung um etwa 2 bis 11 % zur\u00fcckgegangen ist \u2013 bis Mitte dieses Jahrhunderts k\u00f6nnte der Klimawandel zum Hauptgrund f\u00fcr den R\u00fcckgang biologischer Vielfalt werden.<\/p>\n<p>iDiv hat sich zu einem weltweit sichtbaren Leuchtturm der Biodiversit\u00e4tswissenschaft entwickelt. 290 Mitarbeiterinnen und Mitarbeiter aus mehr als 40 Nationen arbeiten heute f\u00fcr das Forschungszentrum. Zus\u00e4tzlich forschen mehr als 150 Mitgliedergruppen an verschiedenen Standorten in Halle, Jena und Leipzig. Der 2024 gegr\u00fcndete\u00a0iDiv e.\u00a0V. sichert die langfristige Verstetigung des Forschungszentrums als Einrichtung seiner Gr\u00fcndungsmitglieder: der\u00a0Friedrich-Schiller-Universit\u00e4t Jena, der\u00a0Martin-Luther-Universit\u00e4t Halle-Wittenberg, des\u00a0Helmholtz-Zentrums f\u00fcr Umweltforschung (UFZ) und der\u00a0Universit\u00e4t Leipzig. Die drei L\u00e4nder Sachsen, Sachsen-Anhalt und Th\u00fcringen \u00fcbernehmen gemeinsam mit weiteren Partnern die Grundfinanzierung des Forschungszentrums.<\/p>\n<\/div>\n                            <\/div>\n                        <\/div>\n    <\/div>\n<\/div>","protected":false},"excerpt":{"rendered":"","protected":false},"author":4,"featured_media":0,"comment_status":"closed","ping_status":"closed","sticky":false,"template":"","format":"standard","meta":{"_acf_changed":false,"advgb_blocks_editor_width":"","advgb_blocks_columns_visual_guide":"","footnotes":"","_links_to":"","_links_to_target":""},"categories":[28,29],"tags":[],"class_list":["post-35616","post","type-post","status-publish","format-standard","hentry","category-idiv-de","category-medienmitteilung"],"acf":{"thumb":35645,"thumbmobile":"","copyright":"","breadcrumb":true},"yoast_head":"<!-- This site is optimized with the Yoast SEO plugin v27.4 - https:\/\/yoast.com\/product\/yoast-seo-wordpress\/ -->\n<title>Neues Kapitel der Biodiversit\u00e4tsforschung in Mitteldeutschland | iDiv<\/title>\n<meta name=\"robots\" content=\"index, follow, max-snippet:-1, max-image-preview:large, max-video-preview:-1\" \/>\n<link rel=\"canonical\" href=\"https:\/\/www.idiv.de\/de\/neues-kapitel-der-biodiversitaetsforschung-in-mitteldeutschland\/\" \/>\n<meta property=\"og:locale\" content=\"de_DE\" \/>\n<meta property=\"og:type\" content=\"article\" \/>\n<meta property=\"og:title\" content=\"Neues Kapitel der Biodiversit\u00e4tsforschung in Mitteldeutschland | iDiv\" \/>\n<meta property=\"og:url\" content=\"https:\/\/www.idiv.de\/de\/neues-kapitel-der-biodiversitaetsforschung-in-mitteldeutschland\/\" \/>\n<meta property=\"og:site_name\" content=\"iDiv\" \/>\n<meta property=\"article:published_time\" content=\"2025-09-26T15:15:48+00:00\" \/>\n<meta property=\"article:modified_time\" content=\"2025-09-30T08:12:04+00:00\" \/>\n<meta property=\"og:image\" content=\"https:\/\/www.idiv.de\/wp-content\/uploads\/2024\/11\/iDivSocialMediaShare.jpg\" \/>\n\t<meta property=\"og:image:width\" content=\"1200\" \/>\n\t<meta property=\"og:image:height\" content=\"675\" \/>\n\t<meta property=\"og:image:type\" content=\"image\/jpeg\" \/>\n<meta name=\"author\" content=\"Volker Hahn\" \/>\n<meta name=\"twitter:card\" content=\"summary_large_image\" \/>\n<meta name=\"twitter:creator\" content=\"@idiv\" \/>\n<meta name=\"twitter:site\" content=\"@idiv\" \/>\n<script type=\"application\/ld+json\" class=\"yoast-schema-graph\">{\"@context\":\"https:\\\/\\\/schema.org\",\"@graph\":[{\"@type\":\"Article\",\"@id\":\"https:\\\/\\\/www.idiv.de\\\/de\\\/neues-kapitel-der-biodiversitaetsforschung-in-mitteldeutschland\\\/#article\",\"isPartOf\":{\"@id\":\"https:\\\/\\\/www.idiv.de\\\/de\\\/neues-kapitel-der-biodiversitaetsforschung-in-mitteldeutschland\\\/\"},\"author\":{\"name\":\"Volker Hahn\",\"@id\":\"https:\\\/\\\/www.idiv.de\\\/de\\\/#\\\/schema\\\/person\\\/2f218f0c364a10b45a773c666db94322\"},\"headline\":\"Neues Kapitel der Biodiversit\u00e4tsforschung in Mitteldeutschland\",\"datePublished\":\"2025-09-26T15:15:48+00:00\",\"dateModified\":\"2025-09-30T08:12:04+00:00\",\"mainEntityOfPage\":{\"@id\":\"https:\\\/\\\/www.idiv.de\\\/de\\\/neues-kapitel-der-biodiversitaetsforschung-in-mitteldeutschland\\\/\"},\"wordCount\":7,\"publisher\":{\"@id\":\"https:\\\/\\\/www.idiv.de\\\/de\\\/#organization\"},\"articleSection\":[\"iDiv\",\"Medienmitteilung\"],\"inLanguage\":\"de\"},{\"@type\":\"WebPage\",\"@id\":\"https:\\\/\\\/www.idiv.de\\\/de\\\/neues-kapitel-der-biodiversitaetsforschung-in-mitteldeutschland\\\/\",\"url\":\"https:\\\/\\\/www.idiv.de\\\/de\\\/neues-kapitel-der-biodiversitaetsforschung-in-mitteldeutschland\\\/\",\"name\":\"Neues Kapitel der Biodiversit\u00e4tsforschung in Mitteldeutschland | iDiv\",\"isPartOf\":{\"@id\":\"https:\\\/\\\/www.idiv.de\\\/de\\\/#website\"},\"datePublished\":\"2025-09-26T15:15:48+00:00\",\"dateModified\":\"2025-09-30T08:12:04+00:00\",\"breadcrumb\":{\"@id\":\"https:\\\/\\\/www.idiv.de\\\/de\\\/neues-kapitel-der-biodiversitaetsforschung-in-mitteldeutschland\\\/#breadcrumb\"},\"inLanguage\":\"de\",\"potentialAction\":[{\"@type\":\"ReadAction\",\"target\":[\"https:\\\/\\\/www.idiv.de\\\/de\\\/neues-kapitel-der-biodiversitaetsforschung-in-mitteldeutschland\\\/\"]}]},{\"@type\":\"BreadcrumbList\",\"@id\":\"https:\\\/\\\/www.idiv.de\\\/de\\\/neues-kapitel-der-biodiversitaetsforschung-in-mitteldeutschland\\\/#breadcrumb\",\"itemListElement\":[{\"@type\":\"ListItem\",\"position\":1,\"name\":\"Startseite\",\"item\":\"https:\\\/\\\/www.idiv.de\\\/de\\\/\"},{\"@type\":\"ListItem\",\"position\":2,\"name\":\"Neues Kapitel der Biodiversit\u00e4tsforschung in Mitteldeutschland\"}]},{\"@type\":\"WebSite\",\"@id\":\"https:\\\/\\\/www.idiv.de\\\/de\\\/#website\",\"url\":\"https:\\\/\\\/www.idiv.de\\\/de\\\/\",\"name\":\"iDiv\",\"description\":\"Hotspot in Biodiversity Research\",\"publisher\":{\"@id\":\"https:\\\/\\\/www.idiv.de\\\/de\\\/#organization\"},\"potentialAction\":[{\"@type\":\"SearchAction\",\"target\":{\"@type\":\"EntryPoint\",\"urlTemplate\":\"https:\\\/\\\/www.idiv.de\\\/de\\\/?s={search_term_string}\"},\"query-input\":{\"@type\":\"PropertyValueSpecification\",\"valueRequired\":true,\"valueName\":\"search_term_string\"}}],\"inLanguage\":\"de\"},{\"@type\":\"Organization\",\"@id\":\"https:\\\/\\\/www.idiv.de\\\/de\\\/#organization\",\"name\":\"idiv\",\"url\":\"https:\\\/\\\/www.idiv.de\\\/de\\\/\",\"logo\":{\"@type\":\"ImageObject\",\"inLanguage\":\"de\",\"@id\":\"https:\\\/\\\/www.idiv.de\\\/de\\\/#\\\/schema\\\/logo\\\/image\\\/\",\"url\":\"https:\\\/\\\/www.idiv.de\\\/wp-content\\\/uploads\\\/2024\\\/08\\\/iDiv_Logo_long_v1_EN_black_4c.jpg\",\"contentUrl\":\"https:\\\/\\\/www.idiv.de\\\/wp-content\\\/uploads\\\/2024\\\/08\\\/iDiv_Logo_long_v1_EN_black_4c.jpg\",\"width\":2448,\"height\":674,\"caption\":\"idiv\"},\"image\":{\"@id\":\"https:\\\/\\\/www.idiv.de\\\/de\\\/#\\\/schema\\\/logo\\\/image\\\/\"},\"sameAs\":[\"https:\\\/\\\/x.com\\\/idiv\",\"https:\\\/\\\/www.linkedin.com\\\/company\\\/idiv-biodiversity\\\/\",\"https:\\\/\\\/www.youtube.com\\\/idiv-research\"]},{\"@type\":\"Person\",\"@id\":\"https:\\\/\\\/www.idiv.de\\\/de\\\/#\\\/schema\\\/person\\\/2f218f0c364a10b45a773c666db94322\",\"name\":\"Volker Hahn\",\"url\":\"https:\\\/\\\/www.idiv.de\\\/de\\\/author\\\/volker-hahn\\\/\"}]}<\/script>\n<!-- \/ Yoast SEO plugin. -->","yoast_head_json":{"title":"Neues Kapitel der Biodiversit\u00e4tsforschung in Mitteldeutschland | iDiv","robots":{"index":"index","follow":"follow","max-snippet":"max-snippet:-1","max-image-preview":"max-image-preview:large","max-video-preview":"max-video-preview:-1"},"canonical":"https:\/\/www.idiv.de\/de\/neues-kapitel-der-biodiversitaetsforschung-in-mitteldeutschland\/","og_locale":"de_DE","og_type":"article","og_title":"Neues Kapitel der Biodiversit\u00e4tsforschung in Mitteldeutschland | iDiv","og_url":"https:\/\/www.idiv.de\/de\/neues-kapitel-der-biodiversitaetsforschung-in-mitteldeutschland\/","og_site_name":"iDiv","article_published_time":"2025-09-26T15:15:48+00:00","article_modified_time":"2025-09-30T08:12:04+00:00","og_image":[{"width":1200,"height":675,"url":"https:\/\/www.idiv.de\/wp-content\/uploads\/2024\/11\/iDivSocialMediaShare.jpg","type":"image\/jpeg"}],"author":"Volker Hahn","twitter_card":"summary_large_image","twitter_creator":"@idiv","twitter_site":"@idiv","schema":{"@context":"https:\/\/schema.org","@graph":[{"@type":"Article","@id":"https:\/\/www.idiv.de\/de\/neues-kapitel-der-biodiversitaetsforschung-in-mitteldeutschland\/#article","isPartOf":{"@id":"https:\/\/www.idiv.de\/de\/neues-kapitel-der-biodiversitaetsforschung-in-mitteldeutschland\/"},"author":{"name":"Volker Hahn","@id":"https:\/\/www.idiv.de\/de\/#\/schema\/person\/2f218f0c364a10b45a773c666db94322"},"headline":"Neues Kapitel der Biodiversit\u00e4tsforschung in Mitteldeutschland","datePublished":"2025-09-26T15:15:48+00:00","dateModified":"2025-09-30T08:12:04+00:00","mainEntityOfPage":{"@id":"https:\/\/www.idiv.de\/de\/neues-kapitel-der-biodiversitaetsforschung-in-mitteldeutschland\/"},"wordCount":7,"publisher":{"@id":"https:\/\/www.idiv.de\/de\/#organization"},"articleSection":["iDiv","Medienmitteilung"],"inLanguage":"de"},{"@type":"WebPage","@id":"https:\/\/www.idiv.de\/de\/neues-kapitel-der-biodiversitaetsforschung-in-mitteldeutschland\/","url":"https:\/\/www.idiv.de\/de\/neues-kapitel-der-biodiversitaetsforschung-in-mitteldeutschland\/","name":"Neues Kapitel der Biodiversit\u00e4tsforschung in Mitteldeutschland | iDiv","isPartOf":{"@id":"https:\/\/www.idiv.de\/de\/#website"},"datePublished":"2025-09-26T15:15:48+00:00","dateModified":"2025-09-30T08:12:04+00:00","breadcrumb":{"@id":"https:\/\/www.idiv.de\/de\/neues-kapitel-der-biodiversitaetsforschung-in-mitteldeutschland\/#breadcrumb"},"inLanguage":"de","potentialAction":[{"@type":"ReadAction","target":["https:\/\/www.idiv.de\/de\/neues-kapitel-der-biodiversitaetsforschung-in-mitteldeutschland\/"]}]},{"@type":"BreadcrumbList","@id":"https:\/\/www.idiv.de\/de\/neues-kapitel-der-biodiversitaetsforschung-in-mitteldeutschland\/#breadcrumb","itemListElement":[{"@type":"ListItem","position":1,"name":"Startseite","item":"https:\/\/www.idiv.de\/de\/"},{"@type":"ListItem","position":2,"name":"Neues Kapitel der Biodiversit\u00e4tsforschung in Mitteldeutschland"}]},{"@type":"WebSite","@id":"https:\/\/www.idiv.de\/de\/#website","url":"https:\/\/www.idiv.de\/de\/","name":"iDiv","description":"Hotspot in Biodiversity Research","publisher":{"@id":"https:\/\/www.idiv.de\/de\/#organization"},"potentialAction":[{"@type":"SearchAction","target":{"@type":"EntryPoint","urlTemplate":"https:\/\/www.idiv.de\/de\/?s={search_term_string}"},"query-input":{"@type":"PropertyValueSpecification","valueRequired":true,"valueName":"search_term_string"}}],"inLanguage":"de"},{"@type":"Organization","@id":"https:\/\/www.idiv.de\/de\/#organization","name":"idiv","url":"https:\/\/www.idiv.de\/de\/","logo":{"@type":"ImageObject","inLanguage":"de","@id":"https:\/\/www.idiv.de\/de\/#\/schema\/logo\/image\/","url":"https:\/\/www.idiv.de\/wp-content\/uploads\/2024\/08\/iDiv_Logo_long_v1_EN_black_4c.jpg","contentUrl":"https:\/\/www.idiv.de\/wp-content\/uploads\/2024\/08\/iDiv_Logo_long_v1_EN_black_4c.jpg","width":2448,"height":674,"caption":"idiv"},"image":{"@id":"https:\/\/www.idiv.de\/de\/#\/schema\/logo\/image\/"},"sameAs":["https:\/\/x.com\/idiv","https:\/\/www.linkedin.com\/company\/idiv-biodiversity\/","https:\/\/www.youtube.com\/idiv-research"]},{"@type":"Person","@id":"https:\/\/www.idiv.de\/de\/#\/schema\/person\/2f218f0c364a10b45a773c666db94322","name":"Volker Hahn","url":"https:\/\/www.idiv.de\/de\/author\/volker-hahn\/"}]}},"author_meta":{"display_name":"Volker Hahn","author_link":"https:\/\/www.idiv.de\/de\/author\/volker-hahn\/"},"featured_img":null,"coauthors":[],"tax_additional":{"categories":{"linked":["<a href=\"https:\/\/www.idiv.de\/de\/kategorie\/idiv-de\/\" class=\"advgb-post-tax-term\">iDiv<\/a>","<a href=\"https:\/\/www.idiv.de\/de\/kategorie\/medienmitteilung\/\" class=\"advgb-post-tax-term\">Medienmitteilung<\/a>"],"unlinked":["<span class=\"advgb-post-tax-term\">iDiv<\/span>","<span class=\"advgb-post-tax-term\">Medienmitteilung<\/span>"]}},"comment_count":0,"relative_dates":{"created":"Ver\u00f6ffentlicht 7\u00a0Monaten vor","modified":"Aktualisiert 7\u00a0Monaten vor"},"absolute_dates":{"created":"Ver\u00f6ffentlicht am 26. September 2025","modified":"Aktualisiert am 30. September 2025"},"absolute_dates_time":{"created":"Ver\u00f6ffentlicht am 26. September 2025 16:15","modified":"Aktualisiert am 30. September 2025 9:12"},"featured_img_caption":"","series_order":"","_links":{"self":[{"href":"https:\/\/www.idiv.de\/de\/wp-json\/wp\/v2\/posts\/35616","targetHints":{"allow":["GET"]}}],"collection":[{"href":"https:\/\/www.idiv.de\/de\/wp-json\/wp\/v2\/posts"}],"about":[{"href":"https:\/\/www.idiv.de\/de\/wp-json\/wp\/v2\/types\/post"}],"author":[{"embeddable":true,"href":"https:\/\/www.idiv.de\/de\/wp-json\/wp\/v2\/users\/4"}],"replies":[{"embeddable":true,"href":"https:\/\/www.idiv.de\/de\/wp-json\/wp\/v2\/comments?post=35616"}],"version-history":[{"count":14,"href":"https:\/\/www.idiv.de\/de\/wp-json\/wp\/v2\/posts\/35616\/revisions"}],"predecessor-version":[{"id":35781,"href":"https:\/\/www.idiv.de\/de\/wp-json\/wp\/v2\/posts\/35616\/revisions\/35781"}],"wp:attachment":[{"href":"https:\/\/www.idiv.de\/de\/wp-json\/wp\/v2\/media?parent=35616"}],"wp:term":[{"taxonomy":"category","embeddable":true,"href":"https:\/\/www.idiv.de\/de\/wp-json\/wp\/v2\/categories?post=35616"},{"taxonomy":"post_tag","embeddable":true,"href":"https:\/\/www.idiv.de\/de\/wp-json\/wp\/v2\/tags?post=35616"}],"curies":[{"name":"wp","href":"https:\/\/api.w.org\/{rel}","templated":true}]}}