{"id":35242,"date":"2025-09-11T07:08:01","date_gmt":"2025-09-11T06:08:01","guid":{"rendered":"https:\/\/www.idiv.de\/?p=35242"},"modified":"2025-09-17T08:52:37","modified_gmt":"2025-09-17T07:52:37","slug":"aussterben-groser-tiere-verandert-pflanzensamen-und-walder","status":"publish","type":"post","link":"https:\/\/www.idiv.de\/de\/aussterben-groser-tiere-verandert-pflanzensamen-und-walder\/","title":{"rendered":"Aussterben gro\u00dfer Tiere ver\u00e4ndert Pflanzensamen und W\u00e4lder"},"content":{"rendered":"<div class=\"herosection pb-24 pt-0 no-bg modulclass \" id=\"\">\n                    <div class=\"swiper1noslider  nooverflow heronews swiper thinslider\" id=\"slide_69f5009a6422e\">\n        \n                <div class=\"swiper-wrapper\">\n                                            <div class=\"swiper-slide  style_\" aria-hidden=\"true\" >\n                            <div class=\"backstretchwrap\">\n                        \n                            <div datasrc=\"https:\/\/www.idiv.de\/wp-content\/uploads\/2025\/09\/Rotten-Borassus-madagascariensis_Laura-Mendez-2-1.jpg\" class=\"backstretchimg responsiv desktop\"><\/div>\n\n                            <a href=\"#\" class=\"cr\"><svg  xmlns=\"http:\/\/www.w3.org\/2000\/svg\" width=\"22\" height=\"22\" viewBox=\"0 0 22 22\">\n                                    <rect id=\"BG\" width=\"22\" height=\"22\" rx=\"11\" fill=\"#fff\"\/>\n                                    <g id=\"Wrapper\" transform=\"translate(-1 -1)\">\n                                        <g id=\"Icon_material-copyright\" data-name=\"Icon material-copyright\">\n                                            <circle id=\"Ellipse_30\" data-name=\"Ellipse 30\" cx=\"8\" cy=\"8\" r=\"8\" transform=\"translate(4 4)\" fill=\"#fff\"\/>\n                                            <path id=\"Icon_material-copyright-2\" data-name=\"Icon material-copyright\" d=\"M9.464,10.088a2.045,2.045,0,0,1,.24-.7,1.4,1.4,0,0,1,.472-.5,1.42,1.42,0,0,1,.728-.184,1.45,1.45,0,0,1,.5.1,1.29,1.29,0,0,1,.416.288,1.54,1.54,0,0,1,.272.424,1.4,1.4,0,0,1,.112.512H13.64a2.864,2.864,0,0,0-.224-1.032,2.4,2.4,0,0,0-.56-.808,2.613,2.613,0,0,0-.864-.528,3.09,3.09,0,0,0-1.112-.184,3.127,3.127,0,0,0-1.36.272,2.751,2.751,0,0,0-.96.736,3.007,3.007,0,0,0-.568,1.088A4.685,4.685,0,0,0,7.8,10.9v.216a4.684,4.684,0,0,0,.184,1.312,2.908,2.908,0,0,0,.568,1.08,2.731,2.731,0,0,0,.96.728,3.246,3.246,0,0,0,1.36.272,3.051,3.051,0,0,0,1.056-.184,2.729,2.729,0,0,0,.864-.5,2.442,2.442,0,0,0,.592-.752,2.153,2.153,0,0,0,.24-.92H12.192a1.139,1.139,0,0,1-.12.464,1.177,1.177,0,0,1-.288.368,1.26,1.26,0,0,1-.416.24,1.589,1.589,0,0,1-.48.08,1.359,1.359,0,0,1-.712-.184,1.4,1.4,0,0,1-.472-.5,2.09,2.09,0,0,1-.24-.7,5.392,5.392,0,0,1-.064-.8V10.9a5.33,5.33,0,0,1,.064-.808ZM11,3a8,8,0,1,0,8,8A8,8,0,0,0,11,3Zm0,14.4A6.4,6.4,0,1,1,17.4,11,6.408,6.408,0,0,1,11,17.4Z\" transform=\"translate(1 1)\" fill=\"#4d4d4d\"\/>\n                                        <\/g>\n                                    <\/g>\n                                <\/svg>\n                                <span>Laura M\u00e9ndez<\/span><\/a>                        \n                                                    <\/div>\n                                        <div class=\"sliderinhalt \" role=\"region\" aria-label=\"carousel\">\n\n                                                \n\n                                                <p class=\"big align-center\" >11.09.2025 | Evolution und Adaptation, Forschung, iDiv, iDiv, Medienmitteilung<\/p>                                            <h1 class=\"h1 tcenter\" >Aussterben gro\u00dfer Tiere ver\u00e4ndert Pflanzensamen und W\u00e4lder<\/h1>                                                    <p style=\"text-align: center;\">Eine neue Studie zeigt, dass der Einfluss des Menschen in Madagaskar den R\u00fcckgang gro\u00dfer fruchtfressender Tiere und ihrer pflanzlichen Gegenspieler vorantreibt \u2013 mit Auswirkungen auf die Waldstruktur und die Kohlenstoffspeicherung.<\/p>\n                                                \n                                                                                                            <\/div>\n                                            <\/div>\n\n                        \n                 <\/div>\n\n                              <\/div>\n<\/div>\n\n<div class=\"textbildrepeater pb-24 pt-0 no-bg modulclass \" id=\"\">\n    <div class=\"container\">\n        <div class=\"row\">\n                                                                <div class=\"pb-24   mod_text  col-md-8 offset-md-2 pos_top\">\n                            <div class=\"textrepeater \" id=\"\">\n    <p>Die Samen, die von B\u00e4umen in den W\u00e4ldern Madagaskars hervorgebracht werden, werden kleiner. Neue Forschungsergebnisse im Fachmagazin <em>Ecology Letters<\/em> deuten darauf hin, dass der Mensch eine nicht unwesentliche Rolle bei dieser Ver\u00e4nderung spielen k\u00f6nnte. Wissenschaftlerinnen und Wissenschaftler des Deutschen Zentrums f\u00fcr integrative Biodiversit\u00e4tsforschung (iDiv) und der Universit\u00e4t Leipzig haben Daten von mehr als 2.800 Pflanzenarten, 48 lebenden und 15 ausgestorbenen Samenverbreitern \u2013 darunter V\u00f6gel und Lemuren \u2013 zusammengetragen. Die Ergebnisse zeigen, dass sowohl das in der Vergangenheit vom Menschen verursachte Aussterben fruchtfressender Tiere als auch der heutige anthropogene Druck Spuren an den Pflanzensamen auf der ganzen Insel hinterlassen.<\/p>\n<p>Die Forschenden fanden heraus, dass ein erh\u00f6hter menschlicher Fu\u00dfabdruck (ein kumulativer Index f\u00fcr den Einfluss des Menschen in einem Gebiet) mit kleineren maximalen Samengr\u00f6\u00dfen in Pflanzengemeinschaften verbunden ist. Dieser Einfluss ist sowohl direkt \u2013 beispielsweise durch selektive Abholzung von B\u00e4umen mit gro\u00dfen Samen \u2013 als auch indirekt, indem gro\u00dfe Fruchtfresser immer weiter abnehmen, die diese Samen sonst verbreiten w\u00fcrden.<\/p>\n<p><strong>Wenn Frugivoren kleiner werden, bleiben \u00f6kologische Geister zur\u00fcck<\/strong><\/p>\n<p>Da die K\u00f6rpergr\u00f6\u00dfe fruchtfressender Tiere (Frugivoren) und die Samengr\u00f6\u00dfe zusammenh\u00e4ngen \u2013 gro\u00dfe Tiere k\u00f6nnen gr\u00f6\u00dfere Samen vertilgen und sp\u00e4ter verbreiten \u2013, kann ein R\u00fcckgang gro\u00dfer Tiere auch zu einem R\u00fcckgang gro\u00dfer Samen f\u00fchren und die Samen werden kleiner. \u201eIn Madagaskar sehen wir einen sehr starken R\u00fcckgang der K\u00f6rpergr\u00f6\u00dfe von Frugivoren. Etwa in den letzten 1000 Jahren sind dort alle Tiere mit einer K\u00f6rpergr\u00f6\u00dfe \u00fcber 10 kg (die Megafauna) ausgestorben\u201c, sagt Erstautorin Yuanshu Pu, Doktorandin bei iDiv und an der Universit\u00e4t Leipzig. \u201eWenn es keine gro\u00dfen Frugivoren mehr gibt, kann das zum sekund\u00e4ren Aussterben von Pflanzenarten mit gro\u00dfen Samen f\u00fchren. Oder die Pflanzen passen sich an die verbleibende Tiergemeinschaft an und bilden kleinere Samen.\u201c<\/p>\n<p>Die Studie zeigt jedoch auch, dass mehrere Pflanzenarten in Madagaskar Samen bilden, die zu gro\u00df f\u00fcr alle heute existierenden Frugivoren auf der Insel sind \u2013 etwa die madagassische Palmenart <em>Borassus madagascariensis <\/em>oder <em>Tsebona macrantha<\/em>, eine Pflanzenart aus der Familie der Sapotengew\u00e4chse. Diese \u201e\u00f6kologischen Geister\u201c zeugen von Interaktionen mit l\u00e4ngst ausgestorbenen Riesenlemuren oder anderen gro\u00dfen Pflanzenfressern. \u201eBis heute ist nicht klar, wie diese Pflanzen fortbestehen konnten. M\u00f6glicherweise haben sie alternative M\u00f6glichkeiten zur Verbreitung gefunden, etwa \u00fcber heute in Madagaskar verbreitete Zebus, Buschschweine, Menschen oder auch das Wasser\u201c, so Yuanshu Pu.<\/p>\n<p><strong>Die Gr\u00f6\u00dfe der Samen ist entscheidend<\/strong><\/p>\n<p>Gro\u00dfe Samen geh\u00f6ren oft zu Baumarten, die langsam wachsen, lange leben und manchmal eine wichtige Rolle bei der Kohlenstoffspeicherung spielen. Gro\u00dfe B\u00e4ume fallen jedoch auch besonders h\u00e4ufig dem Menschen zum Opfer, etwa durch Holzeinschlag. Aufgrund des langsamen Wachstums und der langsamen Verj\u00fcngungsrate erholen sich die Best\u00e4nde nur schwer.<\/p>\n<p>Die Samengr\u00f6\u00dfe h\u00e4ngt mit vielen Pflanzenmerkmalen zusammen, darunter die Baumgr\u00f6\u00dfe, Holzdichte und auch die Lebensdauer \u2013 Merkmale, die eng verkn\u00fcpft sind mit der Waldstruktur und wichtigen \u00d6kosystemfunktionen wie der Kohlenstoffspeicherung. Kleinere Samen k\u00f6nnten daher auch die Ver\u00e4nderung der Waldstruktur und wichtiger \u00d6kosystemleistungen vorantreiben.<\/p>\n<p>\u201eDie Zukunft der Pflanzen und der Tiere, die sie verbreiten, ist eng miteinander verbunden. Der Schutz der Lemuren in Madagaskar \u2013 von denen viele Fr\u00fcchte fressen und die Samen von Pflanzen verbreiten \u2013 ist daher nicht nur f\u00fcr den Artenschutz wichtig, sondern auch f\u00fcr den Erhalt gro\u00dfsamiger Pflanzen und der wichtigen \u00f6kologischen Funktionen, die sie erf\u00fcllen\u201c, sagt Seniorautorin Dr. Renske Onstein, Juniorforschungsgruppenleiterin bei iDiv und Leiterin der Forschungsgruppe \u201eBiodiversity Hotspots\u201c am Naturalis Biodiversity Center.<\/p>\n<p>&nbsp;<\/p>\n<p>&nbsp;<\/p>\n<h3><strong>Originalpublikation<\/strong><\/h3>\n<p>(Wissenschaftlerinnen und Wissenschaftler mit iDiv-Affiliation und Alumni fett hervorgehoben)<br \/>\n<strong>Yuanshu Pu<\/strong>, <strong>Alexander Zizka<\/strong>, <strong>Renske E. Onstein<\/strong> (2025). Legacy of the lost and pressure of the present: Malagasy plant seeds retain megafauna dispersal signatures but downsize under human pressure. <em>Ecology Letters<\/em>, DOI: <a href=\"https:\/\/doi.org\/10.1111\/ele.70205\" target=\"_blank\" aria-label=\"open in new tab\" rel=\"noopener\">10.1111\/ele.70205<\/a><\/p>\n<p>&nbsp;<\/p>\n<h3><strong>Ansprechpersonen<\/strong><\/h3>\n<p><strong>Yuanshu Pu<br \/>\n<\/strong><span class=\"tel\">Deutsches Zentrum f\u00fcr integrative Biodiversit\u00e4tsforschung (iDiv) Halle-Jena-Leipzig<\/span><br \/>\nUniversit\u00e4t Leipzig<br \/>\nE-Mail: <a href=\"mai&#108;&#116;&#111;&#58;&#x79;&#x75;&#x61;&#x6e;&#x73;&#x68;&#x75;&#46;pu&#64;&#105;&#100;&#105;&#118;&#x2e;&#x64;&#x65;\">&#121;&#117;&#x61;&#x6e;&#115;&#104;&#x75;&#x2e;&#112;&#117;&#x40;&#x69;&#100;&#105;&#x76;&#x2e;&#100;&#101;<\/a><\/p>\n<p><strong>\u00a0<\/strong><\/p>\n<p><strong>Kati Kietzmann<\/strong><br \/>\n<span class=\"tel\">Medien und Kommunikation<br \/>\nDeutsches Zentrum f\u00fcr integrative Biodiversit\u00e4tsforschung (iDiv) Halle-Jena-Leipzig<br \/>\nTelefon: +49 341 97 39222<br \/>\nE-Mail: <a href=\"&#109;&#x61;&#105;&#x6c;t&#111;&#x3a;&#107;&#x61;t&#x69;&#46;&#107;&#x69;&#101;&#x74;z&#x6d;&#x61;&#110;&#x6e;&#64;&#x69;d&#105;&#x76;&#46;&#x64;e\">&#107;a&#116;i&#46;k&#x69;e&#x74;z&#x6d;a&#x6e;n&#x40;i&#x64;i&#x76;&#46;&#x64;e<\/a><\/span><\/p>\n<\/div>\n                            <\/div>\n                                                                    <div class=\"pb-0   mod_bild  col-md-4 offset-md-2 pos_top\">\n                            <div class=\"bildrepeater \" id=\"\">\n    <div class=\"relativ\"><img decoding=\"async\" class=\"responsiv desktop\" src=\"https:\/\/www.idiv.de\/wp-content\/uploads\/2025\/09\/Degraded-forest_Yuanshu-Pu-16-9.jpg\" height=\"\" width=\"\" alt=\"idiv-\"\/><img decoding=\"async\" class=\"responsiv mobile\" src=\"https:\/\/www.idiv.de\/wp-content\/uploads\/2025\/09\/Degraded-forest_Yuanshu-Pu-16-9.jpg\" height=\"\" width=\"\" alt=\"idiv-\"\/><a href=\"#\" class=\"cr\" role=\"button\">\n<svg  xmlns=\"http:\/\/www.w3.org\/2000\/svg\" width=\"22\" height=\"22\" viewBox=\"0 0 22 22\">\n    <rect id=\"BG\" width=\"22\" height=\"22\" rx=\"11\" fill=\"#fff\"\/>\n    <g id=\"Wrapper\" transform=\"translate(-1 -1)\">\n        <g id=\"Icon_material-copyright\" data-name=\"Icon material-copyright\">\n            <circle id=\"Ellipse_30\" data-name=\"Ellipse 30\" cx=\"8\" cy=\"8\" r=\"8\" transform=\"translate(4 4)\" fill=\"#fff\"\/>\n            <path id=\"Icon_material-copyright-2\" data-name=\"Icon material-copyright\" d=\"M9.464,10.088a2.045,2.045,0,0,1,.24-.7,1.4,1.4,0,0,1,.472-.5,1.42,1.42,0,0,1,.728-.184,1.45,1.45,0,0,1,.5.1,1.29,1.29,0,0,1,.416.288,1.54,1.54,0,0,1,.272.424,1.4,1.4,0,0,1,.112.512H13.64a2.864,2.864,0,0,0-.224-1.032,2.4,2.4,0,0,0-.56-.808,2.613,2.613,0,0,0-.864-.528,3.09,3.09,0,0,0-1.112-.184,3.127,3.127,0,0,0-1.36.272,2.751,2.751,0,0,0-.96.736,3.007,3.007,0,0,0-.568,1.088A4.685,4.685,0,0,0,7.8,10.9v.216a4.684,4.684,0,0,0,.184,1.312,2.908,2.908,0,0,0,.568,1.08,2.731,2.731,0,0,0,.96.728,3.246,3.246,0,0,0,1.36.272,3.051,3.051,0,0,0,1.056-.184,2.729,2.729,0,0,0,.864-.5,2.442,2.442,0,0,0,.592-.752,2.153,2.153,0,0,0,.24-.92H12.192a1.139,1.139,0,0,1-.12.464,1.177,1.177,0,0,1-.288.368,1.26,1.26,0,0,1-.416.24,1.589,1.589,0,0,1-.48.08,1.359,1.359,0,0,1-.712-.184,1.4,1.4,0,0,1-.472-.5,2.09,2.09,0,0,1-.24-.7,5.392,5.392,0,0,1-.064-.8V10.9a5.33,5.33,0,0,1,.064-.808ZM11,3a8,8,0,1,0,8,8A8,8,0,0,0,11,3Zm0,14.4A6.4,6.4,0,1,1,17.4,11,6.408,6.408,0,0,1,11,17.4Z\" transform=\"translate(1 1)\" fill=\"#4d4d4d\"\/>\n        <\/g>\n    <\/g>\n<\/svg>\n<span>Yuanshu Pu<\/span><\/a><\/div><p class=\"bu\">Die W\u00e4lder Madagaskars stehen unter gro\u00dfem Druck. Der Einfluss des Menschen zeigt sich auch an den Samen der B\u00e4ume<\/p><\/div>\n                            <\/div>\n                                                                    <div class=\"pb-0   mod_bild  col-md-4 offset-md-0 pos_top\">\n                            <div class=\"bildrepeater \" id=\"\">\n    <div class=\"relativ\"><img decoding=\"async\" class=\"responsiv desktop\" src=\"https:\/\/www.idiv.de\/wp-content\/uploads\/2025\/09\/Rotten-Borassus-madagascariensis_Laura-Mendez-16-9.jpg\" height=\"\" width=\"\" alt=\"idiv-\"\/><img decoding=\"async\" class=\"responsiv mobile\" src=\"https:\/\/www.idiv.de\/wp-content\/uploads\/2025\/09\/Rotten-Borassus-madagascariensis_Laura-Mendez-16-9.jpg\" height=\"\" width=\"\" alt=\"idiv-\"\/><a href=\"#\" class=\"cr\" role=\"button\">\n<svg  xmlns=\"http:\/\/www.w3.org\/2000\/svg\" width=\"22\" height=\"22\" viewBox=\"0 0 22 22\">\n    <rect id=\"BG\" width=\"22\" height=\"22\" rx=\"11\" fill=\"#fff\"\/>\n    <g id=\"Wrapper\" transform=\"translate(-1 -1)\">\n        <g id=\"Icon_material-copyright\" data-name=\"Icon material-copyright\">\n            <circle id=\"Ellipse_30\" data-name=\"Ellipse 30\" cx=\"8\" cy=\"8\" r=\"8\" transform=\"translate(4 4)\" fill=\"#fff\"\/>\n            <path id=\"Icon_material-copyright-2\" data-name=\"Icon material-copyright\" d=\"M9.464,10.088a2.045,2.045,0,0,1,.24-.7,1.4,1.4,0,0,1,.472-.5,1.42,1.42,0,0,1,.728-.184,1.45,1.45,0,0,1,.5.1,1.29,1.29,0,0,1,.416.288,1.54,1.54,0,0,1,.272.424,1.4,1.4,0,0,1,.112.512H13.64a2.864,2.864,0,0,0-.224-1.032,2.4,2.4,0,0,0-.56-.808,2.613,2.613,0,0,0-.864-.528,3.09,3.09,0,0,0-1.112-.184,3.127,3.127,0,0,0-1.36.272,2.751,2.751,0,0,0-.96.736,3.007,3.007,0,0,0-.568,1.088A4.685,4.685,0,0,0,7.8,10.9v.216a4.684,4.684,0,0,0,.184,1.312,2.908,2.908,0,0,0,.568,1.08,2.731,2.731,0,0,0,.96.728,3.246,3.246,0,0,0,1.36.272,3.051,3.051,0,0,0,1.056-.184,2.729,2.729,0,0,0,.864-.5,2.442,2.442,0,0,0,.592-.752,2.153,2.153,0,0,0,.24-.92H12.192a1.139,1.139,0,0,1-.12.464,1.177,1.177,0,0,1-.288.368,1.26,1.26,0,0,1-.416.24,1.589,1.589,0,0,1-.48.08,1.359,1.359,0,0,1-.712-.184,1.4,1.4,0,0,1-.472-.5,2.09,2.09,0,0,1-.24-.7,5.392,5.392,0,0,1-.064-.8V10.9a5.33,5.33,0,0,1,.064-.808ZM11,3a8,8,0,1,0,8,8A8,8,0,0,0,11,3Zm0,14.4A6.4,6.4,0,1,1,17.4,11,6.408,6.408,0,0,1,11,17.4Z\" transform=\"translate(1 1)\" fill=\"#4d4d4d\"\/>\n        <\/g>\n    <\/g>\n<\/svg>\n<span>Laura M\u00e9ndez<\/span><\/a><\/div><p class=\"bu\">Die Fr\u00fcchte der Palmenart Borassus madagascariensis sind zu gro\u00df f\u00fcr alle heute existierenden Frugivoren Madagaskars<\/p><\/div>\n                            <\/div>\n                                                                    <div class=\"pb-24   mod_link  col-md-4 offset-md-2 pos_tleft\">\n                            <div class=\"btncf-block  tleft\" id=\"\">\n            <a href=\"https:\/\/www.idiv.de\/wp-content\/uploads\/2025\/09\/Degraded-forest_Yuanshu-Pu-16-9.jpg\"\n           class=\"mr-24 btncf normal\"\n           target=\"_blank\">Foto herunterladen                            <svg xmlns=\"http:\/\/www.w3.org\/2000\/svg\" width=\"7.621\" height=\"12.243\" aria-hidden=\"true\"\n                     viewBox=\"0 0 7.621 12.243\">\n                    <path id=\"Icon_feather-chevron-right\" data-name=\"Icon feather-chevron-right\"\n                          d=\"M17.5,17l-4-4,4-4\" transform=\"translate(19.621 19.121) rotate(180)\" fill=\"none\"\n                          stroke=\"#447226\" stroke-linecap=\"round\" stroke-linejoin=\"round\" stroke-width=\"3\"\/>\n                <\/svg>\n                    <\/a>\n    <\/div>                            <\/div>\n                                                                    <div class=\"pb-24   mod_link  col-md-4 offset-md-0 pos_tleft\">\n                            <div class=\"btncf-block  tleft\" id=\"\">\n            <a href=\"https:\/\/www.idiv.de\/wp-content\/uploads\/2025\/09\/Rotten-Borassus-madagascariensis_Laura-Mendez-16-9.jpg\"\n           class=\"mr-24 btncf normal\"\n           target=\"_blank\">Foto herunterladen                            <svg xmlns=\"http:\/\/www.w3.org\/2000\/svg\" width=\"7.621\" height=\"12.243\" aria-hidden=\"true\"\n                     viewBox=\"0 0 7.621 12.243\">\n                    <path id=\"Icon_feather-chevron-right\" data-name=\"Icon feather-chevron-right\"\n                          d=\"M17.5,17l-4-4,4-4\" transform=\"translate(19.621 19.121) rotate(180)\" fill=\"none\"\n                          stroke=\"#447226\" stroke-linecap=\"round\" stroke-linejoin=\"round\" stroke-width=\"3\"\/>\n                <\/svg>\n                    <\/a>\n    <\/div>                            <\/div>\n                                                                    <div class=\"pb-24   mod_text  col-md-8 offset-md-2 pos_top\">\n                            <div class=\"textrepeater \" id=\"\">\n    <p><em>Hinweis f\u00fcr die Medien: Die von iDiv bereitgestellten Bilder d\u00fcrfen ausschlie\u00dflich f\u00fcr die Berichterstattung im Zusammenhang mit dieser Medienmitteilung und unter Angabe des\/der Urhebers\/in verwendet werden.<\/em><\/p>\n<\/div>\n                            <\/div>\n                        <\/div>\n    <\/div>\n<\/div>\n\n\n<p><\/p>\n","protected":false},"excerpt":{"rendered":"","protected":false},"author":5,"featured_media":0,"comment_status":"closed","ping_status":"closed","sticky":false,"template":"","format":"standard","meta":{"_acf_changed":false,"advgb_blocks_editor_width":"","advgb_blocks_columns_visual_guide":"","footnotes":"","_links_to":"","_links_to_target":""},"categories":[34,37,21,28,29],"tags":[],"class_list":["post-35242","post","type-post","status-publish","format-standard","hentry","category-evolution-und-adaptation","category-forschung","category-idiv","category-idiv-de","category-medienmitteilung"],"acf":{"thumb":35236,"thumbmobile":"","copyright":"Laura M\u00e9ndez","breadcrumb":true},"yoast_head":"<!-- This site is optimized with the Yoast SEO plugin v27.5 - https:\/\/yoast.com\/product\/yoast-seo-wordpress\/ -->\n<title>Aussterben gro\u00dfer Tiere ver\u00e4ndert Pflanzensamen und W\u00e4lder | iDiv<\/title>\n<meta name=\"robots\" content=\"index, follow, max-snippet:-1, max-image-preview:large, max-video-preview:-1\" \/>\n<link rel=\"canonical\" href=\"https:\/\/www.idiv.de\/de\/aussterben-groser-tiere-verandert-pflanzensamen-und-walder\/\" \/>\n<meta property=\"og:locale\" content=\"de_DE\" \/>\n<meta property=\"og:type\" content=\"article\" \/>\n<meta property=\"og:title\" content=\"Aussterben gro\u00dfer Tiere ver\u00e4ndert Pflanzensamen und W\u00e4lder | iDiv\" \/>\n<meta property=\"og:url\" content=\"https:\/\/www.idiv.de\/de\/aussterben-groser-tiere-verandert-pflanzensamen-und-walder\/\" \/>\n<meta property=\"og:site_name\" content=\"iDiv\" \/>\n<meta property=\"article:published_time\" content=\"2025-09-11T06:08:01+00:00\" \/>\n<meta property=\"article:modified_time\" content=\"2025-09-17T07:52:37+00:00\" \/>\n<meta property=\"og:image\" content=\"https:\/\/www.idiv.de\/wp-content\/uploads\/2024\/11\/iDivSocialMediaShare.jpg\" \/>\n\t<meta property=\"og:image:width\" content=\"1200\" \/>\n\t<meta property=\"og:image:height\" content=\"675\" \/>\n\t<meta property=\"og:image:type\" content=\"image\/jpeg\" \/>\n<meta name=\"author\" content=\"Kati Kietzmann\" \/>\n<meta name=\"twitter:card\" content=\"summary_large_image\" \/>\n<meta name=\"twitter:creator\" content=\"@idiv\" \/>\n<meta name=\"twitter:site\" content=\"@idiv\" \/>\n<script type=\"application\/ld+json\" class=\"yoast-schema-graph\">{\"@context\":\"https:\\\/\\\/schema.org\",\"@graph\":[{\"@type\":\"Article\",\"@id\":\"https:\\\/\\\/www.idiv.de\\\/de\\\/aussterben-groser-tiere-verandert-pflanzensamen-und-walder\\\/#article\",\"isPartOf\":{\"@id\":\"https:\\\/\\\/www.idiv.de\\\/de\\\/aussterben-groser-tiere-verandert-pflanzensamen-und-walder\\\/\"},\"author\":{\"name\":\"Kati Kietzmann\",\"@id\":\"https:\\\/\\\/www.idiv.de\\\/de\\\/#\\\/schema\\\/person\\\/cef2ada932ae8594d7acf72fb615794e\"},\"headline\":\"Aussterben gro\u00dfer Tiere ver\u00e4ndert Pflanzensamen und W\u00e4lder\",\"datePublished\":\"2025-09-11T06:08:01+00:00\",\"dateModified\":\"2025-09-17T07:52:37+00:00\",\"mainEntityOfPage\":{\"@id\":\"https:\\\/\\\/www.idiv.de\\\/de\\\/aussterben-groser-tiere-verandert-pflanzensamen-und-walder\\\/\"},\"wordCount\":10,\"publisher\":{\"@id\":\"https:\\\/\\\/www.idiv.de\\\/de\\\/#organization\"},\"articleSection\":[\"Evolution und Adaptation\",\"Forschung\",\"iDiv\",\"iDiv\",\"Medienmitteilung\"],\"inLanguage\":\"de\"},{\"@type\":\"WebPage\",\"@id\":\"https:\\\/\\\/www.idiv.de\\\/de\\\/aussterben-groser-tiere-verandert-pflanzensamen-und-walder\\\/\",\"url\":\"https:\\\/\\\/www.idiv.de\\\/de\\\/aussterben-groser-tiere-verandert-pflanzensamen-und-walder\\\/\",\"name\":\"Aussterben gro\u00dfer Tiere ver\u00e4ndert Pflanzensamen und W\u00e4lder | iDiv\",\"isPartOf\":{\"@id\":\"https:\\\/\\\/www.idiv.de\\\/de\\\/#website\"},\"datePublished\":\"2025-09-11T06:08:01+00:00\",\"dateModified\":\"2025-09-17T07:52:37+00:00\",\"breadcrumb\":{\"@id\":\"https:\\\/\\\/www.idiv.de\\\/de\\\/aussterben-groser-tiere-verandert-pflanzensamen-und-walder\\\/#breadcrumb\"},\"inLanguage\":\"de\",\"potentialAction\":[{\"@type\":\"ReadAction\",\"target\":[\"https:\\\/\\\/www.idiv.de\\\/de\\\/aussterben-groser-tiere-verandert-pflanzensamen-und-walder\\\/\"]}]},{\"@type\":\"BreadcrumbList\",\"@id\":\"https:\\\/\\\/www.idiv.de\\\/de\\\/aussterben-groser-tiere-verandert-pflanzensamen-und-walder\\\/#breadcrumb\",\"itemListElement\":[{\"@type\":\"ListItem\",\"position\":1,\"name\":\"Startseite\",\"item\":\"https:\\\/\\\/www.idiv.de\\\/de\\\/\"},{\"@type\":\"ListItem\",\"position\":2,\"name\":\"Aussterben gro\u00dfer Tiere ver\u00e4ndert Pflanzensamen und W\u00e4lder\"}]},{\"@type\":\"WebSite\",\"@id\":\"https:\\\/\\\/www.idiv.de\\\/de\\\/#website\",\"url\":\"https:\\\/\\\/www.idiv.de\\\/de\\\/\",\"name\":\"iDiv\",\"description\":\"Hotspot in Biodiversity Research\",\"publisher\":{\"@id\":\"https:\\\/\\\/www.idiv.de\\\/de\\\/#organization\"},\"potentialAction\":[{\"@type\":\"SearchAction\",\"target\":{\"@type\":\"EntryPoint\",\"urlTemplate\":\"https:\\\/\\\/www.idiv.de\\\/de\\\/?s={search_term_string}\"},\"query-input\":{\"@type\":\"PropertyValueSpecification\",\"valueRequired\":true,\"valueName\":\"search_term_string\"}}],\"inLanguage\":\"de\"},{\"@type\":\"Organization\",\"@id\":\"https:\\\/\\\/www.idiv.de\\\/de\\\/#organization\",\"name\":\"idiv\",\"url\":\"https:\\\/\\\/www.idiv.de\\\/de\\\/\",\"logo\":{\"@type\":\"ImageObject\",\"inLanguage\":\"de\",\"@id\":\"https:\\\/\\\/www.idiv.de\\\/de\\\/#\\\/schema\\\/logo\\\/image\\\/\",\"url\":\"https:\\\/\\\/www.idiv.de\\\/wp-content\\\/uploads\\\/2024\\\/08\\\/iDiv_Logo_long_v1_EN_black_4c.jpg\",\"contentUrl\":\"https:\\\/\\\/www.idiv.de\\\/wp-content\\\/uploads\\\/2024\\\/08\\\/iDiv_Logo_long_v1_EN_black_4c.jpg\",\"width\":2448,\"height\":674,\"caption\":\"idiv\"},\"image\":{\"@id\":\"https:\\\/\\\/www.idiv.de\\\/de\\\/#\\\/schema\\\/logo\\\/image\\\/\"},\"sameAs\":[\"https:\\\/\\\/x.com\\\/idiv\",\"https:\\\/\\\/www.linkedin.com\\\/company\\\/idiv-biodiversity\\\/\",\"https:\\\/\\\/www.youtube.com\\\/idiv-research\"]},{\"@type\":\"Person\",\"@id\":\"https:\\\/\\\/www.idiv.de\\\/de\\\/#\\\/schema\\\/person\\\/cef2ada932ae8594d7acf72fb615794e\",\"name\":\"Kati Kietzmann\",\"url\":\"https:\\\/\\\/www.idiv.de\\\/de\\\/author\\\/kati-kietzmann\\\/\"}]}<\/script>\n<!-- \/ Yoast SEO plugin. -->","yoast_head_json":{"title":"Aussterben gro\u00dfer Tiere ver\u00e4ndert Pflanzensamen und W\u00e4lder | iDiv","robots":{"index":"index","follow":"follow","max-snippet":"max-snippet:-1","max-image-preview":"max-image-preview:large","max-video-preview":"max-video-preview:-1"},"canonical":"https:\/\/www.idiv.de\/de\/aussterben-groser-tiere-verandert-pflanzensamen-und-walder\/","og_locale":"de_DE","og_type":"article","og_title":"Aussterben gro\u00dfer Tiere ver\u00e4ndert Pflanzensamen und W\u00e4lder | iDiv","og_url":"https:\/\/www.idiv.de\/de\/aussterben-groser-tiere-verandert-pflanzensamen-und-walder\/","og_site_name":"iDiv","article_published_time":"2025-09-11T06:08:01+00:00","article_modified_time":"2025-09-17T07:52:37+00:00","og_image":[{"width":1200,"height":675,"url":"https:\/\/www.idiv.de\/wp-content\/uploads\/2024\/11\/iDivSocialMediaShare.jpg","type":"image\/jpeg"}],"author":"Kati Kietzmann","twitter_card":"summary_large_image","twitter_creator":"@idiv","twitter_site":"@idiv","schema":{"@context":"https:\/\/schema.org","@graph":[{"@type":"Article","@id":"https:\/\/www.idiv.de\/de\/aussterben-groser-tiere-verandert-pflanzensamen-und-walder\/#article","isPartOf":{"@id":"https:\/\/www.idiv.de\/de\/aussterben-groser-tiere-verandert-pflanzensamen-und-walder\/"},"author":{"name":"Kati Kietzmann","@id":"https:\/\/www.idiv.de\/de\/#\/schema\/person\/cef2ada932ae8594d7acf72fb615794e"},"headline":"Aussterben gro\u00dfer Tiere ver\u00e4ndert Pflanzensamen und W\u00e4lder","datePublished":"2025-09-11T06:08:01+00:00","dateModified":"2025-09-17T07:52:37+00:00","mainEntityOfPage":{"@id":"https:\/\/www.idiv.de\/de\/aussterben-groser-tiere-verandert-pflanzensamen-und-walder\/"},"wordCount":10,"publisher":{"@id":"https:\/\/www.idiv.de\/de\/#organization"},"articleSection":["Evolution und Adaptation","Forschung","iDiv","iDiv","Medienmitteilung"],"inLanguage":"de"},{"@type":"WebPage","@id":"https:\/\/www.idiv.de\/de\/aussterben-groser-tiere-verandert-pflanzensamen-und-walder\/","url":"https:\/\/www.idiv.de\/de\/aussterben-groser-tiere-verandert-pflanzensamen-und-walder\/","name":"Aussterben gro\u00dfer Tiere ver\u00e4ndert Pflanzensamen und W\u00e4lder | iDiv","isPartOf":{"@id":"https:\/\/www.idiv.de\/de\/#website"},"datePublished":"2025-09-11T06:08:01+00:00","dateModified":"2025-09-17T07:52:37+00:00","breadcrumb":{"@id":"https:\/\/www.idiv.de\/de\/aussterben-groser-tiere-verandert-pflanzensamen-und-walder\/#breadcrumb"},"inLanguage":"de","potentialAction":[{"@type":"ReadAction","target":["https:\/\/www.idiv.de\/de\/aussterben-groser-tiere-verandert-pflanzensamen-und-walder\/"]}]},{"@type":"BreadcrumbList","@id":"https:\/\/www.idiv.de\/de\/aussterben-groser-tiere-verandert-pflanzensamen-und-walder\/#breadcrumb","itemListElement":[{"@type":"ListItem","position":1,"name":"Startseite","item":"https:\/\/www.idiv.de\/de\/"},{"@type":"ListItem","position":2,"name":"Aussterben gro\u00dfer Tiere ver\u00e4ndert Pflanzensamen und W\u00e4lder"}]},{"@type":"WebSite","@id":"https:\/\/www.idiv.de\/de\/#website","url":"https:\/\/www.idiv.de\/de\/","name":"iDiv","description":"Hotspot in Biodiversity Research","publisher":{"@id":"https:\/\/www.idiv.de\/de\/#organization"},"potentialAction":[{"@type":"SearchAction","target":{"@type":"EntryPoint","urlTemplate":"https:\/\/www.idiv.de\/de\/?s={search_term_string}"},"query-input":{"@type":"PropertyValueSpecification","valueRequired":true,"valueName":"search_term_string"}}],"inLanguage":"de"},{"@type":"Organization","@id":"https:\/\/www.idiv.de\/de\/#organization","name":"idiv","url":"https:\/\/www.idiv.de\/de\/","logo":{"@type":"ImageObject","inLanguage":"de","@id":"https:\/\/www.idiv.de\/de\/#\/schema\/logo\/image\/","url":"https:\/\/www.idiv.de\/wp-content\/uploads\/2024\/08\/iDiv_Logo_long_v1_EN_black_4c.jpg","contentUrl":"https:\/\/www.idiv.de\/wp-content\/uploads\/2024\/08\/iDiv_Logo_long_v1_EN_black_4c.jpg","width":2448,"height":674,"caption":"idiv"},"image":{"@id":"https:\/\/www.idiv.de\/de\/#\/schema\/logo\/image\/"},"sameAs":["https:\/\/x.com\/idiv","https:\/\/www.linkedin.com\/company\/idiv-biodiversity\/","https:\/\/www.youtube.com\/idiv-research"]},{"@type":"Person","@id":"https:\/\/www.idiv.de\/de\/#\/schema\/person\/cef2ada932ae8594d7acf72fb615794e","name":"Kati Kietzmann","url":"https:\/\/www.idiv.de\/de\/author\/kati-kietzmann\/"}]}},"author_meta":{"display_name":"Kati Kietzmann","author_link":"https:\/\/www.idiv.de\/de\/author\/kati-kietzmann\/"},"featured_img":null,"coauthors":[],"tax_additional":{"categories":{"linked":["<a href=\"https:\/\/www.idiv.de\/de\/kategorie\/forschung\/evolution-und-adaptation\/\" class=\"advgb-post-tax-term\">Evolution und Adaptation<\/a>","<a href=\"https:\/\/www.idiv.de\/de\/kategorie\/forschung\/\" class=\"advgb-post-tax-term\">Forschung<\/a>","<a href=\"https:\/\/www.idiv.de\/category\/idiv\/\" class=\"advgb-post-tax-term\">iDiv<\/a>","<a href=\"https:\/\/www.idiv.de\/de\/kategorie\/idiv-de\/\" class=\"advgb-post-tax-term\">iDiv<\/a>","<a href=\"https:\/\/www.idiv.de\/de\/kategorie\/medienmitteilung\/\" class=\"advgb-post-tax-term\">Medienmitteilung<\/a>"],"unlinked":["<span class=\"advgb-post-tax-term\">Evolution und Adaptation<\/span>","<span class=\"advgb-post-tax-term\">Forschung<\/span>","<span class=\"advgb-post-tax-term\">iDiv<\/span>","<span class=\"advgb-post-tax-term\">iDiv<\/span>","<span class=\"advgb-post-tax-term\">Medienmitteilung<\/span>"]}},"comment_count":0,"relative_dates":{"created":"Ver\u00f6ffentlicht 8\u00a0Monaten vor","modified":"Aktualisiert 8\u00a0Monaten vor"},"absolute_dates":{"created":"Ver\u00f6ffentlicht am 11. September 2025","modified":"Aktualisiert am 17. September 2025"},"absolute_dates_time":{"created":"Ver\u00f6ffentlicht am 11. September 2025 7:08","modified":"Aktualisiert am 17. September 2025 8:52"},"featured_img_caption":"","series_order":"","_links":{"self":[{"href":"https:\/\/www.idiv.de\/de\/wp-json\/wp\/v2\/posts\/35242","targetHints":{"allow":["GET"]}}],"collection":[{"href":"https:\/\/www.idiv.de\/de\/wp-json\/wp\/v2\/posts"}],"about":[{"href":"https:\/\/www.idiv.de\/de\/wp-json\/wp\/v2\/types\/post"}],"author":[{"embeddable":true,"href":"https:\/\/www.idiv.de\/de\/wp-json\/wp\/v2\/users\/5"}],"replies":[{"embeddable":true,"href":"https:\/\/www.idiv.de\/de\/wp-json\/wp\/v2\/comments?post=35242"}],"version-history":[{"count":8,"href":"https:\/\/www.idiv.de\/de\/wp-json\/wp\/v2\/posts\/35242\/revisions"}],"predecessor-version":[{"id":35351,"href":"https:\/\/www.idiv.de\/de\/wp-json\/wp\/v2\/posts\/35242\/revisions\/35351"}],"wp:attachment":[{"href":"https:\/\/www.idiv.de\/de\/wp-json\/wp\/v2\/media?parent=35242"}],"wp:term":[{"taxonomy":"category","embeddable":true,"href":"https:\/\/www.idiv.de\/de\/wp-json\/wp\/v2\/categories?post=35242"},{"taxonomy":"post_tag","embeddable":true,"href":"https:\/\/www.idiv.de\/de\/wp-json\/wp\/v2\/tags?post=35242"}],"curies":[{"name":"wp","href":"https:\/\/api.w.org\/{rel}","templated":true}]}}