{"id":34978,"date":"2025-09-04T12:23:35","date_gmt":"2025-09-04T11:23:35","guid":{"rendered":"https:\/\/www.idiv.de\/julian-schrader-receives-erc-starting-grant\/"},"modified":"2025-09-04T12:49:54","modified_gmt":"2025-09-04T11:49:54","slug":"julian-schrader-erhalt-erc-starting-grant","status":"publish","type":"post","link":"https:\/\/www.idiv.de\/de\/julian-schrader-erhalt-erc-starting-grant\/","title":{"rendered":"Pflanzen, Inseln und der Klimawandel: Biologe Julian Schrader erh\u00e4lt ERC Starting Grant"},"content":{"rendered":"<div class=\"herosection pb-24 pt-0 no-bg modulclass \" id=\"\">\n                    <div class=\"swiper1noslider  nooverflow heronews swiper thinslider\" id=\"slide_69ef5857127f5\">\n        \n                <div class=\"swiper-wrapper\">\n                                            <div class=\"swiper-slide  style_\" aria-hidden=\"true\" >\n                            <div class=\"backstretchwrap\">\n                        \n                            <div datasrc=\"https:\/\/www.idiv.de\/wp-content\/uploads\/2025\/09\/Julian-Schrader_Foto_Cornelia-Sattler_2-1.jpg\" class=\"backstretchimg responsiv desktop\"><\/div>\n\n                            <a href=\"#\" class=\"cr\"><svg  xmlns=\"http:\/\/www.w3.org\/2000\/svg\" width=\"22\" height=\"22\" viewBox=\"0 0 22 22\">\n                                    <rect id=\"BG\" width=\"22\" height=\"22\" rx=\"11\" fill=\"#fff\"\/>\n                                    <g id=\"Wrapper\" transform=\"translate(-1 -1)\">\n                                        <g id=\"Icon_material-copyright\" data-name=\"Icon material-copyright\">\n                                            <circle id=\"Ellipse_30\" data-name=\"Ellipse 30\" cx=\"8\" cy=\"8\" r=\"8\" transform=\"translate(4 4)\" fill=\"#fff\"\/>\n                                            <path id=\"Icon_material-copyright-2\" data-name=\"Icon material-copyright\" d=\"M9.464,10.088a2.045,2.045,0,0,1,.24-.7,1.4,1.4,0,0,1,.472-.5,1.42,1.42,0,0,1,.728-.184,1.45,1.45,0,0,1,.5.1,1.29,1.29,0,0,1,.416.288,1.54,1.54,0,0,1,.272.424,1.4,1.4,0,0,1,.112.512H13.64a2.864,2.864,0,0,0-.224-1.032,2.4,2.4,0,0,0-.56-.808,2.613,2.613,0,0,0-.864-.528,3.09,3.09,0,0,0-1.112-.184,3.127,3.127,0,0,0-1.36.272,2.751,2.751,0,0,0-.96.736,3.007,3.007,0,0,0-.568,1.088A4.685,4.685,0,0,0,7.8,10.9v.216a4.684,4.684,0,0,0,.184,1.312,2.908,2.908,0,0,0,.568,1.08,2.731,2.731,0,0,0,.96.728,3.246,3.246,0,0,0,1.36.272,3.051,3.051,0,0,0,1.056-.184,2.729,2.729,0,0,0,.864-.5,2.442,2.442,0,0,0,.592-.752,2.153,2.153,0,0,0,.24-.92H12.192a1.139,1.139,0,0,1-.12.464,1.177,1.177,0,0,1-.288.368,1.26,1.26,0,0,1-.416.24,1.589,1.589,0,0,1-.48.08,1.359,1.359,0,0,1-.712-.184,1.4,1.4,0,0,1-.472-.5,2.09,2.09,0,0,1-.24-.7,5.392,5.392,0,0,1-.064-.8V10.9a5.33,5.33,0,0,1,.064-.808ZM11,3a8,8,0,1,0,8,8A8,8,0,0,0,11,3Zm0,14.4A6.4,6.4,0,1,1,17.4,11,6.408,6.408,0,0,1,11,17.4Z\" transform=\"translate(1 1)\" fill=\"#4d4d4d\"\/>\n                                        <\/g>\n                                    <\/g>\n                                <\/svg>\n                                <span>Cornelia Sattler<\/span><\/a>                        \n                                                    <\/div>\n                                        <div class=\"sliderinhalt \" role=\"region\" aria-label=\"carousel\">\n\n                                                \n\n                                                <p class=\"big align-center\" >04.09.2025 | Medienmitteilung, MLU News<\/p>                                            <h1 class=\"h1 tcenter\" >Pflanzen, Inseln und der Klimawandel: Biologe Julian Schrader erh\u00e4lt ERC Starting Grant<\/h1>\n                                                                                                            <\/div>\n                                            <\/div>\n\n                        \n                 <\/div>\n\n                              <\/div>\n<\/div>\n\n<div class=\"textbildrepeater pb-24 pt-0 no-bg modulclass \" id=\"\">\n    <div class=\"container\">\n        <div class=\"row\">\n                                                                <div class=\"pb-24   mod_text  col-md-8 offset-md-2 pos_top\">\n                            <div class=\"textrepeater \" id=\"\">\n    <p><em>Basierend auf einer Medienmitteilung der Martin-Luther-Universit\u00e4t Halle-Wittenberg<\/em><\/p>\n<p><strong>F\u00fcr seine Forschung zur Pflanzenwelt auf Inseln erh\u00e4lt Dr. Julian Schrader einen der begehrten Starting Grants des Europ\u00e4ischen Forschungsrats ERC. Die F\u00f6rderung \u00fcber 1,5 Millionen Euro nutzt der Biologe, um das Zusammenspiel von Klimawandel und der Verbreitung von Pflanzenarten zu untersuchen. Daf\u00fcr wechselt er von der Macquarie University in Sydney, Australien, an die Martin-Luther-Universit\u00e4t Halle-Wittenberg (MLU) und das Deutsche Zentrum f\u00fcr Biodiversit\u00e4tsforschung Halle-Jena-Leipzig (iDiv). Der ERC Starting Grant geh\u00f6rt zu den renommiertesten europ\u00e4ischen Forschungspreisen.<\/strong><\/p>\n<p>Der Klimawandel, ver\u00e4nderte Landnutzung und invasive Arten machen einheimischen Pflanzen weltweit zu schaffen. \u201eWeltweit verlagern sich Klimazonen immer mehr in Richtung der Pole \u2013 und mit ihnen die Lebensr\u00e4ume vieler Arten. Das \u00dcberleben von Pflanzenarten h\u00e4ngt stark davon ab, ob sie den Bewegungen folgen k\u00f6nnen oder nicht. \u00dcber diese Migrationsprozesse, die zugrundeliegenden Details und die Folgen f\u00fcr die Artengemeinschaft wissen wir noch sehr wenig\u201c, sagt Dr. Julian Schrader. Diese Wissensl\u00fccke m\u00f6chte der Biologe mit seinem vom ERC gef\u00f6rderten Forschungsprojekt schlie\u00dfen.<\/p>\n<p>Schrader hat sich vor einigen Jahren auf die Forschung zu Inseln spezialisiert. \u201eRund 20 Prozent aller bekannten Pflanzenarten kommen nur auf Inseln vor. Dabei machen sie nur rund f\u00fcnf Prozent der weltweiten Landmasse aus\u201c, sagt Schrader. Bereits in den vergangenen Jahren untersuchte er intensiv die Pflanzenwelt auf mehr als 880 australischen Inseln. Diese Forschung m\u00f6chte er nun fortsetzen und erweitern. \u201eMein Ziel ist es, Daten zur Verbreitung von Pflanzenarten mit sogenannten funktionellen Merkmalen in Verbindung zu setzen. Dazu z\u00e4hlen zum Beispiel die Pflanzenh\u00f6he sowie die Gr\u00f6\u00dfe und Menge ihrer Samen. So erhoffe ich neue Erkenntnisse dazu, welche Arten sich besser verbreiten und damit wom\u00f6glich neue Gebiete erschlie\u00dfen k\u00f6nnen\u201c, so Schrader. Anhand dieser Daten k\u00f6nnte es gelingen, Vorhersagen dar\u00fcber zu treffen, wie sich die Artenvielfalt auf Inseln entwickelt.<\/p>\n<p>Im Rahmen des ERC Grants kehrt Schrader zur\u00fcck nach Deutschland und wird an der MLU sowie dem iDiv eine Arbeitsgruppe etablieren. \u201eF\u00fcr meine Forschung ist der Raum Halle-Leipzig ein extrem attraktives Umfeld. Die hallesche Geobotanik genie\u00dft weltweit einen herausragenden Ruf, das iDiv ist internationale Spitzenklasse in der Synthese von Forschungsdaten zur Biodiversit\u00e4t\u201c, so Schrader. W\u00e4hrend der Schwerpunkt seines Forschungsprojekts auf Inseln liegt, sollen die Ergebnisse auch zu einem besseren Verst\u00e4ndnis auf dem Festland beitragen. Hierf\u00fcr greift Schrader im sp\u00e4teren Verlauf seines ERC-Projekts auf die Datenbank \u201esPlot\u201c zur\u00fcck, die mit rund 2,5 Millionen Aufnahmen eine der weltweit umfangreichsten Datenbanken zur Vegetation der Erde ist. Sie ist am iDiv angesiedelt und wird von dem MLU-Geobotaniker und iDiv-Mitglied Prof. Dr. Helge Bruelheide geleitet.<\/p>\n<p>Julian Schrader, Jahrgang 1988, ist ein international ausgewiesener Biodiversit\u00e4tsforscher. Seit 2023 leitet er an der Macquarie University in Sydney das \u201ePlant Ecology Lab\u201c. Er ist Autor und Co-Autor von mehr als 60 wissenschaftlichen Studien, die in renommierten Fachzeitschriften wie \u201eNature\u201c, \u201eGlobal Change Biology\u201c und \u201eEcology Letters\u201c ver\u00f6ffentlicht wurden. Schrader studierte an den Universit\u00e4ten in Osnabr\u00fcck und G\u00f6ttingen. Promoviert wurde er 2019 ebenfalls an der Universit\u00e4t G\u00f6ttingen mit einer Arbeit \u00fcber Koralleninseln in Westneuguinea. Anschlie\u00dfend wechselte er im Rahmen eines Forschungsstipendiums der Deutschen Forschungsgemeinschaft nach Australien.<\/p>\n<p>Der Europ\u00e4ische Forschungsrat zeichnet mit seinen ERC Starting Grants herausragende Postdoktorandinnen und -doktoranden aus, die sich mit einem ehrgeizigen und vielversprechenden Forschungsvorhaben beworben haben. Insgesamt wurden in dieser Runde der ERC Starting Grants 3.928 Projektvorschl\u00e4ge eingereicht, aus denen europaweit 478 zur F\u00f6rderung ausgew\u00e4hlt wurden. Die F\u00f6rderquote liegt somit bei gut zw\u00f6lf Prozent.<\/p>\n<p>&nbsp;<\/p>\n<h3>Ansprechpersonen<\/h3>\n<p><strong>Dr. Julian Schrader<\/strong><br \/>\nE-Mail: <a href=\"&#x6d;&#x61;&#x69;&#x6c;&#x74;&#x6f;&#58;&#106;&#117;&#108;ian&#46;&#x73;&#x63;&#x68;&#x72;&#x61;&#x64;&#101;&#114;&#64;&#112;&#111;ste&#x6f;&#x2e;&#x64;&#x65;\">&#x6a;u&#x6c;&#105;&#x61;&#x6e;&#46;&#x73;&#99;&#x68;&#x72;a&#x64;&#101;&#x72;&#x40;p&#x6f;&#115;&#x74;&#x65;o&#x2e;&#100;&#x65;<\/a><\/p>\n<p><span class=\"tel\"><strong>Kati Kietzmann<\/strong><br \/>\nMedien und Kommunikation<br \/>\nDeutsches Zentrum f\u00fcr integrative Biodiversit\u00e4tsforschung (iDiv) Halle-Jena-Leipzig<br \/>\nTelefon: +49 341 97 39222<br \/>\nE-Mail: <a href=\"&#x6d;&#x61;&#x69;&#x6c;&#x74;&#x6f;&#x3a;&#x6b;&#x61;&#x74;&#x69;&#x2e;&#x6b;&#x69;&#x65;&#x74;&#x7a;&#x6d;&#x61;&#x6e;&#x6e;&#x40;&#x69;&#x64;&#x69;&#x76;&#x2e;&#x64;&#x65;\">kat&#105;&#46;&#107;&#105;&#x65;&#x74;&#x7a;&#x6d;&#x61;&#x6e;&#x6e;&#64;id&#105;&#118;&#46;&#100;&#101;<\/a><\/span><\/p>\n<\/div>\n                            <\/div>\n                        <\/div>\n    <\/div>\n<\/div>","protected":false},"excerpt":{"rendered":"","protected":false},"author":5,"featured_media":0,"comment_status":"closed","ping_status":"closed","sticky":false,"template":"","format":"standard","meta":{"_acf_changed":false,"advgb_blocks_editor_width":"","advgb_blocks_columns_visual_guide":"","footnotes":"","_links_to":"","_links_to_target":""},"categories":[29,53],"tags":[],"class_list":["post-34978","post","type-post","status-publish","format-standard","hentry","category-medienmitteilung","category-mlu-news-de"],"acf":{"thumb":34975,"thumbmobile":"","copyright":"Cornelia Sattler","breadcrumb":true},"yoast_head":"<!-- This site is optimized with the Yoast SEO plugin v27.4 - https:\/\/yoast.com\/product\/yoast-seo-wordpress\/ -->\n<title>Pflanzen, Inseln und der Klimawandel: Biologe Julian Schrader erh\u00e4lt ERC Starting Grant | iDiv<\/title>\n<meta name=\"robots\" content=\"index, follow, max-snippet:-1, max-image-preview:large, max-video-preview:-1\" \/>\n<link rel=\"canonical\" href=\"https:\/\/www.idiv.de\/de\/julian-schrader-erhalt-erc-starting-grant\/\" \/>\n<meta property=\"og:locale\" content=\"de_DE\" \/>\n<meta property=\"og:type\" content=\"article\" \/>\n<meta property=\"og:title\" content=\"Biologe Julian Schrader erh\u00e4lt ERC Starting Grant\" \/>\n<meta property=\"og:url\" content=\"https:\/\/www.idiv.de\/de\/julian-schrader-erhalt-erc-starting-grant\/\" \/>\n<meta property=\"og:site_name\" content=\"iDiv\" \/>\n<meta property=\"article:published_time\" content=\"2025-09-04T11:23:35+00:00\" \/>\n<meta property=\"article:modified_time\" content=\"2025-09-04T11:49:54+00:00\" \/>\n<meta property=\"og:image\" content=\"https:\/\/www.idiv.de\/wp-content\/uploads\/2025\/09\/Julian-Schrader_Foto_Cornelia-Sattler_16-9.jpg\" \/>\n\t<meta property=\"og:image:width\" content=\"1920\" \/>\n\t<meta property=\"og:image:height\" content=\"1080\" \/>\n\t<meta property=\"og:image:type\" content=\"image\/jpeg\" \/>\n<meta name=\"author\" content=\"Kati Kietzmann\" \/>\n<meta name=\"twitter:card\" content=\"summary_large_image\" \/>\n<meta name=\"twitter:title\" content=\"Biologe Julian Schrader erh\u00e4lt ERC Starting Grant\" \/>\n<meta name=\"twitter:image\" content=\"https:\/\/www.idiv.de\/wp-content\/uploads\/2025\/09\/Julian-Schrader_Foto_Cornelia-Sattler_16-9.jpg\" \/>\n<meta name=\"twitter:creator\" content=\"@idiv\" \/>\n<meta name=\"twitter:site\" content=\"@idiv\" \/>\n<script type=\"application\/ld+json\" class=\"yoast-schema-graph\">{\"@context\":\"https:\\\/\\\/schema.org\",\"@graph\":[{\"@type\":\"Article\",\"@id\":\"https:\\\/\\\/www.idiv.de\\\/de\\\/julian-schrader-erhalt-erc-starting-grant\\\/#article\",\"isPartOf\":{\"@id\":\"https:\\\/\\\/www.idiv.de\\\/de\\\/julian-schrader-erhalt-erc-starting-grant\\\/\"},\"author\":{\"name\":\"Kati Kietzmann\",\"@id\":\"https:\\\/\\\/www.idiv.de\\\/de\\\/#\\\/schema\\\/person\\\/cef2ada932ae8594d7acf72fb615794e\"},\"headline\":\"Pflanzen, Inseln und der Klimawandel: Biologe Julian Schrader erh\u00e4lt ERC Starting Grant\",\"datePublished\":\"2025-09-04T11:23:35+00:00\",\"dateModified\":\"2025-09-04T11:49:54+00:00\",\"mainEntityOfPage\":{\"@id\":\"https:\\\/\\\/www.idiv.de\\\/de\\\/julian-schrader-erhalt-erc-starting-grant\\\/\"},\"wordCount\":13,\"publisher\":{\"@id\":\"https:\\\/\\\/www.idiv.de\\\/de\\\/#organization\"},\"articleSection\":[\"Medienmitteilung\",\"MLU News\"],\"inLanguage\":\"de\"},{\"@type\":\"WebPage\",\"@id\":\"https:\\\/\\\/www.idiv.de\\\/de\\\/julian-schrader-erhalt-erc-starting-grant\\\/\",\"url\":\"https:\\\/\\\/www.idiv.de\\\/de\\\/julian-schrader-erhalt-erc-starting-grant\\\/\",\"name\":\"Pflanzen, Inseln und der Klimawandel: Biologe Julian Schrader erh\u00e4lt ERC Starting Grant | iDiv\",\"isPartOf\":{\"@id\":\"https:\\\/\\\/www.idiv.de\\\/de\\\/#website\"},\"datePublished\":\"2025-09-04T11:23:35+00:00\",\"dateModified\":\"2025-09-04T11:49:54+00:00\",\"breadcrumb\":{\"@id\":\"https:\\\/\\\/www.idiv.de\\\/de\\\/julian-schrader-erhalt-erc-starting-grant\\\/#breadcrumb\"},\"inLanguage\":\"de\",\"potentialAction\":[{\"@type\":\"ReadAction\",\"target\":[\"https:\\\/\\\/www.idiv.de\\\/de\\\/julian-schrader-erhalt-erc-starting-grant\\\/\"]}]},{\"@type\":\"BreadcrumbList\",\"@id\":\"https:\\\/\\\/www.idiv.de\\\/de\\\/julian-schrader-erhalt-erc-starting-grant\\\/#breadcrumb\",\"itemListElement\":[{\"@type\":\"ListItem\",\"position\":1,\"name\":\"Startseite\",\"item\":\"https:\\\/\\\/www.idiv.de\\\/de\\\/\"},{\"@type\":\"ListItem\",\"position\":2,\"name\":\"Pflanzen, Inseln und der Klimawandel: Biologe Julian Schrader erh\u00e4lt ERC Starting Grant\"}]},{\"@type\":\"WebSite\",\"@id\":\"https:\\\/\\\/www.idiv.de\\\/de\\\/#website\",\"url\":\"https:\\\/\\\/www.idiv.de\\\/de\\\/\",\"name\":\"iDiv\",\"description\":\"Hotspot in Biodiversity Research\",\"publisher\":{\"@id\":\"https:\\\/\\\/www.idiv.de\\\/de\\\/#organization\"},\"potentialAction\":[{\"@type\":\"SearchAction\",\"target\":{\"@type\":\"EntryPoint\",\"urlTemplate\":\"https:\\\/\\\/www.idiv.de\\\/de\\\/?s={search_term_string}\"},\"query-input\":{\"@type\":\"PropertyValueSpecification\",\"valueRequired\":true,\"valueName\":\"search_term_string\"}}],\"inLanguage\":\"de\"},{\"@type\":\"Organization\",\"@id\":\"https:\\\/\\\/www.idiv.de\\\/de\\\/#organization\",\"name\":\"idiv\",\"url\":\"https:\\\/\\\/www.idiv.de\\\/de\\\/\",\"logo\":{\"@type\":\"ImageObject\",\"inLanguage\":\"de\",\"@id\":\"https:\\\/\\\/www.idiv.de\\\/de\\\/#\\\/schema\\\/logo\\\/image\\\/\",\"url\":\"https:\\\/\\\/www.idiv.de\\\/wp-content\\\/uploads\\\/2024\\\/08\\\/iDiv_Logo_long_v1_EN_black_4c.jpg\",\"contentUrl\":\"https:\\\/\\\/www.idiv.de\\\/wp-content\\\/uploads\\\/2024\\\/08\\\/iDiv_Logo_long_v1_EN_black_4c.jpg\",\"width\":2448,\"height\":674,\"caption\":\"idiv\"},\"image\":{\"@id\":\"https:\\\/\\\/www.idiv.de\\\/de\\\/#\\\/schema\\\/logo\\\/image\\\/\"},\"sameAs\":[\"https:\\\/\\\/x.com\\\/idiv\",\"https:\\\/\\\/www.linkedin.com\\\/company\\\/idiv-biodiversity\\\/\",\"https:\\\/\\\/www.youtube.com\\\/idiv-research\"]},{\"@type\":\"Person\",\"@id\":\"https:\\\/\\\/www.idiv.de\\\/de\\\/#\\\/schema\\\/person\\\/cef2ada932ae8594d7acf72fb615794e\",\"name\":\"Kati Kietzmann\",\"url\":\"https:\\\/\\\/www.idiv.de\\\/de\\\/author\\\/kati-kietzmann\\\/\"}]}<\/script>\n<!-- \/ Yoast SEO plugin. -->","yoast_head_json":{"title":"Pflanzen, Inseln und der Klimawandel: Biologe Julian Schrader erh\u00e4lt ERC Starting Grant | iDiv","robots":{"index":"index","follow":"follow","max-snippet":"max-snippet:-1","max-image-preview":"max-image-preview:large","max-video-preview":"max-video-preview:-1"},"canonical":"https:\/\/www.idiv.de\/de\/julian-schrader-erhalt-erc-starting-grant\/","og_locale":"de_DE","og_type":"article","og_title":"Biologe Julian Schrader erh\u00e4lt ERC Starting Grant","og_url":"https:\/\/www.idiv.de\/de\/julian-schrader-erhalt-erc-starting-grant\/","og_site_name":"iDiv","article_published_time":"2025-09-04T11:23:35+00:00","article_modified_time":"2025-09-04T11:49:54+00:00","og_image":[{"width":1920,"height":1080,"url":"https:\/\/www.idiv.de\/wp-content\/uploads\/2025\/09\/Julian-Schrader_Foto_Cornelia-Sattler_16-9.jpg","type":"image\/jpeg"}],"author":"Kati Kietzmann","twitter_card":"summary_large_image","twitter_title":"Biologe Julian Schrader erh\u00e4lt ERC Starting Grant","twitter_image":"https:\/\/www.idiv.de\/wp-content\/uploads\/2025\/09\/Julian-Schrader_Foto_Cornelia-Sattler_16-9.jpg","twitter_creator":"@idiv","twitter_site":"@idiv","schema":{"@context":"https:\/\/schema.org","@graph":[{"@type":"Article","@id":"https:\/\/www.idiv.de\/de\/julian-schrader-erhalt-erc-starting-grant\/#article","isPartOf":{"@id":"https:\/\/www.idiv.de\/de\/julian-schrader-erhalt-erc-starting-grant\/"},"author":{"name":"Kati Kietzmann","@id":"https:\/\/www.idiv.de\/de\/#\/schema\/person\/cef2ada932ae8594d7acf72fb615794e"},"headline":"Pflanzen, Inseln und der Klimawandel: Biologe Julian Schrader erh\u00e4lt ERC Starting Grant","datePublished":"2025-09-04T11:23:35+00:00","dateModified":"2025-09-04T11:49:54+00:00","mainEntityOfPage":{"@id":"https:\/\/www.idiv.de\/de\/julian-schrader-erhalt-erc-starting-grant\/"},"wordCount":13,"publisher":{"@id":"https:\/\/www.idiv.de\/de\/#organization"},"articleSection":["Medienmitteilung","MLU News"],"inLanguage":"de"},{"@type":"WebPage","@id":"https:\/\/www.idiv.de\/de\/julian-schrader-erhalt-erc-starting-grant\/","url":"https:\/\/www.idiv.de\/de\/julian-schrader-erhalt-erc-starting-grant\/","name":"Pflanzen, Inseln und der Klimawandel: Biologe Julian Schrader erh\u00e4lt ERC Starting Grant | iDiv","isPartOf":{"@id":"https:\/\/www.idiv.de\/de\/#website"},"datePublished":"2025-09-04T11:23:35+00:00","dateModified":"2025-09-04T11:49:54+00:00","breadcrumb":{"@id":"https:\/\/www.idiv.de\/de\/julian-schrader-erhalt-erc-starting-grant\/#breadcrumb"},"inLanguage":"de","potentialAction":[{"@type":"ReadAction","target":["https:\/\/www.idiv.de\/de\/julian-schrader-erhalt-erc-starting-grant\/"]}]},{"@type":"BreadcrumbList","@id":"https:\/\/www.idiv.de\/de\/julian-schrader-erhalt-erc-starting-grant\/#breadcrumb","itemListElement":[{"@type":"ListItem","position":1,"name":"Startseite","item":"https:\/\/www.idiv.de\/de\/"},{"@type":"ListItem","position":2,"name":"Pflanzen, Inseln und der Klimawandel: Biologe Julian Schrader erh\u00e4lt ERC Starting Grant"}]},{"@type":"WebSite","@id":"https:\/\/www.idiv.de\/de\/#website","url":"https:\/\/www.idiv.de\/de\/","name":"iDiv","description":"Hotspot in Biodiversity Research","publisher":{"@id":"https:\/\/www.idiv.de\/de\/#organization"},"potentialAction":[{"@type":"SearchAction","target":{"@type":"EntryPoint","urlTemplate":"https:\/\/www.idiv.de\/de\/?s={search_term_string}"},"query-input":{"@type":"PropertyValueSpecification","valueRequired":true,"valueName":"search_term_string"}}],"inLanguage":"de"},{"@type":"Organization","@id":"https:\/\/www.idiv.de\/de\/#organization","name":"idiv","url":"https:\/\/www.idiv.de\/de\/","logo":{"@type":"ImageObject","inLanguage":"de","@id":"https:\/\/www.idiv.de\/de\/#\/schema\/logo\/image\/","url":"https:\/\/www.idiv.de\/wp-content\/uploads\/2024\/08\/iDiv_Logo_long_v1_EN_black_4c.jpg","contentUrl":"https:\/\/www.idiv.de\/wp-content\/uploads\/2024\/08\/iDiv_Logo_long_v1_EN_black_4c.jpg","width":2448,"height":674,"caption":"idiv"},"image":{"@id":"https:\/\/www.idiv.de\/de\/#\/schema\/logo\/image\/"},"sameAs":["https:\/\/x.com\/idiv","https:\/\/www.linkedin.com\/company\/idiv-biodiversity\/","https:\/\/www.youtube.com\/idiv-research"]},{"@type":"Person","@id":"https:\/\/www.idiv.de\/de\/#\/schema\/person\/cef2ada932ae8594d7acf72fb615794e","name":"Kati Kietzmann","url":"https:\/\/www.idiv.de\/de\/author\/kati-kietzmann\/"}]}},"author_meta":{"display_name":"Kati Kietzmann","author_link":"https:\/\/www.idiv.de\/de\/author\/kati-kietzmann\/"},"featured_img":null,"coauthors":[],"tax_additional":{"categories":{"linked":["<a href=\"https:\/\/www.idiv.de\/de\/kategorie\/medienmitteilung\/\" class=\"advgb-post-tax-term\">Medienmitteilung<\/a>","<a href=\"https:\/\/www.idiv.de\/de\/kategorie\/mlu-news-de\/\" class=\"advgb-post-tax-term\">MLU News<\/a>"],"unlinked":["<span class=\"advgb-post-tax-term\">Medienmitteilung<\/span>","<span class=\"advgb-post-tax-term\">MLU News<\/span>"]}},"comment_count":0,"relative_dates":{"created":"Ver\u00f6ffentlicht 8\u00a0Monaten vor","modified":"Aktualisiert 8\u00a0Monaten vor"},"absolute_dates":{"created":"Ver\u00f6ffentlicht am 4. September 2025","modified":"Aktualisiert am 4. September 2025"},"absolute_dates_time":{"created":"Ver\u00f6ffentlicht am 4. September 2025 12:23","modified":"Aktualisiert am 4. September 2025 12:49"},"featured_img_caption":"","series_order":"","_links":{"self":[{"href":"https:\/\/www.idiv.de\/de\/wp-json\/wp\/v2\/posts\/34978","targetHints":{"allow":["GET"]}}],"collection":[{"href":"https:\/\/www.idiv.de\/de\/wp-json\/wp\/v2\/posts"}],"about":[{"href":"https:\/\/www.idiv.de\/de\/wp-json\/wp\/v2\/types\/post"}],"author":[{"embeddable":true,"href":"https:\/\/www.idiv.de\/de\/wp-json\/wp\/v2\/users\/5"}],"replies":[{"embeddable":true,"href":"https:\/\/www.idiv.de\/de\/wp-json\/wp\/v2\/comments?post=34978"}],"version-history":[{"count":5,"href":"https:\/\/www.idiv.de\/de\/wp-json\/wp\/v2\/posts\/34978\/revisions"}],"predecessor-version":[{"id":34991,"href":"https:\/\/www.idiv.de\/de\/wp-json\/wp\/v2\/posts\/34978\/revisions\/34991"}],"wp:attachment":[{"href":"https:\/\/www.idiv.de\/de\/wp-json\/wp\/v2\/media?parent=34978"}],"wp:term":[{"taxonomy":"category","embeddable":true,"href":"https:\/\/www.idiv.de\/de\/wp-json\/wp\/v2\/categories?post=34978"},{"taxonomy":"post_tag","embeddable":true,"href":"https:\/\/www.idiv.de\/de\/wp-json\/wp\/v2\/tags?post=34978"}],"curies":[{"name":"wp","href":"https:\/\/api.w.org\/{rel}","templated":true}]}}