{"id":33069,"date":"2025-07-08T08:01:00","date_gmt":"2025-07-08T07:01:00","guid":{"rendered":"https:\/\/www.idiv.de\/?p=33069"},"modified":"2025-07-08T08:31:27","modified_gmt":"2025-07-08T07:31:27","slug":"study-shows-people-perceive-biodiversity","status":"publish","type":"post","link":"https:\/\/www.idiv.de\/de\/study-shows-people-perceive-biodiversity\/","title":{"rendered":"Menschen k\u00f6nnen Biodiversit\u00e4t wahrnehmen\u00a0"},"content":{"rendered":"<div class=\"herosection pb-24 pt-0 no-bg modulclass \" id=\"\">\n                    <div class=\"swiper1noslider  nooverflow heronews swiper thinslider\" id=\"slide_69f2bba7e9fa4\">\n        \n                <div class=\"swiper-wrapper\">\n                                            <div class=\"swiper-slide  style_\" aria-hidden=\"true\" >\n                            <div class=\"backstretchwrap\">\n                        \n                            <div datasrc=\"https:\/\/www.idiv.de\/wp-content\/uploads\/2025\/07\/PictureSort-MM.jpg\" class=\"backstretchimg responsiv desktop\"><\/div>\n\n                            <a href=\"#\" class=\"cr\"><svg  xmlns=\"http:\/\/www.w3.org\/2000\/svg\" width=\"22\" height=\"22\" viewBox=\"0 0 22 22\">\n                                    <rect id=\"BG\" width=\"22\" height=\"22\" rx=\"11\" fill=\"#fff\"\/>\n                                    <g id=\"Wrapper\" transform=\"translate(-1 -1)\">\n                                        <g id=\"Icon_material-copyright\" data-name=\"Icon material-copyright\">\n                                            <circle id=\"Ellipse_30\" data-name=\"Ellipse 30\" cx=\"8\" cy=\"8\" r=\"8\" transform=\"translate(4 4)\" fill=\"#fff\"\/>\n                                            <path id=\"Icon_material-copyright-2\" data-name=\"Icon material-copyright\" d=\"M9.464,10.088a2.045,2.045,0,0,1,.24-.7,1.4,1.4,0,0,1,.472-.5,1.42,1.42,0,0,1,.728-.184,1.45,1.45,0,0,1,.5.1,1.29,1.29,0,0,1,.416.288,1.54,1.54,0,0,1,.272.424,1.4,1.4,0,0,1,.112.512H13.64a2.864,2.864,0,0,0-.224-1.032,2.4,2.4,0,0,0-.56-.808,2.613,2.613,0,0,0-.864-.528,3.09,3.09,0,0,0-1.112-.184,3.127,3.127,0,0,0-1.36.272,2.751,2.751,0,0,0-.96.736,3.007,3.007,0,0,0-.568,1.088A4.685,4.685,0,0,0,7.8,10.9v.216a4.684,4.684,0,0,0,.184,1.312,2.908,2.908,0,0,0,.568,1.08,2.731,2.731,0,0,0,.96.728,3.246,3.246,0,0,0,1.36.272,3.051,3.051,0,0,0,1.056-.184,2.729,2.729,0,0,0,.864-.5,2.442,2.442,0,0,0,.592-.752,2.153,2.153,0,0,0,.24-.92H12.192a1.139,1.139,0,0,1-.12.464,1.177,1.177,0,0,1-.288.368,1.26,1.26,0,0,1-.416.24,1.589,1.589,0,0,1-.48.08,1.359,1.359,0,0,1-.712-.184,1.4,1.4,0,0,1-.472-.5,2.09,2.09,0,0,1-.24-.7,5.392,5.392,0,0,1-.064-.8V10.9a5.33,5.33,0,0,1,.064-.808ZM11,3a8,8,0,1,0,8,8A8,8,0,0,0,11,3Zm0,14.4A6.4,6.4,0,1,1,17.4,11,6.408,6.408,0,0,1,11,17.4Z\" transform=\"translate(1 1)\" fill=\"#4d4d4d\"\/>\n                                        <\/g>\n                                    <\/g>\n                                <\/svg>\n                                <span>K. Rozario \/ iDiv<\/span><\/a>                        \n                                                    <\/div>\n                                        <div class=\"sliderinhalt \" role=\"region\" aria-label=\"carousel\">\n\n                                                \n\n                                                <p class=\"big align-center\" >08.07.2025 | Biodiversit\u00e4t und Mensch, Forschung, iDiv, Medienmitteilung<\/p>                                            <h1 class=\"h1 tcenter\" >Menschen k\u00f6nnen Biodiversit\u00e4t wahrnehmen <\/h1>                                                    <p style=\"text-align: center;\"><span style=\"font-weight: 400;\">Menschen sind in der Lage, Biodiversit\u00e4t anhand von visuellen und akustischen Eindr\u00fccken korrekt einzusch\u00e4tzen \u2013 dabei spielen Farben, Licht und Vogelgesang eine zentrale Rolle.<\/span><\/p>\n                                                \n                                                                                                            <\/div>\n                                            <\/div>\n\n                        \n                 <\/div>\n\n                              <\/div>\n<\/div>\n\n<div class=\"textbildrepeater pb-24 pt-0 no-bg modulclass \" id=\"\">\n    <div class=\"container\">\n        <div class=\"row\">\n                                                                <div class=\"pb-24   mod_text  col-md-8 offset-md-2 pos_top\">\n                            <div class=\"textrepeater \" id=\"\">\n    <p><span style=\"font-weight: 400;\">Eine neue Studie, ver\u00f6ffentlicht in <\/span><i><span style=\"font-weight: 400;\">People and Nature<\/span><\/i><span style=\"font-weight: 400;\">, zeigt, dass sowohl visuelle als auch akustische Reize unsere Wahrnehmung von Biodiversit\u00e4t beeinflussen. Die Teilnehmerinnen und Teilnehmer waren sogar etwas treffsicherer, wenn sie die Biodiversit\u00e4t in W\u00e4ldern \u00fcber Tonaufnahmen einsch\u00e4tzen. Die Untersuchung wurde von Forschenden des Deutschen Zentrums f\u00fcr integrative Biodiversit\u00e4tsforschung (iDiv), der Friedrich-Schiller-Universit\u00e4t Jena, dem Helmholtz-Zentrum f\u00fcr Umweltforschung \u2013 UFZ sowie der Universit\u00e4t Leipzig durchgef\u00fchrt. Sie vereint Methoden der Umweltpsychologie mit Ans\u00e4tzen aus der Wald- und Umweltakustik.<\/span><\/p>\n<p><span style=\"font-weight: 400;\">In der Studie beurteilten zwei Gruppen von je 48 Teilnehmerinnen und Teilnehmern entweder Fotografien oder Tonaufnahmen aus W\u00e4ldern mit unterschiedlich hoher Biodiversit\u00e4t. Sie sollten diese nach dem wahrgenommenen Grad an Vielfalt einordnen. Die Auswertung ergab, dass visuelle Vielfalt vor allem mit Farbgebung, Vegetationsdichte, Lichtstimmung und Waldstruktur assoziiert wurde. Akustische Vielfalt hingegen wurde durch Aspekte wie Vogelgesang, Lautst\u00e4rke und saisonale Faktoren \u2013 beispielsweise Fr\u00fchlingsges\u00e4nge \u2013 gepr\u00e4gt.<\/span><\/p>\n<p><span style=\"font-weight: 400;\">Die Ergebnisse kn\u00fcpfen an eine fr\u00fchere Studie des Erstautors an, die den Zusammenhang zwischen Wald-Biodiversit\u00e4t und psychischem Wohlbefinden beleuchtete. Damals zeigte sich, dass die subjektiv wahrgenommene Artenvielfalt \u2013 nicht die tats\u00e4chliche Baumartenanzahl \u2013 statistisch signifikant verbunden war mit kurzfristigen positiven Effekten auf die mentale Gesundheit.<\/span><\/p>\n<h2><span style=\"font-weight: 400;\">Biodiversit\u00e4t mit allen Sinnen erleben\u00a0<\/span><\/h2>\n<p><span style=\"font-weight: 400;\">In beiden Experimenten stimmte die wahrgenommene eng mit der tats\u00e4chlichen Biodiversit\u00e4t \u00fcberein. Dies deutet darauf hin, dass Menschen Unterschiede in Artenreichtum und Waldstruktur durchaus erkennen k\u00f6nnen \u2013 besonders dann, wenn sie Vergleichsmaterial wie weitere Bilder oder Tonaufnahmen zur Verf\u00fcgung haben. Zudem schnitten die Teilnehmerinnen und Teilnehmer bei der Einsch\u00e4tzung akustischer Vielfalt leicht besser ab als bei der Einsch\u00e4tzung visueller Vielfalt. Ein m\u00f6glicher Grund: Die Tonaufnahmen enthielten weniger ablenkende Elemente als die Bilder.<\/span><\/p>\n<p><span style=\"font-weight: 400;\">\u201eDie Teilnehmenden konnten Unterschiede in der Biodiversit\u00e4t wahrnehmen, wenn sie Waldaufnahmen visuell oder akustisch miteinander verglichen und sortierten\u201c, erkl\u00e4rt Kevin Rozario, Koautor der Studie. \u201eUnsere Ergebnisse deuten darauf hin, dass die mit den Augen wahrgenommene Waldbiodiversit\u00e4t von der Dichte und Struktur des Waldes, den Lichtverh\u00e4ltnissen und den Farben abh\u00e4ngt, w\u00e4hrend beim Anh\u00f6ren der Aufnahmen die Melodie der Vogelstimmen, sowie physikalische Eigenschaften wie die subjektive Lautst\u00e4rke und die wahrgenommenen jahreszeitlichen Merkmale eine Rolle spielten.\u201c<\/span><\/p>\n<p><span style=\"font-weight: 400;\">Dieses Wissen k\u00f6nnte k\u00fcnftig helfen, naturnahe Lebensr\u00e4ume mit hoher Vielfalt zu schaffen, die von\u00a0 Menschen auch wahrgenommen wird. Effektive Naturschutz- und Begr\u00fcnungsma\u00dfnahmen sollten laut den Autorinnen und Autoren auch ber\u00fccksichtigen, wie Biodiversit\u00e4t sinnlich wahrgenommen wird. Elemente wie vielf\u00e4ltiger Vogelgesang oder abwechslungsreiche Vegetationsstrukturen k\u00f6nnten sowohl die Naturverbundenheit als auch den Naturschutz f\u00f6rdern.<\/span><\/p>\n<p><span style=\"font-weight: 400;\">\u201eWenn St\u00e4dte wachsen und sich nat\u00fcrliche R\u00e4ume ver\u00e4ndern, bietet die Gestaltung von urbanen Umwelten mit hoher visueller und akustischer Vielfalt eine Chance, die Beziehung zwischen Mensch und Natur zu st\u00e4rken \u2013 zugunsten von Artenvielfalt und Wohlbefinden\u201c, erg\u00e4nzt Prof. Dr. Aletta Bonn, Leiterin der Forschungsgruppe \u201eBiodiversit\u00e4t und Mensch\u201c bei UFZ, iDiv und der Universit\u00e4t Jena.<\/span><\/p>\n<p><span style=\"font-weight: 400;\">W\u00e4hrend die Studie aufschlussreiche Einblicke darin bietet, wie Menschen Biodiversit\u00e4t wahrnehmen, weisen die Forschenden auch auf wichtige Einschr\u00e4nkungen hin \u2013 etwa darauf, dass k\u00fcnftige Untersuchungen mit einer breiteren demografischen Streuung notwendig sind, um diese ersten Erkenntnisse weiter zu untermauern und zu pr\u00e4zisieren.<\/span><\/p>\n<p>&nbsp;<\/p>\n<h3><b>Originalpublikation<\/b><\/h3>\n<p><span style=\"font-weight: 400;\">(Wissenschaftlerinnen und Wissenschaftler mit iDiv-Affiliation fett gedruckt)<\/span><\/p>\n<p><b>Rozario K.,<\/b><span style=\"font-weight: 400;\"> Shaw T., <\/span><b>Marselle M.<\/b><span style=\"font-weight: 400;\">,<\/span><b> Oh R. R. Y.,<\/b><span style=\"font-weight: 400;\"> Schr\u00f6ger E., <\/span><b>Giraldo Botero M.<\/b><span style=\"font-weight: 400;\">, Frey J., <\/span><b>\u0218tefan V.<\/b><span style=\"font-weight: 400;\">, M\u00fcller S., Scherer-Lorenzen M., Jaroszewicz B., Verheyen K., <\/span><b>Bonn A.<\/b><span style=\"font-weight: 400;\"> (2025). Perceived biodiversity: is what we measure also what we see and hear?, <\/span><i><span style=\"font-weight: 400;\">People and Nature.<\/span><\/i><span style=\"font-weight: 400;\"> DOI: <\/span><a href=\"https:\/\/besjournals.onlinelibrary.wiley.com\/doi\/full\/10.1002\/pan3.70087\"><span style=\"font-weight: 400;\">10.1002\/pan3.70087<\/span><\/a><\/p>\n<p>&nbsp;<\/p>\n<h3><b>Ansprechpartner<\/b><\/h3>\n<p><b>Kevin Rozario<br \/>\n<\/b>Deutsches Zentrum f\u00fcr integrative Biodiversit\u00e4tsforschung (iDiv) Halle-Jena-Leipzig<br \/>\nFriedrich-Schiller-Universit\u00e4t Jena<br \/>\nHelmholtz-Zentrum f\u00fcr Umweltforschung \u2013 UFZ<br \/>\nUniversit\u00e4t Leipzig<br \/>\nTelefon: +49 341 9739174<br \/>\nEmail: k&#101;&#118;&#105;&#x6e;&#x2e;&#x72;oz&#97;&#114;&#x69;&#x6f;&#x40;&#x69;di&#118;&#46;&#x64;&#x65;<\/p>\n<p><b>Christine Coester<br \/>\n<\/b>Medien und Kommunikation<br \/>\nDeutsches Zentrum f\u00fcr integrative Biodiversit\u00e4tsforschung (iDiv) Halle-Jena-Leipzig<br \/>\nTelefon: +49 341 9733197<br \/>\nEmail: ch&#114;&#105;&#115;&#x74;&#x69;&#x6e;&#x65;&#x2e;co&#101;&#115;&#116;&#x65;&#x72;&#x40;&#x69;&#x64;iv&#46;&#100;&#101;<\/p>\n<\/div>\n                            <\/div>\n                                                                    <div class=\"pb-24   mod_bild  col-md-4 offset-md-2 pos_top\">\n                            <div class=\"bildrepeater \" id=\"\">\n    <div class=\"relativ\"><img decoding=\"async\" class=\"responsiv desktop\" src=\"https:\/\/www.idiv.de\/wp-content\/uploads\/2025\/07\/PictureSort-MM.jpg\" height=\"\" width=\"\" alt=\"idiv-\"\/><img decoding=\"async\" class=\"responsiv mobile\" src=\"https:\/\/www.idiv.de\/wp-content\/uploads\/2025\/07\/PictureSort-MM.jpg\" height=\"\" width=\"\" alt=\"idiv-\"\/><a href=\"#\" class=\"cr\" role=\"button\">\n<svg  xmlns=\"http:\/\/www.w3.org\/2000\/svg\" width=\"22\" height=\"22\" viewBox=\"0 0 22 22\">\n    <rect id=\"BG\" width=\"22\" height=\"22\" rx=\"11\" fill=\"#fff\"\/>\n    <g id=\"Wrapper\" transform=\"translate(-1 -1)\">\n        <g id=\"Icon_material-copyright\" data-name=\"Icon material-copyright\">\n            <circle id=\"Ellipse_30\" data-name=\"Ellipse 30\" cx=\"8\" cy=\"8\" r=\"8\" transform=\"translate(4 4)\" fill=\"#fff\"\/>\n            <path id=\"Icon_material-copyright-2\" data-name=\"Icon material-copyright\" d=\"M9.464,10.088a2.045,2.045,0,0,1,.24-.7,1.4,1.4,0,0,1,.472-.5,1.42,1.42,0,0,1,.728-.184,1.45,1.45,0,0,1,.5.1,1.29,1.29,0,0,1,.416.288,1.54,1.54,0,0,1,.272.424,1.4,1.4,0,0,1,.112.512H13.64a2.864,2.864,0,0,0-.224-1.032,2.4,2.4,0,0,0-.56-.808,2.613,2.613,0,0,0-.864-.528,3.09,3.09,0,0,0-1.112-.184,3.127,3.127,0,0,0-1.36.272,2.751,2.751,0,0,0-.96.736,3.007,3.007,0,0,0-.568,1.088A4.685,4.685,0,0,0,7.8,10.9v.216a4.684,4.684,0,0,0,.184,1.312,2.908,2.908,0,0,0,.568,1.08,2.731,2.731,0,0,0,.96.728,3.246,3.246,0,0,0,1.36.272,3.051,3.051,0,0,0,1.056-.184,2.729,2.729,0,0,0,.864-.5,2.442,2.442,0,0,0,.592-.752,2.153,2.153,0,0,0,.24-.92H12.192a1.139,1.139,0,0,1-.12.464,1.177,1.177,0,0,1-.288.368,1.26,1.26,0,0,1-.416.24,1.589,1.589,0,0,1-.48.08,1.359,1.359,0,0,1-.712-.184,1.4,1.4,0,0,1-.472-.5,2.09,2.09,0,0,1-.24-.7,5.392,5.392,0,0,1-.064-.8V10.9a5.33,5.33,0,0,1,.064-.808ZM11,3a8,8,0,1,0,8,8A8,8,0,0,0,11,3Zm0,14.4A6.4,6.4,0,1,1,17.4,11,6.408,6.408,0,0,1,11,17.4Z\" transform=\"translate(1 1)\" fill=\"#4d4d4d\"\/>\n        <\/g>\n    <\/g>\n<\/svg>\n<span>K. Rozario \/ iDiv<\/span><\/a><\/div><p class=\"bu\">In der Studie beurteilten zwei Gruppen von je 48 Teilnehmerinnen und Teilnehmern entweder Fotografien oder Tonaufnahmen aus W\u00e4ldern mit unterschiedlich hoher Biodiversit\u00e4t.<\/p><\/div>\n                            <\/div>\n                                                                    <div class=\"pb-24   mod_text  col-md-8 offset-md-2 pos_top\">\n                            <div class=\"textrepeater \" id=\"\">\n    <p><i><span style=\"font-weight: 400;\">Hinweis f\u00fcr die Medien: Die von iDiv bereitgestellten Bilder d\u00fcrfen ausschlie\u00dflich f\u00fcr die Berichterstattung im Zusammenhang mit dieser Medienmitteilung und unter Angabe des\/der Urhebers\/in verwendet werden.<\/span><\/i><\/p>\n<\/div>\n                            <\/div>\n                        <\/div>\n    <\/div>\n<\/div>","protected":false},"excerpt":{"rendered":"","protected":false},"author":6,"featured_media":0,"comment_status":"closed","ping_status":"closed","sticky":false,"template":"","format":"standard","meta":{"_acf_changed":false,"advgb_blocks_editor_width":"","advgb_blocks_columns_visual_guide":"","footnotes":"","_links_to":"","_links_to_target":""},"categories":[57,37,28,29],"tags":[],"class_list":["post-33069","post","type-post","status-publish","format-standard","hentry","category-biodiversitaet-und-mensch","category-forschung","category-idiv-de","category-medienmitteilung"],"acf":{"thumb":33073,"thumbmobile":33073,"copyright":"K. Rozario","breadcrumb":true},"yoast_head":"<!-- This site is optimized with the Yoast SEO plugin v27.5 - https:\/\/yoast.com\/product\/yoast-seo-wordpress\/ -->\n<title>Menschen k\u00f6nnen Biodiversit\u00e4t wahrnehmen\u00a0 | iDiv<\/title>\n<meta name=\"description\" content=\"Menschen sind in der Lage, Biodiversit\u00e4t anhand von visuellen und akustischen Eindr\u00fccken korrekt einzusch\u00e4tzen \u2013 dabei spielen Farben, Licht und Vogelgesang eine zentrale Rolle.\" \/>\n<meta name=\"robots\" content=\"index, follow, max-snippet:-1, max-image-preview:large, max-video-preview:-1\" \/>\n<link rel=\"canonical\" href=\"https:\/\/www.idiv.de\/de\/study-shows-people-perceive-biodiversity\/\" \/>\n<meta property=\"og:locale\" content=\"de_DE\" \/>\n<meta property=\"og:type\" content=\"article\" \/>\n<meta property=\"og:title\" content=\"Menschen k\u00f6nnen Biodiversit\u00e4t wahrnehmen\" \/>\n<meta property=\"og:description\" content=\"Menschen sind in der Lage, Biodiversit\u00e4t anhand von visuellen und akustischen Eindr\u00fccken korrekt einzusch\u00e4tzen \u2013 dabei spielen Farben, Licht und Vogelgesang eine zentrale Rolle.\" \/>\n<meta property=\"og:url\" content=\"https:\/\/www.idiv.de\/de\/study-shows-people-perceive-biodiversity\/\" \/>\n<meta property=\"og:site_name\" content=\"iDiv\" \/>\n<meta property=\"article:published_time\" content=\"2025-07-08T07:01:00+00:00\" \/>\n<meta property=\"article:modified_time\" content=\"2025-07-08T07:31:27+00:00\" \/>\n<meta property=\"og:image\" content=\"https:\/\/www.idiv.de\/wp-content\/uploads\/2025\/07\/PictureSort-MM-1024x768.jpg\" \/>\n\t<meta property=\"og:image:width\" content=\"1024\" \/>\n\t<meta property=\"og:image:height\" content=\"768\" \/>\n\t<meta property=\"og:image:type\" content=\"image\/jpeg\" \/>\n<meta name=\"author\" content=\"Christine Coester\" \/>\n<meta name=\"twitter:card\" content=\"summary_large_image\" \/>\n<meta name=\"twitter:creator\" content=\"@idiv\" \/>\n<meta name=\"twitter:site\" content=\"@idiv\" \/>\n<script type=\"application\/ld+json\" class=\"yoast-schema-graph\">{\"@context\":\"https:\\\/\\\/schema.org\",\"@graph\":[{\"@type\":\"Article\",\"@id\":\"https:\\\/\\\/www.idiv.de\\\/de\\\/study-shows-people-perceive-biodiversity\\\/#article\",\"isPartOf\":{\"@id\":\"https:\\\/\\\/www.idiv.de\\\/de\\\/study-shows-people-perceive-biodiversity\\\/\"},\"author\":{\"name\":\"Christine Coester\",\"@id\":\"https:\\\/\\\/www.idiv.de\\\/de\\\/#\\\/schema\\\/person\\\/dedcb54e708b582d1a0878703f7b7fe4\"},\"headline\":\"Menschen k\u00f6nnen Biodiversit\u00e4t wahrnehmen\u00a0\",\"datePublished\":\"2025-07-08T07:01:00+00:00\",\"dateModified\":\"2025-07-08T07:31:27+00:00\",\"mainEntityOfPage\":{\"@id\":\"https:\\\/\\\/www.idiv.de\\\/de\\\/study-shows-people-perceive-biodiversity\\\/\"},\"wordCount\":6,\"publisher\":{\"@id\":\"https:\\\/\\\/www.idiv.de\\\/de\\\/#organization\"},\"articleSection\":[\"Biodiversit\u00e4t und Mensch\",\"Forschung\",\"iDiv\",\"Medienmitteilung\"],\"inLanguage\":\"de\"},{\"@type\":\"WebPage\",\"@id\":\"https:\\\/\\\/www.idiv.de\\\/de\\\/study-shows-people-perceive-biodiversity\\\/\",\"url\":\"https:\\\/\\\/www.idiv.de\\\/de\\\/study-shows-people-perceive-biodiversity\\\/\",\"name\":\"Menschen k\u00f6nnen Biodiversit\u00e4t wahrnehmen\u00a0 | iDiv\",\"isPartOf\":{\"@id\":\"https:\\\/\\\/www.idiv.de\\\/de\\\/#website\"},\"datePublished\":\"2025-07-08T07:01:00+00:00\",\"dateModified\":\"2025-07-08T07:31:27+00:00\",\"description\":\"Menschen sind in der Lage, Biodiversit\u00e4t anhand von visuellen und akustischen Eindr\u00fccken korrekt einzusch\u00e4tzen \u2013 dabei spielen Farben, Licht und Vogelgesang eine zentrale Rolle.\",\"breadcrumb\":{\"@id\":\"https:\\\/\\\/www.idiv.de\\\/de\\\/study-shows-people-perceive-biodiversity\\\/#breadcrumb\"},\"inLanguage\":\"de\",\"potentialAction\":[{\"@type\":\"ReadAction\",\"target\":[\"https:\\\/\\\/www.idiv.de\\\/de\\\/study-shows-people-perceive-biodiversity\\\/\"]}]},{\"@type\":\"BreadcrumbList\",\"@id\":\"https:\\\/\\\/www.idiv.de\\\/de\\\/study-shows-people-perceive-biodiversity\\\/#breadcrumb\",\"itemListElement\":[{\"@type\":\"ListItem\",\"position\":1,\"name\":\"Startseite\",\"item\":\"https:\\\/\\\/www.idiv.de\\\/de\\\/\"},{\"@type\":\"ListItem\",\"position\":2,\"name\":\"Menschen k\u00f6nnen Biodiversit\u00e4t wahrnehmen\u00a0\"}]},{\"@type\":\"WebSite\",\"@id\":\"https:\\\/\\\/www.idiv.de\\\/de\\\/#website\",\"url\":\"https:\\\/\\\/www.idiv.de\\\/de\\\/\",\"name\":\"iDiv\",\"description\":\"Hotspot in Biodiversity Research\",\"publisher\":{\"@id\":\"https:\\\/\\\/www.idiv.de\\\/de\\\/#organization\"},\"potentialAction\":[{\"@type\":\"SearchAction\",\"target\":{\"@type\":\"EntryPoint\",\"urlTemplate\":\"https:\\\/\\\/www.idiv.de\\\/de\\\/?s={search_term_string}\"},\"query-input\":{\"@type\":\"PropertyValueSpecification\",\"valueRequired\":true,\"valueName\":\"search_term_string\"}}],\"inLanguage\":\"de\"},{\"@type\":\"Organization\",\"@id\":\"https:\\\/\\\/www.idiv.de\\\/de\\\/#organization\",\"name\":\"idiv\",\"url\":\"https:\\\/\\\/www.idiv.de\\\/de\\\/\",\"logo\":{\"@type\":\"ImageObject\",\"inLanguage\":\"de\",\"@id\":\"https:\\\/\\\/www.idiv.de\\\/de\\\/#\\\/schema\\\/logo\\\/image\\\/\",\"url\":\"https:\\\/\\\/www.idiv.de\\\/wp-content\\\/uploads\\\/2024\\\/08\\\/iDiv_Logo_long_v1_EN_black_4c.jpg\",\"contentUrl\":\"https:\\\/\\\/www.idiv.de\\\/wp-content\\\/uploads\\\/2024\\\/08\\\/iDiv_Logo_long_v1_EN_black_4c.jpg\",\"width\":2448,\"height\":674,\"caption\":\"idiv\"},\"image\":{\"@id\":\"https:\\\/\\\/www.idiv.de\\\/de\\\/#\\\/schema\\\/logo\\\/image\\\/\"},\"sameAs\":[\"https:\\\/\\\/x.com\\\/idiv\",\"https:\\\/\\\/www.linkedin.com\\\/company\\\/idiv-biodiversity\\\/\",\"https:\\\/\\\/www.youtube.com\\\/idiv-research\"]},{\"@type\":\"Person\",\"@id\":\"https:\\\/\\\/www.idiv.de\\\/de\\\/#\\\/schema\\\/person\\\/dedcb54e708b582d1a0878703f7b7fe4\",\"name\":\"Christine Coester\",\"url\":\"https:\\\/\\\/www.idiv.de\\\/de\\\/author\\\/christine-coester\\\/\"}]}<\/script>\n<!-- \/ Yoast SEO plugin. -->","yoast_head_json":{"title":"Menschen k\u00f6nnen Biodiversit\u00e4t wahrnehmen\u00a0 | iDiv","description":"Menschen sind in der Lage, Biodiversit\u00e4t anhand von visuellen und akustischen Eindr\u00fccken korrekt einzusch\u00e4tzen \u2013 dabei spielen Farben, Licht und Vogelgesang eine zentrale Rolle.","robots":{"index":"index","follow":"follow","max-snippet":"max-snippet:-1","max-image-preview":"max-image-preview:large","max-video-preview":"max-video-preview:-1"},"canonical":"https:\/\/www.idiv.de\/de\/study-shows-people-perceive-biodiversity\/","og_locale":"de_DE","og_type":"article","og_title":"Menschen k\u00f6nnen Biodiversit\u00e4t wahrnehmen","og_description":"Menschen sind in der Lage, Biodiversit\u00e4t anhand von visuellen und akustischen Eindr\u00fccken korrekt einzusch\u00e4tzen \u2013 dabei spielen Farben, Licht und Vogelgesang eine zentrale Rolle.","og_url":"https:\/\/www.idiv.de\/de\/study-shows-people-perceive-biodiversity\/","og_site_name":"iDiv","article_published_time":"2025-07-08T07:01:00+00:00","article_modified_time":"2025-07-08T07:31:27+00:00","og_image":[{"width":1024,"height":768,"url":"https:\/\/www.idiv.de\/wp-content\/uploads\/2025\/07\/PictureSort-MM-1024x768.jpg","type":"image\/jpeg"}],"author":"Christine Coester","twitter_card":"summary_large_image","twitter_creator":"@idiv","twitter_site":"@idiv","schema":{"@context":"https:\/\/schema.org","@graph":[{"@type":"Article","@id":"https:\/\/www.idiv.de\/de\/study-shows-people-perceive-biodiversity\/#article","isPartOf":{"@id":"https:\/\/www.idiv.de\/de\/study-shows-people-perceive-biodiversity\/"},"author":{"name":"Christine Coester","@id":"https:\/\/www.idiv.de\/de\/#\/schema\/person\/dedcb54e708b582d1a0878703f7b7fe4"},"headline":"Menschen k\u00f6nnen Biodiversit\u00e4t wahrnehmen\u00a0","datePublished":"2025-07-08T07:01:00+00:00","dateModified":"2025-07-08T07:31:27+00:00","mainEntityOfPage":{"@id":"https:\/\/www.idiv.de\/de\/study-shows-people-perceive-biodiversity\/"},"wordCount":6,"publisher":{"@id":"https:\/\/www.idiv.de\/de\/#organization"},"articleSection":["Biodiversit\u00e4t und Mensch","Forschung","iDiv","Medienmitteilung"],"inLanguage":"de"},{"@type":"WebPage","@id":"https:\/\/www.idiv.de\/de\/study-shows-people-perceive-biodiversity\/","url":"https:\/\/www.idiv.de\/de\/study-shows-people-perceive-biodiversity\/","name":"Menschen k\u00f6nnen Biodiversit\u00e4t wahrnehmen\u00a0 | iDiv","isPartOf":{"@id":"https:\/\/www.idiv.de\/de\/#website"},"datePublished":"2025-07-08T07:01:00+00:00","dateModified":"2025-07-08T07:31:27+00:00","description":"Menschen sind in der Lage, Biodiversit\u00e4t anhand von visuellen und akustischen Eindr\u00fccken korrekt einzusch\u00e4tzen \u2013 dabei spielen Farben, Licht und Vogelgesang eine zentrale Rolle.","breadcrumb":{"@id":"https:\/\/www.idiv.de\/de\/study-shows-people-perceive-biodiversity\/#breadcrumb"},"inLanguage":"de","potentialAction":[{"@type":"ReadAction","target":["https:\/\/www.idiv.de\/de\/study-shows-people-perceive-biodiversity\/"]}]},{"@type":"BreadcrumbList","@id":"https:\/\/www.idiv.de\/de\/study-shows-people-perceive-biodiversity\/#breadcrumb","itemListElement":[{"@type":"ListItem","position":1,"name":"Startseite","item":"https:\/\/www.idiv.de\/de\/"},{"@type":"ListItem","position":2,"name":"Menschen k\u00f6nnen Biodiversit\u00e4t wahrnehmen\u00a0"}]},{"@type":"WebSite","@id":"https:\/\/www.idiv.de\/de\/#website","url":"https:\/\/www.idiv.de\/de\/","name":"iDiv","description":"Hotspot in Biodiversity Research","publisher":{"@id":"https:\/\/www.idiv.de\/de\/#organization"},"potentialAction":[{"@type":"SearchAction","target":{"@type":"EntryPoint","urlTemplate":"https:\/\/www.idiv.de\/de\/?s={search_term_string}"},"query-input":{"@type":"PropertyValueSpecification","valueRequired":true,"valueName":"search_term_string"}}],"inLanguage":"de"},{"@type":"Organization","@id":"https:\/\/www.idiv.de\/de\/#organization","name":"idiv","url":"https:\/\/www.idiv.de\/de\/","logo":{"@type":"ImageObject","inLanguage":"de","@id":"https:\/\/www.idiv.de\/de\/#\/schema\/logo\/image\/","url":"https:\/\/www.idiv.de\/wp-content\/uploads\/2024\/08\/iDiv_Logo_long_v1_EN_black_4c.jpg","contentUrl":"https:\/\/www.idiv.de\/wp-content\/uploads\/2024\/08\/iDiv_Logo_long_v1_EN_black_4c.jpg","width":2448,"height":674,"caption":"idiv"},"image":{"@id":"https:\/\/www.idiv.de\/de\/#\/schema\/logo\/image\/"},"sameAs":["https:\/\/x.com\/idiv","https:\/\/www.linkedin.com\/company\/idiv-biodiversity\/","https:\/\/www.youtube.com\/idiv-research"]},{"@type":"Person","@id":"https:\/\/www.idiv.de\/de\/#\/schema\/person\/dedcb54e708b582d1a0878703f7b7fe4","name":"Christine Coester","url":"https:\/\/www.idiv.de\/de\/author\/christine-coester\/"}]}},"author_meta":{"display_name":"Christine Coester","author_link":"https:\/\/www.idiv.de\/de\/author\/christine-coester\/"},"featured_img":null,"coauthors":[],"tax_additional":{"categories":{"linked":["<a href=\"https:\/\/www.idiv.de\/de\/kategorie\/forschung\/biodiversitaet-und-mensch\/\" class=\"advgb-post-tax-term\">Biodiversit\u00e4t und Mensch<\/a>","<a href=\"https:\/\/www.idiv.de\/de\/kategorie\/forschung\/\" class=\"advgb-post-tax-term\">Forschung<\/a>","<a href=\"https:\/\/www.idiv.de\/de\/kategorie\/idiv-de\/\" class=\"advgb-post-tax-term\">iDiv<\/a>","<a href=\"https:\/\/www.idiv.de\/de\/kategorie\/medienmitteilung\/\" class=\"advgb-post-tax-term\">Medienmitteilung<\/a>"],"unlinked":["<span class=\"advgb-post-tax-term\">Biodiversit\u00e4t und Mensch<\/span>","<span class=\"advgb-post-tax-term\">Forschung<\/span>","<span class=\"advgb-post-tax-term\">iDiv<\/span>","<span class=\"advgb-post-tax-term\">Medienmitteilung<\/span>"]}},"comment_count":0,"relative_dates":{"created":"Ver\u00f6ffentlicht 10\u00a0Monaten vor","modified":"Aktualisiert 10\u00a0Monaten vor"},"absolute_dates":{"created":"Ver\u00f6ffentlicht am 8. Juli 2025","modified":"Aktualisiert am 8. Juli 2025"},"absolute_dates_time":{"created":"Ver\u00f6ffentlicht am 8. Juli 2025 8:01","modified":"Aktualisiert am 8. Juli 2025 8:31"},"featured_img_caption":"","series_order":"","_links":{"self":[{"href":"https:\/\/www.idiv.de\/de\/wp-json\/wp\/v2\/posts\/33069","targetHints":{"allow":["GET"]}}],"collection":[{"href":"https:\/\/www.idiv.de\/de\/wp-json\/wp\/v2\/posts"}],"about":[{"href":"https:\/\/www.idiv.de\/de\/wp-json\/wp\/v2\/types\/post"}],"author":[{"embeddable":true,"href":"https:\/\/www.idiv.de\/de\/wp-json\/wp\/v2\/users\/6"}],"replies":[{"embeddable":true,"href":"https:\/\/www.idiv.de\/de\/wp-json\/wp\/v2\/comments?post=33069"}],"version-history":[{"count":4,"href":"https:\/\/www.idiv.de\/de\/wp-json\/wp\/v2\/posts\/33069\/revisions"}],"predecessor-version":[{"id":33168,"href":"https:\/\/www.idiv.de\/de\/wp-json\/wp\/v2\/posts\/33069\/revisions\/33168"}],"wp:attachment":[{"href":"https:\/\/www.idiv.de\/de\/wp-json\/wp\/v2\/media?parent=33069"}],"wp:term":[{"taxonomy":"category","embeddable":true,"href":"https:\/\/www.idiv.de\/de\/wp-json\/wp\/v2\/categories?post=33069"},{"taxonomy":"post_tag","embeddable":true,"href":"https:\/\/www.idiv.de\/de\/wp-json\/wp\/v2\/tags?post=33069"}],"curies":[{"name":"wp","href":"https:\/\/api.w.org\/{rel}","templated":true}]}}