{"id":28778,"date":"2025-04-03T11:12:39","date_gmt":"2025-04-03T10:12:39","guid":{"rendered":"https:\/\/www.idiv.de\/?p=28778"},"modified":"2025-04-22T12:16:39","modified_gmt":"2025-04-22T11:16:39","slug":"neuer-podcast","status":"publish","type":"post","link":"https:\/\/www.idiv.de\/de\/neuer-podcast\/","title":{"rendered":"Neuer Podcast \u201cInside Biodiversity\u201d"},"content":{"rendered":"<div class=\"herosection pb-24 pt-0 no-bg modulclass \" id=\"\">\n                    <div class=\"swiper1noslider  nooverflow heronews swiper thinslider\" id=\"slide_69f5e4536327a\">\n        \n                <div class=\"swiper-wrapper\">\n                                            <div class=\"swiper-slide  style_\" aria-hidden=\"true\" >\n                            <div class=\"backstretchwrap\">\n                        \n                            <div datasrc=\"https:\/\/www.idiv.de\/wp-content\/uploads\/2025\/03\/Podcast-Show-1920x800-hosted.png\" class=\"backstretchimg responsiv desktop\"><\/div>\n\n                            <a href=\"#\" class=\"cr\"><svg  xmlns=\"http:\/\/www.w3.org\/2000\/svg\" width=\"22\" height=\"22\" viewBox=\"0 0 22 22\">\n                                    <rect id=\"BG\" width=\"22\" height=\"22\" rx=\"11\" fill=\"#fff\"\/>\n                                    <g id=\"Wrapper\" transform=\"translate(-1 -1)\">\n                                        <g id=\"Icon_material-copyright\" data-name=\"Icon material-copyright\">\n                                            <circle id=\"Ellipse_30\" data-name=\"Ellipse 30\" cx=\"8\" cy=\"8\" r=\"8\" transform=\"translate(4 4)\" fill=\"#fff\"\/>\n                                            <path id=\"Icon_material-copyright-2\" data-name=\"Icon material-copyright\" d=\"M9.464,10.088a2.045,2.045,0,0,1,.24-.7,1.4,1.4,0,0,1,.472-.5,1.42,1.42,0,0,1,.728-.184,1.45,1.45,0,0,1,.5.1,1.29,1.29,0,0,1,.416.288,1.54,1.54,0,0,1,.272.424,1.4,1.4,0,0,1,.112.512H13.64a2.864,2.864,0,0,0-.224-1.032,2.4,2.4,0,0,0-.56-.808,2.613,2.613,0,0,0-.864-.528,3.09,3.09,0,0,0-1.112-.184,3.127,3.127,0,0,0-1.36.272,2.751,2.751,0,0,0-.96.736,3.007,3.007,0,0,0-.568,1.088A4.685,4.685,0,0,0,7.8,10.9v.216a4.684,4.684,0,0,0,.184,1.312,2.908,2.908,0,0,0,.568,1.08,2.731,2.731,0,0,0,.96.728,3.246,3.246,0,0,0,1.36.272,3.051,3.051,0,0,0,1.056-.184,2.729,2.729,0,0,0,.864-.5,2.442,2.442,0,0,0,.592-.752,2.153,2.153,0,0,0,.24-.92H12.192a1.139,1.139,0,0,1-.12.464,1.177,1.177,0,0,1-.288.368,1.26,1.26,0,0,1-.416.24,1.589,1.589,0,0,1-.48.08,1.359,1.359,0,0,1-.712-.184,1.4,1.4,0,0,1-.472-.5,2.09,2.09,0,0,1-.24-.7,5.392,5.392,0,0,1-.064-.8V10.9a5.33,5.33,0,0,1,.064-.808ZM11,3a8,8,0,1,0,8,8A8,8,0,0,0,11,3Zm0,14.4A6.4,6.4,0,1,1,17.4,11,6.408,6.408,0,0,1,11,17.4Z\" transform=\"translate(1 1)\" fill=\"#4d4d4d\"\/>\n                                        <\/g>\n                                    <\/g>\n                                <\/svg>\n                                <span>created by Gabriele Rada<\/span><\/a>                        \n                                                    <\/div>\n                                        <div class=\"sliderinhalt \" role=\"region\" aria-label=\"carousel\">\n\n                                                \n\n                                                <p class=\"big align-center\" >03.04.2025 | iDiv, Medienmitteilung<\/p>                                            <h1 class=\"h1 tcenter\" >Podcast behandelt die gro\u00dfen Fragen der Biodiversit\u00e4tsforschung<\/h1>\n                                                                                                            <\/div>\n                                            <\/div>\n\n                        \n                 <\/div>\n\n                              <\/div>\n<\/div>\n\n<div class=\"textbildrepeater pb-24 pt-0 no-bg modulclass \" id=\"\">\n    <div class=\"container\">\n        <div class=\"row\">\n                                                                <div class=\"pb-24   mod_textheadlinebtn  col-md-8 offset-md-2 pos_top\">\n                            <div class=\"textrepeater \" id=\"\">\n\n\n    \n    <div class=\"contentrepeater\">\n        <p><i><span style=\"font-weight: 400;\">Inside Biodiversity<\/span><\/i><span style=\"font-weight: 400;\">, ein neuer englischsprachiger Podcast des Deutschen Zentrums f\u00fcr integrative Biodiversit\u00e4tsforschung (iDiv), hatte am 3. April 2025 Premiere.<\/span><\/p>\n<p><span style=\"font-weight: 400;\">In jeder Folge von <\/span><i><span style=\"font-weight: 400;\">Inside Biodiversity<\/span><\/i><span style=\"font-weight: 400;\"> spricht Dr. Volker Hahn, Leiter der iDiv-Kommunikation, mit renommierten Forschenden, Journalistinnen und Journalisten oder Naturschutzpraktikern. Sie beleuchten die Komplexit\u00e4t des Wandels der biologischen Vielfalt, Herausforderungen f\u00fcr den Naturschutz und sie hinterfragen weit verbreitete, aber nicht immer zutreffende Vorstellungen.<\/span><\/p>\n<p><span style=\"font-weight: 400;\">\u201eIch bin stolz darauf, mit f\u00fchrenden Expertinnen und Experten aus der ganzen Welt sprechen zu k\u00f6nnen \u2013 nicht nur von iDiv, sondern auch von unseren internationalen Partnern\u201c, sagt Hahn. \u201eWir meiden keine kontroversen Themen und wollen die ganze Komplexit\u00e4t der Biodiversit\u00e4tsforschung zeigen. Das macht unseren Podcast besonders.\u201c<\/span><\/p>\n<p><span style=\"font-weight: 400;\">In der ersten Folge mit dem Titel \u201eIs biodiversity declining everywhere?\u201c stellt Dr. Maria Dornelas, Professorin an der Universit\u00e4t St. Andrews und der Universit\u00e4t Lissabon, die verbreitete Vorstellung infrage, biologische Vielfalt sei \u00fcberall auf dem R\u00fcckzug. Im Gespr\u00e4ch mit Hahn zeigt sie, dass biologische Vielfalt sowohl abnehmen als auch zunehmen kann, nicht zuletzt aufgrund von Naturschutzma\u00dfnahmen.<\/span><\/p>\n<p><span style=\"font-weight: 400;\">Neue Folgen von <\/span><i><span style=\"font-weight: 400;\">Inside Biodiversity <\/span><\/i><span style=\"font-weight: 400;\">werden jeden ersten Donnerstag im Monat ver\u00f6ffentlicht. Die ersten Episoden werden ein zentrales und viel diskutiertes Thema n\u00e4her beleuchten: den Wandel der Biodiversit\u00e4t.<\/span><\/p>\n<p><span style=\"font-weight: 400;\">\u201eInside Biodiversity ist ein hervorragendes Beispiel daf\u00fcr, wie iDiv die weltweit f\u00fchrenden Biodiversit\u00e4tsforscherinnen und -forscher bei sich zu Gast willkommen hei\u00dft\u201c, sagt iDiv-Sprecher Prof. Henrique Pereira. \u201eEs zeigt zudem, dass wir nicht nur Spitzenforschung betreiben, sondern wissenschaftliche Erkenntnisse durch Biodiversit\u00e4tskommunikation in die Gesellschaft tragen.\u201c<\/span><span style=\"font-weight: 400;\">Der Podcast ist auf allen wichtigen Streaming-Plattformen und auf der iDiv-Website verf\u00fcgbar: <\/span><a href=\"https:\/\/www.idiv.de\/de\/news\/podcast\/\"><span style=\"font-weight: 400;\">https:\/\/www.idiv.de\/podcast\/<\/span><\/a><\/p>\n    <\/div>\n\n\n    <\/div>\n                            <\/div>\n                        <\/div>\n    <\/div>\n<\/div>\n\n<div class=\"textbildrepeater pb-24 pt-0 no-bg modulclass \" id=\"\">\n    <div class=\"container\">\n        <div class=\"row\">\n                                                                <div class=\"pb-24   mod_bild  col-md-4 offset-md-2 pos_top\">\n                            <div class=\"bildrepeater \" id=\"\">\n    <div class=\"relativ\"><img decoding=\"async\" class=\"responsiv desktop\" src=\"https:\/\/www.idiv.de\/wp-content\/uploads\/2025\/03\/Podcast-Episode-1400x1400px.png\" height=\"\" width=\"\" alt=\"idiv-\"\/><img decoding=\"async\" class=\"responsiv mobile\" src=\"https:\/\/www.idiv.de\/wp-content\/uploads\/2025\/03\/Podcast-Episode-1400x1400px.png\" height=\"\" width=\"\" alt=\"idiv-\"\/><a href=\"#\" class=\"cr\" role=\"button\">\n<svg  xmlns=\"http:\/\/www.w3.org\/2000\/svg\" width=\"22\" height=\"22\" viewBox=\"0 0 22 22\">\n    <rect id=\"BG\" width=\"22\" height=\"22\" rx=\"11\" fill=\"#fff\"\/>\n    <g id=\"Wrapper\" transform=\"translate(-1 -1)\">\n        <g id=\"Icon_material-copyright\" data-name=\"Icon material-copyright\">\n            <circle id=\"Ellipse_30\" data-name=\"Ellipse 30\" cx=\"8\" cy=\"8\" r=\"8\" transform=\"translate(4 4)\" fill=\"#fff\"\/>\n            <path id=\"Icon_material-copyright-2\" data-name=\"Icon material-copyright\" d=\"M9.464,10.088a2.045,2.045,0,0,1,.24-.7,1.4,1.4,0,0,1,.472-.5,1.42,1.42,0,0,1,.728-.184,1.45,1.45,0,0,1,.5.1,1.29,1.29,0,0,1,.416.288,1.54,1.54,0,0,1,.272.424,1.4,1.4,0,0,1,.112.512H13.64a2.864,2.864,0,0,0-.224-1.032,2.4,2.4,0,0,0-.56-.808,2.613,2.613,0,0,0-.864-.528,3.09,3.09,0,0,0-1.112-.184,3.127,3.127,0,0,0-1.36.272,2.751,2.751,0,0,0-.96.736,3.007,3.007,0,0,0-.568,1.088A4.685,4.685,0,0,0,7.8,10.9v.216a4.684,4.684,0,0,0,.184,1.312,2.908,2.908,0,0,0,.568,1.08,2.731,2.731,0,0,0,.96.728,3.246,3.246,0,0,0,1.36.272,3.051,3.051,0,0,0,1.056-.184,2.729,2.729,0,0,0,.864-.5,2.442,2.442,0,0,0,.592-.752,2.153,2.153,0,0,0,.24-.92H12.192a1.139,1.139,0,0,1-.12.464,1.177,1.177,0,0,1-.288.368,1.26,1.26,0,0,1-.416.24,1.589,1.589,0,0,1-.48.08,1.359,1.359,0,0,1-.712-.184,1.4,1.4,0,0,1-.472-.5,2.09,2.09,0,0,1-.24-.7,5.392,5.392,0,0,1-.064-.8V10.9a5.33,5.33,0,0,1,.064-.808ZM11,3a8,8,0,1,0,8,8A8,8,0,0,0,11,3Zm0,14.4A6.4,6.4,0,1,1,17.4,11,6.408,6.408,0,0,1,11,17.4Z\" transform=\"translate(1 1)\" fill=\"#4d4d4d\"\/>\n        <\/g>\n    <\/g>\n<\/svg>\n<span>Gabriele Rada<\/span><\/a><\/div><p class=\"bu\">Der erste Podcast-Gast ist Dr. Maria Dornelas, Professorin an der Universit\u00e4t St. Andrews und der Universit\u00e4t Lissabon<\/p><\/div>\n                            <\/div>\n                        <\/div>\n    <\/div>\n<\/div>\n\n<div class=\"textbildrepeater pb-24 pt-0 no-bg modulclass \" id=\"\">\n    <div class=\"container\">\n        <div class=\"row\">\n                                                                <div class=\"pb-24   mod_bild  col-md-4 offset-md-2 pos_top\">\n                            <div class=\"bildrepeater \" id=\"\">\n    <div class=\"relativ\"><img decoding=\"async\" class=\"responsiv desktop\" src=\"https:\/\/www.idiv.de\/wp-content\/uploads\/2025\/04\/Volker-Hahn-2025-1506-SBernhardt-iDiv.jpg\" height=\"\" width=\"\" alt=\"idiv-\"\/><img decoding=\"async\" class=\"responsiv mobile\" src=\"https:\/\/www.idiv.de\/wp-content\/uploads\/2025\/04\/Volker-Hahn-2025-1506-SBernhardt-iDiv.jpg\" height=\"\" width=\"\" alt=\"idiv-\"\/><a href=\"#\" class=\"cr\" role=\"button\">\n<svg  xmlns=\"http:\/\/www.w3.org\/2000\/svg\" width=\"22\" height=\"22\" viewBox=\"0 0 22 22\">\n    <rect id=\"BG\" width=\"22\" height=\"22\" rx=\"11\" fill=\"#fff\"\/>\n    <g id=\"Wrapper\" transform=\"translate(-1 -1)\">\n        <g id=\"Icon_material-copyright\" data-name=\"Icon material-copyright\">\n            <circle id=\"Ellipse_30\" data-name=\"Ellipse 30\" cx=\"8\" cy=\"8\" r=\"8\" transform=\"translate(4 4)\" fill=\"#fff\"\/>\n            <path id=\"Icon_material-copyright-2\" data-name=\"Icon material-copyright\" d=\"M9.464,10.088a2.045,2.045,0,0,1,.24-.7,1.4,1.4,0,0,1,.472-.5,1.42,1.42,0,0,1,.728-.184,1.45,1.45,0,0,1,.5.1,1.29,1.29,0,0,1,.416.288,1.54,1.54,0,0,1,.272.424,1.4,1.4,0,0,1,.112.512H13.64a2.864,2.864,0,0,0-.224-1.032,2.4,2.4,0,0,0-.56-.808,2.613,2.613,0,0,0-.864-.528,3.09,3.09,0,0,0-1.112-.184,3.127,3.127,0,0,0-1.36.272,2.751,2.751,0,0,0-.96.736,3.007,3.007,0,0,0-.568,1.088A4.685,4.685,0,0,0,7.8,10.9v.216a4.684,4.684,0,0,0,.184,1.312,2.908,2.908,0,0,0,.568,1.08,2.731,2.731,0,0,0,.96.728,3.246,3.246,0,0,0,1.36.272,3.051,3.051,0,0,0,1.056-.184,2.729,2.729,0,0,0,.864-.5,2.442,2.442,0,0,0,.592-.752,2.153,2.153,0,0,0,.24-.92H12.192a1.139,1.139,0,0,1-.12.464,1.177,1.177,0,0,1-.288.368,1.26,1.26,0,0,1-.416.24,1.589,1.589,0,0,1-.48.08,1.359,1.359,0,0,1-.712-.184,1.4,1.4,0,0,1-.472-.5,2.09,2.09,0,0,1-.24-.7,5.392,5.392,0,0,1-.064-.8V10.9a5.33,5.33,0,0,1,.064-.808ZM11,3a8,8,0,1,0,8,8A8,8,0,0,0,11,3Zm0,14.4A6.4,6.4,0,1,1,17.4,11,6.408,6.408,0,0,1,11,17.4Z\" transform=\"translate(1 1)\" fill=\"#4d4d4d\"\/>\n        <\/g>\n    <\/g>\n<\/svg>\n<span>Stefan Bernhardt<\/span><\/a><\/div><p class=\"bu\">In jeder Podcast-Folge spricht Dr. Volker Hahn, Leiter der iDiv-Kommunikation, mit renommierten Forschenden, Journalistinnen und Journalisten oder Naturschutzpraktikern<\/p><\/div>\n                            <\/div>\n                                                                    <div class=\"pb-0   mod_link  col-md-4 offset-md-0 pos_tleft\">\n                            <div class=\"btncf-block  tleft\" id=\"\">\n            <a href=\"https:\/\/www.idiv.de\/wp-content\/uploads\/2025\/04\/Volker-Hahn-2025-1506-SBernhardt-iDiv.jpg\"\n           class=\"mr-24 btncf normal\"\n           target=\"_blank\">Foto herunterladen                            <svg xmlns=\"http:\/\/www.w3.org\/2000\/svg\" width=\"7.621\" height=\"12.243\" aria-hidden=\"true\"\n                     viewBox=\"0 0 7.621 12.243\">\n                    <path id=\"Icon_feather-chevron-right\" data-name=\"Icon feather-chevron-right\"\n                          d=\"M17.5,17l-4-4,4-4\" transform=\"translate(19.621 19.121) rotate(180)\" fill=\"none\"\n                          stroke=\"#447226\" stroke-linecap=\"round\" stroke-linejoin=\"round\" stroke-width=\"3\"\/>\n                <\/svg>\n                    <\/a>\n    <\/div>                            <\/div>\n                        <\/div>\n    <\/div>\n<\/div>\n\n<div class=\"textbildrepeater pb-24 pt-0 no-bg modulclass \" id=\"\">\n    <div class=\"container\">\n        <div class=\"row\">\n                                                                <div class=\"pb-24   mod_textheadlinebtn  col-md-8 offset-md-2 pos_top\">\n                            <div class=\"textrepeater \" id=\"\">\n\n\n    \n    <div class=\"contentrepeater\">\n        <p><em>Hinweis f\u00fcr die Medien: Die von iDiv bereitgestellten Bilder d\u00fcrfen ausschlie\u00dflich f\u00fcr die Berichterstattung im Zusammenhang mit dieser Medienmitteilung und unter Angabe des\/der Urhebers\/in verwendet werden.<\/em><\/p>\n    <\/div>\n\n\n    <\/div>\n                            <\/div>\n                        <\/div>\n    <\/div>\n<\/div>\n\n<div class=\"textbildrepeater pb-24 pt-0 no-bg modulclass \" id=\"\">\n    <div class=\"container\">\n        <div class=\"row\">\n                                                                <div class=\"pb-24   mod_textheadlinebtn  col-md-8 offset-md-2 pos_top\">\n                            <div class=\"textrepeater \" id=\"\">\n\n\n    <h3 class=\"h3 \" >Trailer anh\u00f6ren (52 s):<\/h3>\n    <div class=\"contentrepeater\">\n        <p><script class=\"podigee-podcast-player\" src=\"https:\/\/player.podigee-cdn.net\/podcast-player\/javascripts\/podigee-podcast-player.js\" data-configuration=\"https:\/\/insidebiodiversity.podigee.io\/t1-trailer\/embed?context=external&#038;locale=de-DE\"><\/script><\/p>\n    <\/div>\n\n\n    <\/div>\n                            <\/div>\n                        <\/div>\n    <\/div>\n<\/div>\n\n<div class=\"textbildrepeater pb-24 pt-0 no-bg modulclass \" id=\"\">\n    <div class=\"container\">\n        <div class=\"row\">\n                                                                <div class=\"pb-80   mod_link  col-md-6 offset-md-2 pos_tleft\">\n                            <div class=\"btncf-block  tleft\" id=\"\">\n            <a href=\"https:\/\/insidebiodiversity.podigee.io\/#subscribe\"\n           class=\"mr-24 btncf primary\"\n           target=\"_blank\">Inside Biodiversity abonnieren                    <\/a>\n    <\/div>                            <\/div>\n                        <\/div>\n    <\/div>\n<\/div>\n\n<div class=\"textbildrepeater pb-24 pt-0 no-bg modulclass \" id=\"\">\n    <div class=\"container\">\n        <div class=\"row\">\n                                                                <div class=\"pb-24   mod_textheadlinebtn  col-md-8 offset-md-2 pos_top\">\n                            <div class=\"textrepeater \" id=\"\">\n\n\n    \n    <div class=\"contentrepeater\">\n        <h3><strong>Kontakt<\/strong><\/h3>\n<p><strong>Dr. Volker Hahn<\/strong><br \/>\nLeiter Medien und Kommunikation<br \/>\nDeutsches Zentrum f\u00fcr integrative Biodiversit\u00e4tsforschung (iDiv) Halle-Jena-Leipzig<br \/>\nTelefon: ++49 341 97 33 154<br \/>\nWeb: <a href=\"http:\/\/www.idiv.de\/medien\">www.idiv.de\/medien<\/a><br \/>\nE-Mail: <a href=\"&#x6d;&#x61;&#105;&#108;to&#x3a;&#x76;&#x6f;&#108;ke&#x72;&#x2e;&#x68;&#97;&#104;n&#x40;&#x69;&#x64;&#105;&#118;&#46;&#x64;&#x65;\">&#112;&#x6f;d&#x63;a&#115;&#x74;&#64;&#x69;d&#105;&#x76;&#46;&#x64;e<\/a><\/p>\n<p>&nbsp;<\/p>\n<p>&nbsp;<\/p>\n    <\/div>\n\n\n    <\/div>\n                            <\/div>\n                        <\/div>\n    <\/div>\n<\/div>","protected":false},"excerpt":{"rendered":"<p>Inside Biodiversity ist ein neuer iDiv-Podcast.<\/p>\n","protected":false},"author":4,"featured_media":0,"comment_status":"closed","ping_status":"closed","sticky":false,"template":"","format":"standard","meta":{"_acf_changed":false,"advgb_blocks_editor_width":"","advgb_blocks_columns_visual_guide":"","footnotes":"","_links_to":"","_links_to_target":""},"categories":[28,29],"tags":[],"class_list":["post-28778","post","type-post","status-publish","format-standard","hentry","category-idiv-de","category-medienmitteilung"],"acf":{"thumb":27618,"thumbmobile":"","copyright":"created by Gabriele Rada","breadcrumb":true},"yoast_head":"<!-- This site is optimized with the Yoast SEO plugin v27.5 - https:\/\/yoast.com\/product\/yoast-seo-wordpress\/ -->\n<title>Neuer Podcast \u201cInside Biodiversity\u201d | iDiv<\/title>\n<meta name=\"robots\" content=\"index, follow, max-snippet:-1, max-image-preview:large, max-video-preview:-1\" \/>\n<link rel=\"canonical\" href=\"https:\/\/www.idiv.de\/de\/neuer-podcast\/\" \/>\n<meta property=\"og:locale\" content=\"de_DE\" \/>\n<meta property=\"og:type\" content=\"article\" \/>\n<meta property=\"og:title\" content=\"Neuer Podcast \u201cInside Biodiversity\u201d | iDiv\" \/>\n<meta property=\"og:description\" content=\"Inside Biodiversity ist ein neuer iDiv-Podcast.\" \/>\n<meta property=\"og:url\" content=\"https:\/\/www.idiv.de\/de\/neuer-podcast\/\" \/>\n<meta property=\"og:site_name\" content=\"iDiv\" \/>\n<meta property=\"article:published_time\" content=\"2025-04-03T10:12:39+00:00\" \/>\n<meta property=\"article:modified_time\" content=\"2025-04-22T11:16:39+00:00\" \/>\n<meta property=\"og:image\" content=\"https:\/\/www.idiv.de\/wp-content\/uploads\/2024\/11\/iDivSocialMediaShare.jpg\" \/>\n\t<meta property=\"og:image:width\" content=\"1200\" \/>\n\t<meta property=\"og:image:height\" content=\"675\" \/>\n\t<meta property=\"og:image:type\" content=\"image\/jpeg\" \/>\n<meta name=\"author\" content=\"Volker Hahn\" \/>\n<meta name=\"twitter:card\" content=\"summary_large_image\" \/>\n<meta name=\"twitter:creator\" content=\"@idiv\" \/>\n<meta name=\"twitter:site\" content=\"@idiv\" \/>\n<script type=\"application\/ld+json\" class=\"yoast-schema-graph\">{\"@context\":\"https:\\\/\\\/schema.org\",\"@graph\":[{\"@type\":\"Article\",\"@id\":\"https:\\\/\\\/www.idiv.de\\\/de\\\/neuer-podcast\\\/#article\",\"isPartOf\":{\"@id\":\"https:\\\/\\\/www.idiv.de\\\/de\\\/neuer-podcast\\\/\"},\"author\":{\"name\":\"Volker Hahn\",\"@id\":\"https:\\\/\\\/www.idiv.de\\\/de\\\/#\\\/schema\\\/person\\\/2f218f0c364a10b45a773c666db94322\"},\"headline\":\"Neuer Podcast \u201cInside Biodiversity\u201d\",\"datePublished\":\"2025-04-03T10:12:39+00:00\",\"dateModified\":\"2025-04-22T11:16:39+00:00\",\"mainEntityOfPage\":{\"@id\":\"https:\\\/\\\/www.idiv.de\\\/de\\\/neuer-podcast\\\/\"},\"wordCount\":4,\"publisher\":{\"@id\":\"https:\\\/\\\/www.idiv.de\\\/de\\\/#organization\"},\"articleSection\":[\"iDiv\",\"Medienmitteilung\"],\"inLanguage\":\"de\"},{\"@type\":\"WebPage\",\"@id\":\"https:\\\/\\\/www.idiv.de\\\/de\\\/neuer-podcast\\\/\",\"url\":\"https:\\\/\\\/www.idiv.de\\\/de\\\/neuer-podcast\\\/\",\"name\":\"Neuer Podcast \u201cInside Biodiversity\u201d | iDiv\",\"isPartOf\":{\"@id\":\"https:\\\/\\\/www.idiv.de\\\/de\\\/#website\"},\"datePublished\":\"2025-04-03T10:12:39+00:00\",\"dateModified\":\"2025-04-22T11:16:39+00:00\",\"breadcrumb\":{\"@id\":\"https:\\\/\\\/www.idiv.de\\\/de\\\/neuer-podcast\\\/#breadcrumb\"},\"inLanguage\":\"de\",\"potentialAction\":[{\"@type\":\"ReadAction\",\"target\":[\"https:\\\/\\\/www.idiv.de\\\/de\\\/neuer-podcast\\\/\"]}]},{\"@type\":\"BreadcrumbList\",\"@id\":\"https:\\\/\\\/www.idiv.de\\\/de\\\/neuer-podcast\\\/#breadcrumb\",\"itemListElement\":[{\"@type\":\"ListItem\",\"position\":1,\"name\":\"Startseite\",\"item\":\"https:\\\/\\\/www.idiv.de\\\/de\\\/\"},{\"@type\":\"ListItem\",\"position\":2,\"name\":\"Neuer Podcast \u201cInside Biodiversity\u201d\"}]},{\"@type\":\"WebSite\",\"@id\":\"https:\\\/\\\/www.idiv.de\\\/de\\\/#website\",\"url\":\"https:\\\/\\\/www.idiv.de\\\/de\\\/\",\"name\":\"iDiv\",\"description\":\"Hotspot in Biodiversity Research\",\"publisher\":{\"@id\":\"https:\\\/\\\/www.idiv.de\\\/de\\\/#organization\"},\"potentialAction\":[{\"@type\":\"SearchAction\",\"target\":{\"@type\":\"EntryPoint\",\"urlTemplate\":\"https:\\\/\\\/www.idiv.de\\\/de\\\/?s={search_term_string}\"},\"query-input\":{\"@type\":\"PropertyValueSpecification\",\"valueRequired\":true,\"valueName\":\"search_term_string\"}}],\"inLanguage\":\"de\"},{\"@type\":\"Organization\",\"@id\":\"https:\\\/\\\/www.idiv.de\\\/de\\\/#organization\",\"name\":\"idiv\",\"url\":\"https:\\\/\\\/www.idiv.de\\\/de\\\/\",\"logo\":{\"@type\":\"ImageObject\",\"inLanguage\":\"de\",\"@id\":\"https:\\\/\\\/www.idiv.de\\\/de\\\/#\\\/schema\\\/logo\\\/image\\\/\",\"url\":\"https:\\\/\\\/www.idiv.de\\\/wp-content\\\/uploads\\\/2024\\\/08\\\/iDiv_Logo_long_v1_EN_black_4c.jpg\",\"contentUrl\":\"https:\\\/\\\/www.idiv.de\\\/wp-content\\\/uploads\\\/2024\\\/08\\\/iDiv_Logo_long_v1_EN_black_4c.jpg\",\"width\":2448,\"height\":674,\"caption\":\"idiv\"},\"image\":{\"@id\":\"https:\\\/\\\/www.idiv.de\\\/de\\\/#\\\/schema\\\/logo\\\/image\\\/\"},\"sameAs\":[\"https:\\\/\\\/x.com\\\/idiv\",\"https:\\\/\\\/www.linkedin.com\\\/company\\\/idiv-biodiversity\\\/\",\"https:\\\/\\\/www.youtube.com\\\/idiv-research\"]},{\"@type\":\"Person\",\"@id\":\"https:\\\/\\\/www.idiv.de\\\/de\\\/#\\\/schema\\\/person\\\/2f218f0c364a10b45a773c666db94322\",\"name\":\"Volker Hahn\",\"url\":\"https:\\\/\\\/www.idiv.de\\\/de\\\/author\\\/volker-hahn\\\/\"}]}<\/script>\n<!-- \/ Yoast SEO plugin. -->","yoast_head_json":{"title":"Neuer Podcast \u201cInside Biodiversity\u201d | iDiv","robots":{"index":"index","follow":"follow","max-snippet":"max-snippet:-1","max-image-preview":"max-image-preview:large","max-video-preview":"max-video-preview:-1"},"canonical":"https:\/\/www.idiv.de\/de\/neuer-podcast\/","og_locale":"de_DE","og_type":"article","og_title":"Neuer Podcast \u201cInside Biodiversity\u201d | iDiv","og_description":"Inside Biodiversity ist ein neuer iDiv-Podcast.","og_url":"https:\/\/www.idiv.de\/de\/neuer-podcast\/","og_site_name":"iDiv","article_published_time":"2025-04-03T10:12:39+00:00","article_modified_time":"2025-04-22T11:16:39+00:00","og_image":[{"width":1200,"height":675,"url":"https:\/\/www.idiv.de\/wp-content\/uploads\/2024\/11\/iDivSocialMediaShare.jpg","type":"image\/jpeg"}],"author":"Volker Hahn","twitter_card":"summary_large_image","twitter_creator":"@idiv","twitter_site":"@idiv","schema":{"@context":"https:\/\/schema.org","@graph":[{"@type":"Article","@id":"https:\/\/www.idiv.de\/de\/neuer-podcast\/#article","isPartOf":{"@id":"https:\/\/www.idiv.de\/de\/neuer-podcast\/"},"author":{"name":"Volker Hahn","@id":"https:\/\/www.idiv.de\/de\/#\/schema\/person\/2f218f0c364a10b45a773c666db94322"},"headline":"Neuer Podcast \u201cInside Biodiversity\u201d","datePublished":"2025-04-03T10:12:39+00:00","dateModified":"2025-04-22T11:16:39+00:00","mainEntityOfPage":{"@id":"https:\/\/www.idiv.de\/de\/neuer-podcast\/"},"wordCount":4,"publisher":{"@id":"https:\/\/www.idiv.de\/de\/#organization"},"articleSection":["iDiv","Medienmitteilung"],"inLanguage":"de"},{"@type":"WebPage","@id":"https:\/\/www.idiv.de\/de\/neuer-podcast\/","url":"https:\/\/www.idiv.de\/de\/neuer-podcast\/","name":"Neuer Podcast \u201cInside Biodiversity\u201d | iDiv","isPartOf":{"@id":"https:\/\/www.idiv.de\/de\/#website"},"datePublished":"2025-04-03T10:12:39+00:00","dateModified":"2025-04-22T11:16:39+00:00","breadcrumb":{"@id":"https:\/\/www.idiv.de\/de\/neuer-podcast\/#breadcrumb"},"inLanguage":"de","potentialAction":[{"@type":"ReadAction","target":["https:\/\/www.idiv.de\/de\/neuer-podcast\/"]}]},{"@type":"BreadcrumbList","@id":"https:\/\/www.idiv.de\/de\/neuer-podcast\/#breadcrumb","itemListElement":[{"@type":"ListItem","position":1,"name":"Startseite","item":"https:\/\/www.idiv.de\/de\/"},{"@type":"ListItem","position":2,"name":"Neuer Podcast \u201cInside Biodiversity\u201d"}]},{"@type":"WebSite","@id":"https:\/\/www.idiv.de\/de\/#website","url":"https:\/\/www.idiv.de\/de\/","name":"iDiv","description":"Hotspot in Biodiversity Research","publisher":{"@id":"https:\/\/www.idiv.de\/de\/#organization"},"potentialAction":[{"@type":"SearchAction","target":{"@type":"EntryPoint","urlTemplate":"https:\/\/www.idiv.de\/de\/?s={search_term_string}"},"query-input":{"@type":"PropertyValueSpecification","valueRequired":true,"valueName":"search_term_string"}}],"inLanguage":"de"},{"@type":"Organization","@id":"https:\/\/www.idiv.de\/de\/#organization","name":"idiv","url":"https:\/\/www.idiv.de\/de\/","logo":{"@type":"ImageObject","inLanguage":"de","@id":"https:\/\/www.idiv.de\/de\/#\/schema\/logo\/image\/","url":"https:\/\/www.idiv.de\/wp-content\/uploads\/2024\/08\/iDiv_Logo_long_v1_EN_black_4c.jpg","contentUrl":"https:\/\/www.idiv.de\/wp-content\/uploads\/2024\/08\/iDiv_Logo_long_v1_EN_black_4c.jpg","width":2448,"height":674,"caption":"idiv"},"image":{"@id":"https:\/\/www.idiv.de\/de\/#\/schema\/logo\/image\/"},"sameAs":["https:\/\/x.com\/idiv","https:\/\/www.linkedin.com\/company\/idiv-biodiversity\/","https:\/\/www.youtube.com\/idiv-research"]},{"@type":"Person","@id":"https:\/\/www.idiv.de\/de\/#\/schema\/person\/2f218f0c364a10b45a773c666db94322","name":"Volker Hahn","url":"https:\/\/www.idiv.de\/de\/author\/volker-hahn\/"}]}},"author_meta":{"display_name":"Volker Hahn","author_link":"https:\/\/www.idiv.de\/de\/author\/volker-hahn\/"},"featured_img":null,"coauthors":[],"tax_additional":{"categories":{"linked":["<a href=\"https:\/\/www.idiv.de\/de\/kategorie\/idiv-de\/\" class=\"advgb-post-tax-term\">iDiv<\/a>","<a href=\"https:\/\/www.idiv.de\/de\/kategorie\/medienmitteilung\/\" class=\"advgb-post-tax-term\">Medienmitteilung<\/a>"],"unlinked":["<span class=\"advgb-post-tax-term\">iDiv<\/span>","<span class=\"advgb-post-tax-term\">Medienmitteilung<\/span>"]}},"comment_count":0,"relative_dates":{"created":"Ver\u00f6ffentlicht 1\u00a0Jahr vor","modified":"Aktualisiert 1\u00a0Jahr vor"},"absolute_dates":{"created":"Ver\u00f6ffentlicht am 3. April 2025","modified":"Aktualisiert am 22. April 2025"},"absolute_dates_time":{"created":"Ver\u00f6ffentlicht am 3. April 2025 11:12","modified":"Aktualisiert am 22. April 2025 12:16"},"featured_img_caption":"","series_order":"","_links":{"self":[{"href":"https:\/\/www.idiv.de\/de\/wp-json\/wp\/v2\/posts\/28778","targetHints":{"allow":["GET"]}}],"collection":[{"href":"https:\/\/www.idiv.de\/de\/wp-json\/wp\/v2\/posts"}],"about":[{"href":"https:\/\/www.idiv.de\/de\/wp-json\/wp\/v2\/types\/post"}],"author":[{"embeddable":true,"href":"https:\/\/www.idiv.de\/de\/wp-json\/wp\/v2\/users\/4"}],"replies":[{"embeddable":true,"href":"https:\/\/www.idiv.de\/de\/wp-json\/wp\/v2\/comments?post=28778"}],"version-history":[{"count":14,"href":"https:\/\/www.idiv.de\/de\/wp-json\/wp\/v2\/posts\/28778\/revisions"}],"predecessor-version":[{"id":28931,"href":"https:\/\/www.idiv.de\/de\/wp-json\/wp\/v2\/posts\/28778\/revisions\/28931"}],"wp:attachment":[{"href":"https:\/\/www.idiv.de\/de\/wp-json\/wp\/v2\/media?parent=28778"}],"wp:term":[{"taxonomy":"category","embeddable":true,"href":"https:\/\/www.idiv.de\/de\/wp-json\/wp\/v2\/categories?post=28778"},{"taxonomy":"post_tag","embeddable":true,"href":"https:\/\/www.idiv.de\/de\/wp-json\/wp\/v2\/tags?post=28778"}],"curies":[{"name":"wp","href":"https:\/\/api.w.org\/{rel}","templated":true}]}}