{"id":26833,"date":"2025-03-24T11:04:31","date_gmt":"2025-03-24T10:04:31","guid":{"rendered":"https:\/\/www.idiv.de\/?p=26833"},"modified":"2025-04-22T12:16:57","modified_gmt":"2025-04-22T11:16:57","slug":"hohe-baumarten-vielfalt-mindert-hitze-in-waeldern","status":"publish","type":"post","link":"https:\/\/www.idiv.de\/de\/hohe-baumarten-vielfalt-mindert-hitze-in-waeldern\/","title":{"rendered":"Hohe Baumarten-Vielfalt mindert Hitze in W\u00e4ldern"},"content":{"rendered":"<div class=\"herosection pb-24 pt-0 no-bg modulclass \" id=\"\">\n                    <div class=\"swiper1noslider  nooverflow heronews swiper thinslider\" id=\"slide_69f079844cfec\">\n        \n                <div class=\"swiper-wrapper\">\n                                            <div class=\"swiper-slide  style_\" aria-hidden=\"true\" >\n                            <div class=\"backstretchwrap\">\n                        \n                            <div datasrc=\"https:\/\/www.idiv.de\/wp-content\/uploads\/2025\/03\/3_Site-B_PlotN29_left_O29_by_Florian_Schnabel_12_5.jpg\" class=\"backstretchimg responsiv desktop\"><\/div>\n\n                            <a href=\"#\" class=\"cr\"><svg  xmlns=\"http:\/\/www.w3.org\/2000\/svg\" width=\"22\" height=\"22\" viewBox=\"0 0 22 22\">\n                                    <rect id=\"BG\" width=\"22\" height=\"22\" rx=\"11\" fill=\"#fff\"\/>\n                                    <g id=\"Wrapper\" transform=\"translate(-1 -1)\">\n                                        <g id=\"Icon_material-copyright\" data-name=\"Icon material-copyright\">\n                                            <circle id=\"Ellipse_30\" data-name=\"Ellipse 30\" cx=\"8\" cy=\"8\" r=\"8\" transform=\"translate(4 4)\" fill=\"#fff\"\/>\n                                            <path id=\"Icon_material-copyright-2\" data-name=\"Icon material-copyright\" d=\"M9.464,10.088a2.045,2.045,0,0,1,.24-.7,1.4,1.4,0,0,1,.472-.5,1.42,1.42,0,0,1,.728-.184,1.45,1.45,0,0,1,.5.1,1.29,1.29,0,0,1,.416.288,1.54,1.54,0,0,1,.272.424,1.4,1.4,0,0,1,.112.512H13.64a2.864,2.864,0,0,0-.224-1.032,2.4,2.4,0,0,0-.56-.808,2.613,2.613,0,0,0-.864-.528,3.09,3.09,0,0,0-1.112-.184,3.127,3.127,0,0,0-1.36.272,2.751,2.751,0,0,0-.96.736,3.007,3.007,0,0,0-.568,1.088A4.685,4.685,0,0,0,7.8,10.9v.216a4.684,4.684,0,0,0,.184,1.312,2.908,2.908,0,0,0,.568,1.08,2.731,2.731,0,0,0,.96.728,3.246,3.246,0,0,0,1.36.272,3.051,3.051,0,0,0,1.056-.184,2.729,2.729,0,0,0,.864-.5,2.442,2.442,0,0,0,.592-.752,2.153,2.153,0,0,0,.24-.92H12.192a1.139,1.139,0,0,1-.12.464,1.177,1.177,0,0,1-.288.368,1.26,1.26,0,0,1-.416.24,1.589,1.589,0,0,1-.48.08,1.359,1.359,0,0,1-.712-.184,1.4,1.4,0,0,1-.472-.5,2.09,2.09,0,0,1-.24-.7,5.392,5.392,0,0,1-.064-.8V10.9a5.33,5.33,0,0,1,.064-.808ZM11,3a8,8,0,1,0,8,8A8,8,0,0,0,11,3Zm0,14.4A6.4,6.4,0,1,1,17.4,11,6.408,6.408,0,0,1,11,17.4Z\" transform=\"translate(1 1)\" fill=\"#4d4d4d\"\/>\n                                        <\/g>\n                                    <\/g>\n                                <\/svg>\n                                <span>Florian Schnabel<\/span><\/a>                        \n                                                    <\/div>\n                                        <div class=\"sliderinhalt \" role=\"region\" aria-label=\"carousel\">\n\n                                                \n\n                                                <p class=\"big align-center\" >24.03.2025 | Experimentelle Interaktions\u00f6kologie, iDiv-Mitglieder, Medienmitteilung<\/p>                                            <h1 class=\"h1 tcenter\" >Hohe Baumarten-Vielfalt mindert Hitze in W\u00e4ldern<\/h1>\n                                                                                                            <\/div>\n                                            <\/div>\n\n                        \n                 <\/div>\n\n                              <\/div>\n<\/div>\n\n<div class=\"textbildrepeater pb-24 pt-0 no-bg modulclass \" id=\"\">\n    <div class=\"container\">\n        <div class=\"row\">\n                                                                <div class=\"pb-0   mod_textheadlinebtn  col-md-8 offset-md-2 pos_top\">\n                            <div class=\"textrepeater \" id=\"\">\n\n\n    \n    <div class=\"contentrepeater\">\n        <p><span style=\"font-weight: 400;\">Ein Wald mit hoher Baumartenvielfalt kann Hitzewellen im Sommer und K\u00e4ltewellen im Winter besser abpuffern als ein Wald mit weniger Baumarten. Dies ist das Ergebnis einer Studie unter Leitung des Deutschen Zentrums f\u00fcr integrative Biodiversit\u00e4tsforschung (iDiv), der Universit\u00e4t Leipzig und der Martin-Luther-Universit\u00e4t Halle-Wittenberg (MLU). Die Studie wurde in einem gro\u00dfen Freilandexperiment mit gepflanzten B\u00e4umen in China durchgef\u00fchrt und in der Zeitschrift <\/span><i><span style=\"font-weight: 400;\">Ecology Letters<\/span><\/i><span style=\"font-weight: 400;\"> ver\u00f6ffentlicht. Sie liefert ein weiteres Argument f\u00fcr die Diversifizierung von Baumarten, insbesondere angesichts des fortschreitenden Klimawandels.<\/span><\/p>\n<p><span style=\"font-weight: 400;\">An vielen Orten der Welt steigen die Temperaturen, verursacht durch die menschengemachte Zunahme von Treibhausgasen. Zu diesen klimatischen Verschiebungen geh\u00f6ren auch Ver\u00e4nderungen der Temperaturextreme: W\u00e4hrend die Anzahl von K\u00e4ltewellen im Winter abnimmt (d. h. sie werden w\u00e4rmer), nehmen Hitzewellen zu. Seit langem ist bekannt, dass B\u00e4ume Temperaturextreme in W\u00e4ldern abpuffern, sie reduzieren Hitzewellen im Sommer und K\u00e4ltewellen im Winter. Nicht klar war bislang, welche Rolle die Anzahl der Baumarten dabei spielt: K\u00f6nnen mehr Baumarten Hitze- und K\u00e4ltewellen besser abpuffern? \u201eFr\u00fchere Forschungen haben gezeigt, dass die gepufferten Temperaturen unterhalb der Baumkronen wichtig sind f\u00fcr die Artenvielfalt in W\u00e4ldern, da sie die durch den Klimawandel bedingte Verschiebung hin zu Arten, die warme Temperaturen bevorzugen, verlangsamen\u201c, sagt Co-Erstautor Dr. Florian Schnabel von der Universit\u00e4t Freiburg, der die Forschungsarbeit w\u00e4hrend seiner T\u00e4tigkeit bei iDiv und der Universit\u00e4t Leipzig leitete und anschlie\u00dfend in Freiburg fortf\u00fchrte. \u201eGleichzeitig ist die Auswirkung der Baumartenvielfalt, eine zentrale Facette der Waldbiodiversit\u00e4t, auf die Temperaturpufferung im Wald noch weitgehend unerforscht.\u201c<\/span><\/p>\n<p><strong>WELTWEIT GR\u00d6SSTES FREILAND-EXPERIMENT<\/strong><\/p>\n<p><span style=\"font-weight: 400;\">Um diese Frage zu beantworten, nutzten die Forscherinnen und Forscher den weltweit gr\u00f6\u00dften gepflanzten Freiland-Versuch zur Vielfalt von B\u00e4umen im subtropischen China. Im so genannten BEF-China-Experiment wurden mehrere hunderttausend B\u00e4ume in Parzellen gepflanzt, die jeweils aus 1, 2, 4, 8, 16 oder 24 verschiedenen Baumarten bestehen. Seit der Gr\u00fcndung von iDiv ist das BEF-China-Experiment eine der wichtigsten Forschungsplattformen von iDiv; es m\u00fcndete in einer deutsch-chinesischen Gruppe internationaler Nachwuchsforscher, welche die Temperaturmessungen in dieser Studie \u00fcber sechs Jahre (2015-2020) durchf\u00fchrte.<\/span><span style=\"font-weight: 400;\">\u00a0<\/span><\/p>\n<p><strong>BAUMARTENVIELFALT PUFFERT TEMPERATUREXTREME<\/strong><\/p>\n<p><span style=\"font-weight: 400;\">Die Ergebnisse zeigten, dass baumartenreiche W\u00e4lder die Temperaturen unter dem Kronendach w\u00e4hrend Hitzewellen st\u00e4rker absenken als W\u00e4lder mit weniger Baumarten. Am st\u00e4rksten war der Effekt w\u00e4hrend der Mittagshitze im Sommer. Auf Versuchsfl\u00e4chen mit 24 Baumarten war die Abk\u00fchlung um bis zu 4,4 \u00b0C st\u00e4rker als auf Fl\u00e4chen mit nur einer Baumart.<\/span><\/p>\n<p><span style=\"font-weight: 400;\">Gleichzeitig erh\u00f6hten artenreiche W\u00e4lder die Temperaturen w\u00e4hrend kalter Wintern\u00e4chte st\u00e4rker als artenarme. Beim monatlichen Temperaturdurchschnitt fanden die Forscher jedoch keinen Unterschied zwischen unterschiedlich diversen W\u00e4ldern.<\/span><\/p>\n<p><strong>BAUMKRONENDICHTE UND STRUKTURELLE VIELFALT ERKL\u00c4REN DIVERSIT\u00c4TSEFFEKT<\/strong><\/p>\n<p><span style=\"font-weight: 400;\">Die Forscherinnen und Forscher fanden auch eine m\u00f6gliche Erkl\u00e4rung, wie sich die Artenvielfalt auf die Temperaturpufferung auswirkt. Versuchsfl\u00e4chen mit vielen Baumarten hatten sowohl eine h\u00f6here Baumkronendichte (mehr Blattfl\u00e4che pro Bodenfl\u00e4che) als auch eine h\u00f6here strukturelle Vielfalt (z. B. eine gr\u00f6\u00dfere Vielfalt kleinerer und gr\u00f6\u00dferer B\u00e4ume). Diese Faktoren verbesserten die Temperaturpufferung, eventuell aufgrund einer geringeren Durchmischung der Luftmassen.<\/span><\/p>\n<p><span style=\"font-weight: 400;\">\u201eTemperaturpuffereffekte sind gut f\u00fcr Menschen, die w\u00e4hrend einer Hitzewelle Abk\u00fchlung suchen, aber sie wirken sich auch auf das \u00d6kosystem selbst aus\u201c, sagt der Co-Erstautor Dr. R\u00e9my Beugnon von iDiv, der Universit\u00e4t Leipzig und dem Centre d&#8217;Ecologie Fonctionnelle et Evolutive. \u201eEin gepuffertes Klima schafft g\u00fcnstigere Bedingungen f\u00fcr \u00d6kosysteme und sch\u00fctzt die von ihnen erbrachten Leistungen. In einem gepufferten Mikroklima k\u00f6nnen W\u00e4lder besser wachsen und sich besser regenerieren. Auch die B\u00f6den funktionieren besser, f\u00f6rdern eine h\u00f6here Artenvielfalt, verbessern die N\u00e4hrstoffkreisl\u00e4ufe und erh\u00f6hen die Kohlenstoffspeicherung.\u201c<\/span><\/p>\n<p><strong>GUTE GR\u00dcNDE F\u00dcR MEHR ARTENREICHTUM<\/strong><\/p>\n<p><span style=\"font-weight: 400;\">Die neue Studie liefert ein weiteres Argument, warum mehr Artenvielfalt bei B\u00e4umen gut f\u00fcr Mensch und Natur sein kann. \u201eObwohl typische Baummonokulturen, wie sie weltweit gepflanzt werden, wichtig f\u00fcr die Holzproduktion sind, weisen sie nicht nur eine geringere Artenvielfalt auf als nat\u00fcrliche oder vielf\u00e4ltige gepflanzte W\u00e4lder, sondern erbringen auch weniger andere Leistungen als die Holzproduktion\u201c, sagt der Senior-Autor der Studie Prof. Helge Bruelheide von iDiv und der MLU. \u201eUnsere Studie hat klar gezeigt, dass diese temperaturpuffernde Wirkung baumartenreicher W\u00e4lder das Potenzial hat, die negativen Auswirkungen der globalen Erw\u00e4rmung und der Klimaextreme auf das gesamte Wald\u00f6kosystem abzuschw\u00e4chen.\u201c<\/span><\/p>\n<p><span style=\"font-weight: 400;\">Diese Forschung wurde unter anderem von der Deutschen Forschungsgemeinschaft finanziert (DFG; FZT-118 iDiv und GRK 2324 TreeD\u00ec).<\/span><\/p>\n    <\/div>\n\n\n    <\/div>\n                            <\/div>\n                        <\/div>\n    <\/div>\n<\/div>\n\n<div class=\"textbildrepeater pb-24 pt-0 no-bg modulclass \" id=\"\">\n    <div class=\"container\">\n        <div class=\"row\">\n                                                                <div class=\"pb-0   mod_bild  col-md-4 offset-md-2 pos_top\">\n                            <div class=\"bildrepeater \" id=\"\">\n    <div class=\"relativ\"><img decoding=\"async\" class=\"responsiv desktop\" src=\"https:\/\/www.idiv.de\/wp-content\/uploads\/2025\/03\/3_Site-B_PlotN29_left_O29_by_Florian_Schnabel_16_9.jpg.jpg\" height=\"\" width=\"\" alt=\"idiv-\"\/><img decoding=\"async\" class=\"responsiv mobile\" src=\"https:\/\/www.idiv.de\/wp-content\/uploads\/2025\/03\/3_Site-B_PlotN29_left_O29_by_Florian_Schnabel_16_9.jpg.jpg\" height=\"\" width=\"\" alt=\"idiv-\"\/><a href=\"#\" class=\"cr\" role=\"button\">\n<svg  xmlns=\"http:\/\/www.w3.org\/2000\/svg\" width=\"22\" height=\"22\" viewBox=\"0 0 22 22\">\n    <rect id=\"BG\" width=\"22\" height=\"22\" rx=\"11\" fill=\"#fff\"\/>\n    <g id=\"Wrapper\" transform=\"translate(-1 -1)\">\n        <g id=\"Icon_material-copyright\" data-name=\"Icon material-copyright\">\n            <circle id=\"Ellipse_30\" data-name=\"Ellipse 30\" cx=\"8\" cy=\"8\" r=\"8\" transform=\"translate(4 4)\" fill=\"#fff\"\/>\n            <path id=\"Icon_material-copyright-2\" data-name=\"Icon material-copyright\" d=\"M9.464,10.088a2.045,2.045,0,0,1,.24-.7,1.4,1.4,0,0,1,.472-.5,1.42,1.42,0,0,1,.728-.184,1.45,1.45,0,0,1,.5.1,1.29,1.29,0,0,1,.416.288,1.54,1.54,0,0,1,.272.424,1.4,1.4,0,0,1,.112.512H13.64a2.864,2.864,0,0,0-.224-1.032,2.4,2.4,0,0,0-.56-.808,2.613,2.613,0,0,0-.864-.528,3.09,3.09,0,0,0-1.112-.184,3.127,3.127,0,0,0-1.36.272,2.751,2.751,0,0,0-.96.736,3.007,3.007,0,0,0-.568,1.088A4.685,4.685,0,0,0,7.8,10.9v.216a4.684,4.684,0,0,0,.184,1.312,2.908,2.908,0,0,0,.568,1.08,2.731,2.731,0,0,0,.96.728,3.246,3.246,0,0,0,1.36.272,3.051,3.051,0,0,0,1.056-.184,2.729,2.729,0,0,0,.864-.5,2.442,2.442,0,0,0,.592-.752,2.153,2.153,0,0,0,.24-.92H12.192a1.139,1.139,0,0,1-.12.464,1.177,1.177,0,0,1-.288.368,1.26,1.26,0,0,1-.416.24,1.589,1.589,0,0,1-.48.08,1.359,1.359,0,0,1-.712-.184,1.4,1.4,0,0,1-.472-.5,2.09,2.09,0,0,1-.24-.7,5.392,5.392,0,0,1-.064-.8V10.9a5.33,5.33,0,0,1,.064-.808ZM11,3a8,8,0,1,0,8,8A8,8,0,0,0,11,3Zm0,14.4A6.4,6.4,0,1,1,17.4,11,6.408,6.408,0,0,1,11,17.4Z\" transform=\"translate(1 1)\" fill=\"#4d4d4d\"\/>\n        <\/g>\n    <\/g>\n<\/svg>\n<span>Florian Schnabel<\/span><\/a><\/div><p class=\"bu\">Unterhalb der Baumkrone ist es w\u00e4hrend Hitzewellen k\u00fchler und w\u00e4hrend K\u00e4ltewellen w\u00e4rmer als in der Umgebung. Diese Temperaturpufferung ist umso st\u00e4rker, je mehr Baumarten im Wald wachsen. Das Foto zeigt eine Versuchsfl\u00e4che im BEF-China-Experiment<\/p><\/div>\n                            <\/div>\n                                                                    <div class=\"pb-0   mod_link  col-md-4 offset-md-0 pos_tleft\">\n                            <div class=\"btncf-block  tleft\" id=\"\">\n            <a href=\"https:\/\/www.idiv.de\/wp-content\/uploads\/2025\/03\/3_Site-B_PlotN29_left_O29_by_Florian_Schnabel_16_9.jpg.jpg\"\n           class=\"mr-24 btncf normal\"\n           target=\"_blank\">Foto herunterladen                            <svg xmlns=\"http:\/\/www.w3.org\/2000\/svg\" width=\"7.621\" height=\"12.243\" aria-hidden=\"true\"\n                     viewBox=\"0 0 7.621 12.243\">\n                    <path id=\"Icon_feather-chevron-right\" data-name=\"Icon feather-chevron-right\"\n                          d=\"M17.5,17l-4-4,4-4\" transform=\"translate(19.621 19.121) rotate(180)\" fill=\"none\"\n                          stroke=\"#447226\" stroke-linecap=\"round\" stroke-linejoin=\"round\" stroke-width=\"3\"\/>\n                <\/svg>\n                    <\/a>\n    <\/div>                            <\/div>\n                        <\/div>\n    <\/div>\n<\/div>\n\n<div class=\"textbildrepeater pb-0 pt-0 no-bg modulclass \" id=\"\">\n    <div class=\"container\">\n        <div class=\"row\">\n                                                                <div class=\"pb-24   mod_bild  col-md-4 offset-md-2 pos_top\">\n                            <div class=\"bildrepeater \" id=\"\">\n    <div class=\"relativ\"><img decoding=\"async\" class=\"responsiv desktop\" src=\"https:\/\/www.idiv.de\/wp-content\/uploads\/2025\/03\/BEF-China_by_Helge_Bruelheide_16_9.jpg\" height=\"\" width=\"\" alt=\"idiv-\"\/><img decoding=\"async\" class=\"responsiv mobile\" src=\"https:\/\/www.idiv.de\/wp-content\/uploads\/2025\/03\/BEF-China_by_Helge_Bruelheide_16_9.jpg\" height=\"\" width=\"\" alt=\"idiv-\"\/><a href=\"#\" class=\"cr\" role=\"button\">\n<svg  xmlns=\"http:\/\/www.w3.org\/2000\/svg\" width=\"22\" height=\"22\" viewBox=\"0 0 22 22\">\n    <rect id=\"BG\" width=\"22\" height=\"22\" rx=\"11\" fill=\"#fff\"\/>\n    <g id=\"Wrapper\" transform=\"translate(-1 -1)\">\n        <g id=\"Icon_material-copyright\" data-name=\"Icon material-copyright\">\n            <circle id=\"Ellipse_30\" data-name=\"Ellipse 30\" cx=\"8\" cy=\"8\" r=\"8\" transform=\"translate(4 4)\" fill=\"#fff\"\/>\n            <path id=\"Icon_material-copyright-2\" data-name=\"Icon material-copyright\" d=\"M9.464,10.088a2.045,2.045,0,0,1,.24-.7,1.4,1.4,0,0,1,.472-.5,1.42,1.42,0,0,1,.728-.184,1.45,1.45,0,0,1,.5.1,1.29,1.29,0,0,1,.416.288,1.54,1.54,0,0,1,.272.424,1.4,1.4,0,0,1,.112.512H13.64a2.864,2.864,0,0,0-.224-1.032,2.4,2.4,0,0,0-.56-.808,2.613,2.613,0,0,0-.864-.528,3.09,3.09,0,0,0-1.112-.184,3.127,3.127,0,0,0-1.36.272,2.751,2.751,0,0,0-.96.736,3.007,3.007,0,0,0-.568,1.088A4.685,4.685,0,0,0,7.8,10.9v.216a4.684,4.684,0,0,0,.184,1.312,2.908,2.908,0,0,0,.568,1.08,2.731,2.731,0,0,0,.96.728,3.246,3.246,0,0,0,1.36.272,3.051,3.051,0,0,0,1.056-.184,2.729,2.729,0,0,0,.864-.5,2.442,2.442,0,0,0,.592-.752,2.153,2.153,0,0,0,.24-.92H12.192a1.139,1.139,0,0,1-.12.464,1.177,1.177,0,0,1-.288.368,1.26,1.26,0,0,1-.416.24,1.589,1.589,0,0,1-.48.08,1.359,1.359,0,0,1-.712-.184,1.4,1.4,0,0,1-.472-.5,2.09,2.09,0,0,1-.24-.7,5.392,5.392,0,0,1-.064-.8V10.9a5.33,5.33,0,0,1,.064-.808ZM11,3a8,8,0,1,0,8,8A8,8,0,0,0,11,3Zm0,14.4A6.4,6.4,0,1,1,17.4,11,6.408,6.408,0,0,1,11,17.4Z\" transform=\"translate(1 1)\" fill=\"#4d4d4d\"\/>\n        <\/g>\n    <\/g>\n<\/svg>\n<span>Helge Bruelheide<\/span><\/a><\/div><p class=\"bu\">Das BEF-China-Experiment im subtropischen China. Es ist der weltweit gr\u00f6\u00dfte gepflanzte Freiland-Versuch zur Vielfalt von B\u00e4umen und eine wichtige iDiv-Forschungsplattform<\/p><\/div>\n                            <\/div>\n                                                                    <div class=\"pb-0   mod_link  col-md-4 offset-md-0 pos_tleft\">\n                            <div class=\"btncf-block  tleft\" id=\"\">\n            <a href=\"https:\/\/www.idiv.de\/wp-content\/uploads\/2025\/03\/BEF-China_by_Helge_Bruelheide_16_9.jpg\"\n           class=\"mr-24 btncf normal\"\n           target=\"_blank\">Foto herunterladen                            <svg xmlns=\"http:\/\/www.w3.org\/2000\/svg\" width=\"7.621\" height=\"12.243\" aria-hidden=\"true\"\n                     viewBox=\"0 0 7.621 12.243\">\n                    <path id=\"Icon_feather-chevron-right\" data-name=\"Icon feather-chevron-right\"\n                          d=\"M17.5,17l-4-4,4-4\" transform=\"translate(19.621 19.121) rotate(180)\" fill=\"none\"\n                          stroke=\"#447226\" stroke-linecap=\"round\" stroke-linejoin=\"round\" stroke-width=\"3\"\/>\n                <\/svg>\n                    <\/a>\n    <\/div>                            <\/div>\n                        <\/div>\n    <\/div>\n<\/div>\n\n<div class=\"textbildrepeater pb-24 pt-0 no-bg modulclass \" id=\"\">\n    <div class=\"container\">\n        <div class=\"row\">\n                                                                <div class=\"pb-24   mod_text  col-md-8 offset-md-2 pos_top\">\n                            <div class=\"textrepeater \" id=\"\">\n    <p><em>Hinweis f\u00fcr die Medien: Die von iDiv bereitgestellten Bilder d\u00fcrfen ausschlie\u00dflich f\u00fcr die Berichterstattung im Zusammenhang mit dieser Medienmitteilung und unter Angabe des\/der Urhebers\/in verwendet werden.<\/em><\/p>\n<\/div>\n                            <\/div>\n                        <\/div>\n    <\/div>\n<\/div>\n\n<div class=\"textbildrepeater pb-24 pt-0 no-bg modulclass \" id=\"\">\n    <div class=\"container\">\n        <div class=\"row\">\n                                                                <div class=\"pb-24   mod_text  col-md-8 offset-md-2 pos_top\">\n                            <div class=\"textrepeater \" id=\"\">\n    <h3><b>Original-Publikation:<\/b><\/h3>\n<p><span style=\"font-weight: 400;\">(iDiv-Forschende und -Alumni fett markiert<\/span><span style=\"font-weight: 400;\">)<br \/>\n<\/span><span style=\"font-weight: 400;\"><strong>Florian Schnabel<\/strong>, <strong>R\u00e9my Beugnon<\/strong>, Bo Yang, <strong>Ronny Richter<\/strong>, <strong>Nico Eisenhauer<\/strong>, <strong>Yuanyuan Huang<\/strong>, Xiaojuan Liu, <strong>Christian Wirth<\/strong>, <strong>Simone Cesarz<\/strong>, Andreas Fichtner, <strong>Maria D. Perles-Garcia<\/strong>, <strong>Georg J. A. H\u00e4hn<\/strong>, Werner H\u00e4rdtle, Matthias Kunz, Nadia C. Castro Izaguirre, Pascal A. Niklaus, Goddert von Oheimb, Bernhard Schmid, <strong>Stefan Trogisch<\/strong>, Manfred Wendisch, Keping Ma, <strong>Helge Bruelheide<\/strong>\u00a0<\/span><span style=\"font-weight: 400;\">(2025). Tree diversity increases forest temperature buffering via enhancing canopy density and structural diversity. <em>Ecology Letters<\/em>. DOI: <a href=\"https:\/\/doi.org\/10.1111\/ele.70096\" target=\"_blank\" aria-label=\"open in new tab\" rel=\"noopener\">10.1111\/ele.70096<\/a><\/span><\/p>\n<p>&nbsp;<\/p>\n<\/div>\n                            <\/div>\n                        <\/div>\n    <\/div>\n<\/div>\n\n<div class=\"textbildrepeater pb-24 pt-0 no-bg modulclass \" id=\"\">\n    <div class=\"container\">\n        <div class=\"row\">\n                                                                <div class=\"pb-0   mod_text  col-md-8 offset-md-2 pos_top\">\n                            <div class=\"textrepeater \" id=\"\">\n    <h3>Ansprechpartner:<\/h3>\n<p><strong>Prof. Dr. Helge Bruelheide<\/strong><br \/>\nLeiter der Forschungsgruppe Geobotanik<br \/>\nMartin-Luther-Universit\u00e4t Halle-Wittenberg (MLU)<br \/>\nDeutsches Zentrum f\u00fcr integrative Biodiversit\u00e4tsforschung (iDiv) Halle-Jena-Leipzig<br \/>\nTelefon: +49 345 55 26222<br \/>\nE-Mail: <a class=\"email\" title=\"E-Mail an h&#101;&#x6c;&#x67;e&#46;&#98;&#x72;&#x75;e&#108;&#104;&#x65;&#x69;d&#101;&#x40;&#x62;&#x6f;t&#97;&#x6e;&#x69;k&#46;&#117;&#x6e;&#x69;-&#104;&#97;&#x6c;&#x6c;e&#46;&#x64;&#x65; senden.\" href=\"&#x6d;&#97;i&#x6c;&#x74;&#111;:&#x68;&#x65;&#108;g&#x65;&#46;b&#x72;&#x75;&#101;l&#x68;&#x65;&#105;d&#x65;&#64;&#98;&#x6f;&#x74;&#97;n&#x69;&#x6b;&#46;u&#x6e;&#105;&#45;h&#x61;&#108;l&#x65;&#x2e;&#100;e\">&#104;&#x65;l&#x67;e&#46;&#x62;&#114;&#x75;e&#108;&#x68;&#101;&#x69;d&#x65;&#x40;&#98;&#x6f;t&#x61;n&#105;&#x6b;&#46;&#x75;n&#105;&#x2d;&#104;&#x61;l&#108;&#x65;&#46;&#x64;e<\/a><br \/>\nWeb: <a href=\"https:\/\/www.botanik.uni-halle.de\/geobotanik\/helge_bruelheide\/\" target=\"_blank\" aria-label=\"open in new tab\" rel=\"noopener\">https:\/\/www.botanik.uni-halle.de\/geobotanik\/helge_bruelheide\/<\/a><\/p>\n<p><strong>Dr. Volker Hahn<\/strong><br \/>\nLeiter Medien und Kommunikation<br \/>\nDeutsches Zentrum f\u00fcr integrative Biodiversit\u00e4tsforschung (iDiv) Halle-Jena-Leipzig<br \/>\nTelefon: +49 341 97 33 154<br \/>\nE-Mail: <a href=\"&#109;&#x61;&#105;&#x6c;&#116;&#x6f;:&#x76;o&#x6c;k&#101;&#x72;&#46;&#x68;&#97;&#x68;&#110;&#x40;i&#x64;i&#x76;&#46;&#100;&#x65;\">&#x76;o&#x6c;&#107;&#x65;&#114;&#46;&#x68;&#97;&#x68;&#110;&#64;&#x69;&#100;&#x69;&#118;&#46;&#x64;e<\/a><br \/>\nWeb: <a href=\"https:\/\/www.idiv.de\/de\/medien\">https:\/\/www.idiv.de\/medien<\/a><\/p>\n<p>&nbsp;<\/p>\n<\/div>\n                            <\/div>\n                        <\/div>\n    <\/div>\n<\/div>","protected":false},"excerpt":{"rendered":"","protected":false},"author":4,"featured_media":0,"comment_status":"closed","ping_status":"closed","sticky":false,"template":"","format":"standard","meta":{"_acf_changed":false,"advgb_blocks_editor_width":"","advgb_blocks_columns_visual_guide":"","footnotes":"","_links_to":"","_links_to_target":""},"categories":[35,39,29],"tags":[],"class_list":["post-26833","post","type-post","status-publish","format-standard","hentry","category-experimentelle-interaktionsoekologie","category-idiv-mitglieder","category-medienmitteilung"],"acf":{"thumb":26989,"thumbmobile":"","copyright":"Florian Schnabel","breadcrumb":true},"yoast_head":"<!-- This site is optimized with the Yoast SEO plugin v27.4 - https:\/\/yoast.com\/product\/yoast-seo-wordpress\/ -->\n<title>Hohe Baumarten-Vielfalt mindert Hitze in W\u00e4ldern | iDiv<\/title>\n<meta name=\"robots\" content=\"index, follow, max-snippet:-1, max-image-preview:large, max-video-preview:-1\" \/>\n<link rel=\"canonical\" href=\"https:\/\/www.idiv.de\/de\/hohe-baumarten-vielfalt-mindert-hitze-in-waeldern\/\" \/>\n<meta property=\"og:locale\" content=\"de_DE\" \/>\n<meta property=\"og:type\" content=\"article\" \/>\n<meta property=\"og:title\" content=\"Hohe Baumarten-Vielfalt mindert Hitze in W\u00e4ldern\" \/>\n<meta property=\"og:description\" content=\"Unterhalb der Baumkrone ist es w\u00e4hrend Hitzewellen k\u00fchler und w\u00e4hrend K\u00e4ltewellen w\u00e4rmer als in der Umgebung. Diese Temperaturpufferung ist umso st\u00e4rker, je mehr Baumarten im Wald wachsen.\" \/>\n<meta property=\"og:url\" content=\"https:\/\/www.idiv.de\/de\/hohe-baumarten-vielfalt-mindert-hitze-in-waeldern\/\" \/>\n<meta property=\"og:site_name\" content=\"iDiv\" \/>\n<meta property=\"article:published_time\" content=\"2025-03-24T10:04:31+00:00\" \/>\n<meta property=\"article:modified_time\" content=\"2025-04-22T11:16:57+00:00\" \/>\n<meta property=\"og:image\" content=\"https:\/\/www.idiv.de\/wp-content\/uploads\/2025\/03\/2016_Frosch-auf-Blatt_proabably_Malabar_Gliding_Frog_Rhacophorus_malabaricus_1_OThier.jpg\" \/>\n\t<meta property=\"og:image:width\" content=\"1920\" \/>\n\t<meta property=\"og:image:height\" content=\"1080\" \/>\n\t<meta property=\"og:image:type\" content=\"image\/jpeg\" \/>\n<meta name=\"author\" content=\"Volker Hahn\" \/>\n<meta name=\"twitter:card\" content=\"summary_large_image\" \/>\n<meta name=\"twitter:title\" content=\"Hohe Baumarten-Vielfalt mindert Hitze in W\u00e4ldern\" \/>\n<meta name=\"twitter:description\" content=\"Unterhalb der Baumkrone ist es w\u00e4hrend Hitzewellen k\u00fchler und w\u00e4hrend K\u00e4ltewellen w\u00e4rmer als in der Umgebung. Diese Temperaturpufferung ist umso st\u00e4rker, je mehr Baumarten im Wald wachsen.\" \/>\n<meta name=\"twitter:image\" content=\"https:\/\/www.idiv.de\/wp-content\/uploads\/2025\/03\/3_Site-B_PlotN29_left_O29_by_Florian_Schnabel_16_9.jpg.jpg\" \/>\n<meta name=\"twitter:creator\" content=\"@idiv\" \/>\n<meta name=\"twitter:site\" content=\"@idiv\" \/>\n<script type=\"application\/ld+json\" class=\"yoast-schema-graph\">{\"@context\":\"https:\\\/\\\/schema.org\",\"@graph\":[{\"@type\":\"Article\",\"@id\":\"https:\\\/\\\/www.idiv.de\\\/de\\\/hohe-baumarten-vielfalt-mindert-hitze-in-waeldern\\\/#article\",\"isPartOf\":{\"@id\":\"https:\\\/\\\/www.idiv.de\\\/de\\\/hohe-baumarten-vielfalt-mindert-hitze-in-waeldern\\\/\"},\"author\":{\"name\":\"Volker Hahn\",\"@id\":\"https:\\\/\\\/www.idiv.de\\\/de\\\/#\\\/schema\\\/person\\\/2f218f0c364a10b45a773c666db94322\"},\"headline\":\"Hohe Baumarten-Vielfalt mindert Hitze in W\u00e4ldern\",\"datePublished\":\"2025-03-24T10:04:31+00:00\",\"dateModified\":\"2025-04-22T11:16:57+00:00\",\"mainEntityOfPage\":{\"@id\":\"https:\\\/\\\/www.idiv.de\\\/de\\\/hohe-baumarten-vielfalt-mindert-hitze-in-waeldern\\\/\"},\"wordCount\":7,\"publisher\":{\"@id\":\"https:\\\/\\\/www.idiv.de\\\/de\\\/#organization\"},\"articleSection\":[\"Experimentelle Interaktions\u00f6kologie\",\"iDiv-Mitglieder\",\"Medienmitteilung\"],\"inLanguage\":\"de\"},{\"@type\":\"WebPage\",\"@id\":\"https:\\\/\\\/www.idiv.de\\\/de\\\/hohe-baumarten-vielfalt-mindert-hitze-in-waeldern\\\/\",\"url\":\"https:\\\/\\\/www.idiv.de\\\/de\\\/hohe-baumarten-vielfalt-mindert-hitze-in-waeldern\\\/\",\"name\":\"Hohe Baumarten-Vielfalt mindert Hitze in W\u00e4ldern | iDiv\",\"isPartOf\":{\"@id\":\"https:\\\/\\\/www.idiv.de\\\/de\\\/#website\"},\"datePublished\":\"2025-03-24T10:04:31+00:00\",\"dateModified\":\"2025-04-22T11:16:57+00:00\",\"breadcrumb\":{\"@id\":\"https:\\\/\\\/www.idiv.de\\\/de\\\/hohe-baumarten-vielfalt-mindert-hitze-in-waeldern\\\/#breadcrumb\"},\"inLanguage\":\"de\",\"potentialAction\":[{\"@type\":\"ReadAction\",\"target\":[\"https:\\\/\\\/www.idiv.de\\\/de\\\/hohe-baumarten-vielfalt-mindert-hitze-in-waeldern\\\/\"]}]},{\"@type\":\"BreadcrumbList\",\"@id\":\"https:\\\/\\\/www.idiv.de\\\/de\\\/hohe-baumarten-vielfalt-mindert-hitze-in-waeldern\\\/#breadcrumb\",\"itemListElement\":[{\"@type\":\"ListItem\",\"position\":1,\"name\":\"Startseite\",\"item\":\"https:\\\/\\\/www.idiv.de\\\/de\\\/\"},{\"@type\":\"ListItem\",\"position\":2,\"name\":\"Hohe Baumarten-Vielfalt mindert Hitze in W\u00e4ldern\"}]},{\"@type\":\"WebSite\",\"@id\":\"https:\\\/\\\/www.idiv.de\\\/de\\\/#website\",\"url\":\"https:\\\/\\\/www.idiv.de\\\/de\\\/\",\"name\":\"iDiv\",\"description\":\"Hotspot in Biodiversity Research\",\"publisher\":{\"@id\":\"https:\\\/\\\/www.idiv.de\\\/de\\\/#organization\"},\"potentialAction\":[{\"@type\":\"SearchAction\",\"target\":{\"@type\":\"EntryPoint\",\"urlTemplate\":\"https:\\\/\\\/www.idiv.de\\\/de\\\/?s={search_term_string}\"},\"query-input\":{\"@type\":\"PropertyValueSpecification\",\"valueRequired\":true,\"valueName\":\"search_term_string\"}}],\"inLanguage\":\"de\"},{\"@type\":\"Organization\",\"@id\":\"https:\\\/\\\/www.idiv.de\\\/de\\\/#organization\",\"name\":\"idiv\",\"url\":\"https:\\\/\\\/www.idiv.de\\\/de\\\/\",\"logo\":{\"@type\":\"ImageObject\",\"inLanguage\":\"de\",\"@id\":\"https:\\\/\\\/www.idiv.de\\\/de\\\/#\\\/schema\\\/logo\\\/image\\\/\",\"url\":\"https:\\\/\\\/www.idiv.de\\\/wp-content\\\/uploads\\\/2024\\\/08\\\/iDiv_Logo_long_v1_EN_black_4c.jpg\",\"contentUrl\":\"https:\\\/\\\/www.idiv.de\\\/wp-content\\\/uploads\\\/2024\\\/08\\\/iDiv_Logo_long_v1_EN_black_4c.jpg\",\"width\":2448,\"height\":674,\"caption\":\"idiv\"},\"image\":{\"@id\":\"https:\\\/\\\/www.idiv.de\\\/de\\\/#\\\/schema\\\/logo\\\/image\\\/\"},\"sameAs\":[\"https:\\\/\\\/x.com\\\/idiv\",\"https:\\\/\\\/www.linkedin.com\\\/company\\\/idiv-biodiversity\\\/\",\"https:\\\/\\\/www.youtube.com\\\/idiv-research\"]},{\"@type\":\"Person\",\"@id\":\"https:\\\/\\\/www.idiv.de\\\/de\\\/#\\\/schema\\\/person\\\/2f218f0c364a10b45a773c666db94322\",\"name\":\"Volker Hahn\",\"url\":\"https:\\\/\\\/www.idiv.de\\\/de\\\/author\\\/volker-hahn\\\/\"}]}<\/script>\n<!-- \/ Yoast SEO plugin. -->","yoast_head_json":{"title":"Hohe Baumarten-Vielfalt mindert Hitze in W\u00e4ldern | iDiv","robots":{"index":"index","follow":"follow","max-snippet":"max-snippet:-1","max-image-preview":"max-image-preview:large","max-video-preview":"max-video-preview:-1"},"canonical":"https:\/\/www.idiv.de\/de\/hohe-baumarten-vielfalt-mindert-hitze-in-waeldern\/","og_locale":"de_DE","og_type":"article","og_title":"Hohe Baumarten-Vielfalt mindert Hitze in W\u00e4ldern","og_description":"Unterhalb der Baumkrone ist es w\u00e4hrend Hitzewellen k\u00fchler und w\u00e4hrend K\u00e4ltewellen w\u00e4rmer als in der Umgebung. Diese Temperaturpufferung ist umso st\u00e4rker, je mehr Baumarten im Wald wachsen.","og_url":"https:\/\/www.idiv.de\/de\/hohe-baumarten-vielfalt-mindert-hitze-in-waeldern\/","og_site_name":"iDiv","article_published_time":"2025-03-24T10:04:31+00:00","article_modified_time":"2025-04-22T11:16:57+00:00","og_image":[{"width":1920,"height":1080,"url":"https:\/\/www.idiv.de\/wp-content\/uploads\/2025\/03\/2016_Frosch-auf-Blatt_proabably_Malabar_Gliding_Frog_Rhacophorus_malabaricus_1_OThier.jpg","type":"image\/jpeg"}],"author":"Volker Hahn","twitter_card":"summary_large_image","twitter_title":"Hohe Baumarten-Vielfalt mindert Hitze in W\u00e4ldern","twitter_description":"Unterhalb der Baumkrone ist es w\u00e4hrend Hitzewellen k\u00fchler und w\u00e4hrend K\u00e4ltewellen w\u00e4rmer als in der Umgebung. Diese Temperaturpufferung ist umso st\u00e4rker, je mehr Baumarten im Wald wachsen.","twitter_image":"https:\/\/www.idiv.de\/wp-content\/uploads\/2025\/03\/3_Site-B_PlotN29_left_O29_by_Florian_Schnabel_16_9.jpg.jpg","twitter_creator":"@idiv","twitter_site":"@idiv","schema":{"@context":"https:\/\/schema.org","@graph":[{"@type":"Article","@id":"https:\/\/www.idiv.de\/de\/hohe-baumarten-vielfalt-mindert-hitze-in-waeldern\/#article","isPartOf":{"@id":"https:\/\/www.idiv.de\/de\/hohe-baumarten-vielfalt-mindert-hitze-in-waeldern\/"},"author":{"name":"Volker Hahn","@id":"https:\/\/www.idiv.de\/de\/#\/schema\/person\/2f218f0c364a10b45a773c666db94322"},"headline":"Hohe Baumarten-Vielfalt mindert Hitze in W\u00e4ldern","datePublished":"2025-03-24T10:04:31+00:00","dateModified":"2025-04-22T11:16:57+00:00","mainEntityOfPage":{"@id":"https:\/\/www.idiv.de\/de\/hohe-baumarten-vielfalt-mindert-hitze-in-waeldern\/"},"wordCount":7,"publisher":{"@id":"https:\/\/www.idiv.de\/de\/#organization"},"articleSection":["Experimentelle Interaktions\u00f6kologie","iDiv-Mitglieder","Medienmitteilung"],"inLanguage":"de"},{"@type":"WebPage","@id":"https:\/\/www.idiv.de\/de\/hohe-baumarten-vielfalt-mindert-hitze-in-waeldern\/","url":"https:\/\/www.idiv.de\/de\/hohe-baumarten-vielfalt-mindert-hitze-in-waeldern\/","name":"Hohe Baumarten-Vielfalt mindert Hitze in W\u00e4ldern | iDiv","isPartOf":{"@id":"https:\/\/www.idiv.de\/de\/#website"},"datePublished":"2025-03-24T10:04:31+00:00","dateModified":"2025-04-22T11:16:57+00:00","breadcrumb":{"@id":"https:\/\/www.idiv.de\/de\/hohe-baumarten-vielfalt-mindert-hitze-in-waeldern\/#breadcrumb"},"inLanguage":"de","potentialAction":[{"@type":"ReadAction","target":["https:\/\/www.idiv.de\/de\/hohe-baumarten-vielfalt-mindert-hitze-in-waeldern\/"]}]},{"@type":"BreadcrumbList","@id":"https:\/\/www.idiv.de\/de\/hohe-baumarten-vielfalt-mindert-hitze-in-waeldern\/#breadcrumb","itemListElement":[{"@type":"ListItem","position":1,"name":"Startseite","item":"https:\/\/www.idiv.de\/de\/"},{"@type":"ListItem","position":2,"name":"Hohe Baumarten-Vielfalt mindert Hitze in W\u00e4ldern"}]},{"@type":"WebSite","@id":"https:\/\/www.idiv.de\/de\/#website","url":"https:\/\/www.idiv.de\/de\/","name":"iDiv","description":"Hotspot in Biodiversity Research","publisher":{"@id":"https:\/\/www.idiv.de\/de\/#organization"},"potentialAction":[{"@type":"SearchAction","target":{"@type":"EntryPoint","urlTemplate":"https:\/\/www.idiv.de\/de\/?s={search_term_string}"},"query-input":{"@type":"PropertyValueSpecification","valueRequired":true,"valueName":"search_term_string"}}],"inLanguage":"de"},{"@type":"Organization","@id":"https:\/\/www.idiv.de\/de\/#organization","name":"idiv","url":"https:\/\/www.idiv.de\/de\/","logo":{"@type":"ImageObject","inLanguage":"de","@id":"https:\/\/www.idiv.de\/de\/#\/schema\/logo\/image\/","url":"https:\/\/www.idiv.de\/wp-content\/uploads\/2024\/08\/iDiv_Logo_long_v1_EN_black_4c.jpg","contentUrl":"https:\/\/www.idiv.de\/wp-content\/uploads\/2024\/08\/iDiv_Logo_long_v1_EN_black_4c.jpg","width":2448,"height":674,"caption":"idiv"},"image":{"@id":"https:\/\/www.idiv.de\/de\/#\/schema\/logo\/image\/"},"sameAs":["https:\/\/x.com\/idiv","https:\/\/www.linkedin.com\/company\/idiv-biodiversity\/","https:\/\/www.youtube.com\/idiv-research"]},{"@type":"Person","@id":"https:\/\/www.idiv.de\/de\/#\/schema\/person\/2f218f0c364a10b45a773c666db94322","name":"Volker Hahn","url":"https:\/\/www.idiv.de\/de\/author\/volker-hahn\/"}]}},"author_meta":{"display_name":"Volker Hahn","author_link":"https:\/\/www.idiv.de\/de\/author\/volker-hahn\/"},"featured_img":null,"coauthors":[],"tax_additional":{"categories":{"linked":["<a href=\"https:\/\/www.idiv.de\/de\/kategorie\/forschung\/experimentelle-interaktionsoekologie\/\" class=\"advgb-post-tax-term\">Experimentelle Interaktions\u00f6kologie<\/a>","<a href=\"https:\/\/www.idiv.de\/de\/kategorie\/idiv-mitglieder\/\" class=\"advgb-post-tax-term\">iDiv-Mitglieder<\/a>","<a href=\"https:\/\/www.idiv.de\/de\/kategorie\/medienmitteilung\/\" class=\"advgb-post-tax-term\">Medienmitteilung<\/a>"],"unlinked":["<span class=\"advgb-post-tax-term\">Experimentelle Interaktions\u00f6kologie<\/span>","<span class=\"advgb-post-tax-term\">iDiv-Mitglieder<\/span>","<span class=\"advgb-post-tax-term\">Medienmitteilung<\/span>"]}},"comment_count":0,"relative_dates":{"created":"Ver\u00f6ffentlicht 1\u00a0Jahr vor","modified":"Aktualisiert 1\u00a0Jahr vor"},"absolute_dates":{"created":"Ver\u00f6ffentlicht am 24. M\u00e4rz 2025","modified":"Aktualisiert am 22. April 2025"},"absolute_dates_time":{"created":"Ver\u00f6ffentlicht am 24. M\u00e4rz 2025 11:04","modified":"Aktualisiert am 22. April 2025 12:16"},"featured_img_caption":"","series_order":"","_links":{"self":[{"href":"https:\/\/www.idiv.de\/de\/wp-json\/wp\/v2\/posts\/26833","targetHints":{"allow":["GET"]}}],"collection":[{"href":"https:\/\/www.idiv.de\/de\/wp-json\/wp\/v2\/posts"}],"about":[{"href":"https:\/\/www.idiv.de\/de\/wp-json\/wp\/v2\/types\/post"}],"author":[{"embeddable":true,"href":"https:\/\/www.idiv.de\/de\/wp-json\/wp\/v2\/users\/4"}],"replies":[{"embeddable":true,"href":"https:\/\/www.idiv.de\/de\/wp-json\/wp\/v2\/comments?post=26833"}],"version-history":[{"count":35,"href":"https:\/\/www.idiv.de\/de\/wp-json\/wp\/v2\/posts\/26833\/revisions"}],"predecessor-version":[{"id":28008,"href":"https:\/\/www.idiv.de\/de\/wp-json\/wp\/v2\/posts\/26833\/revisions\/28008"}],"wp:attachment":[{"href":"https:\/\/www.idiv.de\/de\/wp-json\/wp\/v2\/media?parent=26833"}],"wp:term":[{"taxonomy":"category","embeddable":true,"href":"https:\/\/www.idiv.de\/de\/wp-json\/wp\/v2\/categories?post=26833"},{"taxonomy":"post_tag","embeddable":true,"href":"https:\/\/www.idiv.de\/de\/wp-json\/wp\/v2\/tags?post=26833"}],"curies":[{"name":"wp","href":"https:\/\/api.w.org\/{rel}","templated":true}]}}