{"id":26387,"date":"2025-03-13T09:30:30","date_gmt":"2025-03-13T08:30:30","guid":{"rendered":"https:\/\/www.idiv.de\/?p=26387"},"modified":"2025-03-13T11:35:45","modified_gmt":"2025-03-13T10:35:45","slug":"studie-widerspricht-umstrittener-these-zur-lebensraumfragmentierung","status":"publish","type":"post","link":"https:\/\/www.idiv.de\/de\/studie-widerspricht-umstrittener-these-zur-lebensraumfragmentierung\/","title":{"rendered":"Studie widerspricht umstrittener These zur Lebensraumfragmentierung"},"content":{"rendered":"<div class=\"herosection pb-24 pt-0 no-bg modulclass \" id=\"\">\n                    <div class=\"swiper1noslider  nooverflow heronews swiper thinslider\" id=\"slide_69f3118920cdb\">\n        \n                <div class=\"swiper-wrapper\">\n                                            <div class=\"swiper-slide  style_\" aria-hidden=\"true\" >\n                            <div class=\"backstretchwrap\">\n                        \n                            <div datasrc=\"https:\/\/www.idiv.de\/wp-content\/uploads\/2025\/03\/Autobahnanschlussstelle_Leipzig-Sud_Wikimedia_Wolkenkratzer-2-scaled.jpg\" class=\"backstretchimg responsiv desktop\"><\/div>\n\n                            <a href=\"#\" class=\"cr\"><svg  xmlns=\"http:\/\/www.w3.org\/2000\/svg\" width=\"22\" height=\"22\" viewBox=\"0 0 22 22\">\n                                    <rect id=\"BG\" width=\"22\" height=\"22\" rx=\"11\" fill=\"#fff\"\/>\n                                    <g id=\"Wrapper\" transform=\"translate(-1 -1)\">\n                                        <g id=\"Icon_material-copyright\" data-name=\"Icon material-copyright\">\n                                            <circle id=\"Ellipse_30\" data-name=\"Ellipse 30\" cx=\"8\" cy=\"8\" r=\"8\" transform=\"translate(4 4)\" fill=\"#fff\"\/>\n                                            <path id=\"Icon_material-copyright-2\" data-name=\"Icon material-copyright\" d=\"M9.464,10.088a2.045,2.045,0,0,1,.24-.7,1.4,1.4,0,0,1,.472-.5,1.42,1.42,0,0,1,.728-.184,1.45,1.45,0,0,1,.5.1,1.29,1.29,0,0,1,.416.288,1.54,1.54,0,0,1,.272.424,1.4,1.4,0,0,1,.112.512H13.64a2.864,2.864,0,0,0-.224-1.032,2.4,2.4,0,0,0-.56-.808,2.613,2.613,0,0,0-.864-.528,3.09,3.09,0,0,0-1.112-.184,3.127,3.127,0,0,0-1.36.272,2.751,2.751,0,0,0-.96.736,3.007,3.007,0,0,0-.568,1.088A4.685,4.685,0,0,0,7.8,10.9v.216a4.684,4.684,0,0,0,.184,1.312,2.908,2.908,0,0,0,.568,1.08,2.731,2.731,0,0,0,.96.728,3.246,3.246,0,0,0,1.36.272,3.051,3.051,0,0,0,1.056-.184,2.729,2.729,0,0,0,.864-.5,2.442,2.442,0,0,0,.592-.752,2.153,2.153,0,0,0,.24-.92H12.192a1.139,1.139,0,0,1-.12.464,1.177,1.177,0,0,1-.288.368,1.26,1.26,0,0,1-.416.24,1.589,1.589,0,0,1-.48.08,1.359,1.359,0,0,1-.712-.184,1.4,1.4,0,0,1-.472-.5,2.09,2.09,0,0,1-.24-.7,5.392,5.392,0,0,1-.064-.8V10.9a5.33,5.33,0,0,1,.064-.808ZM11,3a8,8,0,1,0,8,8A8,8,0,0,0,11,3Zm0,14.4A6.4,6.4,0,1,1,17.4,11,6.408,6.408,0,0,1,11,17.4Z\" transform=\"translate(1 1)\" fill=\"#4d4d4d\"\/>\n                                        <\/g>\n                                    <\/g>\n                                <\/svg>\n                                <span>Wikimedia \/ Wolkenkratzer<\/span><\/a>                        \n                                                    <div datasrc=\"https:\/\/www.idiv.de\/wp-content\/uploads\/2025\/03\/Autobahnanschlussstelle_Leipzig-Sud_Wikimedia_Wolkenkratzer-2-scaled.jpg\" class=\"backstretchimgmobile responsiv mobile\"><\/div>\n                                                    <\/div>\n                                        <div class=\"sliderinhalt \" role=\"region\" aria-label=\"carousel\">\n\n                                                \n\n                                                <p class=\"big align-center\" >13.03.2025 | Biodiversit\u00e4tssynthese, Biodiversity Synthesis, Forschung, iDiv, Media Release, Medienmitteilung, Research<\/p>                                            <h1 class=\"h1 tcenter\" >Studie widerspricht umstrittener These zur Lebensraumfragmentierung<\/h1>                                                    <p><span style=\"font-weight: 400;\">Neue Forschungsergebnisse widersprechen der These, die Zerschneidung von Lebensr\u00e4umen f\u00f6rdere die Artenvielfalt. Damit unterstreichen sie die Bedeutung gro\u00dffl\u00e4chiger, miteinander verbundener Lebensr\u00e4ume. Die Ergebnisse wurden in der Zeitschrift <\/span><i><span style=\"font-weight: 400;\">Nature<\/span><\/i><span style=\"font-weight: 400;\"> ver\u00f6ffentlicht.<\/span><\/p>\n                                                \n                                                                                                            <\/div>\n                                            <\/div>\n\n                        \n                 <\/div>\n\n                              <\/div>\n<\/div>\n\n<div class=\"textbildrepeater pb-24 pt-0 no-bg modulclass \" id=\"\">\n    <div class=\"container\">\n        <div class=\"row\">\n                                                                <div class=\"pb-24   mod_text  col-md-8 offset-md-2 pos_top\">\n                            <div class=\"textrepeater \" id=\"\">\n    <p><strong><i>Basierend auf einer Pressemitteilung der Universit\u00e4t Michigan.<\/i><\/strong><\/p>\n<p>Gro\u00dfe, ungest\u00f6rte Landschaften sind f\u00fcr die biologische Vielfalt besser geeignet als fragmentierte Landschaften. Dies ist das Ergebnis einer neuen Studie unter Leitung der University of Michigan (U-M), des Deutschen Zentrums f\u00fcr integrative Biodiversit\u00e4tsforschung (iDiv) und der Martin-Luther-Universit\u00e4t Halle-Wittenberg (MLU).<\/p>\n<p>Die in der Zeitschrift <em>Nature<\/em> ver\u00f6ffentlichten Ergebnisse treffen den Kern einer jahrzehntelangen Debatte: \u00d6kologen sind sich einig, dass der Lebensraumverlust und die Fragmentierung von W\u00e4ldern die Artenvielfalt innerhalb der verbleibenden Fragmente verringern. Allerdings sind sich die \u00d6kologen uneins, ob es besser ist, viele kleinere, fragmentierte Fl\u00e4chen zu sch\u00fctzen oder gr\u00f6\u00dfere, zusammenh\u00e4ngende Landschaften.<\/p>\n<p>\u201eWir stellen fest, dass viele kleine Lebensr\u00e4ume in fragmentierten Landschaften insgesamt weniger Arten beherbergen als gr\u00f6\u00dfere, zusammenh\u00e4ngende Landschaften\u201c, sagt Co-Autor Prof. Jonathan Chase, Forschungsgruppenleiter bei iDiv und der MLU. \u201eNicht nur finden sich in jedem einzelnen kleinen Lebensraum weniger Arten als in einem gro\u00dfen, sondern auch in der Summe finden sich weniger Arten, wenn man die einzelnen Lebensr\u00e4ume die gesamte Landschaft hinweg betrachtet. Es ist diese letztere Frage \u2013 was auf Landschaftsebene passiert \u2013 die in den letzten Jahren ein gro\u00dfes Diskussionsthema war.\u201c<\/p>\n<p>\u201eWir haben klare Belege aus vielen verschiedenen bewaldeten Landschaften, dass Fragmentierung tats\u00e4chlich sch\u00e4dlich ist f\u00fcr die Biodiversit\u00e4t, von kleineren bis gr\u00f6\u00dferen Ma\u00dfst\u00e4ben\u201c, erg\u00e4nzt Chase.<\/p>\n<h2>Kontroversen Standpunkt rigoros testen<\/h2>\n<p>Die Forscherinnen und Forscher untersuchten 4.006 Arten von Tieren und Pflanzen an 37 Standorten auf der ganzen Welt. Mit den Daten verglichen sie die Unterschiede in der Artenvielfalt zwischen zusammenh\u00e4ngenden und fragmentierten Landschaften. Die Ergebnisse zeigen, dass fragmentierte Landschaften im Durchschnitt 13,6 % weniger Arten auf der kleinen Lebensraum-Ebene und 12,1 % weniger Arten auf der Landschaftsebene hatten.<\/p>\n<p>Dar\u00fcber hinaus legen die Ergebnisse nahe, dass haupts\u00e4chlich Generalisten in fragmentierten Gebieten leben \u2013 also solche Arten, die gut in verschiedenen Umgebungen \u00fcberleben k\u00f6nnen.<\/p>\n<p>Die Wissenschaftlerinnen und Wissenschaftler untersuchten, was als Alpha-, Beta- und Gamma-Diversit\u00e4t bezeichnet wird. Alpha-Diversit\u00e4t bezieht sich auf die Anzahl der Arten in einem kleinen Lebensraum, w\u00e4hrend Beta-Diversit\u00e4t beschreibt, wie sich die Artenzusammensetzung zwischen zwei Gebieten unterscheidet. Gamma-Diversit\u00e4t bezieht sich auf die Artenvielfalt ingr\u00f6\u00dferen Landschaften.<\/p>\n<p>Stellen Sie sich vor, Sie fahren entlang landwirtschaftlicher Felder und Waldst\u00fccke zwischen den Feldern. Jedes Waldst\u00fcck k\u00f6nnte eine Handvoll Vogelarten enthalten (Alpha-Diversit\u00e4t), aber jedes Waldst\u00fcck hat im Vergleich zum vorherigen unterschiedliche Vogelarten (Beta-Diversit\u00e4t). Die Artenvielfalt der gesamten Landschaft, die alle fragmentierten Waldst\u00fccke enth\u00e4lt, ist die Gamma-Diversit\u00e4t der Region.<\/p>\n<p>\u201eDer Kern der Debatte ist, dass Menschen, die argumentieren, dass Fragmentierung nicht so schlimm sei, behaupten, dass man aufgrund isolierter Lebensr\u00e4ume unterschiedliche Artenzusammensetzungen hat, was bedeute, dass auf Landschaftsebene die Artenvielfalt h\u00f6her ist\u201c, sagt Thiago Gon\u00e7alves-Souza, Erstautor und Wissenschaftler an der U-M. \u201eSie behauptendas Gegenteil f\u00fcr gro\u00dfe Lebensr\u00e4ume: Da dies ein zusammenh\u00e4ngender und homogener Lebensraum ist, ist die Artenzusammensetzung zu \u00e4hnlich.\u201c<\/p>\n<p>Fr\u00fchere Forschung habe jedoch fragmentierte Landschaften mit gro\u00dfen, zusammenh\u00e4ngenden W\u00e4ldern nicht ordentlich verglichen, erkl\u00e4rt Gon\u00e7alves-Souza. Beispielsweise h\u00e4tten fr\u00fchere Forschungen m\u00f6glicherweise nur eine Komponente der Vielfalt betrachtet oder einige zusammenh\u00e4ngende W\u00e4lder mit Dutzenden fragmentierter Lebensr\u00e4ume verglichen.<\/p>\n<p>Im Gegensatz dazu ber\u00fccksichtigten die \u00d6kologinnen und \u00d6kologen nun in ihrer Analyse die Unterschiede in der Probenahme \u00fcber verschiedene Landschaften hinweg. Die Ergebnisse zeigen, dass Fragmentierung die Anzahl der Arten \u00fcber alle Tier- und Pflanzen-Gruppen hinweg verringerte, und dass der Anstieg der Beta-Diversit\u00e4t in fragmentierten Landschaften den Verlust der Artenvielfalt auf Landschaftsebene nicht ausglich.<\/p>\n<h2>Was bedeutet das f\u00fcr die Minimierung des Verlusts der Artenvielfalt?<\/h2>\n<p>Gon\u00e7alves-Souza hofft, dass die Studie die Naturschutzgemeinschaft dazu bringt, die Debatte \u00fcber Lebensraumfragmentierung hinter sich zu lassen und sich auf die Wiederherstellung von W\u00e4ldern zu konzentrieren.<\/p>\n<p>\u201eIch wei\u00df nicht, ob es sinnvoll ist, \u00fcber kontinuierliche versus fragmentierte Landschaften nachzudenken. Wir m\u00fcssen die Biodiversit\u00e4t sch\u00fctzen, und ich denke, diese Debatte tr\u00e4gt nicht wirklich dazu bei, den Naturschutz zu st\u00e4rken\u201c, sagt er. \u201eIn vielen, vielen L\u00e4ndern gibt es nicht mehr viele gro\u00dfe, intakte W\u00e4lder. Daher sollte unser Fokus darauf liegen, neue W\u00e4lder zu pflanzen und zunehmend degradierte Lebensr\u00e4ume wiederherzustellen. Wiederherstellung ist f\u00fcr die Zukunft entscheidend, mehr noch als die Debatte dar\u00fcber, ob es besser ist, einen gro\u00dfen Wald oder viele kleinere Waldfragmente zu haben.\u201c<\/p>\n<p>&nbsp;<\/p>\n<h3>Originalpublikation<\/h3>\n<p>(Wissenschaftlerinnen und Wissenschaftler mit iDiv-Affiliation fett gedruckt)<\/p>\n<p>Gon\u00e7alves-Souza, T., <strong>Chase, J. M.,<\/strong> Haddad, N. M., Vancine, M. H., Didham, R. K., Melo, F. L. P., Aizen, M. A., Bernard, E., Chiarello, A. G., Faria, D., Gibb, H., de Lima, M. G., Magnago, L. F. S., Mariano-Neto, E., Nogueira, A. A., Nem\u00e9sio, A., Passamani, M., Pinho, B. X., Rocha-Santos, L., Rodrigues, R. C., Safar, N. V. H., Santos, B. A., Soto-Werschitz, A., Tabarelli, M., Uehara-Prado, M., Vasconcelos, H. L., Vieira, S. &amp; Sanders, N. J. (2025). Species turnover does not rescue biodiversity in fragmented landscapes. Nature. DOI:<a href=\"https:\/\/www.nature.com\/articles\/s41586-025-08688-7\" target=\"_blank\" aria-label=\"open in new tab\" rel=\"noopener\"> 10.1038\/s41586-025-08688-7<\/a><\/p>\n<h3>Ansprechpartner<\/h3>\n<p><strong>Prof. Dr. Jonathan Chase<\/strong><br \/>\nLeiter der Forschungsgruppe Biodiversit\u00e4tssynthese<br \/>\nDeutsches Zentrum f\u00fcr integrative Biodiversit\u00e4tsforschung (iDiv) Halle-Jena-Leipzig<br \/>\nMartin Luther University Halle-Wittenberg<br \/>\nE-Mail: jona&#116;&#104;&#97;&#110;&#46;&#x63;&#x68;&#x61;&#x73;&#x65;&#x40;&#x69;div&#46;&#100;&#101;<\/p>\n<p><strong>Christine Coester<\/strong><br \/>\nMedien und Kommunikation<br \/>\nGerman Centre for Integrative Biodiversity Research (iDiv) Halle-Jena-Leipzig<br \/>\nTelefon: +49 341 97 33197<br \/>\nE-Mail: &#99;&#x68;&#114;&#x69;s&#x74;i&#110;&#x65;&#46;&#x63;o&#x65;s&#116;&#x65;&#114;&#x40;i&#x64;i&#118;&#x2e;&#100;&#x65;<\/p>\n<\/div>\n                            <\/div>\n                        <\/div>\n    <\/div>\n<\/div>","protected":false},"excerpt":{"rendered":"","protected":false},"author":6,"featured_media":0,"comment_status":"closed","ping_status":"closed","sticky":false,"template":"","format":"standard","meta":{"_acf_changed":false,"advgb_blocks_editor_width":"","advgb_blocks_columns_visual_guide":"","footnotes":"","_links_to":"","_links_to_target":""},"categories":[55,42,37,21,15,29,17],"tags":[],"class_list":["post-26387","post","type-post","status-publish","format-standard","hentry","category-biodiversitaetssynthese","category-biodiversity-synthesis","category-forschung","category-idiv","category-media-release","category-medienmitteilung","category-research"],"acf":{"thumb":26384,"thumbmobile":26384,"copyright":"Wikimedia \/ Wolkenkratzer","breadcrumb":true},"yoast_head":"<!-- This site is optimized with the Yoast SEO plugin v27.5 - https:\/\/yoast.com\/product\/yoast-seo-wordpress\/ -->\n<title>Studie widerspricht umstrittener These zur Lebensraumfragmentierung | iDiv<\/title>\n<meta name=\"robots\" content=\"index, follow, max-snippet:-1, max-image-preview:large, max-video-preview:-1\" \/>\n<link rel=\"canonical\" href=\"https:\/\/www.idiv.de\/de\/studie-widerspricht-umstrittener-these-zur-lebensraumfragmentierung\/\" \/>\n<meta property=\"og:locale\" content=\"de_DE\" \/>\n<meta property=\"og:type\" content=\"article\" \/>\n<meta property=\"og:title\" content=\"Studie widerspricht umstrittener These zur Lebensraumfragmentierung\" \/>\n<meta property=\"og:description\" content=\"Neue Forschungsergebnisse widersprechen der These, die Zerschneidung von Lebensr\u00e4umen f\u00f6rdere die Artenvielfalt.\" \/>\n<meta property=\"og:url\" content=\"https:\/\/www.idiv.de\/de\/studie-widerspricht-umstrittener-these-zur-lebensraumfragmentierung\/\" \/>\n<meta property=\"og:site_name\" content=\"iDiv\" \/>\n<meta property=\"article:published_time\" content=\"2025-03-13T08:30:30+00:00\" \/>\n<meta property=\"article:modified_time\" content=\"2025-03-13T10:35:45+00:00\" \/>\n<meta property=\"og:image\" content=\"https:\/\/www.idiv.de\/wp-content\/uploads\/2025\/03\/Autobahnanschlussstelle_Leipzig-Sud_Wikimedia_Wolkenkratzer-2-scaled.jpg\" \/>\n\t<meta property=\"og:image:width\" content=\"2560\" \/>\n\t<meta property=\"og:image:height\" content=\"1440\" \/>\n\t<meta property=\"og:image:type\" content=\"image\/jpeg\" \/>\n<meta name=\"author\" content=\"Christine Coester\" \/>\n<meta name=\"twitter:card\" content=\"summary_large_image\" \/>\n<meta name=\"twitter:title\" content=\"Studie widerspricht umstrittener These zur Lebensraumfragmentierung\" \/>\n<meta name=\"twitter:description\" content=\"Neue Forschungsergebnisse widersprechen der These, die Zerschneidung von Lebensr\u00e4umen f\u00f6rdere die Artenvielfalt.\" \/>\n<meta name=\"twitter:image\" content=\"https:\/\/www.idiv.de\/wp-content\/uploads\/2025\/03\/Autobahnanschlussstelle_Leipzig-Sud_Wikimedia_Wolkenkratzer-2-scaled.jpg\" \/>\n<meta name=\"twitter:creator\" content=\"@idiv\" \/>\n<meta name=\"twitter:site\" content=\"@idiv\" \/>\n<script type=\"application\/ld+json\" class=\"yoast-schema-graph\">{\"@context\":\"https:\\\/\\\/schema.org\",\"@graph\":[{\"@type\":\"Article\",\"@id\":\"https:\\\/\\\/www.idiv.de\\\/de\\\/studie-widerspricht-umstrittener-these-zur-lebensraumfragmentierung\\\/#article\",\"isPartOf\":{\"@id\":\"https:\\\/\\\/www.idiv.de\\\/de\\\/studie-widerspricht-umstrittener-these-zur-lebensraumfragmentierung\\\/\"},\"author\":{\"name\":\"Christine Coester\",\"@id\":\"https:\\\/\\\/www.idiv.de\\\/de\\\/#\\\/schema\\\/person\\\/dedcb54e708b582d1a0878703f7b7fe4\"},\"headline\":\"Studie widerspricht umstrittener These zur Lebensraumfragmentierung\",\"datePublished\":\"2025-03-13T08:30:30+00:00\",\"dateModified\":\"2025-03-13T10:35:45+00:00\",\"mainEntityOfPage\":{\"@id\":\"https:\\\/\\\/www.idiv.de\\\/de\\\/studie-widerspricht-umstrittener-these-zur-lebensraumfragmentierung\\\/\"},\"wordCount\":6,\"publisher\":{\"@id\":\"https:\\\/\\\/www.idiv.de\\\/de\\\/#organization\"},\"articleSection\":[\"Biodiversit\u00e4tssynthese\",\"Biodiversity Synthesis\",\"Forschung\",\"iDiv\",\"Media Release\",\"Medienmitteilung\",\"Research\"],\"inLanguage\":\"de\"},{\"@type\":\"WebPage\",\"@id\":\"https:\\\/\\\/www.idiv.de\\\/de\\\/studie-widerspricht-umstrittener-these-zur-lebensraumfragmentierung\\\/\",\"url\":\"https:\\\/\\\/www.idiv.de\\\/de\\\/studie-widerspricht-umstrittener-these-zur-lebensraumfragmentierung\\\/\",\"name\":\"Studie widerspricht umstrittener These zur Lebensraumfragmentierung | iDiv\",\"isPartOf\":{\"@id\":\"https:\\\/\\\/www.idiv.de\\\/de\\\/#website\"},\"datePublished\":\"2025-03-13T08:30:30+00:00\",\"dateModified\":\"2025-03-13T10:35:45+00:00\",\"breadcrumb\":{\"@id\":\"https:\\\/\\\/www.idiv.de\\\/de\\\/studie-widerspricht-umstrittener-these-zur-lebensraumfragmentierung\\\/#breadcrumb\"},\"inLanguage\":\"de\",\"potentialAction\":[{\"@type\":\"ReadAction\",\"target\":[\"https:\\\/\\\/www.idiv.de\\\/de\\\/studie-widerspricht-umstrittener-these-zur-lebensraumfragmentierung\\\/\"]}]},{\"@type\":\"BreadcrumbList\",\"@id\":\"https:\\\/\\\/www.idiv.de\\\/de\\\/studie-widerspricht-umstrittener-these-zur-lebensraumfragmentierung\\\/#breadcrumb\",\"itemListElement\":[{\"@type\":\"ListItem\",\"position\":1,\"name\":\"Startseite\",\"item\":\"https:\\\/\\\/www.idiv.de\\\/de\\\/\"},{\"@type\":\"ListItem\",\"position\":2,\"name\":\"Studie widerspricht umstrittener These zur Lebensraumfragmentierung\"}]},{\"@type\":\"WebSite\",\"@id\":\"https:\\\/\\\/www.idiv.de\\\/de\\\/#website\",\"url\":\"https:\\\/\\\/www.idiv.de\\\/de\\\/\",\"name\":\"iDiv\",\"description\":\"Hotspot in Biodiversity Research\",\"publisher\":{\"@id\":\"https:\\\/\\\/www.idiv.de\\\/de\\\/#organization\"},\"potentialAction\":[{\"@type\":\"SearchAction\",\"target\":{\"@type\":\"EntryPoint\",\"urlTemplate\":\"https:\\\/\\\/www.idiv.de\\\/de\\\/?s={search_term_string}\"},\"query-input\":{\"@type\":\"PropertyValueSpecification\",\"valueRequired\":true,\"valueName\":\"search_term_string\"}}],\"inLanguage\":\"de\"},{\"@type\":\"Organization\",\"@id\":\"https:\\\/\\\/www.idiv.de\\\/de\\\/#organization\",\"name\":\"idiv\",\"url\":\"https:\\\/\\\/www.idiv.de\\\/de\\\/\",\"logo\":{\"@type\":\"ImageObject\",\"inLanguage\":\"de\",\"@id\":\"https:\\\/\\\/www.idiv.de\\\/de\\\/#\\\/schema\\\/logo\\\/image\\\/\",\"url\":\"https:\\\/\\\/www.idiv.de\\\/wp-content\\\/uploads\\\/2024\\\/08\\\/iDiv_Logo_long_v1_EN_black_4c.jpg\",\"contentUrl\":\"https:\\\/\\\/www.idiv.de\\\/wp-content\\\/uploads\\\/2024\\\/08\\\/iDiv_Logo_long_v1_EN_black_4c.jpg\",\"width\":2448,\"height\":674,\"caption\":\"idiv\"},\"image\":{\"@id\":\"https:\\\/\\\/www.idiv.de\\\/de\\\/#\\\/schema\\\/logo\\\/image\\\/\"},\"sameAs\":[\"https:\\\/\\\/x.com\\\/idiv\",\"https:\\\/\\\/www.linkedin.com\\\/company\\\/idiv-biodiversity\\\/\",\"https:\\\/\\\/www.youtube.com\\\/idiv-research\"]},{\"@type\":\"Person\",\"@id\":\"https:\\\/\\\/www.idiv.de\\\/de\\\/#\\\/schema\\\/person\\\/dedcb54e708b582d1a0878703f7b7fe4\",\"name\":\"Christine Coester\",\"url\":\"https:\\\/\\\/www.idiv.de\\\/de\\\/author\\\/christine-coester\\\/\"}]}<\/script>\n<!-- \/ Yoast SEO plugin. -->","yoast_head_json":{"title":"Studie widerspricht umstrittener These zur Lebensraumfragmentierung | iDiv","robots":{"index":"index","follow":"follow","max-snippet":"max-snippet:-1","max-image-preview":"max-image-preview:large","max-video-preview":"max-video-preview:-1"},"canonical":"https:\/\/www.idiv.de\/de\/studie-widerspricht-umstrittener-these-zur-lebensraumfragmentierung\/","og_locale":"de_DE","og_type":"article","og_title":"Studie widerspricht umstrittener These zur Lebensraumfragmentierung","og_description":"Neue Forschungsergebnisse widersprechen der These, die Zerschneidung von Lebensr\u00e4umen f\u00f6rdere die Artenvielfalt.","og_url":"https:\/\/www.idiv.de\/de\/studie-widerspricht-umstrittener-these-zur-lebensraumfragmentierung\/","og_site_name":"iDiv","article_published_time":"2025-03-13T08:30:30+00:00","article_modified_time":"2025-03-13T10:35:45+00:00","og_image":[{"width":2560,"height":1440,"url":"https:\/\/www.idiv.de\/wp-content\/uploads\/2025\/03\/Autobahnanschlussstelle_Leipzig-Sud_Wikimedia_Wolkenkratzer-2-scaled.jpg","type":"image\/jpeg"}],"author":"Christine Coester","twitter_card":"summary_large_image","twitter_title":"Studie widerspricht umstrittener These zur Lebensraumfragmentierung","twitter_description":"Neue Forschungsergebnisse widersprechen der These, die Zerschneidung von Lebensr\u00e4umen f\u00f6rdere die Artenvielfalt.","twitter_image":"https:\/\/www.idiv.de\/wp-content\/uploads\/2025\/03\/Autobahnanschlussstelle_Leipzig-Sud_Wikimedia_Wolkenkratzer-2-scaled.jpg","twitter_creator":"@idiv","twitter_site":"@idiv","schema":{"@context":"https:\/\/schema.org","@graph":[{"@type":"Article","@id":"https:\/\/www.idiv.de\/de\/studie-widerspricht-umstrittener-these-zur-lebensraumfragmentierung\/#article","isPartOf":{"@id":"https:\/\/www.idiv.de\/de\/studie-widerspricht-umstrittener-these-zur-lebensraumfragmentierung\/"},"author":{"name":"Christine Coester","@id":"https:\/\/www.idiv.de\/de\/#\/schema\/person\/dedcb54e708b582d1a0878703f7b7fe4"},"headline":"Studie widerspricht umstrittener These zur Lebensraumfragmentierung","datePublished":"2025-03-13T08:30:30+00:00","dateModified":"2025-03-13T10:35:45+00:00","mainEntityOfPage":{"@id":"https:\/\/www.idiv.de\/de\/studie-widerspricht-umstrittener-these-zur-lebensraumfragmentierung\/"},"wordCount":6,"publisher":{"@id":"https:\/\/www.idiv.de\/de\/#organization"},"articleSection":["Biodiversit\u00e4tssynthese","Biodiversity Synthesis","Forschung","iDiv","Media Release","Medienmitteilung","Research"],"inLanguage":"de"},{"@type":"WebPage","@id":"https:\/\/www.idiv.de\/de\/studie-widerspricht-umstrittener-these-zur-lebensraumfragmentierung\/","url":"https:\/\/www.idiv.de\/de\/studie-widerspricht-umstrittener-these-zur-lebensraumfragmentierung\/","name":"Studie widerspricht umstrittener These zur Lebensraumfragmentierung | iDiv","isPartOf":{"@id":"https:\/\/www.idiv.de\/de\/#website"},"datePublished":"2025-03-13T08:30:30+00:00","dateModified":"2025-03-13T10:35:45+00:00","breadcrumb":{"@id":"https:\/\/www.idiv.de\/de\/studie-widerspricht-umstrittener-these-zur-lebensraumfragmentierung\/#breadcrumb"},"inLanguage":"de","potentialAction":[{"@type":"ReadAction","target":["https:\/\/www.idiv.de\/de\/studie-widerspricht-umstrittener-these-zur-lebensraumfragmentierung\/"]}]},{"@type":"BreadcrumbList","@id":"https:\/\/www.idiv.de\/de\/studie-widerspricht-umstrittener-these-zur-lebensraumfragmentierung\/#breadcrumb","itemListElement":[{"@type":"ListItem","position":1,"name":"Startseite","item":"https:\/\/www.idiv.de\/de\/"},{"@type":"ListItem","position":2,"name":"Studie widerspricht umstrittener These zur Lebensraumfragmentierung"}]},{"@type":"WebSite","@id":"https:\/\/www.idiv.de\/de\/#website","url":"https:\/\/www.idiv.de\/de\/","name":"iDiv","description":"Hotspot in Biodiversity Research","publisher":{"@id":"https:\/\/www.idiv.de\/de\/#organization"},"potentialAction":[{"@type":"SearchAction","target":{"@type":"EntryPoint","urlTemplate":"https:\/\/www.idiv.de\/de\/?s={search_term_string}"},"query-input":{"@type":"PropertyValueSpecification","valueRequired":true,"valueName":"search_term_string"}}],"inLanguage":"de"},{"@type":"Organization","@id":"https:\/\/www.idiv.de\/de\/#organization","name":"idiv","url":"https:\/\/www.idiv.de\/de\/","logo":{"@type":"ImageObject","inLanguage":"de","@id":"https:\/\/www.idiv.de\/de\/#\/schema\/logo\/image\/","url":"https:\/\/www.idiv.de\/wp-content\/uploads\/2024\/08\/iDiv_Logo_long_v1_EN_black_4c.jpg","contentUrl":"https:\/\/www.idiv.de\/wp-content\/uploads\/2024\/08\/iDiv_Logo_long_v1_EN_black_4c.jpg","width":2448,"height":674,"caption":"idiv"},"image":{"@id":"https:\/\/www.idiv.de\/de\/#\/schema\/logo\/image\/"},"sameAs":["https:\/\/x.com\/idiv","https:\/\/www.linkedin.com\/company\/idiv-biodiversity\/","https:\/\/www.youtube.com\/idiv-research"]},{"@type":"Person","@id":"https:\/\/www.idiv.de\/de\/#\/schema\/person\/dedcb54e708b582d1a0878703f7b7fe4","name":"Christine Coester","url":"https:\/\/www.idiv.de\/de\/author\/christine-coester\/"}]}},"author_meta":{"display_name":"Christine Coester","author_link":"https:\/\/www.idiv.de\/de\/author\/christine-coester\/"},"featured_img":null,"coauthors":[],"tax_additional":{"categories":{"linked":["<a href=\"https:\/\/www.idiv.de\/de\/kategorie\/forschung\/biodiversitaetssynthese\/\" class=\"advgb-post-tax-term\">Biodiversit\u00e4tssynthese<\/a>","<a href=\"https:\/\/www.idiv.de\/category\/research\/biodiversity-synthesis\/\" class=\"advgb-post-tax-term\">Biodiversity Synthesis<\/a>","<a href=\"https:\/\/www.idiv.de\/de\/kategorie\/forschung\/\" class=\"advgb-post-tax-term\">Forschung<\/a>","<a href=\"https:\/\/www.idiv.de\/category\/idiv\/\" class=\"advgb-post-tax-term\">iDiv<\/a>","<a href=\"https:\/\/www.idiv.de\/category\/media-release\/\" class=\"advgb-post-tax-term\">Media Release<\/a>","<a href=\"https:\/\/www.idiv.de\/de\/kategorie\/medienmitteilung\/\" class=\"advgb-post-tax-term\">Medienmitteilung<\/a>","<a href=\"https:\/\/www.idiv.de\/category\/research\/\" class=\"advgb-post-tax-term\">Research<\/a>"],"unlinked":["<span class=\"advgb-post-tax-term\">Biodiversit\u00e4tssynthese<\/span>","<span class=\"advgb-post-tax-term\">Biodiversity Synthesis<\/span>","<span class=\"advgb-post-tax-term\">Forschung<\/span>","<span class=\"advgb-post-tax-term\">iDiv<\/span>","<span class=\"advgb-post-tax-term\">Media Release<\/span>","<span class=\"advgb-post-tax-term\">Medienmitteilung<\/span>","<span class=\"advgb-post-tax-term\">Research<\/span>"]}},"comment_count":0,"relative_dates":{"created":"Ver\u00f6ffentlicht 1\u00a0Jahr vor","modified":"Aktualisiert 1\u00a0Jahr vor"},"absolute_dates":{"created":"Ver\u00f6ffentlicht am 13. M\u00e4rz 2025","modified":"Aktualisiert am 13. M\u00e4rz 2025"},"absolute_dates_time":{"created":"Ver\u00f6ffentlicht am 13. M\u00e4rz 2025 9:30","modified":"Aktualisiert am 13. M\u00e4rz 2025 11:35"},"featured_img_caption":"","series_order":"","_links":{"self":[{"href":"https:\/\/www.idiv.de\/de\/wp-json\/wp\/v2\/posts\/26387","targetHints":{"allow":["GET"]}}],"collection":[{"href":"https:\/\/www.idiv.de\/de\/wp-json\/wp\/v2\/posts"}],"about":[{"href":"https:\/\/www.idiv.de\/de\/wp-json\/wp\/v2\/types\/post"}],"author":[{"embeddable":true,"href":"https:\/\/www.idiv.de\/de\/wp-json\/wp\/v2\/users\/6"}],"replies":[{"embeddable":true,"href":"https:\/\/www.idiv.de\/de\/wp-json\/wp\/v2\/comments?post=26387"}],"version-history":[{"count":9,"href":"https:\/\/www.idiv.de\/de\/wp-json\/wp\/v2\/posts\/26387\/revisions"}],"predecessor-version":[{"id":26707,"href":"https:\/\/www.idiv.de\/de\/wp-json\/wp\/v2\/posts\/26387\/revisions\/26707"}],"wp:attachment":[{"href":"https:\/\/www.idiv.de\/de\/wp-json\/wp\/v2\/media?parent=26387"}],"wp:term":[{"taxonomy":"category","embeddable":true,"href":"https:\/\/www.idiv.de\/de\/wp-json\/wp\/v2\/categories?post=26387"},{"taxonomy":"post_tag","embeddable":true,"href":"https:\/\/www.idiv.de\/de\/wp-json\/wp\/v2\/tags?post=26387"}],"curies":[{"name":"wp","href":"https:\/\/api.w.org\/{rel}","templated":true}]}}