{"id":24514,"date":"2025-02-27T08:24:10","date_gmt":"2025-02-27T07:24:10","guid":{"rendered":"https:\/\/www.idiv.de\/?p=24514"},"modified":"2025-04-02T13:47:01","modified_gmt":"2025-04-02T12:47:01","slug":"50-000-sdiv-zitationen-12-jahre-exzellenz-in-der-biodiversitaetsforschung","status":"publish","type":"post","link":"https:\/\/www.idiv.de\/de\/50-000-sdiv-zitationen-12-jahre-exzellenz-in-der-biodiversitaetsforschung\/","title":{"rendered":"50.000 sDiv-Zitationen &#8211; 12 Jahre Exzellenz in der Biodiversit\u00e4tsforschung"},"content":{"rendered":"<div class=\"herosection pb-24 pt-0 no-bg modulclass \" id=\"\">\n                    <div class=\"swiper1noslider  nooverflow heronews swiper thinslider\" id=\"slide_69f2be4f3f090\">\n        \n                <div class=\"swiper-wrapper\">\n                                            <div class=\"swiper-slide  style_\" aria-hidden=\"true\" >\n                            <div class=\"backstretchwrap\">\n                        \n                            <div datasrc=\"https:\/\/www.idiv.de\/wp-content\/uploads\/2025\/02\/2016_sAPROPOS_5515_iDiv_VHahn-scaled-e1740577209895.jpg\" class=\"backstretchimg responsiv desktop\"><\/div>\n\n                            <a href=\"#\" class=\"cr\"><svg  xmlns=\"http:\/\/www.w3.org\/2000\/svg\" width=\"22\" height=\"22\" viewBox=\"0 0 22 22\">\n                                    <rect id=\"BG\" width=\"22\" height=\"22\" rx=\"11\" fill=\"#fff\"\/>\n                                    <g id=\"Wrapper\" transform=\"translate(-1 -1)\">\n                                        <g id=\"Icon_material-copyright\" data-name=\"Icon material-copyright\">\n                                            <circle id=\"Ellipse_30\" data-name=\"Ellipse 30\" cx=\"8\" cy=\"8\" r=\"8\" transform=\"translate(4 4)\" fill=\"#fff\"\/>\n                                            <path id=\"Icon_material-copyright-2\" data-name=\"Icon material-copyright\" d=\"M9.464,10.088a2.045,2.045,0,0,1,.24-.7,1.4,1.4,0,0,1,.472-.5,1.42,1.42,0,0,1,.728-.184,1.45,1.45,0,0,1,.5.1,1.29,1.29,0,0,1,.416.288,1.54,1.54,0,0,1,.272.424,1.4,1.4,0,0,1,.112.512H13.64a2.864,2.864,0,0,0-.224-1.032,2.4,2.4,0,0,0-.56-.808,2.613,2.613,0,0,0-.864-.528,3.09,3.09,0,0,0-1.112-.184,3.127,3.127,0,0,0-1.36.272,2.751,2.751,0,0,0-.96.736,3.007,3.007,0,0,0-.568,1.088A4.685,4.685,0,0,0,7.8,10.9v.216a4.684,4.684,0,0,0,.184,1.312,2.908,2.908,0,0,0,.568,1.08,2.731,2.731,0,0,0,.96.728,3.246,3.246,0,0,0,1.36.272,3.051,3.051,0,0,0,1.056-.184,2.729,2.729,0,0,0,.864-.5,2.442,2.442,0,0,0,.592-.752,2.153,2.153,0,0,0,.24-.92H12.192a1.139,1.139,0,0,1-.12.464,1.177,1.177,0,0,1-.288.368,1.26,1.26,0,0,1-.416.24,1.589,1.589,0,0,1-.48.08,1.359,1.359,0,0,1-.712-.184,1.4,1.4,0,0,1-.472-.5,2.09,2.09,0,0,1-.24-.7,5.392,5.392,0,0,1-.064-.8V10.9a5.33,5.33,0,0,1,.064-.808ZM11,3a8,8,0,1,0,8,8A8,8,0,0,0,11,3Zm0,14.4A6.4,6.4,0,1,1,17.4,11,6.408,6.408,0,0,1,11,17.4Z\" transform=\"translate(1 1)\" fill=\"#4d4d4d\"\/>\n                                        <\/g>\n                                    <\/g>\n                                <\/svg>\n                                <span>V. Hahn<\/span><\/a>                        \n                                                    <\/div>\n                                        <div class=\"sliderinhalt \" role=\"region\" aria-label=\"carousel\">\n\n                                                \n\n                                                <p class=\"big align-center\" >27.02.2025 | Blog Post, Blog Post, sDiv, sDiv, TOP NEWS<\/p>                                            <h1 class=\"h1 tcenter\" >50.000 sDiv-Zitationen &#8211; 12 Jahre Exzellenz in der Biodiversit\u00e4tsforschung<\/h1>                                                    <p style=\"text-align: center;\">Die wissenschaftlichen Publikationen, die aus sDiv-Projekten hervorgegangen sind, wurden \u00fcber 50.000 Mal zitiert.<\/p>\n                                                \n                                                                                                            <\/div>\n                                            <\/div>\n\n                        \n                 <\/div>\n\n                              <\/div>\n<\/div>\n\n<div class=\"textbildrepeater pb-24 pt-0 no-bg modulclass \" id=\"\">\n    <div class=\"container\">\n        <div class=\"row\">\n                                                                <div class=\"pb-24   mod_text  col-md-8 offset-md-2 pos_top\">\n                            <div class=\"textrepeater \" id=\"\">\n    <p><b>von Dr Marten Winter, Leiter von <a href=\"https:\/\/www.idiv.de\/de\/forschung\/sdiv-synthesis-centre\/\">sDiv<\/a><\/b><\/p>\n<p><span style=\"font-weight: 400;\">Diesen Monat hat iDivs Synthesezentrum sDiv einen gro\u00dfen Meilenstein erreicht: Auf die 368 wissenschaftlichen Publikationen, die aus sDiv-unterst\u00fctzten Projekten entstanden sind, wurde \u00fcber 50.000-mal in anderen wissenschaftlichen Ver\u00f6ffentlichungen verwiesen.<\/span><\/p>\n<p><span style=\"font-weight: 400;\">Das Synthesezentrum sDiv ist eine spannende wissenschaftliche Infrastruktur, die auch als kleine F\u00f6rderagentur fungiert. Wir finanzieren Arbeitsgruppen, Postdocs und Sabbaticals, die zur Biodiversit\u00e4t forschen, und bieten wissenschaftliche und administrative Unterst\u00fctzung bei der Umsetzung von sogenannten Syntheseprojekten. Diese Projekte kombinieren verschiedene Informationsquellen, Theorien und Daten, um weitreichende und verallgemeinerbare Ergebnisse zu produzieren.<\/span><\/p>\n<p><span style=\"font-weight: 400;\">Als Leiter von sDiv begleite ich das Synthesezentrum seit seiner Gr\u00fcndung vor 12 Jahren und bin enorm stolz und begeistert von den vielen Projekten und den Leistungen unserer Teilnehmerinnen und Teilnehmer.<\/span><\/p>\n<p><span style=\"font-weight: 400;\">Dieser Meilenstein &#8211; 50.000 wissenschaftliche Zitationen &#8211; ist ein klarer Hinweis darauf, dass durch unser Biodiversit\u00e4tssynthesezentrum nicht nur wirkungsvolle und relevante Erkenntnisse produziert werden, sondern dass diese auch von der globalen Forschungsgemeinschaft wertgesch\u00e4tzt und anerkannt werden. Er w\u00fcrdigt auch die unglaubliche administrative und wissenschaftliche Unterst\u00fctzung, die von sDiv und von iDivs Veranstaltungsteam bereitgestellt wird. Das ist Wissenschaftsmanagement vom Feinsten!<\/span><\/p>\n<h3>Innovative sDiv-Arbeitsgruppen und -Projekte<\/h3>\n<p><span style=\"font-weight: 400;\">Die sDiv-Arbeitsgruppen sind kreativ, anregend und interdisziplin\u00e4r und widmen sich einigen der gr\u00f6\u00dften Fragen und Herausforderungen der Biodiversit\u00e4tsforschung. Unsere Projekte decken ein breites Themenspektrum ab, von der Erforschung von \u00d6kosystemfunktionen bis hin zur Entwicklung politisch relevanter Ma\u00dfnahmen um dem Biodiversit\u00e4tswandel zu begegnen.<\/span><\/p>\n<p><span style=\"font-weight: 400;\">Obwohl der Meilenstein von \u00fcber 50.000 Zitationen allein schon beeindruckend ist, ist es wichtig, auch die bemerkenswerten Erfolge anzuerkennen, die zu diesem Meilenstein beigetragen haben.<\/span><\/p>\n<p><span style=\"font-weight: 400;\">Erstens erschien fast jede f\u00fcnfte Ver\u00f6ffentlichung \u2013 17 % der 368 \u2013 in renommierten Fachzeitschriften wie denen des <\/span><i><span style=\"font-weight: 400;\">Nature<\/span><\/i><span style=\"font-weight: 400;\">-Portfolios, <\/span><i><span style=\"font-weight: 400;\">Science<\/span><\/i><span style=\"font-weight: 400;\"> und den <\/span><i><span style=\"font-weight: 400;\">Proceedings of the National Academy of Sciences<\/span><\/i><span style=\"font-weight: 400;\">. Diese Zeitschriften sind weltweit unter den angesehensten und einflussreichsten in der Wissenschaft anerkannt. Dar\u00fcber hinaus sind sDiv-Publikationen prominent im Bericht des Weltbiodiversit\u00e4tsrates (IPBES) vertreten, was die Bedeutung der wissenschaftlichen Ergebnisse verdeutlicht.<\/span><\/p>\n<p><span style=\"font-weight: 400;\">Ich glaube, Professor Josef Settele, ein enger Kollege und Co-Vorsitzender des 1. Globalen IPBES-Berichtes, hat die Bedeutung von sDiv perfekt erfasst: \u201esDiv ist ein wichtiges Instrument, das die Forschung voranbringt. \u00dcber seine nationale und internationale Bedeutung hinaus habe ich es sehr genossen, Teil der sDiv-Arbeitsgruppe sECURE zu sein.\u201c<\/span><\/p>\n<p><span style=\"font-weight: 400;\">Zweitens haben sDiv-Projekte mehrere enorm erfolgreiche globale Datenerfassungs- und Analyseinitiativen initiiert, wie die Globale Vegetationsdatenbank <\/span><a href=\"http:\/\/www.idiv.de\/splot\"><span style=\"font-weight: 400;\">sPlot<\/span><\/a><span style=\"font-weight: 400;\">, die weiterhin gro\u00dfen Einfluss innerhalb und au\u00dferhalb der wissenschaftlichen Gemeinschaft haben. sDiv-Projekte haben auch wertvolle politische und managementbezogene Ergebnisse geliefert. Zum Beispiel hat die Arbeitsgruppe <\/span><a href=\"http:\/\/www.idiv.de\/simpact\"><span style=\"font-weight: 400;\">sImpact<\/span><\/a><span style=\"font-weight: 400;\"> einen bereits weltweit implementierten Ansatz zur Messung und zum Vergleich der Umwelt- und sozio\u00f6konomischen Auswirkungen von nicht einheimischen Arten entwickelt.<\/span><\/p>\n<p><span style=\"font-weight: 400;\">Drittens habe ich \u00fcber die Jahre die Karriereentwicklung fast aller ehemaligen sDiv-Postdocs mit verfolgt, die feste Positionen als Forscherinnen und Forscher, Professorinnen und Professoren oder wissenschaftliche Mitarbeitende in der Wissenschaft und in der Wirtschaft erhalten haben. Der Erfolg ehemaliger sDiv-Postdocs bei der Sicherung prestigetr\u00e4chtiger Positionen verdeutlicht den Einfluss und das Ansehen von sDiv, was wiederum weitere hochkar\u00e4tige Forschungskollaborationen anzieht und die Wahrscheinlichkeit erh\u00f6ht, dass sDiv-unterst\u00fctzte Publikationen zitiert werden.<\/span><\/p>\n<h3>Was kommt als n\u00e4chstes f\u00fcr sDiv?<\/h3>\n<p><span style=\"font-weight: 400;\">Nachdem wir nun \u00fcber 3.000 Projektteilnehmerninnen und Projektteilnehmern in mehr als 100 Synthese-Arbeitsgruppenprojekten begleiten und \u00fcber 40 Postdoktorandinnen und Postdoktoranden unterst\u00fctzen durften, und so 50.000 Zitationen von sDiv-unterst\u00fctzten Publikationen verzeichnen konnten, stellt sich die Frage: Was kommt als n\u00e4chstes?<\/span><\/p>\n<p><span style=\"font-weight: 400;\">Bei sDiv sind wir stets bestrebt, neue und notwendige Forschungsvorhaben zur Bew\u00e4ltigung gro\u00dfer Herausforderungen zu unterst\u00fctzen. Wir werden unsere globalen Kooperationen weiter ausbauen, wie zum Beispiel unsere j\u00fcngste gemeinsame Ausschreibung mit neun internationalen Synthesezentrum, die sich mit den Themen Biodiversit\u00e4ts- und Klimawandel besch\u00e4ftigen. Wir werden auch versuchen, neue, zunehmend relevante Projekte, insbesondere zu angewandten Themen zu unterst\u00fctzen, vor allem zu sozio\u00f6konomischen Aspekten.<\/span><\/p>\n<p>&nbsp;<\/p>\n<h3>Weiterf\u00fchrende Informationen<\/h3>\n<p><a href=\"https:\/\/scholar.google.com\/citations?user=YHlSZpUAAAAJ\" target=\"_blank\" aria-label=\"open in new tab\" rel=\"noopener\">sDiv bei Google Scholar<\/a><\/p>\n<p>&nbsp;<\/p>\n<h3><strong>Ansprechpartner<\/strong><\/h3>\n<p><strong>Dr Marten Winter<\/strong><br \/>\nLeiter von sDiv<br \/>\nUniversit\u00e4t Leipzig<br \/>\n<span class=\"address-list-item__field-label\">Telefon: +49 341 9733129<\/span><br \/>\n<span class=\"address-list-item__field-label\">E-Mail: <a href=\"&#x6d;a&#x69;l&#x74;&#111;&#x3a;&#109;a&#x72;t&#x65;&#110;&#x2e;&#119;&#x69;&#110;t&#x65;r&#x40;&#105;&#x64;&#105;&#x76;&#x2e;d&#x65;\">marten&#46;winter&#64;idiv&#46;de<\/a><\/span><\/p>\n<p>&nbsp;<\/p>\n<\/div>\n                            <\/div>\n                        <\/div>\n    <\/div>\n<\/div>","protected":false},"excerpt":{"rendered":"","protected":false},"author":6,"featured_media":0,"comment_status":"closed","ping_status":"closed","sticky":false,"template":"","format":"standard","meta":{"_acf_changed":false,"advgb_blocks_editor_width":"","advgb_blocks_columns_visual_guide":"","footnotes":"","_links_to":"","_links_to_target":""},"categories":[76,77,24,40,13],"tags":[],"class_list":["post-24514","post","type-post","status-publish","format-standard","hentry","category-blog-post","category-blog-post-de","category-sdiv","category-sdiv-de","category-top-news"],"acf":{"thumb":24515,"thumbmobile":"","copyright":"V. Hahn","breadcrumb":true},"yoast_head":"<!-- This site is optimized with the Yoast SEO plugin v27.5 - https:\/\/yoast.com\/product\/yoast-seo-wordpress\/ -->\n<title>50.000 sDiv-Zitationen - 12 Jahre Exzellenz in der Biodiversit\u00e4tsforschung<\/title>\n<meta name=\"description\" content=\"iDivs Synthesezentrum sDiv einen gro\u00dfen Meilenstein erreicht: Auf die 368 wissenschaftlichen Publikationen, die aus sDiv-unterst\u00fctzten Projekten entstanden sind, wurde \u00fcber 50.000-mal in anderen wissenschaftlichen Ver\u00f6ffentlichungen verwiesen.\" \/>\n<meta name=\"robots\" content=\"index, follow, max-snippet:-1, max-image-preview:large, max-video-preview:-1\" \/>\n<link rel=\"canonical\" href=\"https:\/\/www.idiv.de\/de\/50-000-sdiv-zitationen-12-jahre-exzellenz-in-der-biodiversitaetsforschung\/\" \/>\n<meta property=\"og:locale\" content=\"de_DE\" \/>\n<meta property=\"og:type\" content=\"article\" \/>\n<meta property=\"og:title\" content=\"50.000 sDiv-Zitationen - 12 Jahre Exzellenz in der Biodiversit\u00e4tsforschung\" \/>\n<meta property=\"og:description\" content=\"Auf die 368 wissenschaftlichen Publikationen, die aus sDiv-unterst\u00fctzten Projekten entstanden sind, wurde \u00fcber 50.000-mal in anderen wissenschaftlichen Ver\u00f6ffentlichungen verwiesen.\" \/>\n<meta property=\"og:url\" content=\"https:\/\/www.idiv.de\/de\/50-000-sdiv-zitationen-12-jahre-exzellenz-in-der-biodiversitaetsforschung\/\" \/>\n<meta property=\"og:site_name\" content=\"iDiv\" \/>\n<meta property=\"article:published_time\" content=\"2025-02-27T07:24:10+00:00\" \/>\n<meta property=\"article:modified_time\" content=\"2025-04-02T12:47:01+00:00\" \/>\n<meta property=\"og:image\" content=\"https:\/\/www.idiv.de\/wp-content\/uploads\/2025\/02\/2016_sAPROPOS_5515_iDiv_VHahn-scaled-e1740577209895.jpg\" \/>\n\t<meta property=\"og:image:width\" content=\"2560\" \/>\n\t<meta property=\"og:image:height\" content=\"1438\" \/>\n\t<meta property=\"og:image:type\" content=\"image\/jpeg\" \/>\n<meta name=\"author\" content=\"Christine Coester\" \/>\n<meta name=\"twitter:card\" content=\"summary_large_image\" \/>\n<meta name=\"twitter:title\" content=\"50.000 sDiv-Zitationen - 12 Jahre Exzellenz in der Biodiversit\u00e4tsforschung\" \/>\n<meta name=\"twitter:description\" content=\"Auf die 368 wissenschaftlichen Publikationen, die aus sDiv-unterst\u00fctzten Projekten entstanden sind, wurde \u00fcber 50.000-mal in anderen wissenschaftlichen Ver\u00f6ffentlichungen verwiesen.\" \/>\n<meta name=\"twitter:image\" content=\"https:\/\/www.idiv.de\/wp-content\/uploads\/2025\/02\/2016_sAPROPOS_5515_iDiv_VHahn-scaled-e1740577209895.jpg\" \/>\n<meta name=\"twitter:creator\" content=\"@idiv\" \/>\n<meta name=\"twitter:site\" content=\"@idiv\" \/>\n<script type=\"application\/ld+json\" class=\"yoast-schema-graph\">{\"@context\":\"https:\\\/\\\/schema.org\",\"@graph\":[{\"@type\":\"Article\",\"@id\":\"https:\\\/\\\/www.idiv.de\\\/de\\\/50-000-sdiv-zitationen-12-jahre-exzellenz-in-der-biodiversitaetsforschung\\\/#article\",\"isPartOf\":{\"@id\":\"https:\\\/\\\/www.idiv.de\\\/de\\\/50-000-sdiv-zitationen-12-jahre-exzellenz-in-der-biodiversitaetsforschung\\\/\"},\"author\":{\"name\":\"Christine Coester\",\"@id\":\"https:\\\/\\\/www.idiv.de\\\/de\\\/#\\\/schema\\\/person\\\/dedcb54e708b582d1a0878703f7b7fe4\"},\"headline\":\"50.000 sDiv-Zitationen &#8211; 12 Jahre Exzellenz in der Biodiversit\u00e4tsforschung\",\"datePublished\":\"2025-02-27T07:24:10+00:00\",\"dateModified\":\"2025-04-02T12:47:01+00:00\",\"mainEntityOfPage\":{\"@id\":\"https:\\\/\\\/www.idiv.de\\\/de\\\/50-000-sdiv-zitationen-12-jahre-exzellenz-in-der-biodiversitaetsforschung\\\/\"},\"wordCount\":8,\"publisher\":{\"@id\":\"https:\\\/\\\/www.idiv.de\\\/de\\\/#organization\"},\"articleSection\":[\"Blog Post\",\"Blog Post\",\"sDiv\",\"sDiv\",\"TOP NEWS\"],\"inLanguage\":\"de\"},{\"@type\":\"WebPage\",\"@id\":\"https:\\\/\\\/www.idiv.de\\\/de\\\/50-000-sdiv-zitationen-12-jahre-exzellenz-in-der-biodiversitaetsforschung\\\/\",\"url\":\"https:\\\/\\\/www.idiv.de\\\/de\\\/50-000-sdiv-zitationen-12-jahre-exzellenz-in-der-biodiversitaetsforschung\\\/\",\"name\":\"50.000 sDiv-Zitationen - 12 Jahre Exzellenz in der Biodiversit\u00e4tsforschung\",\"isPartOf\":{\"@id\":\"https:\\\/\\\/www.idiv.de\\\/de\\\/#website\"},\"datePublished\":\"2025-02-27T07:24:10+00:00\",\"dateModified\":\"2025-04-02T12:47:01+00:00\",\"description\":\"iDivs Synthesezentrum sDiv einen gro\u00dfen Meilenstein erreicht: Auf die 368 wissenschaftlichen Publikationen, die aus sDiv-unterst\u00fctzten Projekten entstanden sind, wurde \u00fcber 50.000-mal in anderen wissenschaftlichen Ver\u00f6ffentlichungen verwiesen.\",\"breadcrumb\":{\"@id\":\"https:\\\/\\\/www.idiv.de\\\/de\\\/50-000-sdiv-zitationen-12-jahre-exzellenz-in-der-biodiversitaetsforschung\\\/#breadcrumb\"},\"inLanguage\":\"de\",\"potentialAction\":[{\"@type\":\"ReadAction\",\"target\":[\"https:\\\/\\\/www.idiv.de\\\/de\\\/50-000-sdiv-zitationen-12-jahre-exzellenz-in-der-biodiversitaetsforschung\\\/\"]}]},{\"@type\":\"BreadcrumbList\",\"@id\":\"https:\\\/\\\/www.idiv.de\\\/de\\\/50-000-sdiv-zitationen-12-jahre-exzellenz-in-der-biodiversitaetsforschung\\\/#breadcrumb\",\"itemListElement\":[{\"@type\":\"ListItem\",\"position\":1,\"name\":\"Startseite\",\"item\":\"https:\\\/\\\/www.idiv.de\\\/de\\\/\"},{\"@type\":\"ListItem\",\"position\":2,\"name\":\"50.000 sDiv-Zitationen &#8211; 12 Jahre Exzellenz in der Biodiversit\u00e4tsforschung\"}]},{\"@type\":\"WebSite\",\"@id\":\"https:\\\/\\\/www.idiv.de\\\/de\\\/#website\",\"url\":\"https:\\\/\\\/www.idiv.de\\\/de\\\/\",\"name\":\"iDiv\",\"description\":\"Hotspot in Biodiversity Research\",\"publisher\":{\"@id\":\"https:\\\/\\\/www.idiv.de\\\/de\\\/#organization\"},\"potentialAction\":[{\"@type\":\"SearchAction\",\"target\":{\"@type\":\"EntryPoint\",\"urlTemplate\":\"https:\\\/\\\/www.idiv.de\\\/de\\\/?s={search_term_string}\"},\"query-input\":{\"@type\":\"PropertyValueSpecification\",\"valueRequired\":true,\"valueName\":\"search_term_string\"}}],\"inLanguage\":\"de\"},{\"@type\":\"Organization\",\"@id\":\"https:\\\/\\\/www.idiv.de\\\/de\\\/#organization\",\"name\":\"idiv\",\"url\":\"https:\\\/\\\/www.idiv.de\\\/de\\\/\",\"logo\":{\"@type\":\"ImageObject\",\"inLanguage\":\"de\",\"@id\":\"https:\\\/\\\/www.idiv.de\\\/de\\\/#\\\/schema\\\/logo\\\/image\\\/\",\"url\":\"https:\\\/\\\/www.idiv.de\\\/wp-content\\\/uploads\\\/2024\\\/08\\\/iDiv_Logo_long_v1_EN_black_4c.jpg\",\"contentUrl\":\"https:\\\/\\\/www.idiv.de\\\/wp-content\\\/uploads\\\/2024\\\/08\\\/iDiv_Logo_long_v1_EN_black_4c.jpg\",\"width\":2448,\"height\":674,\"caption\":\"idiv\"},\"image\":{\"@id\":\"https:\\\/\\\/www.idiv.de\\\/de\\\/#\\\/schema\\\/logo\\\/image\\\/\"},\"sameAs\":[\"https:\\\/\\\/x.com\\\/idiv\",\"https:\\\/\\\/www.linkedin.com\\\/company\\\/idiv-biodiversity\\\/\",\"https:\\\/\\\/www.youtube.com\\\/idiv-research\"]},{\"@type\":\"Person\",\"@id\":\"https:\\\/\\\/www.idiv.de\\\/de\\\/#\\\/schema\\\/person\\\/dedcb54e708b582d1a0878703f7b7fe4\",\"name\":\"Christine Coester\",\"url\":\"https:\\\/\\\/www.idiv.de\\\/de\\\/author\\\/christine-coester\\\/\"}]}<\/script>\n<!-- \/ Yoast SEO plugin. -->","yoast_head_json":{"title":"50.000 sDiv-Zitationen - 12 Jahre Exzellenz in der Biodiversit\u00e4tsforschung","description":"iDivs Synthesezentrum sDiv einen gro\u00dfen Meilenstein erreicht: Auf die 368 wissenschaftlichen Publikationen, die aus sDiv-unterst\u00fctzten Projekten entstanden sind, wurde \u00fcber 50.000-mal in anderen wissenschaftlichen Ver\u00f6ffentlichungen verwiesen.","robots":{"index":"index","follow":"follow","max-snippet":"max-snippet:-1","max-image-preview":"max-image-preview:large","max-video-preview":"max-video-preview:-1"},"canonical":"https:\/\/www.idiv.de\/de\/50-000-sdiv-zitationen-12-jahre-exzellenz-in-der-biodiversitaetsforschung\/","og_locale":"de_DE","og_type":"article","og_title":"50.000 sDiv-Zitationen - 12 Jahre Exzellenz in der Biodiversit\u00e4tsforschung","og_description":"Auf die 368 wissenschaftlichen Publikationen, die aus sDiv-unterst\u00fctzten Projekten entstanden sind, wurde \u00fcber 50.000-mal in anderen wissenschaftlichen Ver\u00f6ffentlichungen verwiesen.","og_url":"https:\/\/www.idiv.de\/de\/50-000-sdiv-zitationen-12-jahre-exzellenz-in-der-biodiversitaetsforschung\/","og_site_name":"iDiv","article_published_time":"2025-02-27T07:24:10+00:00","article_modified_time":"2025-04-02T12:47:01+00:00","og_image":[{"width":2560,"height":1438,"url":"https:\/\/www.idiv.de\/wp-content\/uploads\/2025\/02\/2016_sAPROPOS_5515_iDiv_VHahn-scaled-e1740577209895.jpg","type":"image\/jpeg"}],"author":"Christine Coester","twitter_card":"summary_large_image","twitter_title":"50.000 sDiv-Zitationen - 12 Jahre Exzellenz in der Biodiversit\u00e4tsforschung","twitter_description":"Auf die 368 wissenschaftlichen Publikationen, die aus sDiv-unterst\u00fctzten Projekten entstanden sind, wurde \u00fcber 50.000-mal in anderen wissenschaftlichen Ver\u00f6ffentlichungen verwiesen.","twitter_image":"https:\/\/www.idiv.de\/wp-content\/uploads\/2025\/02\/2016_sAPROPOS_5515_iDiv_VHahn-scaled-e1740577209895.jpg","twitter_creator":"@idiv","twitter_site":"@idiv","schema":{"@context":"https:\/\/schema.org","@graph":[{"@type":"Article","@id":"https:\/\/www.idiv.de\/de\/50-000-sdiv-zitationen-12-jahre-exzellenz-in-der-biodiversitaetsforschung\/#article","isPartOf":{"@id":"https:\/\/www.idiv.de\/de\/50-000-sdiv-zitationen-12-jahre-exzellenz-in-der-biodiversitaetsforschung\/"},"author":{"name":"Christine Coester","@id":"https:\/\/www.idiv.de\/de\/#\/schema\/person\/dedcb54e708b582d1a0878703f7b7fe4"},"headline":"50.000 sDiv-Zitationen &#8211; 12 Jahre Exzellenz in der Biodiversit\u00e4tsforschung","datePublished":"2025-02-27T07:24:10+00:00","dateModified":"2025-04-02T12:47:01+00:00","mainEntityOfPage":{"@id":"https:\/\/www.idiv.de\/de\/50-000-sdiv-zitationen-12-jahre-exzellenz-in-der-biodiversitaetsforschung\/"},"wordCount":8,"publisher":{"@id":"https:\/\/www.idiv.de\/de\/#organization"},"articleSection":["Blog Post","Blog Post","sDiv","sDiv","TOP NEWS"],"inLanguage":"de"},{"@type":"WebPage","@id":"https:\/\/www.idiv.de\/de\/50-000-sdiv-zitationen-12-jahre-exzellenz-in-der-biodiversitaetsforschung\/","url":"https:\/\/www.idiv.de\/de\/50-000-sdiv-zitationen-12-jahre-exzellenz-in-der-biodiversitaetsforschung\/","name":"50.000 sDiv-Zitationen - 12 Jahre Exzellenz in der Biodiversit\u00e4tsforschung","isPartOf":{"@id":"https:\/\/www.idiv.de\/de\/#website"},"datePublished":"2025-02-27T07:24:10+00:00","dateModified":"2025-04-02T12:47:01+00:00","description":"iDivs Synthesezentrum sDiv einen gro\u00dfen Meilenstein erreicht: Auf die 368 wissenschaftlichen Publikationen, die aus sDiv-unterst\u00fctzten Projekten entstanden sind, wurde \u00fcber 50.000-mal in anderen wissenschaftlichen Ver\u00f6ffentlichungen verwiesen.","breadcrumb":{"@id":"https:\/\/www.idiv.de\/de\/50-000-sdiv-zitationen-12-jahre-exzellenz-in-der-biodiversitaetsforschung\/#breadcrumb"},"inLanguage":"de","potentialAction":[{"@type":"ReadAction","target":["https:\/\/www.idiv.de\/de\/50-000-sdiv-zitationen-12-jahre-exzellenz-in-der-biodiversitaetsforschung\/"]}]},{"@type":"BreadcrumbList","@id":"https:\/\/www.idiv.de\/de\/50-000-sdiv-zitationen-12-jahre-exzellenz-in-der-biodiversitaetsforschung\/#breadcrumb","itemListElement":[{"@type":"ListItem","position":1,"name":"Startseite","item":"https:\/\/www.idiv.de\/de\/"},{"@type":"ListItem","position":2,"name":"50.000 sDiv-Zitationen &#8211; 12 Jahre Exzellenz in der Biodiversit\u00e4tsforschung"}]},{"@type":"WebSite","@id":"https:\/\/www.idiv.de\/de\/#website","url":"https:\/\/www.idiv.de\/de\/","name":"iDiv","description":"Hotspot in Biodiversity Research","publisher":{"@id":"https:\/\/www.idiv.de\/de\/#organization"},"potentialAction":[{"@type":"SearchAction","target":{"@type":"EntryPoint","urlTemplate":"https:\/\/www.idiv.de\/de\/?s={search_term_string}"},"query-input":{"@type":"PropertyValueSpecification","valueRequired":true,"valueName":"search_term_string"}}],"inLanguage":"de"},{"@type":"Organization","@id":"https:\/\/www.idiv.de\/de\/#organization","name":"idiv","url":"https:\/\/www.idiv.de\/de\/","logo":{"@type":"ImageObject","inLanguage":"de","@id":"https:\/\/www.idiv.de\/de\/#\/schema\/logo\/image\/","url":"https:\/\/www.idiv.de\/wp-content\/uploads\/2024\/08\/iDiv_Logo_long_v1_EN_black_4c.jpg","contentUrl":"https:\/\/www.idiv.de\/wp-content\/uploads\/2024\/08\/iDiv_Logo_long_v1_EN_black_4c.jpg","width":2448,"height":674,"caption":"idiv"},"image":{"@id":"https:\/\/www.idiv.de\/de\/#\/schema\/logo\/image\/"},"sameAs":["https:\/\/x.com\/idiv","https:\/\/www.linkedin.com\/company\/idiv-biodiversity\/","https:\/\/www.youtube.com\/idiv-research"]},{"@type":"Person","@id":"https:\/\/www.idiv.de\/de\/#\/schema\/person\/dedcb54e708b582d1a0878703f7b7fe4","name":"Christine Coester","url":"https:\/\/www.idiv.de\/de\/author\/christine-coester\/"}]}},"author_meta":{"display_name":"Christine Coester","author_link":"https:\/\/www.idiv.de\/de\/author\/christine-coester\/"},"featured_img":null,"coauthors":[],"tax_additional":{"categories":{"linked":["<a href=\"https:\/\/www.idiv.de\/category\/blog-post\/\" class=\"advgb-post-tax-term\">Blog Post<\/a>","<a href=\"https:\/\/www.idiv.de\/de\/kategorie\/blog-post-de\/\" class=\"advgb-post-tax-term\">Blog Post<\/a>","<a href=\"https:\/\/www.idiv.de\/category\/sdiv\/\" class=\"advgb-post-tax-term\">sDiv<\/a>","<a href=\"https:\/\/www.idiv.de\/de\/kategorie\/sdiv-de\/\" class=\"advgb-post-tax-term\">sDiv<\/a>","<a href=\"https:\/\/www.idiv.de\/category\/top-news\/\" class=\"advgb-post-tax-term\">TOP NEWS<\/a>"],"unlinked":["<span class=\"advgb-post-tax-term\">Blog Post<\/span>","<span class=\"advgb-post-tax-term\">Blog Post<\/span>","<span class=\"advgb-post-tax-term\">sDiv<\/span>","<span class=\"advgb-post-tax-term\">sDiv<\/span>","<span class=\"advgb-post-tax-term\">TOP NEWS<\/span>"]}},"comment_count":0,"relative_dates":{"created":"Ver\u00f6ffentlicht 1\u00a0Jahr vor","modified":"Aktualisiert 1\u00a0Jahr vor"},"absolute_dates":{"created":"Ver\u00f6ffentlicht am 27. Februar 2025","modified":"Aktualisiert am 2. April 2025"},"absolute_dates_time":{"created":"Ver\u00f6ffentlicht am 27. Februar 2025 8:24","modified":"Aktualisiert am 2. April 2025 13:47"},"featured_img_caption":"","series_order":"","_links":{"self":[{"href":"https:\/\/www.idiv.de\/de\/wp-json\/wp\/v2\/posts\/24514","targetHints":{"allow":["GET"]}}],"collection":[{"href":"https:\/\/www.idiv.de\/de\/wp-json\/wp\/v2\/posts"}],"about":[{"href":"https:\/\/www.idiv.de\/de\/wp-json\/wp\/v2\/types\/post"}],"author":[{"embeddable":true,"href":"https:\/\/www.idiv.de\/de\/wp-json\/wp\/v2\/users\/6"}],"replies":[{"embeddable":true,"href":"https:\/\/www.idiv.de\/de\/wp-json\/wp\/v2\/comments?post=24514"}],"version-history":[{"count":10,"href":"https:\/\/www.idiv.de\/de\/wp-json\/wp\/v2\/posts\/24514\/revisions"}],"predecessor-version":[{"id":24683,"href":"https:\/\/www.idiv.de\/de\/wp-json\/wp\/v2\/posts\/24514\/revisions\/24683"}],"wp:attachment":[{"href":"https:\/\/www.idiv.de\/de\/wp-json\/wp\/v2\/media?parent=24514"}],"wp:term":[{"taxonomy":"category","embeddable":true,"href":"https:\/\/www.idiv.de\/de\/wp-json\/wp\/v2\/categories?post=24514"},{"taxonomy":"post_tag","embeddable":true,"href":"https:\/\/www.idiv.de\/de\/wp-json\/wp\/v2\/tags?post=24514"}],"curies":[{"name":"wp","href":"https:\/\/api.w.org\/{rel}","templated":true}]}}