{"id":12946,"date":"2024-03-26T00:00:00","date_gmt":"2024-03-25T23:00:00","guid":{"rendered":"https:\/\/idiv.caf-dev.de\/was-haben-vgel-und-flsse-mit-euroscheinen-zu-tun\/"},"modified":"2025-09-29T11:19:54","modified_gmt":"2025-09-29T10:19:54","slug":"was-haben-vgel-und-flsse-mit-euroscheinen-zu-tun","status":"publish","type":"post","link":"https:\/\/www.idiv.de\/de\/was-haben-vgel-und-flsse-mit-euroscheinen-zu-tun\/","title":{"rendered":"Was haben V&ouml;gel und Fl&uuml;sse mit Euroscheinen zu tun?"},"content":{"rendered":"<div class=\"herosection pb-24 pt-0 no-bg modulclass \" id=\"\">\n                    <div class=\"swiper1noslider  nooverflow swiper \" id=\"slide_69ef57703e638\">\n        \n                <div class=\"swiper-wrapper\">\n                                            <div class=\"swiper-slide  style_ \" aria-hidden=\"true\" >\n                            <div class=\"backstretchwrap\">\n                        \n                            <div datasrc=\"https:\/\/www.idiv.de\/wp-content\/uploads\/2024\/08\/pic_9a919f1a0e20240326113638.jpg\" class=\"backstretchimg responsiv desktop\"><\/div>\n\n                            <a href=\"#\" class=\"cr\"><svg  xmlns=\"http:\/\/www.w3.org\/2000\/svg\" width=\"22\" height=\"22\" viewBox=\"0 0 22 22\">\n                                    <rect id=\"BG\" width=\"22\" height=\"22\" rx=\"11\" fill=\"#fff\"\/>\n                                    <g id=\"Wrapper\" transform=\"translate(-1 -1)\">\n                                        <g id=\"Icon_material-copyright\" data-name=\"Icon material-copyright\">\n                                            <circle id=\"Ellipse_30\" data-name=\"Ellipse 30\" cx=\"8\" cy=\"8\" r=\"8\" transform=\"translate(4 4)\" fill=\"#fff\"\/>\n                                            <path id=\"Icon_material-copyright-2\" data-name=\"Icon material-copyright\" d=\"M9.464,10.088a2.045,2.045,0,0,1,.24-.7,1.4,1.4,0,0,1,.472-.5,1.42,1.42,0,0,1,.728-.184,1.45,1.45,0,0,1,.5.1,1.29,1.29,0,0,1,.416.288,1.54,1.54,0,0,1,.272.424,1.4,1.4,0,0,1,.112.512H13.64a2.864,2.864,0,0,0-.224-1.032,2.4,2.4,0,0,0-.56-.808,2.613,2.613,0,0,0-.864-.528,3.09,3.09,0,0,0-1.112-.184,3.127,3.127,0,0,0-1.36.272,2.751,2.751,0,0,0-.96.736,3.007,3.007,0,0,0-.568,1.088A4.685,4.685,0,0,0,7.8,10.9v.216a4.684,4.684,0,0,0,.184,1.312,2.908,2.908,0,0,0,.568,1.08,2.731,2.731,0,0,0,.96.728,3.246,3.246,0,0,0,1.36.272,3.051,3.051,0,0,0,1.056-.184,2.729,2.729,0,0,0,.864-.5,2.442,2.442,0,0,0,.592-.752,2.153,2.153,0,0,0,.24-.92H12.192a1.139,1.139,0,0,1-.12.464,1.177,1.177,0,0,1-.288.368,1.26,1.26,0,0,1-.416.24,1.589,1.589,0,0,1-.48.08,1.359,1.359,0,0,1-.712-.184,1.4,1.4,0,0,1-.472-.5,2.09,2.09,0,0,1-.24-.7,5.392,5.392,0,0,1-.064-.8V10.9a5.33,5.33,0,0,1,.064-.808ZM11,3a8,8,0,1,0,8,8A8,8,0,0,0,11,3Zm0,14.4A6.4,6.4,0,1,1,17.4,11,6.408,6.408,0,0,1,11,17.4Z\" transform=\"translate(1 1)\" fill=\"#4d4d4d\"\/>\n                                        <\/g>\n                                    <\/g>\n                                <\/svg>\n                                <span>Stefan Bernhardt \/ iDiv<\/span><\/a>                        \n                                                    <\/div>\n                                        <div class=\"sliderinhalt \" role=\"region\" aria-label=\"carousel\">\n\n                                            <h1 class=\"h1 tcenter\" >Was haben V&ouml;gel und Fl&uuml;sse mit Euroscheinen zu tun?<\/h1>                                                    <p style=\"text-align: center;\">\u00d6kologe Prof. Henrique Pereira ist Teil der \u201eMotifs Advisory Group\u201c der EZB, die Motive f\u00fcr die n\u00e4chsten Generation der Euronoten vorschl\u00e4gt.<\/p>\n                                                \n                                                                                                            <\/div>\n                                            <\/div>\n\n                        \n                 <\/div>\n\n                              <\/div>\n<\/div>\n\n<div class=\"textbildrepeater pb-24 pt-0 no-bg modulclass \" id=\"\">\n    <div class=\"container\">\n        <div class=\"row\">\n                                                                <div class=\"pb-24   mod_text  col-md-6 offset-md-0 pos_top\">\n                            <div class=\"textrepeater \" id=\"\">\n    <p>26.03.2024 | Biodiversity Conservation, Media Release, MLU News, TOP NEWS<\/p>\n<\/div>\n                            <\/div>\n                        <\/div>\n    <\/div>\n<\/div>\n\n<div class=\"textbildrepeater pb-0 pt-0 no-bg modulclass \" id=\"\">\n    <div class=\"container\">\n        <div class=\"row\">\n                                                                <div class=\"pb-0   mod_text  col-md-12 offset-md-0 pos_top\">\n                            <div class=\"textrepeater \" id=\"\">\n    <p><em><strong>Basiert auf einem Beitrag in Campus Hallensis, dem Campus-Magazin der Martin-Luther-Universit\u00e4t Halle-Wittenberg (MLU)<\/strong><\/em><\/p>\n<\/div>\n                            <\/div>\n                        <\/div>\n    <\/div>\n<\/div>\n\n<div class=\"textbildrepeater pb-24 pt-0 no-bg modulclass \" id=\"\">\n    <div class=\"container\">\n        <div class=\"row\">\n                                                                <div class=\"pb-24   mod_text  col-md-12 offset-md-0 pos_top\">\n                            <div class=\"textrepeater \" id=\"\">\n    <p>&bdquo;Zuerst dachte ich, die E-Mail ist ein Scam-Versuch&ldquo;, sagt Henrique Pereira und lacht. Die Rede ist von einer Nachricht der Europ&auml;ischen Zentralbank. Mit Geld und Finanzen kennt er sich nur am Rande aus&#58; Als &Ouml;kologe forscht Pereira zur Artenvielfalt und erarbeitet regelm&auml;&szlig;ig Vorschl&auml;ge f&uuml;r die europ&auml;ische Naturschutzpolitik. Der Hintergrund der Nachricht war jedoch ein anderer&#58; Die Europ&auml;ische Zentralbank hat beschlossen, dass die Euro-Banknoten nach 20 Jahren neugestaltet werden sollen. Sicherer und nachhaltiger sollen die Scheine sein &#8211; und ein frisches Design bekommen. &bdquo;Die neuen Motive sollen alle Europ&auml;erinnen und Europ&auml;er ansprechen&ldquo;, erkl&auml;rt Pereira. Und hier kommt die E-Mail wieder ins Spiel&#58; Als einen von vierzehn Expertinnen und Experten aus Europa lud ihn die EZB ein, in einer Beratungsgruppe aus Wissenschaft, Kunst, Geschichte, Kultur und Design mitzuwirken. Sie soll Motivvorschl&auml;ge f&uuml;r die Neugestaltung erarbeiten. Der EZB-Rat w&auml;hlte daf&uuml;r bereits im Vorfeld zwei m&ouml;gliche Themen f&uuml;r die neuen Scheine aus&#58; &bdquo;Europ&auml;ische Kultur&ldquo; und &bdquo;Fl&uuml;sse und V&ouml;gel&ldquo;.&nbsp;<\/p>\n<p>&bdquo;Als Biodiversit&auml;ts-Forscher suchen wir st&auml;ndig nach neuen Mitteln, das Thema Artenvielfalt in die breite Bev&ouml;lkerung zu tragen. Die Neugestaltung der EU-Banknoten ist hier eine riesengro&szlig;e Chance&ldquo;, sagt Pereira, der an der MLU und am Deutschen Zentrum f&uuml;r integrative Biodiversit&auml;tsforschung (iDiv) t&auml;tig ist. Das Thema &bdquo;Fl&uuml;sse und V&ouml;gel&ldquo; sei gut gew&auml;hlt&#58; Immerhin &uuml;berschreiten Fl&uuml;sse Grenzen und V&ouml;gel stehen dem Portugieser zufolge gleich aus mehreren Gr&uuml;nden sinnbildlich f&uuml;r Europa&#58; &bdquo;Ein zentraler europ&auml;ischer Wert ist die Bewegungsfreiheit, die V&ouml;gel ganz selbstverst&auml;ndlich f&uuml;r sich beanspruchen. Au&szlig;erdem geh&ouml;rt die europ&auml;ische Vogelschutzrichtlinie zu den &auml;ltesten Rechtsvorschriften zum Naturschutz, sie wurde 1979 verabschiedet.&ldquo; Die Arbeit in der Gruppe sei f&uuml;r ihn als Forscher eine besondere Erfahrung. &bdquo;Vorher habe ich mit nicht wirklich mit diesem Thema besch&auml;ftigt. Jetzt wei&szlig; ich, dass zum Beispiel Argentinien ganz wunderbare Tierillustrationen auf seinen Geldscheinen hat.&ldquo; &Auml;hnliches k&ouml;nne er sich auch gut f&uuml;r die Euronoten vorstellen.<\/p>\n<p>Wie die Arbeit des Beratungsgremium im Detail aussieht und &uuml;ber welche Motivideen diskutiert wird, ist streng vertraulich. Die Arbeit l&auml;uft noch bis Ende des Jahres. Danach entscheidet der EZB-Rat, welcher Vorschlag in einem Designwettbewerb weiterverfolgt werden soll. Voraussichtlich 2026 erfolgt dann die finale Entscheidung des EZB-Rats &uuml;ber das Design der neuen Geldscheine. Pereira&#58; &bdquo;Mein Ziel ist es, dass jede Europ&auml;erin und jeder Europ&auml;er ein St&uuml;ck Artenvielfalt im Portemonnaie dabei hat.&ldquo;<\/p>\n<\/div>\n                            <\/div>\n                        <\/div>\n    <\/div>\n<\/div>\n\n<div class=\"textbildrepeater pb-24 pt-0 no-bg modulclass \" id=\"\">\n    <div class=\"container\">\n        <div class=\"row\">\n                                                                <div class=\"pb-24   mod_text  col-md-12 offset-md-0 pos_top\">\n                            <div class=\"textrepeater \" id=\"\">\n    <h3>Ansprechpartner:<\/h3>\n<p><strong>Prof. Dr. Henrique Miguel Pereira<\/strong><br \/>\nForschungsgruppenleiter Biodiversit\u00e4t und Naturschutz<br \/>\nDeutsches Zentrum f\u00fcr integrative Biodiversit\u00e4tsforschung (iDiv) Halle-Jena-Leipzig<br \/>\nMartin-Luther-Universit\u00e4t Halle-Wittenberg (MLU)<br \/>\nTel.: +49 341 9733137<br \/>\nE-Mail: <a href=\"mai&#108;&#116;&#111;&#58;&#x68;&#x65;&#x6e;&#x72;&#x69;&#x71;&#x75;e&#46;p&#101;&#114;&#101;&#105;&#114;&#x61;&#x40;&#x69;&#x64;&#x69;&#x76;&#46;de\">h&#101;&#x6e;&#x72;&#x69;q&#117;&#101;&#x2e;&#x70;e&#114;&#101;&#x69;&#x72;a&#64;&#105;&#x64;&#x69;&#x76;&#46;&#100;&#x65;<\/a><\/p>\n<\/div>\n                            <\/div>\n                        <\/div>\n    <\/div>\n<\/div>\n\n<div class=\"textbildrepeater pb-24 pt-0 no-bg modulclass \" id=\"\">\n    <div class=\"container\">\n        <div class=\"row\">\n                                                                <div class=\"pb-24   mod_text  col-md-12 offset-md-0 pos_top\">\n                            <div class=\"textrepeater \" id=\"\">\n    <p><em>Hinweis f\u00fcr die Medien: Die von iDiv bereitgestellten Bilder d\u00fcrfen ausschlie\u00dflich f\u00fcr die Berichterstattung im Zusammenhang mit dieser Medienmitteilung und unter Angabe des\/der Urhebers\/in verwendet werden.<\/em><\/p>\n<\/div>\n                            <\/div>\n                        <\/div>\n    <\/div>\n<\/div>","protected":false},"excerpt":{"rendered":"<p>Basiert auf einem Beitrag in Campus Hallensis, dem Campus-Magazin der Martin-Luther-Universit&auml;t Halle-Wittenberg (MLU)<br \/>\nWenn es nach Prof. Dr. Henrique Pereira geht, tragen die Menschen in Europa k&uuml;nftig ein St&uuml;ck Biodiversit&auml;t im Geldbeutel. Der &Ouml;kologe ist Teil der &bdquo;Motifs Advisory Group&ldquo; der Europ&auml;ischen Zentralbank (EZB). Ihre Aufgabe ist es, Motive vorzuschlagen, die auf der n&auml;chsten Generation der Euronoten zu sehen sind.<\/p>\n","protected":false},"author":1,"featured_media":0,"comment_status":"closed","ping_status":"closed","sticky":false,"template":"","format":"standard","meta":{"_acf_changed":false,"advgb_blocks_editor_width":"","advgb_blocks_columns_visual_guide":"","footnotes":"","_links_to":"","_links_to_target":""},"categories":[33,29,53,30],"tags":[],"class_list":["post-12946","post","type-post","status-publish","format-standard","hentry","category-biodiversitaet-und-naturschutz","category-medienmitteilung","category-mlu-news-de","category-top-news-de-2"],"acf":{"thumb":4981,"thumbmobile":"","copyright":"Stefan Bernhardt \/ iDiv","breadcrumb":true},"yoast_head":"<!-- This site is optimized with the Yoast SEO plugin v27.4 - https:\/\/yoast.com\/product\/yoast-seo-wordpress\/ -->\n<title>Was haben V&ouml;gel und Fl&uuml;sse mit Euroscheinen zu tun? | iDiv<\/title>\n<meta name=\"robots\" content=\"index, follow, max-snippet:-1, max-image-preview:large, max-video-preview:-1\" \/>\n<link rel=\"canonical\" href=\"https:\/\/www.idiv.de\/de\/was-haben-vgel-und-flsse-mit-euroscheinen-zu-tun\/\" \/>\n<meta property=\"og:locale\" content=\"de_DE\" \/>\n<meta property=\"og:type\" content=\"article\" \/>\n<meta property=\"og:title\" content=\"Was haben V&ouml;gel und Fl&uuml;sse mit Euroscheinen zu tun? | iDiv\" \/>\n<meta property=\"og:description\" content=\"Basiert auf einem Beitrag in Campus Hallensis, dem Campus-Magazin der Martin-Luther-Universit&auml;t Halle-Wittenberg (MLU) Wenn es nach Prof. Dr. Henrique Pereira geht, tragen die Menschen in Europa k&uuml;nftig ein St&uuml;ck Biodiversit&auml;t im Geldbeutel. Der &Ouml;kologe ist Teil der &bdquo;Motifs Advisory Group&ldquo; der Europ&auml;ischen Zentralbank (EZB). Ihre Aufgabe ist es, Motive vorzuschlagen, die auf der n&auml;chsten Generation der Euronoten zu sehen sind.\" \/>\n<meta property=\"og:url\" content=\"https:\/\/www.idiv.de\/de\/was-haben-vgel-und-flsse-mit-euroscheinen-zu-tun\/\" \/>\n<meta property=\"og:site_name\" content=\"iDiv\" \/>\n<meta property=\"article:published_time\" content=\"2024-03-25T23:00:00+00:00\" \/>\n<meta property=\"article:modified_time\" content=\"2025-09-29T10:19:54+00:00\" \/>\n<meta property=\"og:image\" content=\"https:\/\/www.idiv.de\/wp-content\/uploads\/2024\/11\/iDivSocialMediaShare.jpg\" \/>\n\t<meta property=\"og:image:width\" content=\"1200\" \/>\n\t<meta property=\"og:image:height\" content=\"675\" \/>\n\t<meta property=\"og:image:type\" content=\"image\/jpeg\" \/>\n<meta name=\"author\" content=\"admin\" \/>\n<meta name=\"twitter:card\" content=\"summary_large_image\" \/>\n<meta name=\"twitter:creator\" content=\"@idiv\" \/>\n<meta name=\"twitter:site\" content=\"@idiv\" \/>\n<script type=\"application\/ld+json\" class=\"yoast-schema-graph\">{\"@context\":\"https:\\\/\\\/schema.org\",\"@graph\":[{\"@type\":\"Article\",\"@id\":\"https:\\\/\\\/www.idiv.de\\\/de\\\/was-haben-vgel-und-flsse-mit-euroscheinen-zu-tun\\\/#article\",\"isPartOf\":{\"@id\":\"https:\\\/\\\/www.idiv.de\\\/de\\\/was-haben-vgel-und-flsse-mit-euroscheinen-zu-tun\\\/\"},\"author\":{\"name\":\"admin\",\"@id\":\"https:\\\/\\\/www.idiv.de\\\/de\\\/#\\\/schema\\\/person\\\/14228c09f1919627a633555952e15fc0\"},\"headline\":\"Was haben V&ouml;gel und Fl&uuml;sse mit Euroscheinen zu tun?\",\"datePublished\":\"2024-03-25T23:00:00+00:00\",\"dateModified\":\"2025-09-29T10:19:54+00:00\",\"mainEntityOfPage\":{\"@id\":\"https:\\\/\\\/www.idiv.de\\\/de\\\/was-haben-vgel-und-flsse-mit-euroscheinen-zu-tun\\\/\"},\"wordCount\":13,\"publisher\":{\"@id\":\"https:\\\/\\\/www.idiv.de\\\/de\\\/#organization\"},\"articleSection\":[\"Biodiversit\u00e4t und Naturschutz\",\"Medienmitteilung\",\"MLU News\",\"TOP NEWS\"],\"inLanguage\":\"de\"},{\"@type\":\"WebPage\",\"@id\":\"https:\\\/\\\/www.idiv.de\\\/de\\\/was-haben-vgel-und-flsse-mit-euroscheinen-zu-tun\\\/\",\"url\":\"https:\\\/\\\/www.idiv.de\\\/de\\\/was-haben-vgel-und-flsse-mit-euroscheinen-zu-tun\\\/\",\"name\":\"Was haben V&ouml;gel und Fl&uuml;sse mit Euroscheinen zu tun? | iDiv\",\"isPartOf\":{\"@id\":\"https:\\\/\\\/www.idiv.de\\\/de\\\/#website\"},\"datePublished\":\"2024-03-25T23:00:00+00:00\",\"dateModified\":\"2025-09-29T10:19:54+00:00\",\"breadcrumb\":{\"@id\":\"https:\\\/\\\/www.idiv.de\\\/de\\\/was-haben-vgel-und-flsse-mit-euroscheinen-zu-tun\\\/#breadcrumb\"},\"inLanguage\":\"de\",\"potentialAction\":[{\"@type\":\"ReadAction\",\"target\":[\"https:\\\/\\\/www.idiv.de\\\/de\\\/was-haben-vgel-und-flsse-mit-euroscheinen-zu-tun\\\/\"]}]},{\"@type\":\"BreadcrumbList\",\"@id\":\"https:\\\/\\\/www.idiv.de\\\/de\\\/was-haben-vgel-und-flsse-mit-euroscheinen-zu-tun\\\/#breadcrumb\",\"itemListElement\":[{\"@type\":\"ListItem\",\"position\":1,\"name\":\"Startseite\",\"item\":\"https:\\\/\\\/www.idiv.de\\\/de\\\/\"},{\"@type\":\"ListItem\",\"position\":2,\"name\":\"Was haben V&ouml;gel und Fl&uuml;sse mit Euroscheinen zu tun?\"}]},{\"@type\":\"WebSite\",\"@id\":\"https:\\\/\\\/www.idiv.de\\\/de\\\/#website\",\"url\":\"https:\\\/\\\/www.idiv.de\\\/de\\\/\",\"name\":\"iDiv\",\"description\":\"Hotspot in Biodiversity Research\",\"publisher\":{\"@id\":\"https:\\\/\\\/www.idiv.de\\\/de\\\/#organization\"},\"potentialAction\":[{\"@type\":\"SearchAction\",\"target\":{\"@type\":\"EntryPoint\",\"urlTemplate\":\"https:\\\/\\\/www.idiv.de\\\/de\\\/?s={search_term_string}\"},\"query-input\":{\"@type\":\"PropertyValueSpecification\",\"valueRequired\":true,\"valueName\":\"search_term_string\"}}],\"inLanguage\":\"de\"},{\"@type\":\"Organization\",\"@id\":\"https:\\\/\\\/www.idiv.de\\\/de\\\/#organization\",\"name\":\"idiv\",\"url\":\"https:\\\/\\\/www.idiv.de\\\/de\\\/\",\"logo\":{\"@type\":\"ImageObject\",\"inLanguage\":\"de\",\"@id\":\"https:\\\/\\\/www.idiv.de\\\/de\\\/#\\\/schema\\\/logo\\\/image\\\/\",\"url\":\"https:\\\/\\\/www.idiv.de\\\/wp-content\\\/uploads\\\/2024\\\/08\\\/iDiv_Logo_long_v1_EN_black_4c.jpg\",\"contentUrl\":\"https:\\\/\\\/www.idiv.de\\\/wp-content\\\/uploads\\\/2024\\\/08\\\/iDiv_Logo_long_v1_EN_black_4c.jpg\",\"width\":2448,\"height\":674,\"caption\":\"idiv\"},\"image\":{\"@id\":\"https:\\\/\\\/www.idiv.de\\\/de\\\/#\\\/schema\\\/logo\\\/image\\\/\"},\"sameAs\":[\"https:\\\/\\\/x.com\\\/idiv\",\"https:\\\/\\\/www.linkedin.com\\\/company\\\/idiv-biodiversity\\\/\",\"https:\\\/\\\/www.youtube.com\\\/idiv-research\"]},{\"@type\":\"Person\",\"@id\":\"https:\\\/\\\/www.idiv.de\\\/de\\\/#\\\/schema\\\/person\\\/14228c09f1919627a633555952e15fc0\",\"name\":\"admin\",\"url\":\"https:\\\/\\\/www.idiv.de\\\/de\\\/author\\\/admin\\\/\"}]}<\/script>\n<!-- \/ Yoast SEO plugin. -->","yoast_head_json":{"title":"Was haben V&ouml;gel und Fl&uuml;sse mit Euroscheinen zu tun? | iDiv","robots":{"index":"index","follow":"follow","max-snippet":"max-snippet:-1","max-image-preview":"max-image-preview:large","max-video-preview":"max-video-preview:-1"},"canonical":"https:\/\/www.idiv.de\/de\/was-haben-vgel-und-flsse-mit-euroscheinen-zu-tun\/","og_locale":"de_DE","og_type":"article","og_title":"Was haben V&ouml;gel und Fl&uuml;sse mit Euroscheinen zu tun? | iDiv","og_description":"Basiert auf einem Beitrag in Campus Hallensis, dem Campus-Magazin der Martin-Luther-Universit&auml;t Halle-Wittenberg (MLU) Wenn es nach Prof. Dr. Henrique Pereira geht, tragen die Menschen in Europa k&uuml;nftig ein St&uuml;ck Biodiversit&auml;t im Geldbeutel. Der &Ouml;kologe ist Teil der &bdquo;Motifs Advisory Group&ldquo; der Europ&auml;ischen Zentralbank (EZB). Ihre Aufgabe ist es, Motive vorzuschlagen, die auf der n&auml;chsten Generation der Euronoten zu sehen sind.","og_url":"https:\/\/www.idiv.de\/de\/was-haben-vgel-und-flsse-mit-euroscheinen-zu-tun\/","og_site_name":"iDiv","article_published_time":"2024-03-25T23:00:00+00:00","article_modified_time":"2025-09-29T10:19:54+00:00","og_image":[{"width":1200,"height":675,"url":"https:\/\/www.idiv.de\/wp-content\/uploads\/2024\/11\/iDivSocialMediaShare.jpg","type":"image\/jpeg"}],"author":"admin","twitter_card":"summary_large_image","twitter_creator":"@idiv","twitter_site":"@idiv","schema":{"@context":"https:\/\/schema.org","@graph":[{"@type":"Article","@id":"https:\/\/www.idiv.de\/de\/was-haben-vgel-und-flsse-mit-euroscheinen-zu-tun\/#article","isPartOf":{"@id":"https:\/\/www.idiv.de\/de\/was-haben-vgel-und-flsse-mit-euroscheinen-zu-tun\/"},"author":{"name":"admin","@id":"https:\/\/www.idiv.de\/de\/#\/schema\/person\/14228c09f1919627a633555952e15fc0"},"headline":"Was haben V&ouml;gel und Fl&uuml;sse mit Euroscheinen zu tun?","datePublished":"2024-03-25T23:00:00+00:00","dateModified":"2025-09-29T10:19:54+00:00","mainEntityOfPage":{"@id":"https:\/\/www.idiv.de\/de\/was-haben-vgel-und-flsse-mit-euroscheinen-zu-tun\/"},"wordCount":13,"publisher":{"@id":"https:\/\/www.idiv.de\/de\/#organization"},"articleSection":["Biodiversit\u00e4t und Naturschutz","Medienmitteilung","MLU News","TOP NEWS"],"inLanguage":"de"},{"@type":"WebPage","@id":"https:\/\/www.idiv.de\/de\/was-haben-vgel-und-flsse-mit-euroscheinen-zu-tun\/","url":"https:\/\/www.idiv.de\/de\/was-haben-vgel-und-flsse-mit-euroscheinen-zu-tun\/","name":"Was haben V&ouml;gel und Fl&uuml;sse mit Euroscheinen zu tun? | iDiv","isPartOf":{"@id":"https:\/\/www.idiv.de\/de\/#website"},"datePublished":"2024-03-25T23:00:00+00:00","dateModified":"2025-09-29T10:19:54+00:00","breadcrumb":{"@id":"https:\/\/www.idiv.de\/de\/was-haben-vgel-und-flsse-mit-euroscheinen-zu-tun\/#breadcrumb"},"inLanguage":"de","potentialAction":[{"@type":"ReadAction","target":["https:\/\/www.idiv.de\/de\/was-haben-vgel-und-flsse-mit-euroscheinen-zu-tun\/"]}]},{"@type":"BreadcrumbList","@id":"https:\/\/www.idiv.de\/de\/was-haben-vgel-und-flsse-mit-euroscheinen-zu-tun\/#breadcrumb","itemListElement":[{"@type":"ListItem","position":1,"name":"Startseite","item":"https:\/\/www.idiv.de\/de\/"},{"@type":"ListItem","position":2,"name":"Was haben V&ouml;gel und Fl&uuml;sse mit Euroscheinen zu tun?"}]},{"@type":"WebSite","@id":"https:\/\/www.idiv.de\/de\/#website","url":"https:\/\/www.idiv.de\/de\/","name":"iDiv","description":"Hotspot in Biodiversity Research","publisher":{"@id":"https:\/\/www.idiv.de\/de\/#organization"},"potentialAction":[{"@type":"SearchAction","target":{"@type":"EntryPoint","urlTemplate":"https:\/\/www.idiv.de\/de\/?s={search_term_string}"},"query-input":{"@type":"PropertyValueSpecification","valueRequired":true,"valueName":"search_term_string"}}],"inLanguage":"de"},{"@type":"Organization","@id":"https:\/\/www.idiv.de\/de\/#organization","name":"idiv","url":"https:\/\/www.idiv.de\/de\/","logo":{"@type":"ImageObject","inLanguage":"de","@id":"https:\/\/www.idiv.de\/de\/#\/schema\/logo\/image\/","url":"https:\/\/www.idiv.de\/wp-content\/uploads\/2024\/08\/iDiv_Logo_long_v1_EN_black_4c.jpg","contentUrl":"https:\/\/www.idiv.de\/wp-content\/uploads\/2024\/08\/iDiv_Logo_long_v1_EN_black_4c.jpg","width":2448,"height":674,"caption":"idiv"},"image":{"@id":"https:\/\/www.idiv.de\/de\/#\/schema\/logo\/image\/"},"sameAs":["https:\/\/x.com\/idiv","https:\/\/www.linkedin.com\/company\/idiv-biodiversity\/","https:\/\/www.youtube.com\/idiv-research"]},{"@type":"Person","@id":"https:\/\/www.idiv.de\/de\/#\/schema\/person\/14228c09f1919627a633555952e15fc0","name":"admin","url":"https:\/\/www.idiv.de\/de\/author\/admin\/"}]}},"author_meta":{"display_name":"admin","author_link":"https:\/\/www.idiv.de\/de\/author\/admin\/"},"featured_img":null,"coauthors":[],"tax_additional":{"categories":{"linked":["<a href=\"https:\/\/www.idiv.de\/de\/kategorie\/forschung\/biodiversitaet-und-naturschutz\/\" class=\"advgb-post-tax-term\">Biodiversit\u00e4t und Naturschutz<\/a>","<a href=\"https:\/\/www.idiv.de\/de\/kategorie\/medienmitteilung\/\" class=\"advgb-post-tax-term\">Medienmitteilung<\/a>","<a href=\"https:\/\/www.idiv.de\/de\/kategorie\/mlu-news-de\/\" class=\"advgb-post-tax-term\">MLU News<\/a>","<a href=\"https:\/\/www.idiv.de\/de\/kategorie\/top-news-de-2\/\" class=\"advgb-post-tax-term\">TOP NEWS<\/a>"],"unlinked":["<span class=\"advgb-post-tax-term\">Biodiversit\u00e4t und Naturschutz<\/span>","<span class=\"advgb-post-tax-term\">Medienmitteilung<\/span>","<span class=\"advgb-post-tax-term\">MLU News<\/span>","<span class=\"advgb-post-tax-term\">TOP NEWS<\/span>"]}},"comment_count":0,"relative_dates":{"created":"Ver\u00f6ffentlicht 2\u00a0Jahren vor","modified":"Aktualisiert 7\u00a0Monaten vor"},"absolute_dates":{"created":"Ver\u00f6ffentlicht am 26. M\u00e4rz 2024","modified":"Aktualisiert am 29. September 2025"},"absolute_dates_time":{"created":"Ver\u00f6ffentlicht am 26. M\u00e4rz 2024 0:00","modified":"Aktualisiert am 29. September 2025 11:19"},"featured_img_caption":"","series_order":"","_links":{"self":[{"href":"https:\/\/www.idiv.de\/de\/wp-json\/wp\/v2\/posts\/12946","targetHints":{"allow":["GET"]}}],"collection":[{"href":"https:\/\/www.idiv.de\/de\/wp-json\/wp\/v2\/posts"}],"about":[{"href":"https:\/\/www.idiv.de\/de\/wp-json\/wp\/v2\/types\/post"}],"author":[{"embeddable":true,"href":"https:\/\/www.idiv.de\/de\/wp-json\/wp\/v2\/users\/1"}],"replies":[{"embeddable":true,"href":"https:\/\/www.idiv.de\/de\/wp-json\/wp\/v2\/comments?post=12946"}],"version-history":[{"count":5,"href":"https:\/\/www.idiv.de\/de\/wp-json\/wp\/v2\/posts\/12946\/revisions"}],"predecessor-version":[{"id":35703,"href":"https:\/\/www.idiv.de\/de\/wp-json\/wp\/v2\/posts\/12946\/revisions\/35703"}],"wp:attachment":[{"href":"https:\/\/www.idiv.de\/de\/wp-json\/wp\/v2\/media?parent=12946"}],"wp:term":[{"taxonomy":"category","embeddable":true,"href":"https:\/\/www.idiv.de\/de\/wp-json\/wp\/v2\/categories?post=12946"},{"taxonomy":"post_tag","embeddable":true,"href":"https:\/\/www.idiv.de\/de\/wp-json\/wp\/v2\/tags?post=12946"}],"curies":[{"name":"wp","href":"https:\/\/api.w.org\/{rel}","templated":true}]}}