{"id":12924,"date":"2024-02-22T00:00:00","date_gmt":"2024-02-21T23:00:00","guid":{"rendered":"https:\/\/idiv.caf-dev.de\/immer-hnlicher-oder-immer-unterschiedlicher-fr-die-biologische-vielfalt-trifft-beides-zu\/"},"modified":"2025-07-08T08:58:08","modified_gmt":"2025-07-08T07:58:08","slug":"immer-hnlicher-oder-immer-unterschiedlicher-fr-die-biologische-vielfalt-trifft-beides-zu","status":"publish","type":"post","link":"https:\/\/www.idiv.de\/de\/immer-hnlicher-oder-immer-unterschiedlicher-fr-die-biologische-vielfalt-trifft-beides-zu\/","title":{"rendered":"Immer &auml;hnlicher oder immer unterschiedlicher? F&uuml;r die biologische Vielfalt trifft beides zu"},"content":{"rendered":"<div class=\"herosection pb-24 pt-0 no-bg modulclass \" id=\"\">\n                    <div class=\"swiper1noslider  nooverflow swiper \" id=\"slide_69f51134918fd\">\n        \n                <div class=\"swiper-wrapper\">\n                                            <div class=\"swiper-slide  style_ \" aria-hidden=\"true\" >\n                            <div class=\"backstretchwrap\">\n                        \n                            <div datasrc=\"https:\/\/www.idiv.de\/wp-content\/uploads\/2024\/08\/pic_a43c03c87620240215095524.jpg\" class=\"backstretchimg responsiv desktop\"><\/div>\n\n                            <a href=\"#\" class=\"cr\"><svg  xmlns=\"http:\/\/www.w3.org\/2000\/svg\" width=\"22\" height=\"22\" viewBox=\"0 0 22 22\">\n                                    <rect id=\"BG\" width=\"22\" height=\"22\" rx=\"11\" fill=\"#fff\"\/>\n                                    <g id=\"Wrapper\" transform=\"translate(-1 -1)\">\n                                        <g id=\"Icon_material-copyright\" data-name=\"Icon material-copyright\">\n                                            <circle id=\"Ellipse_30\" data-name=\"Ellipse 30\" cx=\"8\" cy=\"8\" r=\"8\" transform=\"translate(4 4)\" fill=\"#fff\"\/>\n                                            <path id=\"Icon_material-copyright-2\" data-name=\"Icon material-copyright\" d=\"M9.464,10.088a2.045,2.045,0,0,1,.24-.7,1.4,1.4,0,0,1,.472-.5,1.42,1.42,0,0,1,.728-.184,1.45,1.45,0,0,1,.5.1,1.29,1.29,0,0,1,.416.288,1.54,1.54,0,0,1,.272.424,1.4,1.4,0,0,1,.112.512H13.64a2.864,2.864,0,0,0-.224-1.032,2.4,2.4,0,0,0-.56-.808,2.613,2.613,0,0,0-.864-.528,3.09,3.09,0,0,0-1.112-.184,3.127,3.127,0,0,0-1.36.272,2.751,2.751,0,0,0-.96.736,3.007,3.007,0,0,0-.568,1.088A4.685,4.685,0,0,0,7.8,10.9v.216a4.684,4.684,0,0,0,.184,1.312,2.908,2.908,0,0,0,.568,1.08,2.731,2.731,0,0,0,.96.728,3.246,3.246,0,0,0,1.36.272,3.051,3.051,0,0,0,1.056-.184,2.729,2.729,0,0,0,.864-.5,2.442,2.442,0,0,0,.592-.752,2.153,2.153,0,0,0,.24-.92H12.192a1.139,1.139,0,0,1-.12.464,1.177,1.177,0,0,1-.288.368,1.26,1.26,0,0,1-.416.24,1.589,1.589,0,0,1-.48.08,1.359,1.359,0,0,1-.712-.184,1.4,1.4,0,0,1-.472-.5,2.09,2.09,0,0,1-.24-.7,5.392,5.392,0,0,1-.064-.8V10.9a5.33,5.33,0,0,1,.064-.808ZM11,3a8,8,0,1,0,8,8A8,8,0,0,0,11,3Zm0,14.4A6.4,6.4,0,1,1,17.4,11,6.408,6.408,0,0,1,11,17.4Z\" transform=\"translate(1 1)\" fill=\"#4d4d4d\"\/>\n                                        <\/g>\n                                    <\/g>\n                                <\/svg>\n                                <span>M. Murphy<\/span><\/a>                        \n                                                    <\/div>\n                                        <div class=\"sliderinhalt \" role=\"region\" aria-label=\"carousel\">\n\n                                            <h1 class=\"h1 tleft\" >Immer &auml;hnlicher oder immer unterschiedlicher? F&uuml;r die biologische Vielfalt trifft beides zu<\/h1>                                                    <p style=\"text-align: center;\">Die Ergebnisse widersprechen einer weit verbreiteten Erwartung in der Wissenschaft<\/p>\n                                                \n                                                                                                            <\/div>\n                                            <\/div>\n\n                        \n                 <\/div>\n\n                              <\/div>\n<\/div>\n\n<div class=\"textbildrepeater pb-24 pt-0 no-bg modulclass \" id=\"\">\n    <div class=\"container\">\n        <div class=\"row\">\n                                                                <div class=\"pb-24   mod_text  col-md-6 offset-md-0 pos_top\">\n                            <div class=\"textrepeater \" id=\"\">\n    <p>22.02.2024 | Biodiversity Synthesis, Research, TOP NEWS<\/p>\n<\/div>\n                            <\/div>\n                        <\/div>\n    <\/div>\n<\/div>\n\n<div class=\"textbildrepeater pb-24 pt-0 no-bg modulclass \" id=\"\">\n    <div class=\"container\">\n        <div class=\"row\">\n                                                                <div class=\"pb-24   mod_text  col-md-12 offset-md-0 pos_top\">\n                            <div class=\"textrepeater \" id=\"\">\n    <p>Die Tendenzen von Artengemeinschaften, sich &auml;hnlicher oder un&auml;hnlicher zu werden &ndash; biotische Homogenisierung und Differenzierung &ndash; halten sich in etwa die Waage, so eine neue Studie, die in Science Advances ver&ouml;ffentlicht wurde. Die Studie liefert erstmalig eine umfassende Bewertung, wie lokale und regionale Ver&auml;nderungen von Artengemeinschaften &uuml;ber lange Zeitr&auml;ume zusammenwirken.<\/p>\n<\/div>\n                            <\/div>\n                        <\/div>\n    <\/div>\n<\/div>\n\n<div class=\"textbildrepeater pb-24 pt-0 no-bg modulclass \" id=\"\">\n    <div class=\"container\">\n        <div class=\"row\">\n                                                                <div class=\"pb-24   mod_text  col-md-12 offset-md-0 pos_top\">\n                            <div class=\"textrepeater \" id=\"\">\n    <p>Unter der Leitung des Deutschen Zentrums f&uuml;r integrative Biodiversit&auml;tsforschung (iDiv) und der Martin-Luther-Universit&auml;t Halle-Wittenberg (MLU) analysierten die Forscherinnen und Forscher 527 Datens&auml;tze, von denen einige bis zu 500 Jahre alt sind und die in &Ouml;kosystemen wie Savannen, Wiesen oder Korallenriffen gesammelt wurden.<\/p>\n<p>&bdquo;Man geht davon aus, dass ein entscheidendes Merkmal der Biodiversit&auml;tskrise ist, dass sich Artengemeinschaften immer &auml;hnlicher werden. Das wollten wir auf den Pr&uuml;fstand stellen,&ldquo; sagt Erstautor Dr. Shane Blowes von iDiv und MLU. &bdquo;Daf&uuml;r haben wir ein klassisches Ma&szlig; f&uuml;r skalenabh&auml;ngige Ver&auml;nderungen der biologischen Vielfalt mit einer gro&szlig;en Menge an Daten kombiniert. Wir fanden heraus, dass Lebensgemeinschaften im Laufe der Zeit als Antwort auf das menschliche Einwirken auf die Umwelt genauso h&auml;ufig &auml;hnlicher wie unterschiedlicher werden.&ldquo;<\/p>\n<h3>Viele Ver&auml;nderungen heben sich gegenseitig auf<\/h3>\n<p>Bei der Analyse wurden sowohl die Ver&auml;nderungen der Anzahl verschiedener Arten (Artenreichtum) an einem einzigen Standort ber&uuml;cksichtigt, als auch Ver&auml;nderungen an mehreren Standorten innerhalb einer Landschaft oder geografischen Region. Auf diese Weise konnten die Forschenden feststellen, ob die Artenzusammensetzung an den verschiedenen Orten eher &auml;hnlicher oder unterschiedlicher geworden ist.<\/p>\n<p>Sie stellten fest, dass auch wenn die Zahl der Arten an vielen Standorten zu- oder auch abnahm, sich die r&auml;umliche Variation der Artenzusammensetzung in den meisten F&auml;llen nicht ver&auml;nderte. Tats&auml;chlich waren die Nettotrends bei der r&auml;umlichen Variation der Artenzusammensetzung so schwach, dass sie oft nicht von Null zu unterscheiden waren.&nbsp;<\/p>\n<p>Betrachtete man einen gro&szlig;en Zeitraum von mehreren Hundert Jahren, zeigten die Daten einen schwachen Trend zur Homogenisierung in gr&ouml;&szlig;eren Regionen. Dieser ist vor allem auf die zunehmende Zahl weit verbreiteter Arten in den Gemeinschaften zur&uuml;ckzuf&uuml;hren. Allerdings wurde dieser Trend durch die Differenzierung der Gemeinschaften auf lokaler Ebene ausgeglichen. Diese Ergebnisse waren f&uuml;r alle Lebewesen gleich, von Fischen &uuml;ber V&ouml;gel bis hin zu Pflanzen und S&auml;ugetieren.<\/p>\n<p>Studien &uuml;ber den Wandel der Biodiversit&auml;t zeichnen ein komplexes Bild, und Forscherinnen und Forscher sind oft uneinig dar&uuml;ber, wie Arten auf vom Menschen verursachte Ver&auml;nderungen reagieren. Viele Wissenschaftler denken, dass biotische Homogenisierung ein weit verbreitetes Ph&auml;nomen ist.<\/p>\n<p>&bdquo;Unsere Analyse zeigt, wie komplex das Thema ist&ldquo;, erkl&auml;rt Professor Jonathan Chase, Seniorautor der neuen Studie und Forschungsgruppenleiter bei iDiv und an der MLU. &bdquo;Unsere Ergebnisse bedeuten nicht, dass es keine gravierenden Ver&auml;nderungen gibt, aber wir m&uuml;ssen uns von der Annahme verabschieden, dass sich Biodiversit&auml;t vor allem in Form von Homogenisierung ver&auml;ndert.&rdquo;<\/p>\n<h3>Biodiversit&auml;tswandel verstehen um Biodiversit&auml;t zu sch&uuml;tzen<\/h3>\n<p>Die Forscherinnen und Forscher beschreiben in ihrer Studie auch verschiedene Szenarien, wie sich Artengemeinschaften ver&auml;ndern k&ouml;nnen&#58; Homogenisierung passiert zum Beispiel dann, wenn sich Arten ausbreiten und an immer mehr Orten vorkommen. Das Verschwinden h&auml;ufiger Arten an manchen &ndash; aber nicht allen &ndash; Orten f&uuml;hrt dagegen zu einer Differenzierung.<\/p>\n<p>Diese Szenarien machen deutlich, dass selbst kleine Ver&auml;nderungen eine Artengemeinschaft entweder in Richtung Homogenisierung oder Differenzierung kippen lassen k&ouml;nnen. Ursachen k&ouml;nnen zum Beispiel die Fragmentierung von Landschaften durch Stra&szlig;en oder Z&auml;une sein, der Klimawandel, der Arten zwingt, ihr Verbreitungsgebiet zu verlagern, oder die Einf&uuml;hrung gebietsfremder Pflanzen und Tiere. So etwa der Rote Amerikanische Sumpfkrebs (Procambarus clarkii), der im Norden Mexikos und im S&uuml;dosten der USA beheimatet ist. Sein Ausbreiten auch in deutschen Gew&auml;ssern treibt die Homogenisierung voran.<\/p>\n<p>&bdquo;Wir stellen immer h&auml;ufiger fest, dass viele gef&auml;hrdete Arten an mehreren Standorten oder auf Landschaftsebene gesch&uuml;tzt werden m&uuml;ssen&ldquo;, f&uuml;gt Blowes hinzu. &bdquo;Mit unserer Studie zeigen wir, wie ein einfaches Konzept dazu beitragen kann, das Monitoring der Biodiversit&auml;t zu verbessern, n&auml;mlich indem wir durch die Einbeziehung verschiedener Ebenen zu einem besseren und umfassenderen Verst&auml;ndnis des Biodiversit&auml;tswandels kommen.&rdquo;<\/p>\n<p><strong>Originalpublikation<br \/><\/strong>(Wissenschaftlerinnen und Wissenschaftler mit iDiv-Affiliation und Alumni fett)<\/p>\n<p><strong>Shane A. Blowes<\/strong>, Brian McGill, Viviana Brambilla, Cher F. Y. Chow, <strong>Thore Engel<\/strong>, Ada Fontrodona-Eslava, <strong>Ine\u0302s S. Martins<\/strong>, Daniel McGlinn, Faye Moyes, <strong>Alban Sagouis<\/strong>, Hideyasu Shimadzu, <strong>Roel van Klink,<\/strong> <strong>Wu-Bing Xu<\/strong>, Nicholas J. Gotelli, Anne Magurran, Maria Dornelas, <strong>Jonathan M. Chase<\/strong> (2024). Synthesis reveals approximately balanced biotic differentiation and homogenization, Science Advances, DOI&#58;<a href=https&#58;\/\/www.science.org\/doi\/10.1126\/sciadv.adj9395 target=_blank rel=noopener>10.1126\/sciadv.adj9395<\/a><\/p>\n<\/div>\n                            <\/div>\n                        <\/div>\n    <\/div>\n<\/div>\n\n<div class=\"textbildrepeater pb-24 pt-0 no-bg modulclass \" id=\"\">\n    <div class=\"container\">\n        <div class=\"row\">\n                                                                <div class=\"pb-24   mod_text  col-md-12 offset-md-0 pos_top\">\n                            <div class=\"textrepeater \" id=\"\">\n    <h3>Ansprechpartner:<\/h3>\n<p><strong>Christine Coester<\/strong><br \/>\nAbteilung Medien &amp; Kommunikation<br \/>\nDeutsches Zentrum f\u00fcr integrative Biodiversit\u00e4tsforschung (iDiv) Halle-Jena-Leipzig<br \/>\nE-Mail: <a href=\"&#109;a&#x69;l&#x74;&#111;&#x3a;&#99;&#x68;&#114;i&#x73;t&#x69;&#110;&#x65;&#46;&#x63;&#111;&#x65;&#115;t&#x65;r&#x40;&#105;&#x64;&#105;&#x76;&#46;d&#x65;\">christine&#46;coester&#64;idiv&#46;d&#101;<\/a><\/p>\n<p><strong>Prof. Dr. Jonathan Chase<\/strong><br \/>\n(spricht nur Englisch)<br \/>\nLeiter der Forschungsgruppe Biodiversit\u00e4tssynthese<br \/>\nDeutsches Zentrum f\u00fcr integrative Biodiversit\u00e4tsforschung (iDiv) Halle-Jena-Leipzig<br \/>\nMartin-Luther-Universit\u00e4t Halle-Wittenberg<br \/>\nTel.: +49 341 9733120<br \/>\nE-Mail: <a href=\"mai&#108;&#116;&#111;&#x3a;&#x6a;&#x6f;&#x6e;&#x61;&#x74;han&#46;&#99;&#104;&#97;&#x73;&#x65;&#x40;&#x69;&#x64;&#x69;v&#46;d&#101;\">&#106;&#x6f;n&#97;&#x74;h&#97;&#x6e;&#46;&#x63;&#x68;&#97;&#x73;e&#64;&#x69;d&#105;&#x76;&#46;&#x64;&#x65;<\/a><\/p>\n<p><strong>Dr. Shane Blowes<\/strong><br \/>\n(spricht nur Englisch)<br \/>\nForschungsgruppe Biodiversit\u00e4tssynthese<br \/>\nDeutsches Zentrum f\u00fcr integrative Biodiversit\u00e4tsforschung (iDiv) Halle-Jena-Leipzig<br \/>\nMartin-Luther-Universit\u00e4t Halle-Wittenberg<br \/>\nTel.: +49 341 9733254<br \/>\nE-Mail: <a href=\"&#109;&#x61;&#105;&#x6c;&#116;&#x6f;&#58;&#x73;&#104;&#x61;&#110;&#x65;&#46;&#x62;l&#x6f;w&#x65;s&#x40;i&#x64;i&#118;&#x2e;&#100;&#x65;\">&#x73;&#x68;&#x61;&#x6e;&#x65;&#x2e;&#98;&#108;&#111;&#119;es&#64;i&#x64;&#x69;&#x76;&#x2e;&#x64;&#x65;<\/a><\/p>\n<\/div>\n                            <\/div>\n                        <\/div>\n    <\/div>\n<\/div>\n\n<div class=\"textbildrepeater pb-24 pt-0 no-bg modulclass \" id=\"\">\n    <div class=\"container\">\n        <div class=\"row\">\n                                                                <div class=\"pb-24   mod_text  col-md-12 offset-md-0 pos_top\">\n                            <div class=\"textrepeater \" id=\"\">\n    <p><em>Hinweis f\u00fcr die Medien: Die von iDiv bereitgestellten Bilder d\u00fcrfen ausschlie\u00dflich f\u00fcr die Berichterstattung im Zusammenhang mit dieser Medienmitteilung und unter Angabe des\/der Urhebers\/in verwendet werden.<\/em><\/p>\n<\/div>\n                            <\/div>\n                        <\/div>\n    <\/div>\n<\/div>","protected":false},"excerpt":{"rendered":"<p>Die Tendenzen von Artengemeinschaften, sich &auml;hnlicher oder un&auml;hnlicher zu werden &ndash; biotische Homogenisierung und Differenzierung &ndash; halten sich in etwa die Waage, so eine neue Studie, die in Science Advances ver&ouml;ffentlicht wurde. Die Studie liefert erstmalig eine umfassende Bewertung, wie lokale und regionale Ver&auml;nderungen von Artengemeinschaften &uuml;ber lange Zeitr&auml;ume zusammenwirken.<\/p>\n","protected":false},"author":1,"featured_media":0,"comment_status":"open","ping_status":"open","sticky":false,"template":"","format":"standard","meta":{"_acf_changed":false,"advgb_blocks_editor_width":"","advgb_blocks_columns_visual_guide":"","footnotes":"","_links_to":"","_links_to_target":""},"categories":[55,37,30],"tags":[],"class_list":["post-12924","post","type-post","status-publish","format-standard","hentry","category-biodiversitaetssynthese","category-forschung","category-top-news-de-2"],"acf":{"thumb":5035,"thumbmobile":"","copyright":"M. Murphy","breadcrumb":true},"yoast_head":"<!-- This site is optimized with the Yoast SEO plugin v27.5 - https:\/\/yoast.com\/product\/yoast-seo-wordpress\/ -->\n<title>Immer &auml;hnlicher oder immer unterschiedlicher? F&uuml;r die biologische Vielfalt trifft beides zu | iDiv<\/title>\n<meta name=\"robots\" content=\"index, follow, max-snippet:-1, max-image-preview:large, max-video-preview:-1\" \/>\n<link rel=\"canonical\" href=\"https:\/\/www.idiv.de\/de\/immer-hnlicher-oder-immer-unterschiedlicher-fr-die-biologische-vielfalt-trifft-beides-zu\/\" \/>\n<meta property=\"og:locale\" content=\"de_DE\" \/>\n<meta property=\"og:type\" content=\"article\" \/>\n<meta property=\"og:title\" content=\"Immer &auml;hnlicher oder immer unterschiedlicher? F&uuml;r die biologische Vielfalt trifft beides zu | iDiv\" \/>\n<meta property=\"og:description\" content=\"Die Tendenzen von Artengemeinschaften, sich &auml;hnlicher oder un&auml;hnlicher zu werden &ndash; biotische Homogenisierung und Differenzierung &ndash; halten sich in etwa die Waage, so eine neue Studie, die in Science Advances ver&ouml;ffentlicht wurde. Die Studie liefert erstmalig eine umfassende Bewertung, wie lokale und regionale Ver&auml;nderungen von Artengemeinschaften &uuml;ber lange Zeitr&auml;ume zusammenwirken.\" \/>\n<meta property=\"og:url\" content=\"https:\/\/www.idiv.de\/de\/immer-hnlicher-oder-immer-unterschiedlicher-fr-die-biologische-vielfalt-trifft-beides-zu\/\" \/>\n<meta property=\"og:site_name\" content=\"iDiv\" \/>\n<meta property=\"article:published_time\" content=\"2024-02-21T23:00:00+00:00\" \/>\n<meta property=\"article:modified_time\" content=\"2025-07-08T07:58:08+00:00\" \/>\n<meta property=\"og:image\" content=\"https:\/\/www.idiv.de\/wp-content\/uploads\/2024\/11\/iDivSocialMediaShare.jpg\" \/>\n\t<meta property=\"og:image:width\" content=\"1200\" \/>\n\t<meta property=\"og:image:height\" content=\"675\" \/>\n\t<meta property=\"og:image:type\" content=\"image\/jpeg\" \/>\n<meta name=\"author\" content=\"admin\" \/>\n<meta name=\"twitter:card\" content=\"summary_large_image\" \/>\n<meta name=\"twitter:creator\" content=\"@idiv\" \/>\n<meta name=\"twitter:site\" content=\"@idiv\" \/>\n<script type=\"application\/ld+json\" class=\"yoast-schema-graph\">{\"@context\":\"https:\\\/\\\/schema.org\",\"@graph\":[{\"@type\":\"Article\",\"@id\":\"https:\\\/\\\/www.idiv.de\\\/de\\\/immer-hnlicher-oder-immer-unterschiedlicher-fr-die-biologische-vielfalt-trifft-beides-zu\\\/#article\",\"isPartOf\":{\"@id\":\"https:\\\/\\\/www.idiv.de\\\/de\\\/immer-hnlicher-oder-immer-unterschiedlicher-fr-die-biologische-vielfalt-trifft-beides-zu\\\/\"},\"author\":{\"name\":\"admin\",\"@id\":\"https:\\\/\\\/www.idiv.de\\\/de\\\/#\\\/schema\\\/person\\\/14228c09f1919627a633555952e15fc0\"},\"headline\":\"Immer &auml;hnlicher oder immer unterschiedlicher? F&uuml;r die biologische Vielfalt trifft beides zu\",\"datePublished\":\"2024-02-21T23:00:00+00:00\",\"dateModified\":\"2025-07-08T07:58:08+00:00\",\"mainEntityOfPage\":{\"@id\":\"https:\\\/\\\/www.idiv.de\\\/de\\\/immer-hnlicher-oder-immer-unterschiedlicher-fr-die-biologische-vielfalt-trifft-beides-zu\\\/\"},\"wordCount\":15,\"commentCount\":0,\"publisher\":{\"@id\":\"https:\\\/\\\/www.idiv.de\\\/de\\\/#organization\"},\"articleSection\":[\"Biodiversit\u00e4tssynthese\",\"Forschung\",\"TOP NEWS\"],\"inLanguage\":\"de\"},{\"@type\":\"WebPage\",\"@id\":\"https:\\\/\\\/www.idiv.de\\\/de\\\/immer-hnlicher-oder-immer-unterschiedlicher-fr-die-biologische-vielfalt-trifft-beides-zu\\\/\",\"url\":\"https:\\\/\\\/www.idiv.de\\\/de\\\/immer-hnlicher-oder-immer-unterschiedlicher-fr-die-biologische-vielfalt-trifft-beides-zu\\\/\",\"name\":\"Immer &auml;hnlicher oder immer unterschiedlicher? F&uuml;r die biologische Vielfalt trifft beides zu | iDiv\",\"isPartOf\":{\"@id\":\"https:\\\/\\\/www.idiv.de\\\/de\\\/#website\"},\"datePublished\":\"2024-02-21T23:00:00+00:00\",\"dateModified\":\"2025-07-08T07:58:08+00:00\",\"breadcrumb\":{\"@id\":\"https:\\\/\\\/www.idiv.de\\\/de\\\/immer-hnlicher-oder-immer-unterschiedlicher-fr-die-biologische-vielfalt-trifft-beides-zu\\\/#breadcrumb\"},\"inLanguage\":\"de\",\"potentialAction\":[{\"@type\":\"ReadAction\",\"target\":[\"https:\\\/\\\/www.idiv.de\\\/de\\\/immer-hnlicher-oder-immer-unterschiedlicher-fr-die-biologische-vielfalt-trifft-beides-zu\\\/\"]}]},{\"@type\":\"BreadcrumbList\",\"@id\":\"https:\\\/\\\/www.idiv.de\\\/de\\\/immer-hnlicher-oder-immer-unterschiedlicher-fr-die-biologische-vielfalt-trifft-beides-zu\\\/#breadcrumb\",\"itemListElement\":[{\"@type\":\"ListItem\",\"position\":1,\"name\":\"Startseite\",\"item\":\"https:\\\/\\\/www.idiv.de\\\/de\\\/\"},{\"@type\":\"ListItem\",\"position\":2,\"name\":\"Immer &auml;hnlicher oder immer unterschiedlicher? F&uuml;r die biologische Vielfalt trifft beides zu\"}]},{\"@type\":\"WebSite\",\"@id\":\"https:\\\/\\\/www.idiv.de\\\/de\\\/#website\",\"url\":\"https:\\\/\\\/www.idiv.de\\\/de\\\/\",\"name\":\"iDiv\",\"description\":\"Hotspot in Biodiversity Research\",\"publisher\":{\"@id\":\"https:\\\/\\\/www.idiv.de\\\/de\\\/#organization\"},\"potentialAction\":[{\"@type\":\"SearchAction\",\"target\":{\"@type\":\"EntryPoint\",\"urlTemplate\":\"https:\\\/\\\/www.idiv.de\\\/de\\\/?s={search_term_string}\"},\"query-input\":{\"@type\":\"PropertyValueSpecification\",\"valueRequired\":true,\"valueName\":\"search_term_string\"}}],\"inLanguage\":\"de\"},{\"@type\":\"Organization\",\"@id\":\"https:\\\/\\\/www.idiv.de\\\/de\\\/#organization\",\"name\":\"idiv\",\"url\":\"https:\\\/\\\/www.idiv.de\\\/de\\\/\",\"logo\":{\"@type\":\"ImageObject\",\"inLanguage\":\"de\",\"@id\":\"https:\\\/\\\/www.idiv.de\\\/de\\\/#\\\/schema\\\/logo\\\/image\\\/\",\"url\":\"https:\\\/\\\/www.idiv.de\\\/wp-content\\\/uploads\\\/2024\\\/08\\\/iDiv_Logo_long_v1_EN_black_4c.jpg\",\"contentUrl\":\"https:\\\/\\\/www.idiv.de\\\/wp-content\\\/uploads\\\/2024\\\/08\\\/iDiv_Logo_long_v1_EN_black_4c.jpg\",\"width\":2448,\"height\":674,\"caption\":\"idiv\"},\"image\":{\"@id\":\"https:\\\/\\\/www.idiv.de\\\/de\\\/#\\\/schema\\\/logo\\\/image\\\/\"},\"sameAs\":[\"https:\\\/\\\/x.com\\\/idiv\",\"https:\\\/\\\/www.linkedin.com\\\/company\\\/idiv-biodiversity\\\/\",\"https:\\\/\\\/www.youtube.com\\\/idiv-research\"]},{\"@type\":\"Person\",\"@id\":\"https:\\\/\\\/www.idiv.de\\\/de\\\/#\\\/schema\\\/person\\\/14228c09f1919627a633555952e15fc0\",\"name\":\"admin\",\"url\":\"https:\\\/\\\/www.idiv.de\\\/de\\\/author\\\/admin\\\/\"}]}<\/script>\n<!-- \/ Yoast SEO plugin. -->","yoast_head_json":{"title":"Immer &auml;hnlicher oder immer unterschiedlicher? F&uuml;r die biologische Vielfalt trifft beides zu | iDiv","robots":{"index":"index","follow":"follow","max-snippet":"max-snippet:-1","max-image-preview":"max-image-preview:large","max-video-preview":"max-video-preview:-1"},"canonical":"https:\/\/www.idiv.de\/de\/immer-hnlicher-oder-immer-unterschiedlicher-fr-die-biologische-vielfalt-trifft-beides-zu\/","og_locale":"de_DE","og_type":"article","og_title":"Immer &auml;hnlicher oder immer unterschiedlicher? F&uuml;r die biologische Vielfalt trifft beides zu | iDiv","og_description":"Die Tendenzen von Artengemeinschaften, sich &auml;hnlicher oder un&auml;hnlicher zu werden &ndash; biotische Homogenisierung und Differenzierung &ndash; halten sich in etwa die Waage, so eine neue Studie, die in Science Advances ver&ouml;ffentlicht wurde. Die Studie liefert erstmalig eine umfassende Bewertung, wie lokale und regionale Ver&auml;nderungen von Artengemeinschaften &uuml;ber lange Zeitr&auml;ume zusammenwirken.","og_url":"https:\/\/www.idiv.de\/de\/immer-hnlicher-oder-immer-unterschiedlicher-fr-die-biologische-vielfalt-trifft-beides-zu\/","og_site_name":"iDiv","article_published_time":"2024-02-21T23:00:00+00:00","article_modified_time":"2025-07-08T07:58:08+00:00","og_image":[{"width":1200,"height":675,"url":"https:\/\/www.idiv.de\/wp-content\/uploads\/2024\/11\/iDivSocialMediaShare.jpg","type":"image\/jpeg"}],"author":"admin","twitter_card":"summary_large_image","twitter_creator":"@idiv","twitter_site":"@idiv","schema":{"@context":"https:\/\/schema.org","@graph":[{"@type":"Article","@id":"https:\/\/www.idiv.de\/de\/immer-hnlicher-oder-immer-unterschiedlicher-fr-die-biologische-vielfalt-trifft-beides-zu\/#article","isPartOf":{"@id":"https:\/\/www.idiv.de\/de\/immer-hnlicher-oder-immer-unterschiedlicher-fr-die-biologische-vielfalt-trifft-beides-zu\/"},"author":{"name":"admin","@id":"https:\/\/www.idiv.de\/de\/#\/schema\/person\/14228c09f1919627a633555952e15fc0"},"headline":"Immer &auml;hnlicher oder immer unterschiedlicher? F&uuml;r die biologische Vielfalt trifft beides zu","datePublished":"2024-02-21T23:00:00+00:00","dateModified":"2025-07-08T07:58:08+00:00","mainEntityOfPage":{"@id":"https:\/\/www.idiv.de\/de\/immer-hnlicher-oder-immer-unterschiedlicher-fr-die-biologische-vielfalt-trifft-beides-zu\/"},"wordCount":15,"commentCount":0,"publisher":{"@id":"https:\/\/www.idiv.de\/de\/#organization"},"articleSection":["Biodiversit\u00e4tssynthese","Forschung","TOP NEWS"],"inLanguage":"de"},{"@type":"WebPage","@id":"https:\/\/www.idiv.de\/de\/immer-hnlicher-oder-immer-unterschiedlicher-fr-die-biologische-vielfalt-trifft-beides-zu\/","url":"https:\/\/www.idiv.de\/de\/immer-hnlicher-oder-immer-unterschiedlicher-fr-die-biologische-vielfalt-trifft-beides-zu\/","name":"Immer &auml;hnlicher oder immer unterschiedlicher? F&uuml;r die biologische Vielfalt trifft beides zu | iDiv","isPartOf":{"@id":"https:\/\/www.idiv.de\/de\/#website"},"datePublished":"2024-02-21T23:00:00+00:00","dateModified":"2025-07-08T07:58:08+00:00","breadcrumb":{"@id":"https:\/\/www.idiv.de\/de\/immer-hnlicher-oder-immer-unterschiedlicher-fr-die-biologische-vielfalt-trifft-beides-zu\/#breadcrumb"},"inLanguage":"de","potentialAction":[{"@type":"ReadAction","target":["https:\/\/www.idiv.de\/de\/immer-hnlicher-oder-immer-unterschiedlicher-fr-die-biologische-vielfalt-trifft-beides-zu\/"]}]},{"@type":"BreadcrumbList","@id":"https:\/\/www.idiv.de\/de\/immer-hnlicher-oder-immer-unterschiedlicher-fr-die-biologische-vielfalt-trifft-beides-zu\/#breadcrumb","itemListElement":[{"@type":"ListItem","position":1,"name":"Startseite","item":"https:\/\/www.idiv.de\/de\/"},{"@type":"ListItem","position":2,"name":"Immer &auml;hnlicher oder immer unterschiedlicher? F&uuml;r die biologische Vielfalt trifft beides zu"}]},{"@type":"WebSite","@id":"https:\/\/www.idiv.de\/de\/#website","url":"https:\/\/www.idiv.de\/de\/","name":"iDiv","description":"Hotspot in Biodiversity Research","publisher":{"@id":"https:\/\/www.idiv.de\/de\/#organization"},"potentialAction":[{"@type":"SearchAction","target":{"@type":"EntryPoint","urlTemplate":"https:\/\/www.idiv.de\/de\/?s={search_term_string}"},"query-input":{"@type":"PropertyValueSpecification","valueRequired":true,"valueName":"search_term_string"}}],"inLanguage":"de"},{"@type":"Organization","@id":"https:\/\/www.idiv.de\/de\/#organization","name":"idiv","url":"https:\/\/www.idiv.de\/de\/","logo":{"@type":"ImageObject","inLanguage":"de","@id":"https:\/\/www.idiv.de\/de\/#\/schema\/logo\/image\/","url":"https:\/\/www.idiv.de\/wp-content\/uploads\/2024\/08\/iDiv_Logo_long_v1_EN_black_4c.jpg","contentUrl":"https:\/\/www.idiv.de\/wp-content\/uploads\/2024\/08\/iDiv_Logo_long_v1_EN_black_4c.jpg","width":2448,"height":674,"caption":"idiv"},"image":{"@id":"https:\/\/www.idiv.de\/de\/#\/schema\/logo\/image\/"},"sameAs":["https:\/\/x.com\/idiv","https:\/\/www.linkedin.com\/company\/idiv-biodiversity\/","https:\/\/www.youtube.com\/idiv-research"]},{"@type":"Person","@id":"https:\/\/www.idiv.de\/de\/#\/schema\/person\/14228c09f1919627a633555952e15fc0","name":"admin","url":"https:\/\/www.idiv.de\/de\/author\/admin\/"}]}},"author_meta":{"display_name":"admin","author_link":"https:\/\/www.idiv.de\/de\/author\/admin\/"},"featured_img":null,"coauthors":[],"tax_additional":{"categories":{"linked":["<a href=\"https:\/\/www.idiv.de\/de\/kategorie\/forschung\/biodiversitaetssynthese\/\" class=\"advgb-post-tax-term\">Biodiversit\u00e4tssynthese<\/a>","<a href=\"https:\/\/www.idiv.de\/de\/kategorie\/forschung\/\" class=\"advgb-post-tax-term\">Forschung<\/a>","<a href=\"https:\/\/www.idiv.de\/de\/kategorie\/top-news-de-2\/\" class=\"advgb-post-tax-term\">TOP NEWS<\/a>"],"unlinked":["<span class=\"advgb-post-tax-term\">Biodiversit\u00e4tssynthese<\/span>","<span class=\"advgb-post-tax-term\">Forschung<\/span>","<span class=\"advgb-post-tax-term\">TOP NEWS<\/span>"]}},"comment_count":0,"relative_dates":{"created":"Ver\u00f6ffentlicht 2\u00a0Jahren vor","modified":"Aktualisiert 10\u00a0Monaten vor"},"absolute_dates":{"created":"Ver\u00f6ffentlicht am 22. Februar 2024","modified":"Aktualisiert am 8. Juli 2025"},"absolute_dates_time":{"created":"Ver\u00f6ffentlicht am 22. Februar 2024 0:00","modified":"Aktualisiert am 8. Juli 2025 8:58"},"featured_img_caption":"","series_order":"","_links":{"self":[{"href":"https:\/\/www.idiv.de\/de\/wp-json\/wp\/v2\/posts\/12924","targetHints":{"allow":["GET"]}}],"collection":[{"href":"https:\/\/www.idiv.de\/de\/wp-json\/wp\/v2\/posts"}],"about":[{"href":"https:\/\/www.idiv.de\/de\/wp-json\/wp\/v2\/types\/post"}],"author":[{"embeddable":true,"href":"https:\/\/www.idiv.de\/de\/wp-json\/wp\/v2\/users\/1"}],"replies":[{"embeddable":true,"href":"https:\/\/www.idiv.de\/de\/wp-json\/wp\/v2\/comments?post=12924"}],"version-history":[{"count":2,"href":"https:\/\/www.idiv.de\/de\/wp-json\/wp\/v2\/posts\/12924\/revisions"}],"predecessor-version":[{"id":33185,"href":"https:\/\/www.idiv.de\/de\/wp-json\/wp\/v2\/posts\/12924\/revisions\/33185"}],"wp:attachment":[{"href":"https:\/\/www.idiv.de\/de\/wp-json\/wp\/v2\/media?parent=12924"}],"wp:term":[{"taxonomy":"category","embeddable":true,"href":"https:\/\/www.idiv.de\/de\/wp-json\/wp\/v2\/categories?post=12924"},{"taxonomy":"post_tag","embeddable":true,"href":"https:\/\/www.idiv.de\/de\/wp-json\/wp\/v2\/tags?post=12924"}],"curies":[{"name":"wp","href":"https:\/\/api.w.org\/{rel}","templated":true}]}}