{"id":12916,"date":"2024-02-14T00:00:00","date_gmt":"2024-02-13T23:00:00","guid":{"rendered":"https:\/\/idiv.caf-dev.de\/drei-viertel-der-vegetationstypen-in-amerika-nicht-ausreichend-geschtzt\/"},"modified":"2024-10-10T09:16:53","modified_gmt":"2024-10-10T08:16:53","slug":"drei-viertel-der-vegetationstypen-in-amerika-nicht-ausreichend-geschtzt","status":"publish","type":"post","link":"https:\/\/www.idiv.de\/de\/drei-viertel-der-vegetationstypen-in-amerika-nicht-ausreichend-geschtzt\/","title":{"rendered":"Drei Viertel der Vegetationstypen in Amerika nicht ausreichend gesch&uuml;tzt"},"content":{"rendered":"\n        <div class=\"herosection pb-24 pt-0 no-bg modulclass \" id=\"\">\n                    <div class=\"swiper1noslider  nooverflow swiper \" id=\"slide_69f5e9725fc7d\">\n        \n                <div class=\"swiper-wrapper\">\n                                            <div class=\"swiper-slide  style_ \" aria-hidden=\"true\" >\n                            <div class=\"backstretchwrap\">\n                        \n                            <div datasrc=\"https:\/\/www.idiv.de\/wp-content\/uploads\/2024\/08\/pic_4bb35db67e20240213134917.jpg\" class=\"backstretchimg responsiv desktop\"><\/div>\n\n                            <a href=\"#\" class=\"cr\"><svg  xmlns=\"http:\/\/www.w3.org\/2000\/svg\" width=\"22\" height=\"22\" viewBox=\"0 0 22 22\">\n                                    <rect id=\"BG\" width=\"22\" height=\"22\" rx=\"11\" fill=\"#fff\"\/>\n                                    <g id=\"Wrapper\" transform=\"translate(-1 -1)\">\n                                        <g id=\"Icon_material-copyright\" data-name=\"Icon material-copyright\">\n                                            <circle id=\"Ellipse_30\" data-name=\"Ellipse 30\" cx=\"8\" cy=\"8\" r=\"8\" transform=\"translate(4 4)\" fill=\"#fff\"\/>\n                                            <path id=\"Icon_material-copyright-2\" data-name=\"Icon material-copyright\" d=\"M9.464,10.088a2.045,2.045,0,0,1,.24-.7,1.4,1.4,0,0,1,.472-.5,1.42,1.42,0,0,1,.728-.184,1.45,1.45,0,0,1,.5.1,1.29,1.29,0,0,1,.416.288,1.54,1.54,0,0,1,.272.424,1.4,1.4,0,0,1,.112.512H13.64a2.864,2.864,0,0,0-.224-1.032,2.4,2.4,0,0,0-.56-.808,2.613,2.613,0,0,0-.864-.528,3.09,3.09,0,0,0-1.112-.184,3.127,3.127,0,0,0-1.36.272,2.751,2.751,0,0,0-.96.736,3.007,3.007,0,0,0-.568,1.088A4.685,4.685,0,0,0,7.8,10.9v.216a4.684,4.684,0,0,0,.184,1.312,2.908,2.908,0,0,0,.568,1.08,2.731,2.731,0,0,0,.96.728,3.246,3.246,0,0,0,1.36.272,3.051,3.051,0,0,0,1.056-.184,2.729,2.729,0,0,0,.864-.5,2.442,2.442,0,0,0,.592-.752,2.153,2.153,0,0,0,.24-.92H12.192a1.139,1.139,0,0,1-.12.464,1.177,1.177,0,0,1-.288.368,1.26,1.26,0,0,1-.416.24,1.589,1.589,0,0,1-.48.08,1.359,1.359,0,0,1-.712-.184,1.4,1.4,0,0,1-.472-.5,2.09,2.09,0,0,1-.24-.7,5.392,5.392,0,0,1-.064-.8V10.9a5.33,5.33,0,0,1,.064-.808ZM11,3a8,8,0,1,0,8,8A8,8,0,0,0,11,3Zm0,14.4A6.4,6.4,0,1,1,17.4,11,6.408,6.408,0,0,1,11,17.4Z\" transform=\"translate(1 1)\" fill=\"#4d4d4d\"\/>\n                                        <\/g>\n                                    <\/g>\n                                <\/svg>\n                                <span>Emmanuel Oceguera Conchas<\/span><\/a>                        \n                                                    <\/div>\n                                        <div class=\"sliderinhalt \" role=\"region\" aria-label=\"carousel\">\n\n                                            <h1 class=\"h1 align-center\" >Drei Viertel der Vegetationstypen in Amerika nicht ausreichend gesch&uuml;tzt<\/h1>                                                    <p style='text-align: center;'>Studie zeigt, welche Lebensr\u00e4ume f\u00fcr den Schutz bedrohter Arten am dringendsten gesch\u00fctzt werden m\u00fcssen.<\/p>\n<p style='text-align: center;'>Barranca de Huentitan ist eine Schlucht, die durch den Rio Grande de Santiago in Mexiko geschaffen wurde. Hier finden sich verschiedene Vegetationsytpen: Tropischer Regenwald, Laub- und Auenw&auml;lder sowie Sekund&auml;rvegetation.<\/p>\n                                                \n                                                                                                            <\/div>\n                                            <\/div>\n\n                        \n                 <\/div>\n\n                              <\/div>\n<\/div>\n       <div class=\"textbildrepeater pb-24 pt-0 no-bg modulclass \" id=\"\">\n    <div class=\"container\">\n        <div class=\"row\">\n                                                                <div class=\"pb-24   mod_text  col-md-6 offset-md-0 pos_top\">\n                            <div class=\"textrepeater \" id=\"\">\n    <p>14.02.2024 | iDiv, Media Release, Research, TOP NEWS<\/p>\n<\/div>\n                            <\/div>\n                        <\/div>\n    <\/div>\n<\/div><div class=\"textbildrepeater pb-24 pt-0 no-bg modulclass \" id=\"\">\n    <div class=\"container\">\n        <div class=\"row\">\n                                                                <div class=\"pb-24   mod_text  col-md-12 offset-md-0 pos_top\">\n                            <div class=\"textrepeater \" id=\"\">\n    <p>Drei Viertel der verschiedenen Vegetationstypen in Nord-, Mittel- und S&uuml;damerika erf&uuml;llen nicht die Zielvorgabe der Globalen Biodiversit&auml;tskonvention, 30 % der weltweiten Land- und Meeresfl&auml;chen unter Schutz zu stellen. Das hat eine Studie unter Leitung des Deutschen Zentrums f&uuml;r integrative Biodiversit&auml;tsforschung (iDiv) und der Martin-Luther-Universit&auml;t Halle-Wittenberg (MLU) ergeben, die in Global Ecology and Conservation ver&ouml;ffentlicht wurde.&nbsp;Sie zeigt au&szlig;erdem, dass &uuml;ber 40 % der bedrohten Vogel- und S&auml;ugetierarten vor allem in einem einzigen Vegetationstyp vorkommen. Dadurch k&ouml;nnten sie vom Aussterben bedroht sein, wenn diese kritischen Lebensr&auml;ume nicht ausreichend gesch&uuml;tzt werden.<\/p>\n<\/div>\n                            <\/div>\n                        <\/div>\n    <\/div>\n<\/div><div class=\"textbildrepeater pb-24 pt-0 no-bg modulclass \" id=\"\">\n    <div class=\"container\">\n        <div class=\"row\">\n                                                                <div class=\"pb-24   mod_bild  col-md-5 offset-md-0 pos_top\">\n                            <div class=\"bildrepeater \" id=\"\">\n    <div class=\"relativ\"><img decoding=\"async\" class=\"responsiv desktop\" src=\"https:\/\/www.idiv.de\/wp-content\/uploads\/2024\/08\/pic_ad4290be3f20240213134939.jpg\" height=\"\" width=\"\" alt=\"idiv-\"\/><img decoding=\"async\" class=\"responsiv mobile\" src=\"https:\/\/www.idiv.de\/wp-content\/uploads\/2024\/08\/pic_ad4290be3f20240213134939.jpg\" height=\"\" width=\"\" alt=\"idiv-\"\/><a href=\"#\" class=\"cr\" role=\"button\">\n<svg  xmlns=\"http:\/\/www.w3.org\/2000\/svg\" width=\"22\" height=\"22\" viewBox=\"0 0 22 22\">\n    <rect id=\"BG\" width=\"22\" height=\"22\" rx=\"11\" fill=\"#fff\"\/>\n    <g id=\"Wrapper\" transform=\"translate(-1 -1)\">\n        <g id=\"Icon_material-copyright\" data-name=\"Icon material-copyright\">\n            <circle id=\"Ellipse_30\" data-name=\"Ellipse 30\" cx=\"8\" cy=\"8\" r=\"8\" transform=\"translate(4 4)\" fill=\"#fff\"\/>\n            <path id=\"Icon_material-copyright-2\" data-name=\"Icon material-copyright\" d=\"M9.464,10.088a2.045,2.045,0,0,1,.24-.7,1.4,1.4,0,0,1,.472-.5,1.42,1.42,0,0,1,.728-.184,1.45,1.45,0,0,1,.5.1,1.29,1.29,0,0,1,.416.288,1.54,1.54,0,0,1,.272.424,1.4,1.4,0,0,1,.112.512H13.64a2.864,2.864,0,0,0-.224-1.032,2.4,2.4,0,0,0-.56-.808,2.613,2.613,0,0,0-.864-.528,3.09,3.09,0,0,0-1.112-.184,3.127,3.127,0,0,0-1.36.272,2.751,2.751,0,0,0-.96.736,3.007,3.007,0,0,0-.568,1.088A4.685,4.685,0,0,0,7.8,10.9v.216a4.684,4.684,0,0,0,.184,1.312,2.908,2.908,0,0,0,.568,1.08,2.731,2.731,0,0,0,.96.728,3.246,3.246,0,0,0,1.36.272,3.051,3.051,0,0,0,1.056-.184,2.729,2.729,0,0,0,.864-.5,2.442,2.442,0,0,0,.592-.752,2.153,2.153,0,0,0,.24-.92H12.192a1.139,1.139,0,0,1-.12.464,1.177,1.177,0,0,1-.288.368,1.26,1.26,0,0,1-.416.24,1.589,1.589,0,0,1-.48.08,1.359,1.359,0,0,1-.712-.184,1.4,1.4,0,0,1-.472-.5,2.09,2.09,0,0,1-.24-.7,5.392,5.392,0,0,1-.064-.8V10.9a5.33,5.33,0,0,1,.064-.808ZM11,3a8,8,0,1,0,8,8A8,8,0,0,0,11,3Zm0,14.4A6.4,6.4,0,1,1,17.4,11,6.408,6.408,0,0,1,11,17.4Z\" transform=\"translate(1 1)\" fill=\"#4d4d4d\"\/>\n        <\/g>\n    <\/g>\n<\/svg>\n<span>Emmanuel Oceguera Conchas<\/span><\/a><\/div><p class=\"bu\">Tal im Westen Mexikos, wo der Transmexikanische Vulkang&uuml;rtel und der Gebirgszug der Sierra Madre Occidental aufeinandertreffen. Die Region ist besonders reich an verschiedenen Vegetationstypen wie etwa Nebelwald.&nbsp;<\/p><\/div>\n                            <\/div>\n                                                                    <div class=\"pb-24   mod_bild  col-md-5 offset-md-2 pos_top\">\n                            <div class=\"bildrepeater \" id=\"\">\n    <div class=\"relativ\"><img decoding=\"async\" class=\"responsiv desktop\" src=\"https:\/\/www.idiv.de\/wp-content\/uploads\/2024\/08\/pic_576f01fd0a20240213135015.jpg\" height=\"\" width=\"\" alt=\"idiv-\"\/><img decoding=\"async\" class=\"responsiv mobile\" src=\"https:\/\/www.idiv.de\/wp-content\/uploads\/2024\/08\/pic_576f01fd0a20240213135015.jpg\" height=\"\" width=\"\" alt=\"idiv-\"\/><a href=\"#\" class=\"cr\" role=\"button\">\n<svg  xmlns=\"http:\/\/www.w3.org\/2000\/svg\" width=\"22\" height=\"22\" viewBox=\"0 0 22 22\">\n    <rect id=\"BG\" width=\"22\" height=\"22\" rx=\"11\" fill=\"#fff\"\/>\n    <g id=\"Wrapper\" transform=\"translate(-1 -1)\">\n        <g id=\"Icon_material-copyright\" data-name=\"Icon material-copyright\">\n            <circle id=\"Ellipse_30\" data-name=\"Ellipse 30\" cx=\"8\" cy=\"8\" r=\"8\" transform=\"translate(4 4)\" fill=\"#fff\"\/>\n            <path id=\"Icon_material-copyright-2\" data-name=\"Icon material-copyright\" d=\"M9.464,10.088a2.045,2.045,0,0,1,.24-.7,1.4,1.4,0,0,1,.472-.5,1.42,1.42,0,0,1,.728-.184,1.45,1.45,0,0,1,.5.1,1.29,1.29,0,0,1,.416.288,1.54,1.54,0,0,1,.272.424,1.4,1.4,0,0,1,.112.512H13.64a2.864,2.864,0,0,0-.224-1.032,2.4,2.4,0,0,0-.56-.808,2.613,2.613,0,0,0-.864-.528,3.09,3.09,0,0,0-1.112-.184,3.127,3.127,0,0,0-1.36.272,2.751,2.751,0,0,0-.96.736,3.007,3.007,0,0,0-.568,1.088A4.685,4.685,0,0,0,7.8,10.9v.216a4.684,4.684,0,0,0,.184,1.312,2.908,2.908,0,0,0,.568,1.08,2.731,2.731,0,0,0,.96.728,3.246,3.246,0,0,0,1.36.272,3.051,3.051,0,0,0,1.056-.184,2.729,2.729,0,0,0,.864-.5,2.442,2.442,0,0,0,.592-.752,2.153,2.153,0,0,0,.24-.92H12.192a1.139,1.139,0,0,1-.12.464,1.177,1.177,0,0,1-.288.368,1.26,1.26,0,0,1-.416.24,1.589,1.589,0,0,1-.48.08,1.359,1.359,0,0,1-.712-.184,1.4,1.4,0,0,1-.472-.5,2.09,2.09,0,0,1-.24-.7,5.392,5.392,0,0,1-.064-.8V10.9a5.33,5.33,0,0,1,.064-.808ZM11,3a8,8,0,1,0,8,8A8,8,0,0,0,11,3Zm0,14.4A6.4,6.4,0,1,1,17.4,11,6.408,6.408,0,0,1,11,17.4Z\" transform=\"translate(1 1)\" fill=\"#4d4d4d\"\/>\n        <\/g>\n    <\/g>\n<\/svg>\n<span>Emmanuel Oceguera Conchas<\/span><\/a><\/div><p class=\"bu\">Die Region Cabo Corrientes im Bundesstaat Jalisco in Mexiko gilt als n&ouml;rdlichster Teil der Sierra Madre del Sur. Die Region beherbergt verschiedene Vegetationstypen wie Tropischen Laubwald, Eichen- und subtropische Pinienw&auml;lder sowie &Uuml;berbleibsel von Oyamel-Tannenw&auml;ldern.&nbsp;<\/p><\/div>\n                            <\/div>\n                        <\/div>\n    <\/div>\n<\/div><div class=\"textbildrepeater pb-24 pt-0 no-bg modulclass \" id=\"\">\n    <div class=\"container\">\n        <div class=\"row\">\n                                                                <div class=\"pb-24   mod_text  col-md-12 offset-md-0 pos_top\">\n                            <div class=\"textrepeater \" id=\"\">\n    <p>Der amerikanische Kontinent beherbergt einige der artenreichsten Regionen der Welt. Doch der Verlust von Lebensr&auml;umen stellt diese Regionen vor erhebliche Herausforderungen. Wenngleich bereits gro&szlig;e Schutzgebiete existieren, bleiben viele kleinere, aber dennoch wichtige Lebensr&auml;ume ungesch&uuml;tzt. Die spezifischen Bed&uuml;rfnisse vieler Arten, insbesondere seltener, spezialisierter und bedrohter Arten, werden bei der Bewertung gro&szlig;r&auml;umiger Habitate oft &uuml;bersehen, wodurch sie anf&auml;llig f&uuml;r einen Verlust oder die Verschlechterung ihrer Lebensr&auml;ume sind. Detaillierte Bewertungen auf lokaler Ebene sind daher unerl&auml;sslich, um festzustellen, welche Lebensr&auml;ume f&uuml;r Arten in der Region kritisch sind, und sie entsprechend zu sch&uuml;tzen.<\/p>\n<p>Ein Forschungsteam unter Leitung von iDiv und der MLU hat daher eine umfassende Analyse von Lebensr&auml;umen in Nord-, Mittel- und S&uuml;damerika durchgef&uuml;hrt. In ihre Studie integrierten die Forschenden kleinr&auml;umige Karten, die auf der Internationalen Vegetationsklassifikation (IVC) basieren. Diese umfasst &uuml;ber 300 Vegetationstypen, die die spezifischen Pflanzengemeinschaften und lokalen Umweltbedingungen ber&uuml;cksichtigen. Dar&uuml;ber hinaus griff das Forschungsteam auf Verbreitungsdaten f&uuml;r &uuml;ber 6.000 Vogel- und S&auml;ugetierarten zur&uuml;ck. Auf dieser Basis entwickelten sie einen Index, der die Verbreitung bedrohter oder in ihrem Lebensraum hochspezialisierter Arten, das derzeitige Schutzniveau und voraussichtliche k&uuml;nftigen Bedrohungen ber&uuml;cksichtigt.<\/p>\n<p>Mit Hilfe der kleinr&auml;umigen Vegetationskarten konnten wir ermitteln, welche lokalen Vegetationstypen eine unverh&auml;ltnism&auml;&szlig;ig hohe Anzahl spezialisierter Arten beherbergen, sagt Erstautorin Lea Schulte von der Leibniz Universit&auml;t Hannover. Dieser Detailgrad ist f&uuml;r eine effektive Naturschutzplanung entscheidend.<\/p>\n<p>Die Forschenden fanden heraus, dass sich die Schutzniveaus der einzelnen Vegetationstypen teilweise erheblich unterscheiden, wobei fast drei Viertel der bewerteten Vegetationstypen derzeit nicht das Ziel der Globalen Biodiversit&auml;tskonvention erreichen, weltweit 30 % der Land- und Meeresfl&auml;chen unter Schutz zu stellen. Dar&uuml;ber hinaus lag bei 20 % der bewerteten Vogel- und S&auml;ugetierarten mindestens die H&auml;lfte ihres Lebensraumes innerhalb eines einzigen Vegetationstyps. Das betrifft auch mehr als 40 % aller bedrohten Arten, was unterstreicht, wie wichtig gezielte Bem&uuml;hungen um den Erhalt dieser Vegetationstypen sind.<\/p>\n<p>Unsere Studie zeigt, wie wertvoll die Bewertung kleinr&auml;umiger lokaler Lebensr&auml;ume ist und welche Aspekte bei umfassenderen Klassifizierungen oft &uuml;bersehen werden, erkl&auml;rt Seniorautor Dr. Jose Valdez von iDiv und der MLU. Indem wir die Vegetationstypen identifizieren, die f&uuml;r bedrohte und spezialisierte Arten lebenswichtig sind, k&ouml;nnen wir ma&szlig;geschneiderte Erhaltungsstrategien zum Schutz der biologischen Vielfalt umsetzen.<\/p>\n<p>Solche wichtigen Lebensr&auml;ume seien unter anderem die artenreichen Bergw&auml;lder der n&ouml;rdlichen Anden, das zentralamerikanische Hochland, der brasilianische Cerrado und die Mata Atl&acirc;ntica sowie die karibischen Inseln. Die Studie zeigt jedoch, dass diese kritischen Gebiete nach wie vor viel zu wenig gesch&uuml;tzt und durch menschliche Aktivit&auml;ten stark bedroht sind.<\/p>\n<p>Die Forschenden betonen, dass ein umfassender Ansatz erforderlich sei, um das globale Schutzziel von 30 % zu erreichen. Dieser m&uuml;sse die Vielfalt der Lebensr&auml;ume einbeziehen und d&uuml;rfe nicht allein fl&auml;chenbezogene Ziele verfolgen. Wichtig seien zudem auch weiterhin Bem&uuml;hungen um eine umfassende Dokumentation kritischer Vegetationstypen und der Verbreitung von Arten, die &ndash; unter Ber&uuml;cksichtigung sich abzeichnender Landnutzungskonflikte &ndash; eine genaue Schutzplanung erm&ouml;gliche.<\/p>\n<p>Unsere Studie unterstreicht nicht nur, dass weitere Schutzma&szlig;nahmen in Nord- und S&uuml;damerika dringend n&ouml;tig sind, sondern sie liefert auch ein umfassendes Konzept, wie gef&auml;hrdete Lebensr&auml;ume auf der ganzen Welt identifiziert werden k&ouml;nnen, so Lea Schulte. Indem wir auf einen flexiblen Rahmen zur&uuml;ckgreifen, k&ouml;nnen wir kritische Vegetationstypen effektiv identifizieren, die zum Erhalt der biologischen Vielfalt beitragen. So k&ouml;nnen wir Ressourcen effizient einsetzen und dem Schutz von Gebieten dort Priorit&auml;t einr&auml;umen, wo er am dringendsten gebraucht wird.<\/p>\n<p>&nbsp;<\/p>\n<p><strong>Originalpublikation<br \/><\/strong>(Wissenschaftlerinnen und Wissenschaftler mit iDiv-Affiliation fett gedruckt)<strong><br \/><\/strong><\/p>\n<p>Schulte, L., <strong>Quoss, L.<\/strong>, Comer, P., Lumbierres, M., <strong>Oceguera , E<\/strong>., <strong>Pereira, H. M.<\/strong>, &amp; <strong>Valdez, J.<\/strong> (2024). Identifying Critical Vegetation Types for Biodiversity Conservation in the Americas. Global Ecology and Conservation. DOI&#58; <a href=https&#58;\/\/doi.org\/10.1016\/j.gecco.2024.e02831 target=_blank rel=noopener>10.1016\/j.gecco.2024.e02831<\/a><\/p>\n<\/div>\n                            <\/div>\n                        <\/div>\n    <\/div>\n<\/div><div class=\"textbildrepeater pb-24 pt-0 no-bg modulclass \" id=\"\">\n    <div class=\"container\">\n        <div class=\"row\">\n                                                                <div class=\"pb-24   mod_text  col-md-12 offset-md-0 pos_top\">\n                            <div class=\"textrepeater \" id=\"\">\n    <h3>Ansprechpartner&#58;<\/h3>\n<p><strong>Kati Kietzmann<\/strong><br \/>Abteilung Medien &#038; Kommunikation<br \/> Deutsches Zentrum f\u00fcr integrative Biodiversit\u00e4tsforschung (iDiv) Halle-Jena-Leipzig<br \/>Tel.&#58; +49 341 9739222<br \/>E-Mail&#58; <a href='mailto&#58;&#x6b;a&#x74;&#105;&#46;&#x6b;&#105;&#x65;&#116;z&#x6d;&#97;&#x6e;&#110;&#64;&#x69;&#100;&#x69;&#x76;&#46;&#x64;&#101;'>&#107;a&#x74;i&#x2e;k&#x69;e&#x74;&#122;&#x6d;&#97;&#x6e;&#110;&#x40;&#105;d&#105;v&#x2e;d&#x65;<\/a><br \/>Web&#58; <a href='https&#58;\/\/www.idiv.de\/medien'>https&#58;\/\/www.idiv.de\/medien<\/a><\/p>\n<p><strong>Dr. Jose W. Valdez<\/strong><br \/>Deutsches Zentrum f\u00fcr integrative Biodiversit\u00e4tsforschung (iDiv) Halle-Jena-Leipzig<br \/> Martin-Luther-Universit\u00e4t Halle-Wittenberg<br \/>Tel.&#58; +49 341 9739168<br \/>E-Mail&#58; <a href='mailto&#58;&#x6a;&#x6f;&#x73;&#x65;&#x2e;&#x76;&#x61;&#x6c;&#x64;&#x65;&#x7a;&#x40;&#x69;&#x64;&#105;&#118;&#46;&#100;&#101;'>&#x6a;&#111;s&#x65;&#46;&#118;&#x61;&#x6c;&#100;e&#x7a;&#64;i&#x64;&#x69;&#118;&#46;&#x64;&#101;<\/a><br \/>Web&#58; <a href='https&#58;\/\/www.idiv.de\/de\/profile\/1290.html'>https&#58;\/\/www.idiv.de\/de\/profile\/1290.html<\/a><\/p>\n<\/div>\n                            <\/div>\n                        <\/div>\n    <\/div>\n<\/div><div class=\"textbildrepeater pb-24 pt-0 no-bg modulclass \" id=\"\">\n    <div class=\"container\">\n        <div class=\"row\">\n                                                                <div class=\"pb-24   mod_text  col-md-12 offset-md-0 pos_top\">\n                            <div class=\"textrepeater \" id=\"\">\n    <p><em>Hinweis f\u00fcr die Medien: Die von iDiv bereitgestellten Bilder d\u00fcrfen ausschlie\u00dflich f\u00fcr die Berichterstattung im Zusammenhang mit dieser Medienmitteilung und unter Angabe des\/der Urhebers\/in verwendet werden.<\/em><\/p>\n<\/div>\n                            <\/div>\n                        <\/div>\n    <\/div>\n<\/div>","protected":false},"excerpt":{"rendered":"<p>Drei Viertel der verschiedenen Vegetationstypen in Nord-, Mittel- und S&uuml;damerika erf&uuml;llen nicht die Zielvorgabe der Globalen Biodiversit&auml;tskonvention, 30 % der weltweiten Land- und Meeresfl&auml;chen unter Schutz zu stellen. Das hat eine Studie unter Leitung des Deutschen Zentrums f&uuml;r integrative Biodiversit&auml;tsforschung (iDiv) und der Martin-Luther-Universit&auml;t Halle-Wittenberg (MLU) ergeben, die in Global Ecology and Conservation ver&ouml;ffentlicht wurde.&nbsp;Sie zeigt au&szlig;erdem, dass &uuml;ber 40 % der bedrohten Vogel- und S&auml;ugetierarten vor allem in einem einzigen Vegetationstyp vorkommen. Dadurch k&ouml;nnten sie vom Aussterben bedroht sein, wenn diese kritischen Lebensr&auml;ume nicht ausreichend gesch&uuml;tzt werden.<\/p>\n","protected":false},"author":1,"featured_media":0,"comment_status":"open","ping_status":"open","sticky":false,"template":"","format":"standard","meta":{"_acf_changed":false,"advgb_blocks_editor_width":"","advgb_blocks_columns_visual_guide":"","footnotes":"","_links_to":"","_links_to_target":""},"categories":[37,28,29,30],"tags":[],"class_list":["post-12916","post","type-post","status-publish","format-standard","hentry","category-forschung","category-idiv-de","category-medienmitteilung","category-top-news-de-2"],"acf":{"thumb":5055,"thumbmobile":null,"copyright":"Emmanuel Oceguera Conchas","breadcrumb":true},"yoast_head":"<!-- This site is optimized with the Yoast SEO plugin v27.5 - https:\/\/yoast.com\/product\/yoast-seo-wordpress\/ -->\n<title>Drei Viertel der Vegetationstypen in Amerika nicht ausreichend gesch&uuml;tzt| iDiv<\/title>\n<meta name=\"robots\" content=\"index, follow, max-snippet:-1, max-image-preview:large, max-video-preview:-1\" \/>\n<link rel=\"canonical\" href=\"https:\/\/www.idiv.de\/de\/drei-viertel-der-vegetationstypen-in-amerika-nicht-ausreichend-geschtzt\/\" \/>\n<meta property=\"og:locale\" content=\"de_DE\" \/>\n<meta property=\"og:type\" content=\"article\" \/>\n<meta property=\"og:title\" content=\"Drei Viertel der Vegetationstypen in Amerika nicht ausreichend gesch&uuml;tzt| iDiv\" \/>\n<meta property=\"og:description\" content=\"Drei Viertel der verschiedenen Vegetationstypen in Nord-, Mittel- und S&uuml;damerika erf&uuml;llen nicht die Zielvorgabe der Globalen Biodiversit&auml;tskonvention, 30 % der weltweiten Land- und Meeresfl&auml;chen unter Schutz zu stellen. Das hat eine Studie unter Leitung des Deutschen Zentrums f&uuml;r integrative Biodiversit&auml;tsforschung (iDiv) und der Martin-Luther-Universit&auml;t Halle-Wittenberg (MLU) ergeben, die in Global Ecology and Conservation ver&ouml;ffentlicht wurde.&nbsp;Sie zeigt au&szlig;erdem, dass &uuml;ber 40 % der bedrohten Vogel- und S&auml;ugetierarten vor allem in einem einzigen Vegetationstyp vorkommen. Dadurch k&ouml;nnten sie vom Aussterben bedroht sein, wenn diese kritischen Lebensr&auml;ume nicht ausreichend gesch&uuml;tzt werden.\" \/>\n<meta property=\"og:url\" content=\"https:\/\/www.idiv.de\/de\/drei-viertel-der-vegetationstypen-in-amerika-nicht-ausreichend-geschtzt\/\" \/>\n<meta property=\"og:site_name\" content=\"iDiv\" \/>\n<meta property=\"article:published_time\" content=\"2024-02-13T23:00:00+00:00\" \/>\n<meta property=\"article:modified_time\" content=\"2024-10-10T08:16:53+00:00\" \/>\n<meta property=\"og:image\" content=\"https:\/\/www.idiv.de\/wp-content\/uploads\/2024\/11\/iDivSocialMediaShare.jpg\" \/>\n\t<meta property=\"og:image:width\" content=\"1200\" \/>\n\t<meta property=\"og:image:height\" content=\"675\" \/>\n\t<meta property=\"og:image:type\" content=\"image\/jpeg\" \/>\n<meta name=\"author\" content=\"admin\" \/>\n<meta name=\"twitter:card\" content=\"summary_large_image\" \/>\n<meta name=\"twitter:creator\" content=\"@idiv\" \/>\n<meta name=\"twitter:site\" content=\"@idiv\" \/>\n<script type=\"application\/ld+json\" class=\"yoast-schema-graph\">{\"@context\":\"https:\\\/\\\/schema.org\",\"@graph\":[{\"@type\":\"Article\",\"@id\":\"https:\\\/\\\/www.idiv.de\\\/de\\\/drei-viertel-der-vegetationstypen-in-amerika-nicht-ausreichend-geschtzt\\\/#article\",\"isPartOf\":{\"@id\":\"https:\\\/\\\/www.idiv.de\\\/de\\\/drei-viertel-der-vegetationstypen-in-amerika-nicht-ausreichend-geschtzt\\\/\"},\"author\":{\"name\":\"admin\",\"@id\":\"https:\\\/\\\/www.idiv.de\\\/de\\\/#\\\/schema\\\/person\\\/14228c09f1919627a633555952e15fc0\"},\"headline\":\"Drei Viertel der Vegetationstypen in Amerika nicht ausreichend gesch&uuml;tzt\",\"datePublished\":\"2024-02-13T23:00:00+00:00\",\"dateModified\":\"2024-10-10T08:16:53+00:00\",\"mainEntityOfPage\":{\"@id\":\"https:\\\/\\\/www.idiv.de\\\/de\\\/drei-viertel-der-vegetationstypen-in-amerika-nicht-ausreichend-geschtzt\\\/\"},\"wordCount\":11,\"commentCount\":0,\"publisher\":{\"@id\":\"https:\\\/\\\/www.idiv.de\\\/de\\\/#organization\"},\"articleSection\":[\"Forschung\",\"iDiv\",\"Medienmitteilung\",\"TOP NEWS\"],\"inLanguage\":\"de\"},{\"@type\":\"WebPage\",\"@id\":\"https:\\\/\\\/www.idiv.de\\\/de\\\/drei-viertel-der-vegetationstypen-in-amerika-nicht-ausreichend-geschtzt\\\/\",\"url\":\"https:\\\/\\\/www.idiv.de\\\/de\\\/drei-viertel-der-vegetationstypen-in-amerika-nicht-ausreichend-geschtzt\\\/\",\"name\":\"Drei Viertel der Vegetationstypen in Amerika nicht ausreichend gesch&uuml;tzt| iDiv\",\"isPartOf\":{\"@id\":\"https:\\\/\\\/www.idiv.de\\\/de\\\/#website\"},\"datePublished\":\"2024-02-13T23:00:00+00:00\",\"dateModified\":\"2024-10-10T08:16:53+00:00\",\"breadcrumb\":{\"@id\":\"https:\\\/\\\/www.idiv.de\\\/de\\\/drei-viertel-der-vegetationstypen-in-amerika-nicht-ausreichend-geschtzt\\\/#breadcrumb\"},\"inLanguage\":\"de\",\"potentialAction\":[{\"@type\":\"ReadAction\",\"target\":[\"https:\\\/\\\/www.idiv.de\\\/de\\\/drei-viertel-der-vegetationstypen-in-amerika-nicht-ausreichend-geschtzt\\\/\"]}]},{\"@type\":\"BreadcrumbList\",\"@id\":\"https:\\\/\\\/www.idiv.de\\\/de\\\/drei-viertel-der-vegetationstypen-in-amerika-nicht-ausreichend-geschtzt\\\/#breadcrumb\",\"itemListElement\":[{\"@type\":\"ListItem\",\"position\":1,\"name\":\"Startseite\",\"item\":\"https:\\\/\\\/www.idiv.de\\\/de\\\/\"},{\"@type\":\"ListItem\",\"position\":2,\"name\":\"Drei Viertel der Vegetationstypen in Amerika nicht ausreichend gesch&uuml;tzt\"}]},{\"@type\":\"WebSite\",\"@id\":\"https:\\\/\\\/www.idiv.de\\\/de\\\/#website\",\"url\":\"https:\\\/\\\/www.idiv.de\\\/de\\\/\",\"name\":\"iDiv\",\"description\":\"Hotspot in Biodiversity Research\",\"publisher\":{\"@id\":\"https:\\\/\\\/www.idiv.de\\\/de\\\/#organization\"},\"potentialAction\":[{\"@type\":\"SearchAction\",\"target\":{\"@type\":\"EntryPoint\",\"urlTemplate\":\"https:\\\/\\\/www.idiv.de\\\/de\\\/?s={search_term_string}\"},\"query-input\":{\"@type\":\"PropertyValueSpecification\",\"valueRequired\":true,\"valueName\":\"search_term_string\"}}],\"inLanguage\":\"de\"},{\"@type\":\"Organization\",\"@id\":\"https:\\\/\\\/www.idiv.de\\\/de\\\/#organization\",\"name\":\"idiv\",\"url\":\"https:\\\/\\\/www.idiv.de\\\/de\\\/\",\"logo\":{\"@type\":\"ImageObject\",\"inLanguage\":\"de\",\"@id\":\"https:\\\/\\\/www.idiv.de\\\/de\\\/#\\\/schema\\\/logo\\\/image\\\/\",\"url\":\"https:\\\/\\\/www.idiv.de\\\/wp-content\\\/uploads\\\/2024\\\/08\\\/iDiv_Logo_long_v1_EN_black_4c.jpg\",\"contentUrl\":\"https:\\\/\\\/www.idiv.de\\\/wp-content\\\/uploads\\\/2024\\\/08\\\/iDiv_Logo_long_v1_EN_black_4c.jpg\",\"width\":2448,\"height\":674,\"caption\":\"idiv\"},\"image\":{\"@id\":\"https:\\\/\\\/www.idiv.de\\\/de\\\/#\\\/schema\\\/logo\\\/image\\\/\"},\"sameAs\":[\"https:\\\/\\\/x.com\\\/idiv\",\"https:\\\/\\\/www.linkedin.com\\\/company\\\/idiv-biodiversity\\\/\",\"https:\\\/\\\/www.youtube.com\\\/idiv-research\"]},{\"@type\":\"Person\",\"@id\":\"https:\\\/\\\/www.idiv.de\\\/de\\\/#\\\/schema\\\/person\\\/14228c09f1919627a633555952e15fc0\",\"name\":\"admin\",\"url\":\"https:\\\/\\\/www.idiv.de\\\/de\\\/author\\\/admin\\\/\"}]}<\/script>\n<!-- \/ Yoast SEO plugin. -->","yoast_head_json":{"title":"Drei Viertel der Vegetationstypen in Amerika nicht ausreichend gesch&uuml;tzt| iDiv","robots":{"index":"index","follow":"follow","max-snippet":"max-snippet:-1","max-image-preview":"max-image-preview:large","max-video-preview":"max-video-preview:-1"},"canonical":"https:\/\/www.idiv.de\/de\/drei-viertel-der-vegetationstypen-in-amerika-nicht-ausreichend-geschtzt\/","og_locale":"de_DE","og_type":"article","og_title":"Drei Viertel der Vegetationstypen in Amerika nicht ausreichend gesch&uuml;tzt| iDiv","og_description":"Drei Viertel der verschiedenen Vegetationstypen in Nord-, Mittel- und S&uuml;damerika erf&uuml;llen nicht die Zielvorgabe der Globalen Biodiversit&auml;tskonvention, 30 % der weltweiten Land- und Meeresfl&auml;chen unter Schutz zu stellen. Das hat eine Studie unter Leitung des Deutschen Zentrums f&uuml;r integrative Biodiversit&auml;tsforschung (iDiv) und der Martin-Luther-Universit&auml;t Halle-Wittenberg (MLU) ergeben, die in Global Ecology and Conservation ver&ouml;ffentlicht wurde.&nbsp;Sie zeigt au&szlig;erdem, dass &uuml;ber 40 % der bedrohten Vogel- und S&auml;ugetierarten vor allem in einem einzigen Vegetationstyp vorkommen. Dadurch k&ouml;nnten sie vom Aussterben bedroht sein, wenn diese kritischen Lebensr&auml;ume nicht ausreichend gesch&uuml;tzt werden.","og_url":"https:\/\/www.idiv.de\/de\/drei-viertel-der-vegetationstypen-in-amerika-nicht-ausreichend-geschtzt\/","og_site_name":"iDiv","article_published_time":"2024-02-13T23:00:00+00:00","article_modified_time":"2024-10-10T08:16:53+00:00","og_image":[{"width":1200,"height":675,"url":"https:\/\/www.idiv.de\/wp-content\/uploads\/2024\/11\/iDivSocialMediaShare.jpg","type":"image\/jpeg"}],"author":"admin","twitter_card":"summary_large_image","twitter_creator":"@idiv","twitter_site":"@idiv","schema":{"@context":"https:\/\/schema.org","@graph":[{"@type":"Article","@id":"https:\/\/www.idiv.de\/de\/drei-viertel-der-vegetationstypen-in-amerika-nicht-ausreichend-geschtzt\/#article","isPartOf":{"@id":"https:\/\/www.idiv.de\/de\/drei-viertel-der-vegetationstypen-in-amerika-nicht-ausreichend-geschtzt\/"},"author":{"name":"admin","@id":"https:\/\/www.idiv.de\/de\/#\/schema\/person\/14228c09f1919627a633555952e15fc0"},"headline":"Drei Viertel der Vegetationstypen in Amerika nicht ausreichend gesch&uuml;tzt","datePublished":"2024-02-13T23:00:00+00:00","dateModified":"2024-10-10T08:16:53+00:00","mainEntityOfPage":{"@id":"https:\/\/www.idiv.de\/de\/drei-viertel-der-vegetationstypen-in-amerika-nicht-ausreichend-geschtzt\/"},"wordCount":11,"commentCount":0,"publisher":{"@id":"https:\/\/www.idiv.de\/de\/#organization"},"articleSection":["Forschung","iDiv","Medienmitteilung","TOP NEWS"],"inLanguage":"de"},{"@type":"WebPage","@id":"https:\/\/www.idiv.de\/de\/drei-viertel-der-vegetationstypen-in-amerika-nicht-ausreichend-geschtzt\/","url":"https:\/\/www.idiv.de\/de\/drei-viertel-der-vegetationstypen-in-amerika-nicht-ausreichend-geschtzt\/","name":"Drei Viertel der Vegetationstypen in Amerika nicht ausreichend gesch&uuml;tzt| iDiv","isPartOf":{"@id":"https:\/\/www.idiv.de\/de\/#website"},"datePublished":"2024-02-13T23:00:00+00:00","dateModified":"2024-10-10T08:16:53+00:00","breadcrumb":{"@id":"https:\/\/www.idiv.de\/de\/drei-viertel-der-vegetationstypen-in-amerika-nicht-ausreichend-geschtzt\/#breadcrumb"},"inLanguage":"de","potentialAction":[{"@type":"ReadAction","target":["https:\/\/www.idiv.de\/de\/drei-viertel-der-vegetationstypen-in-amerika-nicht-ausreichend-geschtzt\/"]}]},{"@type":"BreadcrumbList","@id":"https:\/\/www.idiv.de\/de\/drei-viertel-der-vegetationstypen-in-amerika-nicht-ausreichend-geschtzt\/#breadcrumb","itemListElement":[{"@type":"ListItem","position":1,"name":"Startseite","item":"https:\/\/www.idiv.de\/de\/"},{"@type":"ListItem","position":2,"name":"Drei Viertel der Vegetationstypen in Amerika nicht ausreichend gesch&uuml;tzt"}]},{"@type":"WebSite","@id":"https:\/\/www.idiv.de\/de\/#website","url":"https:\/\/www.idiv.de\/de\/","name":"iDiv","description":"Hotspot in Biodiversity Research","publisher":{"@id":"https:\/\/www.idiv.de\/de\/#organization"},"potentialAction":[{"@type":"SearchAction","target":{"@type":"EntryPoint","urlTemplate":"https:\/\/www.idiv.de\/de\/?s={search_term_string}"},"query-input":{"@type":"PropertyValueSpecification","valueRequired":true,"valueName":"search_term_string"}}],"inLanguage":"de"},{"@type":"Organization","@id":"https:\/\/www.idiv.de\/de\/#organization","name":"idiv","url":"https:\/\/www.idiv.de\/de\/","logo":{"@type":"ImageObject","inLanguage":"de","@id":"https:\/\/www.idiv.de\/de\/#\/schema\/logo\/image\/","url":"https:\/\/www.idiv.de\/wp-content\/uploads\/2024\/08\/iDiv_Logo_long_v1_EN_black_4c.jpg","contentUrl":"https:\/\/www.idiv.de\/wp-content\/uploads\/2024\/08\/iDiv_Logo_long_v1_EN_black_4c.jpg","width":2448,"height":674,"caption":"idiv"},"image":{"@id":"https:\/\/www.idiv.de\/de\/#\/schema\/logo\/image\/"},"sameAs":["https:\/\/x.com\/idiv","https:\/\/www.linkedin.com\/company\/idiv-biodiversity\/","https:\/\/www.youtube.com\/idiv-research"]},{"@type":"Person","@id":"https:\/\/www.idiv.de\/de\/#\/schema\/person\/14228c09f1919627a633555952e15fc0","name":"admin","url":"https:\/\/www.idiv.de\/de\/author\/admin\/"}]}},"author_meta":{"display_name":"admin","author_link":"https:\/\/www.idiv.de\/de\/author\/admin\/"},"featured_img":null,"coauthors":[],"tax_additional":{"categories":{"linked":["<a href=\"https:\/\/www.idiv.de\/de\/kategorie\/forschung\/\" class=\"advgb-post-tax-term\">Forschung<\/a>","<a href=\"https:\/\/www.idiv.de\/de\/kategorie\/idiv-de\/\" class=\"advgb-post-tax-term\">iDiv<\/a>","<a href=\"https:\/\/www.idiv.de\/de\/kategorie\/medienmitteilung\/\" class=\"advgb-post-tax-term\">Medienmitteilung<\/a>","<a href=\"https:\/\/www.idiv.de\/de\/kategorie\/top-news-de-2\/\" class=\"advgb-post-tax-term\">TOP NEWS<\/a>"],"unlinked":["<span class=\"advgb-post-tax-term\">Forschung<\/span>","<span class=\"advgb-post-tax-term\">iDiv<\/span>","<span class=\"advgb-post-tax-term\">Medienmitteilung<\/span>","<span class=\"advgb-post-tax-term\">TOP NEWS<\/span>"]}},"comment_count":0,"relative_dates":{"created":"Ver\u00f6ffentlicht 2\u00a0Jahren vor","modified":"Aktualisiert 2\u00a0Jahren vor"},"absolute_dates":{"created":"Ver\u00f6ffentlicht am 14. Februar 2024","modified":"Aktualisiert am 10. Oktober 2024"},"absolute_dates_time":{"created":"Ver\u00f6ffentlicht am 14. Februar 2024 0:00","modified":"Aktualisiert am 10. Oktober 2024 9:16"},"featured_img_caption":"","series_order":"","_links":{"self":[{"href":"https:\/\/www.idiv.de\/de\/wp-json\/wp\/v2\/posts\/12916","targetHints":{"allow":["GET"]}}],"collection":[{"href":"https:\/\/www.idiv.de\/de\/wp-json\/wp\/v2\/posts"}],"about":[{"href":"https:\/\/www.idiv.de\/de\/wp-json\/wp\/v2\/types\/post"}],"author":[{"embeddable":true,"href":"https:\/\/www.idiv.de\/de\/wp-json\/wp\/v2\/users\/1"}],"replies":[{"embeddable":true,"href":"https:\/\/www.idiv.de\/de\/wp-json\/wp\/v2\/comments?post=12916"}],"version-history":[{"count":1,"href":"https:\/\/www.idiv.de\/de\/wp-json\/wp\/v2\/posts\/12916\/revisions"}],"predecessor-version":[{"id":12917,"href":"https:\/\/www.idiv.de\/de\/wp-json\/wp\/v2\/posts\/12916\/revisions\/12917"}],"wp:attachment":[{"href":"https:\/\/www.idiv.de\/de\/wp-json\/wp\/v2\/media?parent=12916"}],"wp:term":[{"taxonomy":"category","embeddable":true,"href":"https:\/\/www.idiv.de\/de\/wp-json\/wp\/v2\/categories?post=12916"},{"taxonomy":"post_tag","embeddable":true,"href":"https:\/\/www.idiv.de\/de\/wp-json\/wp\/v2\/tags?post=12916"}],"curies":[{"name":"wp","href":"https:\/\/api.w.org\/{rel}","templated":true}]}}