{"id":12898,"date":"2024-01-17T00:00:00","date_gmt":"2024-01-16T23:00:00","guid":{"rendered":"https:\/\/idiv.caf-dev.de\/ehrung-christian-wirth-zum-auswrtigen-mitglied-des-max-planck-instituts-fr-biogeochemie-ernannt\/"},"modified":"2024-10-10T09:19:31","modified_gmt":"2024-10-10T08:19:31","slug":"ehrung-christian-wirth-zum-auswrtigen-mitglied-des-max-planck-instituts-fr-biogeochemie-ernannt","status":"publish","type":"post","link":"https:\/\/www.idiv.de\/de\/ehrung-christian-wirth-zum-auswrtigen-mitglied-des-max-planck-instituts-fr-biogeochemie-ernannt\/","title":{"rendered":"Ehrung: Christian Wirth zum Ausw&auml;rtigen Mitglied des Max-Planck-Instituts f&uuml;r Biogeochemie ernannt"},"content":{"rendered":"\n        <div class=\"herosection pb-24 pt-0 no-bg modulclass \" id=\"\">\n                    <div class=\"swiper1noslider  nooverflow swiper \" id=\"slide_69f1f83e8823f\">\n        \n                <div class=\"swiper-wrapper\">\n                                            <div class=\"swiper-slide  style_ \" aria-hidden=\"true\" >\n                            <div class=\"backstretchwrap\">\n                        \n                            <div datasrc=\"https:\/\/www.idiv.de\/wp-content\/uploads\/2024\/08\/pic_5b7a5a549420240116173727.jpg\" class=\"backstretchimg responsiv desktop\"><\/div>\n\n                            <a href=\"#\" class=\"cr\"><svg  xmlns=\"http:\/\/www.w3.org\/2000\/svg\" width=\"22\" height=\"22\" viewBox=\"0 0 22 22\">\n                                    <rect id=\"BG\" width=\"22\" height=\"22\" rx=\"11\" fill=\"#fff\"\/>\n                                    <g id=\"Wrapper\" transform=\"translate(-1 -1)\">\n                                        <g id=\"Icon_material-copyright\" data-name=\"Icon material-copyright\">\n                                            <circle id=\"Ellipse_30\" data-name=\"Ellipse 30\" cx=\"8\" cy=\"8\" r=\"8\" transform=\"translate(4 4)\" fill=\"#fff\"\/>\n                                            <path id=\"Icon_material-copyright-2\" data-name=\"Icon material-copyright\" d=\"M9.464,10.088a2.045,2.045,0,0,1,.24-.7,1.4,1.4,0,0,1,.472-.5,1.42,1.42,0,0,1,.728-.184,1.45,1.45,0,0,1,.5.1,1.29,1.29,0,0,1,.416.288,1.54,1.54,0,0,1,.272.424,1.4,1.4,0,0,1,.112.512H13.64a2.864,2.864,0,0,0-.224-1.032,2.4,2.4,0,0,0-.56-.808,2.613,2.613,0,0,0-.864-.528,3.09,3.09,0,0,0-1.112-.184,3.127,3.127,0,0,0-1.36.272,2.751,2.751,0,0,0-.96.736,3.007,3.007,0,0,0-.568,1.088A4.685,4.685,0,0,0,7.8,10.9v.216a4.684,4.684,0,0,0,.184,1.312,2.908,2.908,0,0,0,.568,1.08,2.731,2.731,0,0,0,.96.728,3.246,3.246,0,0,0,1.36.272,3.051,3.051,0,0,0,1.056-.184,2.729,2.729,0,0,0,.864-.5,2.442,2.442,0,0,0,.592-.752,2.153,2.153,0,0,0,.24-.92H12.192a1.139,1.139,0,0,1-.12.464,1.177,1.177,0,0,1-.288.368,1.26,1.26,0,0,1-.416.24,1.589,1.589,0,0,1-.48.08,1.359,1.359,0,0,1-.712-.184,1.4,1.4,0,0,1-.472-.5,2.09,2.09,0,0,1-.24-.7,5.392,5.392,0,0,1-.064-.8V10.9a5.33,5.33,0,0,1,.064-.808ZM11,3a8,8,0,1,0,8,8A8,8,0,0,0,11,3Zm0,14.4A6.4,6.4,0,1,1,17.4,11,6.408,6.408,0,0,1,11,17.4Z\" transform=\"translate(1 1)\" fill=\"#4d4d4d\"\/>\n                                        <\/g>\n                                    <\/g>\n                                <\/svg>\n                                <span>Antje GIildemeister<\/span><\/a>                        \n                                                    <\/div>\n                                        <div class=\"sliderinhalt \" role=\"region\" aria-label=\"carousel\">\n\n                                            <h1 class=\"h1 align-center\" >Ehrung: Christian Wirth zum Ausw&auml;rtigen Mitglied des Max-Planck-Instituts f&uuml;r Biogeochemie ernannt<\/h1>                                                    <p style='text-align: center;'>Wirths Forschung erg\u00e4nzt Forschungsschwerpunkte des Max-Planck-Instituts<\/p>\n<p style='text-align: center;'>Prof Christian Wirth ist zum Ausw&auml;rtigen Mitglied des Max-Planck-Instituts f&uuml;r Biogeochemie in Jena ernannt worden<\/p>\n                                                \n                                                                                                            <\/div>\n                                            <\/div>\n\n                        \n                 <\/div>\n\n                              <\/div>\n<\/div>\n       <div class=\"textbildrepeater pb-24 pt-0 no-bg modulclass \" id=\"\">\n    <div class=\"container\">\n        <div class=\"row\">\n                                                                <div class=\"pb-24   mod_text  col-md-6 offset-md-0 pos_top\">\n                            <div class=\"textrepeater \" id=\"\">\n    <p>17.01.2024 | iDiv Members, Media Release, TOP NEWS<\/p>\n<\/div>\n                            <\/div>\n                        <\/div>\n    <\/div>\n<\/div><div class=\"textbildrepeater pb-24 pt-0 no-bg modulclass \" id=\"\">\n    <div class=\"container\">\n        <div class=\"row\">\n                                                                <div class=\"pb-24   mod_text  col-md-12 offset-md-0 pos_top\">\n                            <div class=\"textrepeater \" id=\"\">\n    <p><strong>Basiert auf einer Medienmitteilung des Max-Planck-Instituts f&uuml;r Biogeochemie<\/strong><\/p>\n<p><strong>Das Max-Planck-Institut f&uuml;r Biogeochemie (MPI-BGC) hat ein neues ausw&auml;rtiges Mitglied gewonnen&#58; Prof. Dr. Christian Wirth wurde vom Senat der Max-Planck-Gesellschaft auf Antrag des MPI-BGC zu dessen Ausw&auml;rtigem Wissenschaftlichen Mitglied ernannt. Wirth ist Gr&uuml;ndungsdirektor und Sprecher des Deutschen Zentrums f&uuml;r integrative Biodiversit&auml;tsforschung (iDiv), Professor der Universit&auml;t Leipzig und Direktor des Botanischen Gartens Leipzig. Der Pflanzen&ouml;kologe untersucht die Auswirkungen nat&uuml;rlicher und menschengemachter &Auml;nderungen der pflanzlichen Biodiversit&auml;t auf &Ouml;kosystemprozesse, wie zu Beispiel die Kohlenstoffspeicherung, den Wasserverbrauch und den Energiehaushalt. Als ehemaliger Gruppenleiter und sp&auml;ter Fellow am MPI-BGC hat Prof. Wirth den Aufbau der TRY Datenbank initiiert und unterst&uuml;tzt, die weltweit gr&ouml;&szlig;te Datenbank zu Pflanzeneigenschaften. Seine Forschung zum Einfluss des Klimawandels auf Biodiversit&auml;t und &Ouml;kosystemleistungen von W&auml;ldern erg&auml;nzt in idealer Weise die Forschungsschwerpunkte des Max-Planck-Instituts in Jena.&nbsp;<\/strong><\/p>\n<\/div>\n                            <\/div>\n                        <\/div>\n    <\/div>\n<\/div><div class=\"textbildrepeater pb-24 pt-0 no-bg modulclass \" id=\"\">\n    <div class=\"container\">\n        <div class=\"row\">\n                                                                <div class=\"pb-24   mod_text  col-md-12 offset-md-0 pos_top\">\n                            <div class=\"textrepeater \" id=\"\">\n    <p>Der Biologe Prof. Dr. Christian Wirth von der Universit&auml;t Leipzig, Sprecher des Deutschen Zentrums f&uuml;r integrative Biodiversit&auml;tsforschung (iDiv) Halle-Jena-Leipzig, wurde vom Senat der Max-Planck-Gesellschaft auf Antrag des Max-Planck-Instituts f&uuml;r Biogeochemie (MPI-BGC) in Jena zu dessen Ausw&auml;rtigem Mitglied ernannt. Mit der Verleihung dieses Ehrentitels soll die Forschungskooperation im Themenfeld Biodiversit&auml;t, Biogeochemie und globaler Wandel zwischen MPI-BGC, der Universit&auml;t Leipzig und im speziellen dem iDiv-Zentrum weiter verst&auml;rkt werden. Neben Prof. Christian Wirth wurde im Jahr 2023 auch Prof. Anna Michalak, Direktorin der Abteilung f&uuml;r Globale &Ouml;kologie der Carnegie Institution for Science und Professorin f&uuml;r Erdsystemwissenschaften und f&uuml;r Biologie an der Stanford University als ausw&auml;rtiges Mitglied f&uuml;r MPI-BGC berufen.&nbsp;<\/p>\n<p>&bdquo;Ich freue mich, mit meinen exzellenten Kolleginnen und Kollegen am MPI f&uuml;r Biogeochemie neue Wege zu gehen. Artensterben und Klimawandel sind Ph&auml;nomene ein und desselben Problems. Man kann die Konsequenzen des Biodiversit&auml;tsverlusts nicht ohne die Biogeochemie und den Bezug zum Erdsystem verstehen&ldquo;, so Wirth.<\/p>\n<p>Mit dem MPI-BGC in Jena hat Prof. Wirth eine lange und fruchtbare Beziehung. Von 2005 bis 2009 war er Leiter der unabh&auml;ngigen Max-Planck-Forschungsgruppe &bdquo;Organismische Biogeochemie&ldquo;, wo er an nationalen und internationalen Standorten, aber auch in Mitteldeutschland forschte, so im DFG-gef&ouml;rderten &bdquo;Jena-Experiment&ldquo; und den &bdquo;Biodiversit&auml;ts-Exploratorien&ldquo;. Er folgte danach einem Ruf der Universit&auml;t Leipzig. Dort gr&uuml;ndete er mit vielen Kolleg&#58;innen aus Mitteldeutschland ma&szlig;geblich das Deutsche Zentrum f&uuml;r integrative Biodiversit&auml;tsforschung (iDiv) Halle-Jena-Leipzig und fungierte als dessen Sprecher.&nbsp;<\/p>\n<p>Von 2013 bis 2022 konnte Prof. Wirth im Nebenamt als Max-Planck-Fellow gemeinsam mit Dr. Jens Kattge und Dr. Gerhard B&ouml;nisch vom MPI-BGC insbesondere die erfolgreichen Arbeiten an der TRY-Datenbank weiterf&uuml;hren, die er schon als Gruppenleiter begonnen hatte. Die TRY-Datenbank, inzwischen die weltgr&ouml;&szlig;te Datenbank zu Pflanzeneigenschaften, wird etwa alle zwei Stunden von Wissenschaftlern weltweit angefragt. Aus der &ouml;ffentlich zug&auml;nglichen TRY werden dann Datens&auml;tze zu Standorten, Eigenschaften und Funktionen von Pflanzen sowie deren Ver&auml;nderungen bereitgestellt.<\/p>\n<p>Prof. Wirth versteht es h&ouml;chst erfolgreich, die steigende Bedeutung der Biodiversit&auml;t, insbesondere vor dem Hintergrund des Klimawandels, auch einem breiten Publikum zu vermitteln. Als Direktor des botanischen Gartens, Leiter des Auwaldkrans und des Forschungsarboretums in Leipzig und in vielen eloquenten Vortr&auml;gen konnte er bereits die interessierte Bev&ouml;lkerung f&uuml;r Biodiversit&auml;t begeistern. Aufgrund seiner herausragenden Leistungen zur Biodiversit&auml;tsforschung wurde er 2022 mit dem Leipziger Wissenschaftspreis geehrt.<\/p>\n<p>Als besondere W&uuml;rdigung seiner wissenschaftlichen Leistungen wurde Prof. Wirth k&uuml;rzlich von Bundesbildungsministerin Bettina Stark-Watzinger in das neugegr&uuml;ndete &bdquo;Forum Zukunftsstrategie&ldquo; berufen. Wirth leitet derzeit auch das nationale Biodiversit&auml;ts-Assessment &bdquo;Faktencheck zum Erhalt der Artenvielfalt&ldquo; des Bundesministeriums f&uuml;r Wissenschaft und Forschung (BMBF).&nbsp;<\/p>\n<p>&bdquo;Wir sind sehr gl&uuml;cklich, Christian Wirth als ausw&auml;rtiges Mitglied gewonnen zu haben, der mit seinem Verst&auml;ndnis der globalen Biodiversit&auml;t unsere Forschung zu globalen Stoffkreisl&auml;ufen optimal erg&auml;nzt&ldquo;, sagt Prof. S&ouml;nke Zaehle, gesch&auml;ftsf&uuml;hrender Direktor am MPI-BGC, und weiter&#58; &bdquo;Wir freuen uns auf weitere konstruktive Zusammenarbeit und neue Impulse um die Bedeutung der Biodiversit&auml;t f&uuml;r die globalen Stoffkreisl&auml;ufe und vor allem ihrer Stabilit&auml;t vor dem Hintergrund der gegenw&auml;rtigen Klima- und Landnutzungs&auml;nderungen besser zu verstehen.&ldquo;&nbsp;<\/p>\n<\/div>\n                            <\/div>\n                        <\/div>\n    <\/div>\n<\/div><div class=\"textbildrepeater pb-24 pt-0 no-bg modulclass \" id=\"\">\n    <div class=\"container\">\n        <div class=\"row\">\n                                                                <div class=\"pb-24   mod_text  col-md-12 offset-md-0 pos_top\">\n                            <div class=\"textrepeater \" id=\"\">\n    <h3>Ansprechpartner&#58;<\/h3>\n<p><strong>Dr. Volker Hahn<\/strong><br \/>Leiter Medien und Kommunikation<br \/> Deutsches Zentrum f\u00fcr integrative Biodiversit\u00e4tsforschung (iDiv) Halle-Jena-Leipzig<br \/>Tel.&#58; +49 341 97 33154<br \/>E-Mail&#58; <a href='mailto&#58;v&#111;&#108;&#x6b;&#x65;r&#46;&#104;&#97;&#x68;&#x6e;&#64;i&#100;&#105;&#x76;&#x2e;de'>v&#111;&#x6c;&#x6b;&#x65;r&#46;&#x68;&#x61;&#x68;n&#64;&#x69;&#x64;&#x69;v&#46;&#x64;&#x65;<\/a><br \/>Web&#58; <a href='https&#58;\/\/www.idiv.de\/medien'>https&#58;\/\/www.idiv.de\/medien<\/a><\/p>\n<\/div>\n                            <\/div>\n                        <\/div>\n    <\/div>\n<\/div><div class=\"textbildrepeater pb-24 pt-0 no-bg modulclass \" id=\"\">\n    <div class=\"container\">\n        <div class=\"row\">\n                                                                <div class=\"pb-24   mod_text  col-md-12 offset-md-0 pos_top\">\n                            <div class=\"textrepeater \" id=\"\">\n    <p><em>Hinweis f\u00fcr die Medien: Die von iDiv bereitgestellten Bilder d\u00fcrfen ausschlie\u00dflich f\u00fcr die Berichterstattung im Zusammenhang mit dieser Medienmitteilung und unter Angabe des\/der Urhebers\/in verwendet werden.<\/em><\/p>\n<\/div>\n                            <\/div>\n                        <\/div>\n    <\/div>\n<\/div>","protected":false},"excerpt":{"rendered":"<p>Basiert auf einer Medienmitteilung des Max-Planck-Instituts f&uuml;r Biogeochemie<br \/>\nDas Max-Planck-Institut f&uuml;r Biogeochemie (MPI-BGC) hat ein neues ausw&auml;rtiges Mitglied gewonnen: Prof. Dr. Christian Wirth wurde vom Senat der Max-Planck-Gesellschaft auf Antrag des MPI-BGC zu dessen Ausw&auml;rtigem Wissenschaftlichen Mitglied ernannt. Wirth ist Gr&uuml;ndungsdirektor und Sprecher des Deutschen Zentrums f&uuml;r integrative Biodiversit&auml;tsforschung (iDiv), Professor der Universit&auml;t Leipzig und Direktor des Botanischen Gartens Leipzig. Der Pflanzen&ouml;kologe untersucht die Auswirkungen nat&uuml;rlicher und menschengemachter &Auml;nderungen der pflanzlichen Biodiversit&auml;t auf &Ouml;kosystemprozesse, wie zu Beispiel die Kohlenstoffspeicherung, den Wasserverbrauch und den Energiehaushalt. Als ehemaliger Gruppenleiter und sp&auml;ter Fellow am MPI-BGC hat Prof. Wirth den Aufbau der TRY Datenbank initiiert und unterst&uuml;tzt, die weltweit gr&ouml;&szlig;te Datenbank zu Pflanzeneigenschaften. Seine Forschung zum Einfluss des Klimawandels auf Biodiversit&auml;t und &Ouml;kosystemleistungen von W&auml;ldern erg&auml;nzt in idealer Weise die Forschungsschwerpunkte des Max-Planck-Instituts in Jena.&nbsp;<\/p>\n","protected":false},"author":1,"featured_media":0,"comment_status":"open","ping_status":"open","sticky":false,"template":"","format":"standard","meta":{"_acf_changed":false,"advgb_blocks_editor_width":"","advgb_blocks_columns_visual_guide":"","footnotes":"","_links_to":"","_links_to_target":""},"categories":[39,29,30],"tags":[],"class_list":["post-12898","post","type-post","status-publish","format-standard","hentry","category-idiv-mitglieder","category-medienmitteilung","category-top-news-de-2"],"acf":{"thumb":5081,"thumbmobile":null,"copyright":"Antje GIildemeister","breadcrumb":true},"yoast_head":"<!-- This site is optimized with the Yoast SEO plugin v27.5 - https:\/\/yoast.com\/product\/yoast-seo-wordpress\/ -->\n<title>Ehrung: Christian Wirth zum Ausw&auml;rtigen Mitglied des Max-Planck-Instituts f&uuml;r Biogeochemie ernannt| iDiv<\/title>\n<meta name=\"robots\" content=\"index, follow, max-snippet:-1, max-image-preview:large, max-video-preview:-1\" \/>\n<link rel=\"canonical\" href=\"https:\/\/www.idiv.de\/de\/ehrung-christian-wirth-zum-auswrtigen-mitglied-des-max-planck-instituts-fr-biogeochemie-ernannt\/\" \/>\n<meta property=\"og:locale\" content=\"de_DE\" \/>\n<meta property=\"og:type\" content=\"article\" \/>\n<meta property=\"og:title\" content=\"Ehrung: Christian Wirth zum Ausw&auml;rtigen Mitglied des Max-Planck-Instituts f&uuml;r Biogeochemie ernannt| iDiv\" \/>\n<meta property=\"og:description\" content=\"Basiert auf einer Medienmitteilung des Max-Planck-Instituts f&uuml;r Biogeochemie Das Max-Planck-Institut f&uuml;r Biogeochemie (MPI-BGC) hat ein neues ausw&auml;rtiges Mitglied gewonnen: Prof. Dr. Christian Wirth wurde vom Senat der Max-Planck-Gesellschaft auf Antrag des MPI-BGC zu dessen Ausw&auml;rtigem Wissenschaftlichen Mitglied ernannt. Wirth ist Gr&uuml;ndungsdirektor und Sprecher des Deutschen Zentrums f&uuml;r integrative Biodiversit&auml;tsforschung (iDiv), Professor der Universit&auml;t Leipzig und Direktor des Botanischen Gartens Leipzig. Der Pflanzen&ouml;kologe untersucht die Auswirkungen nat&uuml;rlicher und menschengemachter &Auml;nderungen der pflanzlichen Biodiversit&auml;t auf &Ouml;kosystemprozesse, wie zu Beispiel die Kohlenstoffspeicherung, den Wasserverbrauch und den Energiehaushalt. Als ehemaliger Gruppenleiter und sp&auml;ter Fellow am MPI-BGC hat Prof. Wirth den Aufbau der TRY Datenbank initiiert und unterst&uuml;tzt, die weltweit gr&ouml;&szlig;te Datenbank zu Pflanzeneigenschaften. Seine Forschung zum Einfluss des Klimawandels auf Biodiversit&auml;t und &Ouml;kosystemleistungen von W&auml;ldern erg&auml;nzt in idealer Weise die Forschungsschwerpunkte des Max-Planck-Instituts in Jena.&nbsp;\" \/>\n<meta property=\"og:url\" content=\"https:\/\/www.idiv.de\/de\/ehrung-christian-wirth-zum-auswrtigen-mitglied-des-max-planck-instituts-fr-biogeochemie-ernannt\/\" \/>\n<meta property=\"og:site_name\" content=\"iDiv\" \/>\n<meta property=\"article:published_time\" content=\"2024-01-16T23:00:00+00:00\" \/>\n<meta property=\"article:modified_time\" content=\"2024-10-10T08:19:31+00:00\" \/>\n<meta property=\"og:image\" content=\"https:\/\/www.idiv.de\/wp-content\/uploads\/2024\/11\/iDivSocialMediaShare.jpg\" \/>\n\t<meta property=\"og:image:width\" content=\"1200\" \/>\n\t<meta property=\"og:image:height\" content=\"675\" \/>\n\t<meta property=\"og:image:type\" content=\"image\/jpeg\" \/>\n<meta name=\"author\" content=\"admin\" \/>\n<meta name=\"twitter:card\" content=\"summary_large_image\" \/>\n<meta name=\"twitter:creator\" content=\"@idiv\" \/>\n<meta name=\"twitter:site\" content=\"@idiv\" \/>\n<script type=\"application\/ld+json\" class=\"yoast-schema-graph\">{\"@context\":\"https:\\\/\\\/schema.org\",\"@graph\":[{\"@type\":\"Article\",\"@id\":\"https:\\\/\\\/www.idiv.de\\\/de\\\/ehrung-christian-wirth-zum-auswrtigen-mitglied-des-max-planck-instituts-fr-biogeochemie-ernannt\\\/#article\",\"isPartOf\":{\"@id\":\"https:\\\/\\\/www.idiv.de\\\/de\\\/ehrung-christian-wirth-zum-auswrtigen-mitglied-des-max-planck-instituts-fr-biogeochemie-ernannt\\\/\"},\"author\":{\"name\":\"admin\",\"@id\":\"https:\\\/\\\/www.idiv.de\\\/de\\\/#\\\/schema\\\/person\\\/14228c09f1919627a633555952e15fc0\"},\"headline\":\"Ehrung: Christian Wirth zum Ausw&auml;rtigen Mitglied des Max-Planck-Instituts f&uuml;r Biogeochemie ernannt\",\"datePublished\":\"2024-01-16T23:00:00+00:00\",\"dateModified\":\"2024-10-10T08:19:31+00:00\",\"mainEntityOfPage\":{\"@id\":\"https:\\\/\\\/www.idiv.de\\\/de\\\/ehrung-christian-wirth-zum-auswrtigen-mitglied-des-max-planck-instituts-fr-biogeochemie-ernannt\\\/\"},\"wordCount\":15,\"commentCount\":0,\"publisher\":{\"@id\":\"https:\\\/\\\/www.idiv.de\\\/de\\\/#organization\"},\"articleSection\":[\"iDiv-Mitglieder\",\"Medienmitteilung\",\"TOP NEWS\"],\"inLanguage\":\"de\"},{\"@type\":\"WebPage\",\"@id\":\"https:\\\/\\\/www.idiv.de\\\/de\\\/ehrung-christian-wirth-zum-auswrtigen-mitglied-des-max-planck-instituts-fr-biogeochemie-ernannt\\\/\",\"url\":\"https:\\\/\\\/www.idiv.de\\\/de\\\/ehrung-christian-wirth-zum-auswrtigen-mitglied-des-max-planck-instituts-fr-biogeochemie-ernannt\\\/\",\"name\":\"Ehrung: Christian Wirth zum Ausw&auml;rtigen Mitglied des Max-Planck-Instituts f&uuml;r Biogeochemie ernannt| iDiv\",\"isPartOf\":{\"@id\":\"https:\\\/\\\/www.idiv.de\\\/de\\\/#website\"},\"datePublished\":\"2024-01-16T23:00:00+00:00\",\"dateModified\":\"2024-10-10T08:19:31+00:00\",\"breadcrumb\":{\"@id\":\"https:\\\/\\\/www.idiv.de\\\/de\\\/ehrung-christian-wirth-zum-auswrtigen-mitglied-des-max-planck-instituts-fr-biogeochemie-ernannt\\\/#breadcrumb\"},\"inLanguage\":\"de\",\"potentialAction\":[{\"@type\":\"ReadAction\",\"target\":[\"https:\\\/\\\/www.idiv.de\\\/de\\\/ehrung-christian-wirth-zum-auswrtigen-mitglied-des-max-planck-instituts-fr-biogeochemie-ernannt\\\/\"]}]},{\"@type\":\"BreadcrumbList\",\"@id\":\"https:\\\/\\\/www.idiv.de\\\/de\\\/ehrung-christian-wirth-zum-auswrtigen-mitglied-des-max-planck-instituts-fr-biogeochemie-ernannt\\\/#breadcrumb\",\"itemListElement\":[{\"@type\":\"ListItem\",\"position\":1,\"name\":\"Startseite\",\"item\":\"https:\\\/\\\/www.idiv.de\\\/de\\\/\"},{\"@type\":\"ListItem\",\"position\":2,\"name\":\"Ehrung: Christian Wirth zum Ausw&auml;rtigen Mitglied des Max-Planck-Instituts f&uuml;r Biogeochemie ernannt\"}]},{\"@type\":\"WebSite\",\"@id\":\"https:\\\/\\\/www.idiv.de\\\/de\\\/#website\",\"url\":\"https:\\\/\\\/www.idiv.de\\\/de\\\/\",\"name\":\"iDiv\",\"description\":\"Hotspot in Biodiversity Research\",\"publisher\":{\"@id\":\"https:\\\/\\\/www.idiv.de\\\/de\\\/#organization\"},\"potentialAction\":[{\"@type\":\"SearchAction\",\"target\":{\"@type\":\"EntryPoint\",\"urlTemplate\":\"https:\\\/\\\/www.idiv.de\\\/de\\\/?s={search_term_string}\"},\"query-input\":{\"@type\":\"PropertyValueSpecification\",\"valueRequired\":true,\"valueName\":\"search_term_string\"}}],\"inLanguage\":\"de\"},{\"@type\":\"Organization\",\"@id\":\"https:\\\/\\\/www.idiv.de\\\/de\\\/#organization\",\"name\":\"idiv\",\"url\":\"https:\\\/\\\/www.idiv.de\\\/de\\\/\",\"logo\":{\"@type\":\"ImageObject\",\"inLanguage\":\"de\",\"@id\":\"https:\\\/\\\/www.idiv.de\\\/de\\\/#\\\/schema\\\/logo\\\/image\\\/\",\"url\":\"https:\\\/\\\/www.idiv.de\\\/wp-content\\\/uploads\\\/2024\\\/08\\\/iDiv_Logo_long_v1_EN_black_4c.jpg\",\"contentUrl\":\"https:\\\/\\\/www.idiv.de\\\/wp-content\\\/uploads\\\/2024\\\/08\\\/iDiv_Logo_long_v1_EN_black_4c.jpg\",\"width\":2448,\"height\":674,\"caption\":\"idiv\"},\"image\":{\"@id\":\"https:\\\/\\\/www.idiv.de\\\/de\\\/#\\\/schema\\\/logo\\\/image\\\/\"},\"sameAs\":[\"https:\\\/\\\/x.com\\\/idiv\",\"https:\\\/\\\/www.linkedin.com\\\/company\\\/idiv-biodiversity\\\/\",\"https:\\\/\\\/www.youtube.com\\\/idiv-research\"]},{\"@type\":\"Person\",\"@id\":\"https:\\\/\\\/www.idiv.de\\\/de\\\/#\\\/schema\\\/person\\\/14228c09f1919627a633555952e15fc0\",\"name\":\"admin\",\"url\":\"https:\\\/\\\/www.idiv.de\\\/de\\\/author\\\/admin\\\/\"}]}<\/script>\n<!-- \/ Yoast SEO plugin. -->","yoast_head_json":{"title":"Ehrung: Christian Wirth zum Ausw&auml;rtigen Mitglied des Max-Planck-Instituts f&uuml;r Biogeochemie ernannt| iDiv","robots":{"index":"index","follow":"follow","max-snippet":"max-snippet:-1","max-image-preview":"max-image-preview:large","max-video-preview":"max-video-preview:-1"},"canonical":"https:\/\/www.idiv.de\/de\/ehrung-christian-wirth-zum-auswrtigen-mitglied-des-max-planck-instituts-fr-biogeochemie-ernannt\/","og_locale":"de_DE","og_type":"article","og_title":"Ehrung: Christian Wirth zum Ausw&auml;rtigen Mitglied des Max-Planck-Instituts f&uuml;r Biogeochemie ernannt| iDiv","og_description":"Basiert auf einer Medienmitteilung des Max-Planck-Instituts f&uuml;r Biogeochemie Das Max-Planck-Institut f&uuml;r Biogeochemie (MPI-BGC) hat ein neues ausw&auml;rtiges Mitglied gewonnen: Prof. Dr. Christian Wirth wurde vom Senat der Max-Planck-Gesellschaft auf Antrag des MPI-BGC zu dessen Ausw&auml;rtigem Wissenschaftlichen Mitglied ernannt. Wirth ist Gr&uuml;ndungsdirektor und Sprecher des Deutschen Zentrums f&uuml;r integrative Biodiversit&auml;tsforschung (iDiv), Professor der Universit&auml;t Leipzig und Direktor des Botanischen Gartens Leipzig. Der Pflanzen&ouml;kologe untersucht die Auswirkungen nat&uuml;rlicher und menschengemachter &Auml;nderungen der pflanzlichen Biodiversit&auml;t auf &Ouml;kosystemprozesse, wie zu Beispiel die Kohlenstoffspeicherung, den Wasserverbrauch und den Energiehaushalt. Als ehemaliger Gruppenleiter und sp&auml;ter Fellow am MPI-BGC hat Prof. Wirth den Aufbau der TRY Datenbank initiiert und unterst&uuml;tzt, die weltweit gr&ouml;&szlig;te Datenbank zu Pflanzeneigenschaften. Seine Forschung zum Einfluss des Klimawandels auf Biodiversit&auml;t und &Ouml;kosystemleistungen von W&auml;ldern erg&auml;nzt in idealer Weise die Forschungsschwerpunkte des Max-Planck-Instituts in Jena.&nbsp;","og_url":"https:\/\/www.idiv.de\/de\/ehrung-christian-wirth-zum-auswrtigen-mitglied-des-max-planck-instituts-fr-biogeochemie-ernannt\/","og_site_name":"iDiv","article_published_time":"2024-01-16T23:00:00+00:00","article_modified_time":"2024-10-10T08:19:31+00:00","og_image":[{"width":1200,"height":675,"url":"https:\/\/www.idiv.de\/wp-content\/uploads\/2024\/11\/iDivSocialMediaShare.jpg","type":"image\/jpeg"}],"author":"admin","twitter_card":"summary_large_image","twitter_creator":"@idiv","twitter_site":"@idiv","schema":{"@context":"https:\/\/schema.org","@graph":[{"@type":"Article","@id":"https:\/\/www.idiv.de\/de\/ehrung-christian-wirth-zum-auswrtigen-mitglied-des-max-planck-instituts-fr-biogeochemie-ernannt\/#article","isPartOf":{"@id":"https:\/\/www.idiv.de\/de\/ehrung-christian-wirth-zum-auswrtigen-mitglied-des-max-planck-instituts-fr-biogeochemie-ernannt\/"},"author":{"name":"admin","@id":"https:\/\/www.idiv.de\/de\/#\/schema\/person\/14228c09f1919627a633555952e15fc0"},"headline":"Ehrung: Christian Wirth zum Ausw&auml;rtigen Mitglied des Max-Planck-Instituts f&uuml;r Biogeochemie ernannt","datePublished":"2024-01-16T23:00:00+00:00","dateModified":"2024-10-10T08:19:31+00:00","mainEntityOfPage":{"@id":"https:\/\/www.idiv.de\/de\/ehrung-christian-wirth-zum-auswrtigen-mitglied-des-max-planck-instituts-fr-biogeochemie-ernannt\/"},"wordCount":15,"commentCount":0,"publisher":{"@id":"https:\/\/www.idiv.de\/de\/#organization"},"articleSection":["iDiv-Mitglieder","Medienmitteilung","TOP NEWS"],"inLanguage":"de"},{"@type":"WebPage","@id":"https:\/\/www.idiv.de\/de\/ehrung-christian-wirth-zum-auswrtigen-mitglied-des-max-planck-instituts-fr-biogeochemie-ernannt\/","url":"https:\/\/www.idiv.de\/de\/ehrung-christian-wirth-zum-auswrtigen-mitglied-des-max-planck-instituts-fr-biogeochemie-ernannt\/","name":"Ehrung: Christian Wirth zum Ausw&auml;rtigen Mitglied des Max-Planck-Instituts f&uuml;r Biogeochemie ernannt| iDiv","isPartOf":{"@id":"https:\/\/www.idiv.de\/de\/#website"},"datePublished":"2024-01-16T23:00:00+00:00","dateModified":"2024-10-10T08:19:31+00:00","breadcrumb":{"@id":"https:\/\/www.idiv.de\/de\/ehrung-christian-wirth-zum-auswrtigen-mitglied-des-max-planck-instituts-fr-biogeochemie-ernannt\/#breadcrumb"},"inLanguage":"de","potentialAction":[{"@type":"ReadAction","target":["https:\/\/www.idiv.de\/de\/ehrung-christian-wirth-zum-auswrtigen-mitglied-des-max-planck-instituts-fr-biogeochemie-ernannt\/"]}]},{"@type":"BreadcrumbList","@id":"https:\/\/www.idiv.de\/de\/ehrung-christian-wirth-zum-auswrtigen-mitglied-des-max-planck-instituts-fr-biogeochemie-ernannt\/#breadcrumb","itemListElement":[{"@type":"ListItem","position":1,"name":"Startseite","item":"https:\/\/www.idiv.de\/de\/"},{"@type":"ListItem","position":2,"name":"Ehrung: Christian Wirth zum Ausw&auml;rtigen Mitglied des Max-Planck-Instituts f&uuml;r Biogeochemie ernannt"}]},{"@type":"WebSite","@id":"https:\/\/www.idiv.de\/de\/#website","url":"https:\/\/www.idiv.de\/de\/","name":"iDiv","description":"Hotspot in Biodiversity Research","publisher":{"@id":"https:\/\/www.idiv.de\/de\/#organization"},"potentialAction":[{"@type":"SearchAction","target":{"@type":"EntryPoint","urlTemplate":"https:\/\/www.idiv.de\/de\/?s={search_term_string}"},"query-input":{"@type":"PropertyValueSpecification","valueRequired":true,"valueName":"search_term_string"}}],"inLanguage":"de"},{"@type":"Organization","@id":"https:\/\/www.idiv.de\/de\/#organization","name":"idiv","url":"https:\/\/www.idiv.de\/de\/","logo":{"@type":"ImageObject","inLanguage":"de","@id":"https:\/\/www.idiv.de\/de\/#\/schema\/logo\/image\/","url":"https:\/\/www.idiv.de\/wp-content\/uploads\/2024\/08\/iDiv_Logo_long_v1_EN_black_4c.jpg","contentUrl":"https:\/\/www.idiv.de\/wp-content\/uploads\/2024\/08\/iDiv_Logo_long_v1_EN_black_4c.jpg","width":2448,"height":674,"caption":"idiv"},"image":{"@id":"https:\/\/www.idiv.de\/de\/#\/schema\/logo\/image\/"},"sameAs":["https:\/\/x.com\/idiv","https:\/\/www.linkedin.com\/company\/idiv-biodiversity\/","https:\/\/www.youtube.com\/idiv-research"]},{"@type":"Person","@id":"https:\/\/www.idiv.de\/de\/#\/schema\/person\/14228c09f1919627a633555952e15fc0","name":"admin","url":"https:\/\/www.idiv.de\/de\/author\/admin\/"}]}},"author_meta":{"display_name":"admin","author_link":"https:\/\/www.idiv.de\/de\/author\/admin\/"},"featured_img":null,"coauthors":[],"tax_additional":{"categories":{"linked":["<a href=\"https:\/\/www.idiv.de\/de\/kategorie\/idiv-mitglieder\/\" class=\"advgb-post-tax-term\">iDiv-Mitglieder<\/a>","<a href=\"https:\/\/www.idiv.de\/de\/kategorie\/medienmitteilung\/\" class=\"advgb-post-tax-term\">Medienmitteilung<\/a>","<a href=\"https:\/\/www.idiv.de\/de\/kategorie\/top-news-de-2\/\" class=\"advgb-post-tax-term\">TOP NEWS<\/a>"],"unlinked":["<span class=\"advgb-post-tax-term\">iDiv-Mitglieder<\/span>","<span class=\"advgb-post-tax-term\">Medienmitteilung<\/span>","<span class=\"advgb-post-tax-term\">TOP NEWS<\/span>"]}},"comment_count":0,"relative_dates":{"created":"Ver\u00f6ffentlicht 2\u00a0Jahren vor","modified":"Aktualisiert 2\u00a0Jahren vor"},"absolute_dates":{"created":"Ver\u00f6ffentlicht am 17. Januar 2024","modified":"Aktualisiert am 10. Oktober 2024"},"absolute_dates_time":{"created":"Ver\u00f6ffentlicht am 17. Januar 2024 0:00","modified":"Aktualisiert am 10. Oktober 2024 9:19"},"featured_img_caption":"","series_order":"","_links":{"self":[{"href":"https:\/\/www.idiv.de\/de\/wp-json\/wp\/v2\/posts\/12898","targetHints":{"allow":["GET"]}}],"collection":[{"href":"https:\/\/www.idiv.de\/de\/wp-json\/wp\/v2\/posts"}],"about":[{"href":"https:\/\/www.idiv.de\/de\/wp-json\/wp\/v2\/types\/post"}],"author":[{"embeddable":true,"href":"https:\/\/www.idiv.de\/de\/wp-json\/wp\/v2\/users\/1"}],"replies":[{"embeddable":true,"href":"https:\/\/www.idiv.de\/de\/wp-json\/wp\/v2\/comments?post=12898"}],"version-history":[{"count":1,"href":"https:\/\/www.idiv.de\/de\/wp-json\/wp\/v2\/posts\/12898\/revisions"}],"predecessor-version":[{"id":12899,"href":"https:\/\/www.idiv.de\/de\/wp-json\/wp\/v2\/posts\/12898\/revisions\/12899"}],"wp:attachment":[{"href":"https:\/\/www.idiv.de\/de\/wp-json\/wp\/v2\/media?parent=12898"}],"wp:term":[{"taxonomy":"category","embeddable":true,"href":"https:\/\/www.idiv.de\/de\/wp-json\/wp\/v2\/categories?post=12898"},{"taxonomy":"post_tag","embeddable":true,"href":"https:\/\/www.idiv.de\/de\/wp-json\/wp\/v2\/tags?post=12898"}],"curies":[{"name":"wp","href":"https:\/\/api.w.org\/{rel}","templated":true}]}}