{"id":12832,"date":"2023-10-30T00:00:00","date_gmt":"2023-10-29T23:00:00","guid":{"rendered":"https:\/\/idiv.caf-dev.de\/bereits-wenig-knstliches-licht-gefhrdet-kosysteme\/"},"modified":"2025-06-03T12:26:13","modified_gmt":"2025-06-03T11:26:13","slug":"bereits-wenig-knstliches-licht-gefhrdet-kosysteme","status":"publish","type":"post","link":"https:\/\/www.idiv.de\/de\/bereits-wenig-knstliches-licht-gefhrdet-kosysteme\/","title":{"rendered":"Bereits wenig k&uuml;nstliches Licht gef&auml;hrdet &Ouml;kosysteme"},"content":{"rendered":"<div class=\"herosection pb-24 pt-0 no-bg modulclass \" id=\"\">\n                    <div class=\"swiper1noslider  nooverflow swiper \" id=\"slide_69f2beead27f1\">\n        \n                <div class=\"swiper-wrapper\">\n                                            <div class=\"swiper-slide  style_ \" aria-hidden=\"true\" >\n                            <div class=\"backstretchwrap\">\n                        \n                            <div datasrc=\"https:\/\/www.idiv.de\/wp-content\/uploads\/2024\/08\/pic_79f11e5b9a20231029094957.jpg\" class=\"backstretchimg responsiv desktop\"><\/div>\n\n                            <a href=\"#\" class=\"cr\"><svg  xmlns=\"http:\/\/www.w3.org\/2000\/svg\" width=\"22\" height=\"22\" viewBox=\"0 0 22 22\">\n                                    <rect id=\"BG\" width=\"22\" height=\"22\" rx=\"11\" fill=\"#fff\"\/>\n                                    <g id=\"Wrapper\" transform=\"translate(-1 -1)\">\n                                        <g id=\"Icon_material-copyright\" data-name=\"Icon material-copyright\">\n                                            <circle id=\"Ellipse_30\" data-name=\"Ellipse 30\" cx=\"8\" cy=\"8\" r=\"8\" transform=\"translate(4 4)\" fill=\"#fff\"\/>\n                                            <path id=\"Icon_material-copyright-2\" data-name=\"Icon material-copyright\" d=\"M9.464,10.088a2.045,2.045,0,0,1,.24-.7,1.4,1.4,0,0,1,.472-.5,1.42,1.42,0,0,1,.728-.184,1.45,1.45,0,0,1,.5.1,1.29,1.29,0,0,1,.416.288,1.54,1.54,0,0,1,.272.424,1.4,1.4,0,0,1,.112.512H13.64a2.864,2.864,0,0,0-.224-1.032,2.4,2.4,0,0,0-.56-.808,2.613,2.613,0,0,0-.864-.528,3.09,3.09,0,0,0-1.112-.184,3.127,3.127,0,0,0-1.36.272,2.751,2.751,0,0,0-.96.736,3.007,3.007,0,0,0-.568,1.088A4.685,4.685,0,0,0,7.8,10.9v.216a4.684,4.684,0,0,0,.184,1.312,2.908,2.908,0,0,0,.568,1.08,2.731,2.731,0,0,0,.96.728,3.246,3.246,0,0,0,1.36.272,3.051,3.051,0,0,0,1.056-.184,2.729,2.729,0,0,0,.864-.5,2.442,2.442,0,0,0,.592-.752,2.153,2.153,0,0,0,.24-.92H12.192a1.139,1.139,0,0,1-.12.464,1.177,1.177,0,0,1-.288.368,1.26,1.26,0,0,1-.416.24,1.589,1.589,0,0,1-.48.08,1.359,1.359,0,0,1-.712-.184,1.4,1.4,0,0,1-.472-.5,2.09,2.09,0,0,1-.24-.7,5.392,5.392,0,0,1-.064-.8V10.9a5.33,5.33,0,0,1,.064-.808ZM11,3a8,8,0,1,0,8,8A8,8,0,0,0,11,3Zm0,14.4A6.4,6.4,0,1,1,17.4,11,6.408,6.408,0,0,1,11,17.4Z\" transform=\"translate(1 1)\" fill=\"#4d4d4d\"\/>\n                                        <\/g>\n                                    <\/g>\n                                <\/svg>\n                                <span>J\u00fcrgen Vieweg\/Pixelio<\/span><\/a>                        \n                                                    <\/div>\n                                        <div class=\"sliderinhalt \" role=\"region\" aria-label=\"carousel\">\n\n                                            <h1 class=\"h1 tleft\" >Bereits wenig k&uuml;nstliches Licht gef&auml;hrdet &Ouml;kosysteme<\/h1>                                                    <p style=\"text-align: center;\">N\u00e4chtliche Lichtverschmutzung gef\u00e4hrdet ober- und unterirdische \u00d6kosysteme mit Konsequenzen f\u00fcr deren Stabilit\u00e4t und menschliches Wohlergehen<\/p>\n                                                \n                                                                                                            <\/div>\n                                            <\/div>\n\n                        \n                 <\/div>\n\n                              <\/div>\n<\/div>\n\n<div class=\"textbildrepeater pb-24 pt-0 no-bg modulclass \" id=\"\">\n    <div class=\"container\">\n        <div class=\"row\">\n                                                                <div class=\"pb-24   mod_text  col-md-6 offset-md-0 pos_top\">\n                            <div class=\"textrepeater \" id=\"\">\n    <p>30.10.2023 | Media Release, Theory in Biodiversity Science, TOP NEWS<\/p>\n<\/div>\n                            <\/div>\n                        <\/div>\n    <\/div>\n<\/div>\n\n<div class=\"textbildrepeater pb-24 pt-0 no-bg modulclass \" id=\"\">\n    <div class=\"container\">\n        <div class=\"row\">\n                                                                <div class=\"pb-24   mod_text  col-md-12 offset-md-0 pos_top\">\n                            <div class=\"textrepeater \" id=\"\">\n    <p><strong>Leipzig, Jena. Eine neue Sammlung von Studien &uuml;ber k&uuml;nstliches Licht bei Nacht zeigt, dass die Auswirkungen der Lichtverschmutzung weitreichender sind als gedacht. Selbst geringe Mengen k&uuml;nstlichen Lichts k&ouml;nnen Artengemeinschaften und ganze &Ouml;kosysteme st&ouml;ren. Die in der Fachzeitschrift Philosophical Transactions of the Royal Society B ver&ouml;ffentlichte Sonderausgabe mit 16 wissenschaftlichen Studien befasst sich mit den Auswirkungen der Lichtverschmutzung auf komplexe &Ouml;kosysteme, darunter Boden-, Grasland- und Insektengemeinschaften. Wissenschaftlerinnen und Wissenschaftler des Deutschen Zentrums f&uuml;r integrative Biodiversit&auml;tsforschung (iDiv) und der Friedrich-Schiller-Universit&auml;t Jena betonen in der Sonderausgabe den Dominoeffekt, den Lichtverschmutzung auf Funktionen und Stabilit&auml;t von &Ouml;kosystemen haben kann.<\/strong><\/p>\n<\/div>\n                            <\/div>\n                        <\/div>\n    <\/div>\n<\/div>\n\n<div class=\"textbildrepeater pb-24 pt-0 no-bg modulclass \" id=\"\">\n    <div class=\"container\">\n        <div class=\"row\">\n                                                                <div class=\"pb-24   mod_bild  col-md-5 offset-md-0 pos_top\">\n                            <div class=\"bildrepeater \" id=\"\">\n    <div class=\"relativ\"><img decoding=\"async\" class=\"responsiv desktop\" src=\"https:\/\/www.idiv.de\/wp-content\/uploads\/2024\/08\/pic_81bd6c554220231029095101.jpg\" height=\"\" width=\"\" alt=\"idiv-\"\/><img decoding=\"async\" class=\"responsiv mobile\" src=\"https:\/\/www.idiv.de\/wp-content\/uploads\/2024\/08\/pic_81bd6c554220231029095101.jpg\" height=\"\" width=\"\" alt=\"idiv-\"\/><a href=\"#\" class=\"cr\" role=\"button\">\n<svg  xmlns=\"http:\/\/www.w3.org\/2000\/svg\" width=\"22\" height=\"22\" viewBox=\"0 0 22 22\">\n    <rect id=\"BG\" width=\"22\" height=\"22\" rx=\"11\" fill=\"#fff\"\/>\n    <g id=\"Wrapper\" transform=\"translate(-1 -1)\">\n        <g id=\"Icon_material-copyright\" data-name=\"Icon material-copyright\">\n            <circle id=\"Ellipse_30\" data-name=\"Ellipse 30\" cx=\"8\" cy=\"8\" r=\"8\" transform=\"translate(4 4)\" fill=\"#fff\"\/>\n            <path id=\"Icon_material-copyright-2\" data-name=\"Icon material-copyright\" d=\"M9.464,10.088a2.045,2.045,0,0,1,.24-.7,1.4,1.4,0,0,1,.472-.5,1.42,1.42,0,0,1,.728-.184,1.45,1.45,0,0,1,.5.1,1.29,1.29,0,0,1,.416.288,1.54,1.54,0,0,1,.272.424,1.4,1.4,0,0,1,.112.512H13.64a2.864,2.864,0,0,0-.224-1.032,2.4,2.4,0,0,0-.56-.808,2.613,2.613,0,0,0-.864-.528,3.09,3.09,0,0,0-1.112-.184,3.127,3.127,0,0,0-1.36.272,2.751,2.751,0,0,0-.96.736,3.007,3.007,0,0,0-.568,1.088A4.685,4.685,0,0,0,7.8,10.9v.216a4.684,4.684,0,0,0,.184,1.312,2.908,2.908,0,0,0,.568,1.08,2.731,2.731,0,0,0,.96.728,3.246,3.246,0,0,0,1.36.272,3.051,3.051,0,0,0,1.056-.184,2.729,2.729,0,0,0,.864-.5,2.442,2.442,0,0,0,.592-.752,2.153,2.153,0,0,0,.24-.92H12.192a1.139,1.139,0,0,1-.12.464,1.177,1.177,0,0,1-.288.368,1.26,1.26,0,0,1-.416.24,1.589,1.589,0,0,1-.48.08,1.359,1.359,0,0,1-.712-.184,1.4,1.4,0,0,1-.472-.5,2.09,2.09,0,0,1-.24-.7,5.392,5.392,0,0,1-.064-.8V10.9a5.33,5.33,0,0,1,.064-.808ZM11,3a8,8,0,1,0,8,8A8,8,0,0,0,11,3Zm0,14.4A6.4,6.4,0,1,1,17.4,11,6.408,6.408,0,0,1,11,17.4Z\" transform=\"translate(1 1)\" fill=\"#4d4d4d\"\/>\n        <\/g>\n    <\/g>\n<\/svg>\n<span>Adolf Riess\/Pixelio<\/span><\/a><\/div><p class=\"bu\">In einer hell erleuchteten Stadt wie Wien ist es aufgrund der Lichtverschmutzung oft schwierig, Sterne am Himmel zu sehen.&nbsp;<\/p><\/div>\n                            <\/div>\n                                                                    <div class=\"pb-24   mod_bild  col-md-5 offset-md-2 pos_top\">\n                            <div class=\"bildrepeater \" id=\"\">\n    <div class=\"relativ\"><img decoding=\"async\" class=\"responsiv desktop\" src=\"https:\/\/www.idiv.de\/wp-content\/uploads\/2024\/08\/pic_0ed7b9efbf20231029095123.jpg\" height=\"\" width=\"\" alt=\"idiv-\"\/><img decoding=\"async\" class=\"responsiv mobile\" src=\"https:\/\/www.idiv.de\/wp-content\/uploads\/2024\/08\/pic_0ed7b9efbf20231029095123.jpg\" height=\"\" width=\"\" alt=\"idiv-\"\/><a href=\"#\" class=\"cr\" role=\"button\">\n<svg  xmlns=\"http:\/\/www.w3.org\/2000\/svg\" width=\"22\" height=\"22\" viewBox=\"0 0 22 22\">\n    <rect id=\"BG\" width=\"22\" height=\"22\" rx=\"11\" fill=\"#fff\"\/>\n    <g id=\"Wrapper\" transform=\"translate(-1 -1)\">\n        <g id=\"Icon_material-copyright\" data-name=\"Icon material-copyright\">\n            <circle id=\"Ellipse_30\" data-name=\"Ellipse 30\" cx=\"8\" cy=\"8\" r=\"8\" transform=\"translate(4 4)\" fill=\"#fff\"\/>\n            <path id=\"Icon_material-copyright-2\" data-name=\"Icon material-copyright\" d=\"M9.464,10.088a2.045,2.045,0,0,1,.24-.7,1.4,1.4,0,0,1,.472-.5,1.42,1.42,0,0,1,.728-.184,1.45,1.45,0,0,1,.5.1,1.29,1.29,0,0,1,.416.288,1.54,1.54,0,0,1,.272.424,1.4,1.4,0,0,1,.112.512H13.64a2.864,2.864,0,0,0-.224-1.032,2.4,2.4,0,0,0-.56-.808,2.613,2.613,0,0,0-.864-.528,3.09,3.09,0,0,0-1.112-.184,3.127,3.127,0,0,0-1.36.272,2.751,2.751,0,0,0-.96.736,3.007,3.007,0,0,0-.568,1.088A4.685,4.685,0,0,0,7.8,10.9v.216a4.684,4.684,0,0,0,.184,1.312,2.908,2.908,0,0,0,.568,1.08,2.731,2.731,0,0,0,.96.728,3.246,3.246,0,0,0,1.36.272,3.051,3.051,0,0,0,1.056-.184,2.729,2.729,0,0,0,.864-.5,2.442,2.442,0,0,0,.592-.752,2.153,2.153,0,0,0,.24-.92H12.192a1.139,1.139,0,0,1-.12.464,1.177,1.177,0,0,1-.288.368,1.26,1.26,0,0,1-.416.24,1.589,1.589,0,0,1-.48.08,1.359,1.359,0,0,1-.712-.184,1.4,1.4,0,0,1-.472-.5,2.09,2.09,0,0,1-.24-.7,5.392,5.392,0,0,1-.064-.8V10.9a5.33,5.33,0,0,1,.064-.808ZM11,3a8,8,0,1,0,8,8A8,8,0,0,0,11,3Zm0,14.4A6.4,6.4,0,1,1,17.4,11,6.408,6.408,0,0,1,11,17.4Z\" transform=\"translate(1 1)\" fill=\"#4d4d4d\"\/>\n        <\/g>\n    <\/g>\n<\/svg>\n<span>Myriam Hirt<\/span><\/a><\/div><p class=\"bu\">In mehreren Studien wurde das iDiv-EcoTron genutzt, um die Lichtverh&auml;ltnisse in der Nacht zu simulieren und zu ver&auml;ndern.<\/p><\/div>\n                            <\/div>\n                        <\/div>\n    <\/div>\n<\/div>\n\n<div class=\"textbildrepeater pb-24 pt-0 no-bg modulclass \" id=\"\">\n    <div class=\"container\">\n        <div class=\"row\">\n                                                                <div class=\"pb-24   mod_text  col-md-12 offset-md-0 pos_top\">\n                            <div class=\"textrepeater \" id=\"\">\n    <p>Weltweit nimmt k&uuml;nstliche Beleuchtung zu &ndash; auch der Nachthimmel wird damit immer heller. Die Lichtverschmutzung, die jedes Jahr um bis zu zehn Prozent zunimmt, unterbricht die nat&uuml;rlichen Lichtzyklen, die im Laufe der Erdgeschichte weitgehend konstant waren. Diese Zyklen sind f&uuml;r Organismen, die auf Licht als Energie- und Informationsquelle angewiesen sind, lebenswichtig. Bislang konzentrierten sich Studien, die die Auswirkungen von Lichtverschmutzung untersucht haben, weitgehend auf die menschliche Gesundheit und auf einzelne Arten. Die Untersuchung ganzer &Ouml;kosysteme, in denen Arten durch vielf&auml;ltige Interaktionen miteinander verbunden sind, blieb hingegen meist au&szlig;en vor. &bdquo;Arten existieren nicht isoliert, sondern interagieren auf vielf&auml;ltige Weise&ldquo;, erkl&auml;rt Dr. Myriam Hirt von iDiv und der Universit&auml;t Jena, die gemeinsam mit Dr. Remo Ryser die Herausgabe der Sonderausgabe redaktionell leitete. &bdquo;Unser Ziel war es, besser zu verstehen, wie sich die Aufhellung des Nachthimmels auf ganze &Ouml;kosysteme und die damit verbundenen &Ouml;kosystemleistungen auswirkt.&ldquo;<br \/>&nbsp;<br \/>Mithilfe des iDiv-Ecotrons, das aus mehreren kontrollierbaren &Ouml;kosystemen (sogenannten EcoUnits) besteht, simulierten und ver&auml;nderten die Forscherinnen und Forscher die n&auml;chtlichen Lichtverh&auml;ltnisse. Zu den wichtigsten Ergebnissen in diesem Zusammenhang geh&ouml;ren&#58;<\/p>\n<ul>\n<li>Die Auswirkungen von k&uuml;nstlichem Licht erreichen auch unterirdische Bodengemeinschaften und beeinflussen die Bodenatmung sowie die Effizienz der Kohlenstoffnutzung<\/li>\n<li>K&uuml;nstliches Licht beeinflusst die Aktivit&auml;t von Insekten, was unter anderem zu h&ouml;heren Pr&auml;dationsraten in der Nacht f&uuml;hrte, es gab also mehr Jagdverhalten<\/li>\n<li>K&uuml;nstliches Licht f&uuml;hrt zu einer Verringerung der pflanzlichen Biomasse und Diversit&auml;t, sowie zu Ver&auml;nderung von Pflanzenmerkmalen, wie die Behaarung der Bl&auml;tter<\/li>\n<li>Durch k&uuml;nstliches Licht k&ouml;nnen sich die Zeitr&auml;ume, in denen Arten aktiv sind, verschieben bzw. angleichen, was zu gr&ouml;&szlig;eren &Uuml;berschneidungen in deren Aktivit&auml;t f&uuml;hrt und letztlich den Fortbestand von Arten beeinflussen kann<\/li>\n<\/ul>\n<p>Die Studien zeigten auch, dass selbst geringe Intensit&auml;ten der Lichtverschmutzung &ndash; weniger als bei Vollmond &ndash; tiefgreifende Auswirkungen haben, nicht nur auf das Verhalten und die physiologischen Reaktionen einzelner Arten, sondern sich auch auf komplexeren Ebenen widerspiegeln, etwa in Gemeinschaften und &ouml;kologischen Netzwerken, wie zum Beispiel Nahrungsnetzen. &bdquo;Wie die einzelnen Arten auf k&uuml;nstliches Licht reagieren und in welcher Beziehung sie zueinander stehen, beeinflusst, wie das gesamte &Ouml;kosystem reagiert. So ver&auml;ndert beispielsweise eine Verschiebung der Aktivit&auml;t von tagaktiven und d&auml;mmerungsaktiven Arten in die Nacht die Aussterberisiken in der gesamten Artengemeinschaft&ldquo;, sagt Dr. Remo Ryser von iDiv und der Universit&auml;t Jena.<br \/>&nbsp;<br \/>Eine weitere Studie in der Sonderausgabe untersuchte, wie k&uuml;nstliches Licht indirekte Kaskadeneffekte hervorruft, die sich auch auf den Menschen auswirken. So kann k&uuml;nstliches Licht bei Nacht zum Beispiel die H&auml;ufigkeit und das Verhalten von Stechm&uuml;cken beeinflussen. Die Studie zeigt, dass k&uuml;nstliches Licht zu Ver&auml;nderungen in der zeitlichen Abfolge wichtiger Verhaltensweisen der M&uuml;cken f&uuml;hrt, wie der Wirtssuche, der Paarung und der Flugaktivit&auml;t. Dies k&ouml;nnte weitreichende Folgen f&uuml;r die &Uuml;bertragung von Krankheiten wie Malaria haben. In einer anderen Studie wurde untersucht, wie verschiedene Beleuchtungsstrategien die negativen Auswirkungen von k&uuml;nstlichem Licht abmildern k&ouml;nnen. Die Wissenschaftlerinnen und Wissenschaftler weisen jedoch darauf hin, dass die Eind&auml;mmung von Lichtverschmutzung einen nuancierten Ansatz erfordert, da die Auswirkungen auf die verschiedenen Arten sehr unterschiedlich sein k&ouml;nnen. Entsprechend k&ouml;nnten vorbeugende Ma&szlig;nahmen m&ouml;glicherweise nicht universell anwendbar sein.<\/p>\n<p>Aufgrund der stetigen Zunahme der k&uuml;nstlichen Beleuchtung auf der ganzen Welt finden sich immer weniger Regionen, in denen es wirklich dunkel ist &ndash; mit m&ouml;glichen Auswirkungen auf die Gesundheit der Menschen und auf &Ouml;kosysteme. Mit der Sonderausgabe m&ouml;chten die Autorinnen und Autoren weitere Forschung und Ma&szlig;nahmen anregen, die nicht nur dazu beitragen, die sch&auml;dlichen Auswirkungen der Lichtverschmutzung zu mindern, sondern auch die Bed&uuml;rfnisse von Gesellschaft und Natur zu ber&uuml;cksichtigen. &bdquo;Nat&uuml;rlich hat k&uuml;nstliches Licht bei Nacht viele Vorteile&ldquo;, sagt Dr. Myriam Hirt. &bdquo;Aber wir d&uuml;rfen auch seine negativen Auswirkungen nicht au&szlig;er Acht lassen.&ldquo; <br \/>Christine Coester<\/p>\n<p><strong>Originalpublikation<\/strong><br \/>(Wissenschaftlerinnen und Wissenschaftler mit iDiv-Affiliation fett gedruckt)<\/p>\n<p><strong>Myriam R. Hirt<\/strong>, Darren M. Evans, Colleen R. Miller, <strong>Remo Ryser<\/strong> (2023). Light pollution in complex ecological systems. Philosophical Transactions of the Royal Society B, DOI&#58; <a href=https&#58;\/\/doi.org\/10.1098\/rstb\/378\/1892 target=_blank rel=noopener>https&#58;\/\/doi.org\/10.1098\/rstb\/378\/1892<\/a><\/p>\n<\/div>\n                            <\/div>\n                        <\/div>\n    <\/div>\n<\/div>\n\n<div class=\"textbildrepeater pb-24 pt-0 no-bg modulclass \" id=\"\">\n    <div class=\"container\">\n        <div class=\"row\">\n                                                                <div class=\"pb-24   mod_text  col-md-12 offset-md-0 pos_top\">\n                            <div class=\"textrepeater \" id=\"\">\n    <h3>Ansprechpartner:<\/h3>\n<p><strong>Christine Coester<\/strong><br \/>\nAbteilung Medien &amp; Kommunikation<br \/>\nDeutsches Zentrum f\u00fcr integrative Biodiversit\u00e4tsforschung (iDiv) Halle-Jena-Leipzig<br \/>\nE-Mail: <a href=\"&#109;&#x61;i&#108;&#x74;o&#58;&#x63;h&#x72;&#x69;&#115;&#x74;i&#110;&#x65;&#46;&#99;&#x6f;e&#x73;&#x74;&#101;&#x72;&#x40;&#105;&#x64;i&#118;&#x2e;d&#101;\">&#99;&#104;&#x72;i&#115;&#x74;&#x69;n&#101;&#x2e;&#x63;o&#101;&#x73;&#x74;e&#114;&#x40;&#x69;d&#105;&#x76;&#x2e;d&#101;<\/a><\/p>\n<p><strong>Dr. Remo Ryser<\/strong><br \/>\nForschungsgruppe Biodiverisit\u00e4tstheorie<br \/>\nDeutsches Zentrum f\u00fcr integrative Biodiversit\u00e4tsforschung (iDiv) Halle-Jena-Leipzig<br \/>\nFriedrich-Schiller-Universit\u00e4t Jena<br \/>\nE-Mail: <a href=\"&#109;a&#x69;l&#x74;o&#x3a;r&#x65;&#109;&#x6f;&#46;&#x72;&#121;&#x73;&#101;r&#64;i&#x64;i&#x76;&#46;&#x64;&#101;\">r&#101;&#109;&#x6f;&#x2e;ry&#115;&#101;&#x72;&#x40;id&#105;&#118;&#x2e;&#x64;e<\/a><\/p>\n<p><strong>Dr. Myriam Hirt<\/strong><br \/>\nForschungsgruppe Biodiversit\u00e4tstheorie<br \/>\nDeutsches Zentrum f\u00fcr integrative Biodiversit\u00e4tsforschung (iDiv) Halle-Jena-Leipzig<br \/>\nFriedrich-Schiller-Universit\u00e4t Jena<br \/>\nTel.: +49 341 9733206<br \/>\nE-Mail: <a href=\"mai&#108;&#116;&#111;&#x3a;&#x6d;&#x79;&#x72;&#x69;&#x61;m&#46;h&#105;&#114;&#116;&#64;&#x69;&#x64;&#x69;&#x76;&#x2e;&#x64;e\">&#109;&#121;&#x72;&#x69;&#97;&#109;&#x2e;&#x68;&#105;&#114;&#x74;&#x40;&#105;&#100;&#x69;&#x76;&#46;&#100;&#x65;<\/a><br \/>\nWeb: <a href=\"https:\/\/www.idiv.de\/de\/profile\/104.html\">https:\/\/www.idiv.de\/de\/profile\/104.html<\/a><\/p>\n<\/div>\n                            <\/div>\n                        <\/div>\n    <\/div>\n<\/div>\n\n<div class=\"textbildrepeater pb-24 pt-0 no-bg modulclass \" id=\"\">\n    <div class=\"container\">\n        <div class=\"row\">\n                                                                <div class=\"pb-24   mod_text  col-md-12 offset-md-0 pos_top\">\n                            <div class=\"textrepeater \" id=\"\">\n    <p><em>Hinweis f\u00fcr die Medien: Die von iDiv bereitgestellten Bilder d\u00fcrfen ausschlie\u00dflich f\u00fcr die Berichterstattung im Zusammenhang mit dieser Medienmitteilung und unter Angabe des\/der Urhebers\/in verwendet werden.<\/em><\/p>\n<\/div>\n                            <\/div>\n                        <\/div>\n    <\/div>\n<\/div>","protected":false},"excerpt":{"rendered":"<p>Leipzig, Jena. Eine neue Sammlung von Studien &uuml;ber k&uuml;nstliches Licht bei Nacht zeigt, dass die Auswirkungen der Lichtverschmutzung weitreichender sind als gedacht. Selbst geringe Mengen k&uuml;nstlichen Lichts k&ouml;nnen Artengemeinschaften und ganze &Ouml;kosysteme st&ouml;ren. Die in der Fachzeitschrift Philosophical Transactions of the Royal Society B ver&ouml;ffentlichte Sonderausgabe mit 16 wissenschaftlichen Studien befasst sich mit den Auswirkungen der Lichtverschmutzung auf komplexe &Ouml;kosysteme, darunter Boden-, Grasland- und Insektengemeinschaften. Wissenschaftlerinnen und Wissenschaftler des Deutschen Zentrums f&uuml;r integrative Biodiversit&auml;tsforschung (iDiv) und der Friedrich-Schiller-Universit&auml;t Jena betonen in der Sonderausgabe den Dominoeffekt, den Lichtverschmutzung auf Funktionen und Stabilit&auml;t von &Ouml;kosystemen haben kann.<\/p>\n","protected":false},"author":1,"featured_media":0,"comment_status":"open","ping_status":"open","sticky":false,"template":"","format":"standard","meta":{"_acf_changed":false,"advgb_blocks_editor_width":"","advgb_blocks_columns_visual_guide":"","footnotes":"","_links_to":"","_links_to_target":""},"categories":[38,35,29,30],"tags":[],"class_list":["post-12832","post","type-post","status-publish","format-standard","hentry","category-biodiversitaetstheorie","category-experimentelle-interaktionsoekologie","category-medienmitteilung","category-top-news-de-2"],"acf":{"thumb":5189,"thumbmobile":"","copyright":"J\u00fcrgen Vieweg\/Pixelio","breadcrumb":true},"yoast_head":"<!-- This site is optimized with the Yoast SEO plugin v27.5 - https:\/\/yoast.com\/product\/yoast-seo-wordpress\/ -->\n<title>Bereits wenig k&uuml;nstliches Licht gef&auml;hrdet &Ouml;kosysteme | iDiv<\/title>\n<meta name=\"robots\" content=\"index, follow, max-snippet:-1, max-image-preview:large, max-video-preview:-1\" \/>\n<link rel=\"canonical\" href=\"https:\/\/www.idiv.de\/de\/bereits-wenig-knstliches-licht-gefhrdet-kosysteme\/\" \/>\n<meta property=\"og:locale\" content=\"de_DE\" \/>\n<meta property=\"og:type\" content=\"article\" \/>\n<meta property=\"og:title\" content=\"Bereits wenig k&uuml;nstliches Licht gef&auml;hrdet &Ouml;kosysteme | iDiv\" \/>\n<meta property=\"og:description\" content=\"Leipzig, Jena. Eine neue Sammlung von Studien &uuml;ber k&uuml;nstliches Licht bei Nacht zeigt, dass die Auswirkungen der Lichtverschmutzung weitreichender sind als gedacht. Selbst geringe Mengen k&uuml;nstlichen Lichts k&ouml;nnen Artengemeinschaften und ganze &Ouml;kosysteme st&ouml;ren. Die in der Fachzeitschrift Philosophical Transactions of the Royal Society B ver&ouml;ffentlichte Sonderausgabe mit 16 wissenschaftlichen Studien befasst sich mit den Auswirkungen der Lichtverschmutzung auf komplexe &Ouml;kosysteme, darunter Boden-, Grasland- und Insektengemeinschaften. Wissenschaftlerinnen und Wissenschaftler des Deutschen Zentrums f&uuml;r integrative Biodiversit&auml;tsforschung (iDiv) und der Friedrich-Schiller-Universit&auml;t Jena betonen in der Sonderausgabe den Dominoeffekt, den Lichtverschmutzung auf Funktionen und Stabilit&auml;t von &Ouml;kosystemen haben kann.\" \/>\n<meta property=\"og:url\" content=\"https:\/\/www.idiv.de\/de\/bereits-wenig-knstliches-licht-gefhrdet-kosysteme\/\" \/>\n<meta property=\"og:site_name\" content=\"iDiv\" \/>\n<meta property=\"article:published_time\" content=\"2023-10-29T23:00:00+00:00\" \/>\n<meta property=\"article:modified_time\" content=\"2025-06-03T11:26:13+00:00\" \/>\n<meta property=\"og:image\" content=\"https:\/\/www.idiv.de\/wp-content\/uploads\/2024\/11\/iDivSocialMediaShare.jpg\" \/>\n\t<meta property=\"og:image:width\" content=\"1200\" \/>\n\t<meta property=\"og:image:height\" content=\"675\" \/>\n\t<meta property=\"og:image:type\" content=\"image\/jpeg\" \/>\n<meta name=\"author\" content=\"admin\" \/>\n<meta name=\"twitter:card\" content=\"summary_large_image\" \/>\n<meta name=\"twitter:creator\" content=\"@idiv\" \/>\n<meta name=\"twitter:site\" content=\"@idiv\" \/>\n<script type=\"application\/ld+json\" class=\"yoast-schema-graph\">{\"@context\":\"https:\\\/\\\/schema.org\",\"@graph\":[{\"@type\":\"Article\",\"@id\":\"https:\\\/\\\/www.idiv.de\\\/de\\\/bereits-wenig-knstliches-licht-gefhrdet-kosysteme\\\/#article\",\"isPartOf\":{\"@id\":\"https:\\\/\\\/www.idiv.de\\\/de\\\/bereits-wenig-knstliches-licht-gefhrdet-kosysteme\\\/\"},\"author\":{\"name\":\"admin\",\"@id\":\"https:\\\/\\\/www.idiv.de\\\/de\\\/#\\\/schema\\\/person\\\/14228c09f1919627a633555952e15fc0\"},\"headline\":\"Bereits wenig k&uuml;nstliches Licht gef&auml;hrdet &Ouml;kosysteme\",\"datePublished\":\"2023-10-29T23:00:00+00:00\",\"dateModified\":\"2025-06-03T11:26:13+00:00\",\"mainEntityOfPage\":{\"@id\":\"https:\\\/\\\/www.idiv.de\\\/de\\\/bereits-wenig-knstliches-licht-gefhrdet-kosysteme\\\/\"},\"wordCount\":11,\"commentCount\":0,\"publisher\":{\"@id\":\"https:\\\/\\\/www.idiv.de\\\/de\\\/#organization\"},\"articleSection\":[\"Biodiversit\u00e4tstheorie\",\"Experimentelle Interaktions\u00f6kologie\",\"Medienmitteilung\",\"TOP NEWS\"],\"inLanguage\":\"de\"},{\"@type\":\"WebPage\",\"@id\":\"https:\\\/\\\/www.idiv.de\\\/de\\\/bereits-wenig-knstliches-licht-gefhrdet-kosysteme\\\/\",\"url\":\"https:\\\/\\\/www.idiv.de\\\/de\\\/bereits-wenig-knstliches-licht-gefhrdet-kosysteme\\\/\",\"name\":\"Bereits wenig k&uuml;nstliches Licht gef&auml;hrdet &Ouml;kosysteme | iDiv\",\"isPartOf\":{\"@id\":\"https:\\\/\\\/www.idiv.de\\\/de\\\/#website\"},\"datePublished\":\"2023-10-29T23:00:00+00:00\",\"dateModified\":\"2025-06-03T11:26:13+00:00\",\"breadcrumb\":{\"@id\":\"https:\\\/\\\/www.idiv.de\\\/de\\\/bereits-wenig-knstliches-licht-gefhrdet-kosysteme\\\/#breadcrumb\"},\"inLanguage\":\"de\",\"potentialAction\":[{\"@type\":\"ReadAction\",\"target\":[\"https:\\\/\\\/www.idiv.de\\\/de\\\/bereits-wenig-knstliches-licht-gefhrdet-kosysteme\\\/\"]}]},{\"@type\":\"BreadcrumbList\",\"@id\":\"https:\\\/\\\/www.idiv.de\\\/de\\\/bereits-wenig-knstliches-licht-gefhrdet-kosysteme\\\/#breadcrumb\",\"itemListElement\":[{\"@type\":\"ListItem\",\"position\":1,\"name\":\"Startseite\",\"item\":\"https:\\\/\\\/www.idiv.de\\\/de\\\/\"},{\"@type\":\"ListItem\",\"position\":2,\"name\":\"Bereits wenig k&uuml;nstliches Licht gef&auml;hrdet &Ouml;kosysteme\"}]},{\"@type\":\"WebSite\",\"@id\":\"https:\\\/\\\/www.idiv.de\\\/de\\\/#website\",\"url\":\"https:\\\/\\\/www.idiv.de\\\/de\\\/\",\"name\":\"iDiv\",\"description\":\"Hotspot in Biodiversity Research\",\"publisher\":{\"@id\":\"https:\\\/\\\/www.idiv.de\\\/de\\\/#organization\"},\"potentialAction\":[{\"@type\":\"SearchAction\",\"target\":{\"@type\":\"EntryPoint\",\"urlTemplate\":\"https:\\\/\\\/www.idiv.de\\\/de\\\/?s={search_term_string}\"},\"query-input\":{\"@type\":\"PropertyValueSpecification\",\"valueRequired\":true,\"valueName\":\"search_term_string\"}}],\"inLanguage\":\"de\"},{\"@type\":\"Organization\",\"@id\":\"https:\\\/\\\/www.idiv.de\\\/de\\\/#organization\",\"name\":\"idiv\",\"url\":\"https:\\\/\\\/www.idiv.de\\\/de\\\/\",\"logo\":{\"@type\":\"ImageObject\",\"inLanguage\":\"de\",\"@id\":\"https:\\\/\\\/www.idiv.de\\\/de\\\/#\\\/schema\\\/logo\\\/image\\\/\",\"url\":\"https:\\\/\\\/www.idiv.de\\\/wp-content\\\/uploads\\\/2024\\\/08\\\/iDiv_Logo_long_v1_EN_black_4c.jpg\",\"contentUrl\":\"https:\\\/\\\/www.idiv.de\\\/wp-content\\\/uploads\\\/2024\\\/08\\\/iDiv_Logo_long_v1_EN_black_4c.jpg\",\"width\":2448,\"height\":674,\"caption\":\"idiv\"},\"image\":{\"@id\":\"https:\\\/\\\/www.idiv.de\\\/de\\\/#\\\/schema\\\/logo\\\/image\\\/\"},\"sameAs\":[\"https:\\\/\\\/x.com\\\/idiv\",\"https:\\\/\\\/www.linkedin.com\\\/company\\\/idiv-biodiversity\\\/\",\"https:\\\/\\\/www.youtube.com\\\/idiv-research\"]},{\"@type\":\"Person\",\"@id\":\"https:\\\/\\\/www.idiv.de\\\/de\\\/#\\\/schema\\\/person\\\/14228c09f1919627a633555952e15fc0\",\"name\":\"admin\",\"url\":\"https:\\\/\\\/www.idiv.de\\\/de\\\/author\\\/admin\\\/\"}]}<\/script>\n<!-- \/ Yoast SEO plugin. -->","yoast_head_json":{"title":"Bereits wenig k&uuml;nstliches Licht gef&auml;hrdet &Ouml;kosysteme | iDiv","robots":{"index":"index","follow":"follow","max-snippet":"max-snippet:-1","max-image-preview":"max-image-preview:large","max-video-preview":"max-video-preview:-1"},"canonical":"https:\/\/www.idiv.de\/de\/bereits-wenig-knstliches-licht-gefhrdet-kosysteme\/","og_locale":"de_DE","og_type":"article","og_title":"Bereits wenig k&uuml;nstliches Licht gef&auml;hrdet &Ouml;kosysteme | iDiv","og_description":"Leipzig, Jena. Eine neue Sammlung von Studien &uuml;ber k&uuml;nstliches Licht bei Nacht zeigt, dass die Auswirkungen der Lichtverschmutzung weitreichender sind als gedacht. Selbst geringe Mengen k&uuml;nstlichen Lichts k&ouml;nnen Artengemeinschaften und ganze &Ouml;kosysteme st&ouml;ren. Die in der Fachzeitschrift Philosophical Transactions of the Royal Society B ver&ouml;ffentlichte Sonderausgabe mit 16 wissenschaftlichen Studien befasst sich mit den Auswirkungen der Lichtverschmutzung auf komplexe &Ouml;kosysteme, darunter Boden-, Grasland- und Insektengemeinschaften. Wissenschaftlerinnen und Wissenschaftler des Deutschen Zentrums f&uuml;r integrative Biodiversit&auml;tsforschung (iDiv) und der Friedrich-Schiller-Universit&auml;t Jena betonen in der Sonderausgabe den Dominoeffekt, den Lichtverschmutzung auf Funktionen und Stabilit&auml;t von &Ouml;kosystemen haben kann.","og_url":"https:\/\/www.idiv.de\/de\/bereits-wenig-knstliches-licht-gefhrdet-kosysteme\/","og_site_name":"iDiv","article_published_time":"2023-10-29T23:00:00+00:00","article_modified_time":"2025-06-03T11:26:13+00:00","og_image":[{"width":1200,"height":675,"url":"https:\/\/www.idiv.de\/wp-content\/uploads\/2024\/11\/iDivSocialMediaShare.jpg","type":"image\/jpeg"}],"author":"admin","twitter_card":"summary_large_image","twitter_creator":"@idiv","twitter_site":"@idiv","schema":{"@context":"https:\/\/schema.org","@graph":[{"@type":"Article","@id":"https:\/\/www.idiv.de\/de\/bereits-wenig-knstliches-licht-gefhrdet-kosysteme\/#article","isPartOf":{"@id":"https:\/\/www.idiv.de\/de\/bereits-wenig-knstliches-licht-gefhrdet-kosysteme\/"},"author":{"name":"admin","@id":"https:\/\/www.idiv.de\/de\/#\/schema\/person\/14228c09f1919627a633555952e15fc0"},"headline":"Bereits wenig k&uuml;nstliches Licht gef&auml;hrdet &Ouml;kosysteme","datePublished":"2023-10-29T23:00:00+00:00","dateModified":"2025-06-03T11:26:13+00:00","mainEntityOfPage":{"@id":"https:\/\/www.idiv.de\/de\/bereits-wenig-knstliches-licht-gefhrdet-kosysteme\/"},"wordCount":11,"commentCount":0,"publisher":{"@id":"https:\/\/www.idiv.de\/de\/#organization"},"articleSection":["Biodiversit\u00e4tstheorie","Experimentelle Interaktions\u00f6kologie","Medienmitteilung","TOP NEWS"],"inLanguage":"de"},{"@type":"WebPage","@id":"https:\/\/www.idiv.de\/de\/bereits-wenig-knstliches-licht-gefhrdet-kosysteme\/","url":"https:\/\/www.idiv.de\/de\/bereits-wenig-knstliches-licht-gefhrdet-kosysteme\/","name":"Bereits wenig k&uuml;nstliches Licht gef&auml;hrdet &Ouml;kosysteme | iDiv","isPartOf":{"@id":"https:\/\/www.idiv.de\/de\/#website"},"datePublished":"2023-10-29T23:00:00+00:00","dateModified":"2025-06-03T11:26:13+00:00","breadcrumb":{"@id":"https:\/\/www.idiv.de\/de\/bereits-wenig-knstliches-licht-gefhrdet-kosysteme\/#breadcrumb"},"inLanguage":"de","potentialAction":[{"@type":"ReadAction","target":["https:\/\/www.idiv.de\/de\/bereits-wenig-knstliches-licht-gefhrdet-kosysteme\/"]}]},{"@type":"BreadcrumbList","@id":"https:\/\/www.idiv.de\/de\/bereits-wenig-knstliches-licht-gefhrdet-kosysteme\/#breadcrumb","itemListElement":[{"@type":"ListItem","position":1,"name":"Startseite","item":"https:\/\/www.idiv.de\/de\/"},{"@type":"ListItem","position":2,"name":"Bereits wenig k&uuml;nstliches Licht gef&auml;hrdet &Ouml;kosysteme"}]},{"@type":"WebSite","@id":"https:\/\/www.idiv.de\/de\/#website","url":"https:\/\/www.idiv.de\/de\/","name":"iDiv","description":"Hotspot in Biodiversity Research","publisher":{"@id":"https:\/\/www.idiv.de\/de\/#organization"},"potentialAction":[{"@type":"SearchAction","target":{"@type":"EntryPoint","urlTemplate":"https:\/\/www.idiv.de\/de\/?s={search_term_string}"},"query-input":{"@type":"PropertyValueSpecification","valueRequired":true,"valueName":"search_term_string"}}],"inLanguage":"de"},{"@type":"Organization","@id":"https:\/\/www.idiv.de\/de\/#organization","name":"idiv","url":"https:\/\/www.idiv.de\/de\/","logo":{"@type":"ImageObject","inLanguage":"de","@id":"https:\/\/www.idiv.de\/de\/#\/schema\/logo\/image\/","url":"https:\/\/www.idiv.de\/wp-content\/uploads\/2024\/08\/iDiv_Logo_long_v1_EN_black_4c.jpg","contentUrl":"https:\/\/www.idiv.de\/wp-content\/uploads\/2024\/08\/iDiv_Logo_long_v1_EN_black_4c.jpg","width":2448,"height":674,"caption":"idiv"},"image":{"@id":"https:\/\/www.idiv.de\/de\/#\/schema\/logo\/image\/"},"sameAs":["https:\/\/x.com\/idiv","https:\/\/www.linkedin.com\/company\/idiv-biodiversity\/","https:\/\/www.youtube.com\/idiv-research"]},{"@type":"Person","@id":"https:\/\/www.idiv.de\/de\/#\/schema\/person\/14228c09f1919627a633555952e15fc0","name":"admin","url":"https:\/\/www.idiv.de\/de\/author\/admin\/"}]}},"author_meta":{"display_name":"admin","author_link":"https:\/\/www.idiv.de\/de\/author\/admin\/"},"featured_img":null,"coauthors":[],"tax_additional":{"categories":{"linked":["<a href=\"https:\/\/www.idiv.de\/de\/kategorie\/forschung\/biodiversitaetstheorie\/\" class=\"advgb-post-tax-term\">Biodiversit\u00e4tstheorie<\/a>","<a href=\"https:\/\/www.idiv.de\/de\/kategorie\/forschung\/experimentelle-interaktionsoekologie\/\" class=\"advgb-post-tax-term\">Experimentelle Interaktions\u00f6kologie<\/a>","<a href=\"https:\/\/www.idiv.de\/de\/kategorie\/medienmitteilung\/\" class=\"advgb-post-tax-term\">Medienmitteilung<\/a>","<a href=\"https:\/\/www.idiv.de\/de\/kategorie\/top-news-de-2\/\" class=\"advgb-post-tax-term\">TOP NEWS<\/a>"],"unlinked":["<span class=\"advgb-post-tax-term\">Biodiversit\u00e4tstheorie<\/span>","<span class=\"advgb-post-tax-term\">Experimentelle Interaktions\u00f6kologie<\/span>","<span class=\"advgb-post-tax-term\">Medienmitteilung<\/span>","<span class=\"advgb-post-tax-term\">TOP NEWS<\/span>"]}},"comment_count":0,"relative_dates":{"created":"Ver\u00f6ffentlicht 3\u00a0Jahren vor","modified":"Aktualisiert 11\u00a0Monaten vor"},"absolute_dates":{"created":"Ver\u00f6ffentlicht am 30. Oktober 2023","modified":"Aktualisiert am 3. Juni 2025"},"absolute_dates_time":{"created":"Ver\u00f6ffentlicht am 30. Oktober 2023 0:00","modified":"Aktualisiert am 3. Juni 2025 12:26"},"featured_img_caption":"","series_order":"","_links":{"self":[{"href":"https:\/\/www.idiv.de\/de\/wp-json\/wp\/v2\/posts\/12832","targetHints":{"allow":["GET"]}}],"collection":[{"href":"https:\/\/www.idiv.de\/de\/wp-json\/wp\/v2\/posts"}],"about":[{"href":"https:\/\/www.idiv.de\/de\/wp-json\/wp\/v2\/types\/post"}],"author":[{"embeddable":true,"href":"https:\/\/www.idiv.de\/de\/wp-json\/wp\/v2\/users\/1"}],"replies":[{"embeddable":true,"href":"https:\/\/www.idiv.de\/de\/wp-json\/wp\/v2\/comments?post=12832"}],"version-history":[{"count":2,"href":"https:\/\/www.idiv.de\/de\/wp-json\/wp\/v2\/posts\/12832\/revisions"}],"predecessor-version":[{"id":31472,"href":"https:\/\/www.idiv.de\/de\/wp-json\/wp\/v2\/posts\/12832\/revisions\/31472"}],"wp:attachment":[{"href":"https:\/\/www.idiv.de\/de\/wp-json\/wp\/v2\/media?parent=12832"}],"wp:term":[{"taxonomy":"category","embeddable":true,"href":"https:\/\/www.idiv.de\/de\/wp-json\/wp\/v2\/categories?post=12832"},{"taxonomy":"post_tag","embeddable":true,"href":"https:\/\/www.idiv.de\/de\/wp-json\/wp\/v2\/tags?post=12832"}],"curies":[{"name":"wp","href":"https:\/\/api.w.org\/{rel}","templated":true}]}}