{"id":12830,"date":"2023-10-27T00:00:00","date_gmt":"2023-10-26T23:00:00","guid":{"rendered":"https:\/\/idiv.caf-dev.de\/wie-soziale-medien-zum-artenschutz-beitragen-knnen\/"},"modified":"2025-07-08T11:26:02","modified_gmt":"2025-07-08T10:26:02","slug":"wie-soziale-medien-zum-artenschutz-beitragen-knnen","status":"publish","type":"post","link":"https:\/\/www.idiv.de\/de\/wie-soziale-medien-zum-artenschutz-beitragen-knnen\/","title":{"rendered":"Wie Soziale Medien zum Artenschutz beitragen k&ouml;nnen"},"content":{"rendered":"<div class=\"herosection pb-24 pt-0 no-bg modulclass \" id=\"\">\n                    <div class=\"swiper1noslider  nooverflow swiper \" id=\"slide_69f4142873dca\">\n        \n                <div class=\"swiper-wrapper\">\n                                            <div class=\"swiper-slide  style_ \" aria-hidden=\"true\" >\n                            <div class=\"backstretchwrap\">\n                        \n                            <div datasrc=\"https:\/\/www.idiv.de\/wp-content\/uploads\/2024\/08\/pic_342af0b86b20231026112039.jpg\" class=\"backstretchimg responsiv desktop\"><\/div>\n\n                            <a href=\"#\" class=\"cr\"><svg  xmlns=\"http:\/\/www.w3.org\/2000\/svg\" width=\"22\" height=\"22\" viewBox=\"0 0 22 22\">\n                                    <rect id=\"BG\" width=\"22\" height=\"22\" rx=\"11\" fill=\"#fff\"\/>\n                                    <g id=\"Wrapper\" transform=\"translate(-1 -1)\">\n                                        <g id=\"Icon_material-copyright\" data-name=\"Icon material-copyright\">\n                                            <circle id=\"Ellipse_30\" data-name=\"Ellipse 30\" cx=\"8\" cy=\"8\" r=\"8\" transform=\"translate(4 4)\" fill=\"#fff\"\/>\n                                            <path id=\"Icon_material-copyright-2\" data-name=\"Icon material-copyright\" d=\"M9.464,10.088a2.045,2.045,0,0,1,.24-.7,1.4,1.4,0,0,1,.472-.5,1.42,1.42,0,0,1,.728-.184,1.45,1.45,0,0,1,.5.1,1.29,1.29,0,0,1,.416.288,1.54,1.54,0,0,1,.272.424,1.4,1.4,0,0,1,.112.512H13.64a2.864,2.864,0,0,0-.224-1.032,2.4,2.4,0,0,0-.56-.808,2.613,2.613,0,0,0-.864-.528,3.09,3.09,0,0,0-1.112-.184,3.127,3.127,0,0,0-1.36.272,2.751,2.751,0,0,0-.96.736,3.007,3.007,0,0,0-.568,1.088A4.685,4.685,0,0,0,7.8,10.9v.216a4.684,4.684,0,0,0,.184,1.312,2.908,2.908,0,0,0,.568,1.08,2.731,2.731,0,0,0,.96.728,3.246,3.246,0,0,0,1.36.272,3.051,3.051,0,0,0,1.056-.184,2.729,2.729,0,0,0,.864-.5,2.442,2.442,0,0,0,.592-.752,2.153,2.153,0,0,0,.24-.92H12.192a1.139,1.139,0,0,1-.12.464,1.177,1.177,0,0,1-.288.368,1.26,1.26,0,0,1-.416.24,1.589,1.589,0,0,1-.48.08,1.359,1.359,0,0,1-.712-.184,1.4,1.4,0,0,1-.472-.5,2.09,2.09,0,0,1-.24-.7,5.392,5.392,0,0,1-.064-.8V10.9a5.33,5.33,0,0,1,.064-.808ZM11,3a8,8,0,1,0,8,8A8,8,0,0,0,11,3Zm0,14.4A6.4,6.4,0,1,1,17.4,11,6.408,6.408,0,0,1,11,17.4Z\" transform=\"translate(1 1)\" fill=\"#4d4d4d\"\/>\n                                        <\/g>\n                                    <\/g>\n                                <\/svg>\n                                <span>Sultan Ahmed<\/span><\/a>                        \n                                                    <\/div>\n                                        <div class=\"sliderinhalt \" role=\"region\" aria-label=\"carousel\">\n\n                                            <h1 class=\"h1 tleft\" >Wie Soziale Medien zum Artenschutz beitragen k&ouml;nnen<\/h1>                                                    <p style=\"text-align: center;\">Informationen von Plattformen wie Facebook k\u00f6nnen unser Wissen \u00fcber die Artenvielfalt vergr\u00f6\u00dfern<\/p>\n                                                \n                                                                                                            <\/div>\n                                            <\/div>\n\n                        \n                 <\/div>\n\n                              <\/div>\n<\/div>\n\n<div class=\"textbildrepeater pb-24 pt-0 no-bg modulclass \" id=\"\">\n    <div class=\"container\">\n        <div class=\"row\">\n                                                                <div class=\"pb-24   mod_text  col-md-6 offset-md-0 pos_top\">\n                            <div class=\"textrepeater \" id=\"\">\n    <p>27.10.2023 | Biodiversity and People, iDiv, Media Release, Research, TOP NEWS<\/p>\n<\/div>\n                            <\/div>\n                        <\/div>\n    <\/div>\n<\/div>\n\n<div class=\"textbildrepeater pb-24 pt-0 no-bg modulclass \" id=\"\">\n    <div class=\"container\">\n        <div class=\"row\">\n                                                                <div class=\"pb-24   mod_text  col-md-12 offset-md-0 pos_top\">\n                            <div class=\"textrepeater \" id=\"\">\n    <p><strong>Leipzig. Fotos von Tier- und Pflanzenarten, die in den Sozialen Medien geteilt werden, k&ouml;nnen einen wichtigen Beitrag zum Schutz der Biodiversit&auml;t leisten &ndash; vor allem in tropischen Gebieten. Zu diesem Schluss kommt ein Forschungsteam unter Leitung des Deutschen Zentrums f&uuml;r Biodiversit&auml;tsforschung (iDiv), des Helmholtz-Zentrums f&uuml;r Umweltforschung (UFZ), der Friedrich-Schiller-Universit&auml;t Jena und der Universit&auml;t von Queensland (UQ). In drei Studien, die in den Fachmagazinen BioScience, One Earth und Conservation Biology ver&ouml;ffentlicht wurden, zeigen sie am Beispiel Bangladeschs, dass Facebook-Daten einen wichtigen Beitrag zum Biodiversit&auml;tsmonitoring und zur Bewertung potenzieller Schutzgebiete leisten k&ouml;nnen.&nbsp;<\/strong><\/p>\n<\/div>\n                            <\/div>\n                        <\/div>\n    <\/div>\n<\/div>\n\n<div class=\"textbildrepeater pb-24 pt-0 no-bg modulclass \" id=\"\">\n    <div class=\"container\">\n        <div class=\"row\">\n                                                                <div class=\"pb-24   mod_bild  col-md-5 offset-md-0 pos_top\">\n                            <div class=\"bildrepeater \" id=\"\">\n    <div class=\"relativ\"><img decoding=\"async\" class=\"responsiv desktop\" src=\"https:\/\/www.idiv.de\/wp-content\/uploads\/2024\/08\/pic_10a80a033e20231026112116.jpg\" height=\"\" width=\"\" alt=\"idiv-\"\/><img decoding=\"async\" class=\"responsiv mobile\" src=\"https:\/\/www.idiv.de\/wp-content\/uploads\/2024\/08\/pic_10a80a033e20231026112116.jpg\" height=\"\" width=\"\" alt=\"idiv-\"\/><a href=\"#\" class=\"cr\" role=\"button\">\n<svg  xmlns=\"http:\/\/www.w3.org\/2000\/svg\" width=\"22\" height=\"22\" viewBox=\"0 0 22 22\">\n    <rect id=\"BG\" width=\"22\" height=\"22\" rx=\"11\" fill=\"#fff\"\/>\n    <g id=\"Wrapper\" transform=\"translate(-1 -1)\">\n        <g id=\"Icon_material-copyright\" data-name=\"Icon material-copyright\">\n            <circle id=\"Ellipse_30\" data-name=\"Ellipse 30\" cx=\"8\" cy=\"8\" r=\"8\" transform=\"translate(4 4)\" fill=\"#fff\"\/>\n            <path id=\"Icon_material-copyright-2\" data-name=\"Icon material-copyright\" d=\"M9.464,10.088a2.045,2.045,0,0,1,.24-.7,1.4,1.4,0,0,1,.472-.5,1.42,1.42,0,0,1,.728-.184,1.45,1.45,0,0,1,.5.1,1.29,1.29,0,0,1,.416.288,1.54,1.54,0,0,1,.272.424,1.4,1.4,0,0,1,.112.512H13.64a2.864,2.864,0,0,0-.224-1.032,2.4,2.4,0,0,0-.56-.808,2.613,2.613,0,0,0-.864-.528,3.09,3.09,0,0,0-1.112-.184,3.127,3.127,0,0,0-1.36.272,2.751,2.751,0,0,0-.96.736,3.007,3.007,0,0,0-.568,1.088A4.685,4.685,0,0,0,7.8,10.9v.216a4.684,4.684,0,0,0,.184,1.312,2.908,2.908,0,0,0,.568,1.08,2.731,2.731,0,0,0,.96.728,3.246,3.246,0,0,0,1.36.272,3.051,3.051,0,0,0,1.056-.184,2.729,2.729,0,0,0,.864-.5,2.442,2.442,0,0,0,.592-.752,2.153,2.153,0,0,0,.24-.92H12.192a1.139,1.139,0,0,1-.12.464,1.177,1.177,0,0,1-.288.368,1.26,1.26,0,0,1-.416.24,1.589,1.589,0,0,1-.48.08,1.359,1.359,0,0,1-.712-.184,1.4,1.4,0,0,1-.472-.5,2.09,2.09,0,0,1-.24-.7,5.392,5.392,0,0,1-.064-.8V10.9a5.33,5.33,0,0,1,.064-.808ZM11,3a8,8,0,1,0,8,8A8,8,0,0,0,11,3Zm0,14.4A6.4,6.4,0,1,1,17.4,11,6.408,6.408,0,0,1,11,17.4Z\" transform=\"translate(1 1)\" fill=\"#4d4d4d\"\/>\n        <\/g>\n    <\/g>\n<\/svg>\n<span>Shawan Chowdhury<\/span><\/a><\/div><p class=\"bu\">Junonia almana, ein Schmetterling aus der Familie der Edelfalter, der vor allem in S&uuml;dasien vorkommt. Das Foto wurde in einem Park in Dhaka, der Hauptstadt Bangladeschs, aufgenommen.<\/p><\/div>\n                            <\/div>\n                                                                    <div class=\"pb-24   mod_bild  col-md-5 offset-md-2 pos_top\">\n                            <div class=\"bildrepeater \" id=\"\">\n    <div class=\"relativ\"><img decoding=\"async\" class=\"responsiv desktop\" src=\"https:\/\/www.idiv.de\/wp-content\/uploads\/2024\/08\/pic_828f75522920231026112253.jpg\" height=\"\" width=\"\" alt=\"idiv-\"\/><img decoding=\"async\" class=\"responsiv mobile\" src=\"https:\/\/www.idiv.de\/wp-content\/uploads\/2024\/08\/pic_828f75522920231026112253.jpg\" height=\"\" width=\"\" alt=\"idiv-\"\/><a href=\"#\" class=\"cr\" role=\"button\">\n<svg  xmlns=\"http:\/\/www.w3.org\/2000\/svg\" width=\"22\" height=\"22\" viewBox=\"0 0 22 22\">\n    <rect id=\"BG\" width=\"22\" height=\"22\" rx=\"11\" fill=\"#fff\"\/>\n    <g id=\"Wrapper\" transform=\"translate(-1 -1)\">\n        <g id=\"Icon_material-copyright\" data-name=\"Icon material-copyright\">\n            <circle id=\"Ellipse_30\" data-name=\"Ellipse 30\" cx=\"8\" cy=\"8\" r=\"8\" transform=\"translate(4 4)\" fill=\"#fff\"\/>\n            <path id=\"Icon_material-copyright-2\" data-name=\"Icon material-copyright\" d=\"M9.464,10.088a2.045,2.045,0,0,1,.24-.7,1.4,1.4,0,0,1,.472-.5,1.42,1.42,0,0,1,.728-.184,1.45,1.45,0,0,1,.5.1,1.29,1.29,0,0,1,.416.288,1.54,1.54,0,0,1,.272.424,1.4,1.4,0,0,1,.112.512H13.64a2.864,2.864,0,0,0-.224-1.032,2.4,2.4,0,0,0-.56-.808,2.613,2.613,0,0,0-.864-.528,3.09,3.09,0,0,0-1.112-.184,3.127,3.127,0,0,0-1.36.272,2.751,2.751,0,0,0-.96.736,3.007,3.007,0,0,0-.568,1.088A4.685,4.685,0,0,0,7.8,10.9v.216a4.684,4.684,0,0,0,.184,1.312,2.908,2.908,0,0,0,.568,1.08,2.731,2.731,0,0,0,.96.728,3.246,3.246,0,0,0,1.36.272,3.051,3.051,0,0,0,1.056-.184,2.729,2.729,0,0,0,.864-.5,2.442,2.442,0,0,0,.592-.752,2.153,2.153,0,0,0,.24-.92H12.192a1.139,1.139,0,0,1-.12.464,1.177,1.177,0,0,1-.288.368,1.26,1.26,0,0,1-.416.24,1.589,1.589,0,0,1-.48.08,1.359,1.359,0,0,1-.712-.184,1.4,1.4,0,0,1-.472-.5,2.09,2.09,0,0,1-.24-.7,5.392,5.392,0,0,1-.064-.8V10.9a5.33,5.33,0,0,1,.064-.808ZM11,3a8,8,0,1,0,8,8A8,8,0,0,0,11,3Zm0,14.4A6.4,6.4,0,1,1,17.4,11,6.408,6.408,0,0,1,11,17.4Z\" transform=\"translate(1 1)\" fill=\"#4d4d4d\"\/>\n        <\/g>\n    <\/g>\n<\/svg>\n<span>Shawan Chowdhury<\/span><\/a><\/div><p class=\"bu\">Der Rotohrb&uuml;lb&uuml;l (Pycnonotus jocosus) kommt insbesondere in den tropischen Gebieten Asiens vor.&nbsp;<\/p><\/div>\n                            <\/div>\n                        <\/div>\n    <\/div>\n<\/div>\n\n<div class=\"textbildrepeater pb-24 pt-0 no-bg modulclass \" id=\"\">\n    <div class=\"container\">\n        <div class=\"row\">\n                                                                <div class=\"pb-24   mod_text  col-md-12 offset-md-0 pos_top\">\n                            <div class=\"textrepeater \" id=\"\">\n    <p>Die Tropen sind Hotspots der Biodiversit&auml;t &ndash; doch unser Wissen &uuml;ber die Best&auml;nde von Tier- und Pflanzenarten in diesen Regionen ist l&uuml;ckenhaft. W&auml;hrend Monitoringprogramme und Citizen-Science-Initiativen in den Industriel&auml;ndern gut etabliert sind, sind sie in den Entwicklungsl&auml;ndern noch kaum verbreitet. Doch nur mit einer m&ouml;glichst genauen Dokumentation der Biodiversit&auml;t kann festgestellt werden, welche Arten eines besonderen Schutzes bed&uuml;rfen. Mit der zunehmenden Nutzung Sozialer Medien und der Verbreitung qualitativ hochwertige Digitalkameras k&ouml;nnten sich neue M&ouml;glichkeiten ergeben. Naturphotographen weltweit teilen ihre Aufnahmen zur Biodiversit&auml;t in den Sozialen Medien &ndash; ein riesiges Potenzial. Ein Forschungsteam hat am Beispiel des s&uuml;dasiatischen Landes Bangladesch untersucht, welchen Beitrag Daten von Facebook zum Monitoring und in der Konsequenz auch zur Einsch&auml;tzung potenzieller Schutzgebiete leisten k&ouml;nnen.<\/p>\n<p>F&uuml;r ihre Studie griffen die Wissenschaftlerinnen und Wissenschaftler auf Facebook-Gruppen von Naturphotographen in Bangladesch zur&uuml;ck. Die Informationen, die sie aus den Art- und Ortsangaben der Fotos ableiten konnten, flossen in einen gemeinsamen Datenpool mit den Daten aus der Global Biodiversity Information Facility (GBIF). Die GBIF wird unter anderem aus etablierten Citizen-Science-Plattformen wie eBird und iNaturalist gespeist. Im Globalen Norden funktioniert das schon &ndash; f&uuml;r Tier- und Pflanzenarten in den Entwicklungs- und Schwellenl&auml;ndern gibt es hingegen noch deutlich weniger Daten. Durch die Integration der Facebook-Daten konnte das Forschungsteam &uuml;ber 44.000 Datens&auml;tze f&uuml;r fast 1000 Tierarten zusammentragen, wovon 288 laut Weltnaturschutzorganisation IUCN als gef&auml;hrdet gelten. Mehr als ein Viertel der Daten stammte aus Facebook-Gruppen, f&uuml;r Schmetterlinge und V&ouml;gel war es sogar mehr als die H&auml;lfte. &bdquo;H&auml;tten wir nur auf die Daten aus der GBIF zur&uuml;ckgegriffen, w&auml;ren uns Daten zur Verbreitung von Hunderten bedrohter Tierarten durch die Lappen gegangen&ldquo;, meint Dr. Shawan Chowdhury, der die Studien in Bangladesch leitete. Derzeit forscht er am iDiv, dem UFZ und der Friedrich-Schiller-Universit&auml;t Jena; seine Doktorarbeit schrieb er an der Universit&auml;t von Queensland in Australien.<\/p>\n<p><strong>Facebook-Daten zeigen potenzielle Schutzgebiete<\/strong><\/p>\n<p>Das Forschungsteam konnte auf dieser neuen Datenbasis eine Karte besonders geeigneter Lebensr&auml;ume f&uuml;r die verschiedenen Tierarten erstellen und mit bestehenden Schutzgebieten abgleichen. Derzeit sind lediglich 4,6 % der Landfl&auml;che Bangladeschs als Schutzgebiete ausgewiesen, wovon sich ein Gro&szlig;teil im S&uuml;dwesten des Landes befindet. Insbesondere bereits bedrohte Arten werden von den derzeitigen Schutzgebieten nicht ausreichend abgedeckt &ndash; ein typisches Ph&auml;nomen in Tropenregionen. Um sicherzustellen, dass f&uuml;r alle bedrohten Arten in Bangladesch ausreichend Schutzgebiete vorhanden sind, m&uuml;sste der Anteil der unter Schutz stehenden Fl&auml;che auf 39 Prozent erh&ouml;ht und diese besser im Land verteilt werden. Die Daten zeigten zudem, dass zum Beispiel 45 % der Schmetterlingsarten in Bangladesch auf den Gr&uuml;nfl&auml;chen der Hauptstadt Dhaka vorkamen, fast die H&auml;lfte davon gilt als gef&auml;hrdet. Bei der Planung neuer Schutzgebiete k&ouml;nnte sich daher auch ein Blick auf eher unkonventionelle Gebiete lohnen, etwa in und um urbane Gebiete.<\/p>\n<p><strong>Nutzung von Daten aus sozialen Medien birgt Herausforderungen<\/strong><\/p>\n<p>Doch die Nutzung von Social-Media-Daten birgt derzeit noch einige Herausforderungen. Wie bei vielen Citizen-Science-Initiativen sind die Daten, die von den Nutzern gesammelt werden, nur selten gleichm&auml;&szlig;ig verteilt. Stattdessen konzentrieren sie sich oft auf gut erreichbare Regionen, etwa in der N&auml;he von St&auml;dten. Social-Media-Daten f&uuml;r die Forschung nutzbar zu machen, ist au&szlig;erdem derzeit noch sehr aufwendig. F&uuml;r ihre Studie durchsuchten die Forschenden die Facebook-Gruppen h&auml;ndisch nach den Arten auf der Roten Liste und verifizierten jedes einzelne Foto inklusive Art- und Ortsangabe. Neue M&ouml;glichkeiten wie K&uuml;nstliche Intelligenz und Deep Learning k&ouml;nnten diesen Prozess zuk&uuml;nftig einfacher machen.<\/p>\n<p>&bdquo;Die Integration von Biodiversit&auml;tsdaten aus Citizen Science, die in den Sozialen Medien ver&ouml;ffentlich werden, birgt insbesondere f&uuml;r tropische Regionen ein gro&szlig;es Potential, wo es an verl&auml;sslichen und aktuellen strukturierten Monitoringdaten mangelt&ldquo;, sagt Prof. Aletta Bonn, Leiterin der Forschungsgruppe &Ouml;kosystemleistungen am UFZ, an der Universit&auml;t Jena und bei iDiv. In diesen Regionen k&ouml;nnten Sichtungen, die bei Facebook oder auch auf anderen sozialen Plattformen ver&ouml;ffentlich werden, zu einer besseren und systematischen Einsch&auml;tzung potenzieller Schutzgebiete beitragen &ndash; ein wichtiger Schritt, um die Ziele von Kunming-Montreal zu erreichen und 30 Prozent der Land- und Meeresfl&auml;che bis 2030 unter Schutz zu stellen.<\/p>\n<p>Kati Kietzmann<\/p>\n<p>&nbsp;<\/p>\n<p><strong>Original publications<\/strong><br \/>(Researchers with iDiv affiliation and alumni in bold)<\/p>\n<p><strong>Shawan Chowdhury<\/strong>, Upama Aich, Md Rokonuzzaman, Shafiul Alam, Priyanka Das, Asma Siddika, Sultan Ahmed, Mahzabin M. Labi, Moreno Di Marco, Richard A. Fuller, <strong>Corey T. Callaghan<\/strong> (2023). Increasing biodiversity knowledge through social media&#58; a case study from tropical Bangladesh. BioScience; DOI&#58; <a href=https&#58;\/\/doi.org\/10.1093\/biosci\/biad042 target=_blank rel=noopener>10.1093\/biosci\/biad042<\/a><\/p>\n<p><strong>Shawan Chowdhury<\/strong>, Richard A. Fuller, Md. Rokonuzzaman, Shofiul Alam, Priyanka Das, Asma Siddika, Sultan Ahmed, Mahzabin Muzahid Labi, Sayam U. Chowdhury, Sharif A. Mukul, Monika B&ouml;hm, Jeffrey O. Hanson (2023). Insights from citizen science reveal priority areas for conserving biodiversity in Bangladesh. One Earth; DOI&#58; <a href=https&#58;\/\/doi.org\/10.1016\/j.oneear.2023.08.025 target=_blank rel=noopener>10.1016\/j.oneear.2023.08.025<\/a><\/p>\n<p><strong>Shawan Chowdhury<\/strong>, Richard A. Fuller, Sultan Ahmed, Shofiul Alam, <strong>Corey T. Callaghan<\/strong>, Priyanka Das, Ricardo A. Correia, Moreno Di Marco, Enrico Di Minin, Ivan Jari\u0107, Mahzabin Muzahid Labi, Richard J. Ladle, Md. Rokonuzzaman, Uri Roll, Valerio Sbragaglia, Asma Siddika, <strong>Aletta Bonn<\/strong> (2023). Using social media records to inform conservation planning. Conservation Biology, DOI&#58; <a href=https&#58;\/\/doi.org\/10.1111\/cobi.14161 target=_blank rel=noopener>10.1111\/cobi.14161<\/a><\/p>\n<\/div>\n                            <\/div>\n                        <\/div>\n    <\/div>\n<\/div>\n\n<div class=\"textbildrepeater pb-24 pt-0 no-bg modulclass \" id=\"\">\n    <div class=\"container\">\n        <div class=\"row\">\n                                                                <div class=\"pb-24   mod_text  col-md-12 offset-md-0 pos_top\">\n                            <div class=\"textrepeater \" id=\"\">\n    <h3>Ansprechpartner:<\/h3>\n<p><strong>Kati Kietzmann<\/strong><br \/>\nAbteilung Medien &amp; Kommunikation<br \/>\nDeutsches Zentrum f\u00fcr integrative Biodiversit\u00e4tsforschung (iDiv) Halle-Jena-Leipzig<br \/>\nTel.: +49 341 9739222<br \/>\nE-Mail: <a href=\"&#x6d;&#97;&#x69;&#108;t&#x6f;&#58;k&#x61;&#116;&#x69;&#x2e;k&#x69;&#101;t&#x7a;&#109;&#x61;&#x6e;n&#x40;&#105;d&#x69;&#118;&#46;&#x64;&#101;\">&#x6b;&#x61;&#116;i&#46;&#x6b;&#x69;&#101;&#116;z&#x6d;&#x61;&#110;&#110;&#64;&#x69;&#x64;&#x69;&#118;&#46;d&#x65;<\/a><\/p>\n<p><strong>Prof. Dr. Aletta Bonn<\/strong><br \/>\nLeiterin des Departments \u00d6kosystemleistungen<br \/>\nHelmholtz-Zentrum f\u00fcr Umweltforschung (UFZ)<br \/>\nDeutsches Zentrum f\u00fcr integrative Biodiversit\u00e4tsforschung (iDiv) Halle-Jena-Leipzig<br \/>\nFriedrich-Schiller-Universit\u00e4t Jena<br \/>\nE-Mail: <a href=\"&#109;&#x61;&#105;&#x6c;t&#111;&#x3a;&#97;&#x6c;e&#x74;t&#97;&#x2e;&#98;&#x6f;n&#x6e;&#x40;&#105;&#x64;i&#x76;&#46;&#100;&#x65;\">&#x61;l&#x65;&#116;&#x74;&#97;&#x2e;&#x62;o&#x6e;&#110;&#x40;&#105;&#x64;&#105;v&#x2e;&#100;&#x65;<\/a><\/p>\n<p><strong>Dr. Shawan Chowdhury<\/strong><br \/>\nDeutsches Zentrum f\u00fcr Integrative Biodiversit\u00e4tsforschung (iDiv) Halle-Jena-Leipzig<br \/>\nFriedrich-Schiller-Universit\u00e4t Jena<br \/>\nHelmholtz-Zentrum f\u00fcr Umweltforschung (UFZ)<br \/>\nE-Mail: <a href=\"&#x6d;&#x61;&#x69;&#x6c;&#x74;&#x6f;&#x3a;&#x73;&#x68;&#x61;&#x77;&#x61;&#x6e;&#x2e;&#x63;&#x68;&#x6f;&#x77;&#x64;&#x68;&#x75;&#x72;&#x79;&#x40;&#x69;&#x64;&#x69;&#x76;&#x2e;&#x64;&#x65;\">&#x73;&#104;a&#x77;&#97;&#110;&#x2e;&#x63;&#104;o&#x77;&#100;h&#x75;&#x72;&#121;&#64;&#x69;&#100;i&#x76;&#x2e;&#100;e<\/a><\/p>\n<\/div>\n                            <\/div>\n                        <\/div>\n    <\/div>\n<\/div>\n\n<div class=\"textbildrepeater pb-24 pt-0 no-bg modulclass \" id=\"\">\n    <div class=\"container\">\n        <div class=\"row\">\n                                                                <div class=\"pb-24   mod_text  col-md-12 offset-md-0 pos_top\">\n                            <div class=\"textrepeater \" id=\"\">\n    <p><em>Hinweis f\u00fcr die Medien: Die von iDiv bereitgestellten Bilder d\u00fcrfen ausschlie\u00dflich f\u00fcr die Berichterstattung im Zusammenhang mit dieser Medienmitteilung und unter Angabe des\/der Urhebers\/in verwendet werden.<\/em><\/p>\n<\/div>\n                            <\/div>\n                        <\/div>\n    <\/div>\n<\/div>","protected":false},"excerpt":{"rendered":"<p>Leipzig. Fotos von Tier- und Pflanzenarten, die in den Sozialen Medien geteilt werden, k&ouml;nnen einen wichtigen Beitrag zum Schutz der Biodiversit&auml;t leisten &ndash; vor allem in tropischen Gebieten. Zu diesem Schluss kommt ein Forschungsteam unter Leitung des Deutschen Zentrums f&uuml;r Biodiversit&auml;tsforschung (iDiv), des Helmholtz-Zentrums f&uuml;r Umweltforschung (UFZ), der Friedrich-Schiller-Universit&auml;t Jena und der Universit&auml;t von Queensland (UQ). In drei Studien, die in den Fachmagazinen BioScience, One Earth und Conservation Biology ver&ouml;ffentlicht wurden, zeigen sie am Beispiel Bangladeschs, dass Facebook-Daten einen wichtigen Beitrag zum Biodiversit&auml;tsmonitoring und zur Bewertung potenzieller Schutzgebiete leisten k&ouml;nnen.&nbsp;<\/p>\n","protected":false},"author":1,"featured_media":0,"comment_status":"open","ping_status":"open","sticky":false,"template":"","format":"standard","meta":{"_acf_changed":false,"advgb_blocks_editor_width":"","advgb_blocks_columns_visual_guide":"","footnotes":"","_links_to":"","_links_to_target":""},"categories":[57,37,28,29,30],"tags":[],"class_list":["post-12830","post","type-post","status-publish","format-standard","hentry","category-biodiversitaet-und-mensch","category-forschung","category-idiv-de","category-medienmitteilung","category-top-news-de-2"],"acf":{"thumb":5205,"thumbmobile":"","copyright":"Sultan Ahmed","breadcrumb":true},"yoast_head":"<!-- This site is optimized with the Yoast SEO plugin v27.5 - https:\/\/yoast.com\/product\/yoast-seo-wordpress\/ -->\n<title>Wie Soziale Medien zum Artenschutz beitragen k&ouml;nnen | iDiv<\/title>\n<meta name=\"robots\" content=\"index, follow, max-snippet:-1, max-image-preview:large, max-video-preview:-1\" \/>\n<link rel=\"canonical\" href=\"https:\/\/www.idiv.de\/de\/wie-soziale-medien-zum-artenschutz-beitragen-knnen\/\" \/>\n<meta property=\"og:locale\" content=\"de_DE\" \/>\n<meta property=\"og:type\" content=\"article\" \/>\n<meta property=\"og:title\" content=\"Wie Soziale Medien zum Artenschutz beitragen k&ouml;nnen | iDiv\" \/>\n<meta property=\"og:description\" content=\"Leipzig. Fotos von Tier- und Pflanzenarten, die in den Sozialen Medien geteilt werden, k&ouml;nnen einen wichtigen Beitrag zum Schutz der Biodiversit&auml;t leisten &ndash; vor allem in tropischen Gebieten. Zu diesem Schluss kommt ein Forschungsteam unter Leitung des Deutschen Zentrums f&uuml;r Biodiversit&auml;tsforschung (iDiv), des Helmholtz-Zentrums f&uuml;r Umweltforschung (UFZ), der Friedrich-Schiller-Universit&auml;t Jena und der Universit&auml;t von Queensland (UQ). In drei Studien, die in den Fachmagazinen BioScience, One Earth und Conservation Biology ver&ouml;ffentlicht wurden, zeigen sie am Beispiel Bangladeschs, dass Facebook-Daten einen wichtigen Beitrag zum Biodiversit&auml;tsmonitoring und zur Bewertung potenzieller Schutzgebiete leisten k&ouml;nnen.&nbsp;\" \/>\n<meta property=\"og:url\" content=\"https:\/\/www.idiv.de\/de\/wie-soziale-medien-zum-artenschutz-beitragen-knnen\/\" \/>\n<meta property=\"og:site_name\" content=\"iDiv\" \/>\n<meta property=\"article:published_time\" content=\"2023-10-26T23:00:00+00:00\" \/>\n<meta property=\"article:modified_time\" content=\"2025-07-08T10:26:02+00:00\" \/>\n<meta property=\"og:image\" content=\"https:\/\/www.idiv.de\/wp-content\/uploads\/2024\/11\/iDivSocialMediaShare.jpg\" \/>\n\t<meta property=\"og:image:width\" content=\"1200\" \/>\n\t<meta property=\"og:image:height\" content=\"675\" \/>\n\t<meta property=\"og:image:type\" content=\"image\/jpeg\" \/>\n<meta name=\"author\" content=\"admin\" \/>\n<meta name=\"twitter:card\" content=\"summary_large_image\" \/>\n<meta name=\"twitter:creator\" content=\"@idiv\" \/>\n<meta name=\"twitter:site\" content=\"@idiv\" \/>\n<script type=\"application\/ld+json\" class=\"yoast-schema-graph\">{\"@context\":\"https:\\\/\\\/schema.org\",\"@graph\":[{\"@type\":\"Article\",\"@id\":\"https:\\\/\\\/www.idiv.de\\\/de\\\/wie-soziale-medien-zum-artenschutz-beitragen-knnen\\\/#article\",\"isPartOf\":{\"@id\":\"https:\\\/\\\/www.idiv.de\\\/de\\\/wie-soziale-medien-zum-artenschutz-beitragen-knnen\\\/\"},\"author\":{\"name\":\"admin\",\"@id\":\"https:\\\/\\\/www.idiv.de\\\/de\\\/#\\\/schema\\\/person\\\/14228c09f1919627a633555952e15fc0\"},\"headline\":\"Wie Soziale Medien zum Artenschutz beitragen k&ouml;nnen\",\"datePublished\":\"2023-10-26T23:00:00+00:00\",\"dateModified\":\"2025-07-08T10:26:02+00:00\",\"mainEntityOfPage\":{\"@id\":\"https:\\\/\\\/www.idiv.de\\\/de\\\/wie-soziale-medien-zum-artenschutz-beitragen-knnen\\\/\"},\"wordCount\":9,\"commentCount\":0,\"publisher\":{\"@id\":\"https:\\\/\\\/www.idiv.de\\\/de\\\/#organization\"},\"articleSection\":[\"Biodiversit\u00e4t und Mensch\",\"Forschung\",\"iDiv\",\"Medienmitteilung\",\"TOP NEWS\"],\"inLanguage\":\"de\"},{\"@type\":\"WebPage\",\"@id\":\"https:\\\/\\\/www.idiv.de\\\/de\\\/wie-soziale-medien-zum-artenschutz-beitragen-knnen\\\/\",\"url\":\"https:\\\/\\\/www.idiv.de\\\/de\\\/wie-soziale-medien-zum-artenschutz-beitragen-knnen\\\/\",\"name\":\"Wie Soziale Medien zum Artenschutz beitragen k&ouml;nnen | iDiv\",\"isPartOf\":{\"@id\":\"https:\\\/\\\/www.idiv.de\\\/de\\\/#website\"},\"datePublished\":\"2023-10-26T23:00:00+00:00\",\"dateModified\":\"2025-07-08T10:26:02+00:00\",\"breadcrumb\":{\"@id\":\"https:\\\/\\\/www.idiv.de\\\/de\\\/wie-soziale-medien-zum-artenschutz-beitragen-knnen\\\/#breadcrumb\"},\"inLanguage\":\"de\",\"potentialAction\":[{\"@type\":\"ReadAction\",\"target\":[\"https:\\\/\\\/www.idiv.de\\\/de\\\/wie-soziale-medien-zum-artenschutz-beitragen-knnen\\\/\"]}]},{\"@type\":\"BreadcrumbList\",\"@id\":\"https:\\\/\\\/www.idiv.de\\\/de\\\/wie-soziale-medien-zum-artenschutz-beitragen-knnen\\\/#breadcrumb\",\"itemListElement\":[{\"@type\":\"ListItem\",\"position\":1,\"name\":\"Startseite\",\"item\":\"https:\\\/\\\/www.idiv.de\\\/de\\\/\"},{\"@type\":\"ListItem\",\"position\":2,\"name\":\"Wie Soziale Medien zum Artenschutz beitragen k&ouml;nnen\"}]},{\"@type\":\"WebSite\",\"@id\":\"https:\\\/\\\/www.idiv.de\\\/de\\\/#website\",\"url\":\"https:\\\/\\\/www.idiv.de\\\/de\\\/\",\"name\":\"iDiv\",\"description\":\"Hotspot in Biodiversity Research\",\"publisher\":{\"@id\":\"https:\\\/\\\/www.idiv.de\\\/de\\\/#organization\"},\"potentialAction\":[{\"@type\":\"SearchAction\",\"target\":{\"@type\":\"EntryPoint\",\"urlTemplate\":\"https:\\\/\\\/www.idiv.de\\\/de\\\/?s={search_term_string}\"},\"query-input\":{\"@type\":\"PropertyValueSpecification\",\"valueRequired\":true,\"valueName\":\"search_term_string\"}}],\"inLanguage\":\"de\"},{\"@type\":\"Organization\",\"@id\":\"https:\\\/\\\/www.idiv.de\\\/de\\\/#organization\",\"name\":\"idiv\",\"url\":\"https:\\\/\\\/www.idiv.de\\\/de\\\/\",\"logo\":{\"@type\":\"ImageObject\",\"inLanguage\":\"de\",\"@id\":\"https:\\\/\\\/www.idiv.de\\\/de\\\/#\\\/schema\\\/logo\\\/image\\\/\",\"url\":\"https:\\\/\\\/www.idiv.de\\\/wp-content\\\/uploads\\\/2024\\\/08\\\/iDiv_Logo_long_v1_EN_black_4c.jpg\",\"contentUrl\":\"https:\\\/\\\/www.idiv.de\\\/wp-content\\\/uploads\\\/2024\\\/08\\\/iDiv_Logo_long_v1_EN_black_4c.jpg\",\"width\":2448,\"height\":674,\"caption\":\"idiv\"},\"image\":{\"@id\":\"https:\\\/\\\/www.idiv.de\\\/de\\\/#\\\/schema\\\/logo\\\/image\\\/\"},\"sameAs\":[\"https:\\\/\\\/x.com\\\/idiv\",\"https:\\\/\\\/www.linkedin.com\\\/company\\\/idiv-biodiversity\\\/\",\"https:\\\/\\\/www.youtube.com\\\/idiv-research\"]},{\"@type\":\"Person\",\"@id\":\"https:\\\/\\\/www.idiv.de\\\/de\\\/#\\\/schema\\\/person\\\/14228c09f1919627a633555952e15fc0\",\"name\":\"admin\",\"url\":\"https:\\\/\\\/www.idiv.de\\\/de\\\/author\\\/admin\\\/\"}]}<\/script>\n<!-- \/ Yoast SEO plugin. -->","yoast_head_json":{"title":"Wie Soziale Medien zum Artenschutz beitragen k&ouml;nnen | iDiv","robots":{"index":"index","follow":"follow","max-snippet":"max-snippet:-1","max-image-preview":"max-image-preview:large","max-video-preview":"max-video-preview:-1"},"canonical":"https:\/\/www.idiv.de\/de\/wie-soziale-medien-zum-artenschutz-beitragen-knnen\/","og_locale":"de_DE","og_type":"article","og_title":"Wie Soziale Medien zum Artenschutz beitragen k&ouml;nnen | iDiv","og_description":"Leipzig. Fotos von Tier- und Pflanzenarten, die in den Sozialen Medien geteilt werden, k&ouml;nnen einen wichtigen Beitrag zum Schutz der Biodiversit&auml;t leisten &ndash; vor allem in tropischen Gebieten. Zu diesem Schluss kommt ein Forschungsteam unter Leitung des Deutschen Zentrums f&uuml;r Biodiversit&auml;tsforschung (iDiv), des Helmholtz-Zentrums f&uuml;r Umweltforschung (UFZ), der Friedrich-Schiller-Universit&auml;t Jena und der Universit&auml;t von Queensland (UQ). In drei Studien, die in den Fachmagazinen BioScience, One Earth und Conservation Biology ver&ouml;ffentlicht wurden, zeigen sie am Beispiel Bangladeschs, dass Facebook-Daten einen wichtigen Beitrag zum Biodiversit&auml;tsmonitoring und zur Bewertung potenzieller Schutzgebiete leisten k&ouml;nnen.&nbsp;","og_url":"https:\/\/www.idiv.de\/de\/wie-soziale-medien-zum-artenschutz-beitragen-knnen\/","og_site_name":"iDiv","article_published_time":"2023-10-26T23:00:00+00:00","article_modified_time":"2025-07-08T10:26:02+00:00","og_image":[{"width":1200,"height":675,"url":"https:\/\/www.idiv.de\/wp-content\/uploads\/2024\/11\/iDivSocialMediaShare.jpg","type":"image\/jpeg"}],"author":"admin","twitter_card":"summary_large_image","twitter_creator":"@idiv","twitter_site":"@idiv","schema":{"@context":"https:\/\/schema.org","@graph":[{"@type":"Article","@id":"https:\/\/www.idiv.de\/de\/wie-soziale-medien-zum-artenschutz-beitragen-knnen\/#article","isPartOf":{"@id":"https:\/\/www.idiv.de\/de\/wie-soziale-medien-zum-artenschutz-beitragen-knnen\/"},"author":{"name":"admin","@id":"https:\/\/www.idiv.de\/de\/#\/schema\/person\/14228c09f1919627a633555952e15fc0"},"headline":"Wie Soziale Medien zum Artenschutz beitragen k&ouml;nnen","datePublished":"2023-10-26T23:00:00+00:00","dateModified":"2025-07-08T10:26:02+00:00","mainEntityOfPage":{"@id":"https:\/\/www.idiv.de\/de\/wie-soziale-medien-zum-artenschutz-beitragen-knnen\/"},"wordCount":9,"commentCount":0,"publisher":{"@id":"https:\/\/www.idiv.de\/de\/#organization"},"articleSection":["Biodiversit\u00e4t und Mensch","Forschung","iDiv","Medienmitteilung","TOP NEWS"],"inLanguage":"de"},{"@type":"WebPage","@id":"https:\/\/www.idiv.de\/de\/wie-soziale-medien-zum-artenschutz-beitragen-knnen\/","url":"https:\/\/www.idiv.de\/de\/wie-soziale-medien-zum-artenschutz-beitragen-knnen\/","name":"Wie Soziale Medien zum Artenschutz beitragen k&ouml;nnen | iDiv","isPartOf":{"@id":"https:\/\/www.idiv.de\/de\/#website"},"datePublished":"2023-10-26T23:00:00+00:00","dateModified":"2025-07-08T10:26:02+00:00","breadcrumb":{"@id":"https:\/\/www.idiv.de\/de\/wie-soziale-medien-zum-artenschutz-beitragen-knnen\/#breadcrumb"},"inLanguage":"de","potentialAction":[{"@type":"ReadAction","target":["https:\/\/www.idiv.de\/de\/wie-soziale-medien-zum-artenschutz-beitragen-knnen\/"]}]},{"@type":"BreadcrumbList","@id":"https:\/\/www.idiv.de\/de\/wie-soziale-medien-zum-artenschutz-beitragen-knnen\/#breadcrumb","itemListElement":[{"@type":"ListItem","position":1,"name":"Startseite","item":"https:\/\/www.idiv.de\/de\/"},{"@type":"ListItem","position":2,"name":"Wie Soziale Medien zum Artenschutz beitragen k&ouml;nnen"}]},{"@type":"WebSite","@id":"https:\/\/www.idiv.de\/de\/#website","url":"https:\/\/www.idiv.de\/de\/","name":"iDiv","description":"Hotspot in Biodiversity Research","publisher":{"@id":"https:\/\/www.idiv.de\/de\/#organization"},"potentialAction":[{"@type":"SearchAction","target":{"@type":"EntryPoint","urlTemplate":"https:\/\/www.idiv.de\/de\/?s={search_term_string}"},"query-input":{"@type":"PropertyValueSpecification","valueRequired":true,"valueName":"search_term_string"}}],"inLanguage":"de"},{"@type":"Organization","@id":"https:\/\/www.idiv.de\/de\/#organization","name":"idiv","url":"https:\/\/www.idiv.de\/de\/","logo":{"@type":"ImageObject","inLanguage":"de","@id":"https:\/\/www.idiv.de\/de\/#\/schema\/logo\/image\/","url":"https:\/\/www.idiv.de\/wp-content\/uploads\/2024\/08\/iDiv_Logo_long_v1_EN_black_4c.jpg","contentUrl":"https:\/\/www.idiv.de\/wp-content\/uploads\/2024\/08\/iDiv_Logo_long_v1_EN_black_4c.jpg","width":2448,"height":674,"caption":"idiv"},"image":{"@id":"https:\/\/www.idiv.de\/de\/#\/schema\/logo\/image\/"},"sameAs":["https:\/\/x.com\/idiv","https:\/\/www.linkedin.com\/company\/idiv-biodiversity\/","https:\/\/www.youtube.com\/idiv-research"]},{"@type":"Person","@id":"https:\/\/www.idiv.de\/de\/#\/schema\/person\/14228c09f1919627a633555952e15fc0","name":"admin","url":"https:\/\/www.idiv.de\/de\/author\/admin\/"}]}},"author_meta":{"display_name":"admin","author_link":"https:\/\/www.idiv.de\/de\/author\/admin\/"},"featured_img":null,"coauthors":[],"tax_additional":{"categories":{"linked":["<a href=\"https:\/\/www.idiv.de\/de\/kategorie\/forschung\/biodiversitaet-und-mensch\/\" class=\"advgb-post-tax-term\">Biodiversit\u00e4t und Mensch<\/a>","<a href=\"https:\/\/www.idiv.de\/de\/kategorie\/forschung\/\" class=\"advgb-post-tax-term\">Forschung<\/a>","<a href=\"https:\/\/www.idiv.de\/de\/kategorie\/idiv-de\/\" class=\"advgb-post-tax-term\">iDiv<\/a>","<a href=\"https:\/\/www.idiv.de\/de\/kategorie\/medienmitteilung\/\" class=\"advgb-post-tax-term\">Medienmitteilung<\/a>","<a href=\"https:\/\/www.idiv.de\/de\/kategorie\/top-news-de-2\/\" class=\"advgb-post-tax-term\">TOP NEWS<\/a>"],"unlinked":["<span class=\"advgb-post-tax-term\">Biodiversit\u00e4t und Mensch<\/span>","<span class=\"advgb-post-tax-term\">Forschung<\/span>","<span class=\"advgb-post-tax-term\">iDiv<\/span>","<span class=\"advgb-post-tax-term\">Medienmitteilung<\/span>","<span class=\"advgb-post-tax-term\">TOP NEWS<\/span>"]}},"comment_count":0,"relative_dates":{"created":"Ver\u00f6ffentlicht 3\u00a0Jahren vor","modified":"Aktualisiert 10\u00a0Monaten vor"},"absolute_dates":{"created":"Ver\u00f6ffentlicht am 27. Oktober 2023","modified":"Aktualisiert am 8. Juli 2025"},"absolute_dates_time":{"created":"Ver\u00f6ffentlicht am 27. Oktober 2023 0:00","modified":"Aktualisiert am 8. Juli 2025 11:26"},"featured_img_caption":"","series_order":"","_links":{"self":[{"href":"https:\/\/www.idiv.de\/de\/wp-json\/wp\/v2\/posts\/12830","targetHints":{"allow":["GET"]}}],"collection":[{"href":"https:\/\/www.idiv.de\/de\/wp-json\/wp\/v2\/posts"}],"about":[{"href":"https:\/\/www.idiv.de\/de\/wp-json\/wp\/v2\/types\/post"}],"author":[{"embeddable":true,"href":"https:\/\/www.idiv.de\/de\/wp-json\/wp\/v2\/users\/1"}],"replies":[{"embeddable":true,"href":"https:\/\/www.idiv.de\/de\/wp-json\/wp\/v2\/comments?post=12830"}],"version-history":[{"count":2,"href":"https:\/\/www.idiv.de\/de\/wp-json\/wp\/v2\/posts\/12830\/revisions"}],"predecessor-version":[{"id":33235,"href":"https:\/\/www.idiv.de\/de\/wp-json\/wp\/v2\/posts\/12830\/revisions\/33235"}],"wp:attachment":[{"href":"https:\/\/www.idiv.de\/de\/wp-json\/wp\/v2\/media?parent=12830"}],"wp:term":[{"taxonomy":"category","embeddable":true,"href":"https:\/\/www.idiv.de\/de\/wp-json\/wp\/v2\/categories?post=12830"},{"taxonomy":"post_tag","embeddable":true,"href":"https:\/\/www.idiv.de\/de\/wp-json\/wp\/v2\/tags?post=12830"}],"curies":[{"name":"wp","href":"https:\/\/api.w.org\/{rel}","templated":true}]}}