{"id":12792,"date":"2023-08-25T00:00:00","date_gmt":"2023-08-24T23:00:00","guid":{"rendered":"https:\/\/idiv.caf-dev.de\/eine-globale-beobachtungsstelle-fr-die-biodiversitt\/"},"modified":"2024-10-14T08:29:07","modified_gmt":"2024-10-14T07:29:07","slug":"eine-globale-beobachtungsstelle-fr-die-biodiversitt","status":"publish","type":"post","link":"https:\/\/www.idiv.de\/de\/eine-globale-beobachtungsstelle-fr-die-biodiversitt\/","title":{"rendered":"Eine globale Beobachtungsstelle f&uuml;r die Biodiversit&auml;t"},"content":{"rendered":"\n        <div class=\"herosection pb-24 pt-0 no-bg modulclass \" id=\"\">\n                    <div class=\"swiper1noslider  nooverflow swiper \" id=\"slide_69f46b2805e4d\">\n        \n                <div class=\"swiper-wrapper\">\n                                            <div class=\"swiper-slide  style_ \" aria-hidden=\"true\" >\n                            <div class=\"backstretchwrap\">\n                        \n                            <div datasrc=\"https:\/\/www.idiv.de\/wp-content\/uploads\/2024\/08\/pic_ae178008b320230825123020.jpg\" class=\"backstretchimg responsiv desktop\"><\/div>\n\n                            <a href=\"#\" class=\"cr\"><svg  xmlns=\"http:\/\/www.w3.org\/2000\/svg\" width=\"22\" height=\"22\" viewBox=\"0 0 22 22\">\n                                    <rect id=\"BG\" width=\"22\" height=\"22\" rx=\"11\" fill=\"#fff\"\/>\n                                    <g id=\"Wrapper\" transform=\"translate(-1 -1)\">\n                                        <g id=\"Icon_material-copyright\" data-name=\"Icon material-copyright\">\n                                            <circle id=\"Ellipse_30\" data-name=\"Ellipse 30\" cx=\"8\" cy=\"8\" r=\"8\" transform=\"translate(4 4)\" fill=\"#fff\"\/>\n                                            <path id=\"Icon_material-copyright-2\" data-name=\"Icon material-copyright\" d=\"M9.464,10.088a2.045,2.045,0,0,1,.24-.7,1.4,1.4,0,0,1,.472-.5,1.42,1.42,0,0,1,.728-.184,1.45,1.45,0,0,1,.5.1,1.29,1.29,0,0,1,.416.288,1.54,1.54,0,0,1,.272.424,1.4,1.4,0,0,1,.112.512H13.64a2.864,2.864,0,0,0-.224-1.032,2.4,2.4,0,0,0-.56-.808,2.613,2.613,0,0,0-.864-.528,3.09,3.09,0,0,0-1.112-.184,3.127,3.127,0,0,0-1.36.272,2.751,2.751,0,0,0-.96.736,3.007,3.007,0,0,0-.568,1.088A4.685,4.685,0,0,0,7.8,10.9v.216a4.684,4.684,0,0,0,.184,1.312,2.908,2.908,0,0,0,.568,1.08,2.731,2.731,0,0,0,.96.728,3.246,3.246,0,0,0,1.36.272,3.051,3.051,0,0,0,1.056-.184,2.729,2.729,0,0,0,.864-.5,2.442,2.442,0,0,0,.592-.752,2.153,2.153,0,0,0,.24-.92H12.192a1.139,1.139,0,0,1-.12.464,1.177,1.177,0,0,1-.288.368,1.26,1.26,0,0,1-.416.24,1.589,1.589,0,0,1-.48.08,1.359,1.359,0,0,1-.712-.184,1.4,1.4,0,0,1-.472-.5,2.09,2.09,0,0,1-.24-.7,5.392,5.392,0,0,1-.064-.8V10.9a5.33,5.33,0,0,1,.064-.808ZM11,3a8,8,0,1,0,8,8A8,8,0,0,0,11,3Zm0,14.4A6.4,6.4,0,1,1,17.4,11,6.408,6.408,0,0,1,11,17.4Z\" transform=\"translate(1 1)\" fill=\"#4d4d4d\"\/>\n                                        <\/g>\n                                    <\/g>\n                                <\/svg>\n                                <span>GEO BON<\/span><\/a>                        \n                                                    <\/div>\n                                        <div class=\"sliderinhalt \" role=\"region\" aria-label=\"carousel\">\n\n                                            <h1 class=\"h1 align-center\" >Eine globale Beobachtungsstelle f&uuml;r die Biodiversit&auml;t<\/h1>                                                    <p style='text-align: center;'>Ein neues System ist dringend n\u00f6tig, um die Biodiversit\u00e4t weltweit zu \u00fcberwachen.<\/p>\n<p style='text-align: center;'>GBiOS vereint globale Zusammenarbeit, Technologien und Daten, um den Biodiversit&auml;tswandel zu &uuml;berwachen.<\/p>\n                                                \n                                                                                                            <\/div>\n                                            <\/div>\n\n                        \n                 <\/div>\n\n                              <\/div>\n<\/div>\n       <div class=\"textbildrepeater pb-24 pt-0 no-bg modulclass \" id=\"\">\n    <div class=\"container\">\n        <div class=\"row\">\n                                                                <div class=\"pb-24   mod_text  col-md-6 offset-md-0 pos_top\">\n                            <div class=\"textrepeater \" id=\"\">\n    <p>25.08.2023 | iDiv, Media Release, TOP NEWS<\/p>\n<\/div>\n                            <\/div>\n                        <\/div>\n    <\/div>\n<\/div><div class=\"textbildrepeater pb-24 pt-0 no-bg modulclass \" id=\"\">\n    <div class=\"container\">\n        <div class=\"row\">\n                                                                <div class=\"pb-24   mod_text  col-md-12 offset-md-0 pos_top\">\n                            <div class=\"textrepeater \" id=\"\">\n    <p>&nbsp;<\/p>\n<p><strong>Originalpublikation<\/strong><br \/>(Wissenschaftlerinnen und Wissenschaftler mit iDiv-Affiliation sowie Alumni sind fett gedruckt)<br \/>Andrew Gonzalez, Petteri Vihervaara, Patricia Balvanera, Amanda E. Bates, Elisa Bayraktarov, Peter J. Bellingham, Andreas Bruder, Jillian Campbell, Michael D. Catchen, Jeannine Cavender-Bares, <strong>Jonathan Chase<\/strong>, Nicholas Coops, Mark J. Costello, Maria Dornelas, Gr&eacute;goire Dubois, Emmett J. Duffy, Hilde Eggermont, <strong>Nestor Fernandez<\/strong>, Simon Ferrier, Gary N. Geller, Michael Gill, Dominique Gravel, <strong>Carlos A. Guerra<\/strong>, Robert Guralnick, Michael Harfoot, Tim Hirsch, Sean Hoban, Alice C. Hughes, Margaret E. Hunter, Forest Isbell, Walter Jetz, Norbert Juergens, W. Daniel Kissling, Cornelia B. Krug, Yvan Le Bras, Brian Leung, Maria Cecilia Londo&ntilde;o-Murcia, Jean-Michel Lord, Michel Loreau, Amy Luers, Keping Ma, Anna J. MacDonald, Melodie McGeoch, Katie L. Millette, Zsolt Molnar, Akira S. Mori, Frank E. Muller-Karger, Hiroyuki Muraoka, <strong>Laetitia Navarro<\/strong>, Tim Newbold, Aidin Niamir, David Obura, Mary O&rsquo;Connor, Marc Paganini, <strong>Henrique Pereira<\/strong>, Timoth&eacute;e Poisot, Laura J. Pollock, Andy Purvis, Adriana Radulovici, Duccio Rocchini, Michael Schaepman, Gabriela Schaepman-Strub, Dirk S. Schmeller, Ute Schmiedel, Fabian D. Schneider, Mangal Man Shakya, Andrew Skidmore, Andrew L. Skowno, Yayoi Takeuchi, Mao-Ning Tuanmu, Eren Turak, Woody Turner, Mark C. Urban, Nicol&aacute;s Urbina-Cardona, Ruben Valbuena, Basile van Havre, Elaine Wright (2023). A global biodiversity observing system to unite monitoring and guide action. Nature Ecol Evol. DOI&#58; <a href=https&#58;\/\/doi.org\/10.1038\/s41559-023-02171-0 target=_blank rel=noopener>10.1038\/s41559-023-02171-0<\/a><\/p>\n<\/div>\n                            <\/div>\n                        <\/div>\n    <\/div>\n<\/div><div class=\"textbildrepeater pb-24 pt-0 no-bg modulclass \" id=\"\">\n    <div class=\"container\">\n        <div class=\"row\">\n                                                                <div class=\"pb-24   mod_text  col-md-12 offset-md-0 pos_top\">\n                            <div class=\"textrepeater \" id=\"\">\n    <h3>Ansprechpartner&#58;<\/h3>\n<p><strong>Kati Kietzmann<\/strong><br \/>Abteilung Medien &#038; Kommunikation<br \/> Deutsches Zentrum f\u00fcr integrative Biodiversit\u00e4tsforschung (iDiv) Halle-Jena-Leipzig<br \/>Tel.&#58; +49 341 9739222<br \/>E-Mail&#58; <a href='mailto&#58;&#x6b;&#97;t&#x69;&#x2e;&#107;i&#x65;&#116;z&#x6d;&#x61;&#110;n&#x40;&#105;d&#x69;&#x76;&#46;d&#x65;'>&#x6b;&#x61;&#x74;&#x69;&#x2e;&#x6b;&#x69;&#101;&#116;&#122;&#109;&#97;nn&#64;i&#x64;&#x69;&#x76;&#x2e;&#x64;&#x65;<\/a><br \/>Web&#58; <a href='https&#58;\/\/www.idiv.de\/medien'>https&#58;\/\/www.idiv.de\/medien<\/a><\/p>\n<p><strong>Prof. Dr. Henrique Miguel Pereira<\/strong><br \/>Forschungsgruppenleiter Biodiversit\u00e4t und Naturschutz<br \/> Deutsches Zentrum f\u00fcr integrative Biodiversit\u00e4tsforschung (iDiv) Halle-Jena-Leipzig<br \/> Martin-Luther-Universit\u00e4t Halle-Wittenberg (MLU)<br \/>E-Mail&#58; <a href='mailto&#58;&#104;&#x65;&#110;&#x72;&#105;&#x71;u&#x65;&#46;&#112;&#x65;&#114;&#x65;&#105;&#x72;a&#x40;i&#100;&#x69;&#118;&#x2e;&#100;&#x65;'>&#104;&#x65;&#110;&#x72;&#105;&#x71;&#117;&#x65;&#46;&#x70;&#101;&#x72;&#101;&#x69;&#114;&#x61;&#64;&#x69;&#100;&#x69;&#118;&#x2e;&#100;&#x65;<\/a><br \/>Web&#58; <a href='https&#58;\/\/www.idiv.de\/de\/profile\/132.html'>https&#58;\/\/www.idiv.de\/de\/profile\/132.html<\/a><\/p>\n<p><strong>Prof Andrew Gonzalez<\/strong><br \/>Liber Ero Chair in Biodiversity Conservation<br \/> Co-Chair GEO BON<br \/>E-Mail&#58; <a href='mailto&#58;&#x61;&#x6e;&#x64;&#114;&#101;&#119;&#46;g&#x6f;&#x6e;&#x7a;&#x61;&#108;&#101;z&#64;&#x6d;&#x63;&#x67;&#x69;&#108;&#108;&#46;c&#x61;'>&#97;&#x6e;&#100;&#x72;&#101;&#x77;&#46;&#x67;o&#110;&#x7a;&#97;&#x6c;&#101;&#x7a;&#64;&#x6d;c&#103;&#x69;&#108;&#x6c;&#46;&#x63;&#97;<\/a><\/p>\n<\/div>\n                            <\/div>\n                        <\/div>\n    <\/div>\n<\/div><div class=\"textbildrepeater pb-24 pt-0 no-bg modulclass \" id=\"\">\n    <div class=\"container\">\n        <div class=\"row\">\n                                                                <div class=\"pb-24   mod_text  col-md-12 offset-md-0 pos_top\">\n                            <div class=\"textrepeater \" id=\"\">\n    <p><em>Hinweis f\u00fcr die Medien: Die von iDiv bereitgestellten Bilder d\u00fcrfen ausschlie\u00dflich f\u00fcr die Berichterstattung im Zusammenhang mit dieser Medienmitteilung und unter Angabe des\/der Urhebers\/in verwendet werden.<\/em><\/p>\n<\/div>\n                            <\/div>\n                        <\/div>\n    <\/div>\n<\/div>","protected":false},"excerpt":{"rendered":"","protected":false},"author":1,"featured_media":0,"comment_status":"open","ping_status":"open","sticky":false,"template":"","format":"standard","meta":{"_acf_changed":false,"advgb_blocks_editor_width":"","advgb_blocks_columns_visual_guide":"","footnotes":"","_links_to":"","_links_to_target":""},"categories":[28,29,30],"tags":[],"class_list":["post-12792","post","type-post","status-publish","format-standard","hentry","category-idiv-de","category-medienmitteilung","category-top-news-de-2"],"acf":{"thumb":5289,"thumbmobile":null,"copyright":"GEO BON","breadcrumb":true},"yoast_head":"<!-- This site is optimized with the Yoast SEO plugin v27.5 - https:\/\/yoast.com\/product\/yoast-seo-wordpress\/ -->\n<title>Eine globale Beobachtungsstelle f&uuml;r die Biodiversit&auml;t| iDiv<\/title>\n<meta name=\"robots\" content=\"index, follow, max-snippet:-1, max-image-preview:large, max-video-preview:-1\" \/>\n<link rel=\"canonical\" href=\"https:\/\/www.idiv.de\/de\/eine-globale-beobachtungsstelle-fr-die-biodiversitt\/\" \/>\n<meta property=\"og:locale\" content=\"de_DE\" \/>\n<meta property=\"og:type\" content=\"article\" \/>\n<meta property=\"og:title\" content=\"Eine globale Beobachtungsstelle f&uuml;r die Biodiversit&auml;t| iDiv\" \/>\n<meta property=\"og:url\" content=\"https:\/\/www.idiv.de\/de\/eine-globale-beobachtungsstelle-fr-die-biodiversitt\/\" \/>\n<meta property=\"og:site_name\" content=\"iDiv\" \/>\n<meta property=\"article:published_time\" content=\"2023-08-24T23:00:00+00:00\" \/>\n<meta property=\"article:modified_time\" content=\"2024-10-14T07:29:07+00:00\" \/>\n<meta property=\"og:image\" content=\"https:\/\/www.idiv.de\/wp-content\/uploads\/2024\/11\/iDivSocialMediaShare.jpg\" \/>\n\t<meta property=\"og:image:width\" content=\"1200\" \/>\n\t<meta property=\"og:image:height\" content=\"675\" \/>\n\t<meta property=\"og:image:type\" content=\"image\/jpeg\" \/>\n<meta name=\"author\" content=\"admin\" \/>\n<meta name=\"twitter:card\" content=\"summary_large_image\" \/>\n<meta name=\"twitter:creator\" content=\"@idiv\" \/>\n<meta name=\"twitter:site\" content=\"@idiv\" \/>\n<script type=\"application\/ld+json\" class=\"yoast-schema-graph\">{\"@context\":\"https:\\\/\\\/schema.org\",\"@graph\":[{\"@type\":\"Article\",\"@id\":\"https:\\\/\\\/www.idiv.de\\\/de\\\/eine-globale-beobachtungsstelle-fr-die-biodiversitt\\\/#article\",\"isPartOf\":{\"@id\":\"https:\\\/\\\/www.idiv.de\\\/de\\\/eine-globale-beobachtungsstelle-fr-die-biodiversitt\\\/\"},\"author\":{\"name\":\"admin\",\"@id\":\"https:\\\/\\\/www.idiv.de\\\/de\\\/#\\\/schema\\\/person\\\/14228c09f1919627a633555952e15fc0\"},\"headline\":\"Eine globale Beobachtungsstelle f&uuml;r die Biodiversit&auml;t\",\"datePublished\":\"2023-08-24T23:00:00+00:00\",\"dateModified\":\"2024-10-14T07:29:07+00:00\",\"mainEntityOfPage\":{\"@id\":\"https:\\\/\\\/www.idiv.de\\\/de\\\/eine-globale-beobachtungsstelle-fr-die-biodiversitt\\\/\"},\"wordCount\":10,\"commentCount\":0,\"publisher\":{\"@id\":\"https:\\\/\\\/www.idiv.de\\\/de\\\/#organization\"},\"articleSection\":[\"iDiv\",\"Medienmitteilung\",\"TOP NEWS\"],\"inLanguage\":\"de\"},{\"@type\":\"WebPage\",\"@id\":\"https:\\\/\\\/www.idiv.de\\\/de\\\/eine-globale-beobachtungsstelle-fr-die-biodiversitt\\\/\",\"url\":\"https:\\\/\\\/www.idiv.de\\\/de\\\/eine-globale-beobachtungsstelle-fr-die-biodiversitt\\\/\",\"name\":\"Eine globale Beobachtungsstelle f&uuml;r die Biodiversit&auml;t| iDiv\",\"isPartOf\":{\"@id\":\"https:\\\/\\\/www.idiv.de\\\/de\\\/#website\"},\"datePublished\":\"2023-08-24T23:00:00+00:00\",\"dateModified\":\"2024-10-14T07:29:07+00:00\",\"breadcrumb\":{\"@id\":\"https:\\\/\\\/www.idiv.de\\\/de\\\/eine-globale-beobachtungsstelle-fr-die-biodiversitt\\\/#breadcrumb\"},\"inLanguage\":\"de\",\"potentialAction\":[{\"@type\":\"ReadAction\",\"target\":[\"https:\\\/\\\/www.idiv.de\\\/de\\\/eine-globale-beobachtungsstelle-fr-die-biodiversitt\\\/\"]}]},{\"@type\":\"BreadcrumbList\",\"@id\":\"https:\\\/\\\/www.idiv.de\\\/de\\\/eine-globale-beobachtungsstelle-fr-die-biodiversitt\\\/#breadcrumb\",\"itemListElement\":[{\"@type\":\"ListItem\",\"position\":1,\"name\":\"Startseite\",\"item\":\"https:\\\/\\\/www.idiv.de\\\/de\\\/\"},{\"@type\":\"ListItem\",\"position\":2,\"name\":\"Eine globale Beobachtungsstelle f&uuml;r die Biodiversit&auml;t\"}]},{\"@type\":\"WebSite\",\"@id\":\"https:\\\/\\\/www.idiv.de\\\/de\\\/#website\",\"url\":\"https:\\\/\\\/www.idiv.de\\\/de\\\/\",\"name\":\"iDiv\",\"description\":\"Hotspot in Biodiversity Research\",\"publisher\":{\"@id\":\"https:\\\/\\\/www.idiv.de\\\/de\\\/#organization\"},\"potentialAction\":[{\"@type\":\"SearchAction\",\"target\":{\"@type\":\"EntryPoint\",\"urlTemplate\":\"https:\\\/\\\/www.idiv.de\\\/de\\\/?s={search_term_string}\"},\"query-input\":{\"@type\":\"PropertyValueSpecification\",\"valueRequired\":true,\"valueName\":\"search_term_string\"}}],\"inLanguage\":\"de\"},{\"@type\":\"Organization\",\"@id\":\"https:\\\/\\\/www.idiv.de\\\/de\\\/#organization\",\"name\":\"idiv\",\"url\":\"https:\\\/\\\/www.idiv.de\\\/de\\\/\",\"logo\":{\"@type\":\"ImageObject\",\"inLanguage\":\"de\",\"@id\":\"https:\\\/\\\/www.idiv.de\\\/de\\\/#\\\/schema\\\/logo\\\/image\\\/\",\"url\":\"https:\\\/\\\/www.idiv.de\\\/wp-content\\\/uploads\\\/2024\\\/08\\\/iDiv_Logo_long_v1_EN_black_4c.jpg\",\"contentUrl\":\"https:\\\/\\\/www.idiv.de\\\/wp-content\\\/uploads\\\/2024\\\/08\\\/iDiv_Logo_long_v1_EN_black_4c.jpg\",\"width\":2448,\"height\":674,\"caption\":\"idiv\"},\"image\":{\"@id\":\"https:\\\/\\\/www.idiv.de\\\/de\\\/#\\\/schema\\\/logo\\\/image\\\/\"},\"sameAs\":[\"https:\\\/\\\/x.com\\\/idiv\",\"https:\\\/\\\/www.linkedin.com\\\/company\\\/idiv-biodiversity\\\/\",\"https:\\\/\\\/www.youtube.com\\\/idiv-research\"]},{\"@type\":\"Person\",\"@id\":\"https:\\\/\\\/www.idiv.de\\\/de\\\/#\\\/schema\\\/person\\\/14228c09f1919627a633555952e15fc0\",\"name\":\"admin\",\"url\":\"https:\\\/\\\/www.idiv.de\\\/de\\\/author\\\/admin\\\/\"}]}<\/script>\n<!-- \/ Yoast SEO plugin. -->","yoast_head_json":{"title":"Eine globale Beobachtungsstelle f&uuml;r die Biodiversit&auml;t| iDiv","robots":{"index":"index","follow":"follow","max-snippet":"max-snippet:-1","max-image-preview":"max-image-preview:large","max-video-preview":"max-video-preview:-1"},"canonical":"https:\/\/www.idiv.de\/de\/eine-globale-beobachtungsstelle-fr-die-biodiversitt\/","og_locale":"de_DE","og_type":"article","og_title":"Eine globale Beobachtungsstelle f&uuml;r die Biodiversit&auml;t| iDiv","og_url":"https:\/\/www.idiv.de\/de\/eine-globale-beobachtungsstelle-fr-die-biodiversitt\/","og_site_name":"iDiv","article_published_time":"2023-08-24T23:00:00+00:00","article_modified_time":"2024-10-14T07:29:07+00:00","og_image":[{"width":1200,"height":675,"url":"https:\/\/www.idiv.de\/wp-content\/uploads\/2024\/11\/iDivSocialMediaShare.jpg","type":"image\/jpeg"}],"author":"admin","twitter_card":"summary_large_image","twitter_creator":"@idiv","twitter_site":"@idiv","schema":{"@context":"https:\/\/schema.org","@graph":[{"@type":"Article","@id":"https:\/\/www.idiv.de\/de\/eine-globale-beobachtungsstelle-fr-die-biodiversitt\/#article","isPartOf":{"@id":"https:\/\/www.idiv.de\/de\/eine-globale-beobachtungsstelle-fr-die-biodiversitt\/"},"author":{"name":"admin","@id":"https:\/\/www.idiv.de\/de\/#\/schema\/person\/14228c09f1919627a633555952e15fc0"},"headline":"Eine globale Beobachtungsstelle f&uuml;r die Biodiversit&auml;t","datePublished":"2023-08-24T23:00:00+00:00","dateModified":"2024-10-14T07:29:07+00:00","mainEntityOfPage":{"@id":"https:\/\/www.idiv.de\/de\/eine-globale-beobachtungsstelle-fr-die-biodiversitt\/"},"wordCount":10,"commentCount":0,"publisher":{"@id":"https:\/\/www.idiv.de\/de\/#organization"},"articleSection":["iDiv","Medienmitteilung","TOP NEWS"],"inLanguage":"de"},{"@type":"WebPage","@id":"https:\/\/www.idiv.de\/de\/eine-globale-beobachtungsstelle-fr-die-biodiversitt\/","url":"https:\/\/www.idiv.de\/de\/eine-globale-beobachtungsstelle-fr-die-biodiversitt\/","name":"Eine globale Beobachtungsstelle f&uuml;r die Biodiversit&auml;t| iDiv","isPartOf":{"@id":"https:\/\/www.idiv.de\/de\/#website"},"datePublished":"2023-08-24T23:00:00+00:00","dateModified":"2024-10-14T07:29:07+00:00","breadcrumb":{"@id":"https:\/\/www.idiv.de\/de\/eine-globale-beobachtungsstelle-fr-die-biodiversitt\/#breadcrumb"},"inLanguage":"de","potentialAction":[{"@type":"ReadAction","target":["https:\/\/www.idiv.de\/de\/eine-globale-beobachtungsstelle-fr-die-biodiversitt\/"]}]},{"@type":"BreadcrumbList","@id":"https:\/\/www.idiv.de\/de\/eine-globale-beobachtungsstelle-fr-die-biodiversitt\/#breadcrumb","itemListElement":[{"@type":"ListItem","position":1,"name":"Startseite","item":"https:\/\/www.idiv.de\/de\/"},{"@type":"ListItem","position":2,"name":"Eine globale Beobachtungsstelle f&uuml;r die Biodiversit&auml;t"}]},{"@type":"WebSite","@id":"https:\/\/www.idiv.de\/de\/#website","url":"https:\/\/www.idiv.de\/de\/","name":"iDiv","description":"Hotspot in Biodiversity Research","publisher":{"@id":"https:\/\/www.idiv.de\/de\/#organization"},"potentialAction":[{"@type":"SearchAction","target":{"@type":"EntryPoint","urlTemplate":"https:\/\/www.idiv.de\/de\/?s={search_term_string}"},"query-input":{"@type":"PropertyValueSpecification","valueRequired":true,"valueName":"search_term_string"}}],"inLanguage":"de"},{"@type":"Organization","@id":"https:\/\/www.idiv.de\/de\/#organization","name":"idiv","url":"https:\/\/www.idiv.de\/de\/","logo":{"@type":"ImageObject","inLanguage":"de","@id":"https:\/\/www.idiv.de\/de\/#\/schema\/logo\/image\/","url":"https:\/\/www.idiv.de\/wp-content\/uploads\/2024\/08\/iDiv_Logo_long_v1_EN_black_4c.jpg","contentUrl":"https:\/\/www.idiv.de\/wp-content\/uploads\/2024\/08\/iDiv_Logo_long_v1_EN_black_4c.jpg","width":2448,"height":674,"caption":"idiv"},"image":{"@id":"https:\/\/www.idiv.de\/de\/#\/schema\/logo\/image\/"},"sameAs":["https:\/\/x.com\/idiv","https:\/\/www.linkedin.com\/company\/idiv-biodiversity\/","https:\/\/www.youtube.com\/idiv-research"]},{"@type":"Person","@id":"https:\/\/www.idiv.de\/de\/#\/schema\/person\/14228c09f1919627a633555952e15fc0","name":"admin","url":"https:\/\/www.idiv.de\/de\/author\/admin\/"}]}},"author_meta":{"display_name":"admin","author_link":"https:\/\/www.idiv.de\/de\/author\/admin\/"},"featured_img":null,"coauthors":[],"tax_additional":{"categories":{"linked":["<a href=\"https:\/\/www.idiv.de\/de\/kategorie\/idiv-de\/\" class=\"advgb-post-tax-term\">iDiv<\/a>","<a href=\"https:\/\/www.idiv.de\/de\/kategorie\/medienmitteilung\/\" class=\"advgb-post-tax-term\">Medienmitteilung<\/a>","<a href=\"https:\/\/www.idiv.de\/de\/kategorie\/top-news-de-2\/\" class=\"advgb-post-tax-term\">TOP NEWS<\/a>"],"unlinked":["<span class=\"advgb-post-tax-term\">iDiv<\/span>","<span class=\"advgb-post-tax-term\">Medienmitteilung<\/span>","<span class=\"advgb-post-tax-term\">TOP NEWS<\/span>"]}},"comment_count":0,"relative_dates":{"created":"Ver\u00f6ffentlicht 3\u00a0Jahren vor","modified":"Aktualisiert 2\u00a0Jahren vor"},"absolute_dates":{"created":"Ver\u00f6ffentlicht am 25. August 2023","modified":"Aktualisiert am 14. Oktober 2024"},"absolute_dates_time":{"created":"Ver\u00f6ffentlicht am 25. August 2023 0:00","modified":"Aktualisiert am 14. Oktober 2024 8:29"},"featured_img_caption":"","series_order":"","_links":{"self":[{"href":"https:\/\/www.idiv.de\/de\/wp-json\/wp\/v2\/posts\/12792","targetHints":{"allow":["GET"]}}],"collection":[{"href":"https:\/\/www.idiv.de\/de\/wp-json\/wp\/v2\/posts"}],"about":[{"href":"https:\/\/www.idiv.de\/de\/wp-json\/wp\/v2\/types\/post"}],"author":[{"embeddable":true,"href":"https:\/\/www.idiv.de\/de\/wp-json\/wp\/v2\/users\/1"}],"replies":[{"embeddable":true,"href":"https:\/\/www.idiv.de\/de\/wp-json\/wp\/v2\/comments?post=12792"}],"version-history":[{"count":1,"href":"https:\/\/www.idiv.de\/de\/wp-json\/wp\/v2\/posts\/12792\/revisions"}],"predecessor-version":[{"id":12793,"href":"https:\/\/www.idiv.de\/de\/wp-json\/wp\/v2\/posts\/12792\/revisions\/12793"}],"wp:attachment":[{"href":"https:\/\/www.idiv.de\/de\/wp-json\/wp\/v2\/media?parent=12792"}],"wp:term":[{"taxonomy":"category","embeddable":true,"href":"https:\/\/www.idiv.de\/de\/wp-json\/wp\/v2\/categories?post=12792"},{"taxonomy":"post_tag","embeddable":true,"href":"https:\/\/www.idiv.de\/de\/wp-json\/wp\/v2\/tags?post=12792"}],"curies":[{"name":"wp","href":"https:\/\/api.w.org\/{rel}","templated":true}]}}