{"id":12728,"date":"2023-03-16T00:00:00","date_gmt":"2023-03-15T23:00:00","guid":{"rendered":"https:\/\/idiv.caf-dev.de\/was-der-fischer-davon-hat-die-evolution-des-kabeljaus-zurckzudrehen\/"},"modified":"2025-09-30T09:31:12","modified_gmt":"2025-09-30T08:31:12","slug":"was-der-fischer-davon-hat-die-evolution-des-kabeljaus-zurckzudrehen","status":"publish","type":"post","link":"https:\/\/www.idiv.de\/de\/was-der-fischer-davon-hat-die-evolution-des-kabeljaus-zurckzudrehen\/","title":{"rendered":"Was der Fischer davon hat, die Evolution des Kabeljaus zur&uuml;ckzudrehen"},"content":{"rendered":"<div class=\"herosection pb-24 pt-0 no-bg modulclass \" id=\"\">\n                    <div class=\"swiper1noslider  nooverflow swiper \" id=\"slide_69ef5bf884e5a\">\n        \n                <div class=\"swiper-wrapper\">\n                                            <div class=\"swiper-slide  style_ \" aria-hidden=\"true\" >\n                            <div class=\"backstretchwrap\">\n                        \n                            <div datasrc=\"https:\/\/www.idiv.de\/wp-content\/uploads\/2024\/08\/pic_9724bec81320230314101109.jpg\" class=\"backstretchimg responsiv desktop\"><\/div>\n\n                            <a href=\"#\" class=\"cr\"><svg  xmlns=\"http:\/\/www.w3.org\/2000\/svg\" width=\"22\" height=\"22\" viewBox=\"0 0 22 22\">\n                                    <rect id=\"BG\" width=\"22\" height=\"22\" rx=\"11\" fill=\"#fff\"\/>\n                                    <g id=\"Wrapper\" transform=\"translate(-1 -1)\">\n                                        <g id=\"Icon_material-copyright\" data-name=\"Icon material-copyright\">\n                                            <circle id=\"Ellipse_30\" data-name=\"Ellipse 30\" cx=\"8\" cy=\"8\" r=\"8\" transform=\"translate(4 4)\" fill=\"#fff\"\/>\n                                            <path id=\"Icon_material-copyright-2\" data-name=\"Icon material-copyright\" d=\"M9.464,10.088a2.045,2.045,0,0,1,.24-.7,1.4,1.4,0,0,1,.472-.5,1.42,1.42,0,0,1,.728-.184,1.45,1.45,0,0,1,.5.1,1.29,1.29,0,0,1,.416.288,1.54,1.54,0,0,1,.272.424,1.4,1.4,0,0,1,.112.512H13.64a2.864,2.864,0,0,0-.224-1.032,2.4,2.4,0,0,0-.56-.808,2.613,2.613,0,0,0-.864-.528,3.09,3.09,0,0,0-1.112-.184,3.127,3.127,0,0,0-1.36.272,2.751,2.751,0,0,0-.96.736,3.007,3.007,0,0,0-.568,1.088A4.685,4.685,0,0,0,7.8,10.9v.216a4.684,4.684,0,0,0,.184,1.312,2.908,2.908,0,0,0,.568,1.08,2.731,2.731,0,0,0,.96.728,3.246,3.246,0,0,0,1.36.272,3.051,3.051,0,0,0,1.056-.184,2.729,2.729,0,0,0,.864-.5,2.442,2.442,0,0,0,.592-.752,2.153,2.153,0,0,0,.24-.92H12.192a1.139,1.139,0,0,1-.12.464,1.177,1.177,0,0,1-.288.368,1.26,1.26,0,0,1-.416.24,1.589,1.589,0,0,1-.48.08,1.359,1.359,0,0,1-.712-.184,1.4,1.4,0,0,1-.472-.5,2.09,2.09,0,0,1-.24-.7,5.392,5.392,0,0,1-.064-.8V10.9a5.33,5.33,0,0,1,.064-.808ZM11,3a8,8,0,1,0,8,8A8,8,0,0,0,11,3Zm0,14.4A6.4,6.4,0,1,1,17.4,11,6.408,6.408,0,0,1,11,17.4Z\" transform=\"translate(1 1)\" fill=\"#4d4d4d\"\/>\n                                        <\/g>\n                                    <\/g>\n                                <\/svg>\n                                <span>Hans-Petter Fjeld<\/span><\/a>                        \n                                                    <\/div>\n                                        <div class=\"sliderinhalt \" role=\"region\" aria-label=\"carousel\">\n\n                                            <h1 class=\"h1 tcenter\" >Was der Fischer davon hat, die Evolution des Kabeljaus zur&uuml;ckzudrehen<\/h1>                                                    <p style=\"text-align: center;\">Bei langfristig angelegtem Fischerei-Management werden evolution\u00e4re Ver\u00e4nderungen, die zu einer geringeren Laichgr\u00f6\u00dfe gef\u00fchrt haben, profitabel umgekehrt.<\/p>\n                                                \n                                                                                                            <\/div>\n                                            <\/div>\n\n                        \n                 <\/div>\n\n                              <\/div>\n<\/div>\n\n<div class=\"textbildrepeater pb-24 pt-0 no-bg modulclass \" id=\"\">\n    <div class=\"container\">\n        <div class=\"row\">\n                                                                <div class=\"pb-24   mod_text  col-md-6 offset-md-0 pos_top\">\n                            <div class=\"textrepeater \" id=\"\">\n    <p>16.03.2023 | Biodiversity Economics, iDiv, Media Release, Research, TOP NEWS<\/p>\n<\/div>\n                            <\/div>\n                        <\/div>\n    <\/div>\n<\/div>\n\n<div class=\"textbildrepeater pb-24 pt-0 no-bg modulclass \" id=\"\">\n    <div class=\"container\">\n        <div class=\"row\">\n                                                                <div class=\"pb-24   mod_text  col-md-12 offset-md-0 pos_top\">\n                            <div class=\"textrepeater \" id=\"\">\n    <p><strong>Leipzig. &Uuml;berfischung und &Uuml;bernutzung der Meere haben bei Fischbest&auml;nden wie dem Kabeljau zu evolution&auml;ren Ver&auml;nderungen gef&uuml;hrt, die die Produktivit&auml;t und den Marktwert der Fischebest&auml;nde schm&auml;lern. Ein nachhaltigeres und vorausschauendes Management der Fischereien k&ouml;nnte diese Ver&auml;nderungen r&uuml;ckg&auml;ngig machen. Eine neue Studie des Deutschen Zentrums f&uuml;r integrative Biodiversit&auml;tsforschung (iDiv), der Universit&auml;t Leipzig und des Instituts f&uuml;r Meeresforschung in Troms&oslash;, die im Fachmagazin Nature Sustainability ver&ouml;ffentlicht wurde, zeigt, dass diese Umkehr der evolution&auml;ren Ver&auml;nderungen sich nur geringf&uuml;gig auf den Gewinn der Fischereien auswirken, aber zum Erhalt der nat&uuml;rlichen genetischen Vielfalt beitragen w&uuml;rde.<\/strong><\/p>\n<\/div>\n                            <\/div>\n                        <\/div>\n    <\/div>\n<\/div>\n\n<div class=\"textbildrepeater pb-24 pt-0 no-bg modulclass \" id=\"\">\n    <div class=\"container\">\n        <div class=\"row\">\n                                                                <div class=\"pb-24   mod_bild  col-md-5 offset-md-0 pos_top\">\n                            <div class=\"bildrepeater \" id=\"\">\n    <div class=\"relativ\"><img decoding=\"async\" class=\"responsiv desktop\" src=\"https:\/\/www.idiv.de\/wp-content\/uploads\/2024\/08\/pic_22749ab7e420230314101140.jpg\" height=\"\" width=\"\" alt=\"idiv-\"\/><img decoding=\"async\" class=\"responsiv mobile\" src=\"https:\/\/www.idiv.de\/wp-content\/uploads\/2024\/08\/pic_22749ab7e420230314101140.jpg\" height=\"\" width=\"\" alt=\"idiv-\"\/><a href=\"#\" class=\"cr\" role=\"button\">\n<svg  xmlns=\"http:\/\/www.w3.org\/2000\/svg\" width=\"22\" height=\"22\" viewBox=\"0 0 22 22\">\n    <rect id=\"BG\" width=\"22\" height=\"22\" rx=\"11\" fill=\"#fff\"\/>\n    <g id=\"Wrapper\" transform=\"translate(-1 -1)\">\n        <g id=\"Icon_material-copyright\" data-name=\"Icon material-copyright\">\n            <circle id=\"Ellipse_30\" data-name=\"Ellipse 30\" cx=\"8\" cy=\"8\" r=\"8\" transform=\"translate(4 4)\" fill=\"#fff\"\/>\n            <path id=\"Icon_material-copyright-2\" data-name=\"Icon material-copyright\" d=\"M9.464,10.088a2.045,2.045,0,0,1,.24-.7,1.4,1.4,0,0,1,.472-.5,1.42,1.42,0,0,1,.728-.184,1.45,1.45,0,0,1,.5.1,1.29,1.29,0,0,1,.416.288,1.54,1.54,0,0,1,.272.424,1.4,1.4,0,0,1,.112.512H13.64a2.864,2.864,0,0,0-.224-1.032,2.4,2.4,0,0,0-.56-.808,2.613,2.613,0,0,0-.864-.528,3.09,3.09,0,0,0-1.112-.184,3.127,3.127,0,0,0-1.36.272,2.751,2.751,0,0,0-.96.736,3.007,3.007,0,0,0-.568,1.088A4.685,4.685,0,0,0,7.8,10.9v.216a4.684,4.684,0,0,0,.184,1.312,2.908,2.908,0,0,0,.568,1.08,2.731,2.731,0,0,0,.96.728,3.246,3.246,0,0,0,1.36.272,3.051,3.051,0,0,0,1.056-.184,2.729,2.729,0,0,0,.864-.5,2.442,2.442,0,0,0,.592-.752,2.153,2.153,0,0,0,.24-.92H12.192a1.139,1.139,0,0,1-.12.464,1.177,1.177,0,0,1-.288.368,1.26,1.26,0,0,1-.416.24,1.589,1.589,0,0,1-.48.08,1.359,1.359,0,0,1-.712-.184,1.4,1.4,0,0,1-.472-.5,2.09,2.09,0,0,1-.24-.7,5.392,5.392,0,0,1-.064-.8V10.9a5.33,5.33,0,0,1,.064-.808ZM11,3a8,8,0,1,0,8,8A8,8,0,0,0,11,3Zm0,14.4A6.4,6.4,0,1,1,17.4,11,6.408,6.408,0,0,1,11,17.4Z\" transform=\"translate(1 1)\" fill=\"#4d4d4d\"\/>\n        <\/g>\n    <\/g>\n<\/svg>\n<span>Jan Dierking, GEOMAR Helmholtz-Zentrum f\u00fcr Ozeanforschung Kiel<\/span><\/a><\/div><p class=\"bu\">Zwei geschlechtsreife m&auml;nnliche Dorsche unterschiedlicher Gr&ouml;&szlig;e. Wachstumsrate, Gr&ouml;&szlig;e und Alter bei Geschlechtsreife haben in mehreren Dorschbest&auml;nden aufgrund der intensiven Befischung abgenommen.<\/p><\/div>\n                            <\/div>\n                        <\/div>\n    <\/div>\n<\/div>\n\n<div class=\"textbildrepeater pb-24 pt-0 no-bg modulclass \" id=\"\">\n    <div class=\"container\">\n        <div class=\"row\">\n                                                                <div class=\"pb-24   mod_text  col-md-12 offset-md-0 pos_top\">\n                            <div class=\"textrepeater \" id=\"\">\n    <p>Die Auswirkungen globaler &Uuml;berfischung auf die Meeres&ouml;kosysteme sind verheerend&#58; Nicht nur die Fischbest&auml;nde gehen zur&uuml;ck, auch die Qualit&auml;t mariner Lebensr&auml;ume und deren Artenvielfalt nehmen immer schneller ab. Weniger offensichtlich sind die Auswirkungen der Fischerei auf die Gr&ouml;&szlig;e und Altersstruktur der Fischbest&auml;nde und evolution&auml;re Ver&auml;nderungen. Die Fische wachsen h&auml;ufig langsamer, werden bei geringerer Gr&ouml;&szlig;e geschlechtsreif und pflanzen sich fr&uuml;her fort. So wird der in der Vergangenheit stark befischte Nordsee-Kabeljau beispielsweise mit durchschnittlich 50 cm geschlechtsreif, w&auml;hrend bei einer nicht befischten Population 70 cm zu erwarten w&auml;ren.<\/p>\n<p>Eine fr&uuml;here Fortpflanzung kann den Fischbestand kurzfristig widerstandsf&auml;higer machen, &uuml;ber l&auml;ngere Zeitr&auml;ume f&uuml;hrt dies jedoch zu Populationen mit kleineren Fischen, die weniger Nachwuchs zeugen. &bdquo;Letztendlich kann das die Produktivit&auml;t eines Bestandes und dessen Marktwert verringern&ldquo;, erkl&auml;rt Erstautorin Hanna Schenk vom iDiv und der Universit&auml;t Leipzig. &bdquo;Dar&uuml;ber hinaus wissen wir noch recht wenig &uuml;ber die potentiellen Auswirkungen etwa auf die Nahrungskette oder &Ouml;kosysteme. Hier k&ouml;nnen sich Ver&auml;nderungen dann wiederum auf die befischten Arten auswirken und wichtige &ouml;kologische Funktionen beeintr&auml;chtigen.&ldquo;<\/p>\n<p><strong>Nur langfristige Planung kann evolution&auml;re Ver&auml;nderungen umkehren<\/strong><\/p>\n<p>Doch die Evolution ist keine Einbahnstra&szlig;e. Daher untersuchten Forschende von iDiv, UL und dem Institut f&uuml;r Meeresforschung in Troms&oslash; (Norwegen), was n&ouml;tig ist, um den evolution&auml;ren Verfall nach Jahrzehnten der &Uuml;bernutzung r&uuml;ckg&auml;ngig zu machen. Im Fokus ihrer Untersuchungen lagen dabei vor allem die Planungshorizonte des Fischereimanagements. Daf&uuml;r entwickelten sie ein Modell, das verschiedene Aspekte ber&uuml;cksichtigt&#58; Biologische wie Wachstum und Reproduktion sowie &ouml;konomische wie die Kosten und die Vorlieben der Konsumenten. Die Forschenden untersuchten auch m&ouml;gliche Konflikte zwischen wirtschaftlichem Gewinn und Naturschutzzielen.<\/p>\n<p>Sie fanden heraus, dass sich der evolution&auml;re Wandel nur mit Hilfe sehr langer Planungshorizonte umkehren l&auml;sst, die bis ins n&auml;chste Jahrhundert reichen. Mit der weitaus &uuml;blicheren kurzfristigen Planung k&ouml;nnen sich zwar die Best&auml;nde hinsichtlich ihrer Biomasse erholen, der evolution&auml;re Verfall schreitet jedoch weiter voran, wenngleich deutlich langsamer. &bdquo;Fischereien gehen typischerweise von Planungshorizonten von wenigen Jahren aus. Das steht im Kontrast zu den langfristigen Nachhaltigkeits- und Biodiversit&auml;tszielen&ldquo;, so Hanna Schenk. Doch auch etwas vorausschauendere Planungshorizonte helfen lediglich dabei, die Best&auml;nde wiederaufzubauen, hielten den evolution&auml;ren Verfall aber nicht auf. Diesen Prozess umzukehren dauere laut Schenk deutlich l&auml;nger als die Erholung der reinen Biomasse und gel&auml;nge nur mit Planungshorizonten von hundert Jahren und mehr.<\/p>\n<p><strong>Angepasste Schutzziele w&uuml;rden Gewinne aus Fischerei kaum reduzieren<\/strong><\/p>\n<p>Die Forschenden konnten zeigen, dass Naturschutzziele, die nicht nur auf die Fischbest&auml;nde, sondern auch auf deren genetische Zusammensetzung abzielen, die Gewinne von Fischern nur wenig schm&auml;lern w&uuml;rden. Die Kosten und die Zeit, die f&uuml;r diese evolution&auml;re Umkehr n&ouml;tig sind, k&ouml;nnten weiter verringert werden, wenn Fischereien Fische mit bestimmten genetischen Merkmalen bevorzugt befischten, was etwa durch die Wahl von Zeitpunkt und Ort beeinflusst werden kann. Allerdings sehen die bisherigen Schutzziele die Erhaltung der genetischen Vielfalt nicht vor, so etwa Ziel 14 der Ziele f&uuml;r nachhaltige Entwicklung der Vereinten Nationen (SDGs), das ein Ende der &Uuml;berfischung fordert.<\/p>\n<p>&bdquo;Indem man st&auml;rker selektiv fischt, k&ouml;nnte man den evolution&auml;ren Verfall l&auml;ngerfristig umkehren&ldquo;, sagt Letztautor Martin Quaas von iDiv und der UL. Wirtschaftliche Anreize allein w&uuml;rden jedoch wahrscheinlich nicht ausreichen um dieses Nachhaltigkeitsziel zu erreichen, daher sollten genetische Vielfalt und Naturschutz auch in den SDGs und UN-Biodiversit&auml;tszielen enthalten sein. &bdquo;Aus der Perspektive einen &Ouml;konomen h&auml;tte die Fischerei diese unerw&uuml;nschten evolution&auml;ren Ver&auml;nderungen gr&ouml;&szlig;tenteils verhindern sollen. Jetzt, da diese Ver&auml;nderungen aber nun einmal stattgefunden haben, wird es auf kurze Sicht kostspielig sie wieder umzukehren. Langfristig lohnt es sich aus &ouml;konomischer Sicht aber.&ldquo;<\/p>\n<p>&nbsp;<\/p>\n<p>Diese Forschung wurde unter anderem von der Deutschen Forschungsgemeinschaft (DFG; FZT-118) gef&ouml;rdert.<\/p>\n<p>&nbsp;<\/p>\n<p>Kati Kietzmann<\/p>\n<p><strong>Originalpublikation<\/strong><br \/>(Wissenschaftlerinnen und Wissenschaftler mit iDiv-Affiliation sind fett gedruckt)<\/p>\n<p><strong>Hanna Schenk<\/strong>, Fabian Zimmermann, <strong>Martin Quaas<\/strong> (2023). The Economics of reversing fisheries-induced evolution. Nature Sustainability. Doi&#58; <a href=https&#58;\/\/www.nature.com\/articles\/s41893-023-01078-9 target=_blank rel=noopener>10.1038\/s41893-023-01078-9<\/a><\/p>\n<\/div>\n                            <\/div>\n                        <\/div>\n    <\/div>\n<\/div>\n\n<div class=\"textbildrepeater pb-24 pt-0 no-bg modulclass \" id=\"\">\n    <div class=\"container\">\n        <div class=\"row\">\n                                                                <div class=\"pb-24   mod_text  col-md-12 offset-md-0 pos_top\">\n                            <div class=\"textrepeater \" id=\"\">\n    <h3>Ansprechpartner:<\/h3>\n<p><strong>Kati Kietzmann<\/strong><br \/>\nAbteilung Medien &amp; Kommunikation<br \/>\nDeutsches Zentrum f\u00fcr integrative Biodiversit\u00e4tsforschung (iDiv) Halle-Jena-Leipzig<br \/>\nTel.: +49 341 9739222<br \/>\nE-Mail: <a href=\"&#109;&#x61;i&#108;&#x74;o&#x3a;&#x6b;&#97;&#x74;i&#46;&#x6b;i&#101;&#x74;&#122;&#x6d;a&#110;&#x6e;&#64;&#105;&#x64;&#105;&#x76;&#x2e;&#100;&#x65;\">&#107;&#x61;&#116;&#x69;&#46;&#x6b;i&#x65;t&#x7a;m&#97;&#x6e;&#110;&#x40;&#105;&#x64;&#105;&#x76;&#46;&#x64;e<\/a><\/p>\n<p><strong>Prof. Martin Quaas<\/strong><br \/>\nLeiter der Forschungsgruppe Biodiversit\u00e4ts\u00f6konomik<br \/>\nDeutsches Zentrum f\u00fcr integrative Biodiversit\u00e4tsforschung (iDiv) Halle-Jena-Leipzig<br \/>\nUniversit\u00e4t Leipzig<br \/>\nTel.: Bitte bei iDiv Medien und Kommunikation erfragen<br \/>\nE-Mail: <a href=\"&#x6d;&#97;i&#x6c;&#116;o&#x3a;&#109;a&#x72;&#116;i&#x6e;&#46;q&#x75;&#x61;a&#x73;&#x40;&#105;&#x64;&#x69;&#118;&#x2e;&#x64;&#101;\">&#109;&#x61;&#x72;t&#105;&#x6e;&#46;&#113;&#x75;&#x61;&#97;&#x73;&#x40;i&#100;&#x69;v&#46;&#x64;&#x65;<\/a><\/p>\n<p><strong>Dr. Hanna Schenk<\/strong><br \/>\nBiodiversit\u00e4ts\u00f6konomik<br \/>\nDeutsches Zentrum f\u00fcr integrative Biodiversit\u00e4tsforschung (iDiv) Halle-Jena-Leipzig<br \/>\nUniversit\u00e4t Leipzig<br \/>\nTel.: +49 341 9733168<br \/>\nE-Mail: <a href=\"mai&#108;&#116;&#111;&#58;&#x68;&#x61;&#x6e;&#x6e;&#x61;&#x2e;&#x73;che&#110;&#107;&#64;&#105;&#100;&#x69;&#x76;&#x2e;&#x64;&#x65;\">&#104;&#x61;n&#110;&#x61;&#46;&#x73;c&#104;&#x65;n&#x6b;&#x40;&#105;&#x64;i&#118;&#x2e;d&#x65;<\/a><\/p>\n<\/div>\n                            <\/div>\n                        <\/div>\n    <\/div>\n<\/div>\n\n<div class=\"textbildrepeater pb-24 pt-0 no-bg modulclass \" id=\"\">\n    <div class=\"container\">\n        <div class=\"row\">\n                                                                <div class=\"pb-24   mod_text  col-md-12 offset-md-0 pos_top\">\n                            <div class=\"textrepeater \" id=\"\">\n    <p><em>Hinweis f\u00fcr die Medien: Die von iDiv bereitgestellten Bilder d\u00fcrfen ausschlie\u00dflich f\u00fcr die Berichterstattung im Zusammenhang mit dieser Medienmitteilung und unter Angabe des\/der Urhebers\/in verwendet werden.<\/em><\/p>\n<\/div>\n                            <\/div>\n                        <\/div>\n    <\/div>\n<\/div>","protected":false},"excerpt":{"rendered":"<p>Leipzig. &Uuml;berfischung und &Uuml;bernutzung der Meere haben bei Fischbest&auml;nden wie dem Kabeljau zu evolution&auml;ren Ver&auml;nderungen gef&uuml;hrt, die die Produktivit&auml;t und den Marktwert der Fischebest&auml;nde schm&auml;lern. Ein nachhaltigeres und vorausschauendes Management der Fischereien k&ouml;nnte diese Ver&auml;nderungen r&uuml;ckg&auml;ngig machen. Eine neue Studie des Deutschen Zentrums f&uuml;r integrative Biodiversit&auml;tsforschung (iDiv), der Universit&auml;t Leipzig und des Instituts f&uuml;r Meeresforschung in Troms&oslash;, die im Fachmagazin Nature Sustainability ver&ouml;ffentlicht wurde, zeigt, dass diese Umkehr der evolution&auml;ren Ver&auml;nderungen sich nur geringf&uuml;gig auf den Gewinn der Fischereien auswirken, aber zum Erhalt der nat&uuml;rlichen genetischen Vielfalt beitragen w&uuml;rde.<\/p>\n","protected":false},"author":1,"featured_media":0,"comment_status":"open","ping_status":"open","sticky":false,"template":"","format":"standard","meta":{"_acf_changed":false,"advgb_blocks_editor_width":"","advgb_blocks_columns_visual_guide":"","footnotes":"","_links_to":"","_links_to_target":""},"categories":[54,37,28,29,30],"tags":[],"class_list":["post-12728","post","type-post","status-publish","format-standard","hentry","category-biodiversitatsoekonomik","category-forschung","category-idiv-de","category-medienmitteilung","category-top-news-de-2"],"acf":{"thumb":5431,"thumbmobile":"","copyright":"Hans-Petter Fjeld","breadcrumb":true},"yoast_head":"<!-- This site is optimized with the Yoast SEO plugin v27.4 - https:\/\/yoast.com\/product\/yoast-seo-wordpress\/ -->\n<title>Was der Fischer davon hat, die Evolution des Kabeljaus zur&uuml;ckzudrehen | iDiv<\/title>\n<meta name=\"robots\" content=\"index, follow, max-snippet:-1, max-image-preview:large, max-video-preview:-1\" \/>\n<link rel=\"canonical\" href=\"https:\/\/www.idiv.de\/de\/was-der-fischer-davon-hat-die-evolution-des-kabeljaus-zurckzudrehen\/\" \/>\n<meta property=\"og:locale\" content=\"de_DE\" \/>\n<meta property=\"og:type\" content=\"article\" \/>\n<meta property=\"og:title\" content=\"Was der Fischer davon hat, die Evolution des Kabeljaus zur&uuml;ckzudrehen | iDiv\" \/>\n<meta property=\"og:description\" content=\"Leipzig. &Uuml;berfischung und &Uuml;bernutzung der Meere haben bei Fischbest&auml;nden wie dem Kabeljau zu evolution&auml;ren Ver&auml;nderungen gef&uuml;hrt, die die Produktivit&auml;t und den Marktwert der Fischebest&auml;nde schm&auml;lern. Ein nachhaltigeres und vorausschauendes Management der Fischereien k&ouml;nnte diese Ver&auml;nderungen r&uuml;ckg&auml;ngig machen. Eine neue Studie des Deutschen Zentrums f&uuml;r integrative Biodiversit&auml;tsforschung (iDiv), der Universit&auml;t Leipzig und des Instituts f&uuml;r Meeresforschung in Troms&oslash;, die im Fachmagazin Nature Sustainability ver&ouml;ffentlicht wurde, zeigt, dass diese Umkehr der evolution&auml;ren Ver&auml;nderungen sich nur geringf&uuml;gig auf den Gewinn der Fischereien auswirken, aber zum Erhalt der nat&uuml;rlichen genetischen Vielfalt beitragen w&uuml;rde.\" \/>\n<meta property=\"og:url\" content=\"https:\/\/www.idiv.de\/de\/was-der-fischer-davon-hat-die-evolution-des-kabeljaus-zurckzudrehen\/\" \/>\n<meta property=\"og:site_name\" content=\"iDiv\" \/>\n<meta property=\"article:published_time\" content=\"2023-03-15T23:00:00+00:00\" \/>\n<meta property=\"article:modified_time\" content=\"2025-09-30T08:31:12+00:00\" \/>\n<meta property=\"og:image\" content=\"https:\/\/www.idiv.de\/wp-content\/uploads\/2024\/11\/iDivSocialMediaShare.jpg\" \/>\n\t<meta property=\"og:image:width\" content=\"1200\" \/>\n\t<meta property=\"og:image:height\" content=\"675\" \/>\n\t<meta property=\"og:image:type\" content=\"image\/jpeg\" \/>\n<meta name=\"author\" content=\"admin\" \/>\n<meta name=\"twitter:card\" content=\"summary_large_image\" \/>\n<meta name=\"twitter:creator\" content=\"@idiv\" \/>\n<meta name=\"twitter:site\" content=\"@idiv\" \/>\n<script type=\"application\/ld+json\" class=\"yoast-schema-graph\">{\"@context\":\"https:\\\/\\\/schema.org\",\"@graph\":[{\"@type\":\"Article\",\"@id\":\"https:\\\/\\\/www.idiv.de\\\/de\\\/was-der-fischer-davon-hat-die-evolution-des-kabeljaus-zurckzudrehen\\\/#article\",\"isPartOf\":{\"@id\":\"https:\\\/\\\/www.idiv.de\\\/de\\\/was-der-fischer-davon-hat-die-evolution-des-kabeljaus-zurckzudrehen\\\/\"},\"author\":{\"name\":\"admin\",\"@id\":\"https:\\\/\\\/www.idiv.de\\\/de\\\/#\\\/schema\\\/person\\\/14228c09f1919627a633555952e15fc0\"},\"headline\":\"Was der Fischer davon hat, die Evolution des Kabeljaus zur&uuml;ckzudrehen\",\"datePublished\":\"2023-03-15T23:00:00+00:00\",\"dateModified\":\"2025-09-30T08:31:12+00:00\",\"mainEntityOfPage\":{\"@id\":\"https:\\\/\\\/www.idiv.de\\\/de\\\/was-der-fischer-davon-hat-die-evolution-des-kabeljaus-zurckzudrehen\\\/\"},\"wordCount\":12,\"commentCount\":0,\"publisher\":{\"@id\":\"https:\\\/\\\/www.idiv.de\\\/de\\\/#organization\"},\"articleSection\":[\"Biodiversit\u00e4ts\u00f6konomik\",\"Forschung\",\"iDiv\",\"Medienmitteilung\",\"TOP NEWS\"],\"inLanguage\":\"de\"},{\"@type\":\"WebPage\",\"@id\":\"https:\\\/\\\/www.idiv.de\\\/de\\\/was-der-fischer-davon-hat-die-evolution-des-kabeljaus-zurckzudrehen\\\/\",\"url\":\"https:\\\/\\\/www.idiv.de\\\/de\\\/was-der-fischer-davon-hat-die-evolution-des-kabeljaus-zurckzudrehen\\\/\",\"name\":\"Was der Fischer davon hat, die Evolution des Kabeljaus zur&uuml;ckzudrehen | iDiv\",\"isPartOf\":{\"@id\":\"https:\\\/\\\/www.idiv.de\\\/de\\\/#website\"},\"datePublished\":\"2023-03-15T23:00:00+00:00\",\"dateModified\":\"2025-09-30T08:31:12+00:00\",\"breadcrumb\":{\"@id\":\"https:\\\/\\\/www.idiv.de\\\/de\\\/was-der-fischer-davon-hat-die-evolution-des-kabeljaus-zurckzudrehen\\\/#breadcrumb\"},\"inLanguage\":\"de\",\"potentialAction\":[{\"@type\":\"ReadAction\",\"target\":[\"https:\\\/\\\/www.idiv.de\\\/de\\\/was-der-fischer-davon-hat-die-evolution-des-kabeljaus-zurckzudrehen\\\/\"]}]},{\"@type\":\"BreadcrumbList\",\"@id\":\"https:\\\/\\\/www.idiv.de\\\/de\\\/was-der-fischer-davon-hat-die-evolution-des-kabeljaus-zurckzudrehen\\\/#breadcrumb\",\"itemListElement\":[{\"@type\":\"ListItem\",\"position\":1,\"name\":\"Startseite\",\"item\":\"https:\\\/\\\/www.idiv.de\\\/de\\\/\"},{\"@type\":\"ListItem\",\"position\":2,\"name\":\"Was der Fischer davon hat, die Evolution des Kabeljaus zur&uuml;ckzudrehen\"}]},{\"@type\":\"WebSite\",\"@id\":\"https:\\\/\\\/www.idiv.de\\\/de\\\/#website\",\"url\":\"https:\\\/\\\/www.idiv.de\\\/de\\\/\",\"name\":\"iDiv\",\"description\":\"Hotspot in Biodiversity Research\",\"publisher\":{\"@id\":\"https:\\\/\\\/www.idiv.de\\\/de\\\/#organization\"},\"potentialAction\":[{\"@type\":\"SearchAction\",\"target\":{\"@type\":\"EntryPoint\",\"urlTemplate\":\"https:\\\/\\\/www.idiv.de\\\/de\\\/?s={search_term_string}\"},\"query-input\":{\"@type\":\"PropertyValueSpecification\",\"valueRequired\":true,\"valueName\":\"search_term_string\"}}],\"inLanguage\":\"de\"},{\"@type\":\"Organization\",\"@id\":\"https:\\\/\\\/www.idiv.de\\\/de\\\/#organization\",\"name\":\"idiv\",\"url\":\"https:\\\/\\\/www.idiv.de\\\/de\\\/\",\"logo\":{\"@type\":\"ImageObject\",\"inLanguage\":\"de\",\"@id\":\"https:\\\/\\\/www.idiv.de\\\/de\\\/#\\\/schema\\\/logo\\\/image\\\/\",\"url\":\"https:\\\/\\\/www.idiv.de\\\/wp-content\\\/uploads\\\/2024\\\/08\\\/iDiv_Logo_long_v1_EN_black_4c.jpg\",\"contentUrl\":\"https:\\\/\\\/www.idiv.de\\\/wp-content\\\/uploads\\\/2024\\\/08\\\/iDiv_Logo_long_v1_EN_black_4c.jpg\",\"width\":2448,\"height\":674,\"caption\":\"idiv\"},\"image\":{\"@id\":\"https:\\\/\\\/www.idiv.de\\\/de\\\/#\\\/schema\\\/logo\\\/image\\\/\"},\"sameAs\":[\"https:\\\/\\\/x.com\\\/idiv\",\"https:\\\/\\\/www.linkedin.com\\\/company\\\/idiv-biodiversity\\\/\",\"https:\\\/\\\/www.youtube.com\\\/idiv-research\"]},{\"@type\":\"Person\",\"@id\":\"https:\\\/\\\/www.idiv.de\\\/de\\\/#\\\/schema\\\/person\\\/14228c09f1919627a633555952e15fc0\",\"name\":\"admin\",\"url\":\"https:\\\/\\\/www.idiv.de\\\/de\\\/author\\\/admin\\\/\"}]}<\/script>\n<!-- \/ Yoast SEO plugin. -->","yoast_head_json":{"title":"Was der Fischer davon hat, die Evolution des Kabeljaus zur&uuml;ckzudrehen | iDiv","robots":{"index":"index","follow":"follow","max-snippet":"max-snippet:-1","max-image-preview":"max-image-preview:large","max-video-preview":"max-video-preview:-1"},"canonical":"https:\/\/www.idiv.de\/de\/was-der-fischer-davon-hat-die-evolution-des-kabeljaus-zurckzudrehen\/","og_locale":"de_DE","og_type":"article","og_title":"Was der Fischer davon hat, die Evolution des Kabeljaus zur&uuml;ckzudrehen | iDiv","og_description":"Leipzig. &Uuml;berfischung und &Uuml;bernutzung der Meere haben bei Fischbest&auml;nden wie dem Kabeljau zu evolution&auml;ren Ver&auml;nderungen gef&uuml;hrt, die die Produktivit&auml;t und den Marktwert der Fischebest&auml;nde schm&auml;lern. Ein nachhaltigeres und vorausschauendes Management der Fischereien k&ouml;nnte diese Ver&auml;nderungen r&uuml;ckg&auml;ngig machen. Eine neue Studie des Deutschen Zentrums f&uuml;r integrative Biodiversit&auml;tsforschung (iDiv), der Universit&auml;t Leipzig und des Instituts f&uuml;r Meeresforschung in Troms&oslash;, die im Fachmagazin Nature Sustainability ver&ouml;ffentlicht wurde, zeigt, dass diese Umkehr der evolution&auml;ren Ver&auml;nderungen sich nur geringf&uuml;gig auf den Gewinn der Fischereien auswirken, aber zum Erhalt der nat&uuml;rlichen genetischen Vielfalt beitragen w&uuml;rde.","og_url":"https:\/\/www.idiv.de\/de\/was-der-fischer-davon-hat-die-evolution-des-kabeljaus-zurckzudrehen\/","og_site_name":"iDiv","article_published_time":"2023-03-15T23:00:00+00:00","article_modified_time":"2025-09-30T08:31:12+00:00","og_image":[{"width":1200,"height":675,"url":"https:\/\/www.idiv.de\/wp-content\/uploads\/2024\/11\/iDivSocialMediaShare.jpg","type":"image\/jpeg"}],"author":"admin","twitter_card":"summary_large_image","twitter_creator":"@idiv","twitter_site":"@idiv","schema":{"@context":"https:\/\/schema.org","@graph":[{"@type":"Article","@id":"https:\/\/www.idiv.de\/de\/was-der-fischer-davon-hat-die-evolution-des-kabeljaus-zurckzudrehen\/#article","isPartOf":{"@id":"https:\/\/www.idiv.de\/de\/was-der-fischer-davon-hat-die-evolution-des-kabeljaus-zurckzudrehen\/"},"author":{"name":"admin","@id":"https:\/\/www.idiv.de\/de\/#\/schema\/person\/14228c09f1919627a633555952e15fc0"},"headline":"Was der Fischer davon hat, die Evolution des Kabeljaus zur&uuml;ckzudrehen","datePublished":"2023-03-15T23:00:00+00:00","dateModified":"2025-09-30T08:31:12+00:00","mainEntityOfPage":{"@id":"https:\/\/www.idiv.de\/de\/was-der-fischer-davon-hat-die-evolution-des-kabeljaus-zurckzudrehen\/"},"wordCount":12,"commentCount":0,"publisher":{"@id":"https:\/\/www.idiv.de\/de\/#organization"},"articleSection":["Biodiversit\u00e4ts\u00f6konomik","Forschung","iDiv","Medienmitteilung","TOP NEWS"],"inLanguage":"de"},{"@type":"WebPage","@id":"https:\/\/www.idiv.de\/de\/was-der-fischer-davon-hat-die-evolution-des-kabeljaus-zurckzudrehen\/","url":"https:\/\/www.idiv.de\/de\/was-der-fischer-davon-hat-die-evolution-des-kabeljaus-zurckzudrehen\/","name":"Was der Fischer davon hat, die Evolution des Kabeljaus zur&uuml;ckzudrehen | iDiv","isPartOf":{"@id":"https:\/\/www.idiv.de\/de\/#website"},"datePublished":"2023-03-15T23:00:00+00:00","dateModified":"2025-09-30T08:31:12+00:00","breadcrumb":{"@id":"https:\/\/www.idiv.de\/de\/was-der-fischer-davon-hat-die-evolution-des-kabeljaus-zurckzudrehen\/#breadcrumb"},"inLanguage":"de","potentialAction":[{"@type":"ReadAction","target":["https:\/\/www.idiv.de\/de\/was-der-fischer-davon-hat-die-evolution-des-kabeljaus-zurckzudrehen\/"]}]},{"@type":"BreadcrumbList","@id":"https:\/\/www.idiv.de\/de\/was-der-fischer-davon-hat-die-evolution-des-kabeljaus-zurckzudrehen\/#breadcrumb","itemListElement":[{"@type":"ListItem","position":1,"name":"Startseite","item":"https:\/\/www.idiv.de\/de\/"},{"@type":"ListItem","position":2,"name":"Was der Fischer davon hat, die Evolution des Kabeljaus zur&uuml;ckzudrehen"}]},{"@type":"WebSite","@id":"https:\/\/www.idiv.de\/de\/#website","url":"https:\/\/www.idiv.de\/de\/","name":"iDiv","description":"Hotspot in Biodiversity Research","publisher":{"@id":"https:\/\/www.idiv.de\/de\/#organization"},"potentialAction":[{"@type":"SearchAction","target":{"@type":"EntryPoint","urlTemplate":"https:\/\/www.idiv.de\/de\/?s={search_term_string}"},"query-input":{"@type":"PropertyValueSpecification","valueRequired":true,"valueName":"search_term_string"}}],"inLanguage":"de"},{"@type":"Organization","@id":"https:\/\/www.idiv.de\/de\/#organization","name":"idiv","url":"https:\/\/www.idiv.de\/de\/","logo":{"@type":"ImageObject","inLanguage":"de","@id":"https:\/\/www.idiv.de\/de\/#\/schema\/logo\/image\/","url":"https:\/\/www.idiv.de\/wp-content\/uploads\/2024\/08\/iDiv_Logo_long_v1_EN_black_4c.jpg","contentUrl":"https:\/\/www.idiv.de\/wp-content\/uploads\/2024\/08\/iDiv_Logo_long_v1_EN_black_4c.jpg","width":2448,"height":674,"caption":"idiv"},"image":{"@id":"https:\/\/www.idiv.de\/de\/#\/schema\/logo\/image\/"},"sameAs":["https:\/\/x.com\/idiv","https:\/\/www.linkedin.com\/company\/idiv-biodiversity\/","https:\/\/www.youtube.com\/idiv-research"]},{"@type":"Person","@id":"https:\/\/www.idiv.de\/de\/#\/schema\/person\/14228c09f1919627a633555952e15fc0","name":"admin","url":"https:\/\/www.idiv.de\/de\/author\/admin\/"}]}},"author_meta":{"display_name":"admin","author_link":"https:\/\/www.idiv.de\/de\/author\/admin\/"},"featured_img":null,"coauthors":[],"tax_additional":{"categories":{"linked":["<a href=\"https:\/\/www.idiv.de\/de\/kategorie\/forschung\/biodiversitatsoekonomik\/\" class=\"advgb-post-tax-term\">Biodiversit\u00e4ts\u00f6konomik<\/a>","<a href=\"https:\/\/www.idiv.de\/de\/kategorie\/forschung\/\" class=\"advgb-post-tax-term\">Forschung<\/a>","<a href=\"https:\/\/www.idiv.de\/de\/kategorie\/idiv-de\/\" class=\"advgb-post-tax-term\">iDiv<\/a>","<a href=\"https:\/\/www.idiv.de\/de\/kategorie\/medienmitteilung\/\" class=\"advgb-post-tax-term\">Medienmitteilung<\/a>","<a href=\"https:\/\/www.idiv.de\/de\/kategorie\/top-news-de-2\/\" class=\"advgb-post-tax-term\">TOP NEWS<\/a>"],"unlinked":["<span class=\"advgb-post-tax-term\">Biodiversit\u00e4ts\u00f6konomik<\/span>","<span class=\"advgb-post-tax-term\">Forschung<\/span>","<span class=\"advgb-post-tax-term\">iDiv<\/span>","<span class=\"advgb-post-tax-term\">Medienmitteilung<\/span>","<span class=\"advgb-post-tax-term\">TOP NEWS<\/span>"]}},"comment_count":0,"relative_dates":{"created":"Ver\u00f6ffentlicht 3\u00a0Jahren vor","modified":"Aktualisiert 7\u00a0Monaten vor"},"absolute_dates":{"created":"Ver\u00f6ffentlicht am 16. M\u00e4rz 2023","modified":"Aktualisiert am 30. September 2025"},"absolute_dates_time":{"created":"Ver\u00f6ffentlicht am 16. M\u00e4rz 2023 0:00","modified":"Aktualisiert am 30. September 2025 9:31"},"featured_img_caption":"","series_order":"","_links":{"self":[{"href":"https:\/\/www.idiv.de\/de\/wp-json\/wp\/v2\/posts\/12728","targetHints":{"allow":["GET"]}}],"collection":[{"href":"https:\/\/www.idiv.de\/de\/wp-json\/wp\/v2\/posts"}],"about":[{"href":"https:\/\/www.idiv.de\/de\/wp-json\/wp\/v2\/types\/post"}],"author":[{"embeddable":true,"href":"https:\/\/www.idiv.de\/de\/wp-json\/wp\/v2\/users\/1"}],"replies":[{"embeddable":true,"href":"https:\/\/www.idiv.de\/de\/wp-json\/wp\/v2\/comments?post=12728"}],"version-history":[{"count":2,"href":"https:\/\/www.idiv.de\/de\/wp-json\/wp\/v2\/posts\/12728\/revisions"}],"predecessor-version":[{"id":35803,"href":"https:\/\/www.idiv.de\/de\/wp-json\/wp\/v2\/posts\/12728\/revisions\/35803"}],"wp:attachment":[{"href":"https:\/\/www.idiv.de\/de\/wp-json\/wp\/v2\/media?parent=12728"}],"wp:term":[{"taxonomy":"category","embeddable":true,"href":"https:\/\/www.idiv.de\/de\/wp-json\/wp\/v2\/categories?post=12728"},{"taxonomy":"post_tag","embeddable":true,"href":"https:\/\/www.idiv.de\/de\/wp-json\/wp\/v2\/tags?post=12728"}],"curies":[{"name":"wp","href":"https:\/\/api.w.org\/{rel}","templated":true}]}}