{"id":12670,"date":"2022-12-14T00:00:00","date_gmt":"2022-12-13T23:00:00","guid":{"rendered":"https:\/\/idiv.caf-dev.de\/mensch-und-natur-der-abstand-wird-grer\/"},"modified":"2025-07-08T11:48:44","modified_gmt":"2025-07-08T10:48:44","slug":"mensch-und-natur-der-abstand-wird-grer","status":"publish","type":"post","link":"https:\/\/www.idiv.de\/de\/mensch-und-natur-der-abstand-wird-grer\/","title":{"rendered":"Mensch und Natur: Der Abstand wird gr&ouml;&szlig;er"},"content":{"rendered":"<div class=\"herosection pb-24 pt-0 no-bg modulclass \" id=\"\">\n                    <div class=\"swiper1noslider  nooverflow swiper \" id=\"slide_69f2bb9e3f43f\">\n        \n                <div class=\"swiper-wrapper\">\n                                            <div class=\"swiper-slide  style_ \" aria-hidden=\"true\" >\n                            <div class=\"backstretchwrap\">\n                        \n                            <div datasrc=\"https:\/\/www.idiv.de\/wp-content\/uploads\/2024\/08\/pic_821c8ffb2c20221212140400.jpg\" class=\"backstretchimg responsiv desktop\"><\/div>\n\n                            <a href=\"#\" class=\"cr\"><svg  xmlns=\"http:\/\/www.w3.org\/2000\/svg\" width=\"22\" height=\"22\" viewBox=\"0 0 22 22\">\n                                    <rect id=\"BG\" width=\"22\" height=\"22\" rx=\"11\" fill=\"#fff\"\/>\n                                    <g id=\"Wrapper\" transform=\"translate(-1 -1)\">\n                                        <g id=\"Icon_material-copyright\" data-name=\"Icon material-copyright\">\n                                            <circle id=\"Ellipse_30\" data-name=\"Ellipse 30\" cx=\"8\" cy=\"8\" r=\"8\" transform=\"translate(4 4)\" fill=\"#fff\"\/>\n                                            <path id=\"Icon_material-copyright-2\" data-name=\"Icon material-copyright\" d=\"M9.464,10.088a2.045,2.045,0,0,1,.24-.7,1.4,1.4,0,0,1,.472-.5,1.42,1.42,0,0,1,.728-.184,1.45,1.45,0,0,1,.5.1,1.29,1.29,0,0,1,.416.288,1.54,1.54,0,0,1,.272.424,1.4,1.4,0,0,1,.112.512H13.64a2.864,2.864,0,0,0-.224-1.032,2.4,2.4,0,0,0-.56-.808,2.613,2.613,0,0,0-.864-.528,3.09,3.09,0,0,0-1.112-.184,3.127,3.127,0,0,0-1.36.272,2.751,2.751,0,0,0-.96.736,3.007,3.007,0,0,0-.568,1.088A4.685,4.685,0,0,0,7.8,10.9v.216a4.684,4.684,0,0,0,.184,1.312,2.908,2.908,0,0,0,.568,1.08,2.731,2.731,0,0,0,.96.728,3.246,3.246,0,0,0,1.36.272,3.051,3.051,0,0,0,1.056-.184,2.729,2.729,0,0,0,.864-.5,2.442,2.442,0,0,0,.592-.752,2.153,2.153,0,0,0,.24-.92H12.192a1.139,1.139,0,0,1-.12.464,1.177,1.177,0,0,1-.288.368,1.26,1.26,0,0,1-.416.24,1.589,1.589,0,0,1-.48.08,1.359,1.359,0,0,1-.712-.184,1.4,1.4,0,0,1-.472-.5,2.09,2.09,0,0,1-.24-.7,5.392,5.392,0,0,1-.064-.8V10.9a5.33,5.33,0,0,1,.064-.808ZM11,3a8,8,0,1,0,8,8A8,8,0,0,0,11,3Zm0,14.4A6.4,6.4,0,1,1,17.4,11,6.408,6.408,0,0,1,11,17.4Z\" transform=\"translate(1 1)\" fill=\"#4d4d4d\"\/>\n                                        <\/g>\n                                    <\/g>\n                                <\/svg>\n                                <span>Antoine Bel (license CC-BY-4.0)<\/span><\/a>                        \n                                                    <\/div>\n                                        <div class=\"sliderinhalt \" role=\"region\" aria-label=\"carousel\">\n\n                                            <h1 class=\"h1 tleft\" >Mensch und Natur: Der Abstand wird gr&ouml;&szlig;er<\/h1>                                                    <p style=\"text-align: center;\">Literaturstudie zeigt, dass sich der Mensch immer weniger mit der Natur besch\u00e4ftigt, doch systematische Studien sind selten<\/p>\n                                                \n                                                                                                            <\/div>\n                                            <\/div>\n\n                        \n                 <\/div>\n\n                              <\/div>\n<\/div>\n\n<div class=\"textbildrepeater pb-24 pt-0 no-bg modulclass \" id=\"\">\n    <div class=\"container\">\n        <div class=\"row\">\n                                                                <div class=\"pb-24   mod_text  col-md-6 offset-md-0 pos_top\">\n                            <div class=\"textrepeater \" id=\"\">\n    <p>14.12.2022 | Macroecology and Society, Media Release, sDiv, TOP NEWS<\/p>\n<\/div>\n                            <\/div>\n                        <\/div>\n    <\/div>\n<\/div>\n\n<div class=\"textbildrepeater pb-24 pt-0 no-bg modulclass \" id=\"\">\n    <div class=\"container\">\n        <div class=\"row\">\n                                                                <div class=\"pb-24   mod_text  col-md-12 offset-md-0 pos_top\">\n                            <div class=\"textrepeater \" id=\"\">\n    <p><strong>Gemeinsame Medienmitteilung von iDiv und der Universit&auml;t Leipzig<\/strong><\/p>\n<p><strong>Leipzig\/Moulis. Die Menschen leben immer weiter von Naturr&auml;umen entfernt und besch&auml;ftigen sich tendenziell auch seltener mit der Natur. Zu diesem Ergebnis kommt eine Metastudie eines deutsch-franz&ouml;sischen Forscherteams am Deutschen Zentrum f&uuml;r integrative Biodiversit&auml;tsforschung (iDiv), der Universit&auml;t Leipzig und der Station f&uuml;r theoretische und experimentelle &Ouml;kologie (SETE &#8211; CNRS). Die Forschenden betonen, dass die Entwicklung umweltfreundlichen Verhaltens ma&szlig;geblich von diesen Naturerfahrungen abh&auml;ngt &ndash; und damit die Bew&auml;ltigung der globalen Umweltkrisen. Die Studie wurde in Frontiers in Ecology and the Environment ver&ouml;ffentlicht.<\/strong><\/p>\n<\/div>\n                            <\/div>\n                        <\/div>\n    <\/div>\n<\/div>\n\n<div class=\"textbildrepeater pb-24 pt-0 no-bg modulclass \" id=\"\">\n    <div class=\"container\">\n        <div class=\"row\">\n                                                                <div class=\"pb-24   mod_bild  col-md-5 offset-md-0 pos_top\">\n                            <div class=\"bildrepeater \" id=\"\">\n    <div class=\"relativ\"><img decoding=\"async\" class=\"responsiv desktop\" src=\"https:\/\/www.idiv.de\/wp-content\/uploads\/2024\/08\/pic_e9c2d28ebb20221212140533.jpg\" height=\"\" width=\"\" alt=\"idiv-\"\/><img decoding=\"async\" class=\"responsiv mobile\" src=\"https:\/\/www.idiv.de\/wp-content\/uploads\/2024\/08\/pic_e9c2d28ebb20221212140533.jpg\" height=\"\" width=\"\" alt=\"idiv-\"\/><a href=\"#\" class=\"cr\" role=\"button\">\n<svg  xmlns=\"http:\/\/www.w3.org\/2000\/svg\" width=\"22\" height=\"22\" viewBox=\"0 0 22 22\">\n    <rect id=\"BG\" width=\"22\" height=\"22\" rx=\"11\" fill=\"#fff\"\/>\n    <g id=\"Wrapper\" transform=\"translate(-1 -1)\">\n        <g id=\"Icon_material-copyright\" data-name=\"Icon material-copyright\">\n            <circle id=\"Ellipse_30\" data-name=\"Ellipse 30\" cx=\"8\" cy=\"8\" r=\"8\" transform=\"translate(4 4)\" fill=\"#fff\"\/>\n            <path id=\"Icon_material-copyright-2\" data-name=\"Icon material-copyright\" d=\"M9.464,10.088a2.045,2.045,0,0,1,.24-.7,1.4,1.4,0,0,1,.472-.5,1.42,1.42,0,0,1,.728-.184,1.45,1.45,0,0,1,.5.1,1.29,1.29,0,0,1,.416.288,1.54,1.54,0,0,1,.272.424,1.4,1.4,0,0,1,.112.512H13.64a2.864,2.864,0,0,0-.224-1.032,2.4,2.4,0,0,0-.56-.808,2.613,2.613,0,0,0-.864-.528,3.09,3.09,0,0,0-1.112-.184,3.127,3.127,0,0,0-1.36.272,2.751,2.751,0,0,0-.96.736,3.007,3.007,0,0,0-.568,1.088A4.685,4.685,0,0,0,7.8,10.9v.216a4.684,4.684,0,0,0,.184,1.312,2.908,2.908,0,0,0,.568,1.08,2.731,2.731,0,0,0,.96.728,3.246,3.246,0,0,0,1.36.272,3.051,3.051,0,0,0,1.056-.184,2.729,2.729,0,0,0,.864-.5,2.442,2.442,0,0,0,.592-.752,2.153,2.153,0,0,0,.24-.92H12.192a1.139,1.139,0,0,1-.12.464,1.177,1.177,0,0,1-.288.368,1.26,1.26,0,0,1-.416.24,1.589,1.589,0,0,1-.48.08,1.359,1.359,0,0,1-.712-.184,1.4,1.4,0,0,1-.472-.5,2.09,2.09,0,0,1-.24-.7,5.392,5.392,0,0,1-.064-.8V10.9a5.33,5.33,0,0,1,.064-.808ZM11,3a8,8,0,1,0,8,8A8,8,0,0,0,11,3Zm0,14.4A6.4,6.4,0,1,1,17.4,11,6.408,6.408,0,0,1,11,17.4Z\" transform=\"translate(1 1)\" fill=\"#4d4d4d\"\/>\n        <\/g>\n    <\/g>\n<\/svg>\n<span>Gladys Barragan-Jason (license CC-BY-4.0)<\/span><\/a><\/div><p class=\"bu\">Direkte und indirekte Naturerfahrungen sind besonders in der Kindheit wichtig.<\/p><\/div>\n                            <\/div>\n                                                                    <div class=\"pb-24   mod_bild  col-md-5 offset-md-2 pos_top\">\n                            <div class=\"bildrepeater \" id=\"\">\n    <div class=\"relativ\"><img decoding=\"async\" class=\"responsiv desktop\" src=\"https:\/\/www.idiv.de\/wp-content\/uploads\/2024\/08\/pic_8f22b0dd4220221212140556.jpg\" height=\"\" width=\"\" alt=\"idiv-\"\/><img decoding=\"async\" class=\"responsiv mobile\" src=\"https:\/\/www.idiv.de\/wp-content\/uploads\/2024\/08\/pic_8f22b0dd4220221212140556.jpg\" height=\"\" width=\"\" alt=\"idiv-\"\/><a href=\"#\" class=\"cr\" role=\"button\">\n<svg  xmlns=\"http:\/\/www.w3.org\/2000\/svg\" width=\"22\" height=\"22\" viewBox=\"0 0 22 22\">\n    <rect id=\"BG\" width=\"22\" height=\"22\" rx=\"11\" fill=\"#fff\"\/>\n    <g id=\"Wrapper\" transform=\"translate(-1 -1)\">\n        <g id=\"Icon_material-copyright\" data-name=\"Icon material-copyright\">\n            <circle id=\"Ellipse_30\" data-name=\"Ellipse 30\" cx=\"8\" cy=\"8\" r=\"8\" transform=\"translate(4 4)\" fill=\"#fff\"\/>\n            <path id=\"Icon_material-copyright-2\" data-name=\"Icon material-copyright\" d=\"M9.464,10.088a2.045,2.045,0,0,1,.24-.7,1.4,1.4,0,0,1,.472-.5,1.42,1.42,0,0,1,.728-.184,1.45,1.45,0,0,1,.5.1,1.29,1.29,0,0,1,.416.288,1.54,1.54,0,0,1,.272.424,1.4,1.4,0,0,1,.112.512H13.64a2.864,2.864,0,0,0-.224-1.032,2.4,2.4,0,0,0-.56-.808,2.613,2.613,0,0,0-.864-.528,3.09,3.09,0,0,0-1.112-.184,3.127,3.127,0,0,0-1.36.272,2.751,2.751,0,0,0-.96.736,3.007,3.007,0,0,0-.568,1.088A4.685,4.685,0,0,0,7.8,10.9v.216a4.684,4.684,0,0,0,.184,1.312,2.908,2.908,0,0,0,.568,1.08,2.731,2.731,0,0,0,.96.728,3.246,3.246,0,0,0,1.36.272,3.051,3.051,0,0,0,1.056-.184,2.729,2.729,0,0,0,.864-.5,2.442,2.442,0,0,0,.592-.752,2.153,2.153,0,0,0,.24-.92H12.192a1.139,1.139,0,0,1-.12.464,1.177,1.177,0,0,1-.288.368,1.26,1.26,0,0,1-.416.24,1.589,1.589,0,0,1-.48.08,1.359,1.359,0,0,1-.712-.184,1.4,1.4,0,0,1-.472-.5,2.09,2.09,0,0,1-.24-.7,5.392,5.392,0,0,1-.064-.8V10.9a5.33,5.33,0,0,1,.064-.808ZM11,3a8,8,0,1,0,8,8A8,8,0,0,0,11,3Zm0,14.4A6.4,6.4,0,1,1,17.4,11,6.408,6.408,0,0,1,11,17.4Z\" transform=\"translate(1 1)\" fill=\"#4d4d4d\"\/>\n        <\/g>\n    <\/g>\n<\/svg>\n<span>Victor Cazalis (license CC-BY-4.0)<\/span><\/a><\/div><p class=\"bu\">Im Herzen der Stadt Leipzig bietet der Wald rund um die Nonnenwiese den Bewohnern einen naturnahen Raum, in dem Erwachsene und Kinder die Natur und verschiedene Arten beobachten und mit ihr in Ber&uuml;hrung kommen k&ouml;nnen.<\/p><\/div>\n                            <\/div>\n                        <\/div>\n    <\/div>\n<\/div>\n\n<div class=\"textbildrepeater pb-24 pt-0 no-bg modulclass \" id=\"\">\n    <div class=\"container\">\n        <div class=\"row\">\n                                                                <div class=\"pb-24   mod_text  col-md-12 offset-md-0 pos_top\">\n                            <div class=\"textrepeater \" id=\"\">\n    <p>Die Annahme, dass die Menschen weltweit immer weniger Naturerfahrung machen, ist weit verbreitet, aber es gibt kaum empirische Beweise daf\u00fcr. Um Anhaltspunkte zu erhalten, untersuchte das deutsch-franz\u00f6sische Forschungsteam zun\u00e4chst, wie sich die durchschnittliche Entfernung zwischen dem Wohnort eines Menschen und dem n\u00e4chstgelegenen naturnahen Gebiet im letzten Jahrzehnt weltweit ver\u00e4ndert hat. Sie fanden heraus, dass die Menschen heute im Durchschnitt 9,7 km von einem Naturgebiet entfernt leben, was einer Vergr\u00f6\u00dferung der Distanz um 7 % gegen\u00fcber dem Jahr 2000 entspricht. In Europa und Ostasien ist diese durchschnittliche Entfernung, etwa mit 22 Kilometern in Deutschland und 16 Kilometern in Frankreich, am gr\u00f6\u00dften. \u201eAuffallend ist, dass alle anderen L\u00e4nder der Welt einem \u00e4hnlichen Muster folgen\u201c, erkl\u00e4rt Erstautor Dr. Victor Cazalis, Postdoktorand am iDiv und an der Universit\u00e4t Leipzig.<\/p>\n<p>Die Autor:innen konnten auch zeigen, dass der Baumbestand in den St\u00e4dten seit 2000 weltweit zur\u00fcckgegangen ist, insbesondere in Zentralafrika und S\u00fcdostasien. \u201eDieser Befund deutet darauf hin, dass auch die M\u00f6glichkeiten f\u00fcr die Stadtbev\u00f6lkerung, Zugang zu Gr\u00fcnfl\u00e4chen zu erhalten, abnehmen\u201c, sagt Dr. Gladys Barragan-Jason, Forscherin an der Station Theoretische und Experimentelle \u00d6kologie und Mitautorin der Studie. \u201eWir schlussfolgern, dass die Zerst\u00f6rung von Naturr\u00e4umen in Verbindung mit einem starken Anstieg der st\u00e4dtischen Bev\u00f6lkerung zu einer wachsenden r\u00e4umlichen Distanz zwischen Mensch und Natur f\u00fchrt, insbesondere in Asien, Afrika und S\u00fcdamerika.\u201c<\/p>\n<p>In derselben Studie suchten die Forschenden systematisch nach wissenschaftlichen Ver\u00f6ffentlichungen, in denen ein Trend zu Naturerlebnissen untersucht wurde: von direkten Erlebnissen wie Wanderungen in Nationalparks bis hin zu stellvertretenden Erlebnissen, etwa Naturkulissen in kulturellen Produkten wie Zeichentrickfilmen, Computerspielen oder B\u00fcchern. Sie fanden heraus, dass die Zahl der Studien, die diese Trends untersuchten, sehr gering war (N=18), und \u00fcberwiegend in den USA, Europa und Japan durchgef\u00fchrt wurden. Jede Behauptung, dass Naturerlebnisse zur\u00fcckgingen, sei entsprechend unzureichend belegt. Es seien mehr Studien zu dieser Frage n\u00f6tig, insbesondere in Afrika, Lateinamerika und Asien.<\/p>\n<p>Die 18 gefundenen Studien zeigen zum Beispiel einen R\u00fcckgang der Besuche in Naturparks in den USA und Japan, einen R\u00fcckgang der Campingaktivit\u00e4ten in den USA sowie eine geringere Anzahl von Blumenarten, die von japanischen Kindern beobachtet wurden. Au\u00dferdem f\u00e4nden sich in Romanen, Liedern, Kinderb\u00fcchern und Zeichentrickfilmen tendenziell immer weniger Naturbilder (wie z. B. auch eine iDiv-Studie aus dem Jahr 2021 zeigt).<\/p>\n<p>W\u00e4hrend diese Beispiele auf einen R\u00fcckgang der Naturbez\u00fcge hindeuten, stagnieren andere Interaktionen oder nehmen sogar zu. So erfreuen sich Dokumentationen \u00fcber Wildtiere oder Videospiele mit Wildtieren gr\u00f6\u00dferer Beliebtheit als noch vor einigen Jahren. \u201eIn den letzten Jahrzehnten \u00fcber digitale Medien sicherlich neue M\u00f6glichkeiten entstanden, sich mit der Natur auseinanderzusetzen\u201c, sagt Gladys Barragan-Jason. \u201eMehrere fr\u00fchere Studien zeigen jedoch, dass diese &#8218;Naturerlebnisse &#8218; unser Naturverbundenheitsgef\u00fchl weniger f\u00f6rdern als direkte Naturerlebnisse.\u201c<\/p>\n<p>\u201eZu wissen, wie sich die Menschen mit der Natur besch\u00e4ftigen, ist essenziell, denn davon h\u00e4ngt ab, welche Beziehung wir zur Natur haben und wie wir mit ihr umgehen\u201c, sagt Victor Cazalis. \u201eWir m\u00fcssen eine gute Verbindung zur Natur aufrechterhalten, um die notwendigen gesellschaftlichen Ver\u00e4nderungen m\u00f6glich zu machen. Nur dann kann die Menschheit &#8218;bis 2050 in Harmonie mit der Natur leben&#8216;, wie es unsere Regierungen mit dem Global Biodiversity Framework anstreben, das derzeit auf der COP15 des \u00dcbereinkommens \u00fcber die biologische Vielfalt diskutiert wird.\u201c<\/p>\n<p>Diese Forschung wurde unter anderem von der Deutschen Forschungsgemeinschaft durch die Unterst\u00fctzung von sDiv, dem Synthesezentrum am iDiv (DFG; FZT-118), finanziert.<\/p>\n<p><strong>Originalpublikation:<\/strong><br \/>\n(Forschende mit iDiv-Affiliation fett)<\/p>\n<p><strong>Cazalis, V.,<\/strong> Loreau, M., Barragan-Jason, G. (2022). A global synthesis of trends in human experience of nature. Frontiers in Ecology and the Environment. DOI: XXX<\/p>\n<\/div>\n                            <\/div>\n                        <\/div>\n    <\/div>\n<\/div>\n\n<div class=\"textbildrepeater pb-24 pt-0 no-bg modulclass \" id=\"\">\n    <div class=\"container\">\n        <div class=\"row\">\n                                                                <div class=\"pb-24   mod_text  col-md-12 offset-md-0 pos_top\">\n                            <div class=\"textrepeater \" id=\"\">\n    <h3>Ansprechpartner:<\/h3>\n<p><strong>Sebastian Tilch<\/strong><br \/>\nAbteilung Medien und Kommunikation<br \/>\nDeutsches Zentrum f\u00fcr integrative Biodiversit\u00e4tsforschung (iDiv) Halle-Jena-Leipzig<br \/>\nTel.: +49 341 97 33197<br \/>\nE-Mail: <a href=\"&#109;&#x61;&#105;&#x6c;&#116;&#x6f;:&#x73;e&#x62;a&#115;&#x74;&#105;&#x61;&#110;&#x2e;&#116;&#x69;l&#x63;h&#x40;i&#100;&#x69;&#118;&#x2e;&#100;&#x65;\">se&#98;&#97;&#115;&#116;&#x69;&#x61;&#x6e;&#x2e;&#x74;il&#99;&#104;&#64;&#105;&#x64;&#x69;&#x76;&#x2e;&#x64;e<\/a><\/p>\n<p><strong>Dr. Victor Cazalis<\/strong><br \/>\nLogo | Startseite<br \/>\nDeutsches Zentrum f\u00fcr integrative Biodiversit\u00e4tsforschung (iDiv) Halle-Jena-Leipzig<br \/>\nUniversit\u00e4t Leipzig<br \/>\nTel.: +49 341 9733224<br \/>\nE-Mail: <a href=\"&#x6d;&#x61;&#x69;&#x6c;&#116;&#111;&#58;vi&#x63;&#x74;&#x6f;&#x72;&#x2e;&#99;&#97;&#122;al&#x69;&#x73;&#x40;&#x69;&#x64;&#105;&#118;&#46;de\">&#x76;i&#x63;&#116;o&#x72;&#46;&#x63;&#x61;z&#x61;&#108;i&#x73;&#64;&#x69;&#100;i&#x76;&#46;d&#x65;<\/a><\/p>\n<\/div>\n                            <\/div>\n                        <\/div>\n    <\/div>\n<\/div>\n\n<div class=\"textbildrepeater pb-24 pt-0 no-bg modulclass \" id=\"\">\n    <div class=\"container\">\n        <div class=\"row\">\n                                                                <div class=\"pb-24   mod_text  col-md-12 offset-md-0 pos_top\">\n                            <div class=\"textrepeater \" id=\"\">\n    <p><em>Hinweis f\u00fcr die Medien: Die von iDiv bereitgestellten Bilder d\u00fcrfen ausschlie\u00dflich f\u00fcr die Berichterstattung im Zusammenhang mit dieser Medienmitteilung und unter Angabe des\/der Urhebers\/in verwendet werden.<\/em><\/p>\n<\/div>\n                            <\/div>\n                        <\/div>\n    <\/div>\n<\/div>","protected":false},"excerpt":{"rendered":"<p>Gemeinsame Medienmitteilung von iDiv und der Universit&auml;t Leipzig<br \/>\nLeipzig\/Moulis. Die Menschen leben immer weiter von Naturr&auml;umen entfernt und besch&auml;ftigen sich tendenziell auch seltener mit der Natur. Zu diesem Ergebnis kommt eine Metastudie eines deutsch-franz&ouml;sischen Forscherteams am Deutschen Zentrum f&uuml;r integrative Biodiversit&auml;tsforschung (iDiv), der Universit&auml;t Leipzig und der Station f&uuml;r theoretische und experimentelle &Ouml;kologie (SETE &#8211; CNRS). Die Forschenden betonen, dass die Entwicklung umweltfreundlichen Verhaltens ma&szlig;geblich von diesen Naturerfahrungen abh&auml;ngt &ndash; und damit die Bew&auml;ltigung der globalen Umweltkrisen. Die Studie wurde in Frontiers in Ecology and the Environment ver&ouml;ffentlicht.<\/p>\n","protected":false},"author":1,"featured_media":0,"comment_status":"open","ping_status":"open","sticky":false,"template":"","format":"standard","meta":{"_acf_changed":false,"advgb_blocks_editor_width":"","advgb_blocks_columns_visual_guide":"","footnotes":"","_links_to":"","_links_to_target":""},"categories":[60,29,40,30],"tags":[],"class_list":["post-12670","post","type-post","status-publish","format-standard","hentry","category-makrooekologie-und-gesellschaft","category-medienmitteilung","category-sdiv-de","category-top-news-de-2"],"acf":{"thumb":5527,"thumbmobile":"","copyright":"Antoine Bel (license CC-BY-4.0)","breadcrumb":true},"yoast_head":"<!-- This site is optimized with the Yoast SEO plugin v27.5 - https:\/\/yoast.com\/product\/yoast-seo-wordpress\/ -->\n<title>Mensch und Natur: Der Abstand wird gr&ouml;&szlig;er | iDiv<\/title>\n<meta name=\"robots\" content=\"index, follow, max-snippet:-1, max-image-preview:large, max-video-preview:-1\" \/>\n<link rel=\"canonical\" href=\"https:\/\/www.idiv.de\/de\/mensch-und-natur-der-abstand-wird-grer\/\" \/>\n<meta property=\"og:locale\" content=\"de_DE\" \/>\n<meta property=\"og:type\" content=\"article\" \/>\n<meta property=\"og:title\" content=\"Mensch und Natur: Der Abstand wird gr&ouml;&szlig;er | iDiv\" \/>\n<meta property=\"og:description\" content=\"Gemeinsame Medienmitteilung von iDiv und der Universit&auml;t Leipzig Leipzig\/Moulis. Die Menschen leben immer weiter von Naturr&auml;umen entfernt und besch&auml;ftigen sich tendenziell auch seltener mit der Natur. Zu diesem Ergebnis kommt eine Metastudie eines deutsch-franz&ouml;sischen Forscherteams am Deutschen Zentrum f&uuml;r integrative Biodiversit&auml;tsforschung (iDiv), der Universit&auml;t Leipzig und der Station f&uuml;r theoretische und experimentelle &Ouml;kologie (SETE - CNRS). Die Forschenden betonen, dass die Entwicklung umweltfreundlichen Verhaltens ma&szlig;geblich von diesen Naturerfahrungen abh&auml;ngt &ndash; und damit die Bew&auml;ltigung der globalen Umweltkrisen. Die Studie wurde in Frontiers in Ecology and the Environment ver&ouml;ffentlicht.\" \/>\n<meta property=\"og:url\" content=\"https:\/\/www.idiv.de\/de\/mensch-und-natur-der-abstand-wird-grer\/\" \/>\n<meta property=\"og:site_name\" content=\"iDiv\" \/>\n<meta property=\"article:published_time\" content=\"2022-12-13T23:00:00+00:00\" \/>\n<meta property=\"article:modified_time\" content=\"2025-07-08T10:48:44+00:00\" \/>\n<meta property=\"og:image\" content=\"https:\/\/www.idiv.de\/wp-content\/uploads\/2024\/11\/iDivSocialMediaShare.jpg\" \/>\n\t<meta property=\"og:image:width\" content=\"1200\" \/>\n\t<meta property=\"og:image:height\" content=\"675\" \/>\n\t<meta property=\"og:image:type\" content=\"image\/jpeg\" \/>\n<meta name=\"author\" content=\"admin\" \/>\n<meta name=\"twitter:card\" content=\"summary_large_image\" \/>\n<meta name=\"twitter:creator\" content=\"@idiv\" \/>\n<meta name=\"twitter:site\" content=\"@idiv\" \/>\n<script type=\"application\/ld+json\" class=\"yoast-schema-graph\">{\"@context\":\"https:\\\/\\\/schema.org\",\"@graph\":[{\"@type\":\"Article\",\"@id\":\"https:\\\/\\\/www.idiv.de\\\/de\\\/mensch-und-natur-der-abstand-wird-grer\\\/#article\",\"isPartOf\":{\"@id\":\"https:\\\/\\\/www.idiv.de\\\/de\\\/mensch-und-natur-der-abstand-wird-grer\\\/\"},\"author\":{\"name\":\"admin\",\"@id\":\"https:\\\/\\\/www.idiv.de\\\/de\\\/#\\\/schema\\\/person\\\/14228c09f1919627a633555952e15fc0\"},\"headline\":\"Mensch und Natur: Der Abstand wird gr&ouml;&szlig;er\",\"datePublished\":\"2022-12-13T23:00:00+00:00\",\"dateModified\":\"2025-07-08T10:48:44+00:00\",\"mainEntityOfPage\":{\"@id\":\"https:\\\/\\\/www.idiv.de\\\/de\\\/mensch-und-natur-der-abstand-wird-grer\\\/\"},\"wordCount\":10,\"commentCount\":0,\"publisher\":{\"@id\":\"https:\\\/\\\/www.idiv.de\\\/de\\\/#organization\"},\"articleSection\":[\"Makro\u00f6kologie und Gesellschaft\",\"Medienmitteilung\",\"sDiv\",\"TOP NEWS\"],\"inLanguage\":\"de\"},{\"@type\":\"WebPage\",\"@id\":\"https:\\\/\\\/www.idiv.de\\\/de\\\/mensch-und-natur-der-abstand-wird-grer\\\/\",\"url\":\"https:\\\/\\\/www.idiv.de\\\/de\\\/mensch-und-natur-der-abstand-wird-grer\\\/\",\"name\":\"Mensch und Natur: Der Abstand wird gr&ouml;&szlig;er | iDiv\",\"isPartOf\":{\"@id\":\"https:\\\/\\\/www.idiv.de\\\/de\\\/#website\"},\"datePublished\":\"2022-12-13T23:00:00+00:00\",\"dateModified\":\"2025-07-08T10:48:44+00:00\",\"breadcrumb\":{\"@id\":\"https:\\\/\\\/www.idiv.de\\\/de\\\/mensch-und-natur-der-abstand-wird-grer\\\/#breadcrumb\"},\"inLanguage\":\"de\",\"potentialAction\":[{\"@type\":\"ReadAction\",\"target\":[\"https:\\\/\\\/www.idiv.de\\\/de\\\/mensch-und-natur-der-abstand-wird-grer\\\/\"]}]},{\"@type\":\"BreadcrumbList\",\"@id\":\"https:\\\/\\\/www.idiv.de\\\/de\\\/mensch-und-natur-der-abstand-wird-grer\\\/#breadcrumb\",\"itemListElement\":[{\"@type\":\"ListItem\",\"position\":1,\"name\":\"Startseite\",\"item\":\"https:\\\/\\\/www.idiv.de\\\/de\\\/\"},{\"@type\":\"ListItem\",\"position\":2,\"name\":\"Mensch und Natur: Der Abstand wird gr&ouml;&szlig;er\"}]},{\"@type\":\"WebSite\",\"@id\":\"https:\\\/\\\/www.idiv.de\\\/de\\\/#website\",\"url\":\"https:\\\/\\\/www.idiv.de\\\/de\\\/\",\"name\":\"iDiv\",\"description\":\"Hotspot in Biodiversity Research\",\"publisher\":{\"@id\":\"https:\\\/\\\/www.idiv.de\\\/de\\\/#organization\"},\"potentialAction\":[{\"@type\":\"SearchAction\",\"target\":{\"@type\":\"EntryPoint\",\"urlTemplate\":\"https:\\\/\\\/www.idiv.de\\\/de\\\/?s={search_term_string}\"},\"query-input\":{\"@type\":\"PropertyValueSpecification\",\"valueRequired\":true,\"valueName\":\"search_term_string\"}}],\"inLanguage\":\"de\"},{\"@type\":\"Organization\",\"@id\":\"https:\\\/\\\/www.idiv.de\\\/de\\\/#organization\",\"name\":\"idiv\",\"url\":\"https:\\\/\\\/www.idiv.de\\\/de\\\/\",\"logo\":{\"@type\":\"ImageObject\",\"inLanguage\":\"de\",\"@id\":\"https:\\\/\\\/www.idiv.de\\\/de\\\/#\\\/schema\\\/logo\\\/image\\\/\",\"url\":\"https:\\\/\\\/www.idiv.de\\\/wp-content\\\/uploads\\\/2024\\\/08\\\/iDiv_Logo_long_v1_EN_black_4c.jpg\",\"contentUrl\":\"https:\\\/\\\/www.idiv.de\\\/wp-content\\\/uploads\\\/2024\\\/08\\\/iDiv_Logo_long_v1_EN_black_4c.jpg\",\"width\":2448,\"height\":674,\"caption\":\"idiv\"},\"image\":{\"@id\":\"https:\\\/\\\/www.idiv.de\\\/de\\\/#\\\/schema\\\/logo\\\/image\\\/\"},\"sameAs\":[\"https:\\\/\\\/x.com\\\/idiv\",\"https:\\\/\\\/www.linkedin.com\\\/company\\\/idiv-biodiversity\\\/\",\"https:\\\/\\\/www.youtube.com\\\/idiv-research\"]},{\"@type\":\"Person\",\"@id\":\"https:\\\/\\\/www.idiv.de\\\/de\\\/#\\\/schema\\\/person\\\/14228c09f1919627a633555952e15fc0\",\"name\":\"admin\",\"url\":\"https:\\\/\\\/www.idiv.de\\\/de\\\/author\\\/admin\\\/\"}]}<\/script>\n<!-- \/ Yoast SEO plugin. -->","yoast_head_json":{"title":"Mensch und Natur: Der Abstand wird gr&ouml;&szlig;er | iDiv","robots":{"index":"index","follow":"follow","max-snippet":"max-snippet:-1","max-image-preview":"max-image-preview:large","max-video-preview":"max-video-preview:-1"},"canonical":"https:\/\/www.idiv.de\/de\/mensch-und-natur-der-abstand-wird-grer\/","og_locale":"de_DE","og_type":"article","og_title":"Mensch und Natur: Der Abstand wird gr&ouml;&szlig;er | iDiv","og_description":"Gemeinsame Medienmitteilung von iDiv und der Universit&auml;t Leipzig Leipzig\/Moulis. Die Menschen leben immer weiter von Naturr&auml;umen entfernt und besch&auml;ftigen sich tendenziell auch seltener mit der Natur. Zu diesem Ergebnis kommt eine Metastudie eines deutsch-franz&ouml;sischen Forscherteams am Deutschen Zentrum f&uuml;r integrative Biodiversit&auml;tsforschung (iDiv), der Universit&auml;t Leipzig und der Station f&uuml;r theoretische und experimentelle &Ouml;kologie (SETE - CNRS). Die Forschenden betonen, dass die Entwicklung umweltfreundlichen Verhaltens ma&szlig;geblich von diesen Naturerfahrungen abh&auml;ngt &ndash; und damit die Bew&auml;ltigung der globalen Umweltkrisen. Die Studie wurde in Frontiers in Ecology and the Environment ver&ouml;ffentlicht.","og_url":"https:\/\/www.idiv.de\/de\/mensch-und-natur-der-abstand-wird-grer\/","og_site_name":"iDiv","article_published_time":"2022-12-13T23:00:00+00:00","article_modified_time":"2025-07-08T10:48:44+00:00","og_image":[{"width":1200,"height":675,"url":"https:\/\/www.idiv.de\/wp-content\/uploads\/2024\/11\/iDivSocialMediaShare.jpg","type":"image\/jpeg"}],"author":"admin","twitter_card":"summary_large_image","twitter_creator":"@idiv","twitter_site":"@idiv","schema":{"@context":"https:\/\/schema.org","@graph":[{"@type":"Article","@id":"https:\/\/www.idiv.de\/de\/mensch-und-natur-der-abstand-wird-grer\/#article","isPartOf":{"@id":"https:\/\/www.idiv.de\/de\/mensch-und-natur-der-abstand-wird-grer\/"},"author":{"name":"admin","@id":"https:\/\/www.idiv.de\/de\/#\/schema\/person\/14228c09f1919627a633555952e15fc0"},"headline":"Mensch und Natur: Der Abstand wird gr&ouml;&szlig;er","datePublished":"2022-12-13T23:00:00+00:00","dateModified":"2025-07-08T10:48:44+00:00","mainEntityOfPage":{"@id":"https:\/\/www.idiv.de\/de\/mensch-und-natur-der-abstand-wird-grer\/"},"wordCount":10,"commentCount":0,"publisher":{"@id":"https:\/\/www.idiv.de\/de\/#organization"},"articleSection":["Makro\u00f6kologie und Gesellschaft","Medienmitteilung","sDiv","TOP NEWS"],"inLanguage":"de"},{"@type":"WebPage","@id":"https:\/\/www.idiv.de\/de\/mensch-und-natur-der-abstand-wird-grer\/","url":"https:\/\/www.idiv.de\/de\/mensch-und-natur-der-abstand-wird-grer\/","name":"Mensch und Natur: Der Abstand wird gr&ouml;&szlig;er | iDiv","isPartOf":{"@id":"https:\/\/www.idiv.de\/de\/#website"},"datePublished":"2022-12-13T23:00:00+00:00","dateModified":"2025-07-08T10:48:44+00:00","breadcrumb":{"@id":"https:\/\/www.idiv.de\/de\/mensch-und-natur-der-abstand-wird-grer\/#breadcrumb"},"inLanguage":"de","potentialAction":[{"@type":"ReadAction","target":["https:\/\/www.idiv.de\/de\/mensch-und-natur-der-abstand-wird-grer\/"]}]},{"@type":"BreadcrumbList","@id":"https:\/\/www.idiv.de\/de\/mensch-und-natur-der-abstand-wird-grer\/#breadcrumb","itemListElement":[{"@type":"ListItem","position":1,"name":"Startseite","item":"https:\/\/www.idiv.de\/de\/"},{"@type":"ListItem","position":2,"name":"Mensch und Natur: Der Abstand wird gr&ouml;&szlig;er"}]},{"@type":"WebSite","@id":"https:\/\/www.idiv.de\/de\/#website","url":"https:\/\/www.idiv.de\/de\/","name":"iDiv","description":"Hotspot in Biodiversity Research","publisher":{"@id":"https:\/\/www.idiv.de\/de\/#organization"},"potentialAction":[{"@type":"SearchAction","target":{"@type":"EntryPoint","urlTemplate":"https:\/\/www.idiv.de\/de\/?s={search_term_string}"},"query-input":{"@type":"PropertyValueSpecification","valueRequired":true,"valueName":"search_term_string"}}],"inLanguage":"de"},{"@type":"Organization","@id":"https:\/\/www.idiv.de\/de\/#organization","name":"idiv","url":"https:\/\/www.idiv.de\/de\/","logo":{"@type":"ImageObject","inLanguage":"de","@id":"https:\/\/www.idiv.de\/de\/#\/schema\/logo\/image\/","url":"https:\/\/www.idiv.de\/wp-content\/uploads\/2024\/08\/iDiv_Logo_long_v1_EN_black_4c.jpg","contentUrl":"https:\/\/www.idiv.de\/wp-content\/uploads\/2024\/08\/iDiv_Logo_long_v1_EN_black_4c.jpg","width":2448,"height":674,"caption":"idiv"},"image":{"@id":"https:\/\/www.idiv.de\/de\/#\/schema\/logo\/image\/"},"sameAs":["https:\/\/x.com\/idiv","https:\/\/www.linkedin.com\/company\/idiv-biodiversity\/","https:\/\/www.youtube.com\/idiv-research"]},{"@type":"Person","@id":"https:\/\/www.idiv.de\/de\/#\/schema\/person\/14228c09f1919627a633555952e15fc0","name":"admin","url":"https:\/\/www.idiv.de\/de\/author\/admin\/"}]}},"author_meta":{"display_name":"admin","author_link":"https:\/\/www.idiv.de\/de\/author\/admin\/"},"featured_img":null,"coauthors":[],"tax_additional":{"categories":{"linked":["<a href=\"https:\/\/www.idiv.de\/de\/kategorie\/forschung\/makrooekologie-und-gesellschaft\/\" class=\"advgb-post-tax-term\">Makro\u00f6kologie und Gesellschaft<\/a>","<a href=\"https:\/\/www.idiv.de\/de\/kategorie\/medienmitteilung\/\" class=\"advgb-post-tax-term\">Medienmitteilung<\/a>","<a href=\"https:\/\/www.idiv.de\/de\/kategorie\/sdiv-de\/\" class=\"advgb-post-tax-term\">sDiv<\/a>","<a href=\"https:\/\/www.idiv.de\/de\/kategorie\/top-news-de-2\/\" class=\"advgb-post-tax-term\">TOP NEWS<\/a>"],"unlinked":["<span class=\"advgb-post-tax-term\">Makro\u00f6kologie und Gesellschaft<\/span>","<span class=\"advgb-post-tax-term\">Medienmitteilung<\/span>","<span class=\"advgb-post-tax-term\">sDiv<\/span>","<span class=\"advgb-post-tax-term\">TOP NEWS<\/span>"]}},"comment_count":0,"relative_dates":{"created":"Ver\u00f6ffentlicht 3\u00a0Jahren vor","modified":"Aktualisiert 10\u00a0Monaten vor"},"absolute_dates":{"created":"Ver\u00f6ffentlicht am 14. Dezember 2022","modified":"Aktualisiert am 8. Juli 2025"},"absolute_dates_time":{"created":"Ver\u00f6ffentlicht am 14. Dezember 2022 0:00","modified":"Aktualisiert am 8. Juli 2025 11:48"},"featured_img_caption":"","series_order":"","_links":{"self":[{"href":"https:\/\/www.idiv.de\/de\/wp-json\/wp\/v2\/posts\/12670","targetHints":{"allow":["GET"]}}],"collection":[{"href":"https:\/\/www.idiv.de\/de\/wp-json\/wp\/v2\/posts"}],"about":[{"href":"https:\/\/www.idiv.de\/de\/wp-json\/wp\/v2\/types\/post"}],"author":[{"embeddable":true,"href":"https:\/\/www.idiv.de\/de\/wp-json\/wp\/v2\/users\/1"}],"replies":[{"embeddable":true,"href":"https:\/\/www.idiv.de\/de\/wp-json\/wp\/v2\/comments?post=12670"}],"version-history":[{"count":2,"href":"https:\/\/www.idiv.de\/de\/wp-json\/wp\/v2\/posts\/12670\/revisions"}],"predecessor-version":[{"id":33260,"href":"https:\/\/www.idiv.de\/de\/wp-json\/wp\/v2\/posts\/12670\/revisions\/33260"}],"wp:attachment":[{"href":"https:\/\/www.idiv.de\/de\/wp-json\/wp\/v2\/media?parent=12670"}],"wp:term":[{"taxonomy":"category","embeddable":true,"href":"https:\/\/www.idiv.de\/de\/wp-json\/wp\/v2\/categories?post=12670"},{"taxonomy":"post_tag","embeddable":true,"href":"https:\/\/www.idiv.de\/de\/wp-json\/wp\/v2\/tags?post=12670"}],"curies":[{"name":"wp","href":"https:\/\/api.w.org\/{rel}","templated":true}]}}