{"id":12616,"date":"2022-10-12T00:00:00","date_gmt":"2022-10-11T23:00:00","guid":{"rendered":"https:\/\/idiv.caf-dev.de\/globale-studie-wenige-der-kologisch-wertvollsten-bden-sind-geschtzt\/"},"modified":"2025-07-01T12:12:13","modified_gmt":"2025-07-01T11:12:13","slug":"globale-studie-wenige-der-kologisch-wertvollsten-bden-sind-geschtzt","status":"publish","type":"post","link":"https:\/\/www.idiv.de\/de\/globale-studie-wenige-der-kologisch-wertvollsten-bden-sind-geschtzt\/","title":{"rendered":"Globale Studie: Wenige der &ouml;kologisch wertvollsten B&ouml;den sind gesch&uuml;tzt"},"content":{"rendered":"<div class=\"herosection pb-24 pt-0 no-bg modulclass \" id=\"\">\n                    <div class=\"swiper1noslider  nooverflow swiper \" id=\"slide_69f5e683b3313\">\n        \n                <div class=\"swiper-wrapper\">\n                                            <div class=\"swiper-slide  style_ \" aria-hidden=\"true\" >\n                            <div class=\"backstretchwrap\">\n                        \n                            <div datasrc=\"https:\/\/www.idiv.de\/wp-content\/uploads\/2024\/08\/pic_f651eac8f420221010124343.jpg\" class=\"backstretchimg responsiv desktop\"><\/div>\n\n                            <a href=\"#\" class=\"cr\"><svg  xmlns=\"http:\/\/www.w3.org\/2000\/svg\" width=\"22\" height=\"22\" viewBox=\"0 0 22 22\">\n                                    <rect id=\"BG\" width=\"22\" height=\"22\" rx=\"11\" fill=\"#fff\"\/>\n                                    <g id=\"Wrapper\" transform=\"translate(-1 -1)\">\n                                        <g id=\"Icon_material-copyright\" data-name=\"Icon material-copyright\">\n                                            <circle id=\"Ellipse_30\" data-name=\"Ellipse 30\" cx=\"8\" cy=\"8\" r=\"8\" transform=\"translate(4 4)\" fill=\"#fff\"\/>\n                                            <path id=\"Icon_material-copyright-2\" data-name=\"Icon material-copyright\" d=\"M9.464,10.088a2.045,2.045,0,0,1,.24-.7,1.4,1.4,0,0,1,.472-.5,1.42,1.42,0,0,1,.728-.184,1.45,1.45,0,0,1,.5.1,1.29,1.29,0,0,1,.416.288,1.54,1.54,0,0,1,.272.424,1.4,1.4,0,0,1,.112.512H13.64a2.864,2.864,0,0,0-.224-1.032,2.4,2.4,0,0,0-.56-.808,2.613,2.613,0,0,0-.864-.528,3.09,3.09,0,0,0-1.112-.184,3.127,3.127,0,0,0-1.36.272,2.751,2.751,0,0,0-.96.736,3.007,3.007,0,0,0-.568,1.088A4.685,4.685,0,0,0,7.8,10.9v.216a4.684,4.684,0,0,0,.184,1.312,2.908,2.908,0,0,0,.568,1.08,2.731,2.731,0,0,0,.96.728,3.246,3.246,0,0,0,1.36.272,3.051,3.051,0,0,0,1.056-.184,2.729,2.729,0,0,0,.864-.5,2.442,2.442,0,0,0,.592-.752,2.153,2.153,0,0,0,.24-.92H12.192a1.139,1.139,0,0,1-.12.464,1.177,1.177,0,0,1-.288.368,1.26,1.26,0,0,1-.416.24,1.589,1.589,0,0,1-.48.08,1.359,1.359,0,0,1-.712-.184,1.4,1.4,0,0,1-.472-.5,2.09,2.09,0,0,1-.24-.7,5.392,5.392,0,0,1-.064-.8V10.9a5.33,5.33,0,0,1,.064-.808ZM11,3a8,8,0,1,0,8,8A8,8,0,0,0,11,3Zm0,14.4A6.4,6.4,0,1,1,17.4,11,6.408,6.408,0,0,1,11,17.4Z\" transform=\"translate(1 1)\" fill=\"#4d4d4d\"\/>\n                                        <\/g>\n                                    <\/g>\n                                <\/svg>\n                                <span>Manuel Delgado Baquerizo<\/span><\/a>                        \n                                                    <\/div>\n                                        <div class=\"sliderinhalt \" role=\"region\" aria-label=\"carousel\">\n\n                                            <h1 class=\"h1 tleft\" >Globale Studie: Wenige der &ouml;kologisch wertvollsten B&ouml;den sind gesch&uuml;tzt<\/h1>                                                    <p style=\"text-align: center;\">Assessment zeigt, wo Ma\u00dfnahmen zum Schutz der biologischen Vielfalt und \u00d6kosystemdienstleistungen von B\u00f6den am dringendsten sind<\/p>\n                                                \n                                                                                                            <\/div>\n                                            <\/div>\n\n                        \n                 <\/div>\n\n                              <\/div>\n<\/div>\n\n<div class=\"textbildrepeater pb-24 pt-0 no-bg modulclass \" id=\"\">\n    <div class=\"container\">\n        <div class=\"row\">\n                                                                <div class=\"pb-24   mod_text  col-md-6 offset-md-0 pos_top\">\n                            <div class=\"textrepeater \" id=\"\">\n    <p>12.10.2022 | Experimental Interaction Ecology, Media Release, TOP NEWS<\/p>\n<\/div>\n                            <\/div>\n                        <\/div>\n    <\/div>\n<\/div>\n\n<div class=\"textbildrepeater pb-24 pt-0 no-bg modulclass \" id=\"\">\n    <div class=\"container\">\n        <div class=\"row\">\n                                                                <div class=\"pb-24   mod_text  col-md-12 offset-md-0 pos_top\">\n                            <div class=\"textrepeater \" id=\"\">\n    <p><strong>Halle, Leipzig, Sevilla. Orte mit &ouml;kologisch besonders wertvollen B&ouml;den werden nur unzureichend durch bestehende Schutzgebiete abgedeckt. Das ist die Schlussfolgerung einer Studie, die in der Fachzeitschrift Nature erschienen ist. Ein internationales Forschungsteam ermittelte hierf&uuml;r verschiedene sogenannte boden&ouml;kologische Werte. Diese unterschieden sich stark zwischen den Erdteilen. So war in &Ouml;kosystemen gem&auml;&szlig;igter Breiten die lokale Bodenbiodiversit&auml;t besonders hoch, w&auml;hrend in B&ouml;den k&uuml;hlerer Klimate &Ouml;kosystemdienstleistungen wie Kohlenstoffspeicherung hohe Werte erreichten. Laut den Forschenden werden boden&ouml;kologische Werte im Naturschutz zu wenig ber&uuml;cksichtigt; die neue Studie zeigt, wo Schutzma&szlig;nahmen am n&ouml;tigsten ist.<\/strong><\/p>\n<\/div>\n                            <\/div>\n                        <\/div>\n    <\/div>\n<\/div>\n\n<div class=\"textbildrepeater pb-24 pt-0 no-bg modulclass \" id=\"\">\n    <div class=\"container\">\n        <div class=\"row\">\n                                                                <div class=\"pb-24   mod_bild  col-md-5 offset-md-0 pos_top\">\n                            <div class=\"bildrepeater \" id=\"\">\n    <div class=\"relativ\"><img decoding=\"async\" class=\"responsiv desktop\" src=\"https:\/\/www.idiv.de\/wp-content\/uploads\/2024\/08\/pic_7337e77f2120221010124304.jpg\" height=\"\" width=\"\" alt=\"idiv-\"\/><img decoding=\"async\" class=\"responsiv mobile\" src=\"https:\/\/www.idiv.de\/wp-content\/uploads\/2024\/08\/pic_7337e77f2120221010124304.jpg\" height=\"\" width=\"\" alt=\"idiv-\"\/><a href=\"#\" class=\"cr\" role=\"button\">\n<svg  xmlns=\"http:\/\/www.w3.org\/2000\/svg\" width=\"22\" height=\"22\" viewBox=\"0 0 22 22\">\n    <rect id=\"BG\" width=\"22\" height=\"22\" rx=\"11\" fill=\"#fff\"\/>\n    <g id=\"Wrapper\" transform=\"translate(-1 -1)\">\n        <g id=\"Icon_material-copyright\" data-name=\"Icon material-copyright\">\n            <circle id=\"Ellipse_30\" data-name=\"Ellipse 30\" cx=\"8\" cy=\"8\" r=\"8\" transform=\"translate(4 4)\" fill=\"#fff\"\/>\n            <path id=\"Icon_material-copyright-2\" data-name=\"Icon material-copyright\" d=\"M9.464,10.088a2.045,2.045,0,0,1,.24-.7,1.4,1.4,0,0,1,.472-.5,1.42,1.42,0,0,1,.728-.184,1.45,1.45,0,0,1,.5.1,1.29,1.29,0,0,1,.416.288,1.54,1.54,0,0,1,.272.424,1.4,1.4,0,0,1,.112.512H13.64a2.864,2.864,0,0,0-.224-1.032,2.4,2.4,0,0,0-.56-.808,2.613,2.613,0,0,0-.864-.528,3.09,3.09,0,0,0-1.112-.184,3.127,3.127,0,0,0-1.36.272,2.751,2.751,0,0,0-.96.736,3.007,3.007,0,0,0-.568,1.088A4.685,4.685,0,0,0,7.8,10.9v.216a4.684,4.684,0,0,0,.184,1.312,2.908,2.908,0,0,0,.568,1.08,2.731,2.731,0,0,0,.96.728,3.246,3.246,0,0,0,1.36.272,3.051,3.051,0,0,0,1.056-.184,2.729,2.729,0,0,0,.864-.5,2.442,2.442,0,0,0,.592-.752,2.153,2.153,0,0,0,.24-.92H12.192a1.139,1.139,0,0,1-.12.464,1.177,1.177,0,0,1-.288.368,1.26,1.26,0,0,1-.416.24,1.589,1.589,0,0,1-.48.08,1.359,1.359,0,0,1-.712-.184,1.4,1.4,0,0,1-.472-.5,2.09,2.09,0,0,1-.24-.7,5.392,5.392,0,0,1-.064-.8V10.9a5.33,5.33,0,0,1,.064-.808ZM11,3a8,8,0,1,0,8,8A8,8,0,0,0,11,3Zm0,14.4A6.4,6.4,0,1,1,17.4,11,6.408,6.408,0,0,1,11,17.4Z\" transform=\"translate(1 1)\" fill=\"#4d4d4d\"\/>\n        <\/g>\n    <\/g>\n<\/svg>\n<span>Manuel Delgado Baquerizo<\/span><\/a><\/div><p class=\"bu\">Untersuchungsfl&auml;che in Colorado, USA<\/p><\/div>\n                            <\/div>\n                        <\/div>\n    <\/div>\n<\/div>\n\n<div class=\"textbildrepeater pb-24 pt-0 no-bg modulclass \" id=\"\">\n    <div class=\"container\">\n        <div class=\"row\">\n                                                                <div class=\"pb-24   mod_text  col-md-12 offset-md-0 pos_top\">\n                            <div class=\"textrepeater \" id=\"\">\n    <p>Dicht unter unseren F&uuml;&szlig;en liegt eine Welt voller Leben. B&ouml;den sind die Heimat von Milliarden Fadenw&uuml;rmern, Insekten, Pilzen, Bakterien und vielen anderen Lebewesen. Doch wir sind uns dieser Vielfalt und ihrer Bedeutung f&uuml;r die &Ouml;kosysteme wenig bewusst. Ohne B&ouml;den g&auml;be es kaum Leben auf dem Festland und sicherlich keine Menschen. Ein Gro&szlig;teil der Lebensmittel, die wir verzehren, h&auml;ngt direkt oder indirekt von der Bodenfruchtbarkeit ab. B&ouml;den sind jedoch auch anf&auml;llig f&uuml;r &Auml;nderungen des Klimas oder der Landnutzung. Um boden&ouml;kologische Werte zu erhalten, m&uuml;ssen wir wissen, wo ihr Schutz am dringendsten ist. F&uuml;r Pflanzen und Tiere, die &uuml;ber und auf dem Boden leben, wurden bereits vor Jahrzehnten Hotspots der biologischen Vielfalt ermittelt. F&uuml;r boden&ouml;kologische Werte dagegen gab es bisher keine solche Erhebung.<br \/>&nbsp;<br \/><strong>Erstmals mehrere boden&ouml;kologische Werte gleichzeitig analysiert<\/strong><br \/>&nbsp;<br \/>In der Fachzeitschrift Nature hat ein Team internationaler Forschender unter der Leitung des Deutschen Zentrums f&uuml;r integrative Biodiversit&auml;tsforschung (iDiv), der Universit&auml;t Leipzig, der Martin-Luther-Universit&auml;t Halle-Wittenberg (MLU) und des Instituto de Recursos Naturales y Agrobiolog&iacute;a de Sevilla (IRNAS) die erste globale Sch&auml;tzung von Hotspots boden&ouml;kologischer Werte ver&ouml;ffentlicht. Sie untersuchten in B&ouml;den weltweit die biologische Vielfalt (Wirbellose, Pilze, Protisten, Bakterien und Archaeen) sowie Indikatoren f&uuml;r &Ouml;kosystemdienstleistungen. Daf&uuml;r f&uuml;hrten sie &uuml;ber 10.000 Beobachtungen in 615 Bodenproben aus allen Kontinenten durch. Mit diesen Beobachtungen erfassten sie drei boden&ouml;kologische Dimensionen&#58; (1) lokalen Artenreichtum, (2) Einzigartigkeit der Artengemeinschaft und (3) &Ouml;kosystemleistungen wie Kohlenstoffspeicherung oder Wasserregulierung.<br \/>&nbsp;<br \/><strong>Erdteile mit unterschiedlichen boden&ouml;kologischen Werten<\/strong><br \/>&nbsp;<br \/>Jede der drei boden&ouml;kologischen Dimensionen erreicht ihre h&ouml;chsten Werte in verschiedenen Erdteilen. So wiesen B&ouml;den in gem&auml;&szlig;igten &Ouml;kosystemen den h&ouml;chsten lokalen Artenreichtum auf, w&auml;hrend in ariden &Ouml;kosystemen und in den Tropen die Einzigartigkeit der Artengemeinschaft besonders hoch war. Erstautor Dr. Carlos Guerra erkl&auml;rt&#58; &bdquo;Wenn man in einem europ&auml;ischen Boden gr&auml;bt, zum Beispiel in einem Wald, findet man viele verschiedene Arten an einem Ort. Wenn man einige Kilometer weiterf&auml;hrt, findet man &auml;hnliche Arten. Nicht so in den Tropen, wo man ein paar Kilometer entfernt v&ouml;llig andere Artengemeinschaften finden kann.&ldquo; Guerra begann die Arbeit an dem Projekt bei iDiv und der MLU und arbeitet jetzt bei iDiv und der Universit&auml;t Leipzig.<br \/>Anders als die beiden Dimensionen biologischer Vielfalt erreichte die Dimension &Ouml;kosystemdienstleistungen ihre h&ouml;chsten Werte meist in den k&auml;lteren Erdteilen.<br \/>&nbsp;<br \/><strong>Schutz &ouml;kologisch wertvoller B&ouml;den<\/strong><br \/>&nbsp;<br \/>Die unterschiedliche r&auml;umliche Verteilung der drei boden&ouml;kologischen Dimensionen macht es schwer, alle drei gleichzeitig zu sch&uuml;tzen. &bdquo;Das ist schwieriger als bei Pflanzen und S&auml;ugetieren, wo die verschiedenen Dimensionen meist st&auml;rker &uuml;bereinstimmen&ldquo;, sagt Carlos Guerra. &bdquo;Wenn es um den Schutz der B&ouml;den geht, k&ouml;nnen wir nicht lokal alle boden&ouml;kologischen Dimensionen gleichzeitig maximieren. Stattdessen brauchen wir integrierte Ans&auml;tze, die das lokale Potenzial hervorheben.&ldquo; Trotz dieser Schwierigkeiten gelang es den Forschenden Hotspots zu identifizieren, die f&uuml;r den Bodennaturschutz h&ouml;chste Priorit&auml;t haben sollten. Diese befinden sich haupts&auml;chlich in den Tropen, in Nordamerika, Nordeuropa und in Asien.<br \/>&nbsp;<br \/><strong>Bodennaturschutz priorisieren<\/strong><br \/>&nbsp;<br \/>Die Forschenden verglichen die ermittelten boden&ouml;kologischen Hotspots &nbsp;mit vorhandenen Schutzgebieten. Sie stellten fest, dass die H&auml;lfte der Hotspots derzeit nicht unter Naturschutz steht. &bdquo;Schutzgebiete wurden vor allem zum Schutz von Pflanzen, V&ouml;geln oder S&auml;ugetieren ausgew&auml;hlt&ldquo;, sagt der Erstautor Dr. Manuel Delgado-Baquerizo vom Instituto de Recursos Naturales y Agrobiolog&iacute;a de Sevilla. &bdquo;Wir m&uuml;ssen die B&ouml;den, ihre biologische Vielfalt und ihre Leistungen in unsere Betrachtung einbeziehen. Deshalb m&uuml;ssen Regierungen und Entscheidungstr&auml;ger den Schutz der B&ouml;den im Rahmen der internationalen Verhandlungen &uuml;ber die Biodiversit&auml;tsziele f&uuml;r 2030 als Priorit&auml;t festlegen.&ldquo; Die neue Studie kann hierbei helfen, da sie zeigt, wo der Bodennaturschutz am dringendsten ist.<br \/>&nbsp;<br \/>Diese Forschungsarbeit wurde u. a. gef&ouml;rdert durch die Deutsche Forschungsgemeinschaft (DFG; FZT-118).<\/p>\n<p>&nbsp;<\/p>\n<p>&nbsp;<\/p>\n<p><strong>Original-Publikation&#58;<\/strong><br \/>(Forschende mit iDiv-Affiliation fett gesetzt)<\/p>\n<p><strong>Guerra, C. A.<\/strong>, &hellip; <strong>Eisenhauer, N.<\/strong>, &hellip; Delgado-Baquerizo, M. (2022). Global hotspots for soil nature conservation. Nature. DOI&#58; <a href=https&#58;\/\/www.nature.com\/articles\/s41586-022-05292-x>10.1038\/s41586-022-05292-x<\/a><\/p>\n<\/div>\n                            <\/div>\n                        <\/div>\n    <\/div>\n<\/div>\n\n<div class=\"textbildrepeater pb-24 pt-0 no-bg modulclass \" id=\"\">\n    <div class=\"container\">\n        <div class=\"row\">\n                                                                <div class=\"pb-24   mod_text  col-md-12 offset-md-0 pos_top\">\n                            <div class=\"textrepeater \" id=\"\">\n    <h3>Ansprechpartner:<\/h3>\n<p><strong>Dr. Volker Hahn<\/strong><br \/>\n(spricht Deutsch und Englisch)<br \/>\nAbteilung Medien und Kommunikation<br \/>\nDeutsches Zentrum f\u00fcr integrative Biodiversit\u00e4tsforschung (iDiv) Halle-Jena-Leipzig<br \/>\nTel.: +49 341 97 33154<br \/>\nE-Mail: <a href=\"&#109;&#x61;i&#108;&#x74;o&#58;&#x76;o&#x6c;&#x6b;&#101;&#x72;&#46;&#104;&#x61;h&#110;&#x40;i&#x64;&#x69;&#118;&#x2e;&#x64;&#101;\">&#x76;&#x6f;&#108;&#107;e&#x72;&#x2e;&#x68;&#97;hn&#x40;&#x69;&#100;&#105;v&#x2e;&#x64;&#x65;<\/a><\/p>\n<p><strong>Prof. Dr. Nico Eisenhauer<\/strong><br \/>\n(spricht Deutsch und Englisch)<br \/>\nLeiter der Forschungsgruppe Experimentelle Interaktions\u00f6kologie<br \/>\nDeutsches Zentrum f\u00fcr integrative Biodiversit\u00e4tsforschung (iDiv) Halle-Jena-Leipzig<br \/>\nUniversit\u00e4t Leipzig<br \/>\nTel.: +49 341 97 33167<br \/>\nE-Mail: <a href=\"&#109;&#x61;&#105;&#x6c;t&#x6f;:&#110;&#x69;&#99;&#x6f;&#46;&#x65;i&#x73;e&#110;&#x68;&#97;&#x75;e&#x72;&#64;&#x69;&#x64;&#105;&#x76;&#46;&#x64;e\">&#x6e;&#105;&#x63;&#x6f;&#46;&#x65;&#105;s&#x65;&#110;h&#x61;&#117;e&#x72;&#64;i&#x64;&#105;&#x76;&#x2e;&#100;&#x65;<\/a><\/p>\n<p><strong>Dr. Carlos Ant\u00f3nio Guerra<\/strong><br \/>\n(spricht Englisch, Portugiesisch und Spanisch)<br \/>\nDeutsches Zentrum f\u00fcr integrative Biodiversit\u00e4tsforschung (iDiv) Halle-Jena-Leipzig<br \/>\nUniversit\u00e4t Leipzig<br \/>\nTel.: +49 341 97 33174<br \/>\nE-Mail: <a href=\"&#109;&#x61;&#105;&#x6c;&#116;&#x6f;:&#x63;a&#x72;l&#111;&#x73;&#46;&#x67;&#117;&#x65;&#114;&#x72;a&#x40;i&#x64;i&#118;&#x2e;&#100;&#x65;\">&#x63;&#97;r&#x6c;&#111;s&#x2e;&#x67;&#117;&#x65;&#x72;&#114;a&#x40;&#105;d&#x69;&#x76;&#46;&#x64;&#x65;<\/a><\/p>\n<\/div>\n                            <\/div>\n                        <\/div>\n    <\/div>\n<\/div>\n\n<div class=\"textbildrepeater pb-24 pt-0 no-bg modulclass \" id=\"\">\n    <div class=\"container\">\n        <div class=\"row\">\n                                                                <div class=\"pb-24   mod_text  col-md-12 offset-md-0 pos_top\">\n                            <div class=\"textrepeater \" id=\"\">\n    <p><em>Hinweis f\u00fcr die Medien: Die von iDiv bereitgestellten Bilder d\u00fcrfen ausschlie\u00dflich f\u00fcr die Berichterstattung im Zusammenhang mit dieser Medienmitteilung und unter Angabe des\/der Urhebers\/in verwendet werden.<\/em><\/p>\n<\/div>\n                            <\/div>\n                        <\/div>\n    <\/div>\n<\/div>","protected":false},"excerpt":{"rendered":"<p>Halle, Leipzig, Sevilla. Orte mit &ouml;kologisch besonders wertvollen B&ouml;den werden nur unzureichend durch bestehende Schutzgebiete abgedeckt. Das ist die Schlussfolgerung einer Studie, die in der Fachzeitschrift Nature erschienen ist. Ein internationales Forschungsteam ermittelte hierf&uuml;r verschiedene sogenannte boden&ouml;kologische Werte. Diese unterschieden sich stark zwischen den Erdteilen. So war in &Ouml;kosystemen gem&auml;&szlig;igter Breiten die lokale Bodenbiodiversit&auml;t besonders hoch, w&auml;hrend in B&ouml;den k&uuml;hlerer Klimate &Ouml;kosystemdienstleistungen wie Kohlenstoffspeicherung hohe Werte erreichten. Laut den Forschenden werden boden&ouml;kologische Werte im Naturschutz zu wenig ber&uuml;cksichtigt; die neue Studie zeigt, wo Schutzma&szlig;nahmen am n&ouml;tigsten ist.<\/p>\n","protected":false},"author":1,"featured_media":0,"comment_status":"closed","ping_status":"closed","sticky":false,"template":"","format":"standard","meta":{"_acf_changed":false,"advgb_blocks_editor_width":"","advgb_blocks_columns_visual_guide":"","footnotes":"","_links_to":"","_links_to_target":""},"categories":[35,29,30],"tags":[],"class_list":["post-12616","post","type-post","status-publish","format-standard","hentry","category-experimentelle-interaktionsoekologie","category-medienmitteilung","category-top-news-de-2"],"acf":{"thumb":5609,"thumbmobile":"","copyright":"Manuel Delgado Baquerizo","breadcrumb":true},"yoast_head":"<!-- This site is optimized with the Yoast SEO plugin v27.5 - https:\/\/yoast.com\/product\/yoast-seo-wordpress\/ -->\n<title>Globale Studie: Wenige der &ouml;kologisch wertvollsten B&ouml;den sind gesch&uuml;tzt | iDiv<\/title>\n<meta name=\"robots\" content=\"index, follow, max-snippet:-1, max-image-preview:large, max-video-preview:-1\" \/>\n<link rel=\"canonical\" href=\"https:\/\/www.idiv.de\/de\/globale-studie-wenige-der-kologisch-wertvollsten-bden-sind-geschtzt\/\" \/>\n<meta property=\"og:locale\" content=\"de_DE\" \/>\n<meta property=\"og:type\" content=\"article\" \/>\n<meta property=\"og:title\" content=\"Globale Studie: Wenige der &ouml;kologisch wertvollsten B&ouml;den sind gesch&uuml;tzt | iDiv\" \/>\n<meta property=\"og:description\" content=\"Halle, Leipzig, Sevilla. Orte mit &ouml;kologisch besonders wertvollen B&ouml;den werden nur unzureichend durch bestehende Schutzgebiete abgedeckt. Das ist die Schlussfolgerung einer Studie, die in der Fachzeitschrift Nature erschienen ist. Ein internationales Forschungsteam ermittelte hierf&uuml;r verschiedene sogenannte boden&ouml;kologische Werte. Diese unterschieden sich stark zwischen den Erdteilen. So war in &Ouml;kosystemen gem&auml;&szlig;igter Breiten die lokale Bodenbiodiversit&auml;t besonders hoch, w&auml;hrend in B&ouml;den k&uuml;hlerer Klimate &Ouml;kosystemdienstleistungen wie Kohlenstoffspeicherung hohe Werte erreichten. Laut den Forschenden werden boden&ouml;kologische Werte im Naturschutz zu wenig ber&uuml;cksichtigt; die neue Studie zeigt, wo Schutzma&szlig;nahmen am n&ouml;tigsten ist.\" \/>\n<meta property=\"og:url\" content=\"https:\/\/www.idiv.de\/de\/globale-studie-wenige-der-kologisch-wertvollsten-bden-sind-geschtzt\/\" \/>\n<meta property=\"og:site_name\" content=\"iDiv\" \/>\n<meta property=\"article:published_time\" content=\"2022-10-11T23:00:00+00:00\" \/>\n<meta property=\"article:modified_time\" content=\"2025-07-01T11:12:13+00:00\" \/>\n<meta property=\"og:image\" content=\"https:\/\/www.idiv.de\/wp-content\/uploads\/2024\/11\/iDivSocialMediaShare.jpg\" \/>\n\t<meta property=\"og:image:width\" content=\"1200\" \/>\n\t<meta property=\"og:image:height\" content=\"675\" \/>\n\t<meta property=\"og:image:type\" content=\"image\/jpeg\" \/>\n<meta name=\"author\" content=\"admin\" \/>\n<meta name=\"twitter:card\" content=\"summary_large_image\" \/>\n<meta name=\"twitter:creator\" content=\"@idiv\" \/>\n<meta name=\"twitter:site\" content=\"@idiv\" \/>\n<script type=\"application\/ld+json\" class=\"yoast-schema-graph\">{\"@context\":\"https:\\\/\\\/schema.org\",\"@graph\":[{\"@type\":\"Article\",\"@id\":\"https:\\\/\\\/www.idiv.de\\\/de\\\/globale-studie-wenige-der-kologisch-wertvollsten-bden-sind-geschtzt\\\/#article\",\"isPartOf\":{\"@id\":\"https:\\\/\\\/www.idiv.de\\\/de\\\/globale-studie-wenige-der-kologisch-wertvollsten-bden-sind-geschtzt\\\/\"},\"author\":{\"name\":\"admin\",\"@id\":\"https:\\\/\\\/www.idiv.de\\\/de\\\/#\\\/schema\\\/person\\\/14228c09f1919627a633555952e15fc0\"},\"headline\":\"Globale Studie: Wenige der &ouml;kologisch wertvollsten B&ouml;den sind gesch&uuml;tzt\",\"datePublished\":\"2022-10-11T23:00:00+00:00\",\"dateModified\":\"2025-07-01T11:12:13+00:00\",\"mainEntityOfPage\":{\"@id\":\"https:\\\/\\\/www.idiv.de\\\/de\\\/globale-studie-wenige-der-kologisch-wertvollsten-bden-sind-geschtzt\\\/\"},\"wordCount\":14,\"publisher\":{\"@id\":\"https:\\\/\\\/www.idiv.de\\\/de\\\/#organization\"},\"articleSection\":[\"Experimentelle Interaktions\u00f6kologie\",\"Medienmitteilung\",\"TOP NEWS\"],\"inLanguage\":\"de\"},{\"@type\":\"WebPage\",\"@id\":\"https:\\\/\\\/www.idiv.de\\\/de\\\/globale-studie-wenige-der-kologisch-wertvollsten-bden-sind-geschtzt\\\/\",\"url\":\"https:\\\/\\\/www.idiv.de\\\/de\\\/globale-studie-wenige-der-kologisch-wertvollsten-bden-sind-geschtzt\\\/\",\"name\":\"Globale Studie: Wenige der &ouml;kologisch wertvollsten B&ouml;den sind gesch&uuml;tzt | iDiv\",\"isPartOf\":{\"@id\":\"https:\\\/\\\/www.idiv.de\\\/de\\\/#website\"},\"datePublished\":\"2022-10-11T23:00:00+00:00\",\"dateModified\":\"2025-07-01T11:12:13+00:00\",\"breadcrumb\":{\"@id\":\"https:\\\/\\\/www.idiv.de\\\/de\\\/globale-studie-wenige-der-kologisch-wertvollsten-bden-sind-geschtzt\\\/#breadcrumb\"},\"inLanguage\":\"de\",\"potentialAction\":[{\"@type\":\"ReadAction\",\"target\":[\"https:\\\/\\\/www.idiv.de\\\/de\\\/globale-studie-wenige-der-kologisch-wertvollsten-bden-sind-geschtzt\\\/\"]}]},{\"@type\":\"BreadcrumbList\",\"@id\":\"https:\\\/\\\/www.idiv.de\\\/de\\\/globale-studie-wenige-der-kologisch-wertvollsten-bden-sind-geschtzt\\\/#breadcrumb\",\"itemListElement\":[{\"@type\":\"ListItem\",\"position\":1,\"name\":\"Startseite\",\"item\":\"https:\\\/\\\/www.idiv.de\\\/de\\\/\"},{\"@type\":\"ListItem\",\"position\":2,\"name\":\"Globale Studie: Wenige der &ouml;kologisch wertvollsten B&ouml;den sind gesch&uuml;tzt\"}]},{\"@type\":\"WebSite\",\"@id\":\"https:\\\/\\\/www.idiv.de\\\/de\\\/#website\",\"url\":\"https:\\\/\\\/www.idiv.de\\\/de\\\/\",\"name\":\"iDiv\",\"description\":\"Hotspot in Biodiversity Research\",\"publisher\":{\"@id\":\"https:\\\/\\\/www.idiv.de\\\/de\\\/#organization\"},\"potentialAction\":[{\"@type\":\"SearchAction\",\"target\":{\"@type\":\"EntryPoint\",\"urlTemplate\":\"https:\\\/\\\/www.idiv.de\\\/de\\\/?s={search_term_string}\"},\"query-input\":{\"@type\":\"PropertyValueSpecification\",\"valueRequired\":true,\"valueName\":\"search_term_string\"}}],\"inLanguage\":\"de\"},{\"@type\":\"Organization\",\"@id\":\"https:\\\/\\\/www.idiv.de\\\/de\\\/#organization\",\"name\":\"idiv\",\"url\":\"https:\\\/\\\/www.idiv.de\\\/de\\\/\",\"logo\":{\"@type\":\"ImageObject\",\"inLanguage\":\"de\",\"@id\":\"https:\\\/\\\/www.idiv.de\\\/de\\\/#\\\/schema\\\/logo\\\/image\\\/\",\"url\":\"https:\\\/\\\/www.idiv.de\\\/wp-content\\\/uploads\\\/2024\\\/08\\\/iDiv_Logo_long_v1_EN_black_4c.jpg\",\"contentUrl\":\"https:\\\/\\\/www.idiv.de\\\/wp-content\\\/uploads\\\/2024\\\/08\\\/iDiv_Logo_long_v1_EN_black_4c.jpg\",\"width\":2448,\"height\":674,\"caption\":\"idiv\"},\"image\":{\"@id\":\"https:\\\/\\\/www.idiv.de\\\/de\\\/#\\\/schema\\\/logo\\\/image\\\/\"},\"sameAs\":[\"https:\\\/\\\/x.com\\\/idiv\",\"https:\\\/\\\/www.linkedin.com\\\/company\\\/idiv-biodiversity\\\/\",\"https:\\\/\\\/www.youtube.com\\\/idiv-research\"]},{\"@type\":\"Person\",\"@id\":\"https:\\\/\\\/www.idiv.de\\\/de\\\/#\\\/schema\\\/person\\\/14228c09f1919627a633555952e15fc0\",\"name\":\"admin\",\"url\":\"https:\\\/\\\/www.idiv.de\\\/de\\\/author\\\/admin\\\/\"}]}<\/script>\n<!-- \/ Yoast SEO plugin. -->","yoast_head_json":{"title":"Globale Studie: Wenige der &ouml;kologisch wertvollsten B&ouml;den sind gesch&uuml;tzt | iDiv","robots":{"index":"index","follow":"follow","max-snippet":"max-snippet:-1","max-image-preview":"max-image-preview:large","max-video-preview":"max-video-preview:-1"},"canonical":"https:\/\/www.idiv.de\/de\/globale-studie-wenige-der-kologisch-wertvollsten-bden-sind-geschtzt\/","og_locale":"de_DE","og_type":"article","og_title":"Globale Studie: Wenige der &ouml;kologisch wertvollsten B&ouml;den sind gesch&uuml;tzt | iDiv","og_description":"Halle, Leipzig, Sevilla. Orte mit &ouml;kologisch besonders wertvollen B&ouml;den werden nur unzureichend durch bestehende Schutzgebiete abgedeckt. Das ist die Schlussfolgerung einer Studie, die in der Fachzeitschrift Nature erschienen ist. Ein internationales Forschungsteam ermittelte hierf&uuml;r verschiedene sogenannte boden&ouml;kologische Werte. Diese unterschieden sich stark zwischen den Erdteilen. So war in &Ouml;kosystemen gem&auml;&szlig;igter Breiten die lokale Bodenbiodiversit&auml;t besonders hoch, w&auml;hrend in B&ouml;den k&uuml;hlerer Klimate &Ouml;kosystemdienstleistungen wie Kohlenstoffspeicherung hohe Werte erreichten. Laut den Forschenden werden boden&ouml;kologische Werte im Naturschutz zu wenig ber&uuml;cksichtigt; die neue Studie zeigt, wo Schutzma&szlig;nahmen am n&ouml;tigsten ist.","og_url":"https:\/\/www.idiv.de\/de\/globale-studie-wenige-der-kologisch-wertvollsten-bden-sind-geschtzt\/","og_site_name":"iDiv","article_published_time":"2022-10-11T23:00:00+00:00","article_modified_time":"2025-07-01T11:12:13+00:00","og_image":[{"width":1200,"height":675,"url":"https:\/\/www.idiv.de\/wp-content\/uploads\/2024\/11\/iDivSocialMediaShare.jpg","type":"image\/jpeg"}],"author":"admin","twitter_card":"summary_large_image","twitter_creator":"@idiv","twitter_site":"@idiv","schema":{"@context":"https:\/\/schema.org","@graph":[{"@type":"Article","@id":"https:\/\/www.idiv.de\/de\/globale-studie-wenige-der-kologisch-wertvollsten-bden-sind-geschtzt\/#article","isPartOf":{"@id":"https:\/\/www.idiv.de\/de\/globale-studie-wenige-der-kologisch-wertvollsten-bden-sind-geschtzt\/"},"author":{"name":"admin","@id":"https:\/\/www.idiv.de\/de\/#\/schema\/person\/14228c09f1919627a633555952e15fc0"},"headline":"Globale Studie: Wenige der &ouml;kologisch wertvollsten B&ouml;den sind gesch&uuml;tzt","datePublished":"2022-10-11T23:00:00+00:00","dateModified":"2025-07-01T11:12:13+00:00","mainEntityOfPage":{"@id":"https:\/\/www.idiv.de\/de\/globale-studie-wenige-der-kologisch-wertvollsten-bden-sind-geschtzt\/"},"wordCount":14,"publisher":{"@id":"https:\/\/www.idiv.de\/de\/#organization"},"articleSection":["Experimentelle Interaktions\u00f6kologie","Medienmitteilung","TOP NEWS"],"inLanguage":"de"},{"@type":"WebPage","@id":"https:\/\/www.idiv.de\/de\/globale-studie-wenige-der-kologisch-wertvollsten-bden-sind-geschtzt\/","url":"https:\/\/www.idiv.de\/de\/globale-studie-wenige-der-kologisch-wertvollsten-bden-sind-geschtzt\/","name":"Globale Studie: Wenige der &ouml;kologisch wertvollsten B&ouml;den sind gesch&uuml;tzt | iDiv","isPartOf":{"@id":"https:\/\/www.idiv.de\/de\/#website"},"datePublished":"2022-10-11T23:00:00+00:00","dateModified":"2025-07-01T11:12:13+00:00","breadcrumb":{"@id":"https:\/\/www.idiv.de\/de\/globale-studie-wenige-der-kologisch-wertvollsten-bden-sind-geschtzt\/#breadcrumb"},"inLanguage":"de","potentialAction":[{"@type":"ReadAction","target":["https:\/\/www.idiv.de\/de\/globale-studie-wenige-der-kologisch-wertvollsten-bden-sind-geschtzt\/"]}]},{"@type":"BreadcrumbList","@id":"https:\/\/www.idiv.de\/de\/globale-studie-wenige-der-kologisch-wertvollsten-bden-sind-geschtzt\/#breadcrumb","itemListElement":[{"@type":"ListItem","position":1,"name":"Startseite","item":"https:\/\/www.idiv.de\/de\/"},{"@type":"ListItem","position":2,"name":"Globale Studie: Wenige der &ouml;kologisch wertvollsten B&ouml;den sind gesch&uuml;tzt"}]},{"@type":"WebSite","@id":"https:\/\/www.idiv.de\/de\/#website","url":"https:\/\/www.idiv.de\/de\/","name":"iDiv","description":"Hotspot in Biodiversity Research","publisher":{"@id":"https:\/\/www.idiv.de\/de\/#organization"},"potentialAction":[{"@type":"SearchAction","target":{"@type":"EntryPoint","urlTemplate":"https:\/\/www.idiv.de\/de\/?s={search_term_string}"},"query-input":{"@type":"PropertyValueSpecification","valueRequired":true,"valueName":"search_term_string"}}],"inLanguage":"de"},{"@type":"Organization","@id":"https:\/\/www.idiv.de\/de\/#organization","name":"idiv","url":"https:\/\/www.idiv.de\/de\/","logo":{"@type":"ImageObject","inLanguage":"de","@id":"https:\/\/www.idiv.de\/de\/#\/schema\/logo\/image\/","url":"https:\/\/www.idiv.de\/wp-content\/uploads\/2024\/08\/iDiv_Logo_long_v1_EN_black_4c.jpg","contentUrl":"https:\/\/www.idiv.de\/wp-content\/uploads\/2024\/08\/iDiv_Logo_long_v1_EN_black_4c.jpg","width":2448,"height":674,"caption":"idiv"},"image":{"@id":"https:\/\/www.idiv.de\/de\/#\/schema\/logo\/image\/"},"sameAs":["https:\/\/x.com\/idiv","https:\/\/www.linkedin.com\/company\/idiv-biodiversity\/","https:\/\/www.youtube.com\/idiv-research"]},{"@type":"Person","@id":"https:\/\/www.idiv.de\/de\/#\/schema\/person\/14228c09f1919627a633555952e15fc0","name":"admin","url":"https:\/\/www.idiv.de\/de\/author\/admin\/"}]}},"author_meta":{"display_name":"admin","author_link":"https:\/\/www.idiv.de\/de\/author\/admin\/"},"featured_img":null,"coauthors":[],"tax_additional":{"categories":{"linked":["<a href=\"https:\/\/www.idiv.de\/de\/kategorie\/forschung\/experimentelle-interaktionsoekologie\/\" class=\"advgb-post-tax-term\">Experimentelle Interaktions\u00f6kologie<\/a>","<a href=\"https:\/\/www.idiv.de\/de\/kategorie\/medienmitteilung\/\" class=\"advgb-post-tax-term\">Medienmitteilung<\/a>","<a href=\"https:\/\/www.idiv.de\/de\/kategorie\/top-news-de-2\/\" class=\"advgb-post-tax-term\">TOP NEWS<\/a>"],"unlinked":["<span class=\"advgb-post-tax-term\">Experimentelle Interaktions\u00f6kologie<\/span>","<span class=\"advgb-post-tax-term\">Medienmitteilung<\/span>","<span class=\"advgb-post-tax-term\">TOP NEWS<\/span>"]}},"comment_count":0,"relative_dates":{"created":"Ver\u00f6ffentlicht 4\u00a0Jahren vor","modified":"Aktualisiert 10\u00a0Monaten vor"},"absolute_dates":{"created":"Ver\u00f6ffentlicht am 12. Oktober 2022","modified":"Aktualisiert am 1. Juli 2025"},"absolute_dates_time":{"created":"Ver\u00f6ffentlicht am 12. Oktober 2022 0:00","modified":"Aktualisiert am 1. Juli 2025 12:12"},"featured_img_caption":"","series_order":"","_links":{"self":[{"href":"https:\/\/www.idiv.de\/de\/wp-json\/wp\/v2\/posts\/12616","targetHints":{"allow":["GET"]}}],"collection":[{"href":"https:\/\/www.idiv.de\/de\/wp-json\/wp\/v2\/posts"}],"about":[{"href":"https:\/\/www.idiv.de\/de\/wp-json\/wp\/v2\/types\/post"}],"author":[{"embeddable":true,"href":"https:\/\/www.idiv.de\/de\/wp-json\/wp\/v2\/users\/1"}],"replies":[{"embeddable":true,"href":"https:\/\/www.idiv.de\/de\/wp-json\/wp\/v2\/comments?post=12616"}],"version-history":[{"count":2,"href":"https:\/\/www.idiv.de\/de\/wp-json\/wp\/v2\/posts\/12616\/revisions"}],"predecessor-version":[{"id":32998,"href":"https:\/\/www.idiv.de\/de\/wp-json\/wp\/v2\/posts\/12616\/revisions\/32998"}],"wp:attachment":[{"href":"https:\/\/www.idiv.de\/de\/wp-json\/wp\/v2\/media?parent=12616"}],"wp:term":[{"taxonomy":"category","embeddable":true,"href":"https:\/\/www.idiv.de\/de\/wp-json\/wp\/v2\/categories?post=12616"},{"taxonomy":"post_tag","embeddable":true,"href":"https:\/\/www.idiv.de\/de\/wp-json\/wp\/v2\/tags?post=12616"}],"curies":[{"name":"wp","href":"https:\/\/api.w.org\/{rel}","templated":true}]}}