{"id":12516,"date":"2022-05-18T00:00:00","date_gmt":"2022-05-17T23:00:00","guid":{"rendered":"https:\/\/idiv.caf-dev.de\/grtnern-mit-heimischen-pflanzen-fr-den-arterhalt\/"},"modified":"2025-06-03T12:47:24","modified_gmt":"2025-06-03T11:47:24","slug":"grtnern-mit-heimischen-pflanzen-fr-den-arterhalt","status":"publish","type":"post","link":"https:\/\/www.idiv.de\/de\/grtnern-mit-heimischen-pflanzen-fr-den-arterhalt\/","title":{"rendered":"G&auml;rtnern mit heimischen Pflanzen f&uuml;r den Arterhalt"},"content":{"rendered":"<div class=\"herosection pb-24 pt-0 no-bg modulclass \" id=\"\">\n                    <div class=\"swiper1noslider  nooverflow swiper \" id=\"slide_69ef5857452a1\">\n        \n                <div class=\"swiper-wrapper\">\n                                            <div class=\"swiper-slide  style_ \" aria-hidden=\"true\" >\n                            <div class=\"backstretchwrap\">\n                        \n                                                    <\/div>\n                                        <div class=\"sliderinhalt \" role=\"region\" aria-label=\"carousel\">\n\n                                            \n                                                                                                            <\/div>\n                                            <\/div>\n\n                        \n                 <\/div>\n\n                              <\/div>\n<\/div>\n\n<div class=\"textbildrepeater pb-24 pt-0 no-bg modulclass \" id=\"\">\n    <div class=\"container\">\n        <div class=\"row\">\n                                                                <div class=\"pb-24   mod_text  col-md-6 offset-md-0 pos_top\">\n                            <div class=\"textrepeater \" id=\"\">\n    <p>18.05.2022 | Biodiversity Conservation, Media Release, TOP NEWS<\/p>\n<\/div>\n                            <\/div>\n                        <\/div>\n    <\/div>\n<\/div>\n\n<div class=\"textbildrepeater pb-24 pt-0 no-bg modulclass \" id=\"\">\n    <div class=\"container\">\n        <div class=\"row\">\n                                                                <div class=\"pb-24   mod_text  col-md-12 offset-md-0 pos_top\">\n                            <div class=\"textrepeater \" id=\"\">\n    <p><strong>Halle\/Leipzig. Auf urbanen Gr&uuml;nfl&auml;chen k&ouml;nnten vermehrt r&uuml;ckl&auml;ufige heimische Arten gepflanzt werden. Wie dieses gro&szlig;e Potenzial f&uuml;r den Artenschutz genutzt werden kann, beschreiben Forschende des Deutschen Zentrums f&uuml;r integrative Biodiversit&auml;tsforschung (iDiv), der Martin-Luther-Universit&auml;t Halle-Wittenberg (MLU), der Universit&auml;t Leipzig und anderer Einrichtungen. In ihrer j&uuml;ngsten Studie, die in der Zeitschrift Nature Sustainability ver&ouml;ffentlicht worden ist, empfehlen sie konkrete Ma&szlig;nahmen des Conservation Gardenings f&uuml;r eine Trendwende im Gartenbau.<\/strong><\/p>\n<\/div>\n                            <\/div>\n                        <\/div>\n    <\/div>\n<\/div>\n\n<div class=\"textbildrepeater pb-24 pt-0 no-bg modulclass \" id=\"\">\n    <div class=\"container\">\n        <div class=\"row\">\n                                                                <div class=\"pb-24   mod_bild  col-md-5 offset-md-0 pos_top\">\n                            <div class=\"bildrepeater \" id=\"\">\n    <div class=\"relativ\"><img decoding=\"async\" class=\"responsiv desktop\" src=\"https:\/\/www.idiv.de\/wp-content\/uploads\/2024\/08\/pic_2779c0eafc20220518073722.jpg\" height=\"\" width=\"\" alt=\"idiv-\"\/><img decoding=\"async\" class=\"responsiv mobile\" src=\"https:\/\/www.idiv.de\/wp-content\/uploads\/2024\/08\/pic_2779c0eafc20220518073722.jpg\" height=\"\" width=\"\" alt=\"idiv-\"\/><a href=\"#\" class=\"cr\" role=\"button\">\n<svg  xmlns=\"http:\/\/www.w3.org\/2000\/svg\" width=\"22\" height=\"22\" viewBox=\"0 0 22 22\">\n    <rect id=\"BG\" width=\"22\" height=\"22\" rx=\"11\" fill=\"#fff\"\/>\n    <g id=\"Wrapper\" transform=\"translate(-1 -1)\">\n        <g id=\"Icon_material-copyright\" data-name=\"Icon material-copyright\">\n            <circle id=\"Ellipse_30\" data-name=\"Ellipse 30\" cx=\"8\" cy=\"8\" r=\"8\" transform=\"translate(4 4)\" fill=\"#fff\"\/>\n            <path id=\"Icon_material-copyright-2\" data-name=\"Icon material-copyright\" d=\"M9.464,10.088a2.045,2.045,0,0,1,.24-.7,1.4,1.4,0,0,1,.472-.5,1.42,1.42,0,0,1,.728-.184,1.45,1.45,0,0,1,.5.1,1.29,1.29,0,0,1,.416.288,1.54,1.54,0,0,1,.272.424,1.4,1.4,0,0,1,.112.512H13.64a2.864,2.864,0,0,0-.224-1.032,2.4,2.4,0,0,0-.56-.808,2.613,2.613,0,0,0-.864-.528,3.09,3.09,0,0,0-1.112-.184,3.127,3.127,0,0,0-1.36.272,2.751,2.751,0,0,0-.96.736,3.007,3.007,0,0,0-.568,1.088A4.685,4.685,0,0,0,7.8,10.9v.216a4.684,4.684,0,0,0,.184,1.312,2.908,2.908,0,0,0,.568,1.08,2.731,2.731,0,0,0,.96.728,3.246,3.246,0,0,0,1.36.272,3.051,3.051,0,0,0,1.056-.184,2.729,2.729,0,0,0,.864-.5,2.442,2.442,0,0,0,.592-.752,2.153,2.153,0,0,0,.24-.92H12.192a1.139,1.139,0,0,1-.12.464,1.177,1.177,0,0,1-.288.368,1.26,1.26,0,0,1-.416.24,1.589,1.589,0,0,1-.48.08,1.359,1.359,0,0,1-.712-.184,1.4,1.4,0,0,1-.472-.5,2.09,2.09,0,0,1-.24-.7,5.392,5.392,0,0,1-.064-.8V10.9a5.33,5.33,0,0,1,.064-.808ZM11,3a8,8,0,1,0,8,8A8,8,0,0,0,11,3Zm0,14.4A6.4,6.4,0,1,1,17.4,11,6.408,6.408,0,0,1,11,17.4Z\" transform=\"translate(1 1)\" fill=\"#4d4d4d\"\/>\n        <\/g>\n    <\/g>\n<\/svg>\n<span>Wikimedia Commons<\/span><\/a><\/div><p class=\"bu\">Der Bestand der einheimischen Zierpflanze Atlantische Glockenblume (<em>Hyacinthoides non-scripta<\/em>) hat im gleichen Zeitraum sogar um mehr als 1100 Prozent zugenommen.&nbsp;<\/p><\/div>\n                            <\/div>\n                                                                    <div class=\"pb-24   mod_bild  col-md-5 offset-md-2 pos_top\">\n                            <div class=\"bildrepeater \" id=\"\">\n    <div class=\"relativ\"><img decoding=\"async\" class=\"responsiv desktop\" src=\"https:\/\/www.idiv.de\/wp-content\/uploads\/2024\/08\/pic_91b904292620220518073736.jpg\" height=\"\" width=\"\" alt=\"idiv-\"\/><img decoding=\"async\" class=\"responsiv mobile\" src=\"https:\/\/www.idiv.de\/wp-content\/uploads\/2024\/08\/pic_91b904292620220518073736.jpg\" height=\"\" width=\"\" alt=\"idiv-\"\/><a href=\"#\" class=\"cr\" role=\"button\">\n<svg  xmlns=\"http:\/\/www.w3.org\/2000\/svg\" width=\"22\" height=\"22\" viewBox=\"0 0 22 22\">\n    <rect id=\"BG\" width=\"22\" height=\"22\" rx=\"11\" fill=\"#fff\"\/>\n    <g id=\"Wrapper\" transform=\"translate(-1 -1)\">\n        <g id=\"Icon_material-copyright\" data-name=\"Icon material-copyright\">\n            <circle id=\"Ellipse_30\" data-name=\"Ellipse 30\" cx=\"8\" cy=\"8\" r=\"8\" transform=\"translate(4 4)\" fill=\"#fff\"\/>\n            <path id=\"Icon_material-copyright-2\" data-name=\"Icon material-copyright\" d=\"M9.464,10.088a2.045,2.045,0,0,1,.24-.7,1.4,1.4,0,0,1,.472-.5,1.42,1.42,0,0,1,.728-.184,1.45,1.45,0,0,1,.5.1,1.29,1.29,0,0,1,.416.288,1.54,1.54,0,0,1,.272.424,1.4,1.4,0,0,1,.112.512H13.64a2.864,2.864,0,0,0-.224-1.032,2.4,2.4,0,0,0-.56-.808,2.613,2.613,0,0,0-.864-.528,3.09,3.09,0,0,0-1.112-.184,3.127,3.127,0,0,0-1.36.272,2.751,2.751,0,0,0-.96.736,3.007,3.007,0,0,0-.568,1.088A4.685,4.685,0,0,0,7.8,10.9v.216a4.684,4.684,0,0,0,.184,1.312,2.908,2.908,0,0,0,.568,1.08,2.731,2.731,0,0,0,.96.728,3.246,3.246,0,0,0,1.36.272,3.051,3.051,0,0,0,1.056-.184,2.729,2.729,0,0,0,.864-.5,2.442,2.442,0,0,0,.592-.752,2.153,2.153,0,0,0,.24-.92H12.192a1.139,1.139,0,0,1-.12.464,1.177,1.177,0,0,1-.288.368,1.26,1.26,0,0,1-.416.24,1.589,1.589,0,0,1-.48.08,1.359,1.359,0,0,1-.712-.184,1.4,1.4,0,0,1-.472-.5,2.09,2.09,0,0,1-.24-.7,5.392,5.392,0,0,1-.064-.8V10.9a5.33,5.33,0,0,1,.064-.808ZM11,3a8,8,0,1,0,8,8A8,8,0,0,0,11,3Zm0,14.4A6.4,6.4,0,1,1,17.4,11,6.408,6.408,0,0,1,11,17.4Z\" transform=\"translate(1 1)\" fill=\"#4d4d4d\"\/>\n        <\/g>\n    <\/g>\n<\/svg>\n<span>Wikimedia Commons<\/span><\/a><\/div><p class=\"bu\">Die Bittere Schleifenblume (<em>Iberis amara<\/em>) ist laut Roter Liste in Deutschland ausgestorben, kommt aber noch vereinzelt in st&auml;dtischen Gebieten vor und ist bei vielen Gartenanbietern erh&auml;ltlich.&nbsp;<\/p><\/div>\n                            <\/div>\n                        <\/div>\n    <\/div>\n<\/div>\n\n<div class=\"textbildrepeater pb-24 pt-0 no-bg modulclass \" id=\"\">\n    <div class=\"container\">\n        <div class=\"row\">\n                                                                <div class=\"pb-24   mod_text  col-md-12 offset-md-0 pos_top\">\n                            <div class=\"textrepeater \" id=\"\">\n    <p>Trotz globaler Bem&uuml;hungen um die Biodiversit&auml;t gehen viele Pflanzenarten zur&uuml;ck. Allein in Deutschland sind das 70 Prozent aller Pflanzenarten. Fast ein Drittel (27,5 Prozent) aller Pflanzenarten ist bedroht, 76 Arten gelten hierzulande bereits als ausgestorben. Ein Gro&szlig;teil dieses Verlustes ist auf den R&uuml;ckgang nat&uuml;rlicher Lebensr&auml;ume zur&uuml;ckzuf&uuml;hren, etwa durch die zunehmende Verst&auml;dterung. So sind allein in Deutschland zehn Prozent der Gesamtfl&auml;che Siedlungsfl&auml;che.<\/p>\n<p>Doch genau diese Siedlungsfl&auml;chen bergen ein erhebliches &ndash; wenn auch noch ungenutztes &ndash; Potenzial f&uuml;r den Naturschutz. Denn zu diesen Fl&auml;chen z&auml;hlen Millionen von Privatg&auml;rten, Balkons und Gr&uuml;nd&auml;cher sowie Parks und anderes &ouml;ffentliches Gr&uuml;n. Forschende von iDiv, den Universit&auml;ten Halle und Leipzig sowie weiterer Einrichtungen schlagen vor, diese potenziell verf&uuml;gbaren Fl&auml;chen f&uuml;r Conservation Gardening zu nutzen.&nbsp;<\/p>\n<p>Bei dieser g&auml;rtnerischen Praxis wird das Pflanzen von im R&uuml;ckgang begriffenen heimischen Arten gezielt gef&ouml;rdert. Als heimisch werden Pflanzen bezeichnet, die in ihrem Lebensraum nat&uuml;rlich vorkommen. Hier haben sie sich im Laufe der Evolution an spezifische Umweltbedingungen angepasst und mit anderen Arten gemeinsam weiterentwickelt. Gerade diese f&uuml;r unsere &Ouml;kosysteme wichtigen Arten sind jedoch im R&uuml;ckgang begriffen. &bdquo;G&auml;rtnerinnen und G&auml;rtner sind seit jeher f&uuml;r die Verbreitung von Pflanzenarten verantwortlich. Sie k&ouml;nnten daher auch dazu beitragen die vielen verschwindenden heimischen Arten wieder zur&uuml;ckzubringen&ldquo;, sagt Erstautorin Josiane Segar, Wissenschaftlerin bei iDiv und der MLU. &bdquo;&Ouml;ffentliche und private G&auml;rten und Gr&uuml;nfl&auml;chen k&ouml;nnten dabei eine zentrale Rolle f&uuml;r die Erhaltung der Pflanzenvielfalt spielen. Doch hierf&uuml;r w&auml;re eine Trendwende im Gartenbau n&ouml;tig.&ldquo;<\/p>\n<p>Das &ouml;konomische Potenzial f&uuml;r Conservation Gardening und einer solchen Trendwende sei vorhanden, so die Forschenden. Schlie&szlig;lich sei Gartenbau ein wichtiger Wirtschaftszweig in vielen L&auml;ndern&#58; In Deutschland wurden beispielsweise im Jahr 2018 8,7 Milliarden Euro f&uuml;r Pflanzen ausgegeben &ndash; Trend steigend. W&auml;hrend der Corona-Pandemie stiegen die Pro-Kopf-Ausgaben f&uuml;r Pflanzen sogar um 9 Prozent. Ebenso sei das Bewusstsein f&uuml;r den R&uuml;ckgang von Arten in der deutschen Bev&ouml;lkerung stark gestiegen. Dar&uuml;ber hinaus h&auml;tten r&uuml;ckl&auml;ufige heimische Arten auch klare Vorteile. Die meisten von ihnen seien an trockene Standorte angepasst und k&ouml;nnten daher besser mit Trockenperioden im Zuge des Klimawandels zurechtkommen als viele der derzeit im Gartenbau verwendeten Arten. Zusammen k&ouml;nne dies zu einer erh&ouml;hten Nachfrage nach Pflanzen f&uuml;r Conservation Gardening f&uuml;hren, wenn diese im gro&szlig;en Ma&szlig;stab in Gartencentern verf&uuml;gbar gemacht w&uuml;rden, so die Autorinnen und Autoren.<\/p>\n<p>Als zentrales Element des Conservation Gardening schlagen die Forschenden daher eine st&auml;rkere Verzahnung von Gartencentern mit dem Markt f&uuml;r heimisches Saatgut vor. Die Vermehrung zertifizierten Saatguts heimischer Pflanzen sollte hierf&uuml;r st&auml;rker finanziell unterst&uuml;tzt werden. Zus&auml;tzlich sollte die Vermarktung von zertifiziertem Saatgut in Gartencentern durch Mehrwertsteuersenkungen gef&ouml;rdert werden. Anhand von Etikettierung lie&szlig;e sich auf die Vorteile von Conservation Gardening in Gartencentern hinweisen und die Nachfrage f&ouml;rdern. Entsprechende Vergabekriterien f&uuml;r &ouml;ffentliche Auftr&auml;ge an Gartenbauunternehmen k&ouml;nnten dazu beitragen, die Verwendung von im R&uuml;ckgang begriffenen heimischen Pflanzenarten in &ouml;ffentlichen Gr&uuml;nanlagen zu f&ouml;rdern. Die Forschenden schlagen ebenfalls vor, den Einsatz regionsspezifischer Listen zu r&uuml;ckl&auml;ufigen Arten f&uuml;r gezielte Bepflanzungskonzepte f&uuml;r private und &ouml;ffentliche Gr&uuml;nfl&auml;chen zu nutzen. Auch k&ouml;nnten insbesondere zentrale Akteure Wissen &uuml;ber den Anbau und die Pflege r&uuml;ckl&auml;ufiger heimischer Pflanzen verbreiten, wie Botanische G&auml;rten, Universit&auml;ten, Naturschutzverb&auml;nde, Nachbarschaftsgemeinschaften oder die &ouml;ffentliche Verwaltung.&nbsp;<\/p>\n<p>&bdquo;Conservation Gardening w&uuml;rde eine gezielte, strukturelle Ver&auml;nderung des konventionellen G&auml;rtnerns und Gartenbaus erm&ouml;glichen. Im gro&szlig;en Ma&szlig;stab umgesetzt, erfordert es keine umfassenden &Auml;nderungen der bestehenden Naturschutz-Architektur&rdquo;, sagt Senior-Autor Dr. Ingmar Staude von iDiv und der Universit&auml;t Leipzig. &ldquo;Vielmehr werden bestehende und wirtschaftlich tragf&auml;hige Strukturen genutzt, um r&uuml;ckl&auml;ufige Arten bei der Bepflanzung von Gr&uuml;nfl&auml;chen zu f&ouml;rdern. In einer zunehmend urbanen Welt k&ouml;nnte so Naturschutz f&uuml;r B&uuml;rgerinnen und B&uuml;rger greifbar und inklusiv gestaltet werden.&rdquo;&nbsp;<\/p>\n<p>Urs Moesenfechtel \/ Sebastian Tilch<\/p>\n<p><strong>Originalpublikation&#58;<br \/><\/strong>(Forschende mit iDiv-Affiliation fett gesetzt)<\/p>\n<p><strong>Segar, J.<\/strong>, <strong>Callaghan, C. T.<\/strong>,<strong> Ladouceur, E.<\/strong>, <strong>Meya, J. N.<\/strong>,<strong> Pereira, H. M.<\/strong>,<strong> Perino,<\/strong> <strong>A.<\/strong>,<strong> Staude, I. R.<\/strong> (2022)&#58; Urban conservation gardening in the decade of restoration, Nature sustainability. DOI&#58; <a href=https&#58;\/\/doi.org\/10.1038\/s41893-022-00882-z>10.1038\/s41893-022-00882-z<\/a>. Open access link&#58; <a href=https&#58;\/\/rdcu.be\/cNqDg%20>https&#58;\/\/rdcu.be\/cNqDg&nbsp;<\/a><\/p>\n<\/div>\n                            <\/div>\n                        <\/div>\n    <\/div>\n<\/div>\n\n<div class=\"textbildrepeater pb-24 pt-0 no-bg modulclass \" id=\"\">\n    <div class=\"container\">\n        <div class=\"row\">\n                                                                <div class=\"pb-24   mod_text  col-md-12 offset-md-0 pos_top\">\n                            <div class=\"textrepeater \" id=\"\">\n    <h3>Ansprechpartner:<\/h3>\n<p><strong>Urs Moesenfechtel M.A.<\/strong><br \/>\nMedien und Kommunikation<br \/>\nDeutsches Zentrum f\u00fcr integrative Biodiversit\u00e4tsforschung (iDiv) Halle-Jena-Leipzig<br \/>\nTel.: +49 341 9733106<br \/>\nE-Mail: <a href=\"&#x6d;a&#x69;&#108;&#x74;&#111;&#x3a;&#x75;r&#x73;&#46;&#x6d;&#111;&#x65;&#115;e&#x6e;&#102;&#x65;&#99;&#x68;&#116;e&#x6c;&#64;&#x69;&#100;&#x69;&#118;&#46;&#x64;e\">&#117;&#x72;&#x73;&#46;&#x6d;&#x6f;&#101;&#x73;&#x65;&#110;&#x66;&#x65;&#99;&#x68;&#x74;&#101;&#x6c;&#x40;&#105;&#x64;&#x69;&#118;&#x2e;&#x64;&#101;<\/a><\/p>\n<p><strong>Dr. Ingmar Staude<\/strong><br \/>\nForschungsgruppe Biodiversit\u00e4t und Naturschutz<br \/>\nDeutsches Zentrum f\u00fcr integrative Biodiversit\u00e4tsforschung (iDiv) Halle-Jena-Leipzig<br \/>\nMartin-Luther-Universit\u00e4t Halle-Wittenberg<br \/>\nTel.: +49 341 9733136<br \/>\nE-Mail: <a href=\"&#x6d;a&#x69;&#108;t&#x6f;&#58;&#x69;&#x6e;g&#x6d;&#97;r&#x2e;&#115;&#x74;&#97;u&#x64;&#101;&#64;&#x69;&#100;&#x69;&#118;&#46;&#x64;&#101;\">&#105;&#x6e;&#x67;m&#97;&#x72;&#x2e;s&#116;&#x61;u&#100;&#x65;&#x40;i&#100;&#x69;v&#46;&#x64;&#x65;<\/a><\/p>\n<p><strong>Josiane Segar<\/strong><br \/>\nDoktorandin<br \/>\nForschungsgruppe Biodiversit\u00e4t und Naturschutz<br \/>\nDeutsches Zentrum f\u00fcr integrative Biodiversit\u00e4tsforschung (iDiv) Halle-Jena-Leipzig<br \/>\nMartin-Luther-Universit\u00e4t Halle-Wittenberg<br \/>\nE-Mail: <a href=\"&#109;&#x61;i&#108;&#x74;o&#58;&#x6a;o&#115;&#x69;a&#110;&#x65;&#46;&#115;&#x65;g&#97;&#x72;&#64;&#105;&#x64;i&#118;&#x2e;d&#101;\">&#106;&#x6f;&#115;&#x69;&#97;&#x6e;&#101;&#x2e;s&#x65;g&#x61;r&#x40;i&#100;&#x69;&#118;&#x2e;&#100;&#x65;<\/a><\/p>\n<\/div>\n                            <\/div>\n                        <\/div>\n    <\/div>\n<\/div>\n\n<div class=\"textbildrepeater pb-24 pt-0 no-bg modulclass \" id=\"\">\n    <div class=\"container\">\n        <div class=\"row\">\n                                                                <div class=\"pb-24   mod_text  col-md-12 offset-md-0 pos_top\">\n                            <div class=\"textrepeater \" id=\"\">\n    <p><em>Hinweis f\u00fcr die Medien: Die von iDiv bereitgestellten Bilder d\u00fcrfen ausschlie\u00dflich f\u00fcr die Berichterstattung im Zusammenhang mit dieser Medienmitteilung und unter Angabe des\/der Urhebers\/in verwendet werden.<\/em><\/p>\n<\/div>\n                            <\/div>\n                        <\/div>\n    <\/div>\n<\/div>","protected":false},"excerpt":{"rendered":"<p>Halle\/Leipzig. Auf urbanen Gr&uuml;nfl&auml;chen k&ouml;nnten vermehrt r&uuml;ckl&auml;ufige heimische Arten gepflanzt werden. Wie dieses gro&szlig;e Potenzial f&uuml;r den Artenschutz genutzt werden kann, beschreiben Forschende des Deutschen Zentrums f&uuml;r integrative Biodiversit&auml;tsforschung (iDiv), der Martin-Luther-Universit&auml;t Halle-Wittenberg (MLU), der Universit&auml;t Leipzig und anderer Einrichtungen. In ihrer j&uuml;ngsten Studie, die in der Zeitschrift Nature Sustainability ver&ouml;ffentlicht worden ist, empfehlen sie konkrete Ma&szlig;nahmen des Conservation Gardenings f&uuml;r eine Trendwende im Gartenbau.<\/p>\n","protected":false},"author":1,"featured_media":0,"comment_status":"open","ping_status":"open","sticky":false,"template":"","format":"standard","meta":{"_acf_changed":false,"advgb_blocks_editor_width":"","advgb_blocks_columns_visual_guide":"","footnotes":"","_links_to":"","_links_to_target":""},"categories":[33,29,30],"tags":[],"class_list":["post-12516","post","type-post","status-publish","format-standard","hentry","category-biodiversitaet-und-naturschutz","category-medienmitteilung","category-top-news-de-2"],"acf":{"thumb":5843,"thumbmobile":"","copyright":"Wikimedia Commons","breadcrumb":true},"yoast_head":"<!-- This site is optimized with the Yoast SEO plugin v27.4 - https:\/\/yoast.com\/product\/yoast-seo-wordpress\/ -->\n<title>G&auml;rtnern mit heimischen Pflanzen f&uuml;r den Arterhalt | iDiv<\/title>\n<meta name=\"robots\" content=\"index, follow, max-snippet:-1, max-image-preview:large, max-video-preview:-1\" \/>\n<link rel=\"canonical\" href=\"https:\/\/www.idiv.de\/de\/grtnern-mit-heimischen-pflanzen-fr-den-arterhalt\/\" \/>\n<meta property=\"og:locale\" content=\"de_DE\" \/>\n<meta property=\"og:type\" content=\"article\" \/>\n<meta property=\"og:title\" content=\"G&auml;rtnern mit heimischen Pflanzen f&uuml;r den Arterhalt | iDiv\" \/>\n<meta property=\"og:description\" content=\"Halle\/Leipzig. Auf urbanen Gr&uuml;nfl&auml;chen k&ouml;nnten vermehrt r&uuml;ckl&auml;ufige heimische Arten gepflanzt werden. Wie dieses gro&szlig;e Potenzial f&uuml;r den Artenschutz genutzt werden kann, beschreiben Forschende des Deutschen Zentrums f&uuml;r integrative Biodiversit&auml;tsforschung (iDiv), der Martin-Luther-Universit&auml;t Halle-Wittenberg (MLU), der Universit&auml;t Leipzig und anderer Einrichtungen. In ihrer j&uuml;ngsten Studie, die in der Zeitschrift Nature Sustainability ver&ouml;ffentlicht worden ist, empfehlen sie konkrete Ma&szlig;nahmen des Conservation Gardenings f&uuml;r eine Trendwende im Gartenbau.\" \/>\n<meta property=\"og:url\" content=\"https:\/\/www.idiv.de\/de\/grtnern-mit-heimischen-pflanzen-fr-den-arterhalt\/\" \/>\n<meta property=\"og:site_name\" content=\"iDiv\" \/>\n<meta property=\"article:published_time\" content=\"2022-05-17T23:00:00+00:00\" \/>\n<meta property=\"article:modified_time\" content=\"2025-06-03T11:47:24+00:00\" \/>\n<meta property=\"og:image\" content=\"https:\/\/www.idiv.de\/wp-content\/uploads\/2024\/11\/iDivSocialMediaShare.jpg\" \/>\n\t<meta property=\"og:image:width\" content=\"1200\" \/>\n\t<meta property=\"og:image:height\" content=\"675\" \/>\n\t<meta property=\"og:image:type\" content=\"image\/jpeg\" \/>\n<meta name=\"author\" content=\"admin\" \/>\n<meta name=\"twitter:card\" content=\"summary_large_image\" \/>\n<meta name=\"twitter:creator\" content=\"@idiv\" \/>\n<meta name=\"twitter:site\" content=\"@idiv\" \/>\n<script type=\"application\/ld+json\" class=\"yoast-schema-graph\">{\"@context\":\"https:\\\/\\\/schema.org\",\"@graph\":[{\"@type\":\"Article\",\"@id\":\"https:\\\/\\\/www.idiv.de\\\/de\\\/grtnern-mit-heimischen-pflanzen-fr-den-arterhalt\\\/#article\",\"isPartOf\":{\"@id\":\"https:\\\/\\\/www.idiv.de\\\/de\\\/grtnern-mit-heimischen-pflanzen-fr-den-arterhalt\\\/\"},\"author\":{\"name\":\"admin\",\"@id\":\"https:\\\/\\\/www.idiv.de\\\/de\\\/#\\\/schema\\\/person\\\/14228c09f1919627a633555952e15fc0\"},\"headline\":\"G&auml;rtnern mit heimischen Pflanzen f&uuml;r den Arterhalt\",\"datePublished\":\"2022-05-17T23:00:00+00:00\",\"dateModified\":\"2025-06-03T11:47:24+00:00\",\"mainEntityOfPage\":{\"@id\":\"https:\\\/\\\/www.idiv.de\\\/de\\\/grtnern-mit-heimischen-pflanzen-fr-den-arterhalt\\\/\"},\"wordCount\":11,\"commentCount\":0,\"publisher\":{\"@id\":\"https:\\\/\\\/www.idiv.de\\\/de\\\/#organization\"},\"articleSection\":[\"Biodiversit\u00e4t und Naturschutz\",\"Medienmitteilung\",\"TOP NEWS\"],\"inLanguage\":\"de\"},{\"@type\":\"WebPage\",\"@id\":\"https:\\\/\\\/www.idiv.de\\\/de\\\/grtnern-mit-heimischen-pflanzen-fr-den-arterhalt\\\/\",\"url\":\"https:\\\/\\\/www.idiv.de\\\/de\\\/grtnern-mit-heimischen-pflanzen-fr-den-arterhalt\\\/\",\"name\":\"G&auml;rtnern mit heimischen Pflanzen f&uuml;r den Arterhalt | iDiv\",\"isPartOf\":{\"@id\":\"https:\\\/\\\/www.idiv.de\\\/de\\\/#website\"},\"datePublished\":\"2022-05-17T23:00:00+00:00\",\"dateModified\":\"2025-06-03T11:47:24+00:00\",\"breadcrumb\":{\"@id\":\"https:\\\/\\\/www.idiv.de\\\/de\\\/grtnern-mit-heimischen-pflanzen-fr-den-arterhalt\\\/#breadcrumb\"},\"inLanguage\":\"de\",\"potentialAction\":[{\"@type\":\"ReadAction\",\"target\":[\"https:\\\/\\\/www.idiv.de\\\/de\\\/grtnern-mit-heimischen-pflanzen-fr-den-arterhalt\\\/\"]}]},{\"@type\":\"BreadcrumbList\",\"@id\":\"https:\\\/\\\/www.idiv.de\\\/de\\\/grtnern-mit-heimischen-pflanzen-fr-den-arterhalt\\\/#breadcrumb\",\"itemListElement\":[{\"@type\":\"ListItem\",\"position\":1,\"name\":\"Startseite\",\"item\":\"https:\\\/\\\/www.idiv.de\\\/de\\\/\"},{\"@type\":\"ListItem\",\"position\":2,\"name\":\"G&auml;rtnern mit heimischen Pflanzen f&uuml;r den Arterhalt\"}]},{\"@type\":\"WebSite\",\"@id\":\"https:\\\/\\\/www.idiv.de\\\/de\\\/#website\",\"url\":\"https:\\\/\\\/www.idiv.de\\\/de\\\/\",\"name\":\"iDiv\",\"description\":\"Hotspot in Biodiversity Research\",\"publisher\":{\"@id\":\"https:\\\/\\\/www.idiv.de\\\/de\\\/#organization\"},\"potentialAction\":[{\"@type\":\"SearchAction\",\"target\":{\"@type\":\"EntryPoint\",\"urlTemplate\":\"https:\\\/\\\/www.idiv.de\\\/de\\\/?s={search_term_string}\"},\"query-input\":{\"@type\":\"PropertyValueSpecification\",\"valueRequired\":true,\"valueName\":\"search_term_string\"}}],\"inLanguage\":\"de\"},{\"@type\":\"Organization\",\"@id\":\"https:\\\/\\\/www.idiv.de\\\/de\\\/#organization\",\"name\":\"idiv\",\"url\":\"https:\\\/\\\/www.idiv.de\\\/de\\\/\",\"logo\":{\"@type\":\"ImageObject\",\"inLanguage\":\"de\",\"@id\":\"https:\\\/\\\/www.idiv.de\\\/de\\\/#\\\/schema\\\/logo\\\/image\\\/\",\"url\":\"https:\\\/\\\/www.idiv.de\\\/wp-content\\\/uploads\\\/2024\\\/08\\\/iDiv_Logo_long_v1_EN_black_4c.jpg\",\"contentUrl\":\"https:\\\/\\\/www.idiv.de\\\/wp-content\\\/uploads\\\/2024\\\/08\\\/iDiv_Logo_long_v1_EN_black_4c.jpg\",\"width\":2448,\"height\":674,\"caption\":\"idiv\"},\"image\":{\"@id\":\"https:\\\/\\\/www.idiv.de\\\/de\\\/#\\\/schema\\\/logo\\\/image\\\/\"},\"sameAs\":[\"https:\\\/\\\/x.com\\\/idiv\",\"https:\\\/\\\/www.linkedin.com\\\/company\\\/idiv-biodiversity\\\/\",\"https:\\\/\\\/www.youtube.com\\\/idiv-research\"]},{\"@type\":\"Person\",\"@id\":\"https:\\\/\\\/www.idiv.de\\\/de\\\/#\\\/schema\\\/person\\\/14228c09f1919627a633555952e15fc0\",\"name\":\"admin\",\"url\":\"https:\\\/\\\/www.idiv.de\\\/de\\\/author\\\/admin\\\/\"}]}<\/script>\n<!-- \/ Yoast SEO plugin. -->","yoast_head_json":{"title":"G&auml;rtnern mit heimischen Pflanzen f&uuml;r den Arterhalt | iDiv","robots":{"index":"index","follow":"follow","max-snippet":"max-snippet:-1","max-image-preview":"max-image-preview:large","max-video-preview":"max-video-preview:-1"},"canonical":"https:\/\/www.idiv.de\/de\/grtnern-mit-heimischen-pflanzen-fr-den-arterhalt\/","og_locale":"de_DE","og_type":"article","og_title":"G&auml;rtnern mit heimischen Pflanzen f&uuml;r den Arterhalt | iDiv","og_description":"Halle\/Leipzig. Auf urbanen Gr&uuml;nfl&auml;chen k&ouml;nnten vermehrt r&uuml;ckl&auml;ufige heimische Arten gepflanzt werden. Wie dieses gro&szlig;e Potenzial f&uuml;r den Artenschutz genutzt werden kann, beschreiben Forschende des Deutschen Zentrums f&uuml;r integrative Biodiversit&auml;tsforschung (iDiv), der Martin-Luther-Universit&auml;t Halle-Wittenberg (MLU), der Universit&auml;t Leipzig und anderer Einrichtungen. In ihrer j&uuml;ngsten Studie, die in der Zeitschrift Nature Sustainability ver&ouml;ffentlicht worden ist, empfehlen sie konkrete Ma&szlig;nahmen des Conservation Gardenings f&uuml;r eine Trendwende im Gartenbau.","og_url":"https:\/\/www.idiv.de\/de\/grtnern-mit-heimischen-pflanzen-fr-den-arterhalt\/","og_site_name":"iDiv","article_published_time":"2022-05-17T23:00:00+00:00","article_modified_time":"2025-06-03T11:47:24+00:00","og_image":[{"width":1200,"height":675,"url":"https:\/\/www.idiv.de\/wp-content\/uploads\/2024\/11\/iDivSocialMediaShare.jpg","type":"image\/jpeg"}],"author":"admin","twitter_card":"summary_large_image","twitter_creator":"@idiv","twitter_site":"@idiv","schema":{"@context":"https:\/\/schema.org","@graph":[{"@type":"Article","@id":"https:\/\/www.idiv.de\/de\/grtnern-mit-heimischen-pflanzen-fr-den-arterhalt\/#article","isPartOf":{"@id":"https:\/\/www.idiv.de\/de\/grtnern-mit-heimischen-pflanzen-fr-den-arterhalt\/"},"author":{"name":"admin","@id":"https:\/\/www.idiv.de\/de\/#\/schema\/person\/14228c09f1919627a633555952e15fc0"},"headline":"G&auml;rtnern mit heimischen Pflanzen f&uuml;r den Arterhalt","datePublished":"2022-05-17T23:00:00+00:00","dateModified":"2025-06-03T11:47:24+00:00","mainEntityOfPage":{"@id":"https:\/\/www.idiv.de\/de\/grtnern-mit-heimischen-pflanzen-fr-den-arterhalt\/"},"wordCount":11,"commentCount":0,"publisher":{"@id":"https:\/\/www.idiv.de\/de\/#organization"},"articleSection":["Biodiversit\u00e4t und Naturschutz","Medienmitteilung","TOP NEWS"],"inLanguage":"de"},{"@type":"WebPage","@id":"https:\/\/www.idiv.de\/de\/grtnern-mit-heimischen-pflanzen-fr-den-arterhalt\/","url":"https:\/\/www.idiv.de\/de\/grtnern-mit-heimischen-pflanzen-fr-den-arterhalt\/","name":"G&auml;rtnern mit heimischen Pflanzen f&uuml;r den Arterhalt | iDiv","isPartOf":{"@id":"https:\/\/www.idiv.de\/de\/#website"},"datePublished":"2022-05-17T23:00:00+00:00","dateModified":"2025-06-03T11:47:24+00:00","breadcrumb":{"@id":"https:\/\/www.idiv.de\/de\/grtnern-mit-heimischen-pflanzen-fr-den-arterhalt\/#breadcrumb"},"inLanguage":"de","potentialAction":[{"@type":"ReadAction","target":["https:\/\/www.idiv.de\/de\/grtnern-mit-heimischen-pflanzen-fr-den-arterhalt\/"]}]},{"@type":"BreadcrumbList","@id":"https:\/\/www.idiv.de\/de\/grtnern-mit-heimischen-pflanzen-fr-den-arterhalt\/#breadcrumb","itemListElement":[{"@type":"ListItem","position":1,"name":"Startseite","item":"https:\/\/www.idiv.de\/de\/"},{"@type":"ListItem","position":2,"name":"G&auml;rtnern mit heimischen Pflanzen f&uuml;r den Arterhalt"}]},{"@type":"WebSite","@id":"https:\/\/www.idiv.de\/de\/#website","url":"https:\/\/www.idiv.de\/de\/","name":"iDiv","description":"Hotspot in Biodiversity Research","publisher":{"@id":"https:\/\/www.idiv.de\/de\/#organization"},"potentialAction":[{"@type":"SearchAction","target":{"@type":"EntryPoint","urlTemplate":"https:\/\/www.idiv.de\/de\/?s={search_term_string}"},"query-input":{"@type":"PropertyValueSpecification","valueRequired":true,"valueName":"search_term_string"}}],"inLanguage":"de"},{"@type":"Organization","@id":"https:\/\/www.idiv.de\/de\/#organization","name":"idiv","url":"https:\/\/www.idiv.de\/de\/","logo":{"@type":"ImageObject","inLanguage":"de","@id":"https:\/\/www.idiv.de\/de\/#\/schema\/logo\/image\/","url":"https:\/\/www.idiv.de\/wp-content\/uploads\/2024\/08\/iDiv_Logo_long_v1_EN_black_4c.jpg","contentUrl":"https:\/\/www.idiv.de\/wp-content\/uploads\/2024\/08\/iDiv_Logo_long_v1_EN_black_4c.jpg","width":2448,"height":674,"caption":"idiv"},"image":{"@id":"https:\/\/www.idiv.de\/de\/#\/schema\/logo\/image\/"},"sameAs":["https:\/\/x.com\/idiv","https:\/\/www.linkedin.com\/company\/idiv-biodiversity\/","https:\/\/www.youtube.com\/idiv-research"]},{"@type":"Person","@id":"https:\/\/www.idiv.de\/de\/#\/schema\/person\/14228c09f1919627a633555952e15fc0","name":"admin","url":"https:\/\/www.idiv.de\/de\/author\/admin\/"}]}},"author_meta":{"display_name":"admin","author_link":"https:\/\/www.idiv.de\/de\/author\/admin\/"},"featured_img":null,"coauthors":[],"tax_additional":{"categories":{"linked":["<a href=\"https:\/\/www.idiv.de\/de\/kategorie\/forschung\/biodiversitaet-und-naturschutz\/\" class=\"advgb-post-tax-term\">Biodiversit\u00e4t und Naturschutz<\/a>","<a href=\"https:\/\/www.idiv.de\/de\/kategorie\/medienmitteilung\/\" class=\"advgb-post-tax-term\">Medienmitteilung<\/a>","<a href=\"https:\/\/www.idiv.de\/de\/kategorie\/top-news-de-2\/\" class=\"advgb-post-tax-term\">TOP NEWS<\/a>"],"unlinked":["<span class=\"advgb-post-tax-term\">Biodiversit\u00e4t und Naturschutz<\/span>","<span class=\"advgb-post-tax-term\">Medienmitteilung<\/span>","<span class=\"advgb-post-tax-term\">TOP NEWS<\/span>"]}},"comment_count":0,"relative_dates":{"created":"Ver\u00f6ffentlicht 4\u00a0Jahren vor","modified":"Aktualisiert 11\u00a0Monaten vor"},"absolute_dates":{"created":"Ver\u00f6ffentlicht am 18. Mai 2022","modified":"Aktualisiert am 3. Juni 2025"},"absolute_dates_time":{"created":"Ver\u00f6ffentlicht am 18. Mai 2022 0:00","modified":"Aktualisiert am 3. Juni 2025 12:47"},"featured_img_caption":"","series_order":"","_links":{"self":[{"href":"https:\/\/www.idiv.de\/de\/wp-json\/wp\/v2\/posts\/12516","targetHints":{"allow":["GET"]}}],"collection":[{"href":"https:\/\/www.idiv.de\/de\/wp-json\/wp\/v2\/posts"}],"about":[{"href":"https:\/\/www.idiv.de\/de\/wp-json\/wp\/v2\/types\/post"}],"author":[{"embeddable":true,"href":"https:\/\/www.idiv.de\/de\/wp-json\/wp\/v2\/users\/1"}],"replies":[{"embeddable":true,"href":"https:\/\/www.idiv.de\/de\/wp-json\/wp\/v2\/comments?post=12516"}],"version-history":[{"count":2,"href":"https:\/\/www.idiv.de\/de\/wp-json\/wp\/v2\/posts\/12516\/revisions"}],"predecessor-version":[{"id":31494,"href":"https:\/\/www.idiv.de\/de\/wp-json\/wp\/v2\/posts\/12516\/revisions\/31494"}],"wp:attachment":[{"href":"https:\/\/www.idiv.de\/de\/wp-json\/wp\/v2\/media?parent=12516"}],"wp:term":[{"taxonomy":"category","embeddable":true,"href":"https:\/\/www.idiv.de\/de\/wp-json\/wp\/v2\/categories?post=12516"},{"taxonomy":"post_tag","embeddable":true,"href":"https:\/\/www.idiv.de\/de\/wp-json\/wp\/v2\/tags?post=12516"}],"curies":[{"name":"wp","href":"https:\/\/api.w.org\/{rel}","templated":true}]}}