{"id":12438,"date":"2022-01-14T00:00:00","date_gmt":"2022-01-13T23:00:00","guid":{"rendered":"https:\/\/idiv.caf-dev.de\/globale-biodiversittsziele-in-mitteldeutschland-umsetzen\/"},"modified":"2025-09-30T08:52:11","modified_gmt":"2025-09-30T07:52:11","slug":"globale-biodiversittsziele-in-mitteldeutschland-umsetzen","status":"publish","type":"post","link":"https:\/\/www.idiv.de\/de\/globale-biodiversittsziele-in-mitteldeutschland-umsetzen\/","title":{"rendered":"Globale Biodiversit&auml;tsziele in Mitteldeutschland umsetzen"},"content":{"rendered":"<div class=\"herosection pb-24 pt-0 no-bg modulclass \" id=\"\">\n                    <div class=\"swiper1noslider  nooverflow swiper \" id=\"slide_69ef5851912fc\">\n        \n                <div class=\"swiper-wrapper\">\n                                            <div class=\"swiper-slide  style_ \" aria-hidden=\"true\" >\n                            <div class=\"backstretchwrap\">\n                        \n                            <div datasrc=\"https:\/\/www.idiv.de\/wp-content\/uploads\/2024\/08\/pic_bca505e51020220114083748.jpg\" class=\"backstretchimg responsiv desktop\"><\/div>\n\n                            <a href=\"#\" class=\"cr\"><svg  xmlns=\"http:\/\/www.w3.org\/2000\/svg\" width=\"22\" height=\"22\" viewBox=\"0 0 22 22\">\n                                    <rect id=\"BG\" width=\"22\" height=\"22\" rx=\"11\" fill=\"#fff\"\/>\n                                    <g id=\"Wrapper\" transform=\"translate(-1 -1)\">\n                                        <g id=\"Icon_material-copyright\" data-name=\"Icon material-copyright\">\n                                            <circle id=\"Ellipse_30\" data-name=\"Ellipse 30\" cx=\"8\" cy=\"8\" r=\"8\" transform=\"translate(4 4)\" fill=\"#fff\"\/>\n                                            <path id=\"Icon_material-copyright-2\" data-name=\"Icon material-copyright\" d=\"M9.464,10.088a2.045,2.045,0,0,1,.24-.7,1.4,1.4,0,0,1,.472-.5,1.42,1.42,0,0,1,.728-.184,1.45,1.45,0,0,1,.5.1,1.29,1.29,0,0,1,.416.288,1.54,1.54,0,0,1,.272.424,1.4,1.4,0,0,1,.112.512H13.64a2.864,2.864,0,0,0-.224-1.032,2.4,2.4,0,0,0-.56-.808,2.613,2.613,0,0,0-.864-.528,3.09,3.09,0,0,0-1.112-.184,3.127,3.127,0,0,0-1.36.272,2.751,2.751,0,0,0-.96.736,3.007,3.007,0,0,0-.568,1.088A4.685,4.685,0,0,0,7.8,10.9v.216a4.684,4.684,0,0,0,.184,1.312,2.908,2.908,0,0,0,.568,1.08,2.731,2.731,0,0,0,.96.728,3.246,3.246,0,0,0,1.36.272,3.051,3.051,0,0,0,1.056-.184,2.729,2.729,0,0,0,.864-.5,2.442,2.442,0,0,0,.592-.752,2.153,2.153,0,0,0,.24-.92H12.192a1.139,1.139,0,0,1-.12.464,1.177,1.177,0,0,1-.288.368,1.26,1.26,0,0,1-.416.24,1.589,1.589,0,0,1-.48.08,1.359,1.359,0,0,1-.712-.184,1.4,1.4,0,0,1-.472-.5,2.09,2.09,0,0,1-.24-.7,5.392,5.392,0,0,1-.064-.8V10.9a5.33,5.33,0,0,1,.064-.808ZM11,3a8,8,0,1,0,8,8A8,8,0,0,0,11,3Zm0,14.4A6.4,6.4,0,1,1,17.4,11,6.408,6.408,0,0,1,11,17.4Z\" transform=\"translate(1 1)\" fill=\"#4d4d4d\"\/>\n                                        <\/g>\n                                    <\/g>\n                                <\/svg>\n                                <span>A. Tille<\/span><\/a>                        \n                                                    <\/div>\n                                        <div class=\"sliderinhalt \" role=\"region\" aria-label=\"carousel\">\n\n                                            <h1 class=\"h1 tcenter\" >Globale Biodiversit&auml;tsziele in Mitteldeutschland umsetzen<\/h1>                                                    <p style=\"text-align: center;\">Umwelt-Ministerin und -Minister von Sachsen-Anhalt, Th\u00fcringen und Sachsen diskutieren regionale Biodiversit\u00e4tsschutzma\u00dfnahmen<\/p>\n                                                \n                                                                                                            <\/div>\n                                            <\/div>\n\n                        \n                 <\/div>\n\n                              <\/div>\n<\/div>\n\n<div class=\"textbildrepeater pb-24 pt-0 no-bg modulclass \" id=\"\">\n    <div class=\"container\">\n        <div class=\"row\">\n                                                                <div class=\"pb-24   mod_text  col-md-6 offset-md-0 pos_top\">\n                            <div class=\"textrepeater \" id=\"\">\n    <p>14.01.2022 | iDiv, Media Release, TOP NEWS<\/p>\n<\/div>\n                            <\/div>\n                        <\/div>\n    <\/div>\n<\/div>\n\n<div class=\"textbildrepeater pb-24 pt-0 no-bg modulclass \" id=\"\">\n    <div class=\"container\">\n        <div class=\"row\">\n                                                                <div class=\"pb-24   mod_text  col-md-12 offset-md-0 pos_top\">\n                            <div class=\"textrepeater \" id=\"\">\n    <p><strong>Leipzig. Die Umweltministerin und -minister der mitteldeutschen L&auml;nder sowie Vertreterinnen und Vertreter aus Naturschutzorganisationen und -beh&ouml;rden haben sich heute &uuml;ber die Umsetzung der internationalen Biodiversit&auml;tsziele auf L&auml;nderebene ausgetauscht. Das virtuelle Treffen fand auf Initiative des Deutschen Zentrums f&uuml;r integrative Biodiversit&auml;tsforschung (iDiv) in Leipzig statt und ist Teil eines langfristigen Dialogs.<\/strong><\/p>\n<\/div>\n                            <\/div>\n                        <\/div>\n    <\/div>\n<\/div>\n\n<div class=\"textbildrepeater pb-24 pt-0 no-bg modulclass \" id=\"\">\n    <div class=\"container\">\n        <div class=\"row\">\n                                                                <div class=\"pb-24   mod_bild  col-md-5 offset-md-0 pos_top\">\n                            <div class=\"bildrepeater \" id=\"\">\n    <div class=\"relativ\"><img decoding=\"async\" class=\"responsiv desktop\" src=\"https:\/\/www.idiv.de\/wp-content\/uploads\/2024\/08\/pic_a38f614bb120220114092101.png\" height=\"\" width=\"\" alt=\"idiv-\"\/><img decoding=\"async\" class=\"responsiv mobile\" src=\"https:\/\/www.idiv.de\/wp-content\/uploads\/2024\/08\/pic_a38f614bb120220114092101.png\" height=\"\" width=\"\" alt=\"idiv-\"\/><a href=\"#\" class=\"cr\" role=\"button\">\n<svg  xmlns=\"http:\/\/www.w3.org\/2000\/svg\" width=\"22\" height=\"22\" viewBox=\"0 0 22 22\">\n    <rect id=\"BG\" width=\"22\" height=\"22\" rx=\"11\" fill=\"#fff\"\/>\n    <g id=\"Wrapper\" transform=\"translate(-1 -1)\">\n        <g id=\"Icon_material-copyright\" data-name=\"Icon material-copyright\">\n            <circle id=\"Ellipse_30\" data-name=\"Ellipse 30\" cx=\"8\" cy=\"8\" r=\"8\" transform=\"translate(4 4)\" fill=\"#fff\"\/>\n            <path id=\"Icon_material-copyright-2\" data-name=\"Icon material-copyright\" d=\"M9.464,10.088a2.045,2.045,0,0,1,.24-.7,1.4,1.4,0,0,1,.472-.5,1.42,1.42,0,0,1,.728-.184,1.45,1.45,0,0,1,.5.1,1.29,1.29,0,0,1,.416.288,1.54,1.54,0,0,1,.272.424,1.4,1.4,0,0,1,.112.512H13.64a2.864,2.864,0,0,0-.224-1.032,2.4,2.4,0,0,0-.56-.808,2.613,2.613,0,0,0-.864-.528,3.09,3.09,0,0,0-1.112-.184,3.127,3.127,0,0,0-1.36.272,2.751,2.751,0,0,0-.96.736,3.007,3.007,0,0,0-.568,1.088A4.685,4.685,0,0,0,7.8,10.9v.216a4.684,4.684,0,0,0,.184,1.312,2.908,2.908,0,0,0,.568,1.08,2.731,2.731,0,0,0,.96.728,3.246,3.246,0,0,0,1.36.272,3.051,3.051,0,0,0,1.056-.184,2.729,2.729,0,0,0,.864-.5,2.442,2.442,0,0,0,.592-.752,2.153,2.153,0,0,0,.24-.92H12.192a1.139,1.139,0,0,1-.12.464,1.177,1.177,0,0,1-.288.368,1.26,1.26,0,0,1-.416.24,1.589,1.589,0,0,1-.48.08,1.359,1.359,0,0,1-.712-.184,1.4,1.4,0,0,1-.472-.5,2.09,2.09,0,0,1-.24-.7,5.392,5.392,0,0,1-.064-.8V10.9a5.33,5.33,0,0,1,.064-.808ZM11,3a8,8,0,1,0,8,8A8,8,0,0,0,11,3Zm0,14.4A6.4,6.4,0,1,1,17.4,11,6.408,6.408,0,0,1,11,17.4Z\" transform=\"translate(1 1)\" fill=\"#4d4d4d\"\/>\n        <\/g>\n    <\/g>\n<\/svg>\n<span>Zoom<\/span><\/a><\/div><p class=\"bu\">Screenshot der Veranstaltung<\/p><\/div>\n                            <\/div>\n                        <\/div>\n    <\/div>\n<\/div>\n\n<div class=\"textbildrepeater pb-24 pt-0 no-bg modulclass \" id=\"\">\n    <div class=\"container\">\n        <div class=\"row\">\n                                                                <div class=\"pb-24   mod_text  col-md-12 offset-md-0 pos_top\">\n                            <div class=\"textrepeater \" id=\"\">\n    <p>Der Schutz und die Erhaltung der Artenvielfalt ist eine der dr&auml;ngendsten Aufgaben unserer Zeit. Die Vertragsstaaten des &Uuml;bereinkommens &uuml;ber die biologische Vielfalt (CBD) erarbeiten daher trotz Pandemieeinschr&auml;nkungen mit Hochdruck ein neues Rahmenwerk zum Schutz der Biodiversit&auml;t. Noch in diesem Jahr sollen sie in der chinesischen Stadt Kunming verabschiedet werden.&nbsp;<br \/>&nbsp;<br \/>Das Deutsche Zentrum f&uuml;r integrative Biodiversit&auml;tsforschung (iDiv) unterst&uuml;tzt den Dialog zur Umsetzung der Biodiversit&auml;tsziele durch ein j&auml;hrlich stattfindendes Fachforum mit Vortr&auml;gen und Diskussionsrunden das heute erneut stattfand. Daran nahmen teil&#58; &nbsp;Die Umweltministerin und die Umweltminister der mitteldeutschen L&auml;nder, Anja Siegesmund, Prof. Armin Willingmann und Wolfram G&uuml;nther, der Leiter des Aufbaustabes des Nationalen Monitoringzentrums zur Biodiversit&auml;t in Leipzig, Dr. Andreas Kr&uuml;&szlig;, Akteure aus Naturschutzwissenschaft und Praxis sowie iDiv-Wissenschaftlerinnen und Wissenschaftler. Dabei standen Themen wie Fl&auml;chenplanungen, Pestizidreduktion, sch&auml;dlingsresistente Pflanzensorten, Berichtswesen oder die Zusammenarbeit unterschiedlicher Akteure auf dem Programm. Ebenso wurde die Arbeit des j&uuml;ngst in Leipzig er&ouml;ffneten Nationalen Monitoringzentrums zur Biodiversit&auml;t des Bundesamtes f&uuml;r Naturschutz (BfN) vorgestellt.&nbsp;<br \/>&nbsp;<br \/>Prof. Dr. Armin Willingmann&#58; &bdquo;Mit dem iDiv haben wir einen l&auml;nder&uuml;bergreifenden Forschungs-Leuchtturm geschaffen, der wichtige Impulse f&uuml;r den Schutz der zunehmend bedrohten Artenvielfalt auf der Erde geben kann und zugleich Nachwuchsforscher in Halle, Jena und Leipzig ausbildet.&ldquo;&nbsp;<br \/>&nbsp;<br \/>Wolfram G&uuml;nther&#58; &bdquo;Am Beispiel des Leipziger Auwalds zeigt sich, wie wichtig Kooperation von Wissenschaft, Politik, Zivilgesellschaft und Verwaltung auf regionaler und lokaler Ebene ist. Wir haben hier einen bedeutenden Hotspot biologischer Vielfalt, den wir gemeinsam mit unterschiedlichen Akteuren erhalten und entwickeln wollen. Mit dem iDiv arbeiten wir dabei sehr eng und gut zusammen.&ldquo;<br \/>&nbsp;<br \/>Anja Siegesmund&#58; &bdquo;Th&uuml;ringen ist reich an Natursch&auml;tzen, doch Artensterben und Klimakrise wirken sich auch hier mit voller Wucht aus. Um diesen Trend umzukehren, baut Div mit seiner fundierten Ursachenforschung und seinen Handlungsempfehlungen Br&uuml;cken f&uuml;r Entscheidungen in der Landespolitik. So konnte beispielsweise zuletzt ein gemeinsames Projekt zur Verankerung des Feldvogelschutz im Th&uuml;ringer Kulturlandschaftsprogramm entstehen. Zudem freuen wir uns auf den wissenschaftlichen Austausch und die Unterst&uuml;tzung zur Erstellung der Th&uuml;ringer Biodiversit&auml;tsstrategie.&ldquo;<br \/>&nbsp;<br \/>Aletta Bonn, Professorin f&uuml;r &Ouml;kosystemleistungen am Helmholtz-Zentrum f&uuml;r Umweltforschung (UFZ), der Universit&auml;t Jena und iDiv hebt hervor&#58; &bdquo;Ambitionierte globale Biodiversit&auml;tsziele sind enorm wichtig und m&uuml;ssen nun auf nationaler und regionaler Ebene umgesetzt werden. Mit unserer Forschung im iDiv-Konsortium wollen wir evidenzbasierte Ans&auml;tze und L&ouml;sungen aufzeigen und so Ministerien und Landes&auml;mter bei der &Uuml;bertragung der Ziele in die eigenen Biodiversit&auml;tsstrategien unterst&uuml;tzen.&ldquo; Bonn ist Vorsitzende des iDiv-Science-Policy-Commitees und welches die Veranstaltung organisiert hat.<br \/>&nbsp;<br \/>Als international anerkanntes und in Mitteldeutschland beheimatetes Forschungszentrum kooperiert iDiv seit Jahren erfolgreich mit Naturschutzfachleuten der Region. So sind iDiv-Expertinnen und -Experten u. a. als wissenschaftliche Beir&auml;te der Nationalparke in Sachsen-Anhalt und Th&uuml;ringen aktiv und erstellen gemeinsam mit den Landes&auml;mtern deutschlandweite Trendanalysen zur Biodiversit&auml;t. Dar&uuml;ber hinaus beraten sie das Modellprojekt &bdquo;Kollektiver Naturschutz in der Landwirtschaft&ldquo; in Sachsen-Anhalt, die Revitalisierung des Leipziger Auwalds in Sachsen und die Ausarbeitung der &Ouml;koregelungen in der Landwirtschaft in Th&uuml;ringen.<br \/>&nbsp;<br \/>Das DFG-Forschungszentrum iDiv wurde 2012 gegr&uuml;ndet. Hier erforschen Wissenschaftlerinnen und Wissenschaftler den weltweiten Wandel der &Ouml;kosysteme und der biologischen Vielfalt und entwickeln Antworten darauf. In knapp zehn Jahren hat sich iDiv zu einem der weltweit anerkanntesten Orte der Biodiversit&auml;tswissenschaft entwickelt. &Uuml;ber 300 Mitarbeiterinnen und Mitarbeiter aus 30 Nationen arbeiten f&uuml;r das DFG-Forschungszentrum. Zus&auml;tzlich forschen &uuml;ber 100 Mitgliedergruppen des wissenschaftlichen Konsortiums an verschiedenen Standorten in Halle, Jena und Leipzig. Getragen wird iDiv von der Universit&auml;t Leipzig, der Martin-Luther-Universit&auml;t Halle-Wittenberg und der Friedrich-Schiller-Universit&auml;t Jena in Kooperation mit dem Helmholtz-Zentrum f&uuml;r Umweltforschung (UFZ) und mehreren Leibniz- und Max-Planck-Instituten als Kooperationspartnern.<br \/>&nbsp;<br \/><strong>Programm der Veranstaltung&#58;<\/strong><br \/>&nbsp;<br \/><a href=https&#58;\/\/www.idiv.de\/fileadmin\/content\/Files_Science-Policy\/iDiv_Forum_Biodiversitaet2022_Programm_v3.pdf>https&#58;\/\/www.idiv.de\/fileadmin\/content\/Files_Science-Policy\/iDiv_Forum_Biodiversitaet2022_Programm_v3.pdf<\/a><\/p>\n<\/div>\n                            <\/div>\n                        <\/div>\n    <\/div>\n<\/div>\n\n<div class=\"textbildrepeater pb-24 pt-0 no-bg modulclass \" id=\"\">\n    <div class=\"container\">\n        <div class=\"row\">\n                                                                <div class=\"pb-24   mod_text  col-md-12 offset-md-0 pos_top\">\n                            <div class=\"textrepeater \" id=\"\">\n    <h3>Ansprechpartner:<\/h3>\n<p><strong>Urs Moesenfechtel M.A.<\/strong><br \/>\nMedia and Communications<br \/>\nGerman Centre for Integrative Biodiversity Research (iDiv) Halle-Jena-Leipzig<br \/>\nTel.: +49 341 9733106<br \/>\nE-Mail: <a href=\"&#109;&#x61;&#x69;&#108;&#x74;&#x6f;:&#x75;&#x72;s&#46;&#x6d;o&#101;&#x73;e&#110;&#x66;e&#99;&#x68;t&#101;&#x6c;&#x40;&#105;&#x64;&#x69;&#118;&#x2e;&#x64;e\">u&#114;&#x73;&#x2e;m&#111;&#101;&#x73;&#x65;n&#102;&#x65;&#x63;h&#116;&#101;&#x6c;&#x40;i&#100;&#x69;&#x76;&#46;&#100;&#101;<\/a><\/p>\n<p><strong>Dr. Andrea Perino<\/strong><br \/>\nScience-Policy Koordinatorin<br \/>\nDeutsches Zentrum f\u00fcr integrative Biodiversit\u00e4tsforschung (iDiv) Halle-Jena-Leipzig<br \/>\nTel.: +49 341 9733261<br \/>\nE-Mail: <a href=\"&#109;&#x61;&#105;&#x6c;&#116;&#x6f;:&#x61;n&#x64;r&#101;&#x61;&#46;&#x70;&#101;&#x72;&#105;&#x6e;o&#x40;i&#x64;i&#118;&#x2e;&#100;&#x65;\">&#x61;&#x6e;&#100;re&#x61;&#x2e;&#112;&#101;r&#x69;&#x6e;&#111;&#64;i&#x64;&#x69;&#x76;&#46;de<\/a><\/p>\n<\/div>\n                            <\/div>\n                        <\/div>\n    <\/div>\n<\/div>\n\n<div class=\"textbildrepeater pb-24 pt-0 no-bg modulclass \" id=\"\">\n    <div class=\"container\">\n        <div class=\"row\">\n                                                                <div class=\"pb-24   mod_text  col-md-12 offset-md-0 pos_top\">\n                            <div class=\"textrepeater \" id=\"\">\n    <p><em>Hinweis f\u00fcr die Medien: Die von iDiv bereitgestellten Bilder d\u00fcrfen ausschlie\u00dflich f\u00fcr die Berichterstattung im Zusammenhang mit dieser Medienmitteilung und unter Angabe des\/der Urhebers\/in verwendet werden.<\/em><\/p>\n<\/div>\n                            <\/div>\n                        <\/div>\n    <\/div>\n<\/div>","protected":false},"excerpt":{"rendered":"<p>Leipzig. Die Umweltministerin und -minister der mitteldeutschen L&auml;nder sowie Vertreterinnen und Vertreter aus Naturschutzorganisationen und -beh&ouml;rden haben sich heute &uuml;ber die Umsetzung der internationalen Biodiversit&auml;tsziele auf L&auml;nderebene ausgetauscht. Das virtuelle Treffen fand auf Initiative des Deutschen Zentrums f&uuml;r integrative Biodiversit&auml;tsforschung (iDiv) in Leipzig statt und ist Teil eines langfristigen Dialogs.<\/p>\n","protected":false},"author":1,"featured_media":0,"comment_status":"closed","ping_status":"closed","sticky":false,"template":"","format":"standard","meta":{"_acf_changed":false,"advgb_blocks_editor_width":"","advgb_blocks_columns_visual_guide":"","footnotes":"","_links_to":"","_links_to_target":""},"categories":[28,29,30],"tags":[],"class_list":["post-12438","post","type-post","status-publish","format-standard","hentry","category-idiv-de","category-medienmitteilung","category-top-news-de-2"],"acf":{"thumb":5993,"thumbmobile":null,"copyright":"A. Tille","breadcrumb":true},"yoast_head":"<!-- This site is optimized with the Yoast SEO plugin v27.4 - https:\/\/yoast.com\/product\/yoast-seo-wordpress\/ -->\n<title>Globale Biodiversit&auml;tsziele in Mitteldeutschland umsetzen | iDiv<\/title>\n<meta name=\"robots\" content=\"index, follow, max-snippet:-1, max-image-preview:large, max-video-preview:-1\" \/>\n<link rel=\"canonical\" href=\"https:\/\/www.idiv.de\/de\/globale-biodiversittsziele-in-mitteldeutschland-umsetzen\/\" \/>\n<meta property=\"og:locale\" content=\"de_DE\" \/>\n<meta property=\"og:type\" content=\"article\" \/>\n<meta property=\"og:title\" content=\"Globale Biodiversit&auml;tsziele in Mitteldeutschland umsetzen | iDiv\" \/>\n<meta property=\"og:description\" content=\"Leipzig. Die Umweltministerin und -minister der mitteldeutschen L&auml;nder sowie Vertreterinnen und Vertreter aus Naturschutzorganisationen und -beh&ouml;rden haben sich heute &uuml;ber die Umsetzung der internationalen Biodiversit&auml;tsziele auf L&auml;nderebene ausgetauscht. Das virtuelle Treffen fand auf Initiative des Deutschen Zentrums f&uuml;r integrative Biodiversit&auml;tsforschung (iDiv) in Leipzig statt und ist Teil eines langfristigen Dialogs.\" \/>\n<meta property=\"og:url\" content=\"https:\/\/www.idiv.de\/de\/globale-biodiversittsziele-in-mitteldeutschland-umsetzen\/\" \/>\n<meta property=\"og:site_name\" content=\"iDiv\" \/>\n<meta property=\"article:published_time\" content=\"2022-01-13T23:00:00+00:00\" \/>\n<meta property=\"article:modified_time\" content=\"2025-09-30T07:52:11+00:00\" \/>\n<meta property=\"og:image\" content=\"https:\/\/www.idiv.de\/wp-content\/uploads\/2024\/11\/iDivSocialMediaShare.jpg\" \/>\n\t<meta property=\"og:image:width\" content=\"1200\" \/>\n\t<meta property=\"og:image:height\" content=\"675\" \/>\n\t<meta property=\"og:image:type\" content=\"image\/jpeg\" \/>\n<meta name=\"author\" content=\"admin\" \/>\n<meta name=\"twitter:card\" content=\"summary_large_image\" \/>\n<meta name=\"twitter:creator\" content=\"@idiv\" \/>\n<meta name=\"twitter:site\" content=\"@idiv\" \/>\n<script type=\"application\/ld+json\" class=\"yoast-schema-graph\">{\"@context\":\"https:\\\/\\\/schema.org\",\"@graph\":[{\"@type\":\"Article\",\"@id\":\"https:\\\/\\\/www.idiv.de\\\/de\\\/globale-biodiversittsziele-in-mitteldeutschland-umsetzen\\\/#article\",\"isPartOf\":{\"@id\":\"https:\\\/\\\/www.idiv.de\\\/de\\\/globale-biodiversittsziele-in-mitteldeutschland-umsetzen\\\/\"},\"author\":{\"name\":\"admin\",\"@id\":\"https:\\\/\\\/www.idiv.de\\\/de\\\/#\\\/schema\\\/person\\\/14228c09f1919627a633555952e15fc0\"},\"headline\":\"Globale Biodiversit&auml;tsziele in Mitteldeutschland umsetzen\",\"datePublished\":\"2022-01-13T23:00:00+00:00\",\"dateModified\":\"2025-09-30T07:52:11+00:00\",\"mainEntityOfPage\":{\"@id\":\"https:\\\/\\\/www.idiv.de\\\/de\\\/globale-biodiversittsziele-in-mitteldeutschland-umsetzen\\\/\"},\"wordCount\":7,\"publisher\":{\"@id\":\"https:\\\/\\\/www.idiv.de\\\/de\\\/#organization\"},\"articleSection\":[\"iDiv\",\"Medienmitteilung\",\"TOP NEWS\"],\"inLanguage\":\"de\"},{\"@type\":\"WebPage\",\"@id\":\"https:\\\/\\\/www.idiv.de\\\/de\\\/globale-biodiversittsziele-in-mitteldeutschland-umsetzen\\\/\",\"url\":\"https:\\\/\\\/www.idiv.de\\\/de\\\/globale-biodiversittsziele-in-mitteldeutschland-umsetzen\\\/\",\"name\":\"Globale Biodiversit&auml;tsziele in Mitteldeutschland umsetzen | iDiv\",\"isPartOf\":{\"@id\":\"https:\\\/\\\/www.idiv.de\\\/de\\\/#website\"},\"datePublished\":\"2022-01-13T23:00:00+00:00\",\"dateModified\":\"2025-09-30T07:52:11+00:00\",\"breadcrumb\":{\"@id\":\"https:\\\/\\\/www.idiv.de\\\/de\\\/globale-biodiversittsziele-in-mitteldeutschland-umsetzen\\\/#breadcrumb\"},\"inLanguage\":\"de\",\"potentialAction\":[{\"@type\":\"ReadAction\",\"target\":[\"https:\\\/\\\/www.idiv.de\\\/de\\\/globale-biodiversittsziele-in-mitteldeutschland-umsetzen\\\/\"]}]},{\"@type\":\"BreadcrumbList\",\"@id\":\"https:\\\/\\\/www.idiv.de\\\/de\\\/globale-biodiversittsziele-in-mitteldeutschland-umsetzen\\\/#breadcrumb\",\"itemListElement\":[{\"@type\":\"ListItem\",\"position\":1,\"name\":\"Startseite\",\"item\":\"https:\\\/\\\/www.idiv.de\\\/de\\\/\"},{\"@type\":\"ListItem\",\"position\":2,\"name\":\"Globale Biodiversit&auml;tsziele in Mitteldeutschland umsetzen\"}]},{\"@type\":\"WebSite\",\"@id\":\"https:\\\/\\\/www.idiv.de\\\/de\\\/#website\",\"url\":\"https:\\\/\\\/www.idiv.de\\\/de\\\/\",\"name\":\"iDiv\",\"description\":\"Hotspot in Biodiversity Research\",\"publisher\":{\"@id\":\"https:\\\/\\\/www.idiv.de\\\/de\\\/#organization\"},\"potentialAction\":[{\"@type\":\"SearchAction\",\"target\":{\"@type\":\"EntryPoint\",\"urlTemplate\":\"https:\\\/\\\/www.idiv.de\\\/de\\\/?s={search_term_string}\"},\"query-input\":{\"@type\":\"PropertyValueSpecification\",\"valueRequired\":true,\"valueName\":\"search_term_string\"}}],\"inLanguage\":\"de\"},{\"@type\":\"Organization\",\"@id\":\"https:\\\/\\\/www.idiv.de\\\/de\\\/#organization\",\"name\":\"idiv\",\"url\":\"https:\\\/\\\/www.idiv.de\\\/de\\\/\",\"logo\":{\"@type\":\"ImageObject\",\"inLanguage\":\"de\",\"@id\":\"https:\\\/\\\/www.idiv.de\\\/de\\\/#\\\/schema\\\/logo\\\/image\\\/\",\"url\":\"https:\\\/\\\/www.idiv.de\\\/wp-content\\\/uploads\\\/2024\\\/08\\\/iDiv_Logo_long_v1_EN_black_4c.jpg\",\"contentUrl\":\"https:\\\/\\\/www.idiv.de\\\/wp-content\\\/uploads\\\/2024\\\/08\\\/iDiv_Logo_long_v1_EN_black_4c.jpg\",\"width\":2448,\"height\":674,\"caption\":\"idiv\"},\"image\":{\"@id\":\"https:\\\/\\\/www.idiv.de\\\/de\\\/#\\\/schema\\\/logo\\\/image\\\/\"},\"sameAs\":[\"https:\\\/\\\/x.com\\\/idiv\",\"https:\\\/\\\/www.linkedin.com\\\/company\\\/idiv-biodiversity\\\/\",\"https:\\\/\\\/www.youtube.com\\\/idiv-research\"]},{\"@type\":\"Person\",\"@id\":\"https:\\\/\\\/www.idiv.de\\\/de\\\/#\\\/schema\\\/person\\\/14228c09f1919627a633555952e15fc0\",\"name\":\"admin\",\"url\":\"https:\\\/\\\/www.idiv.de\\\/de\\\/author\\\/admin\\\/\"}]}<\/script>\n<!-- \/ Yoast SEO plugin. -->","yoast_head_json":{"title":"Globale Biodiversit&auml;tsziele in Mitteldeutschland umsetzen | iDiv","robots":{"index":"index","follow":"follow","max-snippet":"max-snippet:-1","max-image-preview":"max-image-preview:large","max-video-preview":"max-video-preview:-1"},"canonical":"https:\/\/www.idiv.de\/de\/globale-biodiversittsziele-in-mitteldeutschland-umsetzen\/","og_locale":"de_DE","og_type":"article","og_title":"Globale Biodiversit&auml;tsziele in Mitteldeutschland umsetzen | iDiv","og_description":"Leipzig. Die Umweltministerin und -minister der mitteldeutschen L&auml;nder sowie Vertreterinnen und Vertreter aus Naturschutzorganisationen und -beh&ouml;rden haben sich heute &uuml;ber die Umsetzung der internationalen Biodiversit&auml;tsziele auf L&auml;nderebene ausgetauscht. Das virtuelle Treffen fand auf Initiative des Deutschen Zentrums f&uuml;r integrative Biodiversit&auml;tsforschung (iDiv) in Leipzig statt und ist Teil eines langfristigen Dialogs.","og_url":"https:\/\/www.idiv.de\/de\/globale-biodiversittsziele-in-mitteldeutschland-umsetzen\/","og_site_name":"iDiv","article_published_time":"2022-01-13T23:00:00+00:00","article_modified_time":"2025-09-30T07:52:11+00:00","og_image":[{"width":1200,"height":675,"url":"https:\/\/www.idiv.de\/wp-content\/uploads\/2024\/11\/iDivSocialMediaShare.jpg","type":"image\/jpeg"}],"author":"admin","twitter_card":"summary_large_image","twitter_creator":"@idiv","twitter_site":"@idiv","schema":{"@context":"https:\/\/schema.org","@graph":[{"@type":"Article","@id":"https:\/\/www.idiv.de\/de\/globale-biodiversittsziele-in-mitteldeutschland-umsetzen\/#article","isPartOf":{"@id":"https:\/\/www.idiv.de\/de\/globale-biodiversittsziele-in-mitteldeutschland-umsetzen\/"},"author":{"name":"admin","@id":"https:\/\/www.idiv.de\/de\/#\/schema\/person\/14228c09f1919627a633555952e15fc0"},"headline":"Globale Biodiversit&auml;tsziele in Mitteldeutschland umsetzen","datePublished":"2022-01-13T23:00:00+00:00","dateModified":"2025-09-30T07:52:11+00:00","mainEntityOfPage":{"@id":"https:\/\/www.idiv.de\/de\/globale-biodiversittsziele-in-mitteldeutschland-umsetzen\/"},"wordCount":7,"publisher":{"@id":"https:\/\/www.idiv.de\/de\/#organization"},"articleSection":["iDiv","Medienmitteilung","TOP NEWS"],"inLanguage":"de"},{"@type":"WebPage","@id":"https:\/\/www.idiv.de\/de\/globale-biodiversittsziele-in-mitteldeutschland-umsetzen\/","url":"https:\/\/www.idiv.de\/de\/globale-biodiversittsziele-in-mitteldeutschland-umsetzen\/","name":"Globale Biodiversit&auml;tsziele in Mitteldeutschland umsetzen | iDiv","isPartOf":{"@id":"https:\/\/www.idiv.de\/de\/#website"},"datePublished":"2022-01-13T23:00:00+00:00","dateModified":"2025-09-30T07:52:11+00:00","breadcrumb":{"@id":"https:\/\/www.idiv.de\/de\/globale-biodiversittsziele-in-mitteldeutschland-umsetzen\/#breadcrumb"},"inLanguage":"de","potentialAction":[{"@type":"ReadAction","target":["https:\/\/www.idiv.de\/de\/globale-biodiversittsziele-in-mitteldeutschland-umsetzen\/"]}]},{"@type":"BreadcrumbList","@id":"https:\/\/www.idiv.de\/de\/globale-biodiversittsziele-in-mitteldeutschland-umsetzen\/#breadcrumb","itemListElement":[{"@type":"ListItem","position":1,"name":"Startseite","item":"https:\/\/www.idiv.de\/de\/"},{"@type":"ListItem","position":2,"name":"Globale Biodiversit&auml;tsziele in Mitteldeutschland umsetzen"}]},{"@type":"WebSite","@id":"https:\/\/www.idiv.de\/de\/#website","url":"https:\/\/www.idiv.de\/de\/","name":"iDiv","description":"Hotspot in Biodiversity Research","publisher":{"@id":"https:\/\/www.idiv.de\/de\/#organization"},"potentialAction":[{"@type":"SearchAction","target":{"@type":"EntryPoint","urlTemplate":"https:\/\/www.idiv.de\/de\/?s={search_term_string}"},"query-input":{"@type":"PropertyValueSpecification","valueRequired":true,"valueName":"search_term_string"}}],"inLanguage":"de"},{"@type":"Organization","@id":"https:\/\/www.idiv.de\/de\/#organization","name":"idiv","url":"https:\/\/www.idiv.de\/de\/","logo":{"@type":"ImageObject","inLanguage":"de","@id":"https:\/\/www.idiv.de\/de\/#\/schema\/logo\/image\/","url":"https:\/\/www.idiv.de\/wp-content\/uploads\/2024\/08\/iDiv_Logo_long_v1_EN_black_4c.jpg","contentUrl":"https:\/\/www.idiv.de\/wp-content\/uploads\/2024\/08\/iDiv_Logo_long_v1_EN_black_4c.jpg","width":2448,"height":674,"caption":"idiv"},"image":{"@id":"https:\/\/www.idiv.de\/de\/#\/schema\/logo\/image\/"},"sameAs":["https:\/\/x.com\/idiv","https:\/\/www.linkedin.com\/company\/idiv-biodiversity\/","https:\/\/www.youtube.com\/idiv-research"]},{"@type":"Person","@id":"https:\/\/www.idiv.de\/de\/#\/schema\/person\/14228c09f1919627a633555952e15fc0","name":"admin","url":"https:\/\/www.idiv.de\/de\/author\/admin\/"}]}},"author_meta":{"display_name":"admin","author_link":"https:\/\/www.idiv.de\/de\/author\/admin\/"},"featured_img":null,"coauthors":[],"tax_additional":{"categories":{"linked":["<a href=\"https:\/\/www.idiv.de\/de\/kategorie\/idiv-de\/\" class=\"advgb-post-tax-term\">iDiv<\/a>","<a href=\"https:\/\/www.idiv.de\/de\/kategorie\/medienmitteilung\/\" class=\"advgb-post-tax-term\">Medienmitteilung<\/a>","<a href=\"https:\/\/www.idiv.de\/de\/kategorie\/top-news-de-2\/\" class=\"advgb-post-tax-term\">TOP NEWS<\/a>"],"unlinked":["<span class=\"advgb-post-tax-term\">iDiv<\/span>","<span class=\"advgb-post-tax-term\">Medienmitteilung<\/span>","<span class=\"advgb-post-tax-term\">TOP NEWS<\/span>"]}},"comment_count":0,"relative_dates":{"created":"Ver\u00f6ffentlicht 4\u00a0Jahren vor","modified":"Aktualisiert 7\u00a0Monaten vor"},"absolute_dates":{"created":"Ver\u00f6ffentlicht am 14. Januar 2022","modified":"Aktualisiert am 30. September 2025"},"absolute_dates_time":{"created":"Ver\u00f6ffentlicht am 14. Januar 2022 0:00","modified":"Aktualisiert am 30. September 2025 8:52"},"featured_img_caption":"","series_order":"","_links":{"self":[{"href":"https:\/\/www.idiv.de\/de\/wp-json\/wp\/v2\/posts\/12438","targetHints":{"allow":["GET"]}}],"collection":[{"href":"https:\/\/www.idiv.de\/de\/wp-json\/wp\/v2\/posts"}],"about":[{"href":"https:\/\/www.idiv.de\/de\/wp-json\/wp\/v2\/types\/post"}],"author":[{"embeddable":true,"href":"https:\/\/www.idiv.de\/de\/wp-json\/wp\/v2\/users\/1"}],"replies":[{"embeddable":true,"href":"https:\/\/www.idiv.de\/de\/wp-json\/wp\/v2\/comments?post=12438"}],"version-history":[{"count":2,"href":"https:\/\/www.idiv.de\/de\/wp-json\/wp\/v2\/posts\/12438\/revisions"}],"predecessor-version":[{"id":35774,"href":"https:\/\/www.idiv.de\/de\/wp-json\/wp\/v2\/posts\/12438\/revisions\/35774"}],"wp:attachment":[{"href":"https:\/\/www.idiv.de\/de\/wp-json\/wp\/v2\/media?parent=12438"}],"wp:term":[{"taxonomy":"category","embeddable":true,"href":"https:\/\/www.idiv.de\/de\/wp-json\/wp\/v2\/categories?post=12438"},{"taxonomy":"post_tag","embeddable":true,"href":"https:\/\/www.idiv.de\/de\/wp-json\/wp\/v2\/tags?post=12438"}],"curies":[{"name":"wp","href":"https:\/\/api.w.org\/{rel}","templated":true}]}}