{"id":12296,"date":"2021-06-07T00:00:00","date_gmt":"2021-06-06T23:00:00","guid":{"rendered":"https:\/\/idiv.caf-dev.de\/fr-die-primaten-wird-es-eng\/"},"modified":"2025-09-29T11:24:58","modified_gmt":"2025-09-29T10:24:58","slug":"fr-die-primaten-wird-es-eng","status":"publish","type":"post","link":"https:\/\/www.idiv.de\/de\/fr-die-primaten-wird-es-eng\/","title":{"rendered":"F&uuml;r die Primaten wird es eng"},"content":{"rendered":"<div class=\"herosection pb-24 pt-0 no-bg modulclass \" id=\"\">\n                    <div class=\"swiper1noslider  nooverflow swiper \" id=\"slide_69f5e869ce420\">\n        \n                <div class=\"swiper-wrapper\">\n                                            <div class=\"swiper-slide  style_ \" aria-hidden=\"true\" >\n                            <div class=\"backstretchwrap\">\n                        \n                            <div datasrc=\"https:\/\/www.idiv.de\/wp-content\/uploads\/2024\/08\/pic_4d2237e1c420210604095034.jpg\" class=\"backstretchimg responsiv desktop\"><\/div>\n\n                            <a href=\"#\" class=\"cr\"><svg  xmlns=\"http:\/\/www.w3.org\/2000\/svg\" width=\"22\" height=\"22\" viewBox=\"0 0 22 22\">\n                                    <rect id=\"BG\" width=\"22\" height=\"22\" rx=\"11\" fill=\"#fff\"\/>\n                                    <g id=\"Wrapper\" transform=\"translate(-1 -1)\">\n                                        <g id=\"Icon_material-copyright\" data-name=\"Icon material-copyright\">\n                                            <circle id=\"Ellipse_30\" data-name=\"Ellipse 30\" cx=\"8\" cy=\"8\" r=\"8\" transform=\"translate(4 4)\" fill=\"#fff\"\/>\n                                            <path id=\"Icon_material-copyright-2\" data-name=\"Icon material-copyright\" d=\"M9.464,10.088a2.045,2.045,0,0,1,.24-.7,1.4,1.4,0,0,1,.472-.5,1.42,1.42,0,0,1,.728-.184,1.45,1.45,0,0,1,.5.1,1.29,1.29,0,0,1,.416.288,1.54,1.54,0,0,1,.272.424,1.4,1.4,0,0,1,.112.512H13.64a2.864,2.864,0,0,0-.224-1.032,2.4,2.4,0,0,0-.56-.808,2.613,2.613,0,0,0-.864-.528,3.09,3.09,0,0,0-1.112-.184,3.127,3.127,0,0,0-1.36.272,2.751,2.751,0,0,0-.96.736,3.007,3.007,0,0,0-.568,1.088A4.685,4.685,0,0,0,7.8,10.9v.216a4.684,4.684,0,0,0,.184,1.312,2.908,2.908,0,0,0,.568,1.08,2.731,2.731,0,0,0,.96.728,3.246,3.246,0,0,0,1.36.272,3.051,3.051,0,0,0,1.056-.184,2.729,2.729,0,0,0,.864-.5,2.442,2.442,0,0,0,.592-.752,2.153,2.153,0,0,0,.24-.92H12.192a1.139,1.139,0,0,1-.12.464,1.177,1.177,0,0,1-.288.368,1.26,1.26,0,0,1-.416.24,1.589,1.589,0,0,1-.48.08,1.359,1.359,0,0,1-.712-.184,1.4,1.4,0,0,1-.472-.5,2.09,2.09,0,0,1-.24-.7,5.392,5.392,0,0,1-.064-.8V10.9a5.33,5.33,0,0,1,.064-.808ZM11,3a8,8,0,1,0,8,8A8,8,0,0,0,11,3Zm0,14.4A6.4,6.4,0,1,1,17.4,11,6.408,6.408,0,0,1,11,17.4Z\" transform=\"translate(1 1)\" fill=\"#4d4d4d\"\/>\n                                        <\/g>\n                                    <\/g>\n                                <\/svg>\n                                <span>Pascal Gagneux\/GMERC<\/span><\/a>                        \n                                                    <\/div>\n                                        <div class=\"sliderinhalt \" role=\"region\" aria-label=\"carousel\">\n\n                                            <h1 class=\"h1 tcenter\" >F&uuml;r die Primaten wird es eng<\/h1>                                                    <p style=\"text-align: center;\">Forscher prognostizieren massiven R\u00fcckgang des Verbreitungsgebiets afrikanischer Menschenaffen in den n\u00e4chsten 30 Jahren<\/p>\n                                                \n                                                                                                            <\/div>\n                                            <\/div>\n\n                        \n                 <\/div>\n\n                              <\/div>\n<\/div>\n\n<div class=\"textbildrepeater pb-24 pt-0 no-bg modulclass \" id=\"\">\n    <div class=\"container\">\n        <div class=\"row\">\n                                                                <div class=\"pb-24   mod_text  col-md-6 offset-md-0 pos_top\">\n                            <div class=\"textrepeater \" id=\"\">\n    <p>07.06.2021 | Evolutionary and Anthropocene Ecology, iDiv Members, Media Release, TOP NEWS<\/p>\n<\/div>\n                            <\/div>\n                        <\/div>\n    <\/div>\n<\/div>\n\n<div class=\"textbildrepeater pb-24 pt-0 no-bg modulclass \" id=\"\">\n    <div class=\"container\">\n        <div class=\"row\">\n                                                                <div class=\"pb-24   mod_text  col-md-12 offset-md-0 pos_top\">\n                            <div class=\"textrepeater \" id=\"\">\n    <p>F\u00fcr ihre Analyse trugen die Autoren Informationen \u00fcber das Vorkommen afrikanischer Menschenaffen zusammen, die in der A.P.E.S.-Datenbank der Weltnaturschutzunion (IUCN) gespeichert sind. Diese Datenbank enth\u00e4lt eine einzigartige Menge an Informationen \u00fcber den Zustand der Populationen, Bedrohungen und Schutzma\u00dfnahmen f\u00fcr mehrere hundert Standorte, die \u00fcber 20 Jahre hinweg gesammelt wurden (https:\/\/<a href=\"https:\/\/www.iucngreatapes.org\/apes-database\">www.iucngreatapes.org\/apes-database<\/a>).<\/p>\n<p>Die Forscher quantifizierten erstmals die Gesamtheit der Auswirkungen von \u00c4nderungen des Klimas, der Landnutzung und der Bev\u00f6lkerungszahlen in den Verbreitungsgebieten der afrikanischen Menschenaffen f\u00fcr das Jahr 2050. Dabei ber\u00fccksichtigten sie Best- und Worst-Case-Szenarien. \u201eBest case bedeutet, dass die Kohlenstoff-Emissionen langsam zur\u00fcckgehen und dass geeignete Ma\u00dfnahmen zur Eind\u00e4mmung ergriffen werden\u201c, erkl\u00e4rt die Mitautorin der Publikation Jessica Junker, Postdoktorandin am iDiv und an der MLU. \u201eWorst case geht davon aus, dass die Emissionen ungebremst weiter ansteigen \u2013 also business as usual.\u201c<\/p>\n<p>Unter dem Best-Case-Szenario sagen die Autoren voraus, dass Menschenaffen innerhalb der n\u00e4chsten 30 Jahre 85 Prozent ihres Verbreitungsgebietes verlieren werden. Die H\u00e4lfte davon werde dabei au\u00dferhalb von Nationalparks und anderen gesetzlich gesch\u00fctzten Gebieten liegen. Unter dem Worst-Case-Szenario sagen sie einen Verlust von 94 Prozent voraus, wovon 61 Prozent auf nicht gesch\u00fctzte Gebiete entfielen.<\/p>\n<p><strong>Bisherige Schutzgebiete reichen nicht aus<\/strong><\/p>\n<p>H\u00f6her gelegene Gebiete sind f\u00fcr einige Menschenaffenarten derzeit weniger attraktiv \u2013 vor allem aufgrund des geringeren Nahrungsangebotes. Doch durch den Klimawandel ver\u00e4ndert sich das. Tieflandgebiete werden w\u00e4rmer und trockener, die Vegetation verschiebt sich nach oben. Wenn Populationen in der Lage sind, vom Tiefland in die Berge zu ziehen, k\u00f6nnten sie \u00fcberleben und sogar ihr Verbreitungsgebiet vergr\u00f6\u00dfern \u2013 je nach Art und je nachdem, ob das Best- und Worst-Case-Szenario eintritt. Es kann aber auch sein, dass sie nicht in der Lage sind, sich in der verbleibenden Zeit zwischen heute und 2050 aus dem Tiefland wegzubewegen.<\/p>\n<p>\u201eIn dem wir zuk\u00fcnftige Klima- und Landnutzungs\u00e4nderungen sowie menschliche Bev\u00f6lkerungsszenarien eingebunden haben, k\u00f6nnen wir mit unserer Studie starke Beweise liefern, wie die wichtigsten globalen Einflussfaktoren als Gesamtheit k\u00fcnftig die Verbreitung von Menschenaffen in Afrika einschr\u00e4nken\u201c, sagt Joana Carvalho, Postdoktorandin an der naturwissenschaftlichen Fakult\u00e4t der Liverpool John Moores University und Erstautorin der Studie. \u00a0\u201eDass die gr\u00f6\u00dften Verluste des Verbreitungsgebiets au\u00dferhalb von Schutzgebieten zu erwarten sind, zeigt deutlich, dass das derzeitige Netzwerk von Schutzgebieten in Afrika noch unzureichend ist, die Lebensr\u00e4ume f\u00fcr Menschenaffen zu erhalten und Menschenaffenpopulationen effektiv zu verbinden.\u201c<\/p>\n<p><strong>Lebensr\u00e4ume m\u00fcssen verbunden sein<\/strong><\/p>\n<p>Die Ergebnisse best\u00e4tigen andere aktuelle Studien, die zeigen, dass die afrikanischen Menschenaffenpopulationen und ihre Lebensr\u00e4ume dramatisch zur\u00fcckgehen. Alle afrikanischen Menschenaffen sind auf der Roten Liste der bedrohten Arten der IUCN entweder als gef\u00e4hrdet (Berggorillas, Bonobos, Nigeria-Kamerun-Schimpansen, \u00d6stliche Schimpansen und Zentrale Schimpansen) oder als vom Aussterben bedroht (Cross-River-Gorillas, Grauer-Gorillas, Westliche Flachlandgorillas und Westliche Schimpansen) eingestuft.<\/p>\n<p>Die Autoren argumentieren, dass effektive Erhaltungsstrategien f\u00fcr jede Art geplant und dabei bestehende als auch vorgeschlagene Schutzgebiete ber\u00fccksichtigt werden m\u00fcssten. Dabei k\u00f6nnten die Modelle zur Lebensraumeignung bei der Einrichtung und beim Management von Schutzgebieten helfen. Dar\u00fcber hinaus wird es entscheidend f\u00fcr das \u00dcberleben der afrikanischen Menschenaffen sein, Verbindungen und Korridore zwischen den Lebensr\u00e4umen zu erhalten und herzustellen, die als k\u00fcnftig geeignet vorhergesagt werden. Landnutzungsplanung und Ma\u00dfnahmen zur Abschw\u00e4chung des Klimawandels m\u00fcssten dringend in die Regierungspolitik jener L\u00e4nder eingebunden werden, in denen Menschenaffen leben.<\/p>\n<p><strong>Weltweiter Verbrauch nat\u00fcrlicher Ressourcen zu hoch<\/strong><\/p>\n<p>\u201eDer weltweite Verbrauch nat\u00fcrlicher Ressourcen, die in den Verbreitungsgebieten der Menschenaffen abgebaut werden, ist eine der Hauptursachen f\u00fcr den R\u00fcckgang der Menschenaffen, sagt Letztautor Dr. Hjalmar K\u00fchl vom iDiv und MPI EVA. Alle Nationen, die von diesen Ressourcen profitieren, stehen in der Verantwortung, eine bessere Zukunft f\u00fcr Menschenaffen, deren Lebensr\u00e4ume sowie f\u00fcr die darin lebenden Menschen zu gew\u00e4hrleisten, indem sie eine nachhaltigere Wirtschaft voranbringen.\u201c<\/p>\n<p><strong>Preisgekr\u00f6nte Doku in der ARD<\/strong><\/p>\n<p>Am 7. Juni um 20.15 Uhr zeigen die ARD in der Reihe \u201eErlebnis Erde\u201c die 90-min\u00fctige Doku \u201ePlanet ohne Affen\u201c, in die auch Informationen aus der Studie eingeflossen sind. Der Film wurde bereits als \u201eBester Dokumentarfilm\u201c auf mehreren US-amerikanischen Filmfestivals ausgezeichnet.<\/p>\n<p>Diese Forschungsarbeit wurde u.a. gef\u00f6rdert durch die Deutsche Forschungsgemeinschaft (DFG; FZT-118).<\/p>\n<p>&nbsp;<\/p>\n<p><strong>Originalpublikation:<\/strong><br \/>\n(Forscher mit iDiv-Affiliation fett)<\/p>\n<p>Carvalho, J.S., \u2026 , <strong>Junker, J.<\/strong>, \u2026 &amp; <strong>K\u00fchl, H.S.<\/strong> (2021): Predicting range shifts of African apes under global change scenarios. Diversity and Distributions, DOI: <a href=\"https:\/\/onlinelibrary.wiley.com\/doi\/full\/10.1111\/ddi.13358\">10.1111\/ddi.13358<\/a><\/p>\n<\/div>\n                            <\/div>\n                        <\/div>\n    <\/div>\n<\/div>\n\n<div class=\"textbildrepeater pb-24 pt-0 no-bg modulclass \" id=\"\">\n    <div class=\"container\">\n        <div class=\"row\">\n                                                                <div class=\"pb-24   mod_text  col-md-12 offset-md-0 pos_top\">\n                            <div class=\"textrepeater \" id=\"\">\n    <h3>Ansprechpartner:<\/h3>\n<p><strong>Sebastian Tilch<\/strong><br \/>\nAbteilung Medien und Kommunikation<br \/>\nDeutsches Zentrum f\u00fcr integrative Biodiversit\u00e4tsforschung (iDiv) Halle-Jena-Leipzig<br \/>\nTel.: +49 341 97 33197<br \/>\nE-Mail: <a href=\"&#x6d;&#97;&#x69;&#x6c;&#116;&#x6f;&#58;s&#x65;&#98;a&#x73;&#116;i&#x61;&#110;&#46;&#x74;&#105;&#x6c;&#x63;&#104;&#x40;&#x69;&#100;&#x69;&#118;&#46;&#x64;&#101;\">&#115;&#x65;b&#x61;&#x73;&#116;&#x69;a&#x6e;&#x2e;&#116;&#x69;l&#x63;&#x68;&#64;&#x69;d&#x69;&#x76;&#46;&#x64;e<\/a><\/p>\n<p><strong>Dr. Jessica Junker<\/strong><br \/>\nDeutsches Zentrum f\u00fcr integrative Biodiversit\u00e4tsforschung (iDiv) Halle-Jena-Leipzig<br \/>\nMartin-Luther-Universit\u00e4t Halle-Wittenberg<br \/>\nTel.: +49 341 9733123<br \/>\nE-Mail: <a href=\"&#x6d;&#97;i&#x6c;&#x74;&#111;:&#x6a;&#x65;&#115;s&#x69;&#99;a&#x2e;&#x6a;&#117;n&#x6b;&#x65;&#114;&#64;&#x69;&#100;&#105;&#x76;&#x2e;&#100;e\">&#106;e&#115;s&#105;c&#x61;&#46;&#x6a;u&#x6e;k&#x65;r&#x40;i&#x64;i&#x76;&#46;&#x64;e<\/a><\/p>\n<p><strong>Dr. Hjalmar K\u00fchl<\/strong><br \/>\nLeiter der Forschungsgruppe Nachhaltigkeit und Komplexit\u00e4t der Lebensr\u00e4ume von Menschenaffen<br \/>\nDeutsches Zentrum f\u00fcr integrative Biodiversit\u00e4tsforschung (iDiv) Halle-Jena-Leipzig<br \/>\nMax-Planck-Institut f\u00fcr evolution\u00e4re Anthropologie (MPI-EVA)<br \/>\nTel.: +49 341 3550236<br \/>\nE-Mail: <a href=\"&#109;&#x61;&#105;&#x6c;&#116;&#x6f;:&#x6b;u&#x65;h&#108;&#x40;&#101;&#x76;&#97;&#x2e;&#109;&#x70;g&#x2e;d&#x65;\">&#x6b;u&#x65;h&#x6c;&#64;&#x65;&#118;a&#x2e;m&#x70;&#103;&#x2e;&#100;&#x65;<\/a><\/p>\n<\/div>\n                            <\/div>\n                        <\/div>\n    <\/div>\n<\/div>\n\n<div class=\"textbildrepeater pb-24 pt-0 no-bg modulclass \" id=\"\">\n    <div class=\"container\">\n        <div class=\"row\">\n                                                                <div class=\"pb-24   mod_text  col-md-12 offset-md-0 pos_top\">\n                            <div class=\"textrepeater \" id=\"\">\n    <p><em>Hinweis f\u00fcr die Medien: Die von iDiv bereitgestellten Bilder d\u00fcrfen ausschlie\u00dflich f\u00fcr die Berichterstattung im Zusammenhang mit dieser Medienmitteilung und unter Angabe des\/der Urhebers\/in verwendet werden.<\/em><\/p>\n<\/div>\n                            <\/div>\n                        <\/div>\n    <\/div>\n<\/div>","protected":false},"excerpt":{"rendered":"","protected":false},"author":1,"featured_media":0,"comment_status":"open","ping_status":"open","sticky":false,"template":"","format":"standard","meta":{"_acf_changed":false,"advgb_blocks_editor_width":"","advgb_blocks_columns_visual_guide":"","footnotes":"","_links_to":"","_links_to_target":""},"categories":[39,29,30],"tags":[],"class_list":["post-12296","post","type-post","status-publish","format-standard","hentry","category-idiv-mitglieder","category-medienmitteilung","category-top-news-de-2"],"acf":{"thumb":6265,"thumbmobile":"","copyright":"Pascal Gagneux\/GMERC","breadcrumb":true},"yoast_head":"<!-- This site is optimized with the Yoast SEO plugin v27.5 - https:\/\/yoast.com\/product\/yoast-seo-wordpress\/ -->\n<title>F&uuml;r die Primaten wird es eng | iDiv<\/title>\n<meta name=\"robots\" content=\"index, follow, max-snippet:-1, max-image-preview:large, max-video-preview:-1\" \/>\n<link rel=\"canonical\" href=\"https:\/\/www.idiv.de\/de\/fr-die-primaten-wird-es-eng\/\" \/>\n<meta property=\"og:locale\" content=\"de_DE\" \/>\n<meta property=\"og:type\" content=\"article\" \/>\n<meta property=\"og:title\" content=\"F&uuml;r die Primaten wird es eng | iDiv\" \/>\n<meta property=\"og:url\" content=\"https:\/\/www.idiv.de\/de\/fr-die-primaten-wird-es-eng\/\" \/>\n<meta property=\"og:site_name\" content=\"iDiv\" \/>\n<meta property=\"article:published_time\" content=\"2021-06-06T23:00:00+00:00\" \/>\n<meta property=\"article:modified_time\" content=\"2025-09-29T10:24:58+00:00\" \/>\n<meta property=\"og:image\" content=\"https:\/\/www.idiv.de\/wp-content\/uploads\/2024\/11\/iDivSocialMediaShare.jpg\" \/>\n\t<meta property=\"og:image:width\" content=\"1200\" \/>\n\t<meta property=\"og:image:height\" content=\"675\" \/>\n\t<meta property=\"og:image:type\" content=\"image\/jpeg\" \/>\n<meta name=\"author\" content=\"admin\" \/>\n<meta name=\"twitter:card\" content=\"summary_large_image\" \/>\n<meta name=\"twitter:creator\" content=\"@idiv\" \/>\n<meta name=\"twitter:site\" content=\"@idiv\" \/>\n<script type=\"application\/ld+json\" class=\"yoast-schema-graph\">{\"@context\":\"https:\\\/\\\/schema.org\",\"@graph\":[{\"@type\":\"Article\",\"@id\":\"https:\\\/\\\/www.idiv.de\\\/de\\\/fr-die-primaten-wird-es-eng\\\/#article\",\"isPartOf\":{\"@id\":\"https:\\\/\\\/www.idiv.de\\\/de\\\/fr-die-primaten-wird-es-eng\\\/\"},\"author\":{\"name\":\"admin\",\"@id\":\"https:\\\/\\\/www.idiv.de\\\/de\\\/#\\\/schema\\\/person\\\/14228c09f1919627a633555952e15fc0\"},\"headline\":\"F&uuml;r die Primaten wird es eng\",\"datePublished\":\"2021-06-06T23:00:00+00:00\",\"dateModified\":\"2025-09-29T10:24:58+00:00\",\"mainEntityOfPage\":{\"@id\":\"https:\\\/\\\/www.idiv.de\\\/de\\\/fr-die-primaten-wird-es-eng\\\/\"},\"wordCount\":8,\"commentCount\":0,\"publisher\":{\"@id\":\"https:\\\/\\\/www.idiv.de\\\/de\\\/#organization\"},\"articleSection\":[\"iDiv-Mitglieder\",\"Medienmitteilung\",\"TOP NEWS\"],\"inLanguage\":\"de\"},{\"@type\":\"WebPage\",\"@id\":\"https:\\\/\\\/www.idiv.de\\\/de\\\/fr-die-primaten-wird-es-eng\\\/\",\"url\":\"https:\\\/\\\/www.idiv.de\\\/de\\\/fr-die-primaten-wird-es-eng\\\/\",\"name\":\"F&uuml;r die Primaten wird es eng | iDiv\",\"isPartOf\":{\"@id\":\"https:\\\/\\\/www.idiv.de\\\/de\\\/#website\"},\"datePublished\":\"2021-06-06T23:00:00+00:00\",\"dateModified\":\"2025-09-29T10:24:58+00:00\",\"breadcrumb\":{\"@id\":\"https:\\\/\\\/www.idiv.de\\\/de\\\/fr-die-primaten-wird-es-eng\\\/#breadcrumb\"},\"inLanguage\":\"de\",\"potentialAction\":[{\"@type\":\"ReadAction\",\"target\":[\"https:\\\/\\\/www.idiv.de\\\/de\\\/fr-die-primaten-wird-es-eng\\\/\"]}]},{\"@type\":\"BreadcrumbList\",\"@id\":\"https:\\\/\\\/www.idiv.de\\\/de\\\/fr-die-primaten-wird-es-eng\\\/#breadcrumb\",\"itemListElement\":[{\"@type\":\"ListItem\",\"position\":1,\"name\":\"Startseite\",\"item\":\"https:\\\/\\\/www.idiv.de\\\/de\\\/\"},{\"@type\":\"ListItem\",\"position\":2,\"name\":\"F&uuml;r die Primaten wird es eng\"}]},{\"@type\":\"WebSite\",\"@id\":\"https:\\\/\\\/www.idiv.de\\\/de\\\/#website\",\"url\":\"https:\\\/\\\/www.idiv.de\\\/de\\\/\",\"name\":\"iDiv\",\"description\":\"Hotspot in Biodiversity Research\",\"publisher\":{\"@id\":\"https:\\\/\\\/www.idiv.de\\\/de\\\/#organization\"},\"potentialAction\":[{\"@type\":\"SearchAction\",\"target\":{\"@type\":\"EntryPoint\",\"urlTemplate\":\"https:\\\/\\\/www.idiv.de\\\/de\\\/?s={search_term_string}\"},\"query-input\":{\"@type\":\"PropertyValueSpecification\",\"valueRequired\":true,\"valueName\":\"search_term_string\"}}],\"inLanguage\":\"de\"},{\"@type\":\"Organization\",\"@id\":\"https:\\\/\\\/www.idiv.de\\\/de\\\/#organization\",\"name\":\"idiv\",\"url\":\"https:\\\/\\\/www.idiv.de\\\/de\\\/\",\"logo\":{\"@type\":\"ImageObject\",\"inLanguage\":\"de\",\"@id\":\"https:\\\/\\\/www.idiv.de\\\/de\\\/#\\\/schema\\\/logo\\\/image\\\/\",\"url\":\"https:\\\/\\\/www.idiv.de\\\/wp-content\\\/uploads\\\/2024\\\/08\\\/iDiv_Logo_long_v1_EN_black_4c.jpg\",\"contentUrl\":\"https:\\\/\\\/www.idiv.de\\\/wp-content\\\/uploads\\\/2024\\\/08\\\/iDiv_Logo_long_v1_EN_black_4c.jpg\",\"width\":2448,\"height\":674,\"caption\":\"idiv\"},\"image\":{\"@id\":\"https:\\\/\\\/www.idiv.de\\\/de\\\/#\\\/schema\\\/logo\\\/image\\\/\"},\"sameAs\":[\"https:\\\/\\\/x.com\\\/idiv\",\"https:\\\/\\\/www.linkedin.com\\\/company\\\/idiv-biodiversity\\\/\",\"https:\\\/\\\/www.youtube.com\\\/idiv-research\"]},{\"@type\":\"Person\",\"@id\":\"https:\\\/\\\/www.idiv.de\\\/de\\\/#\\\/schema\\\/person\\\/14228c09f1919627a633555952e15fc0\",\"name\":\"admin\",\"url\":\"https:\\\/\\\/www.idiv.de\\\/de\\\/author\\\/admin\\\/\"}]}<\/script>\n<!-- \/ Yoast SEO plugin. -->","yoast_head_json":{"title":"F&uuml;r die Primaten wird es eng | iDiv","robots":{"index":"index","follow":"follow","max-snippet":"max-snippet:-1","max-image-preview":"max-image-preview:large","max-video-preview":"max-video-preview:-1"},"canonical":"https:\/\/www.idiv.de\/de\/fr-die-primaten-wird-es-eng\/","og_locale":"de_DE","og_type":"article","og_title":"F&uuml;r die Primaten wird es eng | iDiv","og_url":"https:\/\/www.idiv.de\/de\/fr-die-primaten-wird-es-eng\/","og_site_name":"iDiv","article_published_time":"2021-06-06T23:00:00+00:00","article_modified_time":"2025-09-29T10:24:58+00:00","og_image":[{"width":1200,"height":675,"url":"https:\/\/www.idiv.de\/wp-content\/uploads\/2024\/11\/iDivSocialMediaShare.jpg","type":"image\/jpeg"}],"author":"admin","twitter_card":"summary_large_image","twitter_creator":"@idiv","twitter_site":"@idiv","schema":{"@context":"https:\/\/schema.org","@graph":[{"@type":"Article","@id":"https:\/\/www.idiv.de\/de\/fr-die-primaten-wird-es-eng\/#article","isPartOf":{"@id":"https:\/\/www.idiv.de\/de\/fr-die-primaten-wird-es-eng\/"},"author":{"name":"admin","@id":"https:\/\/www.idiv.de\/de\/#\/schema\/person\/14228c09f1919627a633555952e15fc0"},"headline":"F&uuml;r die Primaten wird es eng","datePublished":"2021-06-06T23:00:00+00:00","dateModified":"2025-09-29T10:24:58+00:00","mainEntityOfPage":{"@id":"https:\/\/www.idiv.de\/de\/fr-die-primaten-wird-es-eng\/"},"wordCount":8,"commentCount":0,"publisher":{"@id":"https:\/\/www.idiv.de\/de\/#organization"},"articleSection":["iDiv-Mitglieder","Medienmitteilung","TOP NEWS"],"inLanguage":"de"},{"@type":"WebPage","@id":"https:\/\/www.idiv.de\/de\/fr-die-primaten-wird-es-eng\/","url":"https:\/\/www.idiv.de\/de\/fr-die-primaten-wird-es-eng\/","name":"F&uuml;r die Primaten wird es eng | iDiv","isPartOf":{"@id":"https:\/\/www.idiv.de\/de\/#website"},"datePublished":"2021-06-06T23:00:00+00:00","dateModified":"2025-09-29T10:24:58+00:00","breadcrumb":{"@id":"https:\/\/www.idiv.de\/de\/fr-die-primaten-wird-es-eng\/#breadcrumb"},"inLanguage":"de","potentialAction":[{"@type":"ReadAction","target":["https:\/\/www.idiv.de\/de\/fr-die-primaten-wird-es-eng\/"]}]},{"@type":"BreadcrumbList","@id":"https:\/\/www.idiv.de\/de\/fr-die-primaten-wird-es-eng\/#breadcrumb","itemListElement":[{"@type":"ListItem","position":1,"name":"Startseite","item":"https:\/\/www.idiv.de\/de\/"},{"@type":"ListItem","position":2,"name":"F&uuml;r die Primaten wird es eng"}]},{"@type":"WebSite","@id":"https:\/\/www.idiv.de\/de\/#website","url":"https:\/\/www.idiv.de\/de\/","name":"iDiv","description":"Hotspot in Biodiversity Research","publisher":{"@id":"https:\/\/www.idiv.de\/de\/#organization"},"potentialAction":[{"@type":"SearchAction","target":{"@type":"EntryPoint","urlTemplate":"https:\/\/www.idiv.de\/de\/?s={search_term_string}"},"query-input":{"@type":"PropertyValueSpecification","valueRequired":true,"valueName":"search_term_string"}}],"inLanguage":"de"},{"@type":"Organization","@id":"https:\/\/www.idiv.de\/de\/#organization","name":"idiv","url":"https:\/\/www.idiv.de\/de\/","logo":{"@type":"ImageObject","inLanguage":"de","@id":"https:\/\/www.idiv.de\/de\/#\/schema\/logo\/image\/","url":"https:\/\/www.idiv.de\/wp-content\/uploads\/2024\/08\/iDiv_Logo_long_v1_EN_black_4c.jpg","contentUrl":"https:\/\/www.idiv.de\/wp-content\/uploads\/2024\/08\/iDiv_Logo_long_v1_EN_black_4c.jpg","width":2448,"height":674,"caption":"idiv"},"image":{"@id":"https:\/\/www.idiv.de\/de\/#\/schema\/logo\/image\/"},"sameAs":["https:\/\/x.com\/idiv","https:\/\/www.linkedin.com\/company\/idiv-biodiversity\/","https:\/\/www.youtube.com\/idiv-research"]},{"@type":"Person","@id":"https:\/\/www.idiv.de\/de\/#\/schema\/person\/14228c09f1919627a633555952e15fc0","name":"admin","url":"https:\/\/www.idiv.de\/de\/author\/admin\/"}]}},"author_meta":{"display_name":"admin","author_link":"https:\/\/www.idiv.de\/de\/author\/admin\/"},"featured_img":null,"coauthors":[],"tax_additional":{"categories":{"linked":["<a href=\"https:\/\/www.idiv.de\/de\/kategorie\/idiv-mitglieder\/\" class=\"advgb-post-tax-term\">iDiv-Mitglieder<\/a>","<a href=\"https:\/\/www.idiv.de\/de\/kategorie\/medienmitteilung\/\" class=\"advgb-post-tax-term\">Medienmitteilung<\/a>","<a href=\"https:\/\/www.idiv.de\/de\/kategorie\/top-news-de-2\/\" class=\"advgb-post-tax-term\">TOP NEWS<\/a>"],"unlinked":["<span class=\"advgb-post-tax-term\">iDiv-Mitglieder<\/span>","<span class=\"advgb-post-tax-term\">Medienmitteilung<\/span>","<span class=\"advgb-post-tax-term\">TOP NEWS<\/span>"]}},"comment_count":0,"relative_dates":{"created":"Ver\u00f6ffentlicht 5\u00a0Jahren vor","modified":"Aktualisiert 7\u00a0Monaten vor"},"absolute_dates":{"created":"Ver\u00f6ffentlicht am 7. Juni 2021","modified":"Aktualisiert am 29. September 2025"},"absolute_dates_time":{"created":"Ver\u00f6ffentlicht am 7. Juni 2021 0:00","modified":"Aktualisiert am 29. September 2025 11:24"},"featured_img_caption":"","series_order":"","_links":{"self":[{"href":"https:\/\/www.idiv.de\/de\/wp-json\/wp\/v2\/posts\/12296","targetHints":{"allow":["GET"]}}],"collection":[{"href":"https:\/\/www.idiv.de\/de\/wp-json\/wp\/v2\/posts"}],"about":[{"href":"https:\/\/www.idiv.de\/de\/wp-json\/wp\/v2\/types\/post"}],"author":[{"embeddable":true,"href":"https:\/\/www.idiv.de\/de\/wp-json\/wp\/v2\/users\/1"}],"replies":[{"embeddable":true,"href":"https:\/\/www.idiv.de\/de\/wp-json\/wp\/v2\/comments?post=12296"}],"version-history":[{"count":3,"href":"https:\/\/www.idiv.de\/de\/wp-json\/wp\/v2\/posts\/12296\/revisions"}],"predecessor-version":[{"id":35709,"href":"https:\/\/www.idiv.de\/de\/wp-json\/wp\/v2\/posts\/12296\/revisions\/35709"}],"wp:attachment":[{"href":"https:\/\/www.idiv.de\/de\/wp-json\/wp\/v2\/media?parent=12296"}],"wp:term":[{"taxonomy":"category","embeddable":true,"href":"https:\/\/www.idiv.de\/de\/wp-json\/wp\/v2\/categories?post=12296"},{"taxonomy":"post_tag","embeddable":true,"href":"https:\/\/www.idiv.de\/de\/wp-json\/wp\/v2\/tags?post=12296"}],"curies":[{"name":"wp","href":"https:\/\/api.w.org\/{rel}","templated":true}]}}