{"id":12290,"date":"2021-06-01T00:00:00","date_gmt":"2021-05-31T23:00:00","guid":{"rendered":"https:\/\/idiv.caf-dev.de\/dimensionen-des-invasionserfolgs-von-pflanzen\/"},"modified":"2024-10-25T10:45:34","modified_gmt":"2024-10-25T09:45:34","slug":"dimensionen-des-invasionserfolgs-von-pflanzen","status":"publish","type":"post","link":"https:\/\/www.idiv.de\/de\/dimensionen-des-invasionserfolgs-von-pflanzen\/","title":{"rendered":"Dimensionen des Invasionserfolgs von Pflanzen"},"content":{"rendered":"\n        <div class=\"herosection pb-24 pt-0 no-bg modulclass \" id=\"\">\n                    <div class=\"swiper1noslider  nooverflow swiper \" id=\"slide_69f3c7f4e391a\">\n        \n                <div class=\"swiper-wrapper\">\n                                            <div class=\"swiper-slide  style_ \" aria-hidden=\"true\" >\n                            <div class=\"backstretchwrap\">\n                        \n                            <div datasrc=\"https:\/\/www.idiv.de\/wp-content\/uploads\/2024\/08\/pic_3952aa49d820210601114306.jpg\" class=\"backstretchimg responsiv desktop\"><\/div>\n\n                            <a href=\"#\" class=\"cr\"><svg  xmlns=\"http:\/\/www.w3.org\/2000\/svg\" width=\"22\" height=\"22\" viewBox=\"0 0 22 22\">\n                                    <rect id=\"BG\" width=\"22\" height=\"22\" rx=\"11\" fill=\"#fff\"\/>\n                                    <g id=\"Wrapper\" transform=\"translate(-1 -1)\">\n                                        <g id=\"Icon_material-copyright\" data-name=\"Icon material-copyright\">\n                                            <circle id=\"Ellipse_30\" data-name=\"Ellipse 30\" cx=\"8\" cy=\"8\" r=\"8\" transform=\"translate(4 4)\" fill=\"#fff\"\/>\n                                            <path id=\"Icon_material-copyright-2\" data-name=\"Icon material-copyright\" d=\"M9.464,10.088a2.045,2.045,0,0,1,.24-.7,1.4,1.4,0,0,1,.472-.5,1.42,1.42,0,0,1,.728-.184,1.45,1.45,0,0,1,.5.1,1.29,1.29,0,0,1,.416.288,1.54,1.54,0,0,1,.272.424,1.4,1.4,0,0,1,.112.512H13.64a2.864,2.864,0,0,0-.224-1.032,2.4,2.4,0,0,0-.56-.808,2.613,2.613,0,0,0-.864-.528,3.09,3.09,0,0,0-1.112-.184,3.127,3.127,0,0,0-1.36.272,2.751,2.751,0,0,0-.96.736,3.007,3.007,0,0,0-.568,1.088A4.685,4.685,0,0,0,7.8,10.9v.216a4.684,4.684,0,0,0,.184,1.312,2.908,2.908,0,0,0,.568,1.08,2.731,2.731,0,0,0,.96.728,3.246,3.246,0,0,0,1.36.272,3.051,3.051,0,0,0,1.056-.184,2.729,2.729,0,0,0,.864-.5,2.442,2.442,0,0,0,.592-.752,2.153,2.153,0,0,0,.24-.92H12.192a1.139,1.139,0,0,1-.12.464,1.177,1.177,0,0,1-.288.368,1.26,1.26,0,0,1-.416.24,1.589,1.589,0,0,1-.48.08,1.359,1.359,0,0,1-.712-.184,1.4,1.4,0,0,1-.472-.5,2.09,2.09,0,0,1-.24-.7,5.392,5.392,0,0,1-.064-.8V10.9a5.33,5.33,0,0,1,.064-.808ZM11,3a8,8,0,1,0,8,8A8,8,0,0,0,11,3Zm0,14.4A6.4,6.4,0,1,1,17.4,11,6.408,6.408,0,0,1,11,17.4Z\" transform=\"translate(1 1)\" fill=\"#4d4d4d\"\/>\n                                        <\/g>\n                                    <\/g>\n                                <\/svg>\n                                <span>Trevor Fristoe<\/span><\/a>                        \n                                                    <\/div>\n                                        <div class=\"sliderinhalt \" role=\"region\" aria-label=\"carousel\">\n\n                                            <h1 class=\"h1 align-center\" >Dimensionen des Invasionserfolgs von Pflanzen<\/h1>                                                    <p style='text-align: center;'>Internationales Forschungsteam identifiziert Muster und Faktoren der \u201eInvasivit\u00e4t\u201c nichtheimischer Pflanzenarten in Europa<\/p>\n<p style='text-align: center;'>Dr&uuml;siges Springkraut (Impatiens glandulifera)<\/p>\n                                                \n                                                                                                            <\/div>\n                                            <\/div>\n\n                        \n                 <\/div>\n\n                              <\/div>\n<\/div>\n       <div class=\"textbildrepeater pb-24 pt-0 no-bg modulclass \" id=\"\">\n    <div class=\"container\">\n        <div class=\"row\">\n                                                                <div class=\"pb-24   mod_text  col-md-6 offset-md-0 pos_top\">\n                            <div class=\"textrepeater \" id=\"\">\n    <p>01.06.2021 | iDiv, Media Release, Research, TOP NEWS<\/p>\n<\/div>\n                            <\/div>\n                        <\/div>\n    <\/div>\n<\/div><div class=\"textbildrepeater pb-24 pt-0 no-bg modulclass \" id=\"\">\n    <div class=\"container\">\n        <div class=\"row\">\n                                                                <div class=\"pb-24   mod_text  col-md-12 offset-md-0 pos_top\">\n                            <div class=\"textrepeater \" id=\"\">\n    <p><strong>Basiert auf einer Medienmitteilung der Universit&auml;t Konstanz<\/strong><\/p>\n<p><strong>Invasive Pflanzen sind Pflanzenarten, die in einer Umgebung au&szlig;erhalb ihres urspr&uuml;nglichen Lebensraums wachsen. Sofern sie sich dort erfolgreich etablieren, k&ouml;nnen sie erhebliche negative Auswirkungen auf lokale &Ouml;kosysteme sowie Wirtschaft und Gesellschaft haben. Nicht alle Pflanzenarten sind jedoch gleich effektiv bei der Eroberung neuer Lebensr&auml;ume. Ein internationales Team von Forschenden unter der Leitung des Konstanzer Biologen Professor Mark van Kleunen und unter Beteiligung von iDiv-Mitgliedern untersuchte nun auf kontinentaler Ebene verschiedene Arten von &bdquo;Invasivit&auml;t&ldquo; sowie m&ouml;gliche Faktoren, die den Invasionserfolg nichtheimischer Pflanzen in Europa bestimmen.<\/strong><\/p>\n<\/div>\n                            <\/div>\n                        <\/div>\n    <\/div>\n<\/div><div class=\"textbildrepeater pb-24 pt-0 no-bg modulclass \" id=\"\">\n    <div class=\"container\">\n        <div class=\"row\">\n                                                                <div class=\"pb-24   mod_bild  col-md-5 offset-md-0 pos_top\">\n                            <div class=\"bildrepeater \" id=\"\">\n    <div class=\"relativ\"><img decoding=\"async\" class=\"responsiv desktop\" src=\"https:\/\/www.idiv.de\/wp-content\/uploads\/2024\/08\/pic_df761409c320210601114340.jpg\" height=\"\" width=\"\" alt=\"idiv-\"\/><img decoding=\"async\" class=\"responsiv mobile\" src=\"https:\/\/www.idiv.de\/wp-content\/uploads\/2024\/08\/pic_df761409c320210601114340.jpg\" height=\"\" width=\"\" alt=\"idiv-\"\/><a href=\"#\" class=\"cr\" role=\"button\">\n<svg  xmlns=\"http:\/\/www.w3.org\/2000\/svg\" width=\"22\" height=\"22\" viewBox=\"0 0 22 22\">\n    <rect id=\"BG\" width=\"22\" height=\"22\" rx=\"11\" fill=\"#fff\"\/>\n    <g id=\"Wrapper\" transform=\"translate(-1 -1)\">\n        <g id=\"Icon_material-copyright\" data-name=\"Icon material-copyright\">\n            <circle id=\"Ellipse_30\" data-name=\"Ellipse 30\" cx=\"8\" cy=\"8\" r=\"8\" transform=\"translate(4 4)\" fill=\"#fff\"\/>\n            <path id=\"Icon_material-copyright-2\" data-name=\"Icon material-copyright\" d=\"M9.464,10.088a2.045,2.045,0,0,1,.24-.7,1.4,1.4,0,0,1,.472-.5,1.42,1.42,0,0,1,.728-.184,1.45,1.45,0,0,1,.5.1,1.29,1.29,0,0,1,.416.288,1.54,1.54,0,0,1,.272.424,1.4,1.4,0,0,1,.112.512H13.64a2.864,2.864,0,0,0-.224-1.032,2.4,2.4,0,0,0-.56-.808,2.613,2.613,0,0,0-.864-.528,3.09,3.09,0,0,0-1.112-.184,3.127,3.127,0,0,0-1.36.272,2.751,2.751,0,0,0-.96.736,3.007,3.007,0,0,0-.568,1.088A4.685,4.685,0,0,0,7.8,10.9v.216a4.684,4.684,0,0,0,.184,1.312,2.908,2.908,0,0,0,.568,1.08,2.731,2.731,0,0,0,.96.728,3.246,3.246,0,0,0,1.36.272,3.051,3.051,0,0,0,1.056-.184,2.729,2.729,0,0,0,.864-.5,2.442,2.442,0,0,0,.592-.752,2.153,2.153,0,0,0,.24-.92H12.192a1.139,1.139,0,0,1-.12.464,1.177,1.177,0,0,1-.288.368,1.26,1.26,0,0,1-.416.24,1.589,1.589,0,0,1-.48.08,1.359,1.359,0,0,1-.712-.184,1.4,1.4,0,0,1-.472-.5,2.09,2.09,0,0,1-.24-.7,5.392,5.392,0,0,1-.064-.8V10.9a5.33,5.33,0,0,1,.064-.808ZM11,3a8,8,0,1,0,8,8A8,8,0,0,0,11,3Zm0,14.4A6.4,6.4,0,1,1,17.4,11,6.408,6.408,0,0,1,11,17.4Z\" transform=\"translate(1 1)\" fill=\"#4d4d4d\"\/>\n        <\/g>\n    <\/g>\n<\/svg>\n<span>Mark van Kleunen<\/span><\/a><\/div><p class=\"bu\">Nickender Sauerklee (Oxalis pes-caprae)<\/p><\/div>\n                            <\/div>\n                        <\/div>\n    <\/div>\n<\/div><div class=\"textbildrepeater pb-24 pt-0 no-bg modulclass \" id=\"\">\n    <div class=\"container\">\n        <div class=\"row\">\n                                                                <div class=\"pb-24   mod_text  col-md-12 offset-md-0 pos_top\">\n                            <div class=\"textrepeater \" id=\"\">\n    <p>Die Studie, die in der Fachzeitschrift PNAS erschienen ist, beschreibt Invasivit&auml;t entlang der drei Dimensionen &bdquo;lokale H&auml;ufigkeit&ldquo;, &bdquo;geografische Ausdehnung&ldquo; und &bdquo;Breite an Lebensr&auml;umen&ldquo;. Hohe Werte in den Variablen charakterisieren die &bdquo;Superinvasoren&ldquo; unter den Pflanzen, die in vielen F&auml;llen au&szlig;erdem durch eine au&szlig;ereurop&auml;ische Herkunft, eine fr&uuml;he Ankunft in Europa sowie schnelles Wachstum charakterisiert sind. Die Ergebnisse der Studie erweitern unser allgemeines Verst&auml;ndnis dar&uuml;ber, wie sich sowohl invasive als auch einheimische Pflanzenarten ausbreiten, und k&ouml;nnen helfen, zuk&uuml;nftige Invasionsereignisse besser vorherzusehen und diesen entgegenzuwirken.<\/p>\n<p><strong>Fakten&uuml;bersicht<\/strong><\/p>\n<ul>\n<li>Die Invasivit&auml;t von Pflanzenarten wird entlang der drei Dimensionen &bdquo;lokale H&auml;ufigkeit&ldquo;, &bdquo;geografische Ausdehnung&ldquo; und &bdquo;Breite an Lebensr&auml;umen&ldquo; beschrieben. Hohe Werte in allen drei Variablen charakterisieren sogenannte &bdquo;Superinvasoren&ldquo;.<\/li>\n<li>Neben einigen biologischen Merkmalen spielt insbesondere die Invasionshistorie der Pflanzen eine wichtige Rolle f&uuml;r die Invasivit&auml;t&#58; Au&szlig;ereurop&auml;ische Herkunft, fr&uuml;he Ankunft in Europa sowie schnelles Wachstum sind Merkmale vieler Superinvasoren.<\/li>\n<li>Die Ergebnisse erweitern unser allgemeines Verst&auml;ndnis &uuml;ber die Verbreitung von Pflanzen und k&ouml;nnen helfen, zuk&uuml;nftige Invasionsereignisse besser vorherzusagen und einzud&auml;mmen.<\/li>\n<\/ul>\n<p>Einen ausf&uuml;hrlichen Artikel bietet die Universit&auml;t Konstanz im Online-Magazin <a href=https&#58;\/\/www.campus.uni-konstanz.de\/wissenschaft\/dimensionen-des-invasionserfolgs-von-pflanzen target=_blank rel=noopener>campus.kn<\/a><\/p>\n<p><strong>Originalpublikation<br \/><\/strong>(WIssenschaftlerinnen und Wissenschaftler mit iDiv-Affiliation fett)<strong><br \/><\/strong>Trevor S. Fristoe, &#8230;, <strong>J&uuml;rgen Dengler<\/strong>, &#8230;, <strong>Ute Jandt<\/strong>, &#8230;, Mark van Kleunen. (2021). Dimensions of invasiveness&#58; links between local abundance, geographic range size and habitat breadth in Europe&rsquo;s alien and native floras, PNAS; DOI&#58; <a href=https&#58;\/\/doi.org\/10.1073\/pnas.2021173118 target=_blank rel=noopener>10.1073\/pnas.2021173118<\/a><\/p>\n<\/div>\n                            <\/div>\n                        <\/div>\n    <\/div>\n<\/div><div class=\"textbildrepeater pb-24 pt-0 no-bg modulclass \" id=\"\">\n    <div class=\"container\">\n        <div class=\"row\">\n                                                                <div class=\"pb-24   mod_text  col-md-12 offset-md-0 pos_top\">\n                            <div class=\"textrepeater \" id=\"\">\n    <p><em>Hinweis f\u00fcr die Medien: Die von iDiv bereitgestellten Bilder d\u00fcrfen ausschlie\u00dflich f\u00fcr die Berichterstattung im Zusammenhang mit dieser Medienmitteilung und unter Angabe des\/der Urhebers\/in verwendet werden.<\/em><\/p>\n<\/div>\n                            <\/div>\n                        <\/div>\n    <\/div>\n<\/div>","protected":false},"excerpt":{"rendered":"<p>Basiert auf einer Medienmitteilung der Universit&auml;t Konstanz<br \/>\nInvasive Pflanzen sind Pflanzenarten, die in einer Umgebung au&szlig;erhalb ihres urspr&uuml;nglichen Lebensraums wachsen. Sofern sie sich dort erfolgreich etablieren, k&ouml;nnen sie erhebliche negative Auswirkungen auf lokale &Ouml;kosysteme sowie Wirtschaft und Gesellschaft haben. Nicht alle Pflanzenarten sind jedoch gleich effektiv bei der Eroberung neuer Lebensr&auml;ume. Ein internationales Team von Forschenden unter der Leitung des Konstanzer Biologen Professor Mark van Kleunen und unter Beteiligung von iDiv-Mitgliedern untersuchte nun auf kontinentaler Ebene verschiedene Arten von &bdquo;Invasivit&auml;t&ldquo; sowie m&ouml;gliche Faktoren, die den Invasionserfolg nichtheimischer Pflanzen in Europa bestimmen.<\/p>\n","protected":false},"author":1,"featured_media":0,"comment_status":"open","ping_status":"open","sticky":false,"template":"","format":"standard","meta":{"_acf_changed":false,"advgb_blocks_editor_width":"","advgb_blocks_columns_visual_guide":"","footnotes":"","_links_to":"","_links_to_target":""},"categories":[37,28,29,30],"tags":[],"class_list":["post-12290","post","type-post","status-publish","format-standard","hentry","category-forschung","category-idiv-de","category-medienmitteilung","category-top-news-de-2"],"acf":{"thumb":6273,"thumbmobile":null,"copyright":"Trevor Fristoe","breadcrumb":true},"yoast_head":"<!-- This site is optimized with the Yoast SEO plugin v27.5 - https:\/\/yoast.com\/product\/yoast-seo-wordpress\/ -->\n<title>Dimensionen des Invasionserfolgs von Pflanzen| iDiv<\/title>\n<meta name=\"robots\" content=\"index, follow, max-snippet:-1, max-image-preview:large, max-video-preview:-1\" \/>\n<link rel=\"canonical\" href=\"https:\/\/www.idiv.de\/de\/dimensionen-des-invasionserfolgs-von-pflanzen\/\" \/>\n<meta property=\"og:locale\" content=\"de_DE\" \/>\n<meta property=\"og:type\" content=\"article\" \/>\n<meta property=\"og:title\" content=\"Dimensionen des Invasionserfolgs von Pflanzen| iDiv\" \/>\n<meta property=\"og:description\" content=\"Basiert auf einer Medienmitteilung der Universit&auml;t Konstanz Invasive Pflanzen sind Pflanzenarten, die in einer Umgebung au&szlig;erhalb ihres urspr&uuml;nglichen Lebensraums wachsen. Sofern sie sich dort erfolgreich etablieren, k&ouml;nnen sie erhebliche negative Auswirkungen auf lokale &Ouml;kosysteme sowie Wirtschaft und Gesellschaft haben. Nicht alle Pflanzenarten sind jedoch gleich effektiv bei der Eroberung neuer Lebensr&auml;ume. Ein internationales Team von Forschenden unter der Leitung des Konstanzer Biologen Professor Mark van Kleunen und unter Beteiligung von iDiv-Mitgliedern untersuchte nun auf kontinentaler Ebene verschiedene Arten von &bdquo;Invasivit&auml;t&ldquo; sowie m&ouml;gliche Faktoren, die den Invasionserfolg nichtheimischer Pflanzen in Europa bestimmen.\" \/>\n<meta property=\"og:url\" content=\"https:\/\/www.idiv.de\/de\/dimensionen-des-invasionserfolgs-von-pflanzen\/\" \/>\n<meta property=\"og:site_name\" content=\"iDiv\" \/>\n<meta property=\"article:published_time\" content=\"2021-05-31T23:00:00+00:00\" \/>\n<meta property=\"article:modified_time\" content=\"2024-10-25T09:45:34+00:00\" \/>\n<meta property=\"og:image\" content=\"https:\/\/www.idiv.de\/wp-content\/uploads\/2024\/11\/iDivSocialMediaShare.jpg\" \/>\n\t<meta property=\"og:image:width\" content=\"1200\" \/>\n\t<meta property=\"og:image:height\" content=\"675\" \/>\n\t<meta property=\"og:image:type\" content=\"image\/jpeg\" \/>\n<meta name=\"author\" content=\"admin\" \/>\n<meta name=\"twitter:card\" content=\"summary_large_image\" \/>\n<meta name=\"twitter:creator\" content=\"@idiv\" \/>\n<meta name=\"twitter:site\" content=\"@idiv\" \/>\n<script type=\"application\/ld+json\" class=\"yoast-schema-graph\">{\"@context\":\"https:\\\/\\\/schema.org\",\"@graph\":[{\"@type\":\"Article\",\"@id\":\"https:\\\/\\\/www.idiv.de\\\/de\\\/dimensionen-des-invasionserfolgs-von-pflanzen\\\/#article\",\"isPartOf\":{\"@id\":\"https:\\\/\\\/www.idiv.de\\\/de\\\/dimensionen-des-invasionserfolgs-von-pflanzen\\\/\"},\"author\":{\"name\":\"admin\",\"@id\":\"https:\\\/\\\/www.idiv.de\\\/de\\\/#\\\/schema\\\/person\\\/14228c09f1919627a633555952e15fc0\"},\"headline\":\"Dimensionen des Invasionserfolgs von Pflanzen\",\"datePublished\":\"2021-05-31T23:00:00+00:00\",\"dateModified\":\"2024-10-25T09:45:34+00:00\",\"mainEntityOfPage\":{\"@id\":\"https:\\\/\\\/www.idiv.de\\\/de\\\/dimensionen-des-invasionserfolgs-von-pflanzen\\\/\"},\"wordCount\":5,\"commentCount\":0,\"publisher\":{\"@id\":\"https:\\\/\\\/www.idiv.de\\\/de\\\/#organization\"},\"articleSection\":[\"Forschung\",\"iDiv\",\"Medienmitteilung\",\"TOP NEWS\"],\"inLanguage\":\"de\"},{\"@type\":\"WebPage\",\"@id\":\"https:\\\/\\\/www.idiv.de\\\/de\\\/dimensionen-des-invasionserfolgs-von-pflanzen\\\/\",\"url\":\"https:\\\/\\\/www.idiv.de\\\/de\\\/dimensionen-des-invasionserfolgs-von-pflanzen\\\/\",\"name\":\"Dimensionen des Invasionserfolgs von Pflanzen| iDiv\",\"isPartOf\":{\"@id\":\"https:\\\/\\\/www.idiv.de\\\/de\\\/#website\"},\"datePublished\":\"2021-05-31T23:00:00+00:00\",\"dateModified\":\"2024-10-25T09:45:34+00:00\",\"breadcrumb\":{\"@id\":\"https:\\\/\\\/www.idiv.de\\\/de\\\/dimensionen-des-invasionserfolgs-von-pflanzen\\\/#breadcrumb\"},\"inLanguage\":\"de\",\"potentialAction\":[{\"@type\":\"ReadAction\",\"target\":[\"https:\\\/\\\/www.idiv.de\\\/de\\\/dimensionen-des-invasionserfolgs-von-pflanzen\\\/\"]}]},{\"@type\":\"BreadcrumbList\",\"@id\":\"https:\\\/\\\/www.idiv.de\\\/de\\\/dimensionen-des-invasionserfolgs-von-pflanzen\\\/#breadcrumb\",\"itemListElement\":[{\"@type\":\"ListItem\",\"position\":1,\"name\":\"Startseite\",\"item\":\"https:\\\/\\\/www.idiv.de\\\/de\\\/\"},{\"@type\":\"ListItem\",\"position\":2,\"name\":\"Dimensionen des Invasionserfolgs von Pflanzen\"}]},{\"@type\":\"WebSite\",\"@id\":\"https:\\\/\\\/www.idiv.de\\\/de\\\/#website\",\"url\":\"https:\\\/\\\/www.idiv.de\\\/de\\\/\",\"name\":\"iDiv\",\"description\":\"Hotspot in Biodiversity Research\",\"publisher\":{\"@id\":\"https:\\\/\\\/www.idiv.de\\\/de\\\/#organization\"},\"potentialAction\":[{\"@type\":\"SearchAction\",\"target\":{\"@type\":\"EntryPoint\",\"urlTemplate\":\"https:\\\/\\\/www.idiv.de\\\/de\\\/?s={search_term_string}\"},\"query-input\":{\"@type\":\"PropertyValueSpecification\",\"valueRequired\":true,\"valueName\":\"search_term_string\"}}],\"inLanguage\":\"de\"},{\"@type\":\"Organization\",\"@id\":\"https:\\\/\\\/www.idiv.de\\\/de\\\/#organization\",\"name\":\"idiv\",\"url\":\"https:\\\/\\\/www.idiv.de\\\/de\\\/\",\"logo\":{\"@type\":\"ImageObject\",\"inLanguage\":\"de\",\"@id\":\"https:\\\/\\\/www.idiv.de\\\/de\\\/#\\\/schema\\\/logo\\\/image\\\/\",\"url\":\"https:\\\/\\\/www.idiv.de\\\/wp-content\\\/uploads\\\/2024\\\/08\\\/iDiv_Logo_long_v1_EN_black_4c.jpg\",\"contentUrl\":\"https:\\\/\\\/www.idiv.de\\\/wp-content\\\/uploads\\\/2024\\\/08\\\/iDiv_Logo_long_v1_EN_black_4c.jpg\",\"width\":2448,\"height\":674,\"caption\":\"idiv\"},\"image\":{\"@id\":\"https:\\\/\\\/www.idiv.de\\\/de\\\/#\\\/schema\\\/logo\\\/image\\\/\"},\"sameAs\":[\"https:\\\/\\\/x.com\\\/idiv\",\"https:\\\/\\\/www.linkedin.com\\\/company\\\/idiv-biodiversity\\\/\",\"https:\\\/\\\/www.youtube.com\\\/idiv-research\"]},{\"@type\":\"Person\",\"@id\":\"https:\\\/\\\/www.idiv.de\\\/de\\\/#\\\/schema\\\/person\\\/14228c09f1919627a633555952e15fc0\",\"name\":\"admin\",\"url\":\"https:\\\/\\\/www.idiv.de\\\/de\\\/author\\\/admin\\\/\"}]}<\/script>\n<!-- \/ Yoast SEO plugin. -->","yoast_head_json":{"title":"Dimensionen des Invasionserfolgs von Pflanzen| iDiv","robots":{"index":"index","follow":"follow","max-snippet":"max-snippet:-1","max-image-preview":"max-image-preview:large","max-video-preview":"max-video-preview:-1"},"canonical":"https:\/\/www.idiv.de\/de\/dimensionen-des-invasionserfolgs-von-pflanzen\/","og_locale":"de_DE","og_type":"article","og_title":"Dimensionen des Invasionserfolgs von Pflanzen| iDiv","og_description":"Basiert auf einer Medienmitteilung der Universit&auml;t Konstanz Invasive Pflanzen sind Pflanzenarten, die in einer Umgebung au&szlig;erhalb ihres urspr&uuml;nglichen Lebensraums wachsen. Sofern sie sich dort erfolgreich etablieren, k&ouml;nnen sie erhebliche negative Auswirkungen auf lokale &Ouml;kosysteme sowie Wirtschaft und Gesellschaft haben. Nicht alle Pflanzenarten sind jedoch gleich effektiv bei der Eroberung neuer Lebensr&auml;ume. Ein internationales Team von Forschenden unter der Leitung des Konstanzer Biologen Professor Mark van Kleunen und unter Beteiligung von iDiv-Mitgliedern untersuchte nun auf kontinentaler Ebene verschiedene Arten von &bdquo;Invasivit&auml;t&ldquo; sowie m&ouml;gliche Faktoren, die den Invasionserfolg nichtheimischer Pflanzen in Europa bestimmen.","og_url":"https:\/\/www.idiv.de\/de\/dimensionen-des-invasionserfolgs-von-pflanzen\/","og_site_name":"iDiv","article_published_time":"2021-05-31T23:00:00+00:00","article_modified_time":"2024-10-25T09:45:34+00:00","og_image":[{"width":1200,"height":675,"url":"https:\/\/www.idiv.de\/wp-content\/uploads\/2024\/11\/iDivSocialMediaShare.jpg","type":"image\/jpeg"}],"author":"admin","twitter_card":"summary_large_image","twitter_creator":"@idiv","twitter_site":"@idiv","schema":{"@context":"https:\/\/schema.org","@graph":[{"@type":"Article","@id":"https:\/\/www.idiv.de\/de\/dimensionen-des-invasionserfolgs-von-pflanzen\/#article","isPartOf":{"@id":"https:\/\/www.idiv.de\/de\/dimensionen-des-invasionserfolgs-von-pflanzen\/"},"author":{"name":"admin","@id":"https:\/\/www.idiv.de\/de\/#\/schema\/person\/14228c09f1919627a633555952e15fc0"},"headline":"Dimensionen des Invasionserfolgs von Pflanzen","datePublished":"2021-05-31T23:00:00+00:00","dateModified":"2024-10-25T09:45:34+00:00","mainEntityOfPage":{"@id":"https:\/\/www.idiv.de\/de\/dimensionen-des-invasionserfolgs-von-pflanzen\/"},"wordCount":5,"commentCount":0,"publisher":{"@id":"https:\/\/www.idiv.de\/de\/#organization"},"articleSection":["Forschung","iDiv","Medienmitteilung","TOP NEWS"],"inLanguage":"de"},{"@type":"WebPage","@id":"https:\/\/www.idiv.de\/de\/dimensionen-des-invasionserfolgs-von-pflanzen\/","url":"https:\/\/www.idiv.de\/de\/dimensionen-des-invasionserfolgs-von-pflanzen\/","name":"Dimensionen des Invasionserfolgs von Pflanzen| iDiv","isPartOf":{"@id":"https:\/\/www.idiv.de\/de\/#website"},"datePublished":"2021-05-31T23:00:00+00:00","dateModified":"2024-10-25T09:45:34+00:00","breadcrumb":{"@id":"https:\/\/www.idiv.de\/de\/dimensionen-des-invasionserfolgs-von-pflanzen\/#breadcrumb"},"inLanguage":"de","potentialAction":[{"@type":"ReadAction","target":["https:\/\/www.idiv.de\/de\/dimensionen-des-invasionserfolgs-von-pflanzen\/"]}]},{"@type":"BreadcrumbList","@id":"https:\/\/www.idiv.de\/de\/dimensionen-des-invasionserfolgs-von-pflanzen\/#breadcrumb","itemListElement":[{"@type":"ListItem","position":1,"name":"Startseite","item":"https:\/\/www.idiv.de\/de\/"},{"@type":"ListItem","position":2,"name":"Dimensionen des Invasionserfolgs von Pflanzen"}]},{"@type":"WebSite","@id":"https:\/\/www.idiv.de\/de\/#website","url":"https:\/\/www.idiv.de\/de\/","name":"iDiv","description":"Hotspot in Biodiversity Research","publisher":{"@id":"https:\/\/www.idiv.de\/de\/#organization"},"potentialAction":[{"@type":"SearchAction","target":{"@type":"EntryPoint","urlTemplate":"https:\/\/www.idiv.de\/de\/?s={search_term_string}"},"query-input":{"@type":"PropertyValueSpecification","valueRequired":true,"valueName":"search_term_string"}}],"inLanguage":"de"},{"@type":"Organization","@id":"https:\/\/www.idiv.de\/de\/#organization","name":"idiv","url":"https:\/\/www.idiv.de\/de\/","logo":{"@type":"ImageObject","inLanguage":"de","@id":"https:\/\/www.idiv.de\/de\/#\/schema\/logo\/image\/","url":"https:\/\/www.idiv.de\/wp-content\/uploads\/2024\/08\/iDiv_Logo_long_v1_EN_black_4c.jpg","contentUrl":"https:\/\/www.idiv.de\/wp-content\/uploads\/2024\/08\/iDiv_Logo_long_v1_EN_black_4c.jpg","width":2448,"height":674,"caption":"idiv"},"image":{"@id":"https:\/\/www.idiv.de\/de\/#\/schema\/logo\/image\/"},"sameAs":["https:\/\/x.com\/idiv","https:\/\/www.linkedin.com\/company\/idiv-biodiversity\/","https:\/\/www.youtube.com\/idiv-research"]},{"@type":"Person","@id":"https:\/\/www.idiv.de\/de\/#\/schema\/person\/14228c09f1919627a633555952e15fc0","name":"admin","url":"https:\/\/www.idiv.de\/de\/author\/admin\/"}]}},"author_meta":{"display_name":"admin","author_link":"https:\/\/www.idiv.de\/de\/author\/admin\/"},"featured_img":null,"coauthors":[],"tax_additional":{"categories":{"linked":["<a href=\"https:\/\/www.idiv.de\/de\/kategorie\/forschung\/\" class=\"advgb-post-tax-term\">Forschung<\/a>","<a href=\"https:\/\/www.idiv.de\/de\/kategorie\/idiv-de\/\" class=\"advgb-post-tax-term\">iDiv<\/a>","<a href=\"https:\/\/www.idiv.de\/de\/kategorie\/medienmitteilung\/\" class=\"advgb-post-tax-term\">Medienmitteilung<\/a>","<a href=\"https:\/\/www.idiv.de\/de\/kategorie\/top-news-de-2\/\" class=\"advgb-post-tax-term\">TOP NEWS<\/a>"],"unlinked":["<span class=\"advgb-post-tax-term\">Forschung<\/span>","<span class=\"advgb-post-tax-term\">iDiv<\/span>","<span class=\"advgb-post-tax-term\">Medienmitteilung<\/span>","<span class=\"advgb-post-tax-term\">TOP NEWS<\/span>"]}},"comment_count":0,"relative_dates":{"created":"Ver\u00f6ffentlicht 5\u00a0Jahren vor","modified":"Aktualisiert 2\u00a0Jahren vor"},"absolute_dates":{"created":"Ver\u00f6ffentlicht am 1. Juni 2021","modified":"Aktualisiert am 25. Oktober 2024"},"absolute_dates_time":{"created":"Ver\u00f6ffentlicht am 1. Juni 2021 0:00","modified":"Aktualisiert am 25. Oktober 2024 10:45"},"featured_img_caption":"","series_order":"","_links":{"self":[{"href":"https:\/\/www.idiv.de\/de\/wp-json\/wp\/v2\/posts\/12290","targetHints":{"allow":["GET"]}}],"collection":[{"href":"https:\/\/www.idiv.de\/de\/wp-json\/wp\/v2\/posts"}],"about":[{"href":"https:\/\/www.idiv.de\/de\/wp-json\/wp\/v2\/types\/post"}],"author":[{"embeddable":true,"href":"https:\/\/www.idiv.de\/de\/wp-json\/wp\/v2\/users\/1"}],"replies":[{"embeddable":true,"href":"https:\/\/www.idiv.de\/de\/wp-json\/wp\/v2\/comments?post=12290"}],"version-history":[{"count":1,"href":"https:\/\/www.idiv.de\/de\/wp-json\/wp\/v2\/posts\/12290\/revisions"}],"predecessor-version":[{"id":12291,"href":"https:\/\/www.idiv.de\/de\/wp-json\/wp\/v2\/posts\/12290\/revisions\/12291"}],"wp:attachment":[{"href":"https:\/\/www.idiv.de\/de\/wp-json\/wp\/v2\/media?parent=12290"}],"wp:term":[{"taxonomy":"category","embeddable":true,"href":"https:\/\/www.idiv.de\/de\/wp-json\/wp\/v2\/categories?post=12290"},{"taxonomy":"post_tag","embeddable":true,"href":"https:\/\/www.idiv.de\/de\/wp-json\/wp\/v2\/tags?post=12290"}],"curies":[{"name":"wp","href":"https:\/\/api.w.org\/{rel}","templated":true}]}}