{"id":12286,"date":"2021-06-10T00:00:00","date_gmt":"2021-06-09T23:00:00","guid":{"rendered":"https:\/\/idiv.caf-dev.de\/wie-sich-das-klima-auf-die-pflanzenwurzeln-auswirkt\/"},"modified":"2024-10-25T10:43:17","modified_gmt":"2024-10-25T09:43:17","slug":"wie-sich-das-klima-auf-die-pflanzenwurzeln-auswirkt","status":"publish","type":"post","link":"https:\/\/www.idiv.de\/de\/wie-sich-das-klima-auf-die-pflanzenwurzeln-auswirkt\/","title":{"rendered":"Wie sich das Klima auf die Pflanzenwurzeln auswirkt"},"content":{"rendered":"\n        <div class=\"herosection pb-24 pt-0 no-bg modulclass \" id=\"\">\n                    <div class=\"swiper1noslider  nooverflow swiper \" id=\"slide_69f2bdd89a4ce\">\n        \n                <div class=\"swiper-wrapper\">\n                                            <div class=\"swiper-slide  style_ \" aria-hidden=\"true\" >\n                            <div class=\"backstretchwrap\">\n                        \n                            <div datasrc=\"https:\/\/www.idiv.de\/wp-content\/uploads\/2024\/08\/pic_ea2e981d5120210531135007.jpg\" class=\"backstretchimg responsiv desktop\"><\/div>\n\n                            <a href=\"#\" class=\"cr\"><svg  xmlns=\"http:\/\/www.w3.org\/2000\/svg\" width=\"22\" height=\"22\" viewBox=\"0 0 22 22\">\n                                    <rect id=\"BG\" width=\"22\" height=\"22\" rx=\"11\" fill=\"#fff\"\/>\n                                    <g id=\"Wrapper\" transform=\"translate(-1 -1)\">\n                                        <g id=\"Icon_material-copyright\" data-name=\"Icon material-copyright\">\n                                            <circle id=\"Ellipse_30\" data-name=\"Ellipse 30\" cx=\"8\" cy=\"8\" r=\"8\" transform=\"translate(4 4)\" fill=\"#fff\"\/>\n                                            <path id=\"Icon_material-copyright-2\" data-name=\"Icon material-copyright\" d=\"M9.464,10.088a2.045,2.045,0,0,1,.24-.7,1.4,1.4,0,0,1,.472-.5,1.42,1.42,0,0,1,.728-.184,1.45,1.45,0,0,1,.5.1,1.29,1.29,0,0,1,.416.288,1.54,1.54,0,0,1,.272.424,1.4,1.4,0,0,1,.112.512H13.64a2.864,2.864,0,0,0-.224-1.032,2.4,2.4,0,0,0-.56-.808,2.613,2.613,0,0,0-.864-.528,3.09,3.09,0,0,0-1.112-.184,3.127,3.127,0,0,0-1.36.272,2.751,2.751,0,0,0-.96.736,3.007,3.007,0,0,0-.568,1.088A4.685,4.685,0,0,0,7.8,10.9v.216a4.684,4.684,0,0,0,.184,1.312,2.908,2.908,0,0,0,.568,1.08,2.731,2.731,0,0,0,.96.728,3.246,3.246,0,0,0,1.36.272,3.051,3.051,0,0,0,1.056-.184,2.729,2.729,0,0,0,.864-.5,2.442,2.442,0,0,0,.592-.752,2.153,2.153,0,0,0,.24-.92H12.192a1.139,1.139,0,0,1-.12.464,1.177,1.177,0,0,1-.288.368,1.26,1.26,0,0,1-.416.24,1.589,1.589,0,0,1-.48.08,1.359,1.359,0,0,1-.712-.184,1.4,1.4,0,0,1-.472-.5,2.09,2.09,0,0,1-.24-.7,5.392,5.392,0,0,1-.064-.8V10.9a5.33,5.33,0,0,1,.064-.808ZM11,3a8,8,0,1,0,8,8A8,8,0,0,0,11,3Zm0,14.4A6.4,6.4,0,1,1,17.4,11,6.408,6.408,0,0,1,11,17.4Z\" transform=\"translate(1 1)\" fill=\"#4d4d4d\"\/>\n                                        <\/g>\n                                    <\/g>\n                                <\/svg>\n                                <span>Fly Dragon Fly \/ Adobe Stock<\/span><\/a>                        \n                                                    <\/div>\n                                        <div class=\"sliderinhalt \" role=\"region\" aria-label=\"carousel\">\n\n                                            <h1 class=\"h1 align-center\" >Wie sich das Klima auf die Pflanzenwurzeln auswirkt<\/h1>                                                    <p style='text-align: center;'>Neue Studie stellt die Natur \u00f6kologischer Trade-offs in Frage<\/p>\n<p style='text-align: center;'>Die Eigenschaften einer Pflanzenwurzel haben einen Einfluss darauf, unter welchen klimatischen Bedingungen diese Pflanze &uuml;berleben kann.<\/p>\n                                                \n                                                                                                            <\/div>\n                                            <\/div>\n\n                        \n                 <\/div>\n\n                              <\/div>\n<\/div>\n       <div class=\"textbildrepeater pb-24 pt-0 no-bg modulclass \" id=\"\">\n    <div class=\"container\">\n        <div class=\"row\">\n                                                                <div class=\"pb-24   mod_text  col-md-6 offset-md-0 pos_top\">\n                            <div class=\"textrepeater \" id=\"\">\n    <p>10.06.2021 | iDiv, Media Release, sDiv, TOP NEWS<\/p>\n<\/div>\n                            <\/div>\n                        <\/div>\n    <\/div>\n<\/div><div class=\"textbildrepeater pb-24 pt-0 no-bg modulclass \" id=\"\">\n    <div class=\"container\">\n        <div class=\"row\">\n                                                                <div class=\"pb-24   mod_text  col-md-12 offset-md-0 pos_top\">\n                            <div class=\"textrepeater \" id=\"\">\n    <p><strong>Leipzig\/Wyoming\/Wageningen. Die Eigenschaften der Wurzeln einer Pflanze sind entscheidend daf&uuml;r, unter welchen klimatischen Bedingungen diese Pflanze &uuml;berleben kann. Eine neue Studie unter Leitung der Universit&auml;t von Wyoming (UW), des Deutschen Zentrums f&uuml;r integrative Biodiversit&auml;tsforschung (iDiv), der Universit&auml;t Leipzig (UL) und der Universit&auml;t Wageningen (WUR), die in Nature Ecology and Evolution ver&ouml;ffentlich wurde, beleuchtet diese Beziehung und stellt die Natur &ouml;kologischer Trade-offs in Frage.<\/strong><\/p>\n<\/div>\n                            <\/div>\n                        <\/div>\n    <\/div>\n<\/div><div class=\"textbildrepeater pb-24 pt-0 no-bg modulclass \" id=\"\">\n    <div class=\"container\">\n        <div class=\"row\">\n                                                                <div class=\"pb-24   mod_text  col-md-12 offset-md-0 pos_top\">\n                            <div class=\"textrepeater \" id=\"\">\n    <p>Pflanzenwurzeln bleiben im Allgemeinen unter der Erdoberfl&auml;che verborgen. Doch ihre Rolle f&uuml;r das &Uuml;berleben von Pflanzen ist nicht zu untersch&auml;tzen, denn sie dienen der Aufnahme von Wasser und N&auml;hrstoffen. Wenig ist bislang dar&uuml;ber bekannt, welche Rolle die Wurzelmerkmale bei der Verbreitung von Pflanzenarten spielen. Um diese Beziehung n&auml;her zu untersuchen, hat ein internationales Forschungsteam die Datenbanken GRooT f&uuml;r Wurzelmerkmale sowie sPlot f&uuml;r das Vorkommen von Pflanzenarten analysiert. Beide Datenbanken sind die weltweit gr&ouml;&szlig;ten ihrer Art. Die Forschungsarbeit wurde durch iDivs Synthesezentrum sDiv erm&ouml;glicht, das die Zusammenarbeit von Wissenschaftlerinnen und Wissenschaftlern aus unterschiedlichen L&auml;ndern und Disziplinen unterst&uuml;tzt.<\/p>\n<p><strong>Temperatur und Wasserverf&uuml;gbarkeit definieren die Wurzelmerkmale&nbsp;<\/strong><\/p>\n<p>Die Forschenden analysierten verschiedene Wurzelmerkmale&#58; einerseits die sogenannte spezifische Wurzell&auml;nge und den Wurzeldurchmesser, andererseits die Dichte des Wurzelgewebes und den Stickstoffgehalt in den Wurzeln. Diese Merkmale setzten sie zu den Umweltbedingungen in Beziehung, unter denen die Pflanzen vorkommen. Mit Blick auf den Lebensraum Wald fanden die Wissenschaftlerinnen und Wissenschaftler heraus, dass Arten mit verh&auml;ltnism&auml;&szlig;ig dicken Feinwurzeln und einem dichten Wurzelgewebe eher in w&auml;rmerem Klima vorkommen, w&auml;hrend Arten mit zierlicheren und l&auml;ngeren Feinwurzeln sowie einer geringeren Wurzeldichte h&auml;ufiger in k&auml;lterem Klima vorkommen &ndash; ein klassischer Trade-off.<\/p>\n<p>Im Gegensatz dazu wuchsen Waldpflanzen mit einem gr&ouml;&szlig;eren Wurzeldurchmesser und dichtem Wurzelgewebe h&auml;ufiger unter trockeneren Klimabedingungen. Arten, deren Wurzeln gegens&auml;tzliche Merkmale aufwiesen, kamen jedoch nicht vorwiegend unter feuchten Bedingungen im Wald vor. Stattdessen lie&szlig; sich in warmen oder feuchten Klimabedingungen eine Vielfalt an Wurzelmerkmalen feststellen.<\/p>\n<p><strong>Wurzelmerkmale stellen &ouml;kologische Trade-offs in Frage<\/strong><\/p>\n<p>&Ouml;kologische Theorien basieren auf den sogenannten Trade-offs, wobei sich unterschiedliche Merkmale zwischen den Arten als Anpassungsreaktion auf verschiedene Umweltbedingungen herausbilden. Doch das hat einen Preis&#58; Ein Organismus kann in einer Sache sehr gut sein, dies geht jedoch zulasten einer anderen. Im Pflanzenreich bedeutet das&#58; Eine geringe Merkmalsauspr&auml;gung (wie hier eine geringe spezifische Wurzell&auml;nge) ist unter bestimmten klimatischen Bedingungen vorteilhaft. Eine starke Auspr&auml;gung dieser Merkmale (z.B. eine gro&szlig;e spezifische Wurzell&auml;nge) bringt wiederum Vorteile unter den entgegengesetzten Bedingungen mit sich.<\/p>\n<p>Doch manche Wurzelmerkmale entsprachen nicht dieser generellen Theorie, sondern waren mit einfach gerichteten Vorteilen verbunden&#58; Eine hohe Merkmalsauspr&auml;gung bedeutet Vorteile unter bestimmten Klimabedingungen, doch ein niedrige Merkmalsauspr&auml;gung ist nicht vorteilhaft in anderen Bedingungen. &bdquo;Wir waren &uuml;berrascht, wie h&auml;ufig diese einfach gerichteten Vorteile im Vergleich zu Trade-offs bei Pflanzenwurzeln vorkommen&ldquo;, sagt Daniel Laughlin von der Universit&auml;t von Wyoming. &bdquo;Das stellt unser Verst&auml;ndnis davon in Frage, wie Merkmale die Verbreitung der Arten beeinflussen, was in der wissenschaftlichen Gemeinschaft bislang ein R&auml;tsel ist&ldquo;, f&uuml;gt Letztautorin Alexandra Weigelt hinzu, Professorin an der Universit&auml;t Leipzig und Mitglied bei iDiv.&nbsp;<\/p>\n<p>Das k&ouml;nnte bedeuten, das einseitig gerichtete Vorteile weiter verbreitet sind als bisher angenommen. Sie kamen vor allem unter extrem kalten und trockenen Klimabedingungen vor, unter denen die Ressourcen knapper sind als unter warmen und feuchten Klimabedingungen. Dort findet sich hingegen eine gr&ouml;&szlig;ere Vielfalt an Wurzelmerkmalen. &bdquo;Wir glauben, dass unsere Studie zu einem besseren Verst&auml;ndnis beitragen kann, welche Merkmalskombinationen in bestimmten Klimazonen m&ouml;glich sind. Das ist wichtig f&uuml;r die Wiederherstellung von &Ouml;kosystemen in einer sich ver&auml;ndernden Welt&ldquo;, sagt Liesje Mommer von der Universit&auml;t Wageningen.<\/p>\n<p>Diese Forschungsarbeit wurde u.a. gef&ouml;rdert durch die Deutsche Forschungsgemeinschaft. Sie ist ein Produkt der sDiv-Arbeitsgruppe <a href=https&#58;\/\/www.idiv.de\/de\/sdiv\/arbeitsgruppen\/pool-of-working-groups\/sroot.html>sROOT<\/a>. iDiv&#8217;s Synthesezentrum sDiv unterst&uuml;tzt Arbeitsgruppentreffen, bei denen internationale Wissenschaftler gemeinsam an wissenschaftlichen Fragestellungen arbeiten.<\/p>\n<p>Kati Kietzmann<\/p>\n<p><strong>Originalpublikation<br \/><\/strong>(Wissenschaftlerinnen und Wissenschaftler mit iDiv-Affiliation und Alumni fett)<br \/>Daniel C. Laughlin, Liesje Mommer, &hellip;, Francesco Maria Sabatini, <strong>Helge Bruelheide<\/strong>, &hellip;, <strong>Nathaly R. Guerrero-Ram&iacute;rez<\/strong>, &hellip;, <strong>Jens Kattge<\/strong>, &hellip;, <strong>Fons van der Plas<\/strong>, &hellip;, <strong>J&uuml;rgen Dengler<\/strong>, &hellip;, <strong>Alexandra Weigelt<\/strong> (2021). Root traits explain plant species distributions along climatic gradients yet challenge the nature of ecological trade-offs. Nature Ecology &amp; Evolution, DOI&#58; <a href=https&#58;\/\/www.doi.org\/10.1038\/s41559-021-01471-7>10.1038\/s41559-021-01471-7<\/a><\/p>\n<\/div>\n                            <\/div>\n                        <\/div>\n    <\/div>\n<\/div><div class=\"textbildrepeater pb-24 pt-0 no-bg modulclass \" id=\"\">\n    <div class=\"container\">\n        <div class=\"row\">\n                                                                <div class=\"pb-24   mod_text  col-md-12 offset-md-0 pos_top\">\n                            <div class=\"textrepeater \" id=\"\">\n    <h3>Ansprechpartner&#58;<\/h3>\n<p><strong>Sebastian Tilch<\/strong><br \/>Abteilung Medien und Kommunikation<br \/> Deutsches Zentrum f\u00fcr integrative Biodiversit\u00e4tsforschung (iDiv) Halle-Jena-Leipzig<br \/>Tel.&#58; +49 341 97 33197<br \/>E-Mail&#58; <a href='mailto&#58;&#x73;&#101;b&#x61;&#115;t&#x69;&#97;n&#x2e;&#116;i&#x6c;&#99;h&#x40;&#x69;d&#x69;&#x76;&#46;&#x64;&#x65;'>&#115;e&#x62;a&#x73;t&#x69;a&#x6e;&#46;&#x74;&#105;&#x6c;&#99;&#x68;&#64;i&#100;i&#x76;&#46;&#x64;e<\/a><br \/>Web&#58; <a href='https&#58;\/\/www.idiv.de\/medien'>https&#58;\/\/www.idiv.de\/medien<\/a><\/p>\n<p><strong>Prof. Dr. Alexandra Weigelt<\/strong><br \/>Institut f\u00fcr Spezielle Botanik und Funktionelle Biodiversit\u00e4t<br \/> Universit\u00e4t Leipzig<br \/> Deutsches Zentrum f\u00fcr integrative Biodiversit\u00e4tsforschung (iDiv)<br \/> Halle-Jena-Leipzig<br \/>Tel.&#58; +49-341-97-38594<br \/>E-Mail&#58; <a href='mailto&#58;&#97;l&#x65;x&#x61;n&#x64;&#114;&#x61;&#46;&#x77;&#101;i&#x67;e&#x6c;t&#x40;&#117;&#x6e;&#105;&#x2d;&#108;&#x65;&#105;p&#x7a;i&#x67;&#46;&#x64;&#101;'>a&#108;&#x65;&#x78;&#x61;n&#100;&#x72;&#x61;&#x2e;w&#101;&#x69;&#x67;&#x65;l&#116;&#x40;&#x75;&#x6e;i&#45;&#x6c;&#x65;&#x69;p&#122;&#x69;&#x67;&#x2e;d&#101;<\/a><\/p>\n<\/div>\n                            <\/div>\n                        <\/div>\n    <\/div>\n<\/div><div class=\"textbildrepeater pb-24 pt-0 no-bg modulclass \" id=\"\">\n    <div class=\"container\">\n        <div class=\"row\">\n                                                                <div class=\"pb-24   mod_text  col-md-12 offset-md-0 pos_top\">\n                            <div class=\"textrepeater \" id=\"\">\n    <p><em>Hinweis f\u00fcr die Medien: Die von iDiv bereitgestellten Bilder d\u00fcrfen ausschlie\u00dflich f\u00fcr die Berichterstattung im Zusammenhang mit dieser Medienmitteilung und unter Angabe des\/der Urhebers\/in verwendet werden.<\/em><\/p>\n<\/div>\n                            <\/div>\n                        <\/div>\n    <\/div>\n<\/div>","protected":false},"excerpt":{"rendered":"<p>Leipzig\/Wyoming\/Wageningen. Die Eigenschaften der Wurzeln einer Pflanze sind entscheidend daf&uuml;r, unter welchen klimatischen Bedingungen diese Pflanze &uuml;berleben kann. Eine neue Studie unter Leitung der Universit&auml;t von Wyoming (UW), des Deutschen Zentrums f&uuml;r integrative Biodiversit&auml;tsforschung (iDiv), der Universit&auml;t Leipzig (UL) und der Universit&auml;t Wageningen (WUR), die in Nature Ecology and Evolution ver&ouml;ffentlich wurde, beleuchtet diese Beziehung und stellt die Natur &ouml;kologischer Trade-offs in Frage.<\/p>\n","protected":false},"author":1,"featured_media":0,"comment_status":"open","ping_status":"open","sticky":false,"template":"","format":"standard","meta":{"_acf_changed":false,"advgb_blocks_editor_width":"","advgb_blocks_columns_visual_guide":"","footnotes":"","_links_to":"","_links_to_target":""},"categories":[28,29,40,30],"tags":[],"class_list":["post-12286","post","type-post","status-publish","format-standard","hentry","category-idiv-de","category-medienmitteilung","category-sdiv-de","category-top-news-de-2"],"acf":{"thumb":6277,"thumbmobile":null,"copyright":"Fly Dragon Fly \/ Adobe Stock","breadcrumb":true},"yoast_head":"<!-- This site is optimized with the Yoast SEO plugin v27.5 - https:\/\/yoast.com\/product\/yoast-seo-wordpress\/ -->\n<title>Wie sich das Klima auf die Pflanzenwurzeln auswirkt| iDiv<\/title>\n<meta name=\"robots\" content=\"index, follow, max-snippet:-1, max-image-preview:large, max-video-preview:-1\" \/>\n<link rel=\"canonical\" href=\"https:\/\/www.idiv.de\/de\/wie-sich-das-klima-auf-die-pflanzenwurzeln-auswirkt\/\" \/>\n<meta property=\"og:locale\" content=\"de_DE\" \/>\n<meta property=\"og:type\" content=\"article\" \/>\n<meta property=\"og:title\" content=\"Wie sich das Klima auf die Pflanzenwurzeln auswirkt| iDiv\" \/>\n<meta property=\"og:description\" content=\"Leipzig\/Wyoming\/Wageningen. Die Eigenschaften der Wurzeln einer Pflanze sind entscheidend daf&uuml;r, unter welchen klimatischen Bedingungen diese Pflanze &uuml;berleben kann. Eine neue Studie unter Leitung der Universit&auml;t von Wyoming (UW), des Deutschen Zentrums f&uuml;r integrative Biodiversit&auml;tsforschung (iDiv), der Universit&auml;t Leipzig (UL) und der Universit&auml;t Wageningen (WUR), die in Nature Ecology and Evolution ver&ouml;ffentlich wurde, beleuchtet diese Beziehung und stellt die Natur &ouml;kologischer Trade-offs in Frage.\" \/>\n<meta property=\"og:url\" content=\"https:\/\/www.idiv.de\/de\/wie-sich-das-klima-auf-die-pflanzenwurzeln-auswirkt\/\" \/>\n<meta property=\"og:site_name\" content=\"iDiv\" \/>\n<meta property=\"article:published_time\" content=\"2021-06-09T23:00:00+00:00\" \/>\n<meta property=\"article:modified_time\" content=\"2024-10-25T09:43:17+00:00\" \/>\n<meta property=\"og:image\" content=\"https:\/\/www.idiv.de\/wp-content\/uploads\/2024\/11\/iDivSocialMediaShare.jpg\" \/>\n\t<meta property=\"og:image:width\" content=\"1200\" \/>\n\t<meta property=\"og:image:height\" content=\"675\" \/>\n\t<meta property=\"og:image:type\" content=\"image\/jpeg\" \/>\n<meta name=\"author\" content=\"admin\" \/>\n<meta name=\"twitter:card\" content=\"summary_large_image\" \/>\n<meta name=\"twitter:creator\" content=\"@idiv\" \/>\n<meta name=\"twitter:site\" content=\"@idiv\" \/>\n<script type=\"application\/ld+json\" class=\"yoast-schema-graph\">{\"@context\":\"https:\\\/\\\/schema.org\",\"@graph\":[{\"@type\":\"Article\",\"@id\":\"https:\\\/\\\/www.idiv.de\\\/de\\\/wie-sich-das-klima-auf-die-pflanzenwurzeln-auswirkt\\\/#article\",\"isPartOf\":{\"@id\":\"https:\\\/\\\/www.idiv.de\\\/de\\\/wie-sich-das-klima-auf-die-pflanzenwurzeln-auswirkt\\\/\"},\"author\":{\"name\":\"admin\",\"@id\":\"https:\\\/\\\/www.idiv.de\\\/de\\\/#\\\/schema\\\/person\\\/14228c09f1919627a633555952e15fc0\"},\"headline\":\"Wie sich das Klima auf die Pflanzenwurzeln auswirkt\",\"datePublished\":\"2021-06-09T23:00:00+00:00\",\"dateModified\":\"2024-10-25T09:43:17+00:00\",\"mainEntityOfPage\":{\"@id\":\"https:\\\/\\\/www.idiv.de\\\/de\\\/wie-sich-das-klima-auf-die-pflanzenwurzeln-auswirkt\\\/\"},\"wordCount\":8,\"commentCount\":0,\"publisher\":{\"@id\":\"https:\\\/\\\/www.idiv.de\\\/de\\\/#organization\"},\"articleSection\":[\"iDiv\",\"Medienmitteilung\",\"sDiv\",\"TOP NEWS\"],\"inLanguage\":\"de\"},{\"@type\":\"WebPage\",\"@id\":\"https:\\\/\\\/www.idiv.de\\\/de\\\/wie-sich-das-klima-auf-die-pflanzenwurzeln-auswirkt\\\/\",\"url\":\"https:\\\/\\\/www.idiv.de\\\/de\\\/wie-sich-das-klima-auf-die-pflanzenwurzeln-auswirkt\\\/\",\"name\":\"Wie sich das Klima auf die Pflanzenwurzeln auswirkt| iDiv\",\"isPartOf\":{\"@id\":\"https:\\\/\\\/www.idiv.de\\\/de\\\/#website\"},\"datePublished\":\"2021-06-09T23:00:00+00:00\",\"dateModified\":\"2024-10-25T09:43:17+00:00\",\"breadcrumb\":{\"@id\":\"https:\\\/\\\/www.idiv.de\\\/de\\\/wie-sich-das-klima-auf-die-pflanzenwurzeln-auswirkt\\\/#breadcrumb\"},\"inLanguage\":\"de\",\"potentialAction\":[{\"@type\":\"ReadAction\",\"target\":[\"https:\\\/\\\/www.idiv.de\\\/de\\\/wie-sich-das-klima-auf-die-pflanzenwurzeln-auswirkt\\\/\"]}]},{\"@type\":\"BreadcrumbList\",\"@id\":\"https:\\\/\\\/www.idiv.de\\\/de\\\/wie-sich-das-klima-auf-die-pflanzenwurzeln-auswirkt\\\/#breadcrumb\",\"itemListElement\":[{\"@type\":\"ListItem\",\"position\":1,\"name\":\"Startseite\",\"item\":\"https:\\\/\\\/www.idiv.de\\\/de\\\/\"},{\"@type\":\"ListItem\",\"position\":2,\"name\":\"Wie sich das Klima auf die Pflanzenwurzeln auswirkt\"}]},{\"@type\":\"WebSite\",\"@id\":\"https:\\\/\\\/www.idiv.de\\\/de\\\/#website\",\"url\":\"https:\\\/\\\/www.idiv.de\\\/de\\\/\",\"name\":\"iDiv\",\"description\":\"Hotspot in Biodiversity Research\",\"publisher\":{\"@id\":\"https:\\\/\\\/www.idiv.de\\\/de\\\/#organization\"},\"potentialAction\":[{\"@type\":\"SearchAction\",\"target\":{\"@type\":\"EntryPoint\",\"urlTemplate\":\"https:\\\/\\\/www.idiv.de\\\/de\\\/?s={search_term_string}\"},\"query-input\":{\"@type\":\"PropertyValueSpecification\",\"valueRequired\":true,\"valueName\":\"search_term_string\"}}],\"inLanguage\":\"de\"},{\"@type\":\"Organization\",\"@id\":\"https:\\\/\\\/www.idiv.de\\\/de\\\/#organization\",\"name\":\"idiv\",\"url\":\"https:\\\/\\\/www.idiv.de\\\/de\\\/\",\"logo\":{\"@type\":\"ImageObject\",\"inLanguage\":\"de\",\"@id\":\"https:\\\/\\\/www.idiv.de\\\/de\\\/#\\\/schema\\\/logo\\\/image\\\/\",\"url\":\"https:\\\/\\\/www.idiv.de\\\/wp-content\\\/uploads\\\/2024\\\/08\\\/iDiv_Logo_long_v1_EN_black_4c.jpg\",\"contentUrl\":\"https:\\\/\\\/www.idiv.de\\\/wp-content\\\/uploads\\\/2024\\\/08\\\/iDiv_Logo_long_v1_EN_black_4c.jpg\",\"width\":2448,\"height\":674,\"caption\":\"idiv\"},\"image\":{\"@id\":\"https:\\\/\\\/www.idiv.de\\\/de\\\/#\\\/schema\\\/logo\\\/image\\\/\"},\"sameAs\":[\"https:\\\/\\\/x.com\\\/idiv\",\"https:\\\/\\\/www.linkedin.com\\\/company\\\/idiv-biodiversity\\\/\",\"https:\\\/\\\/www.youtube.com\\\/idiv-research\"]},{\"@type\":\"Person\",\"@id\":\"https:\\\/\\\/www.idiv.de\\\/de\\\/#\\\/schema\\\/person\\\/14228c09f1919627a633555952e15fc0\",\"name\":\"admin\",\"url\":\"https:\\\/\\\/www.idiv.de\\\/de\\\/author\\\/admin\\\/\"}]}<\/script>\n<!-- \/ Yoast SEO plugin. -->","yoast_head_json":{"title":"Wie sich das Klima auf die Pflanzenwurzeln auswirkt| iDiv","robots":{"index":"index","follow":"follow","max-snippet":"max-snippet:-1","max-image-preview":"max-image-preview:large","max-video-preview":"max-video-preview:-1"},"canonical":"https:\/\/www.idiv.de\/de\/wie-sich-das-klima-auf-die-pflanzenwurzeln-auswirkt\/","og_locale":"de_DE","og_type":"article","og_title":"Wie sich das Klima auf die Pflanzenwurzeln auswirkt| iDiv","og_description":"Leipzig\/Wyoming\/Wageningen. Die Eigenschaften der Wurzeln einer Pflanze sind entscheidend daf&uuml;r, unter welchen klimatischen Bedingungen diese Pflanze &uuml;berleben kann. Eine neue Studie unter Leitung der Universit&auml;t von Wyoming (UW), des Deutschen Zentrums f&uuml;r integrative Biodiversit&auml;tsforschung (iDiv), der Universit&auml;t Leipzig (UL) und der Universit&auml;t Wageningen (WUR), die in Nature Ecology and Evolution ver&ouml;ffentlich wurde, beleuchtet diese Beziehung und stellt die Natur &ouml;kologischer Trade-offs in Frage.","og_url":"https:\/\/www.idiv.de\/de\/wie-sich-das-klima-auf-die-pflanzenwurzeln-auswirkt\/","og_site_name":"iDiv","article_published_time":"2021-06-09T23:00:00+00:00","article_modified_time":"2024-10-25T09:43:17+00:00","og_image":[{"width":1200,"height":675,"url":"https:\/\/www.idiv.de\/wp-content\/uploads\/2024\/11\/iDivSocialMediaShare.jpg","type":"image\/jpeg"}],"author":"admin","twitter_card":"summary_large_image","twitter_creator":"@idiv","twitter_site":"@idiv","schema":{"@context":"https:\/\/schema.org","@graph":[{"@type":"Article","@id":"https:\/\/www.idiv.de\/de\/wie-sich-das-klima-auf-die-pflanzenwurzeln-auswirkt\/#article","isPartOf":{"@id":"https:\/\/www.idiv.de\/de\/wie-sich-das-klima-auf-die-pflanzenwurzeln-auswirkt\/"},"author":{"name":"admin","@id":"https:\/\/www.idiv.de\/de\/#\/schema\/person\/14228c09f1919627a633555952e15fc0"},"headline":"Wie sich das Klima auf die Pflanzenwurzeln auswirkt","datePublished":"2021-06-09T23:00:00+00:00","dateModified":"2024-10-25T09:43:17+00:00","mainEntityOfPage":{"@id":"https:\/\/www.idiv.de\/de\/wie-sich-das-klima-auf-die-pflanzenwurzeln-auswirkt\/"},"wordCount":8,"commentCount":0,"publisher":{"@id":"https:\/\/www.idiv.de\/de\/#organization"},"articleSection":["iDiv","Medienmitteilung","sDiv","TOP NEWS"],"inLanguage":"de"},{"@type":"WebPage","@id":"https:\/\/www.idiv.de\/de\/wie-sich-das-klima-auf-die-pflanzenwurzeln-auswirkt\/","url":"https:\/\/www.idiv.de\/de\/wie-sich-das-klima-auf-die-pflanzenwurzeln-auswirkt\/","name":"Wie sich das Klima auf die Pflanzenwurzeln auswirkt| iDiv","isPartOf":{"@id":"https:\/\/www.idiv.de\/de\/#website"},"datePublished":"2021-06-09T23:00:00+00:00","dateModified":"2024-10-25T09:43:17+00:00","breadcrumb":{"@id":"https:\/\/www.idiv.de\/de\/wie-sich-das-klima-auf-die-pflanzenwurzeln-auswirkt\/#breadcrumb"},"inLanguage":"de","potentialAction":[{"@type":"ReadAction","target":["https:\/\/www.idiv.de\/de\/wie-sich-das-klima-auf-die-pflanzenwurzeln-auswirkt\/"]}]},{"@type":"BreadcrumbList","@id":"https:\/\/www.idiv.de\/de\/wie-sich-das-klima-auf-die-pflanzenwurzeln-auswirkt\/#breadcrumb","itemListElement":[{"@type":"ListItem","position":1,"name":"Startseite","item":"https:\/\/www.idiv.de\/de\/"},{"@type":"ListItem","position":2,"name":"Wie sich das Klima auf die Pflanzenwurzeln auswirkt"}]},{"@type":"WebSite","@id":"https:\/\/www.idiv.de\/de\/#website","url":"https:\/\/www.idiv.de\/de\/","name":"iDiv","description":"Hotspot in Biodiversity Research","publisher":{"@id":"https:\/\/www.idiv.de\/de\/#organization"},"potentialAction":[{"@type":"SearchAction","target":{"@type":"EntryPoint","urlTemplate":"https:\/\/www.idiv.de\/de\/?s={search_term_string}"},"query-input":{"@type":"PropertyValueSpecification","valueRequired":true,"valueName":"search_term_string"}}],"inLanguage":"de"},{"@type":"Organization","@id":"https:\/\/www.idiv.de\/de\/#organization","name":"idiv","url":"https:\/\/www.idiv.de\/de\/","logo":{"@type":"ImageObject","inLanguage":"de","@id":"https:\/\/www.idiv.de\/de\/#\/schema\/logo\/image\/","url":"https:\/\/www.idiv.de\/wp-content\/uploads\/2024\/08\/iDiv_Logo_long_v1_EN_black_4c.jpg","contentUrl":"https:\/\/www.idiv.de\/wp-content\/uploads\/2024\/08\/iDiv_Logo_long_v1_EN_black_4c.jpg","width":2448,"height":674,"caption":"idiv"},"image":{"@id":"https:\/\/www.idiv.de\/de\/#\/schema\/logo\/image\/"},"sameAs":["https:\/\/x.com\/idiv","https:\/\/www.linkedin.com\/company\/idiv-biodiversity\/","https:\/\/www.youtube.com\/idiv-research"]},{"@type":"Person","@id":"https:\/\/www.idiv.de\/de\/#\/schema\/person\/14228c09f1919627a633555952e15fc0","name":"admin","url":"https:\/\/www.idiv.de\/de\/author\/admin\/"}]}},"author_meta":{"display_name":"admin","author_link":"https:\/\/www.idiv.de\/de\/author\/admin\/"},"featured_img":null,"coauthors":[],"tax_additional":{"categories":{"linked":["<a href=\"https:\/\/www.idiv.de\/de\/kategorie\/idiv-de\/\" class=\"advgb-post-tax-term\">iDiv<\/a>","<a href=\"https:\/\/www.idiv.de\/de\/kategorie\/medienmitteilung\/\" class=\"advgb-post-tax-term\">Medienmitteilung<\/a>","<a href=\"https:\/\/www.idiv.de\/de\/kategorie\/sdiv-de\/\" class=\"advgb-post-tax-term\">sDiv<\/a>","<a href=\"https:\/\/www.idiv.de\/de\/kategorie\/top-news-de-2\/\" class=\"advgb-post-tax-term\">TOP NEWS<\/a>"],"unlinked":["<span class=\"advgb-post-tax-term\">iDiv<\/span>","<span class=\"advgb-post-tax-term\">Medienmitteilung<\/span>","<span class=\"advgb-post-tax-term\">sDiv<\/span>","<span class=\"advgb-post-tax-term\">TOP NEWS<\/span>"]}},"comment_count":0,"relative_dates":{"created":"Ver\u00f6ffentlicht 5\u00a0Jahren vor","modified":"Aktualisiert 2\u00a0Jahren vor"},"absolute_dates":{"created":"Ver\u00f6ffentlicht am 10. Juni 2021","modified":"Aktualisiert am 25. Oktober 2024"},"absolute_dates_time":{"created":"Ver\u00f6ffentlicht am 10. Juni 2021 0:00","modified":"Aktualisiert am 25. Oktober 2024 10:43"},"featured_img_caption":"","series_order":"","_links":{"self":[{"href":"https:\/\/www.idiv.de\/de\/wp-json\/wp\/v2\/posts\/12286","targetHints":{"allow":["GET"]}}],"collection":[{"href":"https:\/\/www.idiv.de\/de\/wp-json\/wp\/v2\/posts"}],"about":[{"href":"https:\/\/www.idiv.de\/de\/wp-json\/wp\/v2\/types\/post"}],"author":[{"embeddable":true,"href":"https:\/\/www.idiv.de\/de\/wp-json\/wp\/v2\/users\/1"}],"replies":[{"embeddable":true,"href":"https:\/\/www.idiv.de\/de\/wp-json\/wp\/v2\/comments?post=12286"}],"version-history":[{"count":1,"href":"https:\/\/www.idiv.de\/de\/wp-json\/wp\/v2\/posts\/12286\/revisions"}],"predecessor-version":[{"id":12287,"href":"https:\/\/www.idiv.de\/de\/wp-json\/wp\/v2\/posts\/12286\/revisions\/12287"}],"wp:attachment":[{"href":"https:\/\/www.idiv.de\/de\/wp-json\/wp\/v2\/media?parent=12286"}],"wp:term":[{"taxonomy":"category","embeddable":true,"href":"https:\/\/www.idiv.de\/de\/wp-json\/wp\/v2\/categories?post=12286"},{"taxonomy":"post_tag","embeddable":true,"href":"https:\/\/www.idiv.de\/de\/wp-json\/wp\/v2\/tags?post=12286"}],"curies":[{"name":"wp","href":"https:\/\/api.w.org\/{rel}","templated":true}]}}