{"id":12260,"date":"2021-05-03T00:00:00","date_gmt":"2021-05-02T23:00:00","guid":{"rendered":"https:\/\/idiv.caf-dev.de\/weniger-niederschlge-weniger-pflanzenvielfalt\/"},"modified":"2025-08-25T10:31:34","modified_gmt":"2025-08-25T09:31:34","slug":"weniger-niederschlge-weniger-pflanzenvielfalt","status":"publish","type":"post","link":"https:\/\/www.idiv.de\/de\/weniger-niederschlge-weniger-pflanzenvielfalt\/","title":{"rendered":"Weniger Niederschl&auml;ge, weniger Pflanzenvielfalt"},"content":{"rendered":"<div class=\"herosection pb-24 pt-0 no-bg modulclass \" id=\"\">\n                    <div class=\"swiper1noslider  nooverflow swiper \" id=\"slide_69ef58338ec1c\">\n        \n                <div class=\"swiper-wrapper\">\n                                            <div class=\"swiper-slide  style_ \" aria-hidden=\"true\" >\n                            <div class=\"backstretchwrap\">\n                        \n                            <div datasrc=\"https:\/\/www.idiv.de\/wp-content\/uploads\/2024\/08\/pic_2f83224c7620210503114826.jpg\" class=\"backstretchimg responsiv desktop\"><\/div>\n\n                            <a href=\"#\" class=\"cr\"><svg  xmlns=\"http:\/\/www.w3.org\/2000\/svg\" width=\"22\" height=\"22\" viewBox=\"0 0 22 22\">\n                                    <rect id=\"BG\" width=\"22\" height=\"22\" rx=\"11\" fill=\"#fff\"\/>\n                                    <g id=\"Wrapper\" transform=\"translate(-1 -1)\">\n                                        <g id=\"Icon_material-copyright\" data-name=\"Icon material-copyright\">\n                                            <circle id=\"Ellipse_30\" data-name=\"Ellipse 30\" cx=\"8\" cy=\"8\" r=\"8\" transform=\"translate(4 4)\" fill=\"#fff\"\/>\n                                            <path id=\"Icon_material-copyright-2\" data-name=\"Icon material-copyright\" d=\"M9.464,10.088a2.045,2.045,0,0,1,.24-.7,1.4,1.4,0,0,1,.472-.5,1.42,1.42,0,0,1,.728-.184,1.45,1.45,0,0,1,.5.1,1.29,1.29,0,0,1,.416.288,1.54,1.54,0,0,1,.272.424,1.4,1.4,0,0,1,.112.512H13.64a2.864,2.864,0,0,0-.224-1.032,2.4,2.4,0,0,0-.56-.808,2.613,2.613,0,0,0-.864-.528,3.09,3.09,0,0,0-1.112-.184,3.127,3.127,0,0,0-1.36.272,2.751,2.751,0,0,0-.96.736,3.007,3.007,0,0,0-.568,1.088A4.685,4.685,0,0,0,7.8,10.9v.216a4.684,4.684,0,0,0,.184,1.312,2.908,2.908,0,0,0,.568,1.08,2.731,2.731,0,0,0,.96.728,3.246,3.246,0,0,0,1.36.272,3.051,3.051,0,0,0,1.056-.184,2.729,2.729,0,0,0,.864-.5,2.442,2.442,0,0,0,.592-.752,2.153,2.153,0,0,0,.24-.92H12.192a1.139,1.139,0,0,1-.12.464,1.177,1.177,0,0,1-.288.368,1.26,1.26,0,0,1-.416.24,1.589,1.589,0,0,1-.48.08,1.359,1.359,0,0,1-.712-.184,1.4,1.4,0,0,1-.472-.5,2.09,2.09,0,0,1-.24-.7,5.392,5.392,0,0,1-.064-.8V10.9a5.33,5.33,0,0,1,.064-.808ZM11,3a8,8,0,1,0,8,8A8,8,0,0,0,11,3Zm0,14.4A6.4,6.4,0,1,1,17.4,11,6.408,6.408,0,0,1,11,17.4Z\" transform=\"translate(1 1)\" fill=\"#4d4d4d\"\/>\n                                        <\/g>\n                                    <\/g>\n                                <\/svg>\n                                <span>Kristin Ludewig<\/span><\/a>                        \n                                                    <\/div>\n                                        <div class=\"sliderinhalt \" role=\"region\" aria-label=\"carousel\">\n\n                                            <h1 class=\"h1 tleft\" >Weniger Niederschl&auml;ge, weniger Pflanzenvielfalt<\/h1>                                                    <p style=\"text-align: center;\">Der Klimawandel d\u00fcrfte vor allem in den Trockengebieten der Erde die Pflanzenvielfalt ver\u00e4ndern<\/p>\n                                                \n                                                                                                            <\/div>\n                                            <\/div>\n\n                        \n                 <\/div>\n\n                              <\/div>\n<\/div>\n\n<div class=\"textbildrepeater pb-24 pt-0 no-bg modulclass \" id=\"\">\n    <div class=\"container\">\n        <div class=\"row\">\n                                                                <div class=\"pb-24   mod_text  col-md-6 offset-md-0 pos_top\">\n                            <div class=\"textrepeater \" id=\"\">\n    <p>03.05.2021 | Biodiversity Synthesis, iDiv Members, Media Release, Physiological Diversity, Species Interaction Ecology, TOP NEWS, UFZ News<\/p>\n<\/div>\n                            <\/div>\n                        <\/div>\n    <\/div>\n<\/div>\n\n<div class=\"textbildrepeater pb-24 pt-0 no-bg modulclass \" id=\"\">\n    <div class=\"container\">\n        <div class=\"row\">\n                                                                <div class=\"pb-24   mod_text  col-md-12 offset-md-0 pos_top\">\n                            <div class=\"textrepeater \" id=\"\">\n    <p><strong>Basiert auf einer Medienmitteilung des Helmholtz-Zentrums f&uuml;r Umweltforschung (UFZ)<\/strong><\/p>\n<p><strong>Leipzig\/Halle. Wasser ist in vielen &Ouml;kosystemen der Erde ein knappes Gut. Dieser Mangel d&uuml;rfte sich im Zuge des Klimawandels weiter versch&auml;rfen und zu einem deutlichen R&uuml;ckgang der Pflanzenvielfalt f&uuml;hren. Mit einer Synthese von experimentellen Daten aus der ganzen Welt haben Wissenschaftler*innen des Helmholtz-Zentrums f&uuml;r Umweltforschung (UFZ), des Deutschen Zentrums f&uuml;r integrative Biodiversit&auml;tsforschung (iDiv) und der Martin-Luther-Universit&auml;t Halle-Wittenberg (MLU) zum ersten Mal nachgewiesen, dass gerade Trockengebiete besonders empfindlich auf ver&auml;nderte Niederschlagsmengen reagieren. Das aber kann auch f&uuml;r die Menschen in den betroffenen Regionen Konsequenzen haben, warnt das Team im Fachjournal Nature Communications.&nbsp;<\/strong><\/p>\n<\/div>\n                            <\/div>\n                        <\/div>\n    <\/div>\n<\/div>\n\n<div class=\"textbildrepeater pb-24 pt-0 no-bg modulclass \" id=\"\">\n    <div class=\"container\">\n        <div class=\"row\">\n                                                                <div class=\"pb-24   mod_text  col-md-12 offset-md-0 pos_top\">\n                            <div class=\"textrepeater \" id=\"\">\n    <p>Was bringt der Klimawandel f&uuml;r die &Ouml;kosysteme der Erde? Wie wird sich die biologische Vielfalt in verschiedenen Regionen ver&auml;ndern? Solche wichtigen Zukunftsfragen sind im Detail sehr schwierig zu beantworten. Denn dazu m&uuml;sste man wissen, wie genau die einzelnen Arten und ihre Lebensgemeinschaften beispielsweise auf ver&auml;nderte Niederschlagsverh&auml;ltnisse reagieren werden. Dar&uuml;ber aber ist bisher noch nicht genug bekannt &ndash; und das trotz zahlreicher wissenschaftlicher Experimente weltweit. Zum Beispiel haben Wissenschaftler*innen Pflanzengemeinschaften bei gr&ouml;&szlig;eren oder geringeren Regenmengen heranwachsen lassen und ihre Reaktionen beobachtet. Vor allem in Europa und Nordamerika laufen entsprechende Versuche, die sich allerdings stark in ihrer Methodik unterscheiden. Das macht es schwierig, globale Zusammenh&auml;nge festzustellen.<\/p>\n<p>In diesen Studien kommen nicht nur unterschiedliche Methoden zum Einsatz&ldquo;, sagt Erstautorin Dr. Lotte Korell, Biologin am UFZ und bei iDiv. &bdquo;In etlichen F&auml;llen haben sie auch widerspr&uuml;chliche Ergebnisse geliefert.&ldquo; Zusammen mit ihren Kolleg*innen hatte sie sich daher vorgenommen, aus den weltweit erhobenen Daten verallgemeinerbare Aussagen herauszudestillieren. Im Mittelpunkt stand dabei die Frage, wie sich eine Zu- oder Abnahme der Niederschl&auml;ge auf die Pflanzenvielfalt von Land&ouml;kosystemen auswirkt.<\/p>\n<p>Bei ihrer Suche stie&szlig;en sie auf 23 verwertbare Ver&ouml;ffentlichungen, die Ergebnisse von insgesamt 72 Freilandexperimenten pr&auml;sentierten. Mit diesen Daten berechneten sie verschiedene statistische Gr&ouml;&szlig;en, die Auskunft &uuml;ber die biologische Vielfalt an den einzelnen Standorten gaben und brachten sie mit den steigenden oder sinkenden Regenmengen in Zusammenhang.<\/p>\n<p>&bdquo;Allerdings h&auml;ngt die Biodiversit&auml;t in solchen Versuchen von einer ganzen Reihe weiterer Faktoren ab&ldquo;, sagt Prof. Dr. Tiffany Knight, Letztautorin der Studie und &Ouml;kologin an UFZ, iDiv und der MLU. Zum Beispiel ist es entscheidend, welchen Landschaftsausschnitt man betrachtet. Richtet man den Blick nur auf eine einzelne, kleine Versuchsfl&auml;che, hat die Manipulation der Regenmengen gr&ouml;&szlig;ere Effekte, als wenn man alle untersuchten Plots gemeinsam betrachtet. Dieser Trend kommt m&ouml;glicherweise dadurch zustande, dass der kleine Ma&szlig;stab bestimmte Effekte besser abbildet. Verringert man zum Beispiel die Regenmenge in einem bisher schon trockenen Lebensraum noch weiter, beruht der R&uuml;ckgang der Biodiversit&auml;t vermutlich darauf, dass dort dann weniger Pflanzenindividuen wachsen k&ouml;nnen. Eventuell verschwinden einige Pflanzenarten sogar komplett.<\/p>\n<p>Doch selbst wenn eine Art auf einer kleinen Fl&auml;che nicht mehr vorkommt, findet sie sich wom&ouml;glich noch auf einer anderen in der gleichen Region. Lokal betrachtet hat die zunehmende Trockenheit daher einen gr&ouml;&szlig;eren Effekt, als wenn man einen gr&ouml;&szlig;eren Ma&szlig;stab w&auml;hlt. &bdquo;Um aus den Daten die richtigen Schl&uuml;sse zu ziehen, muss man also sowohl die lokalen Klimabedingungen ber&uuml;cksichtigen als auch die r&auml;umliche Skala der Experimente&ldquo;, res&uuml;miert Tiffany Knight.&nbsp;<\/p>\n<p>Auf diese Weise haben die Forscher*innen einen klaren Trend festgestellt&#58; In den Trockengebieten der Welt haben die Ver&auml;nderungen der Niederschlagsmengen einen deutlich gr&ouml;&szlig;eren Einfluss als in feuchteren Regionen.&nbsp;<\/p>\n<p>Trockene &Ouml;kosysteme nehmen heutzutage etwa 40 Prozent der Landoberfl&auml;che der Erde ein. Was diese Gebiete vor dem Hintergrund des Klimawandels in Zukunft erwartet, ist nicht leicht zu prognostizieren. W&auml;hrend Klimamodelle f&uuml;r einige trockene Regionen durchaus mit steigenden Niedrschlagsmengen rechnen, d&uuml;rfte sich der Wassermangel jedoch in den meisten Trockenregionen weiter versch&auml;rfen.&nbsp;<\/p>\n<p>Wo es feuchter wird, sollte der Studie zufolge auch die Pflanzenvielfalt zunehmen. Denn m&ouml;glicherweise haben die Samen der dort vorkommenden Arten eine erh&ouml;hte Chance zu keimen und sich zu etablieren.<br \/>Allerdings d&uuml;rfte dieser Effekt vor dem Hintergrund der prognostizierten Ausweitung von Trockengebieten nur relativ wenigen Regionen zugutekommen. Damit w&uuml;rde nach Einsch&auml;tzung des Autor*innen-Teams ein merklicher R&uuml;ckgang der Pflanzenvielfalt verbunden sein. &bdquo;Zwar haben sich die dortigen Pflanzen &uuml;ber sehr lange Zeitr&auml;ume an die Herausforderungen ihrer Lebensr&auml;ume angepasst&ldquo;, sagt Lotte Korell, &bdquo;doch irgendwann st&ouml;&szlig;t auch die widerstandsf&auml;higste &Uuml;berlebensk&uuml;nstlerin an ihre Grenzen&ldquo;. Und mit jeder Art, die vertrocknet und nicht mehr keimen kann, schrumpft die biologische Vielfalt.&nbsp;<\/p>\n<p>Das aber k&ouml;nnte nicht nur f&uuml;r die &Ouml;kosysteme eine schlechte Nachricht sein, sondern auch f&uuml;r ihre Bewohner*innen der trockenen Regionen &ndash; immerhin ungef&auml;hr ein Drittel der Weltbev&ouml;lkerung. Viele dieser Menschen versuchen, dem Land unter schwierigsten Bedingungen ihren Lebensunterhalt abzuringen. Wenn mit den Niederschl&auml;gen k&uuml;nftig auch die Artenvielfalt zur&uuml;ckgeht, d&uuml;rfte das zu einer noch gr&ouml;&szlig;eren Herausforderung werden. F&uuml;r Lotte Korell und ihre Kollegen ist das ein weiteres, dr&auml;ngendes Argument daf&uuml;r, den Klimawandel zu bremsen. &bdquo;Wichtig ist aber auch, gerade die Trockengebiete besonders gut zu sch&uuml;tzen&ldquo;, sagt die Forscherin. Denn je st&auml;rker diese empfindlichen &Ouml;kosysteme durch eine zu intensive Beweidung oder andere Stressfaktoren unter Druck stehen, umso st&auml;rker d&uuml;rfte der Klimawandel die Pflanzenvielfalt dezimieren.<\/p>\n<p>&nbsp;<\/p>\n<p><strong>Originalpublikation&#58;&nbsp;<\/strong><br \/>(Scientists with iDiv affiliation in bold)<\/p>\n<p><strong>Korell, L., Auge, H., Chase, J. M., Harpole, W. S. &amp; Knight, T. M.<\/strong> (2021)&#58; Responses of plant diversity to precipitation change are strongest at local spatial scales and in drylands. Nature Communications , DOI&#58; <a href=https&#58;\/\/doi.org\/10.1038\/s41467-021-22766-0>10.1038\/s41467-021-22766-0<\/a><\/p>\n<\/div>\n                            <\/div>\n                        <\/div>\n    <\/div>\n<\/div>\n\n<div class=\"textbildrepeater pb-24 pt-0 no-bg modulclass \" id=\"\">\n    <div class=\"container\">\n        <div class=\"row\">\n                                                                <div class=\"pb-24   mod_text  col-md-12 offset-md-0 pos_top\">\n                            <div class=\"textrepeater \" id=\"\">\n    <h3>Ansprechpartner:<\/h3>\n<p><strong>Sebastian Tilch<\/strong><br \/>\nAbteilung Medien und Kommunikation<br \/>\nDeutsches Zentrum f\u00fcr integrative Biodiversit\u00e4tsforschung (iDiv) Halle-Jena-Leipzig<br \/>\nTel.: +49 341 97 33197<br \/>\nE-Mail: <a href=\"m&#97;&#x69;&#x6c;t&#111;&#58;&#x73;&#x65;b&#97;&#115;&#x74;&#x69;a&#110;&#x2e;&#x74;&#x69;l&#99;&#x68;&#x40;i&#100;&#105;&#x76;&#x2e;d&#101;\">&#x73;&#x65;&#x62;&#x61;&#x73;&#x74;&#x69;&#x61;&#x6e;&#x2e;&#x74;&#x69;&#x6c;&#x63;&#x68;&#x40;&#x69;&#x64;&#x69;&#x76;&#x2e;&#x64;&#x65;<\/a><\/p>\n<p><strong>Dr. Lotte Korell<\/strong><br \/>\nHelmholtz-Zentrum f\u00fcr Umweltforschung \u2013 UFZ<br \/>\nDeutsches Zentrum f\u00fcr integrative Biodiversit\u00e4tsforschung (iDiv) Halle-Jena-Leipzig<br \/>\nTel.: +49 341 9733155<br \/>\nE-Mail: <a href=\"&#x6d;&#97;i&#x6c;&#x74;&#111;:&#x6c;&#111;t&#x74;&#x65;&#46;k&#x6f;&#114;e&#x6c;&#x6c;&#64;i&#x64;&#x69;&#118;&#x2e;&#x64;&#101;\">lo&#116;&#116;&#x65;&#x2e;&#x6b;&#x6f;re&#108;&#108;&#x40;&#x69;&#x64;&#x69;v&#46;&#100;&#101;<\/a><\/p>\n<\/div>\n                            <\/div>\n                        <\/div>\n    <\/div>\n<\/div>\n\n<div class=\"textbildrepeater pb-24 pt-0 no-bg modulclass \" id=\"\">\n    <div class=\"container\">\n        <div class=\"row\">\n                                                                <div class=\"pb-24   mod_text  col-md-12 offset-md-0 pos_top\">\n                            <div class=\"textrepeater \" id=\"\">\n    <p><em>Hinweis f\u00fcr die Medien: Die von iDiv bereitgestellten Bilder d\u00fcrfen ausschlie\u00dflich f\u00fcr die Berichterstattung im Zusammenhang mit dieser Medienmitteilung und unter Angabe des\/der Urhebers\/in verwendet werden.<\/em><\/p>\n<\/div>\n                            <\/div>\n                        <\/div>\n    <\/div>\n<\/div>","protected":false},"excerpt":{"rendered":"<p>Basiert auf einer Medienmitteilung des Helmholtz-Zentrums f&uuml;r Umweltforschung (UFZ)<br \/>\nLeipzig\/Halle. Wasser ist in vielen &Ouml;kosystemen der Erde ein knappes Gut. Dieser Mangel d&uuml;rfte sich im Zuge des Klimawandels weiter versch&auml;rfen und zu einem deutlichen R&uuml;ckgang der Pflanzenvielfalt f&uuml;hren. Mit einer Synthese von experimentellen Daten aus der ganzen Welt haben Wissenschaftler*innen des Helmholtz-Zentrums f&uuml;r Umweltforschung (UFZ), des Deutschen Zentrums f&uuml;r integrative Biodiversit&auml;tsforschung (iDiv) und der Martin-Luther-Universit&auml;t Halle-Wittenberg (MLU) zum ersten Mal nachgewiesen, dass gerade Trockengebiete besonders empfindlich auf ver&auml;nderte Niederschlagsmengen reagieren. Das aber kann auch f&uuml;r die Menschen in den betroffenen Regionen Konsequenzen haben, warnt das Team im Fachjournal Nature Communications.&nbsp;<\/p>\n","protected":false},"author":1,"featured_media":0,"comment_status":"open","ping_status":"open","sticky":false,"template":"","format":"standard","meta":{"_acf_changed":false,"advgb_blocks_editor_width":"","advgb_blocks_columns_visual_guide":"","footnotes":"","_links_to":"","_links_to_target":""},"categories":[36,55,39,62,30,32],"tags":[],"class_list":["post-12260","post","type-post","status-publish","format-standard","hentry","category-arten-interaktionsoekologie","category-biodiversitaetssynthese","category-idiv-mitglieder","category-physiologische-diversitaet","category-top-news-de-2","category-ufz-news-de"],"acf":{"thumb":6325,"thumbmobile":"","copyright":"Kristin Ludewig","breadcrumb":true},"yoast_head":"<!-- This site is optimized with the Yoast SEO plugin v27.4 - https:\/\/yoast.com\/product\/yoast-seo-wordpress\/ -->\n<title>Weniger Niederschl&auml;ge, weniger Pflanzenvielfalt | iDiv<\/title>\n<meta name=\"robots\" content=\"index, follow, max-snippet:-1, max-image-preview:large, max-video-preview:-1\" \/>\n<link rel=\"canonical\" href=\"https:\/\/www.idiv.de\/de\/weniger-niederschlge-weniger-pflanzenvielfalt\/\" \/>\n<meta property=\"og:locale\" content=\"de_DE\" \/>\n<meta property=\"og:type\" content=\"article\" \/>\n<meta property=\"og:title\" content=\"Weniger Niederschl&auml;ge, weniger Pflanzenvielfalt | iDiv\" \/>\n<meta property=\"og:description\" content=\"Basiert auf einer Medienmitteilung des Helmholtz-Zentrums f&uuml;r Umweltforschung (UFZ) Leipzig\/Halle. Wasser ist in vielen &Ouml;kosystemen der Erde ein knappes Gut. Dieser Mangel d&uuml;rfte sich im Zuge des Klimawandels weiter versch&auml;rfen und zu einem deutlichen R&uuml;ckgang der Pflanzenvielfalt f&uuml;hren. Mit einer Synthese von experimentellen Daten aus der ganzen Welt haben Wissenschaftler*innen des Helmholtz-Zentrums f&uuml;r Umweltforschung (UFZ), des Deutschen Zentrums f&uuml;r integrative Biodiversit&auml;tsforschung (iDiv) und der Martin-Luther-Universit&auml;t Halle-Wittenberg (MLU) zum ersten Mal nachgewiesen, dass gerade Trockengebiete besonders empfindlich auf ver&auml;nderte Niederschlagsmengen reagieren. Das aber kann auch f&uuml;r die Menschen in den betroffenen Regionen Konsequenzen haben, warnt das Team im Fachjournal Nature Communications.&nbsp;\" \/>\n<meta property=\"og:url\" content=\"https:\/\/www.idiv.de\/de\/weniger-niederschlge-weniger-pflanzenvielfalt\/\" \/>\n<meta property=\"og:site_name\" content=\"iDiv\" \/>\n<meta property=\"article:published_time\" content=\"2021-05-02T23:00:00+00:00\" \/>\n<meta property=\"article:modified_time\" content=\"2025-08-25T09:31:34+00:00\" \/>\n<meta property=\"og:image\" content=\"https:\/\/www.idiv.de\/wp-content\/uploads\/2024\/11\/iDivSocialMediaShare.jpg\" \/>\n\t<meta property=\"og:image:width\" content=\"1200\" \/>\n\t<meta property=\"og:image:height\" content=\"675\" \/>\n\t<meta property=\"og:image:type\" content=\"image\/jpeg\" \/>\n<meta name=\"author\" content=\"admin\" \/>\n<meta name=\"twitter:card\" content=\"summary_large_image\" \/>\n<meta name=\"twitter:creator\" content=\"@idiv\" \/>\n<meta name=\"twitter:site\" content=\"@idiv\" \/>\n<script type=\"application\/ld+json\" class=\"yoast-schema-graph\">{\"@context\":\"https:\\\/\\\/schema.org\",\"@graph\":[{\"@type\":\"Article\",\"@id\":\"https:\\\/\\\/www.idiv.de\\\/de\\\/weniger-niederschlge-weniger-pflanzenvielfalt\\\/#article\",\"isPartOf\":{\"@id\":\"https:\\\/\\\/www.idiv.de\\\/de\\\/weniger-niederschlge-weniger-pflanzenvielfalt\\\/\"},\"author\":{\"name\":\"admin\",\"@id\":\"https:\\\/\\\/www.idiv.de\\\/de\\\/#\\\/schema\\\/person\\\/14228c09f1919627a633555952e15fc0\"},\"headline\":\"Weniger Niederschl&auml;ge, weniger Pflanzenvielfalt\",\"datePublished\":\"2021-05-02T23:00:00+00:00\",\"dateModified\":\"2025-08-25T09:31:34+00:00\",\"mainEntityOfPage\":{\"@id\":\"https:\\\/\\\/www.idiv.de\\\/de\\\/weniger-niederschlge-weniger-pflanzenvielfalt\\\/\"},\"wordCount\":6,\"commentCount\":0,\"publisher\":{\"@id\":\"https:\\\/\\\/www.idiv.de\\\/de\\\/#organization\"},\"articleSection\":[\"Arten-Interaktions\u00f6kologie\",\"Biodiversit\u00e4tssynthese\",\"iDiv-Mitglieder\",\"Physiologische Diversit\u00e4t\",\"TOP NEWS\",\"UFZ-News\"],\"inLanguage\":\"de\"},{\"@type\":\"WebPage\",\"@id\":\"https:\\\/\\\/www.idiv.de\\\/de\\\/weniger-niederschlge-weniger-pflanzenvielfalt\\\/\",\"url\":\"https:\\\/\\\/www.idiv.de\\\/de\\\/weniger-niederschlge-weniger-pflanzenvielfalt\\\/\",\"name\":\"Weniger Niederschl&auml;ge, weniger Pflanzenvielfalt | iDiv\",\"isPartOf\":{\"@id\":\"https:\\\/\\\/www.idiv.de\\\/de\\\/#website\"},\"datePublished\":\"2021-05-02T23:00:00+00:00\",\"dateModified\":\"2025-08-25T09:31:34+00:00\",\"breadcrumb\":{\"@id\":\"https:\\\/\\\/www.idiv.de\\\/de\\\/weniger-niederschlge-weniger-pflanzenvielfalt\\\/#breadcrumb\"},\"inLanguage\":\"de\",\"potentialAction\":[{\"@type\":\"ReadAction\",\"target\":[\"https:\\\/\\\/www.idiv.de\\\/de\\\/weniger-niederschlge-weniger-pflanzenvielfalt\\\/\"]}]},{\"@type\":\"BreadcrumbList\",\"@id\":\"https:\\\/\\\/www.idiv.de\\\/de\\\/weniger-niederschlge-weniger-pflanzenvielfalt\\\/#breadcrumb\",\"itemListElement\":[{\"@type\":\"ListItem\",\"position\":1,\"name\":\"Startseite\",\"item\":\"https:\\\/\\\/www.idiv.de\\\/de\\\/\"},{\"@type\":\"ListItem\",\"position\":2,\"name\":\"Weniger Niederschl&auml;ge, weniger Pflanzenvielfalt\"}]},{\"@type\":\"WebSite\",\"@id\":\"https:\\\/\\\/www.idiv.de\\\/de\\\/#website\",\"url\":\"https:\\\/\\\/www.idiv.de\\\/de\\\/\",\"name\":\"iDiv\",\"description\":\"Hotspot in Biodiversity Research\",\"publisher\":{\"@id\":\"https:\\\/\\\/www.idiv.de\\\/de\\\/#organization\"},\"potentialAction\":[{\"@type\":\"SearchAction\",\"target\":{\"@type\":\"EntryPoint\",\"urlTemplate\":\"https:\\\/\\\/www.idiv.de\\\/de\\\/?s={search_term_string}\"},\"query-input\":{\"@type\":\"PropertyValueSpecification\",\"valueRequired\":true,\"valueName\":\"search_term_string\"}}],\"inLanguage\":\"de\"},{\"@type\":\"Organization\",\"@id\":\"https:\\\/\\\/www.idiv.de\\\/de\\\/#organization\",\"name\":\"idiv\",\"url\":\"https:\\\/\\\/www.idiv.de\\\/de\\\/\",\"logo\":{\"@type\":\"ImageObject\",\"inLanguage\":\"de\",\"@id\":\"https:\\\/\\\/www.idiv.de\\\/de\\\/#\\\/schema\\\/logo\\\/image\\\/\",\"url\":\"https:\\\/\\\/www.idiv.de\\\/wp-content\\\/uploads\\\/2024\\\/08\\\/iDiv_Logo_long_v1_EN_black_4c.jpg\",\"contentUrl\":\"https:\\\/\\\/www.idiv.de\\\/wp-content\\\/uploads\\\/2024\\\/08\\\/iDiv_Logo_long_v1_EN_black_4c.jpg\",\"width\":2448,\"height\":674,\"caption\":\"idiv\"},\"image\":{\"@id\":\"https:\\\/\\\/www.idiv.de\\\/de\\\/#\\\/schema\\\/logo\\\/image\\\/\"},\"sameAs\":[\"https:\\\/\\\/x.com\\\/idiv\",\"https:\\\/\\\/www.linkedin.com\\\/company\\\/idiv-biodiversity\\\/\",\"https:\\\/\\\/www.youtube.com\\\/idiv-research\"]},{\"@type\":\"Person\",\"@id\":\"https:\\\/\\\/www.idiv.de\\\/de\\\/#\\\/schema\\\/person\\\/14228c09f1919627a633555952e15fc0\",\"name\":\"admin\",\"url\":\"https:\\\/\\\/www.idiv.de\\\/de\\\/author\\\/admin\\\/\"}]}<\/script>\n<!-- \/ Yoast SEO plugin. -->","yoast_head_json":{"title":"Weniger Niederschl&auml;ge, weniger Pflanzenvielfalt | iDiv","robots":{"index":"index","follow":"follow","max-snippet":"max-snippet:-1","max-image-preview":"max-image-preview:large","max-video-preview":"max-video-preview:-1"},"canonical":"https:\/\/www.idiv.de\/de\/weniger-niederschlge-weniger-pflanzenvielfalt\/","og_locale":"de_DE","og_type":"article","og_title":"Weniger Niederschl&auml;ge, weniger Pflanzenvielfalt | iDiv","og_description":"Basiert auf einer Medienmitteilung des Helmholtz-Zentrums f&uuml;r Umweltforschung (UFZ) Leipzig\/Halle. Wasser ist in vielen &Ouml;kosystemen der Erde ein knappes Gut. Dieser Mangel d&uuml;rfte sich im Zuge des Klimawandels weiter versch&auml;rfen und zu einem deutlichen R&uuml;ckgang der Pflanzenvielfalt f&uuml;hren. Mit einer Synthese von experimentellen Daten aus der ganzen Welt haben Wissenschaftler*innen des Helmholtz-Zentrums f&uuml;r Umweltforschung (UFZ), des Deutschen Zentrums f&uuml;r integrative Biodiversit&auml;tsforschung (iDiv) und der Martin-Luther-Universit&auml;t Halle-Wittenberg (MLU) zum ersten Mal nachgewiesen, dass gerade Trockengebiete besonders empfindlich auf ver&auml;nderte Niederschlagsmengen reagieren. Das aber kann auch f&uuml;r die Menschen in den betroffenen Regionen Konsequenzen haben, warnt das Team im Fachjournal Nature Communications.&nbsp;","og_url":"https:\/\/www.idiv.de\/de\/weniger-niederschlge-weniger-pflanzenvielfalt\/","og_site_name":"iDiv","article_published_time":"2021-05-02T23:00:00+00:00","article_modified_time":"2025-08-25T09:31:34+00:00","og_image":[{"width":1200,"height":675,"url":"https:\/\/www.idiv.de\/wp-content\/uploads\/2024\/11\/iDivSocialMediaShare.jpg","type":"image\/jpeg"}],"author":"admin","twitter_card":"summary_large_image","twitter_creator":"@idiv","twitter_site":"@idiv","schema":{"@context":"https:\/\/schema.org","@graph":[{"@type":"Article","@id":"https:\/\/www.idiv.de\/de\/weniger-niederschlge-weniger-pflanzenvielfalt\/#article","isPartOf":{"@id":"https:\/\/www.idiv.de\/de\/weniger-niederschlge-weniger-pflanzenvielfalt\/"},"author":{"name":"admin","@id":"https:\/\/www.idiv.de\/de\/#\/schema\/person\/14228c09f1919627a633555952e15fc0"},"headline":"Weniger Niederschl&auml;ge, weniger Pflanzenvielfalt","datePublished":"2021-05-02T23:00:00+00:00","dateModified":"2025-08-25T09:31:34+00:00","mainEntityOfPage":{"@id":"https:\/\/www.idiv.de\/de\/weniger-niederschlge-weniger-pflanzenvielfalt\/"},"wordCount":6,"commentCount":0,"publisher":{"@id":"https:\/\/www.idiv.de\/de\/#organization"},"articleSection":["Arten-Interaktions\u00f6kologie","Biodiversit\u00e4tssynthese","iDiv-Mitglieder","Physiologische Diversit\u00e4t","TOP NEWS","UFZ-News"],"inLanguage":"de"},{"@type":"WebPage","@id":"https:\/\/www.idiv.de\/de\/weniger-niederschlge-weniger-pflanzenvielfalt\/","url":"https:\/\/www.idiv.de\/de\/weniger-niederschlge-weniger-pflanzenvielfalt\/","name":"Weniger Niederschl&auml;ge, weniger Pflanzenvielfalt | iDiv","isPartOf":{"@id":"https:\/\/www.idiv.de\/de\/#website"},"datePublished":"2021-05-02T23:00:00+00:00","dateModified":"2025-08-25T09:31:34+00:00","breadcrumb":{"@id":"https:\/\/www.idiv.de\/de\/weniger-niederschlge-weniger-pflanzenvielfalt\/#breadcrumb"},"inLanguage":"de","potentialAction":[{"@type":"ReadAction","target":["https:\/\/www.idiv.de\/de\/weniger-niederschlge-weniger-pflanzenvielfalt\/"]}]},{"@type":"BreadcrumbList","@id":"https:\/\/www.idiv.de\/de\/weniger-niederschlge-weniger-pflanzenvielfalt\/#breadcrumb","itemListElement":[{"@type":"ListItem","position":1,"name":"Startseite","item":"https:\/\/www.idiv.de\/de\/"},{"@type":"ListItem","position":2,"name":"Weniger Niederschl&auml;ge, weniger Pflanzenvielfalt"}]},{"@type":"WebSite","@id":"https:\/\/www.idiv.de\/de\/#website","url":"https:\/\/www.idiv.de\/de\/","name":"iDiv","description":"Hotspot in Biodiversity Research","publisher":{"@id":"https:\/\/www.idiv.de\/de\/#organization"},"potentialAction":[{"@type":"SearchAction","target":{"@type":"EntryPoint","urlTemplate":"https:\/\/www.idiv.de\/de\/?s={search_term_string}"},"query-input":{"@type":"PropertyValueSpecification","valueRequired":true,"valueName":"search_term_string"}}],"inLanguage":"de"},{"@type":"Organization","@id":"https:\/\/www.idiv.de\/de\/#organization","name":"idiv","url":"https:\/\/www.idiv.de\/de\/","logo":{"@type":"ImageObject","inLanguage":"de","@id":"https:\/\/www.idiv.de\/de\/#\/schema\/logo\/image\/","url":"https:\/\/www.idiv.de\/wp-content\/uploads\/2024\/08\/iDiv_Logo_long_v1_EN_black_4c.jpg","contentUrl":"https:\/\/www.idiv.de\/wp-content\/uploads\/2024\/08\/iDiv_Logo_long_v1_EN_black_4c.jpg","width":2448,"height":674,"caption":"idiv"},"image":{"@id":"https:\/\/www.idiv.de\/de\/#\/schema\/logo\/image\/"},"sameAs":["https:\/\/x.com\/idiv","https:\/\/www.linkedin.com\/company\/idiv-biodiversity\/","https:\/\/www.youtube.com\/idiv-research"]},{"@type":"Person","@id":"https:\/\/www.idiv.de\/de\/#\/schema\/person\/14228c09f1919627a633555952e15fc0","name":"admin","url":"https:\/\/www.idiv.de\/de\/author\/admin\/"}]}},"author_meta":{"display_name":"admin","author_link":"https:\/\/www.idiv.de\/de\/author\/admin\/"},"featured_img":null,"coauthors":[],"tax_additional":{"categories":{"linked":["<a href=\"https:\/\/www.idiv.de\/de\/kategorie\/forschung\/arten-interaktionsoekologie\/\" class=\"advgb-post-tax-term\">Arten-Interaktions\u00f6kologie<\/a>","<a href=\"https:\/\/www.idiv.de\/de\/kategorie\/forschung\/biodiversitaetssynthese\/\" class=\"advgb-post-tax-term\">Biodiversit\u00e4tssynthese<\/a>","<a href=\"https:\/\/www.idiv.de\/de\/kategorie\/idiv-mitglieder\/\" class=\"advgb-post-tax-term\">iDiv-Mitglieder<\/a>","<a href=\"https:\/\/www.idiv.de\/de\/kategorie\/forschung\/physiologische-diversitaet\/\" class=\"advgb-post-tax-term\">Physiologische Diversit\u00e4t<\/a>","<a href=\"https:\/\/www.idiv.de\/de\/kategorie\/top-news-de-2\/\" class=\"advgb-post-tax-term\">TOP NEWS<\/a>","<a href=\"https:\/\/www.idiv.de\/de\/kategorie\/ufz-news-de\/\" class=\"advgb-post-tax-term\">UFZ-News<\/a>"],"unlinked":["<span class=\"advgb-post-tax-term\">Arten-Interaktions\u00f6kologie<\/span>","<span class=\"advgb-post-tax-term\">Biodiversit\u00e4tssynthese<\/span>","<span class=\"advgb-post-tax-term\">iDiv-Mitglieder<\/span>","<span class=\"advgb-post-tax-term\">Physiologische Diversit\u00e4t<\/span>","<span class=\"advgb-post-tax-term\">TOP NEWS<\/span>","<span class=\"advgb-post-tax-term\">UFZ-News<\/span>"]}},"comment_count":0,"relative_dates":{"created":"Ver\u00f6ffentlicht 5\u00a0Jahren vor","modified":"Aktualisiert 8\u00a0Monaten vor"},"absolute_dates":{"created":"Ver\u00f6ffentlicht am 3. Mai 2021","modified":"Aktualisiert am 25. August 2025"},"absolute_dates_time":{"created":"Ver\u00f6ffentlicht am 3. Mai 2021 0:00","modified":"Aktualisiert am 25. August 2025 10:31"},"featured_img_caption":"","series_order":"","_links":{"self":[{"href":"https:\/\/www.idiv.de\/de\/wp-json\/wp\/v2\/posts\/12260","targetHints":{"allow":["GET"]}}],"collection":[{"href":"https:\/\/www.idiv.de\/de\/wp-json\/wp\/v2\/posts"}],"about":[{"href":"https:\/\/www.idiv.de\/de\/wp-json\/wp\/v2\/types\/post"}],"author":[{"embeddable":true,"href":"https:\/\/www.idiv.de\/de\/wp-json\/wp\/v2\/users\/1"}],"replies":[{"embeddable":true,"href":"https:\/\/www.idiv.de\/de\/wp-json\/wp\/v2\/comments?post=12260"}],"version-history":[{"count":2,"href":"https:\/\/www.idiv.de\/de\/wp-json\/wp\/v2\/posts\/12260\/revisions"}],"predecessor-version":[{"id":34637,"href":"https:\/\/www.idiv.de\/de\/wp-json\/wp\/v2\/posts\/12260\/revisions\/34637"}],"wp:attachment":[{"href":"https:\/\/www.idiv.de\/de\/wp-json\/wp\/v2\/media?parent=12260"}],"wp:term":[{"taxonomy":"category","embeddable":true,"href":"https:\/\/www.idiv.de\/de\/wp-json\/wp\/v2\/categories?post=12260"},{"taxonomy":"post_tag","embeddable":true,"href":"https:\/\/www.idiv.de\/de\/wp-json\/wp\/v2\/tags?post=12260"}],"curies":[{"name":"wp","href":"https:\/\/api.w.org\/{rel}","templated":true}]}}