{"id":12216,"date":"2021-02-24T00:00:00","date_gmt":"2021-02-23T23:00:00","guid":{"rendered":"https:\/\/idiv.caf-dev.de\/unterirdische-biodiversitt-im-wandel\/"},"modified":"2025-05-27T12:45:00","modified_gmt":"2025-05-27T11:45:00","slug":"unterirdische-biodiversitt-im-wandel","status":"publish","type":"post","link":"https:\/\/www.idiv.de\/de\/unterirdische-biodiversitt-im-wandel\/","title":{"rendered":"Unterirdische Biodiversit&auml;t im Wandel"},"content":{"rendered":"<div class=\"herosection pb-24 pt-0 no-bg modulclass \" id=\"\">\n                    <div class=\"swiper1noslider  nooverflow swiper \" id=\"slide_69f2cc4d9cf1d\">\n        \n                <div class=\"swiper-wrapper\">\n                                            <div class=\"swiper-slide  style_ \" aria-hidden=\"true\" >\n                            <div class=\"backstretchwrap\">\n                        \n                            <div datasrc=\"https:\/\/www.idiv.de\/wp-content\/uploads\/2024\/08\/pic_36b9bdeebf20210224171241.jpg\" class=\"backstretchimg responsiv desktop\"><\/div>\n\n                            <a href=\"#\" class=\"cr\"><svg  xmlns=\"http:\/\/www.w3.org\/2000\/svg\" width=\"22\" height=\"22\" viewBox=\"0 0 22 22\">\n                                    <rect id=\"BG\" width=\"22\" height=\"22\" rx=\"11\" fill=\"#fff\"\/>\n                                    <g id=\"Wrapper\" transform=\"translate(-1 -1)\">\n                                        <g id=\"Icon_material-copyright\" data-name=\"Icon material-copyright\">\n                                            <circle id=\"Ellipse_30\" data-name=\"Ellipse 30\" cx=\"8\" cy=\"8\" r=\"8\" transform=\"translate(4 4)\" fill=\"#fff\"\/>\n                                            <path id=\"Icon_material-copyright-2\" data-name=\"Icon material-copyright\" d=\"M9.464,10.088a2.045,2.045,0,0,1,.24-.7,1.4,1.4,0,0,1,.472-.5,1.42,1.42,0,0,1,.728-.184,1.45,1.45,0,0,1,.5.1,1.29,1.29,0,0,1,.416.288,1.54,1.54,0,0,1,.272.424,1.4,1.4,0,0,1,.112.512H13.64a2.864,2.864,0,0,0-.224-1.032,2.4,2.4,0,0,0-.56-.808,2.613,2.613,0,0,0-.864-.528,3.09,3.09,0,0,0-1.112-.184,3.127,3.127,0,0,0-1.36.272,2.751,2.751,0,0,0-.96.736,3.007,3.007,0,0,0-.568,1.088A4.685,4.685,0,0,0,7.8,10.9v.216a4.684,4.684,0,0,0,.184,1.312,2.908,2.908,0,0,0,.568,1.08,2.731,2.731,0,0,0,.96.728,3.246,3.246,0,0,0,1.36.272,3.051,3.051,0,0,0,1.056-.184,2.729,2.729,0,0,0,.864-.5,2.442,2.442,0,0,0,.592-.752,2.153,2.153,0,0,0,.24-.92H12.192a1.139,1.139,0,0,1-.12.464,1.177,1.177,0,0,1-.288.368,1.26,1.26,0,0,1-.416.24,1.589,1.589,0,0,1-.48.08,1.359,1.359,0,0,1-.712-.184,1.4,1.4,0,0,1-.472-.5,2.09,2.09,0,0,1-.24-.7,5.392,5.392,0,0,1-.064-.8V10.9a5.33,5.33,0,0,1,.064-.808ZM11,3a8,8,0,1,0,8,8A8,8,0,0,0,11,3Zm0,14.4A6.4,6.4,0,1,1,17.4,11,6.408,6.408,0,0,1,11,17.4Z\" transform=\"translate(1 1)\" fill=\"#4d4d4d\"\/>\n                                        <\/g>\n                                    <\/g>\n                                <\/svg>\n                                <span>S. Piyaset &#8211; AdobeStock<\/span><\/a>                        \n                                                    <\/div>\n                                        <div class=\"sliderinhalt \" role=\"region\" aria-label=\"carousel\">\n\n                                            <h1 class=\"h1 tleft\" >Unterirdische Biodiversit&auml;t im Wandel<\/h1>                                                    <p style=\"text-align: center;\">Globaler Wandel ver\u00e4ndert das mikrobielle Leben im Boden und damit seine \u00f6kologischen Funktionen<\/p>\n                                                \n                                                                                                            <\/div>\n                                            <\/div>\n\n                        \n                 <\/div>\n\n                              <\/div>\n<\/div>\n\n<div class=\"textbildrepeater pb-24 pt-0 no-bg modulclass \" id=\"\">\n    <div class=\"container\">\n        <div class=\"row\">\n                                                                <div class=\"pb-24   mod_text  col-md-6 offset-md-0 pos_top\">\n                            <div class=\"textrepeater \" id=\"\">\n    <p>24.02.2021 | Experimental Interaction Ecology, iDiv Members, Media Release, TOP NEWS<\/p>\n<\/div>\n                            <\/div>\n                        <\/div>\n    <\/div>\n<\/div>\n\n<div class=\"textbildrepeater pb-24 pt-0 no-bg modulclass \" id=\"\">\n    <div class=\"container\">\n        <div class=\"row\">\n                                                                <div class=\"pb-24   mod_text  col-md-12 offset-md-0 pos_top\">\n                            <div class=\"textrepeater \" id=\"\">\n    <p><strong>Basierend auf einer Medienmitteilung des Max-Planck-Instituts f\u00fcr Mathematik in den Naturwissenschaften<\/strong><\/p>\n<p><strong>Durch den globalen Wandel wird die Vielfalt der Bakterien auf lokaler Ebene voraussichtlich zunehmen, w\u00e4hrend deren Zusammensetzung sich auf globaler Ebene immer \u00e4hnlicher wird. \u00a0Dies ist das Ergebnis eines Forscherteams unter Leitung des Deutschen Zentrums f\u00fcr integrative Biodiversit\u00e4tsforschung (iDiv), der Martin-Luther-Universit\u00e4t Halle-Wittenberg (MLU), der Universit\u00e4t Leipzig (UL) und des Max-Planck-Instituts f\u00fcr Mathematik in den Naturwissenschaften (MiS). Die Forscher haben erstmals ganzheitlich bewertet, wie sich Klima- und Landnutzungs\u00e4nderungen auf Bakteriengemeinschaften im Boden auswirken. Die in Global Ecology and Biogeography ver\u00f6ffentlichte Studie kann dabei helfen, zuverl\u00e4ssige Vorhersagen \u00fcber Ver\u00e4nderungen in der globalen Verteilung dieser unterirdischen Gemeinschaften zu treffen.\u00a0<\/strong><\/p>\n<\/div>\n                            <\/div>\n                        <\/div>\n    <\/div>\n<\/div>\n\n<div class=\"textbildrepeater pb-24 pt-0 no-bg modulclass \" id=\"\">\n    <div class=\"container\">\n        <div class=\"row\">\n                                                                <div class=\"pb-24   mod_text  col-md-12 offset-md-0 pos_top\">\n                            <div class=\"textrepeater \" id=\"\">\n    <p>Mikroorganismen im Boden spielen eine entscheidende Rolle f\u00fcr den Fortbestand lebenserhaltender \u00d6kosysteme und demzufolge auch f\u00fcr das menschliche Wohlergehen. Globale Bewertungen liefern immer wieder deutliche Hinweise darauf, dass der Mensch einen beispiellosen Verlust an biologischer Vielfalt verursacht. Jedoch st\u00fctzen sich dieses Aussagen stark auf ausgew\u00e4hlte Gruppen von Wirbeltieren und Pflanzen, w\u00e4hrend \u00fcber m\u00f6gliche Verschiebungen in unterirdischen Gemeinschaften viel weniger bekannt ist.<\/p>\n<p>Mikrobengemeinschaften im Boden bilden eine weitestgehend unsichtbare Mehrheit, obwohl sie laut Erstautor Dr. Carlos Guerra (iDiv, MLU) \u201eeine Vielzahl von \u00d6kosystemfunktionen steuern, die sowohl Auswirkungen auf das menschliche Wohlergehen als auch die Nachhaltigkeit unserer \u00d6kosysteme haben\u201c. Die ver\u00f6ffentlichten Forschungsergebnisse liefern den Beweis, dass der Klimawandel einen st\u00e4rkeren Einfluss auf Mikroben im Boden hat als Landnutzungs\u00e4nderungen wie beispielsweise Abholzung und landwirtschaftliche Expansion.<\/p>\n<p>Die Wissenschaftler richteten ihre Aufmerksamkeit insbesondere auf Bakterien und Pilze, die weltweit die vielf\u00e4ltigsten Gruppen von Bodenorganismen darstellen. Sie untersuchten eine umfassende Datenbank von Bodenmikrobengemeinschaften auf sechs Kontinenten und ber\u00fccksichtigten dabei Daten zu Temperatur, Niederschlag und Vegetationsbedeckung. Sie bezogen sich zudem auf bereits existierende Datens\u00e4tze zu Klima- und Landnutzungsprognosen, um verschiedene zeitliche Ver\u00e4nderungsszenarien basierend auf einem Projektionszeitraum von 1950 bis 2090 zu berechnen.<\/p>\n<p>Um dieses komplexe System mit mehreren voneinander abh\u00e4ngigen Variablen zu verstehen, wurden vier Strukturgleichungsmodelle f\u00fcr Bakterienreichtum, Unterschiede zwischen den Gemeinschaften, Phosphattransportgene und \u00f6kologische Cluster entwickelt. Diese Modelle sind besonders hilfreich, um zwischen den direkten und indirekten Effekten der \u00e4u\u00dferen Umweltvariablen (Vegetationstyp, Temperatur, Niederschlag, usw.) auf die vorher genannten Biodiversit\u00e4tsvariablen zu unterscheiden.<\/p>\n<p><strong>Bakterienreichtum versus Homogenisierung<\/strong><\/p>\n<p>Die Autoren konnten zeigen, dass der lokale Bakterienreichtum in allen betrachteten Szenarien des Klima- und Landnutzungswandels zunehmen wird. Jedoch wird diesem Wachstum ein genereller Prozess der Homogenisierung von Gemeinschaften folgen, der mehr als 85 % der terrestrischen \u00d6kosysteme betrifft. Die Wissenschaftler erwarten zudem Ver\u00e4nderungen in der relativen H\u00e4ufigkeit funktioneller Gene, die mit der Zunahme des Bakterienreichtums einhergehen. Diese k\u00f6nnten die Phosphoraufnahme der B\u00f6den beeinflussen, was wiederum die Pflanzen- und Mikrobenproduktion einschr\u00e4nken k\u00f6nnte. Die Ergebnisse der \u00f6kologischen Clusteranalyse deuten darauf hin, dass bestimmte Bakterien und Pilze, von denen bekannt ist, dass sie wichtige menschliche Krankheitserreger, Hauptproduzenten von Antibiotikaresistenzgenen oder potenzielle durch Pilze \u00fcbertragene Pflanzenpathogene umfassen, h\u00e4ufiger vorkommen werden.<\/p>\n<p>Mag die Zunahme der lokalen mikrobiellen Diversit\u00e4t auf den ersten Blick positiv erscheinen, so geht sie in den meisten terrestrischen Systemen mit einer starken Verringerung der Komplexit\u00e4t der Artengemeinschaften einher, was starke Auswirkungen auf die Funktionsweise des \u00d6kosystems hat. Es ist daher zu erwarten, dass zuk\u00fcnftige \u00d6kosysteme auf lokaler Ebene eine gr\u00f6\u00dfere Anzahl von bakteriellen Abstammungsgemeinschaften aufweisen werden, wodurch mehrere bakterielle Artengruppen in Bodengemeinschaften unter globalen Ver\u00e4nderungsszenarien m\u00f6glicherweise h\u00e4ufiger vorkommen werden.<\/p>\n<p>Unter der Annahme, dass die Verbindungen zwischen Funktionalit\u00e4t und Taxonomie im Laufe der Zeit konstant bleiben, deutet dies darauf hin, dass \u00e4hnliche bakterielle Gruppen mit gleichartigen funktionellen F\u00e4higkeiten in B\u00f6den auf der ganzen Welt leben werden, was die Spezialisierung und m\u00f6glicherweise die Anpassungsf\u00e4higkeit von \u00d6kosystemen an neue Umweltgegebenheiten verringert.<\/p>\n<p>Die publizierten Forschungsergebnisse stehen im Widerspruch zu aktuellen globalen Prognosen \u00fcber den R\u00fcckgang der oberirdischen Artenvielfalt, bieten jedoch nicht unbedingt einen positiveren Blick auf die Zukunft der Natur. Wesentliche Ver\u00e4nderungen in der mikrobiellen Vielfalt aufgrund von Klima- und Landnutzungs\u00e4nderungen haben erhebliche Auswirkungen auf die Funktionsweise der \u00d6kosysteme.<\/p>\n<p>\u201eDie Ergebnisse tragen auch dazu bei, eine wichtige L\u00fccke zu schlie\u00dfen, die in den aktuellen globalen Bewertungen und Abkommen identifiziert wurde\u201c, sagt der Leiter der Forschungsgruppe Experimentelle Interaktions\u00f6kologie Prof. Nico Eisenhauer (iDiv, UL). Sie legen zudem die Grundlage f\u00fcr die Einbindung von Bodenorganismen in zuk\u00fcnftige Bewertungen der Reaktion von \u00d6kosystemen auf die Faktoren des globalen Wandels. Laut der Mathematikerin Dr. Eliana Duarte (MiS) \u201ewird die Anwendung mathematischer und statistischer Methoden auf die Untersuchung des Bodenmikrobioms eine immer wichtigere Rolle spielen, da zunehmend weitere Daten \u00fcber B\u00f6den verf\u00fcgbar gemacht werden\u201c.<\/p>\n<p>Diese Forschungsarbeit wurde u.a. gef\u00f6rdert durch die Deutsche Forschungsgemeinschaft (DFG; FZT-118).<\/p>\n<p><strong>Originalpublikation:<\/strong><br \/>\n(Wissenschaftler mit iDiv-Affiliation fett)<\/p>\n<p><strong>C. A. Guerra,<\/strong> M. Delgado\u2010Baquerizo, E. Duarte, O. Marigliano, C. G\u00f6rgen, <strong>F. T. Maestre &amp; N. Eisenhauer<\/strong> (2021): Global projections of the soil microbiome in the Anthropocene. Global Ecology and Biogeography, DOI: <a href=\"https:\/\/onlinelibrary.wiley.com\/doi\/full\/10.1111\/geb.13273\">10.1111\/geb.13273<\/a><\/p>\n<\/div>\n                            <\/div>\n                        <\/div>\n    <\/div>\n<\/div>\n\n<div class=\"textbildrepeater pb-24 pt-0 no-bg modulclass \" id=\"\">\n    <div class=\"container\">\n        <div class=\"row\">\n                                                                <div class=\"pb-24   mod_text  col-md-12 offset-md-0 pos_top\">\n                            <div class=\"textrepeater \" id=\"\">\n    <h3>Ansprechpartner:<\/h3>\n<p><strong>Sebastian Tilch<\/strong><br \/>\nAbteilung Medien und Kommunikation<br \/>\nDeutsches Zentrum f\u00fcr integrative Biodiversit\u00e4tsforschung (iDiv) Halle-Jena-Leipzig<\/p>\n<p><strong>Jana Gregor<\/strong><br \/>\nMax-Planck-Institut f\u00fcr Mathematik in den Naturwissenschaften<br \/>\nPressestelle<br \/>\nTel.: +49 170 2228049<br \/>\nE-Mail: <a href=\"&#x6d;&#x61;&#x69;&#x6c;&#x74;&#x6f;&#x3a;&#x70;&#x72;&#x65;&#x73;&#x73;&#x65;&#x40;&#109;&#105;&#115;&#46;&#109;&#112;&#103;&#46;&#100;&#101;\">&#x70;&#x72;&#x65;&#x73;&#x73;&#x65;&#64;&#109;&#105;&#115;&#46;mpg&#x2e;&#x64;&#x65;<\/a><br \/>\nWeb: <a href=\"https:\/\/www.mis.mpg.de\">www.mis.mpg.de<\/a><\/p>\n<p><strong>Dr. Carlos Ant\u00f3nio Guerra<\/strong><br \/>\nDeutsches Zentrum f\u00fcr integrative Biodiversit\u00e4tsforschung (iDiv) Halle-Jena-Leipzig<br \/>\nMartin-Luther-Universit\u00e4t Halle-Wittenberg<\/p>\n<p><strong>Dr. Eliana Duarte<\/strong><br \/>\nOtto-Von-Guericke Universit\u00e4t Magdeburg<br \/>\nFr\u00fcher Max-Planck-Instituts f\u00fcr Mathematik in den Naturwissenschaften<br \/>\nE-Mail: <a href=\"m&#97;&#x69;&#x6c;t&#111;&#58;&#x65;&#x6c;i&#97;&#x6e;&#x61;&#46;&#100;&#117;&#x61;&#x72;t&#101;&#x40;&#x6f;v&#103;&#117;&#x2e;&#x64;e\">eli&#97;&#110;&#97;&#x2e;&#x64;&#x75;&#x61;&#x72;&#x74;e&#64;o&#118;&#103;&#117;&#46;&#x64;&#x65;<\/a><br \/>\nWeb: <a href=\"https:\/\/emduart2.github.io\">https:\/\/emduart2.github.io<\/a><\/p>\n<\/div>\n                            <\/div>\n                        <\/div>\n    <\/div>\n<\/div>\n\n<div class=\"textbildrepeater pb-24 pt-0 no-bg modulclass \" id=\"\">\n    <div class=\"container\">\n        <div class=\"row\">\n                                                                <div class=\"pb-24   mod_text  col-md-12 offset-md-0 pos_top\">\n                            <div class=\"textrepeater \" id=\"\">\n    <p><em>Hinweis f\u00fcr die Medien: Die von iDiv bereitgestellten Bilder d\u00fcrfen ausschlie\u00dflich f\u00fcr die Berichterstattung im Zusammenhang mit dieser Medienmitteilung und unter Angabe des\/der Urhebers\/in verwendet werden.<\/em><\/p>\n<\/div>\n                            <\/div>\n                        <\/div>\n    <\/div>\n<\/div>","protected":false},"excerpt":{"rendered":"<p>Basierend auf einer Medienmitteilung des Max-Planck-Instituts f&uuml;r Mathematik in den Naturwissenschaften<br \/>\nDurch den globalen Wandel wird die Vielfalt der Bakterien auf lokaler Ebene voraussichtlich zunehmen, w&auml;hrend deren Zusammensetzung sich auf globaler Ebene immer &auml;hnlicher wird. &nbsp;Dies ist das Ergebnis eines Forscherteams unter Leitung des Deutschen Zentrums f&uuml;r integrative Biodiversit&auml;tsforschung (iDiv), der Martin-Luther-Universit&auml;t Halle-Wittenberg (MLU), der Universit&auml;t Leipzig (UL) und des Max-Planck-Instituts f&uuml;r Mathematik in den Naturwissenschaften (MiS). Die Forscher haben erstmals ganzheitlich bewertet, wie sich Klima- und Landnutzungs&auml;nderungen auf Bakteriengemeinschaften im Boden auswirken. Die in Global Ecology and Biogeography ver&ouml;ffentlichte Studie kann dabei helfen, zuverl&auml;ssige Vorhersagen &uuml;ber Ver&auml;nderungen in der globalen Verteilung dieser unterirdischen Gemeinschaften zu treffen.&nbsp;<\/p>\n","protected":false},"author":1,"featured_media":0,"comment_status":"open","ping_status":"open","sticky":false,"template":"","format":"standard","meta":{"_acf_changed":false,"advgb_blocks_editor_width":"","advgb_blocks_columns_visual_guide":"","footnotes":"","_links_to":"","_links_to_target":""},"categories":[35,39,29,30],"tags":[],"class_list":["post-12216","post","type-post","status-publish","format-standard","hentry","category-experimentelle-interaktionsoekologie","category-idiv-mitglieder","category-medienmitteilung","category-top-news-de-2"],"acf":{"thumb":6395,"thumbmobile":"","copyright":"S. Piyaset - AdobeStock","breadcrumb":true},"yoast_head":"<!-- This site is optimized with the Yoast SEO plugin v27.5 - https:\/\/yoast.com\/product\/yoast-seo-wordpress\/ -->\n<title>Unterirdische Biodiversit&auml;t im Wandel | iDiv<\/title>\n<meta name=\"robots\" content=\"index, follow, max-snippet:-1, max-image-preview:large, max-video-preview:-1\" \/>\n<link rel=\"canonical\" href=\"https:\/\/www.idiv.de\/de\/unterirdische-biodiversitt-im-wandel\/\" \/>\n<meta property=\"og:locale\" content=\"de_DE\" \/>\n<meta property=\"og:type\" content=\"article\" \/>\n<meta property=\"og:title\" content=\"Unterirdische Biodiversit&auml;t im Wandel | iDiv\" \/>\n<meta property=\"og:description\" content=\"Basierend auf einer Medienmitteilung des Max-Planck-Instituts f&uuml;r Mathematik in den Naturwissenschaften Durch den globalen Wandel wird die Vielfalt der Bakterien auf lokaler Ebene voraussichtlich zunehmen, w&auml;hrend deren Zusammensetzung sich auf globaler Ebene immer &auml;hnlicher wird. &nbsp;Dies ist das Ergebnis eines Forscherteams unter Leitung des Deutschen Zentrums f&uuml;r integrative Biodiversit&auml;tsforschung (iDiv), der Martin-Luther-Universit&auml;t Halle-Wittenberg (MLU), der Universit&auml;t Leipzig (UL) und des Max-Planck-Instituts f&uuml;r Mathematik in den Naturwissenschaften (MiS). Die Forscher haben erstmals ganzheitlich bewertet, wie sich Klima- und Landnutzungs&auml;nderungen auf Bakteriengemeinschaften im Boden auswirken. Die in Global Ecology and Biogeography ver&ouml;ffentlichte Studie kann dabei helfen, zuverl&auml;ssige Vorhersagen &uuml;ber Ver&auml;nderungen in der globalen Verteilung dieser unterirdischen Gemeinschaften zu treffen.&nbsp;\" \/>\n<meta property=\"og:url\" content=\"https:\/\/www.idiv.de\/de\/unterirdische-biodiversitt-im-wandel\/\" \/>\n<meta property=\"og:site_name\" content=\"iDiv\" \/>\n<meta property=\"article:published_time\" content=\"2021-02-23T23:00:00+00:00\" \/>\n<meta property=\"article:modified_time\" content=\"2025-05-27T11:45:00+00:00\" \/>\n<meta property=\"og:image\" content=\"https:\/\/www.idiv.de\/wp-content\/uploads\/2024\/11\/iDivSocialMediaShare.jpg\" \/>\n\t<meta property=\"og:image:width\" content=\"1200\" \/>\n\t<meta property=\"og:image:height\" content=\"675\" \/>\n\t<meta property=\"og:image:type\" content=\"image\/jpeg\" \/>\n<meta name=\"author\" content=\"admin\" \/>\n<meta name=\"twitter:card\" content=\"summary_large_image\" \/>\n<meta name=\"twitter:creator\" content=\"@idiv\" \/>\n<meta name=\"twitter:site\" content=\"@idiv\" \/>\n<script type=\"application\/ld+json\" class=\"yoast-schema-graph\">{\"@context\":\"https:\\\/\\\/schema.org\",\"@graph\":[{\"@type\":\"Article\",\"@id\":\"https:\\\/\\\/www.idiv.de\\\/de\\\/unterirdische-biodiversitt-im-wandel\\\/#article\",\"isPartOf\":{\"@id\":\"https:\\\/\\\/www.idiv.de\\\/de\\\/unterirdische-biodiversitt-im-wandel\\\/\"},\"author\":{\"name\":\"admin\",\"@id\":\"https:\\\/\\\/www.idiv.de\\\/de\\\/#\\\/schema\\\/person\\\/14228c09f1919627a633555952e15fc0\"},\"headline\":\"Unterirdische Biodiversit&auml;t im Wandel\",\"datePublished\":\"2021-02-23T23:00:00+00:00\",\"dateModified\":\"2025-05-27T11:45:00+00:00\",\"mainEntityOfPage\":{\"@id\":\"https:\\\/\\\/www.idiv.de\\\/de\\\/unterirdische-biodiversitt-im-wandel\\\/\"},\"wordCount\":6,\"commentCount\":0,\"publisher\":{\"@id\":\"https:\\\/\\\/www.idiv.de\\\/de\\\/#organization\"},\"articleSection\":[\"Experimentelle Interaktions\u00f6kologie\",\"iDiv-Mitglieder\",\"Medienmitteilung\",\"TOP NEWS\"],\"inLanguage\":\"de\"},{\"@type\":\"WebPage\",\"@id\":\"https:\\\/\\\/www.idiv.de\\\/de\\\/unterirdische-biodiversitt-im-wandel\\\/\",\"url\":\"https:\\\/\\\/www.idiv.de\\\/de\\\/unterirdische-biodiversitt-im-wandel\\\/\",\"name\":\"Unterirdische Biodiversit&auml;t im Wandel | iDiv\",\"isPartOf\":{\"@id\":\"https:\\\/\\\/www.idiv.de\\\/de\\\/#website\"},\"datePublished\":\"2021-02-23T23:00:00+00:00\",\"dateModified\":\"2025-05-27T11:45:00+00:00\",\"breadcrumb\":{\"@id\":\"https:\\\/\\\/www.idiv.de\\\/de\\\/unterirdische-biodiversitt-im-wandel\\\/#breadcrumb\"},\"inLanguage\":\"de\",\"potentialAction\":[{\"@type\":\"ReadAction\",\"target\":[\"https:\\\/\\\/www.idiv.de\\\/de\\\/unterirdische-biodiversitt-im-wandel\\\/\"]}]},{\"@type\":\"BreadcrumbList\",\"@id\":\"https:\\\/\\\/www.idiv.de\\\/de\\\/unterirdische-biodiversitt-im-wandel\\\/#breadcrumb\",\"itemListElement\":[{\"@type\":\"ListItem\",\"position\":1,\"name\":\"Startseite\",\"item\":\"https:\\\/\\\/www.idiv.de\\\/de\\\/\"},{\"@type\":\"ListItem\",\"position\":2,\"name\":\"Unterirdische Biodiversit&auml;t im Wandel\"}]},{\"@type\":\"WebSite\",\"@id\":\"https:\\\/\\\/www.idiv.de\\\/de\\\/#website\",\"url\":\"https:\\\/\\\/www.idiv.de\\\/de\\\/\",\"name\":\"iDiv\",\"description\":\"Hotspot in Biodiversity Research\",\"publisher\":{\"@id\":\"https:\\\/\\\/www.idiv.de\\\/de\\\/#organization\"},\"potentialAction\":[{\"@type\":\"SearchAction\",\"target\":{\"@type\":\"EntryPoint\",\"urlTemplate\":\"https:\\\/\\\/www.idiv.de\\\/de\\\/?s={search_term_string}\"},\"query-input\":{\"@type\":\"PropertyValueSpecification\",\"valueRequired\":true,\"valueName\":\"search_term_string\"}}],\"inLanguage\":\"de\"},{\"@type\":\"Organization\",\"@id\":\"https:\\\/\\\/www.idiv.de\\\/de\\\/#organization\",\"name\":\"idiv\",\"url\":\"https:\\\/\\\/www.idiv.de\\\/de\\\/\",\"logo\":{\"@type\":\"ImageObject\",\"inLanguage\":\"de\",\"@id\":\"https:\\\/\\\/www.idiv.de\\\/de\\\/#\\\/schema\\\/logo\\\/image\\\/\",\"url\":\"https:\\\/\\\/www.idiv.de\\\/wp-content\\\/uploads\\\/2024\\\/08\\\/iDiv_Logo_long_v1_EN_black_4c.jpg\",\"contentUrl\":\"https:\\\/\\\/www.idiv.de\\\/wp-content\\\/uploads\\\/2024\\\/08\\\/iDiv_Logo_long_v1_EN_black_4c.jpg\",\"width\":2448,\"height\":674,\"caption\":\"idiv\"},\"image\":{\"@id\":\"https:\\\/\\\/www.idiv.de\\\/de\\\/#\\\/schema\\\/logo\\\/image\\\/\"},\"sameAs\":[\"https:\\\/\\\/x.com\\\/idiv\",\"https:\\\/\\\/www.linkedin.com\\\/company\\\/idiv-biodiversity\\\/\",\"https:\\\/\\\/www.youtube.com\\\/idiv-research\"]},{\"@type\":\"Person\",\"@id\":\"https:\\\/\\\/www.idiv.de\\\/de\\\/#\\\/schema\\\/person\\\/14228c09f1919627a633555952e15fc0\",\"name\":\"admin\",\"url\":\"https:\\\/\\\/www.idiv.de\\\/de\\\/author\\\/admin\\\/\"}]}<\/script>\n<!-- \/ Yoast SEO plugin. -->","yoast_head_json":{"title":"Unterirdische Biodiversit&auml;t im Wandel | iDiv","robots":{"index":"index","follow":"follow","max-snippet":"max-snippet:-1","max-image-preview":"max-image-preview:large","max-video-preview":"max-video-preview:-1"},"canonical":"https:\/\/www.idiv.de\/de\/unterirdische-biodiversitt-im-wandel\/","og_locale":"de_DE","og_type":"article","og_title":"Unterirdische Biodiversit&auml;t im Wandel | iDiv","og_description":"Basierend auf einer Medienmitteilung des Max-Planck-Instituts f&uuml;r Mathematik in den Naturwissenschaften Durch den globalen Wandel wird die Vielfalt der Bakterien auf lokaler Ebene voraussichtlich zunehmen, w&auml;hrend deren Zusammensetzung sich auf globaler Ebene immer &auml;hnlicher wird. &nbsp;Dies ist das Ergebnis eines Forscherteams unter Leitung des Deutschen Zentrums f&uuml;r integrative Biodiversit&auml;tsforschung (iDiv), der Martin-Luther-Universit&auml;t Halle-Wittenberg (MLU), der Universit&auml;t Leipzig (UL) und des Max-Planck-Instituts f&uuml;r Mathematik in den Naturwissenschaften (MiS). Die Forscher haben erstmals ganzheitlich bewertet, wie sich Klima- und Landnutzungs&auml;nderungen auf Bakteriengemeinschaften im Boden auswirken. Die in Global Ecology and Biogeography ver&ouml;ffentlichte Studie kann dabei helfen, zuverl&auml;ssige Vorhersagen &uuml;ber Ver&auml;nderungen in der globalen Verteilung dieser unterirdischen Gemeinschaften zu treffen.&nbsp;","og_url":"https:\/\/www.idiv.de\/de\/unterirdische-biodiversitt-im-wandel\/","og_site_name":"iDiv","article_published_time":"2021-02-23T23:00:00+00:00","article_modified_time":"2025-05-27T11:45:00+00:00","og_image":[{"width":1200,"height":675,"url":"https:\/\/www.idiv.de\/wp-content\/uploads\/2024\/11\/iDivSocialMediaShare.jpg","type":"image\/jpeg"}],"author":"admin","twitter_card":"summary_large_image","twitter_creator":"@idiv","twitter_site":"@idiv","schema":{"@context":"https:\/\/schema.org","@graph":[{"@type":"Article","@id":"https:\/\/www.idiv.de\/de\/unterirdische-biodiversitt-im-wandel\/#article","isPartOf":{"@id":"https:\/\/www.idiv.de\/de\/unterirdische-biodiversitt-im-wandel\/"},"author":{"name":"admin","@id":"https:\/\/www.idiv.de\/de\/#\/schema\/person\/14228c09f1919627a633555952e15fc0"},"headline":"Unterirdische Biodiversit&auml;t im Wandel","datePublished":"2021-02-23T23:00:00+00:00","dateModified":"2025-05-27T11:45:00+00:00","mainEntityOfPage":{"@id":"https:\/\/www.idiv.de\/de\/unterirdische-biodiversitt-im-wandel\/"},"wordCount":6,"commentCount":0,"publisher":{"@id":"https:\/\/www.idiv.de\/de\/#organization"},"articleSection":["Experimentelle Interaktions\u00f6kologie","iDiv-Mitglieder","Medienmitteilung","TOP NEWS"],"inLanguage":"de"},{"@type":"WebPage","@id":"https:\/\/www.idiv.de\/de\/unterirdische-biodiversitt-im-wandel\/","url":"https:\/\/www.idiv.de\/de\/unterirdische-biodiversitt-im-wandel\/","name":"Unterirdische Biodiversit&auml;t im Wandel | iDiv","isPartOf":{"@id":"https:\/\/www.idiv.de\/de\/#website"},"datePublished":"2021-02-23T23:00:00+00:00","dateModified":"2025-05-27T11:45:00+00:00","breadcrumb":{"@id":"https:\/\/www.idiv.de\/de\/unterirdische-biodiversitt-im-wandel\/#breadcrumb"},"inLanguage":"de","potentialAction":[{"@type":"ReadAction","target":["https:\/\/www.idiv.de\/de\/unterirdische-biodiversitt-im-wandel\/"]}]},{"@type":"BreadcrumbList","@id":"https:\/\/www.idiv.de\/de\/unterirdische-biodiversitt-im-wandel\/#breadcrumb","itemListElement":[{"@type":"ListItem","position":1,"name":"Startseite","item":"https:\/\/www.idiv.de\/de\/"},{"@type":"ListItem","position":2,"name":"Unterirdische Biodiversit&auml;t im Wandel"}]},{"@type":"WebSite","@id":"https:\/\/www.idiv.de\/de\/#website","url":"https:\/\/www.idiv.de\/de\/","name":"iDiv","description":"Hotspot in Biodiversity Research","publisher":{"@id":"https:\/\/www.idiv.de\/de\/#organization"},"potentialAction":[{"@type":"SearchAction","target":{"@type":"EntryPoint","urlTemplate":"https:\/\/www.idiv.de\/de\/?s={search_term_string}"},"query-input":{"@type":"PropertyValueSpecification","valueRequired":true,"valueName":"search_term_string"}}],"inLanguage":"de"},{"@type":"Organization","@id":"https:\/\/www.idiv.de\/de\/#organization","name":"idiv","url":"https:\/\/www.idiv.de\/de\/","logo":{"@type":"ImageObject","inLanguage":"de","@id":"https:\/\/www.idiv.de\/de\/#\/schema\/logo\/image\/","url":"https:\/\/www.idiv.de\/wp-content\/uploads\/2024\/08\/iDiv_Logo_long_v1_EN_black_4c.jpg","contentUrl":"https:\/\/www.idiv.de\/wp-content\/uploads\/2024\/08\/iDiv_Logo_long_v1_EN_black_4c.jpg","width":2448,"height":674,"caption":"idiv"},"image":{"@id":"https:\/\/www.idiv.de\/de\/#\/schema\/logo\/image\/"},"sameAs":["https:\/\/x.com\/idiv","https:\/\/www.linkedin.com\/company\/idiv-biodiversity\/","https:\/\/www.youtube.com\/idiv-research"]},{"@type":"Person","@id":"https:\/\/www.idiv.de\/de\/#\/schema\/person\/14228c09f1919627a633555952e15fc0","name":"admin","url":"https:\/\/www.idiv.de\/de\/author\/admin\/"}]}},"author_meta":{"display_name":"admin","author_link":"https:\/\/www.idiv.de\/de\/author\/admin\/"},"featured_img":null,"coauthors":[],"tax_additional":{"categories":{"linked":["<a href=\"https:\/\/www.idiv.de\/de\/kategorie\/forschung\/experimentelle-interaktionsoekologie\/\" class=\"advgb-post-tax-term\">Experimentelle Interaktions\u00f6kologie<\/a>","<a href=\"https:\/\/www.idiv.de\/de\/kategorie\/idiv-mitglieder\/\" class=\"advgb-post-tax-term\">iDiv-Mitglieder<\/a>","<a href=\"https:\/\/www.idiv.de\/de\/kategorie\/medienmitteilung\/\" class=\"advgb-post-tax-term\">Medienmitteilung<\/a>","<a href=\"https:\/\/www.idiv.de\/de\/kategorie\/top-news-de-2\/\" class=\"advgb-post-tax-term\">TOP NEWS<\/a>"],"unlinked":["<span class=\"advgb-post-tax-term\">Experimentelle Interaktions\u00f6kologie<\/span>","<span class=\"advgb-post-tax-term\">iDiv-Mitglieder<\/span>","<span class=\"advgb-post-tax-term\">Medienmitteilung<\/span>","<span class=\"advgb-post-tax-term\">TOP NEWS<\/span>"]}},"comment_count":0,"relative_dates":{"created":"Ver\u00f6ffentlicht 5\u00a0Jahren vor","modified":"Aktualisiert 11\u00a0Monaten vor"},"absolute_dates":{"created":"Ver\u00f6ffentlicht am 24. Februar 2021","modified":"Aktualisiert am 27. Mai 2025"},"absolute_dates_time":{"created":"Ver\u00f6ffentlicht am 24. Februar 2021 0:00","modified":"Aktualisiert am 27. Mai 2025 12:45"},"featured_img_caption":"","series_order":"","_links":{"self":[{"href":"https:\/\/www.idiv.de\/de\/wp-json\/wp\/v2\/posts\/12216","targetHints":{"allow":["GET"]}}],"collection":[{"href":"https:\/\/www.idiv.de\/de\/wp-json\/wp\/v2\/posts"}],"about":[{"href":"https:\/\/www.idiv.de\/de\/wp-json\/wp\/v2\/types\/post"}],"author":[{"embeddable":true,"href":"https:\/\/www.idiv.de\/de\/wp-json\/wp\/v2\/users\/1"}],"replies":[{"embeddable":true,"href":"https:\/\/www.idiv.de\/de\/wp-json\/wp\/v2\/comments?post=12216"}],"version-history":[{"count":2,"href":"https:\/\/www.idiv.de\/de\/wp-json\/wp\/v2\/posts\/12216\/revisions"}],"predecessor-version":[{"id":31118,"href":"https:\/\/www.idiv.de\/de\/wp-json\/wp\/v2\/posts\/12216\/revisions\/31118"}],"wp:attachment":[{"href":"https:\/\/www.idiv.de\/de\/wp-json\/wp\/v2\/media?parent=12216"}],"wp:term":[{"taxonomy":"category","embeddable":true,"href":"https:\/\/www.idiv.de\/de\/wp-json\/wp\/v2\/categories?post=12216"},{"taxonomy":"post_tag","embeddable":true,"href":"https:\/\/www.idiv.de\/de\/wp-json\/wp\/v2\/tags?post=12216"}],"curies":[{"name":"wp","href":"https:\/\/api.w.org\/{rel}","templated":true}]}}