{"id":12164,"date":"2020-12-14T00:00:00","date_gmt":"2020-12-13T23:00:00","guid":{"rendered":"https:\/\/idiv.caf-dev.de\/pflanzenvielfalt-in-deutschland-auf-dem-rckzug\/"},"modified":"2024-11-06T09:17:39","modified_gmt":"2024-11-06T08:17:39","slug":"pflanzenvielfalt-in-deutschland-auf-dem-rckzug","status":"publish","type":"post","link":"https:\/\/www.idiv.de\/de\/pflanzenvielfalt-in-deutschland-auf-dem-rckzug\/","title":{"rendered":"Pflanzenvielfalt in Deutschland auf dem R&uuml;ckzug"},"content":{"rendered":"\n        <div class=\"herosection pb-24 pt-0 no-bg modulclass \" id=\"\">\n                    <div class=\"swiper1noslider  nooverflow swiper \" id=\"slide_69f19ff7c5b98\">\n        \n                <div class=\"swiper-wrapper\">\n                                            <div class=\"swiper-slide  style_ \" aria-hidden=\"true\" >\n                            <div class=\"backstretchwrap\">\n                        \n                            <div datasrc=\"https:\/\/www.idiv.de\/wp-content\/uploads\/2024\/08\/pic_8c27077f1320201210141228.jpg\" class=\"backstretchimg responsiv desktop\"><\/div>\n\n                            <a href=\"#\" class=\"cr\"><svg  xmlns=\"http:\/\/www.w3.org\/2000\/svg\" width=\"22\" height=\"22\" viewBox=\"0 0 22 22\">\n                                    <rect id=\"BG\" width=\"22\" height=\"22\" rx=\"11\" fill=\"#fff\"\/>\n                                    <g id=\"Wrapper\" transform=\"translate(-1 -1)\">\n                                        <g id=\"Icon_material-copyright\" data-name=\"Icon material-copyright\">\n                                            <circle id=\"Ellipse_30\" data-name=\"Ellipse 30\" cx=\"8\" cy=\"8\" r=\"8\" transform=\"translate(4 4)\" fill=\"#fff\"\/>\n                                            <path id=\"Icon_material-copyright-2\" data-name=\"Icon material-copyright\" d=\"M9.464,10.088a2.045,2.045,0,0,1,.24-.7,1.4,1.4,0,0,1,.472-.5,1.42,1.42,0,0,1,.728-.184,1.45,1.45,0,0,1,.5.1,1.29,1.29,0,0,1,.416.288,1.54,1.54,0,0,1,.272.424,1.4,1.4,0,0,1,.112.512H13.64a2.864,2.864,0,0,0-.224-1.032,2.4,2.4,0,0,0-.56-.808,2.613,2.613,0,0,0-.864-.528,3.09,3.09,0,0,0-1.112-.184,3.127,3.127,0,0,0-1.36.272,2.751,2.751,0,0,0-.96.736,3.007,3.007,0,0,0-.568,1.088A4.685,4.685,0,0,0,7.8,10.9v.216a4.684,4.684,0,0,0,.184,1.312,2.908,2.908,0,0,0,.568,1.08,2.731,2.731,0,0,0,.96.728,3.246,3.246,0,0,0,1.36.272,3.051,3.051,0,0,0,1.056-.184,2.729,2.729,0,0,0,.864-.5,2.442,2.442,0,0,0,.592-.752,2.153,2.153,0,0,0,.24-.92H12.192a1.139,1.139,0,0,1-.12.464,1.177,1.177,0,0,1-.288.368,1.26,1.26,0,0,1-.416.24,1.589,1.589,0,0,1-.48.08,1.359,1.359,0,0,1-.712-.184,1.4,1.4,0,0,1-.472-.5,2.09,2.09,0,0,1-.24-.7,5.392,5.392,0,0,1-.064-.8V10.9a5.33,5.33,0,0,1,.064-.808ZM11,3a8,8,0,1,0,8,8A8,8,0,0,0,11,3Zm0,14.4A6.4,6.4,0,1,1,17.4,11,6.408,6.408,0,0,1,11,17.4Z\" transform=\"translate(1 1)\" fill=\"#4d4d4d\"\/>\n                                        <\/g>\n                                    <\/g>\n                                <\/svg>\n                                <span>Sebastian Lakner<\/span><\/a>                        \n                                                    <\/div>\n                                        <div class=\"sliderinhalt \" role=\"region\" aria-label=\"carousel\">\n\n                                            <h1 class=\"h1 align-center\" >Pflanzenvielfalt in Deutschland auf dem R&uuml;ckzug<\/h1>                                                    <p style='text-align: center;'>Bisher umfassendste Auswertung des Vorkommens von Gef\u00e4\u00dfpflanzen in Deutschland<\/p>\n<p style='text-align: center;'>Die Studie zeigt, dass selbst als verbreitet geltende Arten wie der Klatschmohn (<em>Papaver rhoeas<\/em>) in Deutschland stetig zur&uuml;ckgehen.<\/p>\n                                                \n                                                                                                            <\/div>\n                                            <\/div>\n\n                        \n                 <\/div>\n\n                              <\/div>\n<\/div>\n       <div class=\"textbildrepeater pb-24 pt-0 no-bg modulclass \" id=\"\">\n    <div class=\"container\">\n        <div class=\"row\">\n                                                                <div class=\"pb-24   mod_text  col-md-6 offset-md-0 pos_top\">\n                            <div class=\"textrepeater \" id=\"\">\n    <p>14.12.2020 | iDiv Members, Media Release, sDiv, TOP NEWS<\/p>\n<\/div>\n                            <\/div>\n                        <\/div>\n    <\/div>\n<\/div><div class=\"textbildrepeater pb-24 pt-0 no-bg modulclass \" id=\"\">\n    <div class=\"container\">\n        <div class=\"row\">\n                                                                <div class=\"pb-24   mod_text  col-md-12 offset-md-0 pos_top\">\n                            <div class=\"textrepeater \" id=\"\">\n    <p><strong>Bonn\/Halle\/Jena\/Leipzig&#58; Deutschlands Pflanzenvielfalt ist auf dem R&uuml;ckzug&#58; Bei &uuml;ber 70 Prozent von mehr als 2000 untersuchten Arten sind in den letzten 60 Jahren deutschlandweit R&uuml;ckg&auml;nge zu beobachten &ndash; im Durchschnitt um 15 Prozent pro Art. Das ist das Ergebnis der bislang umfassendsten Auswertungen von Pflanzendaten aus Deutschland, die nun die Fachzeitschrift Global Change Biology ver&ouml;ffentlicht hat. 29 Millionen Daten zur Verbreitung von Gef&auml;&szlig;pflanzen flossen in die Analysen ein, die im Rahmen des Vorhabens &bdquo;sMon &ndash; Biodiversit&auml;tstrends in Deutschland&ldquo; des Deutschen Zentrums f&uuml;r integrative Biodiversit&auml;tsforschung (iDiv) erfolgten. Beteiligt waren Forschende von iDiv, der Universit&auml;ten Jena, Halle und Rostock, des Helmholtz-Zentrums f&uuml;r Umweltforschung (UFZ) sowie des Bundesamtes f&uuml;r Naturschutz (BfN) unter enger Beteiligung der oberen Naturschutzbeh&ouml;rden aller 16 Bundesl&auml;nder.&nbsp;<\/strong><\/p>\n<\/div>\n                            <\/div>\n                        <\/div>\n    <\/div>\n<\/div><div class=\"textbildrepeater pb-24 pt-0 no-bg modulclass \" id=\"\">\n    <div class=\"container\">\n        <div class=\"row\">\n                                                                <div class=\"pb-24   mod_bild  col-md-5 offset-md-0 pos_top\">\n                            <div class=\"bildrepeater \" id=\"\">\n    <div class=\"relativ\"><img decoding=\"async\" class=\"responsiv desktop\" src=\"https:\/\/www.idiv.de\/wp-content\/uploads\/2024\/08\/pic_551399fecf20201130112928.jpg\" height=\"\" width=\"\" alt=\"idiv-\"\/><img decoding=\"async\" class=\"responsiv mobile\" src=\"https:\/\/www.idiv.de\/wp-content\/uploads\/2024\/08\/pic_551399fecf20201130112928.jpg\" height=\"\" width=\"\" alt=\"idiv-\"\/><a href=\"#\" class=\"cr\" role=\"button\">\n<svg  xmlns=\"http:\/\/www.w3.org\/2000\/svg\" width=\"22\" height=\"22\" viewBox=\"0 0 22 22\">\n    <rect id=\"BG\" width=\"22\" height=\"22\" rx=\"11\" fill=\"#fff\"\/>\n    <g id=\"Wrapper\" transform=\"translate(-1 -1)\">\n        <g id=\"Icon_material-copyright\" data-name=\"Icon material-copyright\">\n            <circle id=\"Ellipse_30\" data-name=\"Ellipse 30\" cx=\"8\" cy=\"8\" r=\"8\" transform=\"translate(4 4)\" fill=\"#fff\"\/>\n            <path id=\"Icon_material-copyright-2\" data-name=\"Icon material-copyright\" d=\"M9.464,10.088a2.045,2.045,0,0,1,.24-.7,1.4,1.4,0,0,1,.472-.5,1.42,1.42,0,0,1,.728-.184,1.45,1.45,0,0,1,.5.1,1.29,1.29,0,0,1,.416.288,1.54,1.54,0,0,1,.272.424,1.4,1.4,0,0,1,.112.512H13.64a2.864,2.864,0,0,0-.224-1.032,2.4,2.4,0,0,0-.56-.808,2.613,2.613,0,0,0-.864-.528,3.09,3.09,0,0,0-1.112-.184,3.127,3.127,0,0,0-1.36.272,2.751,2.751,0,0,0-.96.736,3.007,3.007,0,0,0-.568,1.088A4.685,4.685,0,0,0,7.8,10.9v.216a4.684,4.684,0,0,0,.184,1.312,2.908,2.908,0,0,0,.568,1.08,2.731,2.731,0,0,0,.96.728,3.246,3.246,0,0,0,1.36.272,3.051,3.051,0,0,0,1.056-.184,2.729,2.729,0,0,0,.864-.5,2.442,2.442,0,0,0,.592-.752,2.153,2.153,0,0,0,.24-.92H12.192a1.139,1.139,0,0,1-.12.464,1.177,1.177,0,0,1-.288.368,1.26,1.26,0,0,1-.416.24,1.589,1.589,0,0,1-.48.08,1.359,1.359,0,0,1-.712-.184,1.4,1.4,0,0,1-.472-.5,2.09,2.09,0,0,1-.24-.7,5.392,5.392,0,0,1-.064-.8V10.9a5.33,5.33,0,0,1,.064-.808ZM11,3a8,8,0,1,0,8,8A8,8,0,0,0,11,3Zm0,14.4A6.4,6.4,0,1,1,17.4,11,6.408,6.408,0,0,1,11,17.4Z\" transform=\"translate(1 1)\" fill=\"#4d4d4d\"\/>\n        <\/g>\n    <\/g>\n<\/svg>\n<span>Helge Bruelheide<\/span><\/a><\/div><p class=\"bu\">Vom Menschen eingef&uuml;hrte Arten nehmen in Deutschland zu, ihre Zahl kann jedoch den Verlust an Pflanzenarten nicht ersetzen. Das Schmalbl&auml;ttrige Greiskraut (<em>Senecio inaequidens<\/em>) ist urspr&uuml;nglich im s&uuml;dlichen Afrika beheimatet, inzwischen jedoch weltweit verbreitet.&nbsp;<\/p><\/div>\n                            <\/div>\n                        <\/div>\n    <\/div>\n<\/div><div class=\"textbildrepeater pb-24 pt-0 no-bg modulclass \" id=\"\">\n    <div class=\"container\">\n        <div class=\"row\">\n                                                                <div class=\"pb-24   mod_text  col-md-12 offset-md-0 pos_top\">\n                            <div class=\"textrepeater \" id=\"\">\n    <p>In der Fl&auml;che ist &uuml;ber ganz Deutschland hinweg in jedem Rasterfeld (ca. 5 mal 5 Kilometer) ein mittlerer R&uuml;ckgang der Artenvielfalt um rund zwei Prozent pro Jahrzehnt zu verzeichnen. Zu den Verlierern z&auml;hlen insbesondere Arch&auml;ophyten, also Arten, die noch vor der Entdeckung Amerikas 1492 durch den Menschen nach Deutschland gelangten. Dazu geh&ouml;ren unter anderem gro&szlig;e Teile unserer Ackerbegleitflora, wie die Saat-Wucherblume und der Echte Frauenspiegel, aber auch Arten, wie der Gro&szlig;e Klappertopf und der Gute Heinrich. Dagegen konnten sich viele Neophyten, also Arten, die nach 1492 Deutschland erreicht haben, ausbreiten, etwa das Dr&uuml;sige Springkraut oder das Schmalbl&auml;ttrige Greiskraut. Die Ergebnisse der Studie machen deutlich, dass selbst diese Zunahme die Verluste der Artenzahl pro betrachteter Fl&auml;cheneinheit nicht ausgleichen konnten.<\/p>\n<p><strong>Studie zeigt schleichenden Biodiversit&auml;tsverlust in Deutschland<\/strong><\/p>\n<p>F&uuml;r die Studie wurden erstmals f&uuml;r Deutschland derart gro&szlig;e und heterogene Datens&auml;tze zusammengef&uuml;hrt und statistisch belastbar ausgewertet. Verbreitungsdaten von 2136 der gut 4300 in Deutschland etablierten Pflanzenarten flossen in die Berechnungen ein. Grundlage daf&uuml;r war die Datenbank FlorKart, in der das BfN Verbreitungsdaten der Flora Deutschlands zusammengefasst hat. Sie sind &uuml;berwiegend das Ergebnis intensiver ehrenamtlicher und f&uuml;r den Naturschutz unverzichtbarer Kartierungsleistungen. Erg&auml;nzt wurde der Datensatz durch weitere, an Universit&auml;ten sowie an anderen wissenschaftlichen Einrichtungen, aber auch durch Privatpersonen erhobene Datens&auml;tze zu Pflanzenvorkommen. Die Nachweisl&uuml;cken wurden durch Berechnungen von Vorkommenswahrscheinlichkeiten gef&uuml;llt. Nicht untersucht wurden Arten mit sehr geringen Meldeh&auml;ufigkeiten.<\/p>\n<p>BfN-Pr&auml;sidentin Prof. Dr. Beate Jessel schlussfolgert&#58; &bdquo;Es wird einmal mehr deutlich, dass wir in unserem Umgang mit Natur und Landschaft zu einem Umdenken kommen m&uuml;ssen. Denn die in der Studie nachgewiesenen Bestandsr&uuml;ckg&auml;nge erstrecken sich &uuml;ber die gesamte Fl&auml;che Deutschlands. Das macht deutlich&#58; Wir m&uuml;ssen breit in der Fl&auml;che an der Land- und Forstwirtschaft ansetzen, die beide zusammen ja 80 Prozent der Fl&auml;chen in Deutschland einnehmen. Naturvertr&auml;glichere Nutzungsformen sind dringend geboten.&ldquo;<\/p>\n<p><strong>Vom Menschen eingef&uuml;hrte Pflanzenarten (Neophyten) nehmen zu<\/strong><br \/>&nbsp;&nbsp; <br \/>&bdquo;Die Ergebnisse haben uns in dieser Deutlichkeit wirklich &uuml;berrascht. Sie zeichnen ein sehr d&uuml;steres Bild des Zustandes der Pflanzenvielfalt in Deutschland&ldquo;, sagt Erstautor Dr. David Eichenberg von iDiv. &bdquo;Dabei wurde best&auml;tigt, dass die R&uuml;ckg&auml;nge nicht auf die ohnehin seltenen oder besonders gef&auml;hrdeten Arten beschr&auml;nkt sind, sondern offensichtlich schon seit l&auml;ngerem ein schleichender Biodiversit&auml;tsverlust der Mehrzahl der Pflanzenarten in Deutschland stattfindet.&ldquo;<\/p>\n<p>Die Autoren halten es f&uuml;r wahrscheinlich, dass der beobachtete R&uuml;ckgang der Pflanzenvielfalt wesentliche Auswirkungen auf die Biodiversit&auml;t und die Leistungen von &Ouml;kosystemen hat. Aufgrund der oft sehr komplexen Zusammenh&auml;nge, zum Beispiel &uuml;ber Nahrungsnetze und Kaskadeneffekte, k&ouml;nnen derartige Verluste sehr gravierende Auswirkungen haben. Offensichtlich werden die vielschichtigen Beziehungen bei den Insekten, die sowohl in ihrer Vielfalt als auch in ihrer H&auml;ufigkeit abnehmen.<\/p>\n<p>Die Studie zeigt aber auch, dass die Datenlage weiterhin verbessert werden muss, um auch schleichende Verluste der biologischen Vielfalt m&ouml;glichst fr&uuml;hzeitig zu entdecken. Um dies zu erreichen, legt das Bundesamt f&uuml;r Naturschutz gerade die Grundlagen f&uuml;r ein Monitoring mittelh&auml;ufiger Pflanzenarten in Deutschland. Im Gegensatz zu seltenen Arten, deren Best&auml;nde und Vorkommen oft gut untersucht sind, fallen Verluste bei den mittelh&auml;ufigen bis h&auml;ufigen Arten mit den gegenw&auml;rtigen Erfassungsmethoden erst sp&auml;t oder gar nicht auf.<\/p>\n<p>Diese Studie wurde u. a. gef&ouml;rdert durch die Deutsche Forschungsgemeinschaft (DFG; FZT 118, 202548816) im Rahmen von &bdquo;sMon &ndash; Biodiversit&auml;tstrends in Deutschland. sMon ist ein iDiv-Syntheseprojekt mit dem Ziel, exemplarische Datens&auml;tze zu verschiedenen Taxa und Habitaten zusammenzuf&uuml;hren und die M&ouml;glichkeiten und Grenzen f&uuml;r die Analyse von Biodiversit&auml;tsver&auml;nderungen auszuloten. Darauf aufbauend sollen Perspektiven f&uuml;r zuk&uuml;nftige Monitoring-Programme in Deutschland abgeleitet werden. Einzigartig ist der integrative Charakter, der &uuml;ber alle Bundesl&auml;nder Beh&ouml;rdenvertreter, Wissenschaftler und Vertreter verschiedener Fachgesellschaften in einem Projekt vereint.<\/p>\n<p>&nbsp;<\/p>\n<p><strong>Originalpublikation<\/strong><br \/>(Wissenschaftler mit iDiv-Affiliation fett)<\/p>\n<p><strong>Eichenberg D., Bowler D. E., Bonn A., Bruelheide H., Grescho V.,<\/strong> Harter D., <strong>Jandt U.,<\/strong> May R., <strong>Winter M.,<\/strong> Jansen F. (2020)&#58; Widespread decline in Central European plant diversity across six decades; Global Change Biology. <a href=https&#58;\/\/onlinelibrary.wiley.com\/doi\/full\/10.1111\/gcb.15447>DOI&#58; 10.1111\/gcb.15447<\/a><\/p>\n<\/div>\n                            <\/div>\n                        <\/div>\n    <\/div>\n<\/div><div class=\"textbildrepeater pb-24 pt-0 no-bg modulclass \" id=\"\">\n    <div class=\"container\">\n        <div class=\"row\">\n                                                                <div class=\"pb-24   mod_text  col-md-12 offset-md-0 pos_top\">\n                            <div class=\"textrepeater \" id=\"\">\n    <h3>Ansprechpartner&#58;<\/h3>\n<p><strong>Ruth Birkh\u00f6lzer<\/strong><br \/>Bundesamt f\u00fcr Naturschutz<br \/> Referat Presse- und \u00d6ffentlichkeitsarbeit<br \/>Tel.&#58; +49 228 84911030<br \/>E-Mail&#58; <a href='mailto&#58;&#114;&#x75;t&#x68;&#46;&#98;&#x69;&#114;&#x6b;h&#111;&#x65;&#108;&#x7a;e&#x72;&#x40;&#98;&#x66;n&#x2e;d&#101;'>ru&#116;&#104;&#46;&#x62;&#x69;&#x72;&#x6b;&#x68;oe&#108;&#122;&#101;&#x72;&#x40;&#x62;&#x66;&#x6e;&#46;d&#101;<\/a><\/p>\n<p><strong>Sebastian Tilch<\/strong><br \/>Abteilung Medien und Kommunikation<br \/> Deutsches Zentrum f\u00fcr integrative Biodiversit\u00e4tsforschung (iDiv) Halle-Jena-Leipzig<br \/>Tel.&#58; +49 341 97 33197<br \/>E-Mail&#58; <a href='mailto&#58;se&#98;&#97;&#115;&#116;&#x69;&#x61;&#x6e;&#x2e;&#x74;il&#99;&#104;&#64;&#105;&#x64;&#x69;&#x76;&#x2e;&#x64;e'>&#115;&#x65;&#x62;&#97;&#x73;&#x74;i&#x61;&#x6e;&#46;&#116;&#x69;l&#99;&#x68;&#64;&#105;&#x64;i&#118;&#x2e;d&#101;<\/a><br \/>Web&#58; <a href='https&#58;\/\/www.idiv.de\/de\/media'>https&#58;\/\/www.idiv.de\/de\/media<\/a><\/p>\n<p><strong>Prof. Florian Jansen<\/strong><br \/>Agrar- und Umweltwissenschaftliche Fakult\u00e4t<br \/> Universit\u00e4t Rostock<br \/>E-Mail&#58; <a href='mailto&#58;&#102;&#x6c;&#111;&#x72;&#105;&#x61;&#110;&#x2e;j&#x61;n&#x73;e&#x6e;&#64;&#117;&#x6e;&#105;&#x2d;&#114;&#x6f;&#115;&#x74;&#111;&#x63;k&#x2e;d&#x65;'>&#x66;&#x6c;&#x6f;&#114;&#105;an&#x2e;&#x6a;&#x61;&#110;&#115;en&#x40;&#x75;&#x6e;&#105;&#45;ro&#x73;&#x74;&#x6f;&#99;&#107;&#46;d&#x65;<\/a><\/p>\n<p><strong>Dr. David Eichenberg<\/strong><br \/>Postdoktorand beim<br \/> Deutschen Zentrum f\u00fcr integrative Biodiversit\u00e4tsforschung (iDiv) Halle-Jena-Leipzig<br \/>E-Mail&#58; <a href='mailto&#58;&#100;&#x61;&#118;&#x69;&#100;&#x2e;&#101;&#x69;&#99;&#x68;&#101;&#x6e;&#98;&#x65;&#114;&#x67;&#64;&#x69;&#100;&#x69;&#118;&#x2e;&#100;&#x65;'>&#x64;&#97;v&#x69;&#100;&#46;&#x65;&#105;c&#x68;&#101;n&#x62;&#101;r&#x67;&#64;i&#x64;&#105;v&#x2e;&#100;e<\/a><\/p>\n<\/div>\n                            <\/div>\n                        <\/div>\n    <\/div>\n<\/div><div class=\"textbildrepeater pb-24 pt-0 no-bg modulclass \" id=\"\">\n    <div class=\"container\">\n        <div class=\"row\">\n                                                                <div class=\"pb-24   mod_text  col-md-12 offset-md-0 pos_top\">\n                            <div class=\"textrepeater \" id=\"\">\n    <p><em>Hinweis f\u00fcr die Medien: Die von iDiv bereitgestellten Bilder d\u00fcrfen ausschlie\u00dflich f\u00fcr die Berichterstattung im Zusammenhang mit dieser Medienmitteilung und unter Angabe des\/der Urhebers\/in verwendet werden.<\/em><\/p>\n<\/div>\n                            <\/div>\n                        <\/div>\n    <\/div>\n<\/div>","protected":false},"excerpt":{"rendered":"<p>Bonn\/Halle\/Jena\/Leipzig: Deutschlands Pflanzenvielfalt ist auf dem R&uuml;ckzug: Bei &uuml;ber 70 Prozent von mehr als 2000 untersuchten Arten sind in den letzten 60 Jahren deutschlandweit R&uuml;ckg&auml;nge zu beobachten &ndash; im Durchschnitt um 15 Prozent pro Art. Das ist das Ergebnis der bislang umfassendsten Auswertungen von Pflanzendaten aus Deutschland, die nun die Fachzeitschrift Global Change Biology ver&ouml;ffentlicht hat. 29 Millionen Daten zur Verbreitung von Gef&auml;&szlig;pflanzen flossen in die Analysen ein, die im Rahmen des Vorhabens &bdquo;sMon &ndash; Biodiversit&auml;tstrends in Deutschland&ldquo; des Deutschen Zentrums f&uuml;r integrative Biodiversit&auml;tsforschung (iDiv) erfolgten. Beteiligt waren Forschende von iDiv, der Universit&auml;ten Jena, Halle und Rostock, des Helmholtz-Zentrums f&uuml;r Umweltforschung (UFZ) sowie des Bundesamtes f&uuml;r Naturschutz (BfN) unter enger Beteiligung der oberen Naturschutzbeh&ouml;rden aller 16 Bundesl&auml;nder.&nbsp;<\/p>\n","protected":false},"author":1,"featured_media":0,"comment_status":"open","ping_status":"open","sticky":false,"template":"","format":"standard","meta":{"_acf_changed":false,"advgb_blocks_editor_width":"","advgb_blocks_columns_visual_guide":"","footnotes":"","_links_to":"","_links_to_target":""},"categories":[39,29,40,30],"tags":[],"class_list":["post-12164","post","type-post","status-publish","format-standard","hentry","category-idiv-mitglieder","category-medienmitteilung","category-sdiv-de","category-top-news-de-2"],"acf":{"thumb":6473,"thumbmobile":null,"copyright":"Sebastian Lakner","breadcrumb":true},"yoast_head":"<!-- This site is optimized with the Yoast SEO plugin v27.4 - https:\/\/yoast.com\/product\/yoast-seo-wordpress\/ -->\n<title>Pflanzenvielfalt in Deutschland auf dem R&uuml;ckzug| iDiv<\/title>\n<meta name=\"robots\" content=\"index, follow, max-snippet:-1, max-image-preview:large, max-video-preview:-1\" \/>\n<link rel=\"canonical\" href=\"https:\/\/www.idiv.de\/de\/pflanzenvielfalt-in-deutschland-auf-dem-rckzug\/\" \/>\n<meta property=\"og:locale\" content=\"de_DE\" \/>\n<meta property=\"og:type\" content=\"article\" \/>\n<meta property=\"og:title\" content=\"Pflanzenvielfalt in Deutschland auf dem R&uuml;ckzug| iDiv\" \/>\n<meta property=\"og:description\" content=\"Bonn\/Halle\/Jena\/Leipzig: Deutschlands Pflanzenvielfalt ist auf dem R&uuml;ckzug: Bei &uuml;ber 70 Prozent von mehr als 2000 untersuchten Arten sind in den letzten 60 Jahren deutschlandweit R&uuml;ckg&auml;nge zu beobachten &ndash; im Durchschnitt um 15 Prozent pro Art. Das ist das Ergebnis der bislang umfassendsten Auswertungen von Pflanzendaten aus Deutschland, die nun die Fachzeitschrift Global Change Biology ver&ouml;ffentlicht hat. 29 Millionen Daten zur Verbreitung von Gef&auml;&szlig;pflanzen flossen in die Analysen ein, die im Rahmen des Vorhabens &bdquo;sMon &ndash; Biodiversit&auml;tstrends in Deutschland&ldquo; des Deutschen Zentrums f&uuml;r integrative Biodiversit&auml;tsforschung (iDiv) erfolgten. Beteiligt waren Forschende von iDiv, der Universit&auml;ten Jena, Halle und Rostock, des Helmholtz-Zentrums f&uuml;r Umweltforschung (UFZ) sowie des Bundesamtes f&uuml;r Naturschutz (BfN) unter enger Beteiligung der oberen Naturschutzbeh&ouml;rden aller 16 Bundesl&auml;nder.&nbsp;\" \/>\n<meta property=\"og:url\" content=\"https:\/\/www.idiv.de\/de\/pflanzenvielfalt-in-deutschland-auf-dem-rckzug\/\" \/>\n<meta property=\"og:site_name\" content=\"iDiv\" \/>\n<meta property=\"article:published_time\" content=\"2020-12-13T23:00:00+00:00\" \/>\n<meta property=\"article:modified_time\" content=\"2024-11-06T08:17:39+00:00\" \/>\n<meta property=\"og:image\" content=\"https:\/\/www.idiv.de\/wp-content\/uploads\/2024\/11\/iDivSocialMediaShare.jpg\" \/>\n\t<meta property=\"og:image:width\" content=\"1200\" \/>\n\t<meta property=\"og:image:height\" content=\"675\" \/>\n\t<meta property=\"og:image:type\" content=\"image\/jpeg\" \/>\n<meta name=\"author\" content=\"admin\" \/>\n<meta name=\"twitter:card\" content=\"summary_large_image\" \/>\n<meta name=\"twitter:creator\" content=\"@idiv\" \/>\n<meta name=\"twitter:site\" content=\"@idiv\" \/>\n<script type=\"application\/ld+json\" class=\"yoast-schema-graph\">{\"@context\":\"https:\\\/\\\/schema.org\",\"@graph\":[{\"@type\":\"Article\",\"@id\":\"https:\\\/\\\/www.idiv.de\\\/de\\\/pflanzenvielfalt-in-deutschland-auf-dem-rckzug\\\/#article\",\"isPartOf\":{\"@id\":\"https:\\\/\\\/www.idiv.de\\\/de\\\/pflanzenvielfalt-in-deutschland-auf-dem-rckzug\\\/\"},\"author\":{\"name\":\"admin\",\"@id\":\"https:\\\/\\\/www.idiv.de\\\/de\\\/#\\\/schema\\\/person\\\/14228c09f1919627a633555952e15fc0\"},\"headline\":\"Pflanzenvielfalt in Deutschland auf dem R&uuml;ckzug\",\"datePublished\":\"2020-12-13T23:00:00+00:00\",\"dateModified\":\"2024-11-06T08:17:39+00:00\",\"mainEntityOfPage\":{\"@id\":\"https:\\\/\\\/www.idiv.de\\\/de\\\/pflanzenvielfalt-in-deutschland-auf-dem-rckzug\\\/\"},\"wordCount\":8,\"commentCount\":0,\"publisher\":{\"@id\":\"https:\\\/\\\/www.idiv.de\\\/de\\\/#organization\"},\"articleSection\":[\"iDiv-Mitglieder\",\"Medienmitteilung\",\"sDiv\",\"TOP NEWS\"],\"inLanguage\":\"de\"},{\"@type\":\"WebPage\",\"@id\":\"https:\\\/\\\/www.idiv.de\\\/de\\\/pflanzenvielfalt-in-deutschland-auf-dem-rckzug\\\/\",\"url\":\"https:\\\/\\\/www.idiv.de\\\/de\\\/pflanzenvielfalt-in-deutschland-auf-dem-rckzug\\\/\",\"name\":\"Pflanzenvielfalt in Deutschland auf dem R&uuml;ckzug| iDiv\",\"isPartOf\":{\"@id\":\"https:\\\/\\\/www.idiv.de\\\/de\\\/#website\"},\"datePublished\":\"2020-12-13T23:00:00+00:00\",\"dateModified\":\"2024-11-06T08:17:39+00:00\",\"breadcrumb\":{\"@id\":\"https:\\\/\\\/www.idiv.de\\\/de\\\/pflanzenvielfalt-in-deutschland-auf-dem-rckzug\\\/#breadcrumb\"},\"inLanguage\":\"de\",\"potentialAction\":[{\"@type\":\"ReadAction\",\"target\":[\"https:\\\/\\\/www.idiv.de\\\/de\\\/pflanzenvielfalt-in-deutschland-auf-dem-rckzug\\\/\"]}]},{\"@type\":\"BreadcrumbList\",\"@id\":\"https:\\\/\\\/www.idiv.de\\\/de\\\/pflanzenvielfalt-in-deutschland-auf-dem-rckzug\\\/#breadcrumb\",\"itemListElement\":[{\"@type\":\"ListItem\",\"position\":1,\"name\":\"Startseite\",\"item\":\"https:\\\/\\\/www.idiv.de\\\/de\\\/\"},{\"@type\":\"ListItem\",\"position\":2,\"name\":\"Pflanzenvielfalt in Deutschland auf dem R&uuml;ckzug\"}]},{\"@type\":\"WebSite\",\"@id\":\"https:\\\/\\\/www.idiv.de\\\/de\\\/#website\",\"url\":\"https:\\\/\\\/www.idiv.de\\\/de\\\/\",\"name\":\"iDiv\",\"description\":\"Hotspot in Biodiversity Research\",\"publisher\":{\"@id\":\"https:\\\/\\\/www.idiv.de\\\/de\\\/#organization\"},\"potentialAction\":[{\"@type\":\"SearchAction\",\"target\":{\"@type\":\"EntryPoint\",\"urlTemplate\":\"https:\\\/\\\/www.idiv.de\\\/de\\\/?s={search_term_string}\"},\"query-input\":{\"@type\":\"PropertyValueSpecification\",\"valueRequired\":true,\"valueName\":\"search_term_string\"}}],\"inLanguage\":\"de\"},{\"@type\":\"Organization\",\"@id\":\"https:\\\/\\\/www.idiv.de\\\/de\\\/#organization\",\"name\":\"idiv\",\"url\":\"https:\\\/\\\/www.idiv.de\\\/de\\\/\",\"logo\":{\"@type\":\"ImageObject\",\"inLanguage\":\"de\",\"@id\":\"https:\\\/\\\/www.idiv.de\\\/de\\\/#\\\/schema\\\/logo\\\/image\\\/\",\"url\":\"https:\\\/\\\/www.idiv.de\\\/wp-content\\\/uploads\\\/2024\\\/08\\\/iDiv_Logo_long_v1_EN_black_4c.jpg\",\"contentUrl\":\"https:\\\/\\\/www.idiv.de\\\/wp-content\\\/uploads\\\/2024\\\/08\\\/iDiv_Logo_long_v1_EN_black_4c.jpg\",\"width\":2448,\"height\":674,\"caption\":\"idiv\"},\"image\":{\"@id\":\"https:\\\/\\\/www.idiv.de\\\/de\\\/#\\\/schema\\\/logo\\\/image\\\/\"},\"sameAs\":[\"https:\\\/\\\/x.com\\\/idiv\",\"https:\\\/\\\/www.linkedin.com\\\/company\\\/idiv-biodiversity\\\/\",\"https:\\\/\\\/www.youtube.com\\\/idiv-research\"]},{\"@type\":\"Person\",\"@id\":\"https:\\\/\\\/www.idiv.de\\\/de\\\/#\\\/schema\\\/person\\\/14228c09f1919627a633555952e15fc0\",\"name\":\"admin\",\"url\":\"https:\\\/\\\/www.idiv.de\\\/de\\\/author\\\/admin\\\/\"}]}<\/script>\n<!-- \/ Yoast SEO plugin. -->","yoast_head_json":{"title":"Pflanzenvielfalt in Deutschland auf dem R&uuml;ckzug| iDiv","robots":{"index":"index","follow":"follow","max-snippet":"max-snippet:-1","max-image-preview":"max-image-preview:large","max-video-preview":"max-video-preview:-1"},"canonical":"https:\/\/www.idiv.de\/de\/pflanzenvielfalt-in-deutschland-auf-dem-rckzug\/","og_locale":"de_DE","og_type":"article","og_title":"Pflanzenvielfalt in Deutschland auf dem R&uuml;ckzug| iDiv","og_description":"Bonn\/Halle\/Jena\/Leipzig: Deutschlands Pflanzenvielfalt ist auf dem R&uuml;ckzug: Bei &uuml;ber 70 Prozent von mehr als 2000 untersuchten Arten sind in den letzten 60 Jahren deutschlandweit R&uuml;ckg&auml;nge zu beobachten &ndash; im Durchschnitt um 15 Prozent pro Art. Das ist das Ergebnis der bislang umfassendsten Auswertungen von Pflanzendaten aus Deutschland, die nun die Fachzeitschrift Global Change Biology ver&ouml;ffentlicht hat. 29 Millionen Daten zur Verbreitung von Gef&auml;&szlig;pflanzen flossen in die Analysen ein, die im Rahmen des Vorhabens &bdquo;sMon &ndash; Biodiversit&auml;tstrends in Deutschland&ldquo; des Deutschen Zentrums f&uuml;r integrative Biodiversit&auml;tsforschung (iDiv) erfolgten. Beteiligt waren Forschende von iDiv, der Universit&auml;ten Jena, Halle und Rostock, des Helmholtz-Zentrums f&uuml;r Umweltforschung (UFZ) sowie des Bundesamtes f&uuml;r Naturschutz (BfN) unter enger Beteiligung der oberen Naturschutzbeh&ouml;rden aller 16 Bundesl&auml;nder.&nbsp;","og_url":"https:\/\/www.idiv.de\/de\/pflanzenvielfalt-in-deutschland-auf-dem-rckzug\/","og_site_name":"iDiv","article_published_time":"2020-12-13T23:00:00+00:00","article_modified_time":"2024-11-06T08:17:39+00:00","og_image":[{"width":1200,"height":675,"url":"https:\/\/www.idiv.de\/wp-content\/uploads\/2024\/11\/iDivSocialMediaShare.jpg","type":"image\/jpeg"}],"author":"admin","twitter_card":"summary_large_image","twitter_creator":"@idiv","twitter_site":"@idiv","schema":{"@context":"https:\/\/schema.org","@graph":[{"@type":"Article","@id":"https:\/\/www.idiv.de\/de\/pflanzenvielfalt-in-deutschland-auf-dem-rckzug\/#article","isPartOf":{"@id":"https:\/\/www.idiv.de\/de\/pflanzenvielfalt-in-deutschland-auf-dem-rckzug\/"},"author":{"name":"admin","@id":"https:\/\/www.idiv.de\/de\/#\/schema\/person\/14228c09f1919627a633555952e15fc0"},"headline":"Pflanzenvielfalt in Deutschland auf dem R&uuml;ckzug","datePublished":"2020-12-13T23:00:00+00:00","dateModified":"2024-11-06T08:17:39+00:00","mainEntityOfPage":{"@id":"https:\/\/www.idiv.de\/de\/pflanzenvielfalt-in-deutschland-auf-dem-rckzug\/"},"wordCount":8,"commentCount":0,"publisher":{"@id":"https:\/\/www.idiv.de\/de\/#organization"},"articleSection":["iDiv-Mitglieder","Medienmitteilung","sDiv","TOP NEWS"],"inLanguage":"de"},{"@type":"WebPage","@id":"https:\/\/www.idiv.de\/de\/pflanzenvielfalt-in-deutschland-auf-dem-rckzug\/","url":"https:\/\/www.idiv.de\/de\/pflanzenvielfalt-in-deutschland-auf-dem-rckzug\/","name":"Pflanzenvielfalt in Deutschland auf dem R&uuml;ckzug| iDiv","isPartOf":{"@id":"https:\/\/www.idiv.de\/de\/#website"},"datePublished":"2020-12-13T23:00:00+00:00","dateModified":"2024-11-06T08:17:39+00:00","breadcrumb":{"@id":"https:\/\/www.idiv.de\/de\/pflanzenvielfalt-in-deutschland-auf-dem-rckzug\/#breadcrumb"},"inLanguage":"de","potentialAction":[{"@type":"ReadAction","target":["https:\/\/www.idiv.de\/de\/pflanzenvielfalt-in-deutschland-auf-dem-rckzug\/"]}]},{"@type":"BreadcrumbList","@id":"https:\/\/www.idiv.de\/de\/pflanzenvielfalt-in-deutschland-auf-dem-rckzug\/#breadcrumb","itemListElement":[{"@type":"ListItem","position":1,"name":"Startseite","item":"https:\/\/www.idiv.de\/de\/"},{"@type":"ListItem","position":2,"name":"Pflanzenvielfalt in Deutschland auf dem R&uuml;ckzug"}]},{"@type":"WebSite","@id":"https:\/\/www.idiv.de\/de\/#website","url":"https:\/\/www.idiv.de\/de\/","name":"iDiv","description":"Hotspot in Biodiversity Research","publisher":{"@id":"https:\/\/www.idiv.de\/de\/#organization"},"potentialAction":[{"@type":"SearchAction","target":{"@type":"EntryPoint","urlTemplate":"https:\/\/www.idiv.de\/de\/?s={search_term_string}"},"query-input":{"@type":"PropertyValueSpecification","valueRequired":true,"valueName":"search_term_string"}}],"inLanguage":"de"},{"@type":"Organization","@id":"https:\/\/www.idiv.de\/de\/#organization","name":"idiv","url":"https:\/\/www.idiv.de\/de\/","logo":{"@type":"ImageObject","inLanguage":"de","@id":"https:\/\/www.idiv.de\/de\/#\/schema\/logo\/image\/","url":"https:\/\/www.idiv.de\/wp-content\/uploads\/2024\/08\/iDiv_Logo_long_v1_EN_black_4c.jpg","contentUrl":"https:\/\/www.idiv.de\/wp-content\/uploads\/2024\/08\/iDiv_Logo_long_v1_EN_black_4c.jpg","width":2448,"height":674,"caption":"idiv"},"image":{"@id":"https:\/\/www.idiv.de\/de\/#\/schema\/logo\/image\/"},"sameAs":["https:\/\/x.com\/idiv","https:\/\/www.linkedin.com\/company\/idiv-biodiversity\/","https:\/\/www.youtube.com\/idiv-research"]},{"@type":"Person","@id":"https:\/\/www.idiv.de\/de\/#\/schema\/person\/14228c09f1919627a633555952e15fc0","name":"admin","url":"https:\/\/www.idiv.de\/de\/author\/admin\/"}]}},"author_meta":{"display_name":"admin","author_link":"https:\/\/www.idiv.de\/de\/author\/admin\/"},"featured_img":null,"coauthors":[],"tax_additional":{"categories":{"linked":["<a href=\"https:\/\/www.idiv.de\/de\/kategorie\/idiv-mitglieder\/\" class=\"advgb-post-tax-term\">iDiv-Mitglieder<\/a>","<a href=\"https:\/\/www.idiv.de\/de\/kategorie\/medienmitteilung\/\" class=\"advgb-post-tax-term\">Medienmitteilung<\/a>","<a href=\"https:\/\/www.idiv.de\/de\/kategorie\/sdiv-de\/\" class=\"advgb-post-tax-term\">sDiv<\/a>","<a href=\"https:\/\/www.idiv.de\/de\/kategorie\/top-news-de-2\/\" class=\"advgb-post-tax-term\">TOP NEWS<\/a>"],"unlinked":["<span class=\"advgb-post-tax-term\">iDiv-Mitglieder<\/span>","<span class=\"advgb-post-tax-term\">Medienmitteilung<\/span>","<span class=\"advgb-post-tax-term\">sDiv<\/span>","<span class=\"advgb-post-tax-term\">TOP NEWS<\/span>"]}},"comment_count":0,"relative_dates":{"created":"Ver\u00f6ffentlicht 5\u00a0Jahren vor","modified":"Aktualisiert 1\u00a0Jahr vor"},"absolute_dates":{"created":"Ver\u00f6ffentlicht am 14. Dezember 2020","modified":"Aktualisiert am 6. November 2024"},"absolute_dates_time":{"created":"Ver\u00f6ffentlicht am 14. Dezember 2020 0:00","modified":"Aktualisiert am 6. November 2024 9:17"},"featured_img_caption":"","series_order":"","_links":{"self":[{"href":"https:\/\/www.idiv.de\/de\/wp-json\/wp\/v2\/posts\/12164","targetHints":{"allow":["GET"]}}],"collection":[{"href":"https:\/\/www.idiv.de\/de\/wp-json\/wp\/v2\/posts"}],"about":[{"href":"https:\/\/www.idiv.de\/de\/wp-json\/wp\/v2\/types\/post"}],"author":[{"embeddable":true,"href":"https:\/\/www.idiv.de\/de\/wp-json\/wp\/v2\/users\/1"}],"replies":[{"embeddable":true,"href":"https:\/\/www.idiv.de\/de\/wp-json\/wp\/v2\/comments?post=12164"}],"version-history":[{"count":1,"href":"https:\/\/www.idiv.de\/de\/wp-json\/wp\/v2\/posts\/12164\/revisions"}],"predecessor-version":[{"id":12165,"href":"https:\/\/www.idiv.de\/de\/wp-json\/wp\/v2\/posts\/12164\/revisions\/12165"}],"wp:attachment":[{"href":"https:\/\/www.idiv.de\/de\/wp-json\/wp\/v2\/media?parent=12164"}],"wp:term":[{"taxonomy":"category","embeddable":true,"href":"https:\/\/www.idiv.de\/de\/wp-json\/wp\/v2\/categories?post=12164"},{"taxonomy":"post_tag","embeddable":true,"href":"https:\/\/www.idiv.de\/de\/wp-json\/wp\/v2\/tags?post=12164"}],"curies":[{"name":"wp","href":"https:\/\/api.w.org\/{rel}","templated":true}]}}