{"id":12162,"date":"2020-11-26T00:00:00","date_gmt":"2020-11-25T23:00:00","guid":{"rendered":"https:\/\/idiv.caf-dev.de\/europabon-mlu-und-idiv-leiten-neues-europaweites-projekt-fr-gemeinsames-monitoring\/"},"modified":"2025-06-03T13:56:03","modified_gmt":"2025-06-03T12:56:03","slug":"europabon-mlu-und-idiv-leiten-neues-europaweites-projekt-fr-gemeinsames-monitoring","status":"publish","type":"post","link":"https:\/\/www.idiv.de\/de\/europabon-mlu-und-idiv-leiten-neues-europaweites-projekt-fr-gemeinsames-monitoring\/","title":{"rendered":"EuropaBON: MLU und iDiv leiten neues europaweites Projekt f&uuml;r gemeinsames Monitoring"},"content":{"rendered":"<div class=\"herosection pb-24 pt-0 no-bg modulclass \" id=\"\">\n                    <div class=\"swiper1noslider  nooverflow swiper \" id=\"slide_69f2beead01d4\">\n        \n                <div class=\"swiper-wrapper\">\n                                            <div class=\"swiper-slide  style_ \" aria-hidden=\"true\" >\n                            <div class=\"backstretchwrap\">\n                        \n                            <div datasrc=\"https:\/\/www.idiv.de\/wp-content\/uploads\/2024\/08\/pic_cd306a19e820201124161915.jpg\" class=\"backstretchimg responsiv desktop\"><\/div>\n\n                            <a href=\"#\" class=\"cr\"><svg  xmlns=\"http:\/\/www.w3.org\/2000\/svg\" width=\"22\" height=\"22\" viewBox=\"0 0 22 22\">\n                                    <rect id=\"BG\" width=\"22\" height=\"22\" rx=\"11\" fill=\"#fff\"\/>\n                                    <g id=\"Wrapper\" transform=\"translate(-1 -1)\">\n                                        <g id=\"Icon_material-copyright\" data-name=\"Icon material-copyright\">\n                                            <circle id=\"Ellipse_30\" data-name=\"Ellipse 30\" cx=\"8\" cy=\"8\" r=\"8\" transform=\"translate(4 4)\" fill=\"#fff\"\/>\n                                            <path id=\"Icon_material-copyright-2\" data-name=\"Icon material-copyright\" d=\"M9.464,10.088a2.045,2.045,0,0,1,.24-.7,1.4,1.4,0,0,1,.472-.5,1.42,1.42,0,0,1,.728-.184,1.45,1.45,0,0,1,.5.1,1.29,1.29,0,0,1,.416.288,1.54,1.54,0,0,1,.272.424,1.4,1.4,0,0,1,.112.512H13.64a2.864,2.864,0,0,0-.224-1.032,2.4,2.4,0,0,0-.56-.808,2.613,2.613,0,0,0-.864-.528,3.09,3.09,0,0,0-1.112-.184,3.127,3.127,0,0,0-1.36.272,2.751,2.751,0,0,0-.96.736,3.007,3.007,0,0,0-.568,1.088A4.685,4.685,0,0,0,7.8,10.9v.216a4.684,4.684,0,0,0,.184,1.312,2.908,2.908,0,0,0,.568,1.08,2.731,2.731,0,0,0,.96.728,3.246,3.246,0,0,0,1.36.272,3.051,3.051,0,0,0,1.056-.184,2.729,2.729,0,0,0,.864-.5,2.442,2.442,0,0,0,.592-.752,2.153,2.153,0,0,0,.24-.92H12.192a1.139,1.139,0,0,1-.12.464,1.177,1.177,0,0,1-.288.368,1.26,1.26,0,0,1-.416.24,1.589,1.589,0,0,1-.48.08,1.359,1.359,0,0,1-.712-.184,1.4,1.4,0,0,1-.472-.5,2.09,2.09,0,0,1-.24-.7,5.392,5.392,0,0,1-.064-.8V10.9a5.33,5.33,0,0,1,.064-.808ZM11,3a8,8,0,1,0,8,8A8,8,0,0,0,11,3Zm0,14.4A6.4,6.4,0,1,1,17.4,11,6.408,6.408,0,0,1,11,17.4Z\" transform=\"translate(1 1)\" fill=\"#4d4d4d\"\/>\n                                        <\/g>\n                                    <\/g>\n                                <\/svg>\n                                <span>S. Kadrijevic &#8211; AdobeStock<\/span><\/a>                        \n                                                    <\/div>\n                                        <div class=\"sliderinhalt \" role=\"region\" aria-label=\"carousel\">\n\n                                            <h1 class=\"h1 tleft\" >EuropaBON: MLU und iDiv leiten neues europaweites Projekt f&uuml;r gemeinsames Monitoring<\/h1>                                                    <p style=\"text-align: center;\">Informationssystem zu Europas Biodiversit\u00e4t und \u00d6kosystemen f\u00fcr Entscheidungstr\u00e4ger<\/p>\n                                                \n                                                                                                            <\/div>\n                                            <\/div>\n\n                        \n                 <\/div>\n\n                              <\/div>\n<\/div>\n\n<div class=\"textbildrepeater pb-24 pt-0 no-bg modulclass \" id=\"\">\n    <div class=\"container\">\n        <div class=\"row\">\n                                                                <div class=\"pb-24   mod_text  col-md-6 offset-md-0 pos_top\">\n                            <div class=\"textrepeater \" id=\"\">\n    <p>26.11.2020 | Biodiversity Conservation, Media Release, TOP NEWS<\/p>\n<\/div>\n                            <\/div>\n                        <\/div>\n    <\/div>\n<\/div>\n\n<div class=\"textbildrepeater pb-24 pt-0 no-bg modulclass \" id=\"\">\n    <div class=\"container\">\n        <div class=\"row\">\n                                                                <div class=\"pb-24   mod_text  col-md-12 offset-md-0 pos_top\">\n                            <div class=\"textrepeater \" id=\"\">\n    <p><strong>Basiert auf einer Medienmitteilung der Martin-Luther-Universit&auml;t Halle-Wittenberg (MLU)<\/strong><\/p>\n<p><strong>Ein neues Forschungsprojekt soll ein l&auml;nder&uuml;bergreifendes System f&uuml;r die &Uuml;berwachung der Artenvielfalt und &Ouml;kosysteme in Europa entwickeln. Koordiniert wird es von der Martin-Luther-Universit&auml;t Halle-Wittenberg (MLU) gemeinsam mit dem Deutschen Zentrum f&uuml;r integrative Biodiversit&auml;tsforschung (iDiv) Halle-Jena-Leipzig. Die Ergebnisse des Projekts sollen die Grundlage f&uuml;r politische Entscheidungen der Europ&auml;ischen Kommission und anderer Entscheidungstr&auml;ger bilden. Die EU f&ouml;rdert das Projekt mit drei Millionen Euro. Vom 1. bis 3. Dezember findet ein virtuelles Kickoff-Meeting der Projektpartner statt.&nbsp;<\/strong><\/p>\n<\/div>\n                            <\/div>\n                        <\/div>\n    <\/div>\n<\/div>\n\n<div class=\"textbildrepeater pb-24 pt-0 no-bg modulclass \" id=\"\">\n    <div class=\"container\">\n        <div class=\"row\">\n                                                                <div class=\"pb-24   mod_text  col-md-12 offset-md-0 pos_top\">\n                            <div class=\"textrepeater \" id=\"\">\n    <p>Die Europ&auml;ische Kommission hat im Mai dieses Jahres die EU-Biodiversit&auml;tsstrategie f&uuml;r das Jahr 2030 vorgestellt. Damit verfolgt sie das Ziel, die bedrohten oder bereits zerst&ouml;rten &Ouml;kosysteme in Europa bis zum Jahr 2030 wiederherzustellen und den Verlust von Artenvielfalt zu stoppen. &bdquo;Wir haben jedoch gar kein konsistentes Bild davon, wie sich die Biodiversit&auml;t &uuml;ber verschiedene Arten und taxonomischen Gruppen &ndash; etwa f&uuml;r S&auml;ugetiere oder Amphibien &ndash; in einzelnen europ&auml;ischen Regionen ver&auml;ndert&ldquo;, sagt Prof. Dr. Henrique Pereira, der an der MLU und am iDiv forscht. Zwar gebe es zahlreiche Studien und Daten &uuml;ber die Artenvielfalt in Europa. Allerdings seien die erhobenen Daten h&auml;ufig r&auml;umlich, zeitlich und auf einzelne Arten oder Gruppen begrenzt. Daher mangele es h&auml;ufig an der Vergleichbarkeit der Daten untereinander. &bdquo;Damit politische Ma&szlig;nahmen fundiert getroffen werden k&ouml;nnen, braucht es aber eine systematische, aktuelle Datengrundlage &uuml;ber die Artenvielfalt und die &Ouml;kosysteme in Europa sowie deren Zustand. Diese muss sich auch an den Bed&uuml;rfnissen der Politik orientieren&ldquo;, sagt Pereira.<\/p>\n<p>Hier setzt der europ&auml;ische Forschungsverbund mit dem Namen &bdquo;EuropaBON&ldquo; an, den Pereira gemeinsam mit Dr. Jessica Junker koordinieren wird. Darin soll zum einen ein neuer Standard f&uuml;r das Monitoring von Biodiversit&auml;t und &Ouml;kosystemen konzipiert werden. Zum anderen geht es darum, die bisher ver&ouml;ffentlichten Daten zu diesen Themen zu harmonisieren. Dazu geh&ouml;ren etwa Daten zur Artenvielfalt und anderen Faktoren, wie der Wasserqualit&auml;t, von Satelliten, aus B&uuml;rgerforschungsprojekten, Langzeitversuchen und anderen wissenschaftlichen Quellen. H&auml;ufig wurden diese Daten entsprechend einer konkreten Forschungsfrage erhoben und lassen sich untereinander nur schwer vergleichen.<\/p>\n<p>Wie das trotzdem gelingen kann, soll ebenfalls im Projekt gekl&auml;rt werden. Gemeinsam mit Forscherinnen und Forschern sowie politischen Entscheidungstr&auml;gern sollen auch Kenngr&ouml;&szlig;en, Variablen und Indikatoren entwickelt werden, die ein schl&uuml;ssiges Gesamtbild f&uuml;r Europa ergeben und so die Grundlage f&uuml;r politische Entscheidungen bilden. &bdquo;Wir wollen den Informationsbedarf zwischen Politik und Wissenschaft synchronisieren&ldquo;, sagt Pereira zusammenfassend.<\/p>\n<p>F&uuml;r das umfassende Vorhaben greift das Team aus Halle und Leipzig auf ein Netzwerk aus 14 Partnereinrichtungen aus Belgien, Bulgarien, Deutschland, Estland, Gro&szlig;britannien, den Niederlanden, &Ouml;sterreich, Portugal und Spanien zur&uuml;ck. &bdquo;Die Daten und die dahinterstehenden Methoden sind viel zu komplex, als dass eine Einrichtung sie alleine bew&auml;ltigen k&ouml;nnte. Deshalb sind wir froh, dieses wissenschaftlich hochkar&auml;tige Netzwerk etabliert zu haben&ldquo;, sagt Pereira.<\/p>\n<p>Am Ende des Projekts sollen verschiedene Alternativen f&uuml;r ein europ&auml;isches Netzwerk zur &Uuml;berwachung der Artenvielfalt und der &Ouml;kosysteme stehen. Anhand von konkreten Fallbeispielen will das Team die Machbarkeit der Konzepte &uuml;berpr&uuml;fen, von der Datenakquise und -pflege bis hin zur Berichterstattung f&uuml;r die Europ&auml;ische Kommission. Mit dem System soll es k&uuml;nftig auch m&ouml;glich sein, r&uuml;ckblickend den Effekt einzelner Naturschutzma&szlig;nahmen zu &uuml;berpr&uuml;fen.<\/p>\n<p>Mehr Informationen zum Projekt unter <a href=http&#58;\/\/europabon.org\/>http&#58;\/\/europabon.org\/<\/a><\/p>\n<\/div>\n                            <\/div>\n                        <\/div>\n    <\/div>\n<\/div>\n\n<div class=\"textbildrepeater pb-24 pt-0 no-bg modulclass \" id=\"\">\n    <div class=\"container\">\n        <div class=\"row\">\n                                                                <div class=\"pb-24   mod_text  col-md-12 offset-md-0 pos_top\">\n                            <div class=\"textrepeater \" id=\"\">\n    <h3>Ansprechpartner:<\/h3>\n<p><strong>Sebastian Tilch<\/strong><br \/>\nAbteilung Medien und Kommunikation<br \/>\nDeutsches Zentrum f\u00fcr integrative Biodiversit\u00e4tsforschung (iDiv) Halle-Jena-Leipzig<br \/>\nTel.: +49 341 97 33197<br \/>\nE-Mail: <a href=\"&#x6d;&#x61;&#x69;&#108;&#116;o:&#x73;&#x65;&#x62;&#97;&#115;ti&#x61;&#x6e;&#x2e;&#116;&#105;lc&#x68;&#x40;&#x69;&#100;&#105;v&#46;&#x64;&#x65;\">&#115;e&#x62;a&#x73;t&#x69;a&#x6e;&#46;&#x74;&#105;&#x6c;&#99;&#x68;&#64;i&#100;i&#x76;&#46;&#x64;e<\/a><br \/>\nWeb: <a href=\"https:\/\/www.idiv.de\/de\/media\">https:\/\/www.idiv.de\/de\/media<\/a><\/p>\n<p><strong>Dr. Jessica Junker<\/strong><br \/>\nDeutsches Zentrum f\u00fcr integrative Biodiversit\u00e4tsforschung (iDiv) Halle-Jena-Leipzig<br \/>\nMartin-Luther-Universit\u00e4t Halle-Wittenberg<br \/>\nTel.: +49 341 9733123<br \/>\nE-Mail: <a href=\"&#109;&#x61;i&#x6c;t&#111;&#x3a;&#106;&#x65;s&#115;&#x69;&#99;&#x61;&#46;&#x6a;&#x75;&#110;&#x6b;e&#x72;&#64;&#105;&#x64;&#105;&#x76;&#46;&#100;&#x65;\">&#x6a;&#101;s&#x73;&#105;c&#x61;&#46;j&#x75;&#110;k&#x65;&#114;&#64;&#x69;&#x64;i&#x76;&#x2e;&#100;&#x65;<\/a><\/p>\n<p><strong>Prof. Henrique Miguel Pereira<\/strong><br \/>\nForschungsgruppenleiter Biodiversit\u00e4t und Naturschutz am Deutschen Zentrum f\u00fcr integrative Biodiversit\u00e4tsforschung (iDiv) und der Martin-Luther-Universit\u00e4t Halle-Wittenberg (MLU) sowie<br \/>\nVorsitzender des Portugal Infrastructures Biodiversity Chair, Research Centre in Biodiversity and Genetic Resources (CIBIO\/InBIO), Portugal<br \/>\nE-Mail: <a href=\"&#x6d;&#x61;&#x69;&#108;&#116;o:&#x68;&#x65;&#x6e;&#114;&#105;qu&#x65;&#x2e;&#x70;&#101;&#114;ei&#x72;&#x61;&#x40;&#105;&#100;iv&#x2e;&#x64;&#x65;\">&#x68;&#x65;&#x6e;&#x72;&#x69;&#x71;&#x75;&#x65;&#x2e;&#x70;&#x65;&#x72;&#x65;&#x69;&#114;&#97;&#64;&#105;&#100;&#105;&#118;&#46;&#100;&#101;<\/a><br \/>\nWeb: <a href=\"https:\/\/www.idiv.de\/de\/staff\/henrique-miguel-pereira\/\">https:\/\/www.idiv.de\/de\/staff\/henrique-miguel-pereira\/<\/a><\/p>\n<\/div>\n                            <\/div>\n                        <\/div>\n    <\/div>\n<\/div>\n\n<div class=\"textbildrepeater pb-24 pt-0 no-bg modulclass \" id=\"\">\n    <div class=\"container\">\n        <div class=\"row\">\n                                                                <div class=\"pb-24   mod_text  col-md-12 offset-md-0 pos_top\">\n                            <div class=\"textrepeater \" id=\"\">\n    <p><em>Hinweis f\u00fcr die Medien: Die von iDiv bereitgestellten Bilder d\u00fcrfen ausschlie\u00dflich f\u00fcr die Berichterstattung im Zusammenhang mit dieser Medienmitteilung und unter Angabe des\/der Urhebers\/in verwendet werden.<\/em><\/p>\n<\/div>\n                            <\/div>\n                        <\/div>\n    <\/div>\n<\/div>","protected":false},"excerpt":{"rendered":"<p>Basiert auf einer Medienmitteilung der Martin-Luther-Universit&auml;t Halle-Wittenberg (MLU)<br \/>\nEin neues Forschungsprojekt soll ein l&auml;nder&uuml;bergreifendes System f&uuml;r die &Uuml;berwachung der Artenvielfalt und &Ouml;kosysteme in Europa entwickeln. Koordiniert wird es von der Martin-Luther-Universit&auml;t Halle-Wittenberg (MLU) gemeinsam mit dem Deutschen Zentrum f&uuml;r integrative Biodiversit&auml;tsforschung (iDiv) Halle-Jena-Leipzig. Die Ergebnisse des Projekts sollen die Grundlage f&uuml;r politische Entscheidungen der Europ&auml;ischen Kommission und anderer Entscheidungstr&auml;ger bilden. Die EU f&ouml;rdert das Projekt mit drei Millionen Euro. Vom 1. bis 3. Dezember findet ein virtuelles Kickoff-Meeting der Projektpartner statt.&nbsp;<\/p>\n","protected":false},"author":1,"featured_media":0,"comment_status":"open","ping_status":"open","sticky":false,"template":"","format":"standard","meta":{"_acf_changed":false,"advgb_blocks_editor_width":"","advgb_blocks_columns_visual_guide":"","footnotes":"","_links_to":"","_links_to_target":""},"categories":[33,29,30],"tags":[],"class_list":["post-12162","post","type-post","status-publish","format-standard","hentry","category-biodiversitaet-und-naturschutz","category-medienmitteilung","category-top-news-de-2"],"acf":{"thumb":6485,"thumbmobile":"","copyright":"S. Kadrijevic - AdobeStock","breadcrumb":true},"yoast_head":"<!-- This site is optimized with the Yoast SEO plugin v27.5 - https:\/\/yoast.com\/product\/yoast-seo-wordpress\/ -->\n<title>EuropaBON: MLU und iDiv leiten neues europaweites Projekt f&uuml;r gemeinsames Monitoring | iDiv<\/title>\n<meta name=\"robots\" content=\"index, follow, max-snippet:-1, max-image-preview:large, max-video-preview:-1\" \/>\n<link rel=\"canonical\" href=\"https:\/\/www.idiv.de\/de\/europabon-mlu-und-idiv-leiten-neues-europaweites-projekt-fr-gemeinsames-monitoring\/\" \/>\n<meta property=\"og:locale\" content=\"de_DE\" \/>\n<meta property=\"og:type\" content=\"article\" \/>\n<meta property=\"og:title\" content=\"EuropaBON: MLU und iDiv leiten neues europaweites Projekt f&uuml;r gemeinsames Monitoring | iDiv\" \/>\n<meta property=\"og:description\" content=\"Basiert auf einer Medienmitteilung der Martin-Luther-Universit&auml;t Halle-Wittenberg (MLU) Ein neues Forschungsprojekt soll ein l&auml;nder&uuml;bergreifendes System f&uuml;r die &Uuml;berwachung der Artenvielfalt und &Ouml;kosysteme in Europa entwickeln. Koordiniert wird es von der Martin-Luther-Universit&auml;t Halle-Wittenberg (MLU) gemeinsam mit dem Deutschen Zentrum f&uuml;r integrative Biodiversit&auml;tsforschung (iDiv) Halle-Jena-Leipzig. Die Ergebnisse des Projekts sollen die Grundlage f&uuml;r politische Entscheidungen der Europ&auml;ischen Kommission und anderer Entscheidungstr&auml;ger bilden. Die EU f&ouml;rdert das Projekt mit drei Millionen Euro. Vom 1. bis 3. Dezember findet ein virtuelles Kickoff-Meeting der Projektpartner statt.&nbsp;\" \/>\n<meta property=\"og:url\" content=\"https:\/\/www.idiv.de\/de\/europabon-mlu-und-idiv-leiten-neues-europaweites-projekt-fr-gemeinsames-monitoring\/\" \/>\n<meta property=\"og:site_name\" content=\"iDiv\" \/>\n<meta property=\"article:published_time\" content=\"2020-11-25T23:00:00+00:00\" \/>\n<meta property=\"article:modified_time\" content=\"2025-06-03T12:56:03+00:00\" \/>\n<meta property=\"og:image\" content=\"https:\/\/www.idiv.de\/wp-content\/uploads\/2024\/11\/iDivSocialMediaShare.jpg\" \/>\n\t<meta property=\"og:image:width\" content=\"1200\" \/>\n\t<meta property=\"og:image:height\" content=\"675\" \/>\n\t<meta property=\"og:image:type\" content=\"image\/jpeg\" \/>\n<meta name=\"author\" content=\"admin\" \/>\n<meta name=\"twitter:card\" content=\"summary_large_image\" \/>\n<meta name=\"twitter:creator\" content=\"@idiv\" \/>\n<meta name=\"twitter:site\" content=\"@idiv\" \/>\n<script type=\"application\/ld+json\" class=\"yoast-schema-graph\">{\"@context\":\"https:\\\/\\\/schema.org\",\"@graph\":[{\"@type\":\"Article\",\"@id\":\"https:\\\/\\\/www.idiv.de\\\/de\\\/europabon-mlu-und-idiv-leiten-neues-europaweites-projekt-fr-gemeinsames-monitoring\\\/#article\",\"isPartOf\":{\"@id\":\"https:\\\/\\\/www.idiv.de\\\/de\\\/europabon-mlu-und-idiv-leiten-neues-europaweites-projekt-fr-gemeinsames-monitoring\\\/\"},\"author\":{\"name\":\"admin\",\"@id\":\"https:\\\/\\\/www.idiv.de\\\/de\\\/#\\\/schema\\\/person\\\/14228c09f1919627a633555952e15fc0\"},\"headline\":\"EuropaBON: MLU und iDiv leiten neues europaweites Projekt f&uuml;r gemeinsames Monitoring\",\"datePublished\":\"2020-11-25T23:00:00+00:00\",\"dateModified\":\"2025-06-03T12:56:03+00:00\",\"mainEntityOfPage\":{\"@id\":\"https:\\\/\\\/www.idiv.de\\\/de\\\/europabon-mlu-und-idiv-leiten-neues-europaweites-projekt-fr-gemeinsames-monitoring\\\/\"},\"wordCount\":13,\"commentCount\":0,\"publisher\":{\"@id\":\"https:\\\/\\\/www.idiv.de\\\/de\\\/#organization\"},\"articleSection\":[\"Biodiversit\u00e4t und Naturschutz\",\"Medienmitteilung\",\"TOP NEWS\"],\"inLanguage\":\"de\"},{\"@type\":\"WebPage\",\"@id\":\"https:\\\/\\\/www.idiv.de\\\/de\\\/europabon-mlu-und-idiv-leiten-neues-europaweites-projekt-fr-gemeinsames-monitoring\\\/\",\"url\":\"https:\\\/\\\/www.idiv.de\\\/de\\\/europabon-mlu-und-idiv-leiten-neues-europaweites-projekt-fr-gemeinsames-monitoring\\\/\",\"name\":\"EuropaBON: MLU und iDiv leiten neues europaweites Projekt f&uuml;r gemeinsames Monitoring | iDiv\",\"isPartOf\":{\"@id\":\"https:\\\/\\\/www.idiv.de\\\/de\\\/#website\"},\"datePublished\":\"2020-11-25T23:00:00+00:00\",\"dateModified\":\"2025-06-03T12:56:03+00:00\",\"breadcrumb\":{\"@id\":\"https:\\\/\\\/www.idiv.de\\\/de\\\/europabon-mlu-und-idiv-leiten-neues-europaweites-projekt-fr-gemeinsames-monitoring\\\/#breadcrumb\"},\"inLanguage\":\"de\",\"potentialAction\":[{\"@type\":\"ReadAction\",\"target\":[\"https:\\\/\\\/www.idiv.de\\\/de\\\/europabon-mlu-und-idiv-leiten-neues-europaweites-projekt-fr-gemeinsames-monitoring\\\/\"]}]},{\"@type\":\"BreadcrumbList\",\"@id\":\"https:\\\/\\\/www.idiv.de\\\/de\\\/europabon-mlu-und-idiv-leiten-neues-europaweites-projekt-fr-gemeinsames-monitoring\\\/#breadcrumb\",\"itemListElement\":[{\"@type\":\"ListItem\",\"position\":1,\"name\":\"Startseite\",\"item\":\"https:\\\/\\\/www.idiv.de\\\/de\\\/\"},{\"@type\":\"ListItem\",\"position\":2,\"name\":\"EuropaBON: MLU und iDiv leiten neues europaweites Projekt f&uuml;r gemeinsames Monitoring\"}]},{\"@type\":\"WebSite\",\"@id\":\"https:\\\/\\\/www.idiv.de\\\/de\\\/#website\",\"url\":\"https:\\\/\\\/www.idiv.de\\\/de\\\/\",\"name\":\"iDiv\",\"description\":\"Hotspot in Biodiversity Research\",\"publisher\":{\"@id\":\"https:\\\/\\\/www.idiv.de\\\/de\\\/#organization\"},\"potentialAction\":[{\"@type\":\"SearchAction\",\"target\":{\"@type\":\"EntryPoint\",\"urlTemplate\":\"https:\\\/\\\/www.idiv.de\\\/de\\\/?s={search_term_string}\"},\"query-input\":{\"@type\":\"PropertyValueSpecification\",\"valueRequired\":true,\"valueName\":\"search_term_string\"}}],\"inLanguage\":\"de\"},{\"@type\":\"Organization\",\"@id\":\"https:\\\/\\\/www.idiv.de\\\/de\\\/#organization\",\"name\":\"idiv\",\"url\":\"https:\\\/\\\/www.idiv.de\\\/de\\\/\",\"logo\":{\"@type\":\"ImageObject\",\"inLanguage\":\"de\",\"@id\":\"https:\\\/\\\/www.idiv.de\\\/de\\\/#\\\/schema\\\/logo\\\/image\\\/\",\"url\":\"https:\\\/\\\/www.idiv.de\\\/wp-content\\\/uploads\\\/2024\\\/08\\\/iDiv_Logo_long_v1_EN_black_4c.jpg\",\"contentUrl\":\"https:\\\/\\\/www.idiv.de\\\/wp-content\\\/uploads\\\/2024\\\/08\\\/iDiv_Logo_long_v1_EN_black_4c.jpg\",\"width\":2448,\"height\":674,\"caption\":\"idiv\"},\"image\":{\"@id\":\"https:\\\/\\\/www.idiv.de\\\/de\\\/#\\\/schema\\\/logo\\\/image\\\/\"},\"sameAs\":[\"https:\\\/\\\/x.com\\\/idiv\",\"https:\\\/\\\/www.linkedin.com\\\/company\\\/idiv-biodiversity\\\/\",\"https:\\\/\\\/www.youtube.com\\\/idiv-research\"]},{\"@type\":\"Person\",\"@id\":\"https:\\\/\\\/www.idiv.de\\\/de\\\/#\\\/schema\\\/person\\\/14228c09f1919627a633555952e15fc0\",\"name\":\"admin\",\"url\":\"https:\\\/\\\/www.idiv.de\\\/de\\\/author\\\/admin\\\/\"}]}<\/script>\n<!-- \/ Yoast SEO plugin. -->","yoast_head_json":{"title":"EuropaBON: MLU und iDiv leiten neues europaweites Projekt f&uuml;r gemeinsames Monitoring | iDiv","robots":{"index":"index","follow":"follow","max-snippet":"max-snippet:-1","max-image-preview":"max-image-preview:large","max-video-preview":"max-video-preview:-1"},"canonical":"https:\/\/www.idiv.de\/de\/europabon-mlu-und-idiv-leiten-neues-europaweites-projekt-fr-gemeinsames-monitoring\/","og_locale":"de_DE","og_type":"article","og_title":"EuropaBON: MLU und iDiv leiten neues europaweites Projekt f&uuml;r gemeinsames Monitoring | iDiv","og_description":"Basiert auf einer Medienmitteilung der Martin-Luther-Universit&auml;t Halle-Wittenberg (MLU) Ein neues Forschungsprojekt soll ein l&auml;nder&uuml;bergreifendes System f&uuml;r die &Uuml;berwachung der Artenvielfalt und &Ouml;kosysteme in Europa entwickeln. Koordiniert wird es von der Martin-Luther-Universit&auml;t Halle-Wittenberg (MLU) gemeinsam mit dem Deutschen Zentrum f&uuml;r integrative Biodiversit&auml;tsforschung (iDiv) Halle-Jena-Leipzig. Die Ergebnisse des Projekts sollen die Grundlage f&uuml;r politische Entscheidungen der Europ&auml;ischen Kommission und anderer Entscheidungstr&auml;ger bilden. Die EU f&ouml;rdert das Projekt mit drei Millionen Euro. Vom 1. bis 3. Dezember findet ein virtuelles Kickoff-Meeting der Projektpartner statt.&nbsp;","og_url":"https:\/\/www.idiv.de\/de\/europabon-mlu-und-idiv-leiten-neues-europaweites-projekt-fr-gemeinsames-monitoring\/","og_site_name":"iDiv","article_published_time":"2020-11-25T23:00:00+00:00","article_modified_time":"2025-06-03T12:56:03+00:00","og_image":[{"width":1200,"height":675,"url":"https:\/\/www.idiv.de\/wp-content\/uploads\/2024\/11\/iDivSocialMediaShare.jpg","type":"image\/jpeg"}],"author":"admin","twitter_card":"summary_large_image","twitter_creator":"@idiv","twitter_site":"@idiv","schema":{"@context":"https:\/\/schema.org","@graph":[{"@type":"Article","@id":"https:\/\/www.idiv.de\/de\/europabon-mlu-und-idiv-leiten-neues-europaweites-projekt-fr-gemeinsames-monitoring\/#article","isPartOf":{"@id":"https:\/\/www.idiv.de\/de\/europabon-mlu-und-idiv-leiten-neues-europaweites-projekt-fr-gemeinsames-monitoring\/"},"author":{"name":"admin","@id":"https:\/\/www.idiv.de\/de\/#\/schema\/person\/14228c09f1919627a633555952e15fc0"},"headline":"EuropaBON: MLU und iDiv leiten neues europaweites Projekt f&uuml;r gemeinsames Monitoring","datePublished":"2020-11-25T23:00:00+00:00","dateModified":"2025-06-03T12:56:03+00:00","mainEntityOfPage":{"@id":"https:\/\/www.idiv.de\/de\/europabon-mlu-und-idiv-leiten-neues-europaweites-projekt-fr-gemeinsames-monitoring\/"},"wordCount":13,"commentCount":0,"publisher":{"@id":"https:\/\/www.idiv.de\/de\/#organization"},"articleSection":["Biodiversit\u00e4t und Naturschutz","Medienmitteilung","TOP NEWS"],"inLanguage":"de"},{"@type":"WebPage","@id":"https:\/\/www.idiv.de\/de\/europabon-mlu-und-idiv-leiten-neues-europaweites-projekt-fr-gemeinsames-monitoring\/","url":"https:\/\/www.idiv.de\/de\/europabon-mlu-und-idiv-leiten-neues-europaweites-projekt-fr-gemeinsames-monitoring\/","name":"EuropaBON: MLU und iDiv leiten neues europaweites Projekt f&uuml;r gemeinsames Monitoring | iDiv","isPartOf":{"@id":"https:\/\/www.idiv.de\/de\/#website"},"datePublished":"2020-11-25T23:00:00+00:00","dateModified":"2025-06-03T12:56:03+00:00","breadcrumb":{"@id":"https:\/\/www.idiv.de\/de\/europabon-mlu-und-idiv-leiten-neues-europaweites-projekt-fr-gemeinsames-monitoring\/#breadcrumb"},"inLanguage":"de","potentialAction":[{"@type":"ReadAction","target":["https:\/\/www.idiv.de\/de\/europabon-mlu-und-idiv-leiten-neues-europaweites-projekt-fr-gemeinsames-monitoring\/"]}]},{"@type":"BreadcrumbList","@id":"https:\/\/www.idiv.de\/de\/europabon-mlu-und-idiv-leiten-neues-europaweites-projekt-fr-gemeinsames-monitoring\/#breadcrumb","itemListElement":[{"@type":"ListItem","position":1,"name":"Startseite","item":"https:\/\/www.idiv.de\/de\/"},{"@type":"ListItem","position":2,"name":"EuropaBON: MLU und iDiv leiten neues europaweites Projekt f&uuml;r gemeinsames Monitoring"}]},{"@type":"WebSite","@id":"https:\/\/www.idiv.de\/de\/#website","url":"https:\/\/www.idiv.de\/de\/","name":"iDiv","description":"Hotspot in Biodiversity Research","publisher":{"@id":"https:\/\/www.idiv.de\/de\/#organization"},"potentialAction":[{"@type":"SearchAction","target":{"@type":"EntryPoint","urlTemplate":"https:\/\/www.idiv.de\/de\/?s={search_term_string}"},"query-input":{"@type":"PropertyValueSpecification","valueRequired":true,"valueName":"search_term_string"}}],"inLanguage":"de"},{"@type":"Organization","@id":"https:\/\/www.idiv.de\/de\/#organization","name":"idiv","url":"https:\/\/www.idiv.de\/de\/","logo":{"@type":"ImageObject","inLanguage":"de","@id":"https:\/\/www.idiv.de\/de\/#\/schema\/logo\/image\/","url":"https:\/\/www.idiv.de\/wp-content\/uploads\/2024\/08\/iDiv_Logo_long_v1_EN_black_4c.jpg","contentUrl":"https:\/\/www.idiv.de\/wp-content\/uploads\/2024\/08\/iDiv_Logo_long_v1_EN_black_4c.jpg","width":2448,"height":674,"caption":"idiv"},"image":{"@id":"https:\/\/www.idiv.de\/de\/#\/schema\/logo\/image\/"},"sameAs":["https:\/\/x.com\/idiv","https:\/\/www.linkedin.com\/company\/idiv-biodiversity\/","https:\/\/www.youtube.com\/idiv-research"]},{"@type":"Person","@id":"https:\/\/www.idiv.de\/de\/#\/schema\/person\/14228c09f1919627a633555952e15fc0","name":"admin","url":"https:\/\/www.idiv.de\/de\/author\/admin\/"}]}},"author_meta":{"display_name":"admin","author_link":"https:\/\/www.idiv.de\/de\/author\/admin\/"},"featured_img":null,"coauthors":[],"tax_additional":{"categories":{"linked":["<a href=\"https:\/\/www.idiv.de\/de\/kategorie\/forschung\/biodiversitaet-und-naturschutz\/\" class=\"advgb-post-tax-term\">Biodiversit\u00e4t und Naturschutz<\/a>","<a href=\"https:\/\/www.idiv.de\/de\/kategorie\/medienmitteilung\/\" class=\"advgb-post-tax-term\">Medienmitteilung<\/a>","<a href=\"https:\/\/www.idiv.de\/de\/kategorie\/top-news-de-2\/\" class=\"advgb-post-tax-term\">TOP NEWS<\/a>"],"unlinked":["<span class=\"advgb-post-tax-term\">Biodiversit\u00e4t und Naturschutz<\/span>","<span class=\"advgb-post-tax-term\">Medienmitteilung<\/span>","<span class=\"advgb-post-tax-term\">TOP NEWS<\/span>"]}},"comment_count":0,"relative_dates":{"created":"Ver\u00f6ffentlicht 5\u00a0Jahren vor","modified":"Aktualisiert 11\u00a0Monaten vor"},"absolute_dates":{"created":"Ver\u00f6ffentlicht am 26. November 2020","modified":"Aktualisiert am 3. Juni 2025"},"absolute_dates_time":{"created":"Ver\u00f6ffentlicht am 26. November 2020 0:00","modified":"Aktualisiert am 3. Juni 2025 13:56"},"featured_img_caption":"","series_order":"","_links":{"self":[{"href":"https:\/\/www.idiv.de\/de\/wp-json\/wp\/v2\/posts\/12162","targetHints":{"allow":["GET"]}}],"collection":[{"href":"https:\/\/www.idiv.de\/de\/wp-json\/wp\/v2\/posts"}],"about":[{"href":"https:\/\/www.idiv.de\/de\/wp-json\/wp\/v2\/types\/post"}],"author":[{"embeddable":true,"href":"https:\/\/www.idiv.de\/de\/wp-json\/wp\/v2\/users\/1"}],"replies":[{"embeddable":true,"href":"https:\/\/www.idiv.de\/de\/wp-json\/wp\/v2\/comments?post=12162"}],"version-history":[{"count":2,"href":"https:\/\/www.idiv.de\/de\/wp-json\/wp\/v2\/posts\/12162\/revisions"}],"predecessor-version":[{"id":31512,"href":"https:\/\/www.idiv.de\/de\/wp-json\/wp\/v2\/posts\/12162\/revisions\/31512"}],"wp:attachment":[{"href":"https:\/\/www.idiv.de\/de\/wp-json\/wp\/v2\/media?parent=12162"}],"wp:term":[{"taxonomy":"category","embeddable":true,"href":"https:\/\/www.idiv.de\/de\/wp-json\/wp\/v2\/categories?post=12162"},{"taxonomy":"post_tag","embeddable":true,"href":"https:\/\/www.idiv.de\/de\/wp-json\/wp\/v2\/tags?post=12162"}],"curies":[{"name":"wp","href":"https:\/\/api.w.org\/{rel}","templated":true}]}}