{"id":12138,"date":"2020-10-29T00:00:00","date_gmt":"2020-10-28T23:00:00","guid":{"rendered":"https:\/\/idiv.caf-dev.de\/der-verlockende-duft-ser-frchte\/"},"modified":"2025-09-01T10:30:09","modified_gmt":"2025-09-01T09:30:09","slug":"der-verlockende-duft-ser-frchte","status":"publish","type":"post","link":"https:\/\/www.idiv.de\/de\/der-verlockende-duft-ser-frchte\/","title":{"rendered":"Der verlockende Duft s&uuml;&szlig;er Fr&uuml;chte"},"content":{"rendered":"<div class=\"herosection pb-24 pt-0 no-bg modulclass \" id=\"\">\n                    <div class=\"swiper1noslider  nooverflow swiper \" id=\"slide_69ef587baa309\">\n        \n                <div class=\"swiper-wrapper\">\n                                            <div class=\"swiper-slide  style_ \" aria-hidden=\"true\" >\n                            <div class=\"backstretchwrap\">\n                        \n                            <div datasrc=\"https:\/\/www.idiv.de\/wp-content\/uploads\/2024\/08\/pic_c53eb7bf3020201028153419.jpg\" class=\"backstretchimg responsiv desktop\"><\/div>\n\n                            <a href=\"#\" class=\"cr\"><svg  xmlns=\"http:\/\/www.w3.org\/2000\/svg\" width=\"22\" height=\"22\" viewBox=\"0 0 22 22\">\n                                    <rect id=\"BG\" width=\"22\" height=\"22\" rx=\"11\" fill=\"#fff\"\/>\n                                    <g id=\"Wrapper\" transform=\"translate(-1 -1)\">\n                                        <g id=\"Icon_material-copyright\" data-name=\"Icon material-copyright\">\n                                            <circle id=\"Ellipse_30\" data-name=\"Ellipse 30\" cx=\"8\" cy=\"8\" r=\"8\" transform=\"translate(4 4)\" fill=\"#fff\"\/>\n                                            <path id=\"Icon_material-copyright-2\" data-name=\"Icon material-copyright\" d=\"M9.464,10.088a2.045,2.045,0,0,1,.24-.7,1.4,1.4,0,0,1,.472-.5,1.42,1.42,0,0,1,.728-.184,1.45,1.45,0,0,1,.5.1,1.29,1.29,0,0,1,.416.288,1.54,1.54,0,0,1,.272.424,1.4,1.4,0,0,1,.112.512H13.64a2.864,2.864,0,0,0-.224-1.032,2.4,2.4,0,0,0-.56-.808,2.613,2.613,0,0,0-.864-.528,3.09,3.09,0,0,0-1.112-.184,3.127,3.127,0,0,0-1.36.272,2.751,2.751,0,0,0-.96.736,3.007,3.007,0,0,0-.568,1.088A4.685,4.685,0,0,0,7.8,10.9v.216a4.684,4.684,0,0,0,.184,1.312,2.908,2.908,0,0,0,.568,1.08,2.731,2.731,0,0,0,.96.728,3.246,3.246,0,0,0,1.36.272,3.051,3.051,0,0,0,1.056-.184,2.729,2.729,0,0,0,.864-.5,2.442,2.442,0,0,0,.592-.752,2.153,2.153,0,0,0,.24-.92H12.192a1.139,1.139,0,0,1-.12.464,1.177,1.177,0,0,1-.288.368,1.26,1.26,0,0,1-.416.24,1.589,1.589,0,0,1-.48.08,1.359,1.359,0,0,1-.712-.184,1.4,1.4,0,0,1-.472-.5,2.09,2.09,0,0,1-.24-.7,5.392,5.392,0,0,1-.064-.8V10.9a5.33,5.33,0,0,1,.064-.808ZM11,3a8,8,0,1,0,8,8A8,8,0,0,0,11,3Zm0,14.4A6.4,6.4,0,1,1,17.4,11,6.408,6.408,0,0,1,11,17.4Z\" transform=\"translate(1 1)\" fill=\"#4d4d4d\"\/>\n                                        <\/g>\n                                    <\/g>\n                                <\/svg>\n                                <span>Omer Nevo<\/span><\/a>                        \n                                                    <\/div>\n                                        <div class=\"sliderinhalt \" role=\"region\" aria-label=\"carousel\">\n\n                                            <h1 class=\"h1 tleft\" >Der verlockende Duft s&uuml;&szlig;er Fr&uuml;chte<\/h1>                                                    <p style=\"text-align: center;\">Neue iDiv-Forschungsgruppe untersucht Kommunikation zwischen Pflanzen und Tieren<\/p>\n                                                \n                                                                                                            <\/div>\n                                            <\/div>\n\n                        \n                 <\/div>\n\n                              <\/div>\n<\/div>\n\n<div class=\"textbildrepeater pb-24 pt-0 no-bg modulclass \" id=\"\">\n    <div class=\"container\">\n        <div class=\"row\">\n                                                                <div class=\"pb-24   mod_text  col-md-6 offset-md-0 pos_top\">\n                            <div class=\"textrepeater \" id=\"\">\n    <p>29.10.2020 | Evolutionary Ecology, iDiv, Media Release, TOP NEWS<\/p>\n<\/div>\n                            <\/div>\n                        <\/div>\n    <\/div>\n<\/div>\n\n<div class=\"textbildrepeater pb-24 pt-0 no-bg modulclass \" id=\"\">\n    <div class=\"container\">\n        <div class=\"row\">\n                                                                <div class=\"pb-24   mod_text  col-md-12 offset-md-0 pos_top\">\n                            <div class=\"textrepeater \" id=\"\">\n    <p><strong>Das Deutsche Zentrum f&uuml;r integrative Biodiversit&auml;tsforschung (iDiv) erweitert sein Portfolio um einen neuen Forschungsbereich. Ab November 2020 leitet der Biologe Dr. Omer Nevo die neue Nachwuchsgruppe &bdquo;Evolutions&ouml;kologie&ldquo; am iDiv und an der Friedrich-Schiller-Universit&auml;t Jena (FSU). Der 35-j&auml;hrige Wissenschaftler untersucht die chemische Kommunikation zwischen Pflanzen und Tieren &ndash; genauer gesagt, wie Pflanzen durch den Duft ihrer Fr&uuml;chte Tiere anlocken, die Frucht und Samen weitertragen und ausbreiten. Das Wissen &uuml;ber Signalwirkungen von Ger&uuml;chen soll auch zu neuen Ans&auml;tzen im Naturschutz verhelfen. Nevo und sein Team werden f&uuml;r sechs Jahre mit rund 1,3 Millionen Euro durch das Emmy-Noether-Programm der Deutschen Forschungsgemeinschaft (DFG) gef&ouml;rdert.<\/strong><\/p>\n<\/div>\n                            <\/div>\n                        <\/div>\n    <\/div>\n<\/div>\n\n<div class=\"textbildrepeater pb-24 pt-0 no-bg modulclass \" id=\"\">\n    <div class=\"container\">\n        <div class=\"row\">\n                                                                <div class=\"pb-24   mod_bild  col-md-5 offset-md-0 pos_top\">\n                            <div class=\"bildrepeater \" id=\"\">\n    <div class=\"relativ\"><img decoding=\"async\" class=\"responsiv desktop\" src=\"https:\/\/www.idiv.de\/wp-content\/uploads\/2024\/08\/pic_fd18967c4f20201029093606.jpg\" height=\"\" width=\"\" alt=\"idiv-\"\/><img decoding=\"async\" class=\"responsiv mobile\" src=\"https:\/\/www.idiv.de\/wp-content\/uploads\/2024\/08\/pic_fd18967c4f20201029093606.jpg\" height=\"\" width=\"\" alt=\"idiv-\"\/><a href=\"#\" class=\"cr\" role=\"button\">\n<svg  xmlns=\"http:\/\/www.w3.org\/2000\/svg\" width=\"22\" height=\"22\" viewBox=\"0 0 22 22\">\n    <rect id=\"BG\" width=\"22\" height=\"22\" rx=\"11\" fill=\"#fff\"\/>\n    <g id=\"Wrapper\" transform=\"translate(-1 -1)\">\n        <g id=\"Icon_material-copyright\" data-name=\"Icon material-copyright\">\n            <circle id=\"Ellipse_30\" data-name=\"Ellipse 30\" cx=\"8\" cy=\"8\" r=\"8\" transform=\"translate(4 4)\" fill=\"#fff\"\/>\n            <path id=\"Icon_material-copyright-2\" data-name=\"Icon material-copyright\" d=\"M9.464,10.088a2.045,2.045,0,0,1,.24-.7,1.4,1.4,0,0,1,.472-.5,1.42,1.42,0,0,1,.728-.184,1.45,1.45,0,0,1,.5.1,1.29,1.29,0,0,1,.416.288,1.54,1.54,0,0,1,.272.424,1.4,1.4,0,0,1,.112.512H13.64a2.864,2.864,0,0,0-.224-1.032,2.4,2.4,0,0,0-.56-.808,2.613,2.613,0,0,0-.864-.528,3.09,3.09,0,0,0-1.112-.184,3.127,3.127,0,0,0-1.36.272,2.751,2.751,0,0,0-.96.736,3.007,3.007,0,0,0-.568,1.088A4.685,4.685,0,0,0,7.8,10.9v.216a4.684,4.684,0,0,0,.184,1.312,2.908,2.908,0,0,0,.568,1.08,2.731,2.731,0,0,0,.96.728,3.246,3.246,0,0,0,1.36.272,3.051,3.051,0,0,0,1.056-.184,2.729,2.729,0,0,0,.864-.5,2.442,2.442,0,0,0,.592-.752,2.153,2.153,0,0,0,.24-.92H12.192a1.139,1.139,0,0,1-.12.464,1.177,1.177,0,0,1-.288.368,1.26,1.26,0,0,1-.416.24,1.589,1.589,0,0,1-.48.08,1.359,1.359,0,0,1-.712-.184,1.4,1.4,0,0,1-.472-.5,2.09,2.09,0,0,1-.24-.7,5.392,5.392,0,0,1-.064-.8V10.9a5.33,5.33,0,0,1,.064-.808ZM11,3a8,8,0,1,0,8,8A8,8,0,0,0,11,3Zm0,14.4A6.4,6.4,0,1,1,17.4,11,6.408,6.408,0,0,1,11,17.4Z\" transform=\"translate(1 1)\" fill=\"#4d4d4d\"\/>\n        <\/g>\n    <\/g>\n<\/svg>\n<span>Universit\u00e4t Ulm<\/span><\/a><\/div><p class=\"bu\">Dr. Omer Nevo<\/p><\/div>\n                            <\/div>\n                        <\/div>\n    <\/div>\n<\/div>\n\n<div class=\"textbildrepeater pb-24 pt-0 no-bg modulclass \" id=\"\">\n    <div class=\"container\">\n        <div class=\"row\">\n                                                                <div class=\"pb-24   mod_text  col-md-12 offset-md-0 pos_top\">\n                            <div class=\"textrepeater \" id=\"\">\n    <p>Der s\u00fc\u00dfe Duft von Feigen ist unwiderstehlich f\u00fcr die wilden Lemuren Madagaskars. Doch wie kam es dazu, dass der Geruch von Fr\u00fcchten bei den Tieren als Signal wirkt? Das ist die Hauptfrage der neuen Forschungsgruppe von Omer Nevo, die am 2. November bei iDiv startet. Um Antworten zu finden, kombinieren die Forscher chemische und genetische Ans\u00e4tze. Verhaltensexperimente mit Lemuren sollen dar\u00fcber hinaus zeigen, wie sich ihr Geruchssinn als Reaktion auf dieses Signal entwickelt haben k\u00f6nnte.<\/p>\n<p>\u201eDie Samenverbreitung und der \u00f6kologische Prozess dahinter sind der Klebstoff, der viele tropische Systeme zusammenh\u00e4lt\u201c, sagt Nevo. \u201eWenn diese Tier-Pflanzen-Interaktionen entfallen, k\u00f6nnen sich die W\u00e4lder nicht mehr erneuern, was langfristig zu einem R\u00fcckgang der tropischen Artenvielfalt f\u00fchren w\u00fcrde.\u201c<\/p>\n<p><strong><br \/>\n\u201eL\u00f6wenduft\u201c als Werkzeug f\u00fcr den Artenschutz<\/strong><\/p>\n<p>Nevo und seinem Team arbeiten aber auch an praktisch anwendbaren Instrumenten im Naturschutz. So erforscht ein Projekt in S\u00fcdafrika die chemische \u00d6kologie von Elefanten und nutzt die Ergebnisse, um neue Instrumente f\u00fcr den Naturschutz zu entwickeln. Durch den stetigen Verlust ihres Lebensraums fallen Elefanten immer h\u00e4ufiger in die Felder von Kleinbauern ein und verw\u00fcsten zum Teil ganze Ernten, was zu erheblichen Konflikten mit der Lokalbev\u00f6lkerung f\u00fchrt. Oft lassen die Elefanten dabei ihr Leben. Nevo und seine Kollegen haben Duftstoffe identifiziert, die als sichere und kosteng\u00fcnstige Abwehrmittel f\u00fcr Elefanten wirken. So k\u00f6nnten Konflikte zwischen Mensch und Elefant entsch\u00e4rft werden. Die Forscher konnten zeigen, dass synthetische Stoffe, die den Duft von L\u00f6wen imitieren, den gr\u00f6\u00dften Feinden der Elefanten, wirksame Mittel zur Vertreibung darstellen. Diese sollen in einem zweiten Schritt in die Anwendung gebracht werden.<\/p>\n<p>Bei iDiv arbeiten Wissenschaftler unterschiedlichster Hintergr\u00fcnde wie Biologie, Informatik, Psychologie, Sozialwissenschaften etc. zusammen mit dem Ziel, integrative Forschung zu betreiben. \u201eiDiv hat sich als eines der spannendsten Forschungszentren weltweit etabliert\u201c, sagt der Biologe Nevo. \u201eEs bietet eine wirklich einzigartige Konzentration von Spitzenforschern im Bereich der \u00d6kologie. Ich glaube, das wird meiner Forschung sehr zugute kommen.\u201c<\/p>\n<p><strong>iDiv bietet beste Kooperationsm\u00f6glichkeiten f\u00fcr produktive Forschung<\/strong><\/p>\n<p>Nevos Fachgebiet erg\u00e4nzt das iDiv-Forschungsportfolio und erm\u00f6glicht besondere Kooperationsm\u00f6glichkeiten. \u201eEine der produktivsten chemisch-\u00f6kologischen Gruppen weltweit \u2013 Prof. Nicole van Dams &#8218;Molecular Interaction Ecology&#8216;-Gruppe arbeitet bei iDiv\u201c, sagt Nevo. \u201eDar\u00fcber hinaus ist Dr. Renske Onsteins Nachwuchsgruppe &#8218;Evolution und Adaptation&#8216; eine der wenigen Forschungsgruppen weltweit, die sich wie ich mit der Evolution von Fr\u00fcchten befassen.\u201c<\/p>\n<p>Das Emmy-Noether-Programm der DFG, das Omer Nevo und sein Team f\u00fcr die kommenden sechs Jahre f\u00f6rdert, gibt besonders qualifizierten Nachwuchsforschern die Chance, sich durch die Leitung einer unabh\u00e4ngigen Nachwuchsgruppe f\u00fcr eine Professur an einer Universit\u00e4t zu qualifizieren. Nevo hat zuletzt an der Universit\u00e4t Ulm gearbeitet.<\/p>\n<\/div>\n                            <\/div>\n                        <\/div>\n    <\/div>\n<\/div>\n\n<div class=\"textbildrepeater pb-24 pt-0 no-bg modulclass \" id=\"\">\n    <div class=\"container\">\n        <div class=\"row\">\n                                                                <div class=\"pb-24   mod_text  col-md-12 offset-md-0 pos_top\">\n                            <div class=\"textrepeater \" id=\"\">\n    <h3>Ansprechpartner:<\/h3>\n<p><strong>Sebastian Tilch<\/strong><br \/>\nAbteilung Medien und Kommunikation<br \/>\nDeutsches Zentrum f\u00fcr integrative Biodiversit\u00e4tsforschung (iDiv) Halle-Jena-Leipzig<br \/>\nTel.: +49 341 97 33197<br \/>\nE-Mail: <a href=\"&#x6d;&#97;&#x69;&#x6c;&#116;&#x6f;&#x3a;&#115;&#x65;&#x62;&#97;&#x73;&#x74;i&#x61;&#x6e;&#46;&#x74;&#105;l&#x63;&#104;&#64;&#x69;&#100;i&#x76;&#46;d&#x65;\">&#115;&#x65;&#98;&#x61;&#115;&#x74;i&#x61;n&#x2e;t&#105;&#x6c;&#99;&#x68;&#64;&#x69;&#100;&#x69;v&#x2e;d&#x65;<\/a><\/p>\n<p><strong>Dr Omer Nevo<\/strong><br \/>\nNachwuchs-Forschungsgruppenleiter Evolutions\u00f6kologie<br \/>\nDeutsches Zentrum f\u00fcr integrative Biodiversit\u00e4tsforschung (iDiv) Halle-Jena-Leipzig<br \/>\nFriedrich-Schiller-Universit\u00e4t Jena (FSU)<br \/>\nTel.: +49 341 97 33279<br \/>\nE-Mail: <a href=\"&#x6d;&#x61;&#x69;&#x6c;&#x74;&#x6f;&#58;&#111;&#109;&#101;r&#46;ne&#x76;&#x6f;&#x40;&#x65;&#x76;&#x6f;&#108;&#117;&#116;&#105;&#111;nar&#x79;&#x2d;&#x65;&#x63;&#x6f;&#x6c;&#111;&#103;&#121;&#46;&#100;e\">om&#101;&#114;&#x2e;&#x6e;&#x65;&#x76;o&#64;&#101;&#118;&#x6f;&#x6c;&#x75;&#x74;io&#110;&#97;&#114;&#x79;&#x2d;&#x65;&#x63;ol&#111;&#103;&#x79;&#x2e;&#x64;&#x65;<\/a><\/p>\n<\/div>\n                            <\/div>\n                        <\/div>\n    <\/div>\n<\/div>\n\n<div class=\"textbildrepeater pb-24 pt-0 no-bg modulclass \" id=\"\">\n    <div class=\"container\">\n        <div class=\"row\">\n                                                                <div class=\"pb-24   mod_text  col-md-12 offset-md-0 pos_top\">\n                            <div class=\"textrepeater \" id=\"\">\n    <p><em>Hinweis f\u00fcr die Medien: Die von iDiv bereitgestellten Bilder d\u00fcrfen ausschlie\u00dflich f\u00fcr die Berichterstattung im Zusammenhang mit dieser Medienmitteilung und unter Angabe des\/der Urhebers\/in verwendet werden.<\/em><\/p>\n<\/div>\n                            <\/div>\n                        <\/div>\n    <\/div>\n<\/div>","protected":false},"excerpt":{"rendered":"<p>Das Deutsche Zentrum f&uuml;r integrative Biodiversit&auml;tsforschung (iDiv) erweitert sein Portfolio um einen neuen Forschungsbereich. Ab November 2020 leitet der Biologe Dr. Omer Nevo die neue Nachwuchsgruppe &bdquo;Evolutions&ouml;kologie&ldquo; am iDiv und an der Friedrich-Schiller-Universit&auml;t Jena (FSU). Der 35-j&auml;hrige Wissenschaftler untersucht die chemische Kommunikation zwischen Pflanzen und Tieren &ndash; genauer gesagt, wie Pflanzen durch den Duft ihrer Fr&uuml;chte Tiere anlocken, die Frucht und Samen weitertragen und ausbreiten. Das Wissen &uuml;ber Signalwirkungen von Ger&uuml;chen soll auch zu neuen Ans&auml;tzen im Naturschutz verhelfen. Nevo und sein Team werden f&uuml;r sechs Jahre mit rund 1,3 Millionen Euro durch das Emmy-Noether-Programm der Deutschen Forschungsgemeinschaft (DFG) gef&ouml;rdert.<\/p>\n","protected":false},"author":1,"featured_media":0,"comment_status":"closed","ping_status":"closed","sticky":false,"template":"","format":"standard","meta":{"_acf_changed":false,"advgb_blocks_editor_width":"","advgb_blocks_columns_visual_guide":"","footnotes":"","_links_to":"","_links_to_target":""},"categories":[59,29,30],"tags":[],"class_list":["post-12138","post","type-post","status-publish","format-standard","hentry","category-evolutionsoekologie","category-medienmitteilung","category-top-news-de-2"],"acf":{"thumb":6531,"thumbmobile":"","copyright":"Omer Nevo","breadcrumb":true},"yoast_head":"<!-- This site is optimized with the Yoast SEO plugin v27.4 - https:\/\/yoast.com\/product\/yoast-seo-wordpress\/ -->\n<title>Der verlockende Duft s&uuml;&szlig;er Fr&uuml;chte | iDiv<\/title>\n<meta name=\"robots\" content=\"index, follow, max-snippet:-1, max-image-preview:large, max-video-preview:-1\" \/>\n<link rel=\"canonical\" href=\"https:\/\/www.idiv.de\/de\/der-verlockende-duft-ser-frchte\/\" \/>\n<meta property=\"og:locale\" content=\"de_DE\" \/>\n<meta property=\"og:type\" content=\"article\" \/>\n<meta property=\"og:title\" content=\"Der verlockende Duft s&uuml;&szlig;er Fr&uuml;chte | iDiv\" \/>\n<meta property=\"og:description\" content=\"Das Deutsche Zentrum f&uuml;r integrative Biodiversit&auml;tsforschung (iDiv) erweitert sein Portfolio um einen neuen Forschungsbereich. Ab November 2020 leitet der Biologe Dr. Omer Nevo die neue Nachwuchsgruppe &bdquo;Evolutions&ouml;kologie&ldquo; am iDiv und an der Friedrich-Schiller-Universit&auml;t Jena (FSU). Der 35-j&auml;hrige Wissenschaftler untersucht die chemische Kommunikation zwischen Pflanzen und Tieren &ndash; genauer gesagt, wie Pflanzen durch den Duft ihrer Fr&uuml;chte Tiere anlocken, die Frucht und Samen weitertragen und ausbreiten. Das Wissen &uuml;ber Signalwirkungen von Ger&uuml;chen soll auch zu neuen Ans&auml;tzen im Naturschutz verhelfen. Nevo und sein Team werden f&uuml;r sechs Jahre mit rund 1,3 Millionen Euro durch das Emmy-Noether-Programm der Deutschen Forschungsgemeinschaft (DFG) gef&ouml;rdert.\" \/>\n<meta property=\"og:url\" content=\"https:\/\/www.idiv.de\/de\/der-verlockende-duft-ser-frchte\/\" \/>\n<meta property=\"og:site_name\" content=\"iDiv\" \/>\n<meta property=\"article:published_time\" content=\"2020-10-28T23:00:00+00:00\" \/>\n<meta property=\"article:modified_time\" content=\"2025-09-01T09:30:09+00:00\" \/>\n<meta property=\"og:image\" content=\"https:\/\/www.idiv.de\/wp-content\/uploads\/2024\/11\/iDivSocialMediaShare.jpg\" \/>\n\t<meta property=\"og:image:width\" content=\"1200\" \/>\n\t<meta property=\"og:image:height\" content=\"675\" \/>\n\t<meta property=\"og:image:type\" content=\"image\/jpeg\" \/>\n<meta name=\"author\" content=\"admin\" \/>\n<meta name=\"twitter:card\" content=\"summary_large_image\" \/>\n<meta name=\"twitter:creator\" content=\"@idiv\" \/>\n<meta name=\"twitter:site\" content=\"@idiv\" \/>\n<script type=\"application\/ld+json\" class=\"yoast-schema-graph\">{\"@context\":\"https:\\\/\\\/schema.org\",\"@graph\":[{\"@type\":\"Article\",\"@id\":\"https:\\\/\\\/www.idiv.de\\\/de\\\/der-verlockende-duft-ser-frchte\\\/#article\",\"isPartOf\":{\"@id\":\"https:\\\/\\\/www.idiv.de\\\/de\\\/der-verlockende-duft-ser-frchte\\\/\"},\"author\":{\"name\":\"admin\",\"@id\":\"https:\\\/\\\/www.idiv.de\\\/de\\\/#\\\/schema\\\/person\\\/14228c09f1919627a633555952e15fc0\"},\"headline\":\"Der verlockende Duft s&uuml;&szlig;er Fr&uuml;chte\",\"datePublished\":\"2020-10-28T23:00:00+00:00\",\"dateModified\":\"2025-09-01T09:30:09+00:00\",\"mainEntityOfPage\":{\"@id\":\"https:\\\/\\\/www.idiv.de\\\/de\\\/der-verlockende-duft-ser-frchte\\\/\"},\"wordCount\":10,\"publisher\":{\"@id\":\"https:\\\/\\\/www.idiv.de\\\/de\\\/#organization\"},\"articleSection\":[\"Evolutions\u00f6kologie\",\"Medienmitteilung\",\"TOP NEWS\"],\"inLanguage\":\"de\"},{\"@type\":\"WebPage\",\"@id\":\"https:\\\/\\\/www.idiv.de\\\/de\\\/der-verlockende-duft-ser-frchte\\\/\",\"url\":\"https:\\\/\\\/www.idiv.de\\\/de\\\/der-verlockende-duft-ser-frchte\\\/\",\"name\":\"Der verlockende Duft s&uuml;&szlig;er Fr&uuml;chte | iDiv\",\"isPartOf\":{\"@id\":\"https:\\\/\\\/www.idiv.de\\\/de\\\/#website\"},\"datePublished\":\"2020-10-28T23:00:00+00:00\",\"dateModified\":\"2025-09-01T09:30:09+00:00\",\"breadcrumb\":{\"@id\":\"https:\\\/\\\/www.idiv.de\\\/de\\\/der-verlockende-duft-ser-frchte\\\/#breadcrumb\"},\"inLanguage\":\"de\",\"potentialAction\":[{\"@type\":\"ReadAction\",\"target\":[\"https:\\\/\\\/www.idiv.de\\\/de\\\/der-verlockende-duft-ser-frchte\\\/\"]}]},{\"@type\":\"BreadcrumbList\",\"@id\":\"https:\\\/\\\/www.idiv.de\\\/de\\\/der-verlockende-duft-ser-frchte\\\/#breadcrumb\",\"itemListElement\":[{\"@type\":\"ListItem\",\"position\":1,\"name\":\"Startseite\",\"item\":\"https:\\\/\\\/www.idiv.de\\\/de\\\/\"},{\"@type\":\"ListItem\",\"position\":2,\"name\":\"Der verlockende Duft s&uuml;&szlig;er Fr&uuml;chte\"}]},{\"@type\":\"WebSite\",\"@id\":\"https:\\\/\\\/www.idiv.de\\\/de\\\/#website\",\"url\":\"https:\\\/\\\/www.idiv.de\\\/de\\\/\",\"name\":\"iDiv\",\"description\":\"Hotspot in Biodiversity Research\",\"publisher\":{\"@id\":\"https:\\\/\\\/www.idiv.de\\\/de\\\/#organization\"},\"potentialAction\":[{\"@type\":\"SearchAction\",\"target\":{\"@type\":\"EntryPoint\",\"urlTemplate\":\"https:\\\/\\\/www.idiv.de\\\/de\\\/?s={search_term_string}\"},\"query-input\":{\"@type\":\"PropertyValueSpecification\",\"valueRequired\":true,\"valueName\":\"search_term_string\"}}],\"inLanguage\":\"de\"},{\"@type\":\"Organization\",\"@id\":\"https:\\\/\\\/www.idiv.de\\\/de\\\/#organization\",\"name\":\"idiv\",\"url\":\"https:\\\/\\\/www.idiv.de\\\/de\\\/\",\"logo\":{\"@type\":\"ImageObject\",\"inLanguage\":\"de\",\"@id\":\"https:\\\/\\\/www.idiv.de\\\/de\\\/#\\\/schema\\\/logo\\\/image\\\/\",\"url\":\"https:\\\/\\\/www.idiv.de\\\/wp-content\\\/uploads\\\/2024\\\/08\\\/iDiv_Logo_long_v1_EN_black_4c.jpg\",\"contentUrl\":\"https:\\\/\\\/www.idiv.de\\\/wp-content\\\/uploads\\\/2024\\\/08\\\/iDiv_Logo_long_v1_EN_black_4c.jpg\",\"width\":2448,\"height\":674,\"caption\":\"idiv\"},\"image\":{\"@id\":\"https:\\\/\\\/www.idiv.de\\\/de\\\/#\\\/schema\\\/logo\\\/image\\\/\"},\"sameAs\":[\"https:\\\/\\\/x.com\\\/idiv\",\"https:\\\/\\\/www.linkedin.com\\\/company\\\/idiv-biodiversity\\\/\",\"https:\\\/\\\/www.youtube.com\\\/idiv-research\"]},{\"@type\":\"Person\",\"@id\":\"https:\\\/\\\/www.idiv.de\\\/de\\\/#\\\/schema\\\/person\\\/14228c09f1919627a633555952e15fc0\",\"name\":\"admin\",\"url\":\"https:\\\/\\\/www.idiv.de\\\/de\\\/author\\\/admin\\\/\"}]}<\/script>\n<!-- \/ Yoast SEO plugin. -->","yoast_head_json":{"title":"Der verlockende Duft s&uuml;&szlig;er Fr&uuml;chte | iDiv","robots":{"index":"index","follow":"follow","max-snippet":"max-snippet:-1","max-image-preview":"max-image-preview:large","max-video-preview":"max-video-preview:-1"},"canonical":"https:\/\/www.idiv.de\/de\/der-verlockende-duft-ser-frchte\/","og_locale":"de_DE","og_type":"article","og_title":"Der verlockende Duft s&uuml;&szlig;er Fr&uuml;chte | iDiv","og_description":"Das Deutsche Zentrum f&uuml;r integrative Biodiversit&auml;tsforschung (iDiv) erweitert sein Portfolio um einen neuen Forschungsbereich. Ab November 2020 leitet der Biologe Dr. Omer Nevo die neue Nachwuchsgruppe &bdquo;Evolutions&ouml;kologie&ldquo; am iDiv und an der Friedrich-Schiller-Universit&auml;t Jena (FSU). Der 35-j&auml;hrige Wissenschaftler untersucht die chemische Kommunikation zwischen Pflanzen und Tieren &ndash; genauer gesagt, wie Pflanzen durch den Duft ihrer Fr&uuml;chte Tiere anlocken, die Frucht und Samen weitertragen und ausbreiten. Das Wissen &uuml;ber Signalwirkungen von Ger&uuml;chen soll auch zu neuen Ans&auml;tzen im Naturschutz verhelfen. Nevo und sein Team werden f&uuml;r sechs Jahre mit rund 1,3 Millionen Euro durch das Emmy-Noether-Programm der Deutschen Forschungsgemeinschaft (DFG) gef&ouml;rdert.","og_url":"https:\/\/www.idiv.de\/de\/der-verlockende-duft-ser-frchte\/","og_site_name":"iDiv","article_published_time":"2020-10-28T23:00:00+00:00","article_modified_time":"2025-09-01T09:30:09+00:00","og_image":[{"width":1200,"height":675,"url":"https:\/\/www.idiv.de\/wp-content\/uploads\/2024\/11\/iDivSocialMediaShare.jpg","type":"image\/jpeg"}],"author":"admin","twitter_card":"summary_large_image","twitter_creator":"@idiv","twitter_site":"@idiv","schema":{"@context":"https:\/\/schema.org","@graph":[{"@type":"Article","@id":"https:\/\/www.idiv.de\/de\/der-verlockende-duft-ser-frchte\/#article","isPartOf":{"@id":"https:\/\/www.idiv.de\/de\/der-verlockende-duft-ser-frchte\/"},"author":{"name":"admin","@id":"https:\/\/www.idiv.de\/de\/#\/schema\/person\/14228c09f1919627a633555952e15fc0"},"headline":"Der verlockende Duft s&uuml;&szlig;er Fr&uuml;chte","datePublished":"2020-10-28T23:00:00+00:00","dateModified":"2025-09-01T09:30:09+00:00","mainEntityOfPage":{"@id":"https:\/\/www.idiv.de\/de\/der-verlockende-duft-ser-frchte\/"},"wordCount":10,"publisher":{"@id":"https:\/\/www.idiv.de\/de\/#organization"},"articleSection":["Evolutions\u00f6kologie","Medienmitteilung","TOP NEWS"],"inLanguage":"de"},{"@type":"WebPage","@id":"https:\/\/www.idiv.de\/de\/der-verlockende-duft-ser-frchte\/","url":"https:\/\/www.idiv.de\/de\/der-verlockende-duft-ser-frchte\/","name":"Der verlockende Duft s&uuml;&szlig;er Fr&uuml;chte | iDiv","isPartOf":{"@id":"https:\/\/www.idiv.de\/de\/#website"},"datePublished":"2020-10-28T23:00:00+00:00","dateModified":"2025-09-01T09:30:09+00:00","breadcrumb":{"@id":"https:\/\/www.idiv.de\/de\/der-verlockende-duft-ser-frchte\/#breadcrumb"},"inLanguage":"de","potentialAction":[{"@type":"ReadAction","target":["https:\/\/www.idiv.de\/de\/der-verlockende-duft-ser-frchte\/"]}]},{"@type":"BreadcrumbList","@id":"https:\/\/www.idiv.de\/de\/der-verlockende-duft-ser-frchte\/#breadcrumb","itemListElement":[{"@type":"ListItem","position":1,"name":"Startseite","item":"https:\/\/www.idiv.de\/de\/"},{"@type":"ListItem","position":2,"name":"Der verlockende Duft s&uuml;&szlig;er Fr&uuml;chte"}]},{"@type":"WebSite","@id":"https:\/\/www.idiv.de\/de\/#website","url":"https:\/\/www.idiv.de\/de\/","name":"iDiv","description":"Hotspot in Biodiversity Research","publisher":{"@id":"https:\/\/www.idiv.de\/de\/#organization"},"potentialAction":[{"@type":"SearchAction","target":{"@type":"EntryPoint","urlTemplate":"https:\/\/www.idiv.de\/de\/?s={search_term_string}"},"query-input":{"@type":"PropertyValueSpecification","valueRequired":true,"valueName":"search_term_string"}}],"inLanguage":"de"},{"@type":"Organization","@id":"https:\/\/www.idiv.de\/de\/#organization","name":"idiv","url":"https:\/\/www.idiv.de\/de\/","logo":{"@type":"ImageObject","inLanguage":"de","@id":"https:\/\/www.idiv.de\/de\/#\/schema\/logo\/image\/","url":"https:\/\/www.idiv.de\/wp-content\/uploads\/2024\/08\/iDiv_Logo_long_v1_EN_black_4c.jpg","contentUrl":"https:\/\/www.idiv.de\/wp-content\/uploads\/2024\/08\/iDiv_Logo_long_v1_EN_black_4c.jpg","width":2448,"height":674,"caption":"idiv"},"image":{"@id":"https:\/\/www.idiv.de\/de\/#\/schema\/logo\/image\/"},"sameAs":["https:\/\/x.com\/idiv","https:\/\/www.linkedin.com\/company\/idiv-biodiversity\/","https:\/\/www.youtube.com\/idiv-research"]},{"@type":"Person","@id":"https:\/\/www.idiv.de\/de\/#\/schema\/person\/14228c09f1919627a633555952e15fc0","name":"admin","url":"https:\/\/www.idiv.de\/de\/author\/admin\/"}]}},"author_meta":{"display_name":"admin","author_link":"https:\/\/www.idiv.de\/de\/author\/admin\/"},"featured_img":null,"coauthors":[],"tax_additional":{"categories":{"linked":["<a href=\"https:\/\/www.idiv.de\/de\/kategorie\/forschung\/evolutionsoekologie\/\" class=\"advgb-post-tax-term\">Evolutions\u00f6kologie<\/a>","<a href=\"https:\/\/www.idiv.de\/de\/kategorie\/medienmitteilung\/\" class=\"advgb-post-tax-term\">Medienmitteilung<\/a>","<a href=\"https:\/\/www.idiv.de\/de\/kategorie\/top-news-de-2\/\" class=\"advgb-post-tax-term\">TOP NEWS<\/a>"],"unlinked":["<span class=\"advgb-post-tax-term\">Evolutions\u00f6kologie<\/span>","<span class=\"advgb-post-tax-term\">Medienmitteilung<\/span>","<span class=\"advgb-post-tax-term\">TOP NEWS<\/span>"]}},"comment_count":0,"relative_dates":{"created":"Ver\u00f6ffentlicht 5\u00a0Jahren vor","modified":"Aktualisiert 8\u00a0Monaten vor"},"absolute_dates":{"created":"Ver\u00f6ffentlicht am 29. Oktober 2020","modified":"Aktualisiert am 1. September 2025"},"absolute_dates_time":{"created":"Ver\u00f6ffentlicht am 29. Oktober 2020 0:00","modified":"Aktualisiert am 1. September 2025 10:30"},"featured_img_caption":"","series_order":"","_links":{"self":[{"href":"https:\/\/www.idiv.de\/de\/wp-json\/wp\/v2\/posts\/12138","targetHints":{"allow":["GET"]}}],"collection":[{"href":"https:\/\/www.idiv.de\/de\/wp-json\/wp\/v2\/posts"}],"about":[{"href":"https:\/\/www.idiv.de\/de\/wp-json\/wp\/v2\/types\/post"}],"author":[{"embeddable":true,"href":"https:\/\/www.idiv.de\/de\/wp-json\/wp\/v2\/users\/1"}],"replies":[{"embeddable":true,"href":"https:\/\/www.idiv.de\/de\/wp-json\/wp\/v2\/comments?post=12138"}],"version-history":[{"count":2,"href":"https:\/\/www.idiv.de\/de\/wp-json\/wp\/v2\/posts\/12138\/revisions"}],"predecessor-version":[{"id":34727,"href":"https:\/\/www.idiv.de\/de\/wp-json\/wp\/v2\/posts\/12138\/revisions\/34727"}],"wp:attachment":[{"href":"https:\/\/www.idiv.de\/de\/wp-json\/wp\/v2\/media?parent=12138"}],"wp:term":[{"taxonomy":"category","embeddable":true,"href":"https:\/\/www.idiv.de\/de\/wp-json\/wp\/v2\/categories?post=12138"},{"taxonomy":"post_tag","embeddable":true,"href":"https:\/\/www.idiv.de\/de\/wp-json\/wp\/v2\/tags?post=12138"}],"curies":[{"name":"wp","href":"https:\/\/api.w.org\/{rel}","templated":true}]}}