{"id":12134,"date":"2020-10-28T00:00:00","date_gmt":"2020-10-27T23:00:00","guid":{"rendered":"https:\/\/idiv.caf-dev.de\/studie-klimawandel-verursacht-artensterben-im-schwarzwald\/"},"modified":"2024-11-06T09:21:51","modified_gmt":"2024-11-06T08:21:51","slug":"studie-klimawandel-verursacht-artensterben-im-schwarzwald","status":"publish","type":"post","link":"https:\/\/www.idiv.de\/de\/studie-klimawandel-verursacht-artensterben-im-schwarzwald\/","title":{"rendered":"Studie: Klimawandel verursacht Artensterben im Schwarzwald&nbsp;"},"content":{"rendered":"\n        <div class=\"herosection pb-24 pt-0 no-bg modulclass \" id=\"\">\n                    <div class=\"swiper1noslider  nooverflow swiper \" id=\"slide_69f5e78134618\">\n        \n                <div class=\"swiper-wrapper\">\n                                            <div class=\"swiper-slide  style_ \" aria-hidden=\"true\" >\n                            <div class=\"backstretchwrap\">\n                        \n                            <div datasrc=\"https:\/\/www.idiv.de\/wp-content\/uploads\/2024\/08\/pic_5f49c0824f20201029091318.jpg\" class=\"backstretchimg responsiv desktop\"><\/div>\n\n                            <a href=\"#\" class=\"cr\"><svg  xmlns=\"http:\/\/www.w3.org\/2000\/svg\" width=\"22\" height=\"22\" viewBox=\"0 0 22 22\">\n                                    <rect id=\"BG\" width=\"22\" height=\"22\" rx=\"11\" fill=\"#fff\"\/>\n                                    <g id=\"Wrapper\" transform=\"translate(-1 -1)\">\n                                        <g id=\"Icon_material-copyright\" data-name=\"Icon material-copyright\">\n                                            <circle id=\"Ellipse_30\" data-name=\"Ellipse 30\" cx=\"8\" cy=\"8\" r=\"8\" transform=\"translate(4 4)\" fill=\"#fff\"\/>\n                                            <path id=\"Icon_material-copyright-2\" data-name=\"Icon material-copyright\" d=\"M9.464,10.088a2.045,2.045,0,0,1,.24-.7,1.4,1.4,0,0,1,.472-.5,1.42,1.42,0,0,1,.728-.184,1.45,1.45,0,0,1,.5.1,1.29,1.29,0,0,1,.416.288,1.54,1.54,0,0,1,.272.424,1.4,1.4,0,0,1,.112.512H13.64a2.864,2.864,0,0,0-.224-1.032,2.4,2.4,0,0,0-.56-.808,2.613,2.613,0,0,0-.864-.528,3.09,3.09,0,0,0-1.112-.184,3.127,3.127,0,0,0-1.36.272,2.751,2.751,0,0,0-.96.736,3.007,3.007,0,0,0-.568,1.088A4.685,4.685,0,0,0,7.8,10.9v.216a4.684,4.684,0,0,0,.184,1.312,2.908,2.908,0,0,0,.568,1.08,2.731,2.731,0,0,0,.96.728,3.246,3.246,0,0,0,1.36.272,3.051,3.051,0,0,0,1.056-.184,2.729,2.729,0,0,0,.864-.5,2.442,2.442,0,0,0,.592-.752,2.153,2.153,0,0,0,.24-.92H12.192a1.139,1.139,0,0,1-.12.464,1.177,1.177,0,0,1-.288.368,1.26,1.26,0,0,1-.416.24,1.589,1.589,0,0,1-.48.08,1.359,1.359,0,0,1-.712-.184,1.4,1.4,0,0,1-.472-.5,2.09,2.09,0,0,1-.24-.7,5.392,5.392,0,0,1-.064-.8V10.9a5.33,5.33,0,0,1,.064-.808ZM11,3a8,8,0,1,0,8,8A8,8,0,0,0,11,3Zm0,14.4A6.4,6.4,0,1,1,17.4,11,6.408,6.408,0,0,1,11,17.4Z\" transform=\"translate(1 1)\" fill=\"#4d4d4d\"\/>\n                                        <\/g>\n                                    <\/g>\n                                <\/svg>\n                                <span>Thomas Sperle<\/span><\/a>                        \n                                                    <\/div>\n                                        <div class=\"sliderinhalt \" role=\"region\" aria-label=\"carousel\">\n\n                                            <h1 class=\"h1 align-center\" >Studie: Klimawandel verursacht Artensterben im Schwarzwald&nbsp;<\/h1>                                                    <p style='text-align: center;'>Durch steigende Temperaturen und l\u00e4ngere Trockenperioden sind bereits zwei Pflanzenarten ausgestorben.<\/p>\n<p style='text-align: center;'>Hirschb&auml;der Moor, ein Moorkomplex aus lebendem Hochmoor mit rotem Torfmoos, stagnierendem Hochmoor und eingestreuten offenen Wasserfl&auml;chen, den sogenannten Schlenken.<br \/>&nbsp;<\/p>\n                                                \n                                                                                                            <\/div>\n                                            <\/div>\n\n                        \n                 <\/div>\n\n                              <\/div>\n<\/div>\n       <div class=\"textbildrepeater pb-24 pt-0 no-bg modulclass \" id=\"\">\n    <div class=\"container\">\n        <div class=\"row\">\n                                                                <div class=\"pb-24   mod_text  col-md-6 offset-md-0 pos_top\">\n                            <div class=\"textrepeater \" id=\"\">\n    <p>28.10.2020 | iDiv Members, Media Release, sDiv, TOP NEWS<\/p>\n<\/div>\n                            <\/div>\n                        <\/div>\n    <\/div>\n<\/div><div class=\"textbildrepeater pb-24 pt-0 no-bg modulclass \" id=\"\">\n    <div class=\"container\">\n        <div class=\"row\">\n                                                                <div class=\"pb-24   mod_text  col-md-12 offset-md-0 pos_top\">\n                            <div class=\"textrepeater \" id=\"\">\n    <p><strong>Basiert auf einer Medienmitteilung der Martin-Luther-Universit&auml;t Halle-Wittenberg (MLU)<\/strong><\/p>\n<p><strong>Schon heute hinterl&auml;sst der Klimawandel in den Mooren im Schwarzwald seine Spuren. Durch steigende Temperaturen und l&auml;ngere Trockenperioden sind dort in den vergangenen 40 Jahren bereits zwei typische Pflanzenarten ausgestorben. Gleichzeitig ging der Bestand vieler weiterer Arten um ein Drittel zur&uuml;ck. Zehn weitere typische Moorarten k&ouml;nnten in den n&auml;chsten Jahren aussterben, schreiben Forscher der Martin-Luther-Universit&auml;t Halle-Wittenberg (MLU) und des Deutschen Zentrums f&uuml;r integrative Biodiversit&auml;tsforschung (iDiv) Halle-Jena-Leipzig im Fachmagazin Diversity and Distributions.<\/strong><\/p>\n<\/div>\n                            <\/div>\n                        <\/div>\n    <\/div>\n<\/div><div class=\"textbildrepeater pb-24 pt-0 no-bg modulclass \" id=\"\">\n    <div class=\"container\">\n        <div class=\"row\">\n                                                                <div class=\"pb-24   mod_text  col-md-12 offset-md-0 pos_top\">\n                            <div class=\"textrepeater \" id=\"\">\n    <p>Gesunde Regen-, Quell- oder Hochmoore gibt es in Deutschland nur noch wenige. Sie nahmen fr&uuml;her gro&szlig;e Fl&auml;chen Nordwest-Deutschlands ein und finden sich heute noch im Alpenvorland und in den Mittelgebirgen, zum Beispiel im Schwarzwald. Dabei handelt es sich um sehr empfindliche &Ouml;kosysteme, die besonders abh&auml;ngig von bestimmten klimatischen Bedingungen sind. &bdquo;Hoch- und Quellmoore sind Seismographen f&uuml;r den Klimawandel. Sie reagieren besonders empfindlich auf kleinere Ver&auml;nderungen bei Niederschlag und Temperatur&ldquo;, sagt der Geobotaniker Prof. Dr. Helge Bruelheide von der MLU und am iDiv. Gleichzeitig weisen Moore einen sehr hohen Anteil von bedrohten Tier- und Pflanzenarten auf.<\/p>\n<p>Gemeinsam mit dem Biologen und Moorexperten Thomas Sperle untersuchte Bruelheide die Entwicklung der Artenvielfalt in Mooren im S&uuml;dschwarzwald. Hierf&uuml;r griffen die beiden zum einen auf Daten zur Vegetation in 124 kompletten Mooren aus den 1970er Jahren zur&uuml;ck, zum anderen f&uuml;hrte Sperle &uuml;ber vier Jahre hinweg eine vollst&auml;ndige Neuerfassung fast aller Gebiete durch. &bdquo;Es ist extrem zeitaufw&auml;ndig, das Aussterben einer Art f&uuml;r ein ganzes Moor nachzuweisen. Ich musste die kompletten Fl&auml;chen genau absuchen, um nicht einzelne Individuen zu &uuml;bersehen&ldquo;, sagt Sperle. Anhand dieser Daten erstellte Bruelheide anschlie&szlig;end eine Analyse f&uuml;r die 88 Pflanzenarten.. Zwei Arten sind bereits ausgestorben, f&uuml;r 37 weitere lie&szlig; sich ein R&uuml;ckgang um etwa ein Drittel im Vergleich zu den 1970er Jahren beobachten. Davon sind vor allem sogenannte Spezialisten betroffen, die besonders stark an die klimatischen Bedingungen angepasst sind und die den Gro&szlig;teil der Biodiversit&auml;t in Deutschland ausmachen. Allerdings gab es auch 46 sogenannte Generalisten, die mit den Ver&auml;nderungen besser zurechtkamen und deren Bestand sich mit der Zeit vergr&ouml;&szlig;erte.<\/p>\n<p>Die Forscher kontrollierten auch, ob ihre Beobachtungen durch andere Faktoren erkl&auml;rt werden konnten, etwa die Gr&ouml;&szlig;e der Moore, die Entfernung von einem Moor zum n&auml;chsten und ob anliegende Fl&auml;chen landwirtschaftlich genutzt wurden. Kein Faktor konnte jedoch die Daten so gut erkl&auml;ren wie der Klimawandel. &bdquo;Unsere Analysen zeigen eindeutig&#58; Die Arten gehen dort zur&uuml;ck und sterben dort aus, wo es im Sommer l&auml;nger trockener und w&auml;rmer ist. Das ist ein erster Beleg daf&uuml;r, dass der Klimawandel bereits in unseren Breiten angekommen ist&ldquo;, fasst Bruelheide zusammen. &bdquo;Im Schwarzwald wird es merklich trockener und hei&szlig;er, weshalb wir diesen Wandel dort als erstes beobachten k&ouml;nnen. Vermutlich passiert dasselbe zurzeit auch in anderen Mittelgebirgen wie im Harz. Insofern kann unsere Studie als Beispiel f&uuml;r andere Regionen Deutschlands, aber auch andere Habitate und Artengruppen dienen.&ldquo;<\/p>\n<p>In ihrer Studie gehen die Biologen davon aus, dass bei gleichbleibenden Verh&auml;ltnissen bis 2045 zehn weitere Moor-Spezialisten verschwinden werden. Das sei ein alarmierendes Zeichen, da es keine M&ouml;glichkeiten gebe, dem Artensterben in Hoch- und Quellmooren gezielt entgegenzusteuern, so Bruelheide&#58; &bdquo;Fehlender Regen l&auml;sst sich nicht ohne Weiteres ersetzen.&ldquo;<\/p>\n<p>Die neue Studie geht zur&uuml;ck auf die Arbeit des iDiv-Projekts &bdquo;sMon &ndash; Biodiversit&auml;tstrends in Deutschland&ldquo;. Im Rahmen dieser Initiative werden deutschlandweit belastbare Daten zur Entwicklung der Artenvielfalt zusammengestellt und analysiert. Hierf&uuml;r kooperieren Forscherinnen und Forscher mit &ouml;ffentlichen Einrichtungen sowie mit zahlreichen Natursch&uuml;tzerinnen und -sch&uuml;tzern.<\/p>\n<p>&nbsp;<\/p>\n<p><strong>Originalpublikation<\/strong><br \/>(Wissenschaftler mit iDiv-Affiliation fett)<\/p>\n<p>Sperle T., <strong>Bruelheide H. <\/strong>(2020)<strong>&#58;<\/strong> Climate change aggravates bog species extinctions in the Black Forest (Germany). Diversity and Distributions. <a href=https&#58;\/\/onlinelibrary.wiley.com\/doi\/full\/10.1111\/ddi.13184>Doi&#58; DOI&#58;10.1111\/ddi.13184<\/a><\/p>\n<\/div>\n                            <\/div>\n                        <\/div>\n    <\/div>\n<\/div><div class=\"textbildrepeater pb-24 pt-0 no-bg modulclass \" id=\"\">\n    <div class=\"container\">\n        <div class=\"row\">\n                                                                <div class=\"pb-24   mod_text  col-md-12 offset-md-0 pos_top\">\n                            <div class=\"textrepeater \" id=\"\">\n    <h3>Ansprechpartner&#58;<\/h3>\n<p><strong>Sebastian Tilch<\/strong><br \/>Abteilung Medien und Kommunikation<br \/> Deutsches Zentrum f\u00fcr integrative Biodiversit\u00e4tsforschung (iDiv) Halle-Jena-Leipzig<br \/>Tel.&#58; +49 341 97 33197<br \/>E-Mail&#58; <a href='mailto&#58;&#x73;&#x65;&#98;&#97;st&#x69;&#x61;&#x6e;&#46;ti&#x6c;&#x63;&#x68;&#64;&#105;d&#x69;&#x76;&#x2e;&#100;&#101;'>&#x73;e&#x62;&#97;&#x73;&#x74;i&#x61;&#110;&#x2e;&#x74;i&#x6c;&#99;&#x68;&#x40;i&#x64;&#105;&#x76;&#x2e;d&#x65;<\/a><br \/>Web&#58; <a href='https&#58;\/\/www.idiv.de\/medien'>https&#58;\/\/www.idiv.de\/medien<\/a><\/p>\n<p><strong>Prof. Helge Bruelheide<\/strong><br \/>Professor f\u00fcr Geobotanik<br \/> Institut f\u00fcr Biologie<br \/> Martin-Luther-Universit\u00e4t Halle-Wittenberg<br \/> Stellvertretender Direktor des<br \/> Deutschen Zentrums f\u00fcr integrative Biodiversit\u00e4tsforschung (iDiv) Halle-Jena-Leipzig<br \/>Tel.&#58; +49-345 5526222<br \/>E-Mail&#58; <a href='mailto&#58;&#104;&#x65;l&#103;&#x65;&#46;&#x62;r&#117;&#x65;l&#x68;&#x65;&#105;&#x64;e&#64;&#x62;o&#x74;&#x61;&#110;&#x69;k&#46;&#x75;&#110;&#x69;-&#104;&#x61;l&#108;&#x65;&#46;&#x64;e'>&#x68;&#101;l&#x67;&#x65;&#46;b&#x72;&#117;e&#x6c;&#x68;&#101;i&#x64;&#101;&#64;&#x62;&#x6f;&#116;a&#x6e;&#x69;&#107;&#x2e;&#x75;&#110;i&#x2d;&#x68;&#97;l&#x6c;&#101;&#46;&#x64;&#x65;<\/a><br \/>Web&#58; <a href='http&#58;\/\/www.botanik.uni-halle.de\/geobotanik\/helge_bruelheide\/?lang=de'>http&#58;\/\/www.botanik.uni-halle.de\/geobotanik\/helge_bruelheide\/?lang=de<\/a><\/p>\n<\/div>\n                            <\/div>\n                        <\/div>\n    <\/div>\n<\/div><div class=\"textbildrepeater pb-24 pt-0 no-bg modulclass \" id=\"\">\n    <div class=\"container\">\n        <div class=\"row\">\n                                                                <div class=\"pb-24   mod_text  col-md-12 offset-md-0 pos_top\">\n                            <div class=\"textrepeater \" id=\"\">\n    <p><em>Hinweis f\u00fcr die Medien: Die von iDiv bereitgestellten Bilder d\u00fcrfen ausschlie\u00dflich f\u00fcr die Berichterstattung im Zusammenhang mit dieser Medienmitteilung und unter Angabe des\/der Urhebers\/in verwendet werden.<\/em><\/p>\n<\/div>\n                            <\/div>\n                        <\/div>\n    <\/div>\n<\/div>","protected":false},"excerpt":{"rendered":"<p>Basiert auf einer Medienmitteilung der Martin-Luther-Universit&auml;t Halle-Wittenberg (MLU)<br \/>\nSchon heute hinterl&auml;sst der Klimawandel in den Mooren im Schwarzwald seine Spuren. Durch steigende Temperaturen und l&auml;ngere Trockenperioden sind dort in den vergangenen 40 Jahren bereits zwei typische Pflanzenarten ausgestorben. Gleichzeitig ging der Bestand vieler weiterer Arten um ein Drittel zur&uuml;ck. Zehn weitere typische Moorarten k&ouml;nnten in den n&auml;chsten Jahren aussterben, schreiben Forscher der Martin-Luther-Universit&auml;t Halle-Wittenberg (MLU) und des Deutschen Zentrums f&uuml;r integrative Biodiversit&auml;tsforschung (iDiv) Halle-Jena-Leipzig im Fachmagazin Diversity and Distributions.<\/p>\n","protected":false},"author":1,"featured_media":0,"comment_status":"open","ping_status":"open","sticky":false,"template":"","format":"standard","meta":{"_acf_changed":false,"advgb_blocks_editor_width":"","advgb_blocks_columns_visual_guide":"","footnotes":"","_links_to":"","_links_to_target":""},"categories":[39,29,40,30],"tags":[],"class_list":["post-12134","post","type-post","status-publish","format-standard","hentry","category-idiv-mitglieder","category-medienmitteilung","category-sdiv-de","category-top-news-de-2"],"acf":{"thumb":6527,"thumbmobile":null,"copyright":"Thomas Sperle","breadcrumb":true},"yoast_head":"<!-- This site is optimized with the Yoast SEO plugin v27.5 - https:\/\/yoast.com\/product\/yoast-seo-wordpress\/ -->\n<title>Studie: Klimawandel verursacht Artensterben im Schwarzwald&nbsp;| iDiv<\/title>\n<meta name=\"robots\" content=\"index, follow, max-snippet:-1, max-image-preview:large, max-video-preview:-1\" \/>\n<link rel=\"canonical\" href=\"https:\/\/www.idiv.de\/de\/studie-klimawandel-verursacht-artensterben-im-schwarzwald\/\" \/>\n<meta property=\"og:locale\" content=\"de_DE\" \/>\n<meta property=\"og:type\" content=\"article\" \/>\n<meta property=\"og:title\" content=\"Studie: Klimawandel verursacht Artensterben im Schwarzwald&nbsp;| iDiv\" \/>\n<meta property=\"og:description\" content=\"Basiert auf einer Medienmitteilung der Martin-Luther-Universit&auml;t Halle-Wittenberg (MLU) Schon heute hinterl&auml;sst der Klimawandel in den Mooren im Schwarzwald seine Spuren. Durch steigende Temperaturen und l&auml;ngere Trockenperioden sind dort in den vergangenen 40 Jahren bereits zwei typische Pflanzenarten ausgestorben. Gleichzeitig ging der Bestand vieler weiterer Arten um ein Drittel zur&uuml;ck. Zehn weitere typische Moorarten k&ouml;nnten in den n&auml;chsten Jahren aussterben, schreiben Forscher der Martin-Luther-Universit&auml;t Halle-Wittenberg (MLU) und des Deutschen Zentrums f&uuml;r integrative Biodiversit&auml;tsforschung (iDiv) Halle-Jena-Leipzig im Fachmagazin Diversity and Distributions.\" \/>\n<meta property=\"og:url\" content=\"https:\/\/www.idiv.de\/de\/studie-klimawandel-verursacht-artensterben-im-schwarzwald\/\" \/>\n<meta property=\"og:site_name\" content=\"iDiv\" \/>\n<meta property=\"article:published_time\" content=\"2020-10-27T23:00:00+00:00\" \/>\n<meta property=\"article:modified_time\" content=\"2024-11-06T08:21:51+00:00\" \/>\n<meta property=\"og:image\" content=\"https:\/\/www.idiv.de\/wp-content\/uploads\/2024\/11\/iDivSocialMediaShare.jpg\" \/>\n\t<meta property=\"og:image:width\" content=\"1200\" \/>\n\t<meta property=\"og:image:height\" content=\"675\" \/>\n\t<meta property=\"og:image:type\" content=\"image\/jpeg\" \/>\n<meta name=\"author\" content=\"admin\" \/>\n<meta name=\"twitter:card\" content=\"summary_large_image\" \/>\n<meta name=\"twitter:creator\" content=\"@idiv\" \/>\n<meta name=\"twitter:site\" content=\"@idiv\" \/>\n<script type=\"application\/ld+json\" class=\"yoast-schema-graph\">{\"@context\":\"https:\\\/\\\/schema.org\",\"@graph\":[{\"@type\":\"Article\",\"@id\":\"https:\\\/\\\/www.idiv.de\\\/de\\\/studie-klimawandel-verursacht-artensterben-im-schwarzwald\\\/#article\",\"isPartOf\":{\"@id\":\"https:\\\/\\\/www.idiv.de\\\/de\\\/studie-klimawandel-verursacht-artensterben-im-schwarzwald\\\/\"},\"author\":{\"name\":\"admin\",\"@id\":\"https:\\\/\\\/www.idiv.de\\\/de\\\/#\\\/schema\\\/person\\\/14228c09f1919627a633555952e15fc0\"},\"headline\":\"Studie: Klimawandel verursacht Artensterben im Schwarzwald&nbsp;\",\"datePublished\":\"2020-10-27T23:00:00+00:00\",\"dateModified\":\"2024-11-06T08:21:51+00:00\",\"mainEntityOfPage\":{\"@id\":\"https:\\\/\\\/www.idiv.de\\\/de\\\/studie-klimawandel-verursacht-artensterben-im-schwarzwald\\\/\"},\"wordCount\":7,\"commentCount\":0,\"publisher\":{\"@id\":\"https:\\\/\\\/www.idiv.de\\\/de\\\/#organization\"},\"articleSection\":[\"iDiv-Mitglieder\",\"Medienmitteilung\",\"sDiv\",\"TOP NEWS\"],\"inLanguage\":\"de\"},{\"@type\":\"WebPage\",\"@id\":\"https:\\\/\\\/www.idiv.de\\\/de\\\/studie-klimawandel-verursacht-artensterben-im-schwarzwald\\\/\",\"url\":\"https:\\\/\\\/www.idiv.de\\\/de\\\/studie-klimawandel-verursacht-artensterben-im-schwarzwald\\\/\",\"name\":\"Studie: Klimawandel verursacht Artensterben im Schwarzwald&nbsp;| iDiv\",\"isPartOf\":{\"@id\":\"https:\\\/\\\/www.idiv.de\\\/de\\\/#website\"},\"datePublished\":\"2020-10-27T23:00:00+00:00\",\"dateModified\":\"2024-11-06T08:21:51+00:00\",\"breadcrumb\":{\"@id\":\"https:\\\/\\\/www.idiv.de\\\/de\\\/studie-klimawandel-verursacht-artensterben-im-schwarzwald\\\/#breadcrumb\"},\"inLanguage\":\"de\",\"potentialAction\":[{\"@type\":\"ReadAction\",\"target\":[\"https:\\\/\\\/www.idiv.de\\\/de\\\/studie-klimawandel-verursacht-artensterben-im-schwarzwald\\\/\"]}]},{\"@type\":\"BreadcrumbList\",\"@id\":\"https:\\\/\\\/www.idiv.de\\\/de\\\/studie-klimawandel-verursacht-artensterben-im-schwarzwald\\\/#breadcrumb\",\"itemListElement\":[{\"@type\":\"ListItem\",\"position\":1,\"name\":\"Startseite\",\"item\":\"https:\\\/\\\/www.idiv.de\\\/de\\\/\"},{\"@type\":\"ListItem\",\"position\":2,\"name\":\"Studie: Klimawandel verursacht Artensterben im Schwarzwald&nbsp;\"}]},{\"@type\":\"WebSite\",\"@id\":\"https:\\\/\\\/www.idiv.de\\\/de\\\/#website\",\"url\":\"https:\\\/\\\/www.idiv.de\\\/de\\\/\",\"name\":\"iDiv\",\"description\":\"Hotspot in Biodiversity Research\",\"publisher\":{\"@id\":\"https:\\\/\\\/www.idiv.de\\\/de\\\/#organization\"},\"potentialAction\":[{\"@type\":\"SearchAction\",\"target\":{\"@type\":\"EntryPoint\",\"urlTemplate\":\"https:\\\/\\\/www.idiv.de\\\/de\\\/?s={search_term_string}\"},\"query-input\":{\"@type\":\"PropertyValueSpecification\",\"valueRequired\":true,\"valueName\":\"search_term_string\"}}],\"inLanguage\":\"de\"},{\"@type\":\"Organization\",\"@id\":\"https:\\\/\\\/www.idiv.de\\\/de\\\/#organization\",\"name\":\"idiv\",\"url\":\"https:\\\/\\\/www.idiv.de\\\/de\\\/\",\"logo\":{\"@type\":\"ImageObject\",\"inLanguage\":\"de\",\"@id\":\"https:\\\/\\\/www.idiv.de\\\/de\\\/#\\\/schema\\\/logo\\\/image\\\/\",\"url\":\"https:\\\/\\\/www.idiv.de\\\/wp-content\\\/uploads\\\/2024\\\/08\\\/iDiv_Logo_long_v1_EN_black_4c.jpg\",\"contentUrl\":\"https:\\\/\\\/www.idiv.de\\\/wp-content\\\/uploads\\\/2024\\\/08\\\/iDiv_Logo_long_v1_EN_black_4c.jpg\",\"width\":2448,\"height\":674,\"caption\":\"idiv\"},\"image\":{\"@id\":\"https:\\\/\\\/www.idiv.de\\\/de\\\/#\\\/schema\\\/logo\\\/image\\\/\"},\"sameAs\":[\"https:\\\/\\\/x.com\\\/idiv\",\"https:\\\/\\\/www.linkedin.com\\\/company\\\/idiv-biodiversity\\\/\",\"https:\\\/\\\/www.youtube.com\\\/idiv-research\"]},{\"@type\":\"Person\",\"@id\":\"https:\\\/\\\/www.idiv.de\\\/de\\\/#\\\/schema\\\/person\\\/14228c09f1919627a633555952e15fc0\",\"name\":\"admin\",\"url\":\"https:\\\/\\\/www.idiv.de\\\/de\\\/author\\\/admin\\\/\"}]}<\/script>\n<!-- \/ Yoast SEO plugin. -->","yoast_head_json":{"title":"Studie: Klimawandel verursacht Artensterben im Schwarzwald&nbsp;| iDiv","robots":{"index":"index","follow":"follow","max-snippet":"max-snippet:-1","max-image-preview":"max-image-preview:large","max-video-preview":"max-video-preview:-1"},"canonical":"https:\/\/www.idiv.de\/de\/studie-klimawandel-verursacht-artensterben-im-schwarzwald\/","og_locale":"de_DE","og_type":"article","og_title":"Studie: Klimawandel verursacht Artensterben im Schwarzwald&nbsp;| iDiv","og_description":"Basiert auf einer Medienmitteilung der Martin-Luther-Universit&auml;t Halle-Wittenberg (MLU) Schon heute hinterl&auml;sst der Klimawandel in den Mooren im Schwarzwald seine Spuren. Durch steigende Temperaturen und l&auml;ngere Trockenperioden sind dort in den vergangenen 40 Jahren bereits zwei typische Pflanzenarten ausgestorben. Gleichzeitig ging der Bestand vieler weiterer Arten um ein Drittel zur&uuml;ck. Zehn weitere typische Moorarten k&ouml;nnten in den n&auml;chsten Jahren aussterben, schreiben Forscher der Martin-Luther-Universit&auml;t Halle-Wittenberg (MLU) und des Deutschen Zentrums f&uuml;r integrative Biodiversit&auml;tsforschung (iDiv) Halle-Jena-Leipzig im Fachmagazin Diversity and Distributions.","og_url":"https:\/\/www.idiv.de\/de\/studie-klimawandel-verursacht-artensterben-im-schwarzwald\/","og_site_name":"iDiv","article_published_time":"2020-10-27T23:00:00+00:00","article_modified_time":"2024-11-06T08:21:51+00:00","og_image":[{"width":1200,"height":675,"url":"https:\/\/www.idiv.de\/wp-content\/uploads\/2024\/11\/iDivSocialMediaShare.jpg","type":"image\/jpeg"}],"author":"admin","twitter_card":"summary_large_image","twitter_creator":"@idiv","twitter_site":"@idiv","schema":{"@context":"https:\/\/schema.org","@graph":[{"@type":"Article","@id":"https:\/\/www.idiv.de\/de\/studie-klimawandel-verursacht-artensterben-im-schwarzwald\/#article","isPartOf":{"@id":"https:\/\/www.idiv.de\/de\/studie-klimawandel-verursacht-artensterben-im-schwarzwald\/"},"author":{"name":"admin","@id":"https:\/\/www.idiv.de\/de\/#\/schema\/person\/14228c09f1919627a633555952e15fc0"},"headline":"Studie: Klimawandel verursacht Artensterben im Schwarzwald&nbsp;","datePublished":"2020-10-27T23:00:00+00:00","dateModified":"2024-11-06T08:21:51+00:00","mainEntityOfPage":{"@id":"https:\/\/www.idiv.de\/de\/studie-klimawandel-verursacht-artensterben-im-schwarzwald\/"},"wordCount":7,"commentCount":0,"publisher":{"@id":"https:\/\/www.idiv.de\/de\/#organization"},"articleSection":["iDiv-Mitglieder","Medienmitteilung","sDiv","TOP NEWS"],"inLanguage":"de"},{"@type":"WebPage","@id":"https:\/\/www.idiv.de\/de\/studie-klimawandel-verursacht-artensterben-im-schwarzwald\/","url":"https:\/\/www.idiv.de\/de\/studie-klimawandel-verursacht-artensterben-im-schwarzwald\/","name":"Studie: Klimawandel verursacht Artensterben im Schwarzwald&nbsp;| iDiv","isPartOf":{"@id":"https:\/\/www.idiv.de\/de\/#website"},"datePublished":"2020-10-27T23:00:00+00:00","dateModified":"2024-11-06T08:21:51+00:00","breadcrumb":{"@id":"https:\/\/www.idiv.de\/de\/studie-klimawandel-verursacht-artensterben-im-schwarzwald\/#breadcrumb"},"inLanguage":"de","potentialAction":[{"@type":"ReadAction","target":["https:\/\/www.idiv.de\/de\/studie-klimawandel-verursacht-artensterben-im-schwarzwald\/"]}]},{"@type":"BreadcrumbList","@id":"https:\/\/www.idiv.de\/de\/studie-klimawandel-verursacht-artensterben-im-schwarzwald\/#breadcrumb","itemListElement":[{"@type":"ListItem","position":1,"name":"Startseite","item":"https:\/\/www.idiv.de\/de\/"},{"@type":"ListItem","position":2,"name":"Studie: Klimawandel verursacht Artensterben im Schwarzwald&nbsp;"}]},{"@type":"WebSite","@id":"https:\/\/www.idiv.de\/de\/#website","url":"https:\/\/www.idiv.de\/de\/","name":"iDiv","description":"Hotspot in Biodiversity Research","publisher":{"@id":"https:\/\/www.idiv.de\/de\/#organization"},"potentialAction":[{"@type":"SearchAction","target":{"@type":"EntryPoint","urlTemplate":"https:\/\/www.idiv.de\/de\/?s={search_term_string}"},"query-input":{"@type":"PropertyValueSpecification","valueRequired":true,"valueName":"search_term_string"}}],"inLanguage":"de"},{"@type":"Organization","@id":"https:\/\/www.idiv.de\/de\/#organization","name":"idiv","url":"https:\/\/www.idiv.de\/de\/","logo":{"@type":"ImageObject","inLanguage":"de","@id":"https:\/\/www.idiv.de\/de\/#\/schema\/logo\/image\/","url":"https:\/\/www.idiv.de\/wp-content\/uploads\/2024\/08\/iDiv_Logo_long_v1_EN_black_4c.jpg","contentUrl":"https:\/\/www.idiv.de\/wp-content\/uploads\/2024\/08\/iDiv_Logo_long_v1_EN_black_4c.jpg","width":2448,"height":674,"caption":"idiv"},"image":{"@id":"https:\/\/www.idiv.de\/de\/#\/schema\/logo\/image\/"},"sameAs":["https:\/\/x.com\/idiv","https:\/\/www.linkedin.com\/company\/idiv-biodiversity\/","https:\/\/www.youtube.com\/idiv-research"]},{"@type":"Person","@id":"https:\/\/www.idiv.de\/de\/#\/schema\/person\/14228c09f1919627a633555952e15fc0","name":"admin","url":"https:\/\/www.idiv.de\/de\/author\/admin\/"}]}},"author_meta":{"display_name":"admin","author_link":"https:\/\/www.idiv.de\/de\/author\/admin\/"},"featured_img":null,"coauthors":[],"tax_additional":{"categories":{"linked":["<a href=\"https:\/\/www.idiv.de\/de\/kategorie\/idiv-mitglieder\/\" class=\"advgb-post-tax-term\">iDiv-Mitglieder<\/a>","<a href=\"https:\/\/www.idiv.de\/de\/kategorie\/medienmitteilung\/\" class=\"advgb-post-tax-term\">Medienmitteilung<\/a>","<a href=\"https:\/\/www.idiv.de\/de\/kategorie\/sdiv-de\/\" class=\"advgb-post-tax-term\">sDiv<\/a>","<a href=\"https:\/\/www.idiv.de\/de\/kategorie\/top-news-de-2\/\" class=\"advgb-post-tax-term\">TOP NEWS<\/a>"],"unlinked":["<span class=\"advgb-post-tax-term\">iDiv-Mitglieder<\/span>","<span class=\"advgb-post-tax-term\">Medienmitteilung<\/span>","<span class=\"advgb-post-tax-term\">sDiv<\/span>","<span class=\"advgb-post-tax-term\">TOP NEWS<\/span>"]}},"comment_count":0,"relative_dates":{"created":"Ver\u00f6ffentlicht 6\u00a0Jahren vor","modified":"Aktualisiert 1\u00a0Jahr vor"},"absolute_dates":{"created":"Ver\u00f6ffentlicht am 28. Oktober 2020","modified":"Aktualisiert am 6. November 2024"},"absolute_dates_time":{"created":"Ver\u00f6ffentlicht am 28. Oktober 2020 0:00","modified":"Aktualisiert am 6. November 2024 9:21"},"featured_img_caption":"","series_order":"","_links":{"self":[{"href":"https:\/\/www.idiv.de\/de\/wp-json\/wp\/v2\/posts\/12134","targetHints":{"allow":["GET"]}}],"collection":[{"href":"https:\/\/www.idiv.de\/de\/wp-json\/wp\/v2\/posts"}],"about":[{"href":"https:\/\/www.idiv.de\/de\/wp-json\/wp\/v2\/types\/post"}],"author":[{"embeddable":true,"href":"https:\/\/www.idiv.de\/de\/wp-json\/wp\/v2\/users\/1"}],"replies":[{"embeddable":true,"href":"https:\/\/www.idiv.de\/de\/wp-json\/wp\/v2\/comments?post=12134"}],"version-history":[{"count":1,"href":"https:\/\/www.idiv.de\/de\/wp-json\/wp\/v2\/posts\/12134\/revisions"}],"predecessor-version":[{"id":12135,"href":"https:\/\/www.idiv.de\/de\/wp-json\/wp\/v2\/posts\/12134\/revisions\/12135"}],"wp:attachment":[{"href":"https:\/\/www.idiv.de\/de\/wp-json\/wp\/v2\/media?parent=12134"}],"wp:term":[{"taxonomy":"category","embeddable":true,"href":"https:\/\/www.idiv.de\/de\/wp-json\/wp\/v2\/categories?post=12134"},{"taxonomy":"post_tag","embeddable":true,"href":"https:\/\/www.idiv.de\/de\/wp-json\/wp\/v2\/tags?post=12134"}],"curies":[{"name":"wp","href":"https:\/\/api.w.org\/{rel}","templated":true}]}}