{"id":11912,"date":"2020-03-12T00:00:00","date_gmt":"2020-03-11T23:00:00","guid":{"rendered":"https:\/\/idiv.caf-dev.de\/beschuss-von-allen-seiten\/"},"modified":"2025-09-23T11:04:04","modified_gmt":"2025-09-23T10:04:04","slug":"beschuss-von-allen-seiten","status":"publish","type":"post","link":"https:\/\/www.idiv.de\/de\/beschuss-von-allen-seiten\/","title":{"rendered":"Beschuss von allen Seiten"},"content":{"rendered":"<div class=\"herosection pb-24 pt-0 no-bg modulclass \" id=\"\">\n                    <div class=\"swiper1noslider  nooverflow swiper \" id=\"slide_69f42760a1a55\">\n        \n                <div class=\"swiper-wrapper\">\n                                            <div class=\"swiper-slide  style_ \" aria-hidden=\"true\" >\n                            <div class=\"backstretchwrap\">\n                        \n                            <div datasrc=\"https:\/\/www.idiv.de\/wp-content\/uploads\/2024\/08\/pic_b66a33a6e920200312144718.jpg\" class=\"backstretchimg responsiv desktop\"><\/div>\n\n                            <a href=\"#\" class=\"cr\"><svg  xmlns=\"http:\/\/www.w3.org\/2000\/svg\" width=\"22\" height=\"22\" viewBox=\"0 0 22 22\">\n                                    <rect id=\"BG\" width=\"22\" height=\"22\" rx=\"11\" fill=\"#fff\"\/>\n                                    <g id=\"Wrapper\" transform=\"translate(-1 -1)\">\n                                        <g id=\"Icon_material-copyright\" data-name=\"Icon material-copyright\">\n                                            <circle id=\"Ellipse_30\" data-name=\"Ellipse 30\" cx=\"8\" cy=\"8\" r=\"8\" transform=\"translate(4 4)\" fill=\"#fff\"\/>\n                                            <path id=\"Icon_material-copyright-2\" data-name=\"Icon material-copyright\" d=\"M9.464,10.088a2.045,2.045,0,0,1,.24-.7,1.4,1.4,0,0,1,.472-.5,1.42,1.42,0,0,1,.728-.184,1.45,1.45,0,0,1,.5.1,1.29,1.29,0,0,1,.416.288,1.54,1.54,0,0,1,.272.424,1.4,1.4,0,0,1,.112.512H13.64a2.864,2.864,0,0,0-.224-1.032,2.4,2.4,0,0,0-.56-.808,2.613,2.613,0,0,0-.864-.528,3.09,3.09,0,0,0-1.112-.184,3.127,3.127,0,0,0-1.36.272,2.751,2.751,0,0,0-.96.736,3.007,3.007,0,0,0-.568,1.088A4.685,4.685,0,0,0,7.8,10.9v.216a4.684,4.684,0,0,0,.184,1.312,2.908,2.908,0,0,0,.568,1.08,2.731,2.731,0,0,0,.96.728,3.246,3.246,0,0,0,1.36.272,3.051,3.051,0,0,0,1.056-.184,2.729,2.729,0,0,0,.864-.5,2.442,2.442,0,0,0,.592-.752,2.153,2.153,0,0,0,.24-.92H12.192a1.139,1.139,0,0,1-.12.464,1.177,1.177,0,0,1-.288.368,1.26,1.26,0,0,1-.416.24,1.589,1.589,0,0,1-.48.08,1.359,1.359,0,0,1-.712-.184,1.4,1.4,0,0,1-.472-.5,2.09,2.09,0,0,1-.24-.7,5.392,5.392,0,0,1-.064-.8V10.9a5.33,5.33,0,0,1,.064-.808ZM11,3a8,8,0,1,0,8,8A8,8,0,0,0,11,3Zm0,14.4A6.4,6.4,0,1,1,17.4,11,6.408,6.408,0,0,1,11,17.4Z\" transform=\"translate(1 1)\" fill=\"#4d4d4d\"\/>\n                                        <\/g>\n                                    <\/g>\n                                <\/svg>\n                                <span>Global Change Biology, First published: 31 December 2019, DOI: (10.1111\/gcb.14904)<\/span><\/a>                        \n                                                    <\/div>\n                                        <div class=\"sliderinhalt \" role=\"region\" aria-label=\"carousel\">\n\n                                            <h1 class=\"h1 tcenter\" >Beschuss von allen Seiten<\/h1>                                                    <p style=\"text-align: center;\">Wie der Mensch die biologische Vielfalt bedroht<\/p>\n                                                \n                                                                                                            <\/div>\n                                            <\/div>\n\n                        \n                 <\/div>\n\n                              <\/div>\n<\/div>\n\n<div class=\"textbildrepeater pb-24 pt-0 no-bg modulclass \" id=\"\">\n    <div class=\"container\">\n        <div class=\"row\">\n                                                                <div class=\"pb-24   mod_text  col-md-6 offset-md-0 pos_top\">\n                            <div class=\"textrepeater \" id=\"\">\n    <p>12.03.2020 | Biodiversity and People, sDiv, TOP NEWS<\/p>\n<\/div>\n                            <\/div>\n                        <\/div>\n    <\/div>\n<\/div>\n\n<div class=\"textbildrepeater pb-24 pt-0 no-bg modulclass \" id=\"\">\n    <div class=\"container\">\n        <div class=\"row\">\n                                                                <div class=\"pb-24   mod_text  col-md-12 offset-md-0 pos_top\">\n                            <div class=\"textrepeater \" id=\"\">\n    <p><strong>Bericht von Diana Bowler, Postdoktorandin in der Gruppe Ecosystem Services am iDiv, FSU bzw. UFZ und Erstautorin einer neuen Publikation in &#8218;People and Nature&#8216;<\/strong><\/p>\n<p><strong>Leipzig. Der Klimawandel und andere anthropogene Faktoren, die die biologische Vielfalt ver&auml;ndern, betreffen nicht alle Teile der Erde in gleicher Weise. W&auml;hrend unsere Kenntnisse zu jedem einzelnen Gef&auml;hrdungsfaktor st&auml;ndig wachsen, ist unser Verst&auml;ndnis zu den r&auml;umlichen Beziehungen zwischen den verschiedenen Faktoren und ihr Zusammenwirken noch sehr mangelhaft. Das betrifft z.B. auch die Unterschiede zwischen terrestrischen und marinen Lebensr&auml;umen, die sehr unterschiedlichen Bedrohungen ausgesetzt sein k&ouml;nnen, selbst wenn sie eng benachbart sind. <br \/><\/strong><\/p>\n<\/div>\n                            <\/div>\n                        <\/div>\n    <\/div>\n<\/div>\n\n<div class=\"textbildrepeater pb-24 pt-0 no-bg modulclass \" id=\"\">\n    <div class=\"container\">\n        <div class=\"row\">\n                                                                <div class=\"pb-24   mod_text  col-md-12 offset-md-0 pos_top\">\n                            <div class=\"textrepeater \" id=\"\">\n    <p>In der vorliegenden Studie haben wir globale Datens&auml;tze &uuml;ber Klimawandel, Landnutzung, Ressourcenausbeutung, Umweltverschmutzung, biologische Invasionen und Bev&ouml;lkerungsdichte zusammengestellt. Mit Hilfe multivariater Statistiken haben wir die r&auml;umlichen Beziehungen zwischen diesen Ursachen des globalen Biodiversit&auml;tswandels und deren Kombinationen untersucht, um deren Einfluss auf verschiedene Regionen der Welt zu charakterisieren.&nbsp;<\/p>\n<p>Insbesondere in den terrestrischen Regionen wirken die genannten Gef&auml;hrdungsfaktoren h&auml;ufig in der gleichen Richtung, vor allem solche, die zum Teil besonders hohe Belastungen darstellen. Regionen mit st&auml;rker ausgepr&auml;gtem Klimawandel sind tendenziell solche Gebiete, in denen die Gef&auml;hrdung durch andere Faktoren eher geringer ist, wie z.B. in der Tundra und im borealen Nadelwald, die stark vom Klimawandel, aber weniger von hoher Nutzungsintensit&auml;t und Verschmutzung betroffen sind. Dagegen treten in den Meeresregionen gegenteilige Muster auf, wo z.B. im Indopazifik ein sehr ausgepr&auml;gter Klimawandel einer hoher Ressourcenausbeutung durch Fischerei zusammenf&auml;llt.&nbsp;<\/p>\n<p>Die Regionen der Welt lassen sich in Klassen unterschiedlicher Interaktionen und Intensit&auml;ten dieser anthropogenen Gef&auml;hrungsfaktoren unterteilen. Diese insgesamt 11 verschiedene Faktorenklassen k&ouml;nnen nun dazu verwendet werden, Auswirkungen auf Biodiversit&auml;t zu untersuchen und die Gef&auml;hrdungs-Hotspots zu identifizieren. Diese Hotspots sind diejenigen gro&szlig;r&auml;umigen Meeres- und Festlandsregionen, in denen priorit&auml;r Naturschutzma&szlig;nahmen angewendet werden m&uuml;ssen, um den Auswirkungen des anthropogenen Biodiversit&auml;tswandels entgegenzutreten.&nbsp;<\/p>\n<p><strong>Originalpublikation&#58;<\/strong><br \/>(Wissenschaftler mit iDiv-Affiliation fett)<\/p>\n<p><strong>Bowler, D. E.<\/strong>, Bjorkman, A. D., Dornelas, M., Myers-Smith, I. H., <strong>Navarro, L. M.<\/strong>, Niamir, A., Supp, S. R., Waldock, C., Vellend, M., <strong>Blowes, S. A., B&ouml;hning-Gaese, K., Bruelheide, H.,<\/strong> Elahi, R., Ant&atilde;o, L. H., <strong>Hines, J.,<\/strong> Isbell, F., Jones, H. P., Magurran, A. E., Cabral, J. S., <strong>Winter, M.<\/strong> and Bates, A. E. (2019). Mapping human pressures across the planet uncovers anthropogenic threat complexes. People and Nature. DOI&#58; <a href=https&#58;\/\/doi.org\/10.1002\/pan3.10071>10.1002\/pan3.10071<\/a><\/p>\n<\/div>\n                            <\/div>\n                        <\/div>\n    <\/div>\n<\/div>\n\n<div class=\"textbildrepeater pb-24 pt-0 no-bg modulclass \" id=\"\">\n    <div class=\"container\">\n        <div class=\"row\">\n                                                                <div class=\"pb-24   mod_text  col-md-12 offset-md-0 pos_top\">\n                            <div class=\"textrepeater \" id=\"\">\n    <h3>Ansprechpartner:<\/h3>\n<p><strong>Dr. Diana Bowler<\/strong><br \/>\nPostdoktorand der Forschungsgruppe \u00d6kosystemleistungen<br \/>\nDeutsches Zentrum f\u00fcr integrative Biodiversit\u00e4tsforschung (iDiv) Halle-Jena-Leipzig<br \/>\nFriedrich-Schiller-Universit\u00e4t Jena<br \/>\nHelmholtz-Zentrum f\u00fcr Umweltforschung \u2013 UFZ<br \/>\nTel.: +49 341 9733199<br \/>\nE-Mail: <a href=\"&#x6d;&#97;i&#x6c;&#116;o&#x3a;&#100;i&#x61;&#x6e;&#97;&#x2e;&#x62;&#111;w&#x6c;&#101;r&#x40;&#105;d&#x69;&#x76;&#46;&#x64;&#x65;\">&#100;&#x69;&#x61;n&#97;&#x2e;&#x62;o&#119;&#x6c;e&#114;&#x40;&#x69;d&#105;&#x76;&#46;&#100;&#x65;<\/a><\/p>\n<\/div>\n                            <\/div>\n                        <\/div>\n    <\/div>\n<\/div>\n\n<div class=\"textbildrepeater pb-24 pt-0 no-bg modulclass \" id=\"\">\n    <div class=\"container\">\n        <div class=\"row\">\n                                                                <div class=\"pb-24   mod_text  col-md-12 offset-md-0 pos_top\">\n                            <div class=\"textrepeater \" id=\"\">\n    <p><em>Hinweis f\u00fcr die Medien: Die von iDiv bereitgestellten Bilder d\u00fcrfen ausschlie\u00dflich f\u00fcr die Berichterstattung im Zusammenhang mit dieser Medienmitteilung und unter Angabe des\/der Urhebers\/in verwendet werden.<\/em><\/p>\n<\/div>\n                            <\/div>\n                        <\/div>\n    <\/div>\n<\/div>","protected":false},"excerpt":{"rendered":"<p>Bericht von Diana Bowler, Postdoktorandin in der Gruppe Ecosystem Services am iDiv, FSU bzw. UFZ und Erstautorin einer neuen Publikation in &#8218;People and Nature&#8216;<br \/>\nLeipzig. Der Klimawandel und andere anthropogene Faktoren, die die biologische Vielfalt ver&auml;ndern, betreffen nicht alle Teile der Erde in gleicher Weise. W&auml;hrend unsere Kenntnisse zu jedem einzelnen Gef&auml;hrdungsfaktor st&auml;ndig wachsen, ist unser Verst&auml;ndnis zu den r&auml;umlichen Beziehungen zwischen den verschiedenen Faktoren und ihr Zusammenwirken noch sehr mangelhaft. Das betrifft z.B. auch die Unterschiede zwischen terrestrischen und marinen Lebensr&auml;umen, die sehr unterschiedlichen Bedrohungen ausgesetzt sein k&ouml;nnen, selbst wenn sie eng benachbart sind. <\/p>\n","protected":false},"author":1,"featured_media":0,"comment_status":"closed","ping_status":"closed","sticky":false,"template":"","format":"standard","meta":{"_acf_changed":false,"advgb_blocks_editor_width":"","advgb_blocks_columns_visual_guide":"","footnotes":"","_links_to":"","_links_to_target":""},"categories":[57,40,30],"tags":[],"class_list":["post-11912","post","type-post","status-publish","format-standard","hentry","category-biodiversitaet-und-mensch","category-sdiv-de","category-top-news-de-2"],"acf":{"thumb":6983,"thumbmobile":"","copyright":"People and Nature , First published: 27 February 2020, DOI: (10.1002\/pan3.10071","breadcrumb":true},"yoast_head":"<!-- This site is optimized with the Yoast SEO plugin v27.5 - https:\/\/yoast.com\/product\/yoast-seo-wordpress\/ -->\n<title>Beschuss von allen Seiten | iDiv<\/title>\n<meta name=\"robots\" content=\"index, follow, max-snippet:-1, max-image-preview:large, max-video-preview:-1\" \/>\n<link rel=\"canonical\" href=\"https:\/\/www.idiv.de\/de\/beschuss-von-allen-seiten\/\" \/>\n<meta property=\"og:locale\" content=\"de_DE\" \/>\n<meta property=\"og:type\" content=\"article\" \/>\n<meta property=\"og:title\" content=\"Beschuss von allen Seiten | iDiv\" \/>\n<meta property=\"og:description\" content=\"Bericht von Diana Bowler, Postdoktorandin in der Gruppe Ecosystem Services am iDiv, FSU bzw. UFZ und Erstautorin einer neuen Publikation in &#039;People and Nature&#039; Leipzig. Der Klimawandel und andere anthropogene Faktoren, die die biologische Vielfalt ver&auml;ndern, betreffen nicht alle Teile der Erde in gleicher Weise. W&auml;hrend unsere Kenntnisse zu jedem einzelnen Gef&auml;hrdungsfaktor st&auml;ndig wachsen, ist unser Verst&auml;ndnis zu den r&auml;umlichen Beziehungen zwischen den verschiedenen Faktoren und ihr Zusammenwirken noch sehr mangelhaft. Das betrifft z.B. auch die Unterschiede zwischen terrestrischen und marinen Lebensr&auml;umen, die sehr unterschiedlichen Bedrohungen ausgesetzt sein k&ouml;nnen, selbst wenn sie eng benachbart sind.\" \/>\n<meta property=\"og:url\" content=\"https:\/\/www.idiv.de\/de\/beschuss-von-allen-seiten\/\" \/>\n<meta property=\"og:site_name\" content=\"iDiv\" \/>\n<meta property=\"article:published_time\" content=\"2020-03-11T23:00:00+00:00\" \/>\n<meta property=\"article:modified_time\" content=\"2025-09-23T10:04:04+00:00\" \/>\n<meta property=\"og:image\" content=\"https:\/\/www.idiv.de\/wp-content\/uploads\/2024\/11\/iDivSocialMediaShare.jpg\" \/>\n\t<meta property=\"og:image:width\" content=\"1200\" \/>\n\t<meta property=\"og:image:height\" content=\"675\" \/>\n\t<meta property=\"og:image:type\" content=\"image\/jpeg\" \/>\n<meta name=\"author\" content=\"admin\" \/>\n<meta name=\"twitter:card\" content=\"summary_large_image\" \/>\n<meta name=\"twitter:creator\" content=\"@idiv\" \/>\n<meta name=\"twitter:site\" content=\"@idiv\" \/>\n<script type=\"application\/ld+json\" class=\"yoast-schema-graph\">{\"@context\":\"https:\\\/\\\/schema.org\",\"@graph\":[{\"@type\":\"Article\",\"@id\":\"https:\\\/\\\/www.idiv.de\\\/de\\\/beschuss-von-allen-seiten\\\/#article\",\"isPartOf\":{\"@id\":\"https:\\\/\\\/www.idiv.de\\\/de\\\/beschuss-von-allen-seiten\\\/\"},\"author\":{\"name\":\"admin\",\"@id\":\"https:\\\/\\\/www.idiv.de\\\/de\\\/#\\\/schema\\\/person\\\/14228c09f1919627a633555952e15fc0\"},\"headline\":\"Beschuss von allen Seiten\",\"datePublished\":\"2020-03-11T23:00:00+00:00\",\"dateModified\":\"2025-09-23T10:04:04+00:00\",\"mainEntityOfPage\":{\"@id\":\"https:\\\/\\\/www.idiv.de\\\/de\\\/beschuss-von-allen-seiten\\\/\"},\"wordCount\":4,\"publisher\":{\"@id\":\"https:\\\/\\\/www.idiv.de\\\/de\\\/#organization\"},\"articleSection\":[\"Biodiversit\u00e4t und Mensch\",\"sDiv\",\"TOP NEWS\"],\"inLanguage\":\"de\"},{\"@type\":\"WebPage\",\"@id\":\"https:\\\/\\\/www.idiv.de\\\/de\\\/beschuss-von-allen-seiten\\\/\",\"url\":\"https:\\\/\\\/www.idiv.de\\\/de\\\/beschuss-von-allen-seiten\\\/\",\"name\":\"Beschuss von allen Seiten | iDiv\",\"isPartOf\":{\"@id\":\"https:\\\/\\\/www.idiv.de\\\/de\\\/#website\"},\"datePublished\":\"2020-03-11T23:00:00+00:00\",\"dateModified\":\"2025-09-23T10:04:04+00:00\",\"breadcrumb\":{\"@id\":\"https:\\\/\\\/www.idiv.de\\\/de\\\/beschuss-von-allen-seiten\\\/#breadcrumb\"},\"inLanguage\":\"de\",\"potentialAction\":[{\"@type\":\"ReadAction\",\"target\":[\"https:\\\/\\\/www.idiv.de\\\/de\\\/beschuss-von-allen-seiten\\\/\"]}]},{\"@type\":\"BreadcrumbList\",\"@id\":\"https:\\\/\\\/www.idiv.de\\\/de\\\/beschuss-von-allen-seiten\\\/#breadcrumb\",\"itemListElement\":[{\"@type\":\"ListItem\",\"position\":1,\"name\":\"Startseite\",\"item\":\"https:\\\/\\\/www.idiv.de\\\/de\\\/\"},{\"@type\":\"ListItem\",\"position\":2,\"name\":\"Beschuss von allen Seiten\"}]},{\"@type\":\"WebSite\",\"@id\":\"https:\\\/\\\/www.idiv.de\\\/de\\\/#website\",\"url\":\"https:\\\/\\\/www.idiv.de\\\/de\\\/\",\"name\":\"iDiv\",\"description\":\"Hotspot in Biodiversity Research\",\"publisher\":{\"@id\":\"https:\\\/\\\/www.idiv.de\\\/de\\\/#organization\"},\"potentialAction\":[{\"@type\":\"SearchAction\",\"target\":{\"@type\":\"EntryPoint\",\"urlTemplate\":\"https:\\\/\\\/www.idiv.de\\\/de\\\/?s={search_term_string}\"},\"query-input\":{\"@type\":\"PropertyValueSpecification\",\"valueRequired\":true,\"valueName\":\"search_term_string\"}}],\"inLanguage\":\"de\"},{\"@type\":\"Organization\",\"@id\":\"https:\\\/\\\/www.idiv.de\\\/de\\\/#organization\",\"name\":\"idiv\",\"url\":\"https:\\\/\\\/www.idiv.de\\\/de\\\/\",\"logo\":{\"@type\":\"ImageObject\",\"inLanguage\":\"de\",\"@id\":\"https:\\\/\\\/www.idiv.de\\\/de\\\/#\\\/schema\\\/logo\\\/image\\\/\",\"url\":\"https:\\\/\\\/www.idiv.de\\\/wp-content\\\/uploads\\\/2024\\\/08\\\/iDiv_Logo_long_v1_EN_black_4c.jpg\",\"contentUrl\":\"https:\\\/\\\/www.idiv.de\\\/wp-content\\\/uploads\\\/2024\\\/08\\\/iDiv_Logo_long_v1_EN_black_4c.jpg\",\"width\":2448,\"height\":674,\"caption\":\"idiv\"},\"image\":{\"@id\":\"https:\\\/\\\/www.idiv.de\\\/de\\\/#\\\/schema\\\/logo\\\/image\\\/\"},\"sameAs\":[\"https:\\\/\\\/x.com\\\/idiv\",\"https:\\\/\\\/www.linkedin.com\\\/company\\\/idiv-biodiversity\\\/\",\"https:\\\/\\\/www.youtube.com\\\/idiv-research\"]},{\"@type\":\"Person\",\"@id\":\"https:\\\/\\\/www.idiv.de\\\/de\\\/#\\\/schema\\\/person\\\/14228c09f1919627a633555952e15fc0\",\"name\":\"admin\",\"url\":\"https:\\\/\\\/www.idiv.de\\\/de\\\/author\\\/admin\\\/\"}]}<\/script>\n<!-- \/ Yoast SEO plugin. -->","yoast_head_json":{"title":"Beschuss von allen Seiten | iDiv","robots":{"index":"index","follow":"follow","max-snippet":"max-snippet:-1","max-image-preview":"max-image-preview:large","max-video-preview":"max-video-preview:-1"},"canonical":"https:\/\/www.idiv.de\/de\/beschuss-von-allen-seiten\/","og_locale":"de_DE","og_type":"article","og_title":"Beschuss von allen Seiten | iDiv","og_description":"Bericht von Diana Bowler, Postdoktorandin in der Gruppe Ecosystem Services am iDiv, FSU bzw. UFZ und Erstautorin einer neuen Publikation in 'People and Nature' Leipzig. Der Klimawandel und andere anthropogene Faktoren, die die biologische Vielfalt ver&auml;ndern, betreffen nicht alle Teile der Erde in gleicher Weise. W&auml;hrend unsere Kenntnisse zu jedem einzelnen Gef&auml;hrdungsfaktor st&auml;ndig wachsen, ist unser Verst&auml;ndnis zu den r&auml;umlichen Beziehungen zwischen den verschiedenen Faktoren und ihr Zusammenwirken noch sehr mangelhaft. Das betrifft z.B. auch die Unterschiede zwischen terrestrischen und marinen Lebensr&auml;umen, die sehr unterschiedlichen Bedrohungen ausgesetzt sein k&ouml;nnen, selbst wenn sie eng benachbart sind.","og_url":"https:\/\/www.idiv.de\/de\/beschuss-von-allen-seiten\/","og_site_name":"iDiv","article_published_time":"2020-03-11T23:00:00+00:00","article_modified_time":"2025-09-23T10:04:04+00:00","og_image":[{"width":1200,"height":675,"url":"https:\/\/www.idiv.de\/wp-content\/uploads\/2024\/11\/iDivSocialMediaShare.jpg","type":"image\/jpeg"}],"author":"admin","twitter_card":"summary_large_image","twitter_creator":"@idiv","twitter_site":"@idiv","schema":{"@context":"https:\/\/schema.org","@graph":[{"@type":"Article","@id":"https:\/\/www.idiv.de\/de\/beschuss-von-allen-seiten\/#article","isPartOf":{"@id":"https:\/\/www.idiv.de\/de\/beschuss-von-allen-seiten\/"},"author":{"name":"admin","@id":"https:\/\/www.idiv.de\/de\/#\/schema\/person\/14228c09f1919627a633555952e15fc0"},"headline":"Beschuss von allen Seiten","datePublished":"2020-03-11T23:00:00+00:00","dateModified":"2025-09-23T10:04:04+00:00","mainEntityOfPage":{"@id":"https:\/\/www.idiv.de\/de\/beschuss-von-allen-seiten\/"},"wordCount":4,"publisher":{"@id":"https:\/\/www.idiv.de\/de\/#organization"},"articleSection":["Biodiversit\u00e4t und Mensch","sDiv","TOP NEWS"],"inLanguage":"de"},{"@type":"WebPage","@id":"https:\/\/www.idiv.de\/de\/beschuss-von-allen-seiten\/","url":"https:\/\/www.idiv.de\/de\/beschuss-von-allen-seiten\/","name":"Beschuss von allen Seiten | iDiv","isPartOf":{"@id":"https:\/\/www.idiv.de\/de\/#website"},"datePublished":"2020-03-11T23:00:00+00:00","dateModified":"2025-09-23T10:04:04+00:00","breadcrumb":{"@id":"https:\/\/www.idiv.de\/de\/beschuss-von-allen-seiten\/#breadcrumb"},"inLanguage":"de","potentialAction":[{"@type":"ReadAction","target":["https:\/\/www.idiv.de\/de\/beschuss-von-allen-seiten\/"]}]},{"@type":"BreadcrumbList","@id":"https:\/\/www.idiv.de\/de\/beschuss-von-allen-seiten\/#breadcrumb","itemListElement":[{"@type":"ListItem","position":1,"name":"Startseite","item":"https:\/\/www.idiv.de\/de\/"},{"@type":"ListItem","position":2,"name":"Beschuss von allen Seiten"}]},{"@type":"WebSite","@id":"https:\/\/www.idiv.de\/de\/#website","url":"https:\/\/www.idiv.de\/de\/","name":"iDiv","description":"Hotspot in Biodiversity Research","publisher":{"@id":"https:\/\/www.idiv.de\/de\/#organization"},"potentialAction":[{"@type":"SearchAction","target":{"@type":"EntryPoint","urlTemplate":"https:\/\/www.idiv.de\/de\/?s={search_term_string}"},"query-input":{"@type":"PropertyValueSpecification","valueRequired":true,"valueName":"search_term_string"}}],"inLanguage":"de"},{"@type":"Organization","@id":"https:\/\/www.idiv.de\/de\/#organization","name":"idiv","url":"https:\/\/www.idiv.de\/de\/","logo":{"@type":"ImageObject","inLanguage":"de","@id":"https:\/\/www.idiv.de\/de\/#\/schema\/logo\/image\/","url":"https:\/\/www.idiv.de\/wp-content\/uploads\/2024\/08\/iDiv_Logo_long_v1_EN_black_4c.jpg","contentUrl":"https:\/\/www.idiv.de\/wp-content\/uploads\/2024\/08\/iDiv_Logo_long_v1_EN_black_4c.jpg","width":2448,"height":674,"caption":"idiv"},"image":{"@id":"https:\/\/www.idiv.de\/de\/#\/schema\/logo\/image\/"},"sameAs":["https:\/\/x.com\/idiv","https:\/\/www.linkedin.com\/company\/idiv-biodiversity\/","https:\/\/www.youtube.com\/idiv-research"]},{"@type":"Person","@id":"https:\/\/www.idiv.de\/de\/#\/schema\/person\/14228c09f1919627a633555952e15fc0","name":"admin","url":"https:\/\/www.idiv.de\/de\/author\/admin\/"}]}},"author_meta":{"display_name":"admin","author_link":"https:\/\/www.idiv.de\/de\/author\/admin\/"},"featured_img":null,"coauthors":[],"tax_additional":{"categories":{"linked":["<a href=\"https:\/\/www.idiv.de\/de\/kategorie\/forschung\/biodiversitaet-und-mensch\/\" class=\"advgb-post-tax-term\">Biodiversit\u00e4t und Mensch<\/a>","<a href=\"https:\/\/www.idiv.de\/de\/kategorie\/sdiv-de\/\" class=\"advgb-post-tax-term\">sDiv<\/a>","<a href=\"https:\/\/www.idiv.de\/de\/kategorie\/top-news-de-2\/\" class=\"advgb-post-tax-term\">TOP NEWS<\/a>"],"unlinked":["<span class=\"advgb-post-tax-term\">Biodiversit\u00e4t und Mensch<\/span>","<span class=\"advgb-post-tax-term\">sDiv<\/span>","<span class=\"advgb-post-tax-term\">TOP NEWS<\/span>"]}},"comment_count":0,"relative_dates":{"created":"Ver\u00f6ffentlicht 6\u00a0Jahren vor","modified":"Aktualisiert 7\u00a0Monaten vor"},"absolute_dates":{"created":"Ver\u00f6ffentlicht am 12. M\u00e4rz 2020","modified":"Aktualisiert am 23. September 2025"},"absolute_dates_time":{"created":"Ver\u00f6ffentlicht am 12. M\u00e4rz 2020 0:00","modified":"Aktualisiert am 23. September 2025 11:04"},"featured_img_caption":"","series_order":"","_links":{"self":[{"href":"https:\/\/www.idiv.de\/de\/wp-json\/wp\/v2\/posts\/11912","targetHints":{"allow":["GET"]}}],"collection":[{"href":"https:\/\/www.idiv.de\/de\/wp-json\/wp\/v2\/posts"}],"about":[{"href":"https:\/\/www.idiv.de\/de\/wp-json\/wp\/v2\/types\/post"}],"author":[{"embeddable":true,"href":"https:\/\/www.idiv.de\/de\/wp-json\/wp\/v2\/users\/1"}],"replies":[{"embeddable":true,"href":"https:\/\/www.idiv.de\/de\/wp-json\/wp\/v2\/comments?post=11912"}],"version-history":[{"count":3,"href":"https:\/\/www.idiv.de\/de\/wp-json\/wp\/v2\/posts\/11912\/revisions"}],"predecessor-version":[{"id":35537,"href":"https:\/\/www.idiv.de\/de\/wp-json\/wp\/v2\/posts\/11912\/revisions\/35537"}],"wp:attachment":[{"href":"https:\/\/www.idiv.de\/de\/wp-json\/wp\/v2\/media?parent=11912"}],"wp:term":[{"taxonomy":"category","embeddable":true,"href":"https:\/\/www.idiv.de\/de\/wp-json\/wp\/v2\/categories?post=11912"},{"taxonomy":"post_tag","embeddable":true,"href":"https:\/\/www.idiv.de\/de\/wp-json\/wp\/v2\/tags?post=11912"}],"curies":[{"name":"wp","href":"https:\/\/api.w.org\/{rel}","templated":true}]}}