{"id":11872,"date":"2020-01-17T00:00:00","date_gmt":"2020-01-16T23:00:00","guid":{"rendered":"https:\/\/idiv.caf-dev.de\/eu-biodiversittsstrategie-nach-2020-fr-eine-rckkehr-zur-natur\/"},"modified":"2025-06-16T11:43:40","modified_gmt":"2025-06-16T10:43:40","slug":"eu-biodiversittsstrategie-nach-2020-fr-eine-rckkehr-zur-natur","status":"publish","type":"post","link":"https:\/\/www.idiv.de\/de\/eu-biodiversittsstrategie-nach-2020-fr-eine-rckkehr-zur-natur\/","title":{"rendered":"EU-Biodiversit&auml;tsstrategie nach 2020: F&uuml;r eine R&uuml;ckkehr zur Natur"},"content":{"rendered":"<div class=\"herosection pb-24 pt-0 no-bg modulclass \" id=\"\">\n                    <div class=\"swiper1noslider  nooverflow swiper \" id=\"slide_69ef3cc7291c3\">\n        \n                <div class=\"swiper-wrapper\">\n                                            <div class=\"swiper-slide  style_ \" aria-hidden=\"true\" >\n                            <div class=\"backstretchwrap\">\n                        \n                            <div datasrc=\"https:\/\/www.idiv.de\/wp-content\/uploads\/2024\/08\/pic_d3dab335d220200117120446.jpg\" class=\"backstretchimg responsiv desktop\"><\/div>\n\n                            <a href=\"#\" class=\"cr\"><svg  xmlns=\"http:\/\/www.w3.org\/2000\/svg\" width=\"22\" height=\"22\" viewBox=\"0 0 22 22\">\n                                    <rect id=\"BG\" width=\"22\" height=\"22\" rx=\"11\" fill=\"#fff\"\/>\n                                    <g id=\"Wrapper\" transform=\"translate(-1 -1)\">\n                                        <g id=\"Icon_material-copyright\" data-name=\"Icon material-copyright\">\n                                            <circle id=\"Ellipse_30\" data-name=\"Ellipse 30\" cx=\"8\" cy=\"8\" r=\"8\" transform=\"translate(4 4)\" fill=\"#fff\"\/>\n                                            <path id=\"Icon_material-copyright-2\" data-name=\"Icon material-copyright\" d=\"M9.464,10.088a2.045,2.045,0,0,1,.24-.7,1.4,1.4,0,0,1,.472-.5,1.42,1.42,0,0,1,.728-.184,1.45,1.45,0,0,1,.5.1,1.29,1.29,0,0,1,.416.288,1.54,1.54,0,0,1,.272.424,1.4,1.4,0,0,1,.112.512H13.64a2.864,2.864,0,0,0-.224-1.032,2.4,2.4,0,0,0-.56-.808,2.613,2.613,0,0,0-.864-.528,3.09,3.09,0,0,0-1.112-.184,3.127,3.127,0,0,0-1.36.272,2.751,2.751,0,0,0-.96.736,3.007,3.007,0,0,0-.568,1.088A4.685,4.685,0,0,0,7.8,10.9v.216a4.684,4.684,0,0,0,.184,1.312,2.908,2.908,0,0,0,.568,1.08,2.731,2.731,0,0,0,.96.728,3.246,3.246,0,0,0,1.36.272,3.051,3.051,0,0,0,1.056-.184,2.729,2.729,0,0,0,.864-.5,2.442,2.442,0,0,0,.592-.752,2.153,2.153,0,0,0,.24-.92H12.192a1.139,1.139,0,0,1-.12.464,1.177,1.177,0,0,1-.288.368,1.26,1.26,0,0,1-.416.24,1.589,1.589,0,0,1-.48.08,1.359,1.359,0,0,1-.712-.184,1.4,1.4,0,0,1-.472-.5,2.09,2.09,0,0,1-.24-.7,5.392,5.392,0,0,1-.064-.8V10.9a5.33,5.33,0,0,1,.064-.808ZM11,3a8,8,0,1,0,8,8A8,8,0,0,0,11,3Zm0,14.4A6.4,6.4,0,1,1,17.4,11,6.408,6.408,0,0,1,11,17.4Z\" transform=\"translate(1 1)\" fill=\"#4d4d4d\"\/>\n                                        <\/g>\n                                    <\/g>\n                                <\/svg>\n                                <span>Juan Carolos Mu\u00f1oz Robredo \/ Rewilding Europe<\/span><\/a>                        \n                                                    <\/div>\n                                        <div class=\"sliderinhalt \" role=\"region\" aria-label=\"carousel\">\n\n                                            <h1 class=\"h1 tleft\" >EU-Biodiversit&auml;tsstrategie nach 2020: F&uuml;r eine R&uuml;ckkehr zur Natur<\/h1>                                                    <p style=\"text-align: center;\">Die gro\u00dffl\u00e4chige Wiederherstellung von Naturlandschaften kann sowohl die aktuelle Klima- als auch die Biodiversit\u00e4tskrise bek\u00e4mpfen.<\/p>\n                                                \n                                                                                                            <\/div>\n                                            <\/div>\n\n                        \n                 <\/div>\n\n                              <\/div>\n<\/div>\n\n<div class=\"textbildrepeater pb-24 pt-0 no-bg modulclass \" id=\"\">\n    <div class=\"container\">\n        <div class=\"row\">\n                                                                <div class=\"pb-24   mod_text  col-md-6 offset-md-0 pos_top\">\n                            <div class=\"textrepeater \" id=\"\">\n    <p>20.01.2020 | Biodiversity Conservation, iDiv, Media Release, TOP NEWS<\/p>\n<\/div>\n                            <\/div>\n                        <\/div>\n    <\/div>\n<\/div>\n\n<div class=\"textbildrepeater pb-24 pt-0 no-bg modulclass \" id=\"\">\n    <div class=\"container\">\n        <div class=\"row\">\n                                                                <div class=\"pb-24   mod_text  col-md-12 offset-md-0 pos_top\">\n                            <div class=\"textrepeater \" id=\"\">\n    <p><strong>Basiert auf einer Medienmitteilung von Rewilding Europe<\/strong><\/p>\n<p><strong>Die gro&szlig;fl&auml;chige Wiederherstellung von Naturlandschaften kann sowohl die aktuelle Klima- als auch die Biodiversit&auml;tskrise bek&auml;mpfen. Ein heute von sechs Institutionen herausgegebenes Strategiepapier, an dem auch das Deutsche Zentrum f&uuml;r integrative Biodiversit&auml;tsforschung (iDiv) und die Martin-Luther-Universit&auml;t Halle-Wittenberg (MLU) beteiligt sind, fordert von der Europ&auml;ischen Kommission eine st&auml;rkere Priorisierung sogenannter Rewilding-Ma&szlig;nahmen in der neuen EU-Biodiversit&auml;tsstrategie nach 2020. Rewilding bezeichnet die Wiederherstellung der Natur mit geringen menschlichen Eingriffen.<\/strong><\/p>\n<\/div>\n                            <\/div>\n                        <\/div>\n    <\/div>\n<\/div>\n\n<div class=\"textbildrepeater pb-24 pt-0 no-bg modulclass \" id=\"\">\n    <div class=\"container\">\n        <div class=\"row\">\n                                                                <div class=\"pb-24   mod_bild  col-md-5 offset-md-0 pos_top\">\n                            <div class=\"bildrepeater \" id=\"\">\n    <div class=\"relativ\"><img decoding=\"async\" class=\"responsiv desktop\" src=\"https:\/\/www.idiv.de\/wp-content\/uploads\/2024\/08\/pic_6d4a14d93020200117120617.jpg\" height=\"\" width=\"\" alt=\"idiv-\"\/><img decoding=\"async\" class=\"responsiv mobile\" src=\"https:\/\/www.idiv.de\/wp-content\/uploads\/2024\/08\/pic_6d4a14d93020200117120617.jpg\" height=\"\" width=\"\" alt=\"idiv-\"\/><a href=\"#\" class=\"cr\" role=\"button\">\n<svg  xmlns=\"http:\/\/www.w3.org\/2000\/svg\" width=\"22\" height=\"22\" viewBox=\"0 0 22 22\">\n    <rect id=\"BG\" width=\"22\" height=\"22\" rx=\"11\" fill=\"#fff\"\/>\n    <g id=\"Wrapper\" transform=\"translate(-1 -1)\">\n        <g id=\"Icon_material-copyright\" data-name=\"Icon material-copyright\">\n            <circle id=\"Ellipse_30\" data-name=\"Ellipse 30\" cx=\"8\" cy=\"8\" r=\"8\" transform=\"translate(4 4)\" fill=\"#fff\"\/>\n            <path id=\"Icon_material-copyright-2\" data-name=\"Icon material-copyright\" d=\"M9.464,10.088a2.045,2.045,0,0,1,.24-.7,1.4,1.4,0,0,1,.472-.5,1.42,1.42,0,0,1,.728-.184,1.45,1.45,0,0,1,.5.1,1.29,1.29,0,0,1,.416.288,1.54,1.54,0,0,1,.272.424,1.4,1.4,0,0,1,.112.512H13.64a2.864,2.864,0,0,0-.224-1.032,2.4,2.4,0,0,0-.56-.808,2.613,2.613,0,0,0-.864-.528,3.09,3.09,0,0,0-1.112-.184,3.127,3.127,0,0,0-1.36.272,2.751,2.751,0,0,0-.96.736,3.007,3.007,0,0,0-.568,1.088A4.685,4.685,0,0,0,7.8,10.9v.216a4.684,4.684,0,0,0,.184,1.312,2.908,2.908,0,0,0,.568,1.08,2.731,2.731,0,0,0,.96.728,3.246,3.246,0,0,0,1.36.272,3.051,3.051,0,0,0,1.056-.184,2.729,2.729,0,0,0,.864-.5,2.442,2.442,0,0,0,.592-.752,2.153,2.153,0,0,0,.24-.92H12.192a1.139,1.139,0,0,1-.12.464,1.177,1.177,0,0,1-.288.368,1.26,1.26,0,0,1-.416.24,1.589,1.589,0,0,1-.48.08,1.359,1.359,0,0,1-.712-.184,1.4,1.4,0,0,1-.472-.5,2.09,2.09,0,0,1-.24-.7,5.392,5.392,0,0,1-.064-.8V10.9a5.33,5.33,0,0,1,.064-.808ZM11,3a8,8,0,1,0,8,8A8,8,0,0,0,11,3Zm0,14.4A6.4,6.4,0,1,1,17.4,11,6.408,6.408,0,0,1,11,17.4Z\" transform=\"translate(1 1)\" fill=\"#4d4d4d\"\/>\n        <\/g>\n    <\/g>\n<\/svg>\n<span>Staffan Widstrand \/ Rewilding Europe<\/span><\/a><\/div><p class=\"bu\">Intakte Torfmoore sind wichtige Speicher f&uuml;r Kohlenstoff. Das Foto zeigt ein Torfmoor im schwedischen Lappland.<\/p><\/div>\n                            <\/div>\n                                                                    <div class=\"pb-24   mod_bild  col-md-5 offset-md-2 pos_top\">\n                            <div class=\"bildrepeater \" id=\"\">\n    <div class=\"relativ\"><img decoding=\"async\" class=\"responsiv desktop\" src=\"https:\/\/www.idiv.de\/wp-content\/uploads\/2024\/08\/pic_fab4142c4b20200117120858.jpg\" height=\"\" width=\"\" alt=\"idiv-\"\/><img decoding=\"async\" class=\"responsiv mobile\" src=\"https:\/\/www.idiv.de\/wp-content\/uploads\/2024\/08\/pic_fab4142c4b20200117120858.jpg\" height=\"\" width=\"\" alt=\"idiv-\"\/><a href=\"#\" class=\"cr\" role=\"button\">\n<svg  xmlns=\"http:\/\/www.w3.org\/2000\/svg\" width=\"22\" height=\"22\" viewBox=\"0 0 22 22\">\n    <rect id=\"BG\" width=\"22\" height=\"22\" rx=\"11\" fill=\"#fff\"\/>\n    <g id=\"Wrapper\" transform=\"translate(-1 -1)\">\n        <g id=\"Icon_material-copyright\" data-name=\"Icon material-copyright\">\n            <circle id=\"Ellipse_30\" data-name=\"Ellipse 30\" cx=\"8\" cy=\"8\" r=\"8\" transform=\"translate(4 4)\" fill=\"#fff\"\/>\n            <path id=\"Icon_material-copyright-2\" data-name=\"Icon material-copyright\" d=\"M9.464,10.088a2.045,2.045,0,0,1,.24-.7,1.4,1.4,0,0,1,.472-.5,1.42,1.42,0,0,1,.728-.184,1.45,1.45,0,0,1,.5.1,1.29,1.29,0,0,1,.416.288,1.54,1.54,0,0,1,.272.424,1.4,1.4,0,0,1,.112.512H13.64a2.864,2.864,0,0,0-.224-1.032,2.4,2.4,0,0,0-.56-.808,2.613,2.613,0,0,0-.864-.528,3.09,3.09,0,0,0-1.112-.184,3.127,3.127,0,0,0-1.36.272,2.751,2.751,0,0,0-.96.736,3.007,3.007,0,0,0-.568,1.088A4.685,4.685,0,0,0,7.8,10.9v.216a4.684,4.684,0,0,0,.184,1.312,2.908,2.908,0,0,0,.568,1.08,2.731,2.731,0,0,0,.96.728,3.246,3.246,0,0,0,1.36.272,3.051,3.051,0,0,0,1.056-.184,2.729,2.729,0,0,0,.864-.5,2.442,2.442,0,0,0,.592-.752,2.153,2.153,0,0,0,.24-.92H12.192a1.139,1.139,0,0,1-.12.464,1.177,1.177,0,0,1-.288.368,1.26,1.26,0,0,1-.416.24,1.589,1.589,0,0,1-.48.08,1.359,1.359,0,0,1-.712-.184,1.4,1.4,0,0,1-.472-.5,2.09,2.09,0,0,1-.24-.7,5.392,5.392,0,0,1-.064-.8V10.9a5.33,5.33,0,0,1,.064-.808ZM11,3a8,8,0,1,0,8,8A8,8,0,0,0,11,3Zm0,14.4A6.4,6.4,0,1,1,17.4,11,6.408,6.408,0,0,1,11,17.4Z\" transform=\"translate(1 1)\" fill=\"#4d4d4d\"\/>\n        <\/g>\n    <\/g>\n<\/svg>\n<span>Staffan Widstrand \/ Rewilding Europe<\/span><\/a><\/div><p class=\"bu\">Alte W&auml;lder speichern viel Kohlenstoff und beherbergen eine gro&szlig;e biologische Vielfalt. (hier: Velebitgebirge in Kroatien)<\/p><\/div>\n                            <\/div>\n                        <\/div>\n    <\/div>\n<\/div>\n\n<div class=\"textbildrepeater pb-24 pt-0 no-bg modulclass \" id=\"\">\n    <div class=\"container\">\n        <div class=\"row\">\n                                                                <div class=\"pb-24   mod_text  col-md-12 offset-md-0 pos_top\">\n                            <div class=\"textrepeater \" id=\"\">\n    <p><strong>Der Natur zu helfen, hilft auch uns&nbsp; <\/strong><\/p>\n<p>Wir stehen aktuell zwei Umweltproblemen gegen&uuml;ber&#58; Dem R&uuml;ckgang der biologischen Vielfalt (Biodiversit&auml;t) und dem Klimawandel. Auch wenn sie h&auml;ufig getrennt betrachtet werden &ndash; die beiden zugrunde liegenden Ursachen haben oft mit einer nicht nachhaltigen Entwicklung zu tun. Zur Wiederherstellung der Natur k&ouml;nnen sogenannte Rewilding-Ma&szlig;nahmen und die St&auml;rkung naturbasierter L&ouml;sungen beitragen &ndash; mit ihnen k&ouml;nnen beide Umweltprobleme gleichzeitig bek&auml;mpft werden.<\/p>\n<p>F&uuml;r diese Doppelstrategie pl&auml;dieren Experten des Deutschen Zentrums f&uuml;r integrative Biodiversit&auml;tsforschung (iDiv), der Martin-Luther-Universit&auml;t Halle-Wittenberg (MLU), des Europ&auml;ischen Umweltb&uuml;ros (EBB), World Wide Fund for Nature (WWF), BirdLife Europe &amp; Central Asia und Rewilding Europe. In einem heute ver&ouml;ffentlichten Strategiepapier rufen sie die Europ&auml;ische Kommission auf, Rewilding mit hoher Priorit&auml;t in die EU-Biodiversit&auml;tsstrategie nach 2020 aufzunehmen. Mit ehrgeizigen Zielen f&uuml;r die Wiederherstellung der Natur und die entsprechende Gesetzgebung k&ouml;nnte die Strategie zu einer gro&szlig;fl&auml;chigen Erholung der Natur in Europa f&uuml;hren. Damit w&uuml;rde sie helfen, die Klima- und die Biodiversit&auml;tskrise zu bek&auml;mpfen und die entsprechenden Ziele der EU zu erreichen.<\/p>\n<p>&bdquo;Eine gro&szlig;fl&auml;chige Wiederherstellung der Natur in Europa w&uuml;rde nicht nur den R&uuml;ckgang der Biodiversit&auml;t stoppen und umkehren. Die Natur w&uuml;rde zus&auml;tzlich der Atmosph&auml;re Kohlenstoff entziehen und damit den Klimawandel bremsen&ldquo;, sagt Prof. Henrique Pereira, Leiter der Forschungsgruppe Biodiversit&auml;t und Naturschutz bei iDiv und MLU. &bdquo;Die neue Biodiversit&auml;tsstrategie nach 2020 sollte deshalb rechtlich bindende Ziele f&uuml;r die Wiederherstellung zerst&ouml;rter Lebensr&auml;ume mit Rewilding-Ma&szlig;nahmen beeinhalten.&ldquo;<\/p>\n<p><strong>Wiederherstellung gesch&auml;digter &Ouml;kosysteme<\/strong><\/p>\n<p>Die Wiederherstellung von W&auml;ldern k&ouml;nnte bis zu zwei Drittel der angesammelten CO2-Emissionen der Atmosph&auml;re binden und damit ma&szlig;geblich beitragen, die globale Erw&auml;rmung auf weniger als 1,5 &deg;C zu begrenzen. Solche Ma&szlig;nahmen k&ouml;nnen jedoch nur erfolgreich sein, wenn sie auf die Wiederherstellung nat&uuml;rlicher, biologisch komplexer und selbsterhaltender W&auml;lder abzielen. Monokulturen sch&auml;digen hingegen h&auml;ufig die vorhandene Biodiversit&auml;t und machen den Wald anf&auml;lliger f&uuml;r Br&auml;nde und Krankheiten.<\/p>\n<p>Auch die Wiederherstellung von Torfmooren kann eine kosteng&uuml;nstige M&ouml;glichkeit sein, den Klimawandel abzuschw&auml;chen. Funktionsf&auml;hige Torfmoore speichern Kohlenstoff auf der Atmosph&auml;re. Doch ein Gro&szlig;teil der europ&auml;ischen Moore ist gesch&auml;digt&#58; Durch Trockenlegung, Abbau, Forstwirtschaft oder Abbrennen. Das Austrocknen der Moore setzt Kohlenstoff frei. Torfmoore wiederherzustellen bedeutet deshalb auch, ihre Funktion als Kohlenstoffspeicher wiederherzustellen.<\/p>\n<p><strong>Kosteng&uuml;nstige Ver&auml;nderungen<\/strong><\/p>\n<p>Das Strategiepapier fordert, in der EU-Biodiversit&auml;tsstrategie nach 2020 verbindliche Ziele f&uuml;r die Wiederherstellung der Natur festzulegen. Dies w&uuml;rde nat&uuml;rliche Waldgebiete, Torfmoore, Aulandschaften, Feuchtgebiete und artenreiche Wiesen sowie K&uuml;sten- und Meeresgebiete einschlie&szlig;en. Wiederaufforstungen sollten mit heimischen Baumarten erfolgen w&auml;hrend sich andernorts W&auml;lder ohne Neupflanzungen erholen k&ouml;nnen.<\/p>\n<p>Die Kosten gro&szlig;fl&auml;chiger Ma&szlig;nahmen zur Wiederherstellung von &Ouml;kosystemen sind oftmals sehr hoch &ndash; ein Grund, weshalb die EU die gesetzten Ziele aktuell nicht erreicht. Das Strategiepapier zeigt, dass selbsterhaltende und funktionsf&auml;hige &Ouml;kosysteme nur wenig menschliche Unterst&uuml;tzung ben&ouml;tigen und so die Kosten f&uuml;r die Schaffung &ouml;kologischer Netzwerke reduzieren k&ouml;nnen.<\/p>\n<p>Die Wiederherstellung der Natur kann &ndash; zeitnah und kosteneffektiv &ndash; viele Vorteile haben&#58; die Reduktion von Kohlenstoff in der Atmosph&auml;re, Schutz vor &Uuml;berflutungen und K&uuml;stenerosion, stabilere Ernten, geringeres Waldbrandrisiko, sauberes Trinkwasser, menschliches Wohlbefinden und Gesundheit sowie wirtschaftliches Wachstum. Mit Rewilding-Ma&szlig;nahmen kann die EU-Biodiversit&auml;tsstrategie nach 2020 dazu beitragen, dass all dies erreicht wird.<\/p>\n<p><strong>EU-Biodiversit&auml;tsstrategie<\/strong><\/p>\n<p>Die EU-Biodiversit&auml;tsstrategie wurde 2011 von der Europ&auml;ischen Kommission verabschiedet, um den R&uuml;ckgang der Biodiversit&auml;t und naturbasierter L&ouml;sungen in der EU zu stoppen. W&auml;hrend die Strategie bis 2020 auf eine Wiederherstellung von mindestens 15 % der gesch&auml;digten &Ouml;kosysteme abzielte, zeigte ein Zwischenbericht im Jahr 2015, dass zur Erreichung dieses Ziels kaum Fortschritte gemacht wurden.<\/p>\n<\/p>\n<p><strong>Originalpublikation<\/strong><br \/>(iDiv-Wissenschaftler fett)&#58;<\/p>\n<p><strong style=background-color&#58; transparent; font-size&#58; 1em;>Henrique M. Pereira<\/strong>, <strong style=background-color&#58; transparent; font-size&#58; 1em;>N&eacute;stor Fernandez<\/strong>, <strong style=background-color&#58; transparent; font-size&#58; 1em;>Andrea Perino<\/strong>, Josiane Segar, Frans Schepers, Rob Stoneman (2020). Ecological restoration in the EU post-2020 biodiversity strategy&#58; The opportunities of rewilding European landscapes for nature and climate. <a href=https&#58;\/\/www.idiv.de\/fileadmin\/content\/iDiv_Files\/News_Files\/2020\/Ecological_restoration_in_the_EU_post-2020_biodiversity_strategy_-_The_opportunities_of_rewilding_European_landscapes_for_nature_and_climate.pdf rel=ext target=_blank>LINK<\/a><\/p>\n<\/div>\n                            <\/div>\n                        <\/div>\n    <\/div>\n<\/div>\n\n<div class=\"textbildrepeater pb-24 pt-0 no-bg modulclass \" id=\"\">\n    <div class=\"container\">\n        <div class=\"row\">\n                                                                <div class=\"pb-24   mod_text  col-md-12 offset-md-0 pos_top\">\n                            <div class=\"textrepeater \" id=\"\">\n    <h3>Ansprechpartner:<\/h3>\n<p><strong>Kati Kietzmann<\/strong><br \/>\nAbteilung Medien &amp; Kommunikation<br \/>\nDeutsches Zentrum f\u00fcr integrative Biodiversit\u00e4tsforschung (iDiv) Halle-Jena-Leipzig<br \/>\nTel.: +49 341 9733106<br \/>\nE-Mail: <a href=\"&#109;&#x61;&#x69;l&#116;&#x6f;:&#107;&#x61;&#x74;&#105;&#x2e;&#x6b;i&#101;&#x74;z&#109;&#x61;&#x6e;&#110;&#x40;&#x69;d&#105;&#x76;&#46;&#100;&#x65;\">&#107;&#97;&#x74;i&#46;&#x6b;&#x69;e&#116;&#x7a;&#x6d;a&#110;&#x6e;&#64;&#105;&#x64;&#x69;v&#46;&#x64;&#x65;<\/a><\/p>\n<p><strong>Dr. Andrea Perino<\/strong><br \/>\nDeutsches Zentrum f\u00fcr integrative Biodiversit\u00e4tsforschung (iDiv) Halle-Jena-Leipzig<br \/>\nTel.: +49 341 9733184<br \/>\nE-Mail: <a href=\"&#x6d;&#x61;&#x69;&#108;&#116;&#111;:a&#x6e;&#x64;&#x72;&#x65;&#97;&#46;pe&#x72;&#x69;&#x6e;&#x6f;&#64;&#105;di&#x76;&#x2e;&#x64;&#x65;\">&#x61;&#x6e;&#x64;&#x72;&#x65;&#x61;&#x2e;&#x70;&#x65;&#x72;&#x69;&#x6e;&#x6f;&#x40;&#x69;&#x64;&#x69;&#x76;&#x2e;&#x64;&#x65;<\/a><\/p>\n<p><strong>Prof. Dr. Henrique Miguel Pereira (spricht etwas Deutsch)<\/strong><br \/>\nForschungsgruppenleiter Biodiversit\u00e4t und Naturschutz<br \/>\nDeutsches Zentrum f\u00fcr integrative Biodiversit\u00e4tsforschung (iDiv) Halle-Jena-Leipzig<br \/>\nMartin-Luther-Universit\u00e4t Halle-Wittenberg (MLU)<br \/>\nTel.: +49 341 9733137<br \/>\nE-Mail: <a href=\"&#109;&#x61;&#105;&#x6c;&#116;&#x6f;&#58;&#x68;&#101;&#x6e;&#114;&#x69;&#113;&#x75;&#101;&#x2e;&#112;&#x65;&#114;&#x65;&#105;&#x72;&#97;&#x40;&#105;&#x64;&#105;&#x76;&#46;&#x64;&#101;\">henr&#105;&#113;&#117;&#101;&#46;&#x70;&#x65;&#x72;&#x65;&#x69;&#x72;&#x61;&#64;idi&#118;&#46;&#100;&#101;<\/a><\/p>\n<\/div>\n                            <\/div>\n                        <\/div>\n    <\/div>\n<\/div>\n\n<div class=\"textbildrepeater pb-24 pt-0 no-bg modulclass \" id=\"\">\n    <div class=\"container\">\n        <div class=\"row\">\n                                                                <div class=\"pb-24   mod_text  col-md-12 offset-md-0 pos_top\">\n                            <div class=\"textrepeater \" id=\"\">\n    <p><em>Hinweis f\u00fcr die Medien: Die von iDiv bereitgestellten Bilder d\u00fcrfen ausschlie\u00dflich f\u00fcr die Berichterstattung im Zusammenhang mit dieser Medienmitteilung und unter Angabe des\/der Urhebers\/in verwendet werden.<\/em><\/p>\n<\/div>\n                            <\/div>\n                        <\/div>\n    <\/div>\n<\/div>","protected":false},"excerpt":{"rendered":"<p>Basiert auf einer Medienmitteilung von Rewilding Europe<br \/>\nDie gro&szlig;fl&auml;chige Wiederherstellung von Naturlandschaften kann sowohl die aktuelle Klima- als auch die Biodiversit&auml;tskrise bek&auml;mpfen. Ein heute von sechs Institutionen herausgegebenes Strategiepapier, an dem auch das Deutsche Zentrum f&uuml;r integrative Biodiversit&auml;tsforschung (iDiv) und die Martin-Luther-Universit&auml;t Halle-Wittenberg (MLU) beteiligt sind, fordert von der Europ&auml;ischen Kommission eine st&auml;rkere Priorisierung sogenannter Rewilding-Ma&szlig;nahmen in der neuen EU-Biodiversit&auml;tsstrategie nach 2020. Rewilding bezeichnet die Wiederherstellung der Natur mit geringen menschlichen Eingriffen.<\/p>\n","protected":false},"author":1,"featured_media":0,"comment_status":"closed","ping_status":"closed","sticky":false,"template":"","format":"standard","meta":{"_acf_changed":false,"advgb_blocks_editor_width":"","advgb_blocks_columns_visual_guide":"","footnotes":"","_links_to":"","_links_to_target":""},"categories":[33,28,29,53,30],"tags":[],"class_list":["post-11872","post","type-post","status-publish","format-standard","hentry","category-biodiversitaet-und-naturschutz","category-idiv-de","category-medienmitteilung","category-mlu-news-de","category-top-news-de-2"],"acf":{"thumb":7075,"thumbmobile":"","copyright":"Juan Carolos Mu\u00f1oz Robredo \/ Rewilding Europe","breadcrumb":true},"yoast_head":"<!-- This site is optimized with the Yoast SEO plugin v27.4 - https:\/\/yoast.com\/product\/yoast-seo-wordpress\/ -->\n<title>EU-Biodiversit&auml;tsstrategie nach 2020: F&uuml;r eine R&uuml;ckkehr zur Natur | iDiv<\/title>\n<meta name=\"robots\" content=\"index, follow, max-snippet:-1, max-image-preview:large, max-video-preview:-1\" \/>\n<link rel=\"canonical\" href=\"https:\/\/www.idiv.de\/de\/eu-biodiversittsstrategie-nach-2020-fr-eine-rckkehr-zur-natur\/\" \/>\n<meta property=\"og:locale\" content=\"de_DE\" \/>\n<meta property=\"og:type\" content=\"article\" \/>\n<meta property=\"og:title\" content=\"EU-Biodiversit&auml;tsstrategie nach 2020: F&uuml;r eine R&uuml;ckkehr zur Natur | iDiv\" \/>\n<meta property=\"og:description\" content=\"Basiert auf einer Medienmitteilung von Rewilding Europe Die gro&szlig;fl&auml;chige Wiederherstellung von Naturlandschaften kann sowohl die aktuelle Klima- als auch die Biodiversit&auml;tskrise bek&auml;mpfen. Ein heute von sechs Institutionen herausgegebenes Strategiepapier, an dem auch das Deutsche Zentrum f&uuml;r integrative Biodiversit&auml;tsforschung (iDiv) und die Martin-Luther-Universit&auml;t Halle-Wittenberg (MLU) beteiligt sind, fordert von der Europ&auml;ischen Kommission eine st&auml;rkere Priorisierung sogenannter Rewilding-Ma&szlig;nahmen in der neuen EU-Biodiversit&auml;tsstrategie nach 2020. Rewilding bezeichnet die Wiederherstellung der Natur mit geringen menschlichen Eingriffen.\" \/>\n<meta property=\"og:url\" content=\"https:\/\/www.idiv.de\/de\/eu-biodiversittsstrategie-nach-2020-fr-eine-rckkehr-zur-natur\/\" \/>\n<meta property=\"og:site_name\" content=\"iDiv\" \/>\n<meta property=\"article:published_time\" content=\"2020-01-16T23:00:00+00:00\" \/>\n<meta property=\"article:modified_time\" content=\"2025-06-16T10:43:40+00:00\" \/>\n<meta property=\"og:image\" content=\"https:\/\/www.idiv.de\/wp-content\/uploads\/2024\/11\/iDivSocialMediaShare.jpg\" \/>\n\t<meta property=\"og:image:width\" content=\"1200\" \/>\n\t<meta property=\"og:image:height\" content=\"675\" \/>\n\t<meta property=\"og:image:type\" content=\"image\/jpeg\" \/>\n<meta name=\"author\" content=\"admin\" \/>\n<meta name=\"twitter:card\" content=\"summary_large_image\" \/>\n<meta name=\"twitter:creator\" content=\"@idiv\" \/>\n<meta name=\"twitter:site\" content=\"@idiv\" \/>\n<script type=\"application\/ld+json\" class=\"yoast-schema-graph\">{\"@context\":\"https:\\\/\\\/schema.org\",\"@graph\":[{\"@type\":\"Article\",\"@id\":\"https:\\\/\\\/www.idiv.de\\\/de\\\/eu-biodiversittsstrategie-nach-2020-fr-eine-rckkehr-zur-natur\\\/#article\",\"isPartOf\":{\"@id\":\"https:\\\/\\\/www.idiv.de\\\/de\\\/eu-biodiversittsstrategie-nach-2020-fr-eine-rckkehr-zur-natur\\\/\"},\"author\":{\"name\":\"admin\",\"@id\":\"https:\\\/\\\/www.idiv.de\\\/de\\\/#\\\/schema\\\/person\\\/14228c09f1919627a633555952e15fc0\"},\"headline\":\"EU-Biodiversit&auml;tsstrategie nach 2020: F&uuml;r eine R&uuml;ckkehr zur Natur\",\"datePublished\":\"2020-01-16T23:00:00+00:00\",\"dateModified\":\"2025-06-16T10:43:40+00:00\",\"mainEntityOfPage\":{\"@id\":\"https:\\\/\\\/www.idiv.de\\\/de\\\/eu-biodiversittsstrategie-nach-2020-fr-eine-rckkehr-zur-natur\\\/\"},\"wordCount\":13,\"publisher\":{\"@id\":\"https:\\\/\\\/www.idiv.de\\\/de\\\/#organization\"},\"articleSection\":[\"Biodiversit\u00e4t und Naturschutz\",\"iDiv\",\"Medienmitteilung\",\"MLU News\",\"TOP NEWS\"],\"inLanguage\":\"de\"},{\"@type\":\"WebPage\",\"@id\":\"https:\\\/\\\/www.idiv.de\\\/de\\\/eu-biodiversittsstrategie-nach-2020-fr-eine-rckkehr-zur-natur\\\/\",\"url\":\"https:\\\/\\\/www.idiv.de\\\/de\\\/eu-biodiversittsstrategie-nach-2020-fr-eine-rckkehr-zur-natur\\\/\",\"name\":\"EU-Biodiversit&auml;tsstrategie nach 2020: F&uuml;r eine R&uuml;ckkehr zur Natur | iDiv\",\"isPartOf\":{\"@id\":\"https:\\\/\\\/www.idiv.de\\\/de\\\/#website\"},\"datePublished\":\"2020-01-16T23:00:00+00:00\",\"dateModified\":\"2025-06-16T10:43:40+00:00\",\"breadcrumb\":{\"@id\":\"https:\\\/\\\/www.idiv.de\\\/de\\\/eu-biodiversittsstrategie-nach-2020-fr-eine-rckkehr-zur-natur\\\/#breadcrumb\"},\"inLanguage\":\"de\",\"potentialAction\":[{\"@type\":\"ReadAction\",\"target\":[\"https:\\\/\\\/www.idiv.de\\\/de\\\/eu-biodiversittsstrategie-nach-2020-fr-eine-rckkehr-zur-natur\\\/\"]}]},{\"@type\":\"BreadcrumbList\",\"@id\":\"https:\\\/\\\/www.idiv.de\\\/de\\\/eu-biodiversittsstrategie-nach-2020-fr-eine-rckkehr-zur-natur\\\/#breadcrumb\",\"itemListElement\":[{\"@type\":\"ListItem\",\"position\":1,\"name\":\"Startseite\",\"item\":\"https:\\\/\\\/www.idiv.de\\\/de\\\/\"},{\"@type\":\"ListItem\",\"position\":2,\"name\":\"EU-Biodiversit&auml;tsstrategie nach 2020: F&uuml;r eine R&uuml;ckkehr zur Natur\"}]},{\"@type\":\"WebSite\",\"@id\":\"https:\\\/\\\/www.idiv.de\\\/de\\\/#website\",\"url\":\"https:\\\/\\\/www.idiv.de\\\/de\\\/\",\"name\":\"iDiv\",\"description\":\"Hotspot in Biodiversity Research\",\"publisher\":{\"@id\":\"https:\\\/\\\/www.idiv.de\\\/de\\\/#organization\"},\"potentialAction\":[{\"@type\":\"SearchAction\",\"target\":{\"@type\":\"EntryPoint\",\"urlTemplate\":\"https:\\\/\\\/www.idiv.de\\\/de\\\/?s={search_term_string}\"},\"query-input\":{\"@type\":\"PropertyValueSpecification\",\"valueRequired\":true,\"valueName\":\"search_term_string\"}}],\"inLanguage\":\"de\"},{\"@type\":\"Organization\",\"@id\":\"https:\\\/\\\/www.idiv.de\\\/de\\\/#organization\",\"name\":\"idiv\",\"url\":\"https:\\\/\\\/www.idiv.de\\\/de\\\/\",\"logo\":{\"@type\":\"ImageObject\",\"inLanguage\":\"de\",\"@id\":\"https:\\\/\\\/www.idiv.de\\\/de\\\/#\\\/schema\\\/logo\\\/image\\\/\",\"url\":\"https:\\\/\\\/www.idiv.de\\\/wp-content\\\/uploads\\\/2024\\\/08\\\/iDiv_Logo_long_v1_EN_black_4c.jpg\",\"contentUrl\":\"https:\\\/\\\/www.idiv.de\\\/wp-content\\\/uploads\\\/2024\\\/08\\\/iDiv_Logo_long_v1_EN_black_4c.jpg\",\"width\":2448,\"height\":674,\"caption\":\"idiv\"},\"image\":{\"@id\":\"https:\\\/\\\/www.idiv.de\\\/de\\\/#\\\/schema\\\/logo\\\/image\\\/\"},\"sameAs\":[\"https:\\\/\\\/x.com\\\/idiv\",\"https:\\\/\\\/www.linkedin.com\\\/company\\\/idiv-biodiversity\\\/\",\"https:\\\/\\\/www.youtube.com\\\/idiv-research\"]},{\"@type\":\"Person\",\"@id\":\"https:\\\/\\\/www.idiv.de\\\/de\\\/#\\\/schema\\\/person\\\/14228c09f1919627a633555952e15fc0\",\"name\":\"admin\",\"url\":\"https:\\\/\\\/www.idiv.de\\\/de\\\/author\\\/admin\\\/\"}]}<\/script>\n<!-- \/ Yoast SEO plugin. -->","yoast_head_json":{"title":"EU-Biodiversit&auml;tsstrategie nach 2020: F&uuml;r eine R&uuml;ckkehr zur Natur | iDiv","robots":{"index":"index","follow":"follow","max-snippet":"max-snippet:-1","max-image-preview":"max-image-preview:large","max-video-preview":"max-video-preview:-1"},"canonical":"https:\/\/www.idiv.de\/de\/eu-biodiversittsstrategie-nach-2020-fr-eine-rckkehr-zur-natur\/","og_locale":"de_DE","og_type":"article","og_title":"EU-Biodiversit&auml;tsstrategie nach 2020: F&uuml;r eine R&uuml;ckkehr zur Natur | iDiv","og_description":"Basiert auf einer Medienmitteilung von Rewilding Europe Die gro&szlig;fl&auml;chige Wiederherstellung von Naturlandschaften kann sowohl die aktuelle Klima- als auch die Biodiversit&auml;tskrise bek&auml;mpfen. Ein heute von sechs Institutionen herausgegebenes Strategiepapier, an dem auch das Deutsche Zentrum f&uuml;r integrative Biodiversit&auml;tsforschung (iDiv) und die Martin-Luther-Universit&auml;t Halle-Wittenberg (MLU) beteiligt sind, fordert von der Europ&auml;ischen Kommission eine st&auml;rkere Priorisierung sogenannter Rewilding-Ma&szlig;nahmen in der neuen EU-Biodiversit&auml;tsstrategie nach 2020. Rewilding bezeichnet die Wiederherstellung der Natur mit geringen menschlichen Eingriffen.","og_url":"https:\/\/www.idiv.de\/de\/eu-biodiversittsstrategie-nach-2020-fr-eine-rckkehr-zur-natur\/","og_site_name":"iDiv","article_published_time":"2020-01-16T23:00:00+00:00","article_modified_time":"2025-06-16T10:43:40+00:00","og_image":[{"width":1200,"height":675,"url":"https:\/\/www.idiv.de\/wp-content\/uploads\/2024\/11\/iDivSocialMediaShare.jpg","type":"image\/jpeg"}],"author":"admin","twitter_card":"summary_large_image","twitter_creator":"@idiv","twitter_site":"@idiv","schema":{"@context":"https:\/\/schema.org","@graph":[{"@type":"Article","@id":"https:\/\/www.idiv.de\/de\/eu-biodiversittsstrategie-nach-2020-fr-eine-rckkehr-zur-natur\/#article","isPartOf":{"@id":"https:\/\/www.idiv.de\/de\/eu-biodiversittsstrategie-nach-2020-fr-eine-rckkehr-zur-natur\/"},"author":{"name":"admin","@id":"https:\/\/www.idiv.de\/de\/#\/schema\/person\/14228c09f1919627a633555952e15fc0"},"headline":"EU-Biodiversit&auml;tsstrategie nach 2020: F&uuml;r eine R&uuml;ckkehr zur Natur","datePublished":"2020-01-16T23:00:00+00:00","dateModified":"2025-06-16T10:43:40+00:00","mainEntityOfPage":{"@id":"https:\/\/www.idiv.de\/de\/eu-biodiversittsstrategie-nach-2020-fr-eine-rckkehr-zur-natur\/"},"wordCount":13,"publisher":{"@id":"https:\/\/www.idiv.de\/de\/#organization"},"articleSection":["Biodiversit\u00e4t und Naturschutz","iDiv","Medienmitteilung","MLU News","TOP NEWS"],"inLanguage":"de"},{"@type":"WebPage","@id":"https:\/\/www.idiv.de\/de\/eu-biodiversittsstrategie-nach-2020-fr-eine-rckkehr-zur-natur\/","url":"https:\/\/www.idiv.de\/de\/eu-biodiversittsstrategie-nach-2020-fr-eine-rckkehr-zur-natur\/","name":"EU-Biodiversit&auml;tsstrategie nach 2020: F&uuml;r eine R&uuml;ckkehr zur Natur | iDiv","isPartOf":{"@id":"https:\/\/www.idiv.de\/de\/#website"},"datePublished":"2020-01-16T23:00:00+00:00","dateModified":"2025-06-16T10:43:40+00:00","breadcrumb":{"@id":"https:\/\/www.idiv.de\/de\/eu-biodiversittsstrategie-nach-2020-fr-eine-rckkehr-zur-natur\/#breadcrumb"},"inLanguage":"de","potentialAction":[{"@type":"ReadAction","target":["https:\/\/www.idiv.de\/de\/eu-biodiversittsstrategie-nach-2020-fr-eine-rckkehr-zur-natur\/"]}]},{"@type":"BreadcrumbList","@id":"https:\/\/www.idiv.de\/de\/eu-biodiversittsstrategie-nach-2020-fr-eine-rckkehr-zur-natur\/#breadcrumb","itemListElement":[{"@type":"ListItem","position":1,"name":"Startseite","item":"https:\/\/www.idiv.de\/de\/"},{"@type":"ListItem","position":2,"name":"EU-Biodiversit&auml;tsstrategie nach 2020: F&uuml;r eine R&uuml;ckkehr zur Natur"}]},{"@type":"WebSite","@id":"https:\/\/www.idiv.de\/de\/#website","url":"https:\/\/www.idiv.de\/de\/","name":"iDiv","description":"Hotspot in Biodiversity Research","publisher":{"@id":"https:\/\/www.idiv.de\/de\/#organization"},"potentialAction":[{"@type":"SearchAction","target":{"@type":"EntryPoint","urlTemplate":"https:\/\/www.idiv.de\/de\/?s={search_term_string}"},"query-input":{"@type":"PropertyValueSpecification","valueRequired":true,"valueName":"search_term_string"}}],"inLanguage":"de"},{"@type":"Organization","@id":"https:\/\/www.idiv.de\/de\/#organization","name":"idiv","url":"https:\/\/www.idiv.de\/de\/","logo":{"@type":"ImageObject","inLanguage":"de","@id":"https:\/\/www.idiv.de\/de\/#\/schema\/logo\/image\/","url":"https:\/\/www.idiv.de\/wp-content\/uploads\/2024\/08\/iDiv_Logo_long_v1_EN_black_4c.jpg","contentUrl":"https:\/\/www.idiv.de\/wp-content\/uploads\/2024\/08\/iDiv_Logo_long_v1_EN_black_4c.jpg","width":2448,"height":674,"caption":"idiv"},"image":{"@id":"https:\/\/www.idiv.de\/de\/#\/schema\/logo\/image\/"},"sameAs":["https:\/\/x.com\/idiv","https:\/\/www.linkedin.com\/company\/idiv-biodiversity\/","https:\/\/www.youtube.com\/idiv-research"]},{"@type":"Person","@id":"https:\/\/www.idiv.de\/de\/#\/schema\/person\/14228c09f1919627a633555952e15fc0","name":"admin","url":"https:\/\/www.idiv.de\/de\/author\/admin\/"}]}},"author_meta":{"display_name":"admin","author_link":"https:\/\/www.idiv.de\/de\/author\/admin\/"},"featured_img":null,"coauthors":[],"tax_additional":{"categories":{"linked":["<a href=\"https:\/\/www.idiv.de\/de\/kategorie\/forschung\/biodiversitaet-und-naturschutz\/\" class=\"advgb-post-tax-term\">Biodiversit\u00e4t und Naturschutz<\/a>","<a href=\"https:\/\/www.idiv.de\/de\/kategorie\/idiv-de\/\" class=\"advgb-post-tax-term\">iDiv<\/a>","<a href=\"https:\/\/www.idiv.de\/de\/kategorie\/medienmitteilung\/\" class=\"advgb-post-tax-term\">Medienmitteilung<\/a>","<a href=\"https:\/\/www.idiv.de\/de\/kategorie\/mlu-news-de\/\" class=\"advgb-post-tax-term\">MLU News<\/a>","<a href=\"https:\/\/www.idiv.de\/de\/kategorie\/top-news-de-2\/\" class=\"advgb-post-tax-term\">TOP NEWS<\/a>"],"unlinked":["<span class=\"advgb-post-tax-term\">Biodiversit\u00e4t und Naturschutz<\/span>","<span class=\"advgb-post-tax-term\">iDiv<\/span>","<span class=\"advgb-post-tax-term\">Medienmitteilung<\/span>","<span class=\"advgb-post-tax-term\">MLU News<\/span>","<span class=\"advgb-post-tax-term\">TOP NEWS<\/span>"]}},"comment_count":0,"relative_dates":{"created":"Ver\u00f6ffentlicht 6\u00a0Jahren vor","modified":"Aktualisiert 10\u00a0Monaten vor"},"absolute_dates":{"created":"Ver\u00f6ffentlicht am 17. Januar 2020","modified":"Aktualisiert am 16. Juni 2025"},"absolute_dates_time":{"created":"Ver\u00f6ffentlicht am 17. Januar 2020 0:00","modified":"Aktualisiert am 16. Juni 2025 11:43"},"featured_img_caption":"","series_order":"","_links":{"self":[{"href":"https:\/\/www.idiv.de\/de\/wp-json\/wp\/v2\/posts\/11872","targetHints":{"allow":["GET"]}}],"collection":[{"href":"https:\/\/www.idiv.de\/de\/wp-json\/wp\/v2\/posts"}],"about":[{"href":"https:\/\/www.idiv.de\/de\/wp-json\/wp\/v2\/types\/post"}],"author":[{"embeddable":true,"href":"https:\/\/www.idiv.de\/de\/wp-json\/wp\/v2\/users\/1"}],"replies":[{"embeddable":true,"href":"https:\/\/www.idiv.de\/de\/wp-json\/wp\/v2\/comments?post=11872"}],"version-history":[{"count":2,"href":"https:\/\/www.idiv.de\/de\/wp-json\/wp\/v2\/posts\/11872\/revisions"}],"predecessor-version":[{"id":32418,"href":"https:\/\/www.idiv.de\/de\/wp-json\/wp\/v2\/posts\/11872\/revisions\/32418"}],"wp:attachment":[{"href":"https:\/\/www.idiv.de\/de\/wp-json\/wp\/v2\/media?parent=11872"}],"wp:term":[{"taxonomy":"category","embeddable":true,"href":"https:\/\/www.idiv.de\/de\/wp-json\/wp\/v2\/categories?post=11872"},{"taxonomy":"post_tag","embeddable":true,"href":"https:\/\/www.idiv.de\/de\/wp-json\/wp\/v2\/tags?post=11872"}],"curies":[{"name":"wp","href":"https:\/\/api.w.org\/{rel}","templated":true}]}}