{"id":11852,"date":"2019-12-13T00:00:00","date_gmt":"2019-12-12T23:00:00","guid":{"rendered":"https:\/\/idiv.caf-dev.de\/den-gordischen-knoten-durchschlagen\/"},"modified":"2025-09-30T08:43:55","modified_gmt":"2025-09-30T07:43:55","slug":"den-gordischen-knoten-durchschlagen","status":"publish","type":"post","link":"https:\/\/www.idiv.de\/de\/den-gordischen-knoten-durchschlagen\/","title":{"rendered":"Den gordischen Knoten durchschlagen"},"content":{"rendered":"<div class=\"herosection pb-24 pt-0 no-bg modulclass \" id=\"\">\n                    <div class=\"swiper1noslider  nooverflow swiper \" id=\"slide_69f5e458a6d77\">\n        \n                <div class=\"swiper-wrapper\">\n                                            <div class=\"swiper-slide  style_ \" aria-hidden=\"true\" >\n                            <div class=\"backstretchwrap\">\n                        \n                            <div datasrc=\"https:\/\/www.idiv.de\/wp-content\/uploads\/2024\/08\/pic_4b0482bc4920191213103256.jpg\" class=\"backstretchimg responsiv desktop\"><\/div>\n\n                            <a href=\"#\" class=\"cr\"><svg  xmlns=\"http:\/\/www.w3.org\/2000\/svg\" width=\"22\" height=\"22\" viewBox=\"0 0 22 22\">\n                                    <rect id=\"BG\" width=\"22\" height=\"22\" rx=\"11\" fill=\"#fff\"\/>\n                                    <g id=\"Wrapper\" transform=\"translate(-1 -1)\">\n                                        <g id=\"Icon_material-copyright\" data-name=\"Icon material-copyright\">\n                                            <circle id=\"Ellipse_30\" data-name=\"Ellipse 30\" cx=\"8\" cy=\"8\" r=\"8\" transform=\"translate(4 4)\" fill=\"#fff\"\/>\n                                            <path id=\"Icon_material-copyright-2\" data-name=\"Icon material-copyright\" d=\"M9.464,10.088a2.045,2.045,0,0,1,.24-.7,1.4,1.4,0,0,1,.472-.5,1.42,1.42,0,0,1,.728-.184,1.45,1.45,0,0,1,.5.1,1.29,1.29,0,0,1,.416.288,1.54,1.54,0,0,1,.272.424,1.4,1.4,0,0,1,.112.512H13.64a2.864,2.864,0,0,0-.224-1.032,2.4,2.4,0,0,0-.56-.808,2.613,2.613,0,0,0-.864-.528,3.09,3.09,0,0,0-1.112-.184,3.127,3.127,0,0,0-1.36.272,2.751,2.751,0,0,0-.96.736,3.007,3.007,0,0,0-.568,1.088A4.685,4.685,0,0,0,7.8,10.9v.216a4.684,4.684,0,0,0,.184,1.312,2.908,2.908,0,0,0,.568,1.08,2.731,2.731,0,0,0,.96.728,3.246,3.246,0,0,0,1.36.272,3.051,3.051,0,0,0,1.056-.184,2.729,2.729,0,0,0,.864-.5,2.442,2.442,0,0,0,.592-.752,2.153,2.153,0,0,0,.24-.92H12.192a1.139,1.139,0,0,1-.12.464,1.177,1.177,0,0,1-.288.368,1.26,1.26,0,0,1-.416.24,1.589,1.589,0,0,1-.48.08,1.359,1.359,0,0,1-.712-.184,1.4,1.4,0,0,1-.472-.5,2.09,2.09,0,0,1-.24-.7,5.392,5.392,0,0,1-.064-.8V10.9a5.33,5.33,0,0,1,.064-.808ZM11,3a8,8,0,1,0,8,8A8,8,0,0,0,11,3Zm0,14.4A6.4,6.4,0,1,1,17.4,11,6.408,6.408,0,0,1,11,17.4Z\" transform=\"translate(1 1)\" fill=\"#4d4d4d\"\/>\n                                        <\/g>\n                                    <\/g>\n                                <\/svg>\n                                <span>Bild: Andr\u00e9 K\u00fcnzelmann \/ UFZ<\/span><\/a>                        \n                                                    <\/div>\n                                        <div class=\"sliderinhalt \" role=\"region\" aria-label=\"carousel\">\n\n                                            <h1 class=\"h1 tcenter\" >Den gordischen Knoten durchschlagen<\/h1>                                                    <p style=\"text-align: center;\">Um die Artenvielfalt zu retten, sollten die gro\u00dfen globalen Probleme jetzt angegangen werden<\/p>\n                                                \n                                                                                                            <\/div>\n                                            <\/div>\n\n                        \n                 <\/div>\n\n                              <\/div>\n<\/div>\n\n<div class=\"textbildrepeater pb-24 pt-0 no-bg modulclass \" id=\"\">\n    <div class=\"container\">\n        <div class=\"row\">\n                                                                <div class=\"pb-24   mod_text  col-md-6 offset-md-0 pos_top\">\n                            <div class=\"textrepeater \" id=\"\">\n    <p>13.12.2019 | iDiv Members, TOP NEWS<\/p>\n<\/div>\n                            <\/div>\n                        <\/div>\n    <\/div>\n<\/div>\n\n<div class=\"textbildrepeater pb-24 pt-0 no-bg modulclass \" id=\"\">\n    <div class=\"container\">\n        <div class=\"row\">\n                                                                <div class=\"pb-24   mod_text  col-md-12 offset-md-0 pos_top\">\n                            <div class=\"textrepeater \" id=\"\">\n    <p><strong>Basiert auf einer Medienmitteilung des Helmholtz-Zentrums f&uuml;r Umweltforschung &#8211; UFZ.<\/strong><\/p>\n<p><strong>Seit den 1970er Jahren w&auml;chst der Einfluss der Menschheit auf die Natur rasant, berichten Wissenschaftlerinnen und Wissenschaftler aus aller Welt in der aktuellen Ausgabe der renommierten Fachzeitschrift Science. Da aber eine Reihe von eng miteinander verzahnten Einfl&uuml;ssen vom Klimawandel bis zu &Uuml;berfischung und Land&uuml;bernutzung die Umwelt in die Zange nehmen, sollten diese weltweiten Herausforderungen alle gleichzeitig an der Wurzel gepackt werden, um weitere massive globale Sch&auml;den noch zu verhindern. Und das m&uuml;sste sofort geschehen, betonen die Forscher. Unter den Autoren ist auch das iDiv-Mitglied Prof. Josef Settele vom Helmholtz-Zentrum f&uuml;r Umweltforschung &ndash; UFZ.<\/strong><\/p>\n<\/div>\n                            <\/div>\n                        <\/div>\n    <\/div>\n<\/div>\n\n<div class=\"textbildrepeater pb-24 pt-0 no-bg modulclass \" id=\"\">\n    <div class=\"container\">\n        <div class=\"row\">\n                                                                <div class=\"pb-24   mod_bild  col-md-5 offset-md-0 pos_top\">\n                            <div class=\"bildrepeater \" id=\"\">\n    <div class=\"relativ\"><img decoding=\"async\" class=\"responsiv desktop\" src=\"https:\/\/www.idiv.de\/wp-content\/uploads\/2024\/08\/pic_f96cbddc9f20191213142722.jpg\" height=\"\" width=\"\" alt=\"idiv-\"\/><img decoding=\"async\" class=\"responsiv mobile\" src=\"https:\/\/www.idiv.de\/wp-content\/uploads\/2024\/08\/pic_f96cbddc9f20191213142722.jpg\" height=\"\" width=\"\" alt=\"idiv-\"\/><a href=\"#\" class=\"cr\" role=\"button\">\n<svg  xmlns=\"http:\/\/www.w3.org\/2000\/svg\" width=\"22\" height=\"22\" viewBox=\"0 0 22 22\">\n    <rect id=\"BG\" width=\"22\" height=\"22\" rx=\"11\" fill=\"#fff\"\/>\n    <g id=\"Wrapper\" transform=\"translate(-1 -1)\">\n        <g id=\"Icon_material-copyright\" data-name=\"Icon material-copyright\">\n            <circle id=\"Ellipse_30\" data-name=\"Ellipse 30\" cx=\"8\" cy=\"8\" r=\"8\" transform=\"translate(4 4)\" fill=\"#fff\"\/>\n            <path id=\"Icon_material-copyright-2\" data-name=\"Icon material-copyright\" d=\"M9.464,10.088a2.045,2.045,0,0,1,.24-.7,1.4,1.4,0,0,1,.472-.5,1.42,1.42,0,0,1,.728-.184,1.45,1.45,0,0,1,.5.1,1.29,1.29,0,0,1,.416.288,1.54,1.54,0,0,1,.272.424,1.4,1.4,0,0,1,.112.512H13.64a2.864,2.864,0,0,0-.224-1.032,2.4,2.4,0,0,0-.56-.808,2.613,2.613,0,0,0-.864-.528,3.09,3.09,0,0,0-1.112-.184,3.127,3.127,0,0,0-1.36.272,2.751,2.751,0,0,0-.96.736,3.007,3.007,0,0,0-.568,1.088A4.685,4.685,0,0,0,7.8,10.9v.216a4.684,4.684,0,0,0,.184,1.312,2.908,2.908,0,0,0,.568,1.08,2.731,2.731,0,0,0,.96.728,3.246,3.246,0,0,0,1.36.272,3.051,3.051,0,0,0,1.056-.184,2.729,2.729,0,0,0,.864-.5,2.442,2.442,0,0,0,.592-.752,2.153,2.153,0,0,0,.24-.92H12.192a1.139,1.139,0,0,1-.12.464,1.177,1.177,0,0,1-.288.368,1.26,1.26,0,0,1-.416.24,1.589,1.589,0,0,1-.48.08,1.359,1.359,0,0,1-.712-.184,1.4,1.4,0,0,1-.472-.5,2.09,2.09,0,0,1-.24-.7,5.392,5.392,0,0,1-.064-.8V10.9a5.33,5.33,0,0,1,.064-.808ZM11,3a8,8,0,1,0,8,8A8,8,0,0,0,11,3Zm0,14.4A6.4,6.4,0,1,1,17.4,11,6.408,6.408,0,0,1,11,17.4Z\" transform=\"translate(1 1)\" fill=\"#4d4d4d\"\/>\n        <\/g>\n    <\/g>\n<\/svg>\n<span>Bild: \u00a9 Grafik in Anlehnung an IPBES-SPM<\/span><\/a><\/div><p class=\"bu\">Komplexe Systeme k&ouml;nnen nicht durch eine einzige Ma&szlig;nahme nachhaltig ver&auml;ndert werden. Die Grafik zeigt f&uuml;nf Steuerungsma&szlig;nahmen (Hebel) sowie acht Interventionspunkte, die sich aus dem jetzigen Stand der Forschung zur Gestaltung von nachhaltigen Transformationen ableiten lassen.<\/p><\/div>\n                            <\/div>\n                        <\/div>\n    <\/div>\n<\/div>\n\n<div class=\"textbildrepeater pb-24 pt-0 no-bg modulclass \" id=\"\">\n    <div class=\"container\">\n        <div class=\"row\">\n                                                                <div class=\"pb-24   mod_text  col-md-12 offset-md-0 pos_top\">\n                            <div class=\"textrepeater \" id=\"\">\n    <p>Dabei st\u00fctzen die Wissenschaftler sich auf eine 1.500 Seiten umfassende Bestandsaufnahme der Natur, die mehrere hundert Forscher im Fr\u00fchjahr 2019 der Weltkonferenz zur Artenvielfalt des UN-Weltbiodiversit\u00e4tsrats IPBES in Paris vorgelegt und jetzt in Science zusammengefasst haben. Dieser Bericht zeigt, dass die immer noch wachsende Weltbev\u00f6lkerung zusammen mit dem rasch wachsenden Pro-Kopf-Ressourcen-Verbrauch die Erde zunehmend dazu trimmt, die Menschheit m\u00f6glichst gut mit Nahrung, Energie und Holz zu versorgen. Obendrein werden viele dieser G\u00fcter oft genug auch noch rund um den Globus transportiert. Allzu gro\u00dfe R\u00fccksicht auf die Natur wird dabei h\u00e4ufig nicht genommen. Und das zeigt Wirkung: Jedes Jahr verschwinden Pflanzen- und Tierarten f\u00fcr immer von der Erde, gleichzeitig sinkt bei vielen der verbliebenen Arten die Zahl der Individuen. Der Zustand der \u00d6kosysteme befindet sich vielerorts in einem raschen Sinkflug.<\/p>\n<p>Das wiederum schl\u00e4gt auf die Menschheit zur\u00fcck, weil die Natur uns immer schlechter mit sauberem Wasser, reiner Luft oder nat\u00fcrlichen Heilmitteln versorgt sowie die Treibhausgase binden kann, die den Klimawandel verursachen. Besserung ist keine in Sicht, ganz im Gegenteil d\u00fcrfte es in den n\u00e4chsten Jahrzehnten noch schlimmer kommen. Es sei denn, wir rei\u00dfen das Ruder rasch herum, stellen die Forscher fest. Das aber muss in vielen Bereichen gleichzeitig geschehen, weil die verschiedenen Einfl\u00fcsse in der Natur eng miteinander verflochten sind.<\/p>\n<p>So holen wir vielerorts mehr Fische aus den Ozeanen und jagen mehr Tiere in W\u00e4ldern und auf Grasl\u00e4ndern als in der Natur wieder nachwachsen. Um genug Nahrungsmittel zu produzieren, intensivieren Landwirte ihre Wiesen und \u00c4cker immer weiter und bringen damit Bienen und viele anderen Insekten in die Bredouille, ohne die Obst- und Gem\u00fcsebauern massive Ernteeinbr\u00fcche zu erwarten h\u00e4tten. W\u00e4chst die Bev\u00f6lkerung, brauchen \u00c4cker, Wiesen, Siedlungen und Verkehrswege meist mehr Platz, der fast zwangsl\u00e4ufig der Natur fehlt. Dazu kommt der Klimawandel, der die Lebensbedingungen f\u00fcr viele Arten weiter versch\u00e4rft. Und verschiedene Schadstoffe, die Verkehr, Wirtschaft und private Haushalte produzieren und die das Leben sowohl in der Natur wie auch in der Kulturlandschaft zus\u00e4tzlich unter Druck setzen.<\/p>\n<p>Wie diese Dinge zusammenwirken, zeigt der UFZ-Agrarwissenschaftler und Insektenforscher Prof. Josef Settele, einer der Mitautoren des Papers, gern am Beispiel von Wiesen auf magerem Boden: \u201eDort bl\u00fchen seit Jahrhunderten Orchideen und viele andere Pflanzen, von denen sich nicht nur viele bunte Schmetterlinge ern\u00e4hren\u201c, schildert er vielerorts l\u00e4ngst vergangene Zeiten. Diese Artenvielfalt aber l\u00e4sst sich nur mit einem guten Management in Form von Weidevieh erhalten. Ohne den gesunden Appetit von Rindern, Schafen oder Ziegen, die auch so manchen Keimling verschlingen, w\u00fcrden diese Wiesen bald von B\u00fcschen und sp\u00e4ter von Wald \u00fcberwuchert werden. L\u00e4sst der Klimawandel aber die Temperaturen steigen und die Trockenperioden zunehmen, drohen sie zu verdorren und lie\u00dfen damit die Artenvielfalt zusammenbrechen. Wenn dann auch noch der Verkehr mit Verbrennungsmotoren viele Stickstoff-Verbindungen in die Luft bl\u00e4st, die solche Wiesen rasch \u00fcberd\u00fcngen, wachsen bald andere Pflanzen auf den Magerwiesen, die den Raupen der Schmetterlinge nicht munden, und die flatternde Vielfalt verschwindet.<\/p>\n<p>\u201eNur wenn wir diese Probleme vom guten Weidemanagement bis zum Klimawandel gleichzeitig anpacken, haben solche Magerwiesen also langfristig eine \u00dcberlebenschance\u201c, fasst Josef Settele zusammen. Davon aber haben dann sehr viele Menschen etwas: N\u00e4hrt die Wiese doch das Vieh, das Milch, Joghurt und K\u00e4se liefert. \u201eUnd dies sicher nachhaltiger als eine sehr intensive industrielle Tierhaltung, die den Klimawandel und den Verlust von Artenvielfalt verst\u00e4rkt, weil f\u00fcr sie zum Beispiel Regenwald gerodet wird, um dort Futter anzubauen, und gro\u00dfe konzentrierte Tierbest\u00e4nde erhebliche Mengen des Treibhausgases Methan freisetzen\u201c, erg\u00e4nzt Prof. Almut Arneth, Spezialistin f\u00fcr \u00d6kosystem-Atmosph\u00e4ren-Interaktionen am KIT und ebenso am Science-Paper beteiligt. Obendrein k\u00f6nnen Menschen vor einer bunten Blumenwiese die Seele einmal baumeln lassen und sich so vom Stress des Alltags erholen.<\/p>\n<p>\u00c4hnlich wie eine Magerwiese nehmen solche Einfl\u00fcsse des Menschen auch andere Natur- und Kulturlandschaften in die Zange. Denken die Menschen dann vor allem an den eigenen Kontinent, das eigene Land und die eigene Gemeinde und ignorieren die weltweite Zusammenarbeit, versch\u00e4rft das die Situation weiter, stellen die Forscher fest. Genau in diese Richtung aber l\u00e4uft offensichtlich der Trend nicht nur in den USA und Brasilien, sondern auch in Europa und anderen Kontinenten. Deutlich besser f\u00e4hrt die nat\u00fcrliche Vielfalt dagegen mit reduziertem Konsum, nachhaltige Entwicklung verbessert die Situation weiter.<\/p>\n<p>Es gen\u00fcgt allerdings schon lange nicht mehr, \u00e4hnlich wie die Feuerwehr nur die brennenden Probleme zu l\u00f6schen. \u201eNat\u00fcrlich m\u00fcssen wir m\u00f6glichst viele Gebiete unter Naturschutz stellen oder beispielsweise als gut gemanagte Kulturlandschaften retten\u201c, erkl\u00e4rt Josef Settele. Dar\u00fcber hinaus aber sei es sehr wichtig, die Probleme an der Wurzel zu packen und sowohl den Klimawandel zu bremsen als auch einen Verkehr zu entwickeln, der keine Stickstoff-Verbindungen in die Luft bl\u00e4st. \u201eUnd das mit einem ganzen B\u00fcndel von Ma\u00dfnahmen\u201c, erg\u00e4nzt Josef Settele: Positive Anreize wie F\u00f6rdergelder f\u00fcr nachhaltige Heizungen und Verkehr lenken die Menschen sanft in die richtige Richtung. Gleichzeitig dienen Gesetze als Leitplanken f\u00fcr nachhaltiges Verhalten, und vorbeugende Ma\u00dfnahmen verh\u00fcten das Schlimmste. Die wichtigste Forderung der Wissenschaftler aber wiederholen Josef Settele und Almut Arneth noch einmal gemeinsam: \u201eWir m\u00fcssen sofort beginnen, weil uns sonst einfach die Zeit davonl\u00e4uft!\u201c<\/p>\n<p>Die Publikation basiert auf der im Mai 2019 durch den <strong>Weltbiodiversit\u00e4tsrat IPBES<\/strong> ver\u00f6ffentlichten Zusammenfassung f\u00fcr Politiker (Summary for Policymakers) des Globalen Assessments. Der Bericht, der unter dem Co-Vorsitz von Prof. Josef Settele erstellt wurde, liefert eine Gesamt\u00fcbersicht zum Zustand der biologischen Vielfalt und der Leistungen der \u00d6kosysteme weltweit. Eine deutsche Zusammenfassung des Summary for Policymakers finden Sie unter <a href=\"https:\/\/www.ufz.de\/export\/data\/2\/228053_IPBES-Factsheet_2-Auflage.pdf\" target=\"_blank\" aria-label=\"open in new tab\" rel=\"ext noopener\">https:\/\/www.ufz.de\/export\/data\/2\/228053_IPBES-Factsheet_2-Auflage.pdf<\/a><\/p>\n<p>&nbsp;<\/p>\n<p><strong>Originalpublikation:<\/strong><br \/>\n(iDiv-Wissenschaftler fett)<\/p>\n<p>Sandra D\u00edaz, <strong>Josef Settele<\/strong>, Eduardo S. Brond\u00edzio, Hien T. Ngo, John Agard, Almut Arneth, Patricia Balvanera, Kate A. Brauman, Stuart H. M. Butchart, Kai M. A. Chan, Lucas A. Garibaldi, Kazuhito Ichii, Jianguo Liu, Suneetha M. Subramanian, Guy F. Midgley, Patricia Miloslavich, Zsolt Moln\u00e1r, David Obura, Alexander Pfaff, Stephen Polasky, Andy Purvis, Jona Razzaque, Belinda Reyers, Rinku Roy Chowdhury, Yunne-Jai Shin, Ingrid Visseren-Hamakers, Katherine Willis, Cynthia N. Zayas: Pervasive human-driven decline of life on Earth points to the need for profound change, Science 366 (2019) <a href=\"http:\/\/dx.doi.org\/10.1126\/science.aax3100\" target=\"_blank\" aria-label=\"open in new tab\" rel=\"ext noopener\">DOI: 10.1126\/science.aax3100<\/a><\/p>\n<p>&nbsp;<\/p>\n<h2>Ansprechpartner:<\/h2>\n<p><strong>Prof. Dr. Josef Settele<\/strong><br \/>\nHelmholtz-Zentrum f\u00fcr Umweltforschung &#8211; UFZ<br \/>\nMitglied des Deutschen Zentrums f\u00fcr integrative Biodiversit\u00e4tsforschung (iDiv)<br \/>\nKoordinierender Leitautor im Globalen IPBES-Assessment<br \/>\nE-Mail: <a title=\"href=&#109;&#x61;&#105;&#x6c;&#116;&#x6f;:&#x6a;o&#115;&#x65;&#102;&#x2e;&#115;&#x65;t&#x74;e&#108;&#x65;&#64;&#x75;&#102;&#x7a;&#46;&#x64;e\" rel=\"email\">&#106;&#x6f;&#115;&#x65;&#102;&#x2e;&#115;&#x65;&#116;&#x74;&#101;&#x6c;e&#x40;u&#x66;z&#x2e;d&#x65;<\/a><br \/>\n<a href=\"http:\/\/www.ufz.de\/index.php?en=38572\" target=\"_blank\" aria-label=\"open in new tab\" rel=\"ext noopener\">http:\/\/www.ufz.de\/index.php?en=38572<\/a><\/p>\n<p><strong>Prof. Dr. Almut Arneth<\/strong><br \/>\nKarlsruher Institut f\u00fcr Technologie &#8211; KIT<br \/>\nKoordinierende Leitautorin im Globalen IPBES-Assessment<br \/>\nE-Mail: <a title=\"href=&#x6d;&#x61;&#x69;&#108;&#116;&#111;:j&#x6f;&#x73;&#x65;&#x66;&#46;&#115;et&#x74;&#x65;&#x6c;&#x65;&#64;&#117;fz&#x2e;&#x64;&#x65;\" rel=\"email\">&#x61;&#108;&#x6d;&#x75;&#116;&#x68;&#46;a&#x72;&#110;e&#x74;&#104;&#64;&#x6b;&#105;t&#x2e;&#100;&#x65;<\/a><\/p>\n<\/div>\n                            <\/div>\n                        <\/div>\n    <\/div>\n<\/div>\n\n<div class=\"textbildrepeater pb-24 pt-0 no-bg modulclass \" id=\"\">\n    <div class=\"container\">\n        <div class=\"row\">\n                                                                <div class=\"pb-24   mod_text  col-md-12 offset-md-0 pos_top\">\n                            <div class=\"textrepeater \" id=\"\">\n    <p><em>Hinweis f\u00fcr die Medien: Die von iDiv bereitgestellten Bilder d\u00fcrfen ausschlie\u00dflich f\u00fcr die Berichterstattung im Zusammenhang mit dieser Medienmitteilung und unter Angabe des\/der Urhebers\/in verwendet werden.<\/em><\/p>\n<\/div>\n                            <\/div>\n                        <\/div>\n    <\/div>\n<\/div>","protected":false},"excerpt":{"rendered":"<p>Basiert auf einer Medienmitteilung des Helmholtz-Zentrums f&uuml;r Umweltforschung &#8211; UFZ.<br \/>\nSeit den 1970er Jahren w&auml;chst der Einfluss der Menschheit auf die Natur rasant, berichten Wissenschaftlerinnen und Wissenschaftler aus aller Welt in der aktuellen Ausgabe der renommierten Fachzeitschrift Science. Da aber eine Reihe von eng miteinander verzahnten Einfl&uuml;ssen vom Klimawandel bis zu &Uuml;berfischung und Land&uuml;bernutzung die Umwelt in die Zange nehmen, sollten diese weltweiten Herausforderungen alle gleichzeitig an der Wurzel gepackt werden, um weitere massive globale Sch&auml;den noch zu verhindern. Und das m&uuml;sste sofort geschehen, betonen die Forscher. Unter den Autoren ist auch das iDiv-Mitglied Prof. Josef Settele vom Helmholtz-Zentrum f&uuml;r Umweltforschung &ndash; UFZ.<\/p>\n","protected":false},"author":1,"featured_media":0,"comment_status":"open","ping_status":"open","sticky":false,"template":"","format":"standard","meta":{"_acf_changed":false,"advgb_blocks_editor_width":"","advgb_blocks_columns_visual_guide":"","footnotes":"","_links_to":"","_links_to_target":""},"categories":[39,30,32],"tags":[],"class_list":["post-11852","post","type-post","status-publish","format-standard","hentry","category-idiv-mitglieder","category-top-news-de-2","category-ufz-news-de"],"acf":{"thumb":7119,"thumbmobile":"","copyright":"Bild: Andr\u00e9 K\u00fcnzelmann \/ UFZ","breadcrumb":true},"yoast_head":"<!-- This site is optimized with the Yoast SEO plugin v27.5 - https:\/\/yoast.com\/product\/yoast-seo-wordpress\/ -->\n<title>Den gordischen Knoten durchschlagen | iDiv<\/title>\n<meta name=\"robots\" content=\"index, follow, max-snippet:-1, max-image-preview:large, max-video-preview:-1\" \/>\n<link rel=\"canonical\" href=\"https:\/\/www.idiv.de\/de\/den-gordischen-knoten-durchschlagen\/\" \/>\n<meta property=\"og:locale\" content=\"de_DE\" \/>\n<meta property=\"og:type\" content=\"article\" \/>\n<meta property=\"og:title\" content=\"Den gordischen Knoten durchschlagen | iDiv\" \/>\n<meta property=\"og:description\" content=\"Basiert auf einer Medienmitteilung des Helmholtz-Zentrums f&uuml;r Umweltforschung - UFZ. Seit den 1970er Jahren w&auml;chst der Einfluss der Menschheit auf die Natur rasant, berichten Wissenschaftlerinnen und Wissenschaftler aus aller Welt in der aktuellen Ausgabe der renommierten Fachzeitschrift Science. Da aber eine Reihe von eng miteinander verzahnten Einfl&uuml;ssen vom Klimawandel bis zu &Uuml;berfischung und Land&uuml;bernutzung die Umwelt in die Zange nehmen, sollten diese weltweiten Herausforderungen alle gleichzeitig an der Wurzel gepackt werden, um weitere massive globale Sch&auml;den noch zu verhindern. Und das m&uuml;sste sofort geschehen, betonen die Forscher. Unter den Autoren ist auch das iDiv-Mitglied Prof. Josef Settele vom Helmholtz-Zentrum f&uuml;r Umweltforschung &ndash; UFZ.\" \/>\n<meta property=\"og:url\" content=\"https:\/\/www.idiv.de\/de\/den-gordischen-knoten-durchschlagen\/\" \/>\n<meta property=\"og:site_name\" content=\"iDiv\" \/>\n<meta property=\"article:published_time\" content=\"2019-12-12T23:00:00+00:00\" \/>\n<meta property=\"article:modified_time\" content=\"2025-09-30T07:43:55+00:00\" \/>\n<meta property=\"og:image\" content=\"https:\/\/www.idiv.de\/wp-content\/uploads\/2024\/11\/iDivSocialMediaShare.jpg\" \/>\n\t<meta property=\"og:image:width\" content=\"1200\" \/>\n\t<meta property=\"og:image:height\" content=\"675\" \/>\n\t<meta property=\"og:image:type\" content=\"image\/jpeg\" \/>\n<meta name=\"author\" content=\"admin\" \/>\n<meta name=\"twitter:card\" content=\"summary_large_image\" \/>\n<meta name=\"twitter:creator\" content=\"@idiv\" \/>\n<meta name=\"twitter:site\" content=\"@idiv\" \/>\n<script type=\"application\/ld+json\" class=\"yoast-schema-graph\">{\"@context\":\"https:\\\/\\\/schema.org\",\"@graph\":[{\"@type\":\"Article\",\"@id\":\"https:\\\/\\\/www.idiv.de\\\/de\\\/den-gordischen-knoten-durchschlagen\\\/#article\",\"isPartOf\":{\"@id\":\"https:\\\/\\\/www.idiv.de\\\/de\\\/den-gordischen-knoten-durchschlagen\\\/\"},\"author\":{\"name\":\"admin\",\"@id\":\"https:\\\/\\\/www.idiv.de\\\/de\\\/#\\\/schema\\\/person\\\/14228c09f1919627a633555952e15fc0\"},\"headline\":\"Den gordischen Knoten durchschlagen\",\"datePublished\":\"2019-12-12T23:00:00+00:00\",\"dateModified\":\"2025-09-30T07:43:55+00:00\",\"mainEntityOfPage\":{\"@id\":\"https:\\\/\\\/www.idiv.de\\\/de\\\/den-gordischen-knoten-durchschlagen\\\/\"},\"wordCount\":4,\"commentCount\":0,\"publisher\":{\"@id\":\"https:\\\/\\\/www.idiv.de\\\/de\\\/#organization\"},\"articleSection\":[\"iDiv-Mitglieder\",\"TOP NEWS\",\"UFZ-News\"],\"inLanguage\":\"de\"},{\"@type\":\"WebPage\",\"@id\":\"https:\\\/\\\/www.idiv.de\\\/de\\\/den-gordischen-knoten-durchschlagen\\\/\",\"url\":\"https:\\\/\\\/www.idiv.de\\\/de\\\/den-gordischen-knoten-durchschlagen\\\/\",\"name\":\"Den gordischen Knoten durchschlagen | iDiv\",\"isPartOf\":{\"@id\":\"https:\\\/\\\/www.idiv.de\\\/de\\\/#website\"},\"datePublished\":\"2019-12-12T23:00:00+00:00\",\"dateModified\":\"2025-09-30T07:43:55+00:00\",\"breadcrumb\":{\"@id\":\"https:\\\/\\\/www.idiv.de\\\/de\\\/den-gordischen-knoten-durchschlagen\\\/#breadcrumb\"},\"inLanguage\":\"de\",\"potentialAction\":[{\"@type\":\"ReadAction\",\"target\":[\"https:\\\/\\\/www.idiv.de\\\/de\\\/den-gordischen-knoten-durchschlagen\\\/\"]}]},{\"@type\":\"BreadcrumbList\",\"@id\":\"https:\\\/\\\/www.idiv.de\\\/de\\\/den-gordischen-knoten-durchschlagen\\\/#breadcrumb\",\"itemListElement\":[{\"@type\":\"ListItem\",\"position\":1,\"name\":\"Startseite\",\"item\":\"https:\\\/\\\/www.idiv.de\\\/de\\\/\"},{\"@type\":\"ListItem\",\"position\":2,\"name\":\"Den gordischen Knoten durchschlagen\"}]},{\"@type\":\"WebSite\",\"@id\":\"https:\\\/\\\/www.idiv.de\\\/de\\\/#website\",\"url\":\"https:\\\/\\\/www.idiv.de\\\/de\\\/\",\"name\":\"iDiv\",\"description\":\"Hotspot in Biodiversity Research\",\"publisher\":{\"@id\":\"https:\\\/\\\/www.idiv.de\\\/de\\\/#organization\"},\"potentialAction\":[{\"@type\":\"SearchAction\",\"target\":{\"@type\":\"EntryPoint\",\"urlTemplate\":\"https:\\\/\\\/www.idiv.de\\\/de\\\/?s={search_term_string}\"},\"query-input\":{\"@type\":\"PropertyValueSpecification\",\"valueRequired\":true,\"valueName\":\"search_term_string\"}}],\"inLanguage\":\"de\"},{\"@type\":\"Organization\",\"@id\":\"https:\\\/\\\/www.idiv.de\\\/de\\\/#organization\",\"name\":\"idiv\",\"url\":\"https:\\\/\\\/www.idiv.de\\\/de\\\/\",\"logo\":{\"@type\":\"ImageObject\",\"inLanguage\":\"de\",\"@id\":\"https:\\\/\\\/www.idiv.de\\\/de\\\/#\\\/schema\\\/logo\\\/image\\\/\",\"url\":\"https:\\\/\\\/www.idiv.de\\\/wp-content\\\/uploads\\\/2024\\\/08\\\/iDiv_Logo_long_v1_EN_black_4c.jpg\",\"contentUrl\":\"https:\\\/\\\/www.idiv.de\\\/wp-content\\\/uploads\\\/2024\\\/08\\\/iDiv_Logo_long_v1_EN_black_4c.jpg\",\"width\":2448,\"height\":674,\"caption\":\"idiv\"},\"image\":{\"@id\":\"https:\\\/\\\/www.idiv.de\\\/de\\\/#\\\/schema\\\/logo\\\/image\\\/\"},\"sameAs\":[\"https:\\\/\\\/x.com\\\/idiv\",\"https:\\\/\\\/www.linkedin.com\\\/company\\\/idiv-biodiversity\\\/\",\"https:\\\/\\\/www.youtube.com\\\/idiv-research\"]},{\"@type\":\"Person\",\"@id\":\"https:\\\/\\\/www.idiv.de\\\/de\\\/#\\\/schema\\\/person\\\/14228c09f1919627a633555952e15fc0\",\"name\":\"admin\",\"url\":\"https:\\\/\\\/www.idiv.de\\\/de\\\/author\\\/admin\\\/\"}]}<\/script>\n<!-- \/ Yoast SEO plugin. -->","yoast_head_json":{"title":"Den gordischen Knoten durchschlagen | iDiv","robots":{"index":"index","follow":"follow","max-snippet":"max-snippet:-1","max-image-preview":"max-image-preview:large","max-video-preview":"max-video-preview:-1"},"canonical":"https:\/\/www.idiv.de\/de\/den-gordischen-knoten-durchschlagen\/","og_locale":"de_DE","og_type":"article","og_title":"Den gordischen Knoten durchschlagen | iDiv","og_description":"Basiert auf einer Medienmitteilung des Helmholtz-Zentrums f&uuml;r Umweltforschung - UFZ. Seit den 1970er Jahren w&auml;chst der Einfluss der Menschheit auf die Natur rasant, berichten Wissenschaftlerinnen und Wissenschaftler aus aller Welt in der aktuellen Ausgabe der renommierten Fachzeitschrift Science. Da aber eine Reihe von eng miteinander verzahnten Einfl&uuml;ssen vom Klimawandel bis zu &Uuml;berfischung und Land&uuml;bernutzung die Umwelt in die Zange nehmen, sollten diese weltweiten Herausforderungen alle gleichzeitig an der Wurzel gepackt werden, um weitere massive globale Sch&auml;den noch zu verhindern. Und das m&uuml;sste sofort geschehen, betonen die Forscher. Unter den Autoren ist auch das iDiv-Mitglied Prof. Josef Settele vom Helmholtz-Zentrum f&uuml;r Umweltforschung &ndash; UFZ.","og_url":"https:\/\/www.idiv.de\/de\/den-gordischen-knoten-durchschlagen\/","og_site_name":"iDiv","article_published_time":"2019-12-12T23:00:00+00:00","article_modified_time":"2025-09-30T07:43:55+00:00","og_image":[{"width":1200,"height":675,"url":"https:\/\/www.idiv.de\/wp-content\/uploads\/2024\/11\/iDivSocialMediaShare.jpg","type":"image\/jpeg"}],"author":"admin","twitter_card":"summary_large_image","twitter_creator":"@idiv","twitter_site":"@idiv","schema":{"@context":"https:\/\/schema.org","@graph":[{"@type":"Article","@id":"https:\/\/www.idiv.de\/de\/den-gordischen-knoten-durchschlagen\/#article","isPartOf":{"@id":"https:\/\/www.idiv.de\/de\/den-gordischen-knoten-durchschlagen\/"},"author":{"name":"admin","@id":"https:\/\/www.idiv.de\/de\/#\/schema\/person\/14228c09f1919627a633555952e15fc0"},"headline":"Den gordischen Knoten durchschlagen","datePublished":"2019-12-12T23:00:00+00:00","dateModified":"2025-09-30T07:43:55+00:00","mainEntityOfPage":{"@id":"https:\/\/www.idiv.de\/de\/den-gordischen-knoten-durchschlagen\/"},"wordCount":4,"commentCount":0,"publisher":{"@id":"https:\/\/www.idiv.de\/de\/#organization"},"articleSection":["iDiv-Mitglieder","TOP NEWS","UFZ-News"],"inLanguage":"de"},{"@type":"WebPage","@id":"https:\/\/www.idiv.de\/de\/den-gordischen-knoten-durchschlagen\/","url":"https:\/\/www.idiv.de\/de\/den-gordischen-knoten-durchschlagen\/","name":"Den gordischen Knoten durchschlagen | iDiv","isPartOf":{"@id":"https:\/\/www.idiv.de\/de\/#website"},"datePublished":"2019-12-12T23:00:00+00:00","dateModified":"2025-09-30T07:43:55+00:00","breadcrumb":{"@id":"https:\/\/www.idiv.de\/de\/den-gordischen-knoten-durchschlagen\/#breadcrumb"},"inLanguage":"de","potentialAction":[{"@type":"ReadAction","target":["https:\/\/www.idiv.de\/de\/den-gordischen-knoten-durchschlagen\/"]}]},{"@type":"BreadcrumbList","@id":"https:\/\/www.idiv.de\/de\/den-gordischen-knoten-durchschlagen\/#breadcrumb","itemListElement":[{"@type":"ListItem","position":1,"name":"Startseite","item":"https:\/\/www.idiv.de\/de\/"},{"@type":"ListItem","position":2,"name":"Den gordischen Knoten durchschlagen"}]},{"@type":"WebSite","@id":"https:\/\/www.idiv.de\/de\/#website","url":"https:\/\/www.idiv.de\/de\/","name":"iDiv","description":"Hotspot in Biodiversity Research","publisher":{"@id":"https:\/\/www.idiv.de\/de\/#organization"},"potentialAction":[{"@type":"SearchAction","target":{"@type":"EntryPoint","urlTemplate":"https:\/\/www.idiv.de\/de\/?s={search_term_string}"},"query-input":{"@type":"PropertyValueSpecification","valueRequired":true,"valueName":"search_term_string"}}],"inLanguage":"de"},{"@type":"Organization","@id":"https:\/\/www.idiv.de\/de\/#organization","name":"idiv","url":"https:\/\/www.idiv.de\/de\/","logo":{"@type":"ImageObject","inLanguage":"de","@id":"https:\/\/www.idiv.de\/de\/#\/schema\/logo\/image\/","url":"https:\/\/www.idiv.de\/wp-content\/uploads\/2024\/08\/iDiv_Logo_long_v1_EN_black_4c.jpg","contentUrl":"https:\/\/www.idiv.de\/wp-content\/uploads\/2024\/08\/iDiv_Logo_long_v1_EN_black_4c.jpg","width":2448,"height":674,"caption":"idiv"},"image":{"@id":"https:\/\/www.idiv.de\/de\/#\/schema\/logo\/image\/"},"sameAs":["https:\/\/x.com\/idiv","https:\/\/www.linkedin.com\/company\/idiv-biodiversity\/","https:\/\/www.youtube.com\/idiv-research"]},{"@type":"Person","@id":"https:\/\/www.idiv.de\/de\/#\/schema\/person\/14228c09f1919627a633555952e15fc0","name":"admin","url":"https:\/\/www.idiv.de\/de\/author\/admin\/"}]}},"author_meta":{"display_name":"admin","author_link":"https:\/\/www.idiv.de\/de\/author\/admin\/"},"featured_img":null,"coauthors":[],"tax_additional":{"categories":{"linked":["<a href=\"https:\/\/www.idiv.de\/de\/kategorie\/idiv-mitglieder\/\" class=\"advgb-post-tax-term\">iDiv-Mitglieder<\/a>","<a href=\"https:\/\/www.idiv.de\/de\/kategorie\/top-news-de-2\/\" class=\"advgb-post-tax-term\">TOP NEWS<\/a>","<a href=\"https:\/\/www.idiv.de\/de\/kategorie\/ufz-news-de\/\" class=\"advgb-post-tax-term\">UFZ-News<\/a>"],"unlinked":["<span class=\"advgb-post-tax-term\">iDiv-Mitglieder<\/span>","<span class=\"advgb-post-tax-term\">TOP NEWS<\/span>","<span class=\"advgb-post-tax-term\">UFZ-News<\/span>"]}},"comment_count":0,"relative_dates":{"created":"Ver\u00f6ffentlicht 6\u00a0Jahren vor","modified":"Aktualisiert 7\u00a0Monaten vor"},"absolute_dates":{"created":"Ver\u00f6ffentlicht am 13. Dezember 2019","modified":"Aktualisiert am 30. September 2025"},"absolute_dates_time":{"created":"Ver\u00f6ffentlicht am 13. Dezember 2019 0:00","modified":"Aktualisiert am 30. September 2025 8:43"},"featured_img_caption":"","series_order":"","_links":{"self":[{"href":"https:\/\/www.idiv.de\/de\/wp-json\/wp\/v2\/posts\/11852","targetHints":{"allow":["GET"]}}],"collection":[{"href":"https:\/\/www.idiv.de\/de\/wp-json\/wp\/v2\/posts"}],"about":[{"href":"https:\/\/www.idiv.de\/de\/wp-json\/wp\/v2\/types\/post"}],"author":[{"embeddable":true,"href":"https:\/\/www.idiv.de\/de\/wp-json\/wp\/v2\/users\/1"}],"replies":[{"embeddable":true,"href":"https:\/\/www.idiv.de\/de\/wp-json\/wp\/v2\/comments?post=11852"}],"version-history":[{"count":2,"href":"https:\/\/www.idiv.de\/de\/wp-json\/wp\/v2\/posts\/11852\/revisions"}],"predecessor-version":[{"id":35763,"href":"https:\/\/www.idiv.de\/de\/wp-json\/wp\/v2\/posts\/11852\/revisions\/35763"}],"wp:attachment":[{"href":"https:\/\/www.idiv.de\/de\/wp-json\/wp\/v2\/media?parent=11852"}],"wp:term":[{"taxonomy":"category","embeddable":true,"href":"https:\/\/www.idiv.de\/de\/wp-json\/wp\/v2\/categories?post=11852"},{"taxonomy":"post_tag","embeddable":true,"href":"https:\/\/www.idiv.de\/de\/wp-json\/wp\/v2\/tags?post=11852"}],"curies":[{"name":"wp","href":"https:\/\/api.w.org\/{rel}","templated":true}]}}