{"id":11850,"date":"2019-12-09T00:00:00","date_gmt":"2019-12-08T23:00:00","guid":{"rendered":"https:\/\/idiv.caf-dev.de\/stdtewachstum-verursacht-strksten-verlust-der-biologischen-vielfalt-auerhalb-der-stdte\/"},"modified":"2025-06-16T11:47:13","modified_gmt":"2025-06-16T10:47:13","slug":"stdtewachstum-verursacht-strksten-verlust-der-biologischen-vielfalt-auerhalb-der-stdte","status":"publish","type":"post","link":"https:\/\/www.idiv.de\/de\/stdtewachstum-verursacht-strksten-verlust-der-biologischen-vielfalt-auerhalb-der-stdte\/","title":{"rendered":"St&auml;dtewachstum verursacht st&auml;rksten Verlust der biologischen Vielfalt au&szlig;erhalb der St&auml;dte"},"content":{"rendered":"<div class=\"herosection pb-24 pt-0 no-bg modulclass \" id=\"\">\n                    <div class=\"swiper1noslider  nooverflow swiper \" id=\"slide_69f2be43ce6cd\">\n        \n                <div class=\"swiper-wrapper\">\n                                            <div class=\"swiper-slide  style_ \" aria-hidden=\"true\" >\n                            <div class=\"backstretchwrap\">\n                        \n                            <div datasrc=\"https:\/\/www.idiv.de\/wp-content\/uploads\/2024\/08\/pic_a5b2985a6520191209100122.jpg\" class=\"backstretchimg responsiv desktop\"><\/div>\n\n                            <a href=\"#\" class=\"cr\"><svg  xmlns=\"http:\/\/www.w3.org\/2000\/svg\" width=\"22\" height=\"22\" viewBox=\"0 0 22 22\">\n                                    <rect id=\"BG\" width=\"22\" height=\"22\" rx=\"11\" fill=\"#fff\"\/>\n                                    <g id=\"Wrapper\" transform=\"translate(-1 -1)\">\n                                        <g id=\"Icon_material-copyright\" data-name=\"Icon material-copyright\">\n                                            <circle id=\"Ellipse_30\" data-name=\"Ellipse 30\" cx=\"8\" cy=\"8\" r=\"8\" transform=\"translate(4 4)\" fill=\"#fff\"\/>\n                                            <path id=\"Icon_material-copyright-2\" data-name=\"Icon material-copyright\" d=\"M9.464,10.088a2.045,2.045,0,0,1,.24-.7,1.4,1.4,0,0,1,.472-.5,1.42,1.42,0,0,1,.728-.184,1.45,1.45,0,0,1,.5.1,1.29,1.29,0,0,1,.416.288,1.54,1.54,0,0,1,.272.424,1.4,1.4,0,0,1,.112.512H13.64a2.864,2.864,0,0,0-.224-1.032,2.4,2.4,0,0,0-.56-.808,2.613,2.613,0,0,0-.864-.528,3.09,3.09,0,0,0-1.112-.184,3.127,3.127,0,0,0-1.36.272,2.751,2.751,0,0,0-.96.736,3.007,3.007,0,0,0-.568,1.088A4.685,4.685,0,0,0,7.8,10.9v.216a4.684,4.684,0,0,0,.184,1.312,2.908,2.908,0,0,0,.568,1.08,2.731,2.731,0,0,0,.96.728,3.246,3.246,0,0,0,1.36.272,3.051,3.051,0,0,0,1.056-.184,2.729,2.729,0,0,0,.864-.5,2.442,2.442,0,0,0,.592-.752,2.153,2.153,0,0,0,.24-.92H12.192a1.139,1.139,0,0,1-.12.464,1.177,1.177,0,0,1-.288.368,1.26,1.26,0,0,1-.416.24,1.589,1.589,0,0,1-.48.08,1.359,1.359,0,0,1-.712-.184,1.4,1.4,0,0,1-.472-.5,2.09,2.09,0,0,1-.24-.7,5.392,5.392,0,0,1-.064-.8V10.9a5.33,5.33,0,0,1,.064-.808ZM11,3a8,8,0,1,0,8,8A8,8,0,0,0,11,3Zm0,14.4A6.4,6.4,0,1,1,17.4,11,6.408,6.408,0,0,1,11,17.4Z\" transform=\"translate(1 1)\" fill=\"#4d4d4d\"\/>\n                                        <\/g>\n                                    <\/g>\n                                <\/svg>\n                                <span>allemii \/ Pixabay<\/span><\/a>                        \n                                                    <\/div>\n                                        <div class=\"sliderinhalt \" role=\"region\" aria-label=\"carousel\">\n\n                                            <h1 class=\"h1 tleft\" >St&auml;dtewachstum verursacht st&auml;rksten Verlust der biologischen Vielfalt au&szlig;erhalb der St&auml;dte<\/h1>                                                    <p style=\"text-align: center;\">Wissenschaftler untersuchen direkte und indirekte Auswirkungen des St\u00e4dtewachstums weltweit.<\/p>\n                                                \n                                                                                                            <\/div>\n                                            <\/div>\n\n                        \n                 <\/div>\n\n                              <\/div>\n<\/div>\n\n<div class=\"textbildrepeater pb-24 pt-0 no-bg modulclass \" id=\"\">\n    <div class=\"container\">\n        <div class=\"row\">\n                                                                <div class=\"pb-24   mod_text  col-md-6 offset-md-0 pos_top\">\n                            <div class=\"textrepeater \" id=\"\">\n    <p>09.12.2019 | Biodiversity Conservation, iDiv, Media Release, Research, sDiv, TOP NEWS<\/p>\n<\/div>\n                            <\/div>\n                        <\/div>\n    <\/div>\n<\/div>\n\n<div class=\"textbildrepeater pb-24 pt-0 no-bg modulclass \" id=\"\">\n    <div class=\"container\">\n        <div class=\"row\">\n                                                                <div class=\"pb-24   mod_text  col-md-12 offset-md-0 pos_top\">\n                            <div class=\"textrepeater \" id=\"\">\n    <p><strong>Leipzig\/Halle\/Arlington. Die zunehmende Urbanisierung und die damit einhergehende Umwandlung nat&uuml;rlicher Lebensr&auml;ume in Stadtgebiete f&uuml;hren in St&auml;dten zu einem deutlichen Verlust der nat&uuml;rlichen Vielfalt. Doch diese direkten Folgen des St&auml;dtewachstumes sind anscheinend weitaus geringer als die indirekten Auswirkungen au&szlig;erhalb der St&auml;dte. Dazu geh&ouml;ren die Freisetzung von Treibhausgasen in den St&auml;dten, die weltweit zu einer Ver&auml;nderung des Klimas f&uuml;hren, oder der zunehmende Bedarf an Lebensmitteln und anderen Ressourcen, der eine ver&auml;nderte Landnutzung zur Folge hat. Sowohl Klima- als auch Landnutzungswandel sind wesentliche Gr&uuml;nde f&uuml;r den weltweiten Verlust der Artenvielfalt. Ein Forscherteam der Naturschutzorganisation The Nature Conservancy (TNC), des Deutschen Zentrums f&uuml;r integrative Biodiversit&auml;tsforschung (iDiv), der Martin-Luther-Universit&auml;t Halle-Wittenberg (MLU) und anderer Forschungseinrichtungen hat die direkten und indirekten Auswirkungen des St&auml;dtewachstums auf globaler Ebene untersucht. Die Ergebnisse wurden im Fachmagazin Nature Sustainability ver&ouml;ffentlicht.<\/strong><\/p>\n<\/div>\n                            <\/div>\n                        <\/div>\n    <\/div>\n<\/div>\n\n<div class=\"textbildrepeater pb-24 pt-0 no-bg modulclass \" id=\"\">\n    <div class=\"container\">\n        <div class=\"row\">\n                                                                <div class=\"pb-24   mod_bild  col-md-5 offset-md-0 pos_top\">\n                            <div class=\"bildrepeater \" id=\"\">\n    <div class=\"relativ\"><img decoding=\"async\" class=\"responsiv desktop\" src=\"https:\/\/www.idiv.de\/wp-content\/uploads\/2024\/08\/pic_2bdfcdc7e520191209100147.jpg\" height=\"\" width=\"\" alt=\"idiv-\"\/><img decoding=\"async\" class=\"responsiv mobile\" src=\"https:\/\/www.idiv.de\/wp-content\/uploads\/2024\/08\/pic_2bdfcdc7e520191209100147.jpg\" height=\"\" width=\"\" alt=\"idiv-\"\/><a href=\"#\" class=\"cr\" role=\"button\">\n<svg  xmlns=\"http:\/\/www.w3.org\/2000\/svg\" width=\"22\" height=\"22\" viewBox=\"0 0 22 22\">\n    <rect id=\"BG\" width=\"22\" height=\"22\" rx=\"11\" fill=\"#fff\"\/>\n    <g id=\"Wrapper\" transform=\"translate(-1 -1)\">\n        <g id=\"Icon_material-copyright\" data-name=\"Icon material-copyright\">\n            <circle id=\"Ellipse_30\" data-name=\"Ellipse 30\" cx=\"8\" cy=\"8\" r=\"8\" transform=\"translate(4 4)\" fill=\"#fff\"\/>\n            <path id=\"Icon_material-copyright-2\" data-name=\"Icon material-copyright\" d=\"M9.464,10.088a2.045,2.045,0,0,1,.24-.7,1.4,1.4,0,0,1,.472-.5,1.42,1.42,0,0,1,.728-.184,1.45,1.45,0,0,1,.5.1,1.29,1.29,0,0,1,.416.288,1.54,1.54,0,0,1,.272.424,1.4,1.4,0,0,1,.112.512H13.64a2.864,2.864,0,0,0-.224-1.032,2.4,2.4,0,0,0-.56-.808,2.613,2.613,0,0,0-.864-.528,3.09,3.09,0,0,0-1.112-.184,3.127,3.127,0,0,0-1.36.272,2.751,2.751,0,0,0-.96.736,3.007,3.007,0,0,0-.568,1.088A4.685,4.685,0,0,0,7.8,10.9v.216a4.684,4.684,0,0,0,.184,1.312,2.908,2.908,0,0,0,.568,1.08,2.731,2.731,0,0,0,.96.728,3.246,3.246,0,0,0,1.36.272,3.051,3.051,0,0,0,1.056-.184,2.729,2.729,0,0,0,.864-.5,2.442,2.442,0,0,0,.592-.752,2.153,2.153,0,0,0,.24-.92H12.192a1.139,1.139,0,0,1-.12.464,1.177,1.177,0,0,1-.288.368,1.26,1.26,0,0,1-.416.24,1.589,1.589,0,0,1-.48.08,1.359,1.359,0,0,1-.712-.184,1.4,1.4,0,0,1-.472-.5,2.09,2.09,0,0,1-.24-.7,5.392,5.392,0,0,1-.064-.8V10.9a5.33,5.33,0,0,1,.064-.808ZM11,3a8,8,0,1,0,8,8A8,8,0,0,0,11,3Zm0,14.4A6.4,6.4,0,1,1,17.4,11,6.408,6.408,0,0,1,11,17.4Z\" transform=\"translate(1 1)\" fill=\"#4d4d4d\"\/>\n        <\/g>\n    <\/g>\n<\/svg>\n<span>Nature Sustainability<\/span><\/a><\/div><p class=\"bu\">Konzeptuelle Darstellung der direkten und indirekten Auswirkungen des St&auml;dtewachstum.<\/p><\/div>\n                            <\/div>\n                                                                    <div class=\"pb-24   mod_bild  col-md-5 offset-md-2 pos_top\">\n                            <div class=\"bildrepeater \" id=\"\">\n    <div class=\"relativ\"><img decoding=\"async\" class=\"responsiv desktop\" src=\"https:\/\/www.idiv.de\/wp-content\/uploads\/2024\/08\/pic_f1dd57aba820191209100230.jpg\" height=\"\" width=\"\" alt=\"idiv-\"\/><img decoding=\"async\" class=\"responsiv mobile\" src=\"https:\/\/www.idiv.de\/wp-content\/uploads\/2024\/08\/pic_f1dd57aba820191209100230.jpg\" height=\"\" width=\"\" alt=\"idiv-\"\/><a href=\"#\" class=\"cr\" role=\"button\">\n<svg  xmlns=\"http:\/\/www.w3.org\/2000\/svg\" width=\"22\" height=\"22\" viewBox=\"0 0 22 22\">\n    <rect id=\"BG\" width=\"22\" height=\"22\" rx=\"11\" fill=\"#fff\"\/>\n    <g id=\"Wrapper\" transform=\"translate(-1 -1)\">\n        <g id=\"Icon_material-copyright\" data-name=\"Icon material-copyright\">\n            <circle id=\"Ellipse_30\" data-name=\"Ellipse 30\" cx=\"8\" cy=\"8\" r=\"8\" transform=\"translate(4 4)\" fill=\"#fff\"\/>\n            <path id=\"Icon_material-copyright-2\" data-name=\"Icon material-copyright\" d=\"M9.464,10.088a2.045,2.045,0,0,1,.24-.7,1.4,1.4,0,0,1,.472-.5,1.42,1.42,0,0,1,.728-.184,1.45,1.45,0,0,1,.5.1,1.29,1.29,0,0,1,.416.288,1.54,1.54,0,0,1,.272.424,1.4,1.4,0,0,1,.112.512H13.64a2.864,2.864,0,0,0-.224-1.032,2.4,2.4,0,0,0-.56-.808,2.613,2.613,0,0,0-.864-.528,3.09,3.09,0,0,0-1.112-.184,3.127,3.127,0,0,0-1.36.272,2.751,2.751,0,0,0-.96.736,3.007,3.007,0,0,0-.568,1.088A4.685,4.685,0,0,0,7.8,10.9v.216a4.684,4.684,0,0,0,.184,1.312,2.908,2.908,0,0,0,.568,1.08,2.731,2.731,0,0,0,.96.728,3.246,3.246,0,0,0,1.36.272,3.051,3.051,0,0,0,1.056-.184,2.729,2.729,0,0,0,.864-.5,2.442,2.442,0,0,0,.592-.752,2.153,2.153,0,0,0,.24-.92H12.192a1.139,1.139,0,0,1-.12.464,1.177,1.177,0,0,1-.288.368,1.26,1.26,0,0,1-.416.24,1.589,1.589,0,0,1-.48.08,1.359,1.359,0,0,1-.712-.184,1.4,1.4,0,0,1-.472-.5,2.09,2.09,0,0,1-.24-.7,5.392,5.392,0,0,1-.064-.8V10.9a5.33,5.33,0,0,1,.064-.808ZM11,3a8,8,0,1,0,8,8A8,8,0,0,0,11,3Zm0,14.4A6.4,6.4,0,1,1,17.4,11,6.408,6.408,0,0,1,11,17.4Z\" transform=\"translate(1 1)\" fill=\"#4d4d4d\"\/>\n        <\/g>\n    <\/g>\n<\/svg>\n<span>Nature Sustainability<\/span><\/a><\/div><p class=\"bu\">Prognostizierte direkten Auswirkungen des St&auml;dtewachstums auf Lebensr&auml;ume (2000-2030).<\/p><\/div>\n                            <\/div>\n                        <\/div>\n    <\/div>\n<\/div>\n\n<div class=\"textbildrepeater pb-24 pt-0 no-bg modulclass \" id=\"\">\n    <div class=\"container\">\n        <div class=\"row\">\n                                                                <div class=\"pb-24   mod_text  col-md-12 offset-md-0 pos_top\">\n                            <div class=\"textrepeater \" id=\"\">\n    <p>Nie ist das St&auml;dtewachstum so schnell vorangeschritten wie in der heutigen Zeit &ndash; Prognosen zufolge wird die urbane Bev&ouml;lkerung bis 2030 um 2 Milliarden Menschen anwachsen. Dies entspr&auml;che der Entstehung einer Stadt der Gr&ouml;&szlig;e New Yorks alle 6 Wochen. Doch was wissen Wissenschaftler &uuml;berhaupt dar&uuml;ber, wie sich das St&auml;dtewachstum auf die biologische Vielfalt auswirkt &ndash; und was nicht? Um diese Frage zu beantworten haben Wissenschaftler mehr als 900 Studien untersucht. Die Arbeit des internationalen Forscherteams wurde vom Synthesezentrum sDiv am Deutschen Zentrum f&uuml;r integrative Biodiversit&auml;tsforschung (iDiv) finanziert.<\/p>\n<p>Die Forscher fanden heraus, dass sich die direkten Auswirkungen von St&auml;dten auf die nat&uuml;rlichen Lebensr&auml;ume und die biologische Vielfalt mithilfe von Satellitendaten deutlich abbilden lassen. Solche direkten Folgen treten auf, wenn sich urbane Gebiete ausdehnen und nat&uuml;rliche Lebensr&auml;ume in St&auml;dte umgewandelt werden. Zusammengenommen sind diese direkten Auswirkungen betr&auml;chtlich&#58; Prognosen gehen f&uuml;r den Zeitraum von 2000 bis 2030 von 290.000 km&sup2; Land aus, das zum Stadtgebiet umgewandelt wird. Dies entspricht einer Fl&auml;che, die gr&ouml;&szlig;er als das Vereinigte K&ouml;nigreich ist. Vor allem in artenreichen Gegenden wie China, Brasilien und Nigeria sind die Auswirkungen des St&auml;dtewachstums auf die Natur betr&auml;chtlich. Daraus resultiert ein starker Verlust der nat&uuml;rlichen Vielfalt, denn weltweit ist der Artenreichtum (Anzahl der Arten) in St&auml;dten um durchschnittlich 50 % geringer als in intakten naturbelassenen Gegenden.<\/p>\n<p>Allerdings sind die indirekten Folgen des St&auml;dtewachstums wahrscheinlich weitaus schwerwiegender als die direkten. Indirekte Folgen schlie&szlig;en die Auswirkungen des Ressourcenverbrauchs in St&auml;dten auf die biologische Vielfalt ein sowie die Schadstoffbelastung aufgrund der Urbanisierung. Die Forscher sch&auml;tzen, dass allein die Fl&auml;che, die zur Ern&auml;hrung der st&auml;dtischen Bev&ouml;lkerung weltweit n&ouml;tig ist, 36-mal gr&ouml;&szlig;er ist als die Stadtgebiete selbst. &bdquo;Mit anderen Worten&#58; Die Ern&auml;hrung der St&auml;dter hat weitaus gr&ouml;&szlig;ere Folgen f&uuml;r die globale biologische Vielfalt als die direkten Auswirkungen der Urbanisierung auf die Umwelt&ldquo;, sagt Dr. Andressa Vianna Mansur, die bei iDiv forscht. &Auml;hnliche Schlussfolgerungen lassen sich f&uuml;r andere indirekte Auswirkungen treffen &ndash; wie die Rolle von Treibhausgasemissionen in den St&auml;dten beim Voranschreiten des Klimawandels.<\/p>\n<p>Bisher hat sich die Wissenschaft vor allem mit den direkten Auswirkungen der Urbanisierung in konkreten St&auml;dten oder Gebieten besch&auml;ftigt&#58; Von den 900 Studien untersuchen mehr als 600 die direkten Auswirkungen des St&auml;dtewachstums. Doch zu den Regionen, in denen anhand von Satellitendaten ein besonders starkes Wachstum der Stadtgebiete zu erkennen ist, liegen nur wenige Untersuchungen vor. &bdquo;Die meisten Studien finden sich in den Industriel&auml;ndern, wie in den USA oder der EU. Vergleichsweise wenige Publikationen behandeln die Entwicklungsl&auml;nder, wo sich die St&auml;dte aber am schnellsten in artenreiche Gebiete ausdehnen&ldquo;, meint Erstautor Dr. Robert McDonald, der bei der Naturschutzorganisation The Nature Conservancy (TNC) als Wissenschaftler t&auml;tig ist. &bdquo;Aus diesem Grund wissen wir nur wenig dar&uuml;ber, wie sich &Ouml;kosysteme in diesen Regionen aufgrund der Urbanisierung ver&auml;ndern.&ldquo;<\/p>\n<p>Anders als die direkten Auswirkungen sind die indirekten Auswirkungen des St&auml;dtewachstums relativ wenig erforscht&#58; Nur 34 % aller Studien zum urbanen Einfluss auf die biologische Vielfalt ber&uuml;cksichtigen die indirekten Folgen. &bdquo;Man kann auch sagen&#58; Wir verwenden doppelt so viel Energie daf&uuml;r, die direkten Auswirkungen zu untersuchen, obwohl die indirekten viel weitreichender zu sein scheinen&ldquo;, so Robert McDonald.<\/p>\n<p>Diese Wissensl&uuml;cke k&ouml;nnte sich auch auf die politische Entscheidungsfindung auswirken&#58; &bdquo;Die geringe Datenlage zum Verlust der biologischen Vielfalt aufgrund der Urbanisierung in L&auml;ndern mit mittlerem und geringem Einkommen k&ouml;nnte in der Politik dazu f&uuml;hren, dass das Thema untersch&auml;tzt wird&ldquo;, meint Prof. Henrique Pereira, der eine Forschungsgruppe bei iDiv und an der MLU leitet. Dar&uuml;ber hinaus gibt es nur wenig Erkenntnisse dar&uuml;ber, wie sich bestimmte sozio&ouml;konomische Prozesse in den Entwicklungsl&auml;ndern auf die biologische Vielfalt auswirken, zum Beispiel die Bildung informeller Siedlungen (Slums). &bdquo;Nur wenn wir diese Forschungsl&uuml;cke schlie&szlig;en, k&ouml;nnen wir auch kluge und fundierte Entscheidungen treffen, wie wir die biologische Vielfalt in einer zunehmend urbanisierten Welt sch&uuml;tzen k&ouml;nnen.&ldquo;<\/p>\n<p>&nbsp;<\/p>\n<p><strong>Originalpublikation&#58;<\/strong><br \/> (iDiv-Wissenschaftler fett)<br \/>Robert I McDonald, <strong>Andressa V Mansur<\/strong>, Fernando Ascens&atilde;o, M&rsquo;Lisa Colbert, Katie Crossman, Thomas Elmqvist, Andrew Gonzalez, Burak G&uuml;neralp, Dagmar Haase, Maike Hamann, Oliver Hillel, Kangning Huang, Belinda Kahnt, David Maddox, <strong>Andrea Pacheco<\/strong>, <strong>Henrique Pereira<\/strong>, Karen C Seto, Rohan Simkin, Brenna Walsh, <strong>Alexandra S Werner<\/strong>, Carly Ziter, 2019. Research gaps in knowledge of the impact of urban growth in biodiversity. Nature Sustainability, DOI&#58; <a href=https&#58;\/\/www.nature.com\/articles\/s41893-019-0436-6 rel=ext target=_blank>10.1038\/s41893-019-0436-6<\/a><\/p>\n<\/div>\n                            <\/div>\n                        <\/div>\n    <\/div>\n<\/div>\n\n<div class=\"textbildrepeater pb-24 pt-0 no-bg modulclass \" id=\"\">\n    <div class=\"container\">\n        <div class=\"row\">\n                                                                <div class=\"pb-24   mod_text  col-md-12 offset-md-0 pos_top\">\n                            <div class=\"textrepeater \" id=\"\">\n    <h3>Ansprechpartner:<\/h3>\n<p><strong>Kati Kietzmann<\/strong><br \/>\nAbteilung Medien &amp; Kommunikation<br \/>\nDeutsches Zentrum f\u00fcr integrative Biodiversit\u00e4tsforschung (iDiv) Halle-Jena-Leipzig<br \/>\nTel.: +49 341 9733106<br \/>\nE-Mail: <a href=\"&#109;&#x61;&#105;&#x6c;&#116;&#x6f;:&#x6b;a&#116;&#x69;&#46;&#x6b;&#105;&#x65;t&#x7a;m&#97;&#x6e;&#110;&#x40;&#105;&#x64;&#105;&#x76;&#46;&#x64;e\">ka&#116;&#105;&#46;&#x6b;&#x69;&#x65;&#x74;&#x7a;ma&#110;&#110;&#64;&#x69;&#x64;&#x69;&#x76;&#x2e;de<\/a><\/p>\n<p><strong>Dr. Andressa Vianna Mansur<\/strong><br \/>\nsDiv \u2013 Synthesezentrum des<br \/>\nDeutschen Zentrums f\u00fcr integrative Biodiversit\u00e4tsforschung (iDiv) Halle-Jena-Leipzig<br \/>\nTel.: +49 341 9733176<br \/>\nE-Mail: <a href=\"&#x6d;&#x61;&#x69;&#x6c;&#116;&#111;&#58;an&#x64;&#x72;&#x65;&#x73;&#x73;&#97;&#46;&#118;ia&#x6e;&#x6e;&#x61;&#x5f;&#x6d;&#97;&#110;&#115;ur&#x40;&#x69;&#x64;&#x69;&#x76;&#46;&#100;&#101;\">&#97;&#x6e;&#x64;r&#101;&#x73;s&#97;&#x2e;&#x76;i&#97;&#x6e;n&#97;&#x5f;&#x6d;a&#110;&#x73;u&#114;&#x40;&#x69;&#100;&#105;&#x76;&#46;&#100;&#x65;<\/a><\/p>\n<\/div>\n                            <\/div>\n                        <\/div>\n    <\/div>\n<\/div>\n\n<div class=\"textbildrepeater pb-24 pt-0 no-bg modulclass \" id=\"\">\n    <div class=\"container\">\n        <div class=\"row\">\n                                                                <div class=\"pb-24   mod_text  col-md-12 offset-md-0 pos_top\">\n                            <div class=\"textrepeater \" id=\"\">\n    <p><em>Hinweis f\u00fcr die Medien: Die von iDiv bereitgestellten Bilder d\u00fcrfen ausschlie\u00dflich f\u00fcr die Berichterstattung im Zusammenhang mit dieser Medienmitteilung und unter Angabe des\/der Urhebers\/in verwendet werden.<\/em><\/p>\n<\/div>\n                            <\/div>\n                        <\/div>\n    <\/div>\n<\/div>","protected":false},"excerpt":{"rendered":"<p>Leipzig\/Halle\/Arlington. Die zunehmende Urbanisierung und die damit einhergehende Umwandlung nat&uuml;rlicher Lebensr&auml;ume in Stadtgebiete f&uuml;hren in St&auml;dten zu einem deutlichen Verlust der nat&uuml;rlichen Vielfalt. Doch diese direkten Folgen des St&auml;dtewachstumes sind anscheinend weitaus geringer als die indirekten Auswirkungen au&szlig;erhalb der St&auml;dte. Dazu geh&ouml;ren die Freisetzung von Treibhausgasen in den St&auml;dten, die weltweit zu einer Ver&auml;nderung des Klimas f&uuml;hren, oder der zunehmende Bedarf an Lebensmitteln und anderen Ressourcen, der eine ver&auml;nderte Landnutzung zur Folge hat. Sowohl Klima- als auch Landnutzungswandel sind wesentliche Gr&uuml;nde f&uuml;r den weltweiten Verlust der Artenvielfalt. Ein Forscherteam der Naturschutzorganisation The Nature Conservancy (TNC), des Deutschen Zentrums f&uuml;r integrative Biodiversit&auml;tsforschung (iDiv), der Martin-Luther-Universit&auml;t Halle-Wittenberg (MLU) und anderer Forschungseinrichtungen hat die direkten und indirekten Auswirkungen des St&auml;dtewachstums auf globaler Ebene untersucht. Die Ergebnisse wurden im Fachmagazin Nature Sustainability ver&ouml;ffentlicht.<\/p>\n","protected":false},"author":1,"featured_media":0,"comment_status":"open","ping_status":"open","sticky":false,"template":"","format":"standard","meta":{"_acf_changed":false,"advgb_blocks_editor_width":"","advgb_blocks_columns_visual_guide":"","footnotes":"","_links_to":"","_links_to_target":""},"categories":[33,37,28,29,40,30],"tags":[],"class_list":["post-11850","post","type-post","status-publish","format-standard","hentry","category-biodiversitaet-und-naturschutz","category-forschung","category-idiv-de","category-medienmitteilung","category-sdiv-de","category-top-news-de-2"],"acf":{"thumb":7125,"thumbmobile":"","copyright":"allemii \/ Pixabay","breadcrumb":true},"yoast_head":"<!-- This site is optimized with the Yoast SEO plugin v27.5 - https:\/\/yoast.com\/product\/yoast-seo-wordpress\/ -->\n<title>St&auml;dtewachstum verursacht st&auml;rksten Verlust der biologischen Vielfalt au&szlig;erhalb der St&auml;dte | iDiv<\/title>\n<meta name=\"robots\" content=\"index, follow, max-snippet:-1, max-image-preview:large, max-video-preview:-1\" \/>\n<link rel=\"canonical\" href=\"https:\/\/www.idiv.de\/de\/stdtewachstum-verursacht-strksten-verlust-der-biologischen-vielfalt-auerhalb-der-stdte\/\" \/>\n<meta property=\"og:locale\" content=\"de_DE\" \/>\n<meta property=\"og:type\" content=\"article\" \/>\n<meta property=\"og:title\" content=\"St&auml;dtewachstum verursacht st&auml;rksten Verlust der biologischen Vielfalt au&szlig;erhalb der St&auml;dte | iDiv\" \/>\n<meta property=\"og:description\" content=\"Leipzig\/Halle\/Arlington. Die zunehmende Urbanisierung und die damit einhergehende Umwandlung nat&uuml;rlicher Lebensr&auml;ume in Stadtgebiete f&uuml;hren in St&auml;dten zu einem deutlichen Verlust der nat&uuml;rlichen Vielfalt. Doch diese direkten Folgen des St&auml;dtewachstumes sind anscheinend weitaus geringer als die indirekten Auswirkungen au&szlig;erhalb der St&auml;dte. Dazu geh&ouml;ren die Freisetzung von Treibhausgasen in den St&auml;dten, die weltweit zu einer Ver&auml;nderung des Klimas f&uuml;hren, oder der zunehmende Bedarf an Lebensmitteln und anderen Ressourcen, der eine ver&auml;nderte Landnutzung zur Folge hat. Sowohl Klima- als auch Landnutzungswandel sind wesentliche Gr&uuml;nde f&uuml;r den weltweiten Verlust der Artenvielfalt. Ein Forscherteam der Naturschutzorganisation The Nature Conservancy (TNC), des Deutschen Zentrums f&uuml;r integrative Biodiversit&auml;tsforschung (iDiv), der Martin-Luther-Universit&auml;t Halle-Wittenberg (MLU) und anderer Forschungseinrichtungen hat die direkten und indirekten Auswirkungen des St&auml;dtewachstums auf globaler Ebene untersucht. Die Ergebnisse wurden im Fachmagazin Nature Sustainability ver&ouml;ffentlicht.\" \/>\n<meta property=\"og:url\" content=\"https:\/\/www.idiv.de\/de\/stdtewachstum-verursacht-strksten-verlust-der-biologischen-vielfalt-auerhalb-der-stdte\/\" \/>\n<meta property=\"og:site_name\" content=\"iDiv\" \/>\n<meta property=\"article:published_time\" content=\"2019-12-08T23:00:00+00:00\" \/>\n<meta property=\"article:modified_time\" content=\"2025-06-16T10:47:13+00:00\" \/>\n<meta property=\"og:image\" content=\"https:\/\/www.idiv.de\/wp-content\/uploads\/2024\/11\/iDivSocialMediaShare.jpg\" \/>\n\t<meta property=\"og:image:width\" content=\"1200\" \/>\n\t<meta property=\"og:image:height\" content=\"675\" \/>\n\t<meta property=\"og:image:type\" content=\"image\/jpeg\" \/>\n<meta name=\"author\" content=\"admin\" \/>\n<meta name=\"twitter:card\" content=\"summary_large_image\" \/>\n<meta name=\"twitter:creator\" content=\"@idiv\" \/>\n<meta name=\"twitter:site\" content=\"@idiv\" \/>\n<script type=\"application\/ld+json\" class=\"yoast-schema-graph\">{\"@context\":\"https:\\\/\\\/schema.org\",\"@graph\":[{\"@type\":\"Article\",\"@id\":\"https:\\\/\\\/www.idiv.de\\\/de\\\/stdtewachstum-verursacht-strksten-verlust-der-biologischen-vielfalt-auerhalb-der-stdte\\\/#article\",\"isPartOf\":{\"@id\":\"https:\\\/\\\/www.idiv.de\\\/de\\\/stdtewachstum-verursacht-strksten-verlust-der-biologischen-vielfalt-auerhalb-der-stdte\\\/\"},\"author\":{\"name\":\"admin\",\"@id\":\"https:\\\/\\\/www.idiv.de\\\/de\\\/#\\\/schema\\\/person\\\/14228c09f1919627a633555952e15fc0\"},\"headline\":\"St&auml;dtewachstum verursacht st&auml;rksten Verlust der biologischen Vielfalt au&szlig;erhalb der St&auml;dte\",\"datePublished\":\"2019-12-08T23:00:00+00:00\",\"dateModified\":\"2025-06-16T10:47:13+00:00\",\"mainEntityOfPage\":{\"@id\":\"https:\\\/\\\/www.idiv.de\\\/de\\\/stdtewachstum-verursacht-strksten-verlust-der-biologischen-vielfalt-auerhalb-der-stdte\\\/\"},\"wordCount\":18,\"commentCount\":0,\"publisher\":{\"@id\":\"https:\\\/\\\/www.idiv.de\\\/de\\\/#organization\"},\"articleSection\":[\"Biodiversit\u00e4t und Naturschutz\",\"Forschung\",\"iDiv\",\"Medienmitteilung\",\"sDiv\",\"TOP NEWS\"],\"inLanguage\":\"de\"},{\"@type\":\"WebPage\",\"@id\":\"https:\\\/\\\/www.idiv.de\\\/de\\\/stdtewachstum-verursacht-strksten-verlust-der-biologischen-vielfalt-auerhalb-der-stdte\\\/\",\"url\":\"https:\\\/\\\/www.idiv.de\\\/de\\\/stdtewachstum-verursacht-strksten-verlust-der-biologischen-vielfalt-auerhalb-der-stdte\\\/\",\"name\":\"St&auml;dtewachstum verursacht st&auml;rksten Verlust der biologischen Vielfalt au&szlig;erhalb der St&auml;dte | iDiv\",\"isPartOf\":{\"@id\":\"https:\\\/\\\/www.idiv.de\\\/de\\\/#website\"},\"datePublished\":\"2019-12-08T23:00:00+00:00\",\"dateModified\":\"2025-06-16T10:47:13+00:00\",\"breadcrumb\":{\"@id\":\"https:\\\/\\\/www.idiv.de\\\/de\\\/stdtewachstum-verursacht-strksten-verlust-der-biologischen-vielfalt-auerhalb-der-stdte\\\/#breadcrumb\"},\"inLanguage\":\"de\",\"potentialAction\":[{\"@type\":\"ReadAction\",\"target\":[\"https:\\\/\\\/www.idiv.de\\\/de\\\/stdtewachstum-verursacht-strksten-verlust-der-biologischen-vielfalt-auerhalb-der-stdte\\\/\"]}]},{\"@type\":\"BreadcrumbList\",\"@id\":\"https:\\\/\\\/www.idiv.de\\\/de\\\/stdtewachstum-verursacht-strksten-verlust-der-biologischen-vielfalt-auerhalb-der-stdte\\\/#breadcrumb\",\"itemListElement\":[{\"@type\":\"ListItem\",\"position\":1,\"name\":\"Startseite\",\"item\":\"https:\\\/\\\/www.idiv.de\\\/de\\\/\"},{\"@type\":\"ListItem\",\"position\":2,\"name\":\"St&auml;dtewachstum verursacht st&auml;rksten Verlust der biologischen Vielfalt au&szlig;erhalb der St&auml;dte\"}]},{\"@type\":\"WebSite\",\"@id\":\"https:\\\/\\\/www.idiv.de\\\/de\\\/#website\",\"url\":\"https:\\\/\\\/www.idiv.de\\\/de\\\/\",\"name\":\"iDiv\",\"description\":\"Hotspot in Biodiversity Research\",\"publisher\":{\"@id\":\"https:\\\/\\\/www.idiv.de\\\/de\\\/#organization\"},\"potentialAction\":[{\"@type\":\"SearchAction\",\"target\":{\"@type\":\"EntryPoint\",\"urlTemplate\":\"https:\\\/\\\/www.idiv.de\\\/de\\\/?s={search_term_string}\"},\"query-input\":{\"@type\":\"PropertyValueSpecification\",\"valueRequired\":true,\"valueName\":\"search_term_string\"}}],\"inLanguage\":\"de\"},{\"@type\":\"Organization\",\"@id\":\"https:\\\/\\\/www.idiv.de\\\/de\\\/#organization\",\"name\":\"idiv\",\"url\":\"https:\\\/\\\/www.idiv.de\\\/de\\\/\",\"logo\":{\"@type\":\"ImageObject\",\"inLanguage\":\"de\",\"@id\":\"https:\\\/\\\/www.idiv.de\\\/de\\\/#\\\/schema\\\/logo\\\/image\\\/\",\"url\":\"https:\\\/\\\/www.idiv.de\\\/wp-content\\\/uploads\\\/2024\\\/08\\\/iDiv_Logo_long_v1_EN_black_4c.jpg\",\"contentUrl\":\"https:\\\/\\\/www.idiv.de\\\/wp-content\\\/uploads\\\/2024\\\/08\\\/iDiv_Logo_long_v1_EN_black_4c.jpg\",\"width\":2448,\"height\":674,\"caption\":\"idiv\"},\"image\":{\"@id\":\"https:\\\/\\\/www.idiv.de\\\/de\\\/#\\\/schema\\\/logo\\\/image\\\/\"},\"sameAs\":[\"https:\\\/\\\/x.com\\\/idiv\",\"https:\\\/\\\/www.linkedin.com\\\/company\\\/idiv-biodiversity\\\/\",\"https:\\\/\\\/www.youtube.com\\\/idiv-research\"]},{\"@type\":\"Person\",\"@id\":\"https:\\\/\\\/www.idiv.de\\\/de\\\/#\\\/schema\\\/person\\\/14228c09f1919627a633555952e15fc0\",\"name\":\"admin\",\"url\":\"https:\\\/\\\/www.idiv.de\\\/de\\\/author\\\/admin\\\/\"}]}<\/script>\n<!-- \/ Yoast SEO plugin. -->","yoast_head_json":{"title":"St&auml;dtewachstum verursacht st&auml;rksten Verlust der biologischen Vielfalt au&szlig;erhalb der St&auml;dte | iDiv","robots":{"index":"index","follow":"follow","max-snippet":"max-snippet:-1","max-image-preview":"max-image-preview:large","max-video-preview":"max-video-preview:-1"},"canonical":"https:\/\/www.idiv.de\/de\/stdtewachstum-verursacht-strksten-verlust-der-biologischen-vielfalt-auerhalb-der-stdte\/","og_locale":"de_DE","og_type":"article","og_title":"St&auml;dtewachstum verursacht st&auml;rksten Verlust der biologischen Vielfalt au&szlig;erhalb der St&auml;dte | iDiv","og_description":"Leipzig\/Halle\/Arlington. Die zunehmende Urbanisierung und die damit einhergehende Umwandlung nat&uuml;rlicher Lebensr&auml;ume in Stadtgebiete f&uuml;hren in St&auml;dten zu einem deutlichen Verlust der nat&uuml;rlichen Vielfalt. Doch diese direkten Folgen des St&auml;dtewachstumes sind anscheinend weitaus geringer als die indirekten Auswirkungen au&szlig;erhalb der St&auml;dte. Dazu geh&ouml;ren die Freisetzung von Treibhausgasen in den St&auml;dten, die weltweit zu einer Ver&auml;nderung des Klimas f&uuml;hren, oder der zunehmende Bedarf an Lebensmitteln und anderen Ressourcen, der eine ver&auml;nderte Landnutzung zur Folge hat. Sowohl Klima- als auch Landnutzungswandel sind wesentliche Gr&uuml;nde f&uuml;r den weltweiten Verlust der Artenvielfalt. Ein Forscherteam der Naturschutzorganisation The Nature Conservancy (TNC), des Deutschen Zentrums f&uuml;r integrative Biodiversit&auml;tsforschung (iDiv), der Martin-Luther-Universit&auml;t Halle-Wittenberg (MLU) und anderer Forschungseinrichtungen hat die direkten und indirekten Auswirkungen des St&auml;dtewachstums auf globaler Ebene untersucht. Die Ergebnisse wurden im Fachmagazin Nature Sustainability ver&ouml;ffentlicht.","og_url":"https:\/\/www.idiv.de\/de\/stdtewachstum-verursacht-strksten-verlust-der-biologischen-vielfalt-auerhalb-der-stdte\/","og_site_name":"iDiv","article_published_time":"2019-12-08T23:00:00+00:00","article_modified_time":"2025-06-16T10:47:13+00:00","og_image":[{"width":1200,"height":675,"url":"https:\/\/www.idiv.de\/wp-content\/uploads\/2024\/11\/iDivSocialMediaShare.jpg","type":"image\/jpeg"}],"author":"admin","twitter_card":"summary_large_image","twitter_creator":"@idiv","twitter_site":"@idiv","schema":{"@context":"https:\/\/schema.org","@graph":[{"@type":"Article","@id":"https:\/\/www.idiv.de\/de\/stdtewachstum-verursacht-strksten-verlust-der-biologischen-vielfalt-auerhalb-der-stdte\/#article","isPartOf":{"@id":"https:\/\/www.idiv.de\/de\/stdtewachstum-verursacht-strksten-verlust-der-biologischen-vielfalt-auerhalb-der-stdte\/"},"author":{"name":"admin","@id":"https:\/\/www.idiv.de\/de\/#\/schema\/person\/14228c09f1919627a633555952e15fc0"},"headline":"St&auml;dtewachstum verursacht st&auml;rksten Verlust der biologischen Vielfalt au&szlig;erhalb der St&auml;dte","datePublished":"2019-12-08T23:00:00+00:00","dateModified":"2025-06-16T10:47:13+00:00","mainEntityOfPage":{"@id":"https:\/\/www.idiv.de\/de\/stdtewachstum-verursacht-strksten-verlust-der-biologischen-vielfalt-auerhalb-der-stdte\/"},"wordCount":18,"commentCount":0,"publisher":{"@id":"https:\/\/www.idiv.de\/de\/#organization"},"articleSection":["Biodiversit\u00e4t und Naturschutz","Forschung","iDiv","Medienmitteilung","sDiv","TOP NEWS"],"inLanguage":"de"},{"@type":"WebPage","@id":"https:\/\/www.idiv.de\/de\/stdtewachstum-verursacht-strksten-verlust-der-biologischen-vielfalt-auerhalb-der-stdte\/","url":"https:\/\/www.idiv.de\/de\/stdtewachstum-verursacht-strksten-verlust-der-biologischen-vielfalt-auerhalb-der-stdte\/","name":"St&auml;dtewachstum verursacht st&auml;rksten Verlust der biologischen Vielfalt au&szlig;erhalb der St&auml;dte | iDiv","isPartOf":{"@id":"https:\/\/www.idiv.de\/de\/#website"},"datePublished":"2019-12-08T23:00:00+00:00","dateModified":"2025-06-16T10:47:13+00:00","breadcrumb":{"@id":"https:\/\/www.idiv.de\/de\/stdtewachstum-verursacht-strksten-verlust-der-biologischen-vielfalt-auerhalb-der-stdte\/#breadcrumb"},"inLanguage":"de","potentialAction":[{"@type":"ReadAction","target":["https:\/\/www.idiv.de\/de\/stdtewachstum-verursacht-strksten-verlust-der-biologischen-vielfalt-auerhalb-der-stdte\/"]}]},{"@type":"BreadcrumbList","@id":"https:\/\/www.idiv.de\/de\/stdtewachstum-verursacht-strksten-verlust-der-biologischen-vielfalt-auerhalb-der-stdte\/#breadcrumb","itemListElement":[{"@type":"ListItem","position":1,"name":"Startseite","item":"https:\/\/www.idiv.de\/de\/"},{"@type":"ListItem","position":2,"name":"St&auml;dtewachstum verursacht st&auml;rksten Verlust der biologischen Vielfalt au&szlig;erhalb der St&auml;dte"}]},{"@type":"WebSite","@id":"https:\/\/www.idiv.de\/de\/#website","url":"https:\/\/www.idiv.de\/de\/","name":"iDiv","description":"Hotspot in Biodiversity Research","publisher":{"@id":"https:\/\/www.idiv.de\/de\/#organization"},"potentialAction":[{"@type":"SearchAction","target":{"@type":"EntryPoint","urlTemplate":"https:\/\/www.idiv.de\/de\/?s={search_term_string}"},"query-input":{"@type":"PropertyValueSpecification","valueRequired":true,"valueName":"search_term_string"}}],"inLanguage":"de"},{"@type":"Organization","@id":"https:\/\/www.idiv.de\/de\/#organization","name":"idiv","url":"https:\/\/www.idiv.de\/de\/","logo":{"@type":"ImageObject","inLanguage":"de","@id":"https:\/\/www.idiv.de\/de\/#\/schema\/logo\/image\/","url":"https:\/\/www.idiv.de\/wp-content\/uploads\/2024\/08\/iDiv_Logo_long_v1_EN_black_4c.jpg","contentUrl":"https:\/\/www.idiv.de\/wp-content\/uploads\/2024\/08\/iDiv_Logo_long_v1_EN_black_4c.jpg","width":2448,"height":674,"caption":"idiv"},"image":{"@id":"https:\/\/www.idiv.de\/de\/#\/schema\/logo\/image\/"},"sameAs":["https:\/\/x.com\/idiv","https:\/\/www.linkedin.com\/company\/idiv-biodiversity\/","https:\/\/www.youtube.com\/idiv-research"]},{"@type":"Person","@id":"https:\/\/www.idiv.de\/de\/#\/schema\/person\/14228c09f1919627a633555952e15fc0","name":"admin","url":"https:\/\/www.idiv.de\/de\/author\/admin\/"}]}},"author_meta":{"display_name":"admin","author_link":"https:\/\/www.idiv.de\/de\/author\/admin\/"},"featured_img":null,"coauthors":[],"tax_additional":{"categories":{"linked":["<a href=\"https:\/\/www.idiv.de\/de\/kategorie\/forschung\/biodiversitaet-und-naturschutz\/\" class=\"advgb-post-tax-term\">Biodiversit\u00e4t und Naturschutz<\/a>","<a href=\"https:\/\/www.idiv.de\/de\/kategorie\/forschung\/\" class=\"advgb-post-tax-term\">Forschung<\/a>","<a href=\"https:\/\/www.idiv.de\/de\/kategorie\/idiv-de\/\" class=\"advgb-post-tax-term\">iDiv<\/a>","<a href=\"https:\/\/www.idiv.de\/de\/kategorie\/medienmitteilung\/\" class=\"advgb-post-tax-term\">Medienmitteilung<\/a>","<a href=\"https:\/\/www.idiv.de\/de\/kategorie\/sdiv-de\/\" class=\"advgb-post-tax-term\">sDiv<\/a>","<a href=\"https:\/\/www.idiv.de\/de\/kategorie\/top-news-de-2\/\" class=\"advgb-post-tax-term\">TOP NEWS<\/a>"],"unlinked":["<span class=\"advgb-post-tax-term\">Biodiversit\u00e4t und Naturschutz<\/span>","<span class=\"advgb-post-tax-term\">Forschung<\/span>","<span class=\"advgb-post-tax-term\">iDiv<\/span>","<span class=\"advgb-post-tax-term\">Medienmitteilung<\/span>","<span class=\"advgb-post-tax-term\">sDiv<\/span>","<span class=\"advgb-post-tax-term\">TOP NEWS<\/span>"]}},"comment_count":0,"relative_dates":{"created":"Ver\u00f6ffentlicht 6\u00a0Jahren vor","modified":"Aktualisiert 11\u00a0Monaten vor"},"absolute_dates":{"created":"Ver\u00f6ffentlicht am 9. Dezember 2019","modified":"Aktualisiert am 16. Juni 2025"},"absolute_dates_time":{"created":"Ver\u00f6ffentlicht am 9. Dezember 2019 0:00","modified":"Aktualisiert am 16. Juni 2025 11:47"},"featured_img_caption":"","series_order":"","_links":{"self":[{"href":"https:\/\/www.idiv.de\/de\/wp-json\/wp\/v2\/posts\/11850","targetHints":{"allow":["GET"]}}],"collection":[{"href":"https:\/\/www.idiv.de\/de\/wp-json\/wp\/v2\/posts"}],"about":[{"href":"https:\/\/www.idiv.de\/de\/wp-json\/wp\/v2\/types\/post"}],"author":[{"embeddable":true,"href":"https:\/\/www.idiv.de\/de\/wp-json\/wp\/v2\/users\/1"}],"replies":[{"embeddable":true,"href":"https:\/\/www.idiv.de\/de\/wp-json\/wp\/v2\/comments?post=11850"}],"version-history":[{"count":2,"href":"https:\/\/www.idiv.de\/de\/wp-json\/wp\/v2\/posts\/11850\/revisions"}],"predecessor-version":[{"id":32420,"href":"https:\/\/www.idiv.de\/de\/wp-json\/wp\/v2\/posts\/11850\/revisions\/32420"}],"wp:attachment":[{"href":"https:\/\/www.idiv.de\/de\/wp-json\/wp\/v2\/media?parent=11850"}],"wp:term":[{"taxonomy":"category","embeddable":true,"href":"https:\/\/www.idiv.de\/de\/wp-json\/wp\/v2\/categories?post=11850"},{"taxonomy":"post_tag","embeddable":true,"href":"https:\/\/www.idiv.de\/de\/wp-json\/wp\/v2\/tags?post=11850"}],"curies":[{"name":"wp","href":"https:\/\/api.w.org\/{rel}","templated":true}]}}