{"id":11830,"date":"2019-10-24T00:00:00","date_gmt":"2019-10-23T23:00:00","guid":{"rendered":"https:\/\/idiv.caf-dev.de\/lokale-regenwurm-vielfalt-in-europa-grer-als-in-den-tropen\/"},"modified":"2025-07-07T10:46:05","modified_gmt":"2025-07-07T09:46:05","slug":"lokale-regenwurm-vielfalt-in-europa-grer-als-in-den-tropen","status":"publish","type":"post","link":"https:\/\/www.idiv.de\/de\/lokale-regenwurm-vielfalt-in-europa-grer-als-in-den-tropen\/","title":{"rendered":"Lokale Regenwurm-Vielfalt in Europa gr&ouml;&szlig;er als in den Tropen"},"content":{"rendered":"<div class=\"herosection pb-24 pt-0 no-bg modulclass \" id=\"\">\n                    <div class=\"swiper1noslider  nooverflow swiper \" id=\"slide_69f5e9d22da03\">\n        \n                <div class=\"swiper-wrapper\">\n                                            <div class=\"swiper-slide  style_ \" aria-hidden=\"true\" >\n                            <div class=\"backstretchwrap\">\n                        \n                            <div datasrc=\"https:\/\/www.idiv.de\/wp-content\/uploads\/2024\/08\/pic_670b062f1820191021161938.jpg\" class=\"backstretchimg responsiv desktop\"><\/div>\n\n                            <a href=\"#\" class=\"cr\"><svg  xmlns=\"http:\/\/www.w3.org\/2000\/svg\" width=\"22\" height=\"22\" viewBox=\"0 0 22 22\">\n                                    <rect id=\"BG\" width=\"22\" height=\"22\" rx=\"11\" fill=\"#fff\"\/>\n                                    <g id=\"Wrapper\" transform=\"translate(-1 -1)\">\n                                        <g id=\"Icon_material-copyright\" data-name=\"Icon material-copyright\">\n                                            <circle id=\"Ellipse_30\" data-name=\"Ellipse 30\" cx=\"8\" cy=\"8\" r=\"8\" transform=\"translate(4 4)\" fill=\"#fff\"\/>\n                                            <path id=\"Icon_material-copyright-2\" data-name=\"Icon material-copyright\" d=\"M9.464,10.088a2.045,2.045,0,0,1,.24-.7,1.4,1.4,0,0,1,.472-.5,1.42,1.42,0,0,1,.728-.184,1.45,1.45,0,0,1,.5.1,1.29,1.29,0,0,1,.416.288,1.54,1.54,0,0,1,.272.424,1.4,1.4,0,0,1,.112.512H13.64a2.864,2.864,0,0,0-.224-1.032,2.4,2.4,0,0,0-.56-.808,2.613,2.613,0,0,0-.864-.528,3.09,3.09,0,0,0-1.112-.184,3.127,3.127,0,0,0-1.36.272,2.751,2.751,0,0,0-.96.736,3.007,3.007,0,0,0-.568,1.088A4.685,4.685,0,0,0,7.8,10.9v.216a4.684,4.684,0,0,0,.184,1.312,2.908,2.908,0,0,0,.568,1.08,2.731,2.731,0,0,0,.96.728,3.246,3.246,0,0,0,1.36.272,3.051,3.051,0,0,0,1.056-.184,2.729,2.729,0,0,0,.864-.5,2.442,2.442,0,0,0,.592-.752,2.153,2.153,0,0,0,.24-.92H12.192a1.139,1.139,0,0,1-.12.464,1.177,1.177,0,0,1-.288.368,1.26,1.26,0,0,1-.416.24,1.589,1.589,0,0,1-.48.08,1.359,1.359,0,0,1-.712-.184,1.4,1.4,0,0,1-.472-.5,2.09,2.09,0,0,1-.24-.7,5.392,5.392,0,0,1-.064-.8V10.9a5.33,5.33,0,0,1,.064-.808ZM11,3a8,8,0,1,0,8,8A8,8,0,0,0,11,3Zm0,14.4A6.4,6.4,0,1,1,17.4,11,6.408,6.408,0,0,1,11,17.4Z\" transform=\"translate(1 1)\" fill=\"#4d4d4d\"\/>\n                                        <\/g>\n                                    <\/g>\n                                <\/svg>\n                                <span>Valentin Gutekunst<\/span><\/a>                        \n                                                    <\/div>\n                                        <div class=\"sliderinhalt \" role=\"region\" aria-label=\"carousel\">\n\n                                            <h1 class=\"h1 tleft\" >Lokale Regenwurm-Vielfalt in Europa gr&ouml;&szlig;er als in den Tropen<\/h1>                                                    <p style=\"text-align: center;\">Klimawandel k\u00f6nnte Vorkommen von Regenw\u00fcrmern weltweit ver\u00e4ndern.<\/p>\n                                                \n                                                                                                            <\/div>\n                                            <\/div>\n\n                        \n                 <\/div>\n\n                              <\/div>\n<\/div>\n\n<div class=\"textbildrepeater pb-24 pt-0 no-bg modulclass \" id=\"\">\n    <div class=\"container\">\n        <div class=\"row\">\n                                                                <div class=\"pb-24   mod_text  col-md-6 offset-md-0 pos_top\">\n                            <div class=\"textrepeater \" id=\"\">\n    <p>24.10.2019 | Experimental Interaction Ecology, Media Release, sDiv, TOP NEWS<\/p>\n<\/div>\n                            <\/div>\n                        <\/div>\n    <\/div>\n<\/div>\n\n<div class=\"textbildrepeater pb-24 pt-0 no-bg modulclass \" id=\"\">\n    <div class=\"container\">\n        <div class=\"row\">\n                                                                <div class=\"pb-24   mod_text  col-md-12 offset-md-0 pos_top\">\n                            <div class=\"textrepeater \" id=\"\">\n    <p><strong>Leipzig. An einem Ort der gem&auml;&szlig;igten Breiten gibt es meist mehr Regenw&uuml;rmer und mehr Regenwurmarten als an einem Ort gleicher Gr&ouml;&szlig;e in den Tropen. Der Klimawandel k&ouml;nnte das Vorkommen von Regenw&uuml;rmern und damit auch ihre Funktionen f&uuml;r &Ouml;kosysteme weltweit ver&auml;ndern. Dies sind die zentralen Ergebnisse einer Studie, die in der aktuellen Ausgabe der Fachzeitschrift Science ver&ouml;ffentlicht wurde. F&uuml;r die Studie hat ein Wissenschaftlerteam unter F&uuml;hrung des Deutschen Zentrums f&uuml;r integrative Biodiversit&auml;tsforschung (iDiv) und der Universit&auml;t Leipzig zusammen mit 140 internationalen Wissenschaftlern den weltweit gr&ouml;&szlig;ten Regenwurmdatensatz zusammengestellt &ndash; mit Informationen von 6928 Standorten aus 57 L&auml;ndern.<\/strong><\/p>\n<\/div>\n                            <\/div>\n                        <\/div>\n    <\/div>\n<\/div>\n\n<div class=\"textbildrepeater pb-24 pt-0 no-bg modulclass \" id=\"\">\n    <div class=\"container\">\n        <div class=\"row\">\n                                                                <div class=\"pb-24   mod_bild  col-md-5 offset-md-0 pos_top\">\n                            <div class=\"bildrepeater \" id=\"\">\n    <div class=\"relativ\"><img decoding=\"async\" class=\"responsiv desktop\" src=\"https:\/\/www.idiv.de\/wp-content\/uploads\/2024\/08\/pic_8773df0f7420191017123616.jpg\" height=\"\" width=\"\" alt=\"idiv-\"\/><img decoding=\"async\" class=\"responsiv mobile\" src=\"https:\/\/www.idiv.de\/wp-content\/uploads\/2024\/08\/pic_8773df0f7420191017123616.jpg\" height=\"\" width=\"\" alt=\"idiv-\"\/><a href=\"#\" class=\"cr\" role=\"button\">\n<svg  xmlns=\"http:\/\/www.w3.org\/2000\/svg\" width=\"22\" height=\"22\" viewBox=\"0 0 22 22\">\n    <rect id=\"BG\" width=\"22\" height=\"22\" rx=\"11\" fill=\"#fff\"\/>\n    <g id=\"Wrapper\" transform=\"translate(-1 -1)\">\n        <g id=\"Icon_material-copyright\" data-name=\"Icon material-copyright\">\n            <circle id=\"Ellipse_30\" data-name=\"Ellipse 30\" cx=\"8\" cy=\"8\" r=\"8\" transform=\"translate(4 4)\" fill=\"#fff\"\/>\n            <path id=\"Icon_material-copyright-2\" data-name=\"Icon material-copyright\" d=\"M9.464,10.088a2.045,2.045,0,0,1,.24-.7,1.4,1.4,0,0,1,.472-.5,1.42,1.42,0,0,1,.728-.184,1.45,1.45,0,0,1,.5.1,1.29,1.29,0,0,1,.416.288,1.54,1.54,0,0,1,.272.424,1.4,1.4,0,0,1,.112.512H13.64a2.864,2.864,0,0,0-.224-1.032,2.4,2.4,0,0,0-.56-.808,2.613,2.613,0,0,0-.864-.528,3.09,3.09,0,0,0-1.112-.184,3.127,3.127,0,0,0-1.36.272,2.751,2.751,0,0,0-.96.736,3.007,3.007,0,0,0-.568,1.088A4.685,4.685,0,0,0,7.8,10.9v.216a4.684,4.684,0,0,0,.184,1.312,2.908,2.908,0,0,0,.568,1.08,2.731,2.731,0,0,0,.96.728,3.246,3.246,0,0,0,1.36.272,3.051,3.051,0,0,0,1.056-.184,2.729,2.729,0,0,0,.864-.5,2.442,2.442,0,0,0,.592-.752,2.153,2.153,0,0,0,.24-.92H12.192a1.139,1.139,0,0,1-.12.464,1.177,1.177,0,0,1-.288.368,1.26,1.26,0,0,1-.416.24,1.589,1.589,0,0,1-.48.08,1.359,1.359,0,0,1-.712-.184,1.4,1.4,0,0,1-.472-.5,2.09,2.09,0,0,1-.24-.7,5.392,5.392,0,0,1-.064-.8V10.9a5.33,5.33,0,0,1,.064-.808ZM11,3a8,8,0,1,0,8,8A8,8,0,0,0,11,3Zm0,14.4A6.4,6.4,0,1,1,17.4,11,6.408,6.408,0,0,1,11,17.4Z\" transform=\"translate(1 1)\" fill=\"#4d4d4d\"\/>\n        <\/g>\n    <\/g>\n<\/svg>\n<span>MLC Bartz<\/span><\/a><\/div><p class=\"bu\">Die lokale Regenwurm-Vielfalt nimmt von den Tropen zu den gem&auml;&szlig;igten Breiten zu.&nbsp;Abgebildet ist ein brasilianischer Regenwurm der Gattung Fimoscolex.<\/p><\/div>\n                            <\/div>\n                                                                    <div class=\"pb-24   mod_bild  col-md-5 offset-md-2 pos_top\">\n                            <div class=\"bildrepeater \" id=\"\">\n    <div class=\"relativ\"><img decoding=\"async\" class=\"responsiv desktop\" src=\"https:\/\/www.idiv.de\/wp-content\/uploads\/2024\/08\/pic_bde87f776b20191018110450.jpg\" height=\"\" width=\"\" alt=\"idiv-\"\/><img decoding=\"async\" class=\"responsiv mobile\" src=\"https:\/\/www.idiv.de\/wp-content\/uploads\/2024\/08\/pic_bde87f776b20191018110450.jpg\" height=\"\" width=\"\" alt=\"idiv-\"\/><a href=\"#\" class=\"cr\" role=\"button\">\n<svg  xmlns=\"http:\/\/www.w3.org\/2000\/svg\" width=\"22\" height=\"22\" viewBox=\"0 0 22 22\">\n    <rect id=\"BG\" width=\"22\" height=\"22\" rx=\"11\" fill=\"#fff\"\/>\n    <g id=\"Wrapper\" transform=\"translate(-1 -1)\">\n        <g id=\"Icon_material-copyright\" data-name=\"Icon material-copyright\">\n            <circle id=\"Ellipse_30\" data-name=\"Ellipse 30\" cx=\"8\" cy=\"8\" r=\"8\" transform=\"translate(4 4)\" fill=\"#fff\"\/>\n            <path id=\"Icon_material-copyright-2\" data-name=\"Icon material-copyright\" d=\"M9.464,10.088a2.045,2.045,0,0,1,.24-.7,1.4,1.4,0,0,1,.472-.5,1.42,1.42,0,0,1,.728-.184,1.45,1.45,0,0,1,.5.1,1.29,1.29,0,0,1,.416.288,1.54,1.54,0,0,1,.272.424,1.4,1.4,0,0,1,.112.512H13.64a2.864,2.864,0,0,0-.224-1.032,2.4,2.4,0,0,0-.56-.808,2.613,2.613,0,0,0-.864-.528,3.09,3.09,0,0,0-1.112-.184,3.127,3.127,0,0,0-1.36.272,2.751,2.751,0,0,0-.96.736,3.007,3.007,0,0,0-.568,1.088A4.685,4.685,0,0,0,7.8,10.9v.216a4.684,4.684,0,0,0,.184,1.312,2.908,2.908,0,0,0,.568,1.08,2.731,2.731,0,0,0,.96.728,3.246,3.246,0,0,0,1.36.272,3.051,3.051,0,0,0,1.056-.184,2.729,2.729,0,0,0,.864-.5,2.442,2.442,0,0,0,.592-.752,2.153,2.153,0,0,0,.24-.92H12.192a1.139,1.139,0,0,1-.12.464,1.177,1.177,0,0,1-.288.368,1.26,1.26,0,0,1-.416.24,1.589,1.589,0,0,1-.48.08,1.359,1.359,0,0,1-.712-.184,1.4,1.4,0,0,1-.472-.5,2.09,2.09,0,0,1-.24-.7,5.392,5.392,0,0,1-.064-.8V10.9a5.33,5.33,0,0,1,.064-.808ZM11,3a8,8,0,1,0,8,8A8,8,0,0,0,11,3Zm0,14.4A6.4,6.4,0,1,1,17.4,11,6.408,6.408,0,0,1,11,17.4Z\" transform=\"translate(1 1)\" fill=\"#4d4d4d\"\/>\n        <\/g>\n    <\/g>\n<\/svg>\n<span>11066063\/Pixabay<\/span><\/a><\/div><p class=\"bu\">Regenw&uuml;rmer haben viele Funktionen im &Ouml;kosystem&nbsp;&ndash; auch im Zusammenspiel mit anderen Arten.<\/p><\/div>\n                            <\/div>\n                        <\/div>\n    <\/div>\n<\/div>\n\n<div class=\"textbildrepeater pb-24 pt-0 no-bg modulclass \" id=\"\">\n    <div class=\"container\">\n        <div class=\"row\">\n                                                                <div class=\"pb-24   mod_text  col-md-12 offset-md-0 pos_top\">\n                            <div class=\"textrepeater \" id=\"\">\n    <p>Fast &uuml;berall auf der Welt gibt es Regenw&uuml;rmer. Wo der Boden nicht dauerhaft gefroren, zu sauer, zu nass oder vollkommen trocken ist, fressen Regenw&uuml;rmer organisches Material, graben L&ouml;cher und mischen Humus und Erde.&nbsp;Auf diese Weise f&ouml;rdern sie eine Vielfalt von &Ouml;kosystemleistungen des Bodens &ndash; machen N&auml;hrstoffe verf&uuml;gbar, helfen klimawirksamen Kohlenstoff zu speichern oder Samen zu verbreiten.&nbsp;Regenw&uuml;rmer gelten deshalb als &bdquo;&Ouml;kosystem-Ingenieure&ldquo;. Ihre Bedeutung spiegelt sich auch in ihrer gro&szlig;en Gesamt-Biomasse wider&#58; Diese ist oft gr&ouml;&szlig;er als die Gesamt-Biomasse aller am selben Ort lebenden S&auml;ugetiere.<\/p>\n<p>Trotz der gro&szlig;en Bedeutung von Regenw&uuml;rmern f&uuml;r &Ouml;kosysteme und &Ouml;kosystemleistungen f&uuml;r den Menschen, war bislang wenig bekannt &uuml;ber die weltweite Verbreitung von Regenw&uuml;rmern. &bdquo;Wissenschaftler haben bereits vor Jahrzehnten herausgefunden, dass an einem beliebigen Ort in den Tropen meist mehr Arten leben als an einem gleichgro&szlig;en Ort der gem&auml;&szlig;igten Breiten&ldquo;, sagt Erstautorin Dr. Helen Phillips, die am Deutschen Zentrum f&uuml;r integrative Biodiversit&auml;tsforschung (iDiv) und der Universit&auml;t Leipzig arbeitet. &bdquo;Doch f&uuml;r Regenw&uuml;rmer konnten wir solche Untersuchungen bisher nicht durchf&uuml;hren, da es keine entsprechenden, globalen Datens&auml;tze gab.&ldquo;<\/p>\n<p>Phillips wollte eine Weltkarte erstellen, die so viele Daten wie m&ouml;glich zur Vielfalt von Regenw&uuml;rmern enth&auml;lt&#58; zur Anzahl der Arten, zur Anzahl der Individuen (Dichte) und zur Biomasse. Zusammen mit Kollegen einer Arbeitsgruppe des Synthesezentrums sDiv kontaktierte Phillips Regenwurmforscher aus der ganzen Welt und bat sie, ihre Daten f&uuml;r einen neuen, globalen Datensatz zur Verf&uuml;gung zu stellen, der f&uuml;r jeden zug&auml;nglich sein sollte. &bdquo;Erst dachten wir, das ist verr&uuml;ckt. Aber dann staunten wir, wie viele Kollegen ihre Daten mit uns teilen wollten&ldquo;, meint Letztautor Prof. Nico Eisenhauer, Forschungsgruppenleiter bei iDiv und der Universit&auml;t Leipzig. &bdquo;Wir haben 2016 praktisch bei Null angefangen und konnten wenige Jahre sp&auml;ter den weltweit gr&ouml;&szlig;ten Datensatz zur Bodenbiodiversit&auml;t ver&ouml;ffentlichen. Das ist eine gro&szlig;artige Leistung der Erstautorin Helen Phillips und der vielen Wissenschaftler, die an uns geglaubt haben.&ldquo;<\/p>\n<p>Die Ergebnisse zeigen, dass Biodiversit&auml;t unterirdisch anders verteilt ist als oberirdisch&#58; Bei Pflanzen, Insekten und V&ouml;geln zum Beispiel nimmt die Anzahl der Arten in einem bestimmten Gebiet zu, je mehr man sich dem &Auml;quator n&auml;hert. Entsprechend finden sich oberirdisch die meisten Arten in den Tropen. Doch bei Regenw&uuml;rmern ist es genau umgekehrt&#58; Die meisten Regenwurmarten (kleinr&auml;umig betrachtet) fanden die Forscher an Orten in Europa, dem Nordosten der USA und Neuseeland. &Auml;hnlich verhielt es sich mit der Dichte und der Biomasse. Auch hier waren die Werte in den gem&auml;&szlig;igten Breiten am h&ouml;chsten.<\/p>\n<p>Gleichzeitig scheinen Regenw&uuml;rmer in den Tropen kleinere Verbreitungsgebiete zu haben. Helen Phillips&#58; &bdquo;In den Tropen findet man alle paar Kilometer eine neue Gemeinschaft von Regenwurmarten. In k&uuml;hleren Regionen hingegen bleibt diese mehr oder weniger gleich. Das k&ouml;nnte bedeuten, dass man in einem bestimmten Gebiet der Tropen zwar nur wenige Arten findet, die Gesamtzahl aller tropischen Regenwurmarten aber sehr hoch ist. Das wissen wir aber noch nicht.&ldquo; Diese Unsicherheit liegt vor allem daran, dass viele tropische Regenwurmarten noch gar nicht beschrieben wurden. Man wei&szlig; also oft nicht, ob Regenw&uuml;rmer, die an verschiedenen Orten gefunden wurden, derselben Art oder verschiedenen Arten angeh&ouml;ren.<\/p>\n<p>Die Wissenschaftler untersuchten auch, welche Umweltfaktoren beeinflussen, wie viele Regenw&uuml;rmer und Regenwurmarten an einem Ort leben. Das Ergebnis&#58; Faktoren, die mit Niederschlag und Temperatur zusammenh&auml;ngen, hatten den gr&ouml;&szlig;ten Einfluss. &bdquo;Der Klimawandel k&ouml;nnte zu starken Ver&auml;nderungen bei den Regenwurmgemeinschaften und den von ihnen beeinflussten &Ouml;kosystemleistungen f&uuml;hren&ldquo;, sagt Nico Eisenhauer. &bdquo;Aufgrund ihrer Rolle als &Ouml;kosystem-Ingenieure bef&uuml;rchten wir Auswirkungen auf andere Lebewesen wie Mikroorganismen, Bodeninsekten und Pflanzen.&ldquo;<\/p>\n<p>Die Ergebnisse der Studie sind auch f&uuml;r den Naturschutz wichtig&#58; Biodiversit&auml;t ist ein wichtiges Kriterium bei der Auswahl sch&uuml;tzenswerter Gebiete. Das Ausblenden unterirdischer Vielfalt kann dazu f&uuml;hren, dass Regenw&uuml;rmer nicht ausreichend gesch&uuml;tzt werden&nbsp;&ndash; und damit auch ihr Beitrag zum Funktionieren der &Ouml;kosysteme. Entsprechend m&uuml;sste auch die unterirdische Biodiversit&auml;t ber&uuml;cksichtigt werden, um die wahren Hotspots der Biodiversit&auml;t zu identifizieren&#58; &bdquo;Es ist Zeit f&uuml;r einen Paradigmenwechsel beim Schutz der biologischen Vielfalt&ldquo;, sagt Nico Eisenhauer. &bdquo;Weil wir es nicht sehen, vergessen wir allzu leicht das faszinierende Leben unter unseren F&uuml;&szlig;en. Regenw&uuml;rmer m&ouml;gen im Verborgenen weilen und nicht das Charisma eines Pandas haben. Aber sie sind extrem wichtig f&uuml;r andere Lebewesen und das Funktionieren unserer &Ouml;kosysteme.&ldquo;<br \/><em style=background-color&#58; transparent; font-size&#58; 1em;>Volker Hahn<\/p>\n<p>&nbsp;<\/p>\n<p><strong>Original-Publikation&#58;<\/strong><br \/>(iDiv-Wissenschaftler fett)<br \/><strong>Helen R. P. Phillips<\/strong>,&nbsp;<strong>Carlos A. Guerra<\/strong>, Marie L. C. Bartz, Maria J. I. Briones, George Brown, Thomas W. Crowther,&nbsp;<strong>Olga Ferlian<\/strong>, Konstantin B. Gongalsky, Johan van den Hoogen,&nbsp;<strong>Julia Krebs<\/strong>, Alberto Orgiazzi, Devin Routh, Benjamin Schwarz, Elizabeth M. Bach,&nbsp;<strong>Joanne Bennett<\/strong>,&nbsp;<strong>Ulrich Brose<\/strong>, Thibaud Deca&euml;ns,&nbsp;<strong>Birgitta K&ouml;nig-Ries<\/strong>, Michel Loreau, J&eacute;r&ocirc;me Mathieu, Christian Mulder, Wim H. van der Putten, Kelly S. Ramirez,&nbsp;<strong>Matthias C. Rillig<\/strong>, David Russell, Michiel Rutgers, Madhav P. Thakur, Franciska T. de Vries, Diana H. Wall, David A. Wardle, Miwa Arai, Fredrick O. Ayuke, Geoff H. Baker, Robin Beaus&eacute;jour, Jos&eacute; C. Bedano, Klaus Birkhofer, Eric Blanchart, Bernd Blossey, Thomas Bolger, Robert L. Bradley, Mac A. Callaham, Yvan Capowiez, Mark E. Caulfield, Amy Choi, Felicity V. Crotty, Andrea D&aacute;valos, Dar&iacute;o J. Diaz Cosin, Anah&iacute; Dominguez, Andr&eacute;s Esteban Duhour, Nick van Eekeren, Christoph Emmerling, Liliana B. Falco, Rosa Fern&aacute;ndez, Steven J. Fonte, Carlos Fragoso, Andr&eacute; L. C. Franco, Martine Fug&egrave;re, Abegail T. Fusilero, Shaieste Gholami, Michael J. Gundale, M&oacute;nica Guti&eacute;rrez L&oacute;pez, Davorka K. Hackenberger, Luis M. Hern&aacute;ndez, Takuo Hishi, Andrew R. Holdsworth, Martin Holmstrup, Kristine N. Hopfensperger, Esperanza Huerta Lwanga, Veikko Huhta, Tunsisa T. Hurisso, Basil V. Iannone III, Madalina Iordache, Monika Joschko, Nobuhiro Kaneko, Radoslava Kanianska, Aidan M. Keith, Courtland A. Kelly, Maria L. Kernecker, Jonatan Klaminder, Armand W. Kon&eacute;, Yahya Kooch, Sanna T. Kukkonen, Hmar Lalthanzara, Daniel R. Lammel, Iurii M. Lebedev, Yiqing Li, Juan B. Jesus Lidon, Noa K. Lincoln, Scott R. Loss, Raphael Marichal, Radim Matula, Jan Hendrik Moos, Gerardo Moreno, Alejandro Mor&oacute;n-R&iacute;os, Bart Muys, Johan Neirynck, Lindsey Norgrove, Marta Novo, Visa Nuutinen, Victoria Nuzzo, Mujeeb Rahman P, Johan Pansu, Shishir Paudel, Gu&eacute;nola P&eacute;r&egrave;s, Lorenzo P&eacute;rez-Camacho, Ra&uacute;l Pi&ntilde;eiro, Jean-Fran&ccedil;ois Ponge, Muhammad Imtiaz Rashid, Salvador Rebollo, Javier Rodeiro- Iglesias, Miguel &Aacute;. Rodr&iacute;guez, Alexander M. Roth, Guillaume X. Rousseau, Anna Rozen, Ehsan Sayad, Loes van Schaik, Bryant C. Scharenbroch, Michael Schirrmann, Olaf Schmidt, Boris Schr&ouml;der, Julia Seeber, Maxim P. Shashkov, Jaswinder Singh, Sandy M. Smith, Michael Steinwandter, Jos&eacute; A. Talavera, Dolores Trigo, Jiro Tsukamoto, Anne W. de Valen&ccedil;a, Steven J. Vanek, I&ntilde;igo Virto, Adrian A. Wackett, Matthew W. Warren, Nathaniel H. Wehr, Joann K. Whalen, Michael B. Wironen, Volkmar Wolters, Irina V. Zenkova, Weixin Zhang, Erin K. Cameron,&nbsp;<strong>Nico Eisenhauer<\/strong>&nbsp;(2019)&nbsp;Global distribution of earthworm diversity.&nbsp;Science,&nbsp;366(6464)&#58;480&ndash;85. DOI&#58;&nbsp;<a href=https&#58;\/\/science.sciencemag.org\/content\/366\/6464\/480 target=_blank rel=ext noopener>10.1126\/science.aax4851<\/a><\/p>\n<p>&nbsp;<\/p>\n<\/div>\n                            <\/div>\n                        <\/div>\n    <\/div>\n<\/div>\n\n<div class=\"textbildrepeater pb-24 pt-0 no-bg modulclass \" id=\"\">\n    <div class=\"container\">\n        <div class=\"row\">\n                                                                <div class=\"pb-24   mod_text  col-md-12 offset-md-0 pos_top\">\n                            <div class=\"textrepeater \" id=\"\">\n    <h3>Ansprechpartner:<\/h3>\n<p><strong>Dr. Volker Hahn<\/strong><br \/>\nAbteilung Medien und Kommunikation<br \/>\nDeutsches Zentrum f\u00fcr integrative Biodiversit\u00e4tsforschung (iDiv) Halle-Jena-Leipzig<br \/>\nTel.: +49 341 9733154<br \/>\nE-Mail: <a href=\"&#x6d;&#x61;&#x69;&#x6c;&#x74;&#111;&#58;&#118;&#111;lke&#x72;&#x2e;&#x68;&#x61;&#x68;&#x6e;&#64;&#105;&#100;iv&#46;&#x64;&#x65;\">&#x76;&#x6f;&#x6c;&#x6b;&#101;&#114;&#46;ha&#x68;&#x6e;&#x40;&#x69;&#x64;&#105;&#118;&#46;de<\/a><\/p>\n<p><strong>Prof. Dr. Nico Eisenhauer<\/strong><br \/>\nLeiter der Forschungsgruppe Experimentelle Interaktions\u00f6kologie<br \/>\nDeutsches Zentrum f\u00fcr integrative Biodiversit\u00e4tsforschung (iDiv) Halle-Jena-Leipzig<br \/>\nUniversit\u00e4t Leipzig<br \/>\nTel.: +49 341 9733167<br \/>\nE-Mail: <a href=\"mail&#116;&#111;&#58;&#110;&#105;&#x63;&#x6f;&#x2e;&#x65;&#x69;&#x73;&#x65;nhau&#101;&#114;&#64;&#105;&#100;&#x69;&#x76;&#x2e;&#x64;&#x65;\">&#110;&#105;&#x63;&#x6f;&#46;&#101;&#x69;&#x73;&#101;&#110;&#x68;&#x61;&#117;&#101;&#x72;&#x40;&#105;&#100;&#x69;&#x76;&#46;&#100;&#x65;<\/a><\/p>\n<p><strong>Dr. Helen Phillips (spricht nur Englisch)<\/strong><br \/>\nPostdoktorandin der Forschungsgruppe Experimentelle Interaktions\u00f6kologie<br \/>\nDeutsches Zentrum f\u00fcr integrative Biodiversit\u00e4tsforschung (iDiv) Halle-Jena-Leipzig<br \/>\nUniversit\u00e4t Leipzig<br \/>\nTel.: +49 341 9733122<br \/>\nE-Mail: <a href=\"&#x6d;&#97;i&#x6c;&#116;o&#x3a;&#104;e&#x6c;&#x65;&#110;&#x2e;&#x70;&#104;i&#x6c;&#108;i&#x70;&#115;&#64;&#x69;&#x64;&#105;&#x76;&#x2e;&#100;e\">h&#101;&#x6c;&#x65;n&#46;&#112;&#x68;&#x69;l&#108;&#105;&#x70;&#x73;&#64;&#105;&#x64;&#x69;&#x76;&#46;&#100;&#x65;<\/a><\/p>\n<\/div>\n                            <\/div>\n                        <\/div>\n    <\/div>\n<\/div>\n\n<div class=\"textbildrepeater pb-24 pt-0 no-bg modulclass \" id=\"\">\n    <div class=\"container\">\n        <div class=\"row\">\n                                                                <div class=\"pb-24   mod_text  col-md-12 offset-md-0 pos_top\">\n                            <div class=\"textrepeater \" id=\"\">\n    <p><em>Hinweis f\u00fcr die Medien: Die von iDiv bereitgestellten Bilder d\u00fcrfen ausschlie\u00dflich f\u00fcr die Berichterstattung im Zusammenhang mit dieser Medienmitteilung und unter Angabe des\/der Urhebers\/in verwendet werden.<\/em><\/p>\n<\/div>\n                            <\/div>\n                        <\/div>\n    <\/div>\n<\/div>","protected":false},"excerpt":{"rendered":"<p>Leipzig. An einem Ort der gem&auml;&szlig;igten Breiten gibt es meist mehr Regenw&uuml;rmer und mehr Regenwurmarten als an einem Ort gleicher Gr&ouml;&szlig;e in den Tropen. Der Klimawandel k&ouml;nnte das Vorkommen von Regenw&uuml;rmern und damit auch ihre Funktionen f&uuml;r &Ouml;kosysteme weltweit ver&auml;ndern. Dies sind die zentralen Ergebnisse einer Studie, die in der aktuellen Ausgabe der Fachzeitschrift Science ver&ouml;ffentlicht wurde. F&uuml;r die Studie hat ein Wissenschaftlerteam unter F&uuml;hrung des Deutschen Zentrums f&uuml;r integrative Biodiversit&auml;tsforschung (iDiv) und der Universit&auml;t Leipzig zusammen mit 140 internationalen Wissenschaftlern den weltweit gr&ouml;&szlig;ten Regenwurmdatensatz zusammengestellt &ndash; mit Informationen von 6928 Standorten aus 57 L&auml;ndern.<\/p>\n","protected":false},"author":1,"featured_media":0,"comment_status":"closed","ping_status":"closed","sticky":false,"template":"","format":"standard","meta":{"_acf_changed":false,"advgb_blocks_editor_width":"","advgb_blocks_columns_visual_guide":"","footnotes":"","_links_to":"","_links_to_target":""},"categories":[35,29,40,30],"tags":[],"class_list":["post-11830","post","type-post","status-publish","format-standard","hentry","category-experimentelle-interaktionsoekologie","category-medienmitteilung","category-sdiv-de","category-top-news-de-2"],"acf":{"thumb":7153,"thumbmobile":"","copyright":"Valentin Gutekunst","breadcrumb":true},"yoast_head":"<!-- This site is optimized with the Yoast SEO plugin v27.5 - https:\/\/yoast.com\/product\/yoast-seo-wordpress\/ -->\n<title>Lokale Regenwurm-Vielfalt in Europa gr&ouml;&szlig;er als in den Tropen | iDiv<\/title>\n<meta name=\"robots\" content=\"index, follow, max-snippet:-1, max-image-preview:large, max-video-preview:-1\" \/>\n<link rel=\"canonical\" href=\"https:\/\/www.idiv.de\/de\/lokale-regenwurm-vielfalt-in-europa-grer-als-in-den-tropen\/\" \/>\n<meta property=\"og:locale\" content=\"de_DE\" \/>\n<meta property=\"og:type\" content=\"article\" \/>\n<meta property=\"og:title\" content=\"Lokale Regenwurm-Vielfalt in Europa gr&ouml;&szlig;er als in den Tropen | iDiv\" \/>\n<meta property=\"og:description\" content=\"Leipzig. An einem Ort der gem&auml;&szlig;igten Breiten gibt es meist mehr Regenw&uuml;rmer und mehr Regenwurmarten als an einem Ort gleicher Gr&ouml;&szlig;e in den Tropen. Der Klimawandel k&ouml;nnte das Vorkommen von Regenw&uuml;rmern und damit auch ihre Funktionen f&uuml;r &Ouml;kosysteme weltweit ver&auml;ndern. Dies sind die zentralen Ergebnisse einer Studie, die in der aktuellen Ausgabe der Fachzeitschrift Science ver&ouml;ffentlicht wurde. F&uuml;r die Studie hat ein Wissenschaftlerteam unter F&uuml;hrung des Deutschen Zentrums f&uuml;r integrative Biodiversit&auml;tsforschung (iDiv) und der Universit&auml;t Leipzig zusammen mit 140 internationalen Wissenschaftlern den weltweit gr&ouml;&szlig;ten Regenwurmdatensatz zusammengestellt &ndash; mit Informationen von 6928 Standorten aus 57 L&auml;ndern.\" \/>\n<meta property=\"og:url\" content=\"https:\/\/www.idiv.de\/de\/lokale-regenwurm-vielfalt-in-europa-grer-als-in-den-tropen\/\" \/>\n<meta property=\"og:site_name\" content=\"iDiv\" \/>\n<meta property=\"article:published_time\" content=\"2019-10-23T23:00:00+00:00\" \/>\n<meta property=\"article:modified_time\" content=\"2025-07-07T09:46:05+00:00\" \/>\n<meta property=\"og:image\" content=\"https:\/\/www.idiv.de\/wp-content\/uploads\/2024\/11\/iDivSocialMediaShare.jpg\" \/>\n\t<meta property=\"og:image:width\" content=\"1200\" \/>\n\t<meta property=\"og:image:height\" content=\"675\" \/>\n\t<meta property=\"og:image:type\" content=\"image\/jpeg\" \/>\n<meta name=\"author\" content=\"admin\" \/>\n<meta name=\"twitter:card\" content=\"summary_large_image\" \/>\n<meta name=\"twitter:creator\" content=\"@idiv\" \/>\n<meta name=\"twitter:site\" content=\"@idiv\" \/>\n<script type=\"application\/ld+json\" class=\"yoast-schema-graph\">{\"@context\":\"https:\\\/\\\/schema.org\",\"@graph\":[{\"@type\":\"Article\",\"@id\":\"https:\\\/\\\/www.idiv.de\\\/de\\\/lokale-regenwurm-vielfalt-in-europa-grer-als-in-den-tropen\\\/#article\",\"isPartOf\":{\"@id\":\"https:\\\/\\\/www.idiv.de\\\/de\\\/lokale-regenwurm-vielfalt-in-europa-grer-als-in-den-tropen\\\/\"},\"author\":{\"name\":\"admin\",\"@id\":\"https:\\\/\\\/www.idiv.de\\\/de\\\/#\\\/schema\\\/person\\\/14228c09f1919627a633555952e15fc0\"},\"headline\":\"Lokale Regenwurm-Vielfalt in Europa gr&ouml;&szlig;er als in den Tropen\",\"datePublished\":\"2019-10-23T23:00:00+00:00\",\"dateModified\":\"2025-07-07T09:46:05+00:00\",\"mainEntityOfPage\":{\"@id\":\"https:\\\/\\\/www.idiv.de\\\/de\\\/lokale-regenwurm-vielfalt-in-europa-grer-als-in-den-tropen\\\/\"},\"wordCount\":12,\"publisher\":{\"@id\":\"https:\\\/\\\/www.idiv.de\\\/de\\\/#organization\"},\"articleSection\":[\"Experimentelle Interaktions\u00f6kologie\",\"Medienmitteilung\",\"sDiv\",\"TOP NEWS\"],\"inLanguage\":\"de\"},{\"@type\":\"WebPage\",\"@id\":\"https:\\\/\\\/www.idiv.de\\\/de\\\/lokale-regenwurm-vielfalt-in-europa-grer-als-in-den-tropen\\\/\",\"url\":\"https:\\\/\\\/www.idiv.de\\\/de\\\/lokale-regenwurm-vielfalt-in-europa-grer-als-in-den-tropen\\\/\",\"name\":\"Lokale Regenwurm-Vielfalt in Europa gr&ouml;&szlig;er als in den Tropen | iDiv\",\"isPartOf\":{\"@id\":\"https:\\\/\\\/www.idiv.de\\\/de\\\/#website\"},\"datePublished\":\"2019-10-23T23:00:00+00:00\",\"dateModified\":\"2025-07-07T09:46:05+00:00\",\"breadcrumb\":{\"@id\":\"https:\\\/\\\/www.idiv.de\\\/de\\\/lokale-regenwurm-vielfalt-in-europa-grer-als-in-den-tropen\\\/#breadcrumb\"},\"inLanguage\":\"de\",\"potentialAction\":[{\"@type\":\"ReadAction\",\"target\":[\"https:\\\/\\\/www.idiv.de\\\/de\\\/lokale-regenwurm-vielfalt-in-europa-grer-als-in-den-tropen\\\/\"]}]},{\"@type\":\"BreadcrumbList\",\"@id\":\"https:\\\/\\\/www.idiv.de\\\/de\\\/lokale-regenwurm-vielfalt-in-europa-grer-als-in-den-tropen\\\/#breadcrumb\",\"itemListElement\":[{\"@type\":\"ListItem\",\"position\":1,\"name\":\"Startseite\",\"item\":\"https:\\\/\\\/www.idiv.de\\\/de\\\/\"},{\"@type\":\"ListItem\",\"position\":2,\"name\":\"Lokale Regenwurm-Vielfalt in Europa gr&ouml;&szlig;er als in den Tropen\"}]},{\"@type\":\"WebSite\",\"@id\":\"https:\\\/\\\/www.idiv.de\\\/de\\\/#website\",\"url\":\"https:\\\/\\\/www.idiv.de\\\/de\\\/\",\"name\":\"iDiv\",\"description\":\"Hotspot in Biodiversity Research\",\"publisher\":{\"@id\":\"https:\\\/\\\/www.idiv.de\\\/de\\\/#organization\"},\"potentialAction\":[{\"@type\":\"SearchAction\",\"target\":{\"@type\":\"EntryPoint\",\"urlTemplate\":\"https:\\\/\\\/www.idiv.de\\\/de\\\/?s={search_term_string}\"},\"query-input\":{\"@type\":\"PropertyValueSpecification\",\"valueRequired\":true,\"valueName\":\"search_term_string\"}}],\"inLanguage\":\"de\"},{\"@type\":\"Organization\",\"@id\":\"https:\\\/\\\/www.idiv.de\\\/de\\\/#organization\",\"name\":\"idiv\",\"url\":\"https:\\\/\\\/www.idiv.de\\\/de\\\/\",\"logo\":{\"@type\":\"ImageObject\",\"inLanguage\":\"de\",\"@id\":\"https:\\\/\\\/www.idiv.de\\\/de\\\/#\\\/schema\\\/logo\\\/image\\\/\",\"url\":\"https:\\\/\\\/www.idiv.de\\\/wp-content\\\/uploads\\\/2024\\\/08\\\/iDiv_Logo_long_v1_EN_black_4c.jpg\",\"contentUrl\":\"https:\\\/\\\/www.idiv.de\\\/wp-content\\\/uploads\\\/2024\\\/08\\\/iDiv_Logo_long_v1_EN_black_4c.jpg\",\"width\":2448,\"height\":674,\"caption\":\"idiv\"},\"image\":{\"@id\":\"https:\\\/\\\/www.idiv.de\\\/de\\\/#\\\/schema\\\/logo\\\/image\\\/\"},\"sameAs\":[\"https:\\\/\\\/x.com\\\/idiv\",\"https:\\\/\\\/www.linkedin.com\\\/company\\\/idiv-biodiversity\\\/\",\"https:\\\/\\\/www.youtube.com\\\/idiv-research\"]},{\"@type\":\"Person\",\"@id\":\"https:\\\/\\\/www.idiv.de\\\/de\\\/#\\\/schema\\\/person\\\/14228c09f1919627a633555952e15fc0\",\"name\":\"admin\",\"url\":\"https:\\\/\\\/www.idiv.de\\\/de\\\/author\\\/admin\\\/\"}]}<\/script>\n<!-- \/ Yoast SEO plugin. -->","yoast_head_json":{"title":"Lokale Regenwurm-Vielfalt in Europa gr&ouml;&szlig;er als in den Tropen | iDiv","robots":{"index":"index","follow":"follow","max-snippet":"max-snippet:-1","max-image-preview":"max-image-preview:large","max-video-preview":"max-video-preview:-1"},"canonical":"https:\/\/www.idiv.de\/de\/lokale-regenwurm-vielfalt-in-europa-grer-als-in-den-tropen\/","og_locale":"de_DE","og_type":"article","og_title":"Lokale Regenwurm-Vielfalt in Europa gr&ouml;&szlig;er als in den Tropen | iDiv","og_description":"Leipzig. An einem Ort der gem&auml;&szlig;igten Breiten gibt es meist mehr Regenw&uuml;rmer und mehr Regenwurmarten als an einem Ort gleicher Gr&ouml;&szlig;e in den Tropen. Der Klimawandel k&ouml;nnte das Vorkommen von Regenw&uuml;rmern und damit auch ihre Funktionen f&uuml;r &Ouml;kosysteme weltweit ver&auml;ndern. Dies sind die zentralen Ergebnisse einer Studie, die in der aktuellen Ausgabe der Fachzeitschrift Science ver&ouml;ffentlicht wurde. F&uuml;r die Studie hat ein Wissenschaftlerteam unter F&uuml;hrung des Deutschen Zentrums f&uuml;r integrative Biodiversit&auml;tsforschung (iDiv) und der Universit&auml;t Leipzig zusammen mit 140 internationalen Wissenschaftlern den weltweit gr&ouml;&szlig;ten Regenwurmdatensatz zusammengestellt &ndash; mit Informationen von 6928 Standorten aus 57 L&auml;ndern.","og_url":"https:\/\/www.idiv.de\/de\/lokale-regenwurm-vielfalt-in-europa-grer-als-in-den-tropen\/","og_site_name":"iDiv","article_published_time":"2019-10-23T23:00:00+00:00","article_modified_time":"2025-07-07T09:46:05+00:00","og_image":[{"width":1200,"height":675,"url":"https:\/\/www.idiv.de\/wp-content\/uploads\/2024\/11\/iDivSocialMediaShare.jpg","type":"image\/jpeg"}],"author":"admin","twitter_card":"summary_large_image","twitter_creator":"@idiv","twitter_site":"@idiv","schema":{"@context":"https:\/\/schema.org","@graph":[{"@type":"Article","@id":"https:\/\/www.idiv.de\/de\/lokale-regenwurm-vielfalt-in-europa-grer-als-in-den-tropen\/#article","isPartOf":{"@id":"https:\/\/www.idiv.de\/de\/lokale-regenwurm-vielfalt-in-europa-grer-als-in-den-tropen\/"},"author":{"name":"admin","@id":"https:\/\/www.idiv.de\/de\/#\/schema\/person\/14228c09f1919627a633555952e15fc0"},"headline":"Lokale Regenwurm-Vielfalt in Europa gr&ouml;&szlig;er als in den Tropen","datePublished":"2019-10-23T23:00:00+00:00","dateModified":"2025-07-07T09:46:05+00:00","mainEntityOfPage":{"@id":"https:\/\/www.idiv.de\/de\/lokale-regenwurm-vielfalt-in-europa-grer-als-in-den-tropen\/"},"wordCount":12,"publisher":{"@id":"https:\/\/www.idiv.de\/de\/#organization"},"articleSection":["Experimentelle Interaktions\u00f6kologie","Medienmitteilung","sDiv","TOP NEWS"],"inLanguage":"de"},{"@type":"WebPage","@id":"https:\/\/www.idiv.de\/de\/lokale-regenwurm-vielfalt-in-europa-grer-als-in-den-tropen\/","url":"https:\/\/www.idiv.de\/de\/lokale-regenwurm-vielfalt-in-europa-grer-als-in-den-tropen\/","name":"Lokale Regenwurm-Vielfalt in Europa gr&ouml;&szlig;er als in den Tropen | iDiv","isPartOf":{"@id":"https:\/\/www.idiv.de\/de\/#website"},"datePublished":"2019-10-23T23:00:00+00:00","dateModified":"2025-07-07T09:46:05+00:00","breadcrumb":{"@id":"https:\/\/www.idiv.de\/de\/lokale-regenwurm-vielfalt-in-europa-grer-als-in-den-tropen\/#breadcrumb"},"inLanguage":"de","potentialAction":[{"@type":"ReadAction","target":["https:\/\/www.idiv.de\/de\/lokale-regenwurm-vielfalt-in-europa-grer-als-in-den-tropen\/"]}]},{"@type":"BreadcrumbList","@id":"https:\/\/www.idiv.de\/de\/lokale-regenwurm-vielfalt-in-europa-grer-als-in-den-tropen\/#breadcrumb","itemListElement":[{"@type":"ListItem","position":1,"name":"Startseite","item":"https:\/\/www.idiv.de\/de\/"},{"@type":"ListItem","position":2,"name":"Lokale Regenwurm-Vielfalt in Europa gr&ouml;&szlig;er als in den Tropen"}]},{"@type":"WebSite","@id":"https:\/\/www.idiv.de\/de\/#website","url":"https:\/\/www.idiv.de\/de\/","name":"iDiv","description":"Hotspot in Biodiversity Research","publisher":{"@id":"https:\/\/www.idiv.de\/de\/#organization"},"potentialAction":[{"@type":"SearchAction","target":{"@type":"EntryPoint","urlTemplate":"https:\/\/www.idiv.de\/de\/?s={search_term_string}"},"query-input":{"@type":"PropertyValueSpecification","valueRequired":true,"valueName":"search_term_string"}}],"inLanguage":"de"},{"@type":"Organization","@id":"https:\/\/www.idiv.de\/de\/#organization","name":"idiv","url":"https:\/\/www.idiv.de\/de\/","logo":{"@type":"ImageObject","inLanguage":"de","@id":"https:\/\/www.idiv.de\/de\/#\/schema\/logo\/image\/","url":"https:\/\/www.idiv.de\/wp-content\/uploads\/2024\/08\/iDiv_Logo_long_v1_EN_black_4c.jpg","contentUrl":"https:\/\/www.idiv.de\/wp-content\/uploads\/2024\/08\/iDiv_Logo_long_v1_EN_black_4c.jpg","width":2448,"height":674,"caption":"idiv"},"image":{"@id":"https:\/\/www.idiv.de\/de\/#\/schema\/logo\/image\/"},"sameAs":["https:\/\/x.com\/idiv","https:\/\/www.linkedin.com\/company\/idiv-biodiversity\/","https:\/\/www.youtube.com\/idiv-research"]},{"@type":"Person","@id":"https:\/\/www.idiv.de\/de\/#\/schema\/person\/14228c09f1919627a633555952e15fc0","name":"admin","url":"https:\/\/www.idiv.de\/de\/author\/admin\/"}]}},"author_meta":{"display_name":"admin","author_link":"https:\/\/www.idiv.de\/de\/author\/admin\/"},"featured_img":null,"coauthors":[],"tax_additional":{"categories":{"linked":["<a href=\"https:\/\/www.idiv.de\/de\/kategorie\/forschung\/experimentelle-interaktionsoekologie\/\" class=\"advgb-post-tax-term\">Experimentelle Interaktions\u00f6kologie<\/a>","<a href=\"https:\/\/www.idiv.de\/de\/kategorie\/medienmitteilung\/\" class=\"advgb-post-tax-term\">Medienmitteilung<\/a>","<a href=\"https:\/\/www.idiv.de\/de\/kategorie\/sdiv-de\/\" class=\"advgb-post-tax-term\">sDiv<\/a>","<a href=\"https:\/\/www.idiv.de\/de\/kategorie\/top-news-de-2\/\" class=\"advgb-post-tax-term\">TOP NEWS<\/a>"],"unlinked":["<span class=\"advgb-post-tax-term\">Experimentelle Interaktions\u00f6kologie<\/span>","<span class=\"advgb-post-tax-term\">Medienmitteilung<\/span>","<span class=\"advgb-post-tax-term\">sDiv<\/span>","<span class=\"advgb-post-tax-term\">TOP NEWS<\/span>"]}},"comment_count":0,"relative_dates":{"created":"Ver\u00f6ffentlicht 7\u00a0Jahren vor","modified":"Aktualisiert 10\u00a0Monaten vor"},"absolute_dates":{"created":"Ver\u00f6ffentlicht am 24. Oktober 2019","modified":"Aktualisiert am 7. Juli 2025"},"absolute_dates_time":{"created":"Ver\u00f6ffentlicht am 24. Oktober 2019 0:00","modified":"Aktualisiert am 7. Juli 2025 10:46"},"featured_img_caption":"","series_order":"","_links":{"self":[{"href":"https:\/\/www.idiv.de\/de\/wp-json\/wp\/v2\/posts\/11830","targetHints":{"allow":["GET"]}}],"collection":[{"href":"https:\/\/www.idiv.de\/de\/wp-json\/wp\/v2\/posts"}],"about":[{"href":"https:\/\/www.idiv.de\/de\/wp-json\/wp\/v2\/types\/post"}],"author":[{"embeddable":true,"href":"https:\/\/www.idiv.de\/de\/wp-json\/wp\/v2\/users\/1"}],"replies":[{"embeddable":true,"href":"https:\/\/www.idiv.de\/de\/wp-json\/wp\/v2\/comments?post=11830"}],"version-history":[{"count":2,"href":"https:\/\/www.idiv.de\/de\/wp-json\/wp\/v2\/posts\/11830\/revisions"}],"predecessor-version":[{"id":33135,"href":"https:\/\/www.idiv.de\/de\/wp-json\/wp\/v2\/posts\/11830\/revisions\/33135"}],"wp:attachment":[{"href":"https:\/\/www.idiv.de\/de\/wp-json\/wp\/v2\/media?parent=11830"}],"wp:term":[{"taxonomy":"category","embeddable":true,"href":"https:\/\/www.idiv.de\/de\/wp-json\/wp\/v2\/categories?post=11830"},{"taxonomy":"post_tag","embeddable":true,"href":"https:\/\/www.idiv.de\/de\/wp-json\/wp\/v2\/tags?post=11830"}],"curies":[{"name":"wp","href":"https:\/\/api.w.org\/{rel}","templated":true}]}}