{"id":11778,"date":"2019-04-09T00:00:00","date_gmt":"2019-04-08T23:00:00","guid":{"rendered":"https:\/\/idiv.caf-dev.de\/pflanzenvielfalt-erhht-insektenvielfalt\/"},"modified":"2025-09-23T11:43:05","modified_gmt":"2025-09-23T10:43:05","slug":"pflanzenvielfalt-erhht-insektenvielfalt","status":"publish","type":"post","link":"https:\/\/www.idiv.de\/de\/pflanzenvielfalt-erhht-insektenvielfalt\/","title":{"rendered":"Pflanzenvielfalt erh&ouml;ht Insektenvielfalt"},"content":{"rendered":"<div class=\"herosection pb-24 pt-0 no-bg modulclass \" id=\"\">\n                    <div class=\"swiper1noslider  nooverflow swiper \" id=\"slide_69f2bd84b6a23\">\n        \n                <div class=\"swiper-wrapper\">\n                                            <div class=\"swiper-slide  style_ \" aria-hidden=\"true\" >\n                            <div class=\"backstretchwrap\">\n                        \n                            <div datasrc=\"https:\/\/www.idiv.de\/wp-content\/uploads\/2024\/08\/pic_8944e89cbf20190402145043.jpg\" class=\"backstretchimg responsiv desktop\"><\/div>\n\n                            <a href=\"#\" class=\"cr\"><svg  xmlns=\"http:\/\/www.w3.org\/2000\/svg\" width=\"22\" height=\"22\" viewBox=\"0 0 22 22\">\n                                    <rect id=\"BG\" width=\"22\" height=\"22\" rx=\"11\" fill=\"#fff\"\/>\n                                    <g id=\"Wrapper\" transform=\"translate(-1 -1)\">\n                                        <g id=\"Icon_material-copyright\" data-name=\"Icon material-copyright\">\n                                            <circle id=\"Ellipse_30\" data-name=\"Ellipse 30\" cx=\"8\" cy=\"8\" r=\"8\" transform=\"translate(4 4)\" fill=\"#fff\"\/>\n                                            <path id=\"Icon_material-copyright-2\" data-name=\"Icon material-copyright\" d=\"M9.464,10.088a2.045,2.045,0,0,1,.24-.7,1.4,1.4,0,0,1,.472-.5,1.42,1.42,0,0,1,.728-.184,1.45,1.45,0,0,1,.5.1,1.29,1.29,0,0,1,.416.288,1.54,1.54,0,0,1,.272.424,1.4,1.4,0,0,1,.112.512H13.64a2.864,2.864,0,0,0-.224-1.032,2.4,2.4,0,0,0-.56-.808,2.613,2.613,0,0,0-.864-.528,3.09,3.09,0,0,0-1.112-.184,3.127,3.127,0,0,0-1.36.272,2.751,2.751,0,0,0-.96.736,3.007,3.007,0,0,0-.568,1.088A4.685,4.685,0,0,0,7.8,10.9v.216a4.684,4.684,0,0,0,.184,1.312,2.908,2.908,0,0,0,.568,1.08,2.731,2.731,0,0,0,.96.728,3.246,3.246,0,0,0,1.36.272,3.051,3.051,0,0,0,1.056-.184,2.729,2.729,0,0,0,.864-.5,2.442,2.442,0,0,0,.592-.752,2.153,2.153,0,0,0,.24-.92H12.192a1.139,1.139,0,0,1-.12.464,1.177,1.177,0,0,1-.288.368,1.26,1.26,0,0,1-.416.24,1.589,1.589,0,0,1-.48.08,1.359,1.359,0,0,1-.712-.184,1.4,1.4,0,0,1-.472-.5,2.09,2.09,0,0,1-.24-.7,5.392,5.392,0,0,1-.064-.8V10.9a5.33,5.33,0,0,1,.064-.808ZM11,3a8,8,0,1,0,8,8A8,8,0,0,0,11,3Zm0,14.4A6.4,6.4,0,1,1,17.4,11,6.408,6.408,0,0,1,11,17.4Z\" transform=\"translate(1 1)\" fill=\"#4d4d4d\"\/>\n                                        <\/g>\n                                    <\/g>\n                                <\/svg>\n                                <span>Helge Bruelheide<\/span><\/a>                        \n                                                    <\/div>\n                                        <div class=\"sliderinhalt \" role=\"region\" aria-label=\"carousel\">\n\n                                            <h1 class=\"h1 tcenter\" >Pflanzenvielfalt erh&ouml;ht Insektenvielfalt<\/h1>                                                    <p style=\"text-align: center;\">Konsequenzen f\u00fcr die insektenfreundliche Bewirtschaftung von Wiesen und W\u00e4ldern<\/p>\n                                                \n                                                                                                            <\/div>\n                                            <\/div>\n\n                        \n                 <\/div>\n\n                              <\/div>\n<\/div>\n\n<div class=\"textbildrepeater pb-24 pt-0 no-bg modulclass \" id=\"\">\n    <div class=\"container\">\n        <div class=\"row\">\n                                                                <div class=\"pb-24   mod_text  col-md-6 offset-md-0 pos_top\">\n                            <div class=\"textrepeater \" id=\"\">\n    <p>09.04.2019 | iDiv Members, Media Release, TOP NEWS<\/p>\n<\/div>\n                            <\/div>\n                        <\/div>\n    <\/div>\n<\/div>\n\n<div class=\"textbildrepeater pb-24 pt-0 no-bg modulclass \" id=\"\">\n    <div class=\"container\">\n        <div class=\"row\">\n                                                                <div class=\"pb-24   mod_text  col-md-12 offset-md-0 pos_top\">\n                            <div class=\"textrepeater \" id=\"\">\n    <p><strong>Halle, Leipzig, G&ouml;ttingen. Je mehr Pflanzenarten in Wiesen und W&auml;ldern leben, desto mehr Insektenarten finden dort Lebensraum. Mehr Pflanzenarten erh&ouml;hen aber nicht nur die Zahl der Insektenarten, sondern auch die Zahl ihrer Individuen. Gleichzeitig wird die tierische Vielfalt nicht nur von der pflanzlichen Artenvielfalt bestimmt, sondern auch von der pflanzlichen Strukturvielfalt. Dies sind Ergebnisse einer internationalen Zusammenarbeit unter F&uuml;hrung des Deutschen Zentrums f&uuml;r integrative Biodiversit&auml;tsforschung (iDiv), die in der Fachzeitschrift Nature Communications ver&ouml;ffentlicht worden sind. Sie haben Konsequenzen f&uuml;r die insektenfreundliche Bewirtschaftung von Wiesen und W&auml;ldern.<\/strong><\/p>\n<\/div>\n                            <\/div>\n                        <\/div>\n    <\/div>\n<\/div>\n\n<div class=\"textbildrepeater pb-24 pt-0 no-bg modulclass \" id=\"\">\n    <div class=\"container\">\n        <div class=\"row\">\n                                                                <div class=\"pb-24   mod_bild  col-md-5 offset-md-0 pos_top\">\n                            <div class=\"bildrepeater \" id=\"\">\n    <div class=\"relativ\"><img decoding=\"async\" class=\"responsiv desktop\" src=\"https:\/\/www.idiv.de\/wp-content\/uploads\/2024\/08\/pic_3139d425a020190402145131.jpg\" height=\"\" width=\"\" alt=\"idiv-\"\/><img decoding=\"async\" class=\"responsiv mobile\" src=\"https:\/\/www.idiv.de\/wp-content\/uploads\/2024\/08\/pic_3139d425a020190402145131.jpg\" height=\"\" width=\"\" alt=\"idiv-\"\/><a href=\"#\" class=\"cr\" role=\"button\">\n<svg  xmlns=\"http:\/\/www.w3.org\/2000\/svg\" width=\"22\" height=\"22\" viewBox=\"0 0 22 22\">\n    <rect id=\"BG\" width=\"22\" height=\"22\" rx=\"11\" fill=\"#fff\"\/>\n    <g id=\"Wrapper\" transform=\"translate(-1 -1)\">\n        <g id=\"Icon_material-copyright\" data-name=\"Icon material-copyright\">\n            <circle id=\"Ellipse_30\" data-name=\"Ellipse 30\" cx=\"8\" cy=\"8\" r=\"8\" transform=\"translate(4 4)\" fill=\"#fff\"\/>\n            <path id=\"Icon_material-copyright-2\" data-name=\"Icon material-copyright\" d=\"M9.464,10.088a2.045,2.045,0,0,1,.24-.7,1.4,1.4,0,0,1,.472-.5,1.42,1.42,0,0,1,.728-.184,1.45,1.45,0,0,1,.5.1,1.29,1.29,0,0,1,.416.288,1.54,1.54,0,0,1,.272.424,1.4,1.4,0,0,1,.112.512H13.64a2.864,2.864,0,0,0-.224-1.032,2.4,2.4,0,0,0-.56-.808,2.613,2.613,0,0,0-.864-.528,3.09,3.09,0,0,0-1.112-.184,3.127,3.127,0,0,0-1.36.272,2.751,2.751,0,0,0-.96.736,3.007,3.007,0,0,0-.568,1.088A4.685,4.685,0,0,0,7.8,10.9v.216a4.684,4.684,0,0,0,.184,1.312,2.908,2.908,0,0,0,.568,1.08,2.731,2.731,0,0,0,.96.728,3.246,3.246,0,0,0,1.36.272,3.051,3.051,0,0,0,1.056-.184,2.729,2.729,0,0,0,.864-.5,2.442,2.442,0,0,0,.592-.752,2.153,2.153,0,0,0,.24-.92H12.192a1.139,1.139,0,0,1-.12.464,1.177,1.177,0,0,1-.288.368,1.26,1.26,0,0,1-.416.24,1.589,1.589,0,0,1-.48.08,1.359,1.359,0,0,1-.712-.184,1.4,1.4,0,0,1-.472-.5,2.09,2.09,0,0,1-.24-.7,5.392,5.392,0,0,1-.064-.8V10.9a5.33,5.33,0,0,1,.064-.808ZM11,3a8,8,0,1,0,8,8A8,8,0,0,0,11,3Zm0,14.4A6.4,6.4,0,1,1,17.4,11,6.408,6.408,0,0,1,11,17.4Z\" transform=\"translate(1 1)\" fill=\"#4d4d4d\"\/>\n        <\/g>\n    <\/g>\n<\/svg>\n<span>Christoph Scherber<\/span><\/a><\/div><p class=\"bu\">Im Jena Experiment variiert die Zahl der Wiesenpflanzenarten zwischen&nbsp;verschiedenen Teilfl&auml;chen.<\/p><\/div>\n                            <\/div>\n                                                                    <div class=\"pb-24   mod_bild  col-md-5 offset-md-2 pos_top\">\n                            <div class=\"bildrepeater \" id=\"\">\n    <div class=\"relativ\"><img decoding=\"async\" class=\"responsiv desktop\" src=\"https:\/\/www.idiv.de\/wp-content\/uploads\/2024\/08\/pic_efe33c1ff220190402144816.jpg\" height=\"\" width=\"\" alt=\"idiv-\"\/><img decoding=\"async\" class=\"responsiv mobile\" src=\"https:\/\/www.idiv.de\/wp-content\/uploads\/2024\/08\/pic_efe33c1ff220190402144816.jpg\" height=\"\" width=\"\" alt=\"idiv-\"\/><a href=\"#\" class=\"cr\" role=\"button\">\n<svg  xmlns=\"http:\/\/www.w3.org\/2000\/svg\" width=\"22\" height=\"22\" viewBox=\"0 0 22 22\">\n    <rect id=\"BG\" width=\"22\" height=\"22\" rx=\"11\" fill=\"#fff\"\/>\n    <g id=\"Wrapper\" transform=\"translate(-1 -1)\">\n        <g id=\"Icon_material-copyright\" data-name=\"Icon material-copyright\">\n            <circle id=\"Ellipse_30\" data-name=\"Ellipse 30\" cx=\"8\" cy=\"8\" r=\"8\" transform=\"translate(4 4)\" fill=\"#fff\"\/>\n            <path id=\"Icon_material-copyright-2\" data-name=\"Icon material-copyright\" d=\"M9.464,10.088a2.045,2.045,0,0,1,.24-.7,1.4,1.4,0,0,1,.472-.5,1.42,1.42,0,0,1,.728-.184,1.45,1.45,0,0,1,.5.1,1.29,1.29,0,0,1,.416.288,1.54,1.54,0,0,1,.272.424,1.4,1.4,0,0,1,.112.512H13.64a2.864,2.864,0,0,0-.224-1.032,2.4,2.4,0,0,0-.56-.808,2.613,2.613,0,0,0-.864-.528,3.09,3.09,0,0,0-1.112-.184,3.127,3.127,0,0,0-1.36.272,2.751,2.751,0,0,0-.96.736,3.007,3.007,0,0,0-.568,1.088A4.685,4.685,0,0,0,7.8,10.9v.216a4.684,4.684,0,0,0,.184,1.312,2.908,2.908,0,0,0,.568,1.08,2.731,2.731,0,0,0,.96.728,3.246,3.246,0,0,0,1.36.272,3.051,3.051,0,0,0,1.056-.184,2.729,2.729,0,0,0,.864-.5,2.442,2.442,0,0,0,.592-.752,2.153,2.153,0,0,0,.24-.92H12.192a1.139,1.139,0,0,1-.12.464,1.177,1.177,0,0,1-.288.368,1.26,1.26,0,0,1-.416.24,1.589,1.589,0,0,1-.48.08,1.359,1.359,0,0,1-.712-.184,1.4,1.4,0,0,1-.472-.5,2.09,2.09,0,0,1-.24-.7,5.392,5.392,0,0,1-.064-.8V10.9a5.33,5.33,0,0,1,.064-.808ZM11,3a8,8,0,1,0,8,8A8,8,0,0,0,11,3Zm0,14.4A6.4,6.4,0,1,1,17.4,11,6.408,6.408,0,0,1,11,17.4Z\" transform=\"translate(1 1)\" fill=\"#4d4d4d\"\/>\n        <\/g>\n    <\/g>\n<\/svg>\n<span>Anne Lang<\/span><\/a><\/div><p class=\"bu\">Strukturvielfalt im Wald (z. B. unterschiedlich offenes Kronendach) beeinflusst die Vielfalt der dort lebenden Insekten.<\/p><\/div>\n                            <\/div>\n                        <\/div>\n    <\/div>\n<\/div>\n\n<div class=\"textbildrepeater pb-24 pt-0 no-bg modulclass \" id=\"\">\n    <div class=\"container\">\n        <div class=\"row\">\n                                                                <div class=\"pb-24   mod_text  col-md-12 offset-md-0 pos_top\">\n                            <div class=\"textrepeater \" id=\"\">\n    <p>&bdquo;Unsere Ergebnisse verdeutlichen, dass Entwicklungen wie das aktuell beobachtete Insektensterben zusammenh&auml;ngen k&ouml;nnen mit der Art und Weise, wie wir Menschen die von uns genutzten &Ouml;kosysteme bewirtschaften&ldquo;, sagt Erstautor Prof. Andreas Schuldt von der Universit&auml;t G&ouml;ttingen &ndash; vormals t&auml;tig am Deutschen Zentrum f&uuml;r integrative Biodiversit&auml;tsforschung (iDiv). Gemeinsam mit den Co-Autoren hat Schuldt umfangreiche Daten zur Pflanzen- und Insektendiversit&auml;t aus zwei der weltweit gr&ouml;&szlig;ten Biodiversit&auml;tsexperimente ausgewertet&#58; dem Jena Experiment und BEF-China. Im ersten Experiment wurde die Zahl der Pflanzenarten auf einer Wiese ver&auml;ndert, im zweiten die Zahl der Baumarten in einem Wald &ndash; jeweils mit dem Ziel, die Auswirkungen pflanzlicher Diversit&auml;t auf andere Lebewesen und das Funktionieren der &Ouml;kosysteme zu untersuchen.<\/p>\n<p>Die Daten zeigen, dass R&uuml;ckg&auml;nge in der Vielfalt von Pflanzenarten &ndash; zum Beispiel verursacht durch intensive Nutzung land- und forstwirtschaftlicher Fl&auml;chen &ndash; zu einer verringerten Zahl von Insekten (Individuen) f&uuml;hren kann, was wiederum die Zahl der Insektenarten sinken l&auml;sst. &bdquo;Interessant ist in diesem Zusammenhang, dass nicht der reine Verlust an Pflanzenarten entscheidend ist, sondern auch der damit verbundene Verlust an Strukturvielfalt&ldquo;, so der Jena-Experiment-Sprecher Prof. Nico Eisenhauer vom Forschungszentrum iDiv und der Universit&auml;t Leipzig. &bdquo;Diese Ergebnisse zeigen, dass wir durch strukturf&ouml;rdernde Ma&szlig;nahmen wie angepasste Mahdtermine und die Erhaltung alter B&auml;ume einen wesentlichen Beitrag zum Biodiversit&auml;tsschutz leisten k&ouml;nnen&ldquo;, erg&auml;nzt BEF-China-Sprecher Prof. Helge Bruelheide von der Universit&auml;t Halle und iDiv.<\/p>\n<p>Der Vergleich von Daten aus ganz unterschiedlichen Lebensr&auml;umen zeigt dabei die Relevanz der Forschungsergebnisse f&uuml;r wichtige von uns Menschen genutzte &Ouml;kosysteme. Erm&ouml;glicht wurde die Studie durch umfangreiche F&ouml;rderung durch die Deutsche Forschungsgemeinschaft (DFG).<br \/>Andreas Schuldt, Volker Hahn<\/p>\n<p>&nbsp;<\/p>\n<p><strong>Original-Publikation <\/strong>(iDiv-Wissenschaftler fett)&#58;<\/p>\n<p><span>Schuldt A, Ebeling A, Kunz M, Staab M, Guimar&atilde;es-Steinicke C, Bachmann D, Buchmann N, <strong>Durka W<\/strong>, Fichtner A, Fornoff F, H&auml;rdtle W, Hertzog L, Klein AM,&nbsp;<\/span><strong>Roscher C<\/strong><span>, Schaller J, <strong>von Oheimb G,&nbsp;<\/strong><\/span><strong>Weigelt A<\/strong><span>,&nbsp;<\/span><strong>Weisser W<\/strong><span>,&nbsp;<\/span><strong>Wirth C<\/strong><span>, Zhang J,&nbsp;<\/span><strong>Bruelheide H<\/strong><span>,&nbsp;<\/span><strong>Eisenhauer N<\/strong><span>&nbsp;(2019) Multiple plant diversity components drive consumer communities across ecosystems.&nbsp;<\/span>Nature Communications<span>&nbsp;DOI&#58;&nbsp;<\/span><a href=https&#58;\/\/doi.org\/10.1038\/s41467-019-09448-8 rel=ext target=_blank>https&#58;\/\/doi.org\/10.1038\/s41467-019-09448-8<\/a><\/p>\n<\/div>\n                            <\/div>\n                        <\/div>\n    <\/div>\n<\/div>\n\n<div class=\"textbildrepeater pb-24 pt-0 no-bg modulclass \" id=\"\">\n    <div class=\"container\">\n        <div class=\"row\">\n                                                                <div class=\"pb-24   mod_text  col-md-12 offset-md-0 pos_top\">\n                            <div class=\"textrepeater \" id=\"\">\n    <h3>Ansprechpartner:<\/h3>\n<p><strong>Dr. Volker Hahn<\/strong><br \/>\nAbteilung Medien und Kommunikation<br \/>\nDeutsches Zentrum f\u00fcr integrative Biodiversit\u00e4tsforschung (iDiv) Halle-Jena-Leipzig<br \/>\nTel.: +49 341 9733154<br \/>\nE-Mail: <a href=\"&#x6d;a&#x69;&#108;t&#x6f;&#58;&#x76;&#111;l&#x6b;&#101;&#x72;&#46;h&#x61;&#104;&#x6e;&#x40;i&#x64;&#105;v&#x2e;&#100;&#x65;\">v&#111;&#108;&#x6b;&#x65;&#x72;&#46;&#104;&#97;&#x68;&#x6e;&#x40;id&#105;&#x76;&#x2e;&#x64;e<\/a><\/p>\n<p><strong>Prof. Helge Bruelheide<\/strong><br \/>\nProfessor f\u00fcr Geobotanik<br \/>\nInstitut f\u00fcr Biologie<br \/>\nMartin-Luther-Universit\u00e4t Halle-Wittenberg<br \/>\nStellvertretender Direktor des<br \/>\nDeutschen Zentrums f\u00fcr integrative Biodiversit\u00e4tsforschung (iDiv) Halle-Jena-Leipzig<br \/>\nTel.: +49-345 5526222<br \/>\nE-Mail: <a href=\"&#x6d;&#97;i&#x6c;&#116;o&#x3a;&#104;e&#x6c;&#103;e&#x2e;&#98;r&#x75;&#101;l&#x68;&#101;i&#x64;&#101;&#64;&#x62;&#111;t&#x61;&#110;i&#x6b;&#46;u&#x6e;&#105;-&#x68;&#97;l&#x6c;&#101;&#46;&#x64;&#101;\">&#x68;&#101;l&#x67;&#101;&#46;&#x62;&#x72;&#117;e&#x6c;&#104;e&#x69;&#x64;&#101;&#64;&#x62;&#111;t&#x61;&#x6e;&#105;k&#x2e;&#117;n&#x69;&#x2d;&#104;a&#x6c;&#108;e&#x2e;&#x64;&#101;<\/a><\/p>\n<p><strong>Prof. Nico Eisenhauer<\/strong><br \/>\nLeiter der Forschungsgruppe Experimentelle Interaktions\u00f6kologie<br \/>\nDeutsches Zentrum f\u00fcr integrative Biodiversit\u00e4tsforschung (iDiv) Halle-Jena-Leipzig<br \/>\nUniversit\u00e4t Leipzig<br \/>\nE-Mail: <a href=\"&#x6d;&#97;&#x69;&#x6c;t&#x6f;&#58;n&#x69;&#99;o&#x2e;&#101;&#x69;&#x73;e&#x6e;&#104;a&#x75;&#101;r&#x40;&#105;&#x64;&#x69;&#118;&#x2e;&#x64;e\">&#110;&#105;&#x63;o&#46;&#x65;&#x69;s&#101;&#x6e;&#x68;a&#117;&#x65;r&#64;&#x69;&#x64;i&#118;&#x2e;&#x64;e<\/a><\/p>\n<p><strong>Prof. Andreas Schuldt<\/strong><br \/>\nAbteilung Waldnaturschutz<br \/>\nGeorg-August-Universit\u00e4t G\u00f6ttingen<br \/>\nTel.: +49-551-24486<br \/>\nE-Mail: <a href=\"&#x6d;a&#x69;&#108;&#x74;&#111;:&#x61;&#110;&#x64;&#114;e&#x61;&#115;&#x2e;&#115;c&#x68;u&#x6c;&#100;&#x74;&#x40;f&#x6f;&#114;&#x73;&#116;&#46;&#x75;&#110;&#x69;&#45;g&#x6f;e&#x74;&#116;i&#x6e;g&#x65;&#110;&#x2e;&#100;e\">a&#110;&#100;&#x72;&#x65;as&#46;&#115;&#x63;&#x68;ul&#100;&#116;&#x40;&#x66;or&#115;&#x74;&#x2e;&#x75;n&#105;&#45;&#x67;&#x6f;&#x65;t&#116;&#105;&#x6e;&#x67;&#x65;n&#46;&#100;&#x65;<\/a><\/p>\n<\/div>\n                            <\/div>\n                        <\/div>\n    <\/div>\n<\/div>\n\n<div class=\"textbildrepeater pb-24 pt-0 no-bg modulclass \" id=\"\">\n    <div class=\"container\">\n        <div class=\"row\">\n                                                                <div class=\"pb-24   mod_text  col-md-12 offset-md-0 pos_top\">\n                            <div class=\"textrepeater \" id=\"\">\n    <p><em>Hinweis f\u00fcr die Medien: Die von iDiv bereitgestellten Bilder d\u00fcrfen ausschlie\u00dflich f\u00fcr die Berichterstattung im Zusammenhang mit dieser Medienmitteilung und unter Angabe des\/der Urhebers\/in verwendet werden.<\/em><\/p>\n<\/div>\n                            <\/div>\n                        <\/div>\n    <\/div>\n<\/div>","protected":false},"excerpt":{"rendered":"<p>Halle, Leipzig, G&ouml;ttingen. Je mehr Pflanzenarten in Wiesen und W&auml;ldern leben, desto mehr Insektenarten finden dort Lebensraum. Mehr Pflanzenarten erh&ouml;hen aber nicht nur die Zahl der Insektenarten, sondern auch die Zahl ihrer Individuen. Gleichzeitig wird die tierische Vielfalt nicht nur von der pflanzlichen Artenvielfalt bestimmt, sondern auch von der pflanzlichen Strukturvielfalt. Dies sind Ergebnisse einer internationalen Zusammenarbeit unter F&uuml;hrung des Deutschen Zentrums f&uuml;r integrative Biodiversit&auml;tsforschung (iDiv), die in der Fachzeitschrift Nature Communications ver&ouml;ffentlicht worden sind. Sie haben Konsequenzen f&uuml;r die insektenfreundliche Bewirtschaftung von Wiesen und W&auml;ldern.<\/p>\n","protected":false},"author":1,"featured_media":0,"comment_status":"open","ping_status":"open","sticky":false,"template":"","format":"standard","meta":{"_acf_changed":false,"advgb_blocks_editor_width":"","advgb_blocks_columns_visual_guide":"","footnotes":"","_links_to":"","_links_to_target":""},"categories":[39,29,30],"tags":[],"class_list":["post-11778","post","type-post","status-publish","format-standard","hentry","category-idiv-mitglieder","category-medienmitteilung","category-top-news-de-2"],"acf":{"thumb":7299,"thumbmobile":"","copyright":"Helge Bruelheide","breadcrumb":true},"yoast_head":"<!-- This site is optimized with the Yoast SEO plugin v27.5 - https:\/\/yoast.com\/product\/yoast-seo-wordpress\/ -->\n<title>Pflanzenvielfalt erh&ouml;ht Insektenvielfalt | iDiv<\/title>\n<meta name=\"robots\" content=\"index, follow, max-snippet:-1, max-image-preview:large, max-video-preview:-1\" \/>\n<link rel=\"canonical\" href=\"https:\/\/www.idiv.de\/de\/pflanzenvielfalt-erhht-insektenvielfalt\/\" \/>\n<meta property=\"og:locale\" content=\"de_DE\" \/>\n<meta property=\"og:type\" content=\"article\" \/>\n<meta property=\"og:title\" content=\"Pflanzenvielfalt erh&ouml;ht Insektenvielfalt | iDiv\" \/>\n<meta property=\"og:description\" content=\"Halle, Leipzig, G&ouml;ttingen. Je mehr Pflanzenarten in Wiesen und W&auml;ldern leben, desto mehr Insektenarten finden dort Lebensraum. Mehr Pflanzenarten erh&ouml;hen aber nicht nur die Zahl der Insektenarten, sondern auch die Zahl ihrer Individuen. Gleichzeitig wird die tierische Vielfalt nicht nur von der pflanzlichen Artenvielfalt bestimmt, sondern auch von der pflanzlichen Strukturvielfalt. Dies sind Ergebnisse einer internationalen Zusammenarbeit unter F&uuml;hrung des Deutschen Zentrums f&uuml;r integrative Biodiversit&auml;tsforschung (iDiv), die in der Fachzeitschrift Nature Communications ver&ouml;ffentlicht worden sind. Sie haben Konsequenzen f&uuml;r die insektenfreundliche Bewirtschaftung von Wiesen und W&auml;ldern.\" \/>\n<meta property=\"og:url\" content=\"https:\/\/www.idiv.de\/de\/pflanzenvielfalt-erhht-insektenvielfalt\/\" \/>\n<meta property=\"og:site_name\" content=\"iDiv\" \/>\n<meta property=\"article:published_time\" content=\"2019-04-08T23:00:00+00:00\" \/>\n<meta property=\"article:modified_time\" content=\"2025-09-23T10:43:05+00:00\" \/>\n<meta property=\"og:image\" content=\"https:\/\/www.idiv.de\/wp-content\/uploads\/2024\/11\/iDivSocialMediaShare.jpg\" \/>\n\t<meta property=\"og:image:width\" content=\"1200\" \/>\n\t<meta property=\"og:image:height\" content=\"675\" \/>\n\t<meta property=\"og:image:type\" content=\"image\/jpeg\" \/>\n<meta name=\"author\" content=\"admin\" \/>\n<meta name=\"twitter:card\" content=\"summary_large_image\" \/>\n<meta name=\"twitter:creator\" content=\"@idiv\" \/>\n<meta name=\"twitter:site\" content=\"@idiv\" \/>\n<script type=\"application\/ld+json\" class=\"yoast-schema-graph\">{\"@context\":\"https:\\\/\\\/schema.org\",\"@graph\":[{\"@type\":\"Article\",\"@id\":\"https:\\\/\\\/www.idiv.de\\\/de\\\/pflanzenvielfalt-erhht-insektenvielfalt\\\/#article\",\"isPartOf\":{\"@id\":\"https:\\\/\\\/www.idiv.de\\\/de\\\/pflanzenvielfalt-erhht-insektenvielfalt\\\/\"},\"author\":{\"name\":\"admin\",\"@id\":\"https:\\\/\\\/www.idiv.de\\\/de\\\/#\\\/schema\\\/person\\\/14228c09f1919627a633555952e15fc0\"},\"headline\":\"Pflanzenvielfalt erh&ouml;ht Insektenvielfalt\",\"datePublished\":\"2019-04-08T23:00:00+00:00\",\"dateModified\":\"2025-09-23T10:43:05+00:00\",\"mainEntityOfPage\":{\"@id\":\"https:\\\/\\\/www.idiv.de\\\/de\\\/pflanzenvielfalt-erhht-insektenvielfalt\\\/\"},\"wordCount\":5,\"commentCount\":0,\"publisher\":{\"@id\":\"https:\\\/\\\/www.idiv.de\\\/de\\\/#organization\"},\"articleSection\":[\"iDiv-Mitglieder\",\"Medienmitteilung\",\"TOP NEWS\"],\"inLanguage\":\"de\"},{\"@type\":\"WebPage\",\"@id\":\"https:\\\/\\\/www.idiv.de\\\/de\\\/pflanzenvielfalt-erhht-insektenvielfalt\\\/\",\"url\":\"https:\\\/\\\/www.idiv.de\\\/de\\\/pflanzenvielfalt-erhht-insektenvielfalt\\\/\",\"name\":\"Pflanzenvielfalt erh&ouml;ht Insektenvielfalt | iDiv\",\"isPartOf\":{\"@id\":\"https:\\\/\\\/www.idiv.de\\\/de\\\/#website\"},\"datePublished\":\"2019-04-08T23:00:00+00:00\",\"dateModified\":\"2025-09-23T10:43:05+00:00\",\"breadcrumb\":{\"@id\":\"https:\\\/\\\/www.idiv.de\\\/de\\\/pflanzenvielfalt-erhht-insektenvielfalt\\\/#breadcrumb\"},\"inLanguage\":\"de\",\"potentialAction\":[{\"@type\":\"ReadAction\",\"target\":[\"https:\\\/\\\/www.idiv.de\\\/de\\\/pflanzenvielfalt-erhht-insektenvielfalt\\\/\"]}]},{\"@type\":\"BreadcrumbList\",\"@id\":\"https:\\\/\\\/www.idiv.de\\\/de\\\/pflanzenvielfalt-erhht-insektenvielfalt\\\/#breadcrumb\",\"itemListElement\":[{\"@type\":\"ListItem\",\"position\":1,\"name\":\"Startseite\",\"item\":\"https:\\\/\\\/www.idiv.de\\\/de\\\/\"},{\"@type\":\"ListItem\",\"position\":2,\"name\":\"Pflanzenvielfalt erh&ouml;ht Insektenvielfalt\"}]},{\"@type\":\"WebSite\",\"@id\":\"https:\\\/\\\/www.idiv.de\\\/de\\\/#website\",\"url\":\"https:\\\/\\\/www.idiv.de\\\/de\\\/\",\"name\":\"iDiv\",\"description\":\"Hotspot in Biodiversity Research\",\"publisher\":{\"@id\":\"https:\\\/\\\/www.idiv.de\\\/de\\\/#organization\"},\"potentialAction\":[{\"@type\":\"SearchAction\",\"target\":{\"@type\":\"EntryPoint\",\"urlTemplate\":\"https:\\\/\\\/www.idiv.de\\\/de\\\/?s={search_term_string}\"},\"query-input\":{\"@type\":\"PropertyValueSpecification\",\"valueRequired\":true,\"valueName\":\"search_term_string\"}}],\"inLanguage\":\"de\"},{\"@type\":\"Organization\",\"@id\":\"https:\\\/\\\/www.idiv.de\\\/de\\\/#organization\",\"name\":\"idiv\",\"url\":\"https:\\\/\\\/www.idiv.de\\\/de\\\/\",\"logo\":{\"@type\":\"ImageObject\",\"inLanguage\":\"de\",\"@id\":\"https:\\\/\\\/www.idiv.de\\\/de\\\/#\\\/schema\\\/logo\\\/image\\\/\",\"url\":\"https:\\\/\\\/www.idiv.de\\\/wp-content\\\/uploads\\\/2024\\\/08\\\/iDiv_Logo_long_v1_EN_black_4c.jpg\",\"contentUrl\":\"https:\\\/\\\/www.idiv.de\\\/wp-content\\\/uploads\\\/2024\\\/08\\\/iDiv_Logo_long_v1_EN_black_4c.jpg\",\"width\":2448,\"height\":674,\"caption\":\"idiv\"},\"image\":{\"@id\":\"https:\\\/\\\/www.idiv.de\\\/de\\\/#\\\/schema\\\/logo\\\/image\\\/\"},\"sameAs\":[\"https:\\\/\\\/x.com\\\/idiv\",\"https:\\\/\\\/www.linkedin.com\\\/company\\\/idiv-biodiversity\\\/\",\"https:\\\/\\\/www.youtube.com\\\/idiv-research\"]},{\"@type\":\"Person\",\"@id\":\"https:\\\/\\\/www.idiv.de\\\/de\\\/#\\\/schema\\\/person\\\/14228c09f1919627a633555952e15fc0\",\"name\":\"admin\",\"url\":\"https:\\\/\\\/www.idiv.de\\\/de\\\/author\\\/admin\\\/\"}]}<\/script>\n<!-- \/ Yoast SEO plugin. -->","yoast_head_json":{"title":"Pflanzenvielfalt erh&ouml;ht Insektenvielfalt | iDiv","robots":{"index":"index","follow":"follow","max-snippet":"max-snippet:-1","max-image-preview":"max-image-preview:large","max-video-preview":"max-video-preview:-1"},"canonical":"https:\/\/www.idiv.de\/de\/pflanzenvielfalt-erhht-insektenvielfalt\/","og_locale":"de_DE","og_type":"article","og_title":"Pflanzenvielfalt erh&ouml;ht Insektenvielfalt | iDiv","og_description":"Halle, Leipzig, G&ouml;ttingen. Je mehr Pflanzenarten in Wiesen und W&auml;ldern leben, desto mehr Insektenarten finden dort Lebensraum. Mehr Pflanzenarten erh&ouml;hen aber nicht nur die Zahl der Insektenarten, sondern auch die Zahl ihrer Individuen. Gleichzeitig wird die tierische Vielfalt nicht nur von der pflanzlichen Artenvielfalt bestimmt, sondern auch von der pflanzlichen Strukturvielfalt. Dies sind Ergebnisse einer internationalen Zusammenarbeit unter F&uuml;hrung des Deutschen Zentrums f&uuml;r integrative Biodiversit&auml;tsforschung (iDiv), die in der Fachzeitschrift Nature Communications ver&ouml;ffentlicht worden sind. Sie haben Konsequenzen f&uuml;r die insektenfreundliche Bewirtschaftung von Wiesen und W&auml;ldern.","og_url":"https:\/\/www.idiv.de\/de\/pflanzenvielfalt-erhht-insektenvielfalt\/","og_site_name":"iDiv","article_published_time":"2019-04-08T23:00:00+00:00","article_modified_time":"2025-09-23T10:43:05+00:00","og_image":[{"width":1200,"height":675,"url":"https:\/\/www.idiv.de\/wp-content\/uploads\/2024\/11\/iDivSocialMediaShare.jpg","type":"image\/jpeg"}],"author":"admin","twitter_card":"summary_large_image","twitter_creator":"@idiv","twitter_site":"@idiv","schema":{"@context":"https:\/\/schema.org","@graph":[{"@type":"Article","@id":"https:\/\/www.idiv.de\/de\/pflanzenvielfalt-erhht-insektenvielfalt\/#article","isPartOf":{"@id":"https:\/\/www.idiv.de\/de\/pflanzenvielfalt-erhht-insektenvielfalt\/"},"author":{"name":"admin","@id":"https:\/\/www.idiv.de\/de\/#\/schema\/person\/14228c09f1919627a633555952e15fc0"},"headline":"Pflanzenvielfalt erh&ouml;ht Insektenvielfalt","datePublished":"2019-04-08T23:00:00+00:00","dateModified":"2025-09-23T10:43:05+00:00","mainEntityOfPage":{"@id":"https:\/\/www.idiv.de\/de\/pflanzenvielfalt-erhht-insektenvielfalt\/"},"wordCount":5,"commentCount":0,"publisher":{"@id":"https:\/\/www.idiv.de\/de\/#organization"},"articleSection":["iDiv-Mitglieder","Medienmitteilung","TOP NEWS"],"inLanguage":"de"},{"@type":"WebPage","@id":"https:\/\/www.idiv.de\/de\/pflanzenvielfalt-erhht-insektenvielfalt\/","url":"https:\/\/www.idiv.de\/de\/pflanzenvielfalt-erhht-insektenvielfalt\/","name":"Pflanzenvielfalt erh&ouml;ht Insektenvielfalt | iDiv","isPartOf":{"@id":"https:\/\/www.idiv.de\/de\/#website"},"datePublished":"2019-04-08T23:00:00+00:00","dateModified":"2025-09-23T10:43:05+00:00","breadcrumb":{"@id":"https:\/\/www.idiv.de\/de\/pflanzenvielfalt-erhht-insektenvielfalt\/#breadcrumb"},"inLanguage":"de","potentialAction":[{"@type":"ReadAction","target":["https:\/\/www.idiv.de\/de\/pflanzenvielfalt-erhht-insektenvielfalt\/"]}]},{"@type":"BreadcrumbList","@id":"https:\/\/www.idiv.de\/de\/pflanzenvielfalt-erhht-insektenvielfalt\/#breadcrumb","itemListElement":[{"@type":"ListItem","position":1,"name":"Startseite","item":"https:\/\/www.idiv.de\/de\/"},{"@type":"ListItem","position":2,"name":"Pflanzenvielfalt erh&ouml;ht Insektenvielfalt"}]},{"@type":"WebSite","@id":"https:\/\/www.idiv.de\/de\/#website","url":"https:\/\/www.idiv.de\/de\/","name":"iDiv","description":"Hotspot in Biodiversity Research","publisher":{"@id":"https:\/\/www.idiv.de\/de\/#organization"},"potentialAction":[{"@type":"SearchAction","target":{"@type":"EntryPoint","urlTemplate":"https:\/\/www.idiv.de\/de\/?s={search_term_string}"},"query-input":{"@type":"PropertyValueSpecification","valueRequired":true,"valueName":"search_term_string"}}],"inLanguage":"de"},{"@type":"Organization","@id":"https:\/\/www.idiv.de\/de\/#organization","name":"idiv","url":"https:\/\/www.idiv.de\/de\/","logo":{"@type":"ImageObject","inLanguage":"de","@id":"https:\/\/www.idiv.de\/de\/#\/schema\/logo\/image\/","url":"https:\/\/www.idiv.de\/wp-content\/uploads\/2024\/08\/iDiv_Logo_long_v1_EN_black_4c.jpg","contentUrl":"https:\/\/www.idiv.de\/wp-content\/uploads\/2024\/08\/iDiv_Logo_long_v1_EN_black_4c.jpg","width":2448,"height":674,"caption":"idiv"},"image":{"@id":"https:\/\/www.idiv.de\/de\/#\/schema\/logo\/image\/"},"sameAs":["https:\/\/x.com\/idiv","https:\/\/www.linkedin.com\/company\/idiv-biodiversity\/","https:\/\/www.youtube.com\/idiv-research"]},{"@type":"Person","@id":"https:\/\/www.idiv.de\/de\/#\/schema\/person\/14228c09f1919627a633555952e15fc0","name":"admin","url":"https:\/\/www.idiv.de\/de\/author\/admin\/"}]}},"author_meta":{"display_name":"admin","author_link":"https:\/\/www.idiv.de\/de\/author\/admin\/"},"featured_img":null,"coauthors":[],"tax_additional":{"categories":{"linked":["<a href=\"https:\/\/www.idiv.de\/de\/kategorie\/idiv-mitglieder\/\" class=\"advgb-post-tax-term\">iDiv-Mitglieder<\/a>","<a href=\"https:\/\/www.idiv.de\/de\/kategorie\/medienmitteilung\/\" class=\"advgb-post-tax-term\">Medienmitteilung<\/a>","<a href=\"https:\/\/www.idiv.de\/de\/kategorie\/top-news-de-2\/\" class=\"advgb-post-tax-term\">TOP NEWS<\/a>"],"unlinked":["<span class=\"advgb-post-tax-term\">iDiv-Mitglieder<\/span>","<span class=\"advgb-post-tax-term\">Medienmitteilung<\/span>","<span class=\"advgb-post-tax-term\">TOP NEWS<\/span>"]}},"comment_count":0,"relative_dates":{"created":"Ver\u00f6ffentlicht 7\u00a0Jahren vor","modified":"Aktualisiert 7\u00a0Monaten vor"},"absolute_dates":{"created":"Ver\u00f6ffentlicht am 9. April 2019","modified":"Aktualisiert am 23. September 2025"},"absolute_dates_time":{"created":"Ver\u00f6ffentlicht am 9. April 2019 0:00","modified":"Aktualisiert am 23. September 2025 11:43"},"featured_img_caption":"","series_order":"","_links":{"self":[{"href":"https:\/\/www.idiv.de\/de\/wp-json\/wp\/v2\/posts\/11778","targetHints":{"allow":["GET"]}}],"collection":[{"href":"https:\/\/www.idiv.de\/de\/wp-json\/wp\/v2\/posts"}],"about":[{"href":"https:\/\/www.idiv.de\/de\/wp-json\/wp\/v2\/types\/post"}],"author":[{"embeddable":true,"href":"https:\/\/www.idiv.de\/de\/wp-json\/wp\/v2\/users\/1"}],"replies":[{"embeddable":true,"href":"https:\/\/www.idiv.de\/de\/wp-json\/wp\/v2\/comments?post=11778"}],"version-history":[{"count":2,"href":"https:\/\/www.idiv.de\/de\/wp-json\/wp\/v2\/posts\/11778\/revisions"}],"predecessor-version":[{"id":35566,"href":"https:\/\/www.idiv.de\/de\/wp-json\/wp\/v2\/posts\/11778\/revisions\/35566"}],"wp:attachment":[{"href":"https:\/\/www.idiv.de\/de\/wp-json\/wp\/v2\/media?parent=11778"}],"wp:term":[{"taxonomy":"category","embeddable":true,"href":"https:\/\/www.idiv.de\/de\/wp-json\/wp\/v2\/categories?post=11778"},{"taxonomy":"post_tag","embeddable":true,"href":"https:\/\/www.idiv.de\/de\/wp-json\/wp\/v2\/tags?post=11778"}],"curies":[{"name":"wp","href":"https:\/\/api.w.org\/{rel}","templated":true}]}}