{"id":11774,"date":"2019-04-02T00:00:00","date_gmt":"2019-04-01T23:00:00","guid":{"rendered":"https:\/\/idiv.caf-dev.de\/verlust-von-lebensrumen-schadet-der-artenvielfalt-doppelt\/"},"modified":"2025-09-23T11:44:18","modified_gmt":"2025-09-23T10:44:18","slug":"verlust-von-lebensrumen-schadet-der-artenvielfalt-doppelt","status":"publish","type":"post","link":"https:\/\/www.idiv.de\/de\/verlust-von-lebensrumen-schadet-der-artenvielfalt-doppelt\/","title":{"rendered":"Verlust von Lebensr&auml;umen schadet der Artenvielfalt doppelt"},"content":{"rendered":"<div class=\"herosection pb-24 pt-0 no-bg modulclass \" id=\"\">\n                    <div class=\"swiper1noslider  nooverflow swiper \" id=\"slide_69f5ea135909c\">\n        \n                <div class=\"swiper-wrapper\">\n                                            <div class=\"swiper-slide  style_ \" aria-hidden=\"true\" >\n                            <div class=\"backstretchwrap\">\n                        \n                            <div datasrc=\"https:\/\/www.idiv.de\/wp-content\/uploads\/2024\/08\/pic_d8ffbe140520190329150040.jpg\" class=\"backstretchimg responsiv desktop\"><\/div>\n\n                            <a href=\"#\" class=\"cr\"><svg  xmlns=\"http:\/\/www.w3.org\/2000\/svg\" width=\"22\" height=\"22\" viewBox=\"0 0 22 22\">\n                                    <rect id=\"BG\" width=\"22\" height=\"22\" rx=\"11\" fill=\"#fff\"\/>\n                                    <g id=\"Wrapper\" transform=\"translate(-1 -1)\">\n                                        <g id=\"Icon_material-copyright\" data-name=\"Icon material-copyright\">\n                                            <circle id=\"Ellipse_30\" data-name=\"Ellipse 30\" cx=\"8\" cy=\"8\" r=\"8\" transform=\"translate(4 4)\" fill=\"#fff\"\/>\n                                            <path id=\"Icon_material-copyright-2\" data-name=\"Icon material-copyright\" d=\"M9.464,10.088a2.045,2.045,0,0,1,.24-.7,1.4,1.4,0,0,1,.472-.5,1.42,1.42,0,0,1,.728-.184,1.45,1.45,0,0,1,.5.1,1.29,1.29,0,0,1,.416.288,1.54,1.54,0,0,1,.272.424,1.4,1.4,0,0,1,.112.512H13.64a2.864,2.864,0,0,0-.224-1.032,2.4,2.4,0,0,0-.56-.808,2.613,2.613,0,0,0-.864-.528,3.09,3.09,0,0,0-1.112-.184,3.127,3.127,0,0,0-1.36.272,2.751,2.751,0,0,0-.96.736,3.007,3.007,0,0,0-.568,1.088A4.685,4.685,0,0,0,7.8,10.9v.216a4.684,4.684,0,0,0,.184,1.312,2.908,2.908,0,0,0,.568,1.08,2.731,2.731,0,0,0,.96.728,3.246,3.246,0,0,0,1.36.272,3.051,3.051,0,0,0,1.056-.184,2.729,2.729,0,0,0,.864-.5,2.442,2.442,0,0,0,.592-.752,2.153,2.153,0,0,0,.24-.92H12.192a1.139,1.139,0,0,1-.12.464,1.177,1.177,0,0,1-.288.368,1.26,1.26,0,0,1-.416.24,1.589,1.589,0,0,1-.48.08,1.359,1.359,0,0,1-.712-.184,1.4,1.4,0,0,1-.472-.5,2.09,2.09,0,0,1-.24-.7,5.392,5.392,0,0,1-.064-.8V10.9a5.33,5.33,0,0,1,.064-.808ZM11,3a8,8,0,1,0,8,8A8,8,0,0,0,11,3Zm0,14.4A6.4,6.4,0,1,1,17.4,11,6.408,6.408,0,0,1,11,17.4Z\" transform=\"translate(1 1)\" fill=\"#4d4d4d\"\/>\n                                        <\/g>\n                                    <\/g>\n                                <\/svg>\n                                <span>Zs\u00f3fia Horv\u00e1th<\/span><\/a>                        \n                                                    <\/div>\n                                        <div class=\"sliderinhalt \" role=\"region\" aria-label=\"carousel\">\n\n                                            <h1 class=\"h1 tleft\" >Verlust von Lebensr&auml;umen schadet der Artenvielfalt doppelt<\/h1>                                                    <p style=\"text-align: center;\">Auch in benachbarten Lebensr\u00e4umen sinkt Artenzahl<\/p>\n                                                \n                                                                                                            <\/div>\n                                            <\/div>\n\n                        \n                 <\/div>\n\n                              <\/div>\n<\/div>\n\n<div class=\"textbildrepeater pb-24 pt-0 no-bg modulclass \" id=\"\">\n    <div class=\"container\">\n        <div class=\"row\">\n                                                                <div class=\"pb-24   mod_text  col-md-6 offset-md-0 pos_top\">\n                            <div class=\"textrepeater \" id=\"\">\n    <p>02.04.2019 | Biodiversity Synthesis, Media Release, TOP NEWS<\/p>\n<\/div>\n                            <\/div>\n                        <\/div>\n    <\/div>\n<\/div>\n\n<div class=\"textbildrepeater pb-24 pt-0 no-bg modulclass \" id=\"\">\n    <div class=\"container\">\n        <div class=\"row\">\n                                                                <div class=\"pb-24   mod_text  col-md-12 offset-md-0 pos_top\">\n                            <div class=\"textrepeater \" id=\"\">\n    <p><strong>Halle\/Lunz (A). Der Verlust und die Fragmentierung von Lebensr&auml;umen z&auml;hlen zu den wichtigsten Ursachen, warum an vielen Orten weltweit der Artenreichtum zur&uuml;ckgeht. Jetzt hat ein Forscherteam unter Beteiligung des Deutschen Zentrums f&uuml;r integrative Biodiversit&auml;tsforschung (iDiv) und der Martin-Luther-Universit&auml;t Halle-Wittenberg (MLU) nachgewiesen, dass sich die Zerst&ouml;rung von Lebensr&auml;umen sogar doppelt auswirkt&#58; Wenn Lebensr&auml;ume verloren gehen, verschwinden nicht nur die dort lebenden Arten &ndash; auch in benachbarten Lebensr&auml;umen sinkt die Artenzahl. Ursache seien die zu gro&szlig;en r&auml;umlichen Abst&auml;nde zwischen den noch verbliebenen Lebensr&auml;umen, schreiben die Forscher im Fachblatt Ecology Letters.<\/strong><\/p>\n<\/div>\n                            <\/div>\n                        <\/div>\n    <\/div>\n<\/div>\n\n<div class=\"textbildrepeater pb-24 pt-0 no-bg modulclass \" id=\"\">\n    <div class=\"container\">\n        <div class=\"row\">\n                                                                <div class=\"pb-24   mod_bild  col-md-5 offset-md-0 pos_top\">\n                            <div class=\"bildrepeater \" id=\"\">\n    <div class=\"relativ\"><img decoding=\"async\" class=\"responsiv desktop\" src=\"https:\/\/www.idiv.de\/wp-content\/uploads\/2024\/08\/pic_fbc6e01e9e20190329152446.jpg\" height=\"\" width=\"\" alt=\"idiv-\"\/><img decoding=\"async\" class=\"responsiv mobile\" src=\"https:\/\/www.idiv.de\/wp-content\/uploads\/2024\/08\/pic_fbc6e01e9e20190329152446.jpg\" height=\"\" width=\"\" alt=\"idiv-\"\/><a href=\"#\" class=\"cr\" role=\"button\">\n<svg  xmlns=\"http:\/\/www.w3.org\/2000\/svg\" width=\"22\" height=\"22\" viewBox=\"0 0 22 22\">\n    <rect id=\"BG\" width=\"22\" height=\"22\" rx=\"11\" fill=\"#fff\"\/>\n    <g id=\"Wrapper\" transform=\"translate(-1 -1)\">\n        <g id=\"Icon_material-copyright\" data-name=\"Icon material-copyright\">\n            <circle id=\"Ellipse_30\" data-name=\"Ellipse 30\" cx=\"8\" cy=\"8\" r=\"8\" transform=\"translate(4 4)\" fill=\"#fff\"\/>\n            <path id=\"Icon_material-copyright-2\" data-name=\"Icon material-copyright\" d=\"M9.464,10.088a2.045,2.045,0,0,1,.24-.7,1.4,1.4,0,0,1,.472-.5,1.42,1.42,0,0,1,.728-.184,1.45,1.45,0,0,1,.5.1,1.29,1.29,0,0,1,.416.288,1.54,1.54,0,0,1,.272.424,1.4,1.4,0,0,1,.112.512H13.64a2.864,2.864,0,0,0-.224-1.032,2.4,2.4,0,0,0-.56-.808,2.613,2.613,0,0,0-.864-.528,3.09,3.09,0,0,0-1.112-.184,3.127,3.127,0,0,0-1.36.272,2.751,2.751,0,0,0-.96.736,3.007,3.007,0,0,0-.568,1.088A4.685,4.685,0,0,0,7.8,10.9v.216a4.684,4.684,0,0,0,.184,1.312,2.908,2.908,0,0,0,.568,1.08,2.731,2.731,0,0,0,.96.728,3.246,3.246,0,0,0,1.36.272,3.051,3.051,0,0,0,1.056-.184,2.729,2.729,0,0,0,.864-.5,2.442,2.442,0,0,0,.592-.752,2.153,2.153,0,0,0,.24-.92H12.192a1.139,1.139,0,0,1-.12.464,1.177,1.177,0,0,1-.288.368,1.26,1.26,0,0,1-.416.24,1.589,1.589,0,0,1-.48.08,1.359,1.359,0,0,1-.712-.184,1.4,1.4,0,0,1-.472-.5,2.09,2.09,0,0,1-.24-.7,5.392,5.392,0,0,1-.064-.8V10.9a5.33,5.33,0,0,1,.064-.808ZM11,3a8,8,0,1,0,8,8A8,8,0,0,0,11,3Zm0,14.4A6.4,6.4,0,1,1,17.4,11,6.408,6.408,0,0,1,11,17.4Z\" transform=\"translate(1 1)\" fill=\"#4d4d4d\"\/>\n        <\/g>\n    <\/g>\n<\/svg>\n<span>Imre Poty\u00f3<\/span><\/a><\/div><p class=\"bu\">Diese kleinen Krebstierchen geh&ouml;ren zum Zooplankton, das in der Studie untersucht wurde. Auf dem Bild ist ein Feenkrebs (<em>Branchinecta orientalis<\/em>, 3 &#8211; 4 cm gro&szlig;) zu sehen sowie mehrere Wasserfl&ouml;he (<em>Daphnia magna<\/em>, bis 0,5 cm gro&szlig;).<\/p><\/div>\n                            <\/div>\n                                                                    <div class=\"pb-24   mod_bild  col-md-5 offset-md-2 pos_top\">\n                            <div class=\"bildrepeater \" id=\"\">\n    <div class=\"relativ\"><img decoding=\"async\" class=\"responsiv desktop\" src=\"https:\/\/www.idiv.de\/wp-content\/uploads\/2024\/08\/pic_f686e3418620190329154812.jpg\" height=\"\" width=\"\" alt=\"idiv-\"\/><img decoding=\"async\" class=\"responsiv mobile\" src=\"https:\/\/www.idiv.de\/wp-content\/uploads\/2024\/08\/pic_f686e3418620190329154812.jpg\" height=\"\" width=\"\" alt=\"idiv-\"\/><a href=\"#\" class=\"cr\" role=\"button\">\n<svg  xmlns=\"http:\/\/www.w3.org\/2000\/svg\" width=\"22\" height=\"22\" viewBox=\"0 0 22 22\">\n    <rect id=\"BG\" width=\"22\" height=\"22\" rx=\"11\" fill=\"#fff\"\/>\n    <g id=\"Wrapper\" transform=\"translate(-1 -1)\">\n        <g id=\"Icon_material-copyright\" data-name=\"Icon material-copyright\">\n            <circle id=\"Ellipse_30\" data-name=\"Ellipse 30\" cx=\"8\" cy=\"8\" r=\"8\" transform=\"translate(4 4)\" fill=\"#fff\"\/>\n            <path id=\"Icon_material-copyright-2\" data-name=\"Icon material-copyright\" d=\"M9.464,10.088a2.045,2.045,0,0,1,.24-.7,1.4,1.4,0,0,1,.472-.5,1.42,1.42,0,0,1,.728-.184,1.45,1.45,0,0,1,.5.1,1.29,1.29,0,0,1,.416.288,1.54,1.54,0,0,1,.272.424,1.4,1.4,0,0,1,.112.512H13.64a2.864,2.864,0,0,0-.224-1.032,2.4,2.4,0,0,0-.56-.808,2.613,2.613,0,0,0-.864-.528,3.09,3.09,0,0,0-1.112-.184,3.127,3.127,0,0,0-1.36.272,2.751,2.751,0,0,0-.96.736,3.007,3.007,0,0,0-.568,1.088A4.685,4.685,0,0,0,7.8,10.9v.216a4.684,4.684,0,0,0,.184,1.312,2.908,2.908,0,0,0,.568,1.08,2.731,2.731,0,0,0,.96.728,3.246,3.246,0,0,0,1.36.272,3.051,3.051,0,0,0,1.056-.184,2.729,2.729,0,0,0,.864-.5,2.442,2.442,0,0,0,.592-.752,2.153,2.153,0,0,0,.24-.92H12.192a1.139,1.139,0,0,1-.12.464,1.177,1.177,0,0,1-.288.368,1.26,1.26,0,0,1-.416.24,1.589,1.589,0,0,1-.48.08,1.359,1.359,0,0,1-.712-.184,1.4,1.4,0,0,1-.472-.5,2.09,2.09,0,0,1-.24-.7,5.392,5.392,0,0,1-.064-.8V10.9a5.33,5.33,0,0,1,.064-.808ZM11,3a8,8,0,1,0,8,8A8,8,0,0,0,11,3Zm0,14.4A6.4,6.4,0,1,1,17.4,11,6.408,6.408,0,0,1,11,17.4Z\" transform=\"translate(1 1)\" fill=\"#4d4d4d\"\/>\n        <\/g>\n    <\/g>\n<\/svg>\n<span>Frank Fox, Wikimedia Commons (CC BY-SA 3.0 DE)<\/span><\/a><\/div><p class=\"bu\">Auch bei den R&auml;dertierchen haben die Wissenschaftler die Anzahl der Arten ausgewertet. Hier ist die Art <em>Brachionus quadridentatus<\/em> unter dem Mikroskop zu sehen.<\/p><\/div>\n                            <\/div>\n                        <\/div>\n    <\/div>\n<\/div>\n\n<div class=\"textbildrepeater pb-24 pt-0 no-bg modulclass \" id=\"\">\n    <div class=\"container\">\n        <div class=\"row\">\n                                                                <div class=\"pb-24   mod_text  col-md-12 offset-md-0 pos_top\">\n                            <div class=\"textrepeater \" id=\"\">\n    <p>Wissenschaftler vom Forschungszentrum iDiv, der Uni Halle und dem Forschungszentrum WasserCluster Lunz in &Ouml;sterreich nutzten f&uuml;r ihre Studie Langzeitdaten zu sogenannten Salzlacken in der Region Seewinkel im Osten &Ouml;sterreichs. In diesen Lacken wurde das Vorkommen von wirbellosem Zooplankton wie kleinen Krebstierchen und R&auml;dertierchen erfasst. Lacken sind sehr seichte, von Niederschl&auml;gen und Grundwasser gespeiste und immer wieder austrocknende Kleingew&auml;sser von meist weniger als einem Quadratkilometer Fl&auml;che, die im Seewinkel zum Teil einen sehr hohen Salzgehalt erreichen. In dem 270 Quadratkilometer gro&szlig;en Untersuchungsgebiet gab es in den 1950er Jahren noch mehr als 110 Lacken. Infolge der landwirtschaftlichen Intensivierung schwand deren Zahl bis auf etwa 30 im Jahr 2010 &ndash; ein R&uuml;ckgang von rund 70 Prozent innerhalb von sechs Jahrzehnten. Entsprechend ging auch die Artenzahl zur&uuml;ck&#58; Fanden die &Ouml;kologen 1957 noch 64 Arten, waren es 2010 noch 47 &ndash; ein Minus von 17 Arten.<\/p>\n<p>Was waren die Ursachen, dass in den Salzlacken so viele Planktonarten verschwanden? Lag es nur daran, dass deren Lebensraum verloren ging oder gab es noch einen anderen Effekt? Tats&auml;chlich fanden die Forscher anhand von Modellierungen heraus, dass der R&uuml;ckgang der Salzlacken von einst 110 auf 30 nur ein Aussterben von vier Zooplanktonarten zur Folge h&auml;tte haben d&uuml;rfen&#58; &bdquo;Selbst wenn wir nicht die Anzahl der Lacken, sondern stattdessen die Fl&auml;chen der Lacken ber&uuml;cksichtigen, h&auml;tten wir nur ein R&uuml;ckgang von neun Arten erwartet&ldquo;, sagt Prof. Jonathan Chase, Leiter der Forschungsgruppe Biodiversit&auml;tssynthese bei iDiv und Uni Halle und Letztautor der Studie. Stattdessen seien aber 17 Arten in der Region ausgestorben. Die Forscher konnten jedoch ausschlie&szlig;en, dass f&uuml;r dieses zus&auml;tzliche Minus Verschlechterungen in der Qualit&auml;t der Lebensr&auml;ume eine Rolle spielten &ndash; etwa die Ver&auml;nderung des Salzgehalts, Schwankungen des N&auml;hrstoffgehalts, wechselnde Wasserst&auml;nde oder Tr&uuml;bungen der T&uuml;mpel. &bdquo;Es muss also noch einen anderen Effekt auf Landschaftsebene geben, der f&uuml;r das Aussterben der Arten in der Region verantwortlich ist&ldquo;, sagt Erstautorin Dr. Zs&oacute;fia Horv&aacute;th. Sie hat die Studie am WasserCluster Lunz in &Ouml;sterreich sowie beim Forschungszentrum iDiv und der Uni Halle durchgef&uuml;hrt.<\/p>\n<p>R&auml;umliche Prozesse k&ouml;nnen den starken R&uuml;ckgang der Artenzahl erkl&auml;ren&#58; Wenn viele Salzlacken verschwinden, sind die Abst&auml;nde zwischen den verbleibenden Lacken relativ gro&szlig;. F&uuml;r das Zooplankton wird es damit immer schwieriger, neue Lebensr&auml;ume zu besiedeln &ndash; etwa durch die passive Ausbreitung der Eier &uuml;ber Wind oder als blinder Passagier an Amphibien oder V&ouml;geln. &bdquo;Dass Arten lokal verschwinden, kommt immer wieder vor. Problematisch wird es, wenn diese Arten Lebensr&auml;ume nicht mehr wiederbesiedeln k&ouml;nnen&ldquo;, sagt Jonathan Chase. Gebe es weniger Salzlacken, in denen eine bestimmte Art von Zooplankton vorkommt, und seien die verbleibenden Lacken weit voneinander entfernt, sinke die Wahrscheinlichkeit, dass sich die Art erneut ausbreiten kann. Dies bedeutet, das ein lokales Aussterben in einer Salzlacke nicht mehr durch eine Neubesiedelung von anderen Lacken in der Region aufgefangen werden kann.<\/p>\n<p>In so genannten Meta-Gemeinschaften, also &ouml;kologischen Gemeinschaften von Lebewesen, die sich auf verschiedene Standorte verteilen und potenziell miteinander verbunden sind, gibt es also neben dem lokalen Aussterbe-Effekt einen zus&auml;tzlichen Effekt auf regionaler Ebene. Dies wurde schon l&auml;nger vermutet, aber bislang selten nachgewiesen, weil es wenig Langzeitstudien gibt. Dank der Daten zu den Salzlacken in der Region Seewinkel konnte diese Wissensl&uuml;cke nun geschlossen werden. &bdquo;Das ist wichtig, weil dieser Effekt k&uuml;nftig in der Modellierung st&auml;rker ber&uuml;cksichtigt werden kann &ndash; zum Beispiel, wenn es darum geht, abzusch&auml;tzen, wie sich der Verlust von Lebensraum auf die Biodiversit&auml;t auswirkt&ldquo;, bilanziert Chase.<\/p>\n<p>&nbsp;<\/p>\n<p><strong>Originalpublikation&#58;<\/strong><br \/>(iDiv-Wissenschaftler fett)<\/p>\n<p><strong>Horv&aacute;th, Zs&oacute;fia<\/strong>; Ptacnik, Robert; Vad, Csaba; <strong>Chase, Jonathan<\/strong> (online erschienen am 1. April 2019)&#58; Habitat loss over six decades accelerates regional and local biodiversity loss via changing landscape connectance. Ecology Letters.<span class=epub-doi> <a href=https&#58;\/\/onlinelibrary.wiley.com\/doi\/full\/10.1111\/ele.13260 rel=ext target=_blank>https&#58;\/\/doi.org\/10.1111\/ele.13260<\/a><\/span><\/p>\n<p>&nbsp;<\/p><\/p>\n<\/div>\n                            <\/div>\n                        <\/div>\n    <\/div>\n<\/div>\n\n<div class=\"textbildrepeater pb-24 pt-0 no-bg modulclass \" id=\"\">\n    <div class=\"container\">\n        <div class=\"row\">\n                                                                <div class=\"pb-24   mod_text  col-md-12 offset-md-0 pos_top\">\n                            <div class=\"textrepeater \" id=\"\">\n    <h3>Ansprechpartner:<\/h3>\n<p><strong>Hinweis :<\/strong><br \/>\nAuf Wunsch kann der Kontakt zu einem deutschsprachigen Wissenschaftler vermittelt werden, der ebenfalls an der Studie beteiligt war.<\/p>\n<p><strong>Dr. Volker Hahn<\/strong><br \/>\nAbteilung Medien und Kommunikation<br \/>\nDeutsches Zentrum f\u00fcr integrative Biodiversit\u00e4tsforschung (iDiv) Halle-Jena-Leipzig<br \/>\nTel.: +49 341 9733154<br \/>\nE-Mail: <a href=\"&#x6d;&#x61;&#x69;&#x6c;&#116;&#111;&#58;vo&#x6c;&#x6b;&#x65;&#x72;&#x2e;&#104;&#97;&#104;n&#64;&#x69;&#x64;&#x69;&#x76;&#x2e;&#100;&#101;\">&#x76;o&#x6c;&#107;e&#x72;&#46;&#x68;&#x61;h&#x6e;&#64;i&#x64;&#105;&#x76;&#46;d&#x65;<\/a><\/p>\n<p><strong>Dr. Zs\u00f3fia Horv\u00e1th<\/strong><br \/>\nWasserCluster Lunz, Lunz am See, \u00d6sterreich<br \/>\nDeutsches Zentrum f\u00fcr integrative Biodiversit\u00e4tsforschung (iDiv) Halle-Jena-Leipzig<br \/>\nMartin-Luther-Universit\u00e4t Halle-Wittenberg<br \/>\nTel.: Bitte Mobilnummer bei iDiv Medien und Kommunikation erfragen.<br \/>\nE-Mail: <a href=\"&#x6d;&#97;i&#x6c;&#116;o&#x3a;&#104;h&#x7a;&#115;o&#x66;&#105;a&#x40;&#103;m&#x61;&#105;l&#x2e;&#99;o&#x6d;\">h&#104;&#122;&#x73;&#x6f;&#x66;i&#97;&#64;&#x67;&#x6d;&#x61;il&#46;&#x63;&#x6f;&#x6d;<\/a><\/p>\n<p><strong>Prof. Jonathan Chase<\/strong><br \/>\nDeutsches Zentrum f\u00fcr integrative Biodiversit\u00e4tsforschung (iDiv) Halle-Jena-Leipzig<br \/>\nMartin-Luther-Universit\u00e4t Halle-Wittenberg<br \/>\nTel.: +49 341 9733120<br \/>\nE-Mail: <a href=\"&#x6d;a&#x69;l&#x74;&#111;&#x3a;&#106;o&#x6e;a&#x74;&#104;&#x61;&#110;&#x2e;&#99;h&#x61;s&#x65;&#64;&#x69;&#100;&#x69;&#x76;&#46;&#x64;e\">&#x6a;&#x6f;&#110;a&#x74;&#x68;&#97;n&#46;&#x63;&#x68;&#97;s&#x65;&#x40;&#105;&#100;i&#x76;&#x2e;&#100;e<\/a><\/p>\n<\/div>\n                            <\/div>\n                        <\/div>\n    <\/div>\n<\/div>\n\n<div class=\"textbildrepeater pb-24 pt-0 no-bg modulclass \" id=\"\">\n    <div class=\"container\">\n        <div class=\"row\">\n                                                                <div class=\"pb-24   mod_text  col-md-12 offset-md-0 pos_top\">\n                            <div class=\"textrepeater \" id=\"\">\n    <p><em>Hinweis f\u00fcr die Medien: Die von iDiv bereitgestellten Bilder d\u00fcrfen ausschlie\u00dflich f\u00fcr die Berichterstattung im Zusammenhang mit dieser Medienmitteilung und unter Angabe des\/der Urhebers\/in verwendet werden.<\/em><\/p>\n<\/div>\n                            <\/div>\n                        <\/div>\n    <\/div>\n<\/div>","protected":false},"excerpt":{"rendered":"<p>Halle\/Lunz (A). Der Verlust und die Fragmentierung von Lebensr&auml;umen z&auml;hlen zu den wichtigsten Ursachen, warum an vielen Orten weltweit der Artenreichtum zur&uuml;ckgeht. Jetzt hat ein Forscherteam unter Beteiligung des Deutschen Zentrums f&uuml;r integrative Biodiversit&auml;tsforschung (iDiv) und der Martin-Luther-Universit&auml;t Halle-Wittenberg (MLU) nachgewiesen, dass sich die Zerst&ouml;rung von Lebensr&auml;umen sogar doppelt auswirkt: Wenn Lebensr&auml;ume verloren gehen, verschwinden nicht nur die dort lebenden Arten &ndash; auch in benachbarten Lebensr&auml;umen sinkt die Artenzahl. Ursache seien die zu gro&szlig;en r&auml;umlichen Abst&auml;nde zwischen den noch verbliebenen Lebensr&auml;umen, schreiben die Forscher im Fachblatt Ecology Letters.<\/p>\n","protected":false},"author":1,"featured_media":0,"comment_status":"open","ping_status":"open","sticky":false,"template":"","format":"standard","meta":{"_acf_changed":false,"advgb_blocks_editor_width":"","advgb_blocks_columns_visual_guide":"","footnotes":"","_links_to":"","_links_to_target":""},"categories":[55,28,29,30],"tags":[],"class_list":["post-11774","post","type-post","status-publish","format-standard","hentry","category-biodiversitaetssynthese","category-idiv-de","category-medienmitteilung","category-top-news-de-2"],"acf":{"thumb":7313,"thumbmobile":"","copyright":"Zs\u00f3fia Horv\u00e1th","breadcrumb":true},"yoast_head":"<!-- This site is optimized with the Yoast SEO plugin v27.5 - https:\/\/yoast.com\/product\/yoast-seo-wordpress\/ -->\n<title>Verlust von Lebensr&auml;umen schadet der Artenvielfalt doppelt | iDiv<\/title>\n<meta name=\"robots\" content=\"index, follow, max-snippet:-1, max-image-preview:large, max-video-preview:-1\" \/>\n<link rel=\"canonical\" href=\"https:\/\/www.idiv.de\/de\/verlust-von-lebensrumen-schadet-der-artenvielfalt-doppelt\/\" \/>\n<meta property=\"og:locale\" content=\"de_DE\" \/>\n<meta property=\"og:type\" content=\"article\" \/>\n<meta property=\"og:title\" content=\"Verlust von Lebensr&auml;umen schadet der Artenvielfalt doppelt | iDiv\" \/>\n<meta property=\"og:description\" content=\"Halle\/Lunz (A). Der Verlust und die Fragmentierung von Lebensr&auml;umen z&auml;hlen zu den wichtigsten Ursachen, warum an vielen Orten weltweit der Artenreichtum zur&uuml;ckgeht. Jetzt hat ein Forscherteam unter Beteiligung des Deutschen Zentrums f&uuml;r integrative Biodiversit&auml;tsforschung (iDiv) und der Martin-Luther-Universit&auml;t Halle-Wittenberg (MLU) nachgewiesen, dass sich die Zerst&ouml;rung von Lebensr&auml;umen sogar doppelt auswirkt: Wenn Lebensr&auml;ume verloren gehen, verschwinden nicht nur die dort lebenden Arten &ndash; auch in benachbarten Lebensr&auml;umen sinkt die Artenzahl. Ursache seien die zu gro&szlig;en r&auml;umlichen Abst&auml;nde zwischen den noch verbliebenen Lebensr&auml;umen, schreiben die Forscher im Fachblatt Ecology Letters.\" \/>\n<meta property=\"og:url\" content=\"https:\/\/www.idiv.de\/de\/verlust-von-lebensrumen-schadet-der-artenvielfalt-doppelt\/\" \/>\n<meta property=\"og:site_name\" content=\"iDiv\" \/>\n<meta property=\"article:published_time\" content=\"2019-04-01T23:00:00+00:00\" \/>\n<meta property=\"article:modified_time\" content=\"2025-09-23T10:44:18+00:00\" \/>\n<meta property=\"og:image\" content=\"https:\/\/www.idiv.de\/wp-content\/uploads\/2024\/11\/iDivSocialMediaShare.jpg\" \/>\n\t<meta property=\"og:image:width\" content=\"1200\" \/>\n\t<meta property=\"og:image:height\" content=\"675\" \/>\n\t<meta property=\"og:image:type\" content=\"image\/jpeg\" \/>\n<meta name=\"author\" content=\"admin\" \/>\n<meta name=\"twitter:card\" content=\"summary_large_image\" \/>\n<meta name=\"twitter:creator\" content=\"@idiv\" \/>\n<meta name=\"twitter:site\" content=\"@idiv\" \/>\n<script type=\"application\/ld+json\" class=\"yoast-schema-graph\">{\"@context\":\"https:\\\/\\\/schema.org\",\"@graph\":[{\"@type\":\"Article\",\"@id\":\"https:\\\/\\\/www.idiv.de\\\/de\\\/verlust-von-lebensrumen-schadet-der-artenvielfalt-doppelt\\\/#article\",\"isPartOf\":{\"@id\":\"https:\\\/\\\/www.idiv.de\\\/de\\\/verlust-von-lebensrumen-schadet-der-artenvielfalt-doppelt\\\/\"},\"author\":{\"name\":\"admin\",\"@id\":\"https:\\\/\\\/www.idiv.de\\\/de\\\/#\\\/schema\\\/person\\\/14228c09f1919627a633555952e15fc0\"},\"headline\":\"Verlust von Lebensr&auml;umen schadet der Artenvielfalt doppelt\",\"datePublished\":\"2019-04-01T23:00:00+00:00\",\"dateModified\":\"2025-09-23T10:44:18+00:00\",\"mainEntityOfPage\":{\"@id\":\"https:\\\/\\\/www.idiv.de\\\/de\\\/verlust-von-lebensrumen-schadet-der-artenvielfalt-doppelt\\\/\"},\"wordCount\":9,\"commentCount\":0,\"publisher\":{\"@id\":\"https:\\\/\\\/www.idiv.de\\\/de\\\/#organization\"},\"articleSection\":[\"Biodiversit\u00e4tssynthese\",\"iDiv\",\"Medienmitteilung\",\"TOP NEWS\"],\"inLanguage\":\"de\"},{\"@type\":\"WebPage\",\"@id\":\"https:\\\/\\\/www.idiv.de\\\/de\\\/verlust-von-lebensrumen-schadet-der-artenvielfalt-doppelt\\\/\",\"url\":\"https:\\\/\\\/www.idiv.de\\\/de\\\/verlust-von-lebensrumen-schadet-der-artenvielfalt-doppelt\\\/\",\"name\":\"Verlust von Lebensr&auml;umen schadet der Artenvielfalt doppelt | iDiv\",\"isPartOf\":{\"@id\":\"https:\\\/\\\/www.idiv.de\\\/de\\\/#website\"},\"datePublished\":\"2019-04-01T23:00:00+00:00\",\"dateModified\":\"2025-09-23T10:44:18+00:00\",\"breadcrumb\":{\"@id\":\"https:\\\/\\\/www.idiv.de\\\/de\\\/verlust-von-lebensrumen-schadet-der-artenvielfalt-doppelt\\\/#breadcrumb\"},\"inLanguage\":\"de\",\"potentialAction\":[{\"@type\":\"ReadAction\",\"target\":[\"https:\\\/\\\/www.idiv.de\\\/de\\\/verlust-von-lebensrumen-schadet-der-artenvielfalt-doppelt\\\/\"]}]},{\"@type\":\"BreadcrumbList\",\"@id\":\"https:\\\/\\\/www.idiv.de\\\/de\\\/verlust-von-lebensrumen-schadet-der-artenvielfalt-doppelt\\\/#breadcrumb\",\"itemListElement\":[{\"@type\":\"ListItem\",\"position\":1,\"name\":\"Startseite\",\"item\":\"https:\\\/\\\/www.idiv.de\\\/de\\\/\"},{\"@type\":\"ListItem\",\"position\":2,\"name\":\"Verlust von Lebensr&auml;umen schadet der Artenvielfalt doppelt\"}]},{\"@type\":\"WebSite\",\"@id\":\"https:\\\/\\\/www.idiv.de\\\/de\\\/#website\",\"url\":\"https:\\\/\\\/www.idiv.de\\\/de\\\/\",\"name\":\"iDiv\",\"description\":\"Hotspot in Biodiversity Research\",\"publisher\":{\"@id\":\"https:\\\/\\\/www.idiv.de\\\/de\\\/#organization\"},\"potentialAction\":[{\"@type\":\"SearchAction\",\"target\":{\"@type\":\"EntryPoint\",\"urlTemplate\":\"https:\\\/\\\/www.idiv.de\\\/de\\\/?s={search_term_string}\"},\"query-input\":{\"@type\":\"PropertyValueSpecification\",\"valueRequired\":true,\"valueName\":\"search_term_string\"}}],\"inLanguage\":\"de\"},{\"@type\":\"Organization\",\"@id\":\"https:\\\/\\\/www.idiv.de\\\/de\\\/#organization\",\"name\":\"idiv\",\"url\":\"https:\\\/\\\/www.idiv.de\\\/de\\\/\",\"logo\":{\"@type\":\"ImageObject\",\"inLanguage\":\"de\",\"@id\":\"https:\\\/\\\/www.idiv.de\\\/de\\\/#\\\/schema\\\/logo\\\/image\\\/\",\"url\":\"https:\\\/\\\/www.idiv.de\\\/wp-content\\\/uploads\\\/2024\\\/08\\\/iDiv_Logo_long_v1_EN_black_4c.jpg\",\"contentUrl\":\"https:\\\/\\\/www.idiv.de\\\/wp-content\\\/uploads\\\/2024\\\/08\\\/iDiv_Logo_long_v1_EN_black_4c.jpg\",\"width\":2448,\"height\":674,\"caption\":\"idiv\"},\"image\":{\"@id\":\"https:\\\/\\\/www.idiv.de\\\/de\\\/#\\\/schema\\\/logo\\\/image\\\/\"},\"sameAs\":[\"https:\\\/\\\/x.com\\\/idiv\",\"https:\\\/\\\/www.linkedin.com\\\/company\\\/idiv-biodiversity\\\/\",\"https:\\\/\\\/www.youtube.com\\\/idiv-research\"]},{\"@type\":\"Person\",\"@id\":\"https:\\\/\\\/www.idiv.de\\\/de\\\/#\\\/schema\\\/person\\\/14228c09f1919627a633555952e15fc0\",\"name\":\"admin\",\"url\":\"https:\\\/\\\/www.idiv.de\\\/de\\\/author\\\/admin\\\/\"}]}<\/script>\n<!-- \/ Yoast SEO plugin. -->","yoast_head_json":{"title":"Verlust von Lebensr&auml;umen schadet der Artenvielfalt doppelt | iDiv","robots":{"index":"index","follow":"follow","max-snippet":"max-snippet:-1","max-image-preview":"max-image-preview:large","max-video-preview":"max-video-preview:-1"},"canonical":"https:\/\/www.idiv.de\/de\/verlust-von-lebensrumen-schadet-der-artenvielfalt-doppelt\/","og_locale":"de_DE","og_type":"article","og_title":"Verlust von Lebensr&auml;umen schadet der Artenvielfalt doppelt | iDiv","og_description":"Halle\/Lunz (A). Der Verlust und die Fragmentierung von Lebensr&auml;umen z&auml;hlen zu den wichtigsten Ursachen, warum an vielen Orten weltweit der Artenreichtum zur&uuml;ckgeht. Jetzt hat ein Forscherteam unter Beteiligung des Deutschen Zentrums f&uuml;r integrative Biodiversit&auml;tsforschung (iDiv) und der Martin-Luther-Universit&auml;t Halle-Wittenberg (MLU) nachgewiesen, dass sich die Zerst&ouml;rung von Lebensr&auml;umen sogar doppelt auswirkt: Wenn Lebensr&auml;ume verloren gehen, verschwinden nicht nur die dort lebenden Arten &ndash; auch in benachbarten Lebensr&auml;umen sinkt die Artenzahl. Ursache seien die zu gro&szlig;en r&auml;umlichen Abst&auml;nde zwischen den noch verbliebenen Lebensr&auml;umen, schreiben die Forscher im Fachblatt Ecology Letters.","og_url":"https:\/\/www.idiv.de\/de\/verlust-von-lebensrumen-schadet-der-artenvielfalt-doppelt\/","og_site_name":"iDiv","article_published_time":"2019-04-01T23:00:00+00:00","article_modified_time":"2025-09-23T10:44:18+00:00","og_image":[{"width":1200,"height":675,"url":"https:\/\/www.idiv.de\/wp-content\/uploads\/2024\/11\/iDivSocialMediaShare.jpg","type":"image\/jpeg"}],"author":"admin","twitter_card":"summary_large_image","twitter_creator":"@idiv","twitter_site":"@idiv","schema":{"@context":"https:\/\/schema.org","@graph":[{"@type":"Article","@id":"https:\/\/www.idiv.de\/de\/verlust-von-lebensrumen-schadet-der-artenvielfalt-doppelt\/#article","isPartOf":{"@id":"https:\/\/www.idiv.de\/de\/verlust-von-lebensrumen-schadet-der-artenvielfalt-doppelt\/"},"author":{"name":"admin","@id":"https:\/\/www.idiv.de\/de\/#\/schema\/person\/14228c09f1919627a633555952e15fc0"},"headline":"Verlust von Lebensr&auml;umen schadet der Artenvielfalt doppelt","datePublished":"2019-04-01T23:00:00+00:00","dateModified":"2025-09-23T10:44:18+00:00","mainEntityOfPage":{"@id":"https:\/\/www.idiv.de\/de\/verlust-von-lebensrumen-schadet-der-artenvielfalt-doppelt\/"},"wordCount":9,"commentCount":0,"publisher":{"@id":"https:\/\/www.idiv.de\/de\/#organization"},"articleSection":["Biodiversit\u00e4tssynthese","iDiv","Medienmitteilung","TOP NEWS"],"inLanguage":"de"},{"@type":"WebPage","@id":"https:\/\/www.idiv.de\/de\/verlust-von-lebensrumen-schadet-der-artenvielfalt-doppelt\/","url":"https:\/\/www.idiv.de\/de\/verlust-von-lebensrumen-schadet-der-artenvielfalt-doppelt\/","name":"Verlust von Lebensr&auml;umen schadet der Artenvielfalt doppelt | iDiv","isPartOf":{"@id":"https:\/\/www.idiv.de\/de\/#website"},"datePublished":"2019-04-01T23:00:00+00:00","dateModified":"2025-09-23T10:44:18+00:00","breadcrumb":{"@id":"https:\/\/www.idiv.de\/de\/verlust-von-lebensrumen-schadet-der-artenvielfalt-doppelt\/#breadcrumb"},"inLanguage":"de","potentialAction":[{"@type":"ReadAction","target":["https:\/\/www.idiv.de\/de\/verlust-von-lebensrumen-schadet-der-artenvielfalt-doppelt\/"]}]},{"@type":"BreadcrumbList","@id":"https:\/\/www.idiv.de\/de\/verlust-von-lebensrumen-schadet-der-artenvielfalt-doppelt\/#breadcrumb","itemListElement":[{"@type":"ListItem","position":1,"name":"Startseite","item":"https:\/\/www.idiv.de\/de\/"},{"@type":"ListItem","position":2,"name":"Verlust von Lebensr&auml;umen schadet der Artenvielfalt doppelt"}]},{"@type":"WebSite","@id":"https:\/\/www.idiv.de\/de\/#website","url":"https:\/\/www.idiv.de\/de\/","name":"iDiv","description":"Hotspot in Biodiversity Research","publisher":{"@id":"https:\/\/www.idiv.de\/de\/#organization"},"potentialAction":[{"@type":"SearchAction","target":{"@type":"EntryPoint","urlTemplate":"https:\/\/www.idiv.de\/de\/?s={search_term_string}"},"query-input":{"@type":"PropertyValueSpecification","valueRequired":true,"valueName":"search_term_string"}}],"inLanguage":"de"},{"@type":"Organization","@id":"https:\/\/www.idiv.de\/de\/#organization","name":"idiv","url":"https:\/\/www.idiv.de\/de\/","logo":{"@type":"ImageObject","inLanguage":"de","@id":"https:\/\/www.idiv.de\/de\/#\/schema\/logo\/image\/","url":"https:\/\/www.idiv.de\/wp-content\/uploads\/2024\/08\/iDiv_Logo_long_v1_EN_black_4c.jpg","contentUrl":"https:\/\/www.idiv.de\/wp-content\/uploads\/2024\/08\/iDiv_Logo_long_v1_EN_black_4c.jpg","width":2448,"height":674,"caption":"idiv"},"image":{"@id":"https:\/\/www.idiv.de\/de\/#\/schema\/logo\/image\/"},"sameAs":["https:\/\/x.com\/idiv","https:\/\/www.linkedin.com\/company\/idiv-biodiversity\/","https:\/\/www.youtube.com\/idiv-research"]},{"@type":"Person","@id":"https:\/\/www.idiv.de\/de\/#\/schema\/person\/14228c09f1919627a633555952e15fc0","name":"admin","url":"https:\/\/www.idiv.de\/de\/author\/admin\/"}]}},"author_meta":{"display_name":"admin","author_link":"https:\/\/www.idiv.de\/de\/author\/admin\/"},"featured_img":null,"coauthors":[],"tax_additional":{"categories":{"linked":["<a href=\"https:\/\/www.idiv.de\/de\/kategorie\/forschung\/biodiversitaetssynthese\/\" class=\"advgb-post-tax-term\">Biodiversit\u00e4tssynthese<\/a>","<a href=\"https:\/\/www.idiv.de\/de\/kategorie\/idiv-de\/\" class=\"advgb-post-tax-term\">iDiv<\/a>","<a href=\"https:\/\/www.idiv.de\/de\/kategorie\/medienmitteilung\/\" class=\"advgb-post-tax-term\">Medienmitteilung<\/a>","<a href=\"https:\/\/www.idiv.de\/de\/kategorie\/top-news-de-2\/\" class=\"advgb-post-tax-term\">TOP NEWS<\/a>"],"unlinked":["<span class=\"advgb-post-tax-term\">Biodiversit\u00e4tssynthese<\/span>","<span class=\"advgb-post-tax-term\">iDiv<\/span>","<span class=\"advgb-post-tax-term\">Medienmitteilung<\/span>","<span class=\"advgb-post-tax-term\">TOP NEWS<\/span>"]}},"comment_count":0,"relative_dates":{"created":"Ver\u00f6ffentlicht 7\u00a0Jahren vor","modified":"Aktualisiert 7\u00a0Monaten vor"},"absolute_dates":{"created":"Ver\u00f6ffentlicht am 2. April 2019","modified":"Aktualisiert am 23. September 2025"},"absolute_dates_time":{"created":"Ver\u00f6ffentlicht am 2. April 2019 0:00","modified":"Aktualisiert am 23. September 2025 11:44"},"featured_img_caption":"","series_order":"","_links":{"self":[{"href":"https:\/\/www.idiv.de\/de\/wp-json\/wp\/v2\/posts\/11774","targetHints":{"allow":["GET"]}}],"collection":[{"href":"https:\/\/www.idiv.de\/de\/wp-json\/wp\/v2\/posts"}],"about":[{"href":"https:\/\/www.idiv.de\/de\/wp-json\/wp\/v2\/types\/post"}],"author":[{"embeddable":true,"href":"https:\/\/www.idiv.de\/de\/wp-json\/wp\/v2\/users\/1"}],"replies":[{"embeddable":true,"href":"https:\/\/www.idiv.de\/de\/wp-json\/wp\/v2\/comments?post=11774"}],"version-history":[{"count":2,"href":"https:\/\/www.idiv.de\/de\/wp-json\/wp\/v2\/posts\/11774\/revisions"}],"predecessor-version":[{"id":35568,"href":"https:\/\/www.idiv.de\/de\/wp-json\/wp\/v2\/posts\/11774\/revisions\/35568"}],"wp:attachment":[{"href":"https:\/\/www.idiv.de\/de\/wp-json\/wp\/v2\/media?parent=11774"}],"wp:term":[{"taxonomy":"category","embeddable":true,"href":"https:\/\/www.idiv.de\/de\/wp-json\/wp\/v2\/categories?post=11774"},{"taxonomy":"post_tag","embeddable":true,"href":"https:\/\/www.idiv.de\/de\/wp-json\/wp\/v2\/tags?post=11774"}],"curies":[{"name":"wp","href":"https:\/\/api.w.org\/{rel}","templated":true}]}}