{"id":11754,"date":"2019-03-04T00:00:00","date_gmt":"2019-03-03T23:00:00","guid":{"rendered":"https:\/\/idiv.caf-dev.de\/biodiversittskrise-technische-fortschritte-in-der-landwirtschaft-reichen-als-antwort-nicht-aus\/"},"modified":"2025-05-27T12:47:53","modified_gmt":"2025-05-27T11:47:53","slug":"biodiversittskrise-technische-fortschritte-in-der-landwirtschaft-reichen-als-antwort-nicht-aus","status":"publish","type":"post","link":"https:\/\/www.idiv.de\/de\/biodiversittskrise-technische-fortschritte-in-der-landwirtschaft-reichen-als-antwort-nicht-aus\/","title":{"rendered":"Biodiversit&auml;tskrise: Technische Fortschritte in der Landwirtschaft reichen als Antwort nicht aus"},"content":{"rendered":"<div class=\"herosection pb-24 pt-0 no-bg modulclass \" id=\"\">\n                    <div class=\"swiper1noslider  nooverflow swiper \" id=\"slide_69f5e8ea42211\">\n        \n                <div class=\"swiper-wrapper\">\n                                            <div class=\"swiper-slide  style_ \" aria-hidden=\"true\" >\n                            <div class=\"backstretchwrap\">\n                        \n                            <div datasrc=\"https:\/\/www.idiv.de\/wp-content\/uploads\/2024\/08\/pic_12f210e1d720190228134032.jpg\" class=\"backstretchimg responsiv desktop\"><\/div>\n\n                            <a href=\"#\" class=\"cr\"><svg  xmlns=\"http:\/\/www.w3.org\/2000\/svg\" width=\"22\" height=\"22\" viewBox=\"0 0 22 22\">\n                                    <rect id=\"BG\" width=\"22\" height=\"22\" rx=\"11\" fill=\"#fff\"\/>\n                                    <g id=\"Wrapper\" transform=\"translate(-1 -1)\">\n                                        <g id=\"Icon_material-copyright\" data-name=\"Icon material-copyright\">\n                                            <circle id=\"Ellipse_30\" data-name=\"Ellipse 30\" cx=\"8\" cy=\"8\" r=\"8\" transform=\"translate(4 4)\" fill=\"#fff\"\/>\n                                            <path id=\"Icon_material-copyright-2\" data-name=\"Icon material-copyright\" d=\"M9.464,10.088a2.045,2.045,0,0,1,.24-.7,1.4,1.4,0,0,1,.472-.5,1.42,1.42,0,0,1,.728-.184,1.45,1.45,0,0,1,.5.1,1.29,1.29,0,0,1,.416.288,1.54,1.54,0,0,1,.272.424,1.4,1.4,0,0,1,.112.512H13.64a2.864,2.864,0,0,0-.224-1.032,2.4,2.4,0,0,0-.56-.808,2.613,2.613,0,0,0-.864-.528,3.09,3.09,0,0,0-1.112-.184,3.127,3.127,0,0,0-1.36.272,2.751,2.751,0,0,0-.96.736,3.007,3.007,0,0,0-.568,1.088A4.685,4.685,0,0,0,7.8,10.9v.216a4.684,4.684,0,0,0,.184,1.312,2.908,2.908,0,0,0,.568,1.08,2.731,2.731,0,0,0,.96.728,3.246,3.246,0,0,0,1.36.272,3.051,3.051,0,0,0,1.056-.184,2.729,2.729,0,0,0,.864-.5,2.442,2.442,0,0,0,.592-.752,2.153,2.153,0,0,0,.24-.92H12.192a1.139,1.139,0,0,1-.12.464,1.177,1.177,0,0,1-.288.368,1.26,1.26,0,0,1-.416.24,1.589,1.589,0,0,1-.48.08,1.359,1.359,0,0,1-.712-.184,1.4,1.4,0,0,1-.472-.5,2.09,2.09,0,0,1-.24-.7,5.392,5.392,0,0,1-.064-.8V10.9a5.33,5.33,0,0,1,.064-.808ZM11,3a8,8,0,1,0,8,8A8,8,0,0,0,11,3Zm0,14.4A6.4,6.4,0,1,1,17.4,11,6.408,6.408,0,0,1,11,17.4Z\" transform=\"translate(1 1)\" fill=\"#4d4d4d\"\/>\n                                        <\/g>\n                                    <\/g>\n                                <\/svg>\n                                <span>guentermanaus \u2013 stock.adobe.com<\/span><\/a>                        \n                                                    <\/div>\n                                        <div class=\"sliderinhalt \" role=\"region\" aria-label=\"carousel\">\n\n                                            <h1 class=\"h1 tleft\" >Biodiversit&auml;tskrise: Technische Fortschritte in der Landwirtschaft reichen als Antwort nicht aus<\/h1>                                                    <p style=\"text-align: center;\">Bev\u00f6lkerungs- und Wirtschaftswachstum hebeln positive Entwicklung der Umweltbilanz der Landnutzung aus<\/p>\n                                                \n                                                                                                            <\/div>\n                                            <\/div>\n\n                        \n                 <\/div>\n\n                              <\/div>\n<\/div>\n\n<div class=\"textbildrepeater pb-24 pt-0 no-bg modulclass \" id=\"\">\n    <div class=\"container\">\n        <div class=\"row\">\n                                                                <div class=\"pb-24   mod_text  col-md-6 offset-md-0 pos_top\">\n                            <div class=\"textrepeater \" id=\"\">\n    <p>04.03.2019 | Biodiversity Conservation, Media Release, TOP NEWS<\/p>\n<\/div>\n                            <\/div>\n                        <\/div>\n    <\/div>\n<\/div>\n\n<div class=\"textbildrepeater pb-24 pt-0 no-bg modulclass \" id=\"\">\n    <div class=\"container\">\n        <div class=\"row\">\n                                                                <div class=\"pb-24   mod_text  col-md-12 offset-md-0 pos_top\">\n                            <div class=\"textrepeater \" id=\"\">\n    <p><strong>Leipzig, Halle. Das rasante Bev&ouml;lkerungs- und Wirtschaftswachstum zerst&ouml;rt die biologische Vielfalt &ndash; vor allem in den Tropen. Das berichtet ein Forscherteam unter der Leitung des Deutschen Zentrums f&uuml;r integrative Biodiversit&auml;tsforschung (iDiv) und der Martin-Luther-Universit&auml;t Halle-Wittenberg (MLU) in Nature Ecology &amp; Evolution. Schuld daran ist die wachsende Nachfrage nach Agrarprodukten, die immer neue Anbaufl&auml;chen verlangt. Zwar wird die Landwirtschaft durch technische Fortschritte immer effizienter, doch die wachsende Zahl an Menschen macht diese Erfolge wett. Klar ist&#58; Eine wirksame Naturschutzpolitik braucht Konzepte gegen Bev&ouml;lkerungswachstum und f&uuml;r nachhaltigen Konsum.<\/strong><\/p>\n<\/div>\n                            <\/div>\n                        <\/div>\n    <\/div>\n<\/div>\n\n<div class=\"textbildrepeater pb-24 pt-0 no-bg modulclass \" id=\"\">\n    <div class=\"container\">\n        <div class=\"row\">\n                                                                <div class=\"pb-24   mod_bild  col-md-5 offset-md-0 pos_top\">\n                            <div class=\"bildrepeater \" id=\"\">\n    <div class=\"relativ\"><img decoding=\"async\" class=\"responsiv desktop\" src=\"https:\/\/www.idiv.de\/wp-content\/uploads\/2024\/08\/pic_104cddc83020190228134140.jpg\" height=\"\" width=\"\" alt=\"idiv-\"\/><img decoding=\"async\" class=\"responsiv mobile\" src=\"https:\/\/www.idiv.de\/wp-content\/uploads\/2024\/08\/pic_104cddc83020190228134140.jpg\" height=\"\" width=\"\" alt=\"idiv-\"\/><a href=\"#\" class=\"cr\" role=\"button\">\n<svg  xmlns=\"http:\/\/www.w3.org\/2000\/svg\" width=\"22\" height=\"22\" viewBox=\"0 0 22 22\">\n    <rect id=\"BG\" width=\"22\" height=\"22\" rx=\"11\" fill=\"#fff\"\/>\n    <g id=\"Wrapper\" transform=\"translate(-1 -1)\">\n        <g id=\"Icon_material-copyright\" data-name=\"Icon material-copyright\">\n            <circle id=\"Ellipse_30\" data-name=\"Ellipse 30\" cx=\"8\" cy=\"8\" r=\"8\" transform=\"translate(4 4)\" fill=\"#fff\"\/>\n            <path id=\"Icon_material-copyright-2\" data-name=\"Icon material-copyright\" d=\"M9.464,10.088a2.045,2.045,0,0,1,.24-.7,1.4,1.4,0,0,1,.472-.5,1.42,1.42,0,0,1,.728-.184,1.45,1.45,0,0,1,.5.1,1.29,1.29,0,0,1,.416.288,1.54,1.54,0,0,1,.272.424,1.4,1.4,0,0,1,.112.512H13.64a2.864,2.864,0,0,0-.224-1.032,2.4,2.4,0,0,0-.56-.808,2.613,2.613,0,0,0-.864-.528,3.09,3.09,0,0,0-1.112-.184,3.127,3.127,0,0,0-1.36.272,2.751,2.751,0,0,0-.96.736,3.007,3.007,0,0,0-.568,1.088A4.685,4.685,0,0,0,7.8,10.9v.216a4.684,4.684,0,0,0,.184,1.312,2.908,2.908,0,0,0,.568,1.08,2.731,2.731,0,0,0,.96.728,3.246,3.246,0,0,0,1.36.272,3.051,3.051,0,0,0,1.056-.184,2.729,2.729,0,0,0,.864-.5,2.442,2.442,0,0,0,.592-.752,2.153,2.153,0,0,0,.24-.92H12.192a1.139,1.139,0,0,1-.12.464,1.177,1.177,0,0,1-.288.368,1.26,1.26,0,0,1-.416.24,1.589,1.589,0,0,1-.48.08,1.359,1.359,0,0,1-.712-.184,1.4,1.4,0,0,1-.472-.5,2.09,2.09,0,0,1-.24-.7,5.392,5.392,0,0,1-.064-.8V10.9a5.33,5.33,0,0,1,.064-.808ZM11,3a8,8,0,1,0,8,8A8,8,0,0,0,11,3Zm0,14.4A6.4,6.4,0,1,1,17.4,11,6.408,6.408,0,0,1,11,17.4Z\" transform=\"translate(1 1)\" fill=\"#4d4d4d\"\/>\n        <\/g>\n    <\/g>\n<\/svg>\n<span>HUTAN-KOCP<\/span><\/a><\/div><p class=\"bu\">Die Produktion von &Ouml;lsaaten wie etwa Palm&ouml;l entwickelt sich global gesehen derzeit zum wichtigsten Treiber des Artenschwundes.<\/p><\/div>\n                            <\/div>\n                        <\/div>\n    <\/div>\n<\/div>\n\n<div class=\"textbildrepeater pb-24 pt-0 no-bg modulclass \" id=\"\">\n    <div class=\"container\">\n        <div class=\"row\">\n                                                                <div class=\"pb-24   mod_text  col-md-12 offset-md-0 pos_top\">\n                            <div class=\"textrepeater \" id=\"\">\n    <p>Die Weltbev&ouml;lkerung und Weltwirtschaft w&auml;chst. Menschen wollen Konsumg&uuml;ter und Nahrungsmittel. Dadurch wird immer mehr Land ben&ouml;tigt, Natur wird in &Auml;cker und Plantagen umgewandelt&#58; eine Gefahr f&uuml;r die biologische Vielfalt und ihre Leistungen f&uuml;r den Menschen (&Ouml;kosystemleistungen). Die &uuml;bliche Antwort der internationalen Politik ist die Steigerung der land- und forstwirtschaftlichen Effizienz mit technischen Mitteln. Nur&#58; Reicht das aus?<\/p>\n<p>Wissenschaftler unter der Leitung des Forschungszentrums iDiv und der Uni Halle haben ermittelt, wie sich die Landnutzung auf die biologische Vielfalt und &Ouml;kosystemleistungen auswirkt und vor allem, wie sich diese Auswirkungen &uuml;ber die Jahre ver&auml;ndert haben. Dabei untersuchten sie, welche Rolle Bev&ouml;lkerungs- und Wirtschaftswachstum beim Verlust von Biodiversit&auml;t und &Ouml;kosystemleistungen weltweit spielen. Dazu verkn&uuml;pften die Wissenschaftler Daten zu Vogelbest&auml;nden, zur Landnutzung und zur Bindung von CO2 mit &ouml;konomischen Modellen f&uuml;r den Zeitraum zwischen 2000 und 2011.<\/p>\n<p>Die Ergebnisse zeigen, dass wachsende Weltbev&ouml;lkerung und Weltwirtschaft &uuml;berall zu mehr Landnutzung f&uuml;hren. Dies zerst&ouml;rt biologische Vielfalt und &Ouml;kosystemleistungen. So erh&ouml;hte sich die Zahl der durch Landnutzung vom Aussterben bedrohten Vogelarten zwischen 2000 und 2011 um bis zu sieben Prozent. Im selben Zeitraum verlor der Planet sechs Prozent seines Potenzials, CO2 aus der Luft zu binden, da die Vegetation auf den neu entstandenen Agrarfl&auml;chen nicht so viel Kohlenstoff einlagern kann wie jene in urspr&uuml;nglichen &Ouml;kosystemen.<\/p>\n<p>Der Verlust der Artenvielfalt findet fast vollst&auml;ndig in den tropischen Regionen statt. 2011 lebten &uuml;ber 95 Prozent der durch Land- und Forstwirtschaft bedrohten Vogelarten in Mittel- und S&uuml;damerika, Afrika, Asien und im Pazifikraum. Die F&auml;higkeit der &Ouml;kosysteme zur Kohlenstoffbindung schwindet jedoch &uuml;berall auf der Erde &ndash; ein Viertel des Schwundes geht auf land- und forstwirtschaftliche Nutzung von Fl&auml;chen in Europa und Nordamerika zur&uuml;ck.<\/p>\n<p>In den ersten elf Jahren des Jahrtausends dezimierte vor allem die Rinderzucht die Artenvielfalt. Gleichzeitig nahm der Anbau von &Ouml;lsaaten massiv zu, vor allem in Asien und S&uuml;damerika. &bdquo;Das ist unter anderem eine Folge der verst&auml;rkten F&ouml;rderung von Biokraftstoffen, die dem Klimaschutz dienen soll&ldquo;, sagt der Koordinator der Studie Prof. Henrique M. Pereira. Pereira leitet die Forschungsgruppe Biodiversit&auml;t und Naturschutz beim Forschungszentrum iDiv und der Uni Halle.<\/p>\n<p>Au&szlig;erdem wollten die Forscher herausfinden, wie stark sich der Welthandel auf Biodiversit&auml;t und &Ouml;kosysteme auswirkt. Fast jeder Kauf eines Nahrungsmittels beeinflusst indirekt die Natur in der Ferne. F&uuml;r einen Hamburger etwa werden Rinder geschlachtet, die auf s&uuml;damerikanischen Weiden stehen oder in hiesigen St&auml;llen mit Soja aus S&uuml;damerika gef&uuml;ttert werden. Daf&uuml;r werden dort W&auml;lder gerodet, die urspr&uuml;ngliche Artenvielfalt wird zerst&ouml;rt. So lagern die entwickelten L&auml;nder 90 Prozent der durch Konsum von Agrarprodukten erzeugten Zerst&ouml;rungen in andere Erdteile aus. Im untersuchten Zeitraum nahm der Konsum aber auch in anderen Weltregionen rasant zu. &bdquo;Die Schwellenl&auml;nder &uuml;berholen die Industriestaaten gerade als Hauptverursacher des Biodiversit&auml;tsschwundes&ldquo;, sagt Pereira.<\/p>\n<p>Die Zerst&ouml;rungen pro erwirtschaftetem Dollar sind im Untersuchungszeitraum &uuml;berall auf der Welt zur&uuml;ckgegangen&#58; Die Landnutzung ist also effizienter geworden. &bdquo;Dennoch&nbsp;hat die Umweltzerst&ouml;rung insgesamt zugenommen&ldquo;, sagt Erstautorin Dr. Alexandra Marques vom Forschungszentrum iDiv und der Uni Halle. &bdquo;Weltbev&ouml;lkerung und Wirtschaft wachsen einfach so schnell, dass sie die erzielten Verbesserungen kompensieren.&ldquo;<\/p>\n<p>&bdquo;Das Bild, wer den Biodiversit&auml;tsverlust verursacht, hat sich also in kurzer Zeit stark ver&auml;ndert&ldquo;, schlussfolgert Henrique Pereira. &bdquo;Es ist nicht entweder der Norden oder der S&uuml;den &#8211; es sind beide.&ldquo; Das sollte aus seiner Sicht in internationalen Naturschutzverhandlungen auch ber&uuml;cksichtigt werden.<\/p>\n<p>Nach Ansicht der Wissenschaftler ist eine Verringerung des Bev&ouml;lkerungswachstums entscheidend, um die Ziele der UN-Nachhaltigkeitsagenda umzusetzen. Das k&auml;me am Ende sowohl der Gesellschaft als auch der Natur zugute. Gleichzeitig m&uuml;ssten die Industriel&auml;nder st&auml;rker die Fernverantwortung bei der Zerst&ouml;rung von Biodiversit&auml;t ber&uuml;cksichtigen sowie die Auswirkungen der eigenen Klimapolitik. &bdquo;Wir brauchen eine Umweltpolitik, die den Klimawandel und den Wandel der biologischen Vielfalt gemeinsam denkt&ldquo;, empfiehlt Pereira. <br \/>Sebastian Tilch<\/p>\n<h2>Originalpublikation&#58;<\/h2>\n<p>(iDiv-Wissenschaftler fett gedruckt)<\/p>\n<p><strong>Marques, A.<\/strong>,<strong> Martins, I.S.<\/strong>, Kastner, T., Plutzar, C., Theurl, M.C., Eisenmeger, N., Huijbregts, M.A., Wood. R., Stadler, R., Bruckner, M., <strong>Canelas, J.<\/strong>, Hilbers, J., Tukker, A., Erb, K., <strong>Pereira, H.M.<\/strong> (2019). Increasing Impacts of land use on biodiversity and carbon sequestration driven by population and economic growth. Nature Ecology and Evolution,&nbsp;<a class=external-link-new-window title=Opens external link in new window href=https&#58;\/\/www.nature.com\/articles\/s41559-019-0824-3 target=_blank>doi&#58; 10.1038\/s41559-019-0824-3.<\/a><\/p>\n<\/div>\n                            <\/div>\n                        <\/div>\n    <\/div>\n<\/div>\n\n<div class=\"textbildrepeater pb-24 pt-0 no-bg modulclass \" id=\"\">\n    <div class=\"container\">\n        <div class=\"row\">\n                                                                <div class=\"pb-24   mod_text  col-md-12 offset-md-0 pos_top\">\n                            <div class=\"textrepeater \" id=\"\">\n    <h3>Ansprechpartner:<\/h3>\n<p><strong>Dr. Tabea Turrini<\/strong><br \/>\nMedien und Kommunikation<br \/>\nDeutsches Zentrum f\u00fcr integrative Biodiversit\u00e4tsforschung (iDiv) Halle-Jena-Leipzig<\/p>\n<p><strong>Dr. Alexandra Marques<\/strong><br \/>\nDeutsches Zentrum f\u00fcr integrative Biodiversit\u00e4tsforschung (iDiv), Halle-Jena-Leipzig<br \/>\nMartin-Luther-Universit\u00e4t Halle-Wittenberg (MLU)<br \/>\nUniversit\u00e4t Leiden, Niederlande<br \/>\nE-Mail: <a href=\"m&#97;&#105;&#x6c;&#x74;&#x6f;:&#97;&#108;&#x65;&#x78;&#x61;nd&#114;&#x61;&#x2e;&#x70;en&#101;&#100;&#x6f;&#x40;&#x67;m&#97;&#105;&#x6c;&#x2e;&#x63;o&#109;\">alexandra&#46;pe&#110;&#101;&#100;&#111;&#64;&#103;&#109;&#97;&#105;&#108;&#46;&#99;&#111;&#109;<\/a><\/p>\n<p><strong>Prof. Henrique Miguel Pereira<\/strong><br \/>\nForschungsgruppenleiter Biodiversit\u00e4t und Naturschutz<br \/>\nDeutsches Zentrum f\u00fcr integrative Biodiversit\u00e4tsforschung (iDiv) Halle-Jena-Leipzig<br \/>\nMartin-Luther-Universit\u00e4t Halle-Wittenberg (MLU)<br \/>\nE-Mail: <a href=\"&#x6d;&#x61;&#x69;&#x6c;&#x74;&#x6f;&#x3a;&#x68;&#x65;&#x6e;&#x72;&#x69;&#x71;&#x75;&#x65;&#x2e;&#x70;&#x65;&#x72;&#x65;&#x69;&#x72;&#x61;&#x40;&#x69;&#x64;&#x69;&#x76;&#x2e;&#x64;&#x65;\">&#x68;&#x65;&#x6e;&#114;&#105;qu&#x65;&#x2e;&#x70;&#x65;&#114;&#101;ir&#x61;&#x40;&#x69;&#100;&#105;&#118;&#46;d&#x65;<\/a><br \/>\nWeb: <a href=\"https:\/\/www.idiv.de\/staff\/henrique-miguel-pereira\/\">www.idiv.de\/staff\/henrique-miguel-pereira\/<\/a><\/p>\n<\/div>\n                            <\/div>\n                        <\/div>\n    <\/div>\n<\/div>\n\n<div class=\"textbildrepeater pb-24 pt-0 no-bg modulclass \" id=\"\">\n    <div class=\"container\">\n        <div class=\"row\">\n                                                                <div class=\"pb-24   mod_text  col-md-12 offset-md-0 pos_top\">\n                            <div class=\"textrepeater \" id=\"\">\n    <p><em>Hinweis f\u00fcr die Medien: Die von iDiv bereitgestellten Bilder d\u00fcrfen ausschlie\u00dflich f\u00fcr die Berichterstattung im Zusammenhang mit dieser Medienmitteilung und unter Angabe des\/der Urhebers\/in verwendet werden.<\/em><\/p>\n<\/div>\n                            <\/div>\n                        <\/div>\n    <\/div>\n<\/div>","protected":false},"excerpt":{"rendered":"<p>Leipzig, Halle. Das rasante Bev&ouml;lkerungs- und Wirtschaftswachstum zerst&ouml;rt die biologische Vielfalt &ndash; vor allem in den Tropen. Das berichtet ein Forscherteam unter der Leitung des Deutschen Zentrums f&uuml;r integrative Biodiversit&auml;tsforschung (iDiv) und der Martin-Luther-Universit&auml;t Halle-Wittenberg (MLU) in Nature Ecology &amp; Evolution. Schuld daran ist die wachsende Nachfrage nach Agrarprodukten, die immer neue Anbaufl&auml;chen verlangt. Zwar wird die Landwirtschaft durch technische Fortschritte immer effizienter, doch die wachsende Zahl an Menschen macht diese Erfolge wett. Klar ist: Eine wirksame Naturschutzpolitik braucht Konzepte gegen Bev&ouml;lkerungswachstum und f&uuml;r nachhaltigen Konsum.<\/p>\n","protected":false},"author":1,"featured_media":0,"comment_status":"open","ping_status":"open","sticky":false,"template":"","format":"standard","meta":{"_acf_changed":false,"advgb_blocks_editor_width":"","advgb_blocks_columns_visual_guide":"","footnotes":"","_links_to":"","_links_to_target":""},"categories":[33,29,30],"tags":[],"class_list":["post-11754","post","type-post","status-publish","format-standard","hentry","category-biodiversitaet-und-naturschutz","category-medienmitteilung","category-top-news-de-2"],"acf":{"thumb":7353,"thumbmobile":"","copyright":"guentermanaus \u2013 stock.adobe.com","breadcrumb":true},"yoast_head":"<!-- This site is optimized with the Yoast SEO plugin v27.5 - https:\/\/yoast.com\/product\/yoast-seo-wordpress\/ -->\n<title>Biodiversit&auml;tskrise: Technische Fortschritte in der Landwirtschaft reichen als Antwort nicht aus | iDiv<\/title>\n<meta name=\"robots\" content=\"index, follow, max-snippet:-1, max-image-preview:large, max-video-preview:-1\" \/>\n<link rel=\"canonical\" href=\"https:\/\/www.idiv.de\/de\/biodiversittskrise-technische-fortschritte-in-der-landwirtschaft-reichen-als-antwort-nicht-aus\/\" \/>\n<meta property=\"og:locale\" content=\"de_DE\" \/>\n<meta property=\"og:type\" content=\"article\" \/>\n<meta property=\"og:title\" content=\"Biodiversit&auml;tskrise: Technische Fortschritte in der Landwirtschaft reichen als Antwort nicht aus | iDiv\" \/>\n<meta property=\"og:description\" content=\"Leipzig, Halle. Das rasante Bev&ouml;lkerungs- und Wirtschaftswachstum zerst&ouml;rt die biologische Vielfalt &ndash; vor allem in den Tropen. Das berichtet ein Forscherteam unter der Leitung des Deutschen Zentrums f&uuml;r integrative Biodiversit&auml;tsforschung (iDiv) und der Martin-Luther-Universit&auml;t Halle-Wittenberg (MLU) in Nature Ecology &amp; Evolution. Schuld daran ist die wachsende Nachfrage nach Agrarprodukten, die immer neue Anbaufl&auml;chen verlangt. Zwar wird die Landwirtschaft durch technische Fortschritte immer effizienter, doch die wachsende Zahl an Menschen macht diese Erfolge wett. Klar ist: Eine wirksame Naturschutzpolitik braucht Konzepte gegen Bev&ouml;lkerungswachstum und f&uuml;r nachhaltigen Konsum.\" \/>\n<meta property=\"og:url\" content=\"https:\/\/www.idiv.de\/de\/biodiversittskrise-technische-fortschritte-in-der-landwirtschaft-reichen-als-antwort-nicht-aus\/\" \/>\n<meta property=\"og:site_name\" content=\"iDiv\" \/>\n<meta property=\"article:published_time\" content=\"2019-03-03T23:00:00+00:00\" \/>\n<meta property=\"article:modified_time\" content=\"2025-05-27T11:47:53+00:00\" \/>\n<meta property=\"og:image\" content=\"https:\/\/www.idiv.de\/wp-content\/uploads\/2024\/11\/iDivSocialMediaShare.jpg\" \/>\n\t<meta property=\"og:image:width\" content=\"1200\" \/>\n\t<meta property=\"og:image:height\" content=\"675\" \/>\n\t<meta property=\"og:image:type\" content=\"image\/jpeg\" \/>\n<meta name=\"author\" content=\"admin\" \/>\n<meta name=\"twitter:card\" content=\"summary_large_image\" \/>\n<meta name=\"twitter:creator\" content=\"@idiv\" \/>\n<meta name=\"twitter:site\" content=\"@idiv\" \/>\n<script type=\"application\/ld+json\" class=\"yoast-schema-graph\">{\"@context\":\"https:\\\/\\\/schema.org\",\"@graph\":[{\"@type\":\"Article\",\"@id\":\"https:\\\/\\\/www.idiv.de\\\/de\\\/biodiversittskrise-technische-fortschritte-in-der-landwirtschaft-reichen-als-antwort-nicht-aus\\\/#article\",\"isPartOf\":{\"@id\":\"https:\\\/\\\/www.idiv.de\\\/de\\\/biodiversittskrise-technische-fortschritte-in-der-landwirtschaft-reichen-als-antwort-nicht-aus\\\/\"},\"author\":{\"name\":\"admin\",\"@id\":\"https:\\\/\\\/www.idiv.de\\\/de\\\/#\\\/schema\\\/person\\\/14228c09f1919627a633555952e15fc0\"},\"headline\":\"Biodiversit&auml;tskrise: Technische Fortschritte in der Landwirtschaft reichen als Antwort nicht aus\",\"datePublished\":\"2019-03-03T23:00:00+00:00\",\"dateModified\":\"2025-05-27T11:47:53+00:00\",\"mainEntityOfPage\":{\"@id\":\"https:\\\/\\\/www.idiv.de\\\/de\\\/biodiversittskrise-technische-fortschritte-in-der-landwirtschaft-reichen-als-antwort-nicht-aus\\\/\"},\"wordCount\":13,\"commentCount\":0,\"publisher\":{\"@id\":\"https:\\\/\\\/www.idiv.de\\\/de\\\/#organization\"},\"articleSection\":[\"Biodiversit\u00e4t und Naturschutz\",\"Medienmitteilung\",\"TOP NEWS\"],\"inLanguage\":\"de\"},{\"@type\":\"WebPage\",\"@id\":\"https:\\\/\\\/www.idiv.de\\\/de\\\/biodiversittskrise-technische-fortschritte-in-der-landwirtschaft-reichen-als-antwort-nicht-aus\\\/\",\"url\":\"https:\\\/\\\/www.idiv.de\\\/de\\\/biodiversittskrise-technische-fortschritte-in-der-landwirtschaft-reichen-als-antwort-nicht-aus\\\/\",\"name\":\"Biodiversit&auml;tskrise: Technische Fortschritte in der Landwirtschaft reichen als Antwort nicht aus | iDiv\",\"isPartOf\":{\"@id\":\"https:\\\/\\\/www.idiv.de\\\/de\\\/#website\"},\"datePublished\":\"2019-03-03T23:00:00+00:00\",\"dateModified\":\"2025-05-27T11:47:53+00:00\",\"breadcrumb\":{\"@id\":\"https:\\\/\\\/www.idiv.de\\\/de\\\/biodiversittskrise-technische-fortschritte-in-der-landwirtschaft-reichen-als-antwort-nicht-aus\\\/#breadcrumb\"},\"inLanguage\":\"de\",\"potentialAction\":[{\"@type\":\"ReadAction\",\"target\":[\"https:\\\/\\\/www.idiv.de\\\/de\\\/biodiversittskrise-technische-fortschritte-in-der-landwirtschaft-reichen-als-antwort-nicht-aus\\\/\"]}]},{\"@type\":\"BreadcrumbList\",\"@id\":\"https:\\\/\\\/www.idiv.de\\\/de\\\/biodiversittskrise-technische-fortschritte-in-der-landwirtschaft-reichen-als-antwort-nicht-aus\\\/#breadcrumb\",\"itemListElement\":[{\"@type\":\"ListItem\",\"position\":1,\"name\":\"Startseite\",\"item\":\"https:\\\/\\\/www.idiv.de\\\/de\\\/\"},{\"@type\":\"ListItem\",\"position\":2,\"name\":\"Biodiversit&auml;tskrise: Technische Fortschritte in der Landwirtschaft reichen als Antwort nicht aus\"}]},{\"@type\":\"WebSite\",\"@id\":\"https:\\\/\\\/www.idiv.de\\\/de\\\/#website\",\"url\":\"https:\\\/\\\/www.idiv.de\\\/de\\\/\",\"name\":\"iDiv\",\"description\":\"Hotspot in Biodiversity Research\",\"publisher\":{\"@id\":\"https:\\\/\\\/www.idiv.de\\\/de\\\/#organization\"},\"potentialAction\":[{\"@type\":\"SearchAction\",\"target\":{\"@type\":\"EntryPoint\",\"urlTemplate\":\"https:\\\/\\\/www.idiv.de\\\/de\\\/?s={search_term_string}\"},\"query-input\":{\"@type\":\"PropertyValueSpecification\",\"valueRequired\":true,\"valueName\":\"search_term_string\"}}],\"inLanguage\":\"de\"},{\"@type\":\"Organization\",\"@id\":\"https:\\\/\\\/www.idiv.de\\\/de\\\/#organization\",\"name\":\"idiv\",\"url\":\"https:\\\/\\\/www.idiv.de\\\/de\\\/\",\"logo\":{\"@type\":\"ImageObject\",\"inLanguage\":\"de\",\"@id\":\"https:\\\/\\\/www.idiv.de\\\/de\\\/#\\\/schema\\\/logo\\\/image\\\/\",\"url\":\"https:\\\/\\\/www.idiv.de\\\/wp-content\\\/uploads\\\/2024\\\/08\\\/iDiv_Logo_long_v1_EN_black_4c.jpg\",\"contentUrl\":\"https:\\\/\\\/www.idiv.de\\\/wp-content\\\/uploads\\\/2024\\\/08\\\/iDiv_Logo_long_v1_EN_black_4c.jpg\",\"width\":2448,\"height\":674,\"caption\":\"idiv\"},\"image\":{\"@id\":\"https:\\\/\\\/www.idiv.de\\\/de\\\/#\\\/schema\\\/logo\\\/image\\\/\"},\"sameAs\":[\"https:\\\/\\\/x.com\\\/idiv\",\"https:\\\/\\\/www.linkedin.com\\\/company\\\/idiv-biodiversity\\\/\",\"https:\\\/\\\/www.youtube.com\\\/idiv-research\"]},{\"@type\":\"Person\",\"@id\":\"https:\\\/\\\/www.idiv.de\\\/de\\\/#\\\/schema\\\/person\\\/14228c09f1919627a633555952e15fc0\",\"name\":\"admin\",\"url\":\"https:\\\/\\\/www.idiv.de\\\/de\\\/author\\\/admin\\\/\"}]}<\/script>\n<!-- \/ Yoast SEO plugin. -->","yoast_head_json":{"title":"Biodiversit&auml;tskrise: Technische Fortschritte in der Landwirtschaft reichen als Antwort nicht aus | iDiv","robots":{"index":"index","follow":"follow","max-snippet":"max-snippet:-1","max-image-preview":"max-image-preview:large","max-video-preview":"max-video-preview:-1"},"canonical":"https:\/\/www.idiv.de\/de\/biodiversittskrise-technische-fortschritte-in-der-landwirtschaft-reichen-als-antwort-nicht-aus\/","og_locale":"de_DE","og_type":"article","og_title":"Biodiversit&auml;tskrise: Technische Fortschritte in der Landwirtschaft reichen als Antwort nicht aus | iDiv","og_description":"Leipzig, Halle. Das rasante Bev&ouml;lkerungs- und Wirtschaftswachstum zerst&ouml;rt die biologische Vielfalt &ndash; vor allem in den Tropen. Das berichtet ein Forscherteam unter der Leitung des Deutschen Zentrums f&uuml;r integrative Biodiversit&auml;tsforschung (iDiv) und der Martin-Luther-Universit&auml;t Halle-Wittenberg (MLU) in Nature Ecology &amp; Evolution. Schuld daran ist die wachsende Nachfrage nach Agrarprodukten, die immer neue Anbaufl&auml;chen verlangt. Zwar wird die Landwirtschaft durch technische Fortschritte immer effizienter, doch die wachsende Zahl an Menschen macht diese Erfolge wett. Klar ist: Eine wirksame Naturschutzpolitik braucht Konzepte gegen Bev&ouml;lkerungswachstum und f&uuml;r nachhaltigen Konsum.","og_url":"https:\/\/www.idiv.de\/de\/biodiversittskrise-technische-fortschritte-in-der-landwirtschaft-reichen-als-antwort-nicht-aus\/","og_site_name":"iDiv","article_published_time":"2019-03-03T23:00:00+00:00","article_modified_time":"2025-05-27T11:47:53+00:00","og_image":[{"width":1200,"height":675,"url":"https:\/\/www.idiv.de\/wp-content\/uploads\/2024\/11\/iDivSocialMediaShare.jpg","type":"image\/jpeg"}],"author":"admin","twitter_card":"summary_large_image","twitter_creator":"@idiv","twitter_site":"@idiv","schema":{"@context":"https:\/\/schema.org","@graph":[{"@type":"Article","@id":"https:\/\/www.idiv.de\/de\/biodiversittskrise-technische-fortschritte-in-der-landwirtschaft-reichen-als-antwort-nicht-aus\/#article","isPartOf":{"@id":"https:\/\/www.idiv.de\/de\/biodiversittskrise-technische-fortschritte-in-der-landwirtschaft-reichen-als-antwort-nicht-aus\/"},"author":{"name":"admin","@id":"https:\/\/www.idiv.de\/de\/#\/schema\/person\/14228c09f1919627a633555952e15fc0"},"headline":"Biodiversit&auml;tskrise: Technische Fortschritte in der Landwirtschaft reichen als Antwort nicht aus","datePublished":"2019-03-03T23:00:00+00:00","dateModified":"2025-05-27T11:47:53+00:00","mainEntityOfPage":{"@id":"https:\/\/www.idiv.de\/de\/biodiversittskrise-technische-fortschritte-in-der-landwirtschaft-reichen-als-antwort-nicht-aus\/"},"wordCount":13,"commentCount":0,"publisher":{"@id":"https:\/\/www.idiv.de\/de\/#organization"},"articleSection":["Biodiversit\u00e4t und Naturschutz","Medienmitteilung","TOP NEWS"],"inLanguage":"de"},{"@type":"WebPage","@id":"https:\/\/www.idiv.de\/de\/biodiversittskrise-technische-fortschritte-in-der-landwirtschaft-reichen-als-antwort-nicht-aus\/","url":"https:\/\/www.idiv.de\/de\/biodiversittskrise-technische-fortschritte-in-der-landwirtschaft-reichen-als-antwort-nicht-aus\/","name":"Biodiversit&auml;tskrise: Technische Fortschritte in der Landwirtschaft reichen als Antwort nicht aus | iDiv","isPartOf":{"@id":"https:\/\/www.idiv.de\/de\/#website"},"datePublished":"2019-03-03T23:00:00+00:00","dateModified":"2025-05-27T11:47:53+00:00","breadcrumb":{"@id":"https:\/\/www.idiv.de\/de\/biodiversittskrise-technische-fortschritte-in-der-landwirtschaft-reichen-als-antwort-nicht-aus\/#breadcrumb"},"inLanguage":"de","potentialAction":[{"@type":"ReadAction","target":["https:\/\/www.idiv.de\/de\/biodiversittskrise-technische-fortschritte-in-der-landwirtschaft-reichen-als-antwort-nicht-aus\/"]}]},{"@type":"BreadcrumbList","@id":"https:\/\/www.idiv.de\/de\/biodiversittskrise-technische-fortschritte-in-der-landwirtschaft-reichen-als-antwort-nicht-aus\/#breadcrumb","itemListElement":[{"@type":"ListItem","position":1,"name":"Startseite","item":"https:\/\/www.idiv.de\/de\/"},{"@type":"ListItem","position":2,"name":"Biodiversit&auml;tskrise: Technische Fortschritte in der Landwirtschaft reichen als Antwort nicht aus"}]},{"@type":"WebSite","@id":"https:\/\/www.idiv.de\/de\/#website","url":"https:\/\/www.idiv.de\/de\/","name":"iDiv","description":"Hotspot in Biodiversity Research","publisher":{"@id":"https:\/\/www.idiv.de\/de\/#organization"},"potentialAction":[{"@type":"SearchAction","target":{"@type":"EntryPoint","urlTemplate":"https:\/\/www.idiv.de\/de\/?s={search_term_string}"},"query-input":{"@type":"PropertyValueSpecification","valueRequired":true,"valueName":"search_term_string"}}],"inLanguage":"de"},{"@type":"Organization","@id":"https:\/\/www.idiv.de\/de\/#organization","name":"idiv","url":"https:\/\/www.idiv.de\/de\/","logo":{"@type":"ImageObject","inLanguage":"de","@id":"https:\/\/www.idiv.de\/de\/#\/schema\/logo\/image\/","url":"https:\/\/www.idiv.de\/wp-content\/uploads\/2024\/08\/iDiv_Logo_long_v1_EN_black_4c.jpg","contentUrl":"https:\/\/www.idiv.de\/wp-content\/uploads\/2024\/08\/iDiv_Logo_long_v1_EN_black_4c.jpg","width":2448,"height":674,"caption":"idiv"},"image":{"@id":"https:\/\/www.idiv.de\/de\/#\/schema\/logo\/image\/"},"sameAs":["https:\/\/x.com\/idiv","https:\/\/www.linkedin.com\/company\/idiv-biodiversity\/","https:\/\/www.youtube.com\/idiv-research"]},{"@type":"Person","@id":"https:\/\/www.idiv.de\/de\/#\/schema\/person\/14228c09f1919627a633555952e15fc0","name":"admin","url":"https:\/\/www.idiv.de\/de\/author\/admin\/"}]}},"author_meta":{"display_name":"admin","author_link":"https:\/\/www.idiv.de\/de\/author\/admin\/"},"featured_img":null,"coauthors":[],"tax_additional":{"categories":{"linked":["<a href=\"https:\/\/www.idiv.de\/de\/kategorie\/forschung\/biodiversitaet-und-naturschutz\/\" class=\"advgb-post-tax-term\">Biodiversit\u00e4t und Naturschutz<\/a>","<a href=\"https:\/\/www.idiv.de\/de\/kategorie\/medienmitteilung\/\" class=\"advgb-post-tax-term\">Medienmitteilung<\/a>","<a href=\"https:\/\/www.idiv.de\/de\/kategorie\/top-news-de-2\/\" class=\"advgb-post-tax-term\">TOP NEWS<\/a>"],"unlinked":["<span class=\"advgb-post-tax-term\">Biodiversit\u00e4t und Naturschutz<\/span>","<span class=\"advgb-post-tax-term\">Medienmitteilung<\/span>","<span class=\"advgb-post-tax-term\">TOP NEWS<\/span>"]}},"comment_count":0,"relative_dates":{"created":"Ver\u00f6ffentlicht 7\u00a0Jahren vor","modified":"Aktualisiert 11\u00a0Monaten vor"},"absolute_dates":{"created":"Ver\u00f6ffentlicht am 4. M\u00e4rz 2019","modified":"Aktualisiert am 27. Mai 2025"},"absolute_dates_time":{"created":"Ver\u00f6ffentlicht am 4. M\u00e4rz 2019 0:00","modified":"Aktualisiert am 27. Mai 2025 12:47"},"featured_img_caption":"","series_order":"","_links":{"self":[{"href":"https:\/\/www.idiv.de\/de\/wp-json\/wp\/v2\/posts\/11754","targetHints":{"allow":["GET"]}}],"collection":[{"href":"https:\/\/www.idiv.de\/de\/wp-json\/wp\/v2\/posts"}],"about":[{"href":"https:\/\/www.idiv.de\/de\/wp-json\/wp\/v2\/types\/post"}],"author":[{"embeddable":true,"href":"https:\/\/www.idiv.de\/de\/wp-json\/wp\/v2\/users\/1"}],"replies":[{"embeddable":true,"href":"https:\/\/www.idiv.de\/de\/wp-json\/wp\/v2\/comments?post=11754"}],"version-history":[{"count":3,"href":"https:\/\/www.idiv.de\/de\/wp-json\/wp\/v2\/posts\/11754\/revisions"}],"predecessor-version":[{"id":31123,"href":"https:\/\/www.idiv.de\/de\/wp-json\/wp\/v2\/posts\/11754\/revisions\/31123"}],"wp:attachment":[{"href":"https:\/\/www.idiv.de\/de\/wp-json\/wp\/v2\/media?parent=11754"}],"wp:term":[{"taxonomy":"category","embeddable":true,"href":"https:\/\/www.idiv.de\/de\/wp-json\/wp\/v2\/categories?post=11754"},{"taxonomy":"post_tag","embeddable":true,"href":"https:\/\/www.idiv.de\/de\/wp-json\/wp\/v2\/tags?post=11754"}],"curies":[{"name":"wp","href":"https:\/\/api.w.org\/{rel}","templated":true}]}}