{"id":11652,"date":"2017-12-21T00:00:00","date_gmt":"2017-12-20T23:00:00","guid":{"rendered":"https:\/\/idiv.caf-dev.de\/klimawandel-selbstverstrkender-effekt-nicht-durch-bodentiere-erklrbar\/"},"modified":"2025-07-07T11:03:53","modified_gmt":"2025-07-07T10:03:53","slug":"klimawandel-selbstverstaerkender-effekt-nicht-durch-bodentiere-erklaerbar","status":"publish","type":"post","link":"https:\/\/www.idiv.de\/de\/klimawandel-selbstverstaerkender-effekt-nicht-durch-bodentiere-erklaerbar\/","title":{"rendered":"Klimawandel: Selbstverst\u00e4rkender Effekt nicht durch Bodentiere erkl\u00e4rbar"},"content":{"rendered":"<div class=\"herosection pb-24 pt-0 no-bg modulclass \" id=\"\">\n                    <div class=\"swiper1noslider  nooverflow swiper \" id=\"slide_69f2d532a3a25\">\n        \n                <div class=\"swiper-wrapper\">\n                                            <div class=\"swiper-slide  style_ \" aria-hidden=\"true\" >\n                            <div class=\"backstretchwrap\">\n                        \n                            <div datasrc=\"https:\/\/www.idiv.de\/wp-content\/uploads\/2024\/08\/pic_3bfa9cbd0d20171219121326.jpg\" class=\"backstretchimg responsiv desktop\"><\/div>\n\n                            <a href=\"#\" class=\"cr\"><svg  xmlns=\"http:\/\/www.w3.org\/2000\/svg\" width=\"22\" height=\"22\" viewBox=\"0 0 22 22\">\n                                    <rect id=\"BG\" width=\"22\" height=\"22\" rx=\"11\" fill=\"#fff\"\/>\n                                    <g id=\"Wrapper\" transform=\"translate(-1 -1)\">\n                                        <g id=\"Icon_material-copyright\" data-name=\"Icon material-copyright\">\n                                            <circle id=\"Ellipse_30\" data-name=\"Ellipse 30\" cx=\"8\" cy=\"8\" r=\"8\" transform=\"translate(4 4)\" fill=\"#fff\"\/>\n                                            <path id=\"Icon_material-copyright-2\" data-name=\"Icon material-copyright\" d=\"M9.464,10.088a2.045,2.045,0,0,1,.24-.7,1.4,1.4,0,0,1,.472-.5,1.42,1.42,0,0,1,.728-.184,1.45,1.45,0,0,1,.5.1,1.29,1.29,0,0,1,.416.288,1.54,1.54,0,0,1,.272.424,1.4,1.4,0,0,1,.112.512H13.64a2.864,2.864,0,0,0-.224-1.032,2.4,2.4,0,0,0-.56-.808,2.613,2.613,0,0,0-.864-.528,3.09,3.09,0,0,0-1.112-.184,3.127,3.127,0,0,0-1.36.272,2.751,2.751,0,0,0-.96.736,3.007,3.007,0,0,0-.568,1.088A4.685,4.685,0,0,0,7.8,10.9v.216a4.684,4.684,0,0,0,.184,1.312,2.908,2.908,0,0,0,.568,1.08,2.731,2.731,0,0,0,.96.728,3.246,3.246,0,0,0,1.36.272,3.051,3.051,0,0,0,1.056-.184,2.729,2.729,0,0,0,.864-.5,2.442,2.442,0,0,0,.592-.752,2.153,2.153,0,0,0,.24-.92H12.192a1.139,1.139,0,0,1-.12.464,1.177,1.177,0,0,1-.288.368,1.26,1.26,0,0,1-.416.24,1.589,1.589,0,0,1-.48.08,1.359,1.359,0,0,1-.712-.184,1.4,1.4,0,0,1-.472-.5,2.09,2.09,0,0,1-.24-.7,5.392,5.392,0,0,1-.064-.8V10.9a5.33,5.33,0,0,1,.064-.808ZM11,3a8,8,0,1,0,8,8A8,8,0,0,0,11,3Zm0,14.4A6.4,6.4,0,1,1,17.4,11,6.408,6.408,0,0,1,11,17.4Z\" transform=\"translate(1 1)\" fill=\"#4d4d4d\"\/>\n                                        <\/g>\n                                    <\/g>\n                                <\/svg>\n                                <span>Sarah Zieger<\/span><\/a>                        \n                                                    <\/div>\n                                        <div class=\"sliderinhalt \" role=\"region\" aria-label=\"carousel\">\n\n                                            <h1 class=\"h1 tleft\" >Klimawandel: Selbstverst&auml;rkender Effekt nicht durch Bodentiere erkl&auml;rbar<\/h1>                                                    <p style=\"text-align: center;\">Studie stellt bisherige Annahmen zu R\u00fcckkopplung bei Erw\u00e4rmung infrage.<\/p>\n                                                \n                                                                                                            <\/div>\n                                            <\/div>\n\n                        \n                 <\/div>\n\n                              <\/div>\n<\/div>\n\n<div class=\"textbildrepeater pb-24 pt-0 no-bg modulclass \" id=\"\">\n    <div class=\"container\">\n        <div class=\"row\">\n                                                                <div class=\"pb-24   mod_text  col-md-6 offset-md-0 pos_top\">\n                            <div class=\"textrepeater \" id=\"\">\n    <p>21.12.2017 | Experimental Interaction Ecology, TOP NEWS<\/p>\n<\/div>\n                            <\/div>\n                        <\/div>\n    <\/div>\n<\/div>\n\n<div class=\"textbildrepeater pb-24 pt-0 no-bg modulclass \" id=\"\">\n    <div class=\"container\">\n        <div class=\"row\">\n                                                                <div class=\"pb-24   mod_text  col-md-12 offset-md-0 pos_top\">\n                            <div class=\"textrepeater \" id=\"\">\n    <p><strong>Leipzig. Wenn sich Erdboden erw&auml;rmt, setzt er vermehrt Kohlendioxid (CO<sub>2<\/sub>) frei &ndash; ein Effekt, der den Klimawandel zus&auml;tzlich anheizt. Bisher hatte man angenommen, der Grund hierf&uuml;r sei vor allem in kleinen Bodentieren und Mikroorganismen zu suchen, die bei w&auml;rmeren Temperaturen mehr fressen und atmen w&uuml;rden. Eine neue Studie in Nature Climate Change zeigt jedoch, dass dies nicht zutrifft. Im Gegenteil&#58; Kommt zur W&auml;rme auch noch Trockenheit hinzu, fressen die Bodentiere sogar weniger. Um die Vorhersagekraft von Klimamodellen zu verbessern, sei es nun dringend notwendig, die biologischen Vorg&auml;nge im Boden besser zu erforschen, so die Wissenschaftler.<\/strong><\/p>\n<\/div>\n                            <\/div>\n                        <\/div>\n    <\/div>\n<\/div>\n\n<div class=\"textbildrepeater pb-24 pt-0 no-bg modulclass \" id=\"\">\n    <div class=\"container\">\n        <div class=\"row\">\n                                                                <div class=\"pb-24   mod_bild  col-md-5 offset-md-0 pos_top\">\n                            <div class=\"bildrepeater \" id=\"\">\n    <div class=\"relativ\"><img decoding=\"async\" class=\"responsiv desktop\" src=\"https:\/\/www.idiv.de\/wp-content\/uploads\/2024\/08\/pic_4a863b092c20171219121446.jpg\" height=\"\" width=\"\" alt=\"idiv-\"\/><img decoding=\"async\" class=\"responsiv mobile\" src=\"https:\/\/www.idiv.de\/wp-content\/uploads\/2024\/08\/pic_4a863b092c20171219121446.jpg\" height=\"\" width=\"\" alt=\"idiv-\"\/><a href=\"#\" class=\"cr\" role=\"button\">\n<svg  xmlns=\"http:\/\/www.w3.org\/2000\/svg\" width=\"22\" height=\"22\" viewBox=\"0 0 22 22\">\n    <rect id=\"BG\" width=\"22\" height=\"22\" rx=\"11\" fill=\"#fff\"\/>\n    <g id=\"Wrapper\" transform=\"translate(-1 -1)\">\n        <g id=\"Icon_material-copyright\" data-name=\"Icon material-copyright\">\n            <circle id=\"Ellipse_30\" data-name=\"Ellipse 30\" cx=\"8\" cy=\"8\" r=\"8\" transform=\"translate(4 4)\" fill=\"#fff\"\/>\n            <path id=\"Icon_material-copyright-2\" data-name=\"Icon material-copyright\" d=\"M9.464,10.088a2.045,2.045,0,0,1,.24-.7,1.4,1.4,0,0,1,.472-.5,1.42,1.42,0,0,1,.728-.184,1.45,1.45,0,0,1,.5.1,1.29,1.29,0,0,1,.416.288,1.54,1.54,0,0,1,.272.424,1.4,1.4,0,0,1,.112.512H13.64a2.864,2.864,0,0,0-.224-1.032,2.4,2.4,0,0,0-.56-.808,2.613,2.613,0,0,0-.864-.528,3.09,3.09,0,0,0-1.112-.184,3.127,3.127,0,0,0-1.36.272,2.751,2.751,0,0,0-.96.736,3.007,3.007,0,0,0-.568,1.088A4.685,4.685,0,0,0,7.8,10.9v.216a4.684,4.684,0,0,0,.184,1.312,2.908,2.908,0,0,0,.568,1.08,2.731,2.731,0,0,0,.96.728,3.246,3.246,0,0,0,1.36.272,3.051,3.051,0,0,0,1.056-.184,2.729,2.729,0,0,0,.864-.5,2.442,2.442,0,0,0,.592-.752,2.153,2.153,0,0,0,.24-.92H12.192a1.139,1.139,0,0,1-.12.464,1.177,1.177,0,0,1-.288.368,1.26,1.26,0,0,1-.416.24,1.589,1.589,0,0,1-.48.08,1.359,1.359,0,0,1-.712-.184,1.4,1.4,0,0,1-.472-.5,2.09,2.09,0,0,1-.24-.7,5.392,5.392,0,0,1-.064-.8V10.9a5.33,5.33,0,0,1,.064-.808ZM11,3a8,8,0,1,0,8,8A8,8,0,0,0,11,3Zm0,14.4A6.4,6.4,0,1,1,17.4,11,6.408,6.408,0,0,1,11,17.4Z\" transform=\"translate(1 1)\" fill=\"#4d4d4d\"\/>\n        <\/g>\n    <\/g>\n<\/svg>\n<span>Sarah Zieger<\/span><\/a><\/div><p class=\"bu\">Springschw&auml;nze sind winzige Insekten, die im Boden leben und sich von abgestorbenem organischen Material ern&auml;hren. Auf der Abbildung ist ein Kugelspringer zu sehen.<\/p><\/div>\n                            <\/div>\n                                                                    <div class=\"pb-24   mod_bild  col-md-5 offset-md-2 pos_top\">\n                            <div class=\"bildrepeater \" id=\"\">\n    <div class=\"relativ\"><img decoding=\"async\" class=\"responsiv desktop\" src=\"https:\/\/www.idiv.de\/wp-content\/uploads\/2024\/08\/pic_5180fe75db20171219121548.jpg\" height=\"\" width=\"\" alt=\"idiv-\"\/><img decoding=\"async\" class=\"responsiv mobile\" src=\"https:\/\/www.idiv.de\/wp-content\/uploads\/2024\/08\/pic_5180fe75db20171219121548.jpg\" height=\"\" width=\"\" alt=\"idiv-\"\/><a href=\"#\" class=\"cr\" role=\"button\">\n<svg  xmlns=\"http:\/\/www.w3.org\/2000\/svg\" width=\"22\" height=\"22\" viewBox=\"0 0 22 22\">\n    <rect id=\"BG\" width=\"22\" height=\"22\" rx=\"11\" fill=\"#fff\"\/>\n    <g id=\"Wrapper\" transform=\"translate(-1 -1)\">\n        <g id=\"Icon_material-copyright\" data-name=\"Icon material-copyright\">\n            <circle id=\"Ellipse_30\" data-name=\"Ellipse 30\" cx=\"8\" cy=\"8\" r=\"8\" transform=\"translate(4 4)\" fill=\"#fff\"\/>\n            <path id=\"Icon_material-copyright-2\" data-name=\"Icon material-copyright\" d=\"M9.464,10.088a2.045,2.045,0,0,1,.24-.7,1.4,1.4,0,0,1,.472-.5,1.42,1.42,0,0,1,.728-.184,1.45,1.45,0,0,1,.5.1,1.29,1.29,0,0,1,.416.288,1.54,1.54,0,0,1,.272.424,1.4,1.4,0,0,1,.112.512H13.64a2.864,2.864,0,0,0-.224-1.032,2.4,2.4,0,0,0-.56-.808,2.613,2.613,0,0,0-.864-.528,3.09,3.09,0,0,0-1.112-.184,3.127,3.127,0,0,0-1.36.272,2.751,2.751,0,0,0-.96.736,3.007,3.007,0,0,0-.568,1.088A4.685,4.685,0,0,0,7.8,10.9v.216a4.684,4.684,0,0,0,.184,1.312,2.908,2.908,0,0,0,.568,1.08,2.731,2.731,0,0,0,.96.728,3.246,3.246,0,0,0,1.36.272,3.051,3.051,0,0,0,1.056-.184,2.729,2.729,0,0,0,.864-.5,2.442,2.442,0,0,0,.592-.752,2.153,2.153,0,0,0,.24-.92H12.192a1.139,1.139,0,0,1-.12.464,1.177,1.177,0,0,1-.288.368,1.26,1.26,0,0,1-.416.24,1.589,1.589,0,0,1-.48.08,1.359,1.359,0,0,1-.712-.184,1.4,1.4,0,0,1-.472-.5,2.09,2.09,0,0,1-.24-.7,5.392,5.392,0,0,1-.064-.8V10.9a5.33,5.33,0,0,1,.064-.808ZM11,3a8,8,0,1,0,8,8A8,8,0,0,0,11,3Zm0,14.4A6.4,6.4,0,1,1,17.4,11,6.408,6.408,0,0,1,11,17.4Z\" transform=\"translate(1 1)\" fill=\"#4d4d4d\"\/>\n        <\/g>\n    <\/g>\n<\/svg>\n<span>Julia Siebert<\/span><\/a><\/div><p class=\"bu\">Wie viel die Tiere fressen haben die Forscher mit so genannten K&ouml;derstreifen (Englisch: bait lamina strips) gemessen.<\/p><\/div>\n                            <\/div>\n                        <\/div>\n    <\/div>\n<\/div>\n\n<div class=\"textbildrepeater pb-24 pt-0 no-bg modulclass \" id=\"\">\n    <div class=\"container\">\n        <div class=\"row\">\n                                                                <div class=\"pb-24   mod_text  col-md-12 offset-md-0 pos_top\">\n                            <div class=\"textrepeater \" id=\"\">\n    <p>Dass sich das Klima weltweit &auml;ndert, liegt vor allem daran, dass der Mensch fossile Brennstoffe nutzt. Dadurch gelangen gro&szlig;e Mengen an Kohlendioxid (CO<sub>2<\/sub>) in die Erdatmosph&auml;re. Zus&auml;tzlich verst&auml;rkt sich der Klimawandel aber auch selbst, denn durch die Erderw&auml;rmung &auml;ndert sich auch der nat&uuml;rliche Kohlenstoffkreislauf. Zwar wird auf der Erde st&auml;ndig Kohlenstoff von festen Verbindungen in gasf&ouml;rmiges CO<sub>2<\/sub> umgewandelt und umgekehrt &ndash; doch w&auml;rmere Temperaturen k&ouml;nnen dazu f&uuml;hren, dass dem Boden noch mehr Kohlenstoff in Form von CO<sub>2<\/sub> entweicht und in die Erdatmosph&auml;re gelangt&#58; ein R&uuml;ckkopplungs-Effekt.<\/p>\n<p>Bisher waren Wissenschaftler davon ausgegangen, dieser Effekt liege vor allem an jenen kleinen Tieren und Mikroorganismen im Boden, die sich von abgestorbenem organischen Material ern&auml;hren, etwa von heruntergefallenen Bl&auml;ttern. Denn wenn sie ihre Nahrung &bdquo;verbrennen&ldquo;, wird CO<sub>2<\/sub> frei (&bdquo;Atmung&ldquo;). Bei w&auml;rmeren Temperaturen, so hatte man angenommen, w&uuml;rden zersetzende Insekten und W&uuml;rmer mehr fressen. Schlie&szlig;lich handelt sich um wechselwarme Tiere, deren K&ouml;rpertemperatur und Aktivit&auml;t von der Umgebung abh&auml;ngt. Auch Bakterien und einzellige Pilze seien bei w&auml;rmeren Temperaturen aktiver, so die bisherige Erkl&auml;rung. Doch nun stellt eine neue Studie diese Annahme in Frage. Ein Forscherteam unter Federf&uuml;hrung des Deutschen Zentrums f&uuml;r integrative Biodiversit&auml;tsforschung (iDiv) und der Universit&auml;t Leipzig hat in einem Experiment die Erw&auml;rmung des Bodens im Wald simuliert und &uuml;berraschend festgestellt&#58; Auf die Fressaktivit&auml;t der Bodentiere haben die w&auml;rmeren Temperaturen keinen Einfluss. Als die Forscher zus&auml;tzlich zur Erw&auml;rmung noch einen zweiten Effekt des Klimawandels simulierten, n&auml;mlich Trockenheit, waren die Ergebnisse sogar umgekehrt als erwartet&#58; Die Bodentiere fra&szlig;en weniger, und auch bei den Mikroorganismen im Boden ging die Atmung (CO<sub>2<\/sub>-Produktion) zur&uuml;ck &ndash; ein Hinweis, dass sie ebenfalls weniger Nahrung aufnahmen.<\/p>\n<p>Warum diese Resultate von gro&szlig;er Relevanz sind, erkl&auml;rt Dr. Madhav P. Thakur, Erstautor der Studie&#58; &bdquo;Der R&uuml;ckkopplungs-Effekt, dass Erw&auml;rmung die Freisetzung von weiterem CO<sub>2<\/sub> aus dem Boden verst&auml;rkt, spielt eine wichtige Rolle in Vorhersage-Modellen zum Klima. Daher ist es wichtig zu verstehen, wie er zustande kommt. Unsere Ergebnisse weisen darauf hin, dass die R&uuml;ckkopplung nicht an den Bodentieren liegt, im Gegenteil&#58; Deren Rolle scheint genau umgekehrt zu sein wie erwartet, zumindest wenn Erw&auml;rmung und Trockenheit zusammenkommen.&ldquo; Der Seniorautor der Studie, Professor Nico Eisenhauer, sagt&#58; &bdquo;Am wahrscheinlichsten ist es, dass anstatt der Bodentiere und Mikroorganismen die Pflanzen f&uuml;r den R&uuml;ckkopplungs-Effekt verantwortlich sind, denn auch sie atmen mit ihren Wurzeln. Um die Aussagekraft von Klimamodellen zu verbessern m&uuml;ssen wir die Abl&auml;ufe im Boden nun dringend besser verstehen&ldquo;. Immerhin w&uuml;rde ein Gro&szlig;teil des auf der Erde vorhandenen Kohlenstoffs im Boden stecken.<\/p>\n<p>Die Studie wurde innerhalb eines Langzeit-Experiments zum Klimawandel in Minnesota in den USA durchgef&uuml;hrt. Im Projekt &bdquo;B4WarmED&ldquo; (Boreal Forest Warming at an Ecotone in Danger) erw&auml;rmen Wissenschaftler in W&auml;ldern verschiedene Parzellen k&uuml;nstlich um 3,4 &deg;C. Zus&auml;tzlich reduzieren sie stellenweise Regen um 40 % indem sie bei Regenwetter Zelte aufstellen. Wie viel die zersetzenden Bodentiere bei den verschiedenen Versuchsanordnungen fra&szlig;en, haben die Wissenschaftler mit so genannten &bdquo;K&ouml;der-Streifen&ldquo; (Englisch&#58; bait lamina strips) gemessen&#58;&nbsp;Kleine St&auml;bchen, die mit L&ouml;chern versehen waren, in welche die Forscher ein Substrat f&uuml;llten, das der normalen Nahrung der Zersetzer &auml;hnelt. Diese St&auml;bchen steckten sie tief in den Boden. Alle zwei Wochen kontrollierten sie, wie viel Substrat aufgefressen war. Insgesamt haben die Forscher &uuml;ber vier Jahre mehr als 40 Messungen durchgef&uuml;hrt. Es ist die erste Studie dieses Umfangs, die die Auswirkungen von Erw&auml;rmung und Trockenheit auf zersetzende Bodentiere untersucht. Zus&auml;tzlich &uuml;berpr&uuml;ften die Forscher die Atmung der Boden-Mikroorganismen indem sie in kleinen Boden-Bereichen Pflanzenwurzeln mit einem Metallring ausschlossen und dann mit einem Gas-Analyseger&auml;t ma&szlig;en, wie viel CO<sub>2<\/sub> aus dem Boden entwich. Tabea Turrini<\/p>\n<p><strong><br \/><\/strong><\/p>\n<p><strong><br \/><\/strong><\/p>\n<p><strong><br \/><\/strong><\/p>\n<p><strong>Originalpublikation&#58;<\/strong><\/p>\n<p>Madhav P. Thakur, Peter B. Reich, Sarah E. Hobbie, Artur Stefanski, Roy Rich, Karen E. Rice, William C. Eddy, Nico Eisenhauer (2017)&#58; Reduced feeding activity of soil detritivores under warmer and drier conditions. Nature Climate Change. <a href=https&#58;\/\/www.nature.com\/articles\/s41558-017-0032-6>doi&#58;10.1038\/s41558-017-0032-6<\/a><\/p>\n<p>&nbsp;<\/p>\n<p><strong>&nbsp;<\/strong><\/p>\n<p><strong>Finanzierung&#58;<\/strong><\/p>\n<p>Deutsche Forschungsgemeinschaft im Rahmen einer Emmy-Noether-Forschungsgruppe (Ei 862\/2), Europ&auml;ischer Forschungsrat im Rahmen des Forschungs- und Innovationsprogramms Horizon der Europ&auml;ischen Union (grant agreement number 677232), Deutsches Zentrum f&uuml;r integrative Biodiversit&auml;tsforschung Halle&ndash;Jena&ndash;Leipzig gef&ouml;rdert durch die Deutsche Forschungsgemeinschaft DFG (FZT 118), das B4WarmED Projekt wird gef&ouml;rdert durch das US Department of Energy (Grant number DE-FG02-07ER64456) und das College of Food, Agricultural and Natural Resource Sciences an der University of Minnesota.<\/p>\n<\/div>\n                            <\/div>\n                        <\/div>\n    <\/div>\n<\/div>\n\n<div class=\"textbildrepeater pb-24 pt-0 no-bg modulclass \" id=\"\">\n    <div class=\"container\">\n        <div class=\"row\">\n                                                                <div class=\"pb-24   mod_text  col-md-12 offset-md-0 pos_top\">\n                            <div class=\"textrepeater \" id=\"\">\n    <h3>Ansprechpartner:<\/h3>\n<p><strong>Dr. Volker Hahn<\/strong><br \/>\nDeutsches Zentrum f\u00fcr integrative Biodiversit\u00e4tsforschung (iDiv)<br \/>\nMedien und Kommunikation<br \/>\nTel.: +49 341 9733154<br \/>\nE-Mail: <a href=\"&#x6d;&#x61;&#105;l&#x74;&#x6f;&#x3a;&#118;o&#x6c;&#x6b;&#x65;&#114;&#46;&#x68;&#x61;&#x68;&#110;&#64;&#x69;&#x64;&#x69;&#118;&#46;&#x64;&#x65;\">&#x76;o&#x6c;&#107;&#x65;&#x72;&#46;&#x68;&#97;&#x68;&#x6e;&#64;&#x69;&#100;&#x69;&#x76;&#46;&#x64;&#101;<\/a><\/p>\n<p><strong>Prof. Nico Eisenhauer<\/strong><br \/>\nUniversit\u00e4t Leipzig<br \/>\nLeiter der Abteilung Experimentelle Interaktions\u00f6kologie, Deutsches Zentrum f\u00fcr integrative Biodiversit\u00e4tsforschung (iDiv)<br \/>\nTel.: +49 341 9733167<br \/>\nE-Mail: <a href=\"&#109;&#x61;&#105;&#x6c;t&#x6f;:&#110;&#x69;&#99;&#x6f;&#46;&#x65;i&#115;&#x65;&#110;&#x68;a&#x75;e&#114;&#x40;&#105;&#x64;i&#x76;&#46;&#100;&#x65;\">&#x6e;&#x69;&#x63;&#x6f;&#x2e;&#x65;&#x69;&#x73;&#x65;&#x6e;&#x68;&#x61;&#x75;&#x65;&#x72;&#x40;&#x69;&#x64;&#x69;&#x76;&#x2e;&#x64;&#101;<\/a><\/p>\n<p><strong>Dr. Madhav P. Thakur<\/strong><br \/>\nUniversit\u00e4t Leipzig<br \/>\nPostdoktorand in der Abteilung Experimentelle Interaktions\u00f6kologie, Deutsches Zentrum f\u00fcr integrative Biodiversit\u00e4tsforschung (iDiv)<br \/>\nTel.: Mobilnummer bitte bei iDiv Medien und Kommunikation erfragen.<br \/>\nE-Mail: <a href=\"mailto:m&#97;&#100;&#104;&#97;&#118;&#46;&#116;&#104;&#97;&#107;&#x75;&#x72;&#x40;&#x69;&#x64;&#x69;&#x76;&#x2e;&#x64;&#x65;\">ma&#100;&#104;&#x61;&#x76;&#x2e;&#x74;ha&#107;&#117;&#x72;&#x40;&#x69;&#x64;iv&#46;&#100;&#101;<\/a><\/p>\n<\/div>\n                            <\/div>\n                        <\/div>\n    <\/div>\n<\/div>\n\n<div class=\"textbildrepeater pb-24 pt-0 no-bg modulclass \" id=\"\">\n    <div class=\"container\">\n        <div class=\"row\">\n                                                                <div class=\"pb-24   mod_text  col-md-12 offset-md-0 pos_top\">\n                            <div class=\"textrepeater \" id=\"\">\n    <p><em>Hinweis f\u00fcr die Medien: Die von iDiv bereitgestellten Bilder d\u00fcrfen ausschlie\u00dflich f\u00fcr die Berichterstattung im Zusammenhang mit dieser Medienmitteilung und unter Angabe des\/der Urhebers\/in verwendet werden.<\/em><\/p>\n<\/div>\n                            <\/div>\n                        <\/div>\n    <\/div>\n<\/div>","protected":false},"excerpt":{"rendered":"<p>Leipzig. Wenn sich Erdboden erw&auml;rmt, setzt er vermehrt Kohlendioxid (CO2) frei &ndash; ein Effekt, der den Klimawandel zus&auml;tzlich anheizt. Bisher hatte man angenommen, der Grund hierf&uuml;r sei vor allem in kleinen Bodentieren und Mikroorganismen zu suchen, die bei w&auml;rmeren Temperaturen mehr fressen und atmen w&uuml;rden. Eine neue Studie in Nature Climate Change zeigt jedoch, dass dies nicht zutrifft. Im Gegenteil: Kommt zur W&auml;rme auch noch Trockenheit hinzu, fressen die Bodentiere sogar weniger. Um die Vorhersagekraft von Klimamodellen zu verbessern, sei es nun dringend notwendig, die biologischen Vorg&auml;nge im Boden besser zu erforschen, so die Wissenschaftler.<\/p>\n","protected":false},"author":1,"featured_media":0,"comment_status":"open","ping_status":"open","sticky":false,"template":"","format":"standard","meta":{"_acf_changed":false,"advgb_blocks_editor_width":"","advgb_blocks_columns_visual_guide":"","footnotes":"","_links_to":"","_links_to_target":""},"categories":[35,29,30],"tags":[],"class_list":["post-11652","post","type-post","status-publish","format-standard","hentry","category-experimentelle-interaktionsoekologie","category-medienmitteilung","category-top-news-de-2"],"acf":{"thumb":7543,"thumbmobile":"","copyright":"Sarah Zieger","breadcrumb":true},"yoast_head":"<!-- This site is optimized with the Yoast SEO plugin v27.5 - https:\/\/yoast.com\/product\/yoast-seo-wordpress\/ -->\n<title>Klimawandel: Selbstverst\u00e4rkender Effekt nicht durch Bodentiere erkl\u00e4rbar | iDiv<\/title>\n<meta name=\"robots\" content=\"index, follow, max-snippet:-1, max-image-preview:large, max-video-preview:-1\" \/>\n<link rel=\"canonical\" href=\"https:\/\/www.idiv.de\/de\/klimawandel-selbstverstaerkender-effekt-nicht-durch-bodentiere-erklaerbar\/\" \/>\n<meta property=\"og:locale\" content=\"de_DE\" \/>\n<meta property=\"og:type\" content=\"article\" \/>\n<meta property=\"og:title\" content=\"Klimawandel: Selbstverst\u00e4rkender Effekt nicht durch Bodentiere erkl\u00e4rbar | iDiv\" \/>\n<meta property=\"og:description\" content=\"Leipzig. Wenn sich Erdboden erw&auml;rmt, setzt er vermehrt Kohlendioxid (CO2) frei &ndash; ein Effekt, der den Klimawandel zus&auml;tzlich anheizt. Bisher hatte man angenommen, der Grund hierf&uuml;r sei vor allem in kleinen Bodentieren und Mikroorganismen zu suchen, die bei w&auml;rmeren Temperaturen mehr fressen und atmen w&uuml;rden. Eine neue Studie in Nature Climate Change zeigt jedoch, dass dies nicht zutrifft. Im Gegenteil: Kommt zur W&auml;rme auch noch Trockenheit hinzu, fressen die Bodentiere sogar weniger. Um die Vorhersagekraft von Klimamodellen zu verbessern, sei es nun dringend notwendig, die biologischen Vorg&auml;nge im Boden besser zu erforschen, so die Wissenschaftler.\" \/>\n<meta property=\"og:url\" content=\"https:\/\/www.idiv.de\/de\/klimawandel-selbstverstaerkender-effekt-nicht-durch-bodentiere-erklaerbar\/\" \/>\n<meta property=\"og:site_name\" content=\"iDiv\" \/>\n<meta property=\"article:published_time\" content=\"2017-12-20T23:00:00+00:00\" \/>\n<meta property=\"article:modified_time\" content=\"2025-07-07T10:03:53+00:00\" \/>\n<meta property=\"og:image\" content=\"https:\/\/www.idiv.de\/wp-content\/uploads\/2024\/11\/iDivSocialMediaShare.jpg\" \/>\n\t<meta property=\"og:image:width\" content=\"1200\" \/>\n\t<meta property=\"og:image:height\" content=\"675\" \/>\n\t<meta property=\"og:image:type\" content=\"image\/jpeg\" \/>\n<meta name=\"author\" content=\"admin\" \/>\n<meta name=\"twitter:card\" content=\"summary_large_image\" \/>\n<meta name=\"twitter:creator\" content=\"@idiv\" \/>\n<meta name=\"twitter:site\" content=\"@idiv\" \/>\n<script type=\"application\/ld+json\" class=\"yoast-schema-graph\">{\"@context\":\"https:\\\/\\\/schema.org\",\"@graph\":[{\"@type\":\"Article\",\"@id\":\"https:\\\/\\\/www.idiv.de\\\/de\\\/klimawandel-selbstverstaerkender-effekt-nicht-durch-bodentiere-erklaerbar\\\/#article\",\"isPartOf\":{\"@id\":\"https:\\\/\\\/www.idiv.de\\\/de\\\/klimawandel-selbstverstaerkender-effekt-nicht-durch-bodentiere-erklaerbar\\\/\"},\"author\":{\"name\":\"admin\",\"@id\":\"https:\\\/\\\/www.idiv.de\\\/de\\\/#\\\/schema\\\/person\\\/14228c09f1919627a633555952e15fc0\"},\"headline\":\"Klimawandel: Selbstverst\u00e4rkender Effekt nicht durch Bodentiere erkl\u00e4rbar\",\"datePublished\":\"2017-12-20T23:00:00+00:00\",\"dateModified\":\"2025-07-07T10:03:53+00:00\",\"mainEntityOfPage\":{\"@id\":\"https:\\\/\\\/www.idiv.de\\\/de\\\/klimawandel-selbstverstaerkender-effekt-nicht-durch-bodentiere-erklaerbar\\\/\"},\"wordCount\":9,\"commentCount\":0,\"publisher\":{\"@id\":\"https:\\\/\\\/www.idiv.de\\\/de\\\/#organization\"},\"articleSection\":[\"Experimentelle Interaktions\u00f6kologie\",\"Medienmitteilung\",\"TOP NEWS\"],\"inLanguage\":\"de\"},{\"@type\":\"WebPage\",\"@id\":\"https:\\\/\\\/www.idiv.de\\\/de\\\/klimawandel-selbstverstaerkender-effekt-nicht-durch-bodentiere-erklaerbar\\\/\",\"url\":\"https:\\\/\\\/www.idiv.de\\\/de\\\/klimawandel-selbstverstaerkender-effekt-nicht-durch-bodentiere-erklaerbar\\\/\",\"name\":\"Klimawandel: Selbstverst\u00e4rkender Effekt nicht durch Bodentiere erkl\u00e4rbar | iDiv\",\"isPartOf\":{\"@id\":\"https:\\\/\\\/www.idiv.de\\\/de\\\/#website\"},\"datePublished\":\"2017-12-20T23:00:00+00:00\",\"dateModified\":\"2025-07-07T10:03:53+00:00\",\"breadcrumb\":{\"@id\":\"https:\\\/\\\/www.idiv.de\\\/de\\\/klimawandel-selbstverstaerkender-effekt-nicht-durch-bodentiere-erklaerbar\\\/#breadcrumb\"},\"inLanguage\":\"de\",\"potentialAction\":[{\"@type\":\"ReadAction\",\"target\":[\"https:\\\/\\\/www.idiv.de\\\/de\\\/klimawandel-selbstverstaerkender-effekt-nicht-durch-bodentiere-erklaerbar\\\/\"]}]},{\"@type\":\"BreadcrumbList\",\"@id\":\"https:\\\/\\\/www.idiv.de\\\/de\\\/klimawandel-selbstverstaerkender-effekt-nicht-durch-bodentiere-erklaerbar\\\/#breadcrumb\",\"itemListElement\":[{\"@type\":\"ListItem\",\"position\":1,\"name\":\"Startseite\",\"item\":\"https:\\\/\\\/www.idiv.de\\\/de\\\/\"},{\"@type\":\"ListItem\",\"position\":2,\"name\":\"Klimawandel: Selbstverst\u00e4rkender Effekt nicht durch Bodentiere erkl\u00e4rbar\"}]},{\"@type\":\"WebSite\",\"@id\":\"https:\\\/\\\/www.idiv.de\\\/de\\\/#website\",\"url\":\"https:\\\/\\\/www.idiv.de\\\/de\\\/\",\"name\":\"iDiv\",\"description\":\"Hotspot in Biodiversity Research\",\"publisher\":{\"@id\":\"https:\\\/\\\/www.idiv.de\\\/de\\\/#organization\"},\"potentialAction\":[{\"@type\":\"SearchAction\",\"target\":{\"@type\":\"EntryPoint\",\"urlTemplate\":\"https:\\\/\\\/www.idiv.de\\\/de\\\/?s={search_term_string}\"},\"query-input\":{\"@type\":\"PropertyValueSpecification\",\"valueRequired\":true,\"valueName\":\"search_term_string\"}}],\"inLanguage\":\"de\"},{\"@type\":\"Organization\",\"@id\":\"https:\\\/\\\/www.idiv.de\\\/de\\\/#organization\",\"name\":\"idiv\",\"url\":\"https:\\\/\\\/www.idiv.de\\\/de\\\/\",\"logo\":{\"@type\":\"ImageObject\",\"inLanguage\":\"de\",\"@id\":\"https:\\\/\\\/www.idiv.de\\\/de\\\/#\\\/schema\\\/logo\\\/image\\\/\",\"url\":\"https:\\\/\\\/www.idiv.de\\\/wp-content\\\/uploads\\\/2024\\\/08\\\/iDiv_Logo_long_v1_EN_black_4c.jpg\",\"contentUrl\":\"https:\\\/\\\/www.idiv.de\\\/wp-content\\\/uploads\\\/2024\\\/08\\\/iDiv_Logo_long_v1_EN_black_4c.jpg\",\"width\":2448,\"height\":674,\"caption\":\"idiv\"},\"image\":{\"@id\":\"https:\\\/\\\/www.idiv.de\\\/de\\\/#\\\/schema\\\/logo\\\/image\\\/\"},\"sameAs\":[\"https:\\\/\\\/x.com\\\/idiv\",\"https:\\\/\\\/www.linkedin.com\\\/company\\\/idiv-biodiversity\\\/\",\"https:\\\/\\\/www.youtube.com\\\/idiv-research\"]},{\"@type\":\"Person\",\"@id\":\"https:\\\/\\\/www.idiv.de\\\/de\\\/#\\\/schema\\\/person\\\/14228c09f1919627a633555952e15fc0\",\"name\":\"admin\",\"url\":\"https:\\\/\\\/www.idiv.de\\\/de\\\/author\\\/admin\\\/\"}]}<\/script>\n<!-- \/ Yoast SEO plugin. -->","yoast_head_json":{"title":"Klimawandel: Selbstverst\u00e4rkender Effekt nicht durch Bodentiere erkl\u00e4rbar | iDiv","robots":{"index":"index","follow":"follow","max-snippet":"max-snippet:-1","max-image-preview":"max-image-preview:large","max-video-preview":"max-video-preview:-1"},"canonical":"https:\/\/www.idiv.de\/de\/klimawandel-selbstverstaerkender-effekt-nicht-durch-bodentiere-erklaerbar\/","og_locale":"de_DE","og_type":"article","og_title":"Klimawandel: Selbstverst\u00e4rkender Effekt nicht durch Bodentiere erkl\u00e4rbar | iDiv","og_description":"Leipzig. Wenn sich Erdboden erw&auml;rmt, setzt er vermehrt Kohlendioxid (CO2) frei &ndash; ein Effekt, der den Klimawandel zus&auml;tzlich anheizt. Bisher hatte man angenommen, der Grund hierf&uuml;r sei vor allem in kleinen Bodentieren und Mikroorganismen zu suchen, die bei w&auml;rmeren Temperaturen mehr fressen und atmen w&uuml;rden. Eine neue Studie in Nature Climate Change zeigt jedoch, dass dies nicht zutrifft. Im Gegenteil: Kommt zur W&auml;rme auch noch Trockenheit hinzu, fressen die Bodentiere sogar weniger. Um die Vorhersagekraft von Klimamodellen zu verbessern, sei es nun dringend notwendig, die biologischen Vorg&auml;nge im Boden besser zu erforschen, so die Wissenschaftler.","og_url":"https:\/\/www.idiv.de\/de\/klimawandel-selbstverstaerkender-effekt-nicht-durch-bodentiere-erklaerbar\/","og_site_name":"iDiv","article_published_time":"2017-12-20T23:00:00+00:00","article_modified_time":"2025-07-07T10:03:53+00:00","og_image":[{"width":1200,"height":675,"url":"https:\/\/www.idiv.de\/wp-content\/uploads\/2024\/11\/iDivSocialMediaShare.jpg","type":"image\/jpeg"}],"author":"admin","twitter_card":"summary_large_image","twitter_creator":"@idiv","twitter_site":"@idiv","schema":{"@context":"https:\/\/schema.org","@graph":[{"@type":"Article","@id":"https:\/\/www.idiv.de\/de\/klimawandel-selbstverstaerkender-effekt-nicht-durch-bodentiere-erklaerbar\/#article","isPartOf":{"@id":"https:\/\/www.idiv.de\/de\/klimawandel-selbstverstaerkender-effekt-nicht-durch-bodentiere-erklaerbar\/"},"author":{"name":"admin","@id":"https:\/\/www.idiv.de\/de\/#\/schema\/person\/14228c09f1919627a633555952e15fc0"},"headline":"Klimawandel: Selbstverst\u00e4rkender Effekt nicht durch Bodentiere erkl\u00e4rbar","datePublished":"2017-12-20T23:00:00+00:00","dateModified":"2025-07-07T10:03:53+00:00","mainEntityOfPage":{"@id":"https:\/\/www.idiv.de\/de\/klimawandel-selbstverstaerkender-effekt-nicht-durch-bodentiere-erklaerbar\/"},"wordCount":9,"commentCount":0,"publisher":{"@id":"https:\/\/www.idiv.de\/de\/#organization"},"articleSection":["Experimentelle Interaktions\u00f6kologie","Medienmitteilung","TOP NEWS"],"inLanguage":"de"},{"@type":"WebPage","@id":"https:\/\/www.idiv.de\/de\/klimawandel-selbstverstaerkender-effekt-nicht-durch-bodentiere-erklaerbar\/","url":"https:\/\/www.idiv.de\/de\/klimawandel-selbstverstaerkender-effekt-nicht-durch-bodentiere-erklaerbar\/","name":"Klimawandel: Selbstverst\u00e4rkender Effekt nicht durch Bodentiere erkl\u00e4rbar | iDiv","isPartOf":{"@id":"https:\/\/www.idiv.de\/de\/#website"},"datePublished":"2017-12-20T23:00:00+00:00","dateModified":"2025-07-07T10:03:53+00:00","breadcrumb":{"@id":"https:\/\/www.idiv.de\/de\/klimawandel-selbstverstaerkender-effekt-nicht-durch-bodentiere-erklaerbar\/#breadcrumb"},"inLanguage":"de","potentialAction":[{"@type":"ReadAction","target":["https:\/\/www.idiv.de\/de\/klimawandel-selbstverstaerkender-effekt-nicht-durch-bodentiere-erklaerbar\/"]}]},{"@type":"BreadcrumbList","@id":"https:\/\/www.idiv.de\/de\/klimawandel-selbstverstaerkender-effekt-nicht-durch-bodentiere-erklaerbar\/#breadcrumb","itemListElement":[{"@type":"ListItem","position":1,"name":"Startseite","item":"https:\/\/www.idiv.de\/de\/"},{"@type":"ListItem","position":2,"name":"Klimawandel: Selbstverst\u00e4rkender Effekt nicht durch Bodentiere erkl\u00e4rbar"}]},{"@type":"WebSite","@id":"https:\/\/www.idiv.de\/de\/#website","url":"https:\/\/www.idiv.de\/de\/","name":"iDiv","description":"Hotspot in Biodiversity Research","publisher":{"@id":"https:\/\/www.idiv.de\/de\/#organization"},"potentialAction":[{"@type":"SearchAction","target":{"@type":"EntryPoint","urlTemplate":"https:\/\/www.idiv.de\/de\/?s={search_term_string}"},"query-input":{"@type":"PropertyValueSpecification","valueRequired":true,"valueName":"search_term_string"}}],"inLanguage":"de"},{"@type":"Organization","@id":"https:\/\/www.idiv.de\/de\/#organization","name":"idiv","url":"https:\/\/www.idiv.de\/de\/","logo":{"@type":"ImageObject","inLanguage":"de","@id":"https:\/\/www.idiv.de\/de\/#\/schema\/logo\/image\/","url":"https:\/\/www.idiv.de\/wp-content\/uploads\/2024\/08\/iDiv_Logo_long_v1_EN_black_4c.jpg","contentUrl":"https:\/\/www.idiv.de\/wp-content\/uploads\/2024\/08\/iDiv_Logo_long_v1_EN_black_4c.jpg","width":2448,"height":674,"caption":"idiv"},"image":{"@id":"https:\/\/www.idiv.de\/de\/#\/schema\/logo\/image\/"},"sameAs":["https:\/\/x.com\/idiv","https:\/\/www.linkedin.com\/company\/idiv-biodiversity\/","https:\/\/www.youtube.com\/idiv-research"]},{"@type":"Person","@id":"https:\/\/www.idiv.de\/de\/#\/schema\/person\/14228c09f1919627a633555952e15fc0","name":"admin","url":"https:\/\/www.idiv.de\/de\/author\/admin\/"}]}},"author_meta":{"display_name":"admin","author_link":"https:\/\/www.idiv.de\/de\/author\/admin\/"},"featured_img":null,"coauthors":[],"tax_additional":{"categories":{"linked":["<a href=\"https:\/\/www.idiv.de\/de\/kategorie\/forschung\/experimentelle-interaktionsoekologie\/\" class=\"advgb-post-tax-term\">Experimentelle Interaktions\u00f6kologie<\/a>","<a href=\"https:\/\/www.idiv.de\/de\/kategorie\/medienmitteilung\/\" class=\"advgb-post-tax-term\">Medienmitteilung<\/a>","<a href=\"https:\/\/www.idiv.de\/de\/kategorie\/top-news-de-2\/\" class=\"advgb-post-tax-term\">TOP NEWS<\/a>"],"unlinked":["<span class=\"advgb-post-tax-term\">Experimentelle Interaktions\u00f6kologie<\/span>","<span class=\"advgb-post-tax-term\">Medienmitteilung<\/span>","<span class=\"advgb-post-tax-term\">TOP NEWS<\/span>"]}},"comment_count":0,"relative_dates":{"created":"Ver\u00f6ffentlicht 8\u00a0Jahren vor","modified":"Aktualisiert 10\u00a0Monaten vor"},"absolute_dates":{"created":"Ver\u00f6ffentlicht am 21. Dezember 2017","modified":"Aktualisiert am 7. Juli 2025"},"absolute_dates_time":{"created":"Ver\u00f6ffentlicht am 21. Dezember 2017 0:00","modified":"Aktualisiert am 7. Juli 2025 11:03"},"featured_img_caption":"","series_order":"","_links":{"self":[{"href":"https:\/\/www.idiv.de\/de\/wp-json\/wp\/v2\/posts\/11652","targetHints":{"allow":["GET"]}}],"collection":[{"href":"https:\/\/www.idiv.de\/de\/wp-json\/wp\/v2\/posts"}],"about":[{"href":"https:\/\/www.idiv.de\/de\/wp-json\/wp\/v2\/types\/post"}],"author":[{"embeddable":true,"href":"https:\/\/www.idiv.de\/de\/wp-json\/wp\/v2\/users\/1"}],"replies":[{"embeddable":true,"href":"https:\/\/www.idiv.de\/de\/wp-json\/wp\/v2\/comments?post=11652"}],"version-history":[{"count":3,"href":"https:\/\/www.idiv.de\/de\/wp-json\/wp\/v2\/posts\/11652\/revisions"}],"predecessor-version":[{"id":33150,"href":"https:\/\/www.idiv.de\/de\/wp-json\/wp\/v2\/posts\/11652\/revisions\/33150"}],"wp:attachment":[{"href":"https:\/\/www.idiv.de\/de\/wp-json\/wp\/v2\/media?parent=11652"}],"wp:term":[{"taxonomy":"category","embeddable":true,"href":"https:\/\/www.idiv.de\/de\/wp-json\/wp\/v2\/categories?post=11652"},{"taxonomy":"post_tag","embeddable":true,"href":"https:\/\/www.idiv.de\/de\/wp-json\/wp\/v2\/tags?post=11652"}],"curies":[{"name":"wp","href":"https:\/\/api.w.org\/{rel}","templated":true}]}}